{"id":23087,"date":"2019-05-03T08:15:30","date_gmt":"2019-05-03T11:15:30","guid":{"rendered":"https:\/\/www.suno.com.br\/noticias\/?p=23087"},"modified":"2021-02-18T14:27:48","modified_gmt":"2021-02-18T17:27:48","slug":"natura-lucro-liquido-dispara","status":"publish","type":"post","link":"https:\/\/www.suno.com.br\/noticias\/natura-lucro-liquido-dispara\/","title":{"rendered":"Natura: lucro l\u00edquido dispara 72,8% e vai a R$ 41,9 mi no 1\u00ba trimestre"},"content":{"rendered":"<p>O <a href=\"https:\/\/www.suno.com.br\/artigos\/lucro-liquido\/\">lucro l\u00edquido<\/a> da Natura avan\u00e7ou 72,8% no primeiro trimestre de 2019 na compara\u00e7\u00e3o anual. A <strong>empresa<\/strong> registrou um total de R$ 41,9 milh\u00f5es no in\u00edcio deste ano.<\/p>\t<div class=\"wrapper-featured-image\">\n\t\t<figure class=\"spotlightImg\">\n\n\t\t\t<picture>\n\t\t\t\t<source media=\"(max-width: 768px)\" srcset=\"https:\/\/files.sunoresearch.com.br\/n\/uploads\/2019\/05\/b31ee061-natura-400x200.webp\">\n\t\t\t\t<img loading=\"lazy\" decoding=\"async\" class=\"newsContent__article__imgCapa lazyloadDisabled newsContent__article__imgCapa--noCaption\" src=\"https:\/\/files.sunoresearch.com.br\/n\/uploads\/2019\/05\/b31ee061-natura-800x450.webp\" width=\"800\" height=\"450\" alt=\"Natura: lucro l\u00edquido dispara 72,8% e vai a R$ 41,9 mi no 1\u00ba trimestre\" fetchpriority=high \/>\n\t\t\t<\/picture>\n\n\t\t\t<figcaption class=\"wp-caption-text wp-caption-text--hide\">Natura eleva meta de sinergias com Avon para US$ 200 mi a US$ 300 mi<\/figcaption>\n\t\t<\/figure>\n\t<\/div>\n\n\n<p>De acordo com a <strong>Natura,<\/strong> o forte avan\u00e7o foi impulsionado pelo aumento do <strong>Ebtida<\/strong> e pela redu\u00e7\u00e3o nas despesas financeiras l\u00edquidas. &#8220;<span class=\"a\"><span class=\"l7\"><span class=\"l6\"><span class=\"l8\"><span class=\"l\">A\u00a0Natura\u00a0ganhou\u00a0<\/span><\/span><\/span><\/span><\/span><span class=\"a\">participa\u00e7\u00e3o de mercado no Brasil,\u00a0<span class=\"l10\">superando o\u00a0dese<span class=\"l6\">mpenho geral\u00a0do mercado de CF<span class=\"l11\">T e\u00a0<span class=\"l7\">consolidando a sua lideran\u00e7a,\u00a0<\/span><\/span><\/span><\/span><\/span><span class=\"a\">com forte crescimento em toda a Am\u00e9rica Latina&#8221;, disse Roberto Marques, presidente-executivo da empresa.\u00a0<\/span><\/p>\n\t<p>\n\t\t<a href=\"https:\/\/lp.suno.com.br\/planilha-controle-gastos\/\" target=\"_blank\" data-element=\"shortcode-suno-banner\" title=\"Banner SUNO, clique e saiba mais\">\n\t\t\t<picture>\n\t\t\t\t<source media=\"(max-width: 500px)\" srcset=\"https:\/\/files.sunoresearch.com.br\/n\/uploads\/2023\/03\/400x300-Planilha-controle-de-gastos.png\">\n\t\t\t\t<img class=\"newsContent__article__imgCapa newsContent__article__imgCapa--banner\"\n\t\t\t\t\tsrc=\"https:\/\/files.sunoresearch.com.br\/n\/uploads\/2023\/03\/1420x240-Planilha-controle-de-gastos.png\"\n\t\t\t\t\tdata-promo-id=\"101751\"\t\t\t\t\t\t\t\t\t\twidth='1420' height='240'\t\t\t\t\talt=\"https:\/\/files.sunoresearch.com.br\/n\/uploads\/2023\/03\/1420x240-Planilha-controle-de-gastos.png\"\n\t\t\t\t>\n\t\t\t<\/picture>\n\t\t<\/a>\n\t<\/p>\n\n\n<p>Al\u00e9m do <strong>lucro l\u00edquido,<\/strong> tamb\u00e9m houve avan\u00e7o na <strong>receita l\u00edquida<\/strong> da <strong>Natura.<\/strong>\u00a0Assim, a alta foi de 8,5% em compara\u00e7\u00e3o com o primeiro trimestre de 2018. Dessa forma, a receita ficou em R$ 2,9 bilh\u00f5es.<\/p>\n<p><a href=\"https:\/\/www.suno.com.br\/noticias\/natura-confirma-intencao-compra-parcela-avon\/\">Saiba Mais: Natura confirma inten\u00e7\u00e3o de compra de parcela da Avon<\/a><\/p>\n<p>O <strong>Ebtida<\/strong> da empresa foi de R$ 336,9 milh\u00f5es. Desse modo, o resultado representa um avan\u00e7o de 3,7% em rela\u00e7\u00e3o aos primeiros tr\u00eas meses do \u00faltimo ano. J\u00e1 o Ebtida ajustado teve alta de 3,7% na mesma base de compara\u00e7\u00e3o. O Ebtida s\u00e3o os lucros antes de juros, impostos, amortiza\u00e7\u00e3o e deprecia\u00e7\u00e3o.<\/p>\n<p><a href=\"https:\/\/www.suno.com.br\/noticias\/natura-assumir-the-body-shop-maio\/\">Saiba Mais: Natura vai assumir a The Body Shop na Am\u00e9rica Latina a partir de maio<\/a><\/p>\n<p><span style=\"color: rgba(0, 0, 0, 0.7); font-size: 1.21429rem;\">Os primeiros tr\u00eas meses de 2019 registraram um <\/span><strong style=\"color: rgba(0, 0, 0, 0.7); font-size: 1.21429rem;\">resultado financeiro l\u00edquido<\/strong><span style=\"color: rgba(0, 0, 0, 0.7); font-size: 1.21429rem;\"> de R$145,7 milh\u00f5es em <\/span><strong style=\"color: rgba(0, 0, 0, 0.7); font-size: 1.21429rem;\">despesas<\/strong><span style=\"color: rgba(0, 0, 0, 0.7); font-size: 1.21429rem;\"> para a <\/span><strong style=\"color: rgba(0, 0, 0, 0.7); font-size: 1.21429rem;\">Natura.<\/strong><span style=\"color: rgba(0, 0, 0, 0.7); font-size: 1.21429rem;\">\u00a0Apesar de alto, o valor representa uma redu\u00e7\u00e3o de R$ 10,6 milh\u00f5es na compara\u00e7\u00e3o com o \u00faltimo ano.<\/span><\/p>\n<p><a href=\"https:\/\/www.suno.com.br\/noticias\/natura-acoes-negociacoes-avon\/\">Saiba Mais: Natura: a\u00e7\u00f5es caem com confirma\u00e7\u00e3o de negocia\u00e7\u00f5es envolvendo a Avon<\/a><\/p>\n<h2>Natura tem inten\u00e7\u00e3o de comprar Avon<\/h2>\n<p>A <strong>Natura<\/strong> confirmou a possibilidade de compra de parcela da norte-americana\u00a0<strong>Avon<\/strong>. Tanto as <strong>opera\u00e7\u00f5es<\/strong> da Avon nos Estados Unidos da Am\u00e9rica (EUA), cuja opera\u00e7\u00e3o \u00e9 por meio de<strong>\u00a0<a href=\"https:\/\/www.suno.com.br\/artigos\/empresa-capital-fechado\/\">capital fechado<\/a><\/strong>, quanto as opera\u00e7\u00f5es da empresa no restante do mundo, via<strong> <a href=\"https:\/\/www.suno.com.br\/artigos\/empresa-capital-aberto\/\">capital aberto<\/a><\/strong>.<\/p>\n<p>&#8220;A esse respeito, a Companhia <strong>confirma<\/strong> que vem mantendo <strong>discuss\u00f5es<\/strong> com a <strong>Avon Products<\/strong>, Inc. a respeito de potencial <strong>transa\u00e7\u00e3o<\/strong> envolvendo ambas as companhias. Natura n\u00e3o pretende fazer coment\u00e1rios adicionais neste momento, por\u00e9m comunicar\u00e1 ao mercado quando apropriado&#8221;, disse a poss\u00edvel compradora em <strong>fato relevante<\/strong>.<\/p>\n<p>O grupo <strong>Natura&amp;Co<\/strong> \u00e9 formado por tr\u00eas empresas. Dessa forma, fazem parte da companhia a <strong>Natura,<\/strong> a <strong>The Body Shop<\/strong> e a <strong>Aesop.<\/strong>\u00a0Segundo o presidente-executivo da companhia, as tr\u00eas marcas conseguiram resultados positivos apesar das condi\u00e7\u00f5es desafiadoras do mercado.<\/p>\n<p>&#8220;<span class=\"a\">Nossas tr\u00eas marcas e neg\u00f3cios tiveram\u00a0<\/span><span class=\"a\">crescimento da receita em reais, apesar das condi\u00e7\u00f5es desafiadoras em alguns dos nossos principais mercados,\u00a0<\/span><span class=\"a\">principalmente no Brasil, demonstrando a resili\u00eancia do grupo e os benef\u00edcios da sua distribui\u00e7\u00e3o geogr\u00e1fica&#8221;, afirmou Marques.\u00a0<\/span><\/p>\n","protected":false},"excerpt":{"rendered":"<p>O lucro l\u00edquido da Natura avan\u00e7ou 72,8% no primeiro trimestre de 2019 na compara\u00e7\u00e3o anual. A empresa registrou um total de R$ 41,9 milh\u00f5es no in\u00edcio deste ano. Natura eleva meta de sinergias com Avon para US$ 200 mi a US$ 300 mi De acordo com a Natura, o forte avan\u00e7o foi impulsionado pelo aumento [&hellip;]<\/p>\n","protected":false},"author":16,"featured_media":23089,"comment_status":"closed","ping_status":"closed","sticky":false,"template":"","format":"standard","meta":[],"categories":[64],"tags":[1029,574,1607],"suno_strategy":[],"class_list":["post-23087","post","type-post","status-publish","format-standard","has-post-thumbnail","hentry","category-negocios","tag-balancos-trimestrais","tag-natura-ntco3","tag-resultado-das-empresas"],"yoast_head":"<!-- This site is optimized with the Yoast SEO plugin v24.4 - https:\/\/yoast.com\/wordpress\/plugins\/seo\/ -->\n<title>Natura: lucro l\u00edquido dispara 72,8% e vai a R$ 41,9 mi no 1\u00ba trimestre<\/title>\n<meta name=\"description\" content=\"A Natura obteve bons resultado tamb\u00e9m em sua receita l\u00edquida nos primeiros tr\u00eas meses deste ano. Clique aqui e confira os valores.\" \/>\n<meta name=\"robots\" content=\"index, follow, max-snippet:-1, max-image-preview:large, max-video-preview:-1\" \/>\n<link rel=\"canonical\" href=\"https:\/\/www.suno.com.br\/noticias\/natura-lucro-liquido-dispara\/\" \/>\n<meta property=\"og:locale\" content=\"pt_BR\" \/>\n<meta property=\"og:type\" content=\"article\" \/>\n<meta property=\"og:title\" content=\"Natura: lucro l\u00edquido dispara 72,8% e vai a R$ 41,9 mi no 1\u00ba trimestre\" \/>\n<meta property=\"og:description\" content=\"A Natura obteve bons resultado tamb\u00e9m em sua receita l\u00edquida nos primeiros tr\u00eas meses deste ano. Clique aqui e confira os valores.\" \/>\n<meta property=\"og:url\" content=\"https:\/\/www.suno.com.br\/noticias\/natura-lucro-liquido-dispara\/\" \/>\n<meta property=\"og:site_name\" content=\"Suno Not\u00edcias\" \/>\n<meta property=\"article:publisher\" content=\"https:\/\/facebook.com\/sunoresearch\" \/>\n<meta property=\"og:image\" content=\"https:\/\/files.sunoresearch.com.br\/n\/uploads\/2019\/05\/b31ee061-natura.jpg\" \/>\n\t<meta property=\"og:image:width\" content=\"960\" \/>\n\t<meta property=\"og:image:height\" content=\"639\" \/>\n\t<meta property=\"og:image:type\" content=\"image\/jpeg\" \/>\n<meta name=\"author\" content=\"Beatriz Oliveira\" \/>\n<meta name=\"twitter:card\" content=\"summary_large_image\" \/>\n<meta name=\"twitter:creator\" content=\"@sunoresearch\" \/>\n<meta name=\"twitter:site\" content=\"@sunoresearch\" \/>\n<meta name=\"twitter:label1\" content=\"Escrito por\" \/>\n\t<meta name=\"twitter:data1\" content=\"Beatriz Oliveira\" \/>\n\t<meta name=\"twitter:label2\" content=\"Est. tempo de leitura\" \/>\n\t<meta name=\"twitter:data2\" content=\"2 minutos\" \/>\n<script type=\"application\/ld+json\" class=\"yoast-schema-graph\">{\"@context\":\"https:\/\/schema.org\",\"@graph\":[{\"@type\":\"NewsArticle\",\"@id\":\"https:\/\/www.suno.com.br\/noticias\/natura-lucro-liquido-dispara\/#article\",\"isPartOf\":{\"@id\":\"https:\/\/www.suno.com.br\/noticias\/natura-lucro-liquido-dispara\/\"},\"author\":{\"name\":\"Beatriz Oliveira\",\"@id\":\"https:\/\/www.suno.com.br\/noticias\/#\/schema\/person\/e67f665add014bf99f644028de070cc3\"},\"headline\":\"Natura: lucro l\u00edquido dispara 72,8% e vai a R$ 41,9 mi no 1\u00ba trimestre\",\"datePublished\":\"2019-05-03T11:15:30+00:00\",\"dateModified\":\"2021-02-18T17:27:48+00:00\",\"mainEntityOfPage\":{\"@id\":\"https:\/\/www.suno.com.br\/noticias\/natura-lucro-liquido-dispara\/\"},\"wordCount\":481,\"publisher\":{\"@id\":\"https:\/\/www.suno.com.br\/noticias\/#organization\"},\"image\":{\"@id\":\"https:\/\/www.suno.com.br\/noticias\/natura-lucro-liquido-dispara\/#primaryimage\"},\"thumbnailUrl\":\"https:\/\/files.sunoresearch.com.br\/n\/uploads\/2019\/05\/b31ee061-natura-jpg.webp\",\"keywords\":[\"balan\u00e7os trimestrais\",\"Natura (NTCO3)\",\"Resultado das empresas\"],\"articleSection\":[\"Neg\u00f3cios\"],\"inLanguage\":\"pt-BR\"},{\"@type\":\"WebPage\",\"@id\":\"https:\/\/www.suno.com.br\/noticias\/natura-lucro-liquido-dispara\/\",\"url\":\"https:\/\/www.suno.com.br\/noticias\/natura-lucro-liquido-dispara\/\",\"name\":\"Natura: lucro l\u00edquido dispara 72,8% e vai a R$ 41,9 mi no 1\u00ba trimestre\",\"isPartOf\":{\"@id\":\"https:\/\/www.suno.com.br\/noticias\/#website\"},\"primaryImageOfPage\":{\"@id\":\"https:\/\/www.suno.com.br\/noticias\/natura-lucro-liquido-dispara\/#primaryimage\"},\"image\":{\"@id\":\"https:\/\/www.suno.com.br\/noticias\/natura-lucro-liquido-dispara\/#primaryimage\"},\"thumbnailUrl\":\"https:\/\/files.sunoresearch.com.br\/n\/uploads\/2019\/05\/b31ee061-natura-jpg.webp\",\"datePublished\":\"2019-05-03T11:15:30+00:00\",\"dateModified\":\"2021-02-18T17:27:48+00:00\",\"description\":\"A Natura obteve bons resultado tamb\u00e9m em sua receita l\u00edquida nos primeiros tr\u00eas meses deste ano. Clique aqui e confira os valores.\",\"breadcrumb\":{\"@id\":\"https:\/\/www.suno.com.br\/noticias\/natura-lucro-liquido-dispara\/#breadcrumb\"},\"inLanguage\":\"pt-BR\",\"potentialAction\":[{\"@type\":\"ReadAction\",\"target\":[\"https:\/\/www.suno.com.br\/noticias\/natura-lucro-liquido-dispara\/\"]}]},{\"@type\":\"ImageObject\",\"inLanguage\":\"pt-BR\",\"@id\":\"https:\/\/www.suno.com.br\/noticias\/natura-lucro-liquido-dispara\/#primaryimage\",\"url\":\"https:\/\/files.sunoresearch.com.br\/n\/uploads\/2019\/05\/b31ee061-natura-jpg.webp\",\"contentUrl\":\"https:\/\/files.sunoresearch.com.br\/n\/uploads\/2019\/05\/b31ee061-natura-jpg.webp\",\"width\":960,\"height\":639,\"caption\":\"Natura eleva meta de sinergias com Avon para US$ 200 mi a US$ 300 mi\"},{\"@type\":\"BreadcrumbList\",\"@id\":\"https:\/\/www.suno.com.br\/noticias\/natura-lucro-liquido-dispara\/#breadcrumb\",\"itemListElement\":[{\"@type\":\"ListItem\",\"position\":1,\"name\":\"Not\u00edcias\",\"item\":\"https:\/\/www.suno.com.br\/noticias\/\"},{\"@type\":\"ListItem\",\"position\":2,\"name\":\"Neg\u00f3cios\",\"item\":\"https:\/\/www.suno.com.br\/noticias\/negocios\/\"},{\"@type\":\"ListItem\",\"position\":3,\"name\":\"Natura: lucro l\u00edquido dispara 72,8% e vai a R$ 41,9 mi no 1\u00ba trimestre\"}]},{\"@type\":\"WebSite\",\"@id\":\"https:\/\/www.suno.com.br\/noticias\/#website\",\"url\":\"https:\/\/www.suno.com.br\/noticias\/\",\"name\":\"Suno Not\u00edcias\",\"description\":\"Seu portal de informa\u00e7\u00e3o sobre o mundo dos investimentos\",\"publisher\":{\"@id\":\"https:\/\/www.suno.com.br\/noticias\/#organization\"},\"potentialAction\":[{\"@type\":\"SearchAction\",\"target\":{\"@type\":\"EntryPoint\",\"urlTemplate\":\"https:\/\/www.suno.com.br\/noticias\/?s={search_term_string}\"},\"query-input\":{\"@type\":\"PropertyValueSpecification\",\"valueRequired\":true,\"valueName\":\"search_term_string\"}}],\"inLanguage\":\"pt-BR\"},{\"@type\":\"Organization\",\"@id\":\"https:\/\/www.suno.com.br\/noticias\/#organization\",\"name\":\"Suno Not\u00edcias\",\"url\":\"https:\/\/www.suno.com.br\/noticias\/\",\"logo\":{\"@type\":\"ImageObject\",\"inLanguage\":\"pt-BR\",\"@id\":\"https:\/\/www.suno.com.br\/noticias\/#\/schema\/logo\/image\/\",\"url\":\"https:\/\/files.sunoresearch.com.br\/n\/uploads\/2021\/09\/suno-logo.png\",\"contentUrl\":\"https:\/\/files.sunoresearch.com.br\/n\/uploads\/2021\/09\/suno-logo.png\",\"width\":180,\"height\":180,\"caption\":\"Suno Not\u00edcias\"},\"image\":{\"@id\":\"https:\/\/www.suno.com.br\/noticias\/#\/schema\/logo\/image\/\"},\"sameAs\":[\"https:\/\/facebook.com\/sunoresearch\",\"https:\/\/x.com\/sunoresearch\",\"https:\/\/www.instagram.com\/suno\",\"https:\/\/www.linkedin.com\/company\/suno-research\/\",\"https:\/\/www.youtube.com\/c\/sunoresearch\"]},{\"@type\":\"Person\",\"@id\":\"https:\/\/www.suno.com.br\/noticias\/#\/schema\/person\/e67f665add014bf99f644028de070cc3\",\"name\":\"Beatriz Oliveira\",\"image\":{\"@type\":\"ImageObject\",\"inLanguage\":\"pt-BR\",\"@id\":\"https:\/\/www.suno.com.br\/noticias\/#\/schema\/person\/image\/\",\"url\":\"https:\/\/secure.gravatar.com\/avatar\/c9aa6a0aaecc598d257d5d5bd349157d?s=96&r=g\",\"contentUrl\":\"https:\/\/secure.gravatar.com\/avatar\/c9aa6a0aaecc598d257d5d5bd349157d?s=96&r=g\",\"caption\":\"Beatriz Oliveira\"},\"description\":\"Formada em Jornalismo pela Faculdade Paulus de Tecnologia e Comunica\u00e7\u00e3o, Beatriz Oliveira escreve para o portal de not\u00edcias Suno Research. Antes, passou pelas reda\u00e7\u00f5es da Revista EXAME e da Rede Bandeirantes.\",\"url\":\"https:\/\/www.suno.com.br\/noticias\/author\/beatriz\/\"}]}<\/script>\n<!-- \/ Yoast SEO plugin. -->","yoast_head_json":{"title":"Natura: lucro l\u00edquido dispara 72,8% e vai a R$ 41,9 mi no 1\u00ba trimestre","description":"A Natura obteve bons resultado tamb\u00e9m em sua receita l\u00edquida nos primeiros tr\u00eas meses deste ano. Clique aqui e confira os valores.","robots":{"index":"index","follow":"follow","max-snippet":"max-snippet:-1","max-image-preview":"max-image-preview:large","max-video-preview":"max-video-preview:-1"},"canonical":"https:\/\/www.suno.com.br\/noticias\/natura-lucro-liquido-dispara\/","og_locale":"pt_BR","og_type":"article","og_title":"Natura: lucro l\u00edquido dispara 72,8% e vai a R$ 41,9 mi no 1\u00ba trimestre","og_description":"A Natura obteve bons resultado tamb\u00e9m em sua receita l\u00edquida nos primeiros tr\u00eas meses deste ano. Clique aqui e confira os valores.","og_url":"https:\/\/www.suno.com.br\/noticias\/natura-lucro-liquido-dispara\/","og_site_name":"Suno Not\u00edcias","article_publisher":"https:\/\/facebook.com\/sunoresearch","og_image":[{"width":960,"height":639,"url":"https:\/\/files.sunoresearch.com.br\/n\/uploads\/2019\/05\/b31ee061-natura.jpg","type":"image\/jpeg"}],"author":"Beatriz Oliveira","twitter_card":"summary_large_image","twitter_creator":"@sunoresearch","twitter_site":"@sunoresearch","twitter_misc":{"Escrito por":"Beatriz Oliveira","Est. tempo de leitura":"2 minutos"},"schema":{"@context":"https:\/\/schema.org","@graph":[{"@type":"NewsArticle","@id":"https:\/\/www.suno.com.br\/noticias\/natura-lucro-liquido-dispara\/#article","isPartOf":{"@id":"https:\/\/www.suno.com.br\/noticias\/natura-lucro-liquido-dispara\/"},"author":{"name":"Beatriz Oliveira","@id":"https:\/\/www.suno.com.br\/noticias\/#\/schema\/person\/e67f665add014bf99f644028de070cc3"},"headline":"Natura: lucro l\u00edquido dispara 72,8% e vai a R$ 41,9 mi no 1\u00ba trimestre","datePublished":"2019-05-03T11:15:30+00:00","dateModified":"2021-02-18T17:27:48+00:00","mainEntityOfPage":{"@id":"https:\/\/www.suno.com.br\/noticias\/natura-lucro-liquido-dispara\/"},"wordCount":481,"publisher":{"@id":"https:\/\/www.suno.com.br\/noticias\/#organization"},"image":{"@id":"https:\/\/www.suno.com.br\/noticias\/natura-lucro-liquido-dispara\/#primaryimage"},"thumbnailUrl":"https:\/\/files.sunoresearch.com.br\/n\/uploads\/2019\/05\/b31ee061-natura-jpg.webp","keywords":["balan\u00e7os trimestrais","Natura (NTCO3)","Resultado das empresas"],"articleSection":["Neg\u00f3cios"],"inLanguage":"pt-BR"},{"@type":"WebPage","@id":"https:\/\/www.suno.com.br\/noticias\/natura-lucro-liquido-dispara\/","url":"https:\/\/www.suno.com.br\/noticias\/natura-lucro-liquido-dispara\/","name":"Natura: lucro l\u00edquido dispara 72,8% e vai a R$ 41,9 mi no 1\u00ba trimestre","isPartOf":{"@id":"https:\/\/www.suno.com.br\/noticias\/#website"},"primaryImageOfPage":{"@id":"https:\/\/www.suno.com.br\/noticias\/natura-lucro-liquido-dispara\/#primaryimage"},"image":{"@id":"https:\/\/www.suno.com.br\/noticias\/natura-lucro-liquido-dispara\/#primaryimage"},"thumbnailUrl":"https:\/\/files.sunoresearch.com.br\/n\/uploads\/2019\/05\/b31ee061-natura-jpg.webp","datePublished":"2019-05-03T11:15:30+00:00","dateModified":"2021-02-18T17:27:48+00:00","description":"A Natura obteve bons resultado tamb\u00e9m em sua receita l\u00edquida nos primeiros tr\u00eas meses deste ano. Clique aqui e confira os valores.","breadcrumb":{"@id":"https:\/\/www.suno.com.br\/noticias\/natura-lucro-liquido-dispara\/#breadcrumb"},"inLanguage":"pt-BR","potentialAction":[{"@type":"ReadAction","target":["https:\/\/www.suno.com.br\/noticias\/natura-lucro-liquido-dispara\/"]}]},{"@type":"ImageObject","inLanguage":"pt-BR","@id":"https:\/\/www.suno.com.br\/noticias\/natura-lucro-liquido-dispara\/#primaryimage","url":"https:\/\/files.sunoresearch.com.br\/n\/uploads\/2019\/05\/b31ee061-natura-jpg.webp","contentUrl":"https:\/\/files.sunoresearch.com.br\/n\/uploads\/2019\/05\/b31ee061-natura-jpg.webp","width":960,"height":639,"caption":"Natura eleva meta de sinergias com Avon para US$ 200 mi a US$ 300 mi"},{"@type":"BreadcrumbList","@id":"https:\/\/www.suno.com.br\/noticias\/natura-lucro-liquido-dispara\/#breadcrumb","itemListElement":[{"@type":"ListItem","position":1,"name":"Not\u00edcias","item":"https:\/\/www.suno.com.br\/noticias\/"},{"@type":"ListItem","position":2,"name":"Neg\u00f3cios","item":"https:\/\/www.suno.com.br\/noticias\/negocios\/"},{"@type":"ListItem","position":3,"name":"Natura: lucro l\u00edquido dispara 72,8% e vai a R$ 41,9 mi no 1\u00ba trimestre"}]},{"@type":"WebSite","@id":"https:\/\/www.suno.com.br\/noticias\/#website","url":"https:\/\/www.suno.com.br\/noticias\/","name":"Suno Not\u00edcias","description":"Seu portal de informa\u00e7\u00e3o sobre o mundo dos investimentos","publisher":{"@id":"https:\/\/www.suno.com.br\/noticias\/#organization"},"potentialAction":[{"@type":"SearchAction","target":{"@type":"EntryPoint","urlTemplate":"https:\/\/www.suno.com.br\/noticias\/?s={search_term_string}"},"query-input":{"@type":"PropertyValueSpecification","valueRequired":true,"valueName":"search_term_string"}}],"inLanguage":"pt-BR"},{"@type":"Organization","@id":"https:\/\/www.suno.com.br\/noticias\/#organization","name":"Suno Not\u00edcias","url":"https:\/\/www.suno.com.br\/noticias\/","logo":{"@type":"ImageObject","inLanguage":"pt-BR","@id":"https:\/\/www.suno.com.br\/noticias\/#\/schema\/logo\/image\/","url":"https:\/\/files.sunoresearch.com.br\/n\/uploads\/2021\/09\/suno-logo.png","contentUrl":"https:\/\/files.sunoresearch.com.br\/n\/uploads\/2021\/09\/suno-logo.png","width":180,"height":180,"caption":"Suno Not\u00edcias"},"image":{"@id":"https:\/\/www.suno.com.br\/noticias\/#\/schema\/logo\/image\/"},"sameAs":["https:\/\/facebook.com\/sunoresearch","https:\/\/x.com\/sunoresearch","https:\/\/www.instagram.com\/suno","https:\/\/www.linkedin.com\/company\/suno-research\/","https:\/\/www.youtube.com\/c\/sunoresearch"]},{"@type":"Person","@id":"https:\/\/www.suno.com.br\/noticias\/#\/schema\/person\/e67f665add014bf99f644028de070cc3","name":"Beatriz Oliveira","image":{"@type":"ImageObject","inLanguage":"pt-BR","@id":"https:\/\/www.suno.com.br\/noticias\/#\/schema\/person\/image\/","url":"https:\/\/secure.gravatar.com\/avatar\/c9aa6a0aaecc598d257d5d5bd349157d?s=96&r=g","contentUrl":"https:\/\/secure.gravatar.com\/avatar\/c9aa6a0aaecc598d257d5d5bd349157d?s=96&r=g","caption":"Beatriz Oliveira"},"description":"Formada em Jornalismo pela Faculdade Paulus de Tecnologia e Comunica\u00e7\u00e3o, Beatriz Oliveira escreve para o portal de not\u00edcias Suno Research. Antes, passou pelas reda\u00e7\u00f5es da Revista EXAME e da Rede Bandeirantes.","url":"https:\/\/www.suno.com.br\/noticias\/author\/beatriz\/"}]}},"default_loop_html":"<div class=\"cardsPage__listCard__boxs\"><div class=\"cardsPage__listCard__boxs__img\"><a href=\"https:\/\/www.suno.com.br\/noticias\/natura-lucro-liquido-dispara\/\"><img class=\"mask\" src=\"https:\/\/www.suno.com.br\/noticias\/wp-content\/themes\/suno\/resources\/images\/spotlight\/spotlight1img\/bg-mask.png\" alt=\"Image Mask\"\/><img src=\"https:\/\/files.sunoresearch.com.br\/n\/uploads\/2019\/05\/b31ee061-natura-400x200.webp\" alt=\"Natura: lucro l\u00edquido dispara 72,8% e vai a R$ 41,9 mi no 1\u00ba trimestre\"\/><\/a><span class=\"spotlightCategory\"><a href=\"https:\/\/www.suno.com.br\/noticias\/negocios\/\">Neg\u00f3cios<\/a><\/span><\/div><div class=\"cardsPage__listCard__boxs__content\"><a href=\"https:\/\/www.suno.com.br\/noticias\/natura-lucro-liquido-dispara\/\"><h2 class=\"content__title\">Natura: lucro l\u00edquido dispara 72,8% e vai a R$ 41,9 mi no 1\u00ba trimestre<\/h2><\/a><div class=\"newsContent__article__meta\"><div class=\"newsContent__article__meta__authorBox\"><a href=\"https:\/\/www.suno.com.br\/noticias\/author\/beatriz\/\" class=\"authorBox__avatar noMobi\"><img src=\"https:\/\/secure.gravatar.com\/avatar\/c9aa6a0aaecc598d257d5d5bd349157d?s=96&#038;r=g\" alt=\"Beatriz Oliveira\"><\/a><div class=\"authorBox__name\"><span>por\n\t\t\t<a href=\"https:\/\/www.suno.com.br\/noticias\/author\/beatriz\/\"><span itemprop=\"author\">Beatriz Oliveira<\/span><\/a><\/span><time datetime=\"2019-05-03T08:15:30-03:00\" itemprop=\"datePublished\">03\/05\/2019 08:15<\/time><\/div><\/div><\/div><\/div><\/div>","single_layout":"posts","amp_enabled":true,"_links":{"self":[{"href":"https:\/\/www.suno.com.br\/noticias\/wp-json\/wp\/v2\/posts\/23087"}],"collection":[{"href":"https:\/\/www.suno.com.br\/noticias\/wp-json\/wp\/v2\/posts"}],"about":[{"href":"https:\/\/www.suno.com.br\/noticias\/wp-json\/wp\/v2\/types\/post"}],"author":[{"embeddable":true,"href":"https:\/\/www.suno.com.br\/noticias\/wp-json\/wp\/v2\/users\/16"}],"replies":[{"embeddable":true,"href":"https:\/\/www.suno.com.br\/noticias\/wp-json\/wp\/v2\/comments?post=23087"}],"version-history":[{"count":0,"href":"https:\/\/www.suno.com.br\/noticias\/wp-json\/wp\/v2\/posts\/23087\/revisions"}],"wp:featuredmedia":[{"embeddable":true,"href":"https:\/\/www.suno.com.br\/noticias\/wp-json\/wp\/v2\/media\/23089"}],"wp:attachment":[{"href":"https:\/\/www.suno.com.br\/noticias\/wp-json\/wp\/v2\/media?parent=23087"}],"wp:term":[{"taxonomy":"category","embeddable":true,"href":"https:\/\/www.suno.com.br\/noticias\/wp-json\/wp\/v2\/categories?post=23087"},{"taxonomy":"post_tag","embeddable":true,"href":"https:\/\/www.suno.com.br\/noticias\/wp-json\/wp\/v2\/tags?post=23087"},{"taxonomy":"suno_strategy","embeddable":true,"href":"https:\/\/www.suno.com.br\/noticias\/wp-json\/wp\/v2\/suno_strategy?post=23087"}],"curies":[{"name":"wp","href":"https:\/\/api.w.org\/{rel}","templated":true}]}}