{"id":230810,"date":"2022-02-13T10:00:08","date_gmt":"2022-02-13T13:00:08","guid":{"rendered":"https:\/\/www.suno.com.br\/noticias\/?p=230810"},"modified":"2022-02-11T23:14:35","modified_gmt":"2022-02-12T02:14:35","slug":"ambev-abev3-t4f-show3-carnaval-2022","status":"publish","type":"post","link":"https:\/\/www.suno.com.br\/noticias\/ambev-abev3-t4f-show3-carnaval-2022\/","title":{"rendered":"Sem show, sem Carnaval: como a \u00f4micron afetou Ambev (ABEV3) e T4F (SHOW3)"},"content":{"rendered":"<p>Muitas empresas esperavam que 2022 fosse o grande ano de recupera\u00e7\u00e3o econ\u00f4mica. O setor de eventos, especificamente, tinha ainda mais expectativas de uma retomada. Mas, com o an\u00fancio de uma nova variante de Covid-19, in\u00fameros planos j\u00e1 foram frustrados. Companhias como <strong>Time 4 Fun (SHOW3)<\/strong> e <strong><a class=\"suno-keyword\" href=\"https:\/\/www.suno.com.br\/acoes\/ABEV3\/\" target=\"_blank\" rel=\"noopener\" data-force=\"yes\" data-priority=\"2\">Ambev (ABEV3)<\/a><\/strong> sofreram com o avan\u00e7o da \u00f4micron, com medo de que mais planos fossem cancelados.<\/p>\t<div class=\"wrapper-featured-image\">\n\t\t<figure class=\"spotlightImg\">\n\n\t\t\t<picture>\n\t\t\t\t<source media=\"(max-width: 768px)\" srcset=\"https:\/\/files.sunoresearch.com.br\/n\/uploads\/2022\/02\/Sambodromo-400x200.jpg\">\n\t\t\t\t<img loading=\"lazy\" decoding=\"async\" class=\"newsContent__article__imgCapa lazyloadDisabled \" src=\"https:\/\/files.sunoresearch.com.br\/n\/uploads\/2022\/02\/Sambodromo-800x450.jpg\" width=\"800\" height=\"450\" alt=\"Sem show, sem Carnaval: como a \u00f4micron afetou Ambev (ABEV3) e T4F (SHOW3)\" fetchpriority=high \/>\n\t\t\t<\/picture>\n\n\t\t\t<figcaption class=\"wp-caption-text wp-caption-text--show\">O Samb\u00f3dromo da Marqu\u00eas de Sapuca\u00ed vazio \u00e0s v\u00e9speras do Carnaval 2021. Foto: Fernando Fraz\u00e3o\/Ag\u00eancia Brasil<\/figcaption>\n\t\t<\/figure>\n\t<\/div>\n\n\n\t<p>\n\t\t<a href=\"https:\/\/lp.suno.com.br\/planilha-controle-gastos\/\" target=\"_blank\" data-element=\"shortcode-suno-banner\" title=\"Banner SUNO, clique e saiba mais\">\n\t\t\t<picture>\n\t\t\t\t<source media=\"(max-width: 500px)\" srcset=\"https:\/\/files.sunoresearch.com.br\/n\/uploads\/2023\/03\/400x300-Planilha-controle-de-gastos.png\">\n\t\t\t\t<img class=\"newsContent__article__imgCapa newsContent__article__imgCapa--banner\"\n\t\t\t\t\tsrc=\"https:\/\/files.sunoresearch.com.br\/n\/uploads\/2023\/03\/1420x240-Planilha-controle-de-gastos.png\"\n\t\t\t\t\tdata-promo-id=\"101751\"\t\t\t\t\t\t\t\t\t\twidth='1420' height='240'\t\t\t\t\talt=\"https:\/\/files.sunoresearch.com.br\/n\/uploads\/2023\/03\/1420x240-Planilha-controle-de-gastos.png\"\n\t\t\t\t>\n\t\t\t<\/picture>\n\t\t<\/a>\n\t<\/p>\n\n\n<p>Com o aumento significativo de infec\u00e7\u00f5es, o Carnaval de rua foi cancelado na maioria das cidades no pa\u00eds. Os desfiles de escolas de samba acabaram adiados para abril. Em janeiro, a <strong>Ambev<\/strong> chegou a emitir uma nota a todos os munic\u00edpios onde a cervejaria \u00e9 patrocinadora informando que o cen\u00e1rio atual da pandemia exige \u201cmuita cautela\u201d. O comunicado foi feito primeiro em resposta ao cancelamento das festas de rua em diversas cidades do estado de S\u00e3o Paulo, incluindo a pr\u00f3pria capital.<\/p>\n<p>De acordo com relat\u00f3rio do Bank of America, os consumidores est\u00e3o voltando aos bares e bebendo mais na compara\u00e7\u00e3o com o final de ano de 2020, mas ainda n\u00e3o no mesmo patamar pr\u00e9-pandemia.<\/p>\n\t<div data-element=\"shortcode-read-more\" class=\"knowMore\">\n\t\t\t\t<span class=\"knowMore__title\">Leia mais<\/span>\n\t\t\t\t<a class=\"knowMore__link\" href=\"https:\/\/www.suno.com.br\/noticias\/ambev-abev3-volta-turnaround-pandemia-venda-bebidas\/\">\n\t\t\tAmbev (ABEV3): Entenda a volta por cima da companhia ap\u00f3s seu pior resultado operacional\t\t<\/a>\n\t<\/div>\n\n\n<p>\u201cA frequ\u00eancia com que saem ainda n\u00e3o \u00e9 a mesma de antes da pandemia, o que significa que o consumo de \u00e1lcool em casa est\u00e1 mais forte do que antes, e notamos que os consumidores est\u00e3o usando mais aplicativos de entrega para comprar suas bebidas\u201d, relatam os analistas.<\/p>\n<h2>Chance de impulsionar as vendas<\/h2>\n<p>O Carnaval era uma chance para a Ambev impulsionar vendas no primeiro trimestre de 2022, principalmente no <strong><em>on trade<\/em><\/strong>, ou seja, com vendas diretas para bares, restaurantes e baladas.<\/p>\n<p>Um dos principais momentos no calend\u00e1rio nacional, nos \u00faltimos anos, o <strong>carnaval de rua<\/strong> vinha sendo disputado pelas gigantes de bebida, que brigavam pela chance de expor sua marca nos blocos de cidades como <strong>S\u00e3o Paulo<\/strong>, <strong>Rio<\/strong> e <strong>Salvador<\/strong>.<\/p>\n<p>Para Eduardo Tomiya, da TM20 branding, apesar de a festa popular ser considerada como um &#8220;Natal&#8221; para o setor de bebidas, cujas vendas crescem neste per\u00edodo, campanhas publicit\u00e1rias devem evitar estimular <strong>aglomera\u00e7\u00f5es<\/strong>.<\/p>\n<p>&#8220;As empresas v\u00e3o ter de tomar muito cuidado na hora de <strong>posicionar a marca<\/strong> porque pode pegar mal estar associado a festas em um momento de alta de casos de covid-19&#8243;, diz.<\/p>\n<p>Para 2022, a <strong>Ambev<\/strong> havia fechado o contrato de patroc\u00ednio para a festa de rua na capital paulista por R$ 23 milh\u00f5es. Segundo apurou o jornal <i>Estad\u00e3o<\/i>, o pagamento do contrato n\u00e3o chegou a ser feito pela companhia, que foi surpreendida pela decis\u00e3o da Prefeitura de S\u00e3o Paulo de suspender o evento.<\/p>\n<p>Mesmo com o cancelamento do patroc\u00ednio, a Ambev afirma que segue dialogando com o poder municipal e avaliando os pr\u00f3ximos passos.<\/p>\n<p>&#8220;Somos apaixonados por Carnaval, mas a sa\u00fade das pessoas deve vir sempre em primeiro lugar&#8221;, informa a gigante das bebidas, em nota. Por ora, as publica\u00e7\u00f5es das marcas da Ambev em redes sociais nem tocam no assunto carnaval.<\/p>\n<p>Rodrigo Crespi, analista da Guide Investimentos, afirma que essa falta de impulso nas vendas ser\u00e1 sentida at\u00e9 o primeiro trimestre deste ano. \u201cDeve se esperar gera\u00e7\u00e3o de receita mais fraca, al\u00e9m de afetar o custo de insumos\u201d, disse. O analista destaca que o valor na produ\u00e7\u00e3o de latas deve ser maior, principalmente com a alta do min\u00e9rio de ferro e outros insumos, o que vai pressionar as margens da Ambev. \u201cEu diria que n\u00e3o espero um resultado muito forte, com poucas surpresas, no quarto trimestre de 2021 e primeiro trimestre de 2022\u201d, estimou.<\/p>\n\t<p>\n\t\t<a href=\"https:\/\/lp.suno.com.br\/planilha-da-vida-financeira\/\" target=\"_blank\" data-element=\"shortcode-suno-banner\" title=\"Banner SUNO, clique e saiba mais\">\n\t\t\t<picture>\n\t\t\t\t<source media=\"(max-width: 500px)\" srcset=\"https:\/\/files.sunoresearch.com.br\/n\/uploads\/2023\/04\/400x300-Planilha-vida-financeira-true.png\">\n\t\t\t\t<img class=\"newsContent__article__imgCapa newsContent__article__imgCapa--banner\"\n\t\t\t\t\tsrc=\"https:\/\/files.sunoresearch.com.br\/n\/uploads\/2023\/04\/1420x240-Planilha-vida-financeira-true.png\"\n\t\t\t\t\tdata-promo-id=\"106682\"\t\t\t\t\t\t\t\t\t\twidth='1420' height='240'\t\t\t\t\talt=\"https:\/\/files.sunoresearch.com.br\/n\/uploads\/2023\/04\/1420x240-Planilha-vida-financeira-true.png\"\n\t\t\t\t>\n\t\t\t<\/picture>\n\t\t<\/a>\n\t<\/p>\n\n\n<p>Para o segundo trimestre do ano, ele acredita que com maior conhecimento sobre a \u00f4micron e avan\u00e7o da campanha de vacina\u00e7\u00e3o, o canal <em>on trade<\/em> deva melhorar, enquanto o <strong><em>off trade<\/em><\/strong>, a venda em varejo, continuar\u00e1 indo muito bem. &#8220;Espero a recupera\u00e7\u00e3o <em>on trade<\/em>, que sempre foi muito importante para essas empresas do segmento de bebidas, assim como a Diageo, com forte presen\u00e7a no Brasil e tamb\u00e9m tem se apoiado mais no<em> off trade<\/em>&#8220;.<\/p>\n<h2>Lollapalooza: como est\u00e1 a T4F (SHOW3)?<\/h2>\n<p>O calend\u00e1rio de grandes shows e festivais de m\u00fasica estava previsto para voltar em 2022, antes mesmo da campanha de vacina\u00e7\u00e3o ter batido 50% das duas doses na popula\u00e7\u00e3o brasileira. A partir do segundo trimestre de 2021, a T4F tinha planos grandiosos para os dois anos seguintes. Afirmava que a <strong>ind\u00fastria do entretenimento iria crescer &#8220;quatro anos em dois&#8221;.\u00a0<\/strong><\/p>\n<p>A previs\u00e3o do CEO da T4F, Fernando Alterio, era de que 2022 veria uma demanda reprimida de eventos presenciais muito intensa e o avan\u00e7o da imuniza\u00e7\u00e3o contra a Covid-19 era essencial, tanto nacional como internacionalmente, para a volta das atividades. At\u00e9 a divulga\u00e7\u00e3o do balan\u00e7o do terceiro trimestre de 2021, a perspectiva se mantinha.<\/p>\n\t<p>\n\t\t<a href=\"https:\/\/lp.suno.com.br\/ebook-como-analisar-uma-acao\/\" target=\"_blank\" data-element=\"shortcode-suno-banner\" title=\"Banner SUNO, clique e saiba mais\">\n\t\t\t<picture>\n\t\t\t\t<source media=\"(max-width: 500px)\" srcset=\"https:\/\/files.sunoresearch.com.br\/n\/uploads\/2023\/03\/Ebook-Acoes-Mobile-1.jpg\">\n\t\t\t\t<img class=\"newsContent__article__imgCapa newsContent__article__imgCapa--banner\"\n\t\t\t\t\tsrc=\"https:\/\/files.sunoresearch.com.br\/n\/uploads\/2023\/03\/Ebook-Acoes-Desktop-1.jpg\"\n\t\t\t\t\tdata-promo-id=\"171998\"\t\t\t\t\t\t\t\t\t\twidth='1420' height='286'\t\t\t\t\talt=\"https:\/\/files.sunoresearch.com.br\/n\/uploads\/2023\/03\/Ebook-Acoes-Desktop-1.jpg\"\n\t\t\t\t>\n\t\t\t<\/picture>\n\t\t<\/a>\n\t<\/p>\n\n\n<p>&#8220;O setor de entretenimento no Brasil j\u00e1 come\u00e7a a vivenciar os resultados positivos da vacina\u00e7\u00e3o contra a Covid-19. Por todo pa\u00eds, eventos de m\u00fasica e produ\u00e7\u00f5es de teatro j\u00e1 est\u00e3o acontecendo e sendo anunciados para os pr\u00f3ximos meses. Estamos cada vez mais pr\u00f3ximos de proporcionar ao nosso p\u00fablico o reencontro com os artistas favoritos para celebrarmos a vida por meio da m\u00fasica, da arte e do espet\u00e1culo&#8221;, dizia a mensagem da administra\u00e7\u00e3o, assinada por Alterio.<\/p>\n<p>&#8220;Esses avan\u00e7os [de vacina\u00e7\u00e3o], somados aos movimentos da T4F durante a pandemia, embasam as proje\u00e7\u00f5es otimistas da companhia quanto \u00e0 retomada das nossas opera\u00e7\u00f5es. Continuamos vislumbrando para 2022 uma alta demanda reprimida, que promete um grande ano para o mercado de entretenimento&#8221;, continuava o texto.<\/p>\n<p>As novas datas do Lolla foram anunciadas, com previs\u00e3o para o \u00faltimo final de semana de mar\u00e7o (25, 26 e 27), com uma line-up atualizada e novos artistas tomando conta. O frenesi dos f\u00e3s da m\u00fasica foi alto, assim como os valores pouco realistas dos ingressos. Mas, no dia 6 de janeiro, a a\u00e7\u00e3o da produtora desabou 7% em meio ao avan\u00e7o dos casos de Covid-19.<\/p>\n<p>No fechamento da \u00faltima sexta-feira (11), as a\u00e7\u00f5es SHOW3 fecharam com queda de 5,14%, cotadas a R$ 3,32. Os <a class=\"suno-keyword\" href=\"https:\/\/www.suno.com.br\/artigos\/ativo\/\" target=\"_blank\" rel=\"noopener\" data-force=\"no\" data-priority=\"2\">ativos da empresa<\/a> acumulam uma queda de 6,74% nos \u00faltimos 12 meses.<\/p>\n\t<p>\n\t\t<a href=\"https:\/\/lp.suno.com.br\/planilha-de-controle-de-investimentos\/\" target=\"_blank\" data-element=\"shortcode-suno-banner\" title=\"Banner SUNO, clique e saiba mais\">\n\t\t\t<picture>\n\t\t\t\t<source media=\"(max-width: 500px)\" srcset=\"https:\/\/files.sunoresearch.com.br\/n\/uploads\/2023\/03\/400x300-Controle-de-Investimentos.png\">\n\t\t\t\t<img class=\"newsContent__article__imgCapa newsContent__article__imgCapa--banner\"\n\t\t\t\t\tsrc=\"https:\/\/files.sunoresearch.com.br\/n\/uploads\/2023\/03\/1420x240-Controle-de-Investimentos.png\"\n\t\t\t\t\tdata-promo-id=\"75934\"\t\t\t\t\t\t\t\t\t\twidth='1420' height='240'\t\t\t\t\talt=\"https:\/\/files.sunoresearch.com.br\/n\/uploads\/2023\/03\/1420x240-Controle-de-Investimentos.png\"\n\t\t\t\t>\n\t\t\t<\/picture>\n\t\t<\/a>\n\t<\/p>\n\n\n<p>O analista da Guide ressalta que desde 2020 a T4F tem apresentado preju\u00edzo constante, com as a\u00e7\u00f5es com pouca liquidez. &#8220;O Lollapalooza era um catalisador para a empresa voltar e aparecer no radar dos investidores, mas tem esse conflito com as novas <strong>medidas de restri\u00e7\u00e3o<\/strong>&#8220;, disse, se referindo a novas regras sanit\u00e1rias impostas pelo governador Jo\u00e3o Doria, anunciadas na segunda semana de janeiro deste ano, com o objetivo de conter o avan\u00e7o da variante \u00f4micron.<\/p>\n<p>A recomenda\u00e7\u00e3o do governo de S\u00e3o Paulo \u00e9 de que eventos esportivos, musicais e festas sejam realizados com apenas\u00a0<strong>70% do p\u00fablico<\/strong>\u00a0e mediante\u00a0<strong>comprovante de vacina\u00e7\u00e3o<\/strong>. Doria destacou durante a coletiva que a redu\u00e7\u00e3o \u00e9 uma\u00a0<strong>orienta\u00e7\u00e3o \u00e0s prefeituras<\/strong>\u00a0do estado, n\u00e3o uma determina\u00e7\u00e3o.<\/p>\n\t<div data-element=\"shortcode-read-more\" class=\"knowMore\">\n\t\t\t\t<span class=\"knowMore__title\">Entenda melhor<\/span>\n\t\t\t\t<a class=\"knowMore__link\" href=\"https:\/\/www.suno.com.br\/noticias\/doria-novas-medidas-restritivas-em-sp-omicron\/\">\n\t\t\tAlta de casos da \u00f4micron: Doria anuncia novas medidas restritivas em SP; veja o que muda\t\t<\/a>\n\t<\/div>\n\n\n<p>&#8220;Vamos ver at\u00e9 mar\u00e7o se h\u00e1 alguma mudan\u00e7a, mas diria que por enquanto a perspectiva \u00e9 negativa, com n\u00famero de interna\u00e7\u00f5es aumentando e outras doen\u00e7as, como a influenza, elevando o risco de eventos com aglomera\u00e7\u00f5es. Talvez possa ocorrer um adiamento, de dois ou tr\u00eas meses, e o impacto n\u00e3o seria t\u00e3o grande&#8221;, disse Rodrigo, que esclarece que esse decis\u00e3o seria interessante para manter uma gera\u00e7\u00e3o de receita para a T4F.<\/p>\n<h2>Resultados do 4T21 da Ambev e T4F<\/h2>\n<p>Por fim, tanto a T4F como a\u00a0<strong>Ambev<\/strong> devem sofrer no in\u00edcio de 2022, mas, conforme a terceira onda passar, as expectativas para o setor devem melhorar. Os resultados do quarto trimestre de 2021 das duas empresas saem no dia 24 de mar\u00e7o.<\/p>\n\t<p>\n\t\t<a href=\"\" target=\"_blank\" data-element=\"shortcode-suno-banner\" title=\"Banner SUNO, clique e saiba mais\">\n\t\t\t<picture>\n\t\t\t\t<source media=\"(max-width: 500px)\" srcset=\"\">\n\t\t\t\t<img class=\"newsContent__article__imgCapa newsContent__article__imgCapa--banner\"\n\t\t\t\t\tsrc=\"\"\n\t\t\t\t\tdata-promo-id=\"184190\"\t\t\t\t\t\t\t\t\t\t\t\t\t\t\talt=\"\"\n\t\t\t\t>\n\t\t\t<\/picture>\n\t\t<\/a>\n\t<\/p>\n\n\n","protected":false},"excerpt":{"rendered":"<p>Muitas empresas esperavam que 2022 fosse o grande ano de recupera\u00e7\u00e3o econ\u00f4mica. O setor de eventos, especificamente, tinha ainda mais expectativas de uma retomada. Mas, com o an\u00fancio de uma nova variante de Covid-19, in\u00fameros planos j\u00e1 foram frustrados. Companhias como Time 4 Fun (SHOW3) e Ambev (ABEV3) sofreram com o avan\u00e7o da \u00f4micron, com [&hellip;]<\/p>\n","protected":false},"author":146,"featured_media":229079,"comment_status":"closed","ping_status":"closed","sticky":false,"template":"","format":"standard","meta":[],"categories":[64],"tags":[359,105815],"suno_strategy":[],"class_list":["post-230810","post","type-post","status-publish","format-standard","has-post-thumbnail","hentry","category-negocios","tag-ambev-abev3","tag-especial"],"yoast_head":"<!-- This site is optimized with the Yoast SEO plugin v24.4 - https:\/\/yoast.com\/wordpress\/plugins\/seo\/ -->\n<title>Sem show, sem carnaval: Como a \u00d4micron afetou Ambev (ABEV3) e T4F<\/title>\n<meta name=\"description\" content=\"A recupera\u00e7\u00e3o do setor de eventos em 2022 j\u00e1 come\u00e7ou frustrada com nova variante do coronav\u00edrus. Como a Ambev e T4F podem se recuperar?\" \/>\n<meta name=\"robots\" content=\"index, follow, max-snippet:-1, max-image-preview:large, max-video-preview:-1\" \/>\n<link rel=\"canonical\" href=\"https:\/\/www.suno.com.br\/noticias\/ambev-abev3-t4f-show3-carnaval-2022\/\" \/>\n<meta property=\"og:locale\" content=\"pt_BR\" \/>\n<meta property=\"og:type\" content=\"article\" \/>\n<meta property=\"og:title\" content=\"Sem show, sem carnaval: Como a \u00d4micron afetou Ambev (ABEV3) e T4F\" \/>\n<meta property=\"og:description\" content=\"A recupera\u00e7\u00e3o do setor de eventos em 2022 j\u00e1 come\u00e7ou frustrada com nova variante do coronav\u00edrus. Como a Ambev e T4F podem se recuperar?\" \/>\n<meta property=\"og:url\" content=\"https:\/\/www.suno.com.br\/noticias\/ambev-abev3-t4f-show3-carnaval-2022\/\" \/>\n<meta property=\"og:site_name\" content=\"Suno Not\u00edcias\" \/>\n<meta property=\"article:publisher\" content=\"https:\/\/facebook.com\/sunoresearch\" \/>\n<meta property=\"og:image\" content=\"https:\/\/files.sunoresearch.com.br\/n\/uploads\/2022\/02\/Sambodromo-scaled.jpg\" \/>\n\t<meta property=\"og:image:width\" content=\"2560\" \/>\n\t<meta property=\"og:image:height\" content=\"1707\" \/>\n\t<meta property=\"og:image:type\" content=\"image\/jpeg\" \/>\n<meta name=\"author\" content=\"Vict\u00f3ria Anhesini\" \/>\n<meta name=\"twitter:card\" content=\"summary_large_image\" \/>\n<meta name=\"twitter:creator\" content=\"@sunoresearch\" \/>\n<meta name=\"twitter:site\" content=\"@sunoresearch\" \/>\n<meta name=\"twitter:label1\" content=\"Escrito por\" \/>\n\t<meta name=\"twitter:data1\" content=\"Vict\u00f3ria Anhesini\" \/>\n\t<meta name=\"twitter:label2\" content=\"Est. tempo de leitura\" \/>\n\t<meta name=\"twitter:data2\" content=\"6 minutos\" \/>\n<script type=\"application\/ld+json\" class=\"yoast-schema-graph\">{\"@context\":\"https:\/\/schema.org\",\"@graph\":[{\"@type\":\"NewsArticle\",\"@id\":\"https:\/\/www.suno.com.br\/noticias\/ambev-abev3-t4f-show3-carnaval-2022\/#article\",\"isPartOf\":{\"@id\":\"https:\/\/www.suno.com.br\/noticias\/ambev-abev3-t4f-show3-carnaval-2022\/\"},\"author\":{\"name\":\"Vict\u00f3ria Anhesini\",\"@id\":\"https:\/\/www.suno.com.br\/noticias\/#\/schema\/person\/46d847cb19ad53fde0857adca989c23f\"},\"headline\":\"Sem show, sem Carnaval: como a \u00f4micron afetou Ambev (ABEV3) e T4F (SHOW3)\",\"datePublished\":\"2022-02-13T13:00:08+00:00\",\"mainEntityOfPage\":{\"@id\":\"https:\/\/www.suno.com.br\/noticias\/ambev-abev3-t4f-show3-carnaval-2022\/\"},\"wordCount\":1336,\"publisher\":{\"@id\":\"https:\/\/www.suno.com.br\/noticias\/#organization\"},\"image\":{\"@id\":\"https:\/\/www.suno.com.br\/noticias\/ambev-abev3-t4f-show3-carnaval-2022\/#primaryimage\"},\"thumbnailUrl\":\"https:\/\/files.sunoresearch.com.br\/n\/uploads\/2022\/02\/Sambodromo-scaled.jpg\",\"keywords\":[\"AMBEV (ABEV3)\",\"Especiais\"],\"articleSection\":[\"Neg\u00f3cios\"],\"inLanguage\":\"pt-BR\"},{\"@type\":\"WebPage\",\"@id\":\"https:\/\/www.suno.com.br\/noticias\/ambev-abev3-t4f-show3-carnaval-2022\/\",\"url\":\"https:\/\/www.suno.com.br\/noticias\/ambev-abev3-t4f-show3-carnaval-2022\/\",\"name\":\"Sem show, sem carnaval: Como a \u00d4micron afetou Ambev (ABEV3) e T4F\",\"isPartOf\":{\"@id\":\"https:\/\/www.suno.com.br\/noticias\/#website\"},\"primaryImageOfPage\":{\"@id\":\"https:\/\/www.suno.com.br\/noticias\/ambev-abev3-t4f-show3-carnaval-2022\/#primaryimage\"},\"image\":{\"@id\":\"https:\/\/www.suno.com.br\/noticias\/ambev-abev3-t4f-show3-carnaval-2022\/#primaryimage\"},\"thumbnailUrl\":\"https:\/\/files.sunoresearch.com.br\/n\/uploads\/2022\/02\/Sambodromo-scaled.jpg\",\"datePublished\":\"2022-02-13T13:00:08+00:00\",\"description\":\"A recupera\u00e7\u00e3o do setor de eventos em 2022 j\u00e1 come\u00e7ou frustrada com nova variante do coronav\u00edrus. Como a Ambev e T4F podem se recuperar?\",\"breadcrumb\":{\"@id\":\"https:\/\/www.suno.com.br\/noticias\/ambev-abev3-t4f-show3-carnaval-2022\/#breadcrumb\"},\"inLanguage\":\"pt-BR\",\"potentialAction\":[{\"@type\":\"ReadAction\",\"target\":[\"https:\/\/www.suno.com.br\/noticias\/ambev-abev3-t4f-show3-carnaval-2022\/\"]}]},{\"@type\":\"ImageObject\",\"inLanguage\":\"pt-BR\",\"@id\":\"https:\/\/www.suno.com.br\/noticias\/ambev-abev3-t4f-show3-carnaval-2022\/#primaryimage\",\"url\":\"https:\/\/files.sunoresearch.com.br\/n\/uploads\/2022\/02\/Sambodromo-scaled.jpg\",\"contentUrl\":\"https:\/\/files.sunoresearch.com.br\/n\/uploads\/2022\/02\/Sambodromo-scaled.jpg\",\"width\":2560,\"height\":1707,\"caption\":\"O Samb\u00f3dromo da Marqu\u00eas de Sapuca\u00ed vazio \u00e0s v\u00e9speras do Carnaval 2021. Foto: Fernando Fraz\u00e3o\/Ag\u00eancia Brasil\"},{\"@type\":\"BreadcrumbList\",\"@id\":\"https:\/\/www.suno.com.br\/noticias\/ambev-abev3-t4f-show3-carnaval-2022\/#breadcrumb\",\"itemListElement\":[{\"@type\":\"ListItem\",\"position\":1,\"name\":\"Not\u00edcias\",\"item\":\"https:\/\/www.suno.com.br\/noticias\/\"},{\"@type\":\"ListItem\",\"position\":2,\"name\":\"Neg\u00f3cios\",\"item\":\"https:\/\/www.suno.com.br\/noticias\/negocios\/\"},{\"@type\":\"ListItem\",\"position\":3,\"name\":\"Sem show, sem Carnaval: como a \u00f4micron afetou Ambev (ABEV3) e T4F (SHOW3)\"}]},{\"@type\":\"WebSite\",\"@id\":\"https:\/\/www.suno.com.br\/noticias\/#website\",\"url\":\"https:\/\/www.suno.com.br\/noticias\/\",\"name\":\"Suno Not\u00edcias\",\"description\":\"Seu portal de informa\u00e7\u00e3o sobre o mundo dos investimentos\",\"publisher\":{\"@id\":\"https:\/\/www.suno.com.br\/noticias\/#organization\"},\"potentialAction\":[{\"@type\":\"SearchAction\",\"target\":{\"@type\":\"EntryPoint\",\"urlTemplate\":\"https:\/\/www.suno.com.br\/noticias\/?s={search_term_string}\"},\"query-input\":{\"@type\":\"PropertyValueSpecification\",\"valueRequired\":true,\"valueName\":\"search_term_string\"}}],\"inLanguage\":\"pt-BR\"},{\"@type\":\"Organization\",\"@id\":\"https:\/\/www.suno.com.br\/noticias\/#organization\",\"name\":\"Suno Not\u00edcias\",\"url\":\"https:\/\/www.suno.com.br\/noticias\/\",\"logo\":{\"@type\":\"ImageObject\",\"inLanguage\":\"pt-BR\",\"@id\":\"https:\/\/www.suno.com.br\/noticias\/#\/schema\/logo\/image\/\",\"url\":\"https:\/\/files.sunoresearch.com.br\/n\/uploads\/2021\/09\/suno-logo.png\",\"contentUrl\":\"https:\/\/files.sunoresearch.com.br\/n\/uploads\/2021\/09\/suno-logo.png\",\"width\":180,\"height\":180,\"caption\":\"Suno Not\u00edcias\"},\"image\":{\"@id\":\"https:\/\/www.suno.com.br\/noticias\/#\/schema\/logo\/image\/\"},\"sameAs\":[\"https:\/\/facebook.com\/sunoresearch\",\"https:\/\/x.com\/sunoresearch\",\"https:\/\/www.instagram.com\/suno\",\"https:\/\/www.linkedin.com\/company\/suno-research\/\",\"https:\/\/www.youtube.com\/c\/sunoresearch\"]},{\"@type\":\"Person\",\"@id\":\"https:\/\/www.suno.com.br\/noticias\/#\/schema\/person\/46d847cb19ad53fde0857adca989c23f\",\"name\":\"Vict\u00f3ria Anhesini\",\"image\":{\"@type\":\"ImageObject\",\"inLanguage\":\"pt-BR\",\"@id\":\"https:\/\/www.suno.com.br\/noticias\/#\/schema\/person\/image\/\",\"url\":\"https:\/\/secure.gravatar.com\/avatar\/0172bdfcd9129dd9dd68794804304e6e?s=96&r=g\",\"contentUrl\":\"https:\/\/secure.gravatar.com\/avatar\/0172bdfcd9129dd9dd68794804304e6e?s=96&r=g\",\"caption\":\"Vict\u00f3ria Anhesini\"},\"description\":\"Rep\u00f3rter no Suno Not\u00edcias, cobre mercados, neg\u00f3cios e economia, escrevendo majoritariamente sobre movimentos das empresas, cobertura de balan\u00e7os trimestrais e Bolsa de Valores. Formada em jornalismo pela Universidade Presbiteriana Mackenzie em 2019, passou pelo portal de economia e finan\u00e7as EuQueroInvestir como rep\u00f3rter e anteriormente, trabalhou na assessoria de imprensa PinePR, onde liderou com startups de inova\u00e7\u00e3o, tecnologia e finan\u00e7as. Em seu tempo livre, fala sobre m\u00fasica para ambos os sites do selo ForMusic, Wikimetal e Mad Sound, e faz trabalho volunt\u00e1rio no programa Escreve Cartas do Poupatempo.\",\"sameAs\":[\"https:\/\/www.linkedin.com\/in\/victoria-anhesini\/\"],\"url\":\"https:\/\/www.suno.com.br\/noticias\/author\/victoria\/\"}]}<\/script>\n<!-- \/ Yoast SEO plugin. -->","yoast_head_json":{"title":"Sem show, sem carnaval: Como a \u00d4micron afetou Ambev (ABEV3) e T4F","description":"A recupera\u00e7\u00e3o do setor de eventos em 2022 j\u00e1 come\u00e7ou frustrada com nova variante do coronav\u00edrus. Como a Ambev e T4F podem se recuperar?","robots":{"index":"index","follow":"follow","max-snippet":"max-snippet:-1","max-image-preview":"max-image-preview:large","max-video-preview":"max-video-preview:-1"},"canonical":"https:\/\/www.suno.com.br\/noticias\/ambev-abev3-t4f-show3-carnaval-2022\/","og_locale":"pt_BR","og_type":"article","og_title":"Sem show, sem carnaval: Como a \u00d4micron afetou Ambev (ABEV3) e T4F","og_description":"A recupera\u00e7\u00e3o do setor de eventos em 2022 j\u00e1 come\u00e7ou frustrada com nova variante do coronav\u00edrus. Como a Ambev e T4F podem se recuperar?","og_url":"https:\/\/www.suno.com.br\/noticias\/ambev-abev3-t4f-show3-carnaval-2022\/","og_site_name":"Suno Not\u00edcias","article_publisher":"https:\/\/facebook.com\/sunoresearch","og_image":[{"width":2560,"height":1707,"url":"https:\/\/files.sunoresearch.com.br\/n\/uploads\/2022\/02\/Sambodromo-scaled.jpg","type":"image\/jpeg"}],"author":"Vict\u00f3ria Anhesini","twitter_card":"summary_large_image","twitter_creator":"@sunoresearch","twitter_site":"@sunoresearch","twitter_misc":{"Escrito por":"Vict\u00f3ria Anhesini","Est. tempo de leitura":"6 minutos"},"schema":{"@context":"https:\/\/schema.org","@graph":[{"@type":"NewsArticle","@id":"https:\/\/www.suno.com.br\/noticias\/ambev-abev3-t4f-show3-carnaval-2022\/#article","isPartOf":{"@id":"https:\/\/www.suno.com.br\/noticias\/ambev-abev3-t4f-show3-carnaval-2022\/"},"author":{"name":"Vict\u00f3ria Anhesini","@id":"https:\/\/www.suno.com.br\/noticias\/#\/schema\/person\/46d847cb19ad53fde0857adca989c23f"},"headline":"Sem show, sem Carnaval: como a \u00f4micron afetou Ambev (ABEV3) e T4F (SHOW3)","datePublished":"2022-02-13T13:00:08+00:00","mainEntityOfPage":{"@id":"https:\/\/www.suno.com.br\/noticias\/ambev-abev3-t4f-show3-carnaval-2022\/"},"wordCount":1336,"publisher":{"@id":"https:\/\/www.suno.com.br\/noticias\/#organization"},"image":{"@id":"https:\/\/www.suno.com.br\/noticias\/ambev-abev3-t4f-show3-carnaval-2022\/#primaryimage"},"thumbnailUrl":"https:\/\/files.sunoresearch.com.br\/n\/uploads\/2022\/02\/Sambodromo-scaled.jpg","keywords":["AMBEV (ABEV3)","Especiais"],"articleSection":["Neg\u00f3cios"],"inLanguage":"pt-BR"},{"@type":"WebPage","@id":"https:\/\/www.suno.com.br\/noticias\/ambev-abev3-t4f-show3-carnaval-2022\/","url":"https:\/\/www.suno.com.br\/noticias\/ambev-abev3-t4f-show3-carnaval-2022\/","name":"Sem show, sem carnaval: Como a \u00d4micron afetou Ambev (ABEV3) e T4F","isPartOf":{"@id":"https:\/\/www.suno.com.br\/noticias\/#website"},"primaryImageOfPage":{"@id":"https:\/\/www.suno.com.br\/noticias\/ambev-abev3-t4f-show3-carnaval-2022\/#primaryimage"},"image":{"@id":"https:\/\/www.suno.com.br\/noticias\/ambev-abev3-t4f-show3-carnaval-2022\/#primaryimage"},"thumbnailUrl":"https:\/\/files.sunoresearch.com.br\/n\/uploads\/2022\/02\/Sambodromo-scaled.jpg","datePublished":"2022-02-13T13:00:08+00:00","description":"A recupera\u00e7\u00e3o do setor de eventos em 2022 j\u00e1 come\u00e7ou frustrada com nova variante do coronav\u00edrus. Como a Ambev e T4F podem se recuperar?","breadcrumb":{"@id":"https:\/\/www.suno.com.br\/noticias\/ambev-abev3-t4f-show3-carnaval-2022\/#breadcrumb"},"inLanguage":"pt-BR","potentialAction":[{"@type":"ReadAction","target":["https:\/\/www.suno.com.br\/noticias\/ambev-abev3-t4f-show3-carnaval-2022\/"]}]},{"@type":"ImageObject","inLanguage":"pt-BR","@id":"https:\/\/www.suno.com.br\/noticias\/ambev-abev3-t4f-show3-carnaval-2022\/#primaryimage","url":"https:\/\/files.sunoresearch.com.br\/n\/uploads\/2022\/02\/Sambodromo-scaled.jpg","contentUrl":"https:\/\/files.sunoresearch.com.br\/n\/uploads\/2022\/02\/Sambodromo-scaled.jpg","width":2560,"height":1707,"caption":"O Samb\u00f3dromo da Marqu\u00eas de Sapuca\u00ed vazio \u00e0s v\u00e9speras do Carnaval 2021. Foto: Fernando Fraz\u00e3o\/Ag\u00eancia Brasil"},{"@type":"BreadcrumbList","@id":"https:\/\/www.suno.com.br\/noticias\/ambev-abev3-t4f-show3-carnaval-2022\/#breadcrumb","itemListElement":[{"@type":"ListItem","position":1,"name":"Not\u00edcias","item":"https:\/\/www.suno.com.br\/noticias\/"},{"@type":"ListItem","position":2,"name":"Neg\u00f3cios","item":"https:\/\/www.suno.com.br\/noticias\/negocios\/"},{"@type":"ListItem","position":3,"name":"Sem show, sem Carnaval: como a \u00f4micron afetou Ambev (ABEV3) e T4F (SHOW3)"}]},{"@type":"WebSite","@id":"https:\/\/www.suno.com.br\/noticias\/#website","url":"https:\/\/www.suno.com.br\/noticias\/","name":"Suno Not\u00edcias","description":"Seu portal de informa\u00e7\u00e3o sobre o mundo dos investimentos","publisher":{"@id":"https:\/\/www.suno.com.br\/noticias\/#organization"},"potentialAction":[{"@type":"SearchAction","target":{"@type":"EntryPoint","urlTemplate":"https:\/\/www.suno.com.br\/noticias\/?s={search_term_string}"},"query-input":{"@type":"PropertyValueSpecification","valueRequired":true,"valueName":"search_term_string"}}],"inLanguage":"pt-BR"},{"@type":"Organization","@id":"https:\/\/www.suno.com.br\/noticias\/#organization","name":"Suno Not\u00edcias","url":"https:\/\/www.suno.com.br\/noticias\/","logo":{"@type":"ImageObject","inLanguage":"pt-BR","@id":"https:\/\/www.suno.com.br\/noticias\/#\/schema\/logo\/image\/","url":"https:\/\/files.sunoresearch.com.br\/n\/uploads\/2021\/09\/suno-logo.png","contentUrl":"https:\/\/files.sunoresearch.com.br\/n\/uploads\/2021\/09\/suno-logo.png","width":180,"height":180,"caption":"Suno Not\u00edcias"},"image":{"@id":"https:\/\/www.suno.com.br\/noticias\/#\/schema\/logo\/image\/"},"sameAs":["https:\/\/facebook.com\/sunoresearch","https:\/\/x.com\/sunoresearch","https:\/\/www.instagram.com\/suno","https:\/\/www.linkedin.com\/company\/suno-research\/","https:\/\/www.youtube.com\/c\/sunoresearch"]},{"@type":"Person","@id":"https:\/\/www.suno.com.br\/noticias\/#\/schema\/person\/46d847cb19ad53fde0857adca989c23f","name":"Vict\u00f3ria Anhesini","image":{"@type":"ImageObject","inLanguage":"pt-BR","@id":"https:\/\/www.suno.com.br\/noticias\/#\/schema\/person\/image\/","url":"https:\/\/secure.gravatar.com\/avatar\/0172bdfcd9129dd9dd68794804304e6e?s=96&r=g","contentUrl":"https:\/\/secure.gravatar.com\/avatar\/0172bdfcd9129dd9dd68794804304e6e?s=96&r=g","caption":"Vict\u00f3ria Anhesini"},"description":"Rep\u00f3rter no Suno Not\u00edcias, cobre mercados, neg\u00f3cios e economia, escrevendo majoritariamente sobre movimentos das empresas, cobertura de balan\u00e7os trimestrais e Bolsa de Valores. Formada em jornalismo pela Universidade Presbiteriana Mackenzie em 2019, passou pelo portal de economia e finan\u00e7as EuQueroInvestir como rep\u00f3rter e anteriormente, trabalhou na assessoria de imprensa PinePR, onde liderou com startups de inova\u00e7\u00e3o, tecnologia e finan\u00e7as. Em seu tempo livre, fala sobre m\u00fasica para ambos os sites do selo ForMusic, Wikimetal e Mad Sound, e faz trabalho volunt\u00e1rio no programa Escreve Cartas do Poupatempo.","sameAs":["https:\/\/www.linkedin.com\/in\/victoria-anhesini\/"],"url":"https:\/\/www.suno.com.br\/noticias\/author\/victoria\/"}]}},"default_loop_html":"<div class=\"cardsPage__listCard__boxs\"><div class=\"cardsPage__listCard__boxs__img\"><a href=\"https:\/\/www.suno.com.br\/noticias\/ambev-abev3-t4f-show3-carnaval-2022\/\"><img class=\"mask\" src=\"https:\/\/www.suno.com.br\/noticias\/wp-content\/themes\/suno\/resources\/images\/spotlight\/spotlight1img\/bg-mask.png\" alt=\"Image Mask\"\/><img src=\"https:\/\/files.sunoresearch.com.br\/n\/uploads\/2022\/02\/Sambodromo-400x200.jpg\" alt=\"Sem show, sem Carnaval: como a \u00f4micron afetou Ambev (ABEV3) e T4F (SHOW3)\"\/><\/a><span class=\"spotlightCategory\"><a href=\"https:\/\/www.suno.com.br\/noticias\/negocios\/\">Neg\u00f3cios<\/a><\/span><\/div><div class=\"cardsPage__listCard__boxs__content\"><a href=\"https:\/\/www.suno.com.br\/noticias\/ambev-abev3-t4f-show3-carnaval-2022\/\"><h2 class=\"content__title\">Sem show, sem Carnaval: como a \u00f4micron afetou Ambev (ABEV3) e T4F (SHOW3)<\/h2><\/a><div class=\"newsContent__article__meta\"><div class=\"newsContent__article__meta__authorBox\"><a href=\"https:\/\/www.suno.com.br\/noticias\/author\/victoria\/\" class=\"authorBox__avatar noMobi\"><img src=\"https:\/\/files.sunoresearch.com.br\/n\/uploads\/2021\/12\/20190129VickyPINEAPPLE01-1-150x150.jpg\" alt=\"Vict\u00f3ria Anhesini\"><\/a><div class=\"authorBox__name\"><span>por\n\t\t\t<a href=\"https:\/\/www.suno.com.br\/noticias\/author\/victoria\/\"><span itemprop=\"author\">Vict\u00f3ria Anhesini<\/span><\/a><\/span><time datetime=\"2022-02-13T10:00:08-03:00\" itemprop=\"datePublished\">13\/02\/2022 10:00<\/time><\/div><\/div><\/div><\/div><\/div>","single_layout":"posts","amp_enabled":true,"_links":{"self":[{"href":"https:\/\/www.suno.com.br\/noticias\/wp-json\/wp\/v2\/posts\/230810"}],"collection":[{"href":"https:\/\/www.suno.com.br\/noticias\/wp-json\/wp\/v2\/posts"}],"about":[{"href":"https:\/\/www.suno.com.br\/noticias\/wp-json\/wp\/v2\/types\/post"}],"author":[{"embeddable":true,"href":"https:\/\/www.suno.com.br\/noticias\/wp-json\/wp\/v2\/users\/146"}],"replies":[{"embeddable":true,"href":"https:\/\/www.suno.com.br\/noticias\/wp-json\/wp\/v2\/comments?post=230810"}],"version-history":[{"count":3,"href":"https:\/\/www.suno.com.br\/noticias\/wp-json\/wp\/v2\/posts\/230810\/revisions"}],"predecessor-version":[{"id":230917,"href":"https:\/\/www.suno.com.br\/noticias\/wp-json\/wp\/v2\/posts\/230810\/revisions\/230917"}],"wp:featuredmedia":[{"embeddable":true,"href":"https:\/\/www.suno.com.br\/noticias\/wp-json\/wp\/v2\/media\/229079"}],"wp:attachment":[{"href":"https:\/\/www.suno.com.br\/noticias\/wp-json\/wp\/v2\/media?parent=230810"}],"wp:term":[{"taxonomy":"category","embeddable":true,"href":"https:\/\/www.suno.com.br\/noticias\/wp-json\/wp\/v2\/categories?post=230810"},{"taxonomy":"post_tag","embeddable":true,"href":"https:\/\/www.suno.com.br\/noticias\/wp-json\/wp\/v2\/tags?post=230810"},{"taxonomy":"suno_strategy","embeddable":true,"href":"https:\/\/www.suno.com.br\/noticias\/wp-json\/wp\/v2\/suno_strategy?post=230810"}],"curies":[{"name":"wp","href":"https:\/\/api.w.org\/{rel}","templated":true}]}}