{"id":23072,"date":"2019-05-02T20:25:18","date_gmt":"2019-05-02T23:25:18","guid":{"rendered":"https:\/\/www.suno.com.br\/noticias\/?p=23072"},"modified":"2019-05-02T20:25:18","modified_gmt":"2019-05-02T23:25:18","slug":"avianca-azul-latam-leilao-de-ativos","status":"publish","type":"post","link":"https:\/\/www.suno.com.br\/noticias\/avianca-azul-latam-leilao-de-ativos\/","title":{"rendered":"Avianca: Azul, Gol e Latam est\u00e3o habilitadas para participar de leil\u00e3o de ativos"},"content":{"rendered":"<p>As companhias a\u00e9reas Azul, Gol e Latam est\u00e3o habilitadas para participar do leil\u00e3o dos ativos da Avianca, marcado para o dia 7 de maio.\u00a0Ao todo, ser\u00e3o leiloadas sete unidades isoladas (UPIs) da Avianca Brasil, que est\u00e1 em <a href=\"https:\/\/www.suno.com.br\/artigos\/recuperacao-judicial\/\">recupera\u00e7\u00e3o judicial<\/a>. A informa\u00e7\u00e3o \u00e9 do jornal&#8221;Valor Econ\u00f4mico&#8221;.<\/p>\t<div class=\"wrapper-featured-image\">\n\t\t<figure class=\"spotlightImg\">\n\n\t\t\t<picture>\n\t\t\t\t<source media=\"(max-width: 768px)\" srcset=\"https:\/\/files.sunoresearch.com.br\/n\/uploads\/2019\/05\/d08bdac9-15821462391_b073f90329_k-400x200.webp\">\n\t\t\t\t<img loading=\"lazy\" decoding=\"async\" class=\"newsContent__article__imgCapa lazyloadDisabled newsContent__article__imgCapa--noCaption\" src=\"https:\/\/files.sunoresearch.com.br\/n\/uploads\/2019\/05\/d08bdac9-15821462391_b073f90329_k-800x450.webp\" width=\"800\" height=\"450\" alt=\"Avianca: Azul, Gol e Latam est\u00e3o habilitadas para participar de leil\u00e3o de ativos\" fetchpriority=high \/>\n\t\t\t<\/picture>\n\n\t\t\t<figcaption class=\"wp-caption-text wp-caption-text--hide\">A Justi\u00e7a de S\u00e3o Paulo liberou nesta segunda-feira (17) o leil\u00e3o de ativos da Avianca Brasil. <\/figcaption>\n\t\t<\/figure>\n\t<\/div>\n\n\n<p>Mais cedo, a <strong>Avianca<\/strong> informou que demitiu 30% dos funcion\u00e1rios que trabalham na empresa em <strong>Guarulhos<\/strong>.\u00a0A companhia a\u00e9rea tinha encerrado suas opera\u00e7\u00f5es no aeroporto desde o dia 28 de abril.<\/p>\n<p><a href=\"https:\/\/www.suno.com.br\/noticias\/avianca-demite-30-funcionarios-guarulhos\/\">Saiba mais:\u00a0Avianca demite 30% dos funcion\u00e1rios no aeroporto de Guarulhos<\/a><\/p>\n<p>Entre 70 e 80 funcion\u00e1rio foram demitidos.\u00a0Os desligamentos atingiram especialmente os atendentes dos guich\u00eas da empresa e auxiliares de embarque.\u00a0Segundo o <strong>Sindicato dos Aerovi\u00e1rios de Guarulhos<\/strong>, cerca de 140 funcion\u00e1rios da companhia a\u00e9rea continuar\u00e3o a trabalhar no local<\/p>\n<h2>Proposta da Azul<\/h2>\n<p>Em 11 de mar\u00e7o, a <strong>Azul<\/strong> teria assinado uma proposta n\u00e3o-vinculante para a aquisi\u00e7\u00e3o de parte dos ativos da <strong>Avianca<\/strong> atrav\u00e9s de uma <strong>Unidade Produtiva Isolada<\/strong> (UPI).<\/p>\n<p>O valor total da opera\u00e7\u00e3o seria de\u00a0US$ 105 milh\u00f5es. A proposta foi exposta em um plano de <a href=\"https:\/\/www.suno.com.br\/artigos\/recuperacao-judicial\/\">recupera\u00e7\u00e3o judicial<\/a> da Avianca, e a <strong>UPI<\/strong> teria:<\/p>\n<ul>\n<li>certificado de operador a\u00e9reo;<\/li>\n<li>70 pares de direitos de pousos e decolagens (\u201cslots\u201d);<\/li>\n<li>aproximadamente 30 <strong>aeronaves Airbus A320.<\/strong><\/li>\n<\/ul>\n<p>Os slots seriam nos aeroportos\u00a0nos aeroportos de <strong>Congonhas<\/strong> e\u00a0<strong>Guarulhos (S\u00e3o Paulo)<\/strong> e <strong>Santos Dumont<\/strong> (<strong>Rio de Janeiro<\/strong>). Alguns dos aeroportos mais importantes do Brasil.<\/p>\n<p><a href=\"https:\/\/www.suno.com.br\/noticias\/azul-presenca-congonhas-acordo-avianca-acoes-disparam\/\">Saiba mais &#8211; Azul pode mais que dobrar presen\u00e7a em Congonhas; a\u00e7\u00f5es disparam<\/a><\/p>\n<p>Em 4 de mar\u00e7o, a <strong>Gol<\/strong> e a <strong>Latam<\/strong> entraram na disputa para adquirir partes da Avianca. No plano de recupera\u00e7\u00e3o judicial alternativo \u00e0quele proposto pela Gol, havia a cria\u00e7\u00e3o de sete <strong>UPIs<\/strong>. Seis unidades conter\u00e3o apenas &#8220;slots&#8221; dos aeroportos de Congonhas, Guarulhos e Gale\u00e3o, e uma unidade englobar\u00e1 os ativos do programa de fidelidade Amigo.<\/p>\n\t<p>\n\t\t<a href=\"https:\/\/lp.statusinvest.com.br\/ao\/assessoria-status-invest\/\" target=\"_blank\" data-element=\"shortcode-suno-banner\" title=\"Banner SUNO, clique e saiba mais\">\n\t\t\t<picture>\n\t\t\t\t<source media=\"(max-width: 500px)\" srcset=\"https:\/\/files.sunoresearch.com.br\/n\/uploads\/2024\/03\/400x300-Mobile-1.png\">\n\t\t\t\t<img class=\"newsContent__article__imgCapa newsContent__article__imgCapa--banner\"\n\t\t\t\t\tsrc=\"https:\/\/files.sunoresearch.com.br\/n\/uploads\/2024\/03\/1420-x-240-Desktop.png\"\n\t\t\t\t\tdata-promo-id=\"537299\"\t\t\t\t\t\t\t\t\t\twidth='1420' height='250'\t\t\t\t\talt=\"https:\/\/files.sunoresearch.com.br\/n\/uploads\/2024\/03\/1420-x-240-Desktop.png\"\n\t\t\t\t>\n\t\t\t<\/picture>\n\t\t<\/a>\n\t<\/p>\n\n\n<p>A <strong>Gol<\/strong> informou em nota seu interesse na compra de ativos da concorrente.\u00a0 A companhia a\u00e9rea teria assinado um acordo vinculante com o fundo ativista <strong>Elliott Management<\/strong>, para entrar na disputa. Em tal acordo, haveria compra pela companhia a\u00e9rea de US$ 5 milh\u00f5es em empr\u00e9stimos, feitos pelo fundo, \u00e0 Avianca.<\/p>\n<p>Conforme o acordo assinado com o <a href=\"https:\/\/www.suno.com.br\/artigos\/fundo-de-hedge\/\">fundo de hedge<\/a>, a <strong>Gol<\/strong> faria a oferta pela <strong>UPI<\/strong> A, que re\u00fane:<\/p>\n<ul>\n<li>10 slots em Congonhas;<\/li>\n<li>10 em Guarulhos;<\/li>\n<li>e 6 em Santos Dumont.<\/li>\n<\/ul>\n<p>Por sua vez, a Latam faria proposta pela <strong>UPI<\/strong> B, que possui:<\/p>\n<ul>\n<li>13 slots em Guarulhos;<\/li>\n<li>8 em Congonhas;<\/li>\n<li>e 4 em Santos Dumont.<\/li>\n<\/ul>\n<p>O presidente-executivo da <strong>Latam,<\/strong> <a href=\"https:\/\/www.suno.com.br\/tudo-sobre\/jerome-cadier\/\">Jerome Cadier<\/a>, confirmou a inten\u00e7\u00e3o de comprar uma parte da <strong>Avianca<\/strong> por ao menos US$ 70 milh\u00f5es (R$ 268 milh\u00f5es).<\/p>\n\t<p>\n\t\t<a href=\"https:\/\/lp.suno.com.br\/asset\/fundos\/suno-fic-fia\/\" target=\"_blank\" data-element=\"shortcode-suno-banner\" title=\"Banner SUNO, clique e saiba mais\">\n\t\t\t<picture>\n\t\t\t\t<source media=\"(max-width: 500px)\" srcset=\"https:\/\/files.sunoresearch.com.br\/n\/uploads\/2023\/10\/SUNO-FIC-FIA-400x300-Mobile-Artigos-5-v2.png\">\n\t\t\t\t<img class=\"newsContent__article__imgCapa newsContent__article__imgCapa--banner\"\n\t\t\t\t\tsrc=\"https:\/\/files.sunoresearch.com.br\/n\/uploads\/2023\/10\/SUNO-FIC-FIA-1420x240-Banner-Artigos-1-_-Banner-Materias-4-v2-png.webp\"\n\t\t\t\t\tdata-promo-id=\"478743\"\t\t\t\t\t\t\t\t\t\twidth='2560' height='433'\t\t\t\t\talt=\"https:\/\/files.sunoresearch.com.br\/n\/uploads\/2023\/10\/SUNO-FIC-FIA-1420x240-Banner-Artigos-1-_-Banner-Materias-4-v2-png.webp\"\n\t\t\t\t>\n\t\t\t<\/picture>\n\t\t<\/a>\n\t<\/p>\n\n\n<h2>Plano proposto pela Gol, Latam e Elliott vence<\/h2>\n<p>Na Assembleia de credores da <strong>Avianca<\/strong>, ocorrida em 5 de mar\u00e7o, o plano de <strong>recupera\u00e7\u00e3o judicial<\/strong> foi aquele da <strong>Gol<\/strong>, em conjunto com a <strong>Latam <\/strong>e o Elliott.<\/p>\n<p><a href=\"https:\/\/www.suno.com.br\/noticias\/avianca-assembleia-de-credores-tem-debate-entre-azul-elliott-e-avianca\/\">Saiba mais &#8211; Avianca: assembleia de credores tem debate entre Azul e Elliott<\/a><\/p>\n<p>Entre os presentes na assembleia, 80% concordaram com os termos de cria\u00e7\u00e3o de sete <strong>UPIs<\/strong>, a serem leiloadas. O <strong>leil\u00e3o<\/strong> est\u00e1 marcado para 7 de maio.<\/p>\n<p>&nbsp;<\/p>\n","protected":false},"excerpt":{"rendered":"<p>As companhias a\u00e9reas Azul, Gol e Latam est\u00e3o habilitadas para participar do leil\u00e3o dos ativos da Avianca, marcado para o dia 7 de maio.\u00a0Ao todo, ser\u00e3o leiloadas sete unidades isoladas (UPIs) da Avianca Brasil, que est\u00e1 em recupera\u00e7\u00e3o judicial. A informa\u00e7\u00e3o \u00e9 do jornal&#8221;Valor Econ\u00f4mico&#8221;. A Justi\u00e7a de S\u00e3o Paulo liberou nesta segunda-feira (17) o [&hellip;]<\/p>\n","protected":false},"author":14,"featured_media":23074,"comment_status":"closed","ping_status":"closed","sticky":false,"template":"","format":"standard","meta":[],"categories":[64],"tags":[840,106932,489,739],"suno_strategy":[],"class_list":["post-23072","post","type-post","status-publish","format-standard","has-post-thumbnail","hentry","category-negocios","tag-avianca","tag-azul-azul4","tag-gol-linhas-aereas-goll11-goll4","tag-latam"],"yoast_head":"<!-- This site is optimized with the Yoast SEO plugin v24.4 - https:\/\/yoast.com\/wordpress\/plugins\/seo\/ -->\n<title>Avianca: Azul, Gol e Latam est\u00e3o habilitadas para leil\u00e3o de ativos<\/title>\n<meta name=\"description\" content=\"Mais cedo, a Avianca informou que demitiu 30% dos funcion\u00e1rios que trabalham na empresa em Guarulhos. Clique aqui para saber mais.\" \/>\n<meta name=\"robots\" content=\"index, follow, max-snippet:-1, max-image-preview:large, max-video-preview:-1\" \/>\n<link rel=\"canonical\" href=\"https:\/\/www.suno.com.br\/noticias\/avianca-azul-latam-leilao-de-ativos\/\" \/>\n<meta property=\"og:locale\" content=\"pt_BR\" \/>\n<meta property=\"og:type\" content=\"article\" \/>\n<meta property=\"og:title\" content=\"Avianca: Azul, Gol e Latam est\u00e3o habilitadas para leil\u00e3o de ativos\" \/>\n<meta property=\"og:description\" content=\"Mais cedo, a Avianca informou que demitiu 30% dos funcion\u00e1rios que trabalham na empresa em Guarulhos. Clique aqui para saber mais.\" \/>\n<meta property=\"og:url\" content=\"https:\/\/www.suno.com.br\/noticias\/avianca-azul-latam-leilao-de-ativos\/\" \/>\n<meta property=\"og:site_name\" content=\"Suno Not\u00edcias\" \/>\n<meta property=\"article:publisher\" content=\"https:\/\/facebook.com\/sunoresearch\" \/>\n<meta property=\"og:image\" content=\"https:\/\/files.sunoresearch.com.br\/n\/uploads\/2019\/05\/d08bdac9-15821462391_b073f90329_k.jpg\" \/>\n\t<meta property=\"og:image:width\" content=\"2048\" \/>\n\t<meta property=\"og:image:height\" content=\"1365\" \/>\n\t<meta property=\"og:image:type\" content=\"image\/jpeg\" \/>\n<meta name=\"author\" content=\"Renan Dantas\" \/>\n<meta name=\"twitter:card\" content=\"summary_large_image\" \/>\n<meta name=\"twitter:creator\" content=\"@sunoresearch\" \/>\n<meta name=\"twitter:site\" content=\"@sunoresearch\" \/>\n<meta name=\"twitter:label1\" content=\"Escrito por\" \/>\n\t<meta name=\"twitter:data1\" content=\"Renan Dantas\" \/>\n\t<meta name=\"twitter:label2\" content=\"Est. tempo de leitura\" \/>\n\t<meta name=\"twitter:data2\" content=\"3 minutos\" \/>\n<script type=\"application\/ld+json\" class=\"yoast-schema-graph\">{\"@context\":\"https:\/\/schema.org\",\"@graph\":[{\"@type\":\"NewsArticle\",\"@id\":\"https:\/\/www.suno.com.br\/noticias\/avianca-azul-latam-leilao-de-ativos\/#article\",\"isPartOf\":{\"@id\":\"https:\/\/www.suno.com.br\/noticias\/avianca-azul-latam-leilao-de-ativos\/\"},\"author\":{\"name\":\"Renan Dantas\",\"@id\":\"https:\/\/www.suno.com.br\/noticias\/#\/schema\/person\/3f7693d5795a3f6d5ce15309ee785699\"},\"headline\":\"Avianca: Azul, Gol e Latam est\u00e3o habilitadas para participar de leil\u00e3o de ativos\",\"datePublished\":\"2019-05-02T23:25:18+00:00\",\"mainEntityOfPage\":{\"@id\":\"https:\/\/www.suno.com.br\/noticias\/avianca-azul-latam-leilao-de-ativos\/\"},\"wordCount\":543,\"publisher\":{\"@id\":\"https:\/\/www.suno.com.br\/noticias\/#organization\"},\"image\":{\"@id\":\"https:\/\/www.suno.com.br\/noticias\/avianca-azul-latam-leilao-de-ativos\/#primaryimage\"},\"thumbnailUrl\":\"https:\/\/files.sunoresearch.com.br\/n\/uploads\/2019\/05\/d08bdac9-15821462391_b073f90329_k-jpg.webp\",\"keywords\":[\"Avianca\",\"Azul (AZUL4)\",\"Gol Linhas A\u00e9reas (GOLL11\/GOLL4)\",\"Latam\"],\"articleSection\":[\"Neg\u00f3cios\"],\"inLanguage\":\"pt-BR\"},{\"@type\":\"WebPage\",\"@id\":\"https:\/\/www.suno.com.br\/noticias\/avianca-azul-latam-leilao-de-ativos\/\",\"url\":\"https:\/\/www.suno.com.br\/noticias\/avianca-azul-latam-leilao-de-ativos\/\",\"name\":\"Avianca: Azul, Gol e Latam est\u00e3o habilitadas para leil\u00e3o de ativos\",\"isPartOf\":{\"@id\":\"https:\/\/www.suno.com.br\/noticias\/#website\"},\"primaryImageOfPage\":{\"@id\":\"https:\/\/www.suno.com.br\/noticias\/avianca-azul-latam-leilao-de-ativos\/#primaryimage\"},\"image\":{\"@id\":\"https:\/\/www.suno.com.br\/noticias\/avianca-azul-latam-leilao-de-ativos\/#primaryimage\"},\"thumbnailUrl\":\"https:\/\/files.sunoresearch.com.br\/n\/uploads\/2019\/05\/d08bdac9-15821462391_b073f90329_k-jpg.webp\",\"datePublished\":\"2019-05-02T23:25:18+00:00\",\"description\":\"Mais cedo, a Avianca informou que demitiu 30% dos funcion\u00e1rios que trabalham na empresa em Guarulhos. Clique aqui para saber mais.\",\"breadcrumb\":{\"@id\":\"https:\/\/www.suno.com.br\/noticias\/avianca-azul-latam-leilao-de-ativos\/#breadcrumb\"},\"inLanguage\":\"pt-BR\",\"potentialAction\":[{\"@type\":\"ReadAction\",\"target\":[\"https:\/\/www.suno.com.br\/noticias\/avianca-azul-latam-leilao-de-ativos\/\"]}]},{\"@type\":\"ImageObject\",\"inLanguage\":\"pt-BR\",\"@id\":\"https:\/\/www.suno.com.br\/noticias\/avianca-azul-latam-leilao-de-ativos\/#primaryimage\",\"url\":\"https:\/\/files.sunoresearch.com.br\/n\/uploads\/2019\/05\/d08bdac9-15821462391_b073f90329_k-jpg.webp\",\"contentUrl\":\"https:\/\/files.sunoresearch.com.br\/n\/uploads\/2019\/05\/d08bdac9-15821462391_b073f90329_k-jpg.webp\",\"width\":2048,\"height\":1365,\"caption\":\"A Justi\u00e7a de S\u00e3o Paulo liberou nesta segunda-feira (17) o leil\u00e3o de ativos da Avianca Brasil.\"},{\"@type\":\"BreadcrumbList\",\"@id\":\"https:\/\/www.suno.com.br\/noticias\/avianca-azul-latam-leilao-de-ativos\/#breadcrumb\",\"itemListElement\":[{\"@type\":\"ListItem\",\"position\":1,\"name\":\"Not\u00edcias\",\"item\":\"https:\/\/www.suno.com.br\/noticias\/\"},{\"@type\":\"ListItem\",\"position\":2,\"name\":\"Neg\u00f3cios\",\"item\":\"https:\/\/www.suno.com.br\/noticias\/negocios\/\"},{\"@type\":\"ListItem\",\"position\":3,\"name\":\"Avianca: Azul, Gol e Latam est\u00e3o habilitadas para participar de leil\u00e3o de ativos\"}]},{\"@type\":\"WebSite\",\"@id\":\"https:\/\/www.suno.com.br\/noticias\/#website\",\"url\":\"https:\/\/www.suno.com.br\/noticias\/\",\"name\":\"Suno Not\u00edcias\",\"description\":\"Seu portal de informa\u00e7\u00e3o sobre o mundo dos investimentos\",\"publisher\":{\"@id\":\"https:\/\/www.suno.com.br\/noticias\/#organization\"},\"potentialAction\":[{\"@type\":\"SearchAction\",\"target\":{\"@type\":\"EntryPoint\",\"urlTemplate\":\"https:\/\/www.suno.com.br\/noticias\/?s={search_term_string}\"},\"query-input\":{\"@type\":\"PropertyValueSpecification\",\"valueRequired\":true,\"valueName\":\"search_term_string\"}}],\"inLanguage\":\"pt-BR\"},{\"@type\":\"Organization\",\"@id\":\"https:\/\/www.suno.com.br\/noticias\/#organization\",\"name\":\"Suno Not\u00edcias\",\"url\":\"https:\/\/www.suno.com.br\/noticias\/\",\"logo\":{\"@type\":\"ImageObject\",\"inLanguage\":\"pt-BR\",\"@id\":\"https:\/\/www.suno.com.br\/noticias\/#\/schema\/logo\/image\/\",\"url\":\"https:\/\/files.sunoresearch.com.br\/n\/uploads\/2021\/09\/suno-logo.png\",\"contentUrl\":\"https:\/\/files.sunoresearch.com.br\/n\/uploads\/2021\/09\/suno-logo.png\",\"width\":180,\"height\":180,\"caption\":\"Suno Not\u00edcias\"},\"image\":{\"@id\":\"https:\/\/www.suno.com.br\/noticias\/#\/schema\/logo\/image\/\"},\"sameAs\":[\"https:\/\/facebook.com\/sunoresearch\",\"https:\/\/x.com\/sunoresearch\",\"https:\/\/www.instagram.com\/suno\",\"https:\/\/www.linkedin.com\/company\/suno-research\/\",\"https:\/\/www.youtube.com\/c\/sunoresearch\"]},{\"@type\":\"Person\",\"@id\":\"https:\/\/www.suno.com.br\/noticias\/#\/schema\/person\/3f7693d5795a3f6d5ce15309ee785699\",\"name\":\"Renan Dantas\",\"image\":{\"@type\":\"ImageObject\",\"inLanguage\":\"pt-BR\",\"@id\":\"https:\/\/www.suno.com.br\/noticias\/#\/schema\/person\/image\/\",\"url\":\"https:\/\/secure.gravatar.com\/avatar\/1787b83e7484a08e51d62ac8b41c8396?s=96&r=g\",\"contentUrl\":\"https:\/\/secure.gravatar.com\/avatar\/1787b83e7484a08e51d62ac8b41c8396?s=96&r=g\",\"caption\":\"Renan Dantas\"},\"description\":\"Escreve sobre pol\u00edtica e mercado financeiro para o portal Suno Not\u00edcias. Antes, atuou na assessoria de comunica\u00e7\u00e3o do Minist\u00e9rio P\u00fablico do Trabalho e na R\u00e1dio Mackenzie, onde apresentava e produzia um programa sobre artistas da m\u00fasica brasileira. \u00c9 estudante na Universidade Presbiteriana Mackenzie.\",\"url\":\"https:\/\/www.suno.com.br\/noticias\/author\/renan-dantas\/\"}]}<\/script>\n<!-- \/ Yoast SEO plugin. -->","yoast_head_json":{"title":"Avianca: Azul, Gol e Latam est\u00e3o habilitadas para leil\u00e3o de ativos","description":"Mais cedo, a Avianca informou que demitiu 30% dos funcion\u00e1rios que trabalham na empresa em Guarulhos. Clique aqui para saber mais.","robots":{"index":"index","follow":"follow","max-snippet":"max-snippet:-1","max-image-preview":"max-image-preview:large","max-video-preview":"max-video-preview:-1"},"canonical":"https:\/\/www.suno.com.br\/noticias\/avianca-azul-latam-leilao-de-ativos\/","og_locale":"pt_BR","og_type":"article","og_title":"Avianca: Azul, Gol e Latam est\u00e3o habilitadas para leil\u00e3o de ativos","og_description":"Mais cedo, a Avianca informou que demitiu 30% dos funcion\u00e1rios que trabalham na empresa em Guarulhos. Clique aqui para saber mais.","og_url":"https:\/\/www.suno.com.br\/noticias\/avianca-azul-latam-leilao-de-ativos\/","og_site_name":"Suno Not\u00edcias","article_publisher":"https:\/\/facebook.com\/sunoresearch","og_image":[{"width":2048,"height":1365,"url":"https:\/\/files.sunoresearch.com.br\/n\/uploads\/2019\/05\/d08bdac9-15821462391_b073f90329_k.jpg","type":"image\/jpeg"}],"author":"Renan Dantas","twitter_card":"summary_large_image","twitter_creator":"@sunoresearch","twitter_site":"@sunoresearch","twitter_misc":{"Escrito por":"Renan Dantas","Est. tempo de leitura":"3 minutos"},"schema":{"@context":"https:\/\/schema.org","@graph":[{"@type":"NewsArticle","@id":"https:\/\/www.suno.com.br\/noticias\/avianca-azul-latam-leilao-de-ativos\/#article","isPartOf":{"@id":"https:\/\/www.suno.com.br\/noticias\/avianca-azul-latam-leilao-de-ativos\/"},"author":{"name":"Renan Dantas","@id":"https:\/\/www.suno.com.br\/noticias\/#\/schema\/person\/3f7693d5795a3f6d5ce15309ee785699"},"headline":"Avianca: Azul, Gol e Latam est\u00e3o habilitadas para participar de leil\u00e3o de ativos","datePublished":"2019-05-02T23:25:18+00:00","mainEntityOfPage":{"@id":"https:\/\/www.suno.com.br\/noticias\/avianca-azul-latam-leilao-de-ativos\/"},"wordCount":543,"publisher":{"@id":"https:\/\/www.suno.com.br\/noticias\/#organization"},"image":{"@id":"https:\/\/www.suno.com.br\/noticias\/avianca-azul-latam-leilao-de-ativos\/#primaryimage"},"thumbnailUrl":"https:\/\/files.sunoresearch.com.br\/n\/uploads\/2019\/05\/d08bdac9-15821462391_b073f90329_k-jpg.webp","keywords":["Avianca","Azul (AZUL4)","Gol Linhas A\u00e9reas (GOLL11\/GOLL4)","Latam"],"articleSection":["Neg\u00f3cios"],"inLanguage":"pt-BR"},{"@type":"WebPage","@id":"https:\/\/www.suno.com.br\/noticias\/avianca-azul-latam-leilao-de-ativos\/","url":"https:\/\/www.suno.com.br\/noticias\/avianca-azul-latam-leilao-de-ativos\/","name":"Avianca: Azul, Gol e Latam est\u00e3o habilitadas para leil\u00e3o de ativos","isPartOf":{"@id":"https:\/\/www.suno.com.br\/noticias\/#website"},"primaryImageOfPage":{"@id":"https:\/\/www.suno.com.br\/noticias\/avianca-azul-latam-leilao-de-ativos\/#primaryimage"},"image":{"@id":"https:\/\/www.suno.com.br\/noticias\/avianca-azul-latam-leilao-de-ativos\/#primaryimage"},"thumbnailUrl":"https:\/\/files.sunoresearch.com.br\/n\/uploads\/2019\/05\/d08bdac9-15821462391_b073f90329_k-jpg.webp","datePublished":"2019-05-02T23:25:18+00:00","description":"Mais cedo, a Avianca informou que demitiu 30% dos funcion\u00e1rios que trabalham na empresa em Guarulhos. Clique aqui para saber mais.","breadcrumb":{"@id":"https:\/\/www.suno.com.br\/noticias\/avianca-azul-latam-leilao-de-ativos\/#breadcrumb"},"inLanguage":"pt-BR","potentialAction":[{"@type":"ReadAction","target":["https:\/\/www.suno.com.br\/noticias\/avianca-azul-latam-leilao-de-ativos\/"]}]},{"@type":"ImageObject","inLanguage":"pt-BR","@id":"https:\/\/www.suno.com.br\/noticias\/avianca-azul-latam-leilao-de-ativos\/#primaryimage","url":"https:\/\/files.sunoresearch.com.br\/n\/uploads\/2019\/05\/d08bdac9-15821462391_b073f90329_k-jpg.webp","contentUrl":"https:\/\/files.sunoresearch.com.br\/n\/uploads\/2019\/05\/d08bdac9-15821462391_b073f90329_k-jpg.webp","width":2048,"height":1365,"caption":"A Justi\u00e7a de S\u00e3o Paulo liberou nesta segunda-feira (17) o leil\u00e3o de ativos da Avianca Brasil."},{"@type":"BreadcrumbList","@id":"https:\/\/www.suno.com.br\/noticias\/avianca-azul-latam-leilao-de-ativos\/#breadcrumb","itemListElement":[{"@type":"ListItem","position":1,"name":"Not\u00edcias","item":"https:\/\/www.suno.com.br\/noticias\/"},{"@type":"ListItem","position":2,"name":"Neg\u00f3cios","item":"https:\/\/www.suno.com.br\/noticias\/negocios\/"},{"@type":"ListItem","position":3,"name":"Avianca: Azul, Gol e Latam est\u00e3o habilitadas para participar de leil\u00e3o de ativos"}]},{"@type":"WebSite","@id":"https:\/\/www.suno.com.br\/noticias\/#website","url":"https:\/\/www.suno.com.br\/noticias\/","name":"Suno Not\u00edcias","description":"Seu portal de informa\u00e7\u00e3o sobre o mundo dos investimentos","publisher":{"@id":"https:\/\/www.suno.com.br\/noticias\/#organization"},"potentialAction":[{"@type":"SearchAction","target":{"@type":"EntryPoint","urlTemplate":"https:\/\/www.suno.com.br\/noticias\/?s={search_term_string}"},"query-input":{"@type":"PropertyValueSpecification","valueRequired":true,"valueName":"search_term_string"}}],"inLanguage":"pt-BR"},{"@type":"Organization","@id":"https:\/\/www.suno.com.br\/noticias\/#organization","name":"Suno Not\u00edcias","url":"https:\/\/www.suno.com.br\/noticias\/","logo":{"@type":"ImageObject","inLanguage":"pt-BR","@id":"https:\/\/www.suno.com.br\/noticias\/#\/schema\/logo\/image\/","url":"https:\/\/files.sunoresearch.com.br\/n\/uploads\/2021\/09\/suno-logo.png","contentUrl":"https:\/\/files.sunoresearch.com.br\/n\/uploads\/2021\/09\/suno-logo.png","width":180,"height":180,"caption":"Suno Not\u00edcias"},"image":{"@id":"https:\/\/www.suno.com.br\/noticias\/#\/schema\/logo\/image\/"},"sameAs":["https:\/\/facebook.com\/sunoresearch","https:\/\/x.com\/sunoresearch","https:\/\/www.instagram.com\/suno","https:\/\/www.linkedin.com\/company\/suno-research\/","https:\/\/www.youtube.com\/c\/sunoresearch"]},{"@type":"Person","@id":"https:\/\/www.suno.com.br\/noticias\/#\/schema\/person\/3f7693d5795a3f6d5ce15309ee785699","name":"Renan Dantas","image":{"@type":"ImageObject","inLanguage":"pt-BR","@id":"https:\/\/www.suno.com.br\/noticias\/#\/schema\/person\/image\/","url":"https:\/\/secure.gravatar.com\/avatar\/1787b83e7484a08e51d62ac8b41c8396?s=96&r=g","contentUrl":"https:\/\/secure.gravatar.com\/avatar\/1787b83e7484a08e51d62ac8b41c8396?s=96&r=g","caption":"Renan Dantas"},"description":"Escreve sobre pol\u00edtica e mercado financeiro para o portal Suno Not\u00edcias. Antes, atuou na assessoria de comunica\u00e7\u00e3o do Minist\u00e9rio P\u00fablico do Trabalho e na R\u00e1dio Mackenzie, onde apresentava e produzia um programa sobre artistas da m\u00fasica brasileira. \u00c9 estudante na Universidade Presbiteriana Mackenzie.","url":"https:\/\/www.suno.com.br\/noticias\/author\/renan-dantas\/"}]}},"default_loop_html":"<div class=\"cardsPage__listCard__boxs\"><div class=\"cardsPage__listCard__boxs__img\"><a href=\"https:\/\/www.suno.com.br\/noticias\/avianca-azul-latam-leilao-de-ativos\/\"><img class=\"mask\" src=\"https:\/\/www.suno.com.br\/noticias\/wp-content\/themes\/suno\/resources\/images\/spotlight\/spotlight1img\/bg-mask.png\" alt=\"Image Mask\"\/><img src=\"https:\/\/files.sunoresearch.com.br\/n\/uploads\/2019\/05\/d08bdac9-15821462391_b073f90329_k-400x200.webp\" alt=\"Avianca: Azul, Gol e Latam est\u00e3o habilitadas para participar de leil\u00e3o de ativos\"\/><\/a><span class=\"spotlightCategory\"><a href=\"https:\/\/www.suno.com.br\/noticias\/negocios\/\">Neg\u00f3cios<\/a><\/span><\/div><div class=\"cardsPage__listCard__boxs__content\"><a href=\"https:\/\/www.suno.com.br\/noticias\/avianca-azul-latam-leilao-de-ativos\/\"><h2 class=\"content__title\">Avianca: Azul, Gol e Latam est\u00e3o habilitadas para participar de leil\u00e3o de ativos<\/h2><\/a><div class=\"newsContent__article__meta\"><div class=\"newsContent__article__meta__authorBox\"><a href=\"https:\/\/www.suno.com.br\/noticias\/author\/renan-dantas\/\" class=\"authorBox__avatar noMobi\"><img src=\"https:\/\/secure.gravatar.com\/avatar\/1787b83e7484a08e51d62ac8b41c8396?s=96&#038;r=g\" alt=\"Renan Dantas\"><\/a><div class=\"authorBox__name\"><span>por\n\t\t\t<a href=\"https:\/\/www.suno.com.br\/noticias\/author\/renan-dantas\/\"><span itemprop=\"author\">Renan Dantas<\/span><\/a><\/span><time datetime=\"2019-05-02T20:25:18-03:00\" itemprop=\"datePublished\">02\/05\/2019 20:25<\/time><\/div><\/div><\/div><\/div><\/div>","single_layout":"posts","amp_enabled":true,"_links":{"self":[{"href":"https:\/\/www.suno.com.br\/noticias\/wp-json\/wp\/v2\/posts\/23072"}],"collection":[{"href":"https:\/\/www.suno.com.br\/noticias\/wp-json\/wp\/v2\/posts"}],"about":[{"href":"https:\/\/www.suno.com.br\/noticias\/wp-json\/wp\/v2\/types\/post"}],"author":[{"embeddable":true,"href":"https:\/\/www.suno.com.br\/noticias\/wp-json\/wp\/v2\/users\/14"}],"replies":[{"embeddable":true,"href":"https:\/\/www.suno.com.br\/noticias\/wp-json\/wp\/v2\/comments?post=23072"}],"version-history":[{"count":0,"href":"https:\/\/www.suno.com.br\/noticias\/wp-json\/wp\/v2\/posts\/23072\/revisions"}],"wp:featuredmedia":[{"embeddable":true,"href":"https:\/\/www.suno.com.br\/noticias\/wp-json\/wp\/v2\/media\/23074"}],"wp:attachment":[{"href":"https:\/\/www.suno.com.br\/noticias\/wp-json\/wp\/v2\/media?parent=23072"}],"wp:term":[{"taxonomy":"category","embeddable":true,"href":"https:\/\/www.suno.com.br\/noticias\/wp-json\/wp\/v2\/categories?post=23072"},{"taxonomy":"post_tag","embeddable":true,"href":"https:\/\/www.suno.com.br\/noticias\/wp-json\/wp\/v2\/tags?post=23072"},{"taxonomy":"suno_strategy","embeddable":true,"href":"https:\/\/www.suno.com.br\/noticias\/wp-json\/wp\/v2\/suno_strategy?post=23072"}],"curies":[{"name":"wp","href":"https:\/\/api.w.org\/{rel}","templated":true}]}}