{"id":230568,"date":"2022-02-11T09:52:53","date_gmt":"2022-02-11T12:52:53","guid":{"rendered":"https:\/\/www.suno.com.br\/noticias\/?p=230568"},"modified":"2022-02-11T09:53:20","modified_gmt":"2022-02-11T12:53:20","slug":"nubank-nubr33-acoes-btg-reocmenda-venda-alta-40","status":"publish","type":"post","link":"https:\/\/www.suno.com.br\/noticias\/nubank-nubr33-acoes-btg-reocmenda-venda-alta-40\/","title":{"rendered":"Nubank (NUBR33): BTG recomenda venda e diz que alta de 40% &#8216;n\u00e3o faz sentido&#8217;"},"content":{"rendered":"<p>Com o cen\u00e1rio de volatilidade desde que chegou \u00e0 <a class=\"suno-keyword\" href=\"https:\/\/www.suno.com.br\/artigos\/nyse\/\" target=\"_blank\" rel=\"noopener\" data-force=\"no\" data-priority=\"1\">Bolsa de Nova York (NYSE)<\/a>, os analistas do BTG Pactual n\u00e3o veem um bom cen\u00e1rio para as a\u00e7\u00f5es do <strong>Nubank<\/strong> (<a href=\"https:\/\/www.suno.com.br\/bdrs\/nubr33\/\">NUBR33<\/a>) &#8211; <a href=\"https:\/\/www.suno.com.br\/noticias\/web-stories\/nubank-nubr33-btg-recomenda-venda-nu\/\">ainda que com uma alta expressiva de 40% acumulada entre o fim de janeiro e esta quarta (9)<\/a>.<\/p>\t<div class=\"wrapper-featured-image\">\n\t\t<figure class=\"spotlightImg\">\n\n\t\t\t<picture>\n\t\t\t\t<source media=\"(max-width: 768px)\" srcset=\"https:\/\/files.sunoresearch.com.br\/n\/uploads\/2021\/12\/Nubank-B3-400x200.jpg\">\n\t\t\t\t<img loading=\"lazy\" decoding=\"async\" class=\"newsContent__article__imgCapa lazyloadDisabled \" src=\"https:\/\/files.sunoresearch.com.br\/n\/uploads\/2021\/12\/Nubank-B3-800x450.jpg\" width=\"800\" height=\"450\" alt=\"Nubank (NUBR33): BTG recomenda venda e diz que alta de 40% &#8216;n\u00e3o faz sentido&#8217;\" fetchpriority=high \/>\n\t\t\t<\/picture>\n\n\t\t\t<figcaption class=\"wp-caption-text wp-caption-text--show\">Fundadores do Nubank: Edward Wible, David V\u00e9lez e Cristina Junqueira. <\/figcaption>\n\t\t<\/figure>\n\t<\/div>\n\n\n\t<p>\n\t\t<a href=\"https:\/\/lp.suno.com.br\/planilha-controle-gastos\/\" target=\"_blank\" data-element=\"shortcode-suno-banner\" title=\"Banner SUNO, clique e saiba mais\">\n\t\t\t<picture>\n\t\t\t\t<source media=\"(max-width: 500px)\" srcset=\"https:\/\/files.sunoresearch.com.br\/n\/uploads\/2023\/03\/400x300-Planilha-controle-de-gastos.png\">\n\t\t\t\t<img class=\"newsContent__article__imgCapa newsContent__article__imgCapa--banner\"\n\t\t\t\t\tsrc=\"https:\/\/files.sunoresearch.com.br\/n\/uploads\/2023\/03\/1420x240-Planilha-controle-de-gastos.png\"\n\t\t\t\t\tdata-promo-id=\"101751\"\t\t\t\t\t\t\t\t\t\twidth='1420' height='240'\t\t\t\t\talt=\"https:\/\/files.sunoresearch.com.br\/n\/uploads\/2023\/03\/1420x240-Planilha-controle-de-gastos.png\"\n\t\t\t\t>\n\t\t\t<\/picture>\n\t\t<\/a>\n\t<\/p>\n\n\n<p>Os analistas do banco de investimento destacam que o <strong>banco digital<\/strong> n\u00e3o est\u00e1 &#8216;imune&#8217; ao ciclo de deteriora\u00e7\u00e3o de cr\u00e9dito que deve vir nos pr\u00f3ximos meses. Para eles, as <strong>a\u00e7\u00f5es do Nubank<\/strong> cotadas a US$ 9 ou 10 &#8211; pre\u00e7o mais de 20% abaixo do pico registrado no dia do IPO &#8211; ainda s\u00e3o caras.<\/p>\n<p>Com isso, a recomenda\u00e7\u00e3o \u00e9 de <strong>venda,<\/strong>\u00a0<a href=\"https:\/\/www.suno.com.br\/artigos\/preco-alvo\">mirando um pre\u00e7o<\/a> de US$ 8,50 na janela de 12 meses. Ontem, as a\u00e7\u00f5es encerraram o dia cotadas a US$ 9,28.<\/p>\n<p>&#8220;Apesar da crescente preocupa\u00e7\u00e3o com a qualidade dos ativos e do bom desempenho das a\u00e7\u00f5es de bancos incumbentes neste ano, notamos que investidores e agentes de mercado est\u00e3o cada vez mais preocupados com a deteriora\u00e7\u00e3o do <strong>ciclo de cr\u00e9dito<\/strong> \u00e0 frente, especialmente para empr\u00e9stimos ao consumidor n\u00e3o garantidos&#8221;, diz o relat\u00f3rio.<\/p>\n<figure id=\"attachment_230589\" aria-describedby=\"caption-attachment-230589\" style=\"width: 453px\" class=\"wp-caption aligncenter\"><img loading=\"lazy\" decoding=\"async\" class=\"size-full wp-image-230589\" src=\"https:\/\/files.sunoresearch.com.br\/n\/uploads\/2022\/02\/grafnu.jpg\" alt=\"Desempenho das a\u00e7\u00f5es do Nubank - Foto: Reprodu\u00e7\u00e3o\/BTG Pactual\" width=\"453\" height=\"327\" srcset=\"https:\/\/files.sunoresearch.com.br\/n\/uploads\/2022\/02\/grafnu.jpg 453w, https:\/\/files.sunoresearch.com.br\/n\/uploads\/2022\/02\/grafnu-300x217.jpg 300w, https:\/\/files.sunoresearch.com.br\/n\/uploads\/2022\/02\/grafnu-150x108.jpg 150w\" sizes=\"(max-width: 453px) 100vw, 453px\" \/><figcaption id=\"caption-attachment-230589\" class=\"wp-caption-text\">Desempenho das a\u00e7\u00f5es do Nubank &#8211; Foto: Reprodu\u00e7\u00e3o\/BTG Pactual<\/figcaption><\/figure>\n<p>Os analistas citam o dado de que o endividamento das fam\u00edlias est\u00e1 em n\u00edvel historicamente alto, com linhas de cr\u00e9dito emergenciais como cart\u00f5es de <a class=\"suno-keyword\" href=\"https:\/\/www.suno.com.br\/artigos\/credito-rotativo\/\" target=\"_blank\" rel=\"noopener\" data-force=\"no\" data-priority=\"1\">cr\u00e9dito rotativo<\/a> e cheque especial j\u00e1 retornando\u00a0aos n\u00edveis pr\u00e9-pandemia.<\/p>\n\n\t<div data-element=\"shortcode-read-more\" class=\"readToo\">\n\t\t\t\t<span class=\"readToo__title\">Leia mais<\/span>\n\t\t\t\t<ul class=\"readToo__list\">\n\t\t\t<li><a href=\"https:\/\/www.suno.com.br\/noticias\/nubank-nubr33-preve-volatilidade-longo-prazo\/\">Nubank (NUBR33) prev\u00ea ainda mais volatilidade, mas est\u00e1 focado no longo prazo, diz ag\u00eancia<\/a><\/li><li><a href=\"https:\/\/www.suno.com.br\/noticias\/nubank-nubr-seguro-celular-clientes\/\">Nubank (NUBR3) dar\u00e1 seguro celular para clientes em parceria com a Chubb<\/a><\/li><li><a href=\"https:\/\/www.suno.com.br\/noticias\/nubank-nubr33-sai-10-mais-valiosas-latam\/\">Nubank (NUBR33) sai da lista de 10 empresas mais valiosas da Am\u00e9rica Latina; veja motivos<\/a><\/li>\t\t<\/ul>\n\t<\/div>\n\n\n<p>Al\u00e9m disso, a estimativa \u00e9 de que o ciclo de cr\u00e9dito piore \u00e0 frente.<\/p>\n<p>&#8220;Dados recentes e coment\u00e1rios de gerenciamento indicam um cen\u00e1rio mais nebuloso \u00e0 frente. Durante a teleconfer\u00eancia do <a class=\"suno-keyword\" href=\"https:\/\/www.suno.com.br\/acoes\/SANB11\/\" target=\"_blank\" rel=\"noopener\" data-force=\"yes\" data-priority=\"2\">Santander (SANB11)<\/a> para discutir seus n\u00fameros do quarto trimestre, a administra\u00e7\u00e3o mencionou que \u00e9 cada vez mais cautelosa no cr\u00e9dito devido a preocupa\u00e7\u00f5es relacionadas com o elevado endividamento das fam\u00edlias n\u00edveis, especialmente para indiv\u00edduos de baixa renda&#8221;, afirmam.<\/p>\n<p>Ao mesmo tempo, o <a class=\"suno-keyword\" href=\"https:\/\/www.suno.com.br\/acoes\/BPAN4\/\" target=\"_blank\" rel=\"noopener\" data-force=\"yes\" data-priority=\"2\">Banco Pan (BPAN4)<\/a>, outro player de cr\u00e9dito ao consumidor, mencionou em sua teleconfer\u00eancia que ser\u00e1 mais cuidadoso com os empr\u00e9stimos de cart\u00e3o de cr\u00e9dito \u00e0 frente.<\/p>\n<p>J\u00e1 a empresa <a class=\"suno-keyword\" href=\"https:\/\/www.suno.com.br\/acoes\/PSSA3\/\" target=\"_blank\" rel=\"noopener\" data-force=\"yes\" data-priority=\"2\">Porto Seguro (PSSA3)<\/a>, que tamb\u00e9m possui uma grande <a href=\"https:\/\/www.suno.com.br\/artigos\/cartao-de-credito\">carteira de cart\u00f5es de cr\u00e9dito<\/a>, viu sua inadimpl\u00eancia de 90 dias saltar 90bps na compara\u00e7\u00e3o trimestral para 5,3% no quarto trimestre.<\/p>\n\t<p>\n\t\t<a href=\"https:\/\/lp.suno.com.br\/planilha-da-vida-financeira\/\" target=\"_blank\" data-element=\"shortcode-suno-banner\" title=\"Banner SUNO, clique e saiba mais\">\n\t\t\t<picture>\n\t\t\t\t<source media=\"(max-width: 500px)\" srcset=\"https:\/\/files.sunoresearch.com.br\/n\/uploads\/2023\/04\/400x300-Planilha-vida-financeira-true.png\">\n\t\t\t\t<img class=\"newsContent__article__imgCapa newsContent__article__imgCapa--banner\"\n\t\t\t\t\tsrc=\"https:\/\/files.sunoresearch.com.br\/n\/uploads\/2023\/04\/1420x240-Planilha-vida-financeira-true.png\"\n\t\t\t\t\tdata-promo-id=\"106682\"\t\t\t\t\t\t\t\t\t\twidth='1420' height='240'\t\t\t\t\talt=\"https:\/\/files.sunoresearch.com.br\/n\/uploads\/2023\/04\/1420x240-Planilha-vida-financeira-true.png\"\n\t\t\t\t>\n\t\t\t<\/picture>\n\t\t<\/a>\n\t<\/p>\n\n\n<p>Os analistas do BTG destacaram terem ouvido, em reuni\u00e3o recente com um alto executivo de cr\u00e9dito para pequenas e m\u00e9dias empresas e consumidor do <a href=\"https:\/\/statusinvest.com.br\/fundos-de-investimento\/daycoval-rf-fi-cp\">Banco Daycoval<\/a>, que o cr\u00e9dito n\u00e3o garantido deve ser o primeiro a sofrer deteriora\u00e7\u00e3o da qualidade dos ativos.<\/p>\n<h2>Rali recente do Nubank &#8216;n\u00e3o faz sentido&#8217;<\/h2>\n<p>A escalda na cota\u00e7\u00e3o na semana anterior n\u00e3o \u00e9 justific\u00e1vel, segundo os analistas do banco de investimento, considerando a cautela mostrada pelos executivos do setor banc\u00e1rio.<\/p>\n<p>&#8220;Parece contra-intuitivo que as a\u00e7\u00f5es do Nubank tiveram um desempenho t\u00e3o bom nos \u00faltimos dias&#8221;, dizem.<\/p>\n<p><a href=\"https:\/\/www.suno.com.br\/artigos\/ipo\">Ap\u00f3s o <strong>IPO<\/strong> em US$ 9 por a\u00e7\u00e3o<\/a>, o papel subiu 32% nos dois primeiros dias de negocia\u00e7\u00e3o, antes de entrar em grande liquida\u00e7\u00e3o, chegando a US$ 6,75 em 28 de janeiro.<\/p>\n<figure id=\"attachment_230591\" aria-describedby=\"caption-attachment-230591\" style=\"width: 729px\" class=\"wp-caption aligncenter\"><img loading=\"lazy\" decoding=\"async\" class=\"size-full wp-image-230591\" src=\"https:\/\/files.sunoresearch.com.br\/n\/uploads\/2022\/02\/ind.jpg\" alt=\"Indicadores do Nubank - Foto: Reprodu\u00e7\u00e3o\/BTG Pactual\" width=\"729\" height=\"279\" srcset=\"https:\/\/files.sunoresearch.com.br\/n\/uploads\/2022\/02\/ind.jpg 729w, https:\/\/files.sunoresearch.com.br\/n\/uploads\/2022\/02\/ind-300x115.jpg 300w, https:\/\/files.sunoresearch.com.br\/n\/uploads\/2022\/02\/ind-150x57.jpg 150w\" sizes=\"(max-width: 729px) 100vw, 729px\" \/><figcaption id=\"caption-attachment-230591\" class=\"wp-caption-text\">Indicadores do Nubank &#8211; Foto: Reprodu\u00e7\u00e3o\/BTG Pactual<\/figcaption><\/figure>\n<p>Com o rali recente, findado em 9 de janeiro, <a href=\"https:\/\/www.suno.com.br\/noticias\/nubank-nubr33-sai-10-mais-valiosas-latam\/\">a companhia voltou a ter valor de mercado maior<\/a> que o <a href=\"https:\/\/www.suno.com.br\/acoes\/itub4\">Ita\u00fa (ITUB4)<\/a> e <a href=\"https:\/\/www.suno.com.br\/acoes\/bbdc4\/\">Bradesco (BBDC4)<\/a> em termos de valor de mercado. De l\u00e1 para c\u00e1, a companhia caiu mais 9% e est\u00e1 cotada em atuais US$ 9,28.<\/p>\n<p>&#8220;N\u00e3o sabemos se \u00e9 coincid\u00eancia ou n\u00e3o, mas o forte desempenho come\u00e7ou logo ap\u00f3s o fundador e CEO. David Velez, afirmar \u00e0 imprensa que v\u00ea o cen\u00e1rio desafiador como uma oportunidade para reduzir as taxas de juros para tornar seus produtos mais competitivos e ganhar participa\u00e7\u00e3o de mercado&#8221;, analisa o BTG.<\/p>\n\t<p>\n\t\t<a href=\"https:\/\/lp.suno.com.br\/ebook-como-analisar-uma-acao\/\" target=\"_blank\" data-element=\"shortcode-suno-banner\" title=\"Banner SUNO, clique e saiba mais\">\n\t\t\t<picture>\n\t\t\t\t<source media=\"(max-width: 500px)\" srcset=\"https:\/\/files.sunoresearch.com.br\/n\/uploads\/2023\/03\/Ebook-Acoes-Mobile-1.jpg\">\n\t\t\t\t<img class=\"newsContent__article__imgCapa newsContent__article__imgCapa--banner\"\n\t\t\t\t\tsrc=\"https:\/\/files.sunoresearch.com.br\/n\/uploads\/2023\/03\/Ebook-Acoes-Desktop-1.jpg\"\n\t\t\t\t\tdata-promo-id=\"171998\"\t\t\t\t\t\t\t\t\t\twidth='1420' height='286'\t\t\t\t\talt=\"https:\/\/files.sunoresearch.com.br\/n\/uploads\/2023\/03\/Ebook-Acoes-Desktop-1.jpg\"\n\t\t\t\t>\n\t\t\t<\/picture>\n\t\t<\/a>\n\t<\/p>\n\n\n<p>&#8220;Ele tamb\u00e9m mencionou que a curta dura\u00e7\u00e3o da a <strong>carteira do Nubank<\/strong> permite uma melhor avalia\u00e7\u00e3o de risco. Apesar de ter um desempenho melhor que o sistema, o Nubank est\u00e1 muito mais exposto a empr\u00e9stimos mais arriscados do que os incumbentes&#8221;, segue.<\/p>\n<p>Mesmo com desempenho melhor do que o mercado, e partindo do pressuposto que os NPLs de cart\u00e3o de cr\u00e9dito ir\u00e3o se deteriorar, a estimativa \u00e9 de uma piora no <a class=\"suno-keyword\" href=\"https:\/\/www.suno.com.br\/artigos\/resultado-financeiro\/\" target=\"_blank\" rel=\"noopener\" data-force=\"no\" data-priority=\"1\">resultado financeiro<\/a> da companhia.<\/p>\n<figure id=\"attachment_230590\" aria-describedby=\"caption-attachment-230590\" style=\"width: 812px\" class=\"wp-caption aligncenter\"><img loading=\"lazy\" decoding=\"async\" class=\"size-full wp-image-230590\" src=\"https:\/\/files.sunoresearch.com.br\/n\/uploads\/2022\/02\/grfrsc.jpg\" alt=\"NPLs do Nubank em compara\u00e7\u00e3o com restante do mercado - Foto: Reprodu\u00e7\u00e3o\/BTG Pactual\" width=\"812\" height=\"686\" srcset=\"https:\/\/files.sunoresearch.com.br\/n\/uploads\/2022\/02\/grfrsc.jpg 812w, https:\/\/files.sunoresearch.com.br\/n\/uploads\/2022\/02\/grfrsc-300x253.jpg 300w, https:\/\/files.sunoresearch.com.br\/n\/uploads\/2022\/02\/grfrsc-768x649.jpg 768w, https:\/\/files.sunoresearch.com.br\/n\/uploads\/2022\/02\/grfrsc-150x127.jpg 150w\" sizes=\"(max-width: 812px) 100vw, 812px\" \/><figcaption id=\"caption-attachment-230590\" class=\"wp-caption-text\">NPLs do Nubank em compara\u00e7\u00e3o com restante do mercado &#8211; Foto: Reprodu\u00e7\u00e3o\/BTG Pactual<\/figcaption><\/figure>\n<p>Vale lembrar que os n\u00fameros do 4T21 e os primeiros desde o <a href=\"https:\/\/www.nyse.com\/index\">IPO na NYSE<\/a> devem ser divulgados entre os dias 20 e 25 de fevereiro.<\/p>\n<p>Isso leva em conta que 100% da carteira de cr\u00e9dito do Nubank <a href=\"https:\/\/www.suno.com.br\/artigos\/inadimplencia\/\">n\u00e3o tem garantia (cart\u00f5es de cr\u00e9dito e empr\u00e9stimos pessoais)<\/a> e sua base de clientes \u00e9 mais jovem e de menor renda.<\/p>\n\t<p>\n\t\t<a href=\"https:\/\/lp.suno.com.br\/planilha-de-controle-de-investimentos\/\" target=\"_blank\" data-element=\"shortcode-suno-banner\" title=\"Banner SUNO, clique e saiba mais\">\n\t\t\t<picture>\n\t\t\t\t<source media=\"(max-width: 500px)\" srcset=\"https:\/\/files.sunoresearch.com.br\/n\/uploads\/2023\/03\/400x300-Controle-de-Investimentos.png\">\n\t\t\t\t<img class=\"newsContent__article__imgCapa newsContent__article__imgCapa--banner\"\n\t\t\t\t\tsrc=\"https:\/\/files.sunoresearch.com.br\/n\/uploads\/2023\/03\/1420x240-Controle-de-Investimentos.png\"\n\t\t\t\t\tdata-promo-id=\"75934\"\t\t\t\t\t\t\t\t\t\twidth='1420' height='240'\t\t\t\t\talt=\"https:\/\/files.sunoresearch.com.br\/n\/uploads\/2023\/03\/1420x240-Controle-de-Investimentos.png\"\n\t\t\t\t>\n\t\t\t<\/picture>\n\t\t<\/a>\n\t<\/p>\n\n\n<p>Esse mix de cr\u00e9dito mais concentrados em empr\u00e9stimos ao consumidor do que bancos tradicionais preocupa &#8211; j\u00e1 que clientes corporativos desalavancaram nos \u00faltimos anos, em um cen\u00e1rio melhor para os &#8216;banc\u00f5es&#8217;.<\/p>\n<p>Apesar disso, o BTG frisa que n\u00e3o espera um &#8220;crescimento irrespons\u00e1vel do <a href=\"https:\/\/www.suno.com.br\/artigos\/fintechs\/\"><strong>banco digital<\/strong><\/a>.<\/p>\n<p>&#8220;O CFO do <strong>Nubank<\/strong> nos disse em uma reuni\u00e3o recente que j\u00e1 est\u00e1 precificando\/esperando deteriora\u00e7\u00e3o na qualidade dos ativos, com os NPLs talvez ainda mais altos do que o pr\u00e9-pandemia n\u00edveis \u00e0 medida que o aux\u00edlio emergencial relacionado \u00e0 pandemia se esgota este ano&#8221;, consta no relat\u00f3rio.<\/p>\n\t<p>\n\t\t<a href=\"\" target=\"_blank\" data-element=\"shortcode-suno-banner\" title=\"Banner SUNO, clique e saiba mais\">\n\t\t\t<picture>\n\t\t\t\t<source media=\"(max-width: 500px)\" srcset=\"\">\n\t\t\t\t<img class=\"newsContent__article__imgCapa newsContent__article__imgCapa--banner\"\n\t\t\t\t\tsrc=\"\"\n\t\t\t\t\tdata-promo-id=\"184190\"\t\t\t\t\t\t\t\t\t\t\t\t\t\t\talt=\"\"\n\t\t\t\t>\n\t\t\t<\/picture>\n\t\t<\/a>\n\t<\/p>\n\n\n","protected":false},"excerpt":{"rendered":"<p>Com o cen\u00e1rio de volatilidade desde que chegou \u00e0 Bolsa de Nova York (NYSE), os analistas do BTG Pactual n\u00e3o veem um bom cen\u00e1rio para as a\u00e7\u00f5es do Nubank (NUBR33) &#8211; ainda que com uma alta expressiva de 40% acumulada entre o fim de janeiro e esta quarta (9). Nubank (NUBR33) Os analistas do banco [&hellip;]<\/p>\n","protected":false},"author":73,"featured_media":214207,"comment_status":"closed","ping_status":"closed","sticky":false,"template":"","format":"standard","meta":[],"categories":[64],"tags":[1271,105816,848],"suno_strategy":[],"class_list":["post-230568","post","type-post","status-publish","format-standard","has-post-thumbnail","hentry","category-negocios","tag-bolsa-de-nova-york-nyse","tag-especialistas","tag-nubank"],"yoast_head":"<!-- This site is optimized with the Yoast SEO plugin v24.4 - https:\/\/yoast.com\/wordpress\/plugins\/seo\/ -->\n<title>Nubank: BTG recomenda venda e diz que alta de 40% &#039;n\u00e3o faz sentido&#039;<\/title>\n<meta name=\"description\" content=\"Desde o fim de janeiro at\u00e9 o dia 9, as a\u00e7\u00f5es do Nubank tiveram um desempenho expressivo, o que \u00e9 &#039;injustific\u00e1vel&#039;. Clique aqui e leia mais.\" \/>\n<meta name=\"robots\" content=\"index, follow, max-snippet:-1, max-image-preview:large, max-video-preview:-1\" \/>\n<link rel=\"canonical\" href=\"https:\/\/www.suno.com.br\/noticias\/nubank-nubr33-acoes-btg-reocmenda-venda-alta-40\/\" \/>\n<meta property=\"og:locale\" content=\"pt_BR\" \/>\n<meta property=\"og:type\" content=\"article\" \/>\n<meta property=\"og:title\" content=\"Nubank: BTG recomenda venda e diz que alta de 40% &#039;n\u00e3o faz sentido&#039;\" \/>\n<meta property=\"og:description\" content=\"Desde o fim de janeiro at\u00e9 o dia 9, as a\u00e7\u00f5es do Nubank tiveram um desempenho expressivo, o que \u00e9 &#039;injustific\u00e1vel&#039;. Clique aqui e leia mais.\" \/>\n<meta property=\"og:url\" content=\"https:\/\/www.suno.com.br\/noticias\/nubank-nubr33-acoes-btg-reocmenda-venda-alta-40\/\" \/>\n<meta property=\"og:site_name\" content=\"Suno Not\u00edcias\" \/>\n<meta property=\"article:publisher\" content=\"https:\/\/facebook.com\/sunoresearch\" \/>\n<meta property=\"og:image\" content=\"https:\/\/files.sunoresearch.com.br\/n\/uploads\/2021\/12\/Nubank-B3.jpg\" \/>\n\t<meta property=\"og:image:width\" content=\"1200\" \/>\n\t<meta property=\"og:image:height\" content=\"675\" \/>\n\t<meta property=\"og:image:type\" content=\"image\/jpeg\" \/>\n<meta name=\"author\" content=\"Eduardo Vargas\" \/>\n<meta name=\"twitter:card\" content=\"summary_large_image\" \/>\n<meta name=\"twitter:creator\" content=\"@sunoresearch\" \/>\n<meta name=\"twitter:site\" content=\"@sunoresearch\" \/>\n<meta name=\"twitter:label1\" content=\"Escrito por\" \/>\n\t<meta name=\"twitter:data1\" content=\"Eduardo Vargas\" \/>\n\t<meta name=\"twitter:label2\" content=\"Est. tempo de leitura\" \/>\n\t<meta name=\"twitter:data2\" content=\"5 minutos\" \/>\n<script type=\"application\/ld+json\" class=\"yoast-schema-graph\">{\"@context\":\"https:\/\/schema.org\",\"@graph\":[{\"@type\":\"NewsArticle\",\"@id\":\"https:\/\/www.suno.com.br\/noticias\/nubank-nubr33-acoes-btg-reocmenda-venda-alta-40\/#article\",\"isPartOf\":{\"@id\":\"https:\/\/www.suno.com.br\/noticias\/nubank-nubr33-acoes-btg-reocmenda-venda-alta-40\/\"},\"author\":{\"name\":\"Eduardo Vargas\",\"@id\":\"https:\/\/www.suno.com.br\/noticias\/#\/schema\/person\/7f4d362bf3518e76090143ae77bb49a5\"},\"headline\":\"Nubank (NUBR33): BTG recomenda venda e diz que alta de 40% &#8216;n\u00e3o faz sentido&#8217;\",\"datePublished\":\"2022-02-11T12:52:53+00:00\",\"dateModified\":\"2022-02-11T12:53:20+00:00\",\"mainEntityOfPage\":{\"@id\":\"https:\/\/www.suno.com.br\/noticias\/nubank-nubr33-acoes-btg-reocmenda-venda-alta-40\/\"},\"wordCount\":955,\"publisher\":{\"@id\":\"https:\/\/www.suno.com.br\/noticias\/#organization\"},\"image\":{\"@id\":\"https:\/\/www.suno.com.br\/noticias\/nubank-nubr33-acoes-btg-reocmenda-venda-alta-40\/#primaryimage\"},\"thumbnailUrl\":\"https:\/\/files.sunoresearch.com.br\/n\/uploads\/2021\/12\/Nubank-B3.jpg\",\"keywords\":[\"Bolsa de Nova York (NYSE)\",\"Especialistas\",\"Nubank (NUBR33)\"],\"articleSection\":[\"Neg\u00f3cios\"],\"inLanguage\":\"pt-BR\"},{\"@type\":\"WebPage\",\"@id\":\"https:\/\/www.suno.com.br\/noticias\/nubank-nubr33-acoes-btg-reocmenda-venda-alta-40\/\",\"url\":\"https:\/\/www.suno.com.br\/noticias\/nubank-nubr33-acoes-btg-reocmenda-venda-alta-40\/\",\"name\":\"Nubank: BTG recomenda venda e diz que alta de 40% 'n\u00e3o faz sentido'\",\"isPartOf\":{\"@id\":\"https:\/\/www.suno.com.br\/noticias\/#website\"},\"primaryImageOfPage\":{\"@id\":\"https:\/\/www.suno.com.br\/noticias\/nubank-nubr33-acoes-btg-reocmenda-venda-alta-40\/#primaryimage\"},\"image\":{\"@id\":\"https:\/\/www.suno.com.br\/noticias\/nubank-nubr33-acoes-btg-reocmenda-venda-alta-40\/#primaryimage\"},\"thumbnailUrl\":\"https:\/\/files.sunoresearch.com.br\/n\/uploads\/2021\/12\/Nubank-B3.jpg\",\"datePublished\":\"2022-02-11T12:52:53+00:00\",\"dateModified\":\"2022-02-11T12:53:20+00:00\",\"description\":\"Desde o fim de janeiro at\u00e9 o dia 9, as a\u00e7\u00f5es do Nubank tiveram um desempenho expressivo, o que \u00e9 'injustific\u00e1vel'. Clique aqui e leia mais.\",\"breadcrumb\":{\"@id\":\"https:\/\/www.suno.com.br\/noticias\/nubank-nubr33-acoes-btg-reocmenda-venda-alta-40\/#breadcrumb\"},\"inLanguage\":\"pt-BR\",\"potentialAction\":[{\"@type\":\"ReadAction\",\"target\":[\"https:\/\/www.suno.com.br\/noticias\/nubank-nubr33-acoes-btg-reocmenda-venda-alta-40\/\"]}]},{\"@type\":\"ImageObject\",\"inLanguage\":\"pt-BR\",\"@id\":\"https:\/\/www.suno.com.br\/noticias\/nubank-nubr33-acoes-btg-reocmenda-venda-alta-40\/#primaryimage\",\"url\":\"https:\/\/files.sunoresearch.com.br\/n\/uploads\/2021\/12\/Nubank-B3.jpg\",\"contentUrl\":\"https:\/\/files.sunoresearch.com.br\/n\/uploads\/2021\/12\/Nubank-B3.jpg\",\"width\":1200,\"height\":675,\"caption\":\"Fundadores do Nubank: Edward Wible, David V\u00e9lez e Cristina Junqueira.\"},{\"@type\":\"BreadcrumbList\",\"@id\":\"https:\/\/www.suno.com.br\/noticias\/nubank-nubr33-acoes-btg-reocmenda-venda-alta-40\/#breadcrumb\",\"itemListElement\":[{\"@type\":\"ListItem\",\"position\":1,\"name\":\"Not\u00edcias\",\"item\":\"https:\/\/www.suno.com.br\/noticias\/\"},{\"@type\":\"ListItem\",\"position\":2,\"name\":\"Neg\u00f3cios\",\"item\":\"https:\/\/www.suno.com.br\/noticias\/negocios\/\"},{\"@type\":\"ListItem\",\"position\":3,\"name\":\"Nubank (NUBR33): BTG recomenda venda e diz que alta de 40% &#8216;n\u00e3o faz sentido&#8217;\"}]},{\"@type\":\"WebSite\",\"@id\":\"https:\/\/www.suno.com.br\/noticias\/#website\",\"url\":\"https:\/\/www.suno.com.br\/noticias\/\",\"name\":\"Suno Not\u00edcias\",\"description\":\"Seu portal de informa\u00e7\u00e3o sobre o mundo dos investimentos\",\"publisher\":{\"@id\":\"https:\/\/www.suno.com.br\/noticias\/#organization\"},\"potentialAction\":[{\"@type\":\"SearchAction\",\"target\":{\"@type\":\"EntryPoint\",\"urlTemplate\":\"https:\/\/www.suno.com.br\/noticias\/?s={search_term_string}\"},\"query-input\":{\"@type\":\"PropertyValueSpecification\",\"valueRequired\":true,\"valueName\":\"search_term_string\"}}],\"inLanguage\":\"pt-BR\"},{\"@type\":\"Organization\",\"@id\":\"https:\/\/www.suno.com.br\/noticias\/#organization\",\"name\":\"Suno Not\u00edcias\",\"url\":\"https:\/\/www.suno.com.br\/noticias\/\",\"logo\":{\"@type\":\"ImageObject\",\"inLanguage\":\"pt-BR\",\"@id\":\"https:\/\/www.suno.com.br\/noticias\/#\/schema\/logo\/image\/\",\"url\":\"https:\/\/files.sunoresearch.com.br\/n\/uploads\/2021\/09\/suno-logo.png\",\"contentUrl\":\"https:\/\/files.sunoresearch.com.br\/n\/uploads\/2021\/09\/suno-logo.png\",\"width\":180,\"height\":180,\"caption\":\"Suno Not\u00edcias\"},\"image\":{\"@id\":\"https:\/\/www.suno.com.br\/noticias\/#\/schema\/logo\/image\/\"},\"sameAs\":[\"https:\/\/facebook.com\/sunoresearch\",\"https:\/\/x.com\/sunoresearch\",\"https:\/\/www.instagram.com\/suno\",\"https:\/\/www.linkedin.com\/company\/suno-research\/\",\"https:\/\/www.youtube.com\/c\/sunoresearch\"]},{\"@type\":\"Person\",\"@id\":\"https:\/\/www.suno.com.br\/noticias\/#\/schema\/person\/7f4d362bf3518e76090143ae77bb49a5\",\"name\":\"Eduardo Vargas\",\"image\":{\"@type\":\"ImageObject\",\"inLanguage\":\"pt-BR\",\"@id\":\"https:\/\/www.suno.com.br\/noticias\/#\/schema\/person\/image\/\",\"url\":\"https:\/\/secure.gravatar.com\/avatar\/dac340933427a22924c9f99d1eb2e3f2?s=96&r=g\",\"contentUrl\":\"https:\/\/secure.gravatar.com\/avatar\/dac340933427a22924c9f99d1eb2e3f2?s=96&r=g\",\"caption\":\"Eduardo Vargas\"},\"description\":\"Jornalista formado pela UFSC, cobre macroeconomia, neg\u00f3cios e startups para o Suno Not\u00edcias, escrevendo principalmente not\u00edcias sobre o mercado financeiro e a bolsa de valores. No YouTube e no Instagram, \u00e9 respons\u00e1vel pela produ\u00e7\u00e3o de Reels e Shorts do Suno Not\u00edcias. Anteriormente, trabalhou cobrindo economia e cotidiano no ND+ e para o ND, maior jornal impresso de Santa Catarina. Cursou um semestre letivo de Estudos de M\u00eddia na Universidad de Buenos Aires.\",\"url\":\"https:\/\/www.suno.com.br\/noticias\/author\/eduardo-vargas\/\"}]}<\/script>\n<!-- \/ Yoast SEO plugin. -->","yoast_head_json":{"title":"Nubank: BTG recomenda venda e diz que alta de 40% 'n\u00e3o faz sentido'","description":"Desde o fim de janeiro at\u00e9 o dia 9, as a\u00e7\u00f5es do Nubank tiveram um desempenho expressivo, o que \u00e9 'injustific\u00e1vel'. Clique aqui e leia mais.","robots":{"index":"index","follow":"follow","max-snippet":"max-snippet:-1","max-image-preview":"max-image-preview:large","max-video-preview":"max-video-preview:-1"},"canonical":"https:\/\/www.suno.com.br\/noticias\/nubank-nubr33-acoes-btg-reocmenda-venda-alta-40\/","og_locale":"pt_BR","og_type":"article","og_title":"Nubank: BTG recomenda venda e diz que alta de 40% 'n\u00e3o faz sentido'","og_description":"Desde o fim de janeiro at\u00e9 o dia 9, as a\u00e7\u00f5es do Nubank tiveram um desempenho expressivo, o que \u00e9 'injustific\u00e1vel'. Clique aqui e leia mais.","og_url":"https:\/\/www.suno.com.br\/noticias\/nubank-nubr33-acoes-btg-reocmenda-venda-alta-40\/","og_site_name":"Suno Not\u00edcias","article_publisher":"https:\/\/facebook.com\/sunoresearch","og_image":[{"width":1200,"height":675,"url":"https:\/\/files.sunoresearch.com.br\/n\/uploads\/2021\/12\/Nubank-B3.jpg","type":"image\/jpeg"}],"author":"Eduardo Vargas","twitter_card":"summary_large_image","twitter_creator":"@sunoresearch","twitter_site":"@sunoresearch","twitter_misc":{"Escrito por":"Eduardo Vargas","Est. tempo de leitura":"5 minutos"},"schema":{"@context":"https:\/\/schema.org","@graph":[{"@type":"NewsArticle","@id":"https:\/\/www.suno.com.br\/noticias\/nubank-nubr33-acoes-btg-reocmenda-venda-alta-40\/#article","isPartOf":{"@id":"https:\/\/www.suno.com.br\/noticias\/nubank-nubr33-acoes-btg-reocmenda-venda-alta-40\/"},"author":{"name":"Eduardo Vargas","@id":"https:\/\/www.suno.com.br\/noticias\/#\/schema\/person\/7f4d362bf3518e76090143ae77bb49a5"},"headline":"Nubank (NUBR33): BTG recomenda venda e diz que alta de 40% &#8216;n\u00e3o faz sentido&#8217;","datePublished":"2022-02-11T12:52:53+00:00","dateModified":"2022-02-11T12:53:20+00:00","mainEntityOfPage":{"@id":"https:\/\/www.suno.com.br\/noticias\/nubank-nubr33-acoes-btg-reocmenda-venda-alta-40\/"},"wordCount":955,"publisher":{"@id":"https:\/\/www.suno.com.br\/noticias\/#organization"},"image":{"@id":"https:\/\/www.suno.com.br\/noticias\/nubank-nubr33-acoes-btg-reocmenda-venda-alta-40\/#primaryimage"},"thumbnailUrl":"https:\/\/files.sunoresearch.com.br\/n\/uploads\/2021\/12\/Nubank-B3.jpg","keywords":["Bolsa de Nova York (NYSE)","Especialistas","Nubank (NUBR33)"],"articleSection":["Neg\u00f3cios"],"inLanguage":"pt-BR"},{"@type":"WebPage","@id":"https:\/\/www.suno.com.br\/noticias\/nubank-nubr33-acoes-btg-reocmenda-venda-alta-40\/","url":"https:\/\/www.suno.com.br\/noticias\/nubank-nubr33-acoes-btg-reocmenda-venda-alta-40\/","name":"Nubank: BTG recomenda venda e diz que alta de 40% 'n\u00e3o faz sentido'","isPartOf":{"@id":"https:\/\/www.suno.com.br\/noticias\/#website"},"primaryImageOfPage":{"@id":"https:\/\/www.suno.com.br\/noticias\/nubank-nubr33-acoes-btg-reocmenda-venda-alta-40\/#primaryimage"},"image":{"@id":"https:\/\/www.suno.com.br\/noticias\/nubank-nubr33-acoes-btg-reocmenda-venda-alta-40\/#primaryimage"},"thumbnailUrl":"https:\/\/files.sunoresearch.com.br\/n\/uploads\/2021\/12\/Nubank-B3.jpg","datePublished":"2022-02-11T12:52:53+00:00","dateModified":"2022-02-11T12:53:20+00:00","description":"Desde o fim de janeiro at\u00e9 o dia 9, as a\u00e7\u00f5es do Nubank tiveram um desempenho expressivo, o que \u00e9 'injustific\u00e1vel'. Clique aqui e leia mais.","breadcrumb":{"@id":"https:\/\/www.suno.com.br\/noticias\/nubank-nubr33-acoes-btg-reocmenda-venda-alta-40\/#breadcrumb"},"inLanguage":"pt-BR","potentialAction":[{"@type":"ReadAction","target":["https:\/\/www.suno.com.br\/noticias\/nubank-nubr33-acoes-btg-reocmenda-venda-alta-40\/"]}]},{"@type":"ImageObject","inLanguage":"pt-BR","@id":"https:\/\/www.suno.com.br\/noticias\/nubank-nubr33-acoes-btg-reocmenda-venda-alta-40\/#primaryimage","url":"https:\/\/files.sunoresearch.com.br\/n\/uploads\/2021\/12\/Nubank-B3.jpg","contentUrl":"https:\/\/files.sunoresearch.com.br\/n\/uploads\/2021\/12\/Nubank-B3.jpg","width":1200,"height":675,"caption":"Fundadores do Nubank: Edward Wible, David V\u00e9lez e Cristina Junqueira."},{"@type":"BreadcrumbList","@id":"https:\/\/www.suno.com.br\/noticias\/nubank-nubr33-acoes-btg-reocmenda-venda-alta-40\/#breadcrumb","itemListElement":[{"@type":"ListItem","position":1,"name":"Not\u00edcias","item":"https:\/\/www.suno.com.br\/noticias\/"},{"@type":"ListItem","position":2,"name":"Neg\u00f3cios","item":"https:\/\/www.suno.com.br\/noticias\/negocios\/"},{"@type":"ListItem","position":3,"name":"Nubank (NUBR33): BTG recomenda venda e diz que alta de 40% &#8216;n\u00e3o faz sentido&#8217;"}]},{"@type":"WebSite","@id":"https:\/\/www.suno.com.br\/noticias\/#website","url":"https:\/\/www.suno.com.br\/noticias\/","name":"Suno Not\u00edcias","description":"Seu portal de informa\u00e7\u00e3o sobre o mundo dos investimentos","publisher":{"@id":"https:\/\/www.suno.com.br\/noticias\/#organization"},"potentialAction":[{"@type":"SearchAction","target":{"@type":"EntryPoint","urlTemplate":"https:\/\/www.suno.com.br\/noticias\/?s={search_term_string}"},"query-input":{"@type":"PropertyValueSpecification","valueRequired":true,"valueName":"search_term_string"}}],"inLanguage":"pt-BR"},{"@type":"Organization","@id":"https:\/\/www.suno.com.br\/noticias\/#organization","name":"Suno Not\u00edcias","url":"https:\/\/www.suno.com.br\/noticias\/","logo":{"@type":"ImageObject","inLanguage":"pt-BR","@id":"https:\/\/www.suno.com.br\/noticias\/#\/schema\/logo\/image\/","url":"https:\/\/files.sunoresearch.com.br\/n\/uploads\/2021\/09\/suno-logo.png","contentUrl":"https:\/\/files.sunoresearch.com.br\/n\/uploads\/2021\/09\/suno-logo.png","width":180,"height":180,"caption":"Suno Not\u00edcias"},"image":{"@id":"https:\/\/www.suno.com.br\/noticias\/#\/schema\/logo\/image\/"},"sameAs":["https:\/\/facebook.com\/sunoresearch","https:\/\/x.com\/sunoresearch","https:\/\/www.instagram.com\/suno","https:\/\/www.linkedin.com\/company\/suno-research\/","https:\/\/www.youtube.com\/c\/sunoresearch"]},{"@type":"Person","@id":"https:\/\/www.suno.com.br\/noticias\/#\/schema\/person\/7f4d362bf3518e76090143ae77bb49a5","name":"Eduardo Vargas","image":{"@type":"ImageObject","inLanguage":"pt-BR","@id":"https:\/\/www.suno.com.br\/noticias\/#\/schema\/person\/image\/","url":"https:\/\/secure.gravatar.com\/avatar\/dac340933427a22924c9f99d1eb2e3f2?s=96&r=g","contentUrl":"https:\/\/secure.gravatar.com\/avatar\/dac340933427a22924c9f99d1eb2e3f2?s=96&r=g","caption":"Eduardo Vargas"},"description":"Jornalista formado pela UFSC, cobre macroeconomia, neg\u00f3cios e startups para o Suno Not\u00edcias, escrevendo principalmente not\u00edcias sobre o mercado financeiro e a bolsa de valores. No YouTube e no Instagram, \u00e9 respons\u00e1vel pela produ\u00e7\u00e3o de Reels e Shorts do Suno Not\u00edcias. Anteriormente, trabalhou cobrindo economia e cotidiano no ND+ e para o ND, maior jornal impresso de Santa Catarina. Cursou um semestre letivo de Estudos de M\u00eddia na Universidad de Buenos Aires.","url":"https:\/\/www.suno.com.br\/noticias\/author\/eduardo-vargas\/"}]}},"default_loop_html":"<div class=\"cardsPage__listCard__boxs\"><div class=\"cardsPage__listCard__boxs__img\"><a href=\"https:\/\/www.suno.com.br\/noticias\/nubank-nubr33-sai-10-mais-valiosas-latam\/\"><img class=\"mask\" src=\"https:\/\/www.suno.com.br\/noticias\/wp-content\/themes\/suno\/resources\/images\/spotlight\/spotlight1img\/bg-mask.png\" alt=\"Image Mask\"\/><img src=\"https:\/\/files.sunoresearch.com.br\/n\/uploads\/2021\/12\/IPO-Nubank-B3-@cauediniz-5-400x200.jpg\" alt=\"Nubank (NUBR33) sai da lista de 10 empresas mais valiosas da Am\u00e9rica Latina; veja motivos\"\/><\/a><span class=\"spotlightCategory\"><a href=\"https:\/\/www.suno.com.br\/noticias\/negocios\/\">Neg\u00f3cios<\/a><\/span><\/div><div class=\"cardsPage__listCard__boxs__content\"><a href=\"https:\/\/www.suno.com.br\/noticias\/nubank-nubr33-sai-10-mais-valiosas-latam\/\"><h2 class=\"content__title\">Nubank (NUBR33) sai da lista de 10 empresas mais valiosas da Am\u00e9rica Latina; veja motivos<\/h2><\/a><div class=\"newsContent__article__meta\"><div class=\"newsContent__article__meta__authorBox\"><a href=\"https:\/\/www.suno.com.br\/noticias\/author\/victoria\/\" class=\"authorBox__avatar noMobi\"><img src=\"https:\/\/files.sunoresearch.com.br\/n\/uploads\/2021\/12\/20190129VickyPINEAPPLE01-1-150x150.jpg\" alt=\"Vict\u00f3ria Anhesini\"><\/a><div class=\"authorBox__name\"><span>por\n\t\t\t<a href=\"https:\/\/www.suno.com.br\/noticias\/author\/victoria\/\"><span itemprop=\"author\">Vict\u00f3ria Anhesini<\/span><\/a><\/span><time datetime=\"2022-01-30T10:59:17-03:00\" itemprop=\"datePublished\">30\/01\/2022 10:59<\/time><\/div><\/div><\/div><\/div><\/div>","single_layout":"posts","amp_enabled":true,"_links":{"self":[{"href":"https:\/\/www.suno.com.br\/noticias\/wp-json\/wp\/v2\/posts\/230568"}],"collection":[{"href":"https:\/\/www.suno.com.br\/noticias\/wp-json\/wp\/v2\/posts"}],"about":[{"href":"https:\/\/www.suno.com.br\/noticias\/wp-json\/wp\/v2\/types\/post"}],"author":[{"embeddable":true,"href":"https:\/\/www.suno.com.br\/noticias\/wp-json\/wp\/v2\/users\/73"}],"replies":[{"embeddable":true,"href":"https:\/\/www.suno.com.br\/noticias\/wp-json\/wp\/v2\/comments?post=230568"}],"version-history":[{"count":4,"href":"https:\/\/www.suno.com.br\/noticias\/wp-json\/wp\/v2\/posts\/230568\/revisions"}],"predecessor-version":[{"id":230614,"href":"https:\/\/www.suno.com.br\/noticias\/wp-json\/wp\/v2\/posts\/230568\/revisions\/230614"}],"wp:featuredmedia":[{"embeddable":true,"href":"https:\/\/www.suno.com.br\/noticias\/wp-json\/wp\/v2\/media\/214207"}],"wp:attachment":[{"href":"https:\/\/www.suno.com.br\/noticias\/wp-json\/wp\/v2\/media?parent=230568"}],"wp:term":[{"taxonomy":"category","embeddable":true,"href":"https:\/\/www.suno.com.br\/noticias\/wp-json\/wp\/v2\/categories?post=230568"},{"taxonomy":"post_tag","embeddable":true,"href":"https:\/\/www.suno.com.br\/noticias\/wp-json\/wp\/v2\/tags?post=230568"},{"taxonomy":"suno_strategy","embeddable":true,"href":"https:\/\/www.suno.com.br\/noticias\/wp-json\/wp\/v2\/suno_strategy?post=230568"}],"curies":[{"name":"wp","href":"https:\/\/api.w.org\/{rel}","templated":true}]}}