{"id":230385,"date":"2022-02-10T17:50:01","date_gmt":"2022-02-10T20:50:01","guid":{"rendered":"https:\/\/www.suno.com.br\/noticias\/?p=230385"},"modified":"2022-02-10T17:58:51","modified_gmt":"2022-02-10T20:58:51","slug":"cvm-agentes-autonomos-nova-normativa","status":"publish","type":"post","link":"https:\/\/www.suno.com.br\/noticias\/cvm-agentes-autonomos-nova-normativa\/","title":{"rendered":"CVM vai retirar exclusividade de agentes aut\u00f4nomos com corretoras em 30 dias, diz relator de MP"},"content":{"rendered":"<p>A <a class=\"suno-keyword\" href=\"https:\/\/www.suno.com.br\/artigos\/cvm\/\" target=\"_blank\" rel=\"noopener\" data-force=\"no\" data-priority=\"2\">Comiss\u00e3o de Valores Mobili\u00e1rios (<strong>CVM<\/strong>)<\/a> vai publicar dentro de 30 dias as novas regras para agentes aut\u00f4nomos de investimentos. As mudan\u00e7as devem incluir o fim da exclusividade obrigat\u00f3ria com corretoras, segundo o deputado federal Neucimar Fraga (PSD-ES).<\/p>\t<div class=\"wrapper-featured-image\">\n\t\t<figure class=\"spotlightImg\">\n\n\t\t\t<picture>\n\t\t\t\t<source media=\"(max-width: 768px)\" srcset=\"https:\/\/files.sunoresearch.com.br\/n\/uploads\/2021\/01\/171e3960-cvm-400x200.webp\">\n\t\t\t\t<img loading=\"lazy\" decoding=\"async\" class=\"newsContent__article__imgCapa lazyloadDisabled \" src=\"https:\/\/files.sunoresearch.com.br\/n\/uploads\/2021\/01\/171e3960-cvm-800x450.webp\" width=\"800\" height=\"450\" alt=\"CVM vai retirar exclusividade de agentes aut\u00f4nomos com corretoras em 30 dias, diz relator de MP\" fetchpriority=high \/>\n\t\t\t<\/picture>\n\n\t\t\t<figcaption class=\"wp-caption-text wp-caption-text--show\">CVM. Foto: Divulga\u00e7\u00e3o\/Minist\u00e9rio da Economia.<\/figcaption>\n\t\t<\/figure>\n\t<\/div>\n\n\n\t<p>\n\t\t<a href=\"https:\/\/lp.suno.com.br\/planilha-controle-gastos\/\" target=\"_blank\" data-element=\"shortcode-suno-banner\" title=\"Banner SUNO, clique e saiba mais\">\n\t\t\t<picture>\n\t\t\t\t<source media=\"(max-width: 500px)\" srcset=\"https:\/\/files.sunoresearch.com.br\/n\/uploads\/2023\/03\/400x300-Planilha-controle-de-gastos.png\">\n\t\t\t\t<img class=\"newsContent__article__imgCapa newsContent__article__imgCapa--banner\"\n\t\t\t\t\tsrc=\"https:\/\/files.sunoresearch.com.br\/n\/uploads\/2023\/03\/1420x240-Planilha-controle-de-gastos.png\"\n\t\t\t\t\tdata-promo-id=\"101751\"\t\t\t\t\t\t\t\t\t\twidth='1420' height='240'\t\t\t\t\talt=\"https:\/\/files.sunoresearch.com.br\/n\/uploads\/2023\/03\/1420x240-Planilha-controle-de-gastos.png\"\n\t\t\t\t>\n\t\t\t<\/picture>\n\t\t<\/a>\n\t<\/p>\n\n\n<p>Fraga, que \u00e9 relator da Medida Provis\u00f3ria (MP) que altera o c\u00e1lculo da taxa de fiscaliza\u00e7\u00e3o do <a class=\"suno-keyword\" href=\"https:\/\/www.suno.com.br\/artigos\/mercado-de-capitais-conceito\/\" target=\"_blank\" rel=\"noopener\" data-force=\"no\" data-priority=\"1\">mercado de capitais<\/a>, explicou que participou nesta quinta-feira (10) de uma reuni\u00e3o com representantes do Minist\u00e9rio da Economia e da CVM para tratar da <strong>MP 1.072<\/strong>.<\/p>\n<p>A inten\u00e7\u00e3o do relator era incluir na MP, al\u00e9m do fim da exclusividade obrigat\u00f3ria, o fim da exig\u00eancia de ado\u00e7\u00e3o de sociedade simples pelos <strong>agentes aut\u00f4nomos<\/strong>. Ele teria sido demovido da ideia com a perspectiva de publica\u00e7\u00e3o das novas regras pela CVM.<\/p>\n<p>&#8220;Os representantes da CVM explicaram que essas quest\u00f5es podem passar por normativa, n\u00e3o precisam de altera\u00e7\u00e3o de lei. Eles me passaram um <strong>prazo de 30 dias<\/strong>, mas vou pedir para acelerarem para ser editada antes do feriado do carnaval&#8221;, disse o deputado.<\/p>\n\t<p>\n\t\t<a href=\"https:\/\/lp.suno.com.br\/planilha-da-vida-financeira\/\" target=\"_blank\" data-element=\"shortcode-suno-banner\" title=\"Banner SUNO, clique e saiba mais\">\n\t\t\t<picture>\n\t\t\t\t<source media=\"(max-width: 500px)\" srcset=\"https:\/\/files.sunoresearch.com.br\/n\/uploads\/2023\/04\/400x300-Planilha-vida-financeira-true.png\">\n\t\t\t\t<img class=\"newsContent__article__imgCapa newsContent__article__imgCapa--banner\"\n\t\t\t\t\tsrc=\"https:\/\/files.sunoresearch.com.br\/n\/uploads\/2023\/04\/1420x240-Planilha-vida-financeira-true.png\"\n\t\t\t\t\tdata-promo-id=\"106682\"\t\t\t\t\t\t\t\t\t\twidth='1420' height='240'\t\t\t\t\talt=\"https:\/\/files.sunoresearch.com.br\/n\/uploads\/2023\/04\/1420x240-Planilha-vida-financeira-true.png\"\n\t\t\t\t>\n\t\t\t<\/picture>\n\t\t<\/a>\n\t<\/p>\n\n\n<p>Uma outra demanda da categoria dever\u00e1 ser atendida pelo deputado em seu parecer, que \u00e9 a mudan\u00e7a do nome de <a class=\"suno-keyword\" href=\"https:\/\/www.suno.com.br\/artigos\/pagar-boleto-com-cartao-de-credito\/\" target=\"_blank\" rel=\"noopener\" data-force=\"no\" data-priority=\"1\">agente aut\u00f4nomo de investimentos<\/a> para <strong>agente de investimentos<\/strong>. Para ele, o mercado dever\u00e1 ficar mais din\u00e2mico com as mudan\u00e7as previstas da MP e da instru\u00e7\u00e3o normativa a ser publicada pela autarquia.<\/p>\n<p>&#8220;A Medida Provis\u00f3ria reduz de R$ 2.500 para R$ 500 a taxa de fiscaliza\u00e7\u00e3o paga pelos <strong>agentes aut\u00f4nomos<\/strong>. \u00c9 um segmento que pode crescer muito no Brasil&#8221;, disse ele.<\/p>\n<p>Procurada pelo <em>Estad\u00e3o<\/em>, a CVM evitou confirmar a data de publica\u00e7\u00e3o.<\/p>\n<p>&#8220;O tema objeto de sua demanda est\u00e1 sendo tratado no \u00e2mbito da audi\u00eancia p\u00fablica CVM 05\/21, que se encontra em fase de an\u00e1lise das manifesta\u00e7\u00f5es recebidas. Al\u00e9m disso, \u00e9 importante destacar que o assunto est\u00e1 previsto na agenda regulat\u00f3ria <strong>CVM<\/strong> 2022.&#8221;<\/p>\n\t<p>\n\t\t<a href=\"https:\/\/lp.suno.com.br\/ebook-como-analisar-uma-acao\/\" target=\"_blank\" data-element=\"shortcode-suno-banner\" title=\"Banner SUNO, clique e saiba mais\">\n\t\t\t<picture>\n\t\t\t\t<source media=\"(max-width: 500px)\" srcset=\"https:\/\/files.sunoresearch.com.br\/n\/uploads\/2023\/03\/Ebook-Acoes-Mobile-1.jpg\">\n\t\t\t\t<img class=\"newsContent__article__imgCapa newsContent__article__imgCapa--banner\"\n\t\t\t\t\tsrc=\"https:\/\/files.sunoresearch.com.br\/n\/uploads\/2023\/03\/Ebook-Acoes-Desktop-1.jpg\"\n\t\t\t\t\tdata-promo-id=\"171998\"\t\t\t\t\t\t\t\t\t\twidth='1420' height='286'\t\t\t\t\talt=\"https:\/\/files.sunoresearch.com.br\/n\/uploads\/2023\/03\/Ebook-Acoes-Desktop-1.jpg\"\n\t\t\t\t>\n\t\t\t<\/picture>\n\t\t<\/a>\n\t<\/p>\n\n\n<h2>CVM faz mudan\u00e7as pontuais na tramita\u00e7\u00e3o de processos administrativos<\/h2>\n<p>A CVM informou tamb\u00e9m nesta quinta-feira que publicou resolu\u00e7\u00e3o que altera pontualmente o rito e a tramita\u00e7\u00e3o de processos sancionadores e n\u00e3o sancionadores em seu colegiado. O objetivo \u00e9 dar maior previsibilidade de prazos administrativos.<\/p>\n<p>De acordo com a autarquia, a Resolu\u00e7\u00e3o CVM 65, que altera as Resolu\u00e7\u00f5es <strong>CVM<\/strong> 45 e 46, prev\u00ea, por exemplo, a inclus\u00e3o de um prazo de 60 dias \u00fateis para devolu\u00e7\u00e3o do processo por parte do membro do colegiado que tenha pedido vistas. Outro ajuste pontual \u00e9 relacionado ao sorteio de processos.<\/p>\n<p><em>Com informa\u00e7\u00f5es de Estad\u00e3o Conte\u00fado.\u00a0<\/em><\/p>\n","protected":false},"excerpt":{"rendered":"<p>A Comiss\u00e3o de Valores Mobili\u00e1rios (CVM) vai publicar dentro de 30 dias as novas regras para agentes aut\u00f4nomos de investimentos. As mudan\u00e7as devem incluir o fim da exclusividade obrigat\u00f3ria com corretoras, segundo o deputado federal Neucimar Fraga (PSD-ES). CVM. Foto: Divulga\u00e7\u00e3o\/Minist\u00e9rio da Economia. Fraga, que \u00e9 relator da Medida Provis\u00f3ria (MP) que altera o c\u00e1lculo [&hellip;]<\/p>\n","protected":false},"author":102,"featured_media":112483,"comment_status":"closed","ping_status":"closed","sticky":false,"template":"","format":"standard","meta":[],"categories":[60],"tags":[105177,902],"suno_strategy":[],"class_list":["post-230385","post","type-post","status-publish","format-standard","has-post-thumbnail","hentry","category-mercado","tag-agentes-autonomos-de-investimento","tag-comissao-de-valores-mobiliarios-cvm"],"yoast_head":"<!-- This site is optimized with the Yoast SEO plugin v24.4 - https:\/\/yoast.com\/wordpress\/plugins\/seo\/ -->\n<title>CVM vai acabar com exclusividade de agentes aut\u00f4nomos em 30 dias<\/title>\n<meta name=\"description\" content=\"A CVM dever\u00e1 retirar a exclusividade dos agentes aut\u00f4nomos em uma nova normativa, diz relator de MP sobre mercado de capitais. Leia aqui.\" \/>\n<meta name=\"robots\" content=\"index, follow, max-snippet:-1, max-image-preview:large, max-video-preview:-1\" \/>\n<link rel=\"canonical\" href=\"https:\/\/www.suno.com.br\/noticias\/cvm-agentes-autonomos-nova-normativa\/\" \/>\n<meta property=\"og:locale\" content=\"pt_BR\" \/>\n<meta property=\"og:type\" content=\"article\" \/>\n<meta property=\"og:title\" content=\"CVM vai acabar com exclusividade de agentes aut\u00f4nomos em 30 dias\" \/>\n<meta property=\"og:description\" content=\"A CVM dever\u00e1 retirar a exclusividade dos agentes aut\u00f4nomos em uma nova normativa, diz relator de MP sobre mercado de capitais. Leia aqui.\" \/>\n<meta property=\"og:url\" content=\"https:\/\/www.suno.com.br\/noticias\/cvm-agentes-autonomos-nova-normativa\/\" \/>\n<meta property=\"og:site_name\" content=\"Suno Not\u00edcias\" \/>\n<meta property=\"article:publisher\" content=\"https:\/\/facebook.com\/sunoresearch\" \/>\n<meta property=\"og:image\" content=\"https:\/\/files.sunoresearch.com.br\/n\/uploads\/2021\/01\/171e3960-cvm.jpg\" \/>\n\t<meta property=\"og:image:width\" content=\"1348\" \/>\n\t<meta property=\"og:image:height\" content=\"920\" \/>\n\t<meta property=\"og:image:type\" content=\"image\/jpeg\" \/>\n<meta name=\"author\" content=\"Monique Lima\" \/>\n<meta name=\"twitter:card\" content=\"summary_large_image\" \/>\n<meta name=\"twitter:creator\" content=\"@sunoresearch\" \/>\n<meta name=\"twitter:site\" content=\"@sunoresearch\" \/>\n<meta name=\"twitter:label1\" content=\"Escrito por\" \/>\n\t<meta name=\"twitter:data1\" content=\"Monique Lima\" \/>\n\t<meta name=\"twitter:label2\" content=\"Est. tempo de leitura\" \/>\n\t<meta name=\"twitter:data2\" content=\"2 minutos\" \/>\n<script type=\"application\/ld+json\" class=\"yoast-schema-graph\">{\"@context\":\"https:\/\/schema.org\",\"@graph\":[{\"@type\":\"NewsArticle\",\"@id\":\"https:\/\/www.suno.com.br\/noticias\/cvm-agentes-autonomos-nova-normativa\/#article\",\"isPartOf\":{\"@id\":\"https:\/\/www.suno.com.br\/noticias\/cvm-agentes-autonomos-nova-normativa\/\"},\"author\":{\"name\":\"Monique Lima\",\"@id\":\"https:\/\/www.suno.com.br\/noticias\/#\/schema\/person\/d712329319cc9b10f254d02d654cb36a\"},\"headline\":\"CVM vai retirar exclusividade de agentes aut\u00f4nomos com corretoras em 30 dias, diz relator de MP\",\"datePublished\":\"2022-02-10T20:50:01+00:00\",\"dateModified\":\"2022-02-10T20:58:51+00:00\",\"mainEntityOfPage\":{\"@id\":\"https:\/\/www.suno.com.br\/noticias\/cvm-agentes-autonomos-nova-normativa\/\"},\"wordCount\":454,\"publisher\":{\"@id\":\"https:\/\/www.suno.com.br\/noticias\/#organization\"},\"image\":{\"@id\":\"https:\/\/www.suno.com.br\/noticias\/cvm-agentes-autonomos-nova-normativa\/#primaryimage\"},\"thumbnailUrl\":\"https:\/\/files.sunoresearch.com.br\/n\/uploads\/2021\/01\/171e3960-cvm-jpg.webp\",\"keywords\":[\"agentes aut\u00f4nomos de investimento (AAIs)\",\"Comiss\u00e3o de Valores Mobili\u00e1rios (CVM)\"],\"articleSection\":[\"Mercado\"],\"inLanguage\":\"pt-BR\"},{\"@type\":\"WebPage\",\"@id\":\"https:\/\/www.suno.com.br\/noticias\/cvm-agentes-autonomos-nova-normativa\/\",\"url\":\"https:\/\/www.suno.com.br\/noticias\/cvm-agentes-autonomos-nova-normativa\/\",\"name\":\"CVM vai acabar com exclusividade de agentes aut\u00f4nomos em 30 dias\",\"isPartOf\":{\"@id\":\"https:\/\/www.suno.com.br\/noticias\/#website\"},\"primaryImageOfPage\":{\"@id\":\"https:\/\/www.suno.com.br\/noticias\/cvm-agentes-autonomos-nova-normativa\/#primaryimage\"},\"image\":{\"@id\":\"https:\/\/www.suno.com.br\/noticias\/cvm-agentes-autonomos-nova-normativa\/#primaryimage\"},\"thumbnailUrl\":\"https:\/\/files.sunoresearch.com.br\/n\/uploads\/2021\/01\/171e3960-cvm-jpg.webp\",\"datePublished\":\"2022-02-10T20:50:01+00:00\",\"dateModified\":\"2022-02-10T20:58:51+00:00\",\"description\":\"A CVM dever\u00e1 retirar a exclusividade dos agentes aut\u00f4nomos em uma nova normativa, diz relator de MP sobre mercado de capitais. Leia aqui.\",\"breadcrumb\":{\"@id\":\"https:\/\/www.suno.com.br\/noticias\/cvm-agentes-autonomos-nova-normativa\/#breadcrumb\"},\"inLanguage\":\"pt-BR\",\"potentialAction\":[{\"@type\":\"ReadAction\",\"target\":[\"https:\/\/www.suno.com.br\/noticias\/cvm-agentes-autonomos-nova-normativa\/\"]}]},{\"@type\":\"ImageObject\",\"inLanguage\":\"pt-BR\",\"@id\":\"https:\/\/www.suno.com.br\/noticias\/cvm-agentes-autonomos-nova-normativa\/#primaryimage\",\"url\":\"https:\/\/files.sunoresearch.com.br\/n\/uploads\/2021\/01\/171e3960-cvm-jpg.webp\",\"contentUrl\":\"https:\/\/files.sunoresearch.com.br\/n\/uploads\/2021\/01\/171e3960-cvm-jpg.webp\",\"width\":1348,\"height\":920,\"caption\":\"CVM. Foto: Divulga\u00e7\u00e3o\/Minist\u00e9rio da Economia.\"},{\"@type\":\"BreadcrumbList\",\"@id\":\"https:\/\/www.suno.com.br\/noticias\/cvm-agentes-autonomos-nova-normativa\/#breadcrumb\",\"itemListElement\":[{\"@type\":\"ListItem\",\"position\":1,\"name\":\"Not\u00edcias\",\"item\":\"https:\/\/www.suno.com.br\/noticias\/\"},{\"@type\":\"ListItem\",\"position\":2,\"name\":\"Mercado\",\"item\":\"https:\/\/www.suno.com.br\/noticias\/mercado\/\"},{\"@type\":\"ListItem\",\"position\":3,\"name\":\"CVM vai retirar exclusividade de agentes aut\u00f4nomos com corretoras em 30 dias, diz relator de MP\"}]},{\"@type\":\"WebSite\",\"@id\":\"https:\/\/www.suno.com.br\/noticias\/#website\",\"url\":\"https:\/\/www.suno.com.br\/noticias\/\",\"name\":\"Suno Not\u00edcias\",\"description\":\"Seu portal de informa\u00e7\u00e3o sobre o mundo dos investimentos\",\"publisher\":{\"@id\":\"https:\/\/www.suno.com.br\/noticias\/#organization\"},\"potentialAction\":[{\"@type\":\"SearchAction\",\"target\":{\"@type\":\"EntryPoint\",\"urlTemplate\":\"https:\/\/www.suno.com.br\/noticias\/?s={search_term_string}\"},\"query-input\":{\"@type\":\"PropertyValueSpecification\",\"valueRequired\":true,\"valueName\":\"search_term_string\"}}],\"inLanguage\":\"pt-BR\"},{\"@type\":\"Organization\",\"@id\":\"https:\/\/www.suno.com.br\/noticias\/#organization\",\"name\":\"Suno Not\u00edcias\",\"url\":\"https:\/\/www.suno.com.br\/noticias\/\",\"logo\":{\"@type\":\"ImageObject\",\"inLanguage\":\"pt-BR\",\"@id\":\"https:\/\/www.suno.com.br\/noticias\/#\/schema\/logo\/image\/\",\"url\":\"https:\/\/files.sunoresearch.com.br\/n\/uploads\/2021\/09\/suno-logo.png\",\"contentUrl\":\"https:\/\/files.sunoresearch.com.br\/n\/uploads\/2021\/09\/suno-logo.png\",\"width\":180,\"height\":180,\"caption\":\"Suno Not\u00edcias\"},\"image\":{\"@id\":\"https:\/\/www.suno.com.br\/noticias\/#\/schema\/logo\/image\/\"},\"sameAs\":[\"https:\/\/facebook.com\/sunoresearch\",\"https:\/\/x.com\/sunoresearch\",\"https:\/\/www.instagram.com\/suno\",\"https:\/\/www.linkedin.com\/company\/suno-research\/\",\"https:\/\/www.youtube.com\/c\/sunoresearch\"]},{\"@type\":\"Person\",\"@id\":\"https:\/\/www.suno.com.br\/noticias\/#\/schema\/person\/d712329319cc9b10f254d02d654cb36a\",\"name\":\"Monique Lima\",\"image\":{\"@type\":\"ImageObject\",\"inLanguage\":\"pt-BR\",\"@id\":\"https:\/\/www.suno.com.br\/noticias\/#\/schema\/person\/image\/\",\"url\":\"https:\/\/secure.gravatar.com\/avatar\/daee7f16d906c2e9ffed236206ca2c30?s=96&r=g\",\"contentUrl\":\"https:\/\/secure.gravatar.com\/avatar\/daee7f16d906c2e9ffed236206ca2c30?s=96&r=g\",\"caption\":\"Monique Lima\"},\"description\":\"Rep\u00f3rter de Mercado no Suno Not\u00edcias, \u00e9 jornalista com experi\u00eancia na cobertura de economia, empreendedorismo, finan\u00e7as pessoais, mercado financeiro, carreira e recursos humanos. Formada em Jornalismo pela Universidade Paulista, teve experi\u00eancias em ve\u00edculos de comunica\u00e7\u00e3o como a Ag\u00eancia TradeMap, Revista Voc\u00ea S\/A e Revista Voc\u00ea RH, as duas \u00faltimas publica\u00e7\u00f5es da Editora Abril. No Suno Not\u00edcias, fala sobre as principais not\u00edcias de Fundos Imobili\u00e1rios, Fiagro, Startups e empresas listadas na Bolsa.\",\"url\":\"https:\/\/www.suno.com.br\/noticias\/author\/monique-lima\/\"}]}<\/script>\n<!-- \/ Yoast SEO plugin. -->","yoast_head_json":{"title":"CVM vai acabar com exclusividade de agentes aut\u00f4nomos em 30 dias","description":"A CVM dever\u00e1 retirar a exclusividade dos agentes aut\u00f4nomos em uma nova normativa, diz relator de MP sobre mercado de capitais. Leia aqui.","robots":{"index":"index","follow":"follow","max-snippet":"max-snippet:-1","max-image-preview":"max-image-preview:large","max-video-preview":"max-video-preview:-1"},"canonical":"https:\/\/www.suno.com.br\/noticias\/cvm-agentes-autonomos-nova-normativa\/","og_locale":"pt_BR","og_type":"article","og_title":"CVM vai acabar com exclusividade de agentes aut\u00f4nomos em 30 dias","og_description":"A CVM dever\u00e1 retirar a exclusividade dos agentes aut\u00f4nomos em uma nova normativa, diz relator de MP sobre mercado de capitais. Leia aqui.","og_url":"https:\/\/www.suno.com.br\/noticias\/cvm-agentes-autonomos-nova-normativa\/","og_site_name":"Suno Not\u00edcias","article_publisher":"https:\/\/facebook.com\/sunoresearch","og_image":[{"width":1348,"height":920,"url":"https:\/\/files.sunoresearch.com.br\/n\/uploads\/2021\/01\/171e3960-cvm.jpg","type":"image\/jpeg"}],"author":"Monique Lima","twitter_card":"summary_large_image","twitter_creator":"@sunoresearch","twitter_site":"@sunoresearch","twitter_misc":{"Escrito por":"Monique Lima","Est. tempo de leitura":"2 minutos"},"schema":{"@context":"https:\/\/schema.org","@graph":[{"@type":"NewsArticle","@id":"https:\/\/www.suno.com.br\/noticias\/cvm-agentes-autonomos-nova-normativa\/#article","isPartOf":{"@id":"https:\/\/www.suno.com.br\/noticias\/cvm-agentes-autonomos-nova-normativa\/"},"author":{"name":"Monique Lima","@id":"https:\/\/www.suno.com.br\/noticias\/#\/schema\/person\/d712329319cc9b10f254d02d654cb36a"},"headline":"CVM vai retirar exclusividade de agentes aut\u00f4nomos com corretoras em 30 dias, diz relator de MP","datePublished":"2022-02-10T20:50:01+00:00","dateModified":"2022-02-10T20:58:51+00:00","mainEntityOfPage":{"@id":"https:\/\/www.suno.com.br\/noticias\/cvm-agentes-autonomos-nova-normativa\/"},"wordCount":454,"publisher":{"@id":"https:\/\/www.suno.com.br\/noticias\/#organization"},"image":{"@id":"https:\/\/www.suno.com.br\/noticias\/cvm-agentes-autonomos-nova-normativa\/#primaryimage"},"thumbnailUrl":"https:\/\/files.sunoresearch.com.br\/n\/uploads\/2021\/01\/171e3960-cvm-jpg.webp","keywords":["agentes aut\u00f4nomos de investimento (AAIs)","Comiss\u00e3o de Valores Mobili\u00e1rios (CVM)"],"articleSection":["Mercado"],"inLanguage":"pt-BR"},{"@type":"WebPage","@id":"https:\/\/www.suno.com.br\/noticias\/cvm-agentes-autonomos-nova-normativa\/","url":"https:\/\/www.suno.com.br\/noticias\/cvm-agentes-autonomos-nova-normativa\/","name":"CVM vai acabar com exclusividade de agentes aut\u00f4nomos em 30 dias","isPartOf":{"@id":"https:\/\/www.suno.com.br\/noticias\/#website"},"primaryImageOfPage":{"@id":"https:\/\/www.suno.com.br\/noticias\/cvm-agentes-autonomos-nova-normativa\/#primaryimage"},"image":{"@id":"https:\/\/www.suno.com.br\/noticias\/cvm-agentes-autonomos-nova-normativa\/#primaryimage"},"thumbnailUrl":"https:\/\/files.sunoresearch.com.br\/n\/uploads\/2021\/01\/171e3960-cvm-jpg.webp","datePublished":"2022-02-10T20:50:01+00:00","dateModified":"2022-02-10T20:58:51+00:00","description":"A CVM dever\u00e1 retirar a exclusividade dos agentes aut\u00f4nomos em uma nova normativa, diz relator de MP sobre mercado de capitais. Leia aqui.","breadcrumb":{"@id":"https:\/\/www.suno.com.br\/noticias\/cvm-agentes-autonomos-nova-normativa\/#breadcrumb"},"inLanguage":"pt-BR","potentialAction":[{"@type":"ReadAction","target":["https:\/\/www.suno.com.br\/noticias\/cvm-agentes-autonomos-nova-normativa\/"]}]},{"@type":"ImageObject","inLanguage":"pt-BR","@id":"https:\/\/www.suno.com.br\/noticias\/cvm-agentes-autonomos-nova-normativa\/#primaryimage","url":"https:\/\/files.sunoresearch.com.br\/n\/uploads\/2021\/01\/171e3960-cvm-jpg.webp","contentUrl":"https:\/\/files.sunoresearch.com.br\/n\/uploads\/2021\/01\/171e3960-cvm-jpg.webp","width":1348,"height":920,"caption":"CVM. Foto: Divulga\u00e7\u00e3o\/Minist\u00e9rio da Economia."},{"@type":"BreadcrumbList","@id":"https:\/\/www.suno.com.br\/noticias\/cvm-agentes-autonomos-nova-normativa\/#breadcrumb","itemListElement":[{"@type":"ListItem","position":1,"name":"Not\u00edcias","item":"https:\/\/www.suno.com.br\/noticias\/"},{"@type":"ListItem","position":2,"name":"Mercado","item":"https:\/\/www.suno.com.br\/noticias\/mercado\/"},{"@type":"ListItem","position":3,"name":"CVM vai retirar exclusividade de agentes aut\u00f4nomos com corretoras em 30 dias, diz relator de MP"}]},{"@type":"WebSite","@id":"https:\/\/www.suno.com.br\/noticias\/#website","url":"https:\/\/www.suno.com.br\/noticias\/","name":"Suno Not\u00edcias","description":"Seu portal de informa\u00e7\u00e3o sobre o mundo dos investimentos","publisher":{"@id":"https:\/\/www.suno.com.br\/noticias\/#organization"},"potentialAction":[{"@type":"SearchAction","target":{"@type":"EntryPoint","urlTemplate":"https:\/\/www.suno.com.br\/noticias\/?s={search_term_string}"},"query-input":{"@type":"PropertyValueSpecification","valueRequired":true,"valueName":"search_term_string"}}],"inLanguage":"pt-BR"},{"@type":"Organization","@id":"https:\/\/www.suno.com.br\/noticias\/#organization","name":"Suno Not\u00edcias","url":"https:\/\/www.suno.com.br\/noticias\/","logo":{"@type":"ImageObject","inLanguage":"pt-BR","@id":"https:\/\/www.suno.com.br\/noticias\/#\/schema\/logo\/image\/","url":"https:\/\/files.sunoresearch.com.br\/n\/uploads\/2021\/09\/suno-logo.png","contentUrl":"https:\/\/files.sunoresearch.com.br\/n\/uploads\/2021\/09\/suno-logo.png","width":180,"height":180,"caption":"Suno Not\u00edcias"},"image":{"@id":"https:\/\/www.suno.com.br\/noticias\/#\/schema\/logo\/image\/"},"sameAs":["https:\/\/facebook.com\/sunoresearch","https:\/\/x.com\/sunoresearch","https:\/\/www.instagram.com\/suno","https:\/\/www.linkedin.com\/company\/suno-research\/","https:\/\/www.youtube.com\/c\/sunoresearch"]},{"@type":"Person","@id":"https:\/\/www.suno.com.br\/noticias\/#\/schema\/person\/d712329319cc9b10f254d02d654cb36a","name":"Monique Lima","image":{"@type":"ImageObject","inLanguage":"pt-BR","@id":"https:\/\/www.suno.com.br\/noticias\/#\/schema\/person\/image\/","url":"https:\/\/secure.gravatar.com\/avatar\/daee7f16d906c2e9ffed236206ca2c30?s=96&r=g","contentUrl":"https:\/\/secure.gravatar.com\/avatar\/daee7f16d906c2e9ffed236206ca2c30?s=96&r=g","caption":"Monique Lima"},"description":"Rep\u00f3rter de Mercado no Suno Not\u00edcias, \u00e9 jornalista com experi\u00eancia na cobertura de economia, empreendedorismo, finan\u00e7as pessoais, mercado financeiro, carreira e recursos humanos. Formada em Jornalismo pela Universidade Paulista, teve experi\u00eancias em ve\u00edculos de comunica\u00e7\u00e3o como a Ag\u00eancia TradeMap, Revista Voc\u00ea S\/A e Revista Voc\u00ea RH, as duas \u00faltimas publica\u00e7\u00f5es da Editora Abril. No Suno Not\u00edcias, fala sobre as principais not\u00edcias de Fundos Imobili\u00e1rios, Fiagro, Startups e empresas listadas na Bolsa.","url":"https:\/\/www.suno.com.br\/noticias\/author\/monique-lima\/"}]}},"default_loop_html":"<div class=\"cardsPage__listCard__boxs\"><div class=\"cardsPage__listCard__boxs__img\"><a href=\"https:\/\/www.suno.com.br\/noticias\/cvm-agentes-autonomos-nova-normativa\/\"><img class=\"mask\" src=\"https:\/\/www.suno.com.br\/noticias\/wp-content\/themes\/suno\/resources\/images\/spotlight\/spotlight1img\/bg-mask.png\" alt=\"Image Mask\"\/><img src=\"https:\/\/files.sunoresearch.com.br\/n\/uploads\/2021\/01\/171e3960-cvm-400x200.webp\" alt=\"CVM vai retirar exclusividade de agentes aut\u00f4nomos com corretoras em 30 dias, diz relator de MP\"\/><\/a><span class=\"spotlightCategory\"><a href=\"https:\/\/www.suno.com.br\/noticias\/mercado\/\">Mercado<\/a><\/span><\/div><div class=\"cardsPage__listCard__boxs__content\"><a href=\"https:\/\/www.suno.com.br\/noticias\/cvm-agentes-autonomos-nova-normativa\/\"><h2 class=\"content__title\">CVM vai retirar exclusividade de agentes aut\u00f4nomos com corretoras em 30 dias, diz relator de MP<\/h2><\/a><div class=\"newsContent__article__meta\"><div class=\"newsContent__article__meta__authorBox\"><a href=\"https:\/\/www.suno.com.br\/noticias\/author\/monique-lima\/\" class=\"authorBox__avatar noMobi\"><img src=\"https:\/\/secure.gravatar.com\/avatar\/daee7f16d906c2e9ffed236206ca2c30?s=96&#038;r=g\" alt=\"Monique Lima\"><\/a><div class=\"authorBox__name\"><span>por\n\t\t\t<a href=\"https:\/\/www.suno.com.br\/noticias\/author\/monique-lima\/\"><span itemprop=\"author\">Monique Lima<\/span><\/a><\/span><time datetime=\"2022-02-10T17:50:01-03:00\" itemprop=\"datePublished\">10\/02\/2022 17:50<\/time><\/div><\/div><\/div><\/div><\/div>","single_layout":"posts","amp_enabled":true,"_links":{"self":[{"href":"https:\/\/www.suno.com.br\/noticias\/wp-json\/wp\/v2\/posts\/230385"}],"collection":[{"href":"https:\/\/www.suno.com.br\/noticias\/wp-json\/wp\/v2\/posts"}],"about":[{"href":"https:\/\/www.suno.com.br\/noticias\/wp-json\/wp\/v2\/types\/post"}],"author":[{"embeddable":true,"href":"https:\/\/www.suno.com.br\/noticias\/wp-json\/wp\/v2\/users\/102"}],"replies":[{"embeddable":true,"href":"https:\/\/www.suno.com.br\/noticias\/wp-json\/wp\/v2\/comments?post=230385"}],"version-history":[{"count":3,"href":"https:\/\/www.suno.com.br\/noticias\/wp-json\/wp\/v2\/posts\/230385\/revisions"}],"predecessor-version":[{"id":230419,"href":"https:\/\/www.suno.com.br\/noticias\/wp-json\/wp\/v2\/posts\/230385\/revisions\/230419"}],"wp:featuredmedia":[{"embeddable":true,"href":"https:\/\/www.suno.com.br\/noticias\/wp-json\/wp\/v2\/media\/112483"}],"wp:attachment":[{"href":"https:\/\/www.suno.com.br\/noticias\/wp-json\/wp\/v2\/media?parent=230385"}],"wp:term":[{"taxonomy":"category","embeddable":true,"href":"https:\/\/www.suno.com.br\/noticias\/wp-json\/wp\/v2\/categories?post=230385"},{"taxonomy":"post_tag","embeddable":true,"href":"https:\/\/www.suno.com.br\/noticias\/wp-json\/wp\/v2\/tags?post=230385"},{"taxonomy":"suno_strategy","embeddable":true,"href":"https:\/\/www.suno.com.br\/noticias\/wp-json\/wp\/v2\/suno_strategy?post=230385"}],"curies":[{"name":"wp","href":"https:\/\/api.w.org\/{rel}","templated":true}]}}