{"id":23027,"date":"2019-05-02T17:04:35","date_gmt":"2019-05-02T20:04:35","guid":{"rendered":"https:\/\/www.suno.com.br\/noticias\/?p=23027"},"modified":"2019-05-02T17:04:35","modified_gmt":"2019-05-02T20:04:35","slug":"venda-veiculos-elevacao-fenabrave","status":"publish","type":"post","link":"https:\/\/www.suno.com.br\/noticias\/venda-veiculos-elevacao-fenabrave\/","title":{"rendered":"Venda de ve\u00edculos tem eleva\u00e7\u00e3o de 10% no quadrimestre, diz Fenabrave"},"content":{"rendered":"<p>A venda de ve\u00edculos, que inclui carros, comercias leves, caminh\u00f5es e \u00f4nibus, subiu 10% no quadrimestre deste ano. As informa\u00e7\u00f5es s\u00e3o da Federa\u00e7\u00e3o Nacional da Distribui\u00e7\u00e3o de Ve\u00edculos (Fenabrave) e foram divulgadas nesta quinta (02).<\/p>\t<div class=\"wrapper-featured-image\">\n\t\t<figure class=\"spotlightImg\">\n\n\t\t\t<picture>\n\t\t\t\t<source media=\"(max-width: 768px)\" srcset=\"https:\/\/files.sunoresearch.com.br\/n\/uploads\/2019\/03\/a579b0e0-ve\u00edculos-400x200.webp\">\n\t\t\t\t<img loading=\"lazy\" decoding=\"async\" class=\"newsContent__article__imgCapa lazyloadDisabled newsContent__article__imgCapa--noCaption\" src=\"https:\/\/files.sunoresearch.com.br\/n\/uploads\/2019\/03\/a579b0e0-ve\u00edculos-800x450.webp\" width=\"800\" height=\"450\" alt=\"Venda de ve\u00edculos tem eleva\u00e7\u00e3o de 10% no quadrimestre, diz Fenabrave\" fetchpriority=high \/>\n\t\t\t<\/picture>\n\n\t\t\t<figcaption class=\"wp-caption-text wp-caption-text--hide\">Venda de ve\u00edculos cresce 26,6% em fevereiro ante igual m\u00eas de 2018, diz Anfavea. (divulga\u00e7\u00e3o)<\/figcaption>\n\t\t<\/figure>\n\t<\/div>\n\n\n<p>De acordo com a entidade, nos quatro primeiros meses do ano foram licenciados 839,5 mil unidades. Al\u00e9m disso, em abril a <strong>venda de ve\u00edculos<\/strong> subiu 6,73%, com\u00a0231,9 mil unidades. A compara\u00e7\u00e3o \u00e9 com o mesmo per\u00edodo do ano passado.<\/p>\n<p><a href=\"https:\/\/www.suno.com.br\/noticias\/vendas-veiculos-anfavea-fevereiro-queda\/\">Saiba mais:\u00a0Venda de ve\u00edculos cai 0,6% em fevereiro ante janeiro, aponta Anfavea<\/a><\/p>\n<p>De acordo com o presidente da <strong>Fenabrave<\/strong>,\u00a0Alarico Assump\u00e7\u00e3o J\u00fanior, em abril houve uma eleva\u00e7\u00e3o de 0,5% em rela\u00e7\u00e3o a mar\u00e7o. Segundo Assump\u00e7\u00e3o, o resultado \u00e9 decorrente da &#8220;expectativa de aprova\u00e7\u00e3o das <strong>reformas<\/strong>\u201d. \u201cAo analisarmos o acumulado at\u00e9 abril, observamos que h\u00e1 uma gradual eleva\u00e7\u00e3o dos \u00edndices de<a href=\"https:\/\/www.suno.com.br\/artigos\/confianca-do-consumidor\/\"> <strong>confian\u00e7a do consumidor<\/strong><\/a>, impactados pela prov\u00e1vel resolu\u00e7\u00e3o desse assunto\u201d, informou o dirigente por meio de nota.<\/p>\n\t<p>\n\t\t<a href=\"https:\/\/lp.suno.com.br\/planilha-da-vida-financeira\/\" target=\"_blank\" data-element=\"shortcode-suno-banner\" title=\"Banner SUNO, clique e saiba mais\">\n\t\t\t<picture>\n\t\t\t\t<source media=\"(max-width: 500px)\" srcset=\"https:\/\/files.sunoresearch.com.br\/n\/uploads\/2023\/04\/400x300-Planilha-vida-financeira-true.png\">\n\t\t\t\t<img class=\"newsContent__article__imgCapa newsContent__article__imgCapa--banner\"\n\t\t\t\t\tsrc=\"https:\/\/files.sunoresearch.com.br\/n\/uploads\/2023\/04\/1420x240-Planilha-vida-financeira-true.png\"\n\t\t\t\t\tdata-promo-id=\"106682\"\t\t\t\t\t\t\t\t\t\twidth='1420' height='240'\t\t\t\t\talt=\"https:\/\/files.sunoresearch.com.br\/n\/uploads\/2023\/04\/1420x240-Planilha-vida-financeira-true.png\"\n\t\t\t\t>\n\t\t\t<\/picture>\n\t\t<\/a>\n\t<\/p>\n\n\n<p>Em rela\u00e7\u00e3o ao resultado do m\u00eas passado,\u00a0Assump\u00e7\u00e3o disse que o fato de abril possuir mais dias \u00fateis colaborou para o desempenho positivo. Al\u00e9m disso, o presidente da <strong>Fenabrave<\/strong> destacou que a confian\u00e7a do consumidor aumentou.\u00a0 \u201cO mercado, como um todo, manteve o ritmo de recupera\u00e7\u00e3o. A m\u00e9dia di\u00e1ria de vendas cresceu 0,5%\u201d, disse.<\/p>\n<p><a href=\"https:\/\/www.suno.com.br\/noticias\/venda-veiculos-novos-alta\/\">Saiba mais:\u00a0Venda de ve\u00edculos novos registrou uma alta de 26,6% em fevereiro<\/a><\/p>\n<h2>Segmentos<\/h2>\n<p>O segmento de <strong>autom\u00f3veis leves<\/strong> obteve alta de 8,7% de janeiro a abril, com 801,3 mil. A venda de <strong>caminh\u00f5es<\/strong> cresceu 42,9%, com 29,8 mil unidades vendidas.<\/p>\n<p>J\u00e1 a venda de <strong>motos<\/strong> aumentou 13,7% em compara\u00e7\u00e3o com o mesmo m\u00eas do ano passado. Foram emplacadas 93.387 motocicletas, ante os 82.149 de 2018.<\/p>\n<p><a href=\"https:\/\/www.suno.com.br\/noticias\/venda-veiculos-eletricidade-cresce-brasil\/\">Saiba mais:\u00a0Venda de ve\u00edculos movidos a eletricidade cresce 20,4% no Brasil<\/a><\/p>\n<p>Os <strong>\u00f4nibus<\/strong> apresentaram alta de 84,7%\u00a0 em compara\u00e7\u00e3o com 2018. Foram vendidos 1.160 unidades.<\/p>\n\t<p>\n\t\t<a href=\"https:\/\/lp.suno.com.br\/planilha-controle-gastos\/\" target=\"_blank\" data-element=\"shortcode-suno-banner\" title=\"Banner SUNO, clique e saiba mais\">\n\t\t\t<picture>\n\t\t\t\t<source media=\"(max-width: 500px)\" srcset=\"https:\/\/files.sunoresearch.com.br\/n\/uploads\/2023\/03\/400x300-Planilha-controle-de-gastos.png\">\n\t\t\t\t<img class=\"newsContent__article__imgCapa newsContent__article__imgCapa--banner\"\n\t\t\t\t\tsrc=\"https:\/\/files.sunoresearch.com.br\/n\/uploads\/2023\/03\/1420x240-Planilha-controle-de-gastos.png\"\n\t\t\t\t\tdata-promo-id=\"311945\"\t\t\t\t\t\t\t\t\t\twidth='1420' height='240'\t\t\t\t\talt=\"https:\/\/files.sunoresearch.com.br\/n\/uploads\/2023\/03\/1420x240-Planilha-controle-de-gastos.png\"\n\t\t\t\t>\n\t\t\t<\/picture>\n\t\t<\/a>\n\t<\/p>\n\n\n<h2>Marcas<\/h2>\n<p>As marcas que obtiveram maior parcela do mercado de carros foram:<\/p>\n<ul>\n<li>Chevrolet, com 17,2% do mercado;<\/li>\n<li>Volkswagen, com 15%;<\/li>\n<li>Fiat, com 13,6;<\/li>\n<li>Toyota, com 8,9%;<\/li>\n<li>Ford, com 8,8%;<\/li>\n<li>Renault, com 8,7%;<\/li>\n<li>Hyundai, com 8,6%;<\/li>\n<\/ul>\n","protected":false},"excerpt":{"rendered":"<p>A venda de ve\u00edculos, que inclui carros, comercias leves, caminh\u00f5es e \u00f4nibus, subiu 10% no quadrimestre deste ano. As informa\u00e7\u00f5es s\u00e3o da Federa\u00e7\u00e3o Nacional da Distribui\u00e7\u00e3o de Ve\u00edculos (Fenabrave) e foram divulgadas nesta quinta (02). Venda de ve\u00edculos cresce 26,6% em fevereiro ante igual m\u00eas de 2018, diz Anfavea. (divulga\u00e7\u00e3o) De acordo com a entidade, [&hellip;]<\/p>\n","protected":false},"author":14,"featured_media":17636,"comment_status":"closed","ping_status":"closed","sticky":false,"template":"","format":"standard","meta":[],"categories":[62],"tags":[918,941],"suno_strategy":[],"class_list":["post-23027","post","type-post","status-publish","format-standard","has-post-thumbnail","hentry","category-economia","tag-fenabrave","tag-setor-automotivo"],"yoast_head":"<!-- This site is optimized with the Yoast SEO plugin v24.4 - https:\/\/yoast.com\/wordpress\/plugins\/seo\/ -->\n<title>Venda de ve\u00edculos tem eleva\u00e7\u00e3o de 10% no quadrimestre, diz Fenabrave<\/title>\n<meta name=\"description\" content=\"Al\u00e9m disso, em abril a venda de ve\u00edculos subiu 6,73%, com\u00a0231,9 mil unidades em rela\u00e7\u00e3o com o mesmo per\u00edodo de 2018. Clique para saber mais.\" \/>\n<meta name=\"robots\" content=\"index, follow, max-snippet:-1, max-image-preview:large, max-video-preview:-1\" \/>\n<link rel=\"canonical\" href=\"https:\/\/www.suno.com.br\/noticias\/venda-veiculos-elevacao-fenabrave\/\" \/>\n<meta property=\"og:locale\" content=\"pt_BR\" \/>\n<meta property=\"og:type\" content=\"article\" \/>\n<meta property=\"og:title\" content=\"Venda de ve\u00edculos tem eleva\u00e7\u00e3o de 10% no quadrimestre, diz Fenabrave\" \/>\n<meta property=\"og:description\" content=\"Al\u00e9m disso, em abril a venda de ve\u00edculos subiu 6,73%, com\u00a0231,9 mil unidades em rela\u00e7\u00e3o com o mesmo per\u00edodo de 2018. Clique para saber mais.\" \/>\n<meta property=\"og:url\" content=\"https:\/\/www.suno.com.br\/noticias\/venda-veiculos-elevacao-fenabrave\/\" \/>\n<meta property=\"og:site_name\" content=\"Suno Not\u00edcias\" \/>\n<meta property=\"article:publisher\" content=\"https:\/\/facebook.com\/sunoresearch\" \/>\n<meta property=\"og:image\" content=\"https:\/\/files.sunoresearch.com.br\/n\/uploads\/2019\/03\/a579b0e0-ve\u00edculos.jpg\" \/>\n\t<meta property=\"og:image:width\" content=\"960\" \/>\n\t<meta property=\"og:image:height\" content=\"662\" \/>\n\t<meta property=\"og:image:type\" content=\"image\/jpeg\" \/>\n<meta name=\"author\" content=\"Renan Dantas\" \/>\n<meta name=\"twitter:card\" content=\"summary_large_image\" \/>\n<meta name=\"twitter:creator\" content=\"@sunoresearch\" \/>\n<meta name=\"twitter:site\" content=\"@sunoresearch\" \/>\n<meta name=\"twitter:label1\" content=\"Escrito por\" \/>\n\t<meta name=\"twitter:data1\" content=\"Renan Dantas\" \/>\n\t<meta name=\"twitter:label2\" content=\"Est. tempo de leitura\" \/>\n\t<meta name=\"twitter:data2\" content=\"2 minutos\" \/>\n<script type=\"application\/ld+json\" class=\"yoast-schema-graph\">{\"@context\":\"https:\/\/schema.org\",\"@graph\":[{\"@type\":\"NewsArticle\",\"@id\":\"https:\/\/www.suno.com.br\/noticias\/venda-veiculos-elevacao-fenabrave\/#article\",\"isPartOf\":{\"@id\":\"https:\/\/www.suno.com.br\/noticias\/venda-veiculos-elevacao-fenabrave\/\"},\"author\":{\"name\":\"Renan Dantas\",\"@id\":\"https:\/\/www.suno.com.br\/noticias\/#\/schema\/person\/3f7693d5795a3f6d5ce15309ee785699\"},\"headline\":\"Venda de ve\u00edculos tem eleva\u00e7\u00e3o de 10% no quadrimestre, diz Fenabrave\",\"datePublished\":\"2019-05-02T20:04:35+00:00\",\"mainEntityOfPage\":{\"@id\":\"https:\/\/www.suno.com.br\/noticias\/venda-veiculos-elevacao-fenabrave\/\"},\"wordCount\":359,\"publisher\":{\"@id\":\"https:\/\/www.suno.com.br\/noticias\/#organization\"},\"image\":{\"@id\":\"https:\/\/www.suno.com.br\/noticias\/venda-veiculos-elevacao-fenabrave\/#primaryimage\"},\"thumbnailUrl\":\"https:\/\/files.sunoresearch.com.br\/n\/uploads\/2019\/03\/a579b0e0-ve\u00edculos-jpg.webp\",\"keywords\":[\"Fenabrave\",\"setor automotivo\"],\"articleSection\":[\"Economia\"],\"inLanguage\":\"pt-BR\"},{\"@type\":\"WebPage\",\"@id\":\"https:\/\/www.suno.com.br\/noticias\/venda-veiculos-elevacao-fenabrave\/\",\"url\":\"https:\/\/www.suno.com.br\/noticias\/venda-veiculos-elevacao-fenabrave\/\",\"name\":\"Venda de ve\u00edculos tem eleva\u00e7\u00e3o de 10% no quadrimestre, diz Fenabrave\",\"isPartOf\":{\"@id\":\"https:\/\/www.suno.com.br\/noticias\/#website\"},\"primaryImageOfPage\":{\"@id\":\"https:\/\/www.suno.com.br\/noticias\/venda-veiculos-elevacao-fenabrave\/#primaryimage\"},\"image\":{\"@id\":\"https:\/\/www.suno.com.br\/noticias\/venda-veiculos-elevacao-fenabrave\/#primaryimage\"},\"thumbnailUrl\":\"https:\/\/files.sunoresearch.com.br\/n\/uploads\/2019\/03\/a579b0e0-ve\u00edculos-jpg.webp\",\"datePublished\":\"2019-05-02T20:04:35+00:00\",\"description\":\"Al\u00e9m disso, em abril a venda de ve\u00edculos subiu 6,73%, com\u00a0231,9 mil unidades em rela\u00e7\u00e3o com o mesmo per\u00edodo de 2018. Clique para saber mais.\",\"breadcrumb\":{\"@id\":\"https:\/\/www.suno.com.br\/noticias\/venda-veiculos-elevacao-fenabrave\/#breadcrumb\"},\"inLanguage\":\"pt-BR\",\"potentialAction\":[{\"@type\":\"ReadAction\",\"target\":[\"https:\/\/www.suno.com.br\/noticias\/venda-veiculos-elevacao-fenabrave\/\"]}]},{\"@type\":\"ImageObject\",\"inLanguage\":\"pt-BR\",\"@id\":\"https:\/\/www.suno.com.br\/noticias\/venda-veiculos-elevacao-fenabrave\/#primaryimage\",\"url\":\"https:\/\/files.sunoresearch.com.br\/n\/uploads\/2019\/03\/a579b0e0-ve\u00edculos-jpg.webp\",\"contentUrl\":\"https:\/\/files.sunoresearch.com.br\/n\/uploads\/2019\/03\/a579b0e0-ve\u00edculos-jpg.webp\",\"width\":960,\"height\":662,\"caption\":\"Venda de ve\u00edculos cresce 26,6% em fevereiro ante igual m\u00eas de 2018, diz Anfavea. (divulga\u00e7\u00e3o)\"},{\"@type\":\"BreadcrumbList\",\"@id\":\"https:\/\/www.suno.com.br\/noticias\/venda-veiculos-elevacao-fenabrave\/#breadcrumb\",\"itemListElement\":[{\"@type\":\"ListItem\",\"position\":1,\"name\":\"Not\u00edcias\",\"item\":\"https:\/\/www.suno.com.br\/noticias\/\"},{\"@type\":\"ListItem\",\"position\":2,\"name\":\"Economia\",\"item\":\"https:\/\/www.suno.com.br\/noticias\/economia\/\"},{\"@type\":\"ListItem\",\"position\":3,\"name\":\"Venda de ve\u00edculos tem eleva\u00e7\u00e3o de 10% no quadrimestre, diz Fenabrave\"}]},{\"@type\":\"WebSite\",\"@id\":\"https:\/\/www.suno.com.br\/noticias\/#website\",\"url\":\"https:\/\/www.suno.com.br\/noticias\/\",\"name\":\"Suno Not\u00edcias\",\"description\":\"Seu portal de informa\u00e7\u00e3o sobre o mundo dos investimentos\",\"publisher\":{\"@id\":\"https:\/\/www.suno.com.br\/noticias\/#organization\"},\"potentialAction\":[{\"@type\":\"SearchAction\",\"target\":{\"@type\":\"EntryPoint\",\"urlTemplate\":\"https:\/\/www.suno.com.br\/noticias\/?s={search_term_string}\"},\"query-input\":{\"@type\":\"PropertyValueSpecification\",\"valueRequired\":true,\"valueName\":\"search_term_string\"}}],\"inLanguage\":\"pt-BR\"},{\"@type\":\"Organization\",\"@id\":\"https:\/\/www.suno.com.br\/noticias\/#organization\",\"name\":\"Suno Not\u00edcias\",\"url\":\"https:\/\/www.suno.com.br\/noticias\/\",\"logo\":{\"@type\":\"ImageObject\",\"inLanguage\":\"pt-BR\",\"@id\":\"https:\/\/www.suno.com.br\/noticias\/#\/schema\/logo\/image\/\",\"url\":\"https:\/\/files.sunoresearch.com.br\/n\/uploads\/2021\/09\/suno-logo.png\",\"contentUrl\":\"https:\/\/files.sunoresearch.com.br\/n\/uploads\/2021\/09\/suno-logo.png\",\"width\":180,\"height\":180,\"caption\":\"Suno Not\u00edcias\"},\"image\":{\"@id\":\"https:\/\/www.suno.com.br\/noticias\/#\/schema\/logo\/image\/\"},\"sameAs\":[\"https:\/\/facebook.com\/sunoresearch\",\"https:\/\/x.com\/sunoresearch\",\"https:\/\/www.instagram.com\/suno\",\"https:\/\/www.linkedin.com\/company\/suno-research\/\",\"https:\/\/www.youtube.com\/c\/sunoresearch\"]},{\"@type\":\"Person\",\"@id\":\"https:\/\/www.suno.com.br\/noticias\/#\/schema\/person\/3f7693d5795a3f6d5ce15309ee785699\",\"name\":\"Renan Dantas\",\"image\":{\"@type\":\"ImageObject\",\"inLanguage\":\"pt-BR\",\"@id\":\"https:\/\/www.suno.com.br\/noticias\/#\/schema\/person\/image\/\",\"url\":\"https:\/\/secure.gravatar.com\/avatar\/1787b83e7484a08e51d62ac8b41c8396?s=96&r=g\",\"contentUrl\":\"https:\/\/secure.gravatar.com\/avatar\/1787b83e7484a08e51d62ac8b41c8396?s=96&r=g\",\"caption\":\"Renan Dantas\"},\"description\":\"Escreve sobre pol\u00edtica e mercado financeiro para o portal Suno Not\u00edcias. Antes, atuou na assessoria de comunica\u00e7\u00e3o do Minist\u00e9rio P\u00fablico do Trabalho e na R\u00e1dio Mackenzie, onde apresentava e produzia um programa sobre artistas da m\u00fasica brasileira. \u00c9 estudante na Universidade Presbiteriana Mackenzie.\",\"url\":\"https:\/\/www.suno.com.br\/noticias\/author\/renan-dantas\/\"}]}<\/script>\n<!-- \/ Yoast SEO plugin. -->","yoast_head_json":{"title":"Venda de ve\u00edculos tem eleva\u00e7\u00e3o de 10% no quadrimestre, diz Fenabrave","description":"Al\u00e9m disso, em abril a venda de ve\u00edculos subiu 6,73%, com\u00a0231,9 mil unidades em rela\u00e7\u00e3o com o mesmo per\u00edodo de 2018. Clique para saber mais.","robots":{"index":"index","follow":"follow","max-snippet":"max-snippet:-1","max-image-preview":"max-image-preview:large","max-video-preview":"max-video-preview:-1"},"canonical":"https:\/\/www.suno.com.br\/noticias\/venda-veiculos-elevacao-fenabrave\/","og_locale":"pt_BR","og_type":"article","og_title":"Venda de ve\u00edculos tem eleva\u00e7\u00e3o de 10% no quadrimestre, diz Fenabrave","og_description":"Al\u00e9m disso, em abril a venda de ve\u00edculos subiu 6,73%, com\u00a0231,9 mil unidades em rela\u00e7\u00e3o com o mesmo per\u00edodo de 2018. Clique para saber mais.","og_url":"https:\/\/www.suno.com.br\/noticias\/venda-veiculos-elevacao-fenabrave\/","og_site_name":"Suno Not\u00edcias","article_publisher":"https:\/\/facebook.com\/sunoresearch","og_image":[{"width":960,"height":662,"url":"https:\/\/files.sunoresearch.com.br\/n\/uploads\/2019\/03\/a579b0e0-ve\u00edculos.jpg","type":"image\/jpeg"}],"author":"Renan Dantas","twitter_card":"summary_large_image","twitter_creator":"@sunoresearch","twitter_site":"@sunoresearch","twitter_misc":{"Escrito por":"Renan Dantas","Est. tempo de leitura":"2 minutos"},"schema":{"@context":"https:\/\/schema.org","@graph":[{"@type":"NewsArticle","@id":"https:\/\/www.suno.com.br\/noticias\/venda-veiculos-elevacao-fenabrave\/#article","isPartOf":{"@id":"https:\/\/www.suno.com.br\/noticias\/venda-veiculos-elevacao-fenabrave\/"},"author":{"name":"Renan Dantas","@id":"https:\/\/www.suno.com.br\/noticias\/#\/schema\/person\/3f7693d5795a3f6d5ce15309ee785699"},"headline":"Venda de ve\u00edculos tem eleva\u00e7\u00e3o de 10% no quadrimestre, diz Fenabrave","datePublished":"2019-05-02T20:04:35+00:00","mainEntityOfPage":{"@id":"https:\/\/www.suno.com.br\/noticias\/venda-veiculos-elevacao-fenabrave\/"},"wordCount":359,"publisher":{"@id":"https:\/\/www.suno.com.br\/noticias\/#organization"},"image":{"@id":"https:\/\/www.suno.com.br\/noticias\/venda-veiculos-elevacao-fenabrave\/#primaryimage"},"thumbnailUrl":"https:\/\/files.sunoresearch.com.br\/n\/uploads\/2019\/03\/a579b0e0-ve\u00edculos-jpg.webp","keywords":["Fenabrave","setor automotivo"],"articleSection":["Economia"],"inLanguage":"pt-BR"},{"@type":"WebPage","@id":"https:\/\/www.suno.com.br\/noticias\/venda-veiculos-elevacao-fenabrave\/","url":"https:\/\/www.suno.com.br\/noticias\/venda-veiculos-elevacao-fenabrave\/","name":"Venda de ve\u00edculos tem eleva\u00e7\u00e3o de 10% no quadrimestre, diz Fenabrave","isPartOf":{"@id":"https:\/\/www.suno.com.br\/noticias\/#website"},"primaryImageOfPage":{"@id":"https:\/\/www.suno.com.br\/noticias\/venda-veiculos-elevacao-fenabrave\/#primaryimage"},"image":{"@id":"https:\/\/www.suno.com.br\/noticias\/venda-veiculos-elevacao-fenabrave\/#primaryimage"},"thumbnailUrl":"https:\/\/files.sunoresearch.com.br\/n\/uploads\/2019\/03\/a579b0e0-ve\u00edculos-jpg.webp","datePublished":"2019-05-02T20:04:35+00:00","description":"Al\u00e9m disso, em abril a venda de ve\u00edculos subiu 6,73%, com\u00a0231,9 mil unidades em rela\u00e7\u00e3o com o mesmo per\u00edodo de 2018. Clique para saber mais.","breadcrumb":{"@id":"https:\/\/www.suno.com.br\/noticias\/venda-veiculos-elevacao-fenabrave\/#breadcrumb"},"inLanguage":"pt-BR","potentialAction":[{"@type":"ReadAction","target":["https:\/\/www.suno.com.br\/noticias\/venda-veiculos-elevacao-fenabrave\/"]}]},{"@type":"ImageObject","inLanguage":"pt-BR","@id":"https:\/\/www.suno.com.br\/noticias\/venda-veiculos-elevacao-fenabrave\/#primaryimage","url":"https:\/\/files.sunoresearch.com.br\/n\/uploads\/2019\/03\/a579b0e0-ve\u00edculos-jpg.webp","contentUrl":"https:\/\/files.sunoresearch.com.br\/n\/uploads\/2019\/03\/a579b0e0-ve\u00edculos-jpg.webp","width":960,"height":662,"caption":"Venda de ve\u00edculos cresce 26,6% em fevereiro ante igual m\u00eas de 2018, diz Anfavea. (divulga\u00e7\u00e3o)"},{"@type":"BreadcrumbList","@id":"https:\/\/www.suno.com.br\/noticias\/venda-veiculos-elevacao-fenabrave\/#breadcrumb","itemListElement":[{"@type":"ListItem","position":1,"name":"Not\u00edcias","item":"https:\/\/www.suno.com.br\/noticias\/"},{"@type":"ListItem","position":2,"name":"Economia","item":"https:\/\/www.suno.com.br\/noticias\/economia\/"},{"@type":"ListItem","position":3,"name":"Venda de ve\u00edculos tem eleva\u00e7\u00e3o de 10% no quadrimestre, diz Fenabrave"}]},{"@type":"WebSite","@id":"https:\/\/www.suno.com.br\/noticias\/#website","url":"https:\/\/www.suno.com.br\/noticias\/","name":"Suno Not\u00edcias","description":"Seu portal de informa\u00e7\u00e3o sobre o mundo dos investimentos","publisher":{"@id":"https:\/\/www.suno.com.br\/noticias\/#organization"},"potentialAction":[{"@type":"SearchAction","target":{"@type":"EntryPoint","urlTemplate":"https:\/\/www.suno.com.br\/noticias\/?s={search_term_string}"},"query-input":{"@type":"PropertyValueSpecification","valueRequired":true,"valueName":"search_term_string"}}],"inLanguage":"pt-BR"},{"@type":"Organization","@id":"https:\/\/www.suno.com.br\/noticias\/#organization","name":"Suno Not\u00edcias","url":"https:\/\/www.suno.com.br\/noticias\/","logo":{"@type":"ImageObject","inLanguage":"pt-BR","@id":"https:\/\/www.suno.com.br\/noticias\/#\/schema\/logo\/image\/","url":"https:\/\/files.sunoresearch.com.br\/n\/uploads\/2021\/09\/suno-logo.png","contentUrl":"https:\/\/files.sunoresearch.com.br\/n\/uploads\/2021\/09\/suno-logo.png","width":180,"height":180,"caption":"Suno Not\u00edcias"},"image":{"@id":"https:\/\/www.suno.com.br\/noticias\/#\/schema\/logo\/image\/"},"sameAs":["https:\/\/facebook.com\/sunoresearch","https:\/\/x.com\/sunoresearch","https:\/\/www.instagram.com\/suno","https:\/\/www.linkedin.com\/company\/suno-research\/","https:\/\/www.youtube.com\/c\/sunoresearch"]},{"@type":"Person","@id":"https:\/\/www.suno.com.br\/noticias\/#\/schema\/person\/3f7693d5795a3f6d5ce15309ee785699","name":"Renan Dantas","image":{"@type":"ImageObject","inLanguage":"pt-BR","@id":"https:\/\/www.suno.com.br\/noticias\/#\/schema\/person\/image\/","url":"https:\/\/secure.gravatar.com\/avatar\/1787b83e7484a08e51d62ac8b41c8396?s=96&r=g","contentUrl":"https:\/\/secure.gravatar.com\/avatar\/1787b83e7484a08e51d62ac8b41c8396?s=96&r=g","caption":"Renan Dantas"},"description":"Escreve sobre pol\u00edtica e mercado financeiro para o portal Suno Not\u00edcias. Antes, atuou na assessoria de comunica\u00e7\u00e3o do Minist\u00e9rio P\u00fablico do Trabalho e na R\u00e1dio Mackenzie, onde apresentava e produzia um programa sobre artistas da m\u00fasica brasileira. \u00c9 estudante na Universidade Presbiteriana Mackenzie.","url":"https:\/\/www.suno.com.br\/noticias\/author\/renan-dantas\/"}]}},"default_loop_html":"<div class=\"cardsPage__listCard__boxs\"><div class=\"cardsPage__listCard__boxs__img\"><a href=\"https:\/\/www.suno.com.br\/noticias\/venda-veiculos-elevacao-fenabrave\/\"><img class=\"mask\" src=\"https:\/\/www.suno.com.br\/noticias\/wp-content\/themes\/suno\/resources\/images\/spotlight\/spotlight1img\/bg-mask.png\" alt=\"Image Mask\"\/><img src=\"https:\/\/files.sunoresearch.com.br\/n\/uploads\/2019\/03\/a579b0e0-ve\u00edculos-400x200.webp\" alt=\"Venda de ve\u00edculos tem eleva\u00e7\u00e3o de 10% no quadrimestre, diz Fenabrave\"\/><\/a><span class=\"spotlightCategory\"><a href=\"https:\/\/www.suno.com.br\/noticias\/economia\/\">Economia<\/a><\/span><\/div><div class=\"cardsPage__listCard__boxs__content\"><a href=\"https:\/\/www.suno.com.br\/noticias\/venda-veiculos-elevacao-fenabrave\/\"><h2 class=\"content__title\">Venda de ve\u00edculos tem eleva\u00e7\u00e3o de 10% no quadrimestre, diz Fenabrave<\/h2><\/a><div class=\"newsContent__article__meta\"><div class=\"newsContent__article__meta__authorBox\"><a href=\"https:\/\/www.suno.com.br\/noticias\/author\/renan-dantas\/\" class=\"authorBox__avatar noMobi\"><img src=\"https:\/\/secure.gravatar.com\/avatar\/1787b83e7484a08e51d62ac8b41c8396?s=96&#038;r=g\" alt=\"Renan Dantas\"><\/a><div class=\"authorBox__name\"><span>por\n\t\t\t<a href=\"https:\/\/www.suno.com.br\/noticias\/author\/renan-dantas\/\"><span itemprop=\"author\">Renan Dantas<\/span><\/a><\/span><time datetime=\"2019-05-02T17:04:35-03:00\" itemprop=\"datePublished\">02\/05\/2019 17:04<\/time><\/div><\/div><\/div><\/div><\/div>","single_layout":"posts","amp_enabled":true,"_links":{"self":[{"href":"https:\/\/www.suno.com.br\/noticias\/wp-json\/wp\/v2\/posts\/23027"}],"collection":[{"href":"https:\/\/www.suno.com.br\/noticias\/wp-json\/wp\/v2\/posts"}],"about":[{"href":"https:\/\/www.suno.com.br\/noticias\/wp-json\/wp\/v2\/types\/post"}],"author":[{"embeddable":true,"href":"https:\/\/www.suno.com.br\/noticias\/wp-json\/wp\/v2\/users\/14"}],"replies":[{"embeddable":true,"href":"https:\/\/www.suno.com.br\/noticias\/wp-json\/wp\/v2\/comments?post=23027"}],"version-history":[{"count":0,"href":"https:\/\/www.suno.com.br\/noticias\/wp-json\/wp\/v2\/posts\/23027\/revisions"}],"wp:featuredmedia":[{"embeddable":true,"href":"https:\/\/www.suno.com.br\/noticias\/wp-json\/wp\/v2\/media\/17636"}],"wp:attachment":[{"href":"https:\/\/www.suno.com.br\/noticias\/wp-json\/wp\/v2\/media?parent=23027"}],"wp:term":[{"taxonomy":"category","embeddable":true,"href":"https:\/\/www.suno.com.br\/noticias\/wp-json\/wp\/v2\/categories?post=23027"},{"taxonomy":"post_tag","embeddable":true,"href":"https:\/\/www.suno.com.br\/noticias\/wp-json\/wp\/v2\/tags?post=23027"},{"taxonomy":"suno_strategy","embeddable":true,"href":"https:\/\/www.suno.com.br\/noticias\/wp-json\/wp\/v2\/suno_strategy?post=23027"}],"curies":[{"name":"wp","href":"https:\/\/api.w.org\/{rel}","templated":true}]}}