{"id":23015,"date":"2019-05-02T16:09:27","date_gmt":"2019-05-02T19:09:27","guid":{"rendered":"https:\/\/www.suno.com.br\/noticias\/?p=23015"},"modified":"2019-05-02T17:55:48","modified_gmt":"2019-05-02T20:55:48","slug":"balanca-comercial-superavit-3","status":"publish","type":"post","link":"https:\/\/www.suno.com.br\/noticias\/balanca-comercial-superavit-3\/","title":{"rendered":"Balan\u00e7a comercial tem super\u00e1vit de US$ 6 bilh\u00f5es em abril"},"content":{"rendered":"<p>A balan\u00e7a comercial fechou o m\u00eas de abril com super\u00e1vit de US$ 6,061 bilh\u00f5es. A informa\u00e7\u00e3o foi divulgada nesta quinta-feira (02) pelo Minist\u00e9rio da Economia.<\/p>\t<div class=\"wrapper-featured-image\">\n\t\t<figure class=\"spotlightImg\">\n\n\t\t\t<picture>\n\t\t\t\t<source media=\"(max-width: 768px)\" srcset=\"https:\/\/files.sunoresearch.com.br\/n\/uploads\/2019\/02\/3df039d3-balan\u00e7a-comercial-400x200.webp\">\n\t\t\t\t<img loading=\"lazy\" decoding=\"async\" class=\"newsContent__article__imgCapa lazyloadDisabled newsContent__article__imgCapa--noCaption\" src=\"https:\/\/files.sunoresearch.com.br\/n\/uploads\/2019\/02\/3df039d3-balan\u00e7a-comercial-800x450.webp\" width=\"800\" height=\"450\" alt=\"Balan\u00e7a comercial tem super\u00e1vit de US$ 6 bilh\u00f5es em abril\" fetchpriority=high \/>\n\t\t\t<\/picture>\n\n\t\t\t<figcaption class=\"wp-caption-text wp-caption-text--hide\">Balan\u00e7a comercial tem super\u00e1vit de US$ 4,548 bi em maio<\/figcaption>\n\t\t<\/figure>\n\t<\/div>\n\n\n<p>O n\u00famero representa uma pequena varia\u00e7\u00e3o positiva em compara\u00e7\u00e3o com o ano passado. Al\u00e9m disso, a <strong>balan\u00e7a comercial<\/strong> registrou o maior <a href=\"https:\/\/www.suno.com.br\/artigos\/superavit-comercial\/\"><strong>super\u00e1vit<\/strong><\/a> para meses de abril desde 2017.<\/p>\n<p><a href=\"https:\/\/www.suno.com.br\/noticias\/balanca-comercial-saldo-positivo-4\/\">Saiba mais:\u00a0Apesar de queda de 9%, balan\u00e7a comercial tem super\u00e1vit de US$15 bi<\/a><\/p>\n<p>Quando as <strong>exporta\u00e7\u00f5es<\/strong> s\u00e3o maiores que as <strong>importa\u00e7\u00f5es<\/strong> h\u00e1 um <strong>super\u00e1vit<\/strong>. Do contr\u00e1rio, h\u00e1 um <strong>d\u00e9ficit comercial<\/strong>.<\/p>\n\t<p>\n\t\t<a href=\"https:\/\/lp2.suno.com.br\/pv\/curso-zero-ao-primeiro-rendimento\/?utm_source=suno-noticias&#038;utm_medium=banner&#038;utm_campaign=_SNC4CCF8112_\" target=\"_blank\" data-element=\"shortcode-suno-banner\" title=\"Banner SUNO, clique e saiba mais\">\n\t\t\t<picture>\n\t\t\t\t<source media=\"(max-width: 500px)\" srcset=\"https:\/\/files.sunoresearch.com.br\/n\/uploads\/2025\/12\/Artigos-e-Noticias-Banner-Materias-02-Mobile_-400x300-1-png.webp\">\n\t\t\t\t<img class=\"newsContent__article__imgCapa newsContent__article__imgCapa--banner\"\n\t\t\t\t\tsrc=\"https:\/\/files.sunoresearch.com.br\/n\/uploads\/2025\/12\/Artigos-e-Noticias-Banner-Materias-01-Desktop_-1420x240-1-png.webp\"\n\t\t\t\t\tdata-promo-id=\"635313\"\t\t\t\t\t\t\t\t\t\twidth='1420' height='240'\t\t\t\t\talt=\"https:\/\/files.sunoresearch.com.br\/n\/uploads\/2025\/12\/Artigos-e-Noticias-Banner-Materias-01-Desktop_-1420x240-1-png.webp\"\n\t\t\t\t>\n\t\t\t<\/picture>\n\t\t<\/a>\n\t<\/p>\n\n\n<h2>Exporta\u00e7\u00f5es e importa\u00e7\u00f5es<\/h2>\n<p>Segundo o <strong>governo federal<\/strong>, a <strong>balan\u00e7a comercial<\/strong> de abril obteve:<\/p>\n<ul>\n<li><strong>exporta\u00e7\u00f5es<\/strong>: US$ 19,689 bilh\u00f5es;<\/li>\n<li><strong>importa\u00e7\u00f5es<\/strong>: US$ 13,628 bilh\u00f5es;<\/li>\n<\/ul>\n<p>Em rela\u00e7\u00e3o ao ano passado, as exporta\u00e7\u00f5es tiveram queda de 0,1%. J\u00e1 as importa\u00e7\u00f5es recuaram 1,2%.<\/p>\n<p>&#8220;O pre\u00e7o das mercadorias exportadas caiu 4,1% no acumulado do ano. Tivemos uma queda de 8% no pre\u00e7o de exporta\u00e7\u00e3o da soja, o petr\u00f3leo em bruto apresentou queda de 6,6%&#8221;, declarou Herlon Brand\u00e3o, subsecret\u00e1rio de <strong>Intelig\u00eancia e Estat\u00edsticas de Com\u00e9rcio Exterior do Minist\u00e9rio da Economia<\/strong>.<\/p>\n<p>Os produtos que registraram maior alta nas exporta\u00e7\u00f5es foram:<\/p>\n<ul>\n<li>produtos semimanufaturados: aumento de 7,1%;<\/li>\n<li>produtos b\u00e1sicos: aumento de 2,1%;<\/li>\n<li>produtos manufaturados: eleva\u00e7\u00e3o de 0,8%;<\/li>\n<\/ul>\n<h2>Maiores compradores<\/h2>\n<p>De acordo com informa\u00e7\u00f5es do <strong>governo<\/strong>, os maiores compradores dos produtos brasileiros no quadrimestre foram:<\/p>\n<ol>\n<li>China, Hong Kong e Macau: US$ 20,1 bilh\u00f5es;<\/li>\n<li>Estados Unidos: US$ 9,5 bilh\u00f5es;<\/li>\n<li>Argentina: US$ 3,2 bilh\u00f5es;<\/li>\n<li>Pa\u00edses Baixos: US$ 2,8 bilh\u00f5es;<\/li>\n<li>Alemanha: US$ 1,8 bilh\u00e3o.<\/li>\n<\/ol>\n<h2>Acumulado do ano<\/h2>\n<p>Nos quatro primeiros meses deste ano, o <strong>saldo da balan\u00e7a<\/strong> ficou positivo em US$ 16,576 bilh\u00f5es. O valor \u00e9 8,7% menor se comparado com o mesmo per\u00edodo do ano passado, que registrou US$ 18,165 bilh\u00f5es.<\/p>\n<p>No acumulado de 2019, segundo o <strong>Minist\u00e9rio da Economia<\/strong>, as exporta\u00e7\u00f5es totalizaram US$ 72,343 bilh\u00f5es, com m\u00e9dia di\u00e1ria de US$ 882 milh\u00f5es, queda de 2,7% na compara\u00e7\u00e3o com o ano passado.<\/p>\n<p>As <strong>importa\u00e7\u00f5es<\/strong> somaram US$ 55,576 bilh\u00f5es, m\u00e9dia di\u00e1ria de US$ 680 milh\u00f5es, uma redu\u00e7\u00e3o de 0,8% em rela\u00e7\u00e3o com o mesmo per\u00edodo de 2018.<\/p>\n\t<p>\n\t\t<a href=\"https:\/\/lp.suno.com.br\/ebook-10-livros\/\" target=\"_blank\" data-element=\"shortcode-suno-banner\" title=\"Banner SUNO, clique e saiba mais\">\n\t\t\t<picture>\n\t\t\t\t<source media=\"(max-width: 500px)\" srcset=\"https:\/\/files.sunoresearch.com.br\/n\/uploads\/2023\/03\/400x300-10-livros.png\">\n\t\t\t\t<img class=\"newsContent__article__imgCapa newsContent__article__imgCapa--banner\"\n\t\t\t\t\tsrc=\"https:\/\/files.sunoresearch.com.br\/n\/uploads\/2023\/03\/1420x240-10-livros.png\"\n\t\t\t\t\tdata-promo-id=\"383159\"\t\t\t\t\t\t\t\t\t\twidth='1420' height='240'\t\t\t\t\talt=\"https:\/\/files.sunoresearch.com.br\/n\/uploads\/2023\/03\/1420x240-10-livros.png\"\n\t\t\t\t>\n\t\t\t<\/picture>\n\t\t<\/a>\n\t<\/p>\n\n\n<h2>Balan\u00e7a comercial de 2018<\/h2>\n<p>No acumulado do ano de 2018, a <strong>balan\u00e7a comercial<\/strong> obteve um <strong>super\u00e1vit<\/strong> de US$ 58,3 bilh\u00f5es. Esse <strong>saldo positivo<\/strong> foi gerado pela eleva\u00e7\u00e3o das <strong>exporta\u00e7\u00f5es<\/strong> de produtos b\u00e1sicos. Por\u00e9m, o saldo da balan\u00e7a comercial foi 13% menor do que o registrado em 2017. As informa\u00e7\u00f5es s\u00e3o do <strong>Minist\u00e9rio da Economia<\/strong>.<\/p>\n<p><a href=\"https:\/\/www.suno.com.br\/noticias\/guerra-comercial-china-eua-trump-tarifas\/\">Saiba mais: Trump adia alta de tarifas sobre a China e d\u00e1 respiro \u00e0 guerra comercial<\/a><\/p>\n<p>Para 2019, o <strong>mercado financeiro<\/strong> espera uma nova piora no <strong>saldo comercial<\/strong>. De acordo com o<a href=\"https:\/\/www.suno.com.br\/noticias\/boletim-focus-estimativa-pib-cai\/\"> <strong>Boletim Focus<\/strong> divulgado pelo <strong>Banco Central<\/strong>\u00a0nesta segunda-feira (25)<\/a>, o mercado diminuiu levemente a previs\u00e3o de\u00a0<a href=\"https:\/\/www.suno.com.br\/artigos\/superavit-comercial\/\">super\u00e1vit\u00a0<\/a> de US$ 50,14 bilh\u00f5es para US$ 50 bilh\u00f5es.<\/p>\n","protected":false},"excerpt":{"rendered":"<p>A balan\u00e7a comercial fechou o m\u00eas de abril com super\u00e1vit de US$ 6,061 bilh\u00f5es. A informa\u00e7\u00e3o foi divulgada nesta quinta-feira (02) pelo Minist\u00e9rio da Economia. Balan\u00e7a comercial tem super\u00e1vit de US$ 4,548 bi em maio O n\u00famero representa uma pequena varia\u00e7\u00e3o positiva em compara\u00e7\u00e3o com o ano passado. Al\u00e9m disso, a balan\u00e7a comercial registrou o [&hellip;]<\/p>\n","protected":false},"author":14,"featured_media":14886,"comment_status":"closed","ping_status":"closed","sticky":false,"template":"","format":"standard","meta":[],"categories":[62],"tags":[914,707,706,909],"suno_strategy":[],"class_list":["post-23015","post","type-post","status-publish","format-standard","has-post-thumbnail","hentry","category-economia","tag-balanca-comercial","tag-exportacoes","tag-importacoes","tag-ministerio-da-economia"],"yoast_head":"<!-- This site is optimized with the Yoast SEO plugin v24.4 - https:\/\/yoast.com\/wordpress\/plugins\/seo\/ -->\n<title>Balan\u00e7a comercial tem super\u00e1vit de US$ 6 bilh\u00f5es em abril<\/title>\n<meta name=\"description\" content=\"A balan\u00e7a comercial registrou o maior super\u00e1vit para meses de abril desde 2017; a informa\u00e7\u00e3o foi divulgada nesta quinta. Clique para saber mais\" \/>\n<meta name=\"robots\" content=\"index, follow, max-snippet:-1, max-image-preview:large, max-video-preview:-1\" \/>\n<link rel=\"canonical\" href=\"https:\/\/www.suno.com.br\/noticias\/balanca-comercial-superavit-3\/\" \/>\n<meta property=\"og:locale\" content=\"pt_BR\" \/>\n<meta property=\"og:type\" content=\"article\" \/>\n<meta property=\"og:title\" content=\"Balan\u00e7a comercial tem super\u00e1vit de US$ 6 bilh\u00f5es em abril\" \/>\n<meta property=\"og:description\" content=\"A balan\u00e7a comercial registrou o maior super\u00e1vit para meses de abril desde 2017; a informa\u00e7\u00e3o foi divulgada nesta quinta. Clique para saber mais\" \/>\n<meta property=\"og:url\" content=\"https:\/\/www.suno.com.br\/noticias\/balanca-comercial-superavit-3\/\" \/>\n<meta property=\"og:site_name\" content=\"Suno Not\u00edcias\" \/>\n<meta property=\"article:publisher\" content=\"https:\/\/facebook.com\/sunoresearch\" \/>\n<meta property=\"og:image\" content=\"https:\/\/files.sunoresearch.com.br\/n\/uploads\/2019\/02\/3df039d3-balan\u00e7a-comercial.jpg\" \/>\n\t<meta property=\"og:image:width\" content=\"1024\" \/>\n\t<meta property=\"og:image:height\" content=\"645\" \/>\n\t<meta property=\"og:image:type\" content=\"image\/jpeg\" \/>\n<meta name=\"author\" content=\"Renan Dantas\" \/>\n<meta name=\"twitter:card\" content=\"summary_large_image\" \/>\n<meta name=\"twitter:creator\" content=\"@sunoresearch\" \/>\n<meta name=\"twitter:site\" content=\"@sunoresearch\" \/>\n<meta name=\"twitter:label1\" content=\"Escrito por\" \/>\n\t<meta name=\"twitter:data1\" content=\"Renan Dantas\" \/>\n\t<meta name=\"twitter:label2\" content=\"Est. tempo de leitura\" \/>\n\t<meta name=\"twitter:data2\" content=\"2 minutos\" \/>\n<script type=\"application\/ld+json\" class=\"yoast-schema-graph\">{\"@context\":\"https:\/\/schema.org\",\"@graph\":[{\"@type\":\"NewsArticle\",\"@id\":\"https:\/\/www.suno.com.br\/noticias\/balanca-comercial-superavit-3\/#article\",\"isPartOf\":{\"@id\":\"https:\/\/www.suno.com.br\/noticias\/balanca-comercial-superavit-3\/\"},\"author\":{\"name\":\"Renan Dantas\",\"@id\":\"https:\/\/www.suno.com.br\/noticias\/#\/schema\/person\/3f7693d5795a3f6d5ce15309ee785699\"},\"headline\":\"Balan\u00e7a comercial tem super\u00e1vit de US$ 6 bilh\u00f5es em abril\",\"datePublished\":\"2019-05-02T19:09:27+00:00\",\"dateModified\":\"2019-05-02T20:55:48+00:00\",\"mainEntityOfPage\":{\"@id\":\"https:\/\/www.suno.com.br\/noticias\/balanca-comercial-superavit-3\/\"},\"wordCount\":499,\"publisher\":{\"@id\":\"https:\/\/www.suno.com.br\/noticias\/#organization\"},\"image\":{\"@id\":\"https:\/\/www.suno.com.br\/noticias\/balanca-comercial-superavit-3\/#primaryimage\"},\"thumbnailUrl\":\"https:\/\/files.sunoresearch.com.br\/n\/uploads\/2019\/02\/3df039d3-balan\u00e7a-comercial-jpg.webp\",\"keywords\":[\"balan\u00e7a comercial\",\"exporta\u00e7\u00f5es\",\"importa\u00e7\u00f5es\",\"Minist\u00e9rio da Economia\"],\"articleSection\":[\"Economia\"],\"inLanguage\":\"pt-BR\"},{\"@type\":\"WebPage\",\"@id\":\"https:\/\/www.suno.com.br\/noticias\/balanca-comercial-superavit-3\/\",\"url\":\"https:\/\/www.suno.com.br\/noticias\/balanca-comercial-superavit-3\/\",\"name\":\"Balan\u00e7a comercial tem super\u00e1vit de US$ 6 bilh\u00f5es em abril\",\"isPartOf\":{\"@id\":\"https:\/\/www.suno.com.br\/noticias\/#website\"},\"primaryImageOfPage\":{\"@id\":\"https:\/\/www.suno.com.br\/noticias\/balanca-comercial-superavit-3\/#primaryimage\"},\"image\":{\"@id\":\"https:\/\/www.suno.com.br\/noticias\/balanca-comercial-superavit-3\/#primaryimage\"},\"thumbnailUrl\":\"https:\/\/files.sunoresearch.com.br\/n\/uploads\/2019\/02\/3df039d3-balan\u00e7a-comercial-jpg.webp\",\"datePublished\":\"2019-05-02T19:09:27+00:00\",\"dateModified\":\"2019-05-02T20:55:48+00:00\",\"description\":\"A balan\u00e7a comercial registrou o maior super\u00e1vit para meses de abril desde 2017; a informa\u00e7\u00e3o foi divulgada nesta quinta. Clique para saber mais\",\"breadcrumb\":{\"@id\":\"https:\/\/www.suno.com.br\/noticias\/balanca-comercial-superavit-3\/#breadcrumb\"},\"inLanguage\":\"pt-BR\",\"potentialAction\":[{\"@type\":\"ReadAction\",\"target\":[\"https:\/\/www.suno.com.br\/noticias\/balanca-comercial-superavit-3\/\"]}]},{\"@type\":\"ImageObject\",\"inLanguage\":\"pt-BR\",\"@id\":\"https:\/\/www.suno.com.br\/noticias\/balanca-comercial-superavit-3\/#primaryimage\",\"url\":\"https:\/\/files.sunoresearch.com.br\/n\/uploads\/2019\/02\/3df039d3-balan\u00e7a-comercial-jpg.webp\",\"contentUrl\":\"https:\/\/files.sunoresearch.com.br\/n\/uploads\/2019\/02\/3df039d3-balan\u00e7a-comercial-jpg.webp\",\"width\":1024,\"height\":645,\"caption\":\"Balan\u00e7a comercial tem super\u00e1vit de US$ 4,548 bi em maio\"},{\"@type\":\"BreadcrumbList\",\"@id\":\"https:\/\/www.suno.com.br\/noticias\/balanca-comercial-superavit-3\/#breadcrumb\",\"itemListElement\":[{\"@type\":\"ListItem\",\"position\":1,\"name\":\"Not\u00edcias\",\"item\":\"https:\/\/www.suno.com.br\/noticias\/\"},{\"@type\":\"ListItem\",\"position\":2,\"name\":\"Economia\",\"item\":\"https:\/\/www.suno.com.br\/noticias\/economia\/\"},{\"@type\":\"ListItem\",\"position\":3,\"name\":\"Balan\u00e7a comercial tem super\u00e1vit de US$ 6 bilh\u00f5es em abril\"}]},{\"@type\":\"WebSite\",\"@id\":\"https:\/\/www.suno.com.br\/noticias\/#website\",\"url\":\"https:\/\/www.suno.com.br\/noticias\/\",\"name\":\"Suno Not\u00edcias\",\"description\":\"Seu portal de informa\u00e7\u00e3o sobre o mundo dos investimentos\",\"publisher\":{\"@id\":\"https:\/\/www.suno.com.br\/noticias\/#organization\"},\"potentialAction\":[{\"@type\":\"SearchAction\",\"target\":{\"@type\":\"EntryPoint\",\"urlTemplate\":\"https:\/\/www.suno.com.br\/noticias\/?s={search_term_string}\"},\"query-input\":{\"@type\":\"PropertyValueSpecification\",\"valueRequired\":true,\"valueName\":\"search_term_string\"}}],\"inLanguage\":\"pt-BR\"},{\"@type\":\"Organization\",\"@id\":\"https:\/\/www.suno.com.br\/noticias\/#organization\",\"name\":\"Suno Not\u00edcias\",\"url\":\"https:\/\/www.suno.com.br\/noticias\/\",\"logo\":{\"@type\":\"ImageObject\",\"inLanguage\":\"pt-BR\",\"@id\":\"https:\/\/www.suno.com.br\/noticias\/#\/schema\/logo\/image\/\",\"url\":\"https:\/\/files.sunoresearch.com.br\/n\/uploads\/2021\/09\/suno-logo.png\",\"contentUrl\":\"https:\/\/files.sunoresearch.com.br\/n\/uploads\/2021\/09\/suno-logo.png\",\"width\":180,\"height\":180,\"caption\":\"Suno Not\u00edcias\"},\"image\":{\"@id\":\"https:\/\/www.suno.com.br\/noticias\/#\/schema\/logo\/image\/\"},\"sameAs\":[\"https:\/\/facebook.com\/sunoresearch\",\"https:\/\/x.com\/sunoresearch\",\"https:\/\/www.instagram.com\/suno\",\"https:\/\/www.linkedin.com\/company\/suno-research\/\",\"https:\/\/www.youtube.com\/c\/sunoresearch\"]},{\"@type\":\"Person\",\"@id\":\"https:\/\/www.suno.com.br\/noticias\/#\/schema\/person\/3f7693d5795a3f6d5ce15309ee785699\",\"name\":\"Renan Dantas\",\"image\":{\"@type\":\"ImageObject\",\"inLanguage\":\"pt-BR\",\"@id\":\"https:\/\/www.suno.com.br\/noticias\/#\/schema\/person\/image\/\",\"url\":\"https:\/\/secure.gravatar.com\/avatar\/1787b83e7484a08e51d62ac8b41c8396?s=96&r=g\",\"contentUrl\":\"https:\/\/secure.gravatar.com\/avatar\/1787b83e7484a08e51d62ac8b41c8396?s=96&r=g\",\"caption\":\"Renan Dantas\"},\"description\":\"Escreve sobre pol\u00edtica e mercado financeiro para o portal Suno Not\u00edcias. Antes, atuou na assessoria de comunica\u00e7\u00e3o do Minist\u00e9rio P\u00fablico do Trabalho e na R\u00e1dio Mackenzie, onde apresentava e produzia um programa sobre artistas da m\u00fasica brasileira. \u00c9 estudante na Universidade Presbiteriana Mackenzie.\",\"url\":\"https:\/\/www.suno.com.br\/noticias\/author\/renan-dantas\/\"}]}<\/script>\n<!-- \/ Yoast SEO plugin. -->","yoast_head_json":{"title":"Balan\u00e7a comercial tem super\u00e1vit de US$ 6 bilh\u00f5es em abril","description":"A balan\u00e7a comercial registrou o maior super\u00e1vit para meses de abril desde 2017; a informa\u00e7\u00e3o foi divulgada nesta quinta. Clique para saber mais","robots":{"index":"index","follow":"follow","max-snippet":"max-snippet:-1","max-image-preview":"max-image-preview:large","max-video-preview":"max-video-preview:-1"},"canonical":"https:\/\/www.suno.com.br\/noticias\/balanca-comercial-superavit-3\/","og_locale":"pt_BR","og_type":"article","og_title":"Balan\u00e7a comercial tem super\u00e1vit de US$ 6 bilh\u00f5es em abril","og_description":"A balan\u00e7a comercial registrou o maior super\u00e1vit para meses de abril desde 2017; a informa\u00e7\u00e3o foi divulgada nesta quinta. Clique para saber mais","og_url":"https:\/\/www.suno.com.br\/noticias\/balanca-comercial-superavit-3\/","og_site_name":"Suno Not\u00edcias","article_publisher":"https:\/\/facebook.com\/sunoresearch","og_image":[{"width":1024,"height":645,"url":"https:\/\/files.sunoresearch.com.br\/n\/uploads\/2019\/02\/3df039d3-balan\u00e7a-comercial.jpg","type":"image\/jpeg"}],"author":"Renan Dantas","twitter_card":"summary_large_image","twitter_creator":"@sunoresearch","twitter_site":"@sunoresearch","twitter_misc":{"Escrito por":"Renan Dantas","Est. tempo de leitura":"2 minutos"},"schema":{"@context":"https:\/\/schema.org","@graph":[{"@type":"NewsArticle","@id":"https:\/\/www.suno.com.br\/noticias\/balanca-comercial-superavit-3\/#article","isPartOf":{"@id":"https:\/\/www.suno.com.br\/noticias\/balanca-comercial-superavit-3\/"},"author":{"name":"Renan Dantas","@id":"https:\/\/www.suno.com.br\/noticias\/#\/schema\/person\/3f7693d5795a3f6d5ce15309ee785699"},"headline":"Balan\u00e7a comercial tem super\u00e1vit de US$ 6 bilh\u00f5es em abril","datePublished":"2019-05-02T19:09:27+00:00","dateModified":"2019-05-02T20:55:48+00:00","mainEntityOfPage":{"@id":"https:\/\/www.suno.com.br\/noticias\/balanca-comercial-superavit-3\/"},"wordCount":499,"publisher":{"@id":"https:\/\/www.suno.com.br\/noticias\/#organization"},"image":{"@id":"https:\/\/www.suno.com.br\/noticias\/balanca-comercial-superavit-3\/#primaryimage"},"thumbnailUrl":"https:\/\/files.sunoresearch.com.br\/n\/uploads\/2019\/02\/3df039d3-balan\u00e7a-comercial-jpg.webp","keywords":["balan\u00e7a comercial","exporta\u00e7\u00f5es","importa\u00e7\u00f5es","Minist\u00e9rio da Economia"],"articleSection":["Economia"],"inLanguage":"pt-BR"},{"@type":"WebPage","@id":"https:\/\/www.suno.com.br\/noticias\/balanca-comercial-superavit-3\/","url":"https:\/\/www.suno.com.br\/noticias\/balanca-comercial-superavit-3\/","name":"Balan\u00e7a comercial tem super\u00e1vit de US$ 6 bilh\u00f5es em abril","isPartOf":{"@id":"https:\/\/www.suno.com.br\/noticias\/#website"},"primaryImageOfPage":{"@id":"https:\/\/www.suno.com.br\/noticias\/balanca-comercial-superavit-3\/#primaryimage"},"image":{"@id":"https:\/\/www.suno.com.br\/noticias\/balanca-comercial-superavit-3\/#primaryimage"},"thumbnailUrl":"https:\/\/files.sunoresearch.com.br\/n\/uploads\/2019\/02\/3df039d3-balan\u00e7a-comercial-jpg.webp","datePublished":"2019-05-02T19:09:27+00:00","dateModified":"2019-05-02T20:55:48+00:00","description":"A balan\u00e7a comercial registrou o maior super\u00e1vit para meses de abril desde 2017; a informa\u00e7\u00e3o foi divulgada nesta quinta. Clique para saber mais","breadcrumb":{"@id":"https:\/\/www.suno.com.br\/noticias\/balanca-comercial-superavit-3\/#breadcrumb"},"inLanguage":"pt-BR","potentialAction":[{"@type":"ReadAction","target":["https:\/\/www.suno.com.br\/noticias\/balanca-comercial-superavit-3\/"]}]},{"@type":"ImageObject","inLanguage":"pt-BR","@id":"https:\/\/www.suno.com.br\/noticias\/balanca-comercial-superavit-3\/#primaryimage","url":"https:\/\/files.sunoresearch.com.br\/n\/uploads\/2019\/02\/3df039d3-balan\u00e7a-comercial-jpg.webp","contentUrl":"https:\/\/files.sunoresearch.com.br\/n\/uploads\/2019\/02\/3df039d3-balan\u00e7a-comercial-jpg.webp","width":1024,"height":645,"caption":"Balan\u00e7a comercial tem super\u00e1vit de US$ 4,548 bi em maio"},{"@type":"BreadcrumbList","@id":"https:\/\/www.suno.com.br\/noticias\/balanca-comercial-superavit-3\/#breadcrumb","itemListElement":[{"@type":"ListItem","position":1,"name":"Not\u00edcias","item":"https:\/\/www.suno.com.br\/noticias\/"},{"@type":"ListItem","position":2,"name":"Economia","item":"https:\/\/www.suno.com.br\/noticias\/economia\/"},{"@type":"ListItem","position":3,"name":"Balan\u00e7a comercial tem super\u00e1vit de US$ 6 bilh\u00f5es em abril"}]},{"@type":"WebSite","@id":"https:\/\/www.suno.com.br\/noticias\/#website","url":"https:\/\/www.suno.com.br\/noticias\/","name":"Suno Not\u00edcias","description":"Seu portal de informa\u00e7\u00e3o sobre o mundo dos investimentos","publisher":{"@id":"https:\/\/www.suno.com.br\/noticias\/#organization"},"potentialAction":[{"@type":"SearchAction","target":{"@type":"EntryPoint","urlTemplate":"https:\/\/www.suno.com.br\/noticias\/?s={search_term_string}"},"query-input":{"@type":"PropertyValueSpecification","valueRequired":true,"valueName":"search_term_string"}}],"inLanguage":"pt-BR"},{"@type":"Organization","@id":"https:\/\/www.suno.com.br\/noticias\/#organization","name":"Suno Not\u00edcias","url":"https:\/\/www.suno.com.br\/noticias\/","logo":{"@type":"ImageObject","inLanguage":"pt-BR","@id":"https:\/\/www.suno.com.br\/noticias\/#\/schema\/logo\/image\/","url":"https:\/\/files.sunoresearch.com.br\/n\/uploads\/2021\/09\/suno-logo.png","contentUrl":"https:\/\/files.sunoresearch.com.br\/n\/uploads\/2021\/09\/suno-logo.png","width":180,"height":180,"caption":"Suno Not\u00edcias"},"image":{"@id":"https:\/\/www.suno.com.br\/noticias\/#\/schema\/logo\/image\/"},"sameAs":["https:\/\/facebook.com\/sunoresearch","https:\/\/x.com\/sunoresearch","https:\/\/www.instagram.com\/suno","https:\/\/www.linkedin.com\/company\/suno-research\/","https:\/\/www.youtube.com\/c\/sunoresearch"]},{"@type":"Person","@id":"https:\/\/www.suno.com.br\/noticias\/#\/schema\/person\/3f7693d5795a3f6d5ce15309ee785699","name":"Renan Dantas","image":{"@type":"ImageObject","inLanguage":"pt-BR","@id":"https:\/\/www.suno.com.br\/noticias\/#\/schema\/person\/image\/","url":"https:\/\/secure.gravatar.com\/avatar\/1787b83e7484a08e51d62ac8b41c8396?s=96&r=g","contentUrl":"https:\/\/secure.gravatar.com\/avatar\/1787b83e7484a08e51d62ac8b41c8396?s=96&r=g","caption":"Renan Dantas"},"description":"Escreve sobre pol\u00edtica e mercado financeiro para o portal Suno Not\u00edcias. Antes, atuou na assessoria de comunica\u00e7\u00e3o do Minist\u00e9rio P\u00fablico do Trabalho e na R\u00e1dio Mackenzie, onde apresentava e produzia um programa sobre artistas da m\u00fasica brasileira. \u00c9 estudante na Universidade Presbiteriana Mackenzie.","url":"https:\/\/www.suno.com.br\/noticias\/author\/renan-dantas\/"}]}},"default_loop_html":"<div class=\"cardsPage__listCard__boxs\"><div class=\"cardsPage__listCard__boxs__img\"><a href=\"https:\/\/www.suno.com.br\/noticias\/balanca-comercial-superavit-3\/\"><img class=\"mask\" src=\"https:\/\/www.suno.com.br\/noticias\/wp-content\/themes\/suno\/resources\/images\/spotlight\/spotlight1img\/bg-mask.png\" alt=\"Image Mask\"\/><img src=\"https:\/\/files.sunoresearch.com.br\/n\/uploads\/2019\/02\/3df039d3-balan\u00e7a-comercial-400x200.webp\" alt=\"Balan\u00e7a comercial tem super\u00e1vit de US$ 6 bilh\u00f5es em abril\"\/><\/a><span class=\"spotlightCategory\"><a href=\"https:\/\/www.suno.com.br\/noticias\/economia\/\">Economia<\/a><\/span><\/div><div class=\"cardsPage__listCard__boxs__content\"><a href=\"https:\/\/www.suno.com.br\/noticias\/balanca-comercial-superavit-3\/\"><h2 class=\"content__title\">Balan\u00e7a comercial tem super\u00e1vit de US$ 6 bilh\u00f5es em abril<\/h2><\/a><div class=\"newsContent__article__meta\"><div class=\"newsContent__article__meta__authorBox\"><a href=\"https:\/\/www.suno.com.br\/noticias\/author\/renan-dantas\/\" class=\"authorBox__avatar noMobi\"><img src=\"https:\/\/secure.gravatar.com\/avatar\/1787b83e7484a08e51d62ac8b41c8396?s=96&#038;r=g\" alt=\"Renan Dantas\"><\/a><div class=\"authorBox__name\"><span>por\n\t\t\t<a href=\"https:\/\/www.suno.com.br\/noticias\/author\/renan-dantas\/\"><span itemprop=\"author\">Renan Dantas<\/span><\/a><\/span><time datetime=\"2019-05-02T16:09:27-03:00\" itemprop=\"datePublished\">02\/05\/2019 16:09<\/time><\/div><\/div><\/div><\/div><\/div>","single_layout":"posts","amp_enabled":true,"_links":{"self":[{"href":"https:\/\/www.suno.com.br\/noticias\/wp-json\/wp\/v2\/posts\/23015"}],"collection":[{"href":"https:\/\/www.suno.com.br\/noticias\/wp-json\/wp\/v2\/posts"}],"about":[{"href":"https:\/\/www.suno.com.br\/noticias\/wp-json\/wp\/v2\/types\/post"}],"author":[{"embeddable":true,"href":"https:\/\/www.suno.com.br\/noticias\/wp-json\/wp\/v2\/users\/14"}],"replies":[{"embeddable":true,"href":"https:\/\/www.suno.com.br\/noticias\/wp-json\/wp\/v2\/comments?post=23015"}],"version-history":[{"count":0,"href":"https:\/\/www.suno.com.br\/noticias\/wp-json\/wp\/v2\/posts\/23015\/revisions"}],"wp:featuredmedia":[{"embeddable":true,"href":"https:\/\/www.suno.com.br\/noticias\/wp-json\/wp\/v2\/media\/14886"}],"wp:attachment":[{"href":"https:\/\/www.suno.com.br\/noticias\/wp-json\/wp\/v2\/media?parent=23015"}],"wp:term":[{"taxonomy":"category","embeddable":true,"href":"https:\/\/www.suno.com.br\/noticias\/wp-json\/wp\/v2\/categories?post=23015"},{"taxonomy":"post_tag","embeddable":true,"href":"https:\/\/www.suno.com.br\/noticias\/wp-json\/wp\/v2\/tags?post=23015"},{"taxonomy":"suno_strategy","embeddable":true,"href":"https:\/\/www.suno.com.br\/noticias\/wp-json\/wp\/v2\/suno_strategy?post=23015"}],"curies":[{"name":"wp","href":"https:\/\/api.w.org\/{rel}","templated":true}]}}