{"id":22958,"date":"2019-05-02T11:22:57","date_gmt":"2019-05-02T14:22:57","guid":{"rendered":"https:\/\/www.suno.com.br\/noticias\/?p=22958"},"modified":"2019-05-02T11:22:57","modified_gmt":"2019-05-02T14:22:57","slug":"ipc-s-sobe-abril-preco-alimentos","status":"publish","type":"post","link":"https:\/\/www.suno.com.br\/noticias\/ipc-s-sobe-abril-preco-alimentos\/","title":{"rendered":"IPC-S sobe 0,63% em abril influenciado por pre\u00e7o de alimentos, diz FGV"},"content":{"rendered":"<p>O <strong>\u00cdndice de Pre\u00e7os ao Consumidor Semanal<\/strong> (IPC-S) apresentou uma alta de 0,63% em abril. O resultado foi influenciado pelo al\u00edvio no pre\u00e7o dos <strong>alimentos.<\/strong> Os dados foram divulgados pela <strong>Funda\u00e7\u00e3o Get\u00falio Vargas (FGV)<\/strong>\u00a0 nesta quinta-feira (2).<\/p>\t<div class=\"wrapper-featured-image\">\n\t\t<figure class=\"spotlightImg\">\n\n\t\t\t<picture>\n\t\t\t\t<source media=\"(max-width: 768px)\" srcset=\"https:\/\/files.sunoresearch.com.br\/n\/uploads\/2019\/05\/fefa05e0-frutas-ipc-400x200.webp\">\n\t\t\t\t<img loading=\"lazy\" decoding=\"async\" class=\"newsContent__article__imgCapa lazyloadDisabled newsContent__article__imgCapa--noCaption\" src=\"https:\/\/files.sunoresearch.com.br\/n\/uploads\/2019\/05\/fefa05e0-frutas-ipc-800x450.webp\" width=\"800\" height=\"450\" alt=\"IPC-S sobe 0,63% em abril influenciado por pre\u00e7o de alimentos, diz FGV\" fetchpriority=high \/>\n\t\t\t<\/picture>\n\n\t\t\t<figcaption class=\"wp-caption-text wp-caption-text--hide\">IPC-S desacelera em maio, influenciado pelo grupo Alimenta\u00e7\u00e3o<\/figcaption>\n\t\t<\/figure>\n\t<\/div>\n\n\n<p>O fechamento de abril representa uma leve queda em rela\u00e7\u00e3o aos n\u00fameros de mar\u00e7o. No m\u00eas anterior, o <strong>IPC-S<\/strong> registrou uma alta de 0,65%. Os dados mostraram que o grupo de alimenta\u00e7\u00e3o fez a alta desacelerar.<\/p>\n<p>Em mar\u00e7o, o resultado do grupo avan\u00e7ou 1,1%. O maior recuo no quarto m\u00eas do ano foi puxado pelas <strong>frutas,<\/strong> que tiveram uma queda de 0,54%. Nos \u00faltimos 12 meses, o <strong>IPC-S<\/strong> acumula alta de 5,19%.<\/p>\n\t<p>\n\t\t<a href=\"https:\/\/lp2.suno.com.br\/pv\/eu-invisto-2026\/?utm_source=suno-noticias&#038;utm_medium=banner&#038;utm_campaign=_SNC4CCF8112_\" target=\"_blank\" data-element=\"shortcode-suno-banner\" title=\"Banner SUNO, clique e saiba mais\">\n\t\t\t<picture>\n\t\t\t\t<source media=\"(max-width: 500px)\" srcset=\"https:\/\/files.sunoresearch.com.br\/n\/uploads\/2025\/12\/Banner-Materias-01-Mbl_-400x300-1-png.webp\">\n\t\t\t\t<img class=\"newsContent__article__imgCapa newsContent__article__imgCapa--banner\"\n\t\t\t\t\tsrc=\"https:\/\/files.sunoresearch.com.br\/n\/uploads\/2025\/12\/Banner-Materias-01-Dkp_-1420x240-1-png.webp\"\n\t\t\t\t\tdata-promo-id=\"635514\"\t\t\t\t\t\t\t\t\t\twidth='1420' height='240'\t\t\t\t\talt=\"https:\/\/files.sunoresearch.com.br\/n\/uploads\/2025\/12\/Banner-Materias-01-Dkp_-1420x240-1-png.webp\"\n\t\t\t\t>\n\t\t\t<\/picture>\n\t\t<\/a>\n\t<\/p>\n\n\n<h2>IPC &#8211; Fipe<\/h2>\n<p>O <strong>\u00cdndice de Pre\u00e7os ao Consumidor (IPC)<\/strong> subiu 0,29% no m\u00eas de abril. O resultado mostra uma desacelera\u00e7\u00e3o da alta de mar\u00e7o, que foi de 0,51%. Os valores foram divulgados pela <strong>Funda\u00e7\u00e3o Instituto de Pesquisas Econ\u00f4micas (Fipe).\u00a0<\/strong><\/p>\n<p><a href=\"https:\/\/www.suno.com.br\/noticias\/ipca-15-inflacao-previa\/\">Saiba Mais: Pr\u00e9via da infla\u00e7\u00e3o: IPCA-15 aponta avan\u00e7o para 0,72% em abril<\/a><\/p>\n<p>O <strong>IPC<\/strong> mede a <strong>infla\u00e7\u00e3o<\/strong> na cidade de S\u00e3o Paulo. O \u00edndica j\u00e1 acumula alta de 1,93% nos primeiros quatro meses do ano. J\u00e1 nos \u00faltimos 12 meses, o avan\u00e7o da infla\u00e7\u00e3o na capital paulista \u00e9 de 4,99%.<\/p>\n<p>Em abril, mais da metade dos itens que comp\u00f5em os c\u00e1lculos do <strong>IPC<\/strong> tiveram uma desacelera\u00e7\u00e3o na alta ou apresentaram queda. Os quatro componentes s\u00e3o:<\/p>\n<ul>\n<li>Habita\u00e7\u00e3o: alta de 0,07% em abril contra 0,2% em mar\u00e7o;<\/li>\n<li>Alimenta\u00e7\u00e3o: alta de 0,23% em abril contra 1,75% em mar\u00e7o;<\/li>\n<li>Transportes:\u00a0alta de 0,58% em abril contra 0,69% em mar\u00e7o;<\/li>\n<li>Educa\u00e7\u00e3o:\u00a0recuo de 0,01% em abril contra alta de 0,09% em mar\u00e7o.<\/li>\n<\/ul>\n<p>Por outro lado, os outros tr\u00eas itens dos c\u00e1lculos avan\u00e7aram de forma mais acelerada do que no \u00faltimo m\u00eas. Ou ent\u00e3o, passaram de <strong>defla\u00e7\u00e3o<\/strong> \u00e0 <strong>infla\u00e7\u00e3o.<\/strong> S\u00e3o eles:<\/p>\n<ul>\n<li>\u00a0Despesas pessoais: alta de 0,25% em abril contra recuo de 0,84% em mar\u00e7o;<\/li>\n<li>Sa\u00fade:\u00a0alta de 1,27% em abril contra 0,48% em mar\u00e7o;<\/li>\n<li>Vestu\u00e1rio:alta de 0,18% em abril contra 0,05% em mar\u00e7o.<\/li>\n<\/ul>\n<p><a href=\"https:\/\/www.suno.com.br\/noticias\/inflacao-ipcs-subiu-marco\/\">Saiba Mais: IPC-S: Puxado pelo setor de Transporte, infla\u00e7\u00e3o tem alta em mar\u00e7o<\/a><\/p>\n<p>Confira abaixo o resultado de todos os itens do <strong>IPC-Fipe<\/strong> para o m\u00eas de abril:<\/p>\n<ul>\n<li>Habita\u00e7\u00e3o: 0,07%;<\/li>\n<li>Alimenta\u00e7\u00e3o: 0,23%;<\/li>\n<li>Transporte: 0,58%;<\/li>\n<li>Despesas pessoais: 0,25%;<\/li>\n<li>Sa\u00fade: 1,27%;<\/li>\n<li>Vestu\u00e1rio: 0,18%;<\/li>\n<li>Educa\u00e7\u00e3o: &#8211; 0,01%;<\/li>\n<li>Geral: 0,29%.<\/li>\n<\/ul>\n","protected":false},"excerpt":{"rendered":"<p>O \u00cdndice de Pre\u00e7os ao Consumidor Semanal (IPC-S) apresentou uma alta de 0,63% em abril. O resultado foi influenciado pelo al\u00edvio no pre\u00e7o dos alimentos. Os dados foram divulgados pela Funda\u00e7\u00e3o Get\u00falio Vargas (FGV)\u00a0 nesta quinta-feira (2). IPC-S desacelera em maio, influenciado pelo grupo Alimenta\u00e7\u00e3o O fechamento de abril representa uma leve queda em rela\u00e7\u00e3o [&hellip;]<\/p>\n","protected":false},"author":16,"featured_media":22962,"comment_status":"closed","ping_status":"closed","sticky":false,"template":"","format":"standard","meta":[],"categories":[62],"tags":[740,1223,1071],"suno_strategy":[],"class_list":["post-22958","post","type-post","status-publish","format-standard","has-post-thumbnail","hentry","category-economia","tag-economia","tag-ipc-fipe","tag-ipc-s"],"yoast_head":"<!-- This site is optimized with the Yoast SEO plugin v24.4 - https:\/\/yoast.com\/wordpress\/plugins\/seo\/ -->\n<title>IPC-S sobe 0,63% em abril influenciado por pre\u00e7o de alimentos, diz FGV<\/title>\n<meta name=\"description\" content=\"O IPC-Fipe tamb\u00e9m teve alta de 0,29%; mas o avan\u00e7o foi desacelerado pelo pre\u00e7os dos alimentos, em especial, as frutas. Clique e saiba mais.\" \/>\n<meta name=\"robots\" content=\"index, follow, max-snippet:-1, max-image-preview:large, max-video-preview:-1\" \/>\n<link rel=\"canonical\" href=\"https:\/\/www.suno.com.br\/noticias\/ipc-s-sobe-abril-preco-alimentos\/\" \/>\n<meta property=\"og:locale\" content=\"pt_BR\" \/>\n<meta property=\"og:type\" content=\"article\" \/>\n<meta property=\"og:title\" content=\"IPC-S sobe 0,63% em abril influenciado por pre\u00e7o de alimentos, diz FGV\" \/>\n<meta property=\"og:description\" content=\"O IPC-Fipe tamb\u00e9m teve alta de 0,29%; mas o avan\u00e7o foi desacelerado pelo pre\u00e7os dos alimentos, em especial, as frutas. Clique e saiba mais.\" \/>\n<meta property=\"og:url\" content=\"https:\/\/www.suno.com.br\/noticias\/ipc-s-sobe-abril-preco-alimentos\/\" \/>\n<meta property=\"og:site_name\" content=\"Suno Not\u00edcias\" \/>\n<meta property=\"article:publisher\" content=\"https:\/\/facebook.com\/sunoresearch\" \/>\n<meta property=\"og:image\" content=\"https:\/\/files.sunoresearch.com.br\/n\/uploads\/2019\/05\/fefa05e0-frutas-ipc.jpg\" \/>\n\t<meta property=\"og:image:width\" content=\"2304\" \/>\n\t<meta property=\"og:image:height\" content=\"1712\" \/>\n\t<meta property=\"og:image:type\" content=\"image\/jpeg\" \/>\n<meta name=\"author\" content=\"Beatriz Oliveira\" \/>\n<meta name=\"twitter:card\" content=\"summary_large_image\" \/>\n<meta name=\"twitter:creator\" content=\"@sunoresearch\" \/>\n<meta name=\"twitter:site\" content=\"@sunoresearch\" \/>\n<meta name=\"twitter:label1\" content=\"Escrito por\" \/>\n\t<meta name=\"twitter:data1\" content=\"Beatriz Oliveira\" \/>\n\t<meta name=\"twitter:label2\" content=\"Est. tempo de leitura\" \/>\n\t<meta name=\"twitter:data2\" content=\"2 minutos\" \/>\n<script type=\"application\/ld+json\" class=\"yoast-schema-graph\">{\"@context\":\"https:\/\/schema.org\",\"@graph\":[{\"@type\":\"NewsArticle\",\"@id\":\"https:\/\/www.suno.com.br\/noticias\/ipc-s-sobe-abril-preco-alimentos\/#article\",\"isPartOf\":{\"@id\":\"https:\/\/www.suno.com.br\/noticias\/ipc-s-sobe-abril-preco-alimentos\/\"},\"author\":{\"name\":\"Beatriz Oliveira\",\"@id\":\"https:\/\/www.suno.com.br\/noticias\/#\/schema\/person\/e67f665add014bf99f644028de070cc3\"},\"headline\":\"IPC-S sobe 0,63% em abril influenciado por pre\u00e7o de alimentos, diz FGV\",\"datePublished\":\"2019-05-02T14:22:57+00:00\",\"mainEntityOfPage\":{\"@id\":\"https:\/\/www.suno.com.br\/noticias\/ipc-s-sobe-abril-preco-alimentos\/\"},\"wordCount\":409,\"publisher\":{\"@id\":\"https:\/\/www.suno.com.br\/noticias\/#organization\"},\"image\":{\"@id\":\"https:\/\/www.suno.com.br\/noticias\/ipc-s-sobe-abril-preco-alimentos\/#primaryimage\"},\"thumbnailUrl\":\"https:\/\/files.sunoresearch.com.br\/n\/uploads\/2019\/05\/fefa05e0-frutas-ipc-jpg.webp\",\"keywords\":[\"Economia\",\"IPC-Fipe\",\"IPC-S\"],\"articleSection\":[\"Economia\"],\"inLanguage\":\"pt-BR\"},{\"@type\":\"WebPage\",\"@id\":\"https:\/\/www.suno.com.br\/noticias\/ipc-s-sobe-abril-preco-alimentos\/\",\"url\":\"https:\/\/www.suno.com.br\/noticias\/ipc-s-sobe-abril-preco-alimentos\/\",\"name\":\"IPC-S sobe 0,63% em abril influenciado por pre\u00e7o de alimentos, diz FGV\",\"isPartOf\":{\"@id\":\"https:\/\/www.suno.com.br\/noticias\/#website\"},\"primaryImageOfPage\":{\"@id\":\"https:\/\/www.suno.com.br\/noticias\/ipc-s-sobe-abril-preco-alimentos\/#primaryimage\"},\"image\":{\"@id\":\"https:\/\/www.suno.com.br\/noticias\/ipc-s-sobe-abril-preco-alimentos\/#primaryimage\"},\"thumbnailUrl\":\"https:\/\/files.sunoresearch.com.br\/n\/uploads\/2019\/05\/fefa05e0-frutas-ipc-jpg.webp\",\"datePublished\":\"2019-05-02T14:22:57+00:00\",\"description\":\"O IPC-Fipe tamb\u00e9m teve alta de 0,29%; mas o avan\u00e7o foi desacelerado pelo pre\u00e7os dos alimentos, em especial, as frutas. Clique e saiba mais.\",\"breadcrumb\":{\"@id\":\"https:\/\/www.suno.com.br\/noticias\/ipc-s-sobe-abril-preco-alimentos\/#breadcrumb\"},\"inLanguage\":\"pt-BR\",\"potentialAction\":[{\"@type\":\"ReadAction\",\"target\":[\"https:\/\/www.suno.com.br\/noticias\/ipc-s-sobe-abril-preco-alimentos\/\"]}]},{\"@type\":\"ImageObject\",\"inLanguage\":\"pt-BR\",\"@id\":\"https:\/\/www.suno.com.br\/noticias\/ipc-s-sobe-abril-preco-alimentos\/#primaryimage\",\"url\":\"https:\/\/files.sunoresearch.com.br\/n\/uploads\/2019\/05\/fefa05e0-frutas-ipc-jpg.webp\",\"contentUrl\":\"https:\/\/files.sunoresearch.com.br\/n\/uploads\/2019\/05\/fefa05e0-frutas-ipc-jpg.webp\",\"width\":2304,\"height\":1712,\"caption\":\"IPC-S desacelera em maio, influenciado pelo grupo Alimenta\u00e7\u00e3o\"},{\"@type\":\"BreadcrumbList\",\"@id\":\"https:\/\/www.suno.com.br\/noticias\/ipc-s-sobe-abril-preco-alimentos\/#breadcrumb\",\"itemListElement\":[{\"@type\":\"ListItem\",\"position\":1,\"name\":\"Not\u00edcias\",\"item\":\"https:\/\/www.suno.com.br\/noticias\/\"},{\"@type\":\"ListItem\",\"position\":2,\"name\":\"Economia\",\"item\":\"https:\/\/www.suno.com.br\/noticias\/economia\/\"},{\"@type\":\"ListItem\",\"position\":3,\"name\":\"IPC-S sobe 0,63% em abril influenciado por pre\u00e7o de alimentos, diz FGV\"}]},{\"@type\":\"WebSite\",\"@id\":\"https:\/\/www.suno.com.br\/noticias\/#website\",\"url\":\"https:\/\/www.suno.com.br\/noticias\/\",\"name\":\"Suno Not\u00edcias\",\"description\":\"Seu portal de informa\u00e7\u00e3o sobre o mundo dos investimentos\",\"publisher\":{\"@id\":\"https:\/\/www.suno.com.br\/noticias\/#organization\"},\"potentialAction\":[{\"@type\":\"SearchAction\",\"target\":{\"@type\":\"EntryPoint\",\"urlTemplate\":\"https:\/\/www.suno.com.br\/noticias\/?s={search_term_string}\"},\"query-input\":{\"@type\":\"PropertyValueSpecification\",\"valueRequired\":true,\"valueName\":\"search_term_string\"}}],\"inLanguage\":\"pt-BR\"},{\"@type\":\"Organization\",\"@id\":\"https:\/\/www.suno.com.br\/noticias\/#organization\",\"name\":\"Suno Not\u00edcias\",\"url\":\"https:\/\/www.suno.com.br\/noticias\/\",\"logo\":{\"@type\":\"ImageObject\",\"inLanguage\":\"pt-BR\",\"@id\":\"https:\/\/www.suno.com.br\/noticias\/#\/schema\/logo\/image\/\",\"url\":\"https:\/\/files.sunoresearch.com.br\/n\/uploads\/2021\/09\/suno-logo.png\",\"contentUrl\":\"https:\/\/files.sunoresearch.com.br\/n\/uploads\/2021\/09\/suno-logo.png\",\"width\":180,\"height\":180,\"caption\":\"Suno Not\u00edcias\"},\"image\":{\"@id\":\"https:\/\/www.suno.com.br\/noticias\/#\/schema\/logo\/image\/\"},\"sameAs\":[\"https:\/\/facebook.com\/sunoresearch\",\"https:\/\/x.com\/sunoresearch\",\"https:\/\/www.instagram.com\/suno\",\"https:\/\/www.linkedin.com\/company\/suno-research\/\",\"https:\/\/www.youtube.com\/c\/sunoresearch\"]},{\"@type\":\"Person\",\"@id\":\"https:\/\/www.suno.com.br\/noticias\/#\/schema\/person\/e67f665add014bf99f644028de070cc3\",\"name\":\"Beatriz Oliveira\",\"image\":{\"@type\":\"ImageObject\",\"inLanguage\":\"pt-BR\",\"@id\":\"https:\/\/www.suno.com.br\/noticias\/#\/schema\/person\/image\/\",\"url\":\"https:\/\/secure.gravatar.com\/avatar\/c9aa6a0aaecc598d257d5d5bd349157d?s=96&r=g\",\"contentUrl\":\"https:\/\/secure.gravatar.com\/avatar\/c9aa6a0aaecc598d257d5d5bd349157d?s=96&r=g\",\"caption\":\"Beatriz Oliveira\"},\"description\":\"Formada em Jornalismo pela Faculdade Paulus de Tecnologia e Comunica\u00e7\u00e3o, Beatriz Oliveira escreve para o portal de not\u00edcias Suno Research. Antes, passou pelas reda\u00e7\u00f5es da Revista EXAME e da Rede Bandeirantes.\",\"url\":\"https:\/\/www.suno.com.br\/noticias\/author\/beatriz\/\"}]}<\/script>\n<!-- \/ Yoast SEO plugin. -->","yoast_head_json":{"title":"IPC-S sobe 0,63% em abril influenciado por pre\u00e7o de alimentos, diz FGV","description":"O IPC-Fipe tamb\u00e9m teve alta de 0,29%; mas o avan\u00e7o foi desacelerado pelo pre\u00e7os dos alimentos, em especial, as frutas. Clique e saiba mais.","robots":{"index":"index","follow":"follow","max-snippet":"max-snippet:-1","max-image-preview":"max-image-preview:large","max-video-preview":"max-video-preview:-1"},"canonical":"https:\/\/www.suno.com.br\/noticias\/ipc-s-sobe-abril-preco-alimentos\/","og_locale":"pt_BR","og_type":"article","og_title":"IPC-S sobe 0,63% em abril influenciado por pre\u00e7o de alimentos, diz FGV","og_description":"O IPC-Fipe tamb\u00e9m teve alta de 0,29%; mas o avan\u00e7o foi desacelerado pelo pre\u00e7os dos alimentos, em especial, as frutas. Clique e saiba mais.","og_url":"https:\/\/www.suno.com.br\/noticias\/ipc-s-sobe-abril-preco-alimentos\/","og_site_name":"Suno Not\u00edcias","article_publisher":"https:\/\/facebook.com\/sunoresearch","og_image":[{"width":2304,"height":1712,"url":"https:\/\/files.sunoresearch.com.br\/n\/uploads\/2019\/05\/fefa05e0-frutas-ipc.jpg","type":"image\/jpeg"}],"author":"Beatriz Oliveira","twitter_card":"summary_large_image","twitter_creator":"@sunoresearch","twitter_site":"@sunoresearch","twitter_misc":{"Escrito por":"Beatriz Oliveira","Est. tempo de leitura":"2 minutos"},"schema":{"@context":"https:\/\/schema.org","@graph":[{"@type":"NewsArticle","@id":"https:\/\/www.suno.com.br\/noticias\/ipc-s-sobe-abril-preco-alimentos\/#article","isPartOf":{"@id":"https:\/\/www.suno.com.br\/noticias\/ipc-s-sobe-abril-preco-alimentos\/"},"author":{"name":"Beatriz Oliveira","@id":"https:\/\/www.suno.com.br\/noticias\/#\/schema\/person\/e67f665add014bf99f644028de070cc3"},"headline":"IPC-S sobe 0,63% em abril influenciado por pre\u00e7o de alimentos, diz FGV","datePublished":"2019-05-02T14:22:57+00:00","mainEntityOfPage":{"@id":"https:\/\/www.suno.com.br\/noticias\/ipc-s-sobe-abril-preco-alimentos\/"},"wordCount":409,"publisher":{"@id":"https:\/\/www.suno.com.br\/noticias\/#organization"},"image":{"@id":"https:\/\/www.suno.com.br\/noticias\/ipc-s-sobe-abril-preco-alimentos\/#primaryimage"},"thumbnailUrl":"https:\/\/files.sunoresearch.com.br\/n\/uploads\/2019\/05\/fefa05e0-frutas-ipc-jpg.webp","keywords":["Economia","IPC-Fipe","IPC-S"],"articleSection":["Economia"],"inLanguage":"pt-BR"},{"@type":"WebPage","@id":"https:\/\/www.suno.com.br\/noticias\/ipc-s-sobe-abril-preco-alimentos\/","url":"https:\/\/www.suno.com.br\/noticias\/ipc-s-sobe-abril-preco-alimentos\/","name":"IPC-S sobe 0,63% em abril influenciado por pre\u00e7o de alimentos, diz FGV","isPartOf":{"@id":"https:\/\/www.suno.com.br\/noticias\/#website"},"primaryImageOfPage":{"@id":"https:\/\/www.suno.com.br\/noticias\/ipc-s-sobe-abril-preco-alimentos\/#primaryimage"},"image":{"@id":"https:\/\/www.suno.com.br\/noticias\/ipc-s-sobe-abril-preco-alimentos\/#primaryimage"},"thumbnailUrl":"https:\/\/files.sunoresearch.com.br\/n\/uploads\/2019\/05\/fefa05e0-frutas-ipc-jpg.webp","datePublished":"2019-05-02T14:22:57+00:00","description":"O IPC-Fipe tamb\u00e9m teve alta de 0,29%; mas o avan\u00e7o foi desacelerado pelo pre\u00e7os dos alimentos, em especial, as frutas. Clique e saiba mais.","breadcrumb":{"@id":"https:\/\/www.suno.com.br\/noticias\/ipc-s-sobe-abril-preco-alimentos\/#breadcrumb"},"inLanguage":"pt-BR","potentialAction":[{"@type":"ReadAction","target":["https:\/\/www.suno.com.br\/noticias\/ipc-s-sobe-abril-preco-alimentos\/"]}]},{"@type":"ImageObject","inLanguage":"pt-BR","@id":"https:\/\/www.suno.com.br\/noticias\/ipc-s-sobe-abril-preco-alimentos\/#primaryimage","url":"https:\/\/files.sunoresearch.com.br\/n\/uploads\/2019\/05\/fefa05e0-frutas-ipc-jpg.webp","contentUrl":"https:\/\/files.sunoresearch.com.br\/n\/uploads\/2019\/05\/fefa05e0-frutas-ipc-jpg.webp","width":2304,"height":1712,"caption":"IPC-S desacelera em maio, influenciado pelo grupo Alimenta\u00e7\u00e3o"},{"@type":"BreadcrumbList","@id":"https:\/\/www.suno.com.br\/noticias\/ipc-s-sobe-abril-preco-alimentos\/#breadcrumb","itemListElement":[{"@type":"ListItem","position":1,"name":"Not\u00edcias","item":"https:\/\/www.suno.com.br\/noticias\/"},{"@type":"ListItem","position":2,"name":"Economia","item":"https:\/\/www.suno.com.br\/noticias\/economia\/"},{"@type":"ListItem","position":3,"name":"IPC-S sobe 0,63% em abril influenciado por pre\u00e7o de alimentos, diz FGV"}]},{"@type":"WebSite","@id":"https:\/\/www.suno.com.br\/noticias\/#website","url":"https:\/\/www.suno.com.br\/noticias\/","name":"Suno Not\u00edcias","description":"Seu portal de informa\u00e7\u00e3o sobre o mundo dos investimentos","publisher":{"@id":"https:\/\/www.suno.com.br\/noticias\/#organization"},"potentialAction":[{"@type":"SearchAction","target":{"@type":"EntryPoint","urlTemplate":"https:\/\/www.suno.com.br\/noticias\/?s={search_term_string}"},"query-input":{"@type":"PropertyValueSpecification","valueRequired":true,"valueName":"search_term_string"}}],"inLanguage":"pt-BR"},{"@type":"Organization","@id":"https:\/\/www.suno.com.br\/noticias\/#organization","name":"Suno Not\u00edcias","url":"https:\/\/www.suno.com.br\/noticias\/","logo":{"@type":"ImageObject","inLanguage":"pt-BR","@id":"https:\/\/www.suno.com.br\/noticias\/#\/schema\/logo\/image\/","url":"https:\/\/files.sunoresearch.com.br\/n\/uploads\/2021\/09\/suno-logo.png","contentUrl":"https:\/\/files.sunoresearch.com.br\/n\/uploads\/2021\/09\/suno-logo.png","width":180,"height":180,"caption":"Suno Not\u00edcias"},"image":{"@id":"https:\/\/www.suno.com.br\/noticias\/#\/schema\/logo\/image\/"},"sameAs":["https:\/\/facebook.com\/sunoresearch","https:\/\/x.com\/sunoresearch","https:\/\/www.instagram.com\/suno","https:\/\/www.linkedin.com\/company\/suno-research\/","https:\/\/www.youtube.com\/c\/sunoresearch"]},{"@type":"Person","@id":"https:\/\/www.suno.com.br\/noticias\/#\/schema\/person\/e67f665add014bf99f644028de070cc3","name":"Beatriz Oliveira","image":{"@type":"ImageObject","inLanguage":"pt-BR","@id":"https:\/\/www.suno.com.br\/noticias\/#\/schema\/person\/image\/","url":"https:\/\/secure.gravatar.com\/avatar\/c9aa6a0aaecc598d257d5d5bd349157d?s=96&r=g","contentUrl":"https:\/\/secure.gravatar.com\/avatar\/c9aa6a0aaecc598d257d5d5bd349157d?s=96&r=g","caption":"Beatriz Oliveira"},"description":"Formada em Jornalismo pela Faculdade Paulus de Tecnologia e Comunica\u00e7\u00e3o, Beatriz Oliveira escreve para o portal de not\u00edcias Suno Research. Antes, passou pelas reda\u00e7\u00f5es da Revista EXAME e da Rede Bandeirantes.","url":"https:\/\/www.suno.com.br\/noticias\/author\/beatriz\/"}]}},"default_loop_html":"<div class=\"cardsPage__listCard__boxs\"><div class=\"cardsPage__listCard__boxs__img\"><a href=\"https:\/\/www.suno.com.br\/noticias\/ipc-s-sobe-abril-preco-alimentos\/\"><img class=\"mask\" src=\"https:\/\/www.suno.com.br\/noticias\/wp-content\/themes\/suno\/resources\/images\/spotlight\/spotlight1img\/bg-mask.png\" alt=\"Image Mask\"\/><img src=\"https:\/\/files.sunoresearch.com.br\/n\/uploads\/2019\/05\/fefa05e0-frutas-ipc-400x200.webp\" alt=\"IPC-S sobe 0,63% em abril influenciado por pre\u00e7o de alimentos, diz FGV\"\/><\/a><span class=\"spotlightCategory\"><a href=\"https:\/\/www.suno.com.br\/noticias\/economia\/\">Economia<\/a><\/span><\/div><div class=\"cardsPage__listCard__boxs__content\"><a href=\"https:\/\/www.suno.com.br\/noticias\/ipc-s-sobe-abril-preco-alimentos\/\"><h2 class=\"content__title\">IPC-S sobe 0,63% em abril influenciado por pre\u00e7o de alimentos, diz FGV<\/h2><\/a><div class=\"newsContent__article__meta\"><div class=\"newsContent__article__meta__authorBox\"><a href=\"https:\/\/www.suno.com.br\/noticias\/author\/beatriz\/\" class=\"authorBox__avatar noMobi\"><img src=\"https:\/\/secure.gravatar.com\/avatar\/c9aa6a0aaecc598d257d5d5bd349157d?s=96&#038;r=g\" alt=\"Beatriz Oliveira\"><\/a><div class=\"authorBox__name\"><span>por\n\t\t\t<a href=\"https:\/\/www.suno.com.br\/noticias\/author\/beatriz\/\"><span itemprop=\"author\">Beatriz Oliveira<\/span><\/a><\/span><time datetime=\"2019-05-02T11:22:57-03:00\" itemprop=\"datePublished\">02\/05\/2019 11:22<\/time><\/div><\/div><\/div><\/div><\/div>","single_layout":"posts","amp_enabled":true,"_links":{"self":[{"href":"https:\/\/www.suno.com.br\/noticias\/wp-json\/wp\/v2\/posts\/22958"}],"collection":[{"href":"https:\/\/www.suno.com.br\/noticias\/wp-json\/wp\/v2\/posts"}],"about":[{"href":"https:\/\/www.suno.com.br\/noticias\/wp-json\/wp\/v2\/types\/post"}],"author":[{"embeddable":true,"href":"https:\/\/www.suno.com.br\/noticias\/wp-json\/wp\/v2\/users\/16"}],"replies":[{"embeddable":true,"href":"https:\/\/www.suno.com.br\/noticias\/wp-json\/wp\/v2\/comments?post=22958"}],"version-history":[{"count":0,"href":"https:\/\/www.suno.com.br\/noticias\/wp-json\/wp\/v2\/posts\/22958\/revisions"}],"wp:featuredmedia":[{"embeddable":true,"href":"https:\/\/www.suno.com.br\/noticias\/wp-json\/wp\/v2\/media\/22962"}],"wp:attachment":[{"href":"https:\/\/www.suno.com.br\/noticias\/wp-json\/wp\/v2\/media?parent=22958"}],"wp:term":[{"taxonomy":"category","embeddable":true,"href":"https:\/\/www.suno.com.br\/noticias\/wp-json\/wp\/v2\/categories?post=22958"},{"taxonomy":"post_tag","embeddable":true,"href":"https:\/\/www.suno.com.br\/noticias\/wp-json\/wp\/v2\/tags?post=22958"},{"taxonomy":"suno_strategy","embeddable":true,"href":"https:\/\/www.suno.com.br\/noticias\/wp-json\/wp\/v2\/suno_strategy?post=22958"}],"curies":[{"name":"wp","href":"https:\/\/api.w.org\/{rel}","templated":true}]}}