{"id":229485,"date":"2022-02-08T16:23:57","date_gmt":"2022-02-08T19:23:57","guid":{"rendered":"https:\/\/www.suno.com.br\/noticias\/?p=229485"},"modified":"2022-02-08T16:23:57","modified_gmt":"2022-02-08T19:23:57","slug":"presidente-petrobras-petr4-pec-combustiveis-positiva-ajustes","status":"publish","type":"post","link":"https:\/\/www.suno.com.br\/noticias\/presidente-petrobras-petr4-pec-combustiveis-positiva-ajustes\/","title":{"rendered":"Petrobras (PETR4): PEC dos Combust\u00edveis \u00e9 positiva, mas precisa de ajustes, diz jornal"},"content":{"rendered":"<p>O presidente da <a class=\"suno-keyword\" href=\"https:\/\/www.suno.com.br\/acoes\/PETR4\/\" target=\"_blank\" rel=\"noopener\" data-force=\"yes\" data-priority=\"2\"><strong>Petrobras<\/strong> (PETR4)<\/a>, Joaquim Silva e Luna, avalia como positiva a Proposta de Emenda \u00e0 Constitui\u00e7\u00e3o <a href=\"https:\/\/www.suno.com.br\/noticias\/economia-defende-zerar-imposto-diesel-pec\/\">(PEC) dos Combust\u00edveis<\/a>, texto que busca reduzir a cobran\u00e7a de impostos federais e estaduais sobre a comercializa\u00e7\u00e3o da gasolina, diesel e g\u00e1s. Entretanto, o chefe da estatal ressalta que a medida precisa de melhorias. As informa\u00e7\u00f5es s\u00e3o do jornal <em>O Globo<\/em>.<\/p>\t<div class=\"wrapper-featured-image\">\n\t\t<figure class=\"spotlightImg\">\n\n\t\t\t<picture>\n\t\t\t\t<source media=\"(max-width: 768px)\" srcset=\"https:\/\/files.sunoresearch.com.br\/n\/uploads\/2022\/02\/Joaquim-Silva-e-Luna-400x200.jpg\">\n\t\t\t\t<img loading=\"lazy\" decoding=\"async\" class=\"newsContent__article__imgCapa lazyloadDisabled \" src=\"https:\/\/files.sunoresearch.com.br\/n\/uploads\/2022\/02\/Joaquim-Silva-e-Luna-800x450.jpg\" width=\"800\" height=\"450\" alt=\"Petrobras (PETR4): PEC dos Combust\u00edveis \u00e9 positiva, mas precisa de ajustes, diz jornal\" fetchpriority=high \/>\n\t\t\t<\/picture>\n\n\t\t\t<figcaption class=\"wp-caption-text wp-caption-text--show\">O Presidente da Petrobras (PETR4), Joaquim Silva e Luna, publicou texto alegando que estatal ter\u00e1 &#039;pressa no pr\u00e9-sal&#039; -  Foto: Marcelo Camargo\/Ag\u00eancia Brasil<\/figcaption>\n\t\t<\/figure>\n\t<\/div>\n\n\n\t<p>\n\t\t<a href=\"https:\/\/lp.suno.com.br\/planilha-controle-gastos\/\" target=\"_blank\" data-element=\"shortcode-suno-banner\" title=\"Banner SUNO, clique e saiba mais\">\n\t\t\t<picture>\n\t\t\t\t<source media=\"(max-width: 500px)\" srcset=\"https:\/\/files.sunoresearch.com.br\/n\/uploads\/2023\/03\/400x300-Planilha-controle-de-gastos.png\">\n\t\t\t\t<img class=\"newsContent__article__imgCapa newsContent__article__imgCapa--banner\"\n\t\t\t\t\tsrc=\"https:\/\/files.sunoresearch.com.br\/n\/uploads\/2023\/03\/1420x240-Planilha-controle-de-gastos.png\"\n\t\t\t\t\tdata-promo-id=\"101751\"\t\t\t\t\t\t\t\t\t\twidth='1420' height='240'\t\t\t\t\talt=\"https:\/\/files.sunoresearch.com.br\/n\/uploads\/2023\/03\/1420x240-Planilha-controle-de-gastos.png\"\n\t\t\t\t>\n\t\t\t<\/picture>\n\t\t<\/a>\n\t<\/p>\n\n\n<p>Segundo o <strong>presidente da Petrobras<\/strong>, &#8220;certamente&#8221; o Congresso ir\u00e1 aperfei\u00e7oar ao texto. <strong>Silva e Luna<\/strong> destacou medidas que beneficiem os mais pobres. &#8220;Melhor seria se fosse destinada \u00e0 parcela da sociedade mais carente, como o vale-g\u00e1s.&#8221;<\/p>\n<p>A PEC dos Combust\u00edveis foi elaborada pela Casa Civil do governo Jair Bolsonaro e apresentada ao Legislativo pelo deputado aliado Chirstino Aureo (PP-RJ).<\/p>\n<p>A inten\u00e7\u00e3o do governo \u00e9 encontrar uma forma de reduzir, em ano eleitoral, o <strong>pre\u00e7o dos combust\u00edveis<\/strong>, pressionados pela cota\u00e7\u00e3o internacional do petr\u00f3leo, sem oferecer uma compensa\u00e7\u00e3o arrecadat\u00f3ria &#8211; ou seja, burlando a <strong>Lei de Responsabilidade Fiscal<\/strong>.<\/p>\n<p>De acordo com c\u00e1lculos da equipe econ\u00f4mica, a PEC teria um impacto de R$ 54 bilh\u00f5es para os cofres p\u00fablicos. A t\u00edtulo de compara\u00e7\u00e3o, a cifra \u00e9 mais de tr\u00eas vezes maior que a fatia destinada para emendas de relator &#8211; o &#8220;or\u00e7amento secreto&#8221; &#8211; na pe\u00e7a cont\u00e1bil deste ano.<\/p>\n\n\t<div data-element=\"shortcode-read-more\" class=\"readToo\">\n\t\t\t\t<ul class=\"readToo__list\">\n\t\t\t<li><a href=\"https:\/\/www.suno.com.br\/noticias\/crise-ucrania-impactos-brasil\/\">Ucr\u00e2nia: como a crise impacta seu bolso no Brasil, da gasolina aos pre\u00e7os dos alimentos<\/a><\/li><li><a href=\"https:\/\/www.suno.com.br\/noticias\/gasolina-petrobras-petr4-petroleo-perspectivas-2022\/\">Gasolina, Petrobras (PETR4) e petr\u00f3leo: quais as perspectivas de pre\u00e7o para 2022?<\/a><\/li>\t\t<\/ul>\n\t<\/div>\n\n\n\t<p>\n\t\t<a href=\"https:\/\/lp.suno.com.br\/planilha-da-vida-financeira\/\" target=\"_blank\" data-element=\"shortcode-suno-banner\" title=\"Banner SUNO, clique e saiba mais\">\n\t\t\t<picture>\n\t\t\t\t<source media=\"(max-width: 500px)\" srcset=\"https:\/\/files.sunoresearch.com.br\/n\/uploads\/2023\/04\/400x300-Planilha-vida-financeira-true.png\">\n\t\t\t\t<img class=\"newsContent__article__imgCapa newsContent__article__imgCapa--banner\"\n\t\t\t\t\tsrc=\"https:\/\/files.sunoresearch.com.br\/n\/uploads\/2023\/04\/1420x240-Planilha-vida-financeira-true.png\"\n\t\t\t\t\tdata-promo-id=\"106682\"\t\t\t\t\t\t\t\t\t\twidth='1420' height='240'\t\t\t\t\talt=\"https:\/\/files.sunoresearch.com.br\/n\/uploads\/2023\/04\/1420x240-Planilha-vida-financeira-true.png\"\n\t\t\t\t>\n\t\t\t<\/picture>\n\t\t<\/a>\n\t<\/p>\n\n\n<h2>Cota\u00e7\u00e3o do petr\u00f3leo pressiona pre\u00e7o da Petrobras<\/h2>\n<p>Segundo analistas do banco Goldman Sachs, os temores de uma invas\u00e3o da Ucr\u00e2nia pela R\u00fassia cresceram e est\u00e3o entre os principais motivos da <a href=\"https:\/\/www.suno.com.br\/artigos\/cotacao-do-petroleo\/\">alta do petr\u00f3leo<\/a>. A institui\u00e7\u00e3o projeta que a commodity atinja os <strong>US$ 100 por barril<\/strong> no terceiro trimestre deste ano.<\/p>\n<p>Para outros analistas, \u00e9 poss\u00edvel que a commodity ultrapasse o n\u00edvel de US$ 100 por barril ainda no primeiro semestre de 2022, valor mais alto j\u00e1 registrado desde maio de 2014.<\/p>\n<p>Segundo especialistas ouvidos pelo <strong>Suno Not\u00edcias<\/strong>, h\u00e1 riscos de a cota\u00e7\u00e3o do barril de petr\u00f3leo subir, em especial por causa da frustra\u00e7\u00e3o com promessas da Opep em elevar a produ\u00e7\u00e3o &#8211; sem contar a especula\u00e7\u00e3o sobre a possibilidade de conflito no leste europeu, o que colocaria mais press\u00e3o sobre os pre\u00e7os praticados pela <strong>Petrobras<\/strong>.<\/p>\n\t<p>\n\t\t<a href=\"https:\/\/lp.suno.com.br\/ebook-como-analisar-uma-acao\/\" target=\"_blank\" data-element=\"shortcode-suno-banner\" title=\"Banner SUNO, clique e saiba mais\">\n\t\t\t<picture>\n\t\t\t\t<source media=\"(max-width: 500px)\" srcset=\"https:\/\/files.sunoresearch.com.br\/n\/uploads\/2023\/03\/Ebook-Acoes-Mobile-1.jpg\">\n\t\t\t\t<img class=\"newsContent__article__imgCapa newsContent__article__imgCapa--banner\"\n\t\t\t\t\tsrc=\"https:\/\/files.sunoresearch.com.br\/n\/uploads\/2023\/03\/Ebook-Acoes-Desktop-1.jpg\"\n\t\t\t\t\tdata-promo-id=\"171998\"\t\t\t\t\t\t\t\t\t\twidth='1420' height='286'\t\t\t\t\talt=\"https:\/\/files.sunoresearch.com.br\/n\/uploads\/2023\/03\/Ebook-Acoes-Desktop-1.jpg\"\n\t\t\t\t>\n\t\t\t<\/picture>\n\t\t<\/a>\n\t<\/p>\n\n\n","protected":false},"excerpt":{"rendered":"<p>O presidente da Petrobras (PETR4), Joaquim Silva e Luna, avalia como positiva a Proposta de Emenda \u00e0 Constitui\u00e7\u00e3o (PEC) dos Combust\u00edveis, texto que busca reduzir a cobran\u00e7a de impostos federais e estaduais sobre a comercializa\u00e7\u00e3o da gasolina, diesel e g\u00e1s. Entretanto, o chefe da estatal ressalta que a medida precisa de melhorias. As informa\u00e7\u00f5es s\u00e3o [&hellip;]<\/p>\n","protected":false},"author":145,"featured_media":229493,"comment_status":"closed","ping_status":"closed","sticky":false,"template":"","format":"standard","meta":[],"categories":[61],"tags":[1192,105822,879,105988,595,766],"suno_strategy":[],"class_list":["post-229485","post","type-post","status-publish","format-standard","has-post-thumbnail","hentry","category-politica","tag-diesel","tag-gas","tag-gasolina","tag-joaquim-silva-e-luna","tag-petrobras-petr4","tag-petroleo"],"yoast_head":"<!-- This site is optimized with the Yoast SEO plugin v24.4 - https:\/\/yoast.com\/wordpress\/plugins\/seo\/ -->\n<title>Petrobras (PETR4): PEC dos Combust\u00edveis \u00e9 boa, mas precisa de ajustes<\/title>\n<meta name=\"description\" content=\"O presidente da Petrobras, Joaquim Silva e Luna, defendeu a aprova\u00e7\u00e3o da medida com ajustes pelo Congresso. Clique e leia mais.\" \/>\n<meta name=\"robots\" content=\"index, follow, max-snippet:-1, max-image-preview:large, max-video-preview:-1\" \/>\n<link rel=\"canonical\" href=\"https:\/\/www.suno.com.br\/noticias\/presidente-petrobras-petr4-pec-combustiveis-positiva-ajustes\/\" \/>\n<meta property=\"og:locale\" content=\"pt_BR\" \/>\n<meta property=\"og:type\" content=\"article\" \/>\n<meta property=\"og:title\" content=\"Petrobras (PETR4): PEC dos Combust\u00edveis \u00e9 boa, mas precisa de ajustes\" \/>\n<meta property=\"og:description\" content=\"O presidente da Petrobras, Joaquim Silva e Luna, defendeu a aprova\u00e7\u00e3o da medida com ajustes pelo Congresso. Clique e leia mais.\" \/>\n<meta property=\"og:url\" content=\"https:\/\/www.suno.com.br\/noticias\/presidente-petrobras-petr4-pec-combustiveis-positiva-ajustes\/\" \/>\n<meta property=\"og:site_name\" content=\"Suno Not\u00edcias\" \/>\n<meta property=\"article:publisher\" content=\"https:\/\/facebook.com\/sunoresearch\" \/>\n<meta property=\"og:image\" content=\"https:\/\/files.sunoresearch.com.br\/n\/uploads\/2022\/02\/Joaquim-Silva-e-Luna-scaled.jpg\" \/>\n\t<meta property=\"og:image:width\" content=\"2560\" \/>\n\t<meta property=\"og:image:height\" content=\"1704\" \/>\n\t<meta property=\"og:image:type\" content=\"image\/jpeg\" \/>\n<meta name=\"author\" content=\"Pedro Caramuru\" \/>\n<meta name=\"twitter:card\" content=\"summary_large_image\" \/>\n<meta name=\"twitter:creator\" content=\"@sunoresearch\" \/>\n<meta name=\"twitter:site\" content=\"@sunoresearch\" \/>\n<meta name=\"twitter:label1\" content=\"Escrito por\" \/>\n\t<meta name=\"twitter:data1\" content=\"Pedro Caramuru\" \/>\n\t<meta name=\"twitter:label2\" content=\"Est. tempo de leitura\" \/>\n\t<meta name=\"twitter:data2\" content=\"2 minutos\" \/>\n<script type=\"application\/ld+json\" class=\"yoast-schema-graph\">{\"@context\":\"https:\/\/schema.org\",\"@graph\":[{\"@type\":\"NewsArticle\",\"@id\":\"https:\/\/www.suno.com.br\/noticias\/presidente-petrobras-petr4-pec-combustiveis-positiva-ajustes\/#article\",\"isPartOf\":{\"@id\":\"https:\/\/www.suno.com.br\/noticias\/presidente-petrobras-petr4-pec-combustiveis-positiva-ajustes\/\"},\"author\":{\"name\":\"Pedro Caramuru\",\"@id\":\"https:\/\/www.suno.com.br\/noticias\/#\/schema\/person\/8d020643938f12a823508eb0e5fda407\"},\"headline\":\"Petrobras (PETR4): PEC dos Combust\u00edveis \u00e9 positiva, mas precisa de ajustes, diz jornal\",\"datePublished\":\"2022-02-08T19:23:57+00:00\",\"mainEntityOfPage\":{\"@id\":\"https:\/\/www.suno.com.br\/noticias\/presidente-petrobras-petr4-pec-combustiveis-positiva-ajustes\/\"},\"wordCount\":403,\"publisher\":{\"@id\":\"https:\/\/www.suno.com.br\/noticias\/#organization\"},\"image\":{\"@id\":\"https:\/\/www.suno.com.br\/noticias\/presidente-petrobras-petr4-pec-combustiveis-positiva-ajustes\/#primaryimage\"},\"thumbnailUrl\":\"https:\/\/files.sunoresearch.com.br\/n\/uploads\/2022\/02\/Joaquim-Silva-e-Luna-scaled.jpg\",\"keywords\":[\"diesel\",\"g\u00e1s\",\"Gasolina\",\"Joaquim Silva e Luna\",\"Petrobras (PETR4)\",\"Petr\u00f3leo\"],\"articleSection\":[\"Pol\u00edtica\"],\"inLanguage\":\"pt-BR\"},{\"@type\":\"WebPage\",\"@id\":\"https:\/\/www.suno.com.br\/noticias\/presidente-petrobras-petr4-pec-combustiveis-positiva-ajustes\/\",\"url\":\"https:\/\/www.suno.com.br\/noticias\/presidente-petrobras-petr4-pec-combustiveis-positiva-ajustes\/\",\"name\":\"Petrobras (PETR4): PEC dos Combust\u00edveis \u00e9 boa, mas precisa de ajustes\",\"isPartOf\":{\"@id\":\"https:\/\/www.suno.com.br\/noticias\/#website\"},\"primaryImageOfPage\":{\"@id\":\"https:\/\/www.suno.com.br\/noticias\/presidente-petrobras-petr4-pec-combustiveis-positiva-ajustes\/#primaryimage\"},\"image\":{\"@id\":\"https:\/\/www.suno.com.br\/noticias\/presidente-petrobras-petr4-pec-combustiveis-positiva-ajustes\/#primaryimage\"},\"thumbnailUrl\":\"https:\/\/files.sunoresearch.com.br\/n\/uploads\/2022\/02\/Joaquim-Silva-e-Luna-scaled.jpg\",\"datePublished\":\"2022-02-08T19:23:57+00:00\",\"description\":\"O presidente da Petrobras, Joaquim Silva e Luna, defendeu a aprova\u00e7\u00e3o da medida com ajustes pelo Congresso. Clique e leia mais.\",\"breadcrumb\":{\"@id\":\"https:\/\/www.suno.com.br\/noticias\/presidente-petrobras-petr4-pec-combustiveis-positiva-ajustes\/#breadcrumb\"},\"inLanguage\":\"pt-BR\",\"potentialAction\":[{\"@type\":\"ReadAction\",\"target\":[\"https:\/\/www.suno.com.br\/noticias\/presidente-petrobras-petr4-pec-combustiveis-positiva-ajustes\/\"]}]},{\"@type\":\"ImageObject\",\"inLanguage\":\"pt-BR\",\"@id\":\"https:\/\/www.suno.com.br\/noticias\/presidente-petrobras-petr4-pec-combustiveis-positiva-ajustes\/#primaryimage\",\"url\":\"https:\/\/files.sunoresearch.com.br\/n\/uploads\/2022\/02\/Joaquim-Silva-e-Luna-scaled.jpg\",\"contentUrl\":\"https:\/\/files.sunoresearch.com.br\/n\/uploads\/2022\/02\/Joaquim-Silva-e-Luna-scaled.jpg\",\"width\":2560,\"height\":1704,\"caption\":\"O Presidente da Petrobras (PETR4), Joaquim Silva e Luna, publicou texto alegando que estatal ter\u00e1 'pressa no pr\u00e9-sal' - Foto: Marcelo Camargo\/Ag\u00eancia Brasil\"},{\"@type\":\"BreadcrumbList\",\"@id\":\"https:\/\/www.suno.com.br\/noticias\/presidente-petrobras-petr4-pec-combustiveis-positiva-ajustes\/#breadcrumb\",\"itemListElement\":[{\"@type\":\"ListItem\",\"position\":1,\"name\":\"Not\u00edcias\",\"item\":\"https:\/\/www.suno.com.br\/noticias\/\"},{\"@type\":\"ListItem\",\"position\":2,\"name\":\"Pol\u00edtica\",\"item\":\"https:\/\/www.suno.com.br\/noticias\/politica\/\"},{\"@type\":\"ListItem\",\"position\":3,\"name\":\"Petrobras (PETR4): PEC dos Combust\u00edveis \u00e9 positiva, mas precisa de ajustes, diz jornal\"}]},{\"@type\":\"WebSite\",\"@id\":\"https:\/\/www.suno.com.br\/noticias\/#website\",\"url\":\"https:\/\/www.suno.com.br\/noticias\/\",\"name\":\"Suno Not\u00edcias\",\"description\":\"Seu portal de informa\u00e7\u00e3o sobre o mundo dos investimentos\",\"publisher\":{\"@id\":\"https:\/\/www.suno.com.br\/noticias\/#organization\"},\"potentialAction\":[{\"@type\":\"SearchAction\",\"target\":{\"@type\":\"EntryPoint\",\"urlTemplate\":\"https:\/\/www.suno.com.br\/noticias\/?s={search_term_string}\"},\"query-input\":{\"@type\":\"PropertyValueSpecification\",\"valueRequired\":true,\"valueName\":\"search_term_string\"}}],\"inLanguage\":\"pt-BR\"},{\"@type\":\"Organization\",\"@id\":\"https:\/\/www.suno.com.br\/noticias\/#organization\",\"name\":\"Suno Not\u00edcias\",\"url\":\"https:\/\/www.suno.com.br\/noticias\/\",\"logo\":{\"@type\":\"ImageObject\",\"inLanguage\":\"pt-BR\",\"@id\":\"https:\/\/www.suno.com.br\/noticias\/#\/schema\/logo\/image\/\",\"url\":\"https:\/\/files.sunoresearch.com.br\/n\/uploads\/2021\/09\/suno-logo.png\",\"contentUrl\":\"https:\/\/files.sunoresearch.com.br\/n\/uploads\/2021\/09\/suno-logo.png\",\"width\":180,\"height\":180,\"caption\":\"Suno Not\u00edcias\"},\"image\":{\"@id\":\"https:\/\/www.suno.com.br\/noticias\/#\/schema\/logo\/image\/\"},\"sameAs\":[\"https:\/\/facebook.com\/sunoresearch\",\"https:\/\/x.com\/sunoresearch\",\"https:\/\/www.instagram.com\/suno\",\"https:\/\/www.linkedin.com\/company\/suno-research\/\",\"https:\/\/www.youtube.com\/c\/sunoresearch\"]},{\"@type\":\"Person\",\"@id\":\"https:\/\/www.suno.com.br\/noticias\/#\/schema\/person\/8d020643938f12a823508eb0e5fda407\",\"name\":\"Pedro Caramuru\",\"image\":{\"@type\":\"ImageObject\",\"inLanguage\":\"pt-BR\",\"@id\":\"https:\/\/www.suno.com.br\/noticias\/#\/schema\/person\/image\/\",\"url\":\"https:\/\/secure.gravatar.com\/avatar\/1a3f15d3553507ae7a2debc6ea0ad87b?s=96&r=g\",\"contentUrl\":\"https:\/\/secure.gravatar.com\/avatar\/1a3f15d3553507ae7a2debc6ea0ad87b?s=96&r=g\",\"caption\":\"Pedro Caramuru\"},\"description\":\"Rep\u00f3rter de economia, mercado e pol\u00edtica brasileira para o Suno Not\u00edcias. Formado em jornalismo. J\u00e1 escreveu sobre pol\u00edtica e mercados internacionais para o Broadcast e Estad\u00e3o.\",\"url\":\"https:\/\/www.suno.com.br\/noticias\/author\/pedro-caramurusuno-com-br\/\"}]}<\/script>\n<!-- \/ Yoast SEO plugin. -->","yoast_head_json":{"title":"Petrobras (PETR4): PEC dos Combust\u00edveis \u00e9 boa, mas precisa de ajustes","description":"O presidente da Petrobras, Joaquim Silva e Luna, defendeu a aprova\u00e7\u00e3o da medida com ajustes pelo Congresso. Clique e leia mais.","robots":{"index":"index","follow":"follow","max-snippet":"max-snippet:-1","max-image-preview":"max-image-preview:large","max-video-preview":"max-video-preview:-1"},"canonical":"https:\/\/www.suno.com.br\/noticias\/presidente-petrobras-petr4-pec-combustiveis-positiva-ajustes\/","og_locale":"pt_BR","og_type":"article","og_title":"Petrobras (PETR4): PEC dos Combust\u00edveis \u00e9 boa, mas precisa de ajustes","og_description":"O presidente da Petrobras, Joaquim Silva e Luna, defendeu a aprova\u00e7\u00e3o da medida com ajustes pelo Congresso. Clique e leia mais.","og_url":"https:\/\/www.suno.com.br\/noticias\/presidente-petrobras-petr4-pec-combustiveis-positiva-ajustes\/","og_site_name":"Suno Not\u00edcias","article_publisher":"https:\/\/facebook.com\/sunoresearch","og_image":[{"width":2560,"height":1704,"url":"https:\/\/files.sunoresearch.com.br\/n\/uploads\/2022\/02\/Joaquim-Silva-e-Luna-scaled.jpg","type":"image\/jpeg"}],"author":"Pedro Caramuru","twitter_card":"summary_large_image","twitter_creator":"@sunoresearch","twitter_site":"@sunoresearch","twitter_misc":{"Escrito por":"Pedro Caramuru","Est. tempo de leitura":"2 minutos"},"schema":{"@context":"https:\/\/schema.org","@graph":[{"@type":"NewsArticle","@id":"https:\/\/www.suno.com.br\/noticias\/presidente-petrobras-petr4-pec-combustiveis-positiva-ajustes\/#article","isPartOf":{"@id":"https:\/\/www.suno.com.br\/noticias\/presidente-petrobras-petr4-pec-combustiveis-positiva-ajustes\/"},"author":{"name":"Pedro Caramuru","@id":"https:\/\/www.suno.com.br\/noticias\/#\/schema\/person\/8d020643938f12a823508eb0e5fda407"},"headline":"Petrobras (PETR4): PEC dos Combust\u00edveis \u00e9 positiva, mas precisa de ajustes, diz jornal","datePublished":"2022-02-08T19:23:57+00:00","mainEntityOfPage":{"@id":"https:\/\/www.suno.com.br\/noticias\/presidente-petrobras-petr4-pec-combustiveis-positiva-ajustes\/"},"wordCount":403,"publisher":{"@id":"https:\/\/www.suno.com.br\/noticias\/#organization"},"image":{"@id":"https:\/\/www.suno.com.br\/noticias\/presidente-petrobras-petr4-pec-combustiveis-positiva-ajustes\/#primaryimage"},"thumbnailUrl":"https:\/\/files.sunoresearch.com.br\/n\/uploads\/2022\/02\/Joaquim-Silva-e-Luna-scaled.jpg","keywords":["diesel","g\u00e1s","Gasolina","Joaquim Silva e Luna","Petrobras (PETR4)","Petr\u00f3leo"],"articleSection":["Pol\u00edtica"],"inLanguage":"pt-BR"},{"@type":"WebPage","@id":"https:\/\/www.suno.com.br\/noticias\/presidente-petrobras-petr4-pec-combustiveis-positiva-ajustes\/","url":"https:\/\/www.suno.com.br\/noticias\/presidente-petrobras-petr4-pec-combustiveis-positiva-ajustes\/","name":"Petrobras (PETR4): PEC dos Combust\u00edveis \u00e9 boa, mas precisa de ajustes","isPartOf":{"@id":"https:\/\/www.suno.com.br\/noticias\/#website"},"primaryImageOfPage":{"@id":"https:\/\/www.suno.com.br\/noticias\/presidente-petrobras-petr4-pec-combustiveis-positiva-ajustes\/#primaryimage"},"image":{"@id":"https:\/\/www.suno.com.br\/noticias\/presidente-petrobras-petr4-pec-combustiveis-positiva-ajustes\/#primaryimage"},"thumbnailUrl":"https:\/\/files.sunoresearch.com.br\/n\/uploads\/2022\/02\/Joaquim-Silva-e-Luna-scaled.jpg","datePublished":"2022-02-08T19:23:57+00:00","description":"O presidente da Petrobras, Joaquim Silva e Luna, defendeu a aprova\u00e7\u00e3o da medida com ajustes pelo Congresso. Clique e leia mais.","breadcrumb":{"@id":"https:\/\/www.suno.com.br\/noticias\/presidente-petrobras-petr4-pec-combustiveis-positiva-ajustes\/#breadcrumb"},"inLanguage":"pt-BR","potentialAction":[{"@type":"ReadAction","target":["https:\/\/www.suno.com.br\/noticias\/presidente-petrobras-petr4-pec-combustiveis-positiva-ajustes\/"]}]},{"@type":"ImageObject","inLanguage":"pt-BR","@id":"https:\/\/www.suno.com.br\/noticias\/presidente-petrobras-petr4-pec-combustiveis-positiva-ajustes\/#primaryimage","url":"https:\/\/files.sunoresearch.com.br\/n\/uploads\/2022\/02\/Joaquim-Silva-e-Luna-scaled.jpg","contentUrl":"https:\/\/files.sunoresearch.com.br\/n\/uploads\/2022\/02\/Joaquim-Silva-e-Luna-scaled.jpg","width":2560,"height":1704,"caption":"O Presidente da Petrobras (PETR4), Joaquim Silva e Luna, publicou texto alegando que estatal ter\u00e1 'pressa no pr\u00e9-sal' - Foto: Marcelo Camargo\/Ag\u00eancia Brasil"},{"@type":"BreadcrumbList","@id":"https:\/\/www.suno.com.br\/noticias\/presidente-petrobras-petr4-pec-combustiveis-positiva-ajustes\/#breadcrumb","itemListElement":[{"@type":"ListItem","position":1,"name":"Not\u00edcias","item":"https:\/\/www.suno.com.br\/noticias\/"},{"@type":"ListItem","position":2,"name":"Pol\u00edtica","item":"https:\/\/www.suno.com.br\/noticias\/politica\/"},{"@type":"ListItem","position":3,"name":"Petrobras (PETR4): PEC dos Combust\u00edveis \u00e9 positiva, mas precisa de ajustes, diz jornal"}]},{"@type":"WebSite","@id":"https:\/\/www.suno.com.br\/noticias\/#website","url":"https:\/\/www.suno.com.br\/noticias\/","name":"Suno Not\u00edcias","description":"Seu portal de informa\u00e7\u00e3o sobre o mundo dos investimentos","publisher":{"@id":"https:\/\/www.suno.com.br\/noticias\/#organization"},"potentialAction":[{"@type":"SearchAction","target":{"@type":"EntryPoint","urlTemplate":"https:\/\/www.suno.com.br\/noticias\/?s={search_term_string}"},"query-input":{"@type":"PropertyValueSpecification","valueRequired":true,"valueName":"search_term_string"}}],"inLanguage":"pt-BR"},{"@type":"Organization","@id":"https:\/\/www.suno.com.br\/noticias\/#organization","name":"Suno Not\u00edcias","url":"https:\/\/www.suno.com.br\/noticias\/","logo":{"@type":"ImageObject","inLanguage":"pt-BR","@id":"https:\/\/www.suno.com.br\/noticias\/#\/schema\/logo\/image\/","url":"https:\/\/files.sunoresearch.com.br\/n\/uploads\/2021\/09\/suno-logo.png","contentUrl":"https:\/\/files.sunoresearch.com.br\/n\/uploads\/2021\/09\/suno-logo.png","width":180,"height":180,"caption":"Suno Not\u00edcias"},"image":{"@id":"https:\/\/www.suno.com.br\/noticias\/#\/schema\/logo\/image\/"},"sameAs":["https:\/\/facebook.com\/sunoresearch","https:\/\/x.com\/sunoresearch","https:\/\/www.instagram.com\/suno","https:\/\/www.linkedin.com\/company\/suno-research\/","https:\/\/www.youtube.com\/c\/sunoresearch"]},{"@type":"Person","@id":"https:\/\/www.suno.com.br\/noticias\/#\/schema\/person\/8d020643938f12a823508eb0e5fda407","name":"Pedro Caramuru","image":{"@type":"ImageObject","inLanguage":"pt-BR","@id":"https:\/\/www.suno.com.br\/noticias\/#\/schema\/person\/image\/","url":"https:\/\/secure.gravatar.com\/avatar\/1a3f15d3553507ae7a2debc6ea0ad87b?s=96&r=g","contentUrl":"https:\/\/secure.gravatar.com\/avatar\/1a3f15d3553507ae7a2debc6ea0ad87b?s=96&r=g","caption":"Pedro Caramuru"},"description":"Rep\u00f3rter de economia, mercado e pol\u00edtica brasileira para o Suno Not\u00edcias. Formado em jornalismo. J\u00e1 escreveu sobre pol\u00edtica e mercados internacionais para o Broadcast e Estad\u00e3o.","url":"https:\/\/www.suno.com.br\/noticias\/author\/pedro-caramurusuno-com-br\/"}]}},"default_loop_html":"<div class=\"cardsPage__listCard__boxs\"><div class=\"cardsPage__listCard__boxs__img\"><a href=\"https:\/\/www.suno.com.br\/noticias\/gasolina-petrobras-petr4-petroleo-perspectivas-2022\/\"><img class=\"mask\" src=\"https:\/\/www.suno.com.br\/noticias\/wp-content\/themes\/suno\/resources\/images\/spotlight\/spotlight1img\/bg-mask.png\" alt=\"Image Mask\"\/><img src=\"https:\/\/files.sunoresearch.com.br\/n\/uploads\/2022\/01\/23082021-Navio-plataforma-FPSO-Carioca-no-campo-de-Sepia-no-pre-sal-da-Bacia-de-Santos-400x200.jpg\" alt=\"Gasolina, Petrobras (PETR4) e petr\u00f3leo: quais as perspectivas de pre\u00e7o para 2022?\"\/><\/a><span class=\"spotlightCategory\"><a href=\"https:\/\/www.suno.com.br\/noticias\/mercado\/\">Mercado<\/a><\/span><\/div><div class=\"cardsPage__listCard__boxs__content\"><a href=\"https:\/\/www.suno.com.br\/noticias\/gasolina-petrobras-petr4-petroleo-perspectivas-2022\/\"><h2 class=\"content__title\">Gasolina, Petrobras (PETR4) e petr\u00f3leo: quais as perspectivas de pre\u00e7o para 2022?<\/h2><\/a><div class=\"newsContent__article__meta\"><div class=\"newsContent__article__meta__authorBox\"><a href=\"https:\/\/www.suno.com.br\/noticias\/author\/pedro-caramurusuno-com-br\/\" class=\"authorBox__avatar noMobi\"><img src=\"https:\/\/secure.gravatar.com\/avatar\/1a3f15d3553507ae7a2debc6ea0ad87b?s=96&#038;r=g\" alt=\"Pedro Caramuru\"><\/a><div class=\"authorBox__name\"><span>por\n\t\t\t<a href=\"https:\/\/www.suno.com.br\/noticias\/author\/pedro-caramurusuno-com-br\/\"><span itemprop=\"author\">Pedro Caramuru<\/span><\/a><\/span><time datetime=\"2022-01-16T10:00:40-03:00\" itemprop=\"datePublished\">16\/01\/2022 10:00<\/time><\/div><\/div><\/div><\/div><\/div>","single_layout":"posts","amp_enabled":true,"_links":{"self":[{"href":"https:\/\/www.suno.com.br\/noticias\/wp-json\/wp\/v2\/posts\/229485"}],"collection":[{"href":"https:\/\/www.suno.com.br\/noticias\/wp-json\/wp\/v2\/posts"}],"about":[{"href":"https:\/\/www.suno.com.br\/noticias\/wp-json\/wp\/v2\/types\/post"}],"author":[{"embeddable":true,"href":"https:\/\/www.suno.com.br\/noticias\/wp-json\/wp\/v2\/users\/145"}],"replies":[{"embeddable":true,"href":"https:\/\/www.suno.com.br\/noticias\/wp-json\/wp\/v2\/comments?post=229485"}],"version-history":[{"count":3,"href":"https:\/\/www.suno.com.br\/noticias\/wp-json\/wp\/v2\/posts\/229485\/revisions"}],"predecessor-version":[{"id":229524,"href":"https:\/\/www.suno.com.br\/noticias\/wp-json\/wp\/v2\/posts\/229485\/revisions\/229524"}],"wp:featuredmedia":[{"embeddable":true,"href":"https:\/\/www.suno.com.br\/noticias\/wp-json\/wp\/v2\/media\/229493"}],"wp:attachment":[{"href":"https:\/\/www.suno.com.br\/noticias\/wp-json\/wp\/v2\/media?parent=229485"}],"wp:term":[{"taxonomy":"category","embeddable":true,"href":"https:\/\/www.suno.com.br\/noticias\/wp-json\/wp\/v2\/categories?post=229485"},{"taxonomy":"post_tag","embeddable":true,"href":"https:\/\/www.suno.com.br\/noticias\/wp-json\/wp\/v2\/tags?post=229485"},{"taxonomy":"suno_strategy","embeddable":true,"href":"https:\/\/www.suno.com.br\/noticias\/wp-json\/wp\/v2\/suno_strategy?post=229485"}],"curies":[{"name":"wp","href":"https:\/\/api.w.org\/{rel}","templated":true}]}}