{"id":229458,"date":"2022-02-08T16:55:54","date_gmt":"2022-02-08T19:55:54","guid":{"rendered":"https:\/\/www.suno.com.br\/noticias\/?p=229458"},"modified":"2022-02-09T07:49:16","modified_gmt":"2022-02-09T10:49:16","slug":"conta-de-luz-energia-eletrica-desconto-regras-aneel","status":"publish","type":"post","link":"https:\/\/www.suno.com.br\/noticias\/conta-de-luz-energia-eletrica-desconto-regras-aneel\/","title":{"rendered":"Quem economizou pode ganhar desconto na conta de luz; veja as novas regras da Aneel"},"content":{"rendered":"<p>A diretoria da <a href=\"https:\/\/www.aneel.gov.br\/\">Ag\u00eancia Nacional de Energia El\u00e9trica (Aneel)<\/a> definiu novas regras sobre o pagamento do b\u00f4nus a consumidores que economizaram na <strong>conta de luz<\/strong> do ano passado em algumas situa\u00e7\u00f5es. A normativa foi publicada nesta ter\u00e7a (8).<\/p>\t<div class=\"wrapper-featured-image\">\n\t\t<figure class=\"spotlightImg\">\n\n\t\t\t<picture>\n\t\t\t\t<source media=\"(max-width: 768px)\" srcset=\"https:\/\/files.sunoresearch.com.br\/n\/uploads\/2022\/01\/light-bulb-g5221bebe9_1920-400x200.jpg\">\n\t\t\t\t<img loading=\"lazy\" decoding=\"async\" class=\"newsContent__article__imgCapa lazyloadDisabled \" src=\"https:\/\/files.sunoresearch.com.br\/n\/uploads\/2022\/01\/light-bulb-g5221bebe9_1920-800x450.jpg\" width=\"800\" height=\"450\" alt=\"Quem economizou pode ganhar desconto na conta de luz; veja as novas regras da Aneel\" fetchpriority=high \/>\n\t\t\t<\/picture>\n\n\t\t\t<figcaption class=\"wp-caption-text wp-caption-text--show\">Foto: Pixabay<\/figcaption>\n\t\t<\/figure>\n\t<\/div>\n\n\n\t<p>\n\t\t<a href=\"https:\/\/lp.suno.com.br\/planilha-controle-gastos\/\" target=\"_blank\" data-element=\"shortcode-suno-banner\" title=\"Banner SUNO, clique e saiba mais\">\n\t\t\t<picture>\n\t\t\t\t<source media=\"(max-width: 500px)\" srcset=\"https:\/\/files.sunoresearch.com.br\/n\/uploads\/2023\/03\/400x300-Planilha-controle-de-gastos.png\">\n\t\t\t\t<img class=\"newsContent__article__imgCapa newsContent__article__imgCapa--banner\"\n\t\t\t\t\tsrc=\"https:\/\/files.sunoresearch.com.br\/n\/uploads\/2023\/03\/1420x240-Planilha-controle-de-gastos.png\"\n\t\t\t\t\tdata-promo-id=\"101751\"\t\t\t\t\t\t\t\t\t\twidth='1420' height='240'\t\t\t\t\talt=\"https:\/\/files.sunoresearch.com.br\/n\/uploads\/2023\/03\/1420x240-Planilha-controle-de-gastos.png\"\n\t\t\t\t>\n\t\t\t<\/picture>\n\t\t<\/a>\n\t<\/p>\n\n\n<p>O programa de redu\u00e7\u00e3o da demanda volunt\u00e1ria de conta de luz foi criado pelo <a href=\"https:\/\/www.suno.com.br\/noticias\/tags\/governo-federal\/\"><strong>governo<\/strong> <\/a>em meio \u00e0 grave escassez nos <a href=\"https:\/\/www.suno.com.br\/noticias\/tags\/crise-hidrica\/\">reservat\u00f3rios das usinas hidrel\u00e9tricas<\/a>, a pior nos \u00faltimos 91 anos.<\/p>\n<p>A decis\u00e3o da <strong>Aneel<\/strong> define que as distribuidoras que n\u00e3o est\u00e3o ligadas \u00e0 C\u00e2mara de Comercializa\u00e7\u00e3o de Energia El\u00e9trica (CCEE) devem receber os valores referentes ao pagamento do b\u00f4nus pelas mesmas contas correntes vinculadas para receber recursos da<a href=\"https:\/\/www.aneel.gov.br\/gestao-de-recursos-tarifarios\/-\/asset_publisher\/NGj5UwmpT1bZ\/content\/conta-de-desenvolvimento-energetico-cde\/654800?inheritRedirect=false\"> Conta de Desenvolvimento Energ\u00e9tico (CDE)<\/a>.<\/p>\n<p>Quase 50 concession\u00e1rias e permission\u00e1rias de distribui\u00e7\u00e3o n\u00e3o est\u00e3o no quadro e se enquadram nesse cen\u00e1rio.<\/p>\n\t<p>\n\t\t<a href=\"https:\/\/lp.suno.com.br\/planilha-da-vida-financeira\/\" target=\"_blank\" data-element=\"shortcode-suno-banner\" title=\"Banner SUNO, clique e saiba mais\">\n\t\t\t<picture>\n\t\t\t\t<source media=\"(max-width: 500px)\" srcset=\"https:\/\/files.sunoresearch.com.br\/n\/uploads\/2023\/04\/400x300-Planilha-vida-financeira-true.png\">\n\t\t\t\t<img class=\"newsContent__article__imgCapa newsContent__article__imgCapa--banner\"\n\t\t\t\t\tsrc=\"https:\/\/files.sunoresearch.com.br\/n\/uploads\/2023\/04\/1420x240-Planilha-vida-financeira-true.png\"\n\t\t\t\t\tdata-promo-id=\"106682\"\t\t\t\t\t\t\t\t\t\twidth='1420' height='240'\t\t\t\t\talt=\"https:\/\/files.sunoresearch.com.br\/n\/uploads\/2023\/04\/1420x240-Planilha-vida-financeira-true.png\"\n\t\t\t\t>\n\t\t\t<\/picture>\n\t\t<\/a>\n\t<\/p>\n\n\n<p>Isso porque, conforme a resolu\u00e7\u00e3o que traz as diretrizes do programa, os custos do b\u00f4nus devem ser recuperados pelas empresas por meio do Encargo de Servi\u00e7o do Sistema (ESS), por meio de pagamento dos agentes da CCEE com consumo e, posteriormente, repassado \u00e0s distribuidoras.<\/p>\n<p>&#8220;N\u00e3o tendo ades\u00e3o \u00e0 CCEE, essas permission\u00e1rias n\u00e3o participam da contabiliza\u00e7\u00e3o e liquida\u00e7\u00e3o do mercado de <a class=\"suno-keyword\" href=\"https:\/\/www.suno.com.br\/artigos\/curto-prazo\/\" target=\"_blank\" rel=\"noopener\" data-force=\"no\" data-priority=\"1\">curto prazo<\/a> e, sem essa participa\u00e7\u00e3o, n\u00e3o h\u00e1 como a CCEE alocar cr\u00e9ditos de ESS para elas&#8221;, explica o diretor-relator, H\u00e9lvio Neves Guerra.<\/p>\n<p>A discuss\u00e3o na ag\u00eancia reguladora vem na esteira de questionamentos sobre o procedimento para repasse dos valores feito pela Federa\u00e7\u00e3o das Cooperativas do Estado de Santa Catarina (Fecoerusc).<\/p>\n<h2>Empresas podem pagar conta de luz at\u00e9 mar\u00e7o<\/h2>\n<p>A ag\u00eancia tamb\u00e9m abriu espa\u00e7o para que as empresas possam realizar o pagamento at\u00e9 mar\u00e7o. Para grande parte dos consumidores que conseguiram reduzir o consumo de energia, a concess\u00e3o do desconto da conta de luz ser\u00e1 feita na conta de luz referente a janeiro.<\/p>\n\t<p>\n\t\t<a href=\"https:\/\/lp.suno.com.br\/ebook-como-analisar-uma-acao\/\" target=\"_blank\" data-element=\"shortcode-suno-banner\" title=\"Banner SUNO, clique e saiba mais\">\n\t\t\t<picture>\n\t\t\t\t<source media=\"(max-width: 500px)\" srcset=\"https:\/\/files.sunoresearch.com.br\/n\/uploads\/2023\/03\/Ebook-Acoes-Mobile-1.jpg\">\n\t\t\t\t<img class=\"newsContent__article__imgCapa newsContent__article__imgCapa--banner\"\n\t\t\t\t\tsrc=\"https:\/\/files.sunoresearch.com.br\/n\/uploads\/2023\/03\/Ebook-Acoes-Desktop-1.jpg\"\n\t\t\t\t\tdata-promo-id=\"171998\"\t\t\t\t\t\t\t\t\t\twidth='1420' height='286'\t\t\t\t\talt=\"https:\/\/files.sunoresearch.com.br\/n\/uploads\/2023\/03\/Ebook-Acoes-Desktop-1.jpg\"\n\t\t\t\t>\n\t\t\t<\/picture>\n\t\t<\/a>\n\t<\/p>\n\n\n<p>Entretanto, h\u00e1 algumas particularidades, como consumidores que vivem em localidades distantes, onde a leitura dos medidores n\u00e3o \u00e9 feita mensalmente.<\/p>\n<p>De acordo com dados do<a href=\"https:\/\/www.gov.br\/mme\/pt-br\"> Minist\u00e9rio de Minas e Energia<\/a>, os descontos dever\u00e3o totalizar R$ 2,4 bilh\u00f5es, <a href=\"https:\/\/www.suno.com.br\/artigos\/mercado-livre-de-energia\/\">que ser\u00e3o pagos pelos pr\u00f3prios consumidores<\/a>.<\/p>\n<p>Para evitar que a despesa seja repassada \u00e0s tarifas em 2022 e pressione os reajustes em ano de elei\u00e7\u00f5es, o governo autorizou que o custo seja suportado por um empr\u00e9stimo ao setor el\u00e9trico.<\/p>\n<p>A proposta com as diretrizes para a opera\u00e7\u00e3o financeira acerca da <strong>conta de luz<\/strong> foi apresentada pela Aneel na \u00faltima semana e est\u00e1 em per\u00edodo de consulta p\u00fablica.<\/p>\n<p><em>Com informa\u00e7\u00f5es do Estad\u00e3o Conte\u00fado<\/em><\/p>\n\t<p>\n\t\t<a href=\"https:\/\/lp.suno.com.br\/planilha-de-controle-de-investimentos\/\" target=\"_blank\" data-element=\"shortcode-suno-banner\" title=\"Banner SUNO, clique e saiba mais\">\n\t\t\t<picture>\n\t\t\t\t<source media=\"(max-width: 500px)\" srcset=\"https:\/\/files.sunoresearch.com.br\/n\/uploads\/2023\/03\/400x300-Controle-de-Investimentos.png\">\n\t\t\t\t<img class=\"newsContent__article__imgCapa newsContent__article__imgCapa--banner\"\n\t\t\t\t\tsrc=\"https:\/\/files.sunoresearch.com.br\/n\/uploads\/2023\/03\/1420x240-Controle-de-Investimentos.png\"\n\t\t\t\t\tdata-promo-id=\"75934\"\t\t\t\t\t\t\t\t\t\twidth='1420' height='240'\t\t\t\t\talt=\"https:\/\/files.sunoresearch.com.br\/n\/uploads\/2023\/03\/1420x240-Controle-de-Investimentos.png\"\n\t\t\t\t>\n\t\t\t<\/picture>\n\t\t<\/a>\n\t<\/p>\n\n\n","protected":false},"excerpt":{"rendered":"<p>A diretoria da Ag\u00eancia Nacional de Energia El\u00e9trica (Aneel) definiu novas regras sobre o pagamento do b\u00f4nus a consumidores que economizaram na conta de luz do ano passado em algumas situa\u00e7\u00f5es. A normativa foi publicada nesta ter\u00e7a (8). Foto: Pixabay O programa de redu\u00e7\u00e3o da demanda volunt\u00e1ria de conta de luz foi criado pelo governo [&hellip;]<\/p>\n","protected":false},"author":73,"featured_media":224281,"comment_status":"closed","ping_status":"closed","sticky":false,"template":"","format":"standard","meta":[],"categories":[62],"tags":[106444,896,106081,2153],"suno_strategy":[],"class_list":["post-229458","post","type-post","status-publish","format-standard","has-post-thumbnail","hentry","category-economia","tag-agencias","tag-aneel","tag-energia","tag-energia-eletrica"],"yoast_head":"<!-- This site is optimized with the Yoast SEO plugin v24.4 - https:\/\/yoast.com\/wordpress\/plugins\/seo\/ -->\n<title>Quem economizou pode ganhar desconto na conta de luz; veja regras<\/title>\n<meta name=\"description\" content=\"O programa de redu\u00e7\u00e3o da demanda volunt\u00e1ria de conta de luz foi criado pelo governo em meio \u00e0 crise h\u00eddrica. Clique aqui e leia mais.\" \/>\n<meta name=\"robots\" content=\"index, follow, max-snippet:-1, max-image-preview:large, max-video-preview:-1\" \/>\n<link rel=\"canonical\" href=\"https:\/\/www.suno.com.br\/noticias\/conta-de-luz-energia-eletrica-desconto-regras-aneel\/\" \/>\n<meta property=\"og:locale\" content=\"pt_BR\" \/>\n<meta property=\"og:type\" content=\"article\" \/>\n<meta property=\"og:title\" content=\"Quem economizou pode ganhar desconto na conta de luz; veja regras\" \/>\n<meta property=\"og:description\" content=\"O programa de redu\u00e7\u00e3o da demanda volunt\u00e1ria de conta de luz foi criado pelo governo em meio \u00e0 crise h\u00eddrica. Clique aqui e leia mais.\" \/>\n<meta property=\"og:url\" content=\"https:\/\/www.suno.com.br\/noticias\/conta-de-luz-energia-eletrica-desconto-regras-aneel\/\" \/>\n<meta property=\"og:site_name\" content=\"Suno Not\u00edcias\" \/>\n<meta property=\"article:publisher\" content=\"https:\/\/facebook.com\/sunoresearch\" \/>\n<meta property=\"og:image\" content=\"https:\/\/files.sunoresearch.com.br\/n\/uploads\/2022\/01\/light-bulb-g5221bebe9_1920.jpg\" \/>\n\t<meta property=\"og:image:width\" content=\"1920\" \/>\n\t<meta property=\"og:image:height\" content=\"1080\" \/>\n\t<meta property=\"og:image:type\" content=\"image\/jpeg\" \/>\n<meta name=\"author\" content=\"Eduardo Vargas\" \/>\n<meta name=\"twitter:card\" content=\"summary_large_image\" \/>\n<meta name=\"twitter:creator\" content=\"@sunoresearch\" \/>\n<meta name=\"twitter:site\" content=\"@sunoresearch\" \/>\n<meta name=\"twitter:label1\" content=\"Escrito por\" \/>\n\t<meta name=\"twitter:data1\" content=\"Eduardo Vargas\" \/>\n\t<meta name=\"twitter:label2\" content=\"Est. tempo de leitura\" \/>\n\t<meta name=\"twitter:data2\" content=\"2 minutos\" \/>\n<script type=\"application\/ld+json\" class=\"yoast-schema-graph\">{\"@context\":\"https:\/\/schema.org\",\"@graph\":[{\"@type\":\"NewsArticle\",\"@id\":\"https:\/\/www.suno.com.br\/noticias\/conta-de-luz-energia-eletrica-desconto-regras-aneel\/#article\",\"isPartOf\":{\"@id\":\"https:\/\/www.suno.com.br\/noticias\/conta-de-luz-energia-eletrica-desconto-regras-aneel\/\"},\"author\":{\"name\":\"Eduardo Vargas\",\"@id\":\"https:\/\/www.suno.com.br\/noticias\/#\/schema\/person\/7f4d362bf3518e76090143ae77bb49a5\"},\"headline\":\"Quem economizou pode ganhar desconto na conta de luz; veja as novas regras da Aneel\",\"datePublished\":\"2022-02-08T19:55:54+00:00\",\"dateModified\":\"2022-02-09T10:49:16+00:00\",\"mainEntityOfPage\":{\"@id\":\"https:\/\/www.suno.com.br\/noticias\/conta-de-luz-energia-eletrica-desconto-regras-aneel\/\"},\"wordCount\":478,\"publisher\":{\"@id\":\"https:\/\/www.suno.com.br\/noticias\/#organization\"},\"image\":{\"@id\":\"https:\/\/www.suno.com.br\/noticias\/conta-de-luz-energia-eletrica-desconto-regras-aneel\/#primaryimage\"},\"thumbnailUrl\":\"https:\/\/files.sunoresearch.com.br\/n\/uploads\/2022\/01\/light-bulb-g5221bebe9_1920.jpg\",\"keywords\":[\"Ag\u00eancias\",\"Aneel\",\"energia\",\"energia el\u00e9trica\"],\"articleSection\":[\"Economia\"],\"inLanguage\":\"pt-BR\"},{\"@type\":\"WebPage\",\"@id\":\"https:\/\/www.suno.com.br\/noticias\/conta-de-luz-energia-eletrica-desconto-regras-aneel\/\",\"url\":\"https:\/\/www.suno.com.br\/noticias\/conta-de-luz-energia-eletrica-desconto-regras-aneel\/\",\"name\":\"Quem economizou pode ganhar desconto na conta de luz; veja regras\",\"isPartOf\":{\"@id\":\"https:\/\/www.suno.com.br\/noticias\/#website\"},\"primaryImageOfPage\":{\"@id\":\"https:\/\/www.suno.com.br\/noticias\/conta-de-luz-energia-eletrica-desconto-regras-aneel\/#primaryimage\"},\"image\":{\"@id\":\"https:\/\/www.suno.com.br\/noticias\/conta-de-luz-energia-eletrica-desconto-regras-aneel\/#primaryimage\"},\"thumbnailUrl\":\"https:\/\/files.sunoresearch.com.br\/n\/uploads\/2022\/01\/light-bulb-g5221bebe9_1920.jpg\",\"datePublished\":\"2022-02-08T19:55:54+00:00\",\"dateModified\":\"2022-02-09T10:49:16+00:00\",\"description\":\"O programa de redu\u00e7\u00e3o da demanda volunt\u00e1ria de conta de luz foi criado pelo governo em meio \u00e0 crise h\u00eddrica. Clique aqui e leia mais.\",\"breadcrumb\":{\"@id\":\"https:\/\/www.suno.com.br\/noticias\/conta-de-luz-energia-eletrica-desconto-regras-aneel\/#breadcrumb\"},\"inLanguage\":\"pt-BR\",\"potentialAction\":[{\"@type\":\"ReadAction\",\"target\":[\"https:\/\/www.suno.com.br\/noticias\/conta-de-luz-energia-eletrica-desconto-regras-aneel\/\"]}]},{\"@type\":\"ImageObject\",\"inLanguage\":\"pt-BR\",\"@id\":\"https:\/\/www.suno.com.br\/noticias\/conta-de-luz-energia-eletrica-desconto-regras-aneel\/#primaryimage\",\"url\":\"https:\/\/files.sunoresearch.com.br\/n\/uploads\/2022\/01\/light-bulb-g5221bebe9_1920.jpg\",\"contentUrl\":\"https:\/\/files.sunoresearch.com.br\/n\/uploads\/2022\/01\/light-bulb-g5221bebe9_1920.jpg\",\"width\":1920,\"height\":1080,\"caption\":\"Foto: Pixabay\"},{\"@type\":\"BreadcrumbList\",\"@id\":\"https:\/\/www.suno.com.br\/noticias\/conta-de-luz-energia-eletrica-desconto-regras-aneel\/#breadcrumb\",\"itemListElement\":[{\"@type\":\"ListItem\",\"position\":1,\"name\":\"Not\u00edcias\",\"item\":\"https:\/\/www.suno.com.br\/noticias\/\"},{\"@type\":\"ListItem\",\"position\":2,\"name\":\"Economia\",\"item\":\"https:\/\/www.suno.com.br\/noticias\/economia\/\"},{\"@type\":\"ListItem\",\"position\":3,\"name\":\"Quem economizou pode ganhar desconto na conta de luz; veja as novas regras da Aneel\"}]},{\"@type\":\"WebSite\",\"@id\":\"https:\/\/www.suno.com.br\/noticias\/#website\",\"url\":\"https:\/\/www.suno.com.br\/noticias\/\",\"name\":\"Suno Not\u00edcias\",\"description\":\"Seu portal de informa\u00e7\u00e3o sobre o mundo dos investimentos\",\"publisher\":{\"@id\":\"https:\/\/www.suno.com.br\/noticias\/#organization\"},\"potentialAction\":[{\"@type\":\"SearchAction\",\"target\":{\"@type\":\"EntryPoint\",\"urlTemplate\":\"https:\/\/www.suno.com.br\/noticias\/?s={search_term_string}\"},\"query-input\":{\"@type\":\"PropertyValueSpecification\",\"valueRequired\":true,\"valueName\":\"search_term_string\"}}],\"inLanguage\":\"pt-BR\"},{\"@type\":\"Organization\",\"@id\":\"https:\/\/www.suno.com.br\/noticias\/#organization\",\"name\":\"Suno Not\u00edcias\",\"url\":\"https:\/\/www.suno.com.br\/noticias\/\",\"logo\":{\"@type\":\"ImageObject\",\"inLanguage\":\"pt-BR\",\"@id\":\"https:\/\/www.suno.com.br\/noticias\/#\/schema\/logo\/image\/\",\"url\":\"https:\/\/files.sunoresearch.com.br\/n\/uploads\/2021\/09\/suno-logo.png\",\"contentUrl\":\"https:\/\/files.sunoresearch.com.br\/n\/uploads\/2021\/09\/suno-logo.png\",\"width\":180,\"height\":180,\"caption\":\"Suno Not\u00edcias\"},\"image\":{\"@id\":\"https:\/\/www.suno.com.br\/noticias\/#\/schema\/logo\/image\/\"},\"sameAs\":[\"https:\/\/facebook.com\/sunoresearch\",\"https:\/\/x.com\/sunoresearch\",\"https:\/\/www.instagram.com\/suno\",\"https:\/\/www.linkedin.com\/company\/suno-research\/\",\"https:\/\/www.youtube.com\/c\/sunoresearch\"]},{\"@type\":\"Person\",\"@id\":\"https:\/\/www.suno.com.br\/noticias\/#\/schema\/person\/7f4d362bf3518e76090143ae77bb49a5\",\"name\":\"Eduardo Vargas\",\"image\":{\"@type\":\"ImageObject\",\"inLanguage\":\"pt-BR\",\"@id\":\"https:\/\/www.suno.com.br\/noticias\/#\/schema\/person\/image\/\",\"url\":\"https:\/\/secure.gravatar.com\/avatar\/dac340933427a22924c9f99d1eb2e3f2?s=96&r=g\",\"contentUrl\":\"https:\/\/secure.gravatar.com\/avatar\/dac340933427a22924c9f99d1eb2e3f2?s=96&r=g\",\"caption\":\"Eduardo Vargas\"},\"description\":\"Jornalista formado pela UFSC, cobre macroeconomia, neg\u00f3cios e startups para o Suno Not\u00edcias, escrevendo principalmente not\u00edcias sobre o mercado financeiro e a bolsa de valores. No YouTube e no Instagram, \u00e9 respons\u00e1vel pela produ\u00e7\u00e3o de Reels e Shorts do Suno Not\u00edcias. Anteriormente, trabalhou cobrindo economia e cotidiano no ND+ e para o ND, maior jornal impresso de Santa Catarina. Cursou um semestre letivo de Estudos de M\u00eddia na Universidad de Buenos Aires.\",\"url\":\"https:\/\/www.suno.com.br\/noticias\/author\/eduardo-vargas\/\"}]}<\/script>\n<!-- \/ Yoast SEO plugin. -->","yoast_head_json":{"title":"Quem economizou pode ganhar desconto na conta de luz; veja regras","description":"O programa de redu\u00e7\u00e3o da demanda volunt\u00e1ria de conta de luz foi criado pelo governo em meio \u00e0 crise h\u00eddrica. Clique aqui e leia mais.","robots":{"index":"index","follow":"follow","max-snippet":"max-snippet:-1","max-image-preview":"max-image-preview:large","max-video-preview":"max-video-preview:-1"},"canonical":"https:\/\/www.suno.com.br\/noticias\/conta-de-luz-energia-eletrica-desconto-regras-aneel\/","og_locale":"pt_BR","og_type":"article","og_title":"Quem economizou pode ganhar desconto na conta de luz; veja regras","og_description":"O programa de redu\u00e7\u00e3o da demanda volunt\u00e1ria de conta de luz foi criado pelo governo em meio \u00e0 crise h\u00eddrica. Clique aqui e leia mais.","og_url":"https:\/\/www.suno.com.br\/noticias\/conta-de-luz-energia-eletrica-desconto-regras-aneel\/","og_site_name":"Suno Not\u00edcias","article_publisher":"https:\/\/facebook.com\/sunoresearch","og_image":[{"width":1920,"height":1080,"url":"https:\/\/files.sunoresearch.com.br\/n\/uploads\/2022\/01\/light-bulb-g5221bebe9_1920.jpg","type":"image\/jpeg"}],"author":"Eduardo Vargas","twitter_card":"summary_large_image","twitter_creator":"@sunoresearch","twitter_site":"@sunoresearch","twitter_misc":{"Escrito por":"Eduardo Vargas","Est. tempo de leitura":"2 minutos"},"schema":{"@context":"https:\/\/schema.org","@graph":[{"@type":"NewsArticle","@id":"https:\/\/www.suno.com.br\/noticias\/conta-de-luz-energia-eletrica-desconto-regras-aneel\/#article","isPartOf":{"@id":"https:\/\/www.suno.com.br\/noticias\/conta-de-luz-energia-eletrica-desconto-regras-aneel\/"},"author":{"name":"Eduardo Vargas","@id":"https:\/\/www.suno.com.br\/noticias\/#\/schema\/person\/7f4d362bf3518e76090143ae77bb49a5"},"headline":"Quem economizou pode ganhar desconto na conta de luz; veja as novas regras da Aneel","datePublished":"2022-02-08T19:55:54+00:00","dateModified":"2022-02-09T10:49:16+00:00","mainEntityOfPage":{"@id":"https:\/\/www.suno.com.br\/noticias\/conta-de-luz-energia-eletrica-desconto-regras-aneel\/"},"wordCount":478,"publisher":{"@id":"https:\/\/www.suno.com.br\/noticias\/#organization"},"image":{"@id":"https:\/\/www.suno.com.br\/noticias\/conta-de-luz-energia-eletrica-desconto-regras-aneel\/#primaryimage"},"thumbnailUrl":"https:\/\/files.sunoresearch.com.br\/n\/uploads\/2022\/01\/light-bulb-g5221bebe9_1920.jpg","keywords":["Ag\u00eancias","Aneel","energia","energia el\u00e9trica"],"articleSection":["Economia"],"inLanguage":"pt-BR"},{"@type":"WebPage","@id":"https:\/\/www.suno.com.br\/noticias\/conta-de-luz-energia-eletrica-desconto-regras-aneel\/","url":"https:\/\/www.suno.com.br\/noticias\/conta-de-luz-energia-eletrica-desconto-regras-aneel\/","name":"Quem economizou pode ganhar desconto na conta de luz; veja regras","isPartOf":{"@id":"https:\/\/www.suno.com.br\/noticias\/#website"},"primaryImageOfPage":{"@id":"https:\/\/www.suno.com.br\/noticias\/conta-de-luz-energia-eletrica-desconto-regras-aneel\/#primaryimage"},"image":{"@id":"https:\/\/www.suno.com.br\/noticias\/conta-de-luz-energia-eletrica-desconto-regras-aneel\/#primaryimage"},"thumbnailUrl":"https:\/\/files.sunoresearch.com.br\/n\/uploads\/2022\/01\/light-bulb-g5221bebe9_1920.jpg","datePublished":"2022-02-08T19:55:54+00:00","dateModified":"2022-02-09T10:49:16+00:00","description":"O programa de redu\u00e7\u00e3o da demanda volunt\u00e1ria de conta de luz foi criado pelo governo em meio \u00e0 crise h\u00eddrica. Clique aqui e leia mais.","breadcrumb":{"@id":"https:\/\/www.suno.com.br\/noticias\/conta-de-luz-energia-eletrica-desconto-regras-aneel\/#breadcrumb"},"inLanguage":"pt-BR","potentialAction":[{"@type":"ReadAction","target":["https:\/\/www.suno.com.br\/noticias\/conta-de-luz-energia-eletrica-desconto-regras-aneel\/"]}]},{"@type":"ImageObject","inLanguage":"pt-BR","@id":"https:\/\/www.suno.com.br\/noticias\/conta-de-luz-energia-eletrica-desconto-regras-aneel\/#primaryimage","url":"https:\/\/files.sunoresearch.com.br\/n\/uploads\/2022\/01\/light-bulb-g5221bebe9_1920.jpg","contentUrl":"https:\/\/files.sunoresearch.com.br\/n\/uploads\/2022\/01\/light-bulb-g5221bebe9_1920.jpg","width":1920,"height":1080,"caption":"Foto: Pixabay"},{"@type":"BreadcrumbList","@id":"https:\/\/www.suno.com.br\/noticias\/conta-de-luz-energia-eletrica-desconto-regras-aneel\/#breadcrumb","itemListElement":[{"@type":"ListItem","position":1,"name":"Not\u00edcias","item":"https:\/\/www.suno.com.br\/noticias\/"},{"@type":"ListItem","position":2,"name":"Economia","item":"https:\/\/www.suno.com.br\/noticias\/economia\/"},{"@type":"ListItem","position":3,"name":"Quem economizou pode ganhar desconto na conta de luz; veja as novas regras da Aneel"}]},{"@type":"WebSite","@id":"https:\/\/www.suno.com.br\/noticias\/#website","url":"https:\/\/www.suno.com.br\/noticias\/","name":"Suno Not\u00edcias","description":"Seu portal de informa\u00e7\u00e3o sobre o mundo dos investimentos","publisher":{"@id":"https:\/\/www.suno.com.br\/noticias\/#organization"},"potentialAction":[{"@type":"SearchAction","target":{"@type":"EntryPoint","urlTemplate":"https:\/\/www.suno.com.br\/noticias\/?s={search_term_string}"},"query-input":{"@type":"PropertyValueSpecification","valueRequired":true,"valueName":"search_term_string"}}],"inLanguage":"pt-BR"},{"@type":"Organization","@id":"https:\/\/www.suno.com.br\/noticias\/#organization","name":"Suno Not\u00edcias","url":"https:\/\/www.suno.com.br\/noticias\/","logo":{"@type":"ImageObject","inLanguage":"pt-BR","@id":"https:\/\/www.suno.com.br\/noticias\/#\/schema\/logo\/image\/","url":"https:\/\/files.sunoresearch.com.br\/n\/uploads\/2021\/09\/suno-logo.png","contentUrl":"https:\/\/files.sunoresearch.com.br\/n\/uploads\/2021\/09\/suno-logo.png","width":180,"height":180,"caption":"Suno Not\u00edcias"},"image":{"@id":"https:\/\/www.suno.com.br\/noticias\/#\/schema\/logo\/image\/"},"sameAs":["https:\/\/facebook.com\/sunoresearch","https:\/\/x.com\/sunoresearch","https:\/\/www.instagram.com\/suno","https:\/\/www.linkedin.com\/company\/suno-research\/","https:\/\/www.youtube.com\/c\/sunoresearch"]},{"@type":"Person","@id":"https:\/\/www.suno.com.br\/noticias\/#\/schema\/person\/7f4d362bf3518e76090143ae77bb49a5","name":"Eduardo Vargas","image":{"@type":"ImageObject","inLanguage":"pt-BR","@id":"https:\/\/www.suno.com.br\/noticias\/#\/schema\/person\/image\/","url":"https:\/\/secure.gravatar.com\/avatar\/dac340933427a22924c9f99d1eb2e3f2?s=96&r=g","contentUrl":"https:\/\/secure.gravatar.com\/avatar\/dac340933427a22924c9f99d1eb2e3f2?s=96&r=g","caption":"Eduardo Vargas"},"description":"Jornalista formado pela UFSC, cobre macroeconomia, neg\u00f3cios e startups para o Suno Not\u00edcias, escrevendo principalmente not\u00edcias sobre o mercado financeiro e a bolsa de valores. No YouTube e no Instagram, \u00e9 respons\u00e1vel pela produ\u00e7\u00e3o de Reels e Shorts do Suno Not\u00edcias. Anteriormente, trabalhou cobrindo economia e cotidiano no ND+ e para o ND, maior jornal impresso de Santa Catarina. Cursou um semestre letivo de Estudos de M\u00eddia na Universidad de Buenos Aires.","url":"https:\/\/www.suno.com.br\/noticias\/author\/eduardo-vargas\/"}]}},"default_loop_html":"<div class=\"cardsPage__listCard__boxs\"><div class=\"cardsPage__listCard__boxs__img\"><a href=\"https:\/\/www.suno.com.br\/noticias\/conta-de-luz-energia-eletrica-desconto-regras-aneel\/\"><img class=\"mask\" src=\"https:\/\/www.suno.com.br\/noticias\/wp-content\/themes\/suno\/resources\/images\/spotlight\/spotlight1img\/bg-mask.png\" alt=\"Image Mask\"\/><img src=\"https:\/\/files.sunoresearch.com.br\/n\/uploads\/2022\/01\/light-bulb-g5221bebe9_1920-400x200.jpg\" alt=\"Quem economizou pode ganhar desconto na conta de luz; veja as novas regras da Aneel\"\/><\/a><span class=\"spotlightCategory\"><a href=\"https:\/\/www.suno.com.br\/noticias\/economia\/\">Economia<\/a><\/span><\/div><div class=\"cardsPage__listCard__boxs__content\"><a href=\"https:\/\/www.suno.com.br\/noticias\/conta-de-luz-energia-eletrica-desconto-regras-aneel\/\"><h2 class=\"content__title\">Quem economizou pode ganhar desconto na conta de luz; veja as novas regras da Aneel<\/h2><\/a><div class=\"newsContent__article__meta\"><div class=\"newsContent__article__meta__authorBox\"><a href=\"https:\/\/www.suno.com.br\/noticias\/author\/eduardo-vargas\/\" class=\"authorBox__avatar noMobi\"><img src=\"https:\/\/secure.gravatar.com\/avatar\/dac340933427a22924c9f99d1eb2e3f2?s=96&#038;r=g\" alt=\"Eduardo Vargas\"><\/a><div class=\"authorBox__name\"><span>por\n\t\t\t<a href=\"https:\/\/www.suno.com.br\/noticias\/author\/eduardo-vargas\/\"><span itemprop=\"author\">Eduardo Vargas<\/span><\/a><\/span><time datetime=\"2022-02-08T16:55:54-03:00\" itemprop=\"datePublished\">08\/02\/2022 16:55<\/time><\/div><\/div><\/div><\/div><\/div>","single_layout":"posts","amp_enabled":true,"_links":{"self":[{"href":"https:\/\/www.suno.com.br\/noticias\/wp-json\/wp\/v2\/posts\/229458"}],"collection":[{"href":"https:\/\/www.suno.com.br\/noticias\/wp-json\/wp\/v2\/posts"}],"about":[{"href":"https:\/\/www.suno.com.br\/noticias\/wp-json\/wp\/v2\/types\/post"}],"author":[{"embeddable":true,"href":"https:\/\/www.suno.com.br\/noticias\/wp-json\/wp\/v2\/users\/73"}],"replies":[{"embeddable":true,"href":"https:\/\/www.suno.com.br\/noticias\/wp-json\/wp\/v2\/comments?post=229458"}],"version-history":[{"count":2,"href":"https:\/\/www.suno.com.br\/noticias\/wp-json\/wp\/v2\/posts\/229458\/revisions"}],"predecessor-version":[{"id":229532,"href":"https:\/\/www.suno.com.br\/noticias\/wp-json\/wp\/v2\/posts\/229458\/revisions\/229532"}],"wp:featuredmedia":[{"embeddable":true,"href":"https:\/\/www.suno.com.br\/noticias\/wp-json\/wp\/v2\/media\/224281"}],"wp:attachment":[{"href":"https:\/\/www.suno.com.br\/noticias\/wp-json\/wp\/v2\/media?parent=229458"}],"wp:term":[{"taxonomy":"category","embeddable":true,"href":"https:\/\/www.suno.com.br\/noticias\/wp-json\/wp\/v2\/categories?post=229458"},{"taxonomy":"post_tag","embeddable":true,"href":"https:\/\/www.suno.com.br\/noticias\/wp-json\/wp\/v2\/tags?post=229458"},{"taxonomy":"suno_strategy","embeddable":true,"href":"https:\/\/www.suno.com.br\/noticias\/wp-json\/wp\/v2\/suno_strategy?post=229458"}],"curies":[{"name":"wp","href":"https:\/\/api.w.org\/{rel}","templated":true}]}}