{"id":229416,"date":"2022-02-08T11:20:15","date_gmt":"2022-02-08T14:20:15","guid":{"rendered":"https:\/\/www.suno.com.br\/noticias\/?p=229416"},"modified":"2022-02-08T11:20:15","modified_gmt":"2022-02-08T14:20:15","slug":"dolar-sobe-hoje-08022022","status":"publish","type":"post","link":"https:\/\/www.suno.com.br\/noticias\/dolar-sobe-hoje-08022022\/","title":{"rendered":"D\u00f3lar sobe, mas desacelera ap\u00f3s ata apontar &#8216;ajustes adicionais&#8217; da Selic"},"content":{"rendered":"<p>O <strong>d\u00f3lar<\/strong> opera em alta no mercado dom\u00e9stico nesta ter\u00e7a-feira (8), em linha com a valoriza\u00e7\u00e3o da moeda americana ante pares principais no exterior, enquanto os sinais est\u00e3o mistos ante divisas emergentes e ligadas a commodities pares do real. O d\u00f3lar desacelerou o ganho intradia no mercado \u00e0 vista, puxado pela invers\u00e3o pontual do sinal para baixo do <a class=\"suno-keyword\" href=\"https:\/\/www.suno.com.br\/artigos\/dolar-futuro\/\" target=\"_blank\" rel=\"noopener\" data-force=\"no\" data-priority=\"1\">d\u00f3lar futuro<\/a> de mar\u00e7o, que j\u00e1 volta a subir discretamente.<\/p>\t<div class=\"wrapper-featured-image\">\n\t\t<figure class=\"spotlightImg\">\n\n\t\t\t<picture>\n\t\t\t\t<source media=\"(max-width: 768px)\" srcset=\"https:\/\/files.sunoresearch.com.br\/n\/uploads\/2021\/04\/e5e794c1-dollar-4418320_1280-400x200.webp\">\n\t\t\t\t<img loading=\"lazy\" decoding=\"async\" class=\"newsContent__article__imgCapa lazyloadDisabled \" src=\"https:\/\/files.sunoresearch.com.br\/n\/uploads\/2021\/04\/e5e794c1-dollar-4418320_1280-800x450.webp\" width=\"800\" height=\"450\" alt=\"D\u00f3lar sobe, mas desacelera ap\u00f3s ata apontar &#8216;ajustes adicionais&#8217; da Selic\" fetchpriority=high \/>\n\t\t\t<\/picture>\n\n\t\t\t<figcaption class=\"wp-caption-text wp-caption-text--show\">D\u00f3lar - Foto: Pixabay<\/figcaption>\n\t\t<\/figure>\n\t<\/div>\n\n\n\t<p>\n\t\t<a href=\"https:\/\/lp.suno.com.br\/planilha-controle-gastos\/\" target=\"_blank\" data-element=\"shortcode-suno-banner\" title=\"Banner SUNO, clique e saiba mais\">\n\t\t\t<picture>\n\t\t\t\t<source media=\"(max-width: 500px)\" srcset=\"https:\/\/files.sunoresearch.com.br\/n\/uploads\/2023\/03\/400x300-Planilha-controle-de-gastos.png\">\n\t\t\t\t<img class=\"newsContent__article__imgCapa newsContent__article__imgCapa--banner\"\n\t\t\t\t\tsrc=\"https:\/\/files.sunoresearch.com.br\/n\/uploads\/2023\/03\/1420x240-Planilha-controle-de-gastos.png\"\n\t\t\t\t\tdata-promo-id=\"101751\"\t\t\t\t\t\t\t\t\t\twidth='1420' height='240'\t\t\t\t\talt=\"https:\/\/files.sunoresearch.com.br\/n\/uploads\/2023\/03\/1420x240-Planilha-controle-de-gastos.png\"\n\t\t\t\t>\n\t\t\t<\/picture>\n\t\t<\/a>\n\t<\/p>\n\n\n<p>\u00c0s 11h20, o <strong>d\u00f3lar hoje<\/strong> subia 0,24%, a R$ 5,27. O <strong>d\u00f3lar futuro<\/strong> para mar\u00e7o tinha vi\u00e9s de alta de 0,05%, a R$ 5,29.<\/p>\n<p>Os ajustes ocorreram em meio a avalia\u00e7\u00f5es da ata do Copom da semana passada, que trouxe um tom mais &#8220;hawkish&#8221; do que o esperado por economistas do mercado. A expectativa \u00e9 que o diferencial de juros interno e externo continue favor\u00e1vel no <a class=\"suno-keyword\" href=\"https:\/\/www.suno.com.br\/artigos\/curto-prazo\/\" target=\"_blank\" rel=\"noopener\" data-force=\"no\" data-priority=\"1\">curto prazo<\/a> a opera\u00e7\u00f5es de &#8220;<a class=\"suno-keyword\" href=\"https:\/\/www.suno.com.br\/artigos\/carry-trade\/\" target=\"_blank\" rel=\"noopener\" data-force=\"no\" data-priority=\"1\">carry trade<\/a>&#8221; com o real.<\/p>\n<p>Um dos pontos destacados por economistas foi o fato de o documento falar de &#8220;ajustes adicionais em ritmo menor nas pr\u00f3ximas reuni\u00f5es&#8221;. &#8220;Ao colocar o termo &#8216;ajustes adicionais&#8217; no plural, o Copom \u00e9 bastante claro ao indicar que o ciclo de aperto das condi\u00e7\u00f5es monet\u00e1rias se estender\u00e1 al\u00e9m da reuni\u00e3o de mar\u00e7o, conforme prev\u00edamos anteriormente&#8221;, afirma em relat\u00f3rio a Renascen\u00e7a DTVM.<\/p>\n\t<p>\n\t\t<a href=\"https:\/\/lp.suno.com.br\/planilha-da-vida-financeira\/\" target=\"_blank\" data-element=\"shortcode-suno-banner\" title=\"Banner SUNO, clique e saiba mais\">\n\t\t\t<picture>\n\t\t\t\t<source media=\"(max-width: 500px)\" srcset=\"https:\/\/files.sunoresearch.com.br\/n\/uploads\/2023\/04\/400x300-Planilha-vida-financeira-true.png\">\n\t\t\t\t<img class=\"newsContent__article__imgCapa newsContent__article__imgCapa--banner\"\n\t\t\t\t\tsrc=\"https:\/\/files.sunoresearch.com.br\/n\/uploads\/2023\/04\/1420x240-Planilha-vida-financeira-true.png\"\n\t\t\t\t\tdata-promo-id=\"106682\"\t\t\t\t\t\t\t\t\t\twidth='1420' height='240'\t\t\t\t\talt=\"https:\/\/files.sunoresearch.com.br\/n\/uploads\/2023\/04\/1420x240-Planilha-vida-financeira-true.png\"\n\t\t\t\t>\n\t\t\t<\/picture>\n\t\t<\/a>\n\t<\/p>\n\n\n<p>&#8220;A ata da reuni\u00e3o de fevereiro do Comit\u00ea de <a class=\"suno-keyword\" href=\"https:\/\/www.suno.com.br\/artigos\/politica-monetaria\/\" target=\"_blank\" rel=\"noopener\" data-force=\"no\" data-priority=\"1\">Pol\u00edtica Monet\u00e1ria<\/a> (<strong>Copom<\/strong>) mostrou uma ret\u00f3rica mais dura do que a observada no comunicado e indica que o Banco Central antev\u00ea juros terminais acima dos 12% do cen\u00e1rio de refer\u00eancia&#8221;, avaliou o economista-chefe da Terra Investimentos, Jo\u00e3o Maur\u00edcio Lemos Rosal.<\/p>\n<p>Para Rosal, o par\u00e1grafo 14 \u00e9 o principal destaque da ata e sugere que o Copom j\u00e1 estima uma Selic mais alta do que o cen\u00e1rio de refer\u00eancia no fim do ciclo. &#8220;O Copom frisa que, a despeito do cen\u00e1rio de refer\u00eancia sugerir um pico da Selic em 12%, dados os riscos assim\u00e9tricos que ele v\u00ea, o risco de desancoragem das expectativas, ele espera que a contra\u00e7\u00e3o monet\u00e1ria v\u00e1 al\u00e9m do sugerido no cen\u00e1rio de refer\u00eancia&#8221;, diz Rosal.<\/p>\n<p>&#8220;Ou seja, o<strong> pico da Selic<\/strong> seria maior do que 12%.&#8221; A Terra Investimentos espera <strong><a class=\"suno-keyword\" href=\"https:\/\/www.suno.com.br\/artigos\/taxa-selic\/\" target=\"_blank\" rel=\"noopener\" data-force=\"no\" data-priority=\"3\">taxa Selic<\/a><\/strong> de 12,5% no fim do ciclo de aperto monet\u00e1rio.<\/p>\n<p>No exterior, os <strong>\u00edndices futuros de Nova York<\/strong> pioraram, pesando nas <a class=\"suno-keyword\" href=\"https:\/\/www.suno.com.br\/artigos\/bolsas-europeias\/\" target=\"_blank\" rel=\"noopener\" data-force=\"no\" data-priority=\"1\">bolsas europeias<\/a>, enquanto o d\u00f3lar se sustenta em alta em rela\u00e7\u00e3o a seus pares principais, com investidores na expectativas pelo \u00edndice de pre\u00e7os ao consumidor (CPI) dos Estados Unidos em janeiro, que ser\u00e1 divulgado na quinta-feira (10).<\/p>\n<p>Para o Citi, a forte alta recente dos sal\u00e1rios nos EUA aponta para press\u00f5es inflacion\u00e1rias mais amplas, o que faz do CPI o dado mais relevante desta semana.<\/p>\n<p>Mais cedo, a Pfizer anunciou um <a class=\"suno-keyword\" href=\"https:\/\/www.suno.com.br\/artigos\/lucro-liquido\/\" target=\"_blank\" rel=\"noopener\" data-force=\"no\" data-priority=\"1\">lucro l\u00edquido<\/a> de US$ 3,39 bilh\u00f5es no quarto trimestre de 2021, quadruplicando o ganho de US$ 847 milh\u00f5es apurado em igual per\u00edodo de 2020, segundo balan\u00e7o publicado nesta ter\u00e7a-feira.<\/p>\n<p>Com ajustes, a farmac\u00eautica americana fabricante de vacina contra covid-19 em parceria com a alem\u00e3 BioNTech, registrou <a class=\"suno-keyword\" href=\"https:\/\/www.suno.com.br\/artigos\/lpa-lucro-por-acao\/\" target=\"_blank\" rel=\"noopener\" data-force=\"no\" data-priority=\"1\">lucro por a\u00e7\u00e3o<\/a> de US$ 1,08 entre outubro e dezembro, superando de longe a previs\u00e3o de analistas consultados pela FactSet, de US$ 0,87.<\/p>\n<h2>\u00daltima cota\u00e7\u00e3o do d\u00f3lar<\/h2>\n<p>Na \u00faltima sess\u00e3o, segunda-feira (7), o <strong>d\u00f3lar<\/strong> encerrou o preg\u00e3o em queda de 1,26%, negociado a R$ 5,25.<\/p>\n<p><em>(Com informa\u00e7\u00f5es do Estad\u00e3o Conte\u00fado)<\/em><\/p>\n\t<p>\n\t\t<a href=\"https:\/\/lp.suno.com.br\/planilha-de-controle-de-investimentos\/\" target=\"_blank\" data-element=\"shortcode-suno-banner\" title=\"Banner SUNO, clique e saiba mais\">\n\t\t\t<picture>\n\t\t\t\t<source media=\"(max-width: 500px)\" srcset=\"https:\/\/files.sunoresearch.com.br\/n\/uploads\/2023\/03\/400x300-Controle-de-Investimentos.png\">\n\t\t\t\t<img class=\"newsContent__article__imgCapa newsContent__article__imgCapa--banner\"\n\t\t\t\t\tsrc=\"https:\/\/files.sunoresearch.com.br\/n\/uploads\/2023\/03\/1420x240-Controle-de-Investimentos.png\"\n\t\t\t\t\tdata-promo-id=\"75934\"\t\t\t\t\t\t\t\t\t\twidth='1420' height='240'\t\t\t\t\talt=\"https:\/\/files.sunoresearch.com.br\/n\/uploads\/2023\/03\/1420x240-Controle-de-Investimentos.png\"\n\t\t\t\t>\n\t\t\t<\/picture>\n\t\t<\/a>\n\t<\/p>\n\n\n","protected":false},"excerpt":{"rendered":"<p>O d\u00f3lar opera em alta no mercado dom\u00e9stico nesta ter\u00e7a-feira (8), em linha com a valoriza\u00e7\u00e3o da moeda americana ante pares principais no exterior, enquanto os sinais est\u00e3o mistos ante divisas emergentes e ligadas a commodities pares do real. O d\u00f3lar desacelerou o ganho intradia no mercado \u00e0 vista, puxado pela invers\u00e3o pontual do sinal [&hellip;]<\/p>\n","protected":false},"author":15,"featured_media":137005,"comment_status":"closed","ping_status":"closed","sticky":false,"template":"","format":"standard","meta":[],"categories":[60],"tags":[326,1852,105816],"suno_strategy":[],"class_list":["post-229416","post","type-post","status-publish","format-standard","has-post-thumbnail","hentry","category-mercado","tag-dolar","tag-dolar-futuro","tag-especialistas"],"yoast_head":"<!-- This site is optimized with the Yoast SEO plugin v24.4 - https:\/\/yoast.com\/wordpress\/plugins\/seo\/ -->\n<title>D\u00f3lar sobe, mas desacelera ap\u00f3s ata apontar &#039;ajustes adicionais&#039; da Selic<\/title>\n<meta name=\"description\" content=\"\u00c0s 11h20, o d\u00f3lar hoje subia 0,24%, a R$ 5,27. O d\u00f3lar futuro para mar\u00e7o tinha vi\u00e9s de alta de 0,05%, a R$ 5,29. Clique aqui e saiba mais\" \/>\n<meta name=\"robots\" content=\"index, follow, max-snippet:-1, max-image-preview:large, max-video-preview:-1\" \/>\n<link rel=\"canonical\" href=\"https:\/\/www.suno.com.br\/noticias\/dolar-sobe-hoje-08022022\/\" \/>\n<meta property=\"og:locale\" content=\"pt_BR\" \/>\n<meta property=\"og:type\" content=\"article\" \/>\n<meta property=\"og:title\" content=\"D\u00f3lar sobe, mas desacelera ap\u00f3s ata apontar &#039;ajustes adicionais&#039; da Selic\" \/>\n<meta property=\"og:description\" content=\"\u00c0s 11h20, o d\u00f3lar hoje subia 0,24%, a R$ 5,27. O d\u00f3lar futuro para mar\u00e7o tinha vi\u00e9s de alta de 0,05%, a R$ 5,29. Clique aqui e saiba mais\" \/>\n<meta property=\"og:url\" content=\"https:\/\/www.suno.com.br\/noticias\/dolar-sobe-hoje-08022022\/\" \/>\n<meta property=\"og:site_name\" content=\"Suno Not\u00edcias\" \/>\n<meta property=\"article:publisher\" content=\"https:\/\/facebook.com\/sunoresearch\" \/>\n<meta property=\"og:image\" content=\"https:\/\/files.sunoresearch.com.br\/n\/uploads\/2021\/04\/e5e794c1-dollar-4418320_1280.jpg\" \/>\n\t<meta property=\"og:image:width\" content=\"1280\" \/>\n\t<meta property=\"og:image:height\" content=\"701\" \/>\n\t<meta property=\"og:image:type\" content=\"image\/jpeg\" \/>\n<meta name=\"author\" content=\"Poliana Santos\" \/>\n<meta name=\"twitter:card\" content=\"summary_large_image\" \/>\n<meta name=\"twitter:creator\" content=\"@sunoresearch\" \/>\n<meta name=\"twitter:site\" content=\"@sunoresearch\" \/>\n<meta name=\"twitter:label1\" content=\"Escrito por\" \/>\n\t<meta name=\"twitter:data1\" content=\"Poliana Santos\" \/>\n\t<meta name=\"twitter:label2\" content=\"Est. tempo de leitura\" \/>\n\t<meta name=\"twitter:data2\" content=\"3 minutos\" \/>\n<script type=\"application\/ld+json\" class=\"yoast-schema-graph\">{\"@context\":\"https:\/\/schema.org\",\"@graph\":[{\"@type\":\"NewsArticle\",\"@id\":\"https:\/\/www.suno.com.br\/noticias\/dolar-sobe-hoje-08022022\/#article\",\"isPartOf\":{\"@id\":\"https:\/\/www.suno.com.br\/noticias\/dolar-sobe-hoje-08022022\/\"},\"author\":{\"name\":\"Poliana Santos\",\"@id\":\"https:\/\/www.suno.com.br\/noticias\/#\/schema\/person\/02ec1f752758247878a2bf4abee1aeda\"},\"headline\":\"D\u00f3lar sobe, mas desacelera ap\u00f3s ata apontar &#8216;ajustes adicionais&#8217; da Selic\",\"datePublished\":\"2022-02-08T14:20:15+00:00\",\"mainEntityOfPage\":{\"@id\":\"https:\/\/www.suno.com.br\/noticias\/dolar-sobe-hoje-08022022\/\"},\"wordCount\":603,\"publisher\":{\"@id\":\"https:\/\/www.suno.com.br\/noticias\/#organization\"},\"image\":{\"@id\":\"https:\/\/www.suno.com.br\/noticias\/dolar-sobe-hoje-08022022\/#primaryimage\"},\"thumbnailUrl\":\"https:\/\/files.sunoresearch.com.br\/n\/uploads\/2021\/04\/e5e794c1-dollar-4418320_1280-jpg.webp\",\"keywords\":[\"d\u00f3lar\",\"d\u00f3lar futuro\",\"Especialistas\"],\"articleSection\":[\"Mercado\"],\"inLanguage\":\"pt-BR\"},{\"@type\":\"WebPage\",\"@id\":\"https:\/\/www.suno.com.br\/noticias\/dolar-sobe-hoje-08022022\/\",\"url\":\"https:\/\/www.suno.com.br\/noticias\/dolar-sobe-hoje-08022022\/\",\"name\":\"D\u00f3lar sobe, mas desacelera ap\u00f3s ata apontar 'ajustes adicionais' da Selic\",\"isPartOf\":{\"@id\":\"https:\/\/www.suno.com.br\/noticias\/#website\"},\"primaryImageOfPage\":{\"@id\":\"https:\/\/www.suno.com.br\/noticias\/dolar-sobe-hoje-08022022\/#primaryimage\"},\"image\":{\"@id\":\"https:\/\/www.suno.com.br\/noticias\/dolar-sobe-hoje-08022022\/#primaryimage\"},\"thumbnailUrl\":\"https:\/\/files.sunoresearch.com.br\/n\/uploads\/2021\/04\/e5e794c1-dollar-4418320_1280-jpg.webp\",\"datePublished\":\"2022-02-08T14:20:15+00:00\",\"description\":\"\u00c0s 11h20, o d\u00f3lar hoje subia 0,24%, a R$ 5,27. O d\u00f3lar futuro para mar\u00e7o tinha vi\u00e9s de alta de 0,05%, a R$ 5,29. Clique aqui e saiba mais\",\"breadcrumb\":{\"@id\":\"https:\/\/www.suno.com.br\/noticias\/dolar-sobe-hoje-08022022\/#breadcrumb\"},\"inLanguage\":\"pt-BR\",\"potentialAction\":[{\"@type\":\"ReadAction\",\"target\":[\"https:\/\/www.suno.com.br\/noticias\/dolar-sobe-hoje-08022022\/\"]}]},{\"@type\":\"ImageObject\",\"inLanguage\":\"pt-BR\",\"@id\":\"https:\/\/www.suno.com.br\/noticias\/dolar-sobe-hoje-08022022\/#primaryimage\",\"url\":\"https:\/\/files.sunoresearch.com.br\/n\/uploads\/2021\/04\/e5e794c1-dollar-4418320_1280-jpg.webp\",\"contentUrl\":\"https:\/\/files.sunoresearch.com.br\/n\/uploads\/2021\/04\/e5e794c1-dollar-4418320_1280-jpg.webp\",\"width\":1280,\"height\":701,\"caption\":\"D\u00f3lar - Foto: Pixabay\"},{\"@type\":\"BreadcrumbList\",\"@id\":\"https:\/\/www.suno.com.br\/noticias\/dolar-sobe-hoje-08022022\/#breadcrumb\",\"itemListElement\":[{\"@type\":\"ListItem\",\"position\":1,\"name\":\"Not\u00edcias\",\"item\":\"https:\/\/www.suno.com.br\/noticias\/\"},{\"@type\":\"ListItem\",\"position\":2,\"name\":\"Mercado\",\"item\":\"https:\/\/www.suno.com.br\/noticias\/mercado\/\"},{\"@type\":\"ListItem\",\"position\":3,\"name\":\"D\u00f3lar sobe, mas desacelera ap\u00f3s ata apontar &#8216;ajustes adicionais&#8217; da Selic\"}]},{\"@type\":\"WebSite\",\"@id\":\"https:\/\/www.suno.com.br\/noticias\/#website\",\"url\":\"https:\/\/www.suno.com.br\/noticias\/\",\"name\":\"Suno Not\u00edcias\",\"description\":\"Seu portal de informa\u00e7\u00e3o sobre o mundo dos investimentos\",\"publisher\":{\"@id\":\"https:\/\/www.suno.com.br\/noticias\/#organization\"},\"potentialAction\":[{\"@type\":\"SearchAction\",\"target\":{\"@type\":\"EntryPoint\",\"urlTemplate\":\"https:\/\/www.suno.com.br\/noticias\/?s={search_term_string}\"},\"query-input\":{\"@type\":\"PropertyValueSpecification\",\"valueRequired\":true,\"valueName\":\"search_term_string\"}}],\"inLanguage\":\"pt-BR\"},{\"@type\":\"Organization\",\"@id\":\"https:\/\/www.suno.com.br\/noticias\/#organization\",\"name\":\"Suno Not\u00edcias\",\"url\":\"https:\/\/www.suno.com.br\/noticias\/\",\"logo\":{\"@type\":\"ImageObject\",\"inLanguage\":\"pt-BR\",\"@id\":\"https:\/\/www.suno.com.br\/noticias\/#\/schema\/logo\/image\/\",\"url\":\"https:\/\/files.sunoresearch.com.br\/n\/uploads\/2021\/09\/suno-logo.png\",\"contentUrl\":\"https:\/\/files.sunoresearch.com.br\/n\/uploads\/2021\/09\/suno-logo.png\",\"width\":180,\"height\":180,\"caption\":\"Suno Not\u00edcias\"},\"image\":{\"@id\":\"https:\/\/www.suno.com.br\/noticias\/#\/schema\/logo\/image\/\"},\"sameAs\":[\"https:\/\/facebook.com\/sunoresearch\",\"https:\/\/x.com\/sunoresearch\",\"https:\/\/www.instagram.com\/suno\",\"https:\/\/www.linkedin.com\/company\/suno-research\/\",\"https:\/\/www.youtube.com\/c\/sunoresearch\"]},{\"@type\":\"Person\",\"@id\":\"https:\/\/www.suno.com.br\/noticias\/#\/schema\/person\/02ec1f752758247878a2bf4abee1aeda\",\"name\":\"Poliana Santos\",\"image\":{\"@type\":\"ImageObject\",\"inLanguage\":\"pt-BR\",\"@id\":\"https:\/\/www.suno.com.br\/noticias\/#\/schema\/person\/image\/\",\"url\":\"https:\/\/secure.gravatar.com\/avatar\/0645bd32f23d87b2130f2b2dff1d3f8d?s=96&r=g\",\"contentUrl\":\"https:\/\/secure.gravatar.com\/avatar\/0645bd32f23d87b2130f2b2dff1d3f8d?s=96&r=g\",\"caption\":\"Poliana Santos\"},\"description\":\"Rep\u00f3rter no Suno Not\u00edcias, com cobertura em mercado financeiro, economia, finan\u00e7as pessoais, renda fixa e varejo. Jornalista formada pela Faculdade C\u00e1sper L\u00edbero e possui passagem na R\u00e1dio Gazeta AM com a produ\u00e7\u00e3o de conte\u00fado sobre economia, pol\u00edtica, sa\u00fade, moda e m\u00fasica. Possui certificado de conclus\u00e3o do curso de An\u00e1lise de Balan\u00e7os pela Funda\u00e7\u00e3o Bradesco, Agenda Brasil pela FAAP, Educa\u00e7\u00e3o Pol\u00edtica por Alexandre Garcia e do Tesouro Direto e Mercado de A\u00e7\u00f5es pela B3.\",\"url\":\"https:\/\/www.suno.com.br\/noticias\/author\/poliana-santos\/\"}]}<\/script>\n<!-- \/ Yoast SEO plugin. -->","yoast_head_json":{"title":"D\u00f3lar sobe, mas desacelera ap\u00f3s ata apontar 'ajustes adicionais' da Selic","description":"\u00c0s 11h20, o d\u00f3lar hoje subia 0,24%, a R$ 5,27. O d\u00f3lar futuro para mar\u00e7o tinha vi\u00e9s de alta de 0,05%, a R$ 5,29. Clique aqui e saiba mais","robots":{"index":"index","follow":"follow","max-snippet":"max-snippet:-1","max-image-preview":"max-image-preview:large","max-video-preview":"max-video-preview:-1"},"canonical":"https:\/\/www.suno.com.br\/noticias\/dolar-sobe-hoje-08022022\/","og_locale":"pt_BR","og_type":"article","og_title":"D\u00f3lar sobe, mas desacelera ap\u00f3s ata apontar 'ajustes adicionais' da Selic","og_description":"\u00c0s 11h20, o d\u00f3lar hoje subia 0,24%, a R$ 5,27. O d\u00f3lar futuro para mar\u00e7o tinha vi\u00e9s de alta de 0,05%, a R$ 5,29. Clique aqui e saiba mais","og_url":"https:\/\/www.suno.com.br\/noticias\/dolar-sobe-hoje-08022022\/","og_site_name":"Suno Not\u00edcias","article_publisher":"https:\/\/facebook.com\/sunoresearch","og_image":[{"width":1280,"height":701,"url":"https:\/\/files.sunoresearch.com.br\/n\/uploads\/2021\/04\/e5e794c1-dollar-4418320_1280.jpg","type":"image\/jpeg"}],"author":"Poliana Santos","twitter_card":"summary_large_image","twitter_creator":"@sunoresearch","twitter_site":"@sunoresearch","twitter_misc":{"Escrito por":"Poliana Santos","Est. tempo de leitura":"3 minutos"},"schema":{"@context":"https:\/\/schema.org","@graph":[{"@type":"NewsArticle","@id":"https:\/\/www.suno.com.br\/noticias\/dolar-sobe-hoje-08022022\/#article","isPartOf":{"@id":"https:\/\/www.suno.com.br\/noticias\/dolar-sobe-hoje-08022022\/"},"author":{"name":"Poliana Santos","@id":"https:\/\/www.suno.com.br\/noticias\/#\/schema\/person\/02ec1f752758247878a2bf4abee1aeda"},"headline":"D\u00f3lar sobe, mas desacelera ap\u00f3s ata apontar &#8216;ajustes adicionais&#8217; da Selic","datePublished":"2022-02-08T14:20:15+00:00","mainEntityOfPage":{"@id":"https:\/\/www.suno.com.br\/noticias\/dolar-sobe-hoje-08022022\/"},"wordCount":603,"publisher":{"@id":"https:\/\/www.suno.com.br\/noticias\/#organization"},"image":{"@id":"https:\/\/www.suno.com.br\/noticias\/dolar-sobe-hoje-08022022\/#primaryimage"},"thumbnailUrl":"https:\/\/files.sunoresearch.com.br\/n\/uploads\/2021\/04\/e5e794c1-dollar-4418320_1280-jpg.webp","keywords":["d\u00f3lar","d\u00f3lar futuro","Especialistas"],"articleSection":["Mercado"],"inLanguage":"pt-BR"},{"@type":"WebPage","@id":"https:\/\/www.suno.com.br\/noticias\/dolar-sobe-hoje-08022022\/","url":"https:\/\/www.suno.com.br\/noticias\/dolar-sobe-hoje-08022022\/","name":"D\u00f3lar sobe, mas desacelera ap\u00f3s ata apontar 'ajustes adicionais' da Selic","isPartOf":{"@id":"https:\/\/www.suno.com.br\/noticias\/#website"},"primaryImageOfPage":{"@id":"https:\/\/www.suno.com.br\/noticias\/dolar-sobe-hoje-08022022\/#primaryimage"},"image":{"@id":"https:\/\/www.suno.com.br\/noticias\/dolar-sobe-hoje-08022022\/#primaryimage"},"thumbnailUrl":"https:\/\/files.sunoresearch.com.br\/n\/uploads\/2021\/04\/e5e794c1-dollar-4418320_1280-jpg.webp","datePublished":"2022-02-08T14:20:15+00:00","description":"\u00c0s 11h20, o d\u00f3lar hoje subia 0,24%, a R$ 5,27. O d\u00f3lar futuro para mar\u00e7o tinha vi\u00e9s de alta de 0,05%, a R$ 5,29. Clique aqui e saiba mais","breadcrumb":{"@id":"https:\/\/www.suno.com.br\/noticias\/dolar-sobe-hoje-08022022\/#breadcrumb"},"inLanguage":"pt-BR","potentialAction":[{"@type":"ReadAction","target":["https:\/\/www.suno.com.br\/noticias\/dolar-sobe-hoje-08022022\/"]}]},{"@type":"ImageObject","inLanguage":"pt-BR","@id":"https:\/\/www.suno.com.br\/noticias\/dolar-sobe-hoje-08022022\/#primaryimage","url":"https:\/\/files.sunoresearch.com.br\/n\/uploads\/2021\/04\/e5e794c1-dollar-4418320_1280-jpg.webp","contentUrl":"https:\/\/files.sunoresearch.com.br\/n\/uploads\/2021\/04\/e5e794c1-dollar-4418320_1280-jpg.webp","width":1280,"height":701,"caption":"D\u00f3lar - Foto: Pixabay"},{"@type":"BreadcrumbList","@id":"https:\/\/www.suno.com.br\/noticias\/dolar-sobe-hoje-08022022\/#breadcrumb","itemListElement":[{"@type":"ListItem","position":1,"name":"Not\u00edcias","item":"https:\/\/www.suno.com.br\/noticias\/"},{"@type":"ListItem","position":2,"name":"Mercado","item":"https:\/\/www.suno.com.br\/noticias\/mercado\/"},{"@type":"ListItem","position":3,"name":"D\u00f3lar sobe, mas desacelera ap\u00f3s ata apontar &#8216;ajustes adicionais&#8217; da Selic"}]},{"@type":"WebSite","@id":"https:\/\/www.suno.com.br\/noticias\/#website","url":"https:\/\/www.suno.com.br\/noticias\/","name":"Suno Not\u00edcias","description":"Seu portal de informa\u00e7\u00e3o sobre o mundo dos investimentos","publisher":{"@id":"https:\/\/www.suno.com.br\/noticias\/#organization"},"potentialAction":[{"@type":"SearchAction","target":{"@type":"EntryPoint","urlTemplate":"https:\/\/www.suno.com.br\/noticias\/?s={search_term_string}"},"query-input":{"@type":"PropertyValueSpecification","valueRequired":true,"valueName":"search_term_string"}}],"inLanguage":"pt-BR"},{"@type":"Organization","@id":"https:\/\/www.suno.com.br\/noticias\/#organization","name":"Suno Not\u00edcias","url":"https:\/\/www.suno.com.br\/noticias\/","logo":{"@type":"ImageObject","inLanguage":"pt-BR","@id":"https:\/\/www.suno.com.br\/noticias\/#\/schema\/logo\/image\/","url":"https:\/\/files.sunoresearch.com.br\/n\/uploads\/2021\/09\/suno-logo.png","contentUrl":"https:\/\/files.sunoresearch.com.br\/n\/uploads\/2021\/09\/suno-logo.png","width":180,"height":180,"caption":"Suno Not\u00edcias"},"image":{"@id":"https:\/\/www.suno.com.br\/noticias\/#\/schema\/logo\/image\/"},"sameAs":["https:\/\/facebook.com\/sunoresearch","https:\/\/x.com\/sunoresearch","https:\/\/www.instagram.com\/suno","https:\/\/www.linkedin.com\/company\/suno-research\/","https:\/\/www.youtube.com\/c\/sunoresearch"]},{"@type":"Person","@id":"https:\/\/www.suno.com.br\/noticias\/#\/schema\/person\/02ec1f752758247878a2bf4abee1aeda","name":"Poliana Santos","image":{"@type":"ImageObject","inLanguage":"pt-BR","@id":"https:\/\/www.suno.com.br\/noticias\/#\/schema\/person\/image\/","url":"https:\/\/secure.gravatar.com\/avatar\/0645bd32f23d87b2130f2b2dff1d3f8d?s=96&r=g","contentUrl":"https:\/\/secure.gravatar.com\/avatar\/0645bd32f23d87b2130f2b2dff1d3f8d?s=96&r=g","caption":"Poliana Santos"},"description":"Rep\u00f3rter no Suno Not\u00edcias, com cobertura em mercado financeiro, economia, finan\u00e7as pessoais, renda fixa e varejo. Jornalista formada pela Faculdade C\u00e1sper L\u00edbero e possui passagem na R\u00e1dio Gazeta AM com a produ\u00e7\u00e3o de conte\u00fado sobre economia, pol\u00edtica, sa\u00fade, moda e m\u00fasica. Possui certificado de conclus\u00e3o do curso de An\u00e1lise de Balan\u00e7os pela Funda\u00e7\u00e3o Bradesco, Agenda Brasil pela FAAP, Educa\u00e7\u00e3o Pol\u00edtica por Alexandre Garcia e do Tesouro Direto e Mercado de A\u00e7\u00f5es pela B3.","url":"https:\/\/www.suno.com.br\/noticias\/author\/poliana-santos\/"}]}},"default_loop_html":"<div class=\"cardsPage__listCard__boxs\"><div class=\"cardsPage__listCard__boxs__img\"><a href=\"https:\/\/www.suno.com.br\/noticias\/dolar-sobe-hoje-08022022\/\"><img class=\"mask\" src=\"https:\/\/www.suno.com.br\/noticias\/wp-content\/themes\/suno\/resources\/images\/spotlight\/spotlight1img\/bg-mask.png\" alt=\"Image Mask\"\/><img src=\"https:\/\/files.sunoresearch.com.br\/n\/uploads\/2021\/04\/e5e794c1-dollar-4418320_1280-400x200.webp\" alt=\"D\u00f3lar sobe, mas desacelera ap\u00f3s ata apontar &#8216;ajustes adicionais&#8217; da Selic\"\/><\/a><span class=\"spotlightCategory\"><a href=\"https:\/\/www.suno.com.br\/noticias\/mercado\/\">Mercado<\/a><\/span><\/div><div class=\"cardsPage__listCard__boxs__content\"><a href=\"https:\/\/www.suno.com.br\/noticias\/dolar-sobe-hoje-08022022\/\"><h2 class=\"content__title\">D\u00f3lar sobe, mas desacelera ap\u00f3s ata apontar &#8216;ajustes adicionais&#8217; da Selic<\/h2><\/a><div class=\"newsContent__article__meta\"><div class=\"newsContent__article__meta__authorBox\"><a href=\"https:\/\/www.suno.com.br\/noticias\/author\/poliana-santos\/\" class=\"authorBox__avatar noMobi\"><img src=\"https:\/\/files.sunoresearch.com.br\/n\/uploads\/2020\/08\/7ef34026-whatsapp-image-2020-08-03-at-12.37.57-150x150.webp\" alt=\"Poliana Santos\"><\/a><div class=\"authorBox__name\"><span>por\n\t\t\t<a href=\"https:\/\/www.suno.com.br\/noticias\/author\/poliana-santos\/\"><span itemprop=\"author\">Poliana Santos<\/span><\/a><\/span><time datetime=\"2022-02-08T11:20:15-03:00\" itemprop=\"datePublished\">08\/02\/2022 11:20<\/time><\/div><\/div><\/div><\/div><\/div>","single_layout":"posts","amp_enabled":true,"_links":{"self":[{"href":"https:\/\/www.suno.com.br\/noticias\/wp-json\/wp\/v2\/posts\/229416"}],"collection":[{"href":"https:\/\/www.suno.com.br\/noticias\/wp-json\/wp\/v2\/posts"}],"about":[{"href":"https:\/\/www.suno.com.br\/noticias\/wp-json\/wp\/v2\/types\/post"}],"author":[{"embeddable":true,"href":"https:\/\/www.suno.com.br\/noticias\/wp-json\/wp\/v2\/users\/15"}],"replies":[{"embeddable":true,"href":"https:\/\/www.suno.com.br\/noticias\/wp-json\/wp\/v2\/comments?post=229416"}],"version-history":[{"count":3,"href":"https:\/\/www.suno.com.br\/noticias\/wp-json\/wp\/v2\/posts\/229416\/revisions"}],"predecessor-version":[{"id":229439,"href":"https:\/\/www.suno.com.br\/noticias\/wp-json\/wp\/v2\/posts\/229416\/revisions\/229439"}],"wp:featuredmedia":[{"embeddable":true,"href":"https:\/\/www.suno.com.br\/noticias\/wp-json\/wp\/v2\/media\/137005"}],"wp:attachment":[{"href":"https:\/\/www.suno.com.br\/noticias\/wp-json\/wp\/v2\/media?parent=229416"}],"wp:term":[{"taxonomy":"category","embeddable":true,"href":"https:\/\/www.suno.com.br\/noticias\/wp-json\/wp\/v2\/categories?post=229416"},{"taxonomy":"post_tag","embeddable":true,"href":"https:\/\/www.suno.com.br\/noticias\/wp-json\/wp\/v2\/tags?post=229416"},{"taxonomy":"suno_strategy","embeddable":true,"href":"https:\/\/www.suno.com.br\/noticias\/wp-json\/wp\/v2\/suno_strategy?post=229416"}],"curies":[{"name":"wp","href":"https:\/\/api.w.org\/{rel}","templated":true}]}}