{"id":229364,"date":"2022-02-08T09:03:34","date_gmt":"2022-02-08T12:03:34","guid":{"rendered":"https:\/\/www.suno.com.br\/noticias\/?p=229364"},"modified":"2022-02-10T12:50:57","modified_gmt":"2022-02-10T15:50:57","slug":"ata-do-copom-alta-selic-virao-tamanho","status":"publish","type":"post","link":"https:\/\/www.suno.com.br\/noticias\/ata-do-copom-alta-selic-virao-tamanho\/","title":{"rendered":"Copom: Selic deve subir mirando infla\u00e7\u00e3o na meta s\u00f3 em 2023; Veja repercuss\u00e3o"},"content":{"rendered":"<p>O <a class=\"suno-keyword\" href=\"https:\/\/www.suno.com.br\/artigos\/copom\/\" target=\"_blank\" rel=\"noopener\" data-force=\"no\" data-priority=\"2\">Comit\u00ea de Pol\u00edtica Monet\u00e1ria (Copom)<\/a> informou nesta ter\u00e7a-feira (8) que prev\u00ea novos ajustes para a taxa Selic nas pr\u00f3ximas reuni\u00f5es, por\u00e9m em ritmo menor do que os \u00faltimos apertos de 1,5 ponto percentual. Segundo a ata do <strong>Copom<\/strong>, por conta da incerteza sobre o pre\u00e7o de ativos importantes e commodities, o Comit\u00ea considera &#8220;mais adequado, neste momento, n\u00e3o sinalizar a magnitude dos seus pr\u00f3ximos ajustes.&#8221;<\/p>\t<div class=\"wrapper-featured-image\">\n\t\t<figure class=\"spotlightImg\">\n\n\t\t\t<picture>\n\t\t\t\t<source media=\"(max-width: 768px)\" srcset=\"https:\/\/files.sunoresearch.com.br\/n\/uploads\/2022\/02\/49963778971_0b2b6eb5ef_o-400x200.jpg\">\n\t\t\t\t<img loading=\"lazy\" decoding=\"async\" class=\"newsContent__article__imgCapa lazyloadDisabled \" src=\"https:\/\/files.sunoresearch.com.br\/n\/uploads\/2022\/02\/49963778971_0b2b6eb5ef_o-800x450.jpg\" width=\"800\" height=\"450\" alt=\"Copom: Selic deve subir mirando infla\u00e7\u00e3o na meta s\u00f3 em 2023; Veja repercuss\u00e3o\" fetchpriority=high \/>\n\t\t\t<\/picture>\n\n\t\t\t<figcaption class=\"wp-caption-text wp-caption-text--show\">IPCA permitiria acelera\u00e7\u00e3o de cortes da Selic, mas fiscal e externo impedem. Foto: Leonardo S\u00e1\/Ag\u00eancia Senado<\/figcaption>\n\t\t<\/figure>\n\t<\/div>\n\n\n\t<p>\n\t\t<a href=\"https:\/\/lp.suno.com.br\/planilha-controle-gastos\/\" target=\"_blank\" data-element=\"shortcode-suno-banner\" title=\"Banner SUNO, clique e saiba mais\">\n\t\t\t<picture>\n\t\t\t\t<source media=\"(max-width: 500px)\" srcset=\"https:\/\/files.sunoresearch.com.br\/n\/uploads\/2023\/03\/400x300-Planilha-controle-de-gastos.png\">\n\t\t\t\t<img class=\"newsContent__article__imgCapa newsContent__article__imgCapa--banner\"\n\t\t\t\t\tsrc=\"https:\/\/files.sunoresearch.com.br\/n\/uploads\/2023\/03\/1420x240-Planilha-controle-de-gastos.png\"\n\t\t\t\t\tdata-promo-id=\"101751\"\t\t\t\t\t\t\t\t\t\twidth='1420' height='240'\t\t\t\t\talt=\"https:\/\/files.sunoresearch.com.br\/n\/uploads\/2023\/03\/1420x240-Planilha-controle-de-gastos.png\"\n\t\t\t\t>\n\t\t\t<\/picture>\n\t\t<\/a>\n\t<\/p>\n\n\n<p>Na \u00faltima reuni\u00e3o, realizada entre os dias 1 e 2 de fevereiro, o comit\u00ea decidiu aumentar a <a class=\"suno-keyword\" href=\"https:\/\/www.suno.com.br\/artigos\/taxa-de-juros\/\" target=\"_blank\" rel=\"noopener\" data-force=\"no\" data-priority=\"1\">taxa b\u00e1sica de juros<\/a>, a <strong>Selic<\/strong>, em 1,5 ponto percentual, ao n\u00edvel atual de 10,75% a.a., considerando o objetivo de convergir a <strong>infla\u00e7\u00e3o<\/strong> \u00e0 meta durante o ano de 2022 e, &#8220;em maior grau&#8221;, 2023.<\/p>\n<p>&#8220;O Comit\u00ea enfatiza que ir\u00e1 perseverar em sua estrat\u00e9gia at\u00e9 que se consolide n\u00e3o apenas o <strong>processo de desinfla\u00e7\u00e3o<\/strong> como tamb\u00e9m a ancoragem das expectativas em torno de suas metas&#8221;, informa a ata do Copom.<\/p>\n<p>&#8220;Em rela\u00e7\u00e3o aos seus pr\u00f3ximos passos, o Comit\u00ea antev\u00ea como mais adequada, neste momento, a redu\u00e7\u00e3o do ritmo de ajuste da taxa b\u00e1sica de juros. Essa sinaliza\u00e7\u00e3o reflete o est\u00e1gio do ciclo de aperto, cujos efeitos cumulativos se manifestar\u00e3o ao longo do horizonte relevante&#8221;, comunicou sobre o aumento da Selic.<\/p>\n<p>Segundo o comit\u00ea, os passos futuros da <a class=\"suno-keyword\" href=\"https:\/\/www.suno.com.br\/artigos\/politica-monetaria\/\" target=\"_blank\" rel=\"noopener\" data-force=\"no\" data-priority=\"1\">pol\u00edtica monet\u00e1ria<\/a> poder\u00e3o ser ajustados a fim de garantir a converg\u00eancia da infla\u00e7\u00e3o para a meta. O Comit\u00ea reconhece que as proje\u00e7\u00f5es de infla\u00e7\u00e3o est\u00e3o acima do limite superior do intervalo de toler\u00e2ncia da meta para 2022, ainda que estejam ao redor da meta para 2023.<\/p>\n\t<p>\n\t\t<a href=\"https:\/\/lp.suno.com.br\/planilha-da-vida-financeira\/\" target=\"_blank\" data-element=\"shortcode-suno-banner\" title=\"Banner SUNO, clique e saiba mais\">\n\t\t\t<picture>\n\t\t\t\t<source media=\"(max-width: 500px)\" srcset=\"https:\/\/files.sunoresearch.com.br\/n\/uploads\/2023\/04\/400x300-Planilha-vida-financeira-true.png\">\n\t\t\t\t<img class=\"newsContent__article__imgCapa newsContent__article__imgCapa--banner\"\n\t\t\t\t\tsrc=\"https:\/\/files.sunoresearch.com.br\/n\/uploads\/2023\/04\/1420x240-Planilha-vida-financeira-true.png\"\n\t\t\t\t\tdata-promo-id=\"106682\"\t\t\t\t\t\t\t\t\t\twidth='1420' height='240'\t\t\t\t\talt=\"https:\/\/files.sunoresearch.com.br\/n\/uploads\/2023\/04\/1420x240-Planilha-vida-financeira-true.png\"\n\t\t\t\t>\n\t\t\t<\/picture>\n\t\t<\/a>\n\t<\/p>\n\n\n<h2>Balan\u00e7o de riscos segundo a ata do Copom<\/h2>\n<p>O Copom avalia que h\u00e1 riscos que podem puxar a infla\u00e7\u00e3o para ambos os lados, por\u00e9m destaca assimetria altista no <strong>balan\u00e7o de riscos<\/strong>, ou seja, perspectiva maior de ter alta da infla\u00e7\u00e3o e, consequentemente, avan\u00e7o do aperto monet\u00e1rio por meio da Selic.<\/p>\n<p>&#8220;Por um lado, uma poss\u00edvel revers\u00e3o, ainda que parcial, do aumento nos <strong>pre\u00e7os das commodities internacionais<\/strong> em moeda local produziria trajet\u00f3ria de infla\u00e7\u00e3o abaixo do cen\u00e1rio de refer\u00eancia&#8221;, informa a ata do Copom.<\/p>\n<p>&#8220;Por outro lado, <strong>pol\u00edticas fiscais<\/strong> que impliquem impulso adicional da <a class=\"suno-keyword\" href=\"https:\/\/www.suno.com.br\/artigos\/demanda-agregada\/\" target=\"_blank\" rel=\"noopener\" data-force=\"no\" data-priority=\"1\">demanda agregada<\/a> ou piorem a trajet\u00f3ria fiscal futura podem impactar negativamente pre\u00e7os de ativos importantes e elevar os pr\u00eamios de risco do pa\u00eds&#8221;, completa.<\/p>\n<p>Ainda assim, o Copom destaca que a incerteza em rela\u00e7\u00e3o ao arcabou\u00e7o fiscal do Brasil segue mantendo elevado o risco de desancoragem das expectativas de infla\u00e7\u00e3o &#8211; processo em que o aumento da taxa de juros deixa de segurar as expectativas de aumento dos pre\u00e7os.<\/p>\n<p>Por isso, destaca que a uma assimetria altista, o que implica maior probabilidade de trajet\u00f3rias para infla\u00e7\u00e3o acima do projetado de acordo com o cen\u00e1rio de refer\u00eancia.<\/p>\n\t<p>\n\t\t<a href=\"https:\/\/lp.suno.com.br\/ebook-como-analisar-uma-acao\/\" target=\"_blank\" data-element=\"shortcode-suno-banner\" title=\"Banner SUNO, clique e saiba mais\">\n\t\t\t<picture>\n\t\t\t\t<source media=\"(max-width: 500px)\" srcset=\"https:\/\/files.sunoresearch.com.br\/n\/uploads\/2023\/03\/Ebook-Acoes-Mobile-1.jpg\">\n\t\t\t\t<img class=\"newsContent__article__imgCapa newsContent__article__imgCapa--banner\"\n\t\t\t\t\tsrc=\"https:\/\/files.sunoresearch.com.br\/n\/uploads\/2023\/03\/Ebook-Acoes-Desktop-1.jpg\"\n\t\t\t\t\tdata-promo-id=\"171998\"\t\t\t\t\t\t\t\t\t\twidth='1420' height='286'\t\t\t\t\talt=\"https:\/\/files.sunoresearch.com.br\/n\/uploads\/2023\/03\/Ebook-Acoes-Desktop-1.jpg\"\n\t\t\t\t>\n\t\t\t<\/picture>\n\t\t<\/a>\n\t<\/p>\n\n\n<p>De acordo com a ata do Copom, &#8220;a\u00a0incerteza em rela\u00e7\u00e3o ao futuro do arcabou\u00e7o fiscal atual resulta em eleva\u00e7\u00e3o dos <strong>pr\u00eamios de risco<\/strong> e eleva o risco de desancoragem das expectativas de infla\u00e7\u00e3o. Isso implica atribuir maior probabilidade para cen\u00e1rios alternativos que considerem taxas neutras de juros mais elevadas&#8221;.<\/p>\n<p>O Copom tamb\u00e9m refor\u00e7a que, al\u00e9m da alta da Selic, o processo de reformas e ajustes necess\u00e1rios na economia brasileira &#8220;\u00e9 essencial para o crescimento sustent\u00e1vel da economia&#8221;.<\/p>\n<p>&#8220;Esmorecimento no esfor\u00e7o de reformas estruturais e altera\u00e7\u00f5es de car\u00e1ter permanente no processo de ajuste das contas p\u00fablicas podem elevar a taxa de juros estrutural da economia.&#8221;<\/p>\n<p>Sem citar medidas como a <strong>PEC dos Combust\u00edveis<\/strong>, a ata do Copom destaca que mesmo pol\u00edticas fiscais que tenham efeitos baixistas sobre a infla\u00e7\u00e3o no <a class=\"suno-keyword\" href=\"https:\/\/www.suno.com.br\/artigos\/curto-prazo\/\" target=\"_blank\" rel=\"noopener\" data-force=\"no\" data-priority=\"1\">curto prazo<\/a> podem causar deteriora\u00e7\u00e3o nos pr\u00eamios de risco, aumento das expectativas de infla\u00e7\u00e3o e, consequentemente, um efeito altista na infla\u00e7\u00e3o prospectiva.<\/p>\n\t<p>\n\t\t<a href=\"https:\/\/lp.suno.com.br\/planilha-de-controle-de-investimentos\/\" target=\"_blank\" data-element=\"shortcode-suno-banner\" title=\"Banner SUNO, clique e saiba mais\">\n\t\t\t<picture>\n\t\t\t\t<source media=\"(max-width: 500px)\" srcset=\"https:\/\/files.sunoresearch.com.br\/n\/uploads\/2023\/03\/400x300-Controle-de-Investimentos.png\">\n\t\t\t\t<img class=\"newsContent__article__imgCapa newsContent__article__imgCapa--banner\"\n\t\t\t\t\tsrc=\"https:\/\/files.sunoresearch.com.br\/n\/uploads\/2023\/03\/1420x240-Controle-de-Investimentos.png\"\n\t\t\t\t\tdata-promo-id=\"75934\"\t\t\t\t\t\t\t\t\t\twidth='1420' height='240'\t\t\t\t\talt=\"https:\/\/files.sunoresearch.com.br\/n\/uploads\/2023\/03\/1420x240-Controle-de-Investimentos.png\"\n\t\t\t\t>\n\t\t\t<\/picture>\n\t\t<\/a>\n\t<\/p>\n\n\n<h2>Atual conjuntura<\/h2>\n<p>Segundo pintou o Copom, a paisagem econ\u00f4mica para o Pa\u00eds segue incerta, em especial por conta do aperto monet\u00e1rio esperado nos <strong>Estados Unidos<\/strong>, que \u00e9 prejudicial para economias emergentes como o Brasil, e tamb\u00e9m pelo avan\u00e7o da <strong>covid-19<\/strong>, que traz incertezas sobre as cadeias globais de produ\u00e7\u00e3o e abastecimento.<\/p>\n<p>&#8220;Para 2022, se por um lado a eleva\u00e7\u00e3o dos pr\u00eamios de risco e o aperto mais intenso das condi\u00e7\u00f5es financeiras atuam desestimulando a <strong>atividade econ\u00f4mica<\/strong>, por outro, o Copom segue avaliando que o crescimento tende a ser beneficiado pelo desempenho da agropecu\u00e1ria e pelo processo remanescente de normaliza\u00e7\u00e3o da economia \u2013 particularmente no setor de servi\u00e7os e no <a class=\"suno-keyword\" href=\"https:\/\/www.suno.com.br\/artigos\/mercado-de-trabalho\/\" target=\"_blank\" rel=\"noopener\" data-force=\"no\" data-priority=\"2\">mercado de trabalho<\/a>&#8220;, destaca ata do Copom.<\/p>\n<p>Para o Comit\u00ea, a <strong>infla\u00e7\u00e3o ao consumidor<\/strong> segue elevada, com alta disseminada entre v\u00e1rios componentes, e mais persistente que o antecipado, principalmente em bens industriais e com avan\u00e7o no setor de servi\u00e7os.<\/p>\n<p>&#8220;As leituras recentes vieram acima do esperado e a surpresa ocorreu tanto nos componentes mais vol\u00e1teis como, principalmente, nos mais associados \u00e0 infla\u00e7\u00e3o subjacente.&#8221;<\/p>\n<p>&#8220;No cen\u00e1rio de refer\u00eancia, com trajet\u00f3ria para a taxa de juros extra\u00edda da pesquisa Focus e taxa de c\u00e2mbio partindo de USD\/BRL 5,453, e evoluindo segundo a <a class=\"suno-keyword\" href=\"https:\/\/www.suno.com.br\/artigos\/paridade-de-poder-de-compra-ppc\/\" target=\"_blank\" rel=\"noopener\" data-force=\"no\" data-priority=\"1\">paridade do poder de compra<\/a> (PPC), as proje\u00e7\u00f5es de infla\u00e7\u00e3o do Copom situam-se em torno de 5,4% para 2022 e 3,2% para 2023. Esse cen\u00e1rio sup\u00f5e trajet\u00f3ria de juros que se eleva para 12% a.a. no primeiro semestre de 2022, termina o ano em 11,75% a.a. e reduz-se para 8,00% a.a. em 2023&#8243;, conclui a ata do <strong>Copom<\/strong>.<\/p>\n<h2>Repercuss\u00e3o da ata do Copom<\/h2>\n<p>Segundo o banco Ita\u00fa, em relat\u00f3rio, &#8220;a\u00a0ata \u00faltima da reuni\u00e3o do Copom indica que as autoridades vislumbram um <strong>ritmo mais lento de eleva\u00e7\u00e3o da <\/strong><strong>taxa Selic<\/strong> \u00e0 frente, mas sem uma pausa iminente.&#8221;<\/p>\n<p>O banco projeta que o Copom deve elevar a taxa b\u00e1sica em 1,0 p.p. na pr\u00f3xima reuni\u00e3o, em mar\u00e7o, e, assim, a Selic deve encerrar 2022 em 12,50% a.a.<\/p>\n<p>De acordo com o <a class=\"suno-keyword\" href=\"https:\/\/www.suno.com.br\/acoes\/BPAC11\/\" target=\"_blank\" rel=\"noopener\" data-force=\"yes\" data-priority=\"2\">BTG Pactual (BPAC11)<\/a>, a ata do Copom nesta manh\u00e3 externou um &#8220;tom hawkish&#8221;, <strong>mais duro contra a infla\u00e7\u00e3o<\/strong>, diferente do comunicado divulgado ap\u00f3s a reuni\u00e3o de 2 de fevereiro, &#8220;quando a sensa\u00e7\u00e3o foi de maior neutralidade&#8221;.<\/p>\n<p>&#8220;O documento refor\u00e7ou nosso cen\u00e1rio, que contempla ajustes na taxa Selic nos encontros de mar\u00e7o (1,0 p.p.) e maio (0,50 p.p.), o que resultar\u00e1, na nossa vis\u00e3o, em uma taxa de final de ciclo 12,25%&#8221;, informou em relat\u00f3rio.<\/p>\n<p>O Bank of America tamb\u00e9m avalia que o tom da ata foi mais duro que o comunicado, e refor\u00e7ou a perspectiva de que haja <strong>mais de um aumento da Selic<\/strong> nas pr\u00f3ximas reuni\u00f5es. O banco elevou em 1,0 p.p. a sua expectativa para a Selic ao fim de 2022, para 12,25% a.a., com um aumento de 1,0 p.p. em mar\u00e7o e outro de 0,5 p.p. em maio.<\/p>\n<p>Para \u00c9tore Sanchez, economista-chefe da Ativa Investimentos, a ata do Copom acompanha o tom do comunicado, na semana passada, com algumas diferen\u00e7as mais duras que anteriormente precificado pelo mercado.<\/p>\n<p>&#8220;Especificamente, nos par\u00e1grafos 15 e 16, a autoridade sinalizou que, para buscar a <strong>converg\u00eancia das expectativas de infla\u00e7\u00e3o<\/strong> para meta, a autoridade deveria ter um <strong>ciclo mais austero<\/strong> do que o precificado pelo <a class=\"suno-keyword\" href=\"https:\/\/www.suno.com.br\/artigos\/boletim-focus\/\" target=\"_blank\" rel=\"noopener\" data-force=\"no\" data-priority=\"2\">Boletim Focus<\/a>&#8220;, avalia.<\/p>\n<p>&#8220;Trata-se de um reconhecimento que visa restabelecer a credibilidade no regime de metas. De todo modo, avalio que o mercado hoje passar\u00e1 a precificar algo mais salgado do que tinha ontem para a reuni\u00e3o de maio&#8221;, completou.<\/p>\n<p>Marco Caruso, economista-chefe do Banco Original, avalia que a comunica\u00e7\u00e3o de hoje &#8220;refor\u00e7a o cen\u00e1rio de Selic terminal em 12,25% a. a., a ser atingida em maio deste ano e, novamente, salienta a necessidade de mant\u00ea-la nesses n\u00edveis por um <strong>per\u00edodo prolongado<\/strong>&#8220;.<\/p>\n<p>&#8220;No documento passado, o ponto focal do mercado foi a prefer\u00eancia do <strong>Copom<\/strong> em deixar em aberto os seus pr\u00f3ximos passos, o que foi lido como dovish pelos ativos (vi\u00e9s por menos juros). Essa aparente predile\u00e7\u00e3o abriu a porta para todo tipo de cen\u00e1rio entre os analistas e parecia reduzir a chance de juros acima de 12,00%. J\u00e1 hoje, com o espa\u00e7o adicional para maiores detalhes que a ata traz, a leitura mudou&#8221;, emendou o especialista.<\/p>\n\t<p>\n\t\t<a href=\"\" target=\"_blank\" data-element=\"shortcode-suno-banner\" title=\"Banner SUNO, clique e saiba mais\">\n\t\t\t<picture>\n\t\t\t\t<source media=\"(max-width: 500px)\" srcset=\"\">\n\t\t\t\t<img class=\"newsContent__article__imgCapa newsContent__article__imgCapa--banner\"\n\t\t\t\t\tsrc=\"\"\n\t\t\t\t\tdata-promo-id=\"184190\"\t\t\t\t\t\t\t\t\t\t\t\t\t\t\talt=\"\"\n\t\t\t\t>\n\t\t\t<\/picture>\n\t\t<\/a>\n\t<\/p>\n\n\n","protected":false},"excerpt":{"rendered":"<p>O Comit\u00ea de Pol\u00edtica Monet\u00e1ria (Copom) informou nesta ter\u00e7a-feira (8) que prev\u00ea novos ajustes para a taxa Selic nas pr\u00f3ximas reuni\u00f5es, por\u00e9m em ritmo menor do que os \u00faltimos apertos de 1,5 ponto percentual. Segundo a ata do Copom, por conta da incerteza sobre o pre\u00e7o de ativos importantes e commodities, o Comit\u00ea considera &#8220;mais [&hellip;]<\/p>\n","protected":false},"author":145,"featured_media":229455,"comment_status":"closed","ping_status":"closed","sticky":false,"template":"","format":"standard","meta":[],"categories":[62],"tags":[1842,1104,850,290],"suno_strategy":[],"class_list":["post-229364","post","type-post","status-publish","format-standard","has-post-thumbnail","hentry","category-economia","tag-banco-central-bc","tag-copom","tag-inflacao","tag-taxa-selic"],"yoast_head":"<!-- This site is optimized with the Yoast SEO plugin v24.4 - https:\/\/yoast.com\/wordpress\/plugins\/seo\/ -->\n<title>Copom: Selic deve subir, mas ata n\u00e3o indica quanto<\/title>\n<meta name=\"description\" content=\"O Comit\u00ea de Pol\u00edtica Monet\u00e1ria (Copom) divulgou nesta ter\u00e7a (8) ata da reuni\u00e3o que elevou a Selic a 10,75% a.a. Confira os detalhes.\" \/>\n<meta name=\"robots\" content=\"index, follow, max-snippet:-1, max-image-preview:large, max-video-preview:-1\" \/>\n<link rel=\"canonical\" href=\"https:\/\/www.suno.com.br\/noticias\/ata-do-copom-alta-selic-virao-tamanho\/\" \/>\n<meta property=\"og:locale\" content=\"pt_BR\" \/>\n<meta property=\"og:type\" content=\"article\" \/>\n<meta property=\"og:title\" content=\"Copom: Selic deve subir, mas ata n\u00e3o indica quanto\" \/>\n<meta property=\"og:description\" content=\"O Comit\u00ea de Pol\u00edtica Monet\u00e1ria (Copom) divulgou nesta ter\u00e7a (8) ata da reuni\u00e3o que elevou a Selic a 10,75% a.a. Confira os detalhes.\" \/>\n<meta property=\"og:url\" content=\"https:\/\/www.suno.com.br\/noticias\/ata-do-copom-alta-selic-virao-tamanho\/\" \/>\n<meta property=\"og:site_name\" content=\"Suno Not\u00edcias\" \/>\n<meta property=\"article:publisher\" content=\"https:\/\/facebook.com\/sunoresearch\" \/>\n<meta property=\"og:image\" content=\"https:\/\/files.sunoresearch.com.br\/n\/uploads\/2022\/02\/49963778971_0b2b6eb5ef_o-scaled.jpg\" \/>\n\t<meta property=\"og:image:width\" content=\"2560\" \/>\n\t<meta property=\"og:image:height\" content=\"1705\" \/>\n\t<meta property=\"og:image:type\" content=\"image\/jpeg\" \/>\n<meta name=\"author\" content=\"Pedro Caramuru\" \/>\n<meta name=\"twitter:card\" content=\"summary_large_image\" \/>\n<meta name=\"twitter:creator\" content=\"@sunoresearch\" \/>\n<meta name=\"twitter:site\" content=\"@sunoresearch\" \/>\n<meta name=\"twitter:label1\" content=\"Escrito por\" \/>\n\t<meta name=\"twitter:data1\" content=\"Pedro Caramuru\" \/>\n\t<meta name=\"twitter:label2\" content=\"Est. tempo de leitura\" \/>\n\t<meta name=\"twitter:data2\" content=\"6 minutos\" \/>\n<script type=\"application\/ld+json\" class=\"yoast-schema-graph\">{\"@context\":\"https:\/\/schema.org\",\"@graph\":[{\"@type\":\"NewsArticle\",\"@id\":\"https:\/\/www.suno.com.br\/noticias\/ata-do-copom-alta-selic-virao-tamanho\/#article\",\"isPartOf\":{\"@id\":\"https:\/\/www.suno.com.br\/noticias\/ata-do-copom-alta-selic-virao-tamanho\/\"},\"author\":{\"name\":\"Pedro Caramuru\",\"@id\":\"https:\/\/www.suno.com.br\/noticias\/#\/schema\/person\/8d020643938f12a823508eb0e5fda407\"},\"headline\":\"Copom: Selic deve subir mirando infla\u00e7\u00e3o na meta s\u00f3 em 2023; Veja repercuss\u00e3o\",\"datePublished\":\"2022-02-08T12:03:34+00:00\",\"dateModified\":\"2022-02-10T15:50:57+00:00\",\"mainEntityOfPage\":{\"@id\":\"https:\/\/www.suno.com.br\/noticias\/ata-do-copom-alta-selic-virao-tamanho\/\"},\"wordCount\":1436,\"publisher\":{\"@id\":\"https:\/\/www.suno.com.br\/noticias\/#organization\"},\"image\":{\"@id\":\"https:\/\/www.suno.com.br\/noticias\/ata-do-copom-alta-selic-virao-tamanho\/#primaryimage\"},\"thumbnailUrl\":\"https:\/\/files.sunoresearch.com.br\/n\/uploads\/2022\/02\/49963778971_0b2b6eb5ef_o-scaled.jpg\",\"keywords\":[\"Banco Central (BC)\",\"Copom\",\"infla\u00e7\u00e3o\",\"Taxa Selic\"],\"articleSection\":[\"Economia\"],\"inLanguage\":\"pt-BR\"},{\"@type\":\"WebPage\",\"@id\":\"https:\/\/www.suno.com.br\/noticias\/ata-do-copom-alta-selic-virao-tamanho\/\",\"url\":\"https:\/\/www.suno.com.br\/noticias\/ata-do-copom-alta-selic-virao-tamanho\/\",\"name\":\"Copom: Selic deve subir, mas ata n\u00e3o indica quanto\",\"isPartOf\":{\"@id\":\"https:\/\/www.suno.com.br\/noticias\/#website\"},\"primaryImageOfPage\":{\"@id\":\"https:\/\/www.suno.com.br\/noticias\/ata-do-copom-alta-selic-virao-tamanho\/#primaryimage\"},\"image\":{\"@id\":\"https:\/\/www.suno.com.br\/noticias\/ata-do-copom-alta-selic-virao-tamanho\/#primaryimage\"},\"thumbnailUrl\":\"https:\/\/files.sunoresearch.com.br\/n\/uploads\/2022\/02\/49963778971_0b2b6eb5ef_o-scaled.jpg\",\"datePublished\":\"2022-02-08T12:03:34+00:00\",\"dateModified\":\"2022-02-10T15:50:57+00:00\",\"description\":\"O Comit\u00ea de Pol\u00edtica Monet\u00e1ria (Copom) divulgou nesta ter\u00e7a (8) ata da reuni\u00e3o que elevou a Selic a 10,75% a.a. Confira os detalhes.\",\"breadcrumb\":{\"@id\":\"https:\/\/www.suno.com.br\/noticias\/ata-do-copom-alta-selic-virao-tamanho\/#breadcrumb\"},\"inLanguage\":\"pt-BR\",\"potentialAction\":[{\"@type\":\"ReadAction\",\"target\":[\"https:\/\/www.suno.com.br\/noticias\/ata-do-copom-alta-selic-virao-tamanho\/\"]}]},{\"@type\":\"ImageObject\",\"inLanguage\":\"pt-BR\",\"@id\":\"https:\/\/www.suno.com.br\/noticias\/ata-do-copom-alta-selic-virao-tamanho\/#primaryimage\",\"url\":\"https:\/\/files.sunoresearch.com.br\/n\/uploads\/2022\/02\/49963778971_0b2b6eb5ef_o-scaled.jpg\",\"contentUrl\":\"https:\/\/files.sunoresearch.com.br\/n\/uploads\/2022\/02\/49963778971_0b2b6eb5ef_o-scaled.jpg\",\"width\":2560,\"height\":1705,\"caption\":\"IPCA permitiria acelera\u00e7\u00e3o de cortes da Selic, mas fiscal e externo impedem. Foto: Leonardo S\u00e1\/Ag\u00eancia Senado\"},{\"@type\":\"BreadcrumbList\",\"@id\":\"https:\/\/www.suno.com.br\/noticias\/ata-do-copom-alta-selic-virao-tamanho\/#breadcrumb\",\"itemListElement\":[{\"@type\":\"ListItem\",\"position\":1,\"name\":\"Not\u00edcias\",\"item\":\"https:\/\/www.suno.com.br\/noticias\/\"},{\"@type\":\"ListItem\",\"position\":2,\"name\":\"Economia\",\"item\":\"https:\/\/www.suno.com.br\/noticias\/economia\/\"},{\"@type\":\"ListItem\",\"position\":3,\"name\":\"Copom: Selic deve subir mirando infla\u00e7\u00e3o na meta s\u00f3 em 2023; Veja repercuss\u00e3o\"}]},{\"@type\":\"WebSite\",\"@id\":\"https:\/\/www.suno.com.br\/noticias\/#website\",\"url\":\"https:\/\/www.suno.com.br\/noticias\/\",\"name\":\"Suno Not\u00edcias\",\"description\":\"Seu portal de informa\u00e7\u00e3o sobre o mundo dos investimentos\",\"publisher\":{\"@id\":\"https:\/\/www.suno.com.br\/noticias\/#organization\"},\"potentialAction\":[{\"@type\":\"SearchAction\",\"target\":{\"@type\":\"EntryPoint\",\"urlTemplate\":\"https:\/\/www.suno.com.br\/noticias\/?s={search_term_string}\"},\"query-input\":{\"@type\":\"PropertyValueSpecification\",\"valueRequired\":true,\"valueName\":\"search_term_string\"}}],\"inLanguage\":\"pt-BR\"},{\"@type\":\"Organization\",\"@id\":\"https:\/\/www.suno.com.br\/noticias\/#organization\",\"name\":\"Suno Not\u00edcias\",\"url\":\"https:\/\/www.suno.com.br\/noticias\/\",\"logo\":{\"@type\":\"ImageObject\",\"inLanguage\":\"pt-BR\",\"@id\":\"https:\/\/www.suno.com.br\/noticias\/#\/schema\/logo\/image\/\",\"url\":\"https:\/\/files.sunoresearch.com.br\/n\/uploads\/2021\/09\/suno-logo.png\",\"contentUrl\":\"https:\/\/files.sunoresearch.com.br\/n\/uploads\/2021\/09\/suno-logo.png\",\"width\":180,\"height\":180,\"caption\":\"Suno Not\u00edcias\"},\"image\":{\"@id\":\"https:\/\/www.suno.com.br\/noticias\/#\/schema\/logo\/image\/\"},\"sameAs\":[\"https:\/\/facebook.com\/sunoresearch\",\"https:\/\/x.com\/sunoresearch\",\"https:\/\/www.instagram.com\/suno\",\"https:\/\/www.linkedin.com\/company\/suno-research\/\",\"https:\/\/www.youtube.com\/c\/sunoresearch\"]},{\"@type\":\"Person\",\"@id\":\"https:\/\/www.suno.com.br\/noticias\/#\/schema\/person\/8d020643938f12a823508eb0e5fda407\",\"name\":\"Pedro Caramuru\",\"image\":{\"@type\":\"ImageObject\",\"inLanguage\":\"pt-BR\",\"@id\":\"https:\/\/www.suno.com.br\/noticias\/#\/schema\/person\/image\/\",\"url\":\"https:\/\/secure.gravatar.com\/avatar\/1a3f15d3553507ae7a2debc6ea0ad87b?s=96&r=g\",\"contentUrl\":\"https:\/\/secure.gravatar.com\/avatar\/1a3f15d3553507ae7a2debc6ea0ad87b?s=96&r=g\",\"caption\":\"Pedro Caramuru\"},\"description\":\"Rep\u00f3rter de economia, mercado e pol\u00edtica brasileira para o Suno Not\u00edcias. Formado em jornalismo. J\u00e1 escreveu sobre pol\u00edtica e mercados internacionais para o Broadcast e Estad\u00e3o.\",\"url\":\"https:\/\/www.suno.com.br\/noticias\/author\/pedro-caramurusuno-com-br\/\"}]}<\/script>\n<!-- \/ Yoast SEO plugin. -->","yoast_head_json":{"title":"Copom: Selic deve subir, mas ata n\u00e3o indica quanto","description":"O Comit\u00ea de Pol\u00edtica Monet\u00e1ria (Copom) divulgou nesta ter\u00e7a (8) ata da reuni\u00e3o que elevou a Selic a 10,75% a.a. Confira os detalhes.","robots":{"index":"index","follow":"follow","max-snippet":"max-snippet:-1","max-image-preview":"max-image-preview:large","max-video-preview":"max-video-preview:-1"},"canonical":"https:\/\/www.suno.com.br\/noticias\/ata-do-copom-alta-selic-virao-tamanho\/","og_locale":"pt_BR","og_type":"article","og_title":"Copom: Selic deve subir, mas ata n\u00e3o indica quanto","og_description":"O Comit\u00ea de Pol\u00edtica Monet\u00e1ria (Copom) divulgou nesta ter\u00e7a (8) ata da reuni\u00e3o que elevou a Selic a 10,75% a.a. Confira os detalhes.","og_url":"https:\/\/www.suno.com.br\/noticias\/ata-do-copom-alta-selic-virao-tamanho\/","og_site_name":"Suno Not\u00edcias","article_publisher":"https:\/\/facebook.com\/sunoresearch","og_image":[{"width":2560,"height":1705,"url":"https:\/\/files.sunoresearch.com.br\/n\/uploads\/2022\/02\/49963778971_0b2b6eb5ef_o-scaled.jpg","type":"image\/jpeg"}],"author":"Pedro Caramuru","twitter_card":"summary_large_image","twitter_creator":"@sunoresearch","twitter_site":"@sunoresearch","twitter_misc":{"Escrito por":"Pedro Caramuru","Est. tempo de leitura":"6 minutos"},"schema":{"@context":"https:\/\/schema.org","@graph":[{"@type":"NewsArticle","@id":"https:\/\/www.suno.com.br\/noticias\/ata-do-copom-alta-selic-virao-tamanho\/#article","isPartOf":{"@id":"https:\/\/www.suno.com.br\/noticias\/ata-do-copom-alta-selic-virao-tamanho\/"},"author":{"name":"Pedro Caramuru","@id":"https:\/\/www.suno.com.br\/noticias\/#\/schema\/person\/8d020643938f12a823508eb0e5fda407"},"headline":"Copom: Selic deve subir mirando infla\u00e7\u00e3o na meta s\u00f3 em 2023; Veja repercuss\u00e3o","datePublished":"2022-02-08T12:03:34+00:00","dateModified":"2022-02-10T15:50:57+00:00","mainEntityOfPage":{"@id":"https:\/\/www.suno.com.br\/noticias\/ata-do-copom-alta-selic-virao-tamanho\/"},"wordCount":1436,"publisher":{"@id":"https:\/\/www.suno.com.br\/noticias\/#organization"},"image":{"@id":"https:\/\/www.suno.com.br\/noticias\/ata-do-copom-alta-selic-virao-tamanho\/#primaryimage"},"thumbnailUrl":"https:\/\/files.sunoresearch.com.br\/n\/uploads\/2022\/02\/49963778971_0b2b6eb5ef_o-scaled.jpg","keywords":["Banco Central (BC)","Copom","infla\u00e7\u00e3o","Taxa Selic"],"articleSection":["Economia"],"inLanguage":"pt-BR"},{"@type":"WebPage","@id":"https:\/\/www.suno.com.br\/noticias\/ata-do-copom-alta-selic-virao-tamanho\/","url":"https:\/\/www.suno.com.br\/noticias\/ata-do-copom-alta-selic-virao-tamanho\/","name":"Copom: Selic deve subir, mas ata n\u00e3o indica quanto","isPartOf":{"@id":"https:\/\/www.suno.com.br\/noticias\/#website"},"primaryImageOfPage":{"@id":"https:\/\/www.suno.com.br\/noticias\/ata-do-copom-alta-selic-virao-tamanho\/#primaryimage"},"image":{"@id":"https:\/\/www.suno.com.br\/noticias\/ata-do-copom-alta-selic-virao-tamanho\/#primaryimage"},"thumbnailUrl":"https:\/\/files.sunoresearch.com.br\/n\/uploads\/2022\/02\/49963778971_0b2b6eb5ef_o-scaled.jpg","datePublished":"2022-02-08T12:03:34+00:00","dateModified":"2022-02-10T15:50:57+00:00","description":"O Comit\u00ea de Pol\u00edtica Monet\u00e1ria (Copom) divulgou nesta ter\u00e7a (8) ata da reuni\u00e3o que elevou a Selic a 10,75% a.a. Confira os detalhes.","breadcrumb":{"@id":"https:\/\/www.suno.com.br\/noticias\/ata-do-copom-alta-selic-virao-tamanho\/#breadcrumb"},"inLanguage":"pt-BR","potentialAction":[{"@type":"ReadAction","target":["https:\/\/www.suno.com.br\/noticias\/ata-do-copom-alta-selic-virao-tamanho\/"]}]},{"@type":"ImageObject","inLanguage":"pt-BR","@id":"https:\/\/www.suno.com.br\/noticias\/ata-do-copom-alta-selic-virao-tamanho\/#primaryimage","url":"https:\/\/files.sunoresearch.com.br\/n\/uploads\/2022\/02\/49963778971_0b2b6eb5ef_o-scaled.jpg","contentUrl":"https:\/\/files.sunoresearch.com.br\/n\/uploads\/2022\/02\/49963778971_0b2b6eb5ef_o-scaled.jpg","width":2560,"height":1705,"caption":"IPCA permitiria acelera\u00e7\u00e3o de cortes da Selic, mas fiscal e externo impedem. Foto: Leonardo S\u00e1\/Ag\u00eancia Senado"},{"@type":"BreadcrumbList","@id":"https:\/\/www.suno.com.br\/noticias\/ata-do-copom-alta-selic-virao-tamanho\/#breadcrumb","itemListElement":[{"@type":"ListItem","position":1,"name":"Not\u00edcias","item":"https:\/\/www.suno.com.br\/noticias\/"},{"@type":"ListItem","position":2,"name":"Economia","item":"https:\/\/www.suno.com.br\/noticias\/economia\/"},{"@type":"ListItem","position":3,"name":"Copom: Selic deve subir mirando infla\u00e7\u00e3o na meta s\u00f3 em 2023; Veja repercuss\u00e3o"}]},{"@type":"WebSite","@id":"https:\/\/www.suno.com.br\/noticias\/#website","url":"https:\/\/www.suno.com.br\/noticias\/","name":"Suno Not\u00edcias","description":"Seu portal de informa\u00e7\u00e3o sobre o mundo dos investimentos","publisher":{"@id":"https:\/\/www.suno.com.br\/noticias\/#organization"},"potentialAction":[{"@type":"SearchAction","target":{"@type":"EntryPoint","urlTemplate":"https:\/\/www.suno.com.br\/noticias\/?s={search_term_string}"},"query-input":{"@type":"PropertyValueSpecification","valueRequired":true,"valueName":"search_term_string"}}],"inLanguage":"pt-BR"},{"@type":"Organization","@id":"https:\/\/www.suno.com.br\/noticias\/#organization","name":"Suno Not\u00edcias","url":"https:\/\/www.suno.com.br\/noticias\/","logo":{"@type":"ImageObject","inLanguage":"pt-BR","@id":"https:\/\/www.suno.com.br\/noticias\/#\/schema\/logo\/image\/","url":"https:\/\/files.sunoresearch.com.br\/n\/uploads\/2021\/09\/suno-logo.png","contentUrl":"https:\/\/files.sunoresearch.com.br\/n\/uploads\/2021\/09\/suno-logo.png","width":180,"height":180,"caption":"Suno Not\u00edcias"},"image":{"@id":"https:\/\/www.suno.com.br\/noticias\/#\/schema\/logo\/image\/"},"sameAs":["https:\/\/facebook.com\/sunoresearch","https:\/\/x.com\/sunoresearch","https:\/\/www.instagram.com\/suno","https:\/\/www.linkedin.com\/company\/suno-research\/","https:\/\/www.youtube.com\/c\/sunoresearch"]},{"@type":"Person","@id":"https:\/\/www.suno.com.br\/noticias\/#\/schema\/person\/8d020643938f12a823508eb0e5fda407","name":"Pedro Caramuru","image":{"@type":"ImageObject","inLanguage":"pt-BR","@id":"https:\/\/www.suno.com.br\/noticias\/#\/schema\/person\/image\/","url":"https:\/\/secure.gravatar.com\/avatar\/1a3f15d3553507ae7a2debc6ea0ad87b?s=96&r=g","contentUrl":"https:\/\/secure.gravatar.com\/avatar\/1a3f15d3553507ae7a2debc6ea0ad87b?s=96&r=g","caption":"Pedro Caramuru"},"description":"Rep\u00f3rter de economia, mercado e pol\u00edtica brasileira para o Suno Not\u00edcias. Formado em jornalismo. J\u00e1 escreveu sobre pol\u00edtica e mercados internacionais para o Broadcast e Estad\u00e3o.","url":"https:\/\/www.suno.com.br\/noticias\/author\/pedro-caramurusuno-com-br\/"}]}},"default_loop_html":"<div class=\"cardsPage__listCard__boxs\"><div class=\"cardsPage__listCard__boxs__img\"><a href=\"https:\/\/www.suno.com.br\/noticias\/ata-do-copom-alta-selic-virao-tamanho\/\"><img class=\"mask\" src=\"https:\/\/www.suno.com.br\/noticias\/wp-content\/themes\/suno\/resources\/images\/spotlight\/spotlight1img\/bg-mask.png\" alt=\"Image Mask\"\/><img src=\"https:\/\/files.sunoresearch.com.br\/n\/uploads\/2022\/02\/49963778971_0b2b6eb5ef_o-400x200.jpg\" alt=\"Copom: Selic deve subir mirando infla\u00e7\u00e3o na meta s\u00f3 em 2023; Veja repercuss\u00e3o\"\/><\/a><span class=\"spotlightCategory\"><a href=\"https:\/\/www.suno.com.br\/noticias\/economia\/\">Economia<\/a><\/span><\/div><div class=\"cardsPage__listCard__boxs__content\"><a href=\"https:\/\/www.suno.com.br\/noticias\/ata-do-copom-alta-selic-virao-tamanho\/\"><h2 class=\"content__title\">Copom: Selic deve subir mirando infla\u00e7\u00e3o na meta s\u00f3 em 2023; Veja repercuss\u00e3o<\/h2><\/a><div class=\"newsContent__article__meta\"><div class=\"newsContent__article__meta__authorBox\"><a href=\"https:\/\/www.suno.com.br\/noticias\/author\/pedro-caramurusuno-com-br\/\" class=\"authorBox__avatar noMobi\"><img src=\"https:\/\/secure.gravatar.com\/avatar\/1a3f15d3553507ae7a2debc6ea0ad87b?s=96&#038;r=g\" alt=\"Pedro Caramuru\"><\/a><div class=\"authorBox__name\"><span>por\n\t\t\t<a href=\"https:\/\/www.suno.com.br\/noticias\/author\/pedro-caramurusuno-com-br\/\"><span itemprop=\"author\">Pedro Caramuru<\/span><\/a><\/span><time datetime=\"2022-02-08T09:03:34-03:00\" itemprop=\"datePublished\">08\/02\/2022 09:03<\/time><\/div><\/div><\/div><\/div><\/div>","single_layout":"posts","amp_enabled":true,"_links":{"self":[{"href":"https:\/\/www.suno.com.br\/noticias\/wp-json\/wp\/v2\/posts\/229364"}],"collection":[{"href":"https:\/\/www.suno.com.br\/noticias\/wp-json\/wp\/v2\/posts"}],"about":[{"href":"https:\/\/www.suno.com.br\/noticias\/wp-json\/wp\/v2\/types\/post"}],"author":[{"embeddable":true,"href":"https:\/\/www.suno.com.br\/noticias\/wp-json\/wp\/v2\/users\/145"}],"replies":[{"embeddable":true,"href":"https:\/\/www.suno.com.br\/noticias\/wp-json\/wp\/v2\/comments?post=229364"}],"version-history":[{"count":4,"href":"https:\/\/www.suno.com.br\/noticias\/wp-json\/wp\/v2\/posts\/229364\/revisions"}],"predecessor-version":[{"id":229502,"href":"https:\/\/www.suno.com.br\/noticias\/wp-json\/wp\/v2\/posts\/229364\/revisions\/229502"}],"wp:featuredmedia":[{"embeddable":true,"href":"https:\/\/www.suno.com.br\/noticias\/wp-json\/wp\/v2\/media\/229455"}],"wp:attachment":[{"href":"https:\/\/www.suno.com.br\/noticias\/wp-json\/wp\/v2\/media?parent=229364"}],"wp:term":[{"taxonomy":"category","embeddable":true,"href":"https:\/\/www.suno.com.br\/noticias\/wp-json\/wp\/v2\/categories?post=229364"},{"taxonomy":"post_tag","embeddable":true,"href":"https:\/\/www.suno.com.br\/noticias\/wp-json\/wp\/v2\/tags?post=229364"},{"taxonomy":"suno_strategy","embeddable":true,"href":"https:\/\/www.suno.com.br\/noticias\/wp-json\/wp\/v2\/suno_strategy?post=229364"}],"curies":[{"name":"wp","href":"https:\/\/api.w.org\/{rel}","templated":true}]}}