{"id":229114,"date":"2022-02-07T15:29:03","date_gmt":"2022-02-07T18:29:03","guid":{"rendered":"https:\/\/www.suno.com.br\/noticias\/?p=229114"},"modified":"2022-02-07T15:29:03","modified_gmt":"2022-02-07T18:29:03","slug":"arezzo-arzz3-avancara-aquisicoes-oferta-830-milhoes","status":"publish","type":"post","link":"https:\/\/www.suno.com.br\/noticias\/arezzo-arzz3-avancara-aquisicoes-oferta-830-milhoes\/","title":{"rendered":"Arezzo (ARZZ3) avan\u00e7ar\u00e1 em aquisi\u00e7\u00f5es ap\u00f3s oferta de R$ 830 milh\u00f5es, diz jornal"},"content":{"rendered":"<p>A <a class=\"suno-keyword\" href=\"https:\/\/www.suno.com.br\/acoes\/ARZZ3\/\" target=\"_blank\" rel=\"noopener\" data-force=\"yes\" data-priority=\"2\"><strong>Arezzo<\/strong> (ARZZ3)<\/a> deve negociar um total de cinco novos ativos ap\u00f3s uma capta\u00e7\u00e3o bem sucedida com o seu follow-on, segundo informa\u00e7\u00f5es apuradas pelo jornal Valor Econ\u00f4mico.<\/p>\t<div class=\"wrapper-featured-image\">\n\t\t<figure class=\"spotlightImg\">\n\n\t\t\t<picture>\n\t\t\t\t<source media=\"(max-width: 768px)\" srcset=\"https:\/\/files.sunoresearch.com.br\/n\/uploads\/2021\/02\/86c62dba-arezzo-400x200.webp\">\n\t\t\t\t<img loading=\"lazy\" decoding=\"async\" class=\"newsContent__article__imgCapa lazyloadDisabled \" src=\"https:\/\/files.sunoresearch.com.br\/n\/uploads\/2021\/02\/86c62dba-arezzo-800x450.webp\" width=\"800\" height=\"450\" alt=\"Arezzo (ARZZ3) avan\u00e7ar\u00e1 em aquisi\u00e7\u00f5es ap\u00f3s oferta de R$ 830 milh\u00f5es, diz jornal\" fetchpriority=high \/>\n\t\t\t<\/picture>\n\n\t\t\t<figcaption class=\"wp-caption-text wp-caption-text--show\">Arezzo (ARZZ3). Foto: Divulga\u00e7\u00e3o. <\/figcaption>\n\t\t<\/figure>\n\t<\/div>\n\n\n\t<p>\n\t\t<a href=\"https:\/\/lp.suno.com.br\/planilha-controle-gastos\/\" target=\"_blank\" data-element=\"shortcode-suno-banner\" title=\"Banner SUNO, clique e saiba mais\">\n\t\t\t<picture>\n\t\t\t\t<source media=\"(max-width: 500px)\" srcset=\"https:\/\/files.sunoresearch.com.br\/n\/uploads\/2023\/03\/400x300-Planilha-controle-de-gastos.png\">\n\t\t\t\t<img class=\"newsContent__article__imgCapa newsContent__article__imgCapa--banner\"\n\t\t\t\t\tsrc=\"https:\/\/files.sunoresearch.com.br\/n\/uploads\/2023\/03\/1420x240-Planilha-controle-de-gastos.png\"\n\t\t\t\t\tdata-promo-id=\"101751\"\t\t\t\t\t\t\t\t\t\twidth='1420' height='240'\t\t\t\t\talt=\"https:\/\/files.sunoresearch.com.br\/n\/uploads\/2023\/03\/1420x240-Planilha-controle-de-gastos.png\"\n\t\t\t\t>\n\t\t\t<\/picture>\n\t\t<\/a>\n\t<\/p>\n\n\n<p>O <strong><a href=\"https:\/\/www.suno.com.br\/artigos\/follow-on\">Follow-on<\/a> da Arezzo<\/strong> rendeu R$ 830 milh\u00f5es ao caixa da companhia, que tem foco vestu\u00e1rio feminino premium.<\/p>\n<p>&#8220;Temos interesse em neg\u00f3cios de marcas autorais para criar uma house of brands [grupo de marcas] e n\u00e3o ter uma rede \u00fanica\u201d, disse Alexandre Birman, CEO da Arezzo&amp;Co.<\/p>\n<p>Dentre as marcas que ficam debaixo do guarda-chuva est\u00e3o Arezzo, Schutz, Alexandre Birman, Reserva, Carol Bassi (vestu\u00e1rio feminino), Vans e Baw Clothing (moda streetwear).<\/p>\n\t<p>\n\t\t<a href=\"https:\/\/lp.suno.com.br\/planilha-da-vida-financeira\/\" target=\"_blank\" data-element=\"shortcode-suno-banner\" title=\"Banner SUNO, clique e saiba mais\">\n\t\t\t<picture>\n\t\t\t\t<source media=\"(max-width: 500px)\" srcset=\"https:\/\/files.sunoresearch.com.br\/n\/uploads\/2023\/04\/400x300-Planilha-vida-financeira-true.png\">\n\t\t\t\t<img class=\"newsContent__article__imgCapa newsContent__article__imgCapa--banner\"\n\t\t\t\t\tsrc=\"https:\/\/files.sunoresearch.com.br\/n\/uploads\/2023\/04\/1420x240-Planilha-vida-financeira-true.png\"\n\t\t\t\t\tdata-promo-id=\"106682\"\t\t\t\t\t\t\t\t\t\twidth='1420' height='240'\t\t\t\t\talt=\"https:\/\/files.sunoresearch.com.br\/n\/uploads\/2023\/04\/1420x240-Planilha-vida-financeira-true.png\"\n\t\t\t\t>\n\t\t\t<\/picture>\n\t\t<\/a>\n\t<\/p>\n\n\n<p>Mostrando um ritmo acelerado de aquisi\u00e7\u00f5es, as quatro \u00faltimas foram aquisi\u00e7\u00f5es conclu\u00eddas entre 2019 e 2021, somando uma cifra de R$ 1 bilh\u00e3o no total.<\/p>\n<p>A estrat\u00e9gia foi adotada ap\u00f3s a empresa seguir em mais de 45 anos de expans\u00e3o org\u00e2nica &#8211; que tamb\u00e9m deve receber aporte do recurso captado pelo follow-on. Vale lembrar que a empresa est\u00e1 na bolsa h\u00e1 cerca de 11 anos e completa 50 anos ainda em 2022.<\/p>\n<h2>Como foi o follow-on da Arezzo<\/h2>\n<p>Segundo o <strong><a href=\"https:\/\/www.suno.com.br\/artigos\/ceo\">CEO<\/a> da Arezzo<\/strong>, a decis\u00e3o de fazer um follow-on se d\u00e1 por conta dessa nova etapa, que demanda mais capital, e n\u00e3o necessariamente \u00e0 competitividade com a Soma, holding de moda que levantou R$ 1,8 bilh\u00e3o em seu IPO em 2021 e comprou a Hering.<\/p>\n\t<p>\n\t\t<a href=\"https:\/\/lp.suno.com.br\/ebook-como-analisar-uma-acao\/\" target=\"_blank\" data-element=\"shortcode-suno-banner\" title=\"Banner SUNO, clique e saiba mais\">\n\t\t\t<picture>\n\t\t\t\t<source media=\"(max-width: 500px)\" srcset=\"https:\/\/files.sunoresearch.com.br\/n\/uploads\/2023\/03\/Ebook-Acoes-Mobile-1.jpg\">\n\t\t\t\t<img class=\"newsContent__article__imgCapa newsContent__article__imgCapa--banner\"\n\t\t\t\t\tsrc=\"https:\/\/files.sunoresearch.com.br\/n\/uploads\/2023\/03\/Ebook-Acoes-Desktop-1.jpg\"\n\t\t\t\t\tdata-promo-id=\"171998\"\t\t\t\t\t\t\t\t\t\twidth='1420' height='286'\t\t\t\t\talt=\"https:\/\/files.sunoresearch.com.br\/n\/uploads\/2023\/03\/Ebook-Acoes-Desktop-1.jpg\"\n\t\t\t\t>\n\t\t\t<\/picture>\n\t\t<\/a>\n\t<\/p>\n\n\n<p>\u201cSempre crescemos com <a class=\"suno-keyword\" href=\"https:\/\/www.suno.com.br\/artigos\/geracao-de-caixa\/\" target=\"_blank\" rel=\"noopener\" data-force=\"no\" data-priority=\"1\">gera\u00e7\u00e3o de caixa<\/a> e gostamos de operar com ele positivo. Hoje, nossa alavancagem \u00e9 de apenas 0,5 vez o Ebitda. Com essa entrada de recursos, nosso caixa l\u00edquido ser\u00e1 equivalente a um Ebitda\u201d, disse Birman.<\/p>\n<p>No acumulado at\u00e9 setembro, a Arezzo&amp;Co apurou um <a class=\"suno-keyword\" href=\"https:\/\/www.suno.com.br\/artigos\/ebitda-ajustado\/\" target=\"_blank\" rel=\"noopener\" data-force=\"no\" data-priority=\"1\">Ebitda ajustado<\/a> de cerca de R$ 275 milh\u00f5es.\u00a0A demanda pelas a\u00e7\u00f5es foi cinco vezes superior ao book, com investidores locais e internacionais de <a class=\"suno-keyword\" href=\"https:\/\/www.suno.com.br\/artigos\/longo-prazo\/\" target=\"_blank\" rel=\"noopener\" data-force=\"no\" data-priority=\"1\">longo prazo<\/a>.<\/p>\n<p>A capitaliza\u00e7\u00e3o foi conclu\u00edda dois meses depois de a empresa anunciar a aquisi\u00e7\u00e3o da marca\u00a0<strong>Carol Bassi<\/strong>, por R$ 180 milh\u00f5es \u2013 transa\u00e7\u00e3o que marcou sua entrada no segmento de moda feminina.<\/p>\n\t<p>\n\t\t<a href=\"https:\/\/lp.suno.com.br\/planilha-de-controle-de-investimentos\/\" target=\"_blank\" data-element=\"shortcode-suno-banner\" title=\"Banner SUNO, clique e saiba mais\">\n\t\t\t<picture>\n\t\t\t\t<source media=\"(max-width: 500px)\" srcset=\"https:\/\/files.sunoresearch.com.br\/n\/uploads\/2023\/03\/400x300-Controle-de-Investimentos.png\">\n\t\t\t\t<img class=\"newsContent__article__imgCapa newsContent__article__imgCapa--banner\"\n\t\t\t\t\tsrc=\"https:\/\/files.sunoresearch.com.br\/n\/uploads\/2023\/03\/1420x240-Controle-de-Investimentos.png\"\n\t\t\t\t\tdata-promo-id=\"75934\"\t\t\t\t\t\t\t\t\t\twidth='1420' height='240'\t\t\t\t\talt=\"https:\/\/files.sunoresearch.com.br\/n\/uploads\/2023\/03\/1420x240-Controle-de-Investimentos.png\"\n\t\t\t\t>\n\t\t\t<\/picture>\n\t\t<\/a>\n\t<\/p>\n\n\n<p>\u00c0 \u00e9poca o\u00a0Goldman Sachs publicou um relat\u00f3rio no qual informava que a posi\u00e7\u00e3o da Arezzo est\u00e1 acima da m\u00e9dia hist\u00f3rica, mesmo com a alavancagem atual da empresa.<\/p>\n<p>O banco avaliava o momento como relativamente confort\u00e1vel, considerando a forte gera\u00e7\u00e3o de fluxo de caixa da empresa, o que poderia permitir que a desalavancagem fosse r\u00e1pida.<\/p>\n<p>\u201cVemos o follow-on anunciado como um ponto positivo estrat\u00e9gico para Arezzo\u201d, afirmam os analistas.<\/p>\n<p>O maior destaque para o banco \u00e9 especialmente a possibilidade cont\u00ednua de neg\u00f3cios adicionais de fus\u00e3o e aquisi\u00e7\u00e3o, o que \u00e9 consistente com o que j\u00e1 havia sido declarado pela administra\u00e7\u00e3o da <strong>Arezzo<\/strong> de expandir a marca.<\/p>\n\t<p>\n\t\t<a href=\"\" target=\"_blank\" data-element=\"shortcode-suno-banner\" title=\"Banner SUNO, clique e saiba mais\">\n\t\t\t<picture>\n\t\t\t\t<source media=\"(max-width: 500px)\" srcset=\"\">\n\t\t\t\t<img class=\"newsContent__article__imgCapa newsContent__article__imgCapa--banner\"\n\t\t\t\t\tsrc=\"\"\n\t\t\t\t\tdata-promo-id=\"184190\"\t\t\t\t\t\t\t\t\t\t\t\t\t\t\talt=\"\"\n\t\t\t\t>\n\t\t\t<\/picture>\n\t\t<\/a>\n\t<\/p>\n\n\n","protected":false},"excerpt":{"rendered":"<p>A Arezzo (ARZZ3) deve negociar um total de cinco novos ativos ap\u00f3s uma capta\u00e7\u00e3o bem sucedida com o seu follow-on, segundo informa\u00e7\u00f5es apuradas pelo jornal Valor Econ\u00f4mico. Arezzo (ARZZ3). Foto: Divulga\u00e7\u00e3o. O Follow-on da Arezzo rendeu R$ 830 milh\u00f5es ao caixa da companhia, que tem foco vestu\u00e1rio feminino premium. &#8220;Temos interesse em neg\u00f3cios de marcas [&hellip;]<\/p>\n","protected":false},"author":73,"featured_media":119434,"comment_status":"closed","ping_status":"closed","sticky":false,"template":"","format":"standard","meta":[],"categories":[64],"tags":[362,105816],"suno_strategy":[],"class_list":["post-229114","post","type-post","status-publish","format-standard","has-post-thumbnail","hentry","category-negocios","tag-arezzo-arzz3","tag-especialistas"],"yoast_head":"<!-- This site is optimized with the Yoast SEO plugin v24.4 - https:\/\/yoast.com\/wordpress\/plugins\/seo\/ -->\n<title>Arezzo (ARZZ3) avan\u00e7ar\u00e1 em aquisi\u00e7\u00f5es ap\u00f3s oferta de R$ 830 milh\u00f5es<\/title>\n<meta name=\"description\" content=\"O Follow-on da Arezzo rendeu R$ 830 milh\u00f5es ao caixa da companhia, que tem foco vestu\u00e1rio feminino premium. Clique aqui e leia mais.\" \/>\n<meta name=\"robots\" content=\"index, follow, max-snippet:-1, max-image-preview:large, max-video-preview:-1\" \/>\n<link rel=\"canonical\" href=\"https:\/\/www.suno.com.br\/noticias\/arezzo-arzz3-avancara-aquisicoes-oferta-830-milhoes\/\" \/>\n<meta property=\"og:locale\" content=\"pt_BR\" \/>\n<meta property=\"og:type\" content=\"article\" \/>\n<meta property=\"og:title\" content=\"Arezzo (ARZZ3) avan\u00e7ar\u00e1 em aquisi\u00e7\u00f5es ap\u00f3s oferta de R$ 830 milh\u00f5es\" \/>\n<meta property=\"og:description\" content=\"O Follow-on da Arezzo rendeu R$ 830 milh\u00f5es ao caixa da companhia, que tem foco vestu\u00e1rio feminino premium. Clique aqui e leia mais.\" \/>\n<meta property=\"og:url\" content=\"https:\/\/www.suno.com.br\/noticias\/arezzo-arzz3-avancara-aquisicoes-oferta-830-milhoes\/\" \/>\n<meta property=\"og:site_name\" content=\"Suno Not\u00edcias\" \/>\n<meta property=\"article:publisher\" content=\"https:\/\/facebook.com\/sunoresearch\" \/>\n<meta property=\"og:image\" content=\"https:\/\/files.sunoresearch.com.br\/n\/uploads\/2021\/02\/86c62dba-arezzo.jpg\" \/>\n\t<meta property=\"og:image:width\" content=\"1280\" \/>\n\t<meta property=\"og:image:height\" content=\"920\" \/>\n\t<meta property=\"og:image:type\" content=\"image\/jpeg\" \/>\n<meta name=\"author\" content=\"Eduardo Vargas\" \/>\n<meta name=\"twitter:card\" content=\"summary_large_image\" \/>\n<meta name=\"twitter:creator\" content=\"@sunoresearch\" \/>\n<meta name=\"twitter:site\" content=\"@sunoresearch\" \/>\n<meta name=\"twitter:label1\" content=\"Escrito por\" \/>\n\t<meta name=\"twitter:data1\" content=\"Eduardo Vargas\" \/>\n\t<meta name=\"twitter:label2\" content=\"Est. tempo de leitura\" \/>\n\t<meta name=\"twitter:data2\" content=\"2 minutos\" \/>\n<script type=\"application\/ld+json\" class=\"yoast-schema-graph\">{\"@context\":\"https:\/\/schema.org\",\"@graph\":[{\"@type\":\"NewsArticle\",\"@id\":\"https:\/\/www.suno.com.br\/noticias\/arezzo-arzz3-avancara-aquisicoes-oferta-830-milhoes\/#article\",\"isPartOf\":{\"@id\":\"https:\/\/www.suno.com.br\/noticias\/arezzo-arzz3-avancara-aquisicoes-oferta-830-milhoes\/\"},\"author\":{\"name\":\"Eduardo Vargas\",\"@id\":\"https:\/\/www.suno.com.br\/noticias\/#\/schema\/person\/7f4d362bf3518e76090143ae77bb49a5\"},\"headline\":\"Arezzo (ARZZ3) avan\u00e7ar\u00e1 em aquisi\u00e7\u00f5es ap\u00f3s oferta de R$ 830 milh\u00f5es, diz jornal\",\"datePublished\":\"2022-02-07T18:29:03+00:00\",\"mainEntityOfPage\":{\"@id\":\"https:\/\/www.suno.com.br\/noticias\/arezzo-arzz3-avancara-aquisicoes-oferta-830-milhoes\/\"},\"wordCount\":492,\"publisher\":{\"@id\":\"https:\/\/www.suno.com.br\/noticias\/#organization\"},\"image\":{\"@id\":\"https:\/\/www.suno.com.br\/noticias\/arezzo-arzz3-avancara-aquisicoes-oferta-830-milhoes\/#primaryimage\"},\"thumbnailUrl\":\"https:\/\/files.sunoresearch.com.br\/n\/uploads\/2021\/02\/86c62dba-arezzo-jpg.webp\",\"keywords\":[\"Arezzo (ARZZ3)\",\"Especialistas\"],\"articleSection\":[\"Neg\u00f3cios\"],\"inLanguage\":\"pt-BR\"},{\"@type\":\"WebPage\",\"@id\":\"https:\/\/www.suno.com.br\/noticias\/arezzo-arzz3-avancara-aquisicoes-oferta-830-milhoes\/\",\"url\":\"https:\/\/www.suno.com.br\/noticias\/arezzo-arzz3-avancara-aquisicoes-oferta-830-milhoes\/\",\"name\":\"Arezzo (ARZZ3) avan\u00e7ar\u00e1 em aquisi\u00e7\u00f5es ap\u00f3s oferta de R$ 830 milh\u00f5es\",\"isPartOf\":{\"@id\":\"https:\/\/www.suno.com.br\/noticias\/#website\"},\"primaryImageOfPage\":{\"@id\":\"https:\/\/www.suno.com.br\/noticias\/arezzo-arzz3-avancara-aquisicoes-oferta-830-milhoes\/#primaryimage\"},\"image\":{\"@id\":\"https:\/\/www.suno.com.br\/noticias\/arezzo-arzz3-avancara-aquisicoes-oferta-830-milhoes\/#primaryimage\"},\"thumbnailUrl\":\"https:\/\/files.sunoresearch.com.br\/n\/uploads\/2021\/02\/86c62dba-arezzo-jpg.webp\",\"datePublished\":\"2022-02-07T18:29:03+00:00\",\"description\":\"O Follow-on da Arezzo rendeu R$ 830 milh\u00f5es ao caixa da companhia, que tem foco vestu\u00e1rio feminino premium. Clique aqui e leia mais.\",\"breadcrumb\":{\"@id\":\"https:\/\/www.suno.com.br\/noticias\/arezzo-arzz3-avancara-aquisicoes-oferta-830-milhoes\/#breadcrumb\"},\"inLanguage\":\"pt-BR\",\"potentialAction\":[{\"@type\":\"ReadAction\",\"target\":[\"https:\/\/www.suno.com.br\/noticias\/arezzo-arzz3-avancara-aquisicoes-oferta-830-milhoes\/\"]}]},{\"@type\":\"ImageObject\",\"inLanguage\":\"pt-BR\",\"@id\":\"https:\/\/www.suno.com.br\/noticias\/arezzo-arzz3-avancara-aquisicoes-oferta-830-milhoes\/#primaryimage\",\"url\":\"https:\/\/files.sunoresearch.com.br\/n\/uploads\/2021\/02\/86c62dba-arezzo-jpg.webp\",\"contentUrl\":\"https:\/\/files.sunoresearch.com.br\/n\/uploads\/2021\/02\/86c62dba-arezzo-jpg.webp\",\"width\":1280,\"height\":920,\"caption\":\"Arezzo (ARZZ3). Foto: Divulga\u00e7\u00e3o.\"},{\"@type\":\"BreadcrumbList\",\"@id\":\"https:\/\/www.suno.com.br\/noticias\/arezzo-arzz3-avancara-aquisicoes-oferta-830-milhoes\/#breadcrumb\",\"itemListElement\":[{\"@type\":\"ListItem\",\"position\":1,\"name\":\"Not\u00edcias\",\"item\":\"https:\/\/www.suno.com.br\/noticias\/\"},{\"@type\":\"ListItem\",\"position\":2,\"name\":\"Neg\u00f3cios\",\"item\":\"https:\/\/www.suno.com.br\/noticias\/negocios\/\"},{\"@type\":\"ListItem\",\"position\":3,\"name\":\"Arezzo (ARZZ3) avan\u00e7ar\u00e1 em aquisi\u00e7\u00f5es ap\u00f3s oferta de R$ 830 milh\u00f5es, diz jornal\"}]},{\"@type\":\"WebSite\",\"@id\":\"https:\/\/www.suno.com.br\/noticias\/#website\",\"url\":\"https:\/\/www.suno.com.br\/noticias\/\",\"name\":\"Suno Not\u00edcias\",\"description\":\"Seu portal de informa\u00e7\u00e3o sobre o mundo dos investimentos\",\"publisher\":{\"@id\":\"https:\/\/www.suno.com.br\/noticias\/#organization\"},\"potentialAction\":[{\"@type\":\"SearchAction\",\"target\":{\"@type\":\"EntryPoint\",\"urlTemplate\":\"https:\/\/www.suno.com.br\/noticias\/?s={search_term_string}\"},\"query-input\":{\"@type\":\"PropertyValueSpecification\",\"valueRequired\":true,\"valueName\":\"search_term_string\"}}],\"inLanguage\":\"pt-BR\"},{\"@type\":\"Organization\",\"@id\":\"https:\/\/www.suno.com.br\/noticias\/#organization\",\"name\":\"Suno Not\u00edcias\",\"url\":\"https:\/\/www.suno.com.br\/noticias\/\",\"logo\":{\"@type\":\"ImageObject\",\"inLanguage\":\"pt-BR\",\"@id\":\"https:\/\/www.suno.com.br\/noticias\/#\/schema\/logo\/image\/\",\"url\":\"https:\/\/files.sunoresearch.com.br\/n\/uploads\/2021\/09\/suno-logo.png\",\"contentUrl\":\"https:\/\/files.sunoresearch.com.br\/n\/uploads\/2021\/09\/suno-logo.png\",\"width\":180,\"height\":180,\"caption\":\"Suno Not\u00edcias\"},\"image\":{\"@id\":\"https:\/\/www.suno.com.br\/noticias\/#\/schema\/logo\/image\/\"},\"sameAs\":[\"https:\/\/facebook.com\/sunoresearch\",\"https:\/\/x.com\/sunoresearch\",\"https:\/\/www.instagram.com\/suno\",\"https:\/\/www.linkedin.com\/company\/suno-research\/\",\"https:\/\/www.youtube.com\/c\/sunoresearch\"]},{\"@type\":\"Person\",\"@id\":\"https:\/\/www.suno.com.br\/noticias\/#\/schema\/person\/7f4d362bf3518e76090143ae77bb49a5\",\"name\":\"Eduardo Vargas\",\"image\":{\"@type\":\"ImageObject\",\"inLanguage\":\"pt-BR\",\"@id\":\"https:\/\/www.suno.com.br\/noticias\/#\/schema\/person\/image\/\",\"url\":\"https:\/\/secure.gravatar.com\/avatar\/dac340933427a22924c9f99d1eb2e3f2?s=96&r=g\",\"contentUrl\":\"https:\/\/secure.gravatar.com\/avatar\/dac340933427a22924c9f99d1eb2e3f2?s=96&r=g\",\"caption\":\"Eduardo Vargas\"},\"description\":\"Jornalista formado pela UFSC, cobre macroeconomia, neg\u00f3cios e startups para o Suno Not\u00edcias, escrevendo principalmente not\u00edcias sobre o mercado financeiro e a bolsa de valores. No YouTube e no Instagram, \u00e9 respons\u00e1vel pela produ\u00e7\u00e3o de Reels e Shorts do Suno Not\u00edcias. Anteriormente, trabalhou cobrindo economia e cotidiano no ND+ e para o ND, maior jornal impresso de Santa Catarina. Cursou um semestre letivo de Estudos de M\u00eddia na Universidad de Buenos Aires.\",\"url\":\"https:\/\/www.suno.com.br\/noticias\/author\/eduardo-vargas\/\"}]}<\/script>\n<!-- \/ Yoast SEO plugin. -->","yoast_head_json":{"title":"Arezzo (ARZZ3) avan\u00e7ar\u00e1 em aquisi\u00e7\u00f5es ap\u00f3s oferta de R$ 830 milh\u00f5es","description":"O Follow-on da Arezzo rendeu R$ 830 milh\u00f5es ao caixa da companhia, que tem foco vestu\u00e1rio feminino premium. Clique aqui e leia mais.","robots":{"index":"index","follow":"follow","max-snippet":"max-snippet:-1","max-image-preview":"max-image-preview:large","max-video-preview":"max-video-preview:-1"},"canonical":"https:\/\/www.suno.com.br\/noticias\/arezzo-arzz3-avancara-aquisicoes-oferta-830-milhoes\/","og_locale":"pt_BR","og_type":"article","og_title":"Arezzo (ARZZ3) avan\u00e7ar\u00e1 em aquisi\u00e7\u00f5es ap\u00f3s oferta de R$ 830 milh\u00f5es","og_description":"O Follow-on da Arezzo rendeu R$ 830 milh\u00f5es ao caixa da companhia, que tem foco vestu\u00e1rio feminino premium. Clique aqui e leia mais.","og_url":"https:\/\/www.suno.com.br\/noticias\/arezzo-arzz3-avancara-aquisicoes-oferta-830-milhoes\/","og_site_name":"Suno Not\u00edcias","article_publisher":"https:\/\/facebook.com\/sunoresearch","og_image":[{"width":1280,"height":920,"url":"https:\/\/files.sunoresearch.com.br\/n\/uploads\/2021\/02\/86c62dba-arezzo.jpg","type":"image\/jpeg"}],"author":"Eduardo Vargas","twitter_card":"summary_large_image","twitter_creator":"@sunoresearch","twitter_site":"@sunoresearch","twitter_misc":{"Escrito por":"Eduardo Vargas","Est. tempo de leitura":"2 minutos"},"schema":{"@context":"https:\/\/schema.org","@graph":[{"@type":"NewsArticle","@id":"https:\/\/www.suno.com.br\/noticias\/arezzo-arzz3-avancara-aquisicoes-oferta-830-milhoes\/#article","isPartOf":{"@id":"https:\/\/www.suno.com.br\/noticias\/arezzo-arzz3-avancara-aquisicoes-oferta-830-milhoes\/"},"author":{"name":"Eduardo Vargas","@id":"https:\/\/www.suno.com.br\/noticias\/#\/schema\/person\/7f4d362bf3518e76090143ae77bb49a5"},"headline":"Arezzo (ARZZ3) avan\u00e7ar\u00e1 em aquisi\u00e7\u00f5es ap\u00f3s oferta de R$ 830 milh\u00f5es, diz jornal","datePublished":"2022-02-07T18:29:03+00:00","mainEntityOfPage":{"@id":"https:\/\/www.suno.com.br\/noticias\/arezzo-arzz3-avancara-aquisicoes-oferta-830-milhoes\/"},"wordCount":492,"publisher":{"@id":"https:\/\/www.suno.com.br\/noticias\/#organization"},"image":{"@id":"https:\/\/www.suno.com.br\/noticias\/arezzo-arzz3-avancara-aquisicoes-oferta-830-milhoes\/#primaryimage"},"thumbnailUrl":"https:\/\/files.sunoresearch.com.br\/n\/uploads\/2021\/02\/86c62dba-arezzo-jpg.webp","keywords":["Arezzo (ARZZ3)","Especialistas"],"articleSection":["Neg\u00f3cios"],"inLanguage":"pt-BR"},{"@type":"WebPage","@id":"https:\/\/www.suno.com.br\/noticias\/arezzo-arzz3-avancara-aquisicoes-oferta-830-milhoes\/","url":"https:\/\/www.suno.com.br\/noticias\/arezzo-arzz3-avancara-aquisicoes-oferta-830-milhoes\/","name":"Arezzo (ARZZ3) avan\u00e7ar\u00e1 em aquisi\u00e7\u00f5es ap\u00f3s oferta de R$ 830 milh\u00f5es","isPartOf":{"@id":"https:\/\/www.suno.com.br\/noticias\/#website"},"primaryImageOfPage":{"@id":"https:\/\/www.suno.com.br\/noticias\/arezzo-arzz3-avancara-aquisicoes-oferta-830-milhoes\/#primaryimage"},"image":{"@id":"https:\/\/www.suno.com.br\/noticias\/arezzo-arzz3-avancara-aquisicoes-oferta-830-milhoes\/#primaryimage"},"thumbnailUrl":"https:\/\/files.sunoresearch.com.br\/n\/uploads\/2021\/02\/86c62dba-arezzo-jpg.webp","datePublished":"2022-02-07T18:29:03+00:00","description":"O Follow-on da Arezzo rendeu R$ 830 milh\u00f5es ao caixa da companhia, que tem foco vestu\u00e1rio feminino premium. Clique aqui e leia mais.","breadcrumb":{"@id":"https:\/\/www.suno.com.br\/noticias\/arezzo-arzz3-avancara-aquisicoes-oferta-830-milhoes\/#breadcrumb"},"inLanguage":"pt-BR","potentialAction":[{"@type":"ReadAction","target":["https:\/\/www.suno.com.br\/noticias\/arezzo-arzz3-avancara-aquisicoes-oferta-830-milhoes\/"]}]},{"@type":"ImageObject","inLanguage":"pt-BR","@id":"https:\/\/www.suno.com.br\/noticias\/arezzo-arzz3-avancara-aquisicoes-oferta-830-milhoes\/#primaryimage","url":"https:\/\/files.sunoresearch.com.br\/n\/uploads\/2021\/02\/86c62dba-arezzo-jpg.webp","contentUrl":"https:\/\/files.sunoresearch.com.br\/n\/uploads\/2021\/02\/86c62dba-arezzo-jpg.webp","width":1280,"height":920,"caption":"Arezzo (ARZZ3). Foto: Divulga\u00e7\u00e3o."},{"@type":"BreadcrumbList","@id":"https:\/\/www.suno.com.br\/noticias\/arezzo-arzz3-avancara-aquisicoes-oferta-830-milhoes\/#breadcrumb","itemListElement":[{"@type":"ListItem","position":1,"name":"Not\u00edcias","item":"https:\/\/www.suno.com.br\/noticias\/"},{"@type":"ListItem","position":2,"name":"Neg\u00f3cios","item":"https:\/\/www.suno.com.br\/noticias\/negocios\/"},{"@type":"ListItem","position":3,"name":"Arezzo (ARZZ3) avan\u00e7ar\u00e1 em aquisi\u00e7\u00f5es ap\u00f3s oferta de R$ 830 milh\u00f5es, diz jornal"}]},{"@type":"WebSite","@id":"https:\/\/www.suno.com.br\/noticias\/#website","url":"https:\/\/www.suno.com.br\/noticias\/","name":"Suno Not\u00edcias","description":"Seu portal de informa\u00e7\u00e3o sobre o mundo dos investimentos","publisher":{"@id":"https:\/\/www.suno.com.br\/noticias\/#organization"},"potentialAction":[{"@type":"SearchAction","target":{"@type":"EntryPoint","urlTemplate":"https:\/\/www.suno.com.br\/noticias\/?s={search_term_string}"},"query-input":{"@type":"PropertyValueSpecification","valueRequired":true,"valueName":"search_term_string"}}],"inLanguage":"pt-BR"},{"@type":"Organization","@id":"https:\/\/www.suno.com.br\/noticias\/#organization","name":"Suno Not\u00edcias","url":"https:\/\/www.suno.com.br\/noticias\/","logo":{"@type":"ImageObject","inLanguage":"pt-BR","@id":"https:\/\/www.suno.com.br\/noticias\/#\/schema\/logo\/image\/","url":"https:\/\/files.sunoresearch.com.br\/n\/uploads\/2021\/09\/suno-logo.png","contentUrl":"https:\/\/files.sunoresearch.com.br\/n\/uploads\/2021\/09\/suno-logo.png","width":180,"height":180,"caption":"Suno Not\u00edcias"},"image":{"@id":"https:\/\/www.suno.com.br\/noticias\/#\/schema\/logo\/image\/"},"sameAs":["https:\/\/facebook.com\/sunoresearch","https:\/\/x.com\/sunoresearch","https:\/\/www.instagram.com\/suno","https:\/\/www.linkedin.com\/company\/suno-research\/","https:\/\/www.youtube.com\/c\/sunoresearch"]},{"@type":"Person","@id":"https:\/\/www.suno.com.br\/noticias\/#\/schema\/person\/7f4d362bf3518e76090143ae77bb49a5","name":"Eduardo Vargas","image":{"@type":"ImageObject","inLanguage":"pt-BR","@id":"https:\/\/www.suno.com.br\/noticias\/#\/schema\/person\/image\/","url":"https:\/\/secure.gravatar.com\/avatar\/dac340933427a22924c9f99d1eb2e3f2?s=96&r=g","contentUrl":"https:\/\/secure.gravatar.com\/avatar\/dac340933427a22924c9f99d1eb2e3f2?s=96&r=g","caption":"Eduardo Vargas"},"description":"Jornalista formado pela UFSC, cobre macroeconomia, neg\u00f3cios e startups para o Suno Not\u00edcias, escrevendo principalmente not\u00edcias sobre o mercado financeiro e a bolsa de valores. No YouTube e no Instagram, \u00e9 respons\u00e1vel pela produ\u00e7\u00e3o de Reels e Shorts do Suno Not\u00edcias. Anteriormente, trabalhou cobrindo economia e cotidiano no ND+ e para o ND, maior jornal impresso de Santa Catarina. Cursou um semestre letivo de Estudos de M\u00eddia na Universidad de Buenos Aires.","url":"https:\/\/www.suno.com.br\/noticias\/author\/eduardo-vargas\/"}]}},"default_loop_html":"<div class=\"cardsPage__listCard__boxs\"><div class=\"cardsPage__listCard__boxs__img\"><a href=\"https:\/\/www.suno.com.br\/noticias\/arezzo-arzz3-avancara-aquisicoes-oferta-830-milhoes\/\"><img class=\"mask\" src=\"https:\/\/www.suno.com.br\/noticias\/wp-content\/themes\/suno\/resources\/images\/spotlight\/spotlight1img\/bg-mask.png\" alt=\"Image Mask\"\/><img src=\"https:\/\/files.sunoresearch.com.br\/n\/uploads\/2021\/02\/86c62dba-arezzo-400x200.webp\" alt=\"Arezzo (ARZZ3) avan\u00e7ar\u00e1 em aquisi\u00e7\u00f5es ap\u00f3s oferta de R$ 830 milh\u00f5es, diz jornal\"\/><\/a><span class=\"spotlightCategory\"><a href=\"https:\/\/www.suno.com.br\/noticias\/negocios\/\">Neg\u00f3cios<\/a><\/span><\/div><div class=\"cardsPage__listCard__boxs__content\"><a href=\"https:\/\/www.suno.com.br\/noticias\/arezzo-arzz3-avancara-aquisicoes-oferta-830-milhoes\/\"><h2 class=\"content__title\">Arezzo (ARZZ3) avan\u00e7ar\u00e1 em aquisi\u00e7\u00f5es ap\u00f3s oferta de R$ 830 milh\u00f5es, diz jornal<\/h2><\/a><div class=\"newsContent__article__meta\"><div class=\"newsContent__article__meta__authorBox\"><a href=\"https:\/\/www.suno.com.br\/noticias\/author\/eduardo-vargas\/\" class=\"authorBox__avatar noMobi\"><img src=\"https:\/\/secure.gravatar.com\/avatar\/dac340933427a22924c9f99d1eb2e3f2?s=96&#038;r=g\" alt=\"Eduardo Vargas\"><\/a><div class=\"authorBox__name\"><span>por\n\t\t\t<a href=\"https:\/\/www.suno.com.br\/noticias\/author\/eduardo-vargas\/\"><span itemprop=\"author\">Eduardo Vargas<\/span><\/a><\/span><time datetime=\"2022-02-07T15:29:03-03:00\" itemprop=\"datePublished\">07\/02\/2022 15:29<\/time><\/div><\/div><\/div><\/div><\/div>","single_layout":"posts","amp_enabled":true,"_links":{"self":[{"href":"https:\/\/www.suno.com.br\/noticias\/wp-json\/wp\/v2\/posts\/229114"}],"collection":[{"href":"https:\/\/www.suno.com.br\/noticias\/wp-json\/wp\/v2\/posts"}],"about":[{"href":"https:\/\/www.suno.com.br\/noticias\/wp-json\/wp\/v2\/types\/post"}],"author":[{"embeddable":true,"href":"https:\/\/www.suno.com.br\/noticias\/wp-json\/wp\/v2\/users\/73"}],"replies":[{"embeddable":true,"href":"https:\/\/www.suno.com.br\/noticias\/wp-json\/wp\/v2\/comments?post=229114"}],"version-history":[{"count":2,"href":"https:\/\/www.suno.com.br\/noticias\/wp-json\/wp\/v2\/posts\/229114\/revisions"}],"predecessor-version":[{"id":229140,"href":"https:\/\/www.suno.com.br\/noticias\/wp-json\/wp\/v2\/posts\/229114\/revisions\/229140"}],"wp:featuredmedia":[{"embeddable":true,"href":"https:\/\/www.suno.com.br\/noticias\/wp-json\/wp\/v2\/media\/119434"}],"wp:attachment":[{"href":"https:\/\/www.suno.com.br\/noticias\/wp-json\/wp\/v2\/media?parent=229114"}],"wp:term":[{"taxonomy":"category","embeddable":true,"href":"https:\/\/www.suno.com.br\/noticias\/wp-json\/wp\/v2\/categories?post=229114"},{"taxonomy":"post_tag","embeddable":true,"href":"https:\/\/www.suno.com.br\/noticias\/wp-json\/wp\/v2\/tags?post=229114"},{"taxonomy":"suno_strategy","embeddable":true,"href":"https:\/\/www.suno.com.br\/noticias\/wp-json\/wp\/v2\/suno_strategy?post=229114"}],"curies":[{"name":"wp","href":"https:\/\/api.w.org\/{rel}","templated":true}]}}