{"id":228562,"date":"2022-02-04T20:28:15","date_gmt":"2022-02-04T23:28:15","guid":{"rendered":"https:\/\/www.suno.com.br\/noticias\/?p=228562"},"modified":"2022-02-04T20:28:15","modified_gmt":"2022-02-04T23:28:15","slug":"reservas-etf-defi11-financas-descentralizadas","status":"publish","type":"post","link":"https:\/\/www.suno.com.br\/noticias\/reservas-etf-defi11-financas-descentralizadas\/","title":{"rendered":"Reservas para ETF de finan\u00e7as descentralizadas (DEFI11) v\u00e3o at\u00e9 dia 11"},"content":{"rendered":"<p>O per\u00edodo de reserva do primeiro fundo de \u00edndice (<strong>ETF<\/strong>) de <strong>finan\u00e7as descentralizadas (DeFi)<\/strong>, o DEFI11, da Hashdex, acaba na pr\u00f3xima sexta-feira (11). A estreia do ativo ser\u00e1 no dia 17 de fevereiro.<\/p>\t<div class=\"wrapper-featured-image\">\n\t\t<figure class=\"spotlightImg\">\n\n\t\t\t<picture>\n\t\t\t\t<source media=\"(max-width: 768px)\" srcset=\"https:\/\/files.sunoresearch.com.br\/n\/uploads\/2020\/06\/2d15c3ea-etf-e1727352999315-400x200.webp\">\n\t\t\t\t<img loading=\"lazy\" decoding=\"async\" class=\"newsContent__article__imgCapa lazyloadDisabled \" src=\"https:\/\/files.sunoresearch.com.br\/n\/uploads\/2020\/06\/2d15c3ea-etf-e1727352999315-800x450.webp\" width=\"800\" height=\"450\" alt=\"Reservas para ETF de finan\u00e7as descentralizadas (DEFI11) v\u00e3o at\u00e9 dia 11\" fetchpriority=high \/>\n\t\t\t<\/picture>\n\n\t\t\t<figcaption class=\"wp-caption-text wp-caption-text--show\"> ETFs. Foto: Unsplash<\/figcaption>\n\t\t<\/figure>\n\t<\/div>\n\n\n\t<p>\n\t\t<a href=\"https:\/\/lp.suno.com.br\/planilha-controle-gastos\/\" target=\"_blank\" data-element=\"shortcode-suno-banner\" title=\"Banner SUNO, clique e saiba mais\">\n\t\t\t<picture>\n\t\t\t\t<source media=\"(max-width: 500px)\" srcset=\"https:\/\/files.sunoresearch.com.br\/n\/uploads\/2023\/03\/400x300-Planilha-controle-de-gastos.png\">\n\t\t\t\t<img class=\"newsContent__article__imgCapa newsContent__article__imgCapa--banner\"\n\t\t\t\t\tsrc=\"https:\/\/files.sunoresearch.com.br\/n\/uploads\/2023\/03\/1420x240-Planilha-controle-de-gastos.png\"\n\t\t\t\t\tdata-promo-id=\"101751\"\t\t\t\t\t\t\t\t\t\twidth='1420' height='240'\t\t\t\t\talt=\"https:\/\/files.sunoresearch.com.br\/n\/uploads\/2023\/03\/1420x240-Planilha-controle-de-gastos.png\"\n\t\t\t\t>\n\t\t\t<\/picture>\n\t\t<\/a>\n\t<\/p>\n\n\n<p>De acordo com a gestora <strong>Hashdex<\/strong>, a expectativa do valor da capta\u00e7\u00e3o de recursos \u00e9 de R$ 500 milh\u00f5es.<\/p>\n<p>A coordena\u00e7\u00e3o est\u00e1 sendo realizada pela XP, Ita\u00fa BBA e Banco Genial. A <a class=\"suno-keyword\" href=\"https:\/\/www.suno.com.br\/artigos\/taxa-de-administracao\/\" target=\"_blank\" rel=\"noopener\" data-force=\"no\" data-priority=\"1\">taxa de administra\u00e7\u00e3o<\/a> total \u00e9 de 1,3%.<\/p>\n<p>A gestora, em parceria com a CF Benchmarks, ressaltou em nota que o novo fundo vai replicar o \u201cCF DeFi Modified Composite Index\u201d, que foi criado para acompanhar os tokens do segmento DeFi. Ou seja, servi\u00e7os financeiros em geral, como empr\u00e9stimos, seguros e transa\u00e7\u00f5es via blockchain. O \u00edndice se divide em 12 criptoativos do segmento, divididos em tr\u00eas categorias: Protocolos DeFi, Protocolos de Suporte e Plataformas de Registro.<\/p>\n\t<p>\n\t\t<a href=\"https:\/\/lp.suno.com.br\/planilha-da-vida-financeira\/\" target=\"_blank\" data-element=\"shortcode-suno-banner\" title=\"Banner SUNO, clique e saiba mais\">\n\t\t\t<picture>\n\t\t\t\t<source media=\"(max-width: 500px)\" srcset=\"https:\/\/files.sunoresearch.com.br\/n\/uploads\/2023\/04\/400x300-Planilha-vida-financeira-true.png\">\n\t\t\t\t<img class=\"newsContent__article__imgCapa newsContent__article__imgCapa--banner\"\n\t\t\t\t\tsrc=\"https:\/\/files.sunoresearch.com.br\/n\/uploads\/2023\/04\/1420x240-Planilha-vida-financeira-true.png\"\n\t\t\t\t\tdata-promo-id=\"106682\"\t\t\t\t\t\t\t\t\t\twidth='1420' height='240'\t\t\t\t\talt=\"https:\/\/files.sunoresearch.com.br\/n\/uploads\/2023\/04\/1420x240-Planilha-vida-financeira-true.png\"\n\t\t\t\t>\n\t\t\t<\/picture>\n\t\t<\/a>\n\t<\/p>\n\n\n<ul>\n<li>Protocolos DeFi segue os pre\u00e7os dos tokens Unisawap, AAVE, Compound, Maker, Yearn, Curve, Synthetix e AMP;<\/li>\n<li>Protocolos de Suporte auxilia em protocolos DeFi com servi\u00e7os de armazenamento e consulta de dados, verifica\u00e7\u00e3o de identidade e solu\u00e7\u00f5es de escalabilidade, os tokens Polygon, Chainling e The Graph; e<\/li>\n<li>Plataformas de Registro, o <strong>blockchain<\/strong> nas quais as transa\u00e7\u00f5es s\u00e3o validadas e registradas, o ativo da carteira ser\u00e1 o Ethereum.<\/li>\n<\/ul>\n<p>O desenvolvimento dos ETFs baseados em finan\u00e7as descentralizadas s\u00e3o feitas em blockchain, tipo de banco de dados compartilhado e inviol\u00e1vel com uma criptografia \u00fanica, e por isso h\u00e1 uma \u201cgarantia\u201d de seguran\u00e7a, al\u00e9m de trazer mais confian\u00e7a para o investidor. A gestora acredita que essa realiza\u00e7\u00e3o \u00e9 um passo importante para criar uma nova estrutura para os servi\u00e7os financeiros tradicionais.<\/p>\n<p><em>Entenda mais sobre os ETFs na B3:<\/em><\/p>\n\t<p>\n\t\t<a href=\"https:\/\/lp.suno.com.br\/ebook-como-analisar-uma-acao\/\" target=\"_blank\" data-element=\"shortcode-suno-banner\" title=\"Banner SUNO, clique e saiba mais\">\n\t\t\t<picture>\n\t\t\t\t<source media=\"(max-width: 500px)\" srcset=\"https:\/\/files.sunoresearch.com.br\/n\/uploads\/2023\/03\/Ebook-Acoes-Mobile-1.jpg\">\n\t\t\t\t<img class=\"newsContent__article__imgCapa newsContent__article__imgCapa--banner\"\n\t\t\t\t\tsrc=\"https:\/\/files.sunoresearch.com.br\/n\/uploads\/2023\/03\/Ebook-Acoes-Desktop-1.jpg\"\n\t\t\t\t\tdata-promo-id=\"171998\"\t\t\t\t\t\t\t\t\t\twidth='1420' height='286'\t\t\t\t\talt=\"https:\/\/files.sunoresearch.com.br\/n\/uploads\/2023\/03\/Ebook-Acoes-Desktop-1.jpg\"\n\t\t\t\t>\n\t\t\t<\/picture>\n\t\t<\/a>\n\t<\/p>\n\n\n<h2>B3 (B3SA3) anuncia oito novas modalidades de ETF, BDRs e Fundos de Investimento<\/h2>\n<p>A <a class=\"suno-keyword\" href=\"https:\/\/www.suno.com.br\/acoes\/B3SA3\/\" target=\"_blank\" rel=\"noopener\" data-force=\"yes\" data-priority=\"2\"><strong>B3<\/strong>\u00a0(B3SA3)<\/a> passou a permitir a listagem de oito novos tipos de fundos de investimentos que aumentam as possibilidades de diversifica\u00e7\u00e3o para os investidores brasileiros, seja no mercado local ou internacional.<\/p>\n<p>Entre as<strong>\u00a0novidades da B3<\/strong>\u00a0est\u00e3o novas modalidades de fundos de \u00edndice (<a href=\"https:\/\/www.suno.com.br\/artigos\/etfs-americanos\/\" target=\"_blank\" rel=\"noopener\">ETFs<\/a>) e de recibos de a\u00e7\u00f5es (<a class=\"suno-keyword\" href=\"https:\/\/www.suno.com.br\/bdrs\/\" target=\"_blank\" rel=\"noopener\" data-force=\"yes\" data-priority=\"2\">BDRs<\/a>), al\u00e9m de mais op\u00e7\u00f5es para listagem de fundos. Veja os oito novos produtos:<\/p>\n<ul>\n<li>ETF de Moedas,<\/li>\n<li><a href=\"https:\/\/www.suno.com.br\/artigos\/bdr-de-etf\/\" target=\"_blank\" rel=\"noopener\">BDRs de ETFs<\/a>\u00a0de Moedas,<\/li>\n<li>ETFs de Renda Fixa Internacional,<\/li>\n<li>BDRs de ETFs de Renda Fixa,<\/li>\n<li>Fundo de Investimento Renda Fixa (FI RF),<\/li>\n<li>Fundo de Investimento Multimercado Renda Fixa (FIM RF),<\/li>\n<li>Fundo de Investimento Multimercado Renda Vari\u00e1vel (FIM RV), e<\/li>\n<li>Fundo de Investimento Multimercado de Infraestrutura (FIM INFRA).<\/li>\n<\/ul>\n<p><strong>Lu\u00eds Kondic<\/strong>, diretor executivo de Produtos Listados e Dados da B3, destaca o crescimento dos fundos de \u00edndice ao longo de 2021 e avalia que os novos produtos possibilitam mais alternativas de diversifica\u00e7\u00e3o para os investidores.<\/p>\n\t<p>\n\t\t<a href=\"https:\/\/lp.suno.com.br\/planilha-de-controle-de-investimentos\/\" target=\"_blank\" data-element=\"shortcode-suno-banner\" title=\"Banner SUNO, clique e saiba mais\">\n\t\t\t<picture>\n\t\t\t\t<source media=\"(max-width: 500px)\" srcset=\"https:\/\/files.sunoresearch.com.br\/n\/uploads\/2023\/03\/400x300-Controle-de-Investimentos.png\">\n\t\t\t\t<img class=\"newsContent__article__imgCapa newsContent__article__imgCapa--banner\"\n\t\t\t\t\tsrc=\"https:\/\/files.sunoresearch.com.br\/n\/uploads\/2023\/03\/1420x240-Controle-de-Investimentos.png\"\n\t\t\t\t\tdata-promo-id=\"75934\"\t\t\t\t\t\t\t\t\t\twidth='1420' height='240'\t\t\t\t\talt=\"https:\/\/files.sunoresearch.com.br\/n\/uploads\/2023\/03\/1420x240-Controle-de-Investimentos.png\"\n\t\t\t\t>\n\t\t\t<\/picture>\n\t\t<\/a>\n\t<\/p>\n\n\n<p>\u201cO mercado de ETFs apresentou um crescimento exponencial ao longo de 2021, chegando ao final do ano com 66 tickers distribu\u00eddos entre r<strong>enda vari\u00e1vel<\/strong>,\u00a0<strong>renda fixa<\/strong>,\u00a0<strong>criptomoedas<\/strong>\u00a0e\u00a0<em>commodities<\/em>\u201d, diz Kondic.<\/p>\n<p>E acrescentou:\u00a0\u201cessas novas op\u00e7\u00f5es podem ampliar de forma expressiva o leque de produtos dispon\u00edvel para o investidor, possibilitando um maior n\u00famero de estrat\u00e9gias dentro do portf\u00f3lio de cada cliente\u201d, afirmou, em nota.<\/p>\n\t<p>\n\t\t<a href=\"\" target=\"_blank\" data-element=\"shortcode-suno-banner\" title=\"Banner SUNO, clique e saiba mais\">\n\t\t\t<picture>\n\t\t\t\t<source media=\"(max-width: 500px)\" srcset=\"\">\n\t\t\t\t<img class=\"newsContent__article__imgCapa newsContent__article__imgCapa--banner\"\n\t\t\t\t\tsrc=\"\"\n\t\t\t\t\tdata-promo-id=\"184190\"\t\t\t\t\t\t\t\t\t\t\t\t\t\t\talt=\"\"\n\t\t\t\t>\n\t\t\t<\/picture>\n\t\t<\/a>\n\t<\/p>\n\n\n","protected":false},"excerpt":{"rendered":"<p>O per\u00edodo de reserva do primeiro fundo de \u00edndice (ETF) de finan\u00e7as descentralizadas (DeFi), o DEFI11, da Hashdex, acaba na pr\u00f3xima sexta-feira (11). A estreia do ativo ser\u00e1 no dia 17 de fevereiro. ETFs. Foto: Unsplash De acordo com a gestora Hashdex, a expectativa do valor da capta\u00e7\u00e3o de recursos \u00e9 de R$ 500 milh\u00f5es. [&hellip;]<\/p>\n","protected":false},"author":146,"featured_media":68483,"comment_status":"closed","ping_status":"closed","sticky":false,"template":"","format":"standard","meta":[],"categories":[64],"tags":[367,1654,1270],"suno_strategy":[],"class_list":["post-228562","post","type-post","status-publish","format-standard","has-post-thumbnail","hentry","category-negocios","tag-b3-b3sa3","tag-blockchain","tag-etfs"],"yoast_head":"<!-- This site is optimized with the Yoast SEO plugin v24.4 - https:\/\/yoast.com\/wordpress\/plugins\/seo\/ -->\n<title>Reservas para ETF de finan\u00e7as descentralizadas (DEFI11) v\u00e3o at\u00e9 dia 11<\/title>\n<meta name=\"description\" content=\"O per\u00edodo de reserva do primeiro ETF de finan\u00e7as descentralizadas (DeFi), o DEFI11, da Hashdex, acaba na pr\u00f3xima sexta-feira (11).\" \/>\n<meta name=\"robots\" content=\"index, follow, max-snippet:-1, max-image-preview:large, max-video-preview:-1\" \/>\n<link rel=\"canonical\" href=\"https:\/\/www.suno.com.br\/noticias\/reservas-etf-defi11-financas-descentralizadas\/\" \/>\n<meta property=\"og:locale\" content=\"pt_BR\" \/>\n<meta property=\"og:type\" content=\"article\" \/>\n<meta property=\"og:title\" content=\"Reservas para ETF de finan\u00e7as descentralizadas (DEFI11) v\u00e3o at\u00e9 dia 11\" \/>\n<meta property=\"og:description\" content=\"O per\u00edodo de reserva do primeiro ETF de finan\u00e7as descentralizadas (DeFi), o DEFI11, da Hashdex, acaba na pr\u00f3xima sexta-feira (11).\" \/>\n<meta property=\"og:url\" content=\"https:\/\/www.suno.com.br\/noticias\/reservas-etf-defi11-financas-descentralizadas\/\" \/>\n<meta property=\"og:site_name\" content=\"Suno Not\u00edcias\" \/>\n<meta property=\"article:publisher\" content=\"https:\/\/facebook.com\/sunoresearch\" \/>\n<meta property=\"og:image\" content=\"https:\/\/files.sunoresearch.com.br\/n\/uploads\/2020\/06\/2d15c3ea-etf.jpg\" \/>\n\t<meta property=\"og:image:width\" content=\"2119\" \/>\n\t<meta property=\"og:image:height\" content=\"1414\" \/>\n\t<meta property=\"og:image:type\" content=\"image\/jpeg\" \/>\n<meta name=\"author\" content=\"Vict\u00f3ria Anhesini\" \/>\n<meta name=\"twitter:card\" content=\"summary_large_image\" \/>\n<meta name=\"twitter:creator\" content=\"@sunoresearch\" \/>\n<meta name=\"twitter:site\" content=\"@sunoresearch\" \/>\n<meta name=\"twitter:label1\" content=\"Escrito por\" \/>\n\t<meta name=\"twitter:data1\" content=\"Vict\u00f3ria Anhesini\" \/>\n\t<meta name=\"twitter:label2\" content=\"Est. tempo de leitura\" \/>\n\t<meta name=\"twitter:data2\" content=\"3 minutos\" \/>\n<script type=\"application\/ld+json\" class=\"yoast-schema-graph\">{\"@context\":\"https:\/\/schema.org\",\"@graph\":[{\"@type\":\"NewsArticle\",\"@id\":\"https:\/\/www.suno.com.br\/noticias\/reservas-etf-defi11-financas-descentralizadas\/#article\",\"isPartOf\":{\"@id\":\"https:\/\/www.suno.com.br\/noticias\/reservas-etf-defi11-financas-descentralizadas\/\"},\"author\":{\"name\":\"Vict\u00f3ria Anhesini\",\"@id\":\"https:\/\/www.suno.com.br\/noticias\/#\/schema\/person\/46d847cb19ad53fde0857adca989c23f\"},\"headline\":\"Reservas para ETF de finan\u00e7as descentralizadas (DEFI11) v\u00e3o at\u00e9 dia 11\",\"datePublished\":\"2022-02-04T23:28:15+00:00\",\"mainEntityOfPage\":{\"@id\":\"https:\/\/www.suno.com.br\/noticias\/reservas-etf-defi11-financas-descentralizadas\/\"},\"wordCount\":559,\"publisher\":{\"@id\":\"https:\/\/www.suno.com.br\/noticias\/#organization\"},\"image\":{\"@id\":\"https:\/\/www.suno.com.br\/noticias\/reservas-etf-defi11-financas-descentralizadas\/#primaryimage\"},\"thumbnailUrl\":\"https:\/\/files.sunoresearch.com.br\/n\/uploads\/2020\/06\/2d15c3ea-etf-e1727352999315-jpg.webp\",\"keywords\":[\"B3 (B3SA3)\",\"blockchain\",\"ETFs\"],\"articleSection\":[\"Neg\u00f3cios\"],\"inLanguage\":\"pt-BR\"},{\"@type\":\"WebPage\",\"@id\":\"https:\/\/www.suno.com.br\/noticias\/reservas-etf-defi11-financas-descentralizadas\/\",\"url\":\"https:\/\/www.suno.com.br\/noticias\/reservas-etf-defi11-financas-descentralizadas\/\",\"name\":\"Reservas para ETF de finan\u00e7as descentralizadas (DEFI11) v\u00e3o at\u00e9 dia 11\",\"isPartOf\":{\"@id\":\"https:\/\/www.suno.com.br\/noticias\/#website\"},\"primaryImageOfPage\":{\"@id\":\"https:\/\/www.suno.com.br\/noticias\/reservas-etf-defi11-financas-descentralizadas\/#primaryimage\"},\"image\":{\"@id\":\"https:\/\/www.suno.com.br\/noticias\/reservas-etf-defi11-financas-descentralizadas\/#primaryimage\"},\"thumbnailUrl\":\"https:\/\/files.sunoresearch.com.br\/n\/uploads\/2020\/06\/2d15c3ea-etf-e1727352999315-jpg.webp\",\"datePublished\":\"2022-02-04T23:28:15+00:00\",\"description\":\"O per\u00edodo de reserva do primeiro ETF de finan\u00e7as descentralizadas (DeFi), o DEFI11, da Hashdex, acaba na pr\u00f3xima sexta-feira (11).\",\"breadcrumb\":{\"@id\":\"https:\/\/www.suno.com.br\/noticias\/reservas-etf-defi11-financas-descentralizadas\/#breadcrumb\"},\"inLanguage\":\"pt-BR\",\"potentialAction\":[{\"@type\":\"ReadAction\",\"target\":[\"https:\/\/www.suno.com.br\/noticias\/reservas-etf-defi11-financas-descentralizadas\/\"]}]},{\"@type\":\"ImageObject\",\"inLanguage\":\"pt-BR\",\"@id\":\"https:\/\/www.suno.com.br\/noticias\/reservas-etf-defi11-financas-descentralizadas\/#primaryimage\",\"url\":\"https:\/\/files.sunoresearch.com.br\/n\/uploads\/2020\/06\/2d15c3ea-etf-e1727352999315-jpg.webp\",\"contentUrl\":\"https:\/\/files.sunoresearch.com.br\/n\/uploads\/2020\/06\/2d15c3ea-etf-e1727352999315-jpg.webp\",\"width\":1300,\"height\":867,\"caption\":\"ETFs. Foto: Unsplash\"},{\"@type\":\"BreadcrumbList\",\"@id\":\"https:\/\/www.suno.com.br\/noticias\/reservas-etf-defi11-financas-descentralizadas\/#breadcrumb\",\"itemListElement\":[{\"@type\":\"ListItem\",\"position\":1,\"name\":\"Not\u00edcias\",\"item\":\"https:\/\/www.suno.com.br\/noticias\/\"},{\"@type\":\"ListItem\",\"position\":2,\"name\":\"Neg\u00f3cios\",\"item\":\"https:\/\/www.suno.com.br\/noticias\/negocios\/\"},{\"@type\":\"ListItem\",\"position\":3,\"name\":\"Reservas para ETF de finan\u00e7as descentralizadas (DEFI11) v\u00e3o at\u00e9 dia 11\"}]},{\"@type\":\"WebSite\",\"@id\":\"https:\/\/www.suno.com.br\/noticias\/#website\",\"url\":\"https:\/\/www.suno.com.br\/noticias\/\",\"name\":\"Suno Not\u00edcias\",\"description\":\"Seu portal de informa\u00e7\u00e3o sobre o mundo dos investimentos\",\"publisher\":{\"@id\":\"https:\/\/www.suno.com.br\/noticias\/#organization\"},\"potentialAction\":[{\"@type\":\"SearchAction\",\"target\":{\"@type\":\"EntryPoint\",\"urlTemplate\":\"https:\/\/www.suno.com.br\/noticias\/?s={search_term_string}\"},\"query-input\":{\"@type\":\"PropertyValueSpecification\",\"valueRequired\":true,\"valueName\":\"search_term_string\"}}],\"inLanguage\":\"pt-BR\"},{\"@type\":\"Organization\",\"@id\":\"https:\/\/www.suno.com.br\/noticias\/#organization\",\"name\":\"Suno Not\u00edcias\",\"url\":\"https:\/\/www.suno.com.br\/noticias\/\",\"logo\":{\"@type\":\"ImageObject\",\"inLanguage\":\"pt-BR\",\"@id\":\"https:\/\/www.suno.com.br\/noticias\/#\/schema\/logo\/image\/\",\"url\":\"https:\/\/files.sunoresearch.com.br\/n\/uploads\/2021\/09\/suno-logo.png\",\"contentUrl\":\"https:\/\/files.sunoresearch.com.br\/n\/uploads\/2021\/09\/suno-logo.png\",\"width\":180,\"height\":180,\"caption\":\"Suno Not\u00edcias\"},\"image\":{\"@id\":\"https:\/\/www.suno.com.br\/noticias\/#\/schema\/logo\/image\/\"},\"sameAs\":[\"https:\/\/facebook.com\/sunoresearch\",\"https:\/\/x.com\/sunoresearch\",\"https:\/\/www.instagram.com\/suno\",\"https:\/\/www.linkedin.com\/company\/suno-research\/\",\"https:\/\/www.youtube.com\/c\/sunoresearch\"]},{\"@type\":\"Person\",\"@id\":\"https:\/\/www.suno.com.br\/noticias\/#\/schema\/person\/46d847cb19ad53fde0857adca989c23f\",\"name\":\"Vict\u00f3ria Anhesini\",\"image\":{\"@type\":\"ImageObject\",\"inLanguage\":\"pt-BR\",\"@id\":\"https:\/\/www.suno.com.br\/noticias\/#\/schema\/person\/image\/\",\"url\":\"https:\/\/secure.gravatar.com\/avatar\/0172bdfcd9129dd9dd68794804304e6e?s=96&r=g\",\"contentUrl\":\"https:\/\/secure.gravatar.com\/avatar\/0172bdfcd9129dd9dd68794804304e6e?s=96&r=g\",\"caption\":\"Vict\u00f3ria Anhesini\"},\"description\":\"Rep\u00f3rter no Suno Not\u00edcias, cobre mercados, neg\u00f3cios e economia, escrevendo majoritariamente sobre movimentos das empresas, cobertura de balan\u00e7os trimestrais e Bolsa de Valores. Formada em jornalismo pela Universidade Presbiteriana Mackenzie em 2019, passou pelo portal de economia e finan\u00e7as EuQueroInvestir como rep\u00f3rter e anteriormente, trabalhou na assessoria de imprensa PinePR, onde liderou com startups de inova\u00e7\u00e3o, tecnologia e finan\u00e7as. Em seu tempo livre, fala sobre m\u00fasica para ambos os sites do selo ForMusic, Wikimetal e Mad Sound, e faz trabalho volunt\u00e1rio no programa Escreve Cartas do Poupatempo.\",\"sameAs\":[\"https:\/\/www.linkedin.com\/in\/victoria-anhesini\/\"],\"url\":\"https:\/\/www.suno.com.br\/noticias\/author\/victoria\/\"}]}<\/script>\n<!-- \/ Yoast SEO plugin. -->","yoast_head_json":{"title":"Reservas para ETF de finan\u00e7as descentralizadas (DEFI11) v\u00e3o at\u00e9 dia 11","description":"O per\u00edodo de reserva do primeiro ETF de finan\u00e7as descentralizadas (DeFi), o DEFI11, da Hashdex, acaba na pr\u00f3xima sexta-feira (11).","robots":{"index":"index","follow":"follow","max-snippet":"max-snippet:-1","max-image-preview":"max-image-preview:large","max-video-preview":"max-video-preview:-1"},"canonical":"https:\/\/www.suno.com.br\/noticias\/reservas-etf-defi11-financas-descentralizadas\/","og_locale":"pt_BR","og_type":"article","og_title":"Reservas para ETF de finan\u00e7as descentralizadas (DEFI11) v\u00e3o at\u00e9 dia 11","og_description":"O per\u00edodo de reserva do primeiro ETF de finan\u00e7as descentralizadas (DeFi), o DEFI11, da Hashdex, acaba na pr\u00f3xima sexta-feira (11).","og_url":"https:\/\/www.suno.com.br\/noticias\/reservas-etf-defi11-financas-descentralizadas\/","og_site_name":"Suno Not\u00edcias","article_publisher":"https:\/\/facebook.com\/sunoresearch","og_image":[{"width":2119,"height":1414,"url":"https:\/\/files.sunoresearch.com.br\/n\/uploads\/2020\/06\/2d15c3ea-etf.jpg","type":"image\/jpeg"}],"author":"Vict\u00f3ria Anhesini","twitter_card":"summary_large_image","twitter_creator":"@sunoresearch","twitter_site":"@sunoresearch","twitter_misc":{"Escrito por":"Vict\u00f3ria Anhesini","Est. tempo de leitura":"3 minutos"},"schema":{"@context":"https:\/\/schema.org","@graph":[{"@type":"NewsArticle","@id":"https:\/\/www.suno.com.br\/noticias\/reservas-etf-defi11-financas-descentralizadas\/#article","isPartOf":{"@id":"https:\/\/www.suno.com.br\/noticias\/reservas-etf-defi11-financas-descentralizadas\/"},"author":{"name":"Vict\u00f3ria Anhesini","@id":"https:\/\/www.suno.com.br\/noticias\/#\/schema\/person\/46d847cb19ad53fde0857adca989c23f"},"headline":"Reservas para ETF de finan\u00e7as descentralizadas (DEFI11) v\u00e3o at\u00e9 dia 11","datePublished":"2022-02-04T23:28:15+00:00","mainEntityOfPage":{"@id":"https:\/\/www.suno.com.br\/noticias\/reservas-etf-defi11-financas-descentralizadas\/"},"wordCount":559,"publisher":{"@id":"https:\/\/www.suno.com.br\/noticias\/#organization"},"image":{"@id":"https:\/\/www.suno.com.br\/noticias\/reservas-etf-defi11-financas-descentralizadas\/#primaryimage"},"thumbnailUrl":"https:\/\/files.sunoresearch.com.br\/n\/uploads\/2020\/06\/2d15c3ea-etf-e1727352999315-jpg.webp","keywords":["B3 (B3SA3)","blockchain","ETFs"],"articleSection":["Neg\u00f3cios"],"inLanguage":"pt-BR"},{"@type":"WebPage","@id":"https:\/\/www.suno.com.br\/noticias\/reservas-etf-defi11-financas-descentralizadas\/","url":"https:\/\/www.suno.com.br\/noticias\/reservas-etf-defi11-financas-descentralizadas\/","name":"Reservas para ETF de finan\u00e7as descentralizadas (DEFI11) v\u00e3o at\u00e9 dia 11","isPartOf":{"@id":"https:\/\/www.suno.com.br\/noticias\/#website"},"primaryImageOfPage":{"@id":"https:\/\/www.suno.com.br\/noticias\/reservas-etf-defi11-financas-descentralizadas\/#primaryimage"},"image":{"@id":"https:\/\/www.suno.com.br\/noticias\/reservas-etf-defi11-financas-descentralizadas\/#primaryimage"},"thumbnailUrl":"https:\/\/files.sunoresearch.com.br\/n\/uploads\/2020\/06\/2d15c3ea-etf-e1727352999315-jpg.webp","datePublished":"2022-02-04T23:28:15+00:00","description":"O per\u00edodo de reserva do primeiro ETF de finan\u00e7as descentralizadas (DeFi), o DEFI11, da Hashdex, acaba na pr\u00f3xima sexta-feira (11).","breadcrumb":{"@id":"https:\/\/www.suno.com.br\/noticias\/reservas-etf-defi11-financas-descentralizadas\/#breadcrumb"},"inLanguage":"pt-BR","potentialAction":[{"@type":"ReadAction","target":["https:\/\/www.suno.com.br\/noticias\/reservas-etf-defi11-financas-descentralizadas\/"]}]},{"@type":"ImageObject","inLanguage":"pt-BR","@id":"https:\/\/www.suno.com.br\/noticias\/reservas-etf-defi11-financas-descentralizadas\/#primaryimage","url":"https:\/\/files.sunoresearch.com.br\/n\/uploads\/2020\/06\/2d15c3ea-etf-e1727352999315-jpg.webp","contentUrl":"https:\/\/files.sunoresearch.com.br\/n\/uploads\/2020\/06\/2d15c3ea-etf-e1727352999315-jpg.webp","width":1300,"height":867,"caption":"ETFs. Foto: Unsplash"},{"@type":"BreadcrumbList","@id":"https:\/\/www.suno.com.br\/noticias\/reservas-etf-defi11-financas-descentralizadas\/#breadcrumb","itemListElement":[{"@type":"ListItem","position":1,"name":"Not\u00edcias","item":"https:\/\/www.suno.com.br\/noticias\/"},{"@type":"ListItem","position":2,"name":"Neg\u00f3cios","item":"https:\/\/www.suno.com.br\/noticias\/negocios\/"},{"@type":"ListItem","position":3,"name":"Reservas para ETF de finan\u00e7as descentralizadas (DEFI11) v\u00e3o at\u00e9 dia 11"}]},{"@type":"WebSite","@id":"https:\/\/www.suno.com.br\/noticias\/#website","url":"https:\/\/www.suno.com.br\/noticias\/","name":"Suno Not\u00edcias","description":"Seu portal de informa\u00e7\u00e3o sobre o mundo dos investimentos","publisher":{"@id":"https:\/\/www.suno.com.br\/noticias\/#organization"},"potentialAction":[{"@type":"SearchAction","target":{"@type":"EntryPoint","urlTemplate":"https:\/\/www.suno.com.br\/noticias\/?s={search_term_string}"},"query-input":{"@type":"PropertyValueSpecification","valueRequired":true,"valueName":"search_term_string"}}],"inLanguage":"pt-BR"},{"@type":"Organization","@id":"https:\/\/www.suno.com.br\/noticias\/#organization","name":"Suno Not\u00edcias","url":"https:\/\/www.suno.com.br\/noticias\/","logo":{"@type":"ImageObject","inLanguage":"pt-BR","@id":"https:\/\/www.suno.com.br\/noticias\/#\/schema\/logo\/image\/","url":"https:\/\/files.sunoresearch.com.br\/n\/uploads\/2021\/09\/suno-logo.png","contentUrl":"https:\/\/files.sunoresearch.com.br\/n\/uploads\/2021\/09\/suno-logo.png","width":180,"height":180,"caption":"Suno Not\u00edcias"},"image":{"@id":"https:\/\/www.suno.com.br\/noticias\/#\/schema\/logo\/image\/"},"sameAs":["https:\/\/facebook.com\/sunoresearch","https:\/\/x.com\/sunoresearch","https:\/\/www.instagram.com\/suno","https:\/\/www.linkedin.com\/company\/suno-research\/","https:\/\/www.youtube.com\/c\/sunoresearch"]},{"@type":"Person","@id":"https:\/\/www.suno.com.br\/noticias\/#\/schema\/person\/46d847cb19ad53fde0857adca989c23f","name":"Vict\u00f3ria Anhesini","image":{"@type":"ImageObject","inLanguage":"pt-BR","@id":"https:\/\/www.suno.com.br\/noticias\/#\/schema\/person\/image\/","url":"https:\/\/secure.gravatar.com\/avatar\/0172bdfcd9129dd9dd68794804304e6e?s=96&r=g","contentUrl":"https:\/\/secure.gravatar.com\/avatar\/0172bdfcd9129dd9dd68794804304e6e?s=96&r=g","caption":"Vict\u00f3ria Anhesini"},"description":"Rep\u00f3rter no Suno Not\u00edcias, cobre mercados, neg\u00f3cios e economia, escrevendo majoritariamente sobre movimentos das empresas, cobertura de balan\u00e7os trimestrais e Bolsa de Valores. Formada em jornalismo pela Universidade Presbiteriana Mackenzie em 2019, passou pelo portal de economia e finan\u00e7as EuQueroInvestir como rep\u00f3rter e anteriormente, trabalhou na assessoria de imprensa PinePR, onde liderou com startups de inova\u00e7\u00e3o, tecnologia e finan\u00e7as. Em seu tempo livre, fala sobre m\u00fasica para ambos os sites do selo ForMusic, Wikimetal e Mad Sound, e faz trabalho volunt\u00e1rio no programa Escreve Cartas do Poupatempo.","sameAs":["https:\/\/www.linkedin.com\/in\/victoria-anhesini\/"],"url":"https:\/\/www.suno.com.br\/noticias\/author\/victoria\/"}]}},"default_loop_html":"<div class=\"cardsPage__listCard__boxs\"><div class=\"cardsPage__listCard__boxs__img\"><a href=\"https:\/\/www.suno.com.br\/noticias\/reservas-etf-defi11-financas-descentralizadas\/\"><img class=\"mask\" src=\"https:\/\/www.suno.com.br\/noticias\/wp-content\/themes\/suno\/resources\/images\/spotlight\/spotlight1img\/bg-mask.png\" alt=\"Image Mask\"\/><img src=\"https:\/\/files.sunoresearch.com.br\/n\/uploads\/2020\/06\/2d15c3ea-etf-e1727352999315-400x200.webp\" alt=\"Reservas para ETF de finan\u00e7as descentralizadas (DEFI11) v\u00e3o at\u00e9 dia 11\"\/><\/a><span class=\"spotlightCategory\"><a href=\"https:\/\/www.suno.com.br\/noticias\/negocios\/\">Neg\u00f3cios<\/a><\/span><\/div><div class=\"cardsPage__listCard__boxs__content\"><a href=\"https:\/\/www.suno.com.br\/noticias\/reservas-etf-defi11-financas-descentralizadas\/\"><h2 class=\"content__title\">Reservas para ETF de finan\u00e7as descentralizadas (DEFI11) v\u00e3o at\u00e9 dia 11<\/h2><\/a><div class=\"newsContent__article__meta\"><div class=\"newsContent__article__meta__authorBox\"><a href=\"https:\/\/www.suno.com.br\/noticias\/author\/victoria\/\" class=\"authorBox__avatar noMobi\"><img src=\"https:\/\/files.sunoresearch.com.br\/n\/uploads\/2021\/12\/20190129VickyPINEAPPLE01-1-150x150.jpg\" alt=\"Vict\u00f3ria Anhesini\"><\/a><div class=\"authorBox__name\"><span>por\n\t\t\t<a href=\"https:\/\/www.suno.com.br\/noticias\/author\/victoria\/\"><span itemprop=\"author\">Vict\u00f3ria Anhesini<\/span><\/a><\/span><time datetime=\"2022-02-04T20:28:15-03:00\" itemprop=\"datePublished\">04\/02\/2022 20:28<\/time><\/div><\/div><\/div><\/div><\/div>","single_layout":"posts","amp_enabled":true,"_links":{"self":[{"href":"https:\/\/www.suno.com.br\/noticias\/wp-json\/wp\/v2\/posts\/228562"}],"collection":[{"href":"https:\/\/www.suno.com.br\/noticias\/wp-json\/wp\/v2\/posts"}],"about":[{"href":"https:\/\/www.suno.com.br\/noticias\/wp-json\/wp\/v2\/types\/post"}],"author":[{"embeddable":true,"href":"https:\/\/www.suno.com.br\/noticias\/wp-json\/wp\/v2\/users\/146"}],"replies":[{"embeddable":true,"href":"https:\/\/www.suno.com.br\/noticias\/wp-json\/wp\/v2\/comments?post=228562"}],"version-history":[{"count":3,"href":"https:\/\/www.suno.com.br\/noticias\/wp-json\/wp\/v2\/posts\/228562\/revisions"}],"predecessor-version":[{"id":228754,"href":"https:\/\/www.suno.com.br\/noticias\/wp-json\/wp\/v2\/posts\/228562\/revisions\/228754"}],"wp:featuredmedia":[{"embeddable":true,"href":"https:\/\/www.suno.com.br\/noticias\/wp-json\/wp\/v2\/media\/68483"}],"wp:attachment":[{"href":"https:\/\/www.suno.com.br\/noticias\/wp-json\/wp\/v2\/media?parent=228562"}],"wp:term":[{"taxonomy":"category","embeddable":true,"href":"https:\/\/www.suno.com.br\/noticias\/wp-json\/wp\/v2\/categories?post=228562"},{"taxonomy":"post_tag","embeddable":true,"href":"https:\/\/www.suno.com.br\/noticias\/wp-json\/wp\/v2\/tags?post=228562"},{"taxonomy":"suno_strategy","embeddable":true,"href":"https:\/\/www.suno.com.br\/noticias\/wp-json\/wp\/v2\/suno_strategy?post=228562"}],"curies":[{"name":"wp","href":"https:\/\/api.w.org\/{rel}","templated":true}]}}