{"id":22852,"date":"2019-04-30T17:42:45","date_gmt":"2019-04-30T20:42:45","guid":{"rendered":"https:\/\/www.suno.com.br\/noticias\/?p=22852"},"modified":"2019-04-30T17:43:02","modified_gmt":"2019-04-30T20:43:02","slug":"eletrobras-privatizacao-mourao","status":"publish","type":"post","link":"https:\/\/www.suno.com.br\/noticias\/eletrobras-privatizacao-mourao\/","title":{"rendered":"Eletrobras: privatiza\u00e7\u00e3o deve ficar &#8216;mais para frente&#8217;, diz Mour\u00e3o"},"content":{"rendered":"<p>A privatiza\u00e7\u00e3o da Eletrobras deve ficar para &#8220;mais para a frente&#8221;, disse o vice-presidente Hamilton Mour\u00e3o. A afirma\u00e7\u00e3o ocorreu em entrevista ao &#8220;Pol\u00edtico&#8221;, site especializado em not\u00edcias do setor de \u00f3leo e g\u00e1s.<\/p>\t<div class=\"wrapper-featured-image\">\n\t\t<figure class=\"spotlightImg\">\n\n\t\t\t<picture>\n\t\t\t\t<source media=\"(max-width: 768px)\" srcset=\"https:\/\/files.sunoresearch.com.br\/n\/uploads\/2018\/10\/8c9deccc-eletrobras-400x200.webp\">\n\t\t\t\t<img loading=\"lazy\" decoding=\"async\" class=\"newsContent__article__imgCapa lazyloadDisabled newsContent__article__imgCapa--noCaption\" src=\"https:\/\/files.sunoresearch.com.br\/n\/uploads\/2018\/10\/8c9deccc-eletrobras-800x450.webp\" width=\"800\" height=\"450\" alt=\"Eletrobras: privatiza\u00e7\u00e3o deve ficar &#8216;mais para frente&#8217;, diz Mour\u00e3o\" fetchpriority=high \/>\n\t\t\t<\/picture>\n\n\t\t\t<figcaption class=\"wp-caption-text wp-caption-text--hide\">eletrobras<\/figcaption>\n\t\t<\/figure>\n\t<\/div>\n\n\n<p>Al\u00e9m disso, o vice-presidente declarou que a <strong>privatiza\u00e7\u00e3o <\/strong>da empresa deve passar por uma &#8220;discuss\u00e3o mais aprofundada&#8221;.\u00a0\u201cA <strong>Eletrobras<\/strong> \u00e9 objeto de altas discuss\u00f5es. At\u00e9 agora n\u00e3o me debrucei em um estudo mais aprofundado sobre o caso. Isso vai ser discutido em algum momento, dentro desse projeto das <strong>privatiza\u00e7\u00f5es<\/strong> que v\u00e3o ocorrer, mas vejo que a Eletrobras talvez seja jogada mais para frente. Primeiro vai se trabalhar naquelas privatiza\u00e7\u00f5es que s\u00e3o mais simples de ser&#8221;.<\/p>\n<p><a href=\"https:\/\/www.suno.com.br\/noticias\/eletrobras-reverte-prejuizo-melhor-resultado\/\">Saiba mais:\u00a0Eletrobras reverte preju\u00edzo de 2017 e tem melhor resultado em 20 anos<\/a><\/p>\n<p>Mor\u00e3o criticou ainda a utiliza\u00e7\u00e3o pol\u00edtica das <strong>empresas estatais<\/strong>.\u00a0\u201cElas [estatais] come\u00e7am como uma excelente ideia. \u2018O estado tem que intervir, tem que fazer\u2019, mas depois ela (estatal) vira um mastodonte. A\u00ed, h\u00e1 o uso pol\u00edtico\u201d.<\/p>\n\t<p>\n\t\t<a href=\"https:\/\/lp.suno.com.br\/ao\/sessao-estrategica-consultoria-c\/?utm_source=suno-noticias&#038;utm_medium=banner&#038;utm_campaign=_SNC36CE4E9F_&#038;utm_content=fundos-imobiliarios-ou-imoveis-onde-investir-500-mil-go\" target=\"_blank\" data-element=\"shortcode-suno-banner\" title=\"Banner SUNO, clique e saiba mais\">\n\t\t\t<picture>\n\t\t\t\t<source media=\"(max-width: 500px)\" srcset=\"https:\/\/files.sunoresearch.com.br\/n\/uploads\/2025\/09\/300x400.webp\">\n\t\t\t\t<img class=\"newsContent__article__imgCapa newsContent__article__imgCapa--banner\"\n\t\t\t\t\tsrc=\"https:\/\/files.sunoresearch.com.br\/n\/uploads\/2025\/09\/SN-DT-1420x240-1.webp\"\n\t\t\t\t\tdata-promo-id=\"635171\"\t\t\t\t\t\t\t\t\t\twidth='1420' height='240'\t\t\t\t\talt=\"https:\/\/files.sunoresearch.com.br\/n\/uploads\/2025\/09\/SN-DT-1420x240-1.webp\"\n\t\t\t\t>\n\t\t\t<\/picture>\n\t\t<\/a>\n\t<\/p>\n\n\n<p>O vice-presidente tamb\u00e9m falou sobre <strong>Roraima<\/strong>, regi\u00e3o mais afetada pela crise humanit\u00e1ria da Venezuela. O pa\u00eds exporta energia para o estado.<\/p>\n<p><a href=\"https:\/\/www.suno.com.br\/noticias\/eletrobras-capitalizacao-nao-maleficios\/\">Saiba mais:\u00a0Eletrobras &#8211; capitaliza\u00e7\u00e3o n\u00e3o tem malef\u00edcios, diz presidente da estatal<\/a><\/p>\n<p>\u201cTemos <strong>energia<\/strong> no restante do pa\u00eds, por enquanto, j\u00e1 que a economia n\u00e3o est\u00e1 ainda em um n\u00edvel de crescimento maior, ent\u00e3o temos energia para Roraima e para acabar com a escravid\u00e3o da energia da <strong>Venezuela<\/strong>, com os problemas que o pa\u00eds enfrenta, e tamb\u00e9m a quest\u00e3o das termel\u00e9tricas. O consumo de \u00f3leo \u00e9 at\u00e9 dif\u00edcil de transportar e colocar l\u00e1 (em Roraima)&#8221;.<\/p>\n<h2>Energia nuclear<\/h2>\n<p>Mour\u00e3o afirmou que n\u00e3o observa restri\u00e7\u00f5es para a entrada de empresas estrangeiras no setor de gera\u00e7\u00e3o de energia nuclear no Brasil.<\/p>\n<p>\u201cN\u00e3o vejo [problema]. Come\u00e7amos com um acordo com Alemanha [para a constru\u00e7\u00e3o de Angra 1, iniciada em 1972], e tem que terminar Angra 3. A energia nuclear, no final de contas, \u00e9 uma energia limpa. Temos uma quantidade boa de ur\u00e2nio aqui no pa\u00eds e n\u00e3o podemos fechar as portas para a energia nuclear\u201d, disse.<\/p>\n\t<p>\n\t\t<a href=\"https:\/\/lp.statusinvest.com.br\/ao\/assessoria-status-invest\/\" target=\"_blank\" data-element=\"shortcode-suno-banner\" title=\"Banner SUNO, clique e saiba mais\">\n\t\t\t<picture>\n\t\t\t\t<source media=\"(max-width: 500px)\" srcset=\"https:\/\/files.sunoresearch.com.br\/n\/uploads\/2024\/03\/400x300-Mobile.png\">\n\t\t\t\t<img class=\"newsContent__article__imgCapa newsContent__article__imgCapa--banner\"\n\t\t\t\t\tsrc=\"https:\/\/files.sunoresearch.com.br\/n\/uploads\/2024\/03\/1420x240-Desktop.png\"\n\t\t\t\t\tdata-promo-id=\"537248\"\t\t\t\t\t\t\t\t\t\twidth='1400' height='240'\t\t\t\t\talt=\"https:\/\/files.sunoresearch.com.br\/n\/uploads\/2024\/03\/1420x240-Desktop.png\"\n\t\t\t\t>\n\t\t\t<\/picture>\n\t\t<\/a>\n\t<\/p>\n\n\n<h2>Privatiza\u00e7\u00e3o das refinarias<\/h2>\n<p>Sobre a privatiza\u00e7\u00e3o das refinarias da <strong>Petrobras<\/strong>, Mour\u00e3o disse que a negocia\u00e7\u00e3o \u00e9 &#8220;mais simples&#8221; do que a da <strong>Eletrobras<\/strong>. Na \u00faltima sexta-feira (26), a estatal informou que ir\u00e1 fazer uma nova rodada de venda de ativos. O objetivo \u00e9 ampliar o desinvestimento da estatal.<\/p>\n<p><a href=\"https:\/\/www.suno.com.br\/noticias\/novo-modelo-capitalizacao-eletrobras-junho-minas-energia\/\">Saiba mais:\u00a0Novo modelo de capitaliza\u00e7\u00e3o da Eletrobras deve ser definido at\u00e9 junho<\/a><\/p>\n","protected":false},"excerpt":{"rendered":"<p>A privatiza\u00e7\u00e3o da Eletrobras deve ficar para &#8220;mais para a frente&#8221;, disse o vice-presidente Hamilton Mour\u00e3o. A afirma\u00e7\u00e3o ocorreu em entrevista ao &#8220;Pol\u00edtico&#8221;, site especializado em not\u00edcias do setor de \u00f3leo e g\u00e1s. eletrobras Al\u00e9m disso, o vice-presidente declarou que a privatiza\u00e7\u00e3o da empresa deve passar por uma &#8220;discuss\u00e3o mais aprofundada&#8221;.\u00a0\u201cA Eletrobras \u00e9 objeto de [&hellip;]<\/p>\n","protected":false},"author":14,"featured_media":5140,"comment_status":"closed","ping_status":"closed","sticky":false,"template":"","format":"standard","meta":[],"categories":[64],"tags":[455,1019,945],"suno_strategy":[],"class_list":["post-22852","post","type-post","status-publish","format-standard","has-post-thumbnail","hentry","category-negocios","tag-eletrobras-elet3-elet5-elet6","tag-hamilton-mourao","tag-privatizacoes"],"yoast_head":"<!-- This site is optimized with the Yoast SEO plugin v24.4 - https:\/\/yoast.com\/wordpress\/plugins\/seo\/ -->\n<title>Eletrobras: privatiza\u00e7\u00e3o deve ficar &#039;mais para frente&#039;, diz Mour\u00e3o<\/title>\n<meta name=\"description\" content=\"A privatiza\u00e7\u00e3o da Eletrobras est\u00e1 prevista para ocorrer desde o governo de Michel Temer. A fala de Mour\u00e3o ocorreu em entrevista. Cliqui e saiba mais.\" \/>\n<meta name=\"robots\" content=\"index, follow, max-snippet:-1, max-image-preview:large, max-video-preview:-1\" \/>\n<link rel=\"canonical\" href=\"https:\/\/www.suno.com.br\/noticias\/eletrobras-privatizacao-mourao\/\" \/>\n<meta property=\"og:locale\" content=\"pt_BR\" \/>\n<meta property=\"og:type\" content=\"article\" \/>\n<meta property=\"og:title\" content=\"Eletrobras: privatiza\u00e7\u00e3o deve ficar &#039;mais para frente&#039;, diz Mour\u00e3o\" \/>\n<meta property=\"og:description\" content=\"A privatiza\u00e7\u00e3o da Eletrobras est\u00e1 prevista para ocorrer desde o governo de Michel Temer. A fala de Mour\u00e3o ocorreu em entrevista. Cliqui e saiba mais.\" \/>\n<meta property=\"og:url\" content=\"https:\/\/www.suno.com.br\/noticias\/eletrobras-privatizacao-mourao\/\" \/>\n<meta property=\"og:site_name\" content=\"Suno Not\u00edcias\" \/>\n<meta property=\"article:publisher\" content=\"https:\/\/facebook.com\/sunoresearch\" \/>\n<meta property=\"og:image\" content=\"https:\/\/files.sunoresearch.com.br\/n\/uploads\/2018\/10\/8c9deccc-eletrobras.jpg\" \/>\n\t<meta property=\"og:image:width\" content=\"1920\" \/>\n\t<meta property=\"og:image:height\" content=\"960\" \/>\n\t<meta property=\"og:image:type\" content=\"image\/jpeg\" \/>\n<meta name=\"author\" content=\"Renan Dantas\" \/>\n<meta name=\"twitter:card\" content=\"summary_large_image\" \/>\n<meta name=\"twitter:creator\" content=\"@sunoresearch\" \/>\n<meta name=\"twitter:site\" content=\"@sunoresearch\" \/>\n<meta name=\"twitter:label1\" content=\"Escrito por\" \/>\n\t<meta name=\"twitter:data1\" content=\"Renan Dantas\" \/>\n\t<meta name=\"twitter:label2\" content=\"Est. tempo de leitura\" \/>\n\t<meta name=\"twitter:data2\" content=\"2 minutos\" \/>\n<script type=\"application\/ld+json\" class=\"yoast-schema-graph\">{\"@context\":\"https:\/\/schema.org\",\"@graph\":[{\"@type\":\"NewsArticle\",\"@id\":\"https:\/\/www.suno.com.br\/noticias\/eletrobras-privatizacao-mourao\/#article\",\"isPartOf\":{\"@id\":\"https:\/\/www.suno.com.br\/noticias\/eletrobras-privatizacao-mourao\/\"},\"author\":{\"name\":\"Renan Dantas\",\"@id\":\"https:\/\/www.suno.com.br\/noticias\/#\/schema\/person\/3f7693d5795a3f6d5ce15309ee785699\"},\"headline\":\"Eletrobras: privatiza\u00e7\u00e3o deve ficar &#8216;mais para frente&#8217;, diz Mour\u00e3o\",\"datePublished\":\"2019-04-30T20:42:45+00:00\",\"dateModified\":\"2019-04-30T20:43:02+00:00\",\"mainEntityOfPage\":{\"@id\":\"https:\/\/www.suno.com.br\/noticias\/eletrobras-privatizacao-mourao\/\"},\"wordCount\":452,\"publisher\":{\"@id\":\"https:\/\/www.suno.com.br\/noticias\/#organization\"},\"image\":{\"@id\":\"https:\/\/www.suno.com.br\/noticias\/eletrobras-privatizacao-mourao\/#primaryimage\"},\"thumbnailUrl\":\"https:\/\/files.sunoresearch.com.br\/n\/uploads\/2018\/10\/8c9deccc-eletrobras-jpg.webp\",\"keywords\":[\"Eletrobras (ELET3\/ELET5\/ELET6)\",\"Hamilton Mour\u00e3o\",\"privatiza\u00e7\u00f5es\"],\"articleSection\":[\"Neg\u00f3cios\"],\"inLanguage\":\"pt-BR\"},{\"@type\":\"WebPage\",\"@id\":\"https:\/\/www.suno.com.br\/noticias\/eletrobras-privatizacao-mourao\/\",\"url\":\"https:\/\/www.suno.com.br\/noticias\/eletrobras-privatizacao-mourao\/\",\"name\":\"Eletrobras: privatiza\u00e7\u00e3o deve ficar 'mais para frente', diz Mour\u00e3o\",\"isPartOf\":{\"@id\":\"https:\/\/www.suno.com.br\/noticias\/#website\"},\"primaryImageOfPage\":{\"@id\":\"https:\/\/www.suno.com.br\/noticias\/eletrobras-privatizacao-mourao\/#primaryimage\"},\"image\":{\"@id\":\"https:\/\/www.suno.com.br\/noticias\/eletrobras-privatizacao-mourao\/#primaryimage\"},\"thumbnailUrl\":\"https:\/\/files.sunoresearch.com.br\/n\/uploads\/2018\/10\/8c9deccc-eletrobras-jpg.webp\",\"datePublished\":\"2019-04-30T20:42:45+00:00\",\"dateModified\":\"2019-04-30T20:43:02+00:00\",\"description\":\"A privatiza\u00e7\u00e3o da Eletrobras est\u00e1 prevista para ocorrer desde o governo de Michel Temer. A fala de Mour\u00e3o ocorreu em entrevista. Cliqui e saiba mais.\",\"breadcrumb\":{\"@id\":\"https:\/\/www.suno.com.br\/noticias\/eletrobras-privatizacao-mourao\/#breadcrumb\"},\"inLanguage\":\"pt-BR\",\"potentialAction\":[{\"@type\":\"ReadAction\",\"target\":[\"https:\/\/www.suno.com.br\/noticias\/eletrobras-privatizacao-mourao\/\"]}]},{\"@type\":\"ImageObject\",\"inLanguage\":\"pt-BR\",\"@id\":\"https:\/\/www.suno.com.br\/noticias\/eletrobras-privatizacao-mourao\/#primaryimage\",\"url\":\"https:\/\/files.sunoresearch.com.br\/n\/uploads\/2018\/10\/8c9deccc-eletrobras-jpg.webp\",\"contentUrl\":\"https:\/\/files.sunoresearch.com.br\/n\/uploads\/2018\/10\/8c9deccc-eletrobras-jpg.webp\",\"width\":1920,\"height\":960,\"caption\":\"eletrobras\"},{\"@type\":\"BreadcrumbList\",\"@id\":\"https:\/\/www.suno.com.br\/noticias\/eletrobras-privatizacao-mourao\/#breadcrumb\",\"itemListElement\":[{\"@type\":\"ListItem\",\"position\":1,\"name\":\"Not\u00edcias\",\"item\":\"https:\/\/www.suno.com.br\/noticias\/\"},{\"@type\":\"ListItem\",\"position\":2,\"name\":\"Neg\u00f3cios\",\"item\":\"https:\/\/www.suno.com.br\/noticias\/negocios\/\"},{\"@type\":\"ListItem\",\"position\":3,\"name\":\"Eletrobras: privatiza\u00e7\u00e3o deve ficar &#8216;mais para frente&#8217;, diz Mour\u00e3o\"}]},{\"@type\":\"WebSite\",\"@id\":\"https:\/\/www.suno.com.br\/noticias\/#website\",\"url\":\"https:\/\/www.suno.com.br\/noticias\/\",\"name\":\"Suno Not\u00edcias\",\"description\":\"Seu portal de informa\u00e7\u00e3o sobre o mundo dos investimentos\",\"publisher\":{\"@id\":\"https:\/\/www.suno.com.br\/noticias\/#organization\"},\"potentialAction\":[{\"@type\":\"SearchAction\",\"target\":{\"@type\":\"EntryPoint\",\"urlTemplate\":\"https:\/\/www.suno.com.br\/noticias\/?s={search_term_string}\"},\"query-input\":{\"@type\":\"PropertyValueSpecification\",\"valueRequired\":true,\"valueName\":\"search_term_string\"}}],\"inLanguage\":\"pt-BR\"},{\"@type\":\"Organization\",\"@id\":\"https:\/\/www.suno.com.br\/noticias\/#organization\",\"name\":\"Suno Not\u00edcias\",\"url\":\"https:\/\/www.suno.com.br\/noticias\/\",\"logo\":{\"@type\":\"ImageObject\",\"inLanguage\":\"pt-BR\",\"@id\":\"https:\/\/www.suno.com.br\/noticias\/#\/schema\/logo\/image\/\",\"url\":\"https:\/\/files.sunoresearch.com.br\/n\/uploads\/2021\/09\/suno-logo.png\",\"contentUrl\":\"https:\/\/files.sunoresearch.com.br\/n\/uploads\/2021\/09\/suno-logo.png\",\"width\":180,\"height\":180,\"caption\":\"Suno Not\u00edcias\"},\"image\":{\"@id\":\"https:\/\/www.suno.com.br\/noticias\/#\/schema\/logo\/image\/\"},\"sameAs\":[\"https:\/\/facebook.com\/sunoresearch\",\"https:\/\/x.com\/sunoresearch\",\"https:\/\/www.instagram.com\/suno\",\"https:\/\/www.linkedin.com\/company\/suno-research\/\",\"https:\/\/www.youtube.com\/c\/sunoresearch\"]},{\"@type\":\"Person\",\"@id\":\"https:\/\/www.suno.com.br\/noticias\/#\/schema\/person\/3f7693d5795a3f6d5ce15309ee785699\",\"name\":\"Renan Dantas\",\"image\":{\"@type\":\"ImageObject\",\"inLanguage\":\"pt-BR\",\"@id\":\"https:\/\/www.suno.com.br\/noticias\/#\/schema\/person\/image\/\",\"url\":\"https:\/\/secure.gravatar.com\/avatar\/1787b83e7484a08e51d62ac8b41c8396?s=96&r=g\",\"contentUrl\":\"https:\/\/secure.gravatar.com\/avatar\/1787b83e7484a08e51d62ac8b41c8396?s=96&r=g\",\"caption\":\"Renan Dantas\"},\"description\":\"Escreve sobre pol\u00edtica e mercado financeiro para o portal Suno Not\u00edcias. Antes, atuou na assessoria de comunica\u00e7\u00e3o do Minist\u00e9rio P\u00fablico do Trabalho e na R\u00e1dio Mackenzie, onde apresentava e produzia um programa sobre artistas da m\u00fasica brasileira. \u00c9 estudante na Universidade Presbiteriana Mackenzie.\",\"url\":\"https:\/\/www.suno.com.br\/noticias\/author\/renan-dantas\/\"}]}<\/script>\n<!-- \/ Yoast SEO plugin. -->","yoast_head_json":{"title":"Eletrobras: privatiza\u00e7\u00e3o deve ficar 'mais para frente', diz Mour\u00e3o","description":"A privatiza\u00e7\u00e3o da Eletrobras est\u00e1 prevista para ocorrer desde o governo de Michel Temer. A fala de Mour\u00e3o ocorreu em entrevista. Cliqui e saiba mais.","robots":{"index":"index","follow":"follow","max-snippet":"max-snippet:-1","max-image-preview":"max-image-preview:large","max-video-preview":"max-video-preview:-1"},"canonical":"https:\/\/www.suno.com.br\/noticias\/eletrobras-privatizacao-mourao\/","og_locale":"pt_BR","og_type":"article","og_title":"Eletrobras: privatiza\u00e7\u00e3o deve ficar 'mais para frente', diz Mour\u00e3o","og_description":"A privatiza\u00e7\u00e3o da Eletrobras est\u00e1 prevista para ocorrer desde o governo de Michel Temer. A fala de Mour\u00e3o ocorreu em entrevista. Cliqui e saiba mais.","og_url":"https:\/\/www.suno.com.br\/noticias\/eletrobras-privatizacao-mourao\/","og_site_name":"Suno Not\u00edcias","article_publisher":"https:\/\/facebook.com\/sunoresearch","og_image":[{"width":1920,"height":960,"url":"https:\/\/files.sunoresearch.com.br\/n\/uploads\/2018\/10\/8c9deccc-eletrobras.jpg","type":"image\/jpeg"}],"author":"Renan Dantas","twitter_card":"summary_large_image","twitter_creator":"@sunoresearch","twitter_site":"@sunoresearch","twitter_misc":{"Escrito por":"Renan Dantas","Est. tempo de leitura":"2 minutos"},"schema":{"@context":"https:\/\/schema.org","@graph":[{"@type":"NewsArticle","@id":"https:\/\/www.suno.com.br\/noticias\/eletrobras-privatizacao-mourao\/#article","isPartOf":{"@id":"https:\/\/www.suno.com.br\/noticias\/eletrobras-privatizacao-mourao\/"},"author":{"name":"Renan Dantas","@id":"https:\/\/www.suno.com.br\/noticias\/#\/schema\/person\/3f7693d5795a3f6d5ce15309ee785699"},"headline":"Eletrobras: privatiza\u00e7\u00e3o deve ficar &#8216;mais para frente&#8217;, diz Mour\u00e3o","datePublished":"2019-04-30T20:42:45+00:00","dateModified":"2019-04-30T20:43:02+00:00","mainEntityOfPage":{"@id":"https:\/\/www.suno.com.br\/noticias\/eletrobras-privatizacao-mourao\/"},"wordCount":452,"publisher":{"@id":"https:\/\/www.suno.com.br\/noticias\/#organization"},"image":{"@id":"https:\/\/www.suno.com.br\/noticias\/eletrobras-privatizacao-mourao\/#primaryimage"},"thumbnailUrl":"https:\/\/files.sunoresearch.com.br\/n\/uploads\/2018\/10\/8c9deccc-eletrobras-jpg.webp","keywords":["Eletrobras (ELET3\/ELET5\/ELET6)","Hamilton Mour\u00e3o","privatiza\u00e7\u00f5es"],"articleSection":["Neg\u00f3cios"],"inLanguage":"pt-BR"},{"@type":"WebPage","@id":"https:\/\/www.suno.com.br\/noticias\/eletrobras-privatizacao-mourao\/","url":"https:\/\/www.suno.com.br\/noticias\/eletrobras-privatizacao-mourao\/","name":"Eletrobras: privatiza\u00e7\u00e3o deve ficar 'mais para frente', diz Mour\u00e3o","isPartOf":{"@id":"https:\/\/www.suno.com.br\/noticias\/#website"},"primaryImageOfPage":{"@id":"https:\/\/www.suno.com.br\/noticias\/eletrobras-privatizacao-mourao\/#primaryimage"},"image":{"@id":"https:\/\/www.suno.com.br\/noticias\/eletrobras-privatizacao-mourao\/#primaryimage"},"thumbnailUrl":"https:\/\/files.sunoresearch.com.br\/n\/uploads\/2018\/10\/8c9deccc-eletrobras-jpg.webp","datePublished":"2019-04-30T20:42:45+00:00","dateModified":"2019-04-30T20:43:02+00:00","description":"A privatiza\u00e7\u00e3o da Eletrobras est\u00e1 prevista para ocorrer desde o governo de Michel Temer. A fala de Mour\u00e3o ocorreu em entrevista. Cliqui e saiba mais.","breadcrumb":{"@id":"https:\/\/www.suno.com.br\/noticias\/eletrobras-privatizacao-mourao\/#breadcrumb"},"inLanguage":"pt-BR","potentialAction":[{"@type":"ReadAction","target":["https:\/\/www.suno.com.br\/noticias\/eletrobras-privatizacao-mourao\/"]}]},{"@type":"ImageObject","inLanguage":"pt-BR","@id":"https:\/\/www.suno.com.br\/noticias\/eletrobras-privatizacao-mourao\/#primaryimage","url":"https:\/\/files.sunoresearch.com.br\/n\/uploads\/2018\/10\/8c9deccc-eletrobras-jpg.webp","contentUrl":"https:\/\/files.sunoresearch.com.br\/n\/uploads\/2018\/10\/8c9deccc-eletrobras-jpg.webp","width":1920,"height":960,"caption":"eletrobras"},{"@type":"BreadcrumbList","@id":"https:\/\/www.suno.com.br\/noticias\/eletrobras-privatizacao-mourao\/#breadcrumb","itemListElement":[{"@type":"ListItem","position":1,"name":"Not\u00edcias","item":"https:\/\/www.suno.com.br\/noticias\/"},{"@type":"ListItem","position":2,"name":"Neg\u00f3cios","item":"https:\/\/www.suno.com.br\/noticias\/negocios\/"},{"@type":"ListItem","position":3,"name":"Eletrobras: privatiza\u00e7\u00e3o deve ficar &#8216;mais para frente&#8217;, diz Mour\u00e3o"}]},{"@type":"WebSite","@id":"https:\/\/www.suno.com.br\/noticias\/#website","url":"https:\/\/www.suno.com.br\/noticias\/","name":"Suno Not\u00edcias","description":"Seu portal de informa\u00e7\u00e3o sobre o mundo dos investimentos","publisher":{"@id":"https:\/\/www.suno.com.br\/noticias\/#organization"},"potentialAction":[{"@type":"SearchAction","target":{"@type":"EntryPoint","urlTemplate":"https:\/\/www.suno.com.br\/noticias\/?s={search_term_string}"},"query-input":{"@type":"PropertyValueSpecification","valueRequired":true,"valueName":"search_term_string"}}],"inLanguage":"pt-BR"},{"@type":"Organization","@id":"https:\/\/www.suno.com.br\/noticias\/#organization","name":"Suno Not\u00edcias","url":"https:\/\/www.suno.com.br\/noticias\/","logo":{"@type":"ImageObject","inLanguage":"pt-BR","@id":"https:\/\/www.suno.com.br\/noticias\/#\/schema\/logo\/image\/","url":"https:\/\/files.sunoresearch.com.br\/n\/uploads\/2021\/09\/suno-logo.png","contentUrl":"https:\/\/files.sunoresearch.com.br\/n\/uploads\/2021\/09\/suno-logo.png","width":180,"height":180,"caption":"Suno Not\u00edcias"},"image":{"@id":"https:\/\/www.suno.com.br\/noticias\/#\/schema\/logo\/image\/"},"sameAs":["https:\/\/facebook.com\/sunoresearch","https:\/\/x.com\/sunoresearch","https:\/\/www.instagram.com\/suno","https:\/\/www.linkedin.com\/company\/suno-research\/","https:\/\/www.youtube.com\/c\/sunoresearch"]},{"@type":"Person","@id":"https:\/\/www.suno.com.br\/noticias\/#\/schema\/person\/3f7693d5795a3f6d5ce15309ee785699","name":"Renan Dantas","image":{"@type":"ImageObject","inLanguage":"pt-BR","@id":"https:\/\/www.suno.com.br\/noticias\/#\/schema\/person\/image\/","url":"https:\/\/secure.gravatar.com\/avatar\/1787b83e7484a08e51d62ac8b41c8396?s=96&r=g","contentUrl":"https:\/\/secure.gravatar.com\/avatar\/1787b83e7484a08e51d62ac8b41c8396?s=96&r=g","caption":"Renan Dantas"},"description":"Escreve sobre pol\u00edtica e mercado financeiro para o portal Suno Not\u00edcias. Antes, atuou na assessoria de comunica\u00e7\u00e3o do Minist\u00e9rio P\u00fablico do Trabalho e na R\u00e1dio Mackenzie, onde apresentava e produzia um programa sobre artistas da m\u00fasica brasileira. \u00c9 estudante na Universidade Presbiteriana Mackenzie.","url":"https:\/\/www.suno.com.br\/noticias\/author\/renan-dantas\/"}]}},"default_loop_html":"<div class=\"cardsPage__listCard__boxs\"><div class=\"cardsPage__listCard__boxs__img\"><a href=\"https:\/\/www.suno.com.br\/noticias\/eletrobras-privatizacao-mourao\/\"><img class=\"mask\" src=\"https:\/\/www.suno.com.br\/noticias\/wp-content\/themes\/suno\/resources\/images\/spotlight\/spotlight1img\/bg-mask.png\" alt=\"Image Mask\"\/><img src=\"https:\/\/files.sunoresearch.com.br\/n\/uploads\/2018\/10\/8c9deccc-eletrobras-400x200.webp\" alt=\"Eletrobras: privatiza\u00e7\u00e3o deve ficar &#8216;mais para frente&#8217;, diz Mour\u00e3o\"\/><\/a><span class=\"spotlightCategory\"><a href=\"https:\/\/www.suno.com.br\/noticias\/negocios\/\">Neg\u00f3cios<\/a><\/span><\/div><div class=\"cardsPage__listCard__boxs__content\"><a href=\"https:\/\/www.suno.com.br\/noticias\/eletrobras-privatizacao-mourao\/\"><h2 class=\"content__title\">Eletrobras: privatiza\u00e7\u00e3o deve ficar &#8216;mais para frente&#8217;, diz Mour\u00e3o<\/h2><\/a><div class=\"newsContent__article__meta\"><div class=\"newsContent__article__meta__authorBox\"><a href=\"https:\/\/www.suno.com.br\/noticias\/author\/renan-dantas\/\" class=\"authorBox__avatar noMobi\"><img src=\"https:\/\/secure.gravatar.com\/avatar\/1787b83e7484a08e51d62ac8b41c8396?s=96&#038;r=g\" alt=\"Renan Dantas\"><\/a><div class=\"authorBox__name\"><span>por\n\t\t\t<a href=\"https:\/\/www.suno.com.br\/noticias\/author\/renan-dantas\/\"><span itemprop=\"author\">Renan Dantas<\/span><\/a><\/span><time datetime=\"2019-04-30T17:42:45-03:00\" itemprop=\"datePublished\">30\/04\/2019 17:42<\/time><\/div><\/div><\/div><\/div><\/div>","single_layout":"posts","amp_enabled":true,"_links":{"self":[{"href":"https:\/\/www.suno.com.br\/noticias\/wp-json\/wp\/v2\/posts\/22852"}],"collection":[{"href":"https:\/\/www.suno.com.br\/noticias\/wp-json\/wp\/v2\/posts"}],"about":[{"href":"https:\/\/www.suno.com.br\/noticias\/wp-json\/wp\/v2\/types\/post"}],"author":[{"embeddable":true,"href":"https:\/\/www.suno.com.br\/noticias\/wp-json\/wp\/v2\/users\/14"}],"replies":[{"embeddable":true,"href":"https:\/\/www.suno.com.br\/noticias\/wp-json\/wp\/v2\/comments?post=22852"}],"version-history":[{"count":0,"href":"https:\/\/www.suno.com.br\/noticias\/wp-json\/wp\/v2\/posts\/22852\/revisions"}],"wp:featuredmedia":[{"embeddable":true,"href":"https:\/\/www.suno.com.br\/noticias\/wp-json\/wp\/v2\/media\/5140"}],"wp:attachment":[{"href":"https:\/\/www.suno.com.br\/noticias\/wp-json\/wp\/v2\/media?parent=22852"}],"wp:term":[{"taxonomy":"category","embeddable":true,"href":"https:\/\/www.suno.com.br\/noticias\/wp-json\/wp\/v2\/categories?post=22852"},{"taxonomy":"post_tag","embeddable":true,"href":"https:\/\/www.suno.com.br\/noticias\/wp-json\/wp\/v2\/tags?post=22852"},{"taxonomy":"suno_strategy","embeddable":true,"href":"https:\/\/www.suno.com.br\/noticias\/wp-json\/wp\/v2\/suno_strategy?post=22852"}],"curies":[{"name":"wp","href":"https:\/\/api.w.org\/{rel}","templated":true}]}}