{"id":228128,"date":"2022-02-03T15:54:11","date_gmt":"2022-02-03T18:54:11","guid":{"rendered":"https:\/\/www.suno.com.br\/noticias\/?p=228128"},"modified":"2022-02-07T12:30:21","modified_gmt":"2022-02-07T15:30:21","slug":"selic-copom-mercado-financeiro-projecoes-marco","status":"publish","type":"post","link":"https:\/\/www.suno.com.br\/noticias\/selic-copom-mercado-financeiro-projecoes-marco\/","title":{"rendered":"Selic: mercado avalia ajuste sinalizado pelo Copom e refaz proje\u00e7\u00f5es para mar\u00e7o"},"content":{"rendered":"<p>Ap\u00f3s o <a class=\"suno-keyword\" href=\"https:\/\/www.suno.com.br\/guias\/mercado-financeiro\/\" target=\"_blank\" rel=\"noopener\" data-force=\"no\" data-priority=\"2\">mercado financeiro<\/a> ter acertado as previs\u00f5es para o \u00faltimo ajuste da taxa <strong>Selic<\/strong> &#8211; com ajuda da pr\u00f3pria autoridade monet\u00e1ria, que havia antecipado a magnitude do aperto na reuni\u00e3o de dezembro -, investidores agora se desdobram para prever como vai caminhar a <a class=\"suno-keyword\" href=\"https:\/\/www.suno.com.br\/artigos\/politica-monetaria\/\" target=\"_blank\" rel=\"noopener\" data-force=\"no\" data-priority=\"1\">pol\u00edtica monet\u00e1ria<\/a> no Pa\u00eds. Os palpites para a pr\u00f3xima alta da taxa b\u00e1sica de juros est\u00e3o entre +0,5 p.p. e +1,0 p.p sobre os 10,75% definidos nesta quarta (2) pelo Comit\u00ea de Pol\u00edtica Monet\u00e1ria (Copom).<\/p>\t<div class=\"wrapper-featured-image\">\n\t\t<figure class=\"spotlightImg\">\n\n\t\t\t<picture>\n\t\t\t\t<source media=\"(max-width: 768px)\" srcset=\"https:\/\/files.sunoresearch.com.br\/n\/uploads\/2022\/02\/Sede-400x200.jpg\">\n\t\t\t\t<img loading=\"lazy\" decoding=\"async\" class=\"newsContent__article__imgCapa lazyloadDisabled \" src=\"https:\/\/files.sunoresearch.com.br\/n\/uploads\/2022\/02\/Sede-800x450.jpg\" width=\"800\" height=\"450\" alt=\"Selic: mercado avalia ajuste sinalizado pelo Copom e refaz proje\u00e7\u00f5es para mar\u00e7o\" fetchpriority=high \/>\n\t\t\t<\/picture>\n\n\t\t\t<figcaption class=\"wp-caption-text wp-caption-text--show\">Selic. Foto: Marcello Casal Jr.\/Ag\u00eancia Brasil<\/figcaption>\n\t\t<\/figure>\n\t<\/div>\n\n\n\t<p>\n\t\t<a href=\"https:\/\/lp.suno.com.br\/planilha-controle-gastos\/\" target=\"_blank\" data-element=\"shortcode-suno-banner\" title=\"Banner SUNO, clique e saiba mais\">\n\t\t\t<picture>\n\t\t\t\t<source media=\"(max-width: 500px)\" srcset=\"https:\/\/files.sunoresearch.com.br\/n\/uploads\/2023\/03\/400x300-Planilha-controle-de-gastos.png\">\n\t\t\t\t<img class=\"newsContent__article__imgCapa newsContent__article__imgCapa--banner\"\n\t\t\t\t\tsrc=\"https:\/\/files.sunoresearch.com.br\/n\/uploads\/2023\/03\/1420x240-Planilha-controle-de-gastos.png\"\n\t\t\t\t\tdata-promo-id=\"101751\"\t\t\t\t\t\t\t\t\t\twidth='1420' height='240'\t\t\t\t\talt=\"https:\/\/files.sunoresearch.com.br\/n\/uploads\/2023\/03\/1420x240-Planilha-controle-de-gastos.png\"\n\t\t\t\t>\n\t\t\t<\/picture>\n\t\t<\/a>\n\t<\/p>\n\n\n<p>No cen\u00e1rio econ\u00f4mico, ainda persistem incertezas sobre o grau de conformidade da <strong>infla\u00e7\u00e3o<\/strong> ao aumento da taxa de juros, a resili\u00eancia da <strong>atividade econ\u00f4mica<\/strong> brasileira, assim como os imprevistos que podem surgir em um ano eleitoral. Para investidores, estes s\u00e3o os principais fatores que colocam em cheque as perspectivas de meta para a infla\u00e7\u00e3o em 2022 e 2023, <strong>horizonte<\/strong> do Copom.<\/p>\n<p>Segundo analistas, a pr\u00f3xima reuni\u00e3o em mar\u00e7o deve trazer mais um aumento, ainda que de tamanho menor que o anunciado ontem. O ajuste seria o nono consecutivo de alta e, de acordo com alguns, o \u00faltimo do <strong>ciclo de alta<\/strong> recente que trouxe a taxa b\u00e1sica de juros para os dois d\u00edgitos pela primeira vez em cinco anos.<\/p>\n<p>Bancos tamb\u00e9m ressaltam a preocupa\u00e7\u00e3o de o aumento na taxa de juros deixar de servir de refer\u00eancia para conseguir controlar a alta de pre\u00e7os.<\/p>\n<p>Confira a seguir os coment\u00e1rios das principais <a class=\"suno-keyword\" href=\"https:\/\/www.suno.com.br\/artigos\/instituicoes-financeiras\/\" target=\"_blank\" rel=\"noopener\" data-force=\"no\" data-priority=\"1\">institui\u00e7\u00f5es financeiras<\/a> sobre o assunto.<\/p>\n<h2>GS v\u00ea postura incisiva do Copom contra infla\u00e7\u00e3o<\/h2>\n<p>O <strong>Goldman Sachs<\/strong> avalia que a decis\u00e3o de ajustar a Selic em 1,5 p.p. mant\u00e9m o Copom na ofensiva contra a infla\u00e7\u00e3o, particularmente considerando o cen\u00e1rio de <strong>deteriora\u00e7\u00e3o das expectativas<\/strong> para 2022.<\/p>\n<p>Entretanto, segundo o banco, &#8220;tudo tem um limite&#8221;. Explica: &#8220;Considerando a clara postura de restri\u00e7\u00e3o monet\u00e1ria e os efeitos vagarosos dos aumentos recentes da taxa de juros, estamos entrando no fim do ciclo e no est\u00e1gio de ajustes finos, em que o pr\u00f3ximo movimento da Selic deve ser mais moderado, podendo ser o \u00faltimo inclusive&#8221;, destaca em relat\u00f3rio assinado por Alberto Ramos, head de pesquisa econ\u00f4mica na Am\u00e9rica Latina.<\/p>\n<p>Ramos observa que a decis\u00e3o do Copom segue em um tom <em>hawkish<\/em> &#8211; postura mais dura contra o avan\u00e7o inflacion\u00e1rio &#8211; por causa do aumento das proje\u00e7\u00f5es de infla\u00e7\u00e3o e risco de <strong>desancoragem da infla\u00e7\u00e3o<\/strong> de <a class=\"suno-keyword\" href=\"https:\/\/www.suno.com.br\/artigos\/longo-prazo\/\" target=\"_blank\" rel=\"noopener\" data-force=\"no\" data-priority=\"1\">longo prazo<\/a>, processo em que o aumento da taxa de juro deixaria de controlar as perspectivas de aumento dos pre\u00e7os.<\/p>\n<p>Outro ponto destacado \u00e9 a mudan\u00e7a de postura do Copom em rela\u00e7\u00e3o ao <strong>risco fiscal<\/strong>, antes de &#8220;preocupa\u00e7\u00e3o&#8221; e agora de &#8220;incerteza&#8221;, o que mant\u00e9m o risco de desancoragem alto e o balan\u00e7o de riscos com tend\u00eancia altista para o \u00edndice inflacion\u00e1rio.<\/p>\n<p>&#8220;O guidance aponta para um aperto monet\u00e1rio adicional, mas com uma men\u00e7\u00e3o expl\u00edcita de que o pr\u00f3ximo movimento ser\u00e1 inferior que os \u00faltimos tr\u00eas de 1,5 p.p.&#8221;, avalia<\/p>\n<p>Para o GS, a modera\u00e7\u00e3o do ritmo de alta &#8211; no limite de 1,25 p.p. na pr\u00f3xima <a class=\"suno-keyword\" href=\"https:\/\/www.suno.com.br\/artigos\/copom\/\" target=\"_blank\" rel=\"noopener\" data-force=\"no\" data-priority=\"2\">reuni\u00e3o do Copom<\/a> daqui 45 dias, em mar\u00e7o &#8211; \u00e9 justificada em fun\u00e7\u00e3o da perspectiva de um <strong>PIB fraco<\/strong>, incertezas sobre o <strong>avan\u00e7o da Covid-19<\/strong> e efeitos atrasados das pol\u00edticas monet\u00e1rias recentes.<\/p>\n<p>&#8220;Neste momento, precificamos outro aumento de 1,0 p.p. na reuni\u00e3o de mar\u00e7o, a 11,75%, a depender da evolu\u00e7\u00e3o da infla\u00e7\u00e3o e do balan\u00e7o de riscos&#8221;, afirma.<\/p>\n<figure id=\"attachment_228258\" aria-describedby=\"caption-attachment-228258\" style=\"width: 1247px\" class=\"wp-caption aligncenter\"><img loading=\"lazy\" decoding=\"async\" class=\"size-full wp-image-228258\" src=\"https:\/\/files.sunoresearch.com.br\/n\/uploads\/2022\/02\/GoldmanSachs.jpg\" alt=\"Rela\u00e7\u00e3o entre a taxa Selic e juros longos. Fonte: Goldman Sachs.\" width=\"1247\" height=\"828\" srcset=\"https:\/\/files.sunoresearch.com.br\/n\/uploads\/2022\/02\/GoldmanSachs.jpg 1247w, https:\/\/files.sunoresearch.com.br\/n\/uploads\/2022\/02\/GoldmanSachs-300x199.jpg 300w, https:\/\/files.sunoresearch.com.br\/n\/uploads\/2022\/02\/GoldmanSachs-1024x680.jpg 1024w, https:\/\/files.sunoresearch.com.br\/n\/uploads\/2022\/02\/GoldmanSachs-768x510.jpg 768w, https:\/\/files.sunoresearch.com.br\/n\/uploads\/2022\/02\/GoldmanSachs-150x100.jpg 150w\" sizes=\"(max-width: 1247px) 100vw, 1247px\" \/><figcaption id=\"caption-attachment-228258\" class=\"wp-caption-text\">Rela\u00e7\u00e3o entre a taxa Selic e juros longos. Fonte: Goldman Sachs.<\/figcaption><\/figure>\n\t<p>\n\t\t<a href=\"https:\/\/lp.suno.com.br\/planilha-da-vida-financeira\/\" target=\"_blank\" data-element=\"shortcode-suno-banner\" title=\"Banner SUNO, clique e saiba mais\">\n\t\t\t<picture>\n\t\t\t\t<source media=\"(max-width: 500px)\" srcset=\"https:\/\/files.sunoresearch.com.br\/n\/uploads\/2023\/04\/400x300-Planilha-vida-financeira-true.png\">\n\t\t\t\t<img class=\"newsContent__article__imgCapa newsContent__article__imgCapa--banner\"\n\t\t\t\t\tsrc=\"https:\/\/files.sunoresearch.com.br\/n\/uploads\/2023\/04\/1420x240-Planilha-vida-financeira-true.png\"\n\t\t\t\t\tdata-promo-id=\"106682\"\t\t\t\t\t\t\t\t\t\twidth='1420' height='240'\t\t\t\t\talt=\"https:\/\/files.sunoresearch.com.br\/n\/uploads\/2023\/04\/1420x240-Planilha-vida-financeira-true.png\"\n\t\t\t\t>\n\t\t\t<\/picture>\n\t\t<\/a>\n\t<\/p>\n\n\n<h2>BofA: ciclo de aumento da Selic est\u00e1 chegando ao fim<\/h2>\n<p>Para o <strong>Bank of America<\/strong>, o comunicado foi mais leniente com a <strong>alta de pre\u00e7os<\/strong> do que o mercado aguardava, n\u00e3o s\u00f3 pela mudan\u00e7a de linguagem, mas pelo reconhecimento de que o aperto monet\u00e1rio pode ter um efeito mais lento do que o horizonte relevante.<\/p>\n<p>O banco disse acreditar que a infla\u00e7\u00e3o pode come\u00e7ar a arrefecer em breve e a atividade econ\u00f4mica deve passar por um per\u00edodo de enfraquecimento.<\/p>\n<p>&#8220;Por isso, o comunicado refor\u00e7a a nossa vis\u00e3o de que o <strong>ciclo de aperto est\u00e1 chegando ao fim<\/strong>. Esperamos um \u00faltimo aumento da taxa de juros, de 0,5 p.p., na reuni\u00e3o de mar\u00e7o&#8221;, diz a an\u00e1lise assinada por David Beker, estrategista de Equity para a Am\u00e9rica Latina, lembrando os riscos de um cen\u00e1rio altista.<\/p>\n<h2>Franc\u00eas Paribas: cen\u00e1rio n\u00e3o deve arrefecer t\u00e3o cedo<\/h2>\n<p>A leitura do <strong>BNP Paribas<\/strong> tamb\u00e9m refor\u00e7a a interpreta\u00e7\u00e3o de um comunicado levemente mais suave do que o mercado antecipou. &#8220;O impacto em ativos brasileiros deve ser um pouco negativo&#8221;, avalia.<\/p>\n<p>Segundo relat\u00f3rio do banco, o &#8220;comunicado reafirma que as taxas est\u00e3o avan\u00e7ando em territ\u00f3rio restritivo, enquanto as expectativas de infla\u00e7\u00e3o continuam a subir, indicando um <strong>ciclo prolongado<\/strong>.&#8221;<\/p>\n<p>&#8220;Tamb\u00e9m indica a inten\u00e7\u00e3o da autoridade monet\u00e1ria de elevar a taxa de juros em incrementos menores nas pr\u00f3ximas reuni\u00f5es&#8221;, afirmou.<\/p>\n<p>Para a institui\u00e7\u00e3o, apesar do aperto monet\u00e1rio, a infla\u00e7\u00e3o deve continuar acima da meta por algum tempo, pressionando o BC a continuar sua <strong>postura contracionista<\/strong>. &#8220;A expectativa de infla\u00e7\u00e3o deve levar algum tempo para convergir de volta para a meta&#8221;, completou.<\/p>\n<p>Para a pr\u00f3xima reuni\u00e3o o BNP Paribas estima uma alta de 1,00 p.p., 0,25 p.p. a menos que o \u00faltimo palpite de 1,25 p.p., e outro ajuste de 0,5 p.p. em maio. Para o fim de 2022, o banco estima uma taxa de 12% a.a., e n\u00e3o mais de 12,25%.<\/p>\n<p>&#8220;Os riscos apontam para alta, uma vez que n\u00f3s n\u00e3o esperamos que a infla\u00e7\u00e3o ou a expectativa de infla\u00e7\u00e3o dando sossego para o Banco Central pelo menos at\u00e9 o 3\u00ba trimestre de 2022&#8221;, estima.<\/p>\n\t<p>\n\t\t<a href=\"https:\/\/lp.suno.com.br\/ebook-como-analisar-uma-acao\/\" target=\"_blank\" data-element=\"shortcode-suno-banner\" title=\"Banner SUNO, clique e saiba mais\">\n\t\t\t<picture>\n\t\t\t\t<source media=\"(max-width: 500px)\" srcset=\"https:\/\/files.sunoresearch.com.br\/n\/uploads\/2023\/03\/Ebook-Acoes-Mobile-1.jpg\">\n\t\t\t\t<img class=\"newsContent__article__imgCapa newsContent__article__imgCapa--banner\"\n\t\t\t\t\tsrc=\"https:\/\/files.sunoresearch.com.br\/n\/uploads\/2023\/03\/Ebook-Acoes-Desktop-1.jpg\"\n\t\t\t\t\tdata-promo-id=\"171998\"\t\t\t\t\t\t\t\t\t\twidth='1420' height='286'\t\t\t\t\talt=\"https:\/\/files.sunoresearch.com.br\/n\/uploads\/2023\/03\/Ebook-Acoes-Desktop-1.jpg\"\n\t\t\t\t>\n\t\t\t<\/picture>\n\t\t<\/a>\n\t<\/p>\n\n\n<h2>Copom minimiza impacto para atividade, diz Inter<\/h2>\n<p>Para o brasileiro <strong>Banco <\/strong><a class=\"suno-keyword\" href=\"https:\/\/www.suno.com.br\/acoes\/BIDI11\/\" target=\"_blank\" rel=\"noopener\" data-force=\"yes\" data-priority=\"2\"><strong>Inter<\/strong> (BIDI11)<\/a>, \u00e9 limitado o risco de o est\u00edmulo adicional na demanda impactar a infla\u00e7\u00e3o, uma vez que houve uma contra\u00e7\u00e3o fiscal observada na pr\u00e1tica.<\/p>\n<p>&#8220;Considerando o que j\u00e1 foi feito at\u00e9 agora, uma alta cumulativa na taxa de 8,75 p.p., e com efeitos que ainda n\u00e3o foram sentidos na economia, o Copom indicou que deve desacelerar o ritmo na pr\u00f3xima reuni\u00e3o, dependendo da evolu\u00e7\u00e3o do cen\u00e1rio, o que pode provocar mais um ajuste na Selic entre 0,50 p.p. e 1,00 p.p., em linha com nossa expectativa&#8221;, informa em relat\u00f3rio.<\/p>\n<p>Para a economista-chefe do Banco Inter, Rafaela Vit\u00f3ria, o Copom segue minimizando o impacto da <strong>contra\u00e7\u00e3o monet\u00e1ria<\/strong> na <strong>atividade econ\u00f4mica<\/strong>.<\/p>\n<p>&#8220;A nova queda na <a class=\"suno-keyword\" href=\"https:\/\/www.suno.com.br\/artigos\/confianca-do-consumidor\/\" target=\"_blank\" rel=\"noopener\" data-force=\"no\" data-priority=\"1\">confian\u00e7a do consumidor<\/a> e do empres\u00e1rio em janeiro, a estagna\u00e7\u00e3o da massa salarial, mesmo com a redu\u00e7\u00e3o maior do<br \/>\ndesemprego, e os sinais de desacelera\u00e7\u00e3o do cr\u00e9dito j\u00e1 refletem efeitos iniciais do aperto monet\u00e1rio&#8221;, afirma.<\/p>\n<p>&#8220;Mas como colocado no comunicado, os efeitos cumulativos das altas j\u00e1 aplicadas na taxa ainda n\u00e3o foram sentidos no <strong>horizonte relevante<\/strong>, que passa a levar em considera\u00e7\u00e3o tamb\u00e9m o ano de 2023&#8243;, conclui o relat\u00f3rio.<\/p>\n<p>Para o Inter, a evolu\u00e7\u00e3o do cen\u00e1rio da atividade mais fraca, combinado com a manuten\u00e7\u00e3o de resultados fiscais positivos no come\u00e7o do ano, aponta que mar\u00e7o pode ser o fim do ciclo de aperto monet\u00e1rio.<\/p>\n\t<p>\n\t\t<a href=\"https:\/\/lp.suno.com.br\/planilha-de-controle-de-investimentos\/\" target=\"_blank\" data-element=\"shortcode-suno-banner\" title=\"Banner SUNO, clique e saiba mais\">\n\t\t\t<picture>\n\t\t\t\t<source media=\"(max-width: 500px)\" srcset=\"https:\/\/files.sunoresearch.com.br\/n\/uploads\/2023\/03\/400x300-Controle-de-Investimentos.png\">\n\t\t\t\t<img class=\"newsContent__article__imgCapa newsContent__article__imgCapa--banner\"\n\t\t\t\t\tsrc=\"https:\/\/files.sunoresearch.com.br\/n\/uploads\/2023\/03\/1420x240-Controle-de-Investimentos.png\"\n\t\t\t\t\tdata-promo-id=\"75934\"\t\t\t\t\t\t\t\t\t\twidth='1420' height='240'\t\t\t\t\talt=\"https:\/\/files.sunoresearch.com.br\/n\/uploads\/2023\/03\/1420x240-Controle-de-Investimentos.png\"\n\t\t\t\t>\n\t\t\t<\/picture>\n\t\t<\/a>\n\t<\/p>\n\n\n<h2>Setores afetados pela alta da Selic criticam cen\u00e1rio macro<\/h2>\n<p>Para a <a class=\"suno-keyword\" href=\"https:\/\/www.suno.com.br\/artigos\/fiesp\/\" target=\"_blank\" rel=\"noopener\" data-force=\"no\" data-priority=\"2\">Federa\u00e7\u00e3o das Ind\u00fastrias do Estado de S\u00e3o Paulo (Fiesp)<\/a>, a alta da Selic deveria soar como alerta &#8220;sobre tudo o que deixa de ser feito a contento para colhermos crescimento econ\u00f4mico com gera\u00e7\u00e3o de emprego e renda de modo sustent\u00e1vel&#8221;.<\/p>\n<p>Para o setor, a alta do juros desfavorece investimentos produtivos, reduz a contrata\u00e7\u00e3o de pessoal e tende a encarecer o custo do cr\u00e9dito, entre outros fatores.<\/p>\n<p>&#8220;O <strong>novo patamar da Selic incomoda<\/strong>, e muito, j\u00e1 que a infla\u00e7\u00e3o que visa combater n\u00e3o apresenta um perfil condizente para um tratamento exclusivo via aumento dos juros. Mas deveriam incomodar muito mais as raz\u00f5es que movem o Copom a refrear a atividade econ\u00f4mica j\u00e1 combalida&#8221;, afirma a organiza\u00e7\u00e3o.<\/p>\n<p>Para a Fiesp, &#8220;as quest\u00f5es conjunturais, em geral de <a class=\"suno-keyword\" href=\"https:\/\/www.suno.com.br\/artigos\/curto-prazo\/\" target=\"_blank\" rel=\"noopener\" data-force=\"no\" data-priority=\"1\">curto prazo<\/a> e que definem as <strong>a\u00e7\u00f5es monet\u00e1rias do Banco Central<\/strong> (BC), n\u00e3o devem sobrepor-se \u00e0s raz\u00f5es estruturais que influenciam a economia nacional. Muito mais que o BC e o Tesouro, s\u00e3o os poderes da Rep\u00fablica e a sociedade que devem dar as diretrizes visando o interesse comum do desenvolvimento nacional.&#8221;<\/p>\n<p>J\u00e1 a Associa\u00e7\u00e3o Brasileira de Incorporadoras Imobili\u00e1rias (Abrainc) entende que o aumento da Selic \u00e9 necess\u00e1rio para conter o <strong>processo inflacion\u00e1rio<\/strong> do pa\u00eds.<\/p>\n<p>Entretanto, o presidente da institui\u00e7\u00e3o, Luiz Fran\u00e7a, ressalta que &#8220;\u00e9 importante que a eleva\u00e7\u00e3o da <strong>Selic<\/strong> n\u00e3o impacte muito as taxas de cr\u00e9dito imobili\u00e1rio, pois dessa forma \u00e9 poss\u00edvel manter o <a class=\"suno-keyword\" href=\"https:\/\/www.suno.com.br\/artigos\/poder-de-compra\/\" target=\"_blank\" rel=\"noopener\" data-force=\"no\" data-priority=\"1\">poder de compra<\/a> de quem est\u00e1 em busca de financiamento habitacional, instrumento fundamental em um setor t\u00e3o importante para o Brasil como o imobili\u00e1rio.&#8221;<\/p>\n\t<p>\n\t\t<a href=\"\" target=\"_blank\" data-element=\"shortcode-suno-banner\" title=\"Banner SUNO, clique e saiba mais\">\n\t\t\t<picture>\n\t\t\t\t<source media=\"(max-width: 500px)\" srcset=\"\">\n\t\t\t\t<img class=\"newsContent__article__imgCapa newsContent__article__imgCapa--banner\"\n\t\t\t\t\tsrc=\"\"\n\t\t\t\t\tdata-promo-id=\"184190\"\t\t\t\t\t\t\t\t\t\t\t\t\t\t\talt=\"\"\n\t\t\t\t>\n\t\t\t<\/picture>\n\t\t<\/a>\n\t<\/p>\n\n\n","protected":false},"excerpt":{"rendered":"<p>Ap\u00f3s o mercado financeiro ter acertado as previs\u00f5es para o \u00faltimo ajuste da taxa Selic &#8211; com ajuda da pr\u00f3pria autoridade monet\u00e1ria, que havia antecipado a magnitude do aperto na reuni\u00e3o de dezembro -, investidores agora se desdobram para prever como vai caminhar a pol\u00edtica monet\u00e1ria no Pa\u00eds. Os palpites para a pr\u00f3xima alta da [&hellip;]<\/p>\n","protected":false},"author":145,"featured_media":228247,"comment_status":"closed","ping_status":"closed","sticky":false,"template":"","format":"standard","meta":[],"categories":[60],"tags":[45096,1104,105816,1752,290],"suno_strategy":[],"class_list":["post-228128","post","type-post","status-publish","format-standard","has-post-thumbnail","hentry","category-mercado","tag-atividade-economica","tag-copom","tag-especialistas","tag-taxa-de-juros","tag-taxa-selic"],"yoast_head":"<!-- This site is optimized with the Yoast SEO plugin v24.4 - https:\/\/yoast.com\/wordpress\/plugins\/seo\/ -->\n<title>Selic: mercado avalia ajuste sinalizado pelo Copom<\/title>\n<meta name=\"description\" content=\"Mercado financeiro refaz as perspectivas para os pr\u00f3ximos ajustes da taxa Selic em 2022 e 2023. Clique e leia mais.\" \/>\n<meta name=\"robots\" content=\"index, follow, max-snippet:-1, max-image-preview:large, max-video-preview:-1\" \/>\n<link rel=\"canonical\" href=\"https:\/\/www.suno.com.br\/noticias\/selic-copom-mercado-financeiro-projecoes-marco\/\" \/>\n<meta property=\"og:locale\" content=\"pt_BR\" \/>\n<meta property=\"og:type\" content=\"article\" \/>\n<meta property=\"og:title\" content=\"Selic: mercado avalia ajuste sinalizado pelo Copom\" \/>\n<meta property=\"og:description\" content=\"Mercado financeiro refaz as perspectivas para os pr\u00f3ximos ajustes da taxa Selic em 2022 e 2023. Clique e leia mais.\" \/>\n<meta property=\"og:url\" content=\"https:\/\/www.suno.com.br\/noticias\/selic-copom-mercado-financeiro-projecoes-marco\/\" \/>\n<meta property=\"og:site_name\" content=\"Suno Not\u00edcias\" \/>\n<meta property=\"article:publisher\" content=\"https:\/\/facebook.com\/sunoresearch\" \/>\n<meta property=\"og:image\" content=\"https:\/\/files.sunoresearch.com.br\/n\/uploads\/2022\/02\/Sede-scaled.jpg\" \/>\n\t<meta property=\"og:image:width\" content=\"2560\" \/>\n\t<meta property=\"og:image:height\" content=\"1707\" \/>\n\t<meta property=\"og:image:type\" content=\"image\/jpeg\" \/>\n<meta name=\"author\" content=\"Pedro Caramuru\" \/>\n<meta name=\"twitter:card\" content=\"summary_large_image\" \/>\n<meta name=\"twitter:creator\" content=\"@sunoresearch\" \/>\n<meta name=\"twitter:site\" content=\"@sunoresearch\" \/>\n<meta name=\"twitter:label1\" content=\"Escrito por\" \/>\n\t<meta name=\"twitter:data1\" content=\"Pedro Caramuru\" \/>\n\t<meta name=\"twitter:label2\" content=\"Est. tempo de leitura\" \/>\n\t<meta name=\"twitter:data2\" content=\"7 minutos\" \/>\n<script type=\"application\/ld+json\" class=\"yoast-schema-graph\">{\"@context\":\"https:\/\/schema.org\",\"@graph\":[{\"@type\":\"NewsArticle\",\"@id\":\"https:\/\/www.suno.com.br\/noticias\/selic-copom-mercado-financeiro-projecoes-marco\/#article\",\"isPartOf\":{\"@id\":\"https:\/\/www.suno.com.br\/noticias\/selic-copom-mercado-financeiro-projecoes-marco\/\"},\"author\":{\"name\":\"Pedro Caramuru\",\"@id\":\"https:\/\/www.suno.com.br\/noticias\/#\/schema\/person\/8d020643938f12a823508eb0e5fda407\"},\"headline\":\"Selic: mercado avalia ajuste sinalizado pelo Copom e refaz proje\u00e7\u00f5es para mar\u00e7o\",\"datePublished\":\"2022-02-03T18:54:11+00:00\",\"dateModified\":\"2022-02-07T15:30:21+00:00\",\"mainEntityOfPage\":{\"@id\":\"https:\/\/www.suno.com.br\/noticias\/selic-copom-mercado-financeiro-projecoes-marco\/\"},\"wordCount\":1597,\"publisher\":{\"@id\":\"https:\/\/www.suno.com.br\/noticias\/#organization\"},\"image\":{\"@id\":\"https:\/\/www.suno.com.br\/noticias\/selic-copom-mercado-financeiro-projecoes-marco\/#primaryimage\"},\"thumbnailUrl\":\"https:\/\/files.sunoresearch.com.br\/n\/uploads\/2022\/02\/Sede-scaled.jpg\",\"keywords\":[\"atividade econ\u00f4mica\",\"Copom\",\"Especialistas\",\"taxa de juros\",\"Taxa Selic\"],\"articleSection\":[\"Mercado\"],\"inLanguage\":\"pt-BR\"},{\"@type\":\"WebPage\",\"@id\":\"https:\/\/www.suno.com.br\/noticias\/selic-copom-mercado-financeiro-projecoes-marco\/\",\"url\":\"https:\/\/www.suno.com.br\/noticias\/selic-copom-mercado-financeiro-projecoes-marco\/\",\"name\":\"Selic: mercado avalia ajuste sinalizado pelo Copom\",\"isPartOf\":{\"@id\":\"https:\/\/www.suno.com.br\/noticias\/#website\"},\"primaryImageOfPage\":{\"@id\":\"https:\/\/www.suno.com.br\/noticias\/selic-copom-mercado-financeiro-projecoes-marco\/#primaryimage\"},\"image\":{\"@id\":\"https:\/\/www.suno.com.br\/noticias\/selic-copom-mercado-financeiro-projecoes-marco\/#primaryimage\"},\"thumbnailUrl\":\"https:\/\/files.sunoresearch.com.br\/n\/uploads\/2022\/02\/Sede-scaled.jpg\",\"datePublished\":\"2022-02-03T18:54:11+00:00\",\"dateModified\":\"2022-02-07T15:30:21+00:00\",\"description\":\"Mercado financeiro refaz as perspectivas para os pr\u00f3ximos ajustes da taxa Selic em 2022 e 2023. Clique e leia mais.\",\"breadcrumb\":{\"@id\":\"https:\/\/www.suno.com.br\/noticias\/selic-copom-mercado-financeiro-projecoes-marco\/#breadcrumb\"},\"inLanguage\":\"pt-BR\",\"potentialAction\":[{\"@type\":\"ReadAction\",\"target\":[\"https:\/\/www.suno.com.br\/noticias\/selic-copom-mercado-financeiro-projecoes-marco\/\"]}]},{\"@type\":\"ImageObject\",\"inLanguage\":\"pt-BR\",\"@id\":\"https:\/\/www.suno.com.br\/noticias\/selic-copom-mercado-financeiro-projecoes-marco\/#primaryimage\",\"url\":\"https:\/\/files.sunoresearch.com.br\/n\/uploads\/2022\/02\/Sede-scaled.jpg\",\"contentUrl\":\"https:\/\/files.sunoresearch.com.br\/n\/uploads\/2022\/02\/Sede-scaled.jpg\",\"width\":2560,\"height\":1707,\"caption\":\"Selic. Foto: Marcello Casal Jr.\/Ag\u00eancia Brasil\"},{\"@type\":\"BreadcrumbList\",\"@id\":\"https:\/\/www.suno.com.br\/noticias\/selic-copom-mercado-financeiro-projecoes-marco\/#breadcrumb\",\"itemListElement\":[{\"@type\":\"ListItem\",\"position\":1,\"name\":\"Not\u00edcias\",\"item\":\"https:\/\/www.suno.com.br\/noticias\/\"},{\"@type\":\"ListItem\",\"position\":2,\"name\":\"Mercado\",\"item\":\"https:\/\/www.suno.com.br\/noticias\/mercado\/\"},{\"@type\":\"ListItem\",\"position\":3,\"name\":\"Selic: mercado avalia ajuste sinalizado pelo Copom e refaz proje\u00e7\u00f5es para mar\u00e7o\"}]},{\"@type\":\"WebSite\",\"@id\":\"https:\/\/www.suno.com.br\/noticias\/#website\",\"url\":\"https:\/\/www.suno.com.br\/noticias\/\",\"name\":\"Suno Not\u00edcias\",\"description\":\"Seu portal de informa\u00e7\u00e3o sobre o mundo dos investimentos\",\"publisher\":{\"@id\":\"https:\/\/www.suno.com.br\/noticias\/#organization\"},\"potentialAction\":[{\"@type\":\"SearchAction\",\"target\":{\"@type\":\"EntryPoint\",\"urlTemplate\":\"https:\/\/www.suno.com.br\/noticias\/?s={search_term_string}\"},\"query-input\":{\"@type\":\"PropertyValueSpecification\",\"valueRequired\":true,\"valueName\":\"search_term_string\"}}],\"inLanguage\":\"pt-BR\"},{\"@type\":\"Organization\",\"@id\":\"https:\/\/www.suno.com.br\/noticias\/#organization\",\"name\":\"Suno Not\u00edcias\",\"url\":\"https:\/\/www.suno.com.br\/noticias\/\",\"logo\":{\"@type\":\"ImageObject\",\"inLanguage\":\"pt-BR\",\"@id\":\"https:\/\/www.suno.com.br\/noticias\/#\/schema\/logo\/image\/\",\"url\":\"https:\/\/files.sunoresearch.com.br\/n\/uploads\/2021\/09\/suno-logo.png\",\"contentUrl\":\"https:\/\/files.sunoresearch.com.br\/n\/uploads\/2021\/09\/suno-logo.png\",\"width\":180,\"height\":180,\"caption\":\"Suno Not\u00edcias\"},\"image\":{\"@id\":\"https:\/\/www.suno.com.br\/noticias\/#\/schema\/logo\/image\/\"},\"sameAs\":[\"https:\/\/facebook.com\/sunoresearch\",\"https:\/\/x.com\/sunoresearch\",\"https:\/\/www.instagram.com\/suno\",\"https:\/\/www.linkedin.com\/company\/suno-research\/\",\"https:\/\/www.youtube.com\/c\/sunoresearch\"]},{\"@type\":\"Person\",\"@id\":\"https:\/\/www.suno.com.br\/noticias\/#\/schema\/person\/8d020643938f12a823508eb0e5fda407\",\"name\":\"Pedro Caramuru\",\"image\":{\"@type\":\"ImageObject\",\"inLanguage\":\"pt-BR\",\"@id\":\"https:\/\/www.suno.com.br\/noticias\/#\/schema\/person\/image\/\",\"url\":\"https:\/\/secure.gravatar.com\/avatar\/1a3f15d3553507ae7a2debc6ea0ad87b?s=96&r=g\",\"contentUrl\":\"https:\/\/secure.gravatar.com\/avatar\/1a3f15d3553507ae7a2debc6ea0ad87b?s=96&r=g\",\"caption\":\"Pedro Caramuru\"},\"description\":\"Rep\u00f3rter de economia, mercado e pol\u00edtica brasileira para o Suno Not\u00edcias. Formado em jornalismo. J\u00e1 escreveu sobre pol\u00edtica e mercados internacionais para o Broadcast e Estad\u00e3o.\",\"url\":\"https:\/\/www.suno.com.br\/noticias\/author\/pedro-caramurusuno-com-br\/\"}]}<\/script>\n<!-- \/ Yoast SEO plugin. -->","yoast_head_json":{"title":"Selic: mercado avalia ajuste sinalizado pelo Copom","description":"Mercado financeiro refaz as perspectivas para os pr\u00f3ximos ajustes da taxa Selic em 2022 e 2023. Clique e leia mais.","robots":{"index":"index","follow":"follow","max-snippet":"max-snippet:-1","max-image-preview":"max-image-preview:large","max-video-preview":"max-video-preview:-1"},"canonical":"https:\/\/www.suno.com.br\/noticias\/selic-copom-mercado-financeiro-projecoes-marco\/","og_locale":"pt_BR","og_type":"article","og_title":"Selic: mercado avalia ajuste sinalizado pelo Copom","og_description":"Mercado financeiro refaz as perspectivas para os pr\u00f3ximos ajustes da taxa Selic em 2022 e 2023. Clique e leia mais.","og_url":"https:\/\/www.suno.com.br\/noticias\/selic-copom-mercado-financeiro-projecoes-marco\/","og_site_name":"Suno Not\u00edcias","article_publisher":"https:\/\/facebook.com\/sunoresearch","og_image":[{"width":2560,"height":1707,"url":"https:\/\/files.sunoresearch.com.br\/n\/uploads\/2022\/02\/Sede-scaled.jpg","type":"image\/jpeg"}],"author":"Pedro Caramuru","twitter_card":"summary_large_image","twitter_creator":"@sunoresearch","twitter_site":"@sunoresearch","twitter_misc":{"Escrito por":"Pedro Caramuru","Est. tempo de leitura":"7 minutos"},"schema":{"@context":"https:\/\/schema.org","@graph":[{"@type":"NewsArticle","@id":"https:\/\/www.suno.com.br\/noticias\/selic-copom-mercado-financeiro-projecoes-marco\/#article","isPartOf":{"@id":"https:\/\/www.suno.com.br\/noticias\/selic-copom-mercado-financeiro-projecoes-marco\/"},"author":{"name":"Pedro Caramuru","@id":"https:\/\/www.suno.com.br\/noticias\/#\/schema\/person\/8d020643938f12a823508eb0e5fda407"},"headline":"Selic: mercado avalia ajuste sinalizado pelo Copom e refaz proje\u00e7\u00f5es para mar\u00e7o","datePublished":"2022-02-03T18:54:11+00:00","dateModified":"2022-02-07T15:30:21+00:00","mainEntityOfPage":{"@id":"https:\/\/www.suno.com.br\/noticias\/selic-copom-mercado-financeiro-projecoes-marco\/"},"wordCount":1597,"publisher":{"@id":"https:\/\/www.suno.com.br\/noticias\/#organization"},"image":{"@id":"https:\/\/www.suno.com.br\/noticias\/selic-copom-mercado-financeiro-projecoes-marco\/#primaryimage"},"thumbnailUrl":"https:\/\/files.sunoresearch.com.br\/n\/uploads\/2022\/02\/Sede-scaled.jpg","keywords":["atividade econ\u00f4mica","Copom","Especialistas","taxa de juros","Taxa Selic"],"articleSection":["Mercado"],"inLanguage":"pt-BR"},{"@type":"WebPage","@id":"https:\/\/www.suno.com.br\/noticias\/selic-copom-mercado-financeiro-projecoes-marco\/","url":"https:\/\/www.suno.com.br\/noticias\/selic-copom-mercado-financeiro-projecoes-marco\/","name":"Selic: mercado avalia ajuste sinalizado pelo Copom","isPartOf":{"@id":"https:\/\/www.suno.com.br\/noticias\/#website"},"primaryImageOfPage":{"@id":"https:\/\/www.suno.com.br\/noticias\/selic-copom-mercado-financeiro-projecoes-marco\/#primaryimage"},"image":{"@id":"https:\/\/www.suno.com.br\/noticias\/selic-copom-mercado-financeiro-projecoes-marco\/#primaryimage"},"thumbnailUrl":"https:\/\/files.sunoresearch.com.br\/n\/uploads\/2022\/02\/Sede-scaled.jpg","datePublished":"2022-02-03T18:54:11+00:00","dateModified":"2022-02-07T15:30:21+00:00","description":"Mercado financeiro refaz as perspectivas para os pr\u00f3ximos ajustes da taxa Selic em 2022 e 2023. Clique e leia mais.","breadcrumb":{"@id":"https:\/\/www.suno.com.br\/noticias\/selic-copom-mercado-financeiro-projecoes-marco\/#breadcrumb"},"inLanguage":"pt-BR","potentialAction":[{"@type":"ReadAction","target":["https:\/\/www.suno.com.br\/noticias\/selic-copom-mercado-financeiro-projecoes-marco\/"]}]},{"@type":"ImageObject","inLanguage":"pt-BR","@id":"https:\/\/www.suno.com.br\/noticias\/selic-copom-mercado-financeiro-projecoes-marco\/#primaryimage","url":"https:\/\/files.sunoresearch.com.br\/n\/uploads\/2022\/02\/Sede-scaled.jpg","contentUrl":"https:\/\/files.sunoresearch.com.br\/n\/uploads\/2022\/02\/Sede-scaled.jpg","width":2560,"height":1707,"caption":"Selic. Foto: Marcello Casal Jr.\/Ag\u00eancia Brasil"},{"@type":"BreadcrumbList","@id":"https:\/\/www.suno.com.br\/noticias\/selic-copom-mercado-financeiro-projecoes-marco\/#breadcrumb","itemListElement":[{"@type":"ListItem","position":1,"name":"Not\u00edcias","item":"https:\/\/www.suno.com.br\/noticias\/"},{"@type":"ListItem","position":2,"name":"Mercado","item":"https:\/\/www.suno.com.br\/noticias\/mercado\/"},{"@type":"ListItem","position":3,"name":"Selic: mercado avalia ajuste sinalizado pelo Copom e refaz proje\u00e7\u00f5es para mar\u00e7o"}]},{"@type":"WebSite","@id":"https:\/\/www.suno.com.br\/noticias\/#website","url":"https:\/\/www.suno.com.br\/noticias\/","name":"Suno Not\u00edcias","description":"Seu portal de informa\u00e7\u00e3o sobre o mundo dos investimentos","publisher":{"@id":"https:\/\/www.suno.com.br\/noticias\/#organization"},"potentialAction":[{"@type":"SearchAction","target":{"@type":"EntryPoint","urlTemplate":"https:\/\/www.suno.com.br\/noticias\/?s={search_term_string}"},"query-input":{"@type":"PropertyValueSpecification","valueRequired":true,"valueName":"search_term_string"}}],"inLanguage":"pt-BR"},{"@type":"Organization","@id":"https:\/\/www.suno.com.br\/noticias\/#organization","name":"Suno Not\u00edcias","url":"https:\/\/www.suno.com.br\/noticias\/","logo":{"@type":"ImageObject","inLanguage":"pt-BR","@id":"https:\/\/www.suno.com.br\/noticias\/#\/schema\/logo\/image\/","url":"https:\/\/files.sunoresearch.com.br\/n\/uploads\/2021\/09\/suno-logo.png","contentUrl":"https:\/\/files.sunoresearch.com.br\/n\/uploads\/2021\/09\/suno-logo.png","width":180,"height":180,"caption":"Suno Not\u00edcias"},"image":{"@id":"https:\/\/www.suno.com.br\/noticias\/#\/schema\/logo\/image\/"},"sameAs":["https:\/\/facebook.com\/sunoresearch","https:\/\/x.com\/sunoresearch","https:\/\/www.instagram.com\/suno","https:\/\/www.linkedin.com\/company\/suno-research\/","https:\/\/www.youtube.com\/c\/sunoresearch"]},{"@type":"Person","@id":"https:\/\/www.suno.com.br\/noticias\/#\/schema\/person\/8d020643938f12a823508eb0e5fda407","name":"Pedro Caramuru","image":{"@type":"ImageObject","inLanguage":"pt-BR","@id":"https:\/\/www.suno.com.br\/noticias\/#\/schema\/person\/image\/","url":"https:\/\/secure.gravatar.com\/avatar\/1a3f15d3553507ae7a2debc6ea0ad87b?s=96&r=g","contentUrl":"https:\/\/secure.gravatar.com\/avatar\/1a3f15d3553507ae7a2debc6ea0ad87b?s=96&r=g","caption":"Pedro Caramuru"},"description":"Rep\u00f3rter de economia, mercado e pol\u00edtica brasileira para o Suno Not\u00edcias. Formado em jornalismo. J\u00e1 escreveu sobre pol\u00edtica e mercados internacionais para o Broadcast e Estad\u00e3o.","url":"https:\/\/www.suno.com.br\/noticias\/author\/pedro-caramurusuno-com-br\/"}]}},"default_loop_html":"<div class=\"cardsPage__listCard__boxs\"><div class=\"cardsPage__listCard__boxs__img\"><a href=\"https:\/\/www.suno.com.br\/noticias\/selic-copom-mercado-financeiro-projecoes-marco\/\"><img class=\"mask\" src=\"https:\/\/www.suno.com.br\/noticias\/wp-content\/themes\/suno\/resources\/images\/spotlight\/spotlight1img\/bg-mask.png\" alt=\"Image Mask\"\/><img src=\"https:\/\/files.sunoresearch.com.br\/n\/uploads\/2022\/02\/Sede-400x200.jpg\" alt=\"Selic: mercado avalia ajuste sinalizado pelo Copom e refaz proje\u00e7\u00f5es para mar\u00e7o\"\/><\/a><span class=\"spotlightCategory\"><a href=\"https:\/\/www.suno.com.br\/noticias\/mercado\/\">Mercado<\/a><\/span><\/div><div class=\"cardsPage__listCard__boxs__content\"><a href=\"https:\/\/www.suno.com.br\/noticias\/selic-copom-mercado-financeiro-projecoes-marco\/\"><h2 class=\"content__title\">Selic: mercado avalia ajuste sinalizado pelo Copom e refaz proje\u00e7\u00f5es para mar\u00e7o<\/h2><\/a><div class=\"newsContent__article__meta\"><div class=\"newsContent__article__meta__authorBox\"><a href=\"https:\/\/www.suno.com.br\/noticias\/author\/pedro-caramurusuno-com-br\/\" class=\"authorBox__avatar noMobi\"><img src=\"https:\/\/secure.gravatar.com\/avatar\/1a3f15d3553507ae7a2debc6ea0ad87b?s=96&#038;r=g\" alt=\"Pedro Caramuru\"><\/a><div class=\"authorBox__name\"><span>por\n\t\t\t<a href=\"https:\/\/www.suno.com.br\/noticias\/author\/pedro-caramurusuno-com-br\/\"><span itemprop=\"author\">Pedro Caramuru<\/span><\/a><\/span><time datetime=\"2022-02-03T15:54:11-03:00\" itemprop=\"datePublished\">03\/02\/2022 15:54<\/time><\/div><\/div><\/div><\/div><\/div>","single_layout":"posts","amp_enabled":true,"_links":{"self":[{"href":"https:\/\/www.suno.com.br\/noticias\/wp-json\/wp\/v2\/posts\/228128"}],"collection":[{"href":"https:\/\/www.suno.com.br\/noticias\/wp-json\/wp\/v2\/posts"}],"about":[{"href":"https:\/\/www.suno.com.br\/noticias\/wp-json\/wp\/v2\/types\/post"}],"author":[{"embeddable":true,"href":"https:\/\/www.suno.com.br\/noticias\/wp-json\/wp\/v2\/users\/145"}],"replies":[{"embeddable":true,"href":"https:\/\/www.suno.com.br\/noticias\/wp-json\/wp\/v2\/comments?post=228128"}],"version-history":[{"count":3,"href":"https:\/\/www.suno.com.br\/noticias\/wp-json\/wp\/v2\/posts\/228128\/revisions"}],"predecessor-version":[{"id":228279,"href":"https:\/\/www.suno.com.br\/noticias\/wp-json\/wp\/v2\/posts\/228128\/revisions\/228279"}],"wp:featuredmedia":[{"embeddable":true,"href":"https:\/\/www.suno.com.br\/noticias\/wp-json\/wp\/v2\/media\/228247"}],"wp:attachment":[{"href":"https:\/\/www.suno.com.br\/noticias\/wp-json\/wp\/v2\/media?parent=228128"}],"wp:term":[{"taxonomy":"category","embeddable":true,"href":"https:\/\/www.suno.com.br\/noticias\/wp-json\/wp\/v2\/categories?post=228128"},{"taxonomy":"post_tag","embeddable":true,"href":"https:\/\/www.suno.com.br\/noticias\/wp-json\/wp\/v2\/tags?post=228128"},{"taxonomy":"suno_strategy","embeddable":true,"href":"https:\/\/www.suno.com.br\/noticias\/wp-json\/wp\/v2\/suno_strategy?post=228128"}],"curies":[{"name":"wp","href":"https:\/\/api.w.org\/{rel}","templated":true}]}}