{"id":228085,"date":"2022-02-03T08:51:04","date_gmt":"2022-02-03T11:51:04","guid":{"rendered":"https:\/\/www.suno.com.br\/noticias\/?p=228085"},"modified":"2022-02-03T09:24:01","modified_gmt":"2022-02-03T12:24:01","slug":"nubank-nubr33-preve-volatilidade-longo-prazo","status":"publish","type":"post","link":"https:\/\/www.suno.com.br\/noticias\/nubank-nubr33-preve-volatilidade-longo-prazo\/","title":{"rendered":"Nubank (NUBR33) prev\u00ea ainda mais volatilidade, mas est\u00e1 focado no longo prazo, diz ag\u00eancia"},"content":{"rendered":"<p>O <strong>Nubank<\/strong> (NUBR33) sofreu rev\u00e9s do mercado e observou uma queda de mais de 20% em suas a\u00e7\u00f5es em dois meses desde a abertura de seu capital (IPO). Por\u00e9m, os donos do banco t\u00eam dormido tranquilos com esse barulho porque j\u00e1 previam uma grande volatilidade no curto prazo e eles est\u00e3o focados no longo prazo, segundo entrevista concedida pelo banco.<\/p>\t<div class=\"wrapper-featured-image\">\n\t\t<figure class=\"spotlightImg\">\n\n\t\t\t<picture>\n\t\t\t\t<source media=\"(max-width: 768px)\" srcset=\"https:\/\/files.sunoresearch.com.br\/n\/uploads\/2021\/12\/Nubank-B3-400x200.jpg\">\n\t\t\t\t<img loading=\"lazy\" decoding=\"async\" class=\"newsContent__article__imgCapa lazyloadDisabled \" src=\"https:\/\/files.sunoresearch.com.br\/n\/uploads\/2021\/12\/Nubank-B3-800x450.jpg\" width=\"800\" height=\"450\" alt=\"Nubank (NUBR33) prev\u00ea ainda mais volatilidade, mas est\u00e1 focado no longo prazo, diz ag\u00eancia\" fetchpriority=high \/>\n\t\t\t<\/picture>\n\n\t\t\t<figcaption class=\"wp-caption-text wp-caption-text--show\">Fundadores do Nubank: Edward Wible, David V\u00e9lez e Cristina Junqueira. <\/figcaption>\n\t\t<\/figure>\n\t<\/div>\n\n\n\t<p>\n\t\t<a href=\"https:\/\/lp.suno.com.br\/planilha-controle-gastos\/\" target=\"_blank\" data-element=\"shortcode-suno-banner\" title=\"Banner SUNO, clique e saiba mais\">\n\t\t\t<picture>\n\t\t\t\t<source media=\"(max-width: 500px)\" srcset=\"https:\/\/files.sunoresearch.com.br\/n\/uploads\/2023\/03\/400x300-Planilha-controle-de-gastos.png\">\n\t\t\t\t<img class=\"newsContent__article__imgCapa newsContent__article__imgCapa--banner\"\n\t\t\t\t\tsrc=\"https:\/\/files.sunoresearch.com.br\/n\/uploads\/2023\/03\/1420x240-Planilha-controle-de-gastos.png\"\n\t\t\t\t\tdata-promo-id=\"101751\"\t\t\t\t\t\t\t\t\t\twidth='1420' height='240'\t\t\t\t\talt=\"https:\/\/files.sunoresearch.com.br\/n\/uploads\/2023\/03\/1420x240-Planilha-controle-de-gastos.png\"\n\t\t\t\t>\n\t\t\t<\/picture>\n\t\t<\/a>\n\t<\/p>\n\n\n<p>&#8220;J\u00e1 v\u00ednhamos falando aos investidores durante o IPO que esperassem volatilidade, o Brasil \u00e9 vol\u00e1til e a Am\u00e9rica Latina tamb\u00e9m&#8221;, disse o fundador e presidente do Nubank \u00e0 ag\u00eancia de not\u00edcias Reuters, David V\u00e9lez.<\/p>\n<p>No <strong>IPO do Nubank<\/strong>, a fintech conquistou o t\u00edtulo de sexta companhia mais valiosa da Am\u00e9rica Latina, chegando a ultrapassar o <a href=\"https:\/\/www.suno.com.br\/acoes\/ITUB4\/\">Ita\u00fa (ITUB4)<\/a> em valor de mercado. Mas com a queda acumulada desde 9 de dezembro, o valor de mercado do roxinho est\u00e1 em US$ 31 bilh\u00f5es, ante US$ 52 bilh\u00f5es, e fora da lista das <strong>dez maiores empresas da Am\u00e9rica Latina<\/strong>.<\/p>\n<p>O Nubank foi precificado a US$ 41,47 bilh\u00f5es no IPO, ou seja, perdeu US$ 10,37 bilh\u00f5es no meio tempo, acumulando uma queda de 25%.<\/p>\n<p>Vel\u00e9z aponta ainda que a alta de juros nos Estados Unidos e no Brasil deve afetar ainda mais as <strong>a\u00e7\u00f5es do Nubank<\/strong> no curto prazo, mas n\u00e3o interromper\u00e1 a trajet\u00f3ria de longo prazo de crescimento. Isso porque, em sua opini\u00e3o, os consumidores continuar\u00e3o a procurar por servi\u00e7os financeiros melhores e mais baratos.<\/p>\n\t<p>\n\t\t<a href=\"https:\/\/lp.suno.com.br\/planilha-da-vida-financeira\/\" target=\"_blank\" data-element=\"shortcode-suno-banner\" title=\"Banner SUNO, clique e saiba mais\">\n\t\t\t<picture>\n\t\t\t\t<source media=\"(max-width: 500px)\" srcset=\"https:\/\/files.sunoresearch.com.br\/n\/uploads\/2023\/04\/400x300-Planilha-vida-financeira-true.png\">\n\t\t\t\t<img class=\"newsContent__article__imgCapa newsContent__article__imgCapa--banner\"\n\t\t\t\t\tsrc=\"https:\/\/files.sunoresearch.com.br\/n\/uploads\/2023\/04\/1420x240-Planilha-vida-financeira-true.png\"\n\t\t\t\t\tdata-promo-id=\"106682\"\t\t\t\t\t\t\t\t\t\twidth='1420' height='240'\t\t\t\t\talt=\"https:\/\/files.sunoresearch.com.br\/n\/uploads\/2023\/04\/1420x240-Planilha-vida-financeira-true.png\"\n\t\t\t\t>\n\t\t\t<\/picture>\n\t\t<\/a>\n\t<\/p>\n\n\n<h2>Foco no longo prazo<\/h2>\n<p>Al\u00e9m disso, o banco digital enxerga na desacelera\u00e7\u00e3o da economia brasileira uma oportunidade para ganhar participa\u00e7\u00e3o de mercado.<\/p>\n<p>Apesar do ambiente de risco mais alto, o fundador acredita que a fintech conseguir\u00e1 manter seus \u00edndices abaixo das m\u00e9dias por conta do uso de intelig\u00eancia artificial para conceder cr\u00e9dito. Para se ter uma base de compara\u00e7\u00e3o, a <strong>taxa de inadimpl\u00eancia<\/strong> de 90 dias do Nubank nos cart\u00f5es de cr\u00e9dito \u00e9 de 3,3%, ante uma m\u00e9dia de 4,8%.<\/p>\n<p>&#8220;A perspectiva de maior risco pode at\u00e9 gerar uma oportunidade para um crescimento mais r\u00e1pido do Nubank.&#8221;<\/p>\n\t<p>\n\t\t<a href=\"https:\/\/lp.suno.com.br\/ebook-como-analisar-uma-acao\/\" target=\"_blank\" data-element=\"shortcode-suno-banner\" title=\"Banner SUNO, clique e saiba mais\">\n\t\t\t<picture>\n\t\t\t\t<source media=\"(max-width: 500px)\" srcset=\"https:\/\/files.sunoresearch.com.br\/n\/uploads\/2023\/03\/Ebook-Acoes-Mobile-1.jpg\">\n\t\t\t\t<img class=\"newsContent__article__imgCapa newsContent__article__imgCapa--banner\"\n\t\t\t\t\tsrc=\"https:\/\/files.sunoresearch.com.br\/n\/uploads\/2023\/03\/Ebook-Acoes-Desktop-1.jpg\"\n\t\t\t\t\tdata-promo-id=\"171998\"\t\t\t\t\t\t\t\t\t\twidth='1420' height='286'\t\t\t\t\talt=\"https:\/\/files.sunoresearch.com.br\/n\/uploads\/2023\/03\/Ebook-Acoes-Desktop-1.jpg\"\n\t\t\t\t>\n\t\t\t<\/picture>\n\t\t<\/a>\n\t<\/p>\n\n\n<p>Com o IPO, em que captou US$ 2,6 bilh\u00f5es, o banco digital n\u00e3o depende mais de financiamento dos mercados e ainda tem recursos para oferecer melhores taxas aos clientes. &#8220;A gente pode ter a oportunidade de acelerar e ganhar mais mercado, e deixar as taxas de juros baixas para tornar nossos produtos mais competitivos.&#8221;<\/p>\n<p>E \u00e9 essa a aposta do Nubank no longo prazo: expans\u00e3o da carteira de cr\u00e9dito.<\/p>\n<p>De acordo com relat\u00f3rio do Morgan Stanley, cada cliente do roxinho gera uma receita de menos de R$ 200, enquanto que, um<strong> correntista do Ita\u00fa<\/strong> gera cerca de R$ 1,2 mil. Portanto, para os especialistas do mercado o cr\u00e9dito \u00e9 essencial para levar a fintech \u00e0 rentabilidade.<\/p>\n<p>Com isso, o banco tem estudado entrar no mercado de empr\u00e9stimos consignados, al\u00e9m de avaliar expandir a carteira de empr\u00e9stimos com garantia de im\u00f3veis e carros. A fintech pode considerar at\u00e9 uma parceria com bancos tradicionais para oferecer cr\u00e9dito imobili\u00e1rio. &#8220;Ficar\u00edamos muito felizes de fazer uma parceria com qualquer um dos grandes bancos.&#8221;<\/p>\n<p>Al\u00e9m de expandir cr\u00e9dito, outra aposta do Nubank\u00a0 para o longo prazo ser\u00e1 vender mais produtos de investimentos por meio de sua plataforma Nu Invest.<\/p>\n<h2>\u00daltima cota\u00e7\u00e3o do Nubank<\/h2>\n<p>Na \u00faltima sess\u00e3o, quarta-feira (2), os BDRs do <strong>Nubank<\/strong> (NUBR33), encerraram o preg\u00e3o com queda de 6,51%, negociados a R$ 6,18.\t<p>\n\t\t<a href=\"https:\/\/lp.suno.com.br\/planilha-de-controle-de-investimentos\/\" target=\"_blank\" data-element=\"shortcode-suno-banner\" title=\"Banner SUNO, clique e saiba mais\">\n\t\t\t<picture>\n\t\t\t\t<source media=\"(max-width: 500px)\" srcset=\"https:\/\/files.sunoresearch.com.br\/n\/uploads\/2023\/03\/400x300-Controle-de-Investimentos.png\">\n\t\t\t\t<img class=\"newsContent__article__imgCapa newsContent__article__imgCapa--banner\"\n\t\t\t\t\tsrc=\"https:\/\/files.sunoresearch.com.br\/n\/uploads\/2023\/03\/1420x240-Controle-de-Investimentos.png\"\n\t\t\t\t\tdata-promo-id=\"75934\"\t\t\t\t\t\t\t\t\t\twidth='1420' height='240'\t\t\t\t\talt=\"https:\/\/files.sunoresearch.com.br\/n\/uploads\/2023\/03\/1420x240-Controle-de-Investimentos.png\"\n\t\t\t\t>\n\t\t\t<\/picture>\n\t\t<\/a>\n\t<\/p>\n\n<\/p>\n","protected":false},"excerpt":{"rendered":"<p>O Nubank (NUBR33) sofreu rev\u00e9s do mercado e observou uma queda de mais de 20% em suas a\u00e7\u00f5es em dois meses desde a abertura de seu capital (IPO). Por\u00e9m, os donos do banco t\u00eam dormido tranquilos com esse barulho porque j\u00e1 previam uma grande volatilidade no curto prazo e eles est\u00e3o focados no longo prazo, [&hellip;]<\/p>\n","protected":false},"author":15,"featured_media":214207,"comment_status":"closed","ping_status":"closed","sticky":false,"template":"","format":"standard","meta":[],"categories":[64],"tags":[319,848],"suno_strategy":[],"class_list":["post-228085","post","type-post","status-publish","format-standard","has-post-thumbnail","hentry","category-negocios","tag-ipo-oferta-inicial-de-acoes","tag-nubank"],"yoast_head":"<!-- This site is optimized with the Yoast SEO plugin v24.4 - https:\/\/yoast.com\/wordpress\/plugins\/seo\/ -->\n<title>Nubank (NUBR33) v\u00ea mais volatilidade, mas est\u00e1 focado no longo prazo<\/title>\n<meta name=\"description\" content=\"Nubank (NUBR33) v\u00ea ainda a alta de juros no mundo deve afetar ainda mais as a\u00e7\u00f5es do no curto prazo, mas n\u00e3o interromper\u00e1 no longo prazo. Veja\" \/>\n<meta name=\"robots\" content=\"index, follow, max-snippet:-1, max-image-preview:large, max-video-preview:-1\" \/>\n<link rel=\"canonical\" href=\"https:\/\/www.suno.com.br\/noticias\/nubank-nubr33-preve-volatilidade-longo-prazo\/\" \/>\n<meta property=\"og:locale\" content=\"pt_BR\" \/>\n<meta property=\"og:type\" content=\"article\" \/>\n<meta property=\"og:title\" content=\"Nubank (NUBR33) v\u00ea mais volatilidade, mas est\u00e1 focado no longo prazo\" \/>\n<meta property=\"og:description\" content=\"Nubank (NUBR33) v\u00ea ainda a alta de juros no mundo deve afetar ainda mais as a\u00e7\u00f5es do no curto prazo, mas n\u00e3o interromper\u00e1 no longo prazo. Veja\" \/>\n<meta property=\"og:url\" content=\"https:\/\/www.suno.com.br\/noticias\/nubank-nubr33-preve-volatilidade-longo-prazo\/\" \/>\n<meta property=\"og:site_name\" content=\"Suno Not\u00edcias\" \/>\n<meta property=\"article:publisher\" content=\"https:\/\/facebook.com\/sunoresearch\" \/>\n<meta property=\"og:image\" content=\"https:\/\/files.sunoresearch.com.br\/n\/uploads\/2021\/12\/Nubank-B3.jpg\" \/>\n\t<meta property=\"og:image:width\" content=\"1200\" \/>\n\t<meta property=\"og:image:height\" content=\"675\" \/>\n\t<meta property=\"og:image:type\" content=\"image\/jpeg\" \/>\n<meta name=\"author\" content=\"Poliana Santos\" \/>\n<meta name=\"twitter:card\" content=\"summary_large_image\" \/>\n<meta name=\"twitter:creator\" content=\"@sunoresearch\" \/>\n<meta name=\"twitter:site\" content=\"@sunoresearch\" \/>\n<meta name=\"twitter:label1\" content=\"Escrito por\" \/>\n\t<meta name=\"twitter:data1\" content=\"Poliana Santos\" \/>\n\t<meta name=\"twitter:label2\" content=\"Est. tempo de leitura\" \/>\n\t<meta name=\"twitter:data2\" content=\"3 minutos\" \/>\n<script type=\"application\/ld+json\" class=\"yoast-schema-graph\">{\"@context\":\"https:\/\/schema.org\",\"@graph\":[{\"@type\":\"NewsArticle\",\"@id\":\"https:\/\/www.suno.com.br\/noticias\/nubank-nubr33-preve-volatilidade-longo-prazo\/#article\",\"isPartOf\":{\"@id\":\"https:\/\/www.suno.com.br\/noticias\/nubank-nubr33-preve-volatilidade-longo-prazo\/\"},\"author\":{\"name\":\"Poliana Santos\",\"@id\":\"https:\/\/www.suno.com.br\/noticias\/#\/schema\/person\/02ec1f752758247878a2bf4abee1aeda\"},\"headline\":\"Nubank (NUBR33) prev\u00ea ainda mais volatilidade, mas est\u00e1 focado no longo prazo, diz ag\u00eancia\",\"datePublished\":\"2022-02-03T11:51:04+00:00\",\"dateModified\":\"2022-02-03T12:24:01+00:00\",\"mainEntityOfPage\":{\"@id\":\"https:\/\/www.suno.com.br\/noticias\/nubank-nubr33-preve-volatilidade-longo-prazo\/\"},\"wordCount\":609,\"publisher\":{\"@id\":\"https:\/\/www.suno.com.br\/noticias\/#organization\"},\"image\":{\"@id\":\"https:\/\/www.suno.com.br\/noticias\/nubank-nubr33-preve-volatilidade-longo-prazo\/#primaryimage\"},\"thumbnailUrl\":\"https:\/\/files.sunoresearch.com.br\/n\/uploads\/2021\/12\/Nubank-B3.jpg\",\"keywords\":[\"IPO (Oferta Inicial de A\u00e7\u00f5es)\",\"Nubank (NUBR33)\"],\"articleSection\":[\"Neg\u00f3cios\"],\"inLanguage\":\"pt-BR\"},{\"@type\":\"WebPage\",\"@id\":\"https:\/\/www.suno.com.br\/noticias\/nubank-nubr33-preve-volatilidade-longo-prazo\/\",\"url\":\"https:\/\/www.suno.com.br\/noticias\/nubank-nubr33-preve-volatilidade-longo-prazo\/\",\"name\":\"Nubank (NUBR33) v\u00ea mais volatilidade, mas est\u00e1 focado no longo prazo\",\"isPartOf\":{\"@id\":\"https:\/\/www.suno.com.br\/noticias\/#website\"},\"primaryImageOfPage\":{\"@id\":\"https:\/\/www.suno.com.br\/noticias\/nubank-nubr33-preve-volatilidade-longo-prazo\/#primaryimage\"},\"image\":{\"@id\":\"https:\/\/www.suno.com.br\/noticias\/nubank-nubr33-preve-volatilidade-longo-prazo\/#primaryimage\"},\"thumbnailUrl\":\"https:\/\/files.sunoresearch.com.br\/n\/uploads\/2021\/12\/Nubank-B3.jpg\",\"datePublished\":\"2022-02-03T11:51:04+00:00\",\"dateModified\":\"2022-02-03T12:24:01+00:00\",\"description\":\"Nubank (NUBR33) v\u00ea ainda a alta de juros no mundo deve afetar ainda mais as a\u00e7\u00f5es do no curto prazo, mas n\u00e3o interromper\u00e1 no longo prazo. Veja\",\"breadcrumb\":{\"@id\":\"https:\/\/www.suno.com.br\/noticias\/nubank-nubr33-preve-volatilidade-longo-prazo\/#breadcrumb\"},\"inLanguage\":\"pt-BR\",\"potentialAction\":[{\"@type\":\"ReadAction\",\"target\":[\"https:\/\/www.suno.com.br\/noticias\/nubank-nubr33-preve-volatilidade-longo-prazo\/\"]}]},{\"@type\":\"ImageObject\",\"inLanguage\":\"pt-BR\",\"@id\":\"https:\/\/www.suno.com.br\/noticias\/nubank-nubr33-preve-volatilidade-longo-prazo\/#primaryimage\",\"url\":\"https:\/\/files.sunoresearch.com.br\/n\/uploads\/2021\/12\/Nubank-B3.jpg\",\"contentUrl\":\"https:\/\/files.sunoresearch.com.br\/n\/uploads\/2021\/12\/Nubank-B3.jpg\",\"width\":1200,\"height\":675,\"caption\":\"Fundadores do Nubank: Edward Wible, David V\u00e9lez e Cristina Junqueira.\"},{\"@type\":\"BreadcrumbList\",\"@id\":\"https:\/\/www.suno.com.br\/noticias\/nubank-nubr33-preve-volatilidade-longo-prazo\/#breadcrumb\",\"itemListElement\":[{\"@type\":\"ListItem\",\"position\":1,\"name\":\"Not\u00edcias\",\"item\":\"https:\/\/www.suno.com.br\/noticias\/\"},{\"@type\":\"ListItem\",\"position\":2,\"name\":\"Neg\u00f3cios\",\"item\":\"https:\/\/www.suno.com.br\/noticias\/negocios\/\"},{\"@type\":\"ListItem\",\"position\":3,\"name\":\"Nubank (NUBR33) prev\u00ea ainda mais volatilidade, mas est\u00e1 focado no longo prazo, diz ag\u00eancia\"}]},{\"@type\":\"WebSite\",\"@id\":\"https:\/\/www.suno.com.br\/noticias\/#website\",\"url\":\"https:\/\/www.suno.com.br\/noticias\/\",\"name\":\"Suno Not\u00edcias\",\"description\":\"Seu portal de informa\u00e7\u00e3o sobre o mundo dos investimentos\",\"publisher\":{\"@id\":\"https:\/\/www.suno.com.br\/noticias\/#organization\"},\"potentialAction\":[{\"@type\":\"SearchAction\",\"target\":{\"@type\":\"EntryPoint\",\"urlTemplate\":\"https:\/\/www.suno.com.br\/noticias\/?s={search_term_string}\"},\"query-input\":{\"@type\":\"PropertyValueSpecification\",\"valueRequired\":true,\"valueName\":\"search_term_string\"}}],\"inLanguage\":\"pt-BR\"},{\"@type\":\"Organization\",\"@id\":\"https:\/\/www.suno.com.br\/noticias\/#organization\",\"name\":\"Suno Not\u00edcias\",\"url\":\"https:\/\/www.suno.com.br\/noticias\/\",\"logo\":{\"@type\":\"ImageObject\",\"inLanguage\":\"pt-BR\",\"@id\":\"https:\/\/www.suno.com.br\/noticias\/#\/schema\/logo\/image\/\",\"url\":\"https:\/\/files.sunoresearch.com.br\/n\/uploads\/2021\/09\/suno-logo.png\",\"contentUrl\":\"https:\/\/files.sunoresearch.com.br\/n\/uploads\/2021\/09\/suno-logo.png\",\"width\":180,\"height\":180,\"caption\":\"Suno Not\u00edcias\"},\"image\":{\"@id\":\"https:\/\/www.suno.com.br\/noticias\/#\/schema\/logo\/image\/\"},\"sameAs\":[\"https:\/\/facebook.com\/sunoresearch\",\"https:\/\/x.com\/sunoresearch\",\"https:\/\/www.instagram.com\/suno\",\"https:\/\/www.linkedin.com\/company\/suno-research\/\",\"https:\/\/www.youtube.com\/c\/sunoresearch\"]},{\"@type\":\"Person\",\"@id\":\"https:\/\/www.suno.com.br\/noticias\/#\/schema\/person\/02ec1f752758247878a2bf4abee1aeda\",\"name\":\"Poliana Santos\",\"image\":{\"@type\":\"ImageObject\",\"inLanguage\":\"pt-BR\",\"@id\":\"https:\/\/www.suno.com.br\/noticias\/#\/schema\/person\/image\/\",\"url\":\"https:\/\/secure.gravatar.com\/avatar\/0645bd32f23d87b2130f2b2dff1d3f8d?s=96&r=g\",\"contentUrl\":\"https:\/\/secure.gravatar.com\/avatar\/0645bd32f23d87b2130f2b2dff1d3f8d?s=96&r=g\",\"caption\":\"Poliana Santos\"},\"description\":\"Rep\u00f3rter no Suno Not\u00edcias, com cobertura em mercado financeiro, economia, finan\u00e7as pessoais, renda fixa e varejo. Jornalista formada pela Faculdade C\u00e1sper L\u00edbero e possui passagem na R\u00e1dio Gazeta AM com a produ\u00e7\u00e3o de conte\u00fado sobre economia, pol\u00edtica, sa\u00fade, moda e m\u00fasica. Possui certificado de conclus\u00e3o do curso de An\u00e1lise de Balan\u00e7os pela Funda\u00e7\u00e3o Bradesco, Agenda Brasil pela FAAP, Educa\u00e7\u00e3o Pol\u00edtica por Alexandre Garcia e do Tesouro Direto e Mercado de A\u00e7\u00f5es pela B3.\",\"url\":\"https:\/\/www.suno.com.br\/noticias\/author\/poliana-santos\/\"}]}<\/script>\n<!-- \/ Yoast SEO plugin. -->","yoast_head_json":{"title":"Nubank (NUBR33) v\u00ea mais volatilidade, mas est\u00e1 focado no longo prazo","description":"Nubank (NUBR33) v\u00ea ainda a alta de juros no mundo deve afetar ainda mais as a\u00e7\u00f5es do no curto prazo, mas n\u00e3o interromper\u00e1 no longo prazo. Veja","robots":{"index":"index","follow":"follow","max-snippet":"max-snippet:-1","max-image-preview":"max-image-preview:large","max-video-preview":"max-video-preview:-1"},"canonical":"https:\/\/www.suno.com.br\/noticias\/nubank-nubr33-preve-volatilidade-longo-prazo\/","og_locale":"pt_BR","og_type":"article","og_title":"Nubank (NUBR33) v\u00ea mais volatilidade, mas est\u00e1 focado no longo prazo","og_description":"Nubank (NUBR33) v\u00ea ainda a alta de juros no mundo deve afetar ainda mais as a\u00e7\u00f5es do no curto prazo, mas n\u00e3o interromper\u00e1 no longo prazo. Veja","og_url":"https:\/\/www.suno.com.br\/noticias\/nubank-nubr33-preve-volatilidade-longo-prazo\/","og_site_name":"Suno Not\u00edcias","article_publisher":"https:\/\/facebook.com\/sunoresearch","og_image":[{"width":1200,"height":675,"url":"https:\/\/files.sunoresearch.com.br\/n\/uploads\/2021\/12\/Nubank-B3.jpg","type":"image\/jpeg"}],"author":"Poliana Santos","twitter_card":"summary_large_image","twitter_creator":"@sunoresearch","twitter_site":"@sunoresearch","twitter_misc":{"Escrito por":"Poliana Santos","Est. tempo de leitura":"3 minutos"},"schema":{"@context":"https:\/\/schema.org","@graph":[{"@type":"NewsArticle","@id":"https:\/\/www.suno.com.br\/noticias\/nubank-nubr33-preve-volatilidade-longo-prazo\/#article","isPartOf":{"@id":"https:\/\/www.suno.com.br\/noticias\/nubank-nubr33-preve-volatilidade-longo-prazo\/"},"author":{"name":"Poliana Santos","@id":"https:\/\/www.suno.com.br\/noticias\/#\/schema\/person\/02ec1f752758247878a2bf4abee1aeda"},"headline":"Nubank (NUBR33) prev\u00ea ainda mais volatilidade, mas est\u00e1 focado no longo prazo, diz ag\u00eancia","datePublished":"2022-02-03T11:51:04+00:00","dateModified":"2022-02-03T12:24:01+00:00","mainEntityOfPage":{"@id":"https:\/\/www.suno.com.br\/noticias\/nubank-nubr33-preve-volatilidade-longo-prazo\/"},"wordCount":609,"publisher":{"@id":"https:\/\/www.suno.com.br\/noticias\/#organization"},"image":{"@id":"https:\/\/www.suno.com.br\/noticias\/nubank-nubr33-preve-volatilidade-longo-prazo\/#primaryimage"},"thumbnailUrl":"https:\/\/files.sunoresearch.com.br\/n\/uploads\/2021\/12\/Nubank-B3.jpg","keywords":["IPO (Oferta Inicial de A\u00e7\u00f5es)","Nubank (NUBR33)"],"articleSection":["Neg\u00f3cios"],"inLanguage":"pt-BR"},{"@type":"WebPage","@id":"https:\/\/www.suno.com.br\/noticias\/nubank-nubr33-preve-volatilidade-longo-prazo\/","url":"https:\/\/www.suno.com.br\/noticias\/nubank-nubr33-preve-volatilidade-longo-prazo\/","name":"Nubank (NUBR33) v\u00ea mais volatilidade, mas est\u00e1 focado no longo prazo","isPartOf":{"@id":"https:\/\/www.suno.com.br\/noticias\/#website"},"primaryImageOfPage":{"@id":"https:\/\/www.suno.com.br\/noticias\/nubank-nubr33-preve-volatilidade-longo-prazo\/#primaryimage"},"image":{"@id":"https:\/\/www.suno.com.br\/noticias\/nubank-nubr33-preve-volatilidade-longo-prazo\/#primaryimage"},"thumbnailUrl":"https:\/\/files.sunoresearch.com.br\/n\/uploads\/2021\/12\/Nubank-B3.jpg","datePublished":"2022-02-03T11:51:04+00:00","dateModified":"2022-02-03T12:24:01+00:00","description":"Nubank (NUBR33) v\u00ea ainda a alta de juros no mundo deve afetar ainda mais as a\u00e7\u00f5es do no curto prazo, mas n\u00e3o interromper\u00e1 no longo prazo. Veja","breadcrumb":{"@id":"https:\/\/www.suno.com.br\/noticias\/nubank-nubr33-preve-volatilidade-longo-prazo\/#breadcrumb"},"inLanguage":"pt-BR","potentialAction":[{"@type":"ReadAction","target":["https:\/\/www.suno.com.br\/noticias\/nubank-nubr33-preve-volatilidade-longo-prazo\/"]}]},{"@type":"ImageObject","inLanguage":"pt-BR","@id":"https:\/\/www.suno.com.br\/noticias\/nubank-nubr33-preve-volatilidade-longo-prazo\/#primaryimage","url":"https:\/\/files.sunoresearch.com.br\/n\/uploads\/2021\/12\/Nubank-B3.jpg","contentUrl":"https:\/\/files.sunoresearch.com.br\/n\/uploads\/2021\/12\/Nubank-B3.jpg","width":1200,"height":675,"caption":"Fundadores do Nubank: Edward Wible, David V\u00e9lez e Cristina Junqueira."},{"@type":"BreadcrumbList","@id":"https:\/\/www.suno.com.br\/noticias\/nubank-nubr33-preve-volatilidade-longo-prazo\/#breadcrumb","itemListElement":[{"@type":"ListItem","position":1,"name":"Not\u00edcias","item":"https:\/\/www.suno.com.br\/noticias\/"},{"@type":"ListItem","position":2,"name":"Neg\u00f3cios","item":"https:\/\/www.suno.com.br\/noticias\/negocios\/"},{"@type":"ListItem","position":3,"name":"Nubank (NUBR33) prev\u00ea ainda mais volatilidade, mas est\u00e1 focado no longo prazo, diz ag\u00eancia"}]},{"@type":"WebSite","@id":"https:\/\/www.suno.com.br\/noticias\/#website","url":"https:\/\/www.suno.com.br\/noticias\/","name":"Suno Not\u00edcias","description":"Seu portal de informa\u00e7\u00e3o sobre o mundo dos investimentos","publisher":{"@id":"https:\/\/www.suno.com.br\/noticias\/#organization"},"potentialAction":[{"@type":"SearchAction","target":{"@type":"EntryPoint","urlTemplate":"https:\/\/www.suno.com.br\/noticias\/?s={search_term_string}"},"query-input":{"@type":"PropertyValueSpecification","valueRequired":true,"valueName":"search_term_string"}}],"inLanguage":"pt-BR"},{"@type":"Organization","@id":"https:\/\/www.suno.com.br\/noticias\/#organization","name":"Suno Not\u00edcias","url":"https:\/\/www.suno.com.br\/noticias\/","logo":{"@type":"ImageObject","inLanguage":"pt-BR","@id":"https:\/\/www.suno.com.br\/noticias\/#\/schema\/logo\/image\/","url":"https:\/\/files.sunoresearch.com.br\/n\/uploads\/2021\/09\/suno-logo.png","contentUrl":"https:\/\/files.sunoresearch.com.br\/n\/uploads\/2021\/09\/suno-logo.png","width":180,"height":180,"caption":"Suno Not\u00edcias"},"image":{"@id":"https:\/\/www.suno.com.br\/noticias\/#\/schema\/logo\/image\/"},"sameAs":["https:\/\/facebook.com\/sunoresearch","https:\/\/x.com\/sunoresearch","https:\/\/www.instagram.com\/suno","https:\/\/www.linkedin.com\/company\/suno-research\/","https:\/\/www.youtube.com\/c\/sunoresearch"]},{"@type":"Person","@id":"https:\/\/www.suno.com.br\/noticias\/#\/schema\/person\/02ec1f752758247878a2bf4abee1aeda","name":"Poliana Santos","image":{"@type":"ImageObject","inLanguage":"pt-BR","@id":"https:\/\/www.suno.com.br\/noticias\/#\/schema\/person\/image\/","url":"https:\/\/secure.gravatar.com\/avatar\/0645bd32f23d87b2130f2b2dff1d3f8d?s=96&r=g","contentUrl":"https:\/\/secure.gravatar.com\/avatar\/0645bd32f23d87b2130f2b2dff1d3f8d?s=96&r=g","caption":"Poliana Santos"},"description":"Rep\u00f3rter no Suno Not\u00edcias, com cobertura em mercado financeiro, economia, finan\u00e7as pessoais, renda fixa e varejo. Jornalista formada pela Faculdade C\u00e1sper L\u00edbero e possui passagem na R\u00e1dio Gazeta AM com a produ\u00e7\u00e3o de conte\u00fado sobre economia, pol\u00edtica, sa\u00fade, moda e m\u00fasica. Possui certificado de conclus\u00e3o do curso de An\u00e1lise de Balan\u00e7os pela Funda\u00e7\u00e3o Bradesco, Agenda Brasil pela FAAP, Educa\u00e7\u00e3o Pol\u00edtica por Alexandre Garcia e do Tesouro Direto e Mercado de A\u00e7\u00f5es pela B3.","url":"https:\/\/www.suno.com.br\/noticias\/author\/poliana-santos\/"}]}},"default_loop_html":"<div class=\"cardsPage__listCard__boxs\"><div class=\"cardsPage__listCard__boxs__img\"><a href=\"https:\/\/www.suno.com.br\/noticias\/nubank-nubr33-preve-volatilidade-longo-prazo\/\"><img class=\"mask\" src=\"https:\/\/www.suno.com.br\/noticias\/wp-content\/themes\/suno\/resources\/images\/spotlight\/spotlight1img\/bg-mask.png\" alt=\"Image Mask\"\/><img src=\"https:\/\/files.sunoresearch.com.br\/n\/uploads\/2021\/12\/Nubank-B3-400x200.jpg\" alt=\"Nubank (NUBR33) prev\u00ea ainda mais volatilidade, mas est\u00e1 focado no longo prazo, diz ag\u00eancia\"\/><\/a><span class=\"spotlightCategory\"><a href=\"https:\/\/www.suno.com.br\/noticias\/negocios\/\">Neg\u00f3cios<\/a><\/span><\/div><div class=\"cardsPage__listCard__boxs__content\"><a href=\"https:\/\/www.suno.com.br\/noticias\/nubank-nubr33-preve-volatilidade-longo-prazo\/\"><h2 class=\"content__title\">Nubank (NUBR33) prev\u00ea ainda mais volatilidade, mas est\u00e1 focado no longo prazo, diz ag\u00eancia<\/h2><\/a><div class=\"newsContent__article__meta\"><div class=\"newsContent__article__meta__authorBox\"><a href=\"https:\/\/www.suno.com.br\/noticias\/author\/poliana-santos\/\" class=\"authorBox__avatar noMobi\"><img src=\"https:\/\/files.sunoresearch.com.br\/n\/uploads\/2020\/08\/7ef34026-whatsapp-image-2020-08-03-at-12.37.57-150x150.webp\" alt=\"Poliana Santos\"><\/a><div class=\"authorBox__name\"><span>por\n\t\t\t<a href=\"https:\/\/www.suno.com.br\/noticias\/author\/poliana-santos\/\"><span itemprop=\"author\">Poliana Santos<\/span><\/a><\/span><time datetime=\"2022-02-03T08:51:04-03:00\" itemprop=\"datePublished\">03\/02\/2022 08:51<\/time><\/div><\/div><\/div><\/div><\/div>","single_layout":"posts","amp_enabled":true,"_links":{"self":[{"href":"https:\/\/www.suno.com.br\/noticias\/wp-json\/wp\/v2\/posts\/228085"}],"collection":[{"href":"https:\/\/www.suno.com.br\/noticias\/wp-json\/wp\/v2\/posts"}],"about":[{"href":"https:\/\/www.suno.com.br\/noticias\/wp-json\/wp\/v2\/types\/post"}],"author":[{"embeddable":true,"href":"https:\/\/www.suno.com.br\/noticias\/wp-json\/wp\/v2\/users\/15"}],"replies":[{"embeddable":true,"href":"https:\/\/www.suno.com.br\/noticias\/wp-json\/wp\/v2\/comments?post=228085"}],"version-history":[{"count":3,"href":"https:\/\/www.suno.com.br\/noticias\/wp-json\/wp\/v2\/posts\/228085\/revisions"}],"predecessor-version":[{"id":228126,"href":"https:\/\/www.suno.com.br\/noticias\/wp-json\/wp\/v2\/posts\/228085\/revisions\/228126"}],"wp:featuredmedia":[{"embeddable":true,"href":"https:\/\/www.suno.com.br\/noticias\/wp-json\/wp\/v2\/media\/214207"}],"wp:attachment":[{"href":"https:\/\/www.suno.com.br\/noticias\/wp-json\/wp\/v2\/media?parent=228085"}],"wp:term":[{"taxonomy":"category","embeddable":true,"href":"https:\/\/www.suno.com.br\/noticias\/wp-json\/wp\/v2\/categories?post=228085"},{"taxonomy":"post_tag","embeddable":true,"href":"https:\/\/www.suno.com.br\/noticias\/wp-json\/wp\/v2\/tags?post=228085"},{"taxonomy":"suno_strategy","embeddable":true,"href":"https:\/\/www.suno.com.br\/noticias\/wp-json\/wp\/v2\/suno_strategy?post=228085"}],"curies":[{"name":"wp","href":"https:\/\/api.w.org\/{rel}","templated":true}]}}