{"id":227738,"date":"2022-02-02T10:21:08","date_gmt":"2022-02-02T13:21:08","guid":{"rendered":"https:\/\/www.suno.com.br\/noticias\/?p=227738"},"modified":"2022-02-02T10:21:08","modified_gmt":"2022-02-02T13:21:08","slug":"dolar-sobe-com-exterior-positivo-e-a-espera-do-copom","status":"publish","type":"post","link":"https:\/\/www.suno.com.br\/noticias\/dolar-sobe-com-exterior-positivo-e-a-espera-do-copom\/","title":{"rendered":"D\u00f3lar sobe com exterior positivo e \u00e0 espera do Copom"},"content":{"rendered":"<p>O <strong>d\u00f3lar<\/strong> sobe com os investidores ajustando posi\u00e7\u00f5es nesta quarta-feira (2) diante do recuo dos juros dos Treasuries no exterior, enquanto os futuros de Nova York, as <a class=\"suno-keyword\" href=\"https:\/\/www.suno.com.br\/artigos\/bolsas-europeias\/\" target=\"_blank\" rel=\"noopener\" data-force=\"no\" data-priority=\"1\">bolsas europeias<\/a> e grande parte das moedas emergentes e ligadas a commodities operam com ganhos nesta manh\u00e3, ap\u00f3s balan\u00e7os melhores que o esperado e alta recorde da infla\u00e7\u00e3o ao consumidor na <a class=\"suno-keyword\" href=\"https:\/\/www.suno.com.br\/artigos\/zona-do-euro\/\" target=\"_blank\" rel=\"noopener\" data-force=\"no\" data-priority=\"1\">zona do euro<\/a>, no dado preliminar de janeiro. H\u00e1 compasso de espera tamb\u00e9m pela decis\u00e3o do Copom, que sai ap\u00f3s o fechamento dos mercados.<\/p>\t<div class=\"wrapper-featured-image\">\n\t\t<figure class=\"spotlightImg\">\n\n\t\t\t<picture>\n\t\t\t\t<source media=\"(max-width: 768px)\" srcset=\"https:\/\/files.sunoresearch.com.br\/n\/uploads\/2021\/03\/803b2337-dollar-726882_1280-400x200.webp\">\n\t\t\t\t<img loading=\"lazy\" decoding=\"async\" class=\"newsContent__article__imgCapa lazyloadDisabled \" src=\"https:\/\/files.sunoresearch.com.br\/n\/uploads\/2021\/03\/803b2337-dollar-726882_1280-800x450.webp\" width=\"800\" height=\"450\" alt=\"D\u00f3lar sobe com exterior positivo e \u00e0 espera do Copom\" fetchpriority=high \/>\n\t\t\t<\/picture>\n\n\t\t\t<figcaption class=\"wp-caption-text wp-caption-text--show\">Nota de d\u00f3lar. Foto: Pixabay<\/figcaption>\n\t\t<\/figure>\n\t<\/div>\n\n\n\t<p>\n\t\t<a href=\"https:\/\/lp.suno.com.br\/planilha-controle-gastos\/\" target=\"_blank\" data-element=\"shortcode-suno-banner\" title=\"Banner SUNO, clique e saiba mais\">\n\t\t\t<picture>\n\t\t\t\t<source media=\"(max-width: 500px)\" srcset=\"https:\/\/files.sunoresearch.com.br\/n\/uploads\/2023\/03\/400x300-Planilha-controle-de-gastos.png\">\n\t\t\t\t<img class=\"newsContent__article__imgCapa newsContent__article__imgCapa--banner\"\n\t\t\t\t\tsrc=\"https:\/\/files.sunoresearch.com.br\/n\/uploads\/2023\/03\/1420x240-Planilha-controle-de-gastos.png\"\n\t\t\t\t\tdata-promo-id=\"101751\"\t\t\t\t\t\t\t\t\t\twidth='1420' height='240'\t\t\t\t\talt=\"https:\/\/files.sunoresearch.com.br\/n\/uploads\/2023\/03\/1420x240-Planilha-controle-de-gastos.png\"\n\t\t\t\t>\n\t\t\t<\/picture>\n\t\t<\/a>\n\t<\/p>\n\n\n<p>\u00c0s 10h10 desta quarta-feira, o <strong>d\u00f3lar hoje<\/strong> subia 0,05%, a R$ 5,26. O <a class=\"suno-keyword\" href=\"https:\/\/www.suno.com.br\/artigos\/dolar-futuro\/\" target=\"_blank\" rel=\"noopener\" data-force=\"no\" data-priority=\"1\">d\u00f3lar futuro<\/a> para mar\u00e7o recuava 0,08%, a R$ 5,29.<\/p>\n<p>Os investidores locais olham ainda os dados da <strong>produ\u00e7\u00e3o industrial brasileira<\/strong> em dezembro e a acelera\u00e7\u00e3o do \u00edndice de infla\u00e7\u00e3o em S\u00e3o Paulo nesta manh\u00e3, mas sem alterar as apostas j\u00e1 consolidadas para a reuni\u00e3o do Copom de hoje, de alta de 1,5 ponto porcentual da Selic, para 10,75% ao ano.<\/p>\n<p>De 30 institui\u00e7\u00f5es consultadas pelo <i>Proje\u00e7\u00f5es Broadcast<\/i>, 27 (90%) esperam que o Banco Central (BC) comunique um novo ajuste de juros na segunda reuni\u00e3o do ano, enquanto duas avaliam que a<strong> autoridade monet\u00e1ria<\/strong> n\u00e3o deve indicar uma alta.<\/p>\n<p>A principal d\u00favida entre os participantes do mercado \u00e9 a magnitude do novo aumento a ser sinalizado pelo colegiado.<\/p>\n<p>Entre 28 entrevistados, a maior parte (9) espera que o Copom mantenha em aberto a magnitude do aperto da reuni\u00e3o de mar\u00e7o, enquanto 8 esperam que o colegiado se comprometa com uma <strong>alta de 1,0 ponto porcentual dos juros<\/strong>. Outras 5 institui\u00e7\u00f5es estimam que o BC sinalize uma alta de 1,5 ponto na reuni\u00e3o.<\/p>\n\t<p>\n\t\t<a href=\"https:\/\/lp.suno.com.br\/planilha-da-vida-financeira\/\" target=\"_blank\" data-element=\"shortcode-suno-banner\" title=\"Banner SUNO, clique e saiba mais\">\n\t\t\t<picture>\n\t\t\t\t<source media=\"(max-width: 500px)\" srcset=\"https:\/\/files.sunoresearch.com.br\/n\/uploads\/2023\/04\/400x300-Planilha-vida-financeira-true.png\">\n\t\t\t\t<img class=\"newsContent__article__imgCapa newsContent__article__imgCapa--banner\"\n\t\t\t\t\tsrc=\"https:\/\/files.sunoresearch.com.br\/n\/uploads\/2023\/04\/1420x240-Planilha-vida-financeira-true.png\"\n\t\t\t\t\tdata-promo-id=\"106682\"\t\t\t\t\t\t\t\t\t\twidth='1420' height='240'\t\t\t\t\talt=\"https:\/\/files.sunoresearch.com.br\/n\/uploads\/2023\/04\/1420x240-Planilha-vida-financeira-true.png\"\n\t\t\t\t>\n\t\t\t<\/picture>\n\t\t<\/a>\n\t<\/p>\n\n\n<p>A produ\u00e7\u00e3o industrial subiu 2,9% em dezembro ante novembro de 2021, na s\u00e9rie com ajuste sazonal, informou mais cedo o <a class=\"suno-keyword\" href=\"https:\/\/www.suno.com.br\/artigos\/ibge\/\" target=\"_blank\" rel=\"noopener\" data-force=\"no\" data-priority=\"3\">Instituto Brasileiro de Geografia e Estat\u00edstica (IBGE)<\/a>.<\/p>\n<p>O resultado ficou acima do teto das estimativas de analistas captadas pelo <i>Proje\u00e7\u00f5es Broadcast<\/i>, que iam de uma queda de 0,3% a um avan\u00e7o de 2,2%, com mediana de alta de 1,6%.<\/p>\n<p>Em rela\u00e7\u00e3o a dezembro de 2020, a produ\u00e7\u00e3o caiu 5,0%. Nessa base de compara\u00e7\u00e3o, sem ajuste, as estimativas variavam de um tombo de 8,0% a uma queda de 1,0%, com mediana de queda de 5,9%. No ano de 2021, a ind\u00fastria teve avan\u00e7o de 3,9%, pr\u00f3ximo da mediana das proje\u00e7\u00f5es para o resultado fechado do ano, que apontava um avan\u00e7o de 3,8%. As estimativas iam de alta de 3,6% a avan\u00e7o de 5,4%.<\/p>\n<p>O<strong> \u00cdndice de Pre\u00e7os ao Consumidor<\/strong> (IPC), que mede a infla\u00e7\u00e3o na cidade de S\u00e3o Paulo, subiu 0,74% em janeiro, de 0,57% em dezembro e de 0,66% na terceira quadrissemana do m\u00eas passado, segundo a Fipe. O resultado de janeiro superou o teto das estimativas de oito institui\u00e7\u00f5es de mercado consultadas pelo <i>Proje\u00e7\u00f5es Broadcast<\/i>, que variavam de alta de 0,54% a 0,73%. No per\u00edodo de 12 meses at\u00e9 janeiro, o IPC-Fipe acumulou infla\u00e7\u00e3o de 9,60%, vindo em linha com o consenso do mercado.<\/p>\n<h2>\u00daltima cota\u00e7\u00e3o do d\u00f3lar<\/h2>\n<p>Na \u00faltima sess\u00e3o, ter\u00e7a-feira (1), o <strong>d\u00f3lar<\/strong> encerrou o preg\u00e3o em queda de 0,62%, a negociado a R$ 5,27.<\/p>\n<p><em>(Com informa\u00e7\u00f5es do Estad\u00e3o Conte\u00fado)<\/em><\/p>\n\t<p>\n\t\t<a href=\"https:\/\/lp.suno.com.br\/planilha-de-controle-de-investimentos\/\" target=\"_blank\" data-element=\"shortcode-suno-banner\" title=\"Banner SUNO, clique e saiba mais\">\n\t\t\t<picture>\n\t\t\t\t<source media=\"(max-width: 500px)\" srcset=\"https:\/\/files.sunoresearch.com.br\/n\/uploads\/2023\/03\/400x300-Controle-de-Investimentos.png\">\n\t\t\t\t<img class=\"newsContent__article__imgCapa newsContent__article__imgCapa--banner\"\n\t\t\t\t\tsrc=\"https:\/\/files.sunoresearch.com.br\/n\/uploads\/2023\/03\/1420x240-Controle-de-Investimentos.png\"\n\t\t\t\t\tdata-promo-id=\"75934\"\t\t\t\t\t\t\t\t\t\twidth='1420' height='240'\t\t\t\t\talt=\"https:\/\/files.sunoresearch.com.br\/n\/uploads\/2023\/03\/1420x240-Controle-de-Investimentos.png\"\n\t\t\t\t>\n\t\t\t<\/picture>\n\t\t<\/a>\n\t<\/p>\n\n\n","protected":false},"excerpt":{"rendered":"<p>O d\u00f3lar sobe com os investidores ajustando posi\u00e7\u00f5es nesta quarta-feira (2) diante do recuo dos juros dos Treasuries no exterior, enquanto os futuros de Nova York, as bolsas europeias e grande parte das moedas emergentes e ligadas a commodities operam com ganhos nesta manh\u00e3, ap\u00f3s balan\u00e7os melhores que o esperado e alta recorde da infla\u00e7\u00e3o [&hellip;]<\/p>\n","protected":false},"author":15,"featured_media":135097,"comment_status":"closed","ping_status":"closed","sticky":false,"template":"","format":"standard","meta":[],"categories":[64],"tags":[326,1852],"suno_strategy":[],"class_list":["post-227738","post","type-post","status-publish","format-standard","has-post-thumbnail","hentry","category-negocios","tag-dolar","tag-dolar-futuro"],"yoast_head":"<!-- This site is optimized with the Yoast SEO plugin v24.4 - https:\/\/yoast.com\/wordpress\/plugins\/seo\/ -->\n<title>D\u00f3lar sobe com exterior positivo e \u00e0 espera do Copom<\/title>\n<meta name=\"description\" content=\"\u00c0s 10h10 desta quarta-feira, o d\u00f3lar hoje subia 0,05%, a R$ 5,26. O d\u00f3lar futuro para mar\u00e7o recuava 0,08%, a R$ 5,29. Clique aqui.\" \/>\n<meta name=\"robots\" content=\"index, follow, max-snippet:-1, max-image-preview:large, max-video-preview:-1\" \/>\n<link rel=\"canonical\" href=\"https:\/\/www.suno.com.br\/noticias\/dolar-sobe-com-exterior-positivo-e-a-espera-do-copom\/\" \/>\n<meta property=\"og:locale\" content=\"pt_BR\" \/>\n<meta property=\"og:type\" content=\"article\" \/>\n<meta property=\"og:title\" content=\"D\u00f3lar sobe com exterior positivo e \u00e0 espera do Copom\" \/>\n<meta property=\"og:description\" content=\"\u00c0s 10h10 desta quarta-feira, o d\u00f3lar hoje subia 0,05%, a R$ 5,26. O d\u00f3lar futuro para mar\u00e7o recuava 0,08%, a R$ 5,29. Clique aqui.\" \/>\n<meta property=\"og:url\" content=\"https:\/\/www.suno.com.br\/noticias\/dolar-sobe-com-exterior-positivo-e-a-espera-do-copom\/\" \/>\n<meta property=\"og:site_name\" content=\"Suno Not\u00edcias\" \/>\n<meta property=\"article:publisher\" content=\"https:\/\/facebook.com\/sunoresearch\" \/>\n<meta property=\"og:image\" content=\"https:\/\/files.sunoresearch.com.br\/n\/uploads\/2021\/03\/803b2337-dollar-726882_1280.jpg\" \/>\n\t<meta property=\"og:image:width\" content=\"1280\" \/>\n\t<meta property=\"og:image:height\" content=\"904\" \/>\n\t<meta property=\"og:image:type\" content=\"image\/jpeg\" \/>\n<meta name=\"author\" content=\"Poliana Santos\" \/>\n<meta name=\"twitter:card\" content=\"summary_large_image\" \/>\n<meta name=\"twitter:creator\" content=\"@sunoresearch\" \/>\n<meta name=\"twitter:site\" content=\"@sunoresearch\" \/>\n<meta name=\"twitter:label1\" content=\"Escrito por\" \/>\n\t<meta name=\"twitter:data1\" content=\"Poliana Santos\" \/>\n\t<meta name=\"twitter:label2\" content=\"Est. tempo de leitura\" \/>\n\t<meta name=\"twitter:data2\" content=\"3 minutos\" \/>\n<script type=\"application\/ld+json\" class=\"yoast-schema-graph\">{\"@context\":\"https:\/\/schema.org\",\"@graph\":[{\"@type\":\"NewsArticle\",\"@id\":\"https:\/\/www.suno.com.br\/noticias\/dolar-sobe-com-exterior-positivo-e-a-espera-do-copom\/#article\",\"isPartOf\":{\"@id\":\"https:\/\/www.suno.com.br\/noticias\/dolar-sobe-com-exterior-positivo-e-a-espera-do-copom\/\"},\"author\":{\"name\":\"Poliana Santos\",\"@id\":\"https:\/\/www.suno.com.br\/noticias\/#\/schema\/person\/02ec1f752758247878a2bf4abee1aeda\"},\"headline\":\"D\u00f3lar sobe com exterior positivo e \u00e0 espera do Copom\",\"datePublished\":\"2022-02-02T13:21:08+00:00\",\"mainEntityOfPage\":{\"@id\":\"https:\/\/www.suno.com.br\/noticias\/dolar-sobe-com-exterior-positivo-e-a-espera-do-copom\/\"},\"wordCount\":543,\"publisher\":{\"@id\":\"https:\/\/www.suno.com.br\/noticias\/#organization\"},\"image\":{\"@id\":\"https:\/\/www.suno.com.br\/noticias\/dolar-sobe-com-exterior-positivo-e-a-espera-do-copom\/#primaryimage\"},\"thumbnailUrl\":\"https:\/\/files.sunoresearch.com.br\/n\/uploads\/2021\/03\/803b2337-dollar-726882_1280-jpg.webp\",\"keywords\":[\"d\u00f3lar\",\"d\u00f3lar futuro\"],\"articleSection\":[\"Neg\u00f3cios\"],\"inLanguage\":\"pt-BR\"},{\"@type\":\"WebPage\",\"@id\":\"https:\/\/www.suno.com.br\/noticias\/dolar-sobe-com-exterior-positivo-e-a-espera-do-copom\/\",\"url\":\"https:\/\/www.suno.com.br\/noticias\/dolar-sobe-com-exterior-positivo-e-a-espera-do-copom\/\",\"name\":\"D\u00f3lar sobe com exterior positivo e \u00e0 espera do Copom\",\"isPartOf\":{\"@id\":\"https:\/\/www.suno.com.br\/noticias\/#website\"},\"primaryImageOfPage\":{\"@id\":\"https:\/\/www.suno.com.br\/noticias\/dolar-sobe-com-exterior-positivo-e-a-espera-do-copom\/#primaryimage\"},\"image\":{\"@id\":\"https:\/\/www.suno.com.br\/noticias\/dolar-sobe-com-exterior-positivo-e-a-espera-do-copom\/#primaryimage\"},\"thumbnailUrl\":\"https:\/\/files.sunoresearch.com.br\/n\/uploads\/2021\/03\/803b2337-dollar-726882_1280-jpg.webp\",\"datePublished\":\"2022-02-02T13:21:08+00:00\",\"description\":\"\u00c0s 10h10 desta quarta-feira, o d\u00f3lar hoje subia 0,05%, a R$ 5,26. O d\u00f3lar futuro para mar\u00e7o recuava 0,08%, a R$ 5,29. Clique aqui.\",\"breadcrumb\":{\"@id\":\"https:\/\/www.suno.com.br\/noticias\/dolar-sobe-com-exterior-positivo-e-a-espera-do-copom\/#breadcrumb\"},\"inLanguage\":\"pt-BR\",\"potentialAction\":[{\"@type\":\"ReadAction\",\"target\":[\"https:\/\/www.suno.com.br\/noticias\/dolar-sobe-com-exterior-positivo-e-a-espera-do-copom\/\"]}]},{\"@type\":\"ImageObject\",\"inLanguage\":\"pt-BR\",\"@id\":\"https:\/\/www.suno.com.br\/noticias\/dolar-sobe-com-exterior-positivo-e-a-espera-do-copom\/#primaryimage\",\"url\":\"https:\/\/files.sunoresearch.com.br\/n\/uploads\/2021\/03\/803b2337-dollar-726882_1280-jpg.webp\",\"contentUrl\":\"https:\/\/files.sunoresearch.com.br\/n\/uploads\/2021\/03\/803b2337-dollar-726882_1280-jpg.webp\",\"width\":1280,\"height\":904,\"caption\":\"Nota de d\u00f3lar. Foto: Pixabay\"},{\"@type\":\"BreadcrumbList\",\"@id\":\"https:\/\/www.suno.com.br\/noticias\/dolar-sobe-com-exterior-positivo-e-a-espera-do-copom\/#breadcrumb\",\"itemListElement\":[{\"@type\":\"ListItem\",\"position\":1,\"name\":\"Not\u00edcias\",\"item\":\"https:\/\/www.suno.com.br\/noticias\/\"},{\"@type\":\"ListItem\",\"position\":2,\"name\":\"Neg\u00f3cios\",\"item\":\"https:\/\/www.suno.com.br\/noticias\/negocios\/\"},{\"@type\":\"ListItem\",\"position\":3,\"name\":\"D\u00f3lar sobe com exterior positivo e \u00e0 espera do Copom\"}]},{\"@type\":\"WebSite\",\"@id\":\"https:\/\/www.suno.com.br\/noticias\/#website\",\"url\":\"https:\/\/www.suno.com.br\/noticias\/\",\"name\":\"Suno Not\u00edcias\",\"description\":\"Seu portal de informa\u00e7\u00e3o sobre o mundo dos investimentos\",\"publisher\":{\"@id\":\"https:\/\/www.suno.com.br\/noticias\/#organization\"},\"potentialAction\":[{\"@type\":\"SearchAction\",\"target\":{\"@type\":\"EntryPoint\",\"urlTemplate\":\"https:\/\/www.suno.com.br\/noticias\/?s={search_term_string}\"},\"query-input\":{\"@type\":\"PropertyValueSpecification\",\"valueRequired\":true,\"valueName\":\"search_term_string\"}}],\"inLanguage\":\"pt-BR\"},{\"@type\":\"Organization\",\"@id\":\"https:\/\/www.suno.com.br\/noticias\/#organization\",\"name\":\"Suno Not\u00edcias\",\"url\":\"https:\/\/www.suno.com.br\/noticias\/\",\"logo\":{\"@type\":\"ImageObject\",\"inLanguage\":\"pt-BR\",\"@id\":\"https:\/\/www.suno.com.br\/noticias\/#\/schema\/logo\/image\/\",\"url\":\"https:\/\/files.sunoresearch.com.br\/n\/uploads\/2021\/09\/suno-logo.png\",\"contentUrl\":\"https:\/\/files.sunoresearch.com.br\/n\/uploads\/2021\/09\/suno-logo.png\",\"width\":180,\"height\":180,\"caption\":\"Suno Not\u00edcias\"},\"image\":{\"@id\":\"https:\/\/www.suno.com.br\/noticias\/#\/schema\/logo\/image\/\"},\"sameAs\":[\"https:\/\/facebook.com\/sunoresearch\",\"https:\/\/x.com\/sunoresearch\",\"https:\/\/www.instagram.com\/suno\",\"https:\/\/www.linkedin.com\/company\/suno-research\/\",\"https:\/\/www.youtube.com\/c\/sunoresearch\"]},{\"@type\":\"Person\",\"@id\":\"https:\/\/www.suno.com.br\/noticias\/#\/schema\/person\/02ec1f752758247878a2bf4abee1aeda\",\"name\":\"Poliana Santos\",\"image\":{\"@type\":\"ImageObject\",\"inLanguage\":\"pt-BR\",\"@id\":\"https:\/\/www.suno.com.br\/noticias\/#\/schema\/person\/image\/\",\"url\":\"https:\/\/secure.gravatar.com\/avatar\/0645bd32f23d87b2130f2b2dff1d3f8d?s=96&r=g\",\"contentUrl\":\"https:\/\/secure.gravatar.com\/avatar\/0645bd32f23d87b2130f2b2dff1d3f8d?s=96&r=g\",\"caption\":\"Poliana Santos\"},\"description\":\"Rep\u00f3rter no Suno Not\u00edcias, com cobertura em mercado financeiro, economia, finan\u00e7as pessoais, renda fixa e varejo. Jornalista formada pela Faculdade C\u00e1sper L\u00edbero e possui passagem na R\u00e1dio Gazeta AM com a produ\u00e7\u00e3o de conte\u00fado sobre economia, pol\u00edtica, sa\u00fade, moda e m\u00fasica. Possui certificado de conclus\u00e3o do curso de An\u00e1lise de Balan\u00e7os pela Funda\u00e7\u00e3o Bradesco, Agenda Brasil pela FAAP, Educa\u00e7\u00e3o Pol\u00edtica por Alexandre Garcia e do Tesouro Direto e Mercado de A\u00e7\u00f5es pela B3.\",\"url\":\"https:\/\/www.suno.com.br\/noticias\/author\/poliana-santos\/\"}]}<\/script>\n<!-- \/ Yoast SEO plugin. -->","yoast_head_json":{"title":"D\u00f3lar sobe com exterior positivo e \u00e0 espera do Copom","description":"\u00c0s 10h10 desta quarta-feira, o d\u00f3lar hoje subia 0,05%, a R$ 5,26. O d\u00f3lar futuro para mar\u00e7o recuava 0,08%, a R$ 5,29. Clique aqui.","robots":{"index":"index","follow":"follow","max-snippet":"max-snippet:-1","max-image-preview":"max-image-preview:large","max-video-preview":"max-video-preview:-1"},"canonical":"https:\/\/www.suno.com.br\/noticias\/dolar-sobe-com-exterior-positivo-e-a-espera-do-copom\/","og_locale":"pt_BR","og_type":"article","og_title":"D\u00f3lar sobe com exterior positivo e \u00e0 espera do Copom","og_description":"\u00c0s 10h10 desta quarta-feira, o d\u00f3lar hoje subia 0,05%, a R$ 5,26. O d\u00f3lar futuro para mar\u00e7o recuava 0,08%, a R$ 5,29. Clique aqui.","og_url":"https:\/\/www.suno.com.br\/noticias\/dolar-sobe-com-exterior-positivo-e-a-espera-do-copom\/","og_site_name":"Suno Not\u00edcias","article_publisher":"https:\/\/facebook.com\/sunoresearch","og_image":[{"width":1280,"height":904,"url":"https:\/\/files.sunoresearch.com.br\/n\/uploads\/2021\/03\/803b2337-dollar-726882_1280.jpg","type":"image\/jpeg"}],"author":"Poliana Santos","twitter_card":"summary_large_image","twitter_creator":"@sunoresearch","twitter_site":"@sunoresearch","twitter_misc":{"Escrito por":"Poliana Santos","Est. tempo de leitura":"3 minutos"},"schema":{"@context":"https:\/\/schema.org","@graph":[{"@type":"NewsArticle","@id":"https:\/\/www.suno.com.br\/noticias\/dolar-sobe-com-exterior-positivo-e-a-espera-do-copom\/#article","isPartOf":{"@id":"https:\/\/www.suno.com.br\/noticias\/dolar-sobe-com-exterior-positivo-e-a-espera-do-copom\/"},"author":{"name":"Poliana Santos","@id":"https:\/\/www.suno.com.br\/noticias\/#\/schema\/person\/02ec1f752758247878a2bf4abee1aeda"},"headline":"D\u00f3lar sobe com exterior positivo e \u00e0 espera do Copom","datePublished":"2022-02-02T13:21:08+00:00","mainEntityOfPage":{"@id":"https:\/\/www.suno.com.br\/noticias\/dolar-sobe-com-exterior-positivo-e-a-espera-do-copom\/"},"wordCount":543,"publisher":{"@id":"https:\/\/www.suno.com.br\/noticias\/#organization"},"image":{"@id":"https:\/\/www.suno.com.br\/noticias\/dolar-sobe-com-exterior-positivo-e-a-espera-do-copom\/#primaryimage"},"thumbnailUrl":"https:\/\/files.sunoresearch.com.br\/n\/uploads\/2021\/03\/803b2337-dollar-726882_1280-jpg.webp","keywords":["d\u00f3lar","d\u00f3lar futuro"],"articleSection":["Neg\u00f3cios"],"inLanguage":"pt-BR"},{"@type":"WebPage","@id":"https:\/\/www.suno.com.br\/noticias\/dolar-sobe-com-exterior-positivo-e-a-espera-do-copom\/","url":"https:\/\/www.suno.com.br\/noticias\/dolar-sobe-com-exterior-positivo-e-a-espera-do-copom\/","name":"D\u00f3lar sobe com exterior positivo e \u00e0 espera do Copom","isPartOf":{"@id":"https:\/\/www.suno.com.br\/noticias\/#website"},"primaryImageOfPage":{"@id":"https:\/\/www.suno.com.br\/noticias\/dolar-sobe-com-exterior-positivo-e-a-espera-do-copom\/#primaryimage"},"image":{"@id":"https:\/\/www.suno.com.br\/noticias\/dolar-sobe-com-exterior-positivo-e-a-espera-do-copom\/#primaryimage"},"thumbnailUrl":"https:\/\/files.sunoresearch.com.br\/n\/uploads\/2021\/03\/803b2337-dollar-726882_1280-jpg.webp","datePublished":"2022-02-02T13:21:08+00:00","description":"\u00c0s 10h10 desta quarta-feira, o d\u00f3lar hoje subia 0,05%, a R$ 5,26. O d\u00f3lar futuro para mar\u00e7o recuava 0,08%, a R$ 5,29. Clique aqui.","breadcrumb":{"@id":"https:\/\/www.suno.com.br\/noticias\/dolar-sobe-com-exterior-positivo-e-a-espera-do-copom\/#breadcrumb"},"inLanguage":"pt-BR","potentialAction":[{"@type":"ReadAction","target":["https:\/\/www.suno.com.br\/noticias\/dolar-sobe-com-exterior-positivo-e-a-espera-do-copom\/"]}]},{"@type":"ImageObject","inLanguage":"pt-BR","@id":"https:\/\/www.suno.com.br\/noticias\/dolar-sobe-com-exterior-positivo-e-a-espera-do-copom\/#primaryimage","url":"https:\/\/files.sunoresearch.com.br\/n\/uploads\/2021\/03\/803b2337-dollar-726882_1280-jpg.webp","contentUrl":"https:\/\/files.sunoresearch.com.br\/n\/uploads\/2021\/03\/803b2337-dollar-726882_1280-jpg.webp","width":1280,"height":904,"caption":"Nota de d\u00f3lar. Foto: Pixabay"},{"@type":"BreadcrumbList","@id":"https:\/\/www.suno.com.br\/noticias\/dolar-sobe-com-exterior-positivo-e-a-espera-do-copom\/#breadcrumb","itemListElement":[{"@type":"ListItem","position":1,"name":"Not\u00edcias","item":"https:\/\/www.suno.com.br\/noticias\/"},{"@type":"ListItem","position":2,"name":"Neg\u00f3cios","item":"https:\/\/www.suno.com.br\/noticias\/negocios\/"},{"@type":"ListItem","position":3,"name":"D\u00f3lar sobe com exterior positivo e \u00e0 espera do Copom"}]},{"@type":"WebSite","@id":"https:\/\/www.suno.com.br\/noticias\/#website","url":"https:\/\/www.suno.com.br\/noticias\/","name":"Suno Not\u00edcias","description":"Seu portal de informa\u00e7\u00e3o sobre o mundo dos investimentos","publisher":{"@id":"https:\/\/www.suno.com.br\/noticias\/#organization"},"potentialAction":[{"@type":"SearchAction","target":{"@type":"EntryPoint","urlTemplate":"https:\/\/www.suno.com.br\/noticias\/?s={search_term_string}"},"query-input":{"@type":"PropertyValueSpecification","valueRequired":true,"valueName":"search_term_string"}}],"inLanguage":"pt-BR"},{"@type":"Organization","@id":"https:\/\/www.suno.com.br\/noticias\/#organization","name":"Suno Not\u00edcias","url":"https:\/\/www.suno.com.br\/noticias\/","logo":{"@type":"ImageObject","inLanguage":"pt-BR","@id":"https:\/\/www.suno.com.br\/noticias\/#\/schema\/logo\/image\/","url":"https:\/\/files.sunoresearch.com.br\/n\/uploads\/2021\/09\/suno-logo.png","contentUrl":"https:\/\/files.sunoresearch.com.br\/n\/uploads\/2021\/09\/suno-logo.png","width":180,"height":180,"caption":"Suno Not\u00edcias"},"image":{"@id":"https:\/\/www.suno.com.br\/noticias\/#\/schema\/logo\/image\/"},"sameAs":["https:\/\/facebook.com\/sunoresearch","https:\/\/x.com\/sunoresearch","https:\/\/www.instagram.com\/suno","https:\/\/www.linkedin.com\/company\/suno-research\/","https:\/\/www.youtube.com\/c\/sunoresearch"]},{"@type":"Person","@id":"https:\/\/www.suno.com.br\/noticias\/#\/schema\/person\/02ec1f752758247878a2bf4abee1aeda","name":"Poliana Santos","image":{"@type":"ImageObject","inLanguage":"pt-BR","@id":"https:\/\/www.suno.com.br\/noticias\/#\/schema\/person\/image\/","url":"https:\/\/secure.gravatar.com\/avatar\/0645bd32f23d87b2130f2b2dff1d3f8d?s=96&r=g","contentUrl":"https:\/\/secure.gravatar.com\/avatar\/0645bd32f23d87b2130f2b2dff1d3f8d?s=96&r=g","caption":"Poliana Santos"},"description":"Rep\u00f3rter no Suno Not\u00edcias, com cobertura em mercado financeiro, economia, finan\u00e7as pessoais, renda fixa e varejo. Jornalista formada pela Faculdade C\u00e1sper L\u00edbero e possui passagem na R\u00e1dio Gazeta AM com a produ\u00e7\u00e3o de conte\u00fado sobre economia, pol\u00edtica, sa\u00fade, moda e m\u00fasica. Possui certificado de conclus\u00e3o do curso de An\u00e1lise de Balan\u00e7os pela Funda\u00e7\u00e3o Bradesco, Agenda Brasil pela FAAP, Educa\u00e7\u00e3o Pol\u00edtica por Alexandre Garcia e do Tesouro Direto e Mercado de A\u00e7\u00f5es pela B3.","url":"https:\/\/www.suno.com.br\/noticias\/author\/poliana-santos\/"}]}},"default_loop_html":"<div class=\"cardsPage__listCard__boxs\"><div class=\"cardsPage__listCard__boxs__img\"><a href=\"https:\/\/www.suno.com.br\/noticias\/dolar-sobe-com-exterior-positivo-e-a-espera-do-copom\/\"><img class=\"mask\" src=\"https:\/\/www.suno.com.br\/noticias\/wp-content\/themes\/suno\/resources\/images\/spotlight\/spotlight1img\/bg-mask.png\" alt=\"Image Mask\"\/><img src=\"https:\/\/files.sunoresearch.com.br\/n\/uploads\/2021\/03\/803b2337-dollar-726882_1280-400x200.webp\" alt=\"D\u00f3lar sobe com exterior positivo e \u00e0 espera do Copom\"\/><\/a><span class=\"spotlightCategory\"><a href=\"https:\/\/www.suno.com.br\/noticias\/negocios\/\">Neg\u00f3cios<\/a><\/span><\/div><div class=\"cardsPage__listCard__boxs__content\"><a href=\"https:\/\/www.suno.com.br\/noticias\/dolar-sobe-com-exterior-positivo-e-a-espera-do-copom\/\"><h2 class=\"content__title\">D\u00f3lar sobe com exterior positivo e \u00e0 espera do Copom<\/h2><\/a><div class=\"newsContent__article__meta\"><div class=\"newsContent__article__meta__authorBox\"><a href=\"https:\/\/www.suno.com.br\/noticias\/author\/poliana-santos\/\" class=\"authorBox__avatar noMobi\"><img src=\"https:\/\/files.sunoresearch.com.br\/n\/uploads\/2020\/08\/7ef34026-whatsapp-image-2020-08-03-at-12.37.57-150x150.webp\" alt=\"Poliana Santos\"><\/a><div class=\"authorBox__name\"><span>por\n\t\t\t<a href=\"https:\/\/www.suno.com.br\/noticias\/author\/poliana-santos\/\"><span itemprop=\"author\">Poliana Santos<\/span><\/a><\/span><time datetime=\"2022-02-02T10:21:08-03:00\" itemprop=\"datePublished\">02\/02\/2022 10:21<\/time><\/div><\/div><\/div><\/div><\/div>","single_layout":"posts","amp_enabled":true,"_links":{"self":[{"href":"https:\/\/www.suno.com.br\/noticias\/wp-json\/wp\/v2\/posts\/227738"}],"collection":[{"href":"https:\/\/www.suno.com.br\/noticias\/wp-json\/wp\/v2\/posts"}],"about":[{"href":"https:\/\/www.suno.com.br\/noticias\/wp-json\/wp\/v2\/types\/post"}],"author":[{"embeddable":true,"href":"https:\/\/www.suno.com.br\/noticias\/wp-json\/wp\/v2\/users\/15"}],"replies":[{"embeddable":true,"href":"https:\/\/www.suno.com.br\/noticias\/wp-json\/wp\/v2\/comments?post=227738"}],"version-history":[{"count":2,"href":"https:\/\/www.suno.com.br\/noticias\/wp-json\/wp\/v2\/posts\/227738\/revisions"}],"predecessor-version":[{"id":227751,"href":"https:\/\/www.suno.com.br\/noticias\/wp-json\/wp\/v2\/posts\/227738\/revisions\/227751"}],"wp:featuredmedia":[{"embeddable":true,"href":"https:\/\/www.suno.com.br\/noticias\/wp-json\/wp\/v2\/media\/135097"}],"wp:attachment":[{"href":"https:\/\/www.suno.com.br\/noticias\/wp-json\/wp\/v2\/media?parent=227738"}],"wp:term":[{"taxonomy":"category","embeddable":true,"href":"https:\/\/www.suno.com.br\/noticias\/wp-json\/wp\/v2\/categories?post=227738"},{"taxonomy":"post_tag","embeddable":true,"href":"https:\/\/www.suno.com.br\/noticias\/wp-json\/wp\/v2\/tags?post=227738"},{"taxonomy":"suno_strategy","embeddable":true,"href":"https:\/\/www.suno.com.br\/noticias\/wp-json\/wp\/v2\/suno_strategy?post=227738"}],"curies":[{"name":"wp","href":"https:\/\/api.w.org\/{rel}","templated":true}]}}