{"id":227704,"date":"2022-02-02T09:35:36","date_gmt":"2022-02-02T12:35:36","guid":{"rendered":"https:\/\/www.suno.com.br\/noticias\/?p=227704"},"modified":"2022-02-02T09:35:36","modified_gmt":"2022-02-02T12:35:36","slug":"icms-recorde-arrecadacao-energia-eletrica-combustiveis","status":"publish","type":"post","link":"https:\/\/www.suno.com.br\/noticias\/icms-recorde-arrecadacao-energia-eletrica-combustiveis\/","title":{"rendered":"ICMS tem recorde de arrecada\u00e7\u00e3o com alta de pre\u00e7os da gasolina e energia el\u00e9trica"},"content":{"rendered":"<p>A arrecada\u00e7\u00e3o dos Estados com o <a class=\"suno-keyword\" href=\"https:\/\/www.suno.com.br\/artigos\/icms\/\" target=\"_blank\" rel=\"noopener\" data-force=\"no\" data-priority=\"2\">Imposto sobre Circula\u00e7\u00e3o de Mercadorias e Servi\u00e7os (<strong>ICMS<\/strong>)<\/a> bateu recorde e atingiu R$ 637 bilh\u00f5es em 2021.<\/p>\t<div class=\"wrapper-featured-image\">\n\t\t<figure class=\"spotlightImg\">\n\n\t\t\t<picture>\n\t\t\t\t<source media=\"(max-width: 768px)\" srcset=\"https:\/\/files.sunoresearch.com.br\/n\/uploads\/2021\/04\/3b581d07-gasoline-175122_1280-400x200.webp\">\n\t\t\t\t<img loading=\"lazy\" decoding=\"async\" class=\"newsContent__article__imgCapa lazyloadDisabled \" src=\"https:\/\/files.sunoresearch.com.br\/n\/uploads\/2021\/04\/3b581d07-gasoline-175122_1280-800x450.webp\" width=\"800\" height=\"450\" alt=\"ICMS tem recorde de arrecada\u00e7\u00e3o com alta de pre\u00e7os da gasolina e energia el\u00e9trica\" fetchpriority=high \/>\n\t\t\t<\/picture>\n\n\t\t\t<figcaption class=\"wp-caption-text wp-caption-text--show\">ICMS - Foto: Pixabay<\/figcaption>\n\t\t<\/figure>\n\t<\/div>\n\n\n\t<p>\n\t\t<a href=\"https:\/\/lp.suno.com.br\/planilha-controle-gastos\/\" target=\"_blank\" data-element=\"shortcode-suno-banner\" title=\"Banner SUNO, clique e saiba mais\">\n\t\t\t<picture>\n\t\t\t\t<source media=\"(max-width: 500px)\" srcset=\"https:\/\/files.sunoresearch.com.br\/n\/uploads\/2023\/03\/400x300-Planilha-controle-de-gastos.png\">\n\t\t\t\t<img class=\"newsContent__article__imgCapa newsContent__article__imgCapa--banner\"\n\t\t\t\t\tsrc=\"https:\/\/files.sunoresearch.com.br\/n\/uploads\/2023\/03\/1420x240-Planilha-controle-de-gastos.png\"\n\t\t\t\t\tdata-promo-id=\"101751\"\t\t\t\t\t\t\t\t\t\twidth='1420' height='240'\t\t\t\t\talt=\"https:\/\/files.sunoresearch.com.br\/n\/uploads\/2023\/03\/1420x240-Planilha-controle-de-gastos.png\"\n\t\t\t\t>\n\t\t\t<\/picture>\n\t\t<\/a>\n\t<\/p>\n\n\n<p>Com o n\u00famero, a <strong>arrecada\u00e7\u00e3o do ICMS<\/strong> apresentou crescimento de 22,6% em rela\u00e7\u00e3o ao ano anterior, de acordo com dados do Conselho Nacional de Pol\u00edtica Fazend\u00e1ria (Confaz).<\/p>\n<p>Os <strong>governos estaduais<\/strong> n\u00e3o haviam registrado um crescimento nesse n\u00edvel desde 1999, in\u00edcio da s\u00e9rie hist\u00f3rica.<\/p>\n<p>O aumento nos <strong>pre\u00e7os<\/strong> da energia el\u00e9trica e dos combust\u00edveis turbinou a arrecada\u00e7\u00e3o dos governos estaduais no ano passado, al\u00e9m da retomada de atividades econ\u00f4micas ap\u00f3s o per\u00edodo de maior restri\u00e7\u00e3o da pandemia de covid-19.<\/p>\n<p>O tributo entrou na discuss\u00e3o sobre o pre\u00e7o dos <strong>combust\u00edveis<\/strong> em ano eleitoral. O presidente Jair Bolsonaro pressiona os governadores a reduzirem a al\u00edquota, ap\u00f3s terem congelado a cobran\u00e7a.<\/p>\n\n\t<div data-element=\"shortcode-read-more\" class=\"readToo\">\n\t\t\t\t<span class=\"readToo__title\">Leia mais<\/span>\n\t\t\t\t<ul class=\"readToo__list\">\n\t\t\t<li><a href=\"https:\/\/www.suno.com.br\/noticias\/santander-sanb11-lucro-4t21-balanco-resultado\/\">Santander (SANB11) v\u00ea lucro gerencial cair 10,6% no 4T21 para R$ 3,88 bilh\u00f5es<\/a><\/li><li><a href=\"https:\/\/www.suno.com.br\/noticias\/copom-decisao-selic-previsoes\/\">Primeira decis\u00e3o do Copom em 2022 sai hoje; veja previs\u00f5es do mercado para a Selic<\/a><\/li>\t\t<\/ul>\n\t<\/div>\n\n\n<p>Eles, por\u00e9m, n\u00e3o querem abrir m\u00e3o da arrecada\u00e7\u00e3o e dizem n\u00e3o contar com a &#8220;ajuda&#8221; da infla\u00e7\u00e3o para repetir o resultado neste ano.<\/p>\n<p>Bolsonaro negocia uma Proposta de Emenda \u00e0 Constitui\u00e7\u00e3o (PEC) para eliminar a cobran\u00e7a de impostos do governo federal e dos Estados sobre o diesel. A medida deve ser debatida no in\u00edcio dos trabalhos do Congresso neste ano, que ser\u00e3o retomados hoje (leia mais nesta p\u00e1gina).<\/p>\n<p>Especialistas avaliam que o ano eleitoral pode at\u00e9 levar o poder p\u00fablico a desonerar os combust\u00edveis, mas a medida pode n\u00e3o reduzir os pre\u00e7os para o consumidor e ainda causar um efeito fiscal negativo com a economia do Pa\u00eds estagnada.<\/p>\n<h2>&#8216;Gera\u00e7\u00e3o de caixa&#8217; dos Estados com o ICMS<\/h2>\n<p>Os <strong>Estados<\/strong> que mais tiveram <a href=\"https:\/\/www.suno.com.br\/artigos\/geracao-de-caixa\/\">crescimento na arrecada\u00e7\u00e3o do <strong>imposto<\/strong> foram Mato Grosso<\/a>, com incremento de 45,5%, e Goi\u00e1s, com aumento de quase 32% em rela\u00e7\u00e3o \u00e0s receitas de 2020. Quase todos os outros tiveram aumento de arrecada\u00e7\u00e3o superior a 20%.<\/p>\n<p>O ICMS representa 86% da arrecada\u00e7\u00e3o direta dos Estados. A maior parte da arrecada\u00e7\u00e3o \u00e9 destinada ao pagamento de funcion\u00e1rios p\u00fablicos. Al\u00e9m disso, um quarto das receitas \u00e9 transferido para munic\u00edpios. Por isso, mexer na arrecada\u00e7\u00e3o do tributo tem gerado pol\u00eamica.<\/p>\n\t<p>\n\t\t<a href=\"https:\/\/lp.suno.com.br\/planilha-da-vida-financeira\/\" target=\"_blank\" data-element=\"shortcode-suno-banner\" title=\"Banner SUNO, clique e saiba mais\">\n\t\t\t<picture>\n\t\t\t\t<source media=\"(max-width: 500px)\" srcset=\"https:\/\/files.sunoresearch.com.br\/n\/uploads\/2023\/04\/400x300-Planilha-vida-financeira-true.png\">\n\t\t\t\t<img class=\"newsContent__article__imgCapa newsContent__article__imgCapa--banner\"\n\t\t\t\t\tsrc=\"https:\/\/files.sunoresearch.com.br\/n\/uploads\/2023\/04\/1420x240-Planilha-vida-financeira-true.png\"\n\t\t\t\t\tdata-promo-id=\"106682\"\t\t\t\t\t\t\t\t\t\twidth='1420' height='240'\t\t\t\t\talt=\"https:\/\/files.sunoresearch.com.br\/n\/uploads\/2023\/04\/1420x240-Planilha-vida-financeira-true.png\"\n\t\t\t\t>\n\t\t\t<\/picture>\n\t\t<\/a>\n\t<\/p>\n\n\n<p>&#8220;O ICMS \u00e9 um gr\u00e3o de areia no pre\u00e7o e tem um impacto grande nas contas apertadas em 2022 para Estados e munic\u00edpios. N\u00e3o vamos contar, espero, com eleva\u00e7\u00e3o da infla\u00e7\u00e3o que ajudou nas receitas em 2021. Deve ter, e desejamos \u00e9 queda da infla\u00e7\u00e3o&#8221;, afirmou o governador do Piau\u00ed e coordenador do F\u00f3rum dos Governadores, Wellington Dias (PT).<\/p>\n<p>O que os <strong>Estados<\/strong> argumentam \u00e9 que a arrecada\u00e7\u00e3o recorde em 2021 n\u00e3o pode servir de par\u00e2metro para uma redu\u00e7\u00e3o do ICMS sobre os combust\u00edveis neste ano.<\/p>\n<p>&#8220;Aqui em Minas, se formos absorver isso e voltar a pagar atrasado o sal\u00e1rio dos servidores p\u00fablicos e parcelar o <a class=\"suno-keyword\" href=\"https:\/\/www.suno.com.br\/artigos\/decimo-terceiro\/\" target=\"_blank\" rel=\"noopener\" data-force=\"no\" data-priority=\"2\">d\u00e9cimo terceiro<\/a> em dez meses, eu n\u00e3o aceitarei&#8221;, disse o governador de Minas, Romeu Zema (Novo).<\/p>\n<h2>O que aumentou o imposto?<\/h2>\n<p>O ICMS \u00e9 apenas parte da composi\u00e7\u00e3o do pre\u00e7o da gasolina e do diesel, mas o aumento dos pre\u00e7os acaba turbinando a arrecada\u00e7\u00e3o dos governos estaduais. No ano passado, os derivados de petr\u00f3leo foram respons\u00e1veis por 17% da arrecada\u00e7\u00e3o do ICMS nos Estados.<\/p>\n<p>Al\u00e9m dos <strong>impostos<\/strong>, o <strong>pre\u00e7o do combust\u00edvel<\/strong> \u00e9 calculado com base no valor cobrado pela Petrobras nas refinarias, que vem sendo impactado pelo aumento do <a class=\"suno-keyword\" href=\"https:\/\/www.suno.com.br\/artigos\/preco-do-petroleo\/\" target=\"_blank\" rel=\"noopener\" data-force=\"no\" data-priority=\"1\">pre\u00e7o do petr\u00f3leo<\/a> no mercado internacional e do d\u00f3lar, moeda influenciada por turbul\u00eancias pol\u00edticas.<\/p>\n<p>H\u00e1 ainda o componente eleitoral. Ao menos 14 governadores, que devem concorrer a cargos neste ano, projetam recomposi\u00e7\u00f5es inflacion\u00e1rias ou aumentos reais para 2022 aos servidores.<\/p>\n\t<p>\n\t\t<a href=\"https:\/\/lp.suno.com.br\/ebook-como-analisar-uma-acao\/\" target=\"_blank\" data-element=\"shortcode-suno-banner\" title=\"Banner SUNO, clique e saiba mais\">\n\t\t\t<picture>\n\t\t\t\t<source media=\"(max-width: 500px)\" srcset=\"https:\/\/files.sunoresearch.com.br\/n\/uploads\/2023\/03\/Ebook-Acoes-Mobile-1.jpg\">\n\t\t\t\t<img class=\"newsContent__article__imgCapa newsContent__article__imgCapa--banner\"\n\t\t\t\t\tsrc=\"https:\/\/files.sunoresearch.com.br\/n\/uploads\/2023\/03\/Ebook-Acoes-Desktop-1.jpg\"\n\t\t\t\t\tdata-promo-id=\"171998\"\t\t\t\t\t\t\t\t\t\twidth='1420' height='286'\t\t\t\t\talt=\"https:\/\/files.sunoresearch.com.br\/n\/uploads\/2023\/03\/Ebook-Acoes-Desktop-1.jpg\"\n\t\t\t\t>\n\t\t\t<\/picture>\n\t\t<\/a>\n\t<\/p>\n\n\n<p>Parte deles j\u00e1 aprovou projetos que miram determinadas categorias, com destaque para professores e policiais.<\/p>\n<p>Pelo lado das receitas, a PEC dos combust\u00edveis pressiona os governadores a mexerem no ICMS, mas pode n\u00e3o surtir efeitos a um custo fiscal alto.<\/p>\n<p>&#8220;O impacto pode ser nenhum at\u00e9. Os Estados ter\u00e3o a faculdade de reduzir ou n\u00e3o o ICMS do combust\u00edvel, e os governos estaduais s\u00e3o altamente dependentes do ICMS&#8221;, disse o coordenador do curso de Tributa\u00e7\u00e3o sobre Consumo do Instituto Brasileiro de Estudos Tribut\u00e1rios (Ibet), Andr\u00e9 F\u00e9lix Ricotta de Oliveira.<\/p>\n\t<p>\n\t\t<a href=\"https:\/\/lp.suno.com.br\/planilha-de-controle-de-investimentos\/\" target=\"_blank\" data-element=\"shortcode-suno-banner\" title=\"Banner SUNO, clique e saiba mais\">\n\t\t\t<picture>\n\t\t\t\t<source media=\"(max-width: 500px)\" srcset=\"https:\/\/files.sunoresearch.com.br\/n\/uploads\/2023\/03\/400x300-Controle-de-Investimentos.png\">\n\t\t\t\t<img class=\"newsContent__article__imgCapa newsContent__article__imgCapa--banner\"\n\t\t\t\t\tsrc=\"https:\/\/files.sunoresearch.com.br\/n\/uploads\/2023\/03\/1420x240-Controle-de-Investimentos.png\"\n\t\t\t\t\tdata-promo-id=\"75934\"\t\t\t\t\t\t\t\t\t\twidth='1420' height='240'\t\t\t\t\talt=\"https:\/\/files.sunoresearch.com.br\/n\/uploads\/2023\/03\/1420x240-Controle-de-Investimentos.png\"\n\t\t\t\t>\n\t\t\t<\/picture>\n\t\t<\/a>\n\t<\/p>\n\n\n<p>&#8220;O governo federal est\u00e1 sinalizando assim: Eu estou reduzindo e o seu governador est\u00e1 fazendo o qu\u00ea? Se o governador tiver interesses pol\u00edticos, ele vai ficar em uma situa\u00e7\u00e3o complicada.&#8221;<\/p>\n<p>Na avalia\u00e7\u00e3o do especialista, o aumento nos pre\u00e7os dos derivados de petr\u00f3leo no mercado internacional e a press\u00e3o inflacion\u00e1ria ainda insistente apontam para um pre\u00e7o ainda alto dos combust\u00edveis neste ano, o que deve manter os cofres estaduais abastecidos em 2022.<\/p>\n<p>&#8220;Se os pre\u00e7os n\u00e3o aumentam, o <strong>ICMS<\/strong> tamb\u00e9m n\u00e3o arrecada mais. No final das contas, o pre\u00e7o deve continuar aumentando para o contribuinte porque n\u00e3o h\u00e1 nenhuma pol\u00edtica efetiva nem da Uni\u00e3o nem dos Estados&#8221;, disse Oliveira.<\/p>\n<p><em>Com informa\u00e7\u00f5es do Estad\u00e3o Conte\u00fado<\/em><\/p>\n\t<p>\n\t\t<a href=\"\" target=\"_blank\" data-element=\"shortcode-suno-banner\" title=\"Banner SUNO, clique e saiba mais\">\n\t\t\t<picture>\n\t\t\t\t<source media=\"(max-width: 500px)\" srcset=\"\">\n\t\t\t\t<img class=\"newsContent__article__imgCapa newsContent__article__imgCapa--banner\"\n\t\t\t\t\tsrc=\"\"\n\t\t\t\t\tdata-promo-id=\"184190\"\t\t\t\t\t\t\t\t\t\t\t\t\t\t\talt=\"\"\n\t\t\t\t>\n\t\t\t<\/picture>\n\t\t<\/a>\n\t<\/p>\n\n\n","protected":false},"excerpt":{"rendered":"<p>A arrecada\u00e7\u00e3o dos Estados com o Imposto sobre Circula\u00e7\u00e3o de Mercadorias e Servi\u00e7os (ICMS) bateu recorde e atingiu R$ 637 bilh\u00f5es em 2021. Copom Com o n\u00famero, a arrecada\u00e7\u00e3o do ICMS apresentou crescimento de 22,6% em rela\u00e7\u00e3o ao ano anterior, de acordo com dados do Conselho Nacional de Pol\u00edtica Fazend\u00e1ria (Confaz). Os governos estaduais n\u00e3o [&hellip;]<\/p>\n","protected":false},"author":73,"featured_media":141217,"comment_status":"closed","ping_status":"closed","sticky":false,"template":"","format":"standard","meta":[],"categories":[62],"tags":[106444,1086,704],"suno_strategy":[],"class_list":["post-227704","post","type-post","status-publish","format-standard","has-post-thumbnail","hentry","category-economia","tag-agencias","tag-icms","tag-impostos"],"yoast_head":"<!-- This site is optimized with the Yoast SEO plugin v24.4 - https:\/\/yoast.com\/wordpress\/plugins\/seo\/ -->\n<title>ICMS tem recorde de arrecada\u00e7\u00e3o com gasolina e energia el\u00e9trica<\/title>\n<meta name=\"description\" content=\"Apesar do congelamento do ICMS no combust\u00edvel, pre\u00e7os antes da medida puxaram alta na arrecada\u00e7\u00e3o. Clique aqui e leia mais.\" \/>\n<meta name=\"robots\" content=\"index, follow, max-snippet:-1, max-image-preview:large, max-video-preview:-1\" \/>\n<link rel=\"canonical\" href=\"https:\/\/www.suno.com.br\/noticias\/icms-recorde-arrecadacao-energia-eletrica-combustiveis\/\" \/>\n<meta property=\"og:locale\" content=\"pt_BR\" \/>\n<meta property=\"og:type\" content=\"article\" \/>\n<meta property=\"og:title\" content=\"ICMS tem recorde de arrecada\u00e7\u00e3o com gasolina e energia el\u00e9trica\" \/>\n<meta property=\"og:description\" content=\"Apesar do congelamento do ICMS no combust\u00edvel, pre\u00e7os antes da medida puxaram alta na arrecada\u00e7\u00e3o. Clique aqui e leia mais.\" \/>\n<meta property=\"og:url\" content=\"https:\/\/www.suno.com.br\/noticias\/icms-recorde-arrecadacao-energia-eletrica-combustiveis\/\" \/>\n<meta property=\"og:site_name\" content=\"Suno Not\u00edcias\" \/>\n<meta property=\"article:publisher\" content=\"https:\/\/facebook.com\/sunoresearch\" \/>\n<meta property=\"og:image\" content=\"https:\/\/files.sunoresearch.com.br\/n\/uploads\/2021\/04\/3b581d07-gasoline-175122_1280.jpg\" \/>\n\t<meta property=\"og:image:width\" content=\"1280\" \/>\n\t<meta property=\"og:image:height\" content=\"850\" \/>\n\t<meta property=\"og:image:type\" content=\"image\/jpeg\" \/>\n<meta name=\"author\" content=\"Eduardo Vargas\" \/>\n<meta name=\"twitter:card\" content=\"summary_large_image\" \/>\n<meta name=\"twitter:creator\" content=\"@sunoresearch\" \/>\n<meta name=\"twitter:site\" content=\"@sunoresearch\" \/>\n<meta name=\"twitter:label1\" content=\"Escrito por\" \/>\n\t<meta name=\"twitter:data1\" content=\"Eduardo Vargas\" \/>\n\t<meta name=\"twitter:label2\" content=\"Est. tempo de leitura\" \/>\n\t<meta name=\"twitter:data2\" content=\"4 minutos\" \/>\n<script type=\"application\/ld+json\" class=\"yoast-schema-graph\">{\"@context\":\"https:\/\/schema.org\",\"@graph\":[{\"@type\":\"NewsArticle\",\"@id\":\"https:\/\/www.suno.com.br\/noticias\/icms-recorde-arrecadacao-energia-eletrica-combustiveis\/#article\",\"isPartOf\":{\"@id\":\"https:\/\/www.suno.com.br\/noticias\/icms-recorde-arrecadacao-energia-eletrica-combustiveis\/\"},\"author\":{\"name\":\"Eduardo Vargas\",\"@id\":\"https:\/\/www.suno.com.br\/noticias\/#\/schema\/person\/7f4d362bf3518e76090143ae77bb49a5\"},\"headline\":\"ICMS tem recorde de arrecada\u00e7\u00e3o com alta de pre\u00e7os da gasolina e energia el\u00e9trica\",\"datePublished\":\"2022-02-02T12:35:36+00:00\",\"mainEntityOfPage\":{\"@id\":\"https:\/\/www.suno.com.br\/noticias\/icms-recorde-arrecadacao-energia-eletrica-combustiveis\/\"},\"wordCount\":901,\"publisher\":{\"@id\":\"https:\/\/www.suno.com.br\/noticias\/#organization\"},\"image\":{\"@id\":\"https:\/\/www.suno.com.br\/noticias\/icms-recorde-arrecadacao-energia-eletrica-combustiveis\/#primaryimage\"},\"thumbnailUrl\":\"https:\/\/files.sunoresearch.com.br\/n\/uploads\/2021\/04\/3b581d07-gasoline-175122_1280-jpg.webp\",\"keywords\":[\"Ag\u00eancias\",\"ICMS\",\"impostos\"],\"articleSection\":[\"Economia\"],\"inLanguage\":\"pt-BR\"},{\"@type\":\"WebPage\",\"@id\":\"https:\/\/www.suno.com.br\/noticias\/icms-recorde-arrecadacao-energia-eletrica-combustiveis\/\",\"url\":\"https:\/\/www.suno.com.br\/noticias\/icms-recorde-arrecadacao-energia-eletrica-combustiveis\/\",\"name\":\"ICMS tem recorde de arrecada\u00e7\u00e3o com gasolina e energia el\u00e9trica\",\"isPartOf\":{\"@id\":\"https:\/\/www.suno.com.br\/noticias\/#website\"},\"primaryImageOfPage\":{\"@id\":\"https:\/\/www.suno.com.br\/noticias\/icms-recorde-arrecadacao-energia-eletrica-combustiveis\/#primaryimage\"},\"image\":{\"@id\":\"https:\/\/www.suno.com.br\/noticias\/icms-recorde-arrecadacao-energia-eletrica-combustiveis\/#primaryimage\"},\"thumbnailUrl\":\"https:\/\/files.sunoresearch.com.br\/n\/uploads\/2021\/04\/3b581d07-gasoline-175122_1280-jpg.webp\",\"datePublished\":\"2022-02-02T12:35:36+00:00\",\"description\":\"Apesar do congelamento do ICMS no combust\u00edvel, pre\u00e7os antes da medida puxaram alta na arrecada\u00e7\u00e3o. Clique aqui e leia mais.\",\"breadcrumb\":{\"@id\":\"https:\/\/www.suno.com.br\/noticias\/icms-recorde-arrecadacao-energia-eletrica-combustiveis\/#breadcrumb\"},\"inLanguage\":\"pt-BR\",\"potentialAction\":[{\"@type\":\"ReadAction\",\"target\":[\"https:\/\/www.suno.com.br\/noticias\/icms-recorde-arrecadacao-energia-eletrica-combustiveis\/\"]}]},{\"@type\":\"ImageObject\",\"inLanguage\":\"pt-BR\",\"@id\":\"https:\/\/www.suno.com.br\/noticias\/icms-recorde-arrecadacao-energia-eletrica-combustiveis\/#primaryimage\",\"url\":\"https:\/\/files.sunoresearch.com.br\/n\/uploads\/2021\/04\/3b581d07-gasoline-175122_1280-jpg.webp\",\"contentUrl\":\"https:\/\/files.sunoresearch.com.br\/n\/uploads\/2021\/04\/3b581d07-gasoline-175122_1280-jpg.webp\",\"width\":1280,\"height\":850,\"caption\":\"ICMS - Foto: Pixabay\"},{\"@type\":\"BreadcrumbList\",\"@id\":\"https:\/\/www.suno.com.br\/noticias\/icms-recorde-arrecadacao-energia-eletrica-combustiveis\/#breadcrumb\",\"itemListElement\":[{\"@type\":\"ListItem\",\"position\":1,\"name\":\"Not\u00edcias\",\"item\":\"https:\/\/www.suno.com.br\/noticias\/\"},{\"@type\":\"ListItem\",\"position\":2,\"name\":\"Economia\",\"item\":\"https:\/\/www.suno.com.br\/noticias\/economia\/\"},{\"@type\":\"ListItem\",\"position\":3,\"name\":\"ICMS tem recorde de arrecada\u00e7\u00e3o com alta de pre\u00e7os da gasolina e energia el\u00e9trica\"}]},{\"@type\":\"WebSite\",\"@id\":\"https:\/\/www.suno.com.br\/noticias\/#website\",\"url\":\"https:\/\/www.suno.com.br\/noticias\/\",\"name\":\"Suno Not\u00edcias\",\"description\":\"Seu portal de informa\u00e7\u00e3o sobre o mundo dos investimentos\",\"publisher\":{\"@id\":\"https:\/\/www.suno.com.br\/noticias\/#organization\"},\"potentialAction\":[{\"@type\":\"SearchAction\",\"target\":{\"@type\":\"EntryPoint\",\"urlTemplate\":\"https:\/\/www.suno.com.br\/noticias\/?s={search_term_string}\"},\"query-input\":{\"@type\":\"PropertyValueSpecification\",\"valueRequired\":true,\"valueName\":\"search_term_string\"}}],\"inLanguage\":\"pt-BR\"},{\"@type\":\"Organization\",\"@id\":\"https:\/\/www.suno.com.br\/noticias\/#organization\",\"name\":\"Suno Not\u00edcias\",\"url\":\"https:\/\/www.suno.com.br\/noticias\/\",\"logo\":{\"@type\":\"ImageObject\",\"inLanguage\":\"pt-BR\",\"@id\":\"https:\/\/www.suno.com.br\/noticias\/#\/schema\/logo\/image\/\",\"url\":\"https:\/\/files.sunoresearch.com.br\/n\/uploads\/2021\/09\/suno-logo.png\",\"contentUrl\":\"https:\/\/files.sunoresearch.com.br\/n\/uploads\/2021\/09\/suno-logo.png\",\"width\":180,\"height\":180,\"caption\":\"Suno Not\u00edcias\"},\"image\":{\"@id\":\"https:\/\/www.suno.com.br\/noticias\/#\/schema\/logo\/image\/\"},\"sameAs\":[\"https:\/\/facebook.com\/sunoresearch\",\"https:\/\/x.com\/sunoresearch\",\"https:\/\/www.instagram.com\/suno\",\"https:\/\/www.linkedin.com\/company\/suno-research\/\",\"https:\/\/www.youtube.com\/c\/sunoresearch\"]},{\"@type\":\"Person\",\"@id\":\"https:\/\/www.suno.com.br\/noticias\/#\/schema\/person\/7f4d362bf3518e76090143ae77bb49a5\",\"name\":\"Eduardo Vargas\",\"image\":{\"@type\":\"ImageObject\",\"inLanguage\":\"pt-BR\",\"@id\":\"https:\/\/www.suno.com.br\/noticias\/#\/schema\/person\/image\/\",\"url\":\"https:\/\/secure.gravatar.com\/avatar\/dac340933427a22924c9f99d1eb2e3f2?s=96&r=g\",\"contentUrl\":\"https:\/\/secure.gravatar.com\/avatar\/dac340933427a22924c9f99d1eb2e3f2?s=96&r=g\",\"caption\":\"Eduardo Vargas\"},\"description\":\"Jornalista formado pela UFSC, cobre macroeconomia, neg\u00f3cios e startups para o Suno Not\u00edcias, escrevendo principalmente not\u00edcias sobre o mercado financeiro e a bolsa de valores. No YouTube e no Instagram, \u00e9 respons\u00e1vel pela produ\u00e7\u00e3o de Reels e Shorts do Suno Not\u00edcias. Anteriormente, trabalhou cobrindo economia e cotidiano no ND+ e para o ND, maior jornal impresso de Santa Catarina. Cursou um semestre letivo de Estudos de M\u00eddia na Universidad de Buenos Aires.\",\"url\":\"https:\/\/www.suno.com.br\/noticias\/author\/eduardo-vargas\/\"}]}<\/script>\n<!-- \/ Yoast SEO plugin. -->","yoast_head_json":{"title":"ICMS tem recorde de arrecada\u00e7\u00e3o com gasolina e energia el\u00e9trica","description":"Apesar do congelamento do ICMS no combust\u00edvel, pre\u00e7os antes da medida puxaram alta na arrecada\u00e7\u00e3o. Clique aqui e leia mais.","robots":{"index":"index","follow":"follow","max-snippet":"max-snippet:-1","max-image-preview":"max-image-preview:large","max-video-preview":"max-video-preview:-1"},"canonical":"https:\/\/www.suno.com.br\/noticias\/icms-recorde-arrecadacao-energia-eletrica-combustiveis\/","og_locale":"pt_BR","og_type":"article","og_title":"ICMS tem recorde de arrecada\u00e7\u00e3o com gasolina e energia el\u00e9trica","og_description":"Apesar do congelamento do ICMS no combust\u00edvel, pre\u00e7os antes da medida puxaram alta na arrecada\u00e7\u00e3o. Clique aqui e leia mais.","og_url":"https:\/\/www.suno.com.br\/noticias\/icms-recorde-arrecadacao-energia-eletrica-combustiveis\/","og_site_name":"Suno Not\u00edcias","article_publisher":"https:\/\/facebook.com\/sunoresearch","og_image":[{"width":1280,"height":850,"url":"https:\/\/files.sunoresearch.com.br\/n\/uploads\/2021\/04\/3b581d07-gasoline-175122_1280.jpg","type":"image\/jpeg"}],"author":"Eduardo Vargas","twitter_card":"summary_large_image","twitter_creator":"@sunoresearch","twitter_site":"@sunoresearch","twitter_misc":{"Escrito por":"Eduardo Vargas","Est. tempo de leitura":"4 minutos"},"schema":{"@context":"https:\/\/schema.org","@graph":[{"@type":"NewsArticle","@id":"https:\/\/www.suno.com.br\/noticias\/icms-recorde-arrecadacao-energia-eletrica-combustiveis\/#article","isPartOf":{"@id":"https:\/\/www.suno.com.br\/noticias\/icms-recorde-arrecadacao-energia-eletrica-combustiveis\/"},"author":{"name":"Eduardo Vargas","@id":"https:\/\/www.suno.com.br\/noticias\/#\/schema\/person\/7f4d362bf3518e76090143ae77bb49a5"},"headline":"ICMS tem recorde de arrecada\u00e7\u00e3o com alta de pre\u00e7os da gasolina e energia el\u00e9trica","datePublished":"2022-02-02T12:35:36+00:00","mainEntityOfPage":{"@id":"https:\/\/www.suno.com.br\/noticias\/icms-recorde-arrecadacao-energia-eletrica-combustiveis\/"},"wordCount":901,"publisher":{"@id":"https:\/\/www.suno.com.br\/noticias\/#organization"},"image":{"@id":"https:\/\/www.suno.com.br\/noticias\/icms-recorde-arrecadacao-energia-eletrica-combustiveis\/#primaryimage"},"thumbnailUrl":"https:\/\/files.sunoresearch.com.br\/n\/uploads\/2021\/04\/3b581d07-gasoline-175122_1280-jpg.webp","keywords":["Ag\u00eancias","ICMS","impostos"],"articleSection":["Economia"],"inLanguage":"pt-BR"},{"@type":"WebPage","@id":"https:\/\/www.suno.com.br\/noticias\/icms-recorde-arrecadacao-energia-eletrica-combustiveis\/","url":"https:\/\/www.suno.com.br\/noticias\/icms-recorde-arrecadacao-energia-eletrica-combustiveis\/","name":"ICMS tem recorde de arrecada\u00e7\u00e3o com gasolina e energia el\u00e9trica","isPartOf":{"@id":"https:\/\/www.suno.com.br\/noticias\/#website"},"primaryImageOfPage":{"@id":"https:\/\/www.suno.com.br\/noticias\/icms-recorde-arrecadacao-energia-eletrica-combustiveis\/#primaryimage"},"image":{"@id":"https:\/\/www.suno.com.br\/noticias\/icms-recorde-arrecadacao-energia-eletrica-combustiveis\/#primaryimage"},"thumbnailUrl":"https:\/\/files.sunoresearch.com.br\/n\/uploads\/2021\/04\/3b581d07-gasoline-175122_1280-jpg.webp","datePublished":"2022-02-02T12:35:36+00:00","description":"Apesar do congelamento do ICMS no combust\u00edvel, pre\u00e7os antes da medida puxaram alta na arrecada\u00e7\u00e3o. Clique aqui e leia mais.","breadcrumb":{"@id":"https:\/\/www.suno.com.br\/noticias\/icms-recorde-arrecadacao-energia-eletrica-combustiveis\/#breadcrumb"},"inLanguage":"pt-BR","potentialAction":[{"@type":"ReadAction","target":["https:\/\/www.suno.com.br\/noticias\/icms-recorde-arrecadacao-energia-eletrica-combustiveis\/"]}]},{"@type":"ImageObject","inLanguage":"pt-BR","@id":"https:\/\/www.suno.com.br\/noticias\/icms-recorde-arrecadacao-energia-eletrica-combustiveis\/#primaryimage","url":"https:\/\/files.sunoresearch.com.br\/n\/uploads\/2021\/04\/3b581d07-gasoline-175122_1280-jpg.webp","contentUrl":"https:\/\/files.sunoresearch.com.br\/n\/uploads\/2021\/04\/3b581d07-gasoline-175122_1280-jpg.webp","width":1280,"height":850,"caption":"ICMS - Foto: Pixabay"},{"@type":"BreadcrumbList","@id":"https:\/\/www.suno.com.br\/noticias\/icms-recorde-arrecadacao-energia-eletrica-combustiveis\/#breadcrumb","itemListElement":[{"@type":"ListItem","position":1,"name":"Not\u00edcias","item":"https:\/\/www.suno.com.br\/noticias\/"},{"@type":"ListItem","position":2,"name":"Economia","item":"https:\/\/www.suno.com.br\/noticias\/economia\/"},{"@type":"ListItem","position":3,"name":"ICMS tem recorde de arrecada\u00e7\u00e3o com alta de pre\u00e7os da gasolina e energia el\u00e9trica"}]},{"@type":"WebSite","@id":"https:\/\/www.suno.com.br\/noticias\/#website","url":"https:\/\/www.suno.com.br\/noticias\/","name":"Suno Not\u00edcias","description":"Seu portal de informa\u00e7\u00e3o sobre o mundo dos investimentos","publisher":{"@id":"https:\/\/www.suno.com.br\/noticias\/#organization"},"potentialAction":[{"@type":"SearchAction","target":{"@type":"EntryPoint","urlTemplate":"https:\/\/www.suno.com.br\/noticias\/?s={search_term_string}"},"query-input":{"@type":"PropertyValueSpecification","valueRequired":true,"valueName":"search_term_string"}}],"inLanguage":"pt-BR"},{"@type":"Organization","@id":"https:\/\/www.suno.com.br\/noticias\/#organization","name":"Suno Not\u00edcias","url":"https:\/\/www.suno.com.br\/noticias\/","logo":{"@type":"ImageObject","inLanguage":"pt-BR","@id":"https:\/\/www.suno.com.br\/noticias\/#\/schema\/logo\/image\/","url":"https:\/\/files.sunoresearch.com.br\/n\/uploads\/2021\/09\/suno-logo.png","contentUrl":"https:\/\/files.sunoresearch.com.br\/n\/uploads\/2021\/09\/suno-logo.png","width":180,"height":180,"caption":"Suno Not\u00edcias"},"image":{"@id":"https:\/\/www.suno.com.br\/noticias\/#\/schema\/logo\/image\/"},"sameAs":["https:\/\/facebook.com\/sunoresearch","https:\/\/x.com\/sunoresearch","https:\/\/www.instagram.com\/suno","https:\/\/www.linkedin.com\/company\/suno-research\/","https:\/\/www.youtube.com\/c\/sunoresearch"]},{"@type":"Person","@id":"https:\/\/www.suno.com.br\/noticias\/#\/schema\/person\/7f4d362bf3518e76090143ae77bb49a5","name":"Eduardo Vargas","image":{"@type":"ImageObject","inLanguage":"pt-BR","@id":"https:\/\/www.suno.com.br\/noticias\/#\/schema\/person\/image\/","url":"https:\/\/secure.gravatar.com\/avatar\/dac340933427a22924c9f99d1eb2e3f2?s=96&r=g","contentUrl":"https:\/\/secure.gravatar.com\/avatar\/dac340933427a22924c9f99d1eb2e3f2?s=96&r=g","caption":"Eduardo Vargas"},"description":"Jornalista formado pela UFSC, cobre macroeconomia, neg\u00f3cios e startups para o Suno Not\u00edcias, escrevendo principalmente not\u00edcias sobre o mercado financeiro e a bolsa de valores. No YouTube e no Instagram, \u00e9 respons\u00e1vel pela produ\u00e7\u00e3o de Reels e Shorts do Suno Not\u00edcias. Anteriormente, trabalhou cobrindo economia e cotidiano no ND+ e para o ND, maior jornal impresso de Santa Catarina. Cursou um semestre letivo de Estudos de M\u00eddia na Universidad de Buenos Aires.","url":"https:\/\/www.suno.com.br\/noticias\/author\/eduardo-vargas\/"}]}},"default_loop_html":"<div class=\"cardsPage__listCard__boxs\"><div class=\"cardsPage__listCard__boxs__img\"><a href=\"https:\/\/www.suno.com.br\/noticias\/copom-decisao-selic-previsoes\/\"><img class=\"mask\" src=\"https:\/\/www.suno.com.br\/noticias\/wp-content\/themes\/suno\/resources\/images\/spotlight\/spotlight1img\/bg-mask.png\" alt=\"Image Mask\"\/><img src=\"https:\/\/files.sunoresearch.com.br\/n\/uploads\/2020\/12\/25147b78-copom-400x200.webp\" alt=\"Primeira decis\u00e3o do Copom em 2022 sai hoje; veja previs\u00f5es do mercado para a Selic\"\/><\/a><span class=\"spotlightCategory\"><a href=\"https:\/\/www.suno.com.br\/noticias\/economia\/\">Economia<\/a><\/span><\/div><div class=\"cardsPage__listCard__boxs__content\"><a href=\"https:\/\/www.suno.com.br\/noticias\/copom-decisao-selic-previsoes\/\"><h2 class=\"content__title\">Primeira decis\u00e3o do Copom em 2022 sai hoje; veja previs\u00f5es do mercado para a Selic<\/h2><\/a><div class=\"newsContent__article__meta\"><div class=\"newsContent__article__meta__authorBox\"><a href=\"https:\/\/www.suno.com.br\/noticias\/author\/redacao-suno\/\" class=\"authorBox__avatar noMobi\"><img src=\"https:\/\/files.sunoresearch.com.br\/n\/uploads\/2020\/08\/0ace682d-redacao-1-150x150.webp\" alt=\"Reda\u00e7\u00e3o Suno Not\u00edcias\"><\/a><div class=\"authorBox__name\"><span>por\n\t\t\t<a href=\"https:\/\/www.suno.com.br\/noticias\/author\/redacao-suno\/\"><span itemprop=\"author\">Reda\u00e7\u00e3o Suno Not\u00edcias<\/span><\/a><\/span><time datetime=\"2022-02-02T07:00:00-03:00\" itemprop=\"datePublished\">02\/02\/2022 07:00<\/time><\/div><\/div><\/div><\/div><\/div>","single_layout":"posts","amp_enabled":true,"_links":{"self":[{"href":"https:\/\/www.suno.com.br\/noticias\/wp-json\/wp\/v2\/posts\/227704"}],"collection":[{"href":"https:\/\/www.suno.com.br\/noticias\/wp-json\/wp\/v2\/posts"}],"about":[{"href":"https:\/\/www.suno.com.br\/noticias\/wp-json\/wp\/v2\/types\/post"}],"author":[{"embeddable":true,"href":"https:\/\/www.suno.com.br\/noticias\/wp-json\/wp\/v2\/users\/73"}],"replies":[{"embeddable":true,"href":"https:\/\/www.suno.com.br\/noticias\/wp-json\/wp\/v2\/comments?post=227704"}],"version-history":[{"count":2,"href":"https:\/\/www.suno.com.br\/noticias\/wp-json\/wp\/v2\/posts\/227704\/revisions"}],"predecessor-version":[{"id":227731,"href":"https:\/\/www.suno.com.br\/noticias\/wp-json\/wp\/v2\/posts\/227704\/revisions\/227731"}],"wp:featuredmedia":[{"embeddable":true,"href":"https:\/\/www.suno.com.br\/noticias\/wp-json\/wp\/v2\/media\/141217"}],"wp:attachment":[{"href":"https:\/\/www.suno.com.br\/noticias\/wp-json\/wp\/v2\/media?parent=227704"}],"wp:term":[{"taxonomy":"category","embeddable":true,"href":"https:\/\/www.suno.com.br\/noticias\/wp-json\/wp\/v2\/categories?post=227704"},{"taxonomy":"post_tag","embeddable":true,"href":"https:\/\/www.suno.com.br\/noticias\/wp-json\/wp\/v2\/tags?post=227704"},{"taxonomy":"suno_strategy","embeddable":true,"href":"https:\/\/www.suno.com.br\/noticias\/wp-json\/wp\/v2\/suno_strategy?post=227704"}],"curies":[{"name":"wp","href":"https:\/\/api.w.org\/{rel}","templated":true}]}}