{"id":227627,"date":"2022-02-02T07:00:00","date_gmt":"2022-02-02T10:00:00","guid":{"rendered":"https:\/\/www.suno.com.br\/noticias\/?p=227627"},"modified":"2022-02-02T09:15:09","modified_gmt":"2022-02-02T12:15:09","slug":"copom-decisao-selic-previsoes","status":"publish","type":"post","link":"https:\/\/www.suno.com.br\/noticias\/copom-decisao-selic-previsoes\/","title":{"rendered":"Primeira decis\u00e3o do Copom em 2022 sai hoje; veja previs\u00f5es do mercado para a Selic"},"content":{"rendered":"<p>O Comit\u00ea de Pol\u00edtica Monet\u00e1ria (<strong>Copom<\/strong>), do Banco Central, divulga nesta quarta (2) a primeira decis\u00e3o sobre a taxa Selic em 2022. Com a alta da infla\u00e7\u00e3o, a expectativa un\u00e2nime no mercado de nova alta de 1,50 ponto porcentual, conforme as 59 institui\u00e7\u00f5es consultadas pelo Proje\u00e7\u00f5es Broadcast, a taxa b\u00e1sica de juros deve voltar aos dois d\u00edgitos, patamar que abandonou em julho de 2017, e registrar o maior patamar desde maio daquele ano (11,25%), ao chegar a 10,75%.<\/p>\t<div class=\"wrapper-featured-image\">\n\t\t<figure class=\"spotlightImg\">\n\n\t\t\t<picture>\n\t\t\t\t<source media=\"(max-width: 768px)\" srcset=\"https:\/\/files.sunoresearch.com.br\/n\/uploads\/2020\/12\/25147b78-copom-400x200.webp\">\n\t\t\t\t<img loading=\"lazy\" decoding=\"async\" class=\"newsContent__article__imgCapa lazyloadDisabled \" src=\"https:\/\/files.sunoresearch.com.br\/n\/uploads\/2020\/12\/25147b78-copom-800x450.webp\" width=\"800\" height=\"450\" alt=\"Primeira decis\u00e3o do Copom em 2022 sai hoje; veja previs\u00f5es do mercado para a Selic\" fetchpriority=high \/>\n\t\t\t<\/picture>\n\n\t\t\t<figcaption class=\"wp-caption-text wp-caption-text--show\">Copom<\/figcaption>\n\t\t<\/figure>\n\t<\/div>\n\n\n\t<p>\n\t\t<a href=\"https:\/\/lp.suno.com.br\/planilha-controle-gastos\/\" target=\"_blank\" data-element=\"shortcode-suno-banner\" title=\"Banner SUNO, clique e saiba mais\">\n\t\t\t<picture>\n\t\t\t\t<source media=\"(max-width: 500px)\" srcset=\"https:\/\/files.sunoresearch.com.br\/n\/uploads\/2023\/03\/400x300-Planilha-controle-de-gastos.png\">\n\t\t\t\t<img class=\"newsContent__article__imgCapa newsContent__article__imgCapa--banner\"\n\t\t\t\t\tsrc=\"https:\/\/files.sunoresearch.com.br\/n\/uploads\/2023\/03\/1420x240-Planilha-controle-de-gastos.png\"\n\t\t\t\t\tdata-promo-id=\"101751\"\t\t\t\t\t\t\t\t\t\twidth='1420' height='240'\t\t\t\t\talt=\"https:\/\/files.sunoresearch.com.br\/n\/uploads\/2023\/03\/1420x240-Planilha-controle-de-gastos.png\"\n\t\t\t\t>\n\t\t\t<\/picture>\n\t\t<\/a>\n\t<\/p>\n\n\n<p>Para o final de 2022, o mercado prev\u00ea que a <strong>taxa Selic <\/strong>se eleve at\u00e9 o patamar de 11,75% ao ano.<\/p>\n<p>A reuni\u00e3o desta ter\u00e7a\u00a0 do Copom terminou \u00e0s 18h37 com a An\u00e1lise de Conjuntura do Copom. O encontro havia come\u00e7ado \u00e0s 14h17. Participaram o presidente do BC, <strong>Roberto Campos Neto<\/strong>, e sete diretores da institui\u00e7\u00e3o. O colegiado est\u00e1 com um membro a menos desde que Fabio Kanczuk, que era diretor de Pol\u00edtica Econ\u00f4mica, deixou o colegiado, em dezembro. Seu substituto, Diogo Guillen, ainda n\u00e3o foi sabatinado pelo Senado.<\/p>\n<p>Pela manh\u00e3, eles j\u00e1 haviam se reunido para a sess\u00e3o de An\u00e1lise de Mercado, tamb\u00e9m no Copom. Nesta quarta-feira, 2, os <strong>dirigentes do BC<\/strong> t\u00eam mais uma rodada de discuss\u00f5es antes de decidirem o <strong>novo patamar da Selic<\/strong> (a taxa b\u00e1sica de juros), atualmente em 9,25% ao ano.<\/p>\n<p>Se confirmada a expectativa do mercado, o processo de aperto monet\u00e1rio atual acumular\u00e1 alta de 8,75 pontos porcentuais e ser\u00e1 o mais forte desde 1999, quando, em meio \u00e0 crise cambial, o BC aumentou a Selic em 20 pontos porcentuais de uma vez s\u00f3. O ciclo atual come\u00e7ou em mar\u00e7o do ano passado, com os juros b\u00e1sicos da economia no piso hist\u00f3rico de 2%.<\/p>\n\t<p>\n\t\t<a href=\"https:\/\/lp.suno.com.br\/planilha-de-controle-de-investimentos\/\" target=\"_blank\" data-element=\"shortcode-suno-banner\" title=\"Banner SUNO, clique e saiba mais\">\n\t\t\t<picture>\n\t\t\t\t<source media=\"(max-width: 500px)\" srcset=\"https:\/\/files.sunoresearch.com.br\/n\/uploads\/2023\/03\/400x300-Controle-de-Investimentos.png\">\n\t\t\t\t<img class=\"newsContent__article__imgCapa newsContent__article__imgCapa--banner\"\n\t\t\t\t\tsrc=\"https:\/\/files.sunoresearch.com.br\/n\/uploads\/2023\/03\/1420x240-Controle-de-Investimentos.png\"\n\t\t\t\t\tdata-promo-id=\"75934\"\t\t\t\t\t\t\t\t\t\twidth='1420' height='240'\t\t\t\t\talt=\"https:\/\/files.sunoresearch.com.br\/n\/uploads\/2023\/03\/1420x240-Controle-de-Investimentos.png\"\n\t\t\t\t>\n\t\t\t<\/picture>\n\t\t<\/a>\n\t<\/p>\n\n\n<h2>\u00daltima ata do Copom<\/h2>\n<p>Os membros do Copom sinalizaram, na ata da \u00faltima reuni\u00e3o, que devem manter a eleva\u00e7\u00e3o da Selic no mesmo patamar de 1,5 ponto percentual, com pol\u00edtica monet\u00e1ria contracionista diante da piora dos \u00edndices de pre\u00e7os. Desde setembro, os juros b\u00e1sicos t\u00eam sido elevados nesse ritmo.<\/p>\n<p>Principal instrumento para controle da infla\u00e7\u00e3o, a Selic continua em ciclo de alta, depois de passar seis anos sem ser elevada. De julho de 2015 a outubro de 2016, a taxa permaneceu em 14,25% ao ano. Depois disso, o Copom voltou a reduzir os juros b\u00e1sicos da economia at\u00e9 que a taxa chegou a 6,5% ao ano, em mar\u00e7o de 2018.<\/p>\n<p>Em julho de 2019, a Selic voltou a ser reduzida at\u00e9 chegar ao menor n\u00edvel da hist\u00f3ria em agosto de 2020, em 2% ao ano. Come\u00e7ou a subir novamente em mar\u00e7o do ano passado, tendo aumentado 7,25 pontos percentuais at\u00e9 agora.<\/p>\n\n\t<div data-element=\"shortcode-read-more\" class=\"readToo\">\n\t\t\t\t<span class=\"readToo__title\">Leia mais<\/span>\n\t\t\t\t<ul class=\"readToo__list\">\n\t\t\t<li><a href=\"https:\/\/www.suno.com.br\/noticias\/aumento-selic-impacto-investimentos-fevereiro-2022\/\">Selic: o que esperar da reuni\u00e3o do Copom e como ela pode afetar seus investimentos<\/a><\/li><li><a href=\"https:\/\/www.suno.com.br\/noticias\/copom-ciclo-alta-juros-especialistas\/\">Copom: ciclo de alta de juros deve durar mais que o esperado, dizem Ita\u00fa (ITUB4) e Goldman Sachs<\/a><\/li><li><a href=\"https:\/\/www.suno.com.br\/noticias\/ata-do-copom-fim-do-ciclo-altista-juros\/\">Ata do Copom sinaliza fim do ciclo altista dos juros em 11,75%, em 2022<\/a><\/li>\t\t<\/ul>\n\t<\/div>\n\n\n<h2>Infla\u00e7\u00e3o em alta<\/h2>\n<p>Para 2022, a meta de infla\u00e7\u00e3o a ser perseguida pelo BC, definida pelo <a class=\"suno-keyword\" href=\"https:\/\/www.suno.com.br\/artigos\/cmn-conselho-monetario-nacional\/\" target=\"_blank\" rel=\"noopener\" data-force=\"no\" data-priority=\"1\">Conselho Monet\u00e1rio Nacional (CMN)<\/a>, \u00e9 3,5%, com intervalo de toler\u00e2ncia de 1,5 ponto percentual para cima ou para baixo. Ou seja, o limite inferior \u00e9 2% e o superior, 5%.<\/p>\n<p>No \u00faltimo <strong>Relat\u00f3rio de Infla\u00e7\u00e3o<\/strong>, divulgado no fim de dezembro pelo Banco Central, a autoridade monet\u00e1ria estimava que, em 2022, o \u00cdndice Nacional de Pre\u00e7os ao Consumidor Amplo (<strong>IPCA<\/strong>), infla\u00e7\u00e3o oficial do pa\u00eds, fecharia o ano em 4,7% no cen\u00e1rio base, com Selic em 11,25% ao ano e c\u00e2mbio em R$ 5,65. O pr\u00f3ximo relat\u00f3rio ser\u00e1 divulgado em mar\u00e7o.<\/p>\n\t<p>\n\t\t<a href=\"https:\/\/lp.suno.com.br\/ebook-como-analisar-uma-acao\/\" target=\"_blank\" data-element=\"shortcode-suno-banner\" title=\"Banner SUNO, clique e saiba mais\">\n\t\t\t<picture>\n\t\t\t\t<source media=\"(max-width: 500px)\" srcset=\"https:\/\/files.sunoresearch.com.br\/n\/uploads\/2023\/03\/Ebook-Acoes-Mobile-1.jpg\">\n\t\t\t\t<img class=\"newsContent__article__imgCapa newsContent__article__imgCapa--banner\"\n\t\t\t\t\tsrc=\"https:\/\/files.sunoresearch.com.br\/n\/uploads\/2023\/03\/Ebook-Acoes-Desktop-1.jpg\"\n\t\t\t\t\tdata-promo-id=\"171998\"\t\t\t\t\t\t\t\t\t\twidth='1420' height='286'\t\t\t\t\talt=\"https:\/\/files.sunoresearch.com.br\/n\/uploads\/2023\/03\/Ebook-Acoes-Desktop-1.jpg\"\n\t\t\t\t>\n\t\t\t<\/picture>\n\t\t<\/a>\n\t<\/p>\n\n\n<p>Puxado pelo aumento dos pre\u00e7os de energia el\u00e9trica e combust\u00edveis, o IPCA encerrou 2020 em 10,06%, maior infla\u00e7\u00e3o anual desde 2015. A proje\u00e7\u00e3o do mercado \u00e9 de infla\u00e7\u00e3o fechando o ano em 5,38%, de acordo com o boletim Focus. \u00c9 a 29\u00aa alta consecutiva na previs\u00e3o das institui\u00e7\u00f5es financeiras.<\/p>\n<p>A pr\u00e9via da\u00a0<a class=\"suno-keyword\" href=\"https:\/\/www.suno.com.br\/artigos\/inflacao\/\" target=\"_blank\" rel=\"noopener\" data-force=\"no\" data-priority=\"2\">infla\u00e7\u00e3o oficial<\/a>\u00a0do Brasil, registrada pelo\u00a0<a href=\"https:\/\/www.suno.com.br\/guias\/ipca\/\" target=\"_blank\" rel=\"noopener\">\u00cdndice Nacional de Pre\u00e7os ao Consumidor Amplo<\/a>\u00a0\u2013 15 (<strong>IPCA-15<\/strong>), teve alta de 0,58%, ap\u00f3s eleva\u00e7\u00e3o de <a href=\"https:\/\/www.suno.com.br\/noticias\/previa-inflacao-ipca-15-janeiro-recua\/\">0,78% em dezembro.<\/a><\/p>\n<p>Nesta segunda (31) a proje\u00e7\u00e3o do mercado financeiro, divulgada pelo Banco Central por meio do <strong>Boletim Focus<\/strong>, indicava que o <a class=\"suno-keyword\" href=\"https:\/\/www.suno.com.br\/artigos\/ipca\/\" target=\"_blank\" rel=\"noopener noreferrer\" data-force=\"no\" data-priority=\"2\">\u00cdndice Nacional de Pre\u00e7os ao Consumidor Amplo (IPCA)<\/a>\u00a0em 2022 dever\u00e1 ser 5,38%. A previs\u00e3o \u00e9 maior do que a da semana passada, quando estava previsto em 5,15%.\u00a0Trata-se da 3\u00aa semana consecutiva de alta de proje\u00e7\u00e3o da infla\u00e7\u00e3o.<\/p>\n<p>Desde o ano passado, o Boletim Focus j\u00e1 sinalizava a\u00a0<strong>infla\u00e7\u00e3o de 2022 acima do teto da meta<\/strong> estipulado pelo CMN.<\/p>\n<p>Apesar da\u00a0<strong>expectativa do IPCA<\/strong>\u00a0acima da meta no pr\u00f3ximo ano, o mercado manteve sua previs\u00e3o para a\u00a0<strong>taxa Selic\u00a0<\/strong>em 2022. O relat\u00f3rio desta segunda prev\u00ea o<strong>\u00a0juros b\u00e1sico do Pa\u00eds<\/strong>\u00a0em 11,75% ao final do ano.<\/p>\n<h2>Perspectivas para a Selic<\/h2>\n<p>As proje\u00e7\u00f5es colhidas pelo Suno Not\u00edcias coloca a magnitude do novo aperto monet\u00e1rio desta quarta em 1,5 ponto percentual, ainda que o compasso do aperto n\u00e3o seja consensual.<\/p>\n<p><strong>Gustavo Sung<\/strong>, economista respons\u00e1vel pelo relat\u00f3rio de macroeconomia da Suno Research, observa: &#8221; O Copom tem deixado claro que seu objetivo \u00e9 levar a infla\u00e7\u00e3o ao centro da meta no horizonte relevante, que inclui os anos-calend\u00e1rio de 2022 e 2023. No \u00faltimo comunicado, acreditamos que a autoridade monet\u00e1ria elevou a taxa de juros na magnitude necess\u00e1ria. Al\u00e9m desse aumento, a comunica\u00e7\u00e3o do Banco Central (BC) foi acertada, dura e incisiva frente \u00e0 possibilidade de desancoragem das expectativas dos agentes para os pr\u00f3ximos anos.&#8221;<\/p>\n<p>A <strong>Suno Research<\/strong> estima um ajuste de 1,5 p.p. nesta reuni\u00e3o, com o fim do ciclo de alta entre mar\u00e7o e maio, no intervalo entre o m\u00ednimo de 17,75% a.a. e 12,75% a.a.. Para a casa de an\u00e1lise, a\u00a0depender do cen\u00e1rio econ\u00f4mico p\u00f3s-elei\u00e7\u00f5es, \u00e9 poss\u00edvel uma redu\u00e7\u00e3o marginal da Selic no fim do ano.<\/p>\n<p>Para esta reuni\u00e3o, Sung relaciona alguns pontos importantes que merecem a nossa aten\u00e7\u00e3o:<\/p>\n<ul>\n<li>&#8220;Primeiramente, qual ser\u00e1 a <strong>sinaliza\u00e7\u00e3o do Banco Central<\/strong> para a reuni\u00e3o de mar\u00e7o? Em nosso cen\u00e1rio, o BC deve anunciar um novo aumento de 1.0 p.p a 1,5 p.p. E, deixar\u00e1 o cen\u00e1rio em aberto para poss\u00edveis modera\u00e7\u00f5es ou at\u00e9 eleva\u00e7\u00f5es mais acentuadas, a depender do cen\u00e1rio inflacion\u00e1rio &#8211; o IPCA-15 e o IGP-M trouxeram preocupa\u00e7\u00f5es ao mercado.&#8221;<\/li>\n<li>&#8220;O segundo ponto \u00e9: o BC dar\u00e1 pistas sobre o patamar final da taxa de juros em 2022? Em nossa vis\u00e3o, o ciclo de alta da Selic deve atingir o pico entre mar\u00e7o e maio deste ano, em torno de 11,75% e 12,75%. A taxa dever\u00e1 se manter no pico at\u00e9 o fim do ano, com a possibilidade de redu\u00e7\u00f5es ap\u00f3s as elei\u00e7\u00f5es.&#8221;<\/li>\n<li>&#8220;Alguns fatores pesam na decis\u00e3o da autoridade monet\u00e1ria. Pelo lado dos pre\u00e7os, ainda h\u00e1 desafios no combate \u00e0 infla\u00e7\u00e3o. Reajustes nos pre\u00e7os dos combust\u00edveis e dos alimentos, passagens de transporte p\u00fablico s\u00e3o fatores que acentuam a escalada de pre\u00e7os. Al\u00e9m disso, a retomada dos servi\u00e7os, a corre\u00e7\u00e3o de sal\u00e1rios e a melhora do mercado de trabalho podem exercer alguma press\u00e3o.&#8221;<\/li>\n<li>&#8220;Se tivermos novas press\u00f5es inflacion\u00e1rias e deteriora\u00e7\u00e3o das expectativas dos agentes quanto \u00e0 infla\u00e7\u00e3o de 2022 e 2023, a probabilidade \u00e9 de um aumento maior para a Selic. Vale ressaltar que o peso da infla\u00e7\u00e3o deste ano no processo decis\u00f3rio do BC diminui e o de 2023 passa a ter mais relev\u00e2ncia.&#8221;<\/li>\n<\/ul>\n<p>Por fim, Sung menciona outros fatores que entram no balan\u00e7o de riscos do Banco Central.<\/p>\n<ul>\n<li>O principal \u00e9 o risco fiscal. &#8220;Entraremos em um ano de elei\u00e7\u00e3o, em que, tradicionalmente, se v\u00ea um aumento dos gastos p\u00fablicos. A piora da trajet\u00f3ria da d\u00edvida e do risco fiscal geram incertezas, eleva o pr\u00eamio de risco, pressiona o c\u00e2mbio e, consequentemente, os pre\u00e7os e os juros.&#8221;<\/li>\n<li>No exterior, diz ele, o Banco Central dos EUA, o Fed, iniciou a retirada dos est\u00edmulos econ\u00f4micos, com a redu\u00e7\u00e3o da compra de ativos. Recentemente, sinalizou a inten\u00e7\u00e3o de aumentar os juros em mar\u00e7o.<\/li>\n<li>Esse movimento tamb\u00e9m ocorre em diversos pa\u00edses. Para contrabalancear a fuga de capital e desvaloriza\u00e7\u00e3o da nossa moeda, a autoridade monet\u00e1ria brasileira poder\u00e1 ter uma postura mais restritiva com a Selic a fim de evitar contamina\u00e7\u00f5es do c\u00e2mbio sobre a infla\u00e7\u00e3o.<\/li>\n<li>Se a autoridade monet\u00e1ria brasileira perder o controle dos pre\u00e7os e a sua credibilidade, ter\u00e1 de dar um choque monet\u00e1rio muito grande para recuperar as r\u00e9deas. Dessa forma, prejudicaria \u2013 e muito \u2013 o desempenho da atividade econ\u00f4mica, completa Sung.<\/li>\n<\/ul>\n\t<p>\n\t\t<a href=\"https:\/\/lp.suno.com.br\/planilha-da-vida-financeira\/\" target=\"_blank\" data-element=\"shortcode-suno-banner\" title=\"Banner SUNO, clique e saiba mais\">\n\t\t\t<picture>\n\t\t\t\t<source media=\"(max-width: 500px)\" srcset=\"https:\/\/files.sunoresearch.com.br\/n\/uploads\/2023\/04\/400x300-Planilha-vida-financeira-true.png\">\n\t\t\t\t<img class=\"newsContent__article__imgCapa newsContent__article__imgCapa--banner\"\n\t\t\t\t\tsrc=\"https:\/\/files.sunoresearch.com.br\/n\/uploads\/2023\/04\/1420x240-Planilha-vida-financeira-true.png\"\n\t\t\t\t\tdata-promo-id=\"106682\"\t\t\t\t\t\t\t\t\t\twidth='1420' height='240'\t\t\t\t\talt=\"https:\/\/files.sunoresearch.com.br\/n\/uploads\/2023\/04\/1420x240-Planilha-vida-financeira-true.png\"\n\t\t\t\t>\n\t\t\t<\/picture>\n\t\t<\/a>\n\t<\/p>\n\n\n<h2>Previs\u00f5es dos bancos para a decis\u00e3o do Copom<\/h2>\n<p>O <strong>Ita\u00fa Unibanco<\/strong> (ITUB4), em relat\u00f3rio aos clientes, avalia que o Copom deve elevar a taxa em 1,5 p.p. na reuni\u00e3o desta semana, para o n\u00edvel de 10,75% a.a.. A institui\u00e7\u00e3o acredita que haver\u00e1 nova eleva\u00e7\u00e3o da taxa b\u00e1sica de juros na reuni\u00e3o seguinte, em mar\u00e7o, finalizando o ciclo de alta de juros a 11,75% a.a. &#8211; podendo ser maior, com possibilidade de redu\u00e7\u00e3o ainda em 2022. Para 2023, o banco espera que a Selic encerre a 8,0% a.a..<\/p>\n<p>&#8220;Apesar desse cen\u00e1rio nos parecer claramente o mais prov\u00e1vel, a olhos de hoje, \u00e9 importante notar que for\u00e7as opostas atuar\u00e3o sobre as perspectivas para a pol\u00edtica monet\u00e1ria durante este ano&#8221;, diz o relat\u00f3rio. Entre os elementos que contribuem para uma postura restritiva est\u00e3o a infla\u00e7\u00e3o, que seguir\u00e1 pressionada, e um balan\u00e7o de riscos altista para o IPCA. Por outro lado, a perda de dinamismo da economia deve se acentuar ao longo do ano.<\/p>\n<p>Ao Suno Not\u00edcias, o Departamento Econ\u00f4mico do <strong>Santander<\/strong> (SANB11)\u00a0disse que espera um aumento de 1,5 p.p. nesta reuni\u00e3o e mais 1,5 p.p. na pr\u00f3xima, elevando a taxa b\u00e1sica de juros a 12,25% a.a., n\u00edvel que deve se manter at\u00e9 o fim de 2022.<\/p>\n<p>&#8220;Antecipamos uma composi\u00e7\u00e3o mais desfavor\u00e1vel para a infla\u00e7\u00e3o este ano, com itens mais ligados aos n\u00facleos de infla\u00e7\u00e3o ainda acelerando, e itens mais vol\u00e1teis (em teoria, menos importantes para a pol\u00edtica monet\u00e1ria) perdendo for\u00e7a&#8221;, projeta.<\/p>\n<p>Em relat\u00f3rio, o <strong>Banco Inter<\/strong> (BIDI11) avalia que, &#8220;apesar de acreditar que o fim do ciclo da Selic poderia j\u00e1 ser em fevereiro e em menor patamar&#8221;, o BC deve seguir com o plano de elevar novamente em 1,5 p.p. em fevereiro e em 0,5 p.p. em mar\u00e7o, encerrando o ciclo a 11,25% a.a..<\/p>\n<p>&#8220;A infla\u00e7\u00e3o j\u00e1 d\u00e1 sinais de desacelera\u00e7\u00e3o, e a defasagem da pol\u00edtica monet\u00e1ria ainda vai gerar forte impacto na atividade nos pr\u00f3ximos meses. Novas altas poderiam aguardar uma eventual revers\u00e3o desse cen\u00e1rio, ou devido \u00e0 piora no cen\u00e1rio externo ou nova crise pol\u00edtica fiscal que impactasse a taxa de cambio.&#8221;<\/p>\n<p>J\u00e1 o <strong>Banco da Amaz\u00f4nia<\/strong> discorda das proje\u00e7\u00f5es dos pares e mant\u00e9m um cen\u00e1rio menos duro. Segundo resposta ao Suno Not\u00edcias, &#8220;a expectativa do Banco da Amaz\u00f4nia \u00e9 de que a autoridade monet\u00e1ria aumentar\u00e1 a Selic em 1,0 p.p na pr\u00f3xima <a class=\"suno-keyword\" href=\"https:\/\/www.suno.com.br\/artigos\/copom\/\" target=\"_blank\" rel=\"noopener\" data-force=\"no\" data-priority=\"2\">reuni\u00e3o do Copom<\/a>, ou seja, diminuir\u00e1 um pouco a intensidade do ajuste em rela\u00e7\u00e3o \u00e0 decis\u00e3o anterior&#8221;.<\/p>\n<p>O banco estima que o conselho seguir\u00e1 com dois ajustes de 1,0 p.p. em fevereiro e mar\u00e7o e outro menor, de 0,5 p.p., em maio, elevando a taxa ao \u00e1pice de 11,75%. O cen\u00e1rio, contudo, deve se relaxar a partir de ent\u00e3o e a Selic fecharia o ano a 10,75%.<\/p>\n<p>O <strong>Bank of America<\/strong> estima que a reuni\u00e3o desta semana deve sacramentar mais um aumento de 1,5 p.p. e outro, de 0,5 p.p. em mar\u00e7o, elevando a taxa a 11,25%, com riscos altistas, entre eles a quest\u00e3o fiscal e as elei\u00e7\u00f5es presidenciais.<\/p>\n<p>&#8220;Esperamos que o Banco Central n\u00e3o ir\u00e1 se comprometer com mais um aumento de 1,5 p.p. na pr\u00f3xima reuni\u00e3o em mar\u00e7o&#8221;, afirma. &#8220;Na reuni\u00e3o seguinte, em maio, esperamos que a taxa de infla\u00e7\u00e3o anual esteja em decl\u00ednio consistente e a atividade econ\u00f4mica fraca. Al\u00e9m disso, esperamos tamb\u00e9m a normaliza\u00e7\u00e3o das bandeiras de energia. o que daria al\u00edvio ao aumento dos pre\u00e7os&#8221;, destaca o BofA.<\/p>\n<p><em>*Com Estad\u00e3o Conte\u00fado e Ag\u00eancia Brasil<\/em><br \/>\n<em>** Com Pedro Caramuru<\/em><\/p>\n\t<p>\n\t\t<a href=\"\" target=\"_blank\" data-element=\"shortcode-suno-banner\" title=\"Banner SUNO, clique e saiba mais\">\n\t\t\t<picture>\n\t\t\t\t<source media=\"(max-width: 500px)\" srcset=\"\">\n\t\t\t\t<img class=\"newsContent__article__imgCapa newsContent__article__imgCapa--banner\"\n\t\t\t\t\tsrc=\"\"\n\t\t\t\t\tdata-promo-id=\"184190\"\t\t\t\t\t\t\t\t\t\t\t\t\t\t\talt=\"\"\n\t\t\t\t>\n\t\t\t<\/picture>\n\t\t<\/a>\n\t<\/p>\n\n\n","protected":false},"excerpt":{"rendered":"<p>O Comit\u00ea de Pol\u00edtica Monet\u00e1ria (Copom), do Banco Central, divulga nesta quarta (2) a primeira decis\u00e3o sobre a taxa Selic em 2022. Com a alta da infla\u00e7\u00e3o, a expectativa un\u00e2nime no mercado de nova alta de 1,50 ponto porcentual, conforme as 59 institui\u00e7\u00f5es consultadas pelo Proje\u00e7\u00f5es Broadcast, a taxa b\u00e1sica de juros deve voltar aos [&hellip;]<\/p>\n","protected":false},"author":43,"featured_media":108211,"comment_status":"closed","ping_status":"closed","sticky":false,"template":"","format":"standard","meta":[],"categories":[62],"tags":[1842,1104,290],"suno_strategy":[],"class_list":["post-227627","post","type-post","status-publish","format-standard","has-post-thumbnail","hentry","category-economia","tag-banco-central-bc","tag-copom","tag-taxa-selic"],"yoast_head":"<!-- This site is optimized with the Yoast SEO plugin v24.4 - https:\/\/yoast.com\/wordpress\/plugins\/seo\/ -->\n<title>Copom: decis\u00e3o sai hoje; veja previs\u00f5es do mercado para a Selic<\/title>\n<meta name=\"description\" content=\"O Copom divulga nesta quarta (2) a primeira decis\u00e3o sobre a taxa Selic no ano. A expectativa un\u00e2nime no mercado \u00e9 de nova alta de 1,50 p.p\" \/>\n<meta name=\"robots\" content=\"index, follow, max-snippet:-1, max-image-preview:large, max-video-preview:-1\" \/>\n<link rel=\"canonical\" href=\"https:\/\/www.suno.com.br\/noticias\/copom-decisao-selic-previsoes\/\" \/>\n<meta property=\"og:locale\" content=\"pt_BR\" \/>\n<meta property=\"og:type\" content=\"article\" \/>\n<meta property=\"og:title\" content=\"Copom: decis\u00e3o sai hoje; veja previs\u00f5es do mercado para a Selic\" \/>\n<meta property=\"og:description\" content=\"O Copom divulga nesta quarta (2) a primeira decis\u00e3o sobre a taxa Selic no ano. A expectativa un\u00e2nime no mercado \u00e9 de nova alta de 1,50 p.p\" \/>\n<meta property=\"og:url\" content=\"https:\/\/www.suno.com.br\/noticias\/copom-decisao-selic-previsoes\/\" \/>\n<meta property=\"og:site_name\" content=\"Suno Not\u00edcias\" \/>\n<meta property=\"article:publisher\" content=\"https:\/\/facebook.com\/sunoresearch\" \/>\n<meta property=\"article:author\" content=\"https:\/\/www.facebook.com\/sunonoticias\/\" \/>\n<meta property=\"og:image\" content=\"https:\/\/files.sunoresearch.com.br\/n\/uploads\/2020\/12\/25147b78-copom.png\" \/>\n\t<meta property=\"og:image:width\" content=\"1890\" \/>\n\t<meta property=\"og:image:height\" content=\"1064\" \/>\n\t<meta property=\"og:image:type\" content=\"image\/png\" \/>\n<meta name=\"author\" content=\"Reda\u00e7\u00e3o Suno Not\u00edcias\" \/>\n<meta name=\"twitter:card\" content=\"summary_large_image\" \/>\n<meta name=\"twitter:creator\" content=\"@https:\/\/twitter.com\/sunoresearch\" \/>\n<meta name=\"twitter:site\" content=\"@sunoresearch\" \/>\n<meta name=\"twitter:label1\" content=\"Escrito por\" \/>\n\t<meta name=\"twitter:data1\" content=\"Reda\u00e7\u00e3o Suno Not\u00edcias\" \/>\n\t<meta name=\"twitter:label2\" content=\"Est. tempo de leitura\" \/>\n\t<meta name=\"twitter:data2\" content=\"9 minutos\" \/>\n<script type=\"application\/ld+json\" class=\"yoast-schema-graph\">{\"@context\":\"https:\/\/schema.org\",\"@graph\":[{\"@type\":\"NewsArticle\",\"@id\":\"https:\/\/www.suno.com.br\/noticias\/copom-decisao-selic-previsoes\/#article\",\"isPartOf\":{\"@id\":\"https:\/\/www.suno.com.br\/noticias\/copom-decisao-selic-previsoes\/\"},\"author\":{\"name\":\"Reda\u00e7\u00e3o Suno Not\u00edcias\",\"@id\":\"https:\/\/www.suno.com.br\/noticias\/#\/schema\/person\/c1b1bd3727fa852bd045e9dbff3673ea\"},\"headline\":\"Primeira decis\u00e3o do Copom em 2022 sai hoje; veja previs\u00f5es do mercado para a Selic\",\"datePublished\":\"2022-02-02T10:00:00+00:00\",\"dateModified\":\"2022-02-02T12:15:09+00:00\",\"mainEntityOfPage\":{\"@id\":\"https:\/\/www.suno.com.br\/noticias\/copom-decisao-selic-previsoes\/\"},\"wordCount\":2092,\"publisher\":{\"@id\":\"https:\/\/www.suno.com.br\/noticias\/#organization\"},\"image\":{\"@id\":\"https:\/\/www.suno.com.br\/noticias\/copom-decisao-selic-previsoes\/#primaryimage\"},\"thumbnailUrl\":\"https:\/\/files.sunoresearch.com.br\/n\/uploads\/2020\/12\/25147b78-copom-png.webp\",\"keywords\":[\"Banco Central (BC)\",\"Copom\",\"Taxa Selic\"],\"articleSection\":[\"Economia\"],\"inLanguage\":\"pt-BR\"},{\"@type\":\"WebPage\",\"@id\":\"https:\/\/www.suno.com.br\/noticias\/copom-decisao-selic-previsoes\/\",\"url\":\"https:\/\/www.suno.com.br\/noticias\/copom-decisao-selic-previsoes\/\",\"name\":\"Copom: decis\u00e3o sai hoje; veja previs\u00f5es do mercado para a Selic\",\"isPartOf\":{\"@id\":\"https:\/\/www.suno.com.br\/noticias\/#website\"},\"primaryImageOfPage\":{\"@id\":\"https:\/\/www.suno.com.br\/noticias\/copom-decisao-selic-previsoes\/#primaryimage\"},\"image\":{\"@id\":\"https:\/\/www.suno.com.br\/noticias\/copom-decisao-selic-previsoes\/#primaryimage\"},\"thumbnailUrl\":\"https:\/\/files.sunoresearch.com.br\/n\/uploads\/2020\/12\/25147b78-copom-png.webp\",\"datePublished\":\"2022-02-02T10:00:00+00:00\",\"dateModified\":\"2022-02-02T12:15:09+00:00\",\"description\":\"O Copom divulga nesta quarta (2) a primeira decis\u00e3o sobre a taxa Selic no ano. A expectativa un\u00e2nime no mercado \u00e9 de nova alta de 1,50 p.p\",\"breadcrumb\":{\"@id\":\"https:\/\/www.suno.com.br\/noticias\/copom-decisao-selic-previsoes\/#breadcrumb\"},\"inLanguage\":\"pt-BR\",\"potentialAction\":[{\"@type\":\"ReadAction\",\"target\":[\"https:\/\/www.suno.com.br\/noticias\/copom-decisao-selic-previsoes\/\"]}]},{\"@type\":\"ImageObject\",\"inLanguage\":\"pt-BR\",\"@id\":\"https:\/\/www.suno.com.br\/noticias\/copom-decisao-selic-previsoes\/#primaryimage\",\"url\":\"https:\/\/files.sunoresearch.com.br\/n\/uploads\/2020\/12\/25147b78-copom-png.webp\",\"contentUrl\":\"https:\/\/files.sunoresearch.com.br\/n\/uploads\/2020\/12\/25147b78-copom-png.webp\",\"width\":1890,\"height\":1064,\"caption\":\"Copom\"},{\"@type\":\"BreadcrumbList\",\"@id\":\"https:\/\/www.suno.com.br\/noticias\/copom-decisao-selic-previsoes\/#breadcrumb\",\"itemListElement\":[{\"@type\":\"ListItem\",\"position\":1,\"name\":\"Not\u00edcias\",\"item\":\"https:\/\/www.suno.com.br\/noticias\/\"},{\"@type\":\"ListItem\",\"position\":2,\"name\":\"Economia\",\"item\":\"https:\/\/www.suno.com.br\/noticias\/economia\/\"},{\"@type\":\"ListItem\",\"position\":3,\"name\":\"Primeira decis\u00e3o do Copom em 2022 sai hoje; veja previs\u00f5es do mercado para a Selic\"}]},{\"@type\":\"WebSite\",\"@id\":\"https:\/\/www.suno.com.br\/noticias\/#website\",\"url\":\"https:\/\/www.suno.com.br\/noticias\/\",\"name\":\"Suno Not\u00edcias\",\"description\":\"Seu portal de informa\u00e7\u00e3o sobre o mundo dos investimentos\",\"publisher\":{\"@id\":\"https:\/\/www.suno.com.br\/noticias\/#organization\"},\"potentialAction\":[{\"@type\":\"SearchAction\",\"target\":{\"@type\":\"EntryPoint\",\"urlTemplate\":\"https:\/\/www.suno.com.br\/noticias\/?s={search_term_string}\"},\"query-input\":{\"@type\":\"PropertyValueSpecification\",\"valueRequired\":true,\"valueName\":\"search_term_string\"}}],\"inLanguage\":\"pt-BR\"},{\"@type\":\"Organization\",\"@id\":\"https:\/\/www.suno.com.br\/noticias\/#organization\",\"name\":\"Suno Not\u00edcias\",\"url\":\"https:\/\/www.suno.com.br\/noticias\/\",\"logo\":{\"@type\":\"ImageObject\",\"inLanguage\":\"pt-BR\",\"@id\":\"https:\/\/www.suno.com.br\/noticias\/#\/schema\/logo\/image\/\",\"url\":\"https:\/\/files.sunoresearch.com.br\/n\/uploads\/2021\/09\/suno-logo.png\",\"contentUrl\":\"https:\/\/files.sunoresearch.com.br\/n\/uploads\/2021\/09\/suno-logo.png\",\"width\":180,\"height\":180,\"caption\":\"Suno Not\u00edcias\"},\"image\":{\"@id\":\"https:\/\/www.suno.com.br\/noticias\/#\/schema\/logo\/image\/\"},\"sameAs\":[\"https:\/\/facebook.com\/sunoresearch\",\"https:\/\/x.com\/sunoresearch\",\"https:\/\/www.instagram.com\/suno\",\"https:\/\/www.linkedin.com\/company\/suno-research\/\",\"https:\/\/www.youtube.com\/c\/sunoresearch\"]},{\"@type\":\"Person\",\"@id\":\"https:\/\/www.suno.com.br\/noticias\/#\/schema\/person\/c1b1bd3727fa852bd045e9dbff3673ea\",\"name\":\"Reda\u00e7\u00e3o Suno Not\u00edcias\",\"image\":{\"@type\":\"ImageObject\",\"inLanguage\":\"pt-BR\",\"@id\":\"https:\/\/www.suno.com.br\/noticias\/#\/schema\/person\/image\/\",\"url\":\"https:\/\/secure.gravatar.com\/avatar\/b8104b9b5a71985d5238ee59fbe418af?s=96&r=g\",\"contentUrl\":\"https:\/\/secure.gravatar.com\/avatar\/b8104b9b5a71985d5238ee59fbe418af?s=96&r=g\",\"caption\":\"Reda\u00e7\u00e3o Suno Not\u00edcias\"},\"description\":\"O Suno Not\u00edcias \u00e9 um portal de informa\u00e7\u00f5es sobre Mercado Financeiro, Pol\u00edtica, Neg\u00f3cios, Economia e Finan\u00e7as Pessoais.\",\"sameAs\":[\"https:\/\/www.suno.com.br\/noticias\",\"https:\/\/www.facebook.com\/sunonoticias\/\",\"https:\/\/www.instagram.com\/sunonoticias\/\",\"https:\/\/x.com\/https:\/\/twitter.com\/sunoresearch\",\"https:\/\/www.youtube.com\/sunonoticias\"],\"url\":\"https:\/\/www.suno.com.br\/noticias\/author\/redacao-suno\/\"}]}<\/script>\n<!-- \/ Yoast SEO plugin. -->","yoast_head_json":{"title":"Copom: decis\u00e3o sai hoje; veja previs\u00f5es do mercado para a Selic","description":"O Copom divulga nesta quarta (2) a primeira decis\u00e3o sobre a taxa Selic no ano. A expectativa un\u00e2nime no mercado \u00e9 de nova alta de 1,50 p.p","robots":{"index":"index","follow":"follow","max-snippet":"max-snippet:-1","max-image-preview":"max-image-preview:large","max-video-preview":"max-video-preview:-1"},"canonical":"https:\/\/www.suno.com.br\/noticias\/copom-decisao-selic-previsoes\/","og_locale":"pt_BR","og_type":"article","og_title":"Copom: decis\u00e3o sai hoje; veja previs\u00f5es do mercado para a Selic","og_description":"O Copom divulga nesta quarta (2) a primeira decis\u00e3o sobre a taxa Selic no ano. A expectativa un\u00e2nime no mercado \u00e9 de nova alta de 1,50 p.p","og_url":"https:\/\/www.suno.com.br\/noticias\/copom-decisao-selic-previsoes\/","og_site_name":"Suno Not\u00edcias","article_publisher":"https:\/\/facebook.com\/sunoresearch","article_author":"https:\/\/www.facebook.com\/sunonoticias\/","og_image":[{"width":1890,"height":1064,"url":"https:\/\/files.sunoresearch.com.br\/n\/uploads\/2020\/12\/25147b78-copom.png","type":"image\/png"}],"author":"Reda\u00e7\u00e3o Suno Not\u00edcias","twitter_card":"summary_large_image","twitter_creator":"@https:\/\/twitter.com\/sunoresearch","twitter_site":"@sunoresearch","twitter_misc":{"Escrito por":"Reda\u00e7\u00e3o Suno Not\u00edcias","Est. tempo de leitura":"9 minutos"},"schema":{"@context":"https:\/\/schema.org","@graph":[{"@type":"NewsArticle","@id":"https:\/\/www.suno.com.br\/noticias\/copom-decisao-selic-previsoes\/#article","isPartOf":{"@id":"https:\/\/www.suno.com.br\/noticias\/copom-decisao-selic-previsoes\/"},"author":{"name":"Reda\u00e7\u00e3o Suno Not\u00edcias","@id":"https:\/\/www.suno.com.br\/noticias\/#\/schema\/person\/c1b1bd3727fa852bd045e9dbff3673ea"},"headline":"Primeira decis\u00e3o do Copom em 2022 sai hoje; veja previs\u00f5es do mercado para a Selic","datePublished":"2022-02-02T10:00:00+00:00","dateModified":"2022-02-02T12:15:09+00:00","mainEntityOfPage":{"@id":"https:\/\/www.suno.com.br\/noticias\/copom-decisao-selic-previsoes\/"},"wordCount":2092,"publisher":{"@id":"https:\/\/www.suno.com.br\/noticias\/#organization"},"image":{"@id":"https:\/\/www.suno.com.br\/noticias\/copom-decisao-selic-previsoes\/#primaryimage"},"thumbnailUrl":"https:\/\/files.sunoresearch.com.br\/n\/uploads\/2020\/12\/25147b78-copom-png.webp","keywords":["Banco Central (BC)","Copom","Taxa Selic"],"articleSection":["Economia"],"inLanguage":"pt-BR"},{"@type":"WebPage","@id":"https:\/\/www.suno.com.br\/noticias\/copom-decisao-selic-previsoes\/","url":"https:\/\/www.suno.com.br\/noticias\/copom-decisao-selic-previsoes\/","name":"Copom: decis\u00e3o sai hoje; veja previs\u00f5es do mercado para a Selic","isPartOf":{"@id":"https:\/\/www.suno.com.br\/noticias\/#website"},"primaryImageOfPage":{"@id":"https:\/\/www.suno.com.br\/noticias\/copom-decisao-selic-previsoes\/#primaryimage"},"image":{"@id":"https:\/\/www.suno.com.br\/noticias\/copom-decisao-selic-previsoes\/#primaryimage"},"thumbnailUrl":"https:\/\/files.sunoresearch.com.br\/n\/uploads\/2020\/12\/25147b78-copom-png.webp","datePublished":"2022-02-02T10:00:00+00:00","dateModified":"2022-02-02T12:15:09+00:00","description":"O Copom divulga nesta quarta (2) a primeira decis\u00e3o sobre a taxa Selic no ano. A expectativa un\u00e2nime no mercado \u00e9 de nova alta de 1,50 p.p","breadcrumb":{"@id":"https:\/\/www.suno.com.br\/noticias\/copom-decisao-selic-previsoes\/#breadcrumb"},"inLanguage":"pt-BR","potentialAction":[{"@type":"ReadAction","target":["https:\/\/www.suno.com.br\/noticias\/copom-decisao-selic-previsoes\/"]}]},{"@type":"ImageObject","inLanguage":"pt-BR","@id":"https:\/\/www.suno.com.br\/noticias\/copom-decisao-selic-previsoes\/#primaryimage","url":"https:\/\/files.sunoresearch.com.br\/n\/uploads\/2020\/12\/25147b78-copom-png.webp","contentUrl":"https:\/\/files.sunoresearch.com.br\/n\/uploads\/2020\/12\/25147b78-copom-png.webp","width":1890,"height":1064,"caption":"Copom"},{"@type":"BreadcrumbList","@id":"https:\/\/www.suno.com.br\/noticias\/copom-decisao-selic-previsoes\/#breadcrumb","itemListElement":[{"@type":"ListItem","position":1,"name":"Not\u00edcias","item":"https:\/\/www.suno.com.br\/noticias\/"},{"@type":"ListItem","position":2,"name":"Economia","item":"https:\/\/www.suno.com.br\/noticias\/economia\/"},{"@type":"ListItem","position":3,"name":"Primeira decis\u00e3o do Copom em 2022 sai hoje; veja previs\u00f5es do mercado para a Selic"}]},{"@type":"WebSite","@id":"https:\/\/www.suno.com.br\/noticias\/#website","url":"https:\/\/www.suno.com.br\/noticias\/","name":"Suno Not\u00edcias","description":"Seu portal de informa\u00e7\u00e3o sobre o mundo dos investimentos","publisher":{"@id":"https:\/\/www.suno.com.br\/noticias\/#organization"},"potentialAction":[{"@type":"SearchAction","target":{"@type":"EntryPoint","urlTemplate":"https:\/\/www.suno.com.br\/noticias\/?s={search_term_string}"},"query-input":{"@type":"PropertyValueSpecification","valueRequired":true,"valueName":"search_term_string"}}],"inLanguage":"pt-BR"},{"@type":"Organization","@id":"https:\/\/www.suno.com.br\/noticias\/#organization","name":"Suno Not\u00edcias","url":"https:\/\/www.suno.com.br\/noticias\/","logo":{"@type":"ImageObject","inLanguage":"pt-BR","@id":"https:\/\/www.suno.com.br\/noticias\/#\/schema\/logo\/image\/","url":"https:\/\/files.sunoresearch.com.br\/n\/uploads\/2021\/09\/suno-logo.png","contentUrl":"https:\/\/files.sunoresearch.com.br\/n\/uploads\/2021\/09\/suno-logo.png","width":180,"height":180,"caption":"Suno Not\u00edcias"},"image":{"@id":"https:\/\/www.suno.com.br\/noticias\/#\/schema\/logo\/image\/"},"sameAs":["https:\/\/facebook.com\/sunoresearch","https:\/\/x.com\/sunoresearch","https:\/\/www.instagram.com\/suno","https:\/\/www.linkedin.com\/company\/suno-research\/","https:\/\/www.youtube.com\/c\/sunoresearch"]},{"@type":"Person","@id":"https:\/\/www.suno.com.br\/noticias\/#\/schema\/person\/c1b1bd3727fa852bd045e9dbff3673ea","name":"Reda\u00e7\u00e3o Suno Not\u00edcias","image":{"@type":"ImageObject","inLanguage":"pt-BR","@id":"https:\/\/www.suno.com.br\/noticias\/#\/schema\/person\/image\/","url":"https:\/\/secure.gravatar.com\/avatar\/b8104b9b5a71985d5238ee59fbe418af?s=96&r=g","contentUrl":"https:\/\/secure.gravatar.com\/avatar\/b8104b9b5a71985d5238ee59fbe418af?s=96&r=g","caption":"Reda\u00e7\u00e3o Suno Not\u00edcias"},"description":"O Suno Not\u00edcias \u00e9 um portal de informa\u00e7\u00f5es sobre Mercado Financeiro, Pol\u00edtica, Neg\u00f3cios, Economia e Finan\u00e7as Pessoais.","sameAs":["https:\/\/www.suno.com.br\/noticias","https:\/\/www.facebook.com\/sunonoticias\/","https:\/\/www.instagram.com\/sunonoticias\/","https:\/\/x.com\/https:\/\/twitter.com\/sunoresearch","https:\/\/www.youtube.com\/sunonoticias"],"url":"https:\/\/www.suno.com.br\/noticias\/author\/redacao-suno\/"}]}},"default_loop_html":"<div class=\"cardsPage__listCard__boxs\"><div class=\"cardsPage__listCard__boxs__img\"><a href=\"https:\/\/www.suno.com.br\/noticias\/ata-do-copom-fim-do-ciclo-altista-juros\/\"><img class=\"mask\" src=\"https:\/\/www.suno.com.br\/noticias\/wp-content\/themes\/suno\/resources\/images\/spotlight\/spotlight1img\/bg-mask.png\" alt=\"Image Mask\"\/><img src=\"https:\/\/files.sunoresearch.com.br\/n\/uploads\/2021\/11\/banco_central_sede-400x200.jpg\" alt=\"Ata do Copom sinaliza fim do ciclo altista dos juros em 11,75%, em 2022\"\/><\/a><span class=\"spotlightCategory\"><a href=\"https:\/\/www.suno.com.br\/noticias\/economia\/\">Economia<\/a><\/span><\/div><div class=\"cardsPage__listCard__boxs__content\"><a href=\"https:\/\/www.suno.com.br\/noticias\/ata-do-copom-fim-do-ciclo-altista-juros\/\"><h2 class=\"content__title\">Ata do Copom sinaliza fim do ciclo altista dos juros em 11,75%, em 2022<\/h2><\/a><div class=\"newsContent__article__meta\"><div class=\"newsContent__article__meta__authorBox\"><a href=\"https:\/\/www.suno.com.br\/noticias\/author\/monique-lima\/\" class=\"authorBox__avatar noMobi\"><img src=\"https:\/\/secure.gravatar.com\/avatar\/daee7f16d906c2e9ffed236206ca2c30?s=96&#038;r=g\" alt=\"Monique Lima\"><\/a><div class=\"authorBox__name\"><span>por\n\t\t\t<a href=\"https:\/\/www.suno.com.br\/noticias\/author\/monique-lima\/\"><span itemprop=\"author\">Monique Lima<\/span><\/a><\/span><time datetime=\"2021-12-14T08:47:50-03:00\" itemprop=\"datePublished\">14\/12\/2021 08:47<\/time><\/div><\/div><\/div><\/div><\/div>","single_layout":"posts","amp_enabled":true,"_links":{"self":[{"href":"https:\/\/www.suno.com.br\/noticias\/wp-json\/wp\/v2\/posts\/227627"}],"collection":[{"href":"https:\/\/www.suno.com.br\/noticias\/wp-json\/wp\/v2\/posts"}],"about":[{"href":"https:\/\/www.suno.com.br\/noticias\/wp-json\/wp\/v2\/types\/post"}],"author":[{"embeddable":true,"href":"https:\/\/www.suno.com.br\/noticias\/wp-json\/wp\/v2\/users\/43"}],"replies":[{"embeddable":true,"href":"https:\/\/www.suno.com.br\/noticias\/wp-json\/wp\/v2\/comments?post=227627"}],"version-history":[{"count":3,"href":"https:\/\/www.suno.com.br\/noticias\/wp-json\/wp\/v2\/posts\/227627\/revisions"}],"predecessor-version":[{"id":227724,"href":"https:\/\/www.suno.com.br\/noticias\/wp-json\/wp\/v2\/posts\/227627\/revisions\/227724"}],"wp:featuredmedia":[{"embeddable":true,"href":"https:\/\/www.suno.com.br\/noticias\/wp-json\/wp\/v2\/media\/108211"}],"wp:attachment":[{"href":"https:\/\/www.suno.com.br\/noticias\/wp-json\/wp\/v2\/media?parent=227627"}],"wp:term":[{"taxonomy":"category","embeddable":true,"href":"https:\/\/www.suno.com.br\/noticias\/wp-json\/wp\/v2\/categories?post=227627"},{"taxonomy":"post_tag","embeddable":true,"href":"https:\/\/www.suno.com.br\/noticias\/wp-json\/wp\/v2\/tags?post=227627"},{"taxonomy":"suno_strategy","embeddable":true,"href":"https:\/\/www.suno.com.br\/noticias\/wp-json\/wp\/v2\/suno_strategy?post=227627"}],"curies":[{"name":"wp","href":"https:\/\/api.w.org\/{rel}","templated":true}]}}