{"id":227381,"date":"2022-02-01T11:10:33","date_gmt":"2022-02-01T14:10:33","guid":{"rendered":"https:\/\/www.suno.com.br\/noticias\/?p=227381"},"modified":"2022-02-07T12:28:53","modified_gmt":"2022-02-07T15:28:53","slug":"caso-mxrf11-cvm-suspende-decisao","status":"publish","type":"post","link":"https:\/\/www.suno.com.br\/noticias\/caso-mxrf11-cvm-suspende-decisao\/","title":{"rendered":"Caso MXRF11: CVM suspende decis\u00e3o sobre fundo Maxi Renda"},"content":{"rendered":"<p>A <a class=\"suno-keyword\" href=\"https:\/\/www.suno.com.br\/artigos\/cvm\/\" target=\"_blank\" rel=\"noopener\" data-force=\"no\" data-priority=\"2\">Comiss\u00e3o de Valores Mobili\u00e1rios (CVM)<\/a> anunciou nesta ter\u00e7a-feira (1\u00ba) que suspendeu o efeito da decis\u00e3o sobre a distribui\u00e7\u00e3o de rendimentos pelo fundo imobili\u00e1rio Maxi Renda (<strong><a class=\"suno-keyword\" href=\"https:\/\/www.suno.com.br\/fundos-imobiliarios\/mxrf11\/\" target=\"_blank\" rel=\"noopener\" data-force=\"yes\" data-priority=\"2\">MXRF11<\/a><\/strong>), a pedido do administrador do Fundo, o BTG Pactual (BPAC11).<\/p>\t<div class=\"wrapper-featured-image\">\n\t\t<figure class=\"spotlightImg\">\n\n\t\t\t<picture>\n\t\t\t\t<source media=\"(max-width: 768px)\" srcset=\"https:\/\/files.sunoresearch.com.br\/n\/uploads\/2021\/06\/4362d560-architecture-2256489_1920-400x200.webp\">\n\t\t\t\t<img loading=\"lazy\" decoding=\"async\" class=\"newsContent__article__imgCapa lazyloadDisabled \" src=\"https:\/\/files.sunoresearch.com.br\/n\/uploads\/2021\/06\/4362d560-architecture-2256489_1920-800x450.webp\" width=\"800\" height=\"450\" alt=\"Caso MXRF11: CVM suspende decis\u00e3o sobre fundo Maxi Renda\" fetchpriority=high \/>\n\t\t\t<\/picture>\n\n\t\t\t<figcaption class=\"wp-caption-text wp-caption-text--show\">Maxi Renda (MXRF11): CVM reconhece que distribui\u00e7\u00e3o de dividendos do FII \u00e9 regular. Foto: Pixabay.<\/figcaption>\n\t\t<\/figure>\n\t<\/div>\n\n\n\t<p>\n\t\t<a href=\"https:\/\/lp.suno.com.br\/planilha-controle-gastos\/\" target=\"_blank\" data-element=\"shortcode-suno-banner\" title=\"Banner SUNO, clique e saiba mais\">\n\t\t\t<picture>\n\t\t\t\t<source media=\"(max-width: 500px)\" srcset=\"https:\/\/files.sunoresearch.com.br\/n\/uploads\/2023\/03\/400x300-Planilha-controle-de-gastos.png\">\n\t\t\t\t<img class=\"newsContent__article__imgCapa newsContent__article__imgCapa--banner\"\n\t\t\t\t\tsrc=\"https:\/\/files.sunoresearch.com.br\/n\/uploads\/2023\/03\/1420x240-Planilha-controle-de-gastos.png\"\n\t\t\t\t\tdata-promo-id=\"101751\"\t\t\t\t\t\t\t\t\t\twidth='1420' height='240'\t\t\t\t\talt=\"https:\/\/files.sunoresearch.com.br\/n\/uploads\/2023\/03\/1420x240-Planilha-controle-de-gastos.png\"\n\t\t\t\t>\n\t\t\t<\/picture>\n\t\t<\/a>\n\t<\/p>\n\n\n<p>Em nota, h\u00e1 pouco, a <strong>CVM<\/strong> informou que cessar\u00e1 o efeito suspensivo &#8211; e a decis\u00e3o voltar\u00e1 a valer -, caso n\u00e3o haja apresenta\u00e7\u00e3o do pedido de reconsidera\u00e7\u00e3o em at\u00e9 15 dias \u00fateis, ou se o colegiado deliberar pela rejei\u00e7\u00e3o ou n\u00e3o reconhecimento do pedido feito pela administra\u00e7\u00e3o do <strong>MXRF11<\/strong>.<\/p>\n<p>O pedido de suspens\u00e3o foi entregue \u00e0 CVM ontem e a decis\u00e3o, publicada hoje.<\/p>\n<blockquote class=\"twitter-tweet\" data-width=\"550\" data-dnt=\"true\">\n<p lang=\"pt\" dir=\"ltr\"><a href=\"https:\/\/twitter.com\/hashtag\/INFORMA%C3%87%C3%83O?src=hash&amp;ref_src=twsrc%5Etfw\">#INFORMA\u00c7\u00c3O<\/a> &#8211; Efeito suspensivo da decis\u00e3o do Colegiado de 21\/12\/2021 relativa \u00e0 distribui\u00e7\u00e3o de rendimentos por fundo de investimento imobili\u00e1rio &#8211; <a href=\"https:\/\/t.co\/1z4SWt43pD\">https:\/\/t.co\/1z4SWt43pD<\/a> <a href=\"https:\/\/t.co\/hXOocI2W3D\">pic.twitter.com\/hXOocI2W3D<\/a><\/p>\n<p>&mdash; CVM (@cvmgovbr) <a href=\"https:\/\/twitter.com\/cvmgovbr\/status\/1488488600933126144?ref_src=twsrc%5Etfw\">February 1, 2022<\/a><\/p><\/blockquote>\n<p><script async src=\"https:\/\/platform.twitter.com\/widgets.js\" charset=\"utf-8\"><\/script><\/p>\n\n\t<div data-element=\"shortcode-read-more\" class=\"readToo\">\n\t\t\t\t<ul class=\"readToo__list\">\n\t\t\t<li><a href=\"https:\/\/www.suno.com.br\/noticias\/cvm-caso-mxrf11-veja-analise-professor-baroni\/\">CVM est\u00e1 certa no caso do MXRF11? Veja an\u00e1lise do professor Baroni<\/a><\/li><li><a href=\"https:\/\/www.suno.com.br\/noticias\/decisao-cvm-dividendos-mxrf11-respostas\/\">Decis\u00e3o da CVM sobre os dividendos do MXRF11: 8 respostas para entender o caso<\/a><\/li><li><a href=\"https:\/\/www.suno.com.br\/noticias\/mxrf11-decisao-cvm-fundos-imobiliarios\/\">MXRF11: como a decis\u00e3o da CVM pode afetar os fundos imobili\u00e1rios?<\/a><\/li>\t\t<\/ul>\n\t<\/div>\n\n\n<p><iframe loading=\"lazy\" title=\"Caso MXRF11: CVM suspende decis\u00e3o | BREAKING NEWS\" width=\"1080\" height=\"608\" src=\"https:\/\/www.youtube.com\/embed\/KiZ1am-x_2Q?feature=oembed&#038;enablejsapi=1&#038;origin=https:\/\/www.suno.com.br\" frameborder=\"0\" allow=\"accelerometer; autoplay; clipboard-write; encrypted-media; gyroscope; picture-in-picture\" allowfullscreen><\/iframe><\/p>\n<h2>Relembre o caso MXRF11<\/h2>\n<p>No \u00faltimo dia 24 de janeiro, a comiss\u00e3o publicou <a class=\"suno-keyword\" href=\"https:\/\/www.suno.com.br\/artigos\/fato-relevante\/\" target=\"_blank\" rel=\"noopener\" data-force=\"no\" data-priority=\"1\">fato relevante<\/a> sobre decis\u00e3o tomada no fim de dezembro em que determina que a distribui\u00e7\u00e3o de <a class=\"suno-keyword\" href=\"https:\/\/www.suno.com.br\/guias\/dividendos\/\" target=\"_blank\" rel=\"noopener\" data-force=\"no\" data-priority=\"1\">dividendos<\/a> dos fundos imobili\u00e1rios n\u00e3o pode exceder o <strong><a class=\"suno-keyword\" href=\"https:\/\/www.suno.com.br\/artigos\/lucro-contabil\/\" target=\"_blank\" rel=\"noopener\" data-force=\"no\" data-priority=\"1\">lucro cont\u00e1bil<\/a><\/strong>.<\/p>\n<p>Segundo a CVM, a administra\u00e7\u00e3o do Maxi Renda, que \u00e9 feita pelo <strong>BTG Pactual<\/strong>, vinha distribuindo aos cotistas rendimentos com base no <strong>lucro caixa <\/strong>do Fundo,\u00a0mesmo quando estes valores excediam o lucro cont\u00e1bil.<\/p>\n<p>Para o \u00f3rg\u00e3o, a opera\u00e7\u00e3o do MXRF11 n\u00e3o \u00e9 proibida, mas n\u00e3o deveria ter sido feita na classifica\u00e7\u00e3o de rendimento e, sim, como <strong>amortiza\u00e7\u00e3o<\/strong> ou <strong>devolu\u00e7\u00e3o do capital investido pelos cotistas<\/strong>.<\/p>\n\t<p>\n\t\t<a href=\"\" target=\"_blank\" data-element=\"shortcode-suno-banner\" title=\"Banner SUNO, clique e saiba mais\">\n\t\t\t<picture>\n\t\t\t\t<source media=\"(max-width: 500px)\" srcset=\"\">\n\t\t\t\t<img class=\"newsContent__article__imgCapa newsContent__article__imgCapa--banner\"\n\t\t\t\t\tsrc=\"\"\n\t\t\t\t\tdata-promo-id=\"77014\"\t\t\t\t\t\t\t\t\t\t\t\t\t\t\talt=\"\"\n\t\t\t\t>\n\t\t\t<\/picture>\n\t\t<\/a>\n\t<\/p>\n\n\n<p>Em nota, na quinta-feira da \u00faltima semana, a CVM informou que a decis\u00e3o diz respeito a um caso espec\u00edfico, mas ressalta que o &#8220;entendimento ali manifestado, pode se aplicar aos <strong>demais fundos de investimento imobili\u00e1rio<\/strong> que tenham caracter\u00edsticas similares ao do caso analisado&#8221;.<\/p>\n<p>Para especialistas, a principal d\u00favida \u00e9 sobre como a distribui\u00e7\u00e3o de rendimentos ser\u00e1 feita no futuro.<\/p>\n<p>Segundo o Professor Marcos Baroni, especialista em Fundos Imobili\u00e1rios da Suno Research, a autarquia deve oferecer mais detalhamento sobre a decis\u00e3o que atinge o <strong>MXRF11<\/strong>, uma vez que deve impactar outros fundos, como o caso de FoFs, em que os administradores devem fazer ajustes para se enquadrarem.<\/p>\n\t<p>\n\t\t<a href=\"\" target=\"_blank\" data-element=\"shortcode-suno-banner\" title=\"Banner SUNO, clique e saiba mais\">\n\t\t\t<picture>\n\t\t\t\t<source media=\"(max-width: 500px)\" srcset=\"\">\n\t\t\t\t<img class=\"newsContent__article__imgCapa newsContent__article__imgCapa--banner\"\n\t\t\t\t\tsrc=\"\"\n\t\t\t\t\tdata-promo-id=\"77050\"\t\t\t\t\t\t\t\t\t\t\t\t\t\t\talt=\"\"\n\t\t\t\t>\n\t\t\t<\/picture>\n\t\t<\/a>\n\t<\/p>\n\n\n","protected":false},"excerpt":{"rendered":"<p>A Comiss\u00e3o de Valores Mobili\u00e1rios (CVM) anunciou nesta ter\u00e7a-feira (1\u00ba) que suspendeu o efeito da decis\u00e3o sobre a distribui\u00e7\u00e3o de rendimentos pelo fundo imobili\u00e1rio Maxi Renda (MXRF11), a pedido do administrador do Fundo, o BTG Pactual (BPAC11). Financiamento de im\u00f3veis: bancos s\u00f3 veem queda de juros no ano que vem. Foto: Pixabay Em nota, h\u00e1 [&hellip;]<\/p>\n","protected":false},"author":145,"featured_media":161669,"comment_status":"closed","ping_status":"closed","sticky":false,"template":"","format":"standard","meta":[],"categories":[66],"tags":[902,105816,104577,104804],"suno_strategy":[],"class_list":["post-227381","post","type-post","status-publish","format-standard","has-post-thumbnail","hentry","category-fiis","tag-comissao-de-valores-mobiliarios-cvm","tag-especialistas","tag-mxrf11","tag-proventos"],"yoast_head":"<!-- This site is optimized with the Yoast SEO plugin v24.4 - https:\/\/yoast.com\/wordpress\/plugins\/seo\/ -->\n<title>Caso MXRF11: CVM suspende decis\u00e3o sobre fundo Maxi Renda<\/title>\n<meta name=\"description\" content=\"A CVM comunicou h\u00e1 pouco a suspens\u00e3o da decis\u00e3o - pol\u00eamica - sobre o fundo Maxi Renda (MXRF11). Clique aqui e leia os detalhes.\" \/>\n<meta name=\"robots\" content=\"index, follow, max-snippet:-1, max-image-preview:large, max-video-preview:-1\" \/>\n<link rel=\"canonical\" href=\"https:\/\/www.suno.com.br\/noticias\/caso-mxrf11-cvm-suspende-decisao\/\" \/>\n<meta property=\"og:locale\" content=\"pt_BR\" \/>\n<meta property=\"og:type\" content=\"article\" \/>\n<meta property=\"og:title\" content=\"Caso MXRF11: CVM suspende decis\u00e3o sobre fundo Maxi Renda\" \/>\n<meta property=\"og:description\" content=\"A CVM comunicou h\u00e1 pouco a suspens\u00e3o da decis\u00e3o - pol\u00eamica - sobre o fundo Maxi Renda (MXRF11). Clique aqui e leia os detalhes.\" \/>\n<meta property=\"og:url\" content=\"https:\/\/www.suno.com.br\/noticias\/caso-mxrf11-cvm-suspende-decisao\/\" \/>\n<meta property=\"og:site_name\" content=\"Suno Not\u00edcias\" \/>\n<meta property=\"article:publisher\" content=\"https:\/\/facebook.com\/sunoresearch\" \/>\n<meta property=\"og:image\" content=\"https:\/\/files.sunoresearch.com.br\/n\/uploads\/2021\/06\/4362d560-architecture-2256489_1920.jpg\" \/>\n\t<meta property=\"og:image:width\" content=\"1920\" \/>\n\t<meta property=\"og:image:height\" content=\"1280\" \/>\n\t<meta property=\"og:image:type\" content=\"image\/jpeg\" \/>\n<meta name=\"author\" content=\"Pedro Caramuru\" \/>\n<meta name=\"twitter:card\" content=\"summary_large_image\" \/>\n<meta name=\"twitter:creator\" content=\"@sunoresearch\" \/>\n<meta name=\"twitter:site\" content=\"@sunoresearch\" \/>\n<meta name=\"twitter:label1\" content=\"Escrito por\" \/>\n\t<meta name=\"twitter:data1\" content=\"Pedro Caramuru\" \/>\n\t<meta name=\"twitter:label2\" content=\"Est. tempo de leitura\" \/>\n\t<meta name=\"twitter:data2\" content=\"2 minutos\" \/>\n<script type=\"application\/ld+json\" class=\"yoast-schema-graph\">{\"@context\":\"https:\/\/schema.org\",\"@graph\":[{\"@type\":\"NewsArticle\",\"@id\":\"https:\/\/www.suno.com.br\/noticias\/caso-mxrf11-cvm-suspende-decisao\/#article\",\"isPartOf\":{\"@id\":\"https:\/\/www.suno.com.br\/noticias\/caso-mxrf11-cvm-suspende-decisao\/\"},\"author\":{\"name\":\"Pedro Caramuru\",\"@id\":\"https:\/\/www.suno.com.br\/noticias\/#\/schema\/person\/8d020643938f12a823508eb0e5fda407\"},\"headline\":\"Caso MXRF11: CVM suspende decis\u00e3o sobre fundo Maxi Renda\",\"datePublished\":\"2022-02-01T14:10:33+00:00\",\"dateModified\":\"2022-02-07T15:28:53+00:00\",\"mainEntityOfPage\":{\"@id\":\"https:\/\/www.suno.com.br\/noticias\/caso-mxrf11-cvm-suspende-decisao\/\"},\"wordCount\":388,\"publisher\":{\"@id\":\"https:\/\/www.suno.com.br\/noticias\/#organization\"},\"image\":{\"@id\":\"https:\/\/www.suno.com.br\/noticias\/caso-mxrf11-cvm-suspende-decisao\/#primaryimage\"},\"thumbnailUrl\":\"https:\/\/files.sunoresearch.com.br\/n\/uploads\/2021\/06\/4362d560-architecture-2256489_1920-jpg.webp\",\"keywords\":[\"Comiss\u00e3o de Valores Mobili\u00e1rios (CVM)\",\"Especialistas\",\"MXRF11\",\"proventos\"],\"articleSection\":[\"FIIs\"],\"inLanguage\":\"pt-BR\"},{\"@type\":\"WebPage\",\"@id\":\"https:\/\/www.suno.com.br\/noticias\/caso-mxrf11-cvm-suspende-decisao\/\",\"url\":\"https:\/\/www.suno.com.br\/noticias\/caso-mxrf11-cvm-suspende-decisao\/\",\"name\":\"Caso MXRF11: CVM suspende decis\u00e3o sobre fundo Maxi Renda\",\"isPartOf\":{\"@id\":\"https:\/\/www.suno.com.br\/noticias\/#website\"},\"primaryImageOfPage\":{\"@id\":\"https:\/\/www.suno.com.br\/noticias\/caso-mxrf11-cvm-suspende-decisao\/#primaryimage\"},\"image\":{\"@id\":\"https:\/\/www.suno.com.br\/noticias\/caso-mxrf11-cvm-suspende-decisao\/#primaryimage\"},\"thumbnailUrl\":\"https:\/\/files.sunoresearch.com.br\/n\/uploads\/2021\/06\/4362d560-architecture-2256489_1920-jpg.webp\",\"datePublished\":\"2022-02-01T14:10:33+00:00\",\"dateModified\":\"2022-02-07T15:28:53+00:00\",\"description\":\"A CVM comunicou h\u00e1 pouco a suspens\u00e3o da decis\u00e3o - pol\u00eamica - sobre o fundo Maxi Renda (MXRF11). Clique aqui e leia os detalhes.\",\"breadcrumb\":{\"@id\":\"https:\/\/www.suno.com.br\/noticias\/caso-mxrf11-cvm-suspende-decisao\/#breadcrumb\"},\"inLanguage\":\"pt-BR\",\"potentialAction\":[{\"@type\":\"ReadAction\",\"target\":[\"https:\/\/www.suno.com.br\/noticias\/caso-mxrf11-cvm-suspende-decisao\/\"]}]},{\"@type\":\"ImageObject\",\"inLanguage\":\"pt-BR\",\"@id\":\"https:\/\/www.suno.com.br\/noticias\/caso-mxrf11-cvm-suspende-decisao\/#primaryimage\",\"url\":\"https:\/\/files.sunoresearch.com.br\/n\/uploads\/2021\/06\/4362d560-architecture-2256489_1920-jpg.webp\",\"contentUrl\":\"https:\/\/files.sunoresearch.com.br\/n\/uploads\/2021\/06\/4362d560-architecture-2256489_1920-jpg.webp\",\"width\":1920,\"height\":1280,\"caption\":\"Maxi Renda (MXRF11): CVM reconhece que distribui\u00e7\u00e3o de dividendos do FII \u00e9 regular. Foto: Pixabay.\"},{\"@type\":\"BreadcrumbList\",\"@id\":\"https:\/\/www.suno.com.br\/noticias\/caso-mxrf11-cvm-suspende-decisao\/#breadcrumb\",\"itemListElement\":[{\"@type\":\"ListItem\",\"position\":1,\"name\":\"Not\u00edcias\",\"item\":\"https:\/\/www.suno.com.br\/noticias\/\"},{\"@type\":\"ListItem\",\"position\":2,\"name\":\"FIIs\",\"item\":\"https:\/\/www.suno.com.br\/noticias\/fiis\/\"},{\"@type\":\"ListItem\",\"position\":3,\"name\":\"Caso MXRF11: CVM suspende decis\u00e3o sobre fundo Maxi Renda\"}]},{\"@type\":\"WebSite\",\"@id\":\"https:\/\/www.suno.com.br\/noticias\/#website\",\"url\":\"https:\/\/www.suno.com.br\/noticias\/\",\"name\":\"Suno Not\u00edcias\",\"description\":\"Seu portal de informa\u00e7\u00e3o sobre o mundo dos investimentos\",\"publisher\":{\"@id\":\"https:\/\/www.suno.com.br\/noticias\/#organization\"},\"potentialAction\":[{\"@type\":\"SearchAction\",\"target\":{\"@type\":\"EntryPoint\",\"urlTemplate\":\"https:\/\/www.suno.com.br\/noticias\/?s={search_term_string}\"},\"query-input\":{\"@type\":\"PropertyValueSpecification\",\"valueRequired\":true,\"valueName\":\"search_term_string\"}}],\"inLanguage\":\"pt-BR\"},{\"@type\":\"Organization\",\"@id\":\"https:\/\/www.suno.com.br\/noticias\/#organization\",\"name\":\"Suno Not\u00edcias\",\"url\":\"https:\/\/www.suno.com.br\/noticias\/\",\"logo\":{\"@type\":\"ImageObject\",\"inLanguage\":\"pt-BR\",\"@id\":\"https:\/\/www.suno.com.br\/noticias\/#\/schema\/logo\/image\/\",\"url\":\"https:\/\/files.sunoresearch.com.br\/n\/uploads\/2021\/09\/suno-logo.png\",\"contentUrl\":\"https:\/\/files.sunoresearch.com.br\/n\/uploads\/2021\/09\/suno-logo.png\",\"width\":180,\"height\":180,\"caption\":\"Suno Not\u00edcias\"},\"image\":{\"@id\":\"https:\/\/www.suno.com.br\/noticias\/#\/schema\/logo\/image\/\"},\"sameAs\":[\"https:\/\/facebook.com\/sunoresearch\",\"https:\/\/x.com\/sunoresearch\",\"https:\/\/www.instagram.com\/suno\",\"https:\/\/www.linkedin.com\/company\/suno-research\/\",\"https:\/\/www.youtube.com\/c\/sunoresearch\"]},{\"@type\":\"Person\",\"@id\":\"https:\/\/www.suno.com.br\/noticias\/#\/schema\/person\/8d020643938f12a823508eb0e5fda407\",\"name\":\"Pedro Caramuru\",\"image\":{\"@type\":\"ImageObject\",\"inLanguage\":\"pt-BR\",\"@id\":\"https:\/\/www.suno.com.br\/noticias\/#\/schema\/person\/image\/\",\"url\":\"https:\/\/secure.gravatar.com\/avatar\/1a3f15d3553507ae7a2debc6ea0ad87b?s=96&r=g\",\"contentUrl\":\"https:\/\/secure.gravatar.com\/avatar\/1a3f15d3553507ae7a2debc6ea0ad87b?s=96&r=g\",\"caption\":\"Pedro Caramuru\"},\"description\":\"Rep\u00f3rter de economia, mercado e pol\u00edtica brasileira para o Suno Not\u00edcias. Formado em jornalismo. J\u00e1 escreveu sobre pol\u00edtica e mercados internacionais para o Broadcast e Estad\u00e3o.\",\"url\":\"https:\/\/www.suno.com.br\/noticias\/author\/pedro-caramurusuno-com-br\/\"}]}<\/script>\n<!-- \/ Yoast SEO plugin. -->","yoast_head_json":{"title":"Caso MXRF11: CVM suspende decis\u00e3o sobre fundo Maxi Renda","description":"A CVM comunicou h\u00e1 pouco a suspens\u00e3o da decis\u00e3o - pol\u00eamica - sobre o fundo Maxi Renda (MXRF11). Clique aqui e leia os detalhes.","robots":{"index":"index","follow":"follow","max-snippet":"max-snippet:-1","max-image-preview":"max-image-preview:large","max-video-preview":"max-video-preview:-1"},"canonical":"https:\/\/www.suno.com.br\/noticias\/caso-mxrf11-cvm-suspende-decisao\/","og_locale":"pt_BR","og_type":"article","og_title":"Caso MXRF11: CVM suspende decis\u00e3o sobre fundo Maxi Renda","og_description":"A CVM comunicou h\u00e1 pouco a suspens\u00e3o da decis\u00e3o - pol\u00eamica - sobre o fundo Maxi Renda (MXRF11). Clique aqui e leia os detalhes.","og_url":"https:\/\/www.suno.com.br\/noticias\/caso-mxrf11-cvm-suspende-decisao\/","og_site_name":"Suno Not\u00edcias","article_publisher":"https:\/\/facebook.com\/sunoresearch","og_image":[{"width":1920,"height":1280,"url":"https:\/\/files.sunoresearch.com.br\/n\/uploads\/2021\/06\/4362d560-architecture-2256489_1920.jpg","type":"image\/jpeg"}],"author":"Pedro Caramuru","twitter_card":"summary_large_image","twitter_creator":"@sunoresearch","twitter_site":"@sunoresearch","twitter_misc":{"Escrito por":"Pedro Caramuru","Est. tempo de leitura":"2 minutos"},"schema":{"@context":"https:\/\/schema.org","@graph":[{"@type":"NewsArticle","@id":"https:\/\/www.suno.com.br\/noticias\/caso-mxrf11-cvm-suspende-decisao\/#article","isPartOf":{"@id":"https:\/\/www.suno.com.br\/noticias\/caso-mxrf11-cvm-suspende-decisao\/"},"author":{"name":"Pedro Caramuru","@id":"https:\/\/www.suno.com.br\/noticias\/#\/schema\/person\/8d020643938f12a823508eb0e5fda407"},"headline":"Caso MXRF11: CVM suspende decis\u00e3o sobre fundo Maxi Renda","datePublished":"2022-02-01T14:10:33+00:00","dateModified":"2022-02-07T15:28:53+00:00","mainEntityOfPage":{"@id":"https:\/\/www.suno.com.br\/noticias\/caso-mxrf11-cvm-suspende-decisao\/"},"wordCount":388,"publisher":{"@id":"https:\/\/www.suno.com.br\/noticias\/#organization"},"image":{"@id":"https:\/\/www.suno.com.br\/noticias\/caso-mxrf11-cvm-suspende-decisao\/#primaryimage"},"thumbnailUrl":"https:\/\/files.sunoresearch.com.br\/n\/uploads\/2021\/06\/4362d560-architecture-2256489_1920-jpg.webp","keywords":["Comiss\u00e3o de Valores Mobili\u00e1rios (CVM)","Especialistas","MXRF11","proventos"],"articleSection":["FIIs"],"inLanguage":"pt-BR"},{"@type":"WebPage","@id":"https:\/\/www.suno.com.br\/noticias\/caso-mxrf11-cvm-suspende-decisao\/","url":"https:\/\/www.suno.com.br\/noticias\/caso-mxrf11-cvm-suspende-decisao\/","name":"Caso MXRF11: CVM suspende decis\u00e3o sobre fundo Maxi Renda","isPartOf":{"@id":"https:\/\/www.suno.com.br\/noticias\/#website"},"primaryImageOfPage":{"@id":"https:\/\/www.suno.com.br\/noticias\/caso-mxrf11-cvm-suspende-decisao\/#primaryimage"},"image":{"@id":"https:\/\/www.suno.com.br\/noticias\/caso-mxrf11-cvm-suspende-decisao\/#primaryimage"},"thumbnailUrl":"https:\/\/files.sunoresearch.com.br\/n\/uploads\/2021\/06\/4362d560-architecture-2256489_1920-jpg.webp","datePublished":"2022-02-01T14:10:33+00:00","dateModified":"2022-02-07T15:28:53+00:00","description":"A CVM comunicou h\u00e1 pouco a suspens\u00e3o da decis\u00e3o - pol\u00eamica - sobre o fundo Maxi Renda (MXRF11). Clique aqui e leia os detalhes.","breadcrumb":{"@id":"https:\/\/www.suno.com.br\/noticias\/caso-mxrf11-cvm-suspende-decisao\/#breadcrumb"},"inLanguage":"pt-BR","potentialAction":[{"@type":"ReadAction","target":["https:\/\/www.suno.com.br\/noticias\/caso-mxrf11-cvm-suspende-decisao\/"]}]},{"@type":"ImageObject","inLanguage":"pt-BR","@id":"https:\/\/www.suno.com.br\/noticias\/caso-mxrf11-cvm-suspende-decisao\/#primaryimage","url":"https:\/\/files.sunoresearch.com.br\/n\/uploads\/2021\/06\/4362d560-architecture-2256489_1920-jpg.webp","contentUrl":"https:\/\/files.sunoresearch.com.br\/n\/uploads\/2021\/06\/4362d560-architecture-2256489_1920-jpg.webp","width":1920,"height":1280,"caption":"Maxi Renda (MXRF11): CVM reconhece que distribui\u00e7\u00e3o de dividendos do FII \u00e9 regular. Foto: Pixabay."},{"@type":"BreadcrumbList","@id":"https:\/\/www.suno.com.br\/noticias\/caso-mxrf11-cvm-suspende-decisao\/#breadcrumb","itemListElement":[{"@type":"ListItem","position":1,"name":"Not\u00edcias","item":"https:\/\/www.suno.com.br\/noticias\/"},{"@type":"ListItem","position":2,"name":"FIIs","item":"https:\/\/www.suno.com.br\/noticias\/fiis\/"},{"@type":"ListItem","position":3,"name":"Caso MXRF11: CVM suspende decis\u00e3o sobre fundo Maxi Renda"}]},{"@type":"WebSite","@id":"https:\/\/www.suno.com.br\/noticias\/#website","url":"https:\/\/www.suno.com.br\/noticias\/","name":"Suno Not\u00edcias","description":"Seu portal de informa\u00e7\u00e3o sobre o mundo dos investimentos","publisher":{"@id":"https:\/\/www.suno.com.br\/noticias\/#organization"},"potentialAction":[{"@type":"SearchAction","target":{"@type":"EntryPoint","urlTemplate":"https:\/\/www.suno.com.br\/noticias\/?s={search_term_string}"},"query-input":{"@type":"PropertyValueSpecification","valueRequired":true,"valueName":"search_term_string"}}],"inLanguage":"pt-BR"},{"@type":"Organization","@id":"https:\/\/www.suno.com.br\/noticias\/#organization","name":"Suno Not\u00edcias","url":"https:\/\/www.suno.com.br\/noticias\/","logo":{"@type":"ImageObject","inLanguage":"pt-BR","@id":"https:\/\/www.suno.com.br\/noticias\/#\/schema\/logo\/image\/","url":"https:\/\/files.sunoresearch.com.br\/n\/uploads\/2021\/09\/suno-logo.png","contentUrl":"https:\/\/files.sunoresearch.com.br\/n\/uploads\/2021\/09\/suno-logo.png","width":180,"height":180,"caption":"Suno Not\u00edcias"},"image":{"@id":"https:\/\/www.suno.com.br\/noticias\/#\/schema\/logo\/image\/"},"sameAs":["https:\/\/facebook.com\/sunoresearch","https:\/\/x.com\/sunoresearch","https:\/\/www.instagram.com\/suno","https:\/\/www.linkedin.com\/company\/suno-research\/","https:\/\/www.youtube.com\/c\/sunoresearch"]},{"@type":"Person","@id":"https:\/\/www.suno.com.br\/noticias\/#\/schema\/person\/8d020643938f12a823508eb0e5fda407","name":"Pedro Caramuru","image":{"@type":"ImageObject","inLanguage":"pt-BR","@id":"https:\/\/www.suno.com.br\/noticias\/#\/schema\/person\/image\/","url":"https:\/\/secure.gravatar.com\/avatar\/1a3f15d3553507ae7a2debc6ea0ad87b?s=96&r=g","contentUrl":"https:\/\/secure.gravatar.com\/avatar\/1a3f15d3553507ae7a2debc6ea0ad87b?s=96&r=g","caption":"Pedro Caramuru"},"description":"Rep\u00f3rter de economia, mercado e pol\u00edtica brasileira para o Suno Not\u00edcias. Formado em jornalismo. J\u00e1 escreveu sobre pol\u00edtica e mercados internacionais para o Broadcast e Estad\u00e3o.","url":"https:\/\/www.suno.com.br\/noticias\/author\/pedro-caramurusuno-com-br\/"}]}},"default_loop_html":"<div class=\"cardsPage__listCard__boxs\"><div class=\"cardsPage__listCard__boxs__img\"><a href=\"https:\/\/www.suno.com.br\/noticias\/mxrf11-decisao-cvm-fundos-imobiliarios\/\"><img class=\"mask\" src=\"https:\/\/www.suno.com.br\/noticias\/wp-content\/themes\/suno\/resources\/images\/spotlight\/spotlight1img\/bg-mask.png\" alt=\"Image Mask\"\/><img src=\"https:\/\/files.sunoresearch.com.br\/n\/uploads\/2021\/10\/buildings-gdfb1db6cd_1280-400x200.jpg\" alt=\"MXRF11: como a decis\u00e3o da CVM pode afetar os fundos imobili\u00e1rios?\"\/><\/a><span class=\"spotlightCategory\"><a href=\"https:\/\/www.suno.com.br\/noticias\/fiis\/\">FIIs<\/a><\/span><\/div><div class=\"cardsPage__listCard__boxs__content\"><a href=\"https:\/\/www.suno.com.br\/noticias\/mxrf11-decisao-cvm-fundos-imobiliarios\/\"><h2 class=\"content__title\">MXRF11: como a decis\u00e3o da CVM pode afetar os fundos imobili\u00e1rios?<\/h2><\/a><div class=\"newsContent__article__meta\"><div class=\"newsContent__article__meta__authorBox\"><a href=\"https:\/\/www.suno.com.br\/noticias\/author\/monique-lima\/\" class=\"authorBox__avatar noMobi\"><img src=\"https:\/\/secure.gravatar.com\/avatar\/daee7f16d906c2e9ffed236206ca2c30?s=96&#038;r=g\" alt=\"Monique Lima\"><\/a><div class=\"authorBox__name\"><span>por\n\t\t\t<a href=\"https:\/\/www.suno.com.br\/noticias\/author\/monique-lima\/\"><span itemprop=\"author\">Monique Lima<\/span><\/a><\/span><time datetime=\"2022-01-26T17:04:17-03:00\" itemprop=\"datePublished\">26\/01\/2022 17:04<\/time><\/div><\/div><\/div><\/div><\/div>","single_layout":"posts","amp_enabled":true,"_links":{"self":[{"href":"https:\/\/www.suno.com.br\/noticias\/wp-json\/wp\/v2\/posts\/227381"}],"collection":[{"href":"https:\/\/www.suno.com.br\/noticias\/wp-json\/wp\/v2\/posts"}],"about":[{"href":"https:\/\/www.suno.com.br\/noticias\/wp-json\/wp\/v2\/types\/post"}],"author":[{"embeddable":true,"href":"https:\/\/www.suno.com.br\/noticias\/wp-json\/wp\/v2\/users\/145"}],"replies":[{"embeddable":true,"href":"https:\/\/www.suno.com.br\/noticias\/wp-json\/wp\/v2\/comments?post=227381"}],"version-history":[{"count":3,"href":"https:\/\/www.suno.com.br\/noticias\/wp-json\/wp\/v2\/posts\/227381\/revisions"}],"predecessor-version":[{"id":227591,"href":"https:\/\/www.suno.com.br\/noticias\/wp-json\/wp\/v2\/posts\/227381\/revisions\/227591"}],"wp:featuredmedia":[{"embeddable":true,"href":"https:\/\/www.suno.com.br\/noticias\/wp-json\/wp\/v2\/media\/161669"}],"wp:attachment":[{"href":"https:\/\/www.suno.com.br\/noticias\/wp-json\/wp\/v2\/media?parent=227381"}],"wp:term":[{"taxonomy":"category","embeddable":true,"href":"https:\/\/www.suno.com.br\/noticias\/wp-json\/wp\/v2\/categories?post=227381"},{"taxonomy":"post_tag","embeddable":true,"href":"https:\/\/www.suno.com.br\/noticias\/wp-json\/wp\/v2\/tags?post=227381"},{"taxonomy":"suno_strategy","embeddable":true,"href":"https:\/\/www.suno.com.br\/noticias\/wp-json\/wp\/v2\/suno_strategy?post=227381"}],"curies":[{"name":"wp","href":"https:\/\/api.w.org\/{rel}","templated":true}]}}