{"id":22733,"date":"2019-04-30T08:44:23","date_gmt":"2019-04-30T11:44:23","guid":{"rendered":"https:\/\/www.suno.com.br\/noticias\/?p=22733"},"modified":"2019-04-30T08:44:23","modified_gmt":"2019-04-30T11:44:23","slug":"funcionarios-ford-acordo-abc","status":"publish","type":"post","link":"https:\/\/www.suno.com.br\/noticias\/funcionarios-ford-acordo-abc\/","title":{"rendered":"Funcion\u00e1rios e Ford chegam a acordo para fechamento de f\u00e1brica no ABC"},"content":{"rendered":"<p>Funcion\u00e1rios da Ford em S\u00e3o Bernardo do Campo aprovaram um acordo com a montadora para serem compensados pelo fechamento da unidade.<\/p>\t<div class=\"wrapper-featured-image\">\n\t\t<figure class=\"spotlightImg\">\n\n\t\t\t<picture>\n\t\t\t\t<source media=\"(max-width: 768px)\" srcset=\"https:\/\/files.sunoresearch.com.br\/n\/uploads\/2019\/02\/64b78711-ford-400x200.webp\">\n\t\t\t\t<img loading=\"lazy\" decoding=\"async\" class=\"newsContent__article__imgCapa lazyloadDisabled newsContent__article__imgCapa--noCaption\" src=\"https:\/\/files.sunoresearch.com.br\/n\/uploads\/2019\/02\/64b78711-ford-800x450.webp\" width=\"800\" height=\"450\" alt=\"Funcion\u00e1rios e Ford chegam a acordo para fechamento de f\u00e1brica no ABC\" fetchpriority=high \/>\n\t\t\t<\/picture>\n\n\t\t\t<figcaption class=\"wp-caption-text wp-caption-text--hide\">Caoa s\u00f3 vai investir na f\u00e1brica da Ford em SP se incertezas sobre economia diminu\u00edrem. (divulga\u00e7\u00e3o)<\/figcaption>\n\t\t<\/figure>\n\t<\/div>\n\n\n<p>Acordo entre os funcion\u00e1rios e a <strong>Ford<\/strong> foi realizado nesta ter\u00e7a-feira (30). No entanto, ele contempla tr\u00eas pontos:<\/p>\n<ul>\n<li>Demiss\u00e3o incentivada;<\/li>\n<li>Programa de requalifica\u00e7\u00e3o profissional;<\/li>\n<li>Apoio Psicol\u00f3gico aos trabalhadores.<\/li>\n<\/ul>\n<p>Al\u00e9m disso, foi pautado uma poss\u00edvel antecipa\u00e7\u00e3o das atividades de manufatura, mas isso ter\u00e1 de ser negociado com o potencial comprador da planta.<\/p>\n<p>O acordo foi negociado entre a Ford e o Sindicato dos Metal\u00fargicos do ABC.<\/p>\n\t<p>\n\t\t<a href=\"https:\/\/lp.suno.com.br\/ebook-gratuito-investindo-no-exterior\/\" target=\"_blank\" data-element=\"shortcode-suno-banner\" title=\"Banner SUNO, clique e saiba mais\">\n\t\t\t<picture>\n\t\t\t\t<source media=\"(max-width: 500px)\" srcset=\"https:\/\/files.sunoresearch.com.br\/n\/uploads\/2023\/03\/400x300-Investindo-no-exterior.png\">\n\t\t\t\t<img class=\"newsContent__article__imgCapa newsContent__article__imgCapa--banner\"\n\t\t\t\t\tsrc=\"https:\/\/files.sunoresearch.com.br\/n\/uploads\/2023\/03\/1420x240-Investindo-no-exterior.png\"\n\t\t\t\t\tdata-promo-id=\"383161\"\t\t\t\t\t\t\t\t\t\twidth='1420' height='240'\t\t\t\t\talt=\"https:\/\/files.sunoresearch.com.br\/n\/uploads\/2023\/03\/1420x240-Investindo-no-exterior.png\"\n\t\t\t\t>\n\t\t\t<\/picture>\n\t\t<\/a>\n\t<\/p>\n\n\n<h2>Fim das atividades da Ford<\/h2>\n<p>At\u00e9 o momento, o fechamento da f\u00e1brica est\u00e1 previsto para o fim deste ano. No entanto, caso haja uma negocia\u00e7\u00e3o positiva com um poss\u00edvel comprador, o v\u00ednculo dos funcion\u00e1rios dever\u00e1 acabar antes.<\/p>\n<p>A Ford havia anunciado em fevereiro deste ano a inten\u00e7\u00e3o de fechar sua f\u00e1brica de caminh\u00f5es em S\u00e3o Bernardo do Campo, por conta da sa\u00edda mundial do setor. O an\u00fancio teve forte impacto e o governador de S\u00e3o Paulo, Jo\u00e3o Doria pediu que a Ford voltasse a negocia a venda da unidade.<\/p>\n<h2>Potencial comprador<\/h2>\n<p>As negocia\u00e7\u00f5es entre o distribuidor Grupo <strong>Caoa<\/strong> e a Ford Motor Company continuam, ap\u00f3s dois meses desde o an\u00fancio do fechamento da f\u00e1brica em S\u00e3o Bernardo do Campo da montadora.<\/p>\n<p>Os funcion\u00e1rios da f\u00e1brica da empresa entraram em greve ap\u00f3s o an\u00fancio do fechamento, at\u00e9 2 de abril. Agora ativa, a unidade de<strong> S\u00e3o Bernardo do Campo<\/strong> continuar\u00e1 produzindo at\u00e9 novembro de 2019.<\/p>\n<h3>Caoa quer produzir<\/h3>\n<p>Conforme o &#8220;Estado de S. Paulo&#8221;, o grupo <strong>Caoa<\/strong> tem a pretens\u00e3o de produzir, em <strong>S\u00e3o Bernardo do Campo<\/strong>, caminh\u00f5es leves da norte-americana\u00a0e <strong>caminh\u00f5es<\/strong> pesados da linha Xcient, da sul-coreana <strong>Hyundai<\/strong>.<\/p>\n<p>A apura\u00e7\u00e3o do jornal revelou que o produto mais cotado para ser o primeiro a ser produzido \u00e9 o cavalo mec\u00e2nico P440, da sul-coreana.<\/p>\n<p><a href=\"https:\/\/www.suno.com.br\/noticias\/ford-caoa-acordo-conheca\/\">Saiba mais:\u00a0Ford ainda n\u00e3o fechou acordo com Caoa; conhe\u00e7a o poss\u00edvel comprador<\/a><\/p>\n<p>O Grupo Caoa \u00e9 o distribuidor das marcas Ford, Subaru, <strong>Hyundai<\/strong> e da chinesa Chery no Brasil, e j\u00e1 possui duas f\u00e1bricas pr\u00f3prias em:<\/p>\n<ul>\n<li>An\u00e1polis (GO): montagem de modelos da Hyundai e da Chery.<\/li>\n<li>Jacare\u00ed (SP): a f\u00e1brica \u00e9 conjunta com a Chery, ap\u00f3s aquisi\u00e7\u00e3o de 50,7% das opera\u00e7\u00f5es da chinesa.<\/li>\n<\/ul>\n<p>Atualmente, a f\u00e1brica\u00a0de S\u00e3o Bernardo do Campo \u00e9 respons\u00e1vel pela fabrica\u00e7\u00e3o de:<\/p>\n<ul>\n<li>Caminh\u00f5es Cargo;<\/li>\n<li>Linhas F-350 e F-4000;<\/li>\n<li>Fiesta.<\/li>\n<\/ul>\n<h3>O que trava o neg\u00f3cio?<\/h3>\n<p>De acordo com a &#8220;Exame&#8221;, o mercado automotivo tem d\u00favidas sobre o fechamento de neg\u00f3cio entre a Ford e a Caoa, pois:<\/p>\n<ol>\n<li>A <strong>Caoa<\/strong> j\u00e1 possui duas <strong>f\u00e1bricas<\/strong>.<\/li>\n<li>A Ford decidiu deixar o mercado de <strong>caminh\u00f5es<\/strong> pelos preju\u00edzos que o setor apresentou na Am\u00e9rica Latina.<\/li>\n<li>Os motores atuais dos caminh\u00f5es <strong>Ford<\/strong> expiram em 2022. Os motores novos devem chegar em 2023. Assim, a Caoa teria apenas dois ou tr\u00eas anos para vender os atuais modelos Ford.<\/li>\n<\/ol>\n","protected":false},"excerpt":{"rendered":"<p>Funcion\u00e1rios da Ford em S\u00e3o Bernardo do Campo aprovaram um acordo com a montadora para serem compensados pelo fechamento da unidade. Caoa s\u00f3 vai investir na f\u00e1brica da Ford em SP se incertezas sobre economia diminu\u00edrem. (divulga\u00e7\u00e3o) Acordo entre os funcion\u00e1rios e a Ford foi realizado nesta ter\u00e7a-feira (30). No entanto, ele contempla tr\u00eas pontos: [&hellip;]<\/p>\n","protected":false},"author":11,"featured_media":16031,"comment_status":"closed","ping_status":"closed","sticky":false,"template":"","format":"standard","meta":[],"categories":[64],"tags":[870],"suno_strategy":[],"class_list":["post-22733","post","type-post","status-publish","format-standard","has-post-thumbnail","hentry","category-negocios","tag-ford-fdmo34"],"yoast_head":"<!-- This site is optimized with the Yoast SEO plugin v24.4 - https:\/\/yoast.com\/wordpress\/plugins\/seo\/ -->\n<title>Funcion\u00e1rios e Ford chegam a acordo para fechamento de f\u00e1brica no ABC<\/title>\n<meta name=\"description\" content=\"A Ford informou o fechamento da planta ainda em fevereiro; Funcion\u00e1rios e empresa negociaram compensa\u00e7\u00e3o. Clique para saber mais.\" \/>\n<meta name=\"robots\" content=\"index, follow, max-snippet:-1, max-image-preview:large, max-video-preview:-1\" \/>\n<link rel=\"canonical\" href=\"https:\/\/www.suno.com.br\/noticias\/funcionarios-ford-acordo-abc\/\" \/>\n<meta property=\"og:locale\" content=\"pt_BR\" \/>\n<meta property=\"og:type\" content=\"article\" \/>\n<meta property=\"og:title\" content=\"Funcion\u00e1rios e Ford chegam a acordo para fechamento de f\u00e1brica no ABC\" \/>\n<meta property=\"og:description\" content=\"A Ford informou o fechamento da planta ainda em fevereiro; Funcion\u00e1rios e empresa negociaram compensa\u00e7\u00e3o. Clique para saber mais.\" \/>\n<meta property=\"og:url\" content=\"https:\/\/www.suno.com.br\/noticias\/funcionarios-ford-acordo-abc\/\" \/>\n<meta property=\"og:site_name\" content=\"Suno Not\u00edcias\" \/>\n<meta property=\"article:publisher\" content=\"https:\/\/facebook.com\/sunoresearch\" \/>\n<meta property=\"og:image\" content=\"https:\/\/files.sunoresearch.com.br\/n\/uploads\/2019\/02\/64b78711-ford.jpg\" \/>\n\t<meta property=\"og:image:width\" content=\"1440\" \/>\n\t<meta property=\"og:image:height\" content=\"590\" \/>\n\t<meta property=\"og:image:type\" content=\"image\/jpeg\" \/>\n<meta name=\"author\" content=\"Renan Bandeira\" \/>\n<meta name=\"twitter:card\" content=\"summary_large_image\" \/>\n<meta name=\"twitter:creator\" content=\"@sunoresearch\" \/>\n<meta name=\"twitter:site\" content=\"@sunoresearch\" \/>\n<meta name=\"twitter:label1\" content=\"Escrito por\" \/>\n\t<meta name=\"twitter:data1\" content=\"Renan Bandeira\" \/>\n\t<meta name=\"twitter:label2\" content=\"Est. tempo de leitura\" \/>\n\t<meta name=\"twitter:data2\" content=\"3 minutos\" \/>\n<script type=\"application\/ld+json\" class=\"yoast-schema-graph\">{\"@context\":\"https:\/\/schema.org\",\"@graph\":[{\"@type\":\"NewsArticle\",\"@id\":\"https:\/\/www.suno.com.br\/noticias\/funcionarios-ford-acordo-abc\/#article\",\"isPartOf\":{\"@id\":\"https:\/\/www.suno.com.br\/noticias\/funcionarios-ford-acordo-abc\/\"},\"author\":{\"name\":\"Renan Bandeira\",\"@id\":\"https:\/\/www.suno.com.br\/noticias\/#\/schema\/person\/fc144a1c6108bd1dcd43784e88a3c138\"},\"headline\":\"Funcion\u00e1rios e Ford chegam a acordo para fechamento de f\u00e1brica no ABC\",\"datePublished\":\"2019-04-30T11:44:23+00:00\",\"mainEntityOfPage\":{\"@id\":\"https:\/\/www.suno.com.br\/noticias\/funcionarios-ford-acordo-abc\/\"},\"wordCount\":536,\"publisher\":{\"@id\":\"https:\/\/www.suno.com.br\/noticias\/#organization\"},\"image\":{\"@id\":\"https:\/\/www.suno.com.br\/noticias\/funcionarios-ford-acordo-abc\/#primaryimage\"},\"thumbnailUrl\":\"https:\/\/files.sunoresearch.com.br\/n\/uploads\/2019\/02\/64b78711-ford-jpg.webp\",\"keywords\":[\"Ford (FDMO34)\"],\"articleSection\":[\"Neg\u00f3cios\"],\"inLanguage\":\"pt-BR\"},{\"@type\":\"WebPage\",\"@id\":\"https:\/\/www.suno.com.br\/noticias\/funcionarios-ford-acordo-abc\/\",\"url\":\"https:\/\/www.suno.com.br\/noticias\/funcionarios-ford-acordo-abc\/\",\"name\":\"Funcion\u00e1rios e Ford chegam a acordo para fechamento de f\u00e1brica no ABC\",\"isPartOf\":{\"@id\":\"https:\/\/www.suno.com.br\/noticias\/#website\"},\"primaryImageOfPage\":{\"@id\":\"https:\/\/www.suno.com.br\/noticias\/funcionarios-ford-acordo-abc\/#primaryimage\"},\"image\":{\"@id\":\"https:\/\/www.suno.com.br\/noticias\/funcionarios-ford-acordo-abc\/#primaryimage\"},\"thumbnailUrl\":\"https:\/\/files.sunoresearch.com.br\/n\/uploads\/2019\/02\/64b78711-ford-jpg.webp\",\"datePublished\":\"2019-04-30T11:44:23+00:00\",\"description\":\"A Ford informou o fechamento da planta ainda em fevereiro; Funcion\u00e1rios e empresa negociaram compensa\u00e7\u00e3o. Clique para saber mais.\",\"breadcrumb\":{\"@id\":\"https:\/\/www.suno.com.br\/noticias\/funcionarios-ford-acordo-abc\/#breadcrumb\"},\"inLanguage\":\"pt-BR\",\"potentialAction\":[{\"@type\":\"ReadAction\",\"target\":[\"https:\/\/www.suno.com.br\/noticias\/funcionarios-ford-acordo-abc\/\"]}]},{\"@type\":\"ImageObject\",\"inLanguage\":\"pt-BR\",\"@id\":\"https:\/\/www.suno.com.br\/noticias\/funcionarios-ford-acordo-abc\/#primaryimage\",\"url\":\"https:\/\/files.sunoresearch.com.br\/n\/uploads\/2019\/02\/64b78711-ford-jpg.webp\",\"contentUrl\":\"https:\/\/files.sunoresearch.com.br\/n\/uploads\/2019\/02\/64b78711-ford-jpg.webp\",\"width\":1440,\"height\":590,\"caption\":\"Caoa s\u00f3 vai investir na f\u00e1brica da Ford em SP se incertezas sobre economia diminu\u00edrem. (divulga\u00e7\u00e3o)\"},{\"@type\":\"BreadcrumbList\",\"@id\":\"https:\/\/www.suno.com.br\/noticias\/funcionarios-ford-acordo-abc\/#breadcrumb\",\"itemListElement\":[{\"@type\":\"ListItem\",\"position\":1,\"name\":\"Not\u00edcias\",\"item\":\"https:\/\/www.suno.com.br\/noticias\/\"},{\"@type\":\"ListItem\",\"position\":2,\"name\":\"Neg\u00f3cios\",\"item\":\"https:\/\/www.suno.com.br\/noticias\/negocios\/\"},{\"@type\":\"ListItem\",\"position\":3,\"name\":\"Funcion\u00e1rios e Ford chegam a acordo para fechamento de f\u00e1brica no ABC\"}]},{\"@type\":\"WebSite\",\"@id\":\"https:\/\/www.suno.com.br\/noticias\/#website\",\"url\":\"https:\/\/www.suno.com.br\/noticias\/\",\"name\":\"Suno Not\u00edcias\",\"description\":\"Seu portal de informa\u00e7\u00e3o sobre o mundo dos investimentos\",\"publisher\":{\"@id\":\"https:\/\/www.suno.com.br\/noticias\/#organization\"},\"potentialAction\":[{\"@type\":\"SearchAction\",\"target\":{\"@type\":\"EntryPoint\",\"urlTemplate\":\"https:\/\/www.suno.com.br\/noticias\/?s={search_term_string}\"},\"query-input\":{\"@type\":\"PropertyValueSpecification\",\"valueRequired\":true,\"valueName\":\"search_term_string\"}}],\"inLanguage\":\"pt-BR\"},{\"@type\":\"Organization\",\"@id\":\"https:\/\/www.suno.com.br\/noticias\/#organization\",\"name\":\"Suno Not\u00edcias\",\"url\":\"https:\/\/www.suno.com.br\/noticias\/\",\"logo\":{\"@type\":\"ImageObject\",\"inLanguage\":\"pt-BR\",\"@id\":\"https:\/\/www.suno.com.br\/noticias\/#\/schema\/logo\/image\/\",\"url\":\"https:\/\/files.sunoresearch.com.br\/n\/uploads\/2021\/09\/suno-logo.png\",\"contentUrl\":\"https:\/\/files.sunoresearch.com.br\/n\/uploads\/2021\/09\/suno-logo.png\",\"width\":180,\"height\":180,\"caption\":\"Suno Not\u00edcias\"},\"image\":{\"@id\":\"https:\/\/www.suno.com.br\/noticias\/#\/schema\/logo\/image\/\"},\"sameAs\":[\"https:\/\/facebook.com\/sunoresearch\",\"https:\/\/x.com\/sunoresearch\",\"https:\/\/www.instagram.com\/suno\",\"https:\/\/www.linkedin.com\/company\/suno-research\/\",\"https:\/\/www.youtube.com\/c\/sunoresearch\"]},{\"@type\":\"Person\",\"@id\":\"https:\/\/www.suno.com.br\/noticias\/#\/schema\/person\/fc144a1c6108bd1dcd43784e88a3c138\",\"name\":\"Renan Bandeira\",\"image\":{\"@type\":\"ImageObject\",\"inLanguage\":\"pt-BR\",\"@id\":\"https:\/\/www.suno.com.br\/noticias\/#\/schema\/person\/image\/\",\"url\":\"https:\/\/secure.gravatar.com\/avatar\/68359cdb608f14f11bbefcb78f3fc747?s=96&r=g\",\"contentUrl\":\"https:\/\/secure.gravatar.com\/avatar\/68359cdb608f14f11bbefcb78f3fc747?s=96&r=g\",\"caption\":\"Renan Bandeira\"},\"description\":\"Renan Bandeira escreve sobre pol\u00edtica e economia para o portal da Suno Research. Antes da Suno, trabalhou em uma rede de televis\u00e3o, onde fazia reportagens sobre os mesmos temas. Estuda na Universidade Metodista de S\u00e3o Paulo.\",\"url\":\"https:\/\/www.suno.com.br\/noticias\/author\/renan-bandeira\/\"}]}<\/script>\n<!-- \/ Yoast SEO plugin. -->","yoast_head_json":{"title":"Funcion\u00e1rios e Ford chegam a acordo para fechamento de f\u00e1brica no ABC","description":"A Ford informou o fechamento da planta ainda em fevereiro; Funcion\u00e1rios e empresa negociaram compensa\u00e7\u00e3o. Clique para saber mais.","robots":{"index":"index","follow":"follow","max-snippet":"max-snippet:-1","max-image-preview":"max-image-preview:large","max-video-preview":"max-video-preview:-1"},"canonical":"https:\/\/www.suno.com.br\/noticias\/funcionarios-ford-acordo-abc\/","og_locale":"pt_BR","og_type":"article","og_title":"Funcion\u00e1rios e Ford chegam a acordo para fechamento de f\u00e1brica no ABC","og_description":"A Ford informou o fechamento da planta ainda em fevereiro; Funcion\u00e1rios e empresa negociaram compensa\u00e7\u00e3o. Clique para saber mais.","og_url":"https:\/\/www.suno.com.br\/noticias\/funcionarios-ford-acordo-abc\/","og_site_name":"Suno Not\u00edcias","article_publisher":"https:\/\/facebook.com\/sunoresearch","og_image":[{"width":1440,"height":590,"url":"https:\/\/files.sunoresearch.com.br\/n\/uploads\/2019\/02\/64b78711-ford.jpg","type":"image\/jpeg"}],"author":"Renan Bandeira","twitter_card":"summary_large_image","twitter_creator":"@sunoresearch","twitter_site":"@sunoresearch","twitter_misc":{"Escrito por":"Renan Bandeira","Est. tempo de leitura":"3 minutos"},"schema":{"@context":"https:\/\/schema.org","@graph":[{"@type":"NewsArticle","@id":"https:\/\/www.suno.com.br\/noticias\/funcionarios-ford-acordo-abc\/#article","isPartOf":{"@id":"https:\/\/www.suno.com.br\/noticias\/funcionarios-ford-acordo-abc\/"},"author":{"name":"Renan Bandeira","@id":"https:\/\/www.suno.com.br\/noticias\/#\/schema\/person\/fc144a1c6108bd1dcd43784e88a3c138"},"headline":"Funcion\u00e1rios e Ford chegam a acordo para fechamento de f\u00e1brica no ABC","datePublished":"2019-04-30T11:44:23+00:00","mainEntityOfPage":{"@id":"https:\/\/www.suno.com.br\/noticias\/funcionarios-ford-acordo-abc\/"},"wordCount":536,"publisher":{"@id":"https:\/\/www.suno.com.br\/noticias\/#organization"},"image":{"@id":"https:\/\/www.suno.com.br\/noticias\/funcionarios-ford-acordo-abc\/#primaryimage"},"thumbnailUrl":"https:\/\/files.sunoresearch.com.br\/n\/uploads\/2019\/02\/64b78711-ford-jpg.webp","keywords":["Ford (FDMO34)"],"articleSection":["Neg\u00f3cios"],"inLanguage":"pt-BR"},{"@type":"WebPage","@id":"https:\/\/www.suno.com.br\/noticias\/funcionarios-ford-acordo-abc\/","url":"https:\/\/www.suno.com.br\/noticias\/funcionarios-ford-acordo-abc\/","name":"Funcion\u00e1rios e Ford chegam a acordo para fechamento de f\u00e1brica no ABC","isPartOf":{"@id":"https:\/\/www.suno.com.br\/noticias\/#website"},"primaryImageOfPage":{"@id":"https:\/\/www.suno.com.br\/noticias\/funcionarios-ford-acordo-abc\/#primaryimage"},"image":{"@id":"https:\/\/www.suno.com.br\/noticias\/funcionarios-ford-acordo-abc\/#primaryimage"},"thumbnailUrl":"https:\/\/files.sunoresearch.com.br\/n\/uploads\/2019\/02\/64b78711-ford-jpg.webp","datePublished":"2019-04-30T11:44:23+00:00","description":"A Ford informou o fechamento da planta ainda em fevereiro; Funcion\u00e1rios e empresa negociaram compensa\u00e7\u00e3o. Clique para saber mais.","breadcrumb":{"@id":"https:\/\/www.suno.com.br\/noticias\/funcionarios-ford-acordo-abc\/#breadcrumb"},"inLanguage":"pt-BR","potentialAction":[{"@type":"ReadAction","target":["https:\/\/www.suno.com.br\/noticias\/funcionarios-ford-acordo-abc\/"]}]},{"@type":"ImageObject","inLanguage":"pt-BR","@id":"https:\/\/www.suno.com.br\/noticias\/funcionarios-ford-acordo-abc\/#primaryimage","url":"https:\/\/files.sunoresearch.com.br\/n\/uploads\/2019\/02\/64b78711-ford-jpg.webp","contentUrl":"https:\/\/files.sunoresearch.com.br\/n\/uploads\/2019\/02\/64b78711-ford-jpg.webp","width":1440,"height":590,"caption":"Caoa s\u00f3 vai investir na f\u00e1brica da Ford em SP se incertezas sobre economia diminu\u00edrem. (divulga\u00e7\u00e3o)"},{"@type":"BreadcrumbList","@id":"https:\/\/www.suno.com.br\/noticias\/funcionarios-ford-acordo-abc\/#breadcrumb","itemListElement":[{"@type":"ListItem","position":1,"name":"Not\u00edcias","item":"https:\/\/www.suno.com.br\/noticias\/"},{"@type":"ListItem","position":2,"name":"Neg\u00f3cios","item":"https:\/\/www.suno.com.br\/noticias\/negocios\/"},{"@type":"ListItem","position":3,"name":"Funcion\u00e1rios e Ford chegam a acordo para fechamento de f\u00e1brica no ABC"}]},{"@type":"WebSite","@id":"https:\/\/www.suno.com.br\/noticias\/#website","url":"https:\/\/www.suno.com.br\/noticias\/","name":"Suno Not\u00edcias","description":"Seu portal de informa\u00e7\u00e3o sobre o mundo dos investimentos","publisher":{"@id":"https:\/\/www.suno.com.br\/noticias\/#organization"},"potentialAction":[{"@type":"SearchAction","target":{"@type":"EntryPoint","urlTemplate":"https:\/\/www.suno.com.br\/noticias\/?s={search_term_string}"},"query-input":{"@type":"PropertyValueSpecification","valueRequired":true,"valueName":"search_term_string"}}],"inLanguage":"pt-BR"},{"@type":"Organization","@id":"https:\/\/www.suno.com.br\/noticias\/#organization","name":"Suno Not\u00edcias","url":"https:\/\/www.suno.com.br\/noticias\/","logo":{"@type":"ImageObject","inLanguage":"pt-BR","@id":"https:\/\/www.suno.com.br\/noticias\/#\/schema\/logo\/image\/","url":"https:\/\/files.sunoresearch.com.br\/n\/uploads\/2021\/09\/suno-logo.png","contentUrl":"https:\/\/files.sunoresearch.com.br\/n\/uploads\/2021\/09\/suno-logo.png","width":180,"height":180,"caption":"Suno Not\u00edcias"},"image":{"@id":"https:\/\/www.suno.com.br\/noticias\/#\/schema\/logo\/image\/"},"sameAs":["https:\/\/facebook.com\/sunoresearch","https:\/\/x.com\/sunoresearch","https:\/\/www.instagram.com\/suno","https:\/\/www.linkedin.com\/company\/suno-research\/","https:\/\/www.youtube.com\/c\/sunoresearch"]},{"@type":"Person","@id":"https:\/\/www.suno.com.br\/noticias\/#\/schema\/person\/fc144a1c6108bd1dcd43784e88a3c138","name":"Renan Bandeira","image":{"@type":"ImageObject","inLanguage":"pt-BR","@id":"https:\/\/www.suno.com.br\/noticias\/#\/schema\/person\/image\/","url":"https:\/\/secure.gravatar.com\/avatar\/68359cdb608f14f11bbefcb78f3fc747?s=96&r=g","contentUrl":"https:\/\/secure.gravatar.com\/avatar\/68359cdb608f14f11bbefcb78f3fc747?s=96&r=g","caption":"Renan Bandeira"},"description":"Renan Bandeira escreve sobre pol\u00edtica e economia para o portal da Suno Research. Antes da Suno, trabalhou em uma rede de televis\u00e3o, onde fazia reportagens sobre os mesmos temas. Estuda na Universidade Metodista de S\u00e3o Paulo.","url":"https:\/\/www.suno.com.br\/noticias\/author\/renan-bandeira\/"}]}},"default_loop_html":"<div class=\"cardsPage__listCard__boxs\"><div class=\"cardsPage__listCard__boxs__img\"><a href=\"https:\/\/www.suno.com.br\/noticias\/funcionarios-ford-acordo-abc\/\"><img class=\"mask\" src=\"https:\/\/www.suno.com.br\/noticias\/wp-content\/themes\/suno\/resources\/images\/spotlight\/spotlight1img\/bg-mask.png\" alt=\"Image Mask\"\/><img src=\"https:\/\/files.sunoresearch.com.br\/n\/uploads\/2019\/02\/64b78711-ford-400x200.webp\" alt=\"Funcion\u00e1rios e Ford chegam a acordo para fechamento de f\u00e1brica no ABC\"\/><\/a><span class=\"spotlightCategory\"><a href=\"https:\/\/www.suno.com.br\/noticias\/negocios\/\">Neg\u00f3cios<\/a><\/span><\/div><div class=\"cardsPage__listCard__boxs__content\"><a href=\"https:\/\/www.suno.com.br\/noticias\/funcionarios-ford-acordo-abc\/\"><h2 class=\"content__title\">Funcion\u00e1rios e Ford chegam a acordo para fechamento de f\u00e1brica no ABC<\/h2><\/a><div class=\"newsContent__article__meta\"><div class=\"newsContent__article__meta__authorBox\"><a href=\"https:\/\/www.suno.com.br\/noticias\/author\/renan-bandeira\/\" class=\"authorBox__avatar noMobi\"><img src=\"https:\/\/secure.gravatar.com\/avatar\/68359cdb608f14f11bbefcb78f3fc747?s=96&#038;r=g\" alt=\"Renan Bandeira\"><\/a><div class=\"authorBox__name\"><span>por\n\t\t\t<a href=\"https:\/\/www.suno.com.br\/noticias\/author\/renan-bandeira\/\"><span itemprop=\"author\">Renan Bandeira<\/span><\/a><\/span><time datetime=\"2019-04-30T08:44:23-03:00\" itemprop=\"datePublished\">30\/04\/2019 08:44<\/time><\/div><\/div><\/div><\/div><\/div>","single_layout":"posts","amp_enabled":true,"_links":{"self":[{"href":"https:\/\/www.suno.com.br\/noticias\/wp-json\/wp\/v2\/posts\/22733"}],"collection":[{"href":"https:\/\/www.suno.com.br\/noticias\/wp-json\/wp\/v2\/posts"}],"about":[{"href":"https:\/\/www.suno.com.br\/noticias\/wp-json\/wp\/v2\/types\/post"}],"author":[{"embeddable":true,"href":"https:\/\/www.suno.com.br\/noticias\/wp-json\/wp\/v2\/users\/11"}],"replies":[{"embeddable":true,"href":"https:\/\/www.suno.com.br\/noticias\/wp-json\/wp\/v2\/comments?post=22733"}],"version-history":[{"count":0,"href":"https:\/\/www.suno.com.br\/noticias\/wp-json\/wp\/v2\/posts\/22733\/revisions"}],"wp:featuredmedia":[{"embeddable":true,"href":"https:\/\/www.suno.com.br\/noticias\/wp-json\/wp\/v2\/media\/16031"}],"wp:attachment":[{"href":"https:\/\/www.suno.com.br\/noticias\/wp-json\/wp\/v2\/media?parent=22733"}],"wp:term":[{"taxonomy":"category","embeddable":true,"href":"https:\/\/www.suno.com.br\/noticias\/wp-json\/wp\/v2\/categories?post=22733"},{"taxonomy":"post_tag","embeddable":true,"href":"https:\/\/www.suno.com.br\/noticias\/wp-json\/wp\/v2\/tags?post=22733"},{"taxonomy":"suno_strategy","embeddable":true,"href":"https:\/\/www.suno.com.br\/noticias\/wp-json\/wp\/v2\/suno_strategy?post=22733"}],"curies":[{"name":"wp","href":"https:\/\/api.w.org\/{rel}","templated":true}]}}