{"id":227057,"date":"2022-02-06T10:00:30","date_gmt":"2022-02-06T13:00:30","guid":{"rendered":"https:\/\/www.suno.com.br\/noticias\/?p=227057"},"modified":"2022-02-10T12:51:49","modified_gmt":"2022-02-10T15:51:49","slug":"crise-ucrania-impactos-brasil","status":"publish","type":"post","link":"https:\/\/www.suno.com.br\/noticias\/crise-ucrania-impactos-brasil\/","title":{"rendered":"Ucr\u00e2nia: como a crise impacta seu bolso no Brasil, da gasolina aos pre\u00e7os dos alimentos"},"content":{"rendered":"<p>Na \u00faltima segunda-feira (31), o mundo viu novos contornos da crise diplom\u00e1tica entre o Ocidente e o Oriente &#8211; em discuss\u00f5es do Conselho de Seguran\u00e7a da ONU -, e durante a semana cresceram as preocupa\u00e7\u00f5es sobre a escalada das tens\u00f5es no leste europeu e a perspectiva de uma incurs\u00e3o militar da R\u00fassia em terras da <strong>Ucr\u00e2nia<\/strong>.<\/p>\t<div class=\"wrapper-featured-image\">\n\t\t<figure class=\"spotlightImg\">\n\n\t\t\t<picture>\n\t\t\t\t<source media=\"(max-width: 768px)\" srcset=\"https:\/\/files.sunoresearch.com.br\/n\/uploads\/2022\/02\/image-6046827-400x200.jpg\">\n\t\t\t\t<img loading=\"lazy\" decoding=\"async\" class=\"newsContent__article__imgCapa lazyloadDisabled \" src=\"https:\/\/files.sunoresearch.com.br\/n\/uploads\/2022\/02\/image-6046827-800x450.jpg\" width=\"800\" height=\"450\" alt=\"Ucr\u00e2nia: como a crise impacta seu bolso no Brasil, da gasolina aos pre\u00e7os dos alimentos\" fetchpriority=high \/>\n\t\t\t<\/picture>\n\n\t\t\t<figcaption class=\"wp-caption-text wp-caption-text--show\">Crise entre Ucr\u00e2nia e R\u00fassia. Foto: Pixabay.<\/figcaption>\n\t\t<\/figure>\n\t<\/div>\n\n\n\t<p>\n\t\t<a href=\"https:\/\/lp.suno.com.br\/planilha-controle-gastos\/\" target=\"_blank\" data-element=\"shortcode-suno-banner\" title=\"Banner SUNO, clique e saiba mais\">\n\t\t\t<picture>\n\t\t\t\t<source media=\"(max-width: 500px)\" srcset=\"https:\/\/files.sunoresearch.com.br\/n\/uploads\/2023\/03\/400x300-Planilha-controle-de-gastos.png\">\n\t\t\t\t<img class=\"newsContent__article__imgCapa newsContent__article__imgCapa--banner\"\n\t\t\t\t\tsrc=\"https:\/\/files.sunoresearch.com.br\/n\/uploads\/2023\/03\/1420x240-Planilha-controle-de-gastos.png\"\n\t\t\t\t\tdata-promo-id=\"101751\"\t\t\t\t\t\t\t\t\t\twidth='1420' height='240'\t\t\t\t\talt=\"https:\/\/files.sunoresearch.com.br\/n\/uploads\/2023\/03\/1420x240-Planilha-controle-de-gastos.png\"\n\t\t\t\t>\n\t\t\t<\/picture>\n\t\t<\/a>\n\t<\/p>\n\n\n<p>Se por um lado, o presidente americano Joe Biden disse que os Estados Unidos est\u00e3o comprometidos com uma sa\u00edda diplom\u00e1tica para o conflito, sem descartar uma resposta forte caso haja uma <strong>invas\u00e3o da R\u00fassia<\/strong>, por outro, o chefe do Kremlin, Vladimir\u00a0 Putin, acusa americanos e ucranianos de desconsiderar os alertas feitos por Moscou.<\/p>\n<p>A grande preocupa\u00e7\u00e3o da lideran\u00e7a russa \u00e9 que a Ucr\u00e2nia seja aceita na alian\u00e7a militar Organiza\u00e7\u00e3o do Tratado do Atl\u00e2ntico Norte (Otan), que re\u00fane pa\u00edses da Am\u00e9rica e Europa, e com isso os Estados Unidos tenham acesso militar ao vizinho russo. Atualmente, o pa\u00eds da Otan mais ao leste \u00e9 a Turquia.<\/p>\n<p><span style=\"font-weight: 400;\">Ainda que Kiev fique a 10,5 mil km de Bras\u00edlia &#8211; um quarto de circunfer\u00eancia da Terra e pelo um oceano de dist\u00e2ncia em qualquer dire\u00e7\u00e3o que se v\u00e1 -, os impactos de uma crise l\u00e1 n\u00e3o demorariam muito a serem sentidos no <strong>Brasil<\/strong>.<\/span><\/p>\n<p><span style=\"font-weight: 400;\">Especialistas ouvidos pelo <strong>Suno Not\u00edcias<\/strong> alertam principalmente para intermit\u00eancias na produ\u00e7\u00e3o e fluxo de <strong>commodities<\/strong>, entre elas <strong>gr\u00e3os<\/strong>, <strong>fertilizantes<\/strong>, <strong>g\u00e1s<\/strong> e <strong>petr\u00f3leo<\/strong>, o que t\u00eam influ\u00eancia direta nos pre\u00e7os praticados por aqui.<\/span><\/p>\n<h2>Possibilidade de conflito aberto na Ucr\u00e2nia existe, mas n\u00e3o \u00e9 cen\u00e1rio-base<\/h2>\n<p>Mario Braga, analista s\u00eanior da Control Risks, avalia que o cen\u00e1rio mais prov\u00e1vel \u00e9 que as <strong>negocia\u00e7\u00f5es diplom\u00e1ticas<\/strong> n\u00e3o avancem, levando \u00e0 escalada das tens\u00f5es, sem que isso atinja o ponto de um conflito militar direto.<\/p>\n<p>Entre os fatores que contribuem para este ser o cen\u00e1rio mais prov\u00e1vel da crise, Braga destaca que o resultado seria o mais alinhado aos interesses russos &#8211; exercer press\u00e3o sobre a Ucr\u00e2nia at\u00e9 o ponto em que fazer parte da Otan traria mais riscos que benef\u00edcios aos pa\u00edses da alian\u00e7a militar.<\/p>\n<p>&#8220;Isto poderia se concretizar de diversas formas, como ataques cibern\u00e9ticos, bloqueio de servi\u00e7os online ou apoio russo aos rebeldes na fronteira leste do pa\u00eds. N\u00e3o \u00e9 um apoio direto, mas fomenta a instabilidade&#8221;, afirmou Braga ao <strong>Suno Not\u00edcias<\/strong>.<\/p>\n<p>Em segundo lugar, Braga aponta que uma alternativa fact\u00edvel n\u00e3o seria ainda um conflito, mas uma <strong>press\u00e3o prolongada<\/strong>, com a manuten\u00e7\u00e3o das tropas russas na fronteira (hoje h\u00e1 mais de 100 mil soldados russos ali) e extens\u00e3o do per\u00edodo de exerc\u00edcios militares por meses.<\/p>\n<p>Em terceiro, no cen\u00e1rio <em>outlier <\/em>&#8211; que n\u00e3o \u00e9 imposs\u00edvel, mas improv\u00e1vel &#8211; estaria uma <strong>invas\u00e3o militar<\/strong> russa restrita apenas ao leste da Ucr\u00e2nia. regi\u00e3o do pa\u00eds muito ligada \u00e0 R\u00fassia, com boa parte de habitantes de origem \u00e9tnica russa. Conforme o analista, uma incurs\u00e3o total ao Pa\u00eds at\u00e9 a capital Kiev, mais a oeste, seria muito mais cara e pesada, e resultaria em san\u00e7\u00f5es mais fortes pelos pa\u00edses ocidentais.<\/p>\n<p>Braga ressalta que, apesar de nem R\u00fassia nem Ucr\u00e2nia serem parceiros comerciais tradicionais do Brasil, a regi\u00e3o tem destaque para a produ\u00e7\u00e3o de gr\u00e3os, fertilizantes, assim como para o escoamento de \u00f3leo e g\u00e1s para Europa. Por isso, instabilidades que afetem o leste europeu t\u00eam impactos diretos para o pre\u00e7o global de commodities.<\/p>\n<p>No caso do trigo, produzido em grande quantidade no leste ucraniano, uma redu\u00e7\u00e3o da produ\u00e7\u00e3o e oferta por causa da crise poderia fazer o pre\u00e7o global da commodity subir e exercer press\u00e3o altista nas perspectivas inflacion\u00e1rias.<\/p>\n<p>&#8220;A gente est\u00e1 falando de p\u00e3ozinho e macarr\u00e3o mais caro. O cen\u00e1rio inflacion\u00e1rio no Brasil n\u00e3o est\u00e1 muito benigno e haveria esse driver inflacion\u00e1rio via escassez de trigo no mercado global&#8221;, afirmou o especialista. &#8220;O mesmo vale para quando a gente fala de petr\u00f3leo e g\u00e1s natural&#8221;, completou.<\/p>\n<p>Segundo Braga, uma das san\u00e7\u00f5es avaliadas contra a R\u00fassia seria exclu\u00edda dos <a class=\"suno-keyword\" href=\"https:\/\/www.suno.com.br\/artigos\/meios-de-pagamento\/\" target=\"_blank\" rel=\"noopener\" data-force=\"no\" data-priority=\"1\">meios de pagamento<\/a> internacional\u00a0 &#8211; o sistema Swift -, o que acarretaria redu\u00e7\u00e3o da oferta e aumento de pre\u00e7os.<\/p>\n<p>Outra preocupa\u00e7\u00e3o s\u00e3o danos f\u00edsicos \u00e0 infraestrutura, como bombardeios ou atos de sabotagem contra os gasodutos que abastecem a Europa, que aumentaria a demanda por outras fontes de abastecimento e elevaria os pre\u00e7os.<\/p>\n<p>&#8220;Nesse cen\u00e1rio, gasolina, diesel e g\u00e1s natural no Brasil ficariam mais caros, uma vez que a pol\u00edtica de pre\u00e7os da Petrobr\u00e1s (PETR4) \u00e9 seguir a cota\u00e7\u00e3o internacional. Rapidamente, haveria um efeito cascata chegando ao Brasil&#8221;, afirmou o especialista.<\/p>\n\t<p>\n\t\t<a href=\"\" target=\"_blank\" data-element=\"shortcode-suno-banner\" title=\"Banner SUNO, clique e saiba mais\">\n\t\t\t<picture>\n\t\t\t\t<source media=\"(max-width: 500px)\" srcset=\"\">\n\t\t\t\t<img class=\"newsContent__article__imgCapa newsContent__article__imgCapa--banner\"\n\t\t\t\t\tsrc=\"\"\n\t\t\t\t\tdata-promo-id=\"77030\"\t\t\t\t\t\t\t\t\t\t\t\t\t\t\talt=\"\"\n\t\t\t\t>\n\t\t\t<\/picture>\n\t\t<\/a>\n\t<\/p>\n\n\n<h2>Pre\u00e7o do petr\u00f3leo est\u00e1 descolado dos fundamentos<\/h2>\n<p>Ellen Wald, historiadora, presidente da Transversal Consulting e membro-s\u00eanior do Atlantic Council\u2019s Global Energy Center, avalia que j\u00e1 h\u00e1 um <a class=\"suno-keyword\" href=\"https:\/\/www.suno.com.br\/artigos\/premio-de-risco\/\" target=\"_blank\" rel=\"noopener\" data-force=\"no\" data-priority=\"1\">pr\u00eamio de risco<\/a> para a <a href=\"https:\/\/www.suno.com.br\/artigos\/preco-do-petroleo\/\">cota\u00e7\u00e3o do barril de petr\u00f3leo<\/a> em fun\u00e7\u00e3o do <strong>cen\u00e1rio geopol\u00edtico<\/strong>, o que faz a commodity ser negociada a pre\u00e7o superior ao que ditam os fundamentos econ\u00f4micos.<\/p>\n<p>Para a especialista, estas condi\u00e7\u00f5es fazem o barril ser comercializado US$ 10 a mais do que seria razo\u00e1vel para a situa\u00e7\u00e3o, na casa dos US$ 80. Conforme cota\u00e7\u00e3o nesta sexta (4), o barril do <strong>WTI<\/strong> \u00e9 vendido por US$ 90,28, enquanto o <strong>Brent<\/strong> sai por US$ 93,43.<\/p>\n<p>&#8220;E muito dessa situa\u00e7\u00e3o tem rela\u00e7\u00e3o com a situa\u00e7\u00e3o entre a R\u00fassia e a Ucr\u00e2nia no momento. Definitivamente, h\u00e1 uma preocupa\u00e7\u00e3o de que o que quer que aconte\u00e7a leve a san\u00e7\u00f5es, n\u00e3o necessariamente contra a produ\u00e7\u00e3o de petr\u00f3leo, mas contra o transporte e a comercializa\u00e7\u00e3o&#8221;, disse ao <strong>Suno Not\u00edcias<\/strong>.<\/p>\n<p>Wald disse ver com ceticismo a possibilidade de que, caso as for\u00e7as militares russas decidam invadir a Ucr\u00e2nia, haja uma aumento estrondoso na <strong>produ\u00e7\u00e3o de petr\u00f3leo<\/strong> e refinados a fim de suportar o esfor\u00e7o de guerra, fator que teria press\u00e3o baixista na cota\u00e7\u00e3o.<\/p>\n<p>&#8220;N\u00e3o \u00e9 como na Segunda Guerra Mundial em que quantidades maci\u00e7as de \u00f3leo foram necess\u00e1rias para lutar a guerra. Sim, a R\u00fassia precisa de combust\u00edveis para abastecer os tanques, mas n\u00e3o \u00e9 como se isso fosse causar um pico na demanda&#8221;, explicou. &#8220;O principal problema \u00e9 a interrup\u00e7\u00e3o do fluxo de energia.&#8221;<\/p>\n<p>Entre os entraves \u00e0 comercializa\u00e7\u00e3o, a especialista destaca a possibilidade, discutida por analistas, de excluir a R\u00fassia do sistema Swift de pagamentos internacionais. Em resposta, Moscou disse que cortaria o fornecimento caso as na\u00e7\u00f5es europeias deixassem de pagar pelo fornecimento, o que levanta a discuss\u00e3o de alternativas para as transa\u00e7\u00f5es, e se esta seria uma medida efetiva.<\/p>\n<p>&#8220;Seria dif\u00edcil, mas n\u00e3o \u00e9 imposs\u00edvel encontrar uma solu\u00e7\u00e3o para pagar a R\u00fassia em euros, ou em rublos russos&#8221;, destaca. &#8220;Seria desafiador por um tempo, mas h\u00e1 pa\u00edses como a Alemanha que estariam dispostos. Acho que a ver\u00edamos uma alta tempor\u00e1ria [no pre\u00e7o da commodity], mas, se os pa\u00edses continuassem a comprar, apesar da piora no mercado, n\u00e3o acho que haveria uma consequ\u00eancia de <a class=\"suno-keyword\" href=\"https:\/\/www.suno.com.br\/artigos\/longo-prazo\/\" target=\"_blank\" rel=\"noopener\" data-force=\"no\" data-priority=\"1\">longo prazo<\/a>.&#8221;<\/p>\n<p>Em um cen\u00e1rio de interrup\u00e7\u00e3o do <strong>fornecimento de petr\u00f3leo<\/strong> e derivados entre R\u00fassia e a Europa, Wald avalia que a na\u00e7\u00e3o siberiana poderia escoar a produ\u00e7\u00e3o para a China, &#8220;que ficaria mais do que feliz em comprar os produtos sancionados com descontos&#8221;.<\/p>\n<p>Do lado russo, ainda que houvesse uma redu\u00e7\u00e3o de 50% no valor do petr\u00f3leo em rela\u00e7\u00e3o \u00e0 cota\u00e7\u00e3o atual, a comercializa\u00e7\u00e3o ainda seria vantajosa. J\u00e1 para a Europa, haveria uma reorganiza\u00e7\u00e3o das cadeias log\u00edsticas, e ambos os efeitos t\u00eam potencial de se anularem, com perspectiva de uma alta no curt\u00edssimo prazo e queda no m\u00e9dio abaixo do n\u00edvel atual.<\/p>\n<p>Para al\u00e9m da quest\u00e3o do petr\u00f3leo, Wald tamb\u00e9m avalia que a atividade militar na regi\u00e3o, acentuada pela crise no leste europeu, pode afetar o abastecimento de gr\u00e3os, ferro gusa e interromper o fluxo log\u00edstico no mar Negro.<\/p>\n<h2>Risco para pa\u00edses emergentes supera oportunidades<\/h2>\n<p>Andr\u00e9 Moura, s\u00f3cio da NAU Capital e representante do multi-<a class=\"suno-keyword\" href=\"https:\/\/www.suno.com.br\/artigos\/family-office\/\" target=\"_blank\" rel=\"noopener\" data-force=\"no\" data-priority=\"1\">family office<\/a> na Europa, argumenta que, apesar de o principal cen\u00e1rio ser de um embate no campo diplom\u00e1tico e pouca chance de um conflito direto, &#8220;a gravidade dos efeitos para o mundo \u00e9 bastante grande&#8221;.<\/p>\n<p>O motivo \u00e9 que, al\u00e9m da R\u00fassia e Ucr\u00e2nia, h\u00e1 envolvimento americano, tornando este um antagonismo de propor\u00e7\u00f5es nucleares, ainda que sejam remotas estas chances.<\/p>\n<p>Para o especialista, a exemplo da <strong>invas\u00e3o da Crimeia<\/strong>, em 2014 por tropas russas, \u00e9 poss\u00edvel que a crise no leste europeu tenha impacto pequeno sobre o pre\u00e7o das commodities, sejam elas minerais ou agr\u00edcolas, em compara\u00e7\u00e3o com outros setores.<\/p>\n<p>&#8220;Qualquer que seja a postura da R\u00fassia que gere algum tipo de san\u00e7\u00e3o por parte dos Estados Unidos e do resto da Europa, estas devem recair em segmentos como o de tecnologia e de finan\u00e7as&#8221;, afirmou ao <strong>Suno Not\u00edcias<\/strong>.<\/p>\n<p>&#8220;No caso de um conflito ou tens\u00e3o que implique san\u00e7\u00f5es, o impacto, em rela\u00e7\u00e3o a pre\u00e7os de commodities, \u00e9 algo poss\u00edvel, mas n\u00e3o \u00e9 certo, j\u00e1 que n\u00e3o aconteceu em um evento semelhante, que foi o de 2014&#8221;, completou.<\/p>\n<p>Entretanto, ele ressalta que as atuais condi\u00e7\u00f5es n\u00e3o s\u00e3o as mesmas e lembra que, hoje, h\u00e1 preocupa\u00e7\u00e3o maior dos principais bancos centrais com o processo inflacion\u00e1rio acelerado. &#8220;Em um mundo que tem um n\u00edvel absurdo de preocupa\u00e7\u00e3o com a infla\u00e7\u00e3o [o aumento de pre\u00e7os das commodities], seria verdadeira trag\u00e9dia&#8221;, avalia.<\/p>\n<p>Segundo Moura, entre os setores que poderiam ser afetados, a R\u00fassia tem papel de destaque tanto na produ\u00e7\u00e3o de \u00f3leo e g\u00e1s, quanto na extra\u00e7\u00e3o mineral de <strong>pal\u00e1dio<\/strong>, <strong>n\u00edquel<\/strong> e <strong>alum\u00ednio<\/strong>, enquanto a Ucr\u00e2nia, por sua vez, \u00e9 influente na produ\u00e7\u00e3o de <strong>milho<\/strong> e <strong>trigo<\/strong>.<\/p>\n<p>Segundo o s\u00f3cio da NAU Capital, &#8220;para efeitos de Brasil a gente tem alguns pontos positivos e outros negativos&#8221;.<\/p>\n<p>Entre os efeitos favor\u00e1veis, ele destaca que a poss\u00edvel sa\u00edda de alguns produtores do mercado &#8211; ou restri\u00e7\u00e3o -, favoreceria empresas brasileiras que podem ocupar parte deste espa\u00e7o.<\/p>\n<p>Por outro lado, Moura avalia que, caso as condi\u00e7\u00f5es atinjam um n\u00edvel de tens\u00e3o a ponto de ensejar san\u00e7\u00f5es comerciais, a avers\u00e3o a risco dos investidores seria t\u00e3o grande que haveria fortalecimento do d\u00f3lar e uma fuga de capital de <a href=\"https:\/\/www.suno.com.br\/artigos\/paises-emergentes\/\">pa\u00edses em desenvolvimento<\/a> e com mais risco como o Brasil.<\/p>\n<p>&#8220;O Brasil poderia, no limite, ocupar algum espa\u00e7o, mas acho que seria mais desfavor\u00e1vel do que bom&#8221;, avalia sobre a crise. &#8220;Seria ruim para todo mundo, mas especialmente ruim para os pa\u00edses emergentes e em desenvolvimento.&#8221;<\/p>\n\t<p>\n\t\t<a href=\"\" target=\"_blank\" data-element=\"shortcode-suno-banner\" title=\"Banner SUNO, clique e saiba mais\">\n\t\t\t<picture>\n\t\t\t\t<source media=\"(max-width: 500px)\" srcset=\"\">\n\t\t\t\t<img class=\"newsContent__article__imgCapa newsContent__article__imgCapa--banner\"\n\t\t\t\t\tsrc=\"\"\n\t\t\t\t\tdata-promo-id=\"92668\"\t\t\t\t\t\t\t\t\t\t\t\t\t\t\talt=\"\"\n\t\t\t\t>\n\t\t\t<\/picture>\n\t\t<\/a>\n\t<\/p>\n\n\n<h2>Cen\u00e1rio pressiona pre\u00e7o de commodities, mas h\u00e1 fatores al\u00e9m da Ucr\u00e2nia que importam mais<\/h2>\n<p>Fernanda Cunha, analista de <a class=\"suno-keyword\" href=\"https:\/\/www.suno.com.br\/artigos\/renda-variavel-7-dicas\/\" target=\"_blank\" rel=\"noopener\" data-force=\"no\" data-priority=\"2\">renda vari\u00e1vel<\/a> da AZ Quest, observa que o pior desdobramento econ\u00f4mico do <strong>imbr\u00f3glio entre Ucr\u00e2nia e R\u00fassia<\/strong> seria a imposi\u00e7\u00e3o de san\u00e7\u00f5es pesadas e a interrup\u00e7\u00e3o do fornecimento de g\u00e1s para a Europa, que importa da R\u00fassia 32% do que consome.<\/p>\n<p>Para a analista,\u00a0 a imposi\u00e7\u00e3o de embargos duros \u00e0 R\u00fassia contraria os interesses de grande partes dos pa\u00edses europeus, que atualmente est\u00e3o \u00e0s voltas com medidas de controle da infla\u00e7\u00e3o e n\u00e3o desejariam ver um aumento de pre\u00e7os relacionado ao<strong> custo de energia<\/strong>.<\/p>\n<p>Ainda assim, Cunha ressalta que o impacto da crise seria transit\u00f3rio, uma vez que h\u00e1 cadeias estabelecidas de suprimento da commodity. Entre as alternativas, a Europa poderia substituir pela importa\u00e7\u00e3o g\u00e1s natural liquefeito embarcado, importado em navios, e a R\u00fassia redirecionar a sua produ\u00e7\u00e3o \u00e0 China por um pre\u00e7o abaixo do <a class=\"suno-keyword\" href=\"https:\/\/www.suno.com.br\/artigos\/valor-de-mercado\/\" target=\"_blank\" rel=\"noopener\" data-force=\"no\" data-priority=\"1\">valor de mercado<\/a>.<\/p>\n<p>Para a especialista, h\u00e1 outros fatores mais relevantes que afetam a cota\u00e7\u00e3o dos derivados de petr\u00f3leo, entre eles a <strong>frustra\u00e7\u00e3o com a promessa da Opep<\/strong> em aumentar a produ\u00e7\u00e3o, e a perspectiva de os Estados Unidos bombearem uma quantidade maior de shale, caso seja necess\u00e1rio. &#8220;Isso tem gerado impactos maiores no pre\u00e7o do \u00f3leo do que a crise entre R\u00fassia e Ucr\u00e2nia&#8221;, afirmou ao <strong>Suno Not\u00edcias<\/strong>.<\/p>\n<p>Por isso, analista entende que o cen\u00e1rio estrutural deste mercado est\u00e1 &#8220;muito ruim&#8221;, e defende que o pre\u00e7o do g\u00e1s est\u00e1 sujeito \u00e0 volatilidade maior que a <a class=\"suno-keyword\" href=\"https:\/\/www.suno.com.br\/artigos\/cotacao-do-petroleo\/\" target=\"_blank\" rel=\"noopener\" data-force=\"no\" data-priority=\"1\">cota\u00e7\u00e3o do petr\u00f3leo<\/a>, em especial, caso se confirme esse per\u00edodo de transi\u00e7\u00e3o de importa\u00e7\u00f5es.<\/p>\n<p>Sobre as perspectivas das <a class=\"suno-keyword\" href=\"https:\/\/www.suno.com.br\/artigos\/commodities-agricolas\/\" target=\"_blank\" rel=\"noopener\" data-force=\"no\" data-priority=\"1\">commodities agr\u00edcolas<\/a>, a possibilidade de problemas log\u00edsticos e de embargo com o agravamento da crise afetarem o pre\u00e7o de gr\u00e3os existe, mas \u00e9 ainda mais passageira. O motivo \u00e9 que a Ucr\u00e2nia conclui a colheita da safra e o processo de exporta\u00e7\u00e3o em fevereiro.<\/p>\n<p>&#8220;O hemisf\u00e9rio norte come\u00e7a a produzir entre abril e maio. Pode ser que, se houver uma interrup\u00e7\u00e3o de duas semanas, haja tempo suficiente para o mundo comprar fertilizantes at\u00e9 l\u00e1. Dependeria das san\u00e7\u00f5es&#8221;, afirmou.<\/p>\n<p>Cunha tamb\u00e9m destaca que para o mercado agr\u00edcola h\u00e1 outros fatores mais importantes que est\u00e3o fazendo pre\u00e7o. O principal deles \u00e9 a <strong>estiagem<\/strong> no sul da Am\u00e9rica do Sul que afeta a produ\u00e7\u00e3o de soja, em primeiro lugar, e de milho.<\/p>\n<p>&#8220;Para as empresas produtoras de commodities no Brasil, [este cen\u00e1rio] \u00e9 positivo. Nos pre\u00e7os das commodities vai haver um pr\u00eamio de risco. J\u00e1 para a infla\u00e7\u00e3o, \u00e9 negativo&#8221;, resume sobre a crise na <strong>Ucr\u00e2nia<\/strong>.<\/p>\n\t<p>\n\t\t<a href=\"https:\/\/lp.suno.com.br\/planilha-de-controle-de-investimentos\/\" target=\"_blank\" data-element=\"shortcode-suno-banner\" title=\"Banner SUNO, clique e saiba mais\">\n\t\t\t<picture>\n\t\t\t\t<source media=\"(max-width: 500px)\" srcset=\"https:\/\/files.sunoresearch.com.br\/n\/uploads\/2023\/03\/400x300-Controle-de-Investimentos.png\">\n\t\t\t\t<img class=\"newsContent__article__imgCapa newsContent__article__imgCapa--banner\"\n\t\t\t\t\tsrc=\"https:\/\/files.sunoresearch.com.br\/n\/uploads\/2023\/03\/1420x240-Controle-de-Investimentos.png\"\n\t\t\t\t\tdata-promo-id=\"75934\"\t\t\t\t\t\t\t\t\t\twidth='1420' height='240'\t\t\t\t\talt=\"https:\/\/files.sunoresearch.com.br\/n\/uploads\/2023\/03\/1420x240-Controle-de-Investimentos.png\"\n\t\t\t\t>\n\t\t\t<\/picture>\n\t\t<\/a>\n\t<\/p>\n\n\n","protected":false},"excerpt":{"rendered":"<p>Na \u00faltima segunda-feira (31), o mundo viu novos contornos da crise diplom\u00e1tica entre o Ocidente e o Oriente &#8211; em discuss\u00f5es do Conselho de Seguran\u00e7a da ONU -, e durante a semana cresceram as preocupa\u00e7\u00f5es sobre a escalada das tens\u00f5es no leste europeu e a perspectiva de uma incurs\u00e3o militar da R\u00fassia em terras da [&hellip;]<\/p>\n","protected":false},"author":145,"featured_media":227560,"comment_status":"closed","ping_status":"closed","sticky":false,"template":"","format":"standard","meta":[],"categories":[63],"tags":[1121,94403,105815,105816,710,105822,766,866],"suno_strategy":[],"class_list":["post-227057","post","type-post","status-publish","format-standard","has-post-thumbnail","hentry","category-internacional","tag-agronegocio","tag-commodities","tag-especial","tag-especialistas","tag-europa","tag-gas","tag-petroleo","tag-russia"],"yoast_head":"<!-- This site is optimized with the Yoast SEO plugin v24.4 - https:\/\/yoast.com\/wordpress\/plugins\/seo\/ -->\n<title>Ucr\u00e2nia: como a crise impacta seu bolso no Brasil, da gasolina \u00e0 comida<\/title>\n<meta name=\"description\" content=\"Confira os desdobramentos da crise entre Ucr\u00e2nia e R\u00fassia e os desdobramentos para o mercado brasileiro. Leia mais.\" \/>\n<meta name=\"robots\" content=\"index, follow, max-snippet:-1, max-image-preview:large, max-video-preview:-1\" \/>\n<link rel=\"canonical\" href=\"https:\/\/www.suno.com.br\/noticias\/crise-ucrania-impactos-brasil\/\" \/>\n<meta property=\"og:locale\" content=\"pt_BR\" \/>\n<meta property=\"og:type\" content=\"article\" \/>\n<meta property=\"og:title\" content=\"Ucr\u00e2nia: como a crise impacta seu bolso no Brasil, da gasolina \u00e0 comida\" \/>\n<meta property=\"og:description\" content=\"Confira os desdobramentos da crise entre Ucr\u00e2nia e R\u00fassia e os desdobramentos para o mercado brasileiro. Leia mais.\" \/>\n<meta property=\"og:url\" content=\"https:\/\/www.suno.com.br\/noticias\/crise-ucrania-impactos-brasil\/\" \/>\n<meta property=\"og:site_name\" content=\"Suno Not\u00edcias\" \/>\n<meta property=\"article:publisher\" content=\"https:\/\/facebook.com\/sunoresearch\" \/>\n<meta property=\"og:image\" content=\"https:\/\/files.sunoresearch.com.br\/n\/uploads\/2022\/02\/image-6046827-scaled.jpg\" \/>\n\t<meta property=\"og:image:width\" content=\"2560\" \/>\n\t<meta property=\"og:image:height\" content=\"1707\" \/>\n\t<meta property=\"og:image:type\" content=\"image\/jpeg\" \/>\n<meta name=\"author\" content=\"Pedro Caramuru\" \/>\n<meta name=\"twitter:card\" content=\"summary_large_image\" \/>\n<meta name=\"twitter:creator\" content=\"@sunoresearch\" \/>\n<meta name=\"twitter:site\" content=\"@sunoresearch\" \/>\n<meta name=\"twitter:label1\" content=\"Escrito por\" \/>\n\t<meta name=\"twitter:data1\" content=\"Pedro Caramuru\" \/>\n\t<meta name=\"twitter:label2\" content=\"Est. tempo de leitura\" \/>\n\t<meta name=\"twitter:data2\" content=\"10 minutos\" \/>\n<script type=\"application\/ld+json\" class=\"yoast-schema-graph\">{\"@context\":\"https:\/\/schema.org\",\"@graph\":[{\"@type\":\"NewsArticle\",\"@id\":\"https:\/\/www.suno.com.br\/noticias\/crise-ucrania-impactos-brasil\/#article\",\"isPartOf\":{\"@id\":\"https:\/\/www.suno.com.br\/noticias\/crise-ucrania-impactos-brasil\/\"},\"author\":{\"name\":\"Pedro Caramuru\",\"@id\":\"https:\/\/www.suno.com.br\/noticias\/#\/schema\/person\/8d020643938f12a823508eb0e5fda407\"},\"headline\":\"Ucr\u00e2nia: como a crise impacta seu bolso no Brasil, da gasolina aos pre\u00e7os dos alimentos\",\"datePublished\":\"2022-02-06T13:00:30+00:00\",\"dateModified\":\"2022-02-10T15:51:49+00:00\",\"mainEntityOfPage\":{\"@id\":\"https:\/\/www.suno.com.br\/noticias\/crise-ucrania-impactos-brasil\/\"},\"wordCount\":2387,\"publisher\":{\"@id\":\"https:\/\/www.suno.com.br\/noticias\/#organization\"},\"image\":{\"@id\":\"https:\/\/www.suno.com.br\/noticias\/crise-ucrania-impactos-brasil\/#primaryimage\"},\"thumbnailUrl\":\"https:\/\/files.sunoresearch.com.br\/n\/uploads\/2022\/02\/image-6046827-scaled.jpg\",\"keywords\":[\"Agroneg\u00f3cio\",\"commodities\",\"Especiais\",\"Especialistas\",\"Europa\",\"g\u00e1s\",\"Petr\u00f3leo\",\"R\u00fassia\"],\"articleSection\":[\"Internacional\"],\"inLanguage\":\"pt-BR\"},{\"@type\":\"WebPage\",\"@id\":\"https:\/\/www.suno.com.br\/noticias\/crise-ucrania-impactos-brasil\/\",\"url\":\"https:\/\/www.suno.com.br\/noticias\/crise-ucrania-impactos-brasil\/\",\"name\":\"Ucr\u00e2nia: como a crise impacta seu bolso no Brasil, da gasolina \u00e0 comida\",\"isPartOf\":{\"@id\":\"https:\/\/www.suno.com.br\/noticias\/#website\"},\"primaryImageOfPage\":{\"@id\":\"https:\/\/www.suno.com.br\/noticias\/crise-ucrania-impactos-brasil\/#primaryimage\"},\"image\":{\"@id\":\"https:\/\/www.suno.com.br\/noticias\/crise-ucrania-impactos-brasil\/#primaryimage\"},\"thumbnailUrl\":\"https:\/\/files.sunoresearch.com.br\/n\/uploads\/2022\/02\/image-6046827-scaled.jpg\",\"datePublished\":\"2022-02-06T13:00:30+00:00\",\"dateModified\":\"2022-02-10T15:51:49+00:00\",\"description\":\"Confira os desdobramentos da crise entre Ucr\u00e2nia e R\u00fassia e os desdobramentos para o mercado brasileiro. Leia mais.\",\"breadcrumb\":{\"@id\":\"https:\/\/www.suno.com.br\/noticias\/crise-ucrania-impactos-brasil\/#breadcrumb\"},\"inLanguage\":\"pt-BR\",\"potentialAction\":[{\"@type\":\"ReadAction\",\"target\":[\"https:\/\/www.suno.com.br\/noticias\/crise-ucrania-impactos-brasil\/\"]}]},{\"@type\":\"ImageObject\",\"inLanguage\":\"pt-BR\",\"@id\":\"https:\/\/www.suno.com.br\/noticias\/crise-ucrania-impactos-brasil\/#primaryimage\",\"url\":\"https:\/\/files.sunoresearch.com.br\/n\/uploads\/2022\/02\/image-6046827-scaled.jpg\",\"contentUrl\":\"https:\/\/files.sunoresearch.com.br\/n\/uploads\/2022\/02\/image-6046827-scaled.jpg\",\"width\":2560,\"height\":1707,\"caption\":\"Crise entre Ucr\u00e2nia e R\u00fassia. Foto: Pixabay.\"},{\"@type\":\"BreadcrumbList\",\"@id\":\"https:\/\/www.suno.com.br\/noticias\/crise-ucrania-impactos-brasil\/#breadcrumb\",\"itemListElement\":[{\"@type\":\"ListItem\",\"position\":1,\"name\":\"Not\u00edcias\",\"item\":\"https:\/\/www.suno.com.br\/noticias\/\"},{\"@type\":\"ListItem\",\"position\":2,\"name\":\"Internacional\",\"item\":\"https:\/\/www.suno.com.br\/noticias\/internacional\/\"},{\"@type\":\"ListItem\",\"position\":3,\"name\":\"Ucr\u00e2nia: como a crise impacta seu bolso no Brasil, da gasolina aos pre\u00e7os dos alimentos\"}]},{\"@type\":\"WebSite\",\"@id\":\"https:\/\/www.suno.com.br\/noticias\/#website\",\"url\":\"https:\/\/www.suno.com.br\/noticias\/\",\"name\":\"Suno Not\u00edcias\",\"description\":\"Seu portal de informa\u00e7\u00e3o sobre o mundo dos investimentos\",\"publisher\":{\"@id\":\"https:\/\/www.suno.com.br\/noticias\/#organization\"},\"potentialAction\":[{\"@type\":\"SearchAction\",\"target\":{\"@type\":\"EntryPoint\",\"urlTemplate\":\"https:\/\/www.suno.com.br\/noticias\/?s={search_term_string}\"},\"query-input\":{\"@type\":\"PropertyValueSpecification\",\"valueRequired\":true,\"valueName\":\"search_term_string\"}}],\"inLanguage\":\"pt-BR\"},{\"@type\":\"Organization\",\"@id\":\"https:\/\/www.suno.com.br\/noticias\/#organization\",\"name\":\"Suno Not\u00edcias\",\"url\":\"https:\/\/www.suno.com.br\/noticias\/\",\"logo\":{\"@type\":\"ImageObject\",\"inLanguage\":\"pt-BR\",\"@id\":\"https:\/\/www.suno.com.br\/noticias\/#\/schema\/logo\/image\/\",\"url\":\"https:\/\/files.sunoresearch.com.br\/n\/uploads\/2021\/09\/suno-logo.png\",\"contentUrl\":\"https:\/\/files.sunoresearch.com.br\/n\/uploads\/2021\/09\/suno-logo.png\",\"width\":180,\"height\":180,\"caption\":\"Suno Not\u00edcias\"},\"image\":{\"@id\":\"https:\/\/www.suno.com.br\/noticias\/#\/schema\/logo\/image\/\"},\"sameAs\":[\"https:\/\/facebook.com\/sunoresearch\",\"https:\/\/x.com\/sunoresearch\",\"https:\/\/www.instagram.com\/suno\",\"https:\/\/www.linkedin.com\/company\/suno-research\/\",\"https:\/\/www.youtube.com\/c\/sunoresearch\"]},{\"@type\":\"Person\",\"@id\":\"https:\/\/www.suno.com.br\/noticias\/#\/schema\/person\/8d020643938f12a823508eb0e5fda407\",\"name\":\"Pedro Caramuru\",\"image\":{\"@type\":\"ImageObject\",\"inLanguage\":\"pt-BR\",\"@id\":\"https:\/\/www.suno.com.br\/noticias\/#\/schema\/person\/image\/\",\"url\":\"https:\/\/secure.gravatar.com\/avatar\/1a3f15d3553507ae7a2debc6ea0ad87b?s=96&r=g\",\"contentUrl\":\"https:\/\/secure.gravatar.com\/avatar\/1a3f15d3553507ae7a2debc6ea0ad87b?s=96&r=g\",\"caption\":\"Pedro Caramuru\"},\"description\":\"Rep\u00f3rter de economia, mercado e pol\u00edtica brasileira para o Suno Not\u00edcias. Formado em jornalismo. J\u00e1 escreveu sobre pol\u00edtica e mercados internacionais para o Broadcast e Estad\u00e3o.\",\"url\":\"https:\/\/www.suno.com.br\/noticias\/author\/pedro-caramurusuno-com-br\/\"}]}<\/script>\n<!-- \/ Yoast SEO plugin. -->","yoast_head_json":{"title":"Ucr\u00e2nia: como a crise impacta seu bolso no Brasil, da gasolina \u00e0 comida","description":"Confira os desdobramentos da crise entre Ucr\u00e2nia e R\u00fassia e os desdobramentos para o mercado brasileiro. Leia mais.","robots":{"index":"index","follow":"follow","max-snippet":"max-snippet:-1","max-image-preview":"max-image-preview:large","max-video-preview":"max-video-preview:-1"},"canonical":"https:\/\/www.suno.com.br\/noticias\/crise-ucrania-impactos-brasil\/","og_locale":"pt_BR","og_type":"article","og_title":"Ucr\u00e2nia: como a crise impacta seu bolso no Brasil, da gasolina \u00e0 comida","og_description":"Confira os desdobramentos da crise entre Ucr\u00e2nia e R\u00fassia e os desdobramentos para o mercado brasileiro. Leia mais.","og_url":"https:\/\/www.suno.com.br\/noticias\/crise-ucrania-impactos-brasil\/","og_site_name":"Suno Not\u00edcias","article_publisher":"https:\/\/facebook.com\/sunoresearch","og_image":[{"width":2560,"height":1707,"url":"https:\/\/files.sunoresearch.com.br\/n\/uploads\/2022\/02\/image-6046827-scaled.jpg","type":"image\/jpeg"}],"author":"Pedro Caramuru","twitter_card":"summary_large_image","twitter_creator":"@sunoresearch","twitter_site":"@sunoresearch","twitter_misc":{"Escrito por":"Pedro Caramuru","Est. tempo de leitura":"10 minutos"},"schema":{"@context":"https:\/\/schema.org","@graph":[{"@type":"NewsArticle","@id":"https:\/\/www.suno.com.br\/noticias\/crise-ucrania-impactos-brasil\/#article","isPartOf":{"@id":"https:\/\/www.suno.com.br\/noticias\/crise-ucrania-impactos-brasil\/"},"author":{"name":"Pedro Caramuru","@id":"https:\/\/www.suno.com.br\/noticias\/#\/schema\/person\/8d020643938f12a823508eb0e5fda407"},"headline":"Ucr\u00e2nia: como a crise impacta seu bolso no Brasil, da gasolina aos pre\u00e7os dos alimentos","datePublished":"2022-02-06T13:00:30+00:00","dateModified":"2022-02-10T15:51:49+00:00","mainEntityOfPage":{"@id":"https:\/\/www.suno.com.br\/noticias\/crise-ucrania-impactos-brasil\/"},"wordCount":2387,"publisher":{"@id":"https:\/\/www.suno.com.br\/noticias\/#organization"},"image":{"@id":"https:\/\/www.suno.com.br\/noticias\/crise-ucrania-impactos-brasil\/#primaryimage"},"thumbnailUrl":"https:\/\/files.sunoresearch.com.br\/n\/uploads\/2022\/02\/image-6046827-scaled.jpg","keywords":["Agroneg\u00f3cio","commodities","Especiais","Especialistas","Europa","g\u00e1s","Petr\u00f3leo","R\u00fassia"],"articleSection":["Internacional"],"inLanguage":"pt-BR"},{"@type":"WebPage","@id":"https:\/\/www.suno.com.br\/noticias\/crise-ucrania-impactos-brasil\/","url":"https:\/\/www.suno.com.br\/noticias\/crise-ucrania-impactos-brasil\/","name":"Ucr\u00e2nia: como a crise impacta seu bolso no Brasil, da gasolina \u00e0 comida","isPartOf":{"@id":"https:\/\/www.suno.com.br\/noticias\/#website"},"primaryImageOfPage":{"@id":"https:\/\/www.suno.com.br\/noticias\/crise-ucrania-impactos-brasil\/#primaryimage"},"image":{"@id":"https:\/\/www.suno.com.br\/noticias\/crise-ucrania-impactos-brasil\/#primaryimage"},"thumbnailUrl":"https:\/\/files.sunoresearch.com.br\/n\/uploads\/2022\/02\/image-6046827-scaled.jpg","datePublished":"2022-02-06T13:00:30+00:00","dateModified":"2022-02-10T15:51:49+00:00","description":"Confira os desdobramentos da crise entre Ucr\u00e2nia e R\u00fassia e os desdobramentos para o mercado brasileiro. Leia mais.","breadcrumb":{"@id":"https:\/\/www.suno.com.br\/noticias\/crise-ucrania-impactos-brasil\/#breadcrumb"},"inLanguage":"pt-BR","potentialAction":[{"@type":"ReadAction","target":["https:\/\/www.suno.com.br\/noticias\/crise-ucrania-impactos-brasil\/"]}]},{"@type":"ImageObject","inLanguage":"pt-BR","@id":"https:\/\/www.suno.com.br\/noticias\/crise-ucrania-impactos-brasil\/#primaryimage","url":"https:\/\/files.sunoresearch.com.br\/n\/uploads\/2022\/02\/image-6046827-scaled.jpg","contentUrl":"https:\/\/files.sunoresearch.com.br\/n\/uploads\/2022\/02\/image-6046827-scaled.jpg","width":2560,"height":1707,"caption":"Crise entre Ucr\u00e2nia e R\u00fassia. Foto: Pixabay."},{"@type":"BreadcrumbList","@id":"https:\/\/www.suno.com.br\/noticias\/crise-ucrania-impactos-brasil\/#breadcrumb","itemListElement":[{"@type":"ListItem","position":1,"name":"Not\u00edcias","item":"https:\/\/www.suno.com.br\/noticias\/"},{"@type":"ListItem","position":2,"name":"Internacional","item":"https:\/\/www.suno.com.br\/noticias\/internacional\/"},{"@type":"ListItem","position":3,"name":"Ucr\u00e2nia: como a crise impacta seu bolso no Brasil, da gasolina aos pre\u00e7os dos alimentos"}]},{"@type":"WebSite","@id":"https:\/\/www.suno.com.br\/noticias\/#website","url":"https:\/\/www.suno.com.br\/noticias\/","name":"Suno Not\u00edcias","description":"Seu portal de informa\u00e7\u00e3o sobre o mundo dos investimentos","publisher":{"@id":"https:\/\/www.suno.com.br\/noticias\/#organization"},"potentialAction":[{"@type":"SearchAction","target":{"@type":"EntryPoint","urlTemplate":"https:\/\/www.suno.com.br\/noticias\/?s={search_term_string}"},"query-input":{"@type":"PropertyValueSpecification","valueRequired":true,"valueName":"search_term_string"}}],"inLanguage":"pt-BR"},{"@type":"Organization","@id":"https:\/\/www.suno.com.br\/noticias\/#organization","name":"Suno Not\u00edcias","url":"https:\/\/www.suno.com.br\/noticias\/","logo":{"@type":"ImageObject","inLanguage":"pt-BR","@id":"https:\/\/www.suno.com.br\/noticias\/#\/schema\/logo\/image\/","url":"https:\/\/files.sunoresearch.com.br\/n\/uploads\/2021\/09\/suno-logo.png","contentUrl":"https:\/\/files.sunoresearch.com.br\/n\/uploads\/2021\/09\/suno-logo.png","width":180,"height":180,"caption":"Suno Not\u00edcias"},"image":{"@id":"https:\/\/www.suno.com.br\/noticias\/#\/schema\/logo\/image\/"},"sameAs":["https:\/\/facebook.com\/sunoresearch","https:\/\/x.com\/sunoresearch","https:\/\/www.instagram.com\/suno","https:\/\/www.linkedin.com\/company\/suno-research\/","https:\/\/www.youtube.com\/c\/sunoresearch"]},{"@type":"Person","@id":"https:\/\/www.suno.com.br\/noticias\/#\/schema\/person\/8d020643938f12a823508eb0e5fda407","name":"Pedro Caramuru","image":{"@type":"ImageObject","inLanguage":"pt-BR","@id":"https:\/\/www.suno.com.br\/noticias\/#\/schema\/person\/image\/","url":"https:\/\/secure.gravatar.com\/avatar\/1a3f15d3553507ae7a2debc6ea0ad87b?s=96&r=g","contentUrl":"https:\/\/secure.gravatar.com\/avatar\/1a3f15d3553507ae7a2debc6ea0ad87b?s=96&r=g","caption":"Pedro Caramuru"},"description":"Rep\u00f3rter de economia, mercado e pol\u00edtica brasileira para o Suno Not\u00edcias. Formado em jornalismo. J\u00e1 escreveu sobre pol\u00edtica e mercados internacionais para o Broadcast e Estad\u00e3o.","url":"https:\/\/www.suno.com.br\/noticias\/author\/pedro-caramurusuno-com-br\/"}]}},"default_loop_html":"<div class=\"cardsPage__listCard__boxs\"><div class=\"cardsPage__listCard__boxs__img\"><a href=\"https:\/\/www.suno.com.br\/noticias\/crise-ucrania-impactos-brasil\/\"><img class=\"mask\" src=\"https:\/\/www.suno.com.br\/noticias\/wp-content\/themes\/suno\/resources\/images\/spotlight\/spotlight1img\/bg-mask.png\" alt=\"Image Mask\"\/><img src=\"https:\/\/files.sunoresearch.com.br\/n\/uploads\/2022\/02\/image-6046827-400x200.jpg\" alt=\"Ucr\u00e2nia: como a crise impacta seu bolso no Brasil, da gasolina aos pre\u00e7os dos alimentos\"\/><\/a><span class=\"spotlightCategory\"><a href=\"https:\/\/www.suno.com.br\/noticias\/internacional\/\">Internacional<\/a><\/span><\/div><div class=\"cardsPage__listCard__boxs__content\"><a href=\"https:\/\/www.suno.com.br\/noticias\/crise-ucrania-impactos-brasil\/\"><h2 class=\"content__title\">Ucr\u00e2nia: como a crise impacta seu bolso no Brasil, da gasolina aos pre\u00e7os dos alimentos<\/h2><\/a><div class=\"newsContent__article__meta\"><div class=\"newsContent__article__meta__authorBox\"><a href=\"https:\/\/www.suno.com.br\/noticias\/author\/pedro-caramurusuno-com-br\/\" class=\"authorBox__avatar noMobi\"><img src=\"https:\/\/secure.gravatar.com\/avatar\/1a3f15d3553507ae7a2debc6ea0ad87b?s=96&#038;r=g\" alt=\"Pedro Caramuru\"><\/a><div class=\"authorBox__name\"><span>por\n\t\t\t<a href=\"https:\/\/www.suno.com.br\/noticias\/author\/pedro-caramurusuno-com-br\/\"><span itemprop=\"author\">Pedro Caramuru<\/span><\/a><\/span><time datetime=\"2022-02-06T10:00:30-03:00\" itemprop=\"datePublished\">06\/02\/2022 10:00<\/time><\/div><\/div><\/div><\/div><\/div>","single_layout":"posts","amp_enabled":true,"_links":{"self":[{"href":"https:\/\/www.suno.com.br\/noticias\/wp-json\/wp\/v2\/posts\/227057"}],"collection":[{"href":"https:\/\/www.suno.com.br\/noticias\/wp-json\/wp\/v2\/posts"}],"about":[{"href":"https:\/\/www.suno.com.br\/noticias\/wp-json\/wp\/v2\/types\/post"}],"author":[{"embeddable":true,"href":"https:\/\/www.suno.com.br\/noticias\/wp-json\/wp\/v2\/users\/145"}],"replies":[{"embeddable":true,"href":"https:\/\/www.suno.com.br\/noticias\/wp-json\/wp\/v2\/comments?post=227057"}],"version-history":[{"count":3,"href":"https:\/\/www.suno.com.br\/noticias\/wp-json\/wp\/v2\/posts\/227057\/revisions"}],"predecessor-version":[{"id":228607,"href":"https:\/\/www.suno.com.br\/noticias\/wp-json\/wp\/v2\/posts\/227057\/revisions\/228607"}],"wp:featuredmedia":[{"embeddable":true,"href":"https:\/\/www.suno.com.br\/noticias\/wp-json\/wp\/v2\/media\/227560"}],"wp:attachment":[{"href":"https:\/\/www.suno.com.br\/noticias\/wp-json\/wp\/v2\/media?parent=227057"}],"wp:term":[{"taxonomy":"category","embeddable":true,"href":"https:\/\/www.suno.com.br\/noticias\/wp-json\/wp\/v2\/categories?post=227057"},{"taxonomy":"post_tag","embeddable":true,"href":"https:\/\/www.suno.com.br\/noticias\/wp-json\/wp\/v2\/tags?post=227057"},{"taxonomy":"suno_strategy","embeddable":true,"href":"https:\/\/www.suno.com.br\/noticias\/wp-json\/wp\/v2\/suno_strategy?post=227057"}],"curies":[{"name":"wp","href":"https:\/\/api.w.org\/{rel}","templated":true}]}}