{"id":226990,"date":"2022-01-31T11:31:07","date_gmt":"2022-01-31T14:31:07","guid":{"rendered":"https:\/\/www.suno.com.br\/noticias\/?p=226990"},"modified":"2022-01-31T11:31:07","modified_gmt":"2022-01-31T14:31:07","slug":"dolar-hoje-volatil-ptax-31012022","status":"publish","type":"post","link":"https:\/\/www.suno.com.br\/noticias\/dolar-hoje-volatil-ptax-31012022\/","title":{"rendered":"D\u00f3lar est\u00e1 vol\u00e1til com disputa t\u00e9cnica em torno da Ptax do fim de janeiro"},"content":{"rendered":"<p>Em dia de fechamento da Ptax de janeiro, o <strong>d\u00f3lar<\/strong> est\u00e1 vol\u00e1til. A moeda Iniciou a sess\u00e3o desta segunda-feira (31), em baixa no mercado \u00e0 vista, sob influ\u00eancia da queda da moeda americana no exterior, mas virou e subia ante o real, diante da alta do <a class=\"suno-keyword\" href=\"https:\/\/www.suno.com.br\/artigos\/contrato-futuro\/\" target=\"_blank\" rel=\"noopener\" data-force=\"no\" data-priority=\"1\">contrato futuro<\/a> de mar\u00e7o &#8211; mais negociado a partir de hoje &#8211; desde os primeiros neg\u00f3cios.<\/p>\t<div class=\"wrapper-featured-image\">\n\t\t<figure class=\"spotlightImg\">\n\n\t\t\t<picture>\n\t\t\t\t<source media=\"(max-width: 768px)\" srcset=\"https:\/\/files.sunoresearch.com.br\/n\/uploads\/2021\/07\/98de8955-dollar-1362244_1920-400x200.jpg\">\n\t\t\t\t<img loading=\"lazy\" decoding=\"async\" class=\"newsContent__article__imgCapa lazyloadDisabled \" src=\"https:\/\/files.sunoresearch.com.br\/n\/uploads\/2021\/07\/98de8955-dollar-1362244_1920-800x450.jpg\" width=\"800\" height=\"450\" alt=\"D\u00f3lar est\u00e1 vol\u00e1til com disputa t\u00e9cnica em torno da Ptax do fim de janeiro\" fetchpriority=high \/>\n\t\t\t<\/picture>\n\n\t\t\t<figcaption class=\"wp-caption-text wp-caption-text--show\">D\u00f3lar. Foto: Pixabay<\/figcaption>\n\t\t<\/figure>\n\t<\/div>\n\n\n\t<p>\n\t\t<a href=\"https:\/\/lp.suno.com.br\/planilha-controle-gastos\/\" target=\"_blank\" data-element=\"shortcode-suno-banner\" title=\"Banner SUNO, clique e saiba mais\">\n\t\t\t<picture>\n\t\t\t\t<source media=\"(max-width: 500px)\" srcset=\"https:\/\/files.sunoresearch.com.br\/n\/uploads\/2023\/03\/400x300-Planilha-controle-de-gastos.png\">\n\t\t\t\t<img class=\"newsContent__article__imgCapa newsContent__article__imgCapa--banner\"\n\t\t\t\t\tsrc=\"https:\/\/files.sunoresearch.com.br\/n\/uploads\/2023\/03\/1420x240-Planilha-controle-de-gastos.png\"\n\t\t\t\t\tdata-promo-id=\"101751\"\t\t\t\t\t\t\t\t\t\twidth='1420' height='240'\t\t\t\t\talt=\"https:\/\/files.sunoresearch.com.br\/n\/uploads\/2023\/03\/1420x240-Planilha-controle-de-gastos.png\"\n\t\t\t\t>\n\t\t\t<\/picture>\n\t\t<\/a>\n\t<\/p>\n\n\n<p>\u00c0s 11h30 desta segunda-feira, o <strong>d\u00f3lar hoje<\/strong> tinha queda de 0,04%, a R$ 5,36, ap\u00f3s a m\u00e1xima, a R$ 5,39 (+0,14%). O <strong><a class=\"suno-keyword\" href=\"https:\/\/www.suno.com.br\/artigos\/dolar-futuro\/\" target=\"_blank\" rel=\"noopener\" data-force=\"no\" data-priority=\"1\">d\u00f3lar futuro<\/a><\/strong> para mar\u00e7o subia 0,39%, a R$ 5,42.<\/p>\n<p>O <strong>mercado de c\u00e2mbio<\/strong> reflete demanda de investidores comprados em contratos cambiais (defendem a alta dos pre\u00e7os)) em meio \u00e0 disputa t\u00e9cnica em torno da forma\u00e7\u00e3o da Ptax de fechamento de m\u00eas, ap\u00f3s o d\u00f3lar ter acumulado perdas de 3,33% em janeiro at\u00e9 a \u00faltima sexta-feira (28), com ingressos de fluxo estrangeiro e desmonte de posi\u00e7\u00f5es defensivas.<\/p>\n<p>No exterior, o <strong>d\u00f3lar esta mais fraco<\/strong>, com movimento de realiza\u00e7\u00e3o de ganhos recentes, mas os retornos dos Treasuries sobem em meio expectativas de in\u00edcio da alta de juros nos EUA em mar\u00e7o e com tens\u00f5es geopol\u00edticas e alta do petr\u00f3leo no radar. O fortalecimento do d\u00f3lar ante o real bem como a piora das proje\u00e7\u00f5es para <strong>IPCA<\/strong> e <a class=\"suno-keyword\" href=\"https:\/\/www.suno.com.br\/artigos\/pib-produto-interno-bruto\/\" target=\"_blank\" rel=\"noopener\" data-force=\"no\" data-priority=\"2\">Produto Interno Bruto (<strong>PIB<\/strong>)<\/a> na pesquisa Focus de hoje ajudam a exercer press\u00e3o de alta nas taxas curtas de juros tamb\u00e9m.<\/p>\n\t<p>\n\t\t<a href=\"https:\/\/lp.suno.com.br\/planilha-da-vida-financeira\/\" target=\"_blank\" data-element=\"shortcode-suno-banner\" title=\"Banner SUNO, clique e saiba mais\">\n\t\t\t<picture>\n\t\t\t\t<source media=\"(max-width: 500px)\" srcset=\"https:\/\/files.sunoresearch.com.br\/n\/uploads\/2023\/04\/400x300-Planilha-vida-financeira-true.png\">\n\t\t\t\t<img class=\"newsContent__article__imgCapa newsContent__article__imgCapa--banner\"\n\t\t\t\t\tsrc=\"https:\/\/files.sunoresearch.com.br\/n\/uploads\/2023\/04\/1420x240-Planilha-vida-financeira-true.png\"\n\t\t\t\t\tdata-promo-id=\"106682\"\t\t\t\t\t\t\t\t\t\twidth='1420' height='240'\t\t\t\t\talt=\"https:\/\/files.sunoresearch.com.br\/n\/uploads\/2023\/04\/1420x240-Planilha-vida-financeira-true.png\"\n\t\t\t\t>\n\t\t\t<\/picture>\n\t\t<\/a>\n\t<\/p>\n\n\n<p>Os investidores est\u00e3o na expectativa pela decis\u00e3o do Comit\u00ea de <a class=\"suno-keyword\" href=\"https:\/\/www.suno.com.br\/artigos\/politica-monetaria\/\" target=\"_blank\" rel=\"noopener\" data-force=\"no\" data-priority=\"1\">Pol\u00edtica Monet\u00e1ria<\/a> (Copom), na quarta-feira, e pelo relat\u00f3rio de emprego dos Estados Unidos, o &#8220;<strong>payroll<\/strong>&#8220;, na sexta-feira.<\/p>\n<p>Na Focus, mais cedo hoje, a mediana das estimativas para IPCA de 2022 subiu de 5,15% para 5,38% e para 2023, que \u00e9 foco do BC, avan\u00e7ou de 3,40% para 3,50%. J\u00e1 a proje\u00e7\u00e3o para do PIB de 2022 subiu de 0,29% para 0,30%, mas a de 2023 cedeu 1,69% para 1,55%<\/p>\n<p>Para o Copom desta semana, o mercado espera aumento de 150 pontos-base da <strong>Selic<\/strong> para 10,75% ao ano. O Goldman Sachs diz que a expectativa \u00e9 que o Copom d\u00ea uma sinaliza\u00e7\u00e3o futura de que um aperto adicional est\u00e1 por vir, mas sem indicar explicitamente a magnitude do pr\u00f3ximo movimento da taxa. &#8220;Isso provavelmente seria interpretado como deixando a porta aberta para uma alta mais branda da Selic em mar\u00e7o&#8221;, afirma o analista Alberto Ramos,<\/p>\n<p>O Barclays avalia que h\u00e1 espa\u00e7o para que o colegiado sinalize uma redu\u00e7\u00e3o do ritmo de aperto em mar\u00e7o, apesar dos \u00faltimos dados de infla\u00e7\u00e3o. O UBS acredita que &#8220;o <strong>Copom<\/strong> provavelmente vai apontar a infla\u00e7\u00e3o corrente e as expectativas deterioradas como as principais raz\u00f5es pelas quais a sua proje\u00e7\u00e3o de IPCA continuar\u00e1 acima da meta oficial, da\u00ed a necessidade de uma <a class=\"suno-keyword\" href=\"https:\/\/www.suno.com.br\/artigos\/juros\/\" target=\"_blank\" rel=\"noopener\" data-force=\"no\" data-priority=\"2\">taxa de juros<\/a> mais restritiva&#8221;.<\/p>\n<p>Nos pr\u00f3ximos dias, s\u00e3o esperados tamb\u00e9m o IPC-S de janeiro e a balan\u00e7a comercial mensal, na ter\u00e7a-feira; o IPC-Fipe de janeiro e os dados da produ\u00e7\u00e3o industrial de dezembro, na quarta-feira.<\/p>\n<h2>\u00daltima cota\u00e7\u00e3o do d\u00f3lar<\/h2>\n<p>Na \u00faltima sess\u00e3o, sexta-feira (28), o <strong>d\u00f3lar<\/strong> encerrou o preg\u00e3o em queda de 0,62%, negociado a R$ 5,39.<\/p>\n<p><em>(Com informa\u00e7\u00f5es do Estad\u00e3o Conte\u00fado)<\/em><\/p>\n\t<p>\n\t\t<a href=\"https:\/\/lp.suno.com.br\/planilha-de-controle-de-investimentos\/\" target=\"_blank\" data-element=\"shortcode-suno-banner\" title=\"Banner SUNO, clique e saiba mais\">\n\t\t\t<picture>\n\t\t\t\t<source media=\"(max-width: 500px)\" srcset=\"https:\/\/files.sunoresearch.com.br\/n\/uploads\/2023\/03\/400x300-Controle-de-Investimentos.png\">\n\t\t\t\t<img class=\"newsContent__article__imgCapa newsContent__article__imgCapa--banner\"\n\t\t\t\t\tsrc=\"https:\/\/files.sunoresearch.com.br\/n\/uploads\/2023\/03\/1420x240-Controle-de-Investimentos.png\"\n\t\t\t\t\tdata-promo-id=\"75934\"\t\t\t\t\t\t\t\t\t\twidth='1420' height='240'\t\t\t\t\talt=\"https:\/\/files.sunoresearch.com.br\/n\/uploads\/2023\/03\/1420x240-Controle-de-Investimentos.png\"\n\t\t\t\t>\n\t\t\t<\/picture>\n\t\t<\/a>\n\t<\/p>\n\n\n","protected":false},"excerpt":{"rendered":"<p>Em dia de fechamento da Ptax de janeiro, o d\u00f3lar est\u00e1 vol\u00e1til. A moeda Iniciou a sess\u00e3o desta segunda-feira (31), em baixa no mercado \u00e0 vista, sob influ\u00eancia da queda da moeda americana no exterior, mas virou e subia ante o real, diante da alta do contrato futuro de mar\u00e7o &#8211; mais negociado a partir [&hellip;]<\/p>\n","protected":false},"author":15,"featured_media":166671,"comment_status":"closed","ping_status":"closed","sticky":false,"template":"","format":"standard","meta":[],"categories":[60],"tags":[326,1852,105816],"suno_strategy":[],"class_list":["post-226990","post","type-post","status-publish","format-standard","has-post-thumbnail","hentry","category-mercado","tag-dolar","tag-dolar-futuro","tag-especialistas"],"yoast_head":"<!-- This site is optimized with the Yoast SEO plugin v24.4 - https:\/\/yoast.com\/wordpress\/plugins\/seo\/ -->\n<title>D\u00f3lar est\u00e1 vol\u00e1til com disputa t\u00e9cnica em torno da Ptax do fim de janeiro<\/title>\n<meta name=\"description\" content=\"\u00c0s 11h30 desta segunda-feira, o d\u00f3lar hoje tinha queda de 0,04%, a R$ 5,36. O d\u00f3lar futuro para mar\u00e7o subia 0,39%, a R$ 5,42. Clique aqu\" \/>\n<meta name=\"robots\" content=\"index, follow, max-snippet:-1, max-image-preview:large, max-video-preview:-1\" \/>\n<link rel=\"canonical\" href=\"https:\/\/www.suno.com.br\/noticias\/dolar-hoje-volatil-ptax-31012022\/\" \/>\n<meta property=\"og:locale\" content=\"pt_BR\" \/>\n<meta property=\"og:type\" content=\"article\" \/>\n<meta property=\"og:title\" content=\"D\u00f3lar est\u00e1 vol\u00e1til com disputa t\u00e9cnica em torno da Ptax do fim de janeiro\" \/>\n<meta property=\"og:description\" content=\"\u00c0s 11h30 desta segunda-feira, o d\u00f3lar hoje tinha queda de 0,04%, a R$ 5,36. O d\u00f3lar futuro para mar\u00e7o subia 0,39%, a R$ 5,42. Clique aqu\" \/>\n<meta property=\"og:url\" content=\"https:\/\/www.suno.com.br\/noticias\/dolar-hoje-volatil-ptax-31012022\/\" \/>\n<meta property=\"og:site_name\" content=\"Suno Not\u00edcias\" \/>\n<meta property=\"article:publisher\" content=\"https:\/\/facebook.com\/sunoresearch\" \/>\n<meta property=\"og:image\" content=\"https:\/\/files.sunoresearch.com.br\/n\/uploads\/2021\/07\/98de8955-dollar-1362244_1920.jpg\" \/>\n\t<meta property=\"og:image:width\" content=\"1920\" \/>\n\t<meta property=\"og:image:height\" content=\"1280\" \/>\n\t<meta property=\"og:image:type\" content=\"image\/jpeg\" \/>\n<meta name=\"author\" content=\"Poliana Santos\" \/>\n<meta name=\"twitter:card\" content=\"summary_large_image\" \/>\n<meta name=\"twitter:creator\" content=\"@sunoresearch\" \/>\n<meta name=\"twitter:site\" content=\"@sunoresearch\" \/>\n<meta name=\"twitter:label1\" content=\"Escrito por\" \/>\n\t<meta name=\"twitter:data1\" content=\"Poliana Santos\" \/>\n\t<meta name=\"twitter:label2\" content=\"Est. tempo de leitura\" \/>\n\t<meta name=\"twitter:data2\" content=\"3 minutos\" \/>\n<script type=\"application\/ld+json\" class=\"yoast-schema-graph\">{\"@context\":\"https:\/\/schema.org\",\"@graph\":[{\"@type\":\"NewsArticle\",\"@id\":\"https:\/\/www.suno.com.br\/noticias\/dolar-hoje-volatil-ptax-31012022\/#article\",\"isPartOf\":{\"@id\":\"https:\/\/www.suno.com.br\/noticias\/dolar-hoje-volatil-ptax-31012022\/\"},\"author\":{\"name\":\"Poliana Santos\",\"@id\":\"https:\/\/www.suno.com.br\/noticias\/#\/schema\/person\/02ec1f752758247878a2bf4abee1aeda\"},\"headline\":\"D\u00f3lar est\u00e1 vol\u00e1til com disputa t\u00e9cnica em torno da Ptax do fim de janeiro\",\"datePublished\":\"2022-01-31T14:31:07+00:00\",\"mainEntityOfPage\":{\"@id\":\"https:\/\/www.suno.com.br\/noticias\/dolar-hoje-volatil-ptax-31012022\/\"},\"wordCount\":566,\"publisher\":{\"@id\":\"https:\/\/www.suno.com.br\/noticias\/#organization\"},\"image\":{\"@id\":\"https:\/\/www.suno.com.br\/noticias\/dolar-hoje-volatil-ptax-31012022\/#primaryimage\"},\"thumbnailUrl\":\"https:\/\/files.sunoresearch.com.br\/n\/uploads\/2021\/07\/98de8955-dollar-1362244_1920.jpg\",\"keywords\":[\"d\u00f3lar\",\"d\u00f3lar futuro\",\"Especialistas\"],\"articleSection\":[\"Mercado\"],\"inLanguage\":\"pt-BR\"},{\"@type\":\"WebPage\",\"@id\":\"https:\/\/www.suno.com.br\/noticias\/dolar-hoje-volatil-ptax-31012022\/\",\"url\":\"https:\/\/www.suno.com.br\/noticias\/dolar-hoje-volatil-ptax-31012022\/\",\"name\":\"D\u00f3lar est\u00e1 vol\u00e1til com disputa t\u00e9cnica em torno da Ptax do fim de janeiro\",\"isPartOf\":{\"@id\":\"https:\/\/www.suno.com.br\/noticias\/#website\"},\"primaryImageOfPage\":{\"@id\":\"https:\/\/www.suno.com.br\/noticias\/dolar-hoje-volatil-ptax-31012022\/#primaryimage\"},\"image\":{\"@id\":\"https:\/\/www.suno.com.br\/noticias\/dolar-hoje-volatil-ptax-31012022\/#primaryimage\"},\"thumbnailUrl\":\"https:\/\/files.sunoresearch.com.br\/n\/uploads\/2021\/07\/98de8955-dollar-1362244_1920.jpg\",\"datePublished\":\"2022-01-31T14:31:07+00:00\",\"description\":\"\u00c0s 11h30 desta segunda-feira, o d\u00f3lar hoje tinha queda de 0,04%, a R$ 5,36. O d\u00f3lar futuro para mar\u00e7o subia 0,39%, a R$ 5,42. Clique aqu\",\"breadcrumb\":{\"@id\":\"https:\/\/www.suno.com.br\/noticias\/dolar-hoje-volatil-ptax-31012022\/#breadcrumb\"},\"inLanguage\":\"pt-BR\",\"potentialAction\":[{\"@type\":\"ReadAction\",\"target\":[\"https:\/\/www.suno.com.br\/noticias\/dolar-hoje-volatil-ptax-31012022\/\"]}]},{\"@type\":\"ImageObject\",\"inLanguage\":\"pt-BR\",\"@id\":\"https:\/\/www.suno.com.br\/noticias\/dolar-hoje-volatil-ptax-31012022\/#primaryimage\",\"url\":\"https:\/\/files.sunoresearch.com.br\/n\/uploads\/2021\/07\/98de8955-dollar-1362244_1920.jpg\",\"contentUrl\":\"https:\/\/files.sunoresearch.com.br\/n\/uploads\/2021\/07\/98de8955-dollar-1362244_1920.jpg\",\"width\":1920,\"height\":1280,\"caption\":\"D\u00f3lar. Foto: Pixabay\"},{\"@type\":\"BreadcrumbList\",\"@id\":\"https:\/\/www.suno.com.br\/noticias\/dolar-hoje-volatil-ptax-31012022\/#breadcrumb\",\"itemListElement\":[{\"@type\":\"ListItem\",\"position\":1,\"name\":\"Not\u00edcias\",\"item\":\"https:\/\/www.suno.com.br\/noticias\/\"},{\"@type\":\"ListItem\",\"position\":2,\"name\":\"Mercado\",\"item\":\"https:\/\/www.suno.com.br\/noticias\/mercado\/\"},{\"@type\":\"ListItem\",\"position\":3,\"name\":\"D\u00f3lar est\u00e1 vol\u00e1til com disputa t\u00e9cnica em torno da Ptax do fim de janeiro\"}]},{\"@type\":\"WebSite\",\"@id\":\"https:\/\/www.suno.com.br\/noticias\/#website\",\"url\":\"https:\/\/www.suno.com.br\/noticias\/\",\"name\":\"Suno Not\u00edcias\",\"description\":\"Seu portal de informa\u00e7\u00e3o sobre o mundo dos investimentos\",\"publisher\":{\"@id\":\"https:\/\/www.suno.com.br\/noticias\/#organization\"},\"potentialAction\":[{\"@type\":\"SearchAction\",\"target\":{\"@type\":\"EntryPoint\",\"urlTemplate\":\"https:\/\/www.suno.com.br\/noticias\/?s={search_term_string}\"},\"query-input\":{\"@type\":\"PropertyValueSpecification\",\"valueRequired\":true,\"valueName\":\"search_term_string\"}}],\"inLanguage\":\"pt-BR\"},{\"@type\":\"Organization\",\"@id\":\"https:\/\/www.suno.com.br\/noticias\/#organization\",\"name\":\"Suno Not\u00edcias\",\"url\":\"https:\/\/www.suno.com.br\/noticias\/\",\"logo\":{\"@type\":\"ImageObject\",\"inLanguage\":\"pt-BR\",\"@id\":\"https:\/\/www.suno.com.br\/noticias\/#\/schema\/logo\/image\/\",\"url\":\"https:\/\/files.sunoresearch.com.br\/n\/uploads\/2021\/09\/suno-logo.png\",\"contentUrl\":\"https:\/\/files.sunoresearch.com.br\/n\/uploads\/2021\/09\/suno-logo.png\",\"width\":180,\"height\":180,\"caption\":\"Suno Not\u00edcias\"},\"image\":{\"@id\":\"https:\/\/www.suno.com.br\/noticias\/#\/schema\/logo\/image\/\"},\"sameAs\":[\"https:\/\/facebook.com\/sunoresearch\",\"https:\/\/x.com\/sunoresearch\",\"https:\/\/www.instagram.com\/suno\",\"https:\/\/www.linkedin.com\/company\/suno-research\/\",\"https:\/\/www.youtube.com\/c\/sunoresearch\"]},{\"@type\":\"Person\",\"@id\":\"https:\/\/www.suno.com.br\/noticias\/#\/schema\/person\/02ec1f752758247878a2bf4abee1aeda\",\"name\":\"Poliana Santos\",\"image\":{\"@type\":\"ImageObject\",\"inLanguage\":\"pt-BR\",\"@id\":\"https:\/\/www.suno.com.br\/noticias\/#\/schema\/person\/image\/\",\"url\":\"https:\/\/secure.gravatar.com\/avatar\/0645bd32f23d87b2130f2b2dff1d3f8d?s=96&r=g\",\"contentUrl\":\"https:\/\/secure.gravatar.com\/avatar\/0645bd32f23d87b2130f2b2dff1d3f8d?s=96&r=g\",\"caption\":\"Poliana Santos\"},\"description\":\"Rep\u00f3rter no Suno Not\u00edcias, com cobertura em mercado financeiro, economia, finan\u00e7as pessoais, renda fixa e varejo. Jornalista formada pela Faculdade C\u00e1sper L\u00edbero e possui passagem na R\u00e1dio Gazeta AM com a produ\u00e7\u00e3o de conte\u00fado sobre economia, pol\u00edtica, sa\u00fade, moda e m\u00fasica. Possui certificado de conclus\u00e3o do curso de An\u00e1lise de Balan\u00e7os pela Funda\u00e7\u00e3o Bradesco, Agenda Brasil pela FAAP, Educa\u00e7\u00e3o Pol\u00edtica por Alexandre Garcia e do Tesouro Direto e Mercado de A\u00e7\u00f5es pela B3.\",\"url\":\"https:\/\/www.suno.com.br\/noticias\/author\/poliana-santos\/\"}]}<\/script>\n<!-- \/ Yoast SEO plugin. -->","yoast_head_json":{"title":"D\u00f3lar est\u00e1 vol\u00e1til com disputa t\u00e9cnica em torno da Ptax do fim de janeiro","description":"\u00c0s 11h30 desta segunda-feira, o d\u00f3lar hoje tinha queda de 0,04%, a R$ 5,36. O d\u00f3lar futuro para mar\u00e7o subia 0,39%, a R$ 5,42. Clique aqu","robots":{"index":"index","follow":"follow","max-snippet":"max-snippet:-1","max-image-preview":"max-image-preview:large","max-video-preview":"max-video-preview:-1"},"canonical":"https:\/\/www.suno.com.br\/noticias\/dolar-hoje-volatil-ptax-31012022\/","og_locale":"pt_BR","og_type":"article","og_title":"D\u00f3lar est\u00e1 vol\u00e1til com disputa t\u00e9cnica em torno da Ptax do fim de janeiro","og_description":"\u00c0s 11h30 desta segunda-feira, o d\u00f3lar hoje tinha queda de 0,04%, a R$ 5,36. O d\u00f3lar futuro para mar\u00e7o subia 0,39%, a R$ 5,42. Clique aqu","og_url":"https:\/\/www.suno.com.br\/noticias\/dolar-hoje-volatil-ptax-31012022\/","og_site_name":"Suno Not\u00edcias","article_publisher":"https:\/\/facebook.com\/sunoresearch","og_image":[{"width":1920,"height":1280,"url":"https:\/\/files.sunoresearch.com.br\/n\/uploads\/2021\/07\/98de8955-dollar-1362244_1920.jpg","type":"image\/jpeg"}],"author":"Poliana Santos","twitter_card":"summary_large_image","twitter_creator":"@sunoresearch","twitter_site":"@sunoresearch","twitter_misc":{"Escrito por":"Poliana Santos","Est. tempo de leitura":"3 minutos"},"schema":{"@context":"https:\/\/schema.org","@graph":[{"@type":"NewsArticle","@id":"https:\/\/www.suno.com.br\/noticias\/dolar-hoje-volatil-ptax-31012022\/#article","isPartOf":{"@id":"https:\/\/www.suno.com.br\/noticias\/dolar-hoje-volatil-ptax-31012022\/"},"author":{"name":"Poliana Santos","@id":"https:\/\/www.suno.com.br\/noticias\/#\/schema\/person\/02ec1f752758247878a2bf4abee1aeda"},"headline":"D\u00f3lar est\u00e1 vol\u00e1til com disputa t\u00e9cnica em torno da Ptax do fim de janeiro","datePublished":"2022-01-31T14:31:07+00:00","mainEntityOfPage":{"@id":"https:\/\/www.suno.com.br\/noticias\/dolar-hoje-volatil-ptax-31012022\/"},"wordCount":566,"publisher":{"@id":"https:\/\/www.suno.com.br\/noticias\/#organization"},"image":{"@id":"https:\/\/www.suno.com.br\/noticias\/dolar-hoje-volatil-ptax-31012022\/#primaryimage"},"thumbnailUrl":"https:\/\/files.sunoresearch.com.br\/n\/uploads\/2021\/07\/98de8955-dollar-1362244_1920.jpg","keywords":["d\u00f3lar","d\u00f3lar futuro","Especialistas"],"articleSection":["Mercado"],"inLanguage":"pt-BR"},{"@type":"WebPage","@id":"https:\/\/www.suno.com.br\/noticias\/dolar-hoje-volatil-ptax-31012022\/","url":"https:\/\/www.suno.com.br\/noticias\/dolar-hoje-volatil-ptax-31012022\/","name":"D\u00f3lar est\u00e1 vol\u00e1til com disputa t\u00e9cnica em torno da Ptax do fim de janeiro","isPartOf":{"@id":"https:\/\/www.suno.com.br\/noticias\/#website"},"primaryImageOfPage":{"@id":"https:\/\/www.suno.com.br\/noticias\/dolar-hoje-volatil-ptax-31012022\/#primaryimage"},"image":{"@id":"https:\/\/www.suno.com.br\/noticias\/dolar-hoje-volatil-ptax-31012022\/#primaryimage"},"thumbnailUrl":"https:\/\/files.sunoresearch.com.br\/n\/uploads\/2021\/07\/98de8955-dollar-1362244_1920.jpg","datePublished":"2022-01-31T14:31:07+00:00","description":"\u00c0s 11h30 desta segunda-feira, o d\u00f3lar hoje tinha queda de 0,04%, a R$ 5,36. O d\u00f3lar futuro para mar\u00e7o subia 0,39%, a R$ 5,42. Clique aqu","breadcrumb":{"@id":"https:\/\/www.suno.com.br\/noticias\/dolar-hoje-volatil-ptax-31012022\/#breadcrumb"},"inLanguage":"pt-BR","potentialAction":[{"@type":"ReadAction","target":["https:\/\/www.suno.com.br\/noticias\/dolar-hoje-volatil-ptax-31012022\/"]}]},{"@type":"ImageObject","inLanguage":"pt-BR","@id":"https:\/\/www.suno.com.br\/noticias\/dolar-hoje-volatil-ptax-31012022\/#primaryimage","url":"https:\/\/files.sunoresearch.com.br\/n\/uploads\/2021\/07\/98de8955-dollar-1362244_1920.jpg","contentUrl":"https:\/\/files.sunoresearch.com.br\/n\/uploads\/2021\/07\/98de8955-dollar-1362244_1920.jpg","width":1920,"height":1280,"caption":"D\u00f3lar. Foto: Pixabay"},{"@type":"BreadcrumbList","@id":"https:\/\/www.suno.com.br\/noticias\/dolar-hoje-volatil-ptax-31012022\/#breadcrumb","itemListElement":[{"@type":"ListItem","position":1,"name":"Not\u00edcias","item":"https:\/\/www.suno.com.br\/noticias\/"},{"@type":"ListItem","position":2,"name":"Mercado","item":"https:\/\/www.suno.com.br\/noticias\/mercado\/"},{"@type":"ListItem","position":3,"name":"D\u00f3lar est\u00e1 vol\u00e1til com disputa t\u00e9cnica em torno da Ptax do fim de janeiro"}]},{"@type":"WebSite","@id":"https:\/\/www.suno.com.br\/noticias\/#website","url":"https:\/\/www.suno.com.br\/noticias\/","name":"Suno Not\u00edcias","description":"Seu portal de informa\u00e7\u00e3o sobre o mundo dos investimentos","publisher":{"@id":"https:\/\/www.suno.com.br\/noticias\/#organization"},"potentialAction":[{"@type":"SearchAction","target":{"@type":"EntryPoint","urlTemplate":"https:\/\/www.suno.com.br\/noticias\/?s={search_term_string}"},"query-input":{"@type":"PropertyValueSpecification","valueRequired":true,"valueName":"search_term_string"}}],"inLanguage":"pt-BR"},{"@type":"Organization","@id":"https:\/\/www.suno.com.br\/noticias\/#organization","name":"Suno Not\u00edcias","url":"https:\/\/www.suno.com.br\/noticias\/","logo":{"@type":"ImageObject","inLanguage":"pt-BR","@id":"https:\/\/www.suno.com.br\/noticias\/#\/schema\/logo\/image\/","url":"https:\/\/files.sunoresearch.com.br\/n\/uploads\/2021\/09\/suno-logo.png","contentUrl":"https:\/\/files.sunoresearch.com.br\/n\/uploads\/2021\/09\/suno-logo.png","width":180,"height":180,"caption":"Suno Not\u00edcias"},"image":{"@id":"https:\/\/www.suno.com.br\/noticias\/#\/schema\/logo\/image\/"},"sameAs":["https:\/\/facebook.com\/sunoresearch","https:\/\/x.com\/sunoresearch","https:\/\/www.instagram.com\/suno","https:\/\/www.linkedin.com\/company\/suno-research\/","https:\/\/www.youtube.com\/c\/sunoresearch"]},{"@type":"Person","@id":"https:\/\/www.suno.com.br\/noticias\/#\/schema\/person\/02ec1f752758247878a2bf4abee1aeda","name":"Poliana Santos","image":{"@type":"ImageObject","inLanguage":"pt-BR","@id":"https:\/\/www.suno.com.br\/noticias\/#\/schema\/person\/image\/","url":"https:\/\/secure.gravatar.com\/avatar\/0645bd32f23d87b2130f2b2dff1d3f8d?s=96&r=g","contentUrl":"https:\/\/secure.gravatar.com\/avatar\/0645bd32f23d87b2130f2b2dff1d3f8d?s=96&r=g","caption":"Poliana Santos"},"description":"Rep\u00f3rter no Suno Not\u00edcias, com cobertura em mercado financeiro, economia, finan\u00e7as pessoais, renda fixa e varejo. Jornalista formada pela Faculdade C\u00e1sper L\u00edbero e possui passagem na R\u00e1dio Gazeta AM com a produ\u00e7\u00e3o de conte\u00fado sobre economia, pol\u00edtica, sa\u00fade, moda e m\u00fasica. Possui certificado de conclus\u00e3o do curso de An\u00e1lise de Balan\u00e7os pela Funda\u00e7\u00e3o Bradesco, Agenda Brasil pela FAAP, Educa\u00e7\u00e3o Pol\u00edtica por Alexandre Garcia e do Tesouro Direto e Mercado de A\u00e7\u00f5es pela B3.","url":"https:\/\/www.suno.com.br\/noticias\/author\/poliana-santos\/"}]}},"default_loop_html":"<div class=\"cardsPage__listCard__boxs\"><div class=\"cardsPage__listCard__boxs__img\"><a href=\"https:\/\/www.suno.com.br\/noticias\/dolar-hoje-volatil-ptax-31012022\/\"><img class=\"mask\" src=\"https:\/\/www.suno.com.br\/noticias\/wp-content\/themes\/suno\/resources\/images\/spotlight\/spotlight1img\/bg-mask.png\" alt=\"Image Mask\"\/><img src=\"https:\/\/files.sunoresearch.com.br\/n\/uploads\/2021\/07\/98de8955-dollar-1362244_1920-400x200.jpg\" alt=\"D\u00f3lar est\u00e1 vol\u00e1til com disputa t\u00e9cnica em torno da Ptax do fim de janeiro\"\/><\/a><span class=\"spotlightCategory\"><a href=\"https:\/\/www.suno.com.br\/noticias\/mercado\/\">Mercado<\/a><\/span><\/div><div class=\"cardsPage__listCard__boxs__content\"><a href=\"https:\/\/www.suno.com.br\/noticias\/dolar-hoje-volatil-ptax-31012022\/\"><h2 class=\"content__title\">D\u00f3lar est\u00e1 vol\u00e1til com disputa t\u00e9cnica em torno da Ptax do fim de janeiro<\/h2><\/a><div class=\"newsContent__article__meta\"><div class=\"newsContent__article__meta__authorBox\"><a href=\"https:\/\/www.suno.com.br\/noticias\/author\/poliana-santos\/\" class=\"authorBox__avatar noMobi\"><img src=\"https:\/\/files.sunoresearch.com.br\/n\/uploads\/2020\/08\/7ef34026-whatsapp-image-2020-08-03-at-12.37.57-150x150.webp\" alt=\"Poliana Santos\"><\/a><div class=\"authorBox__name\"><span>por\n\t\t\t<a href=\"https:\/\/www.suno.com.br\/noticias\/author\/poliana-santos\/\"><span itemprop=\"author\">Poliana Santos<\/span><\/a><\/span><time datetime=\"2022-01-31T11:31:07-03:00\" itemprop=\"datePublished\">31\/01\/2022 11:31<\/time><\/div><\/div><\/div><\/div><\/div>","single_layout":"posts","amp_enabled":true,"_links":{"self":[{"href":"https:\/\/www.suno.com.br\/noticias\/wp-json\/wp\/v2\/posts\/226990"}],"collection":[{"href":"https:\/\/www.suno.com.br\/noticias\/wp-json\/wp\/v2\/posts"}],"about":[{"href":"https:\/\/www.suno.com.br\/noticias\/wp-json\/wp\/v2\/types\/post"}],"author":[{"embeddable":true,"href":"https:\/\/www.suno.com.br\/noticias\/wp-json\/wp\/v2\/users\/15"}],"replies":[{"embeddable":true,"href":"https:\/\/www.suno.com.br\/noticias\/wp-json\/wp\/v2\/comments?post=226990"}],"version-history":[{"count":2,"href":"https:\/\/www.suno.com.br\/noticias\/wp-json\/wp\/v2\/posts\/226990\/revisions"}],"predecessor-version":[{"id":227028,"href":"https:\/\/www.suno.com.br\/noticias\/wp-json\/wp\/v2\/posts\/226990\/revisions\/227028"}],"wp:featuredmedia":[{"embeddable":true,"href":"https:\/\/www.suno.com.br\/noticias\/wp-json\/wp\/v2\/media\/166671"}],"wp:attachment":[{"href":"https:\/\/www.suno.com.br\/noticias\/wp-json\/wp\/v2\/media?parent=226990"}],"wp:term":[{"taxonomy":"category","embeddable":true,"href":"https:\/\/www.suno.com.br\/noticias\/wp-json\/wp\/v2\/categories?post=226990"},{"taxonomy":"post_tag","embeddable":true,"href":"https:\/\/www.suno.com.br\/noticias\/wp-json\/wp\/v2\/tags?post=226990"},{"taxonomy":"suno_strategy","embeddable":true,"href":"https:\/\/www.suno.com.br\/noticias\/wp-json\/wp\/v2\/suno_strategy?post=226990"}],"curies":[{"name":"wp","href":"https:\/\/api.w.org\/{rel}","templated":true}]}}