{"id":226971,"date":"2022-01-31T10:09:57","date_gmt":"2022-01-31T13:09:57","guid":{"rendered":"https:\/\/www.suno.com.br\/noticias\/?p=226971"},"modified":"2022-01-31T10:09:57","modified_gmt":"2022-01-31T13:09:57","slug":"oi-oibr3-petrobras-petr4-agitam-mercado-financeiro","status":"publish","type":"post","link":"https:\/\/www.suno.com.br\/noticias\/oi-oibr3-petrobras-petr4-agitam-mercado-financeiro\/","title":{"rendered":"Oi (OIBR3), Petrobras (PETR4) e Eletrobras (ELET3) agitam mercado financeiro"},"content":{"rendered":"<p>Nos destaques do <a class=\"suno-keyword\" href=\"https:\/\/www.suno.com.br\/guias\/mercado-financeiro\/\" target=\"_blank\" rel=\"noopener\" data-force=\"no\" data-priority=\"2\">mercado financeiro<\/a> desta segunda-feira (31), chama a aten\u00e7\u00e3o do investidor a reuni\u00e3o da Ag\u00eancia Nacional de Telecomunica\u00e7\u00f5es (Anatel) sobre a venda dos ativos m\u00f3veis da <a class=\"suno-keyword\" href=\"https:\/\/www.suno.com.br\/acoes\/OIBR3\/\" target=\"_blank\" rel=\"noopener\" data-force=\"yes\" data-priority=\"2\"><strong>Oi<\/strong> (OIBR3)<\/a> para o cons\u00f3rcio <a class=\"suno-keyword\" href=\"https:\/\/www.suno.com.br\/acoes\/TIMS3\/\" target=\"_blank\" rel=\"noopener\" data-force=\"yes\" data-priority=\"2\">TIM (TIMS3)<\/a>, <a class=\"suno-keyword\" href=\"https:\/\/www.suno.com.br\/acoes\/VIVT3\/\" target=\"_blank\" rel=\"noopener\" data-force=\"yes\" data-priority=\"2\">Vivo (VIVT3)<\/a> e Claro.<\/p>\t<div class=\"wrapper-featured-image\">\n\t\t<figure class=\"spotlightImg\">\n\n\t\t\t<picture>\n\t\t\t\t<source media=\"(max-width: 768px)\" srcset=\"https:\/\/files.sunoresearch.com.br\/n\/uploads\/2021\/08\/bb1cedf7-loja-oi1-400x200.jpg\">\n\t\t\t\t<img loading=\"lazy\" decoding=\"async\" class=\"newsContent__article__imgCapa lazyloadDisabled \" src=\"https:\/\/files.sunoresearch.com.br\/n\/uploads\/2021\/08\/bb1cedf7-loja-oi1-800x450.jpg\" width=\"800\" height=\"450\" alt=\"Oi (OIBR3), Petrobras (PETR4) e Eletrobras (ELET3) agitam mercado financeiro\" fetchpriority=high \/>\n\t\t\t<\/picture>\n\n\t\t\t<figcaption class=\"wp-caption-text wp-caption-text--show\">Oi. Foto: Divulga\u00e7\u00e3o<\/figcaption>\n\t\t<\/figure>\n\t<\/div>\n\n\n\t<p>\n\t\t<a href=\"https:\/\/lp.suno.com.br\/planilha-controle-gastos\/\" target=\"_blank\" data-element=\"shortcode-suno-banner\" title=\"Banner SUNO, clique e saiba mais\">\n\t\t\t<picture>\n\t\t\t\t<source media=\"(max-width: 500px)\" srcset=\"https:\/\/files.sunoresearch.com.br\/n\/uploads\/2023\/03\/400x300-Planilha-controle-de-gastos.png\">\n\t\t\t\t<img class=\"newsContent__article__imgCapa newsContent__article__imgCapa--banner\"\n\t\t\t\t\tsrc=\"https:\/\/files.sunoresearch.com.br\/n\/uploads\/2023\/03\/1420x240-Planilha-controle-de-gastos.png\"\n\t\t\t\t\tdata-promo-id=\"101751\"\t\t\t\t\t\t\t\t\t\twidth='1420' height='240'\t\t\t\t\talt=\"https:\/\/files.sunoresearch.com.br\/n\/uploads\/2023\/03\/1420x240-Planilha-controle-de-gastos.png\"\n\t\t\t\t>\n\t\t\t<\/picture>\n\t\t<\/a>\n\t<\/p>\n\n\n<p>Al\u00e9m da Oi, est\u00e1 entre os destaques do mercado financeiro a <a class=\"suno-keyword\" href=\"https:\/\/www.suno.com.br\/acoes\/PETR4\/\" target=\"_blank\" rel=\"noopener\" data-force=\"yes\" data-priority=\"2\"><strong>Petrobras<\/strong> (PETR4)<\/a> e a <a class=\"suno-keyword\" href=\"https:\/\/www.suno.com.br\/acoes\/ENEV3\/\" target=\"_blank\" rel=\"noopener\" data-force=\"yes\" data-priority=\"2\"><strong>Eneva<\/strong> (ENEV3)<\/a> que n\u00e3o entraram em acordo sobre a venda do Polo Urucu. J\u00e1 a <a class=\"suno-keyword\" href=\"https:\/\/www.suno.com.br\/acoes\/ELET3\/\" target=\"_blank\" rel=\"noopener\" data-force=\"yes\" data-priority=\"2\"><strong>Eletrobras<\/strong> (ELET3)<\/a> aprovou o valor de R$ 121 milh\u00f5es de saldo a receber da Ceron.<\/p>\n<p>Por sua vez, a <a href=\"https:\/\/statusinvest.com.br\/acoes\/amer3?__hstc=189907700.b8d238f187a0cdef1d9182426e6ea787.1638804500366.1643398066353.1643401968740.163&amp;__hssc=189907700.59.1643401968740&amp;__hsfp=92170559\"><strong>Americanas<\/strong> (AMER3)<\/a> aprovou o pagamento de <a class=\"suno-keyword\" href=\"https:\/\/www.suno.com.br\/artigos\/entenda-o-jcp\/\" target=\"_blank\" rel=\"noopener\" data-force=\"no\" data-priority=\"1\">Juros Sobre o Capital Pr\u00f3prio<\/a> (JCP) e <a class=\"suno-keyword\" href=\"https:\/\/www.suno.com.br\/artigos\/aumento-capital\/\" target=\"_blank\" rel=\"noopener\" data-force=\"no\" data-priority=\"1\">aumento de capital<\/a>.<\/p>\n\t<p>\n\t\t<a href=\"https:\/\/lp.suno.com.br\/planilha-da-vida-financeira\/\" target=\"_blank\" data-element=\"shortcode-suno-banner\" title=\"Banner SUNO, clique e saiba mais\">\n\t\t\t<picture>\n\t\t\t\t<source media=\"(max-width: 500px)\" srcset=\"https:\/\/files.sunoresearch.com.br\/n\/uploads\/2023\/04\/400x300-Planilha-vida-financeira-true.png\">\n\t\t\t\t<img class=\"newsContent__article__imgCapa newsContent__article__imgCapa--banner\"\n\t\t\t\t\tsrc=\"https:\/\/files.sunoresearch.com.br\/n\/uploads\/2023\/04\/1420x240-Planilha-vida-financeira-true.png\"\n\t\t\t\t\tdata-promo-id=\"106682\"\t\t\t\t\t\t\t\t\t\twidth='1420' height='240'\t\t\t\t\talt=\"https:\/\/files.sunoresearch.com.br\/n\/uploads\/2023\/04\/1420x240-Planilha-vida-financeira-true.png\"\n\t\t\t\t>\n\t\t\t<\/picture>\n\t\t<\/a>\n\t<\/p>\n\n\n<p>Veja os destaques do mercado financeiro:<\/p>\n<h2>Oi<\/h2>\n<p>A Anatel decidiu adiar a decis\u00e3o sobre a venda da Oi M\u00f3vel para o cons\u00f3rcio composto por Tim , Vivo\u00a0 e Claro para hoje.<\/p>\n\t<div data-element=\"shortcode-read-more\" class=\"knowMore\">\n\t\t\t\t<span class=\"knowMore__title\">Saiba Mais<\/span>\n\t\t\t\t<a class=\"knowMore__link\" href=\"https:\/\/www.suno.com.br\/noticias\/oi-oibr3-oibr4-anatel-movel-tim-tims3-vivo-vivt3\/\">\n\t\t\tOi (OIBR3) fecha em alta; Anatel adia decis\u00e3o sobre venda dos ativos m\u00f3veis\t\t<\/a>\n\t<\/div>\n\n\n<p>A Anatel marcou uma reuni\u00e3o extraordin\u00e1ria e incluiu em pauta o processo de anu\u00eancia pr\u00e9via ao pedido da Claro, Telef\u00f4nica (dona da Vivo) e TIM para a opera\u00e7\u00e3o de venda de ativos m\u00f3veis da Oi, segregados em Unidade Produtiva Isolada (UPI). Na sexta-feira (28), o conselheiro Emmanoel Campelo votou para dar aval ao procedimento, acompanhado, por sua vez, de condicionantes e compromissos a serem assumidos.<\/p>\n<p>O julgamento do caso, no entanto, foi suspenso ap\u00f3s um pedido de vista (mais tempo de an\u00e1lise) do conselheiro Vicente Bandeira de Aquino Neto.<\/p>\n<h2>Petrobras<\/h2>\n<p>A Petrobras e a Eneva informaram na sexta-feira que as negocia\u00e7\u00f5es sobre a venda do Polo Urucu foram finalizadas sem \u00eaxito.<\/p>\n\t<div data-element=\"shortcode-read-more\" class=\"knowMore\">\n\t\t\t\t<span class=\"knowMore__title\">Saiba Mais<\/span>\n\t\t\t\t<a class=\"knowMore__link\" href=\"https:\/\/www.suno.com.br\/noticias\/petrobras-petr4-eneva-enev3-polo-urucu\/\">\n\t\t\tPetrobras (PETR4) e Eneva (ENEV3) n\u00e3o entram em acordo sobre Polo Urucu\t\t<\/a>\n\t<\/div>\n\n\n<p>A opera\u00e7\u00e3o contava com a venda da totalidade das participa\u00e7\u00e3o no conjunto de sete concess\u00f5es de produ\u00e7\u00e3o terrestres do polo, localizado na Bacia de Solim\u00f5es, no Amazonas, para a empresa de energia el\u00e9trica.<\/p>\n<h2>Eletrobras<\/h2>\n<p>O <a class=\"suno-keyword\" href=\"https:\/\/www.suno.com.br\/artigos\/conselho-administracao\/\" target=\"_blank\" rel=\"noopener\" data-force=\"no\" data-priority=\"1\">conselho de administra\u00e7\u00e3o<\/a> da <strong>Eletrobras<\/strong> aprovou o montante de R$ 121,03 milh\u00f5es referente ao valor apurado do <a class=\"suno-keyword\" href=\"https:\/\/www.suno.com.br\/artigos\/ativo-imobilizado\/\" target=\"_blank\" rel=\"noopener\" data-force=\"no\" data-priority=\"1\">Ativo Imobilizado<\/a> em Curso (AIC) da Ceron, atualmente Energisa Rond\u00f4nia, decorrente do processo de privatiza\u00e7\u00e3o da subsidi\u00e1ria em 2018. Al\u00e9m disso, as empresas assinaram o contrato de ressarcimento do AIC. Com isso, a Energisa Rond\u00f4nia vai realizar o pagamento do valor apurado de 60 parcelas, com o <a class=\"suno-keyword\" href=\"https:\/\/www.suno.com.br\/artigos\/saldo-devedor\/\" target=\"_blank\" rel=\"noopener\" data-force=\"no\" data-priority=\"1\">saldo devedor<\/a> sendo corrigido por 111% da taxa Selic.<\/p>\n\t<div data-element=\"shortcode-read-more\" class=\"knowMore\">\n\t\t\t\t<span class=\"knowMore__title\">Saiba Mais<\/span>\n\t\t\t\t<a class=\"knowMore__link\" href=\"https:\/\/www.suno.com.br\/noticias\/eletrobras-elet3-valor-121-mi-ceron\/\">\n\t\t\tEletrobras (ELET3) aprova o valor de R$ 121 mi de saldo a receber por Ceron\t\t<\/a>\n\t<\/div>\n\n\n<p>Essa iniciativa e posterior assinatura do contrato encerra o processo de apura\u00e7\u00e3o do AIC das seis<strong> distribuidoras privatizadas<\/strong> pela Eletrobras. As outras cinco distribuidoras, como Amazonas Energia, Boa Vista Energia (Roraima Energia), Eletroacre (Energisa Acre), Ceal (Equatorial Alagoas) e Cepisa (Equatorial Piau\u00ed), tiveram os contratos de ressarcimentos assinados no ano passado.<\/p>\n\t<p>\n\t\t<a href=\"https:\/\/lp.suno.com.br\/ebook-como-analisar-uma-acao\/\" target=\"_blank\" data-element=\"shortcode-suno-banner\" title=\"Banner SUNO, clique e saiba mais\">\n\t\t\t<picture>\n\t\t\t\t<source media=\"(max-width: 500px)\" srcset=\"https:\/\/files.sunoresearch.com.br\/n\/uploads\/2023\/03\/Ebook-Acoes-Mobile-1.jpg\">\n\t\t\t\t<img class=\"newsContent__article__imgCapa newsContent__article__imgCapa--banner\"\n\t\t\t\t\tsrc=\"https:\/\/files.sunoresearch.com.br\/n\/uploads\/2023\/03\/Ebook-Acoes-Desktop-1.jpg\"\n\t\t\t\t\tdata-promo-id=\"171998\"\t\t\t\t\t\t\t\t\t\twidth='1420' height='286'\t\t\t\t\talt=\"https:\/\/files.sunoresearch.com.br\/n\/uploads\/2023\/03\/Ebook-Acoes-Desktop-1.jpg\"\n\t\t\t\t>\n\t\t\t<\/picture>\n\t\t<\/a>\n\t<\/p>\n\n\n<h2>Americanas<\/h2>\n<p>O conselho de administra\u00e7\u00e3o da <strong>Americanas<\/strong>\u00a0aprovou a distribui\u00e7\u00e3o dos Juros Sobre o Capital Pr\u00f3prio (JCP) e o aumento de capital social da companhia.<\/p>\n<p>Segundo o fato relevante, ser\u00e3o distribu\u00eddos R$ 550,6 milh\u00f5es brutos em <strong>JCP<\/strong>, o que corresponde a R$ 0,61303854 por a\u00e7\u00e3o. A Americanas explicou que, como os acionistas poder\u00e3o utilizar o cr\u00e9dito do JCP para subscri\u00e7\u00e3o de novas a\u00e7\u00f5es, o pagamento ocorrer\u00e1 ap\u00f3s o t\u00e9rmino do per\u00edodo do exerc\u00edcio do direito de prefer\u00eancia, em 09 de mar\u00e7o de 2022.<\/p>\n\t<div data-element=\"shortcode-read-more\" class=\"knowMore\">\n\t\t\t\t<span class=\"knowMore__title\">Saiba Mais<\/span>\n\t\t\t\t<a class=\"knowMore__link\" href=\"https:\/\/www.suno.com.br\/noticias\/americanas-amer3-jcp-aumento-capital\/\">\n\t\t\tAmericanas (AMER3) aprova pagamento de JCP e aumento de capital\t\t<\/a>\n\t<\/div>\n\n\n<p>Al\u00e9m disso, a companhia aprovou o <strong>aumento de capital social<\/strong>, dentro do limite, mediante a subscri\u00e7\u00e3o particular, no montante de, no m\u00ednimo, 5.840.708 a\u00e7\u00f5es e, no m\u00e1ximo, 19.723.581 a\u00e7\u00f5es, ao pre\u00e7o de R$ 23,7 por a\u00e7\u00e3o.<\/p>\n<p>Os destaques do mercado financeiro do Suno Not\u00edcias mostram os principais acontecimentos que prometem movimentar o mercado durante o dia, como a <b>Oi <\/b>que deve estar no foco dos investidores ao longo do dia.<\/p>\n\t<p>\n\t\t<a href=\"https:\/\/lp.suno.com.br\/planilha-de-controle-de-investimentos\/\" target=\"_blank\" data-element=\"shortcode-suno-banner\" title=\"Banner SUNO, clique e saiba mais\">\n\t\t\t<picture>\n\t\t\t\t<source media=\"(max-width: 500px)\" srcset=\"https:\/\/files.sunoresearch.com.br\/n\/uploads\/2023\/03\/400x300-Controle-de-Investimentos.png\">\n\t\t\t\t<img class=\"newsContent__article__imgCapa newsContent__article__imgCapa--banner\"\n\t\t\t\t\tsrc=\"https:\/\/files.sunoresearch.com.br\/n\/uploads\/2023\/03\/1420x240-Controle-de-Investimentos.png\"\n\t\t\t\t\tdata-promo-id=\"75934\"\t\t\t\t\t\t\t\t\t\twidth='1420' height='240'\t\t\t\t\talt=\"https:\/\/files.sunoresearch.com.br\/n\/uploads\/2023\/03\/1420x240-Controle-de-Investimentos.png\"\n\t\t\t\t>\n\t\t\t<\/picture>\n\t\t<\/a>\n\t<\/p>\n\n\n","protected":false},"excerpt":{"rendered":"<p>Nos destaques do mercado financeiro desta segunda-feira (31), chama a aten\u00e7\u00e3o do investidor a reuni\u00e3o da Ag\u00eancia Nacional de Telecomunica\u00e7\u00f5es (Anatel) sobre a venda dos ativos m\u00f3veis da Oi (OIBR3) para o cons\u00f3rcio TIM (TIMS3), Vivo (VIVT3) e Claro. Oi. Foto: Divulga\u00e7\u00e3o Al\u00e9m da Oi, est\u00e1 entre os destaques do mercado financeiro a Petrobras (PETR4) [&hellip;]<\/p>\n","protected":false},"author":15,"featured_media":177304,"comment_status":"closed","ping_status":"closed","sticky":false,"template":"","format":"standard","meta":[],"categories":[64],"tags":[106605,455,584,3544,595],"suno_strategy":[],"class_list":["post-226971","post","type-post","status-publish","format-standard","has-post-thumbnail","hentry","category-negocios","tag-americanas-s-a-amer3","tag-eletrobras-elet3-elet5-elet6","tag-oi-oibr3-oibr4","tag-oi-movel","tag-petrobras-petr4"],"yoast_head":"<!-- This site is optimized with the Yoast SEO plugin v24.4 - https:\/\/yoast.com\/wordpress\/plugins\/seo\/ -->\n<title>Oi (OIBR3) e Petrobras (PETR4) agitam mercado financeiro<\/title>\n<meta name=\"description\" content=\"Os destaques do mercado financeiro do Suno Not\u00edcias mostram os principais acontecimentos, como a Oi (OIBR3). Clique aqui e saiba mais\" \/>\n<meta name=\"robots\" content=\"index, follow, max-snippet:-1, max-image-preview:large, max-video-preview:-1\" \/>\n<link rel=\"canonical\" href=\"https:\/\/www.suno.com.br\/noticias\/oi-oibr3-petrobras-petr4-agitam-mercado-financeiro\/\" \/>\n<meta property=\"og:locale\" content=\"pt_BR\" \/>\n<meta property=\"og:type\" content=\"article\" \/>\n<meta property=\"og:title\" content=\"Oi (OIBR3) e Petrobras (PETR4) agitam mercado financeiro\" \/>\n<meta property=\"og:description\" content=\"Os destaques do mercado financeiro do Suno Not\u00edcias mostram os principais acontecimentos, como a Oi (OIBR3). Clique aqui e saiba mais\" \/>\n<meta property=\"og:url\" content=\"https:\/\/www.suno.com.br\/noticias\/oi-oibr3-petrobras-petr4-agitam-mercado-financeiro\/\" \/>\n<meta property=\"og:site_name\" content=\"Suno Not\u00edcias\" \/>\n<meta property=\"article:publisher\" content=\"https:\/\/facebook.com\/sunoresearch\" \/>\n<meta property=\"og:image\" content=\"https:\/\/files.sunoresearch.com.br\/n\/uploads\/2021\/08\/bb1cedf7-loja-oi1.jpg\" \/>\n\t<meta property=\"og:image:width\" content=\"2000\" \/>\n\t<meta property=\"og:image:height\" content=\"1335\" \/>\n\t<meta property=\"og:image:type\" content=\"image\/jpeg\" \/>\n<meta name=\"author\" content=\"Poliana Santos\" \/>\n<meta name=\"twitter:card\" content=\"summary_large_image\" \/>\n<meta name=\"twitter:creator\" content=\"@sunoresearch\" \/>\n<meta name=\"twitter:site\" content=\"@sunoresearch\" \/>\n<meta name=\"twitter:label1\" content=\"Escrito por\" \/>\n\t<meta name=\"twitter:data1\" content=\"Poliana Santos\" \/>\n\t<meta name=\"twitter:label2\" content=\"Est. tempo de leitura\" \/>\n\t<meta name=\"twitter:data2\" content=\"3 minutos\" \/>\n<script type=\"application\/ld+json\" class=\"yoast-schema-graph\">{\"@context\":\"https:\/\/schema.org\",\"@graph\":[{\"@type\":\"NewsArticle\",\"@id\":\"https:\/\/www.suno.com.br\/noticias\/oi-oibr3-petrobras-petr4-agitam-mercado-financeiro\/#article\",\"isPartOf\":{\"@id\":\"https:\/\/www.suno.com.br\/noticias\/oi-oibr3-petrobras-petr4-agitam-mercado-financeiro\/\"},\"author\":{\"name\":\"Poliana Santos\",\"@id\":\"https:\/\/www.suno.com.br\/noticias\/#\/schema\/person\/02ec1f752758247878a2bf4abee1aeda\"},\"headline\":\"Oi (OIBR3), Petrobras (PETR4) e Eletrobras (ELET3) agitam mercado financeiro\",\"datePublished\":\"2022-01-31T13:09:57+00:00\",\"mainEntityOfPage\":{\"@id\":\"https:\/\/www.suno.com.br\/noticias\/oi-oibr3-petrobras-petr4-agitam-mercado-financeiro\/\"},\"wordCount\":656,\"publisher\":{\"@id\":\"https:\/\/www.suno.com.br\/noticias\/#organization\"},\"image\":{\"@id\":\"https:\/\/www.suno.com.br\/noticias\/oi-oibr3-petrobras-petr4-agitam-mercado-financeiro\/#primaryimage\"},\"thumbnailUrl\":\"https:\/\/files.sunoresearch.com.br\/n\/uploads\/2021\/08\/bb1cedf7-loja-oi1.jpg\",\"keywords\":[\"Americanas (AMER3)\",\"Eletrobras (ELET3\/ELET5\/ELET6)\",\"Oi (OIBR3\/OIBR4)\",\"Oi M\u00f3vel\",\"Petrobras (PETR4)\"],\"articleSection\":[\"Neg\u00f3cios\"],\"inLanguage\":\"pt-BR\"},{\"@type\":\"WebPage\",\"@id\":\"https:\/\/www.suno.com.br\/noticias\/oi-oibr3-petrobras-petr4-agitam-mercado-financeiro\/\",\"url\":\"https:\/\/www.suno.com.br\/noticias\/oi-oibr3-petrobras-petr4-agitam-mercado-financeiro\/\",\"name\":\"Oi (OIBR3) e Petrobras (PETR4) agitam mercado financeiro\",\"isPartOf\":{\"@id\":\"https:\/\/www.suno.com.br\/noticias\/#website\"},\"primaryImageOfPage\":{\"@id\":\"https:\/\/www.suno.com.br\/noticias\/oi-oibr3-petrobras-petr4-agitam-mercado-financeiro\/#primaryimage\"},\"image\":{\"@id\":\"https:\/\/www.suno.com.br\/noticias\/oi-oibr3-petrobras-petr4-agitam-mercado-financeiro\/#primaryimage\"},\"thumbnailUrl\":\"https:\/\/files.sunoresearch.com.br\/n\/uploads\/2021\/08\/bb1cedf7-loja-oi1.jpg\",\"datePublished\":\"2022-01-31T13:09:57+00:00\",\"description\":\"Os destaques do mercado financeiro do Suno Not\u00edcias mostram os principais acontecimentos, como a Oi (OIBR3). Clique aqui e saiba mais\",\"breadcrumb\":{\"@id\":\"https:\/\/www.suno.com.br\/noticias\/oi-oibr3-petrobras-petr4-agitam-mercado-financeiro\/#breadcrumb\"},\"inLanguage\":\"pt-BR\",\"potentialAction\":[{\"@type\":\"ReadAction\",\"target\":[\"https:\/\/www.suno.com.br\/noticias\/oi-oibr3-petrobras-petr4-agitam-mercado-financeiro\/\"]}]},{\"@type\":\"ImageObject\",\"inLanguage\":\"pt-BR\",\"@id\":\"https:\/\/www.suno.com.br\/noticias\/oi-oibr3-petrobras-petr4-agitam-mercado-financeiro\/#primaryimage\",\"url\":\"https:\/\/files.sunoresearch.com.br\/n\/uploads\/2021\/08\/bb1cedf7-loja-oi1.jpg\",\"contentUrl\":\"https:\/\/files.sunoresearch.com.br\/n\/uploads\/2021\/08\/bb1cedf7-loja-oi1.jpg\",\"width\":2000,\"height\":1335,\"caption\":\"Oi. Foto: Divulga\u00e7\u00e3o\"},{\"@type\":\"BreadcrumbList\",\"@id\":\"https:\/\/www.suno.com.br\/noticias\/oi-oibr3-petrobras-petr4-agitam-mercado-financeiro\/#breadcrumb\",\"itemListElement\":[{\"@type\":\"ListItem\",\"position\":1,\"name\":\"Not\u00edcias\",\"item\":\"https:\/\/www.suno.com.br\/noticias\/\"},{\"@type\":\"ListItem\",\"position\":2,\"name\":\"Neg\u00f3cios\",\"item\":\"https:\/\/www.suno.com.br\/noticias\/negocios\/\"},{\"@type\":\"ListItem\",\"position\":3,\"name\":\"Oi (OIBR3), Petrobras (PETR4) e Eletrobras (ELET3) agitam mercado financeiro\"}]},{\"@type\":\"WebSite\",\"@id\":\"https:\/\/www.suno.com.br\/noticias\/#website\",\"url\":\"https:\/\/www.suno.com.br\/noticias\/\",\"name\":\"Suno Not\u00edcias\",\"description\":\"Seu portal de informa\u00e7\u00e3o sobre o mundo dos investimentos\",\"publisher\":{\"@id\":\"https:\/\/www.suno.com.br\/noticias\/#organization\"},\"potentialAction\":[{\"@type\":\"SearchAction\",\"target\":{\"@type\":\"EntryPoint\",\"urlTemplate\":\"https:\/\/www.suno.com.br\/noticias\/?s={search_term_string}\"},\"query-input\":{\"@type\":\"PropertyValueSpecification\",\"valueRequired\":true,\"valueName\":\"search_term_string\"}}],\"inLanguage\":\"pt-BR\"},{\"@type\":\"Organization\",\"@id\":\"https:\/\/www.suno.com.br\/noticias\/#organization\",\"name\":\"Suno Not\u00edcias\",\"url\":\"https:\/\/www.suno.com.br\/noticias\/\",\"logo\":{\"@type\":\"ImageObject\",\"inLanguage\":\"pt-BR\",\"@id\":\"https:\/\/www.suno.com.br\/noticias\/#\/schema\/logo\/image\/\",\"url\":\"https:\/\/files.sunoresearch.com.br\/n\/uploads\/2021\/09\/suno-logo.png\",\"contentUrl\":\"https:\/\/files.sunoresearch.com.br\/n\/uploads\/2021\/09\/suno-logo.png\",\"width\":180,\"height\":180,\"caption\":\"Suno Not\u00edcias\"},\"image\":{\"@id\":\"https:\/\/www.suno.com.br\/noticias\/#\/schema\/logo\/image\/\"},\"sameAs\":[\"https:\/\/facebook.com\/sunoresearch\",\"https:\/\/x.com\/sunoresearch\",\"https:\/\/www.instagram.com\/suno\",\"https:\/\/www.linkedin.com\/company\/suno-research\/\",\"https:\/\/www.youtube.com\/c\/sunoresearch\"]},{\"@type\":\"Person\",\"@id\":\"https:\/\/www.suno.com.br\/noticias\/#\/schema\/person\/02ec1f752758247878a2bf4abee1aeda\",\"name\":\"Poliana Santos\",\"image\":{\"@type\":\"ImageObject\",\"inLanguage\":\"pt-BR\",\"@id\":\"https:\/\/www.suno.com.br\/noticias\/#\/schema\/person\/image\/\",\"url\":\"https:\/\/secure.gravatar.com\/avatar\/0645bd32f23d87b2130f2b2dff1d3f8d?s=96&r=g\",\"contentUrl\":\"https:\/\/secure.gravatar.com\/avatar\/0645bd32f23d87b2130f2b2dff1d3f8d?s=96&r=g\",\"caption\":\"Poliana Santos\"},\"description\":\"Rep\u00f3rter no Suno Not\u00edcias, com cobertura em mercado financeiro, economia, finan\u00e7as pessoais, renda fixa e varejo. Jornalista formada pela Faculdade C\u00e1sper L\u00edbero e possui passagem na R\u00e1dio Gazeta AM com a produ\u00e7\u00e3o de conte\u00fado sobre economia, pol\u00edtica, sa\u00fade, moda e m\u00fasica. Possui certificado de conclus\u00e3o do curso de An\u00e1lise de Balan\u00e7os pela Funda\u00e7\u00e3o Bradesco, Agenda Brasil pela FAAP, Educa\u00e7\u00e3o Pol\u00edtica por Alexandre Garcia e do Tesouro Direto e Mercado de A\u00e7\u00f5es pela B3.\",\"url\":\"https:\/\/www.suno.com.br\/noticias\/author\/poliana-santos\/\"}]}<\/script>\n<!-- \/ Yoast SEO plugin. -->","yoast_head_json":{"title":"Oi (OIBR3) e Petrobras (PETR4) agitam mercado financeiro","description":"Os destaques do mercado financeiro do Suno Not\u00edcias mostram os principais acontecimentos, como a Oi (OIBR3). Clique aqui e saiba mais","robots":{"index":"index","follow":"follow","max-snippet":"max-snippet:-1","max-image-preview":"max-image-preview:large","max-video-preview":"max-video-preview:-1"},"canonical":"https:\/\/www.suno.com.br\/noticias\/oi-oibr3-petrobras-petr4-agitam-mercado-financeiro\/","og_locale":"pt_BR","og_type":"article","og_title":"Oi (OIBR3) e Petrobras (PETR4) agitam mercado financeiro","og_description":"Os destaques do mercado financeiro do Suno Not\u00edcias mostram os principais acontecimentos, como a Oi (OIBR3). Clique aqui e saiba mais","og_url":"https:\/\/www.suno.com.br\/noticias\/oi-oibr3-petrobras-petr4-agitam-mercado-financeiro\/","og_site_name":"Suno Not\u00edcias","article_publisher":"https:\/\/facebook.com\/sunoresearch","og_image":[{"width":2000,"height":1335,"url":"https:\/\/files.sunoresearch.com.br\/n\/uploads\/2021\/08\/bb1cedf7-loja-oi1.jpg","type":"image\/jpeg"}],"author":"Poliana Santos","twitter_card":"summary_large_image","twitter_creator":"@sunoresearch","twitter_site":"@sunoresearch","twitter_misc":{"Escrito por":"Poliana Santos","Est. tempo de leitura":"3 minutos"},"schema":{"@context":"https:\/\/schema.org","@graph":[{"@type":"NewsArticle","@id":"https:\/\/www.suno.com.br\/noticias\/oi-oibr3-petrobras-petr4-agitam-mercado-financeiro\/#article","isPartOf":{"@id":"https:\/\/www.suno.com.br\/noticias\/oi-oibr3-petrobras-petr4-agitam-mercado-financeiro\/"},"author":{"name":"Poliana Santos","@id":"https:\/\/www.suno.com.br\/noticias\/#\/schema\/person\/02ec1f752758247878a2bf4abee1aeda"},"headline":"Oi (OIBR3), Petrobras (PETR4) e Eletrobras (ELET3) agitam mercado financeiro","datePublished":"2022-01-31T13:09:57+00:00","mainEntityOfPage":{"@id":"https:\/\/www.suno.com.br\/noticias\/oi-oibr3-petrobras-petr4-agitam-mercado-financeiro\/"},"wordCount":656,"publisher":{"@id":"https:\/\/www.suno.com.br\/noticias\/#organization"},"image":{"@id":"https:\/\/www.suno.com.br\/noticias\/oi-oibr3-petrobras-petr4-agitam-mercado-financeiro\/#primaryimage"},"thumbnailUrl":"https:\/\/files.sunoresearch.com.br\/n\/uploads\/2021\/08\/bb1cedf7-loja-oi1.jpg","keywords":["Americanas (AMER3)","Eletrobras (ELET3\/ELET5\/ELET6)","Oi (OIBR3\/OIBR4)","Oi M\u00f3vel","Petrobras (PETR4)"],"articleSection":["Neg\u00f3cios"],"inLanguage":"pt-BR"},{"@type":"WebPage","@id":"https:\/\/www.suno.com.br\/noticias\/oi-oibr3-petrobras-petr4-agitam-mercado-financeiro\/","url":"https:\/\/www.suno.com.br\/noticias\/oi-oibr3-petrobras-petr4-agitam-mercado-financeiro\/","name":"Oi (OIBR3) e Petrobras (PETR4) agitam mercado financeiro","isPartOf":{"@id":"https:\/\/www.suno.com.br\/noticias\/#website"},"primaryImageOfPage":{"@id":"https:\/\/www.suno.com.br\/noticias\/oi-oibr3-petrobras-petr4-agitam-mercado-financeiro\/#primaryimage"},"image":{"@id":"https:\/\/www.suno.com.br\/noticias\/oi-oibr3-petrobras-petr4-agitam-mercado-financeiro\/#primaryimage"},"thumbnailUrl":"https:\/\/files.sunoresearch.com.br\/n\/uploads\/2021\/08\/bb1cedf7-loja-oi1.jpg","datePublished":"2022-01-31T13:09:57+00:00","description":"Os destaques do mercado financeiro do Suno Not\u00edcias mostram os principais acontecimentos, como a Oi (OIBR3). Clique aqui e saiba mais","breadcrumb":{"@id":"https:\/\/www.suno.com.br\/noticias\/oi-oibr3-petrobras-petr4-agitam-mercado-financeiro\/#breadcrumb"},"inLanguage":"pt-BR","potentialAction":[{"@type":"ReadAction","target":["https:\/\/www.suno.com.br\/noticias\/oi-oibr3-petrobras-petr4-agitam-mercado-financeiro\/"]}]},{"@type":"ImageObject","inLanguage":"pt-BR","@id":"https:\/\/www.suno.com.br\/noticias\/oi-oibr3-petrobras-petr4-agitam-mercado-financeiro\/#primaryimage","url":"https:\/\/files.sunoresearch.com.br\/n\/uploads\/2021\/08\/bb1cedf7-loja-oi1.jpg","contentUrl":"https:\/\/files.sunoresearch.com.br\/n\/uploads\/2021\/08\/bb1cedf7-loja-oi1.jpg","width":2000,"height":1335,"caption":"Oi. Foto: Divulga\u00e7\u00e3o"},{"@type":"BreadcrumbList","@id":"https:\/\/www.suno.com.br\/noticias\/oi-oibr3-petrobras-petr4-agitam-mercado-financeiro\/#breadcrumb","itemListElement":[{"@type":"ListItem","position":1,"name":"Not\u00edcias","item":"https:\/\/www.suno.com.br\/noticias\/"},{"@type":"ListItem","position":2,"name":"Neg\u00f3cios","item":"https:\/\/www.suno.com.br\/noticias\/negocios\/"},{"@type":"ListItem","position":3,"name":"Oi (OIBR3), Petrobras (PETR4) e Eletrobras (ELET3) agitam mercado financeiro"}]},{"@type":"WebSite","@id":"https:\/\/www.suno.com.br\/noticias\/#website","url":"https:\/\/www.suno.com.br\/noticias\/","name":"Suno Not\u00edcias","description":"Seu portal de informa\u00e7\u00e3o sobre o mundo dos investimentos","publisher":{"@id":"https:\/\/www.suno.com.br\/noticias\/#organization"},"potentialAction":[{"@type":"SearchAction","target":{"@type":"EntryPoint","urlTemplate":"https:\/\/www.suno.com.br\/noticias\/?s={search_term_string}"},"query-input":{"@type":"PropertyValueSpecification","valueRequired":true,"valueName":"search_term_string"}}],"inLanguage":"pt-BR"},{"@type":"Organization","@id":"https:\/\/www.suno.com.br\/noticias\/#organization","name":"Suno Not\u00edcias","url":"https:\/\/www.suno.com.br\/noticias\/","logo":{"@type":"ImageObject","inLanguage":"pt-BR","@id":"https:\/\/www.suno.com.br\/noticias\/#\/schema\/logo\/image\/","url":"https:\/\/files.sunoresearch.com.br\/n\/uploads\/2021\/09\/suno-logo.png","contentUrl":"https:\/\/files.sunoresearch.com.br\/n\/uploads\/2021\/09\/suno-logo.png","width":180,"height":180,"caption":"Suno Not\u00edcias"},"image":{"@id":"https:\/\/www.suno.com.br\/noticias\/#\/schema\/logo\/image\/"},"sameAs":["https:\/\/facebook.com\/sunoresearch","https:\/\/x.com\/sunoresearch","https:\/\/www.instagram.com\/suno","https:\/\/www.linkedin.com\/company\/suno-research\/","https:\/\/www.youtube.com\/c\/sunoresearch"]},{"@type":"Person","@id":"https:\/\/www.suno.com.br\/noticias\/#\/schema\/person\/02ec1f752758247878a2bf4abee1aeda","name":"Poliana Santos","image":{"@type":"ImageObject","inLanguage":"pt-BR","@id":"https:\/\/www.suno.com.br\/noticias\/#\/schema\/person\/image\/","url":"https:\/\/secure.gravatar.com\/avatar\/0645bd32f23d87b2130f2b2dff1d3f8d?s=96&r=g","contentUrl":"https:\/\/secure.gravatar.com\/avatar\/0645bd32f23d87b2130f2b2dff1d3f8d?s=96&r=g","caption":"Poliana Santos"},"description":"Rep\u00f3rter no Suno Not\u00edcias, com cobertura em mercado financeiro, economia, finan\u00e7as pessoais, renda fixa e varejo. Jornalista formada pela Faculdade C\u00e1sper L\u00edbero e possui passagem na R\u00e1dio Gazeta AM com a produ\u00e7\u00e3o de conte\u00fado sobre economia, pol\u00edtica, sa\u00fade, moda e m\u00fasica. Possui certificado de conclus\u00e3o do curso de An\u00e1lise de Balan\u00e7os pela Funda\u00e7\u00e3o Bradesco, Agenda Brasil pela FAAP, Educa\u00e7\u00e3o Pol\u00edtica por Alexandre Garcia e do Tesouro Direto e Mercado de A\u00e7\u00f5es pela B3.","url":"https:\/\/www.suno.com.br\/noticias\/author\/poliana-santos\/"}]}},"default_loop_html":"<div class=\"cardsPage__listCard__boxs\"><div class=\"cardsPage__listCard__boxs__img\"><a href=\"https:\/\/www.suno.com.br\/noticias\/oi-oibr3-petrobras-petr4-agitam-mercado-financeiro\/\"><img class=\"mask\" src=\"https:\/\/www.suno.com.br\/noticias\/wp-content\/themes\/suno\/resources\/images\/spotlight\/spotlight1img\/bg-mask.png\" alt=\"Image Mask\"\/><img src=\"https:\/\/files.sunoresearch.com.br\/n\/uploads\/2021\/08\/bb1cedf7-loja-oi1-400x200.jpg\" alt=\"Oi (OIBR3), Petrobras (PETR4) e Eletrobras (ELET3) agitam mercado financeiro\"\/><\/a><span class=\"spotlightCategory\"><a href=\"https:\/\/www.suno.com.br\/noticias\/negocios\/\">Neg\u00f3cios<\/a><\/span><\/div><div class=\"cardsPage__listCard__boxs__content\"><a href=\"https:\/\/www.suno.com.br\/noticias\/oi-oibr3-petrobras-petr4-agitam-mercado-financeiro\/\"><h2 class=\"content__title\">Oi (OIBR3), Petrobras (PETR4) e Eletrobras (ELET3) agitam mercado financeiro<\/h2><\/a><div class=\"newsContent__article__meta\"><div class=\"newsContent__article__meta__authorBox\"><a href=\"https:\/\/www.suno.com.br\/noticias\/author\/poliana-santos\/\" class=\"authorBox__avatar noMobi\"><img src=\"https:\/\/files.sunoresearch.com.br\/n\/uploads\/2020\/08\/7ef34026-whatsapp-image-2020-08-03-at-12.37.57-150x150.webp\" alt=\"Poliana Santos\"><\/a><div class=\"authorBox__name\"><span>por\n\t\t\t<a href=\"https:\/\/www.suno.com.br\/noticias\/author\/poliana-santos\/\"><span itemprop=\"author\">Poliana Santos<\/span><\/a><\/span><time datetime=\"2022-01-31T10:09:57-03:00\" itemprop=\"datePublished\">31\/01\/2022 10:09<\/time><\/div><\/div><\/div><\/div><\/div>","single_layout":"posts","amp_enabled":true,"_links":{"self":[{"href":"https:\/\/www.suno.com.br\/noticias\/wp-json\/wp\/v2\/posts\/226971"}],"collection":[{"href":"https:\/\/www.suno.com.br\/noticias\/wp-json\/wp\/v2\/posts"}],"about":[{"href":"https:\/\/www.suno.com.br\/noticias\/wp-json\/wp\/v2\/types\/post"}],"author":[{"embeddable":true,"href":"https:\/\/www.suno.com.br\/noticias\/wp-json\/wp\/v2\/users\/15"}],"replies":[{"embeddable":true,"href":"https:\/\/www.suno.com.br\/noticias\/wp-json\/wp\/v2\/comments?post=226971"}],"version-history":[{"count":1,"href":"https:\/\/www.suno.com.br\/noticias\/wp-json\/wp\/v2\/posts\/226971\/revisions"}],"predecessor-version":[{"id":226977,"href":"https:\/\/www.suno.com.br\/noticias\/wp-json\/wp\/v2\/posts\/226971\/revisions\/226977"}],"wp:featuredmedia":[{"embeddable":true,"href":"https:\/\/www.suno.com.br\/noticias\/wp-json\/wp\/v2\/media\/177304"}],"wp:attachment":[{"href":"https:\/\/www.suno.com.br\/noticias\/wp-json\/wp\/v2\/media?parent=226971"}],"wp:term":[{"taxonomy":"category","embeddable":true,"href":"https:\/\/www.suno.com.br\/noticias\/wp-json\/wp\/v2\/categories?post=226971"},{"taxonomy":"post_tag","embeddable":true,"href":"https:\/\/www.suno.com.br\/noticias\/wp-json\/wp\/v2\/tags?post=226971"},{"taxonomy":"suno_strategy","embeddable":true,"href":"https:\/\/www.suno.com.br\/noticias\/wp-json\/wp\/v2\/suno_strategy?post=226971"}],"curies":[{"name":"wp","href":"https:\/\/api.w.org\/{rel}","templated":true}]}}