{"id":22695,"date":"2019-04-29T19:15:50","date_gmt":"2019-04-29T22:15:50","guid":{"rendered":"https:\/\/www.suno.com.br\/noticias\/?p=22695"},"modified":"2019-04-29T20:00:35","modified_gmt":"2019-04-29T23:00:35","slug":"banco-do-brasil-bolsonaro-politica-juros","status":"publish","type":"post","link":"https:\/\/www.suno.com.br\/noticias\/banco-do-brasil-bolsonaro-politica-juros\/","title":{"rendered":"Banco do Brasil: porta-voz diz que Bolsonaro n\u00e3o vai intervir em pol\u00edtica de juros"},"content":{"rendered":"<p>O porta-voz do governo, Ot\u00e1vio R\u00eago Barros, disse nesta segunda-feira (29) que o presidente Jair Bolsonaro &#8220;n\u00e3o quer e n\u00e3o intervir\u00e1&#8221; na pol\u00edtica de juros do Banco do Brasil.<\/p>\t<div class=\"wrapper-featured-image\">\n\t\t<figure class=\"spotlightImg\">\n\n\t\t\t<picture>\n\t\t\t\t<source media=\"(max-width: 768px)\" srcset=\"https:\/\/files.sunoresearch.com.br\/n\/uploads\/2018\/11\/1f0dc433-banco-do-brasil-400x200.webp\">\n\t\t\t\t<img loading=\"lazy\" decoding=\"async\" class=\"newsContent__article__imgCapa lazyloadDisabled newsContent__article__imgCapa--noCaption\" src=\"https:\/\/files.sunoresearch.com.br\/n\/uploads\/2018\/11\/1f0dc433-banco-do-brasil-800x450.webp\" width=\"800\" height=\"450\" alt=\"Banco do Brasil: porta-voz diz que Bolsonaro n\u00e3o vai intervir em pol\u00edtica de juros\" fetchpriority=high \/>\n\t\t\t<\/picture>\n\n\t\t\t<figcaption class=\"wp-caption-text wp-caption-text--hide\">Banco do Brasil<\/figcaption>\n\t\t<\/figure>\n\t<\/div>\n\n\n<p>Mais cedo, Jair Bolsonaro,\u00a0fez um pedido para o presidente do <strong>Banco do Brasil,<\/strong> Rubem Novaes, para que reduza os <strong>juros<\/strong>\u00a0para <strong>empr\u00e9stimos<\/strong> agropecu\u00e1rios. &#8220;Eu fa\u00e7o um apelo para o seu cora\u00e7\u00e3o e seu patriotismo para que esse juros, tendo em vista que voc\u00ea \u00e9 crist\u00e3o, para que esse juros caiam um pouco mais&#8221;, afirmou <strong>Bolsonaro.<\/strong><\/p>\n<p><a href=\"https:\/\/www.suno.com.br\/noticias\/veto-comercial-banco-do-brasil-governo-analisa-estatais\/\">Saiba mais: Ap\u00f3s veto em comercial do Banco do Brasil, Planalto analisar\u00e1 campanhas de estatais<\/a><\/p>\n<p>Durante um encontro com jornalistas, <strong>R\u00eago Barros<\/strong> foi questionado sobre o real impacto da fala de <strong>Bolsonaro<\/strong> para o <strong>Planalto<\/strong>. A jornalista lembrou ainda que a atitude tamb\u00e9m foi tomada pela ex-presidente <strong>Dilma Rousseff<\/strong> em 2012.<\/p>\n<p style=\"text-align: center;\"><iframe loading=\"lazy\" src=\"https:\/\/www.youtube.com\/embed\/m6eRzJ9Ta6A\" width=\"560\" height=\"315\" frameborder=\"0\" allowfullscreen=\"allowfullscreen\"><\/iframe><\/p>\n<p>&#8220;Sinceramente, se foi criticado, \u00e9 uma falta de oportunidade de evitar a cr\u00edtica. Eu estava l\u00e1, me encontrava quando o presidente fez esse coment\u00e1rio com o presidente do <strong>Banco do Brasil<\/strong>. Foi um coment\u00e1rio num ambiente muito amig\u00e1vel. Obviamente que o presidente n\u00e3o quer e n\u00e3o intervir\u00e1 em quaisquer aspectos que estejam relacionados a juros dos <strong>bancos<\/strong> que est\u00e3o, em tese, sob o guarda-chuva do <strong>governo<\/strong>&#8220;, afirmou o porta-voz.<\/p>\n<h2>A\u00e7\u00f5es em queda<\/h2>\n<p>Ap\u00f3s a fala de Bolsonaro, as a\u00e7\u00f5es do <strong>banco<\/strong> estatal, que abriram em alta de 1,9% nesta manh\u00e3, ca\u00edram cerca de 1%. Por volta das 12:30 os pap\u00e9is chegaram a ,recuar 0,70%, a R$ 49.<\/p>\n<p><a href=\"https:\/\/www.suno.com.br\/noticias\/banco-do-brasil-bolsonaro-tirar-campanha-diretor-sai\/\">Saiba Mais: Banco do Brasil: Bolsonaro veta campanha e diretor de marketing deixa cargo<\/a><\/p>\n<p>Apesar do momento de queda, os pap\u00e9is do <strong>Banco do Brasil (BBAS3)<\/strong> se recuperaram e fecharam em alta de 0,04%, negociados a\u00a0 R$ 49,37.<\/p>\n<h2>Nova linha de cr\u00e9dito<\/h2>\n<p>Durante seu discurso, <strong>Bolsonaro<\/strong> tamb\u00e9m prometeu uma nova linha de financiamento de R$ 1 bilh\u00e3o por parte do <strong>Banco do Brasil<\/strong> para a compra de m\u00e1quinas. Al\u00e9m disso, ele explicou que outro R$ 1 bilh\u00e3o dever\u00e1 ser liberados pelo minist\u00e9rio da Fazenda para o seguro rural.<\/p>\n<p><a href=\"https:\/\/www.suno.com.br\/noticias\/banco-do-brasil-carteira-votorantim\/\">Saiba Mais: Banco do Brasil adquire carteira de cr\u00e9dito do Banco Votorantim por R$ 1,4 bi<\/a><\/p>\n<p>O presidente tamb\u00e9m afirmou que seu governo est\u00e1 fazendo estudos para conceder e privatizar portos. Ele salientou como a propriedade privada \u00e9 sagrada.<\/p>\n\t<p>\n\t\t<a href=\"https:\/\/lp.suno.com.br\/lm\/simulador-de-renda-passiva\/\" target=\"_blank\" data-element=\"shortcode-suno-banner\" title=\"Banner SUNO, clique e saiba mais\">\n\t\t\t<picture>\n\t\t\t\t<source media=\"(max-width: 500px)\" srcset=\"https:\/\/files.sunoresearch.com.br\/n\/uploads\/2024\/04\/Lead-Magnet-400x300-1.png\">\n\t\t\t\t<img class=\"newsContent__article__imgCapa newsContent__article__imgCapa--banner\"\n\t\t\t\t\tsrc=\"https:\/\/files.sunoresearch.com.br\/n\/uploads\/2024\/04\/Lead-Magnet-1420x240-1.png\"\n\t\t\t\t\tdata-promo-id=\"543552\"\t\t\t\t\t\t\t\t\t\twidth='1420' height='240'\t\t\t\t\talt=\"https:\/\/files.sunoresearch.com.br\/n\/uploads\/2024\/04\/Lead-Magnet-1420x240-1.png\"\n\t\t\t\t>\n\t\t\t<\/picture>\n\t\t<\/a>\n\t<\/p>\n\n\n<p>Essa \u00e9 a segunda vez em duas semanas que o presidente interv\u00eam na gest\u00e3o do <strong>Banco do Brasil.<\/strong> Na semana passada, <strong>Bolsonaro<\/strong> j\u00e1 havia vetado uma propaganda que representava jovens de diversos grupos sociais, \u00e9tnicos e de orienta\u00e7\u00e3o sexual. Entretanto, naquela ocasi\u00e3o a interven\u00e7\u00e3o do presidente n\u00e3o teria gerado algum impacto para o banco.<\/p>\n","protected":false},"excerpt":{"rendered":"<p>O porta-voz do governo, Ot\u00e1vio R\u00eago Barros, disse nesta segunda-feira (29) que o presidente Jair Bolsonaro &#8220;n\u00e3o quer e n\u00e3o intervir\u00e1&#8221; na pol\u00edtica de juros do Banco do Brasil. Banco do Brasil Mais cedo, Jair Bolsonaro,\u00a0fez um pedido para o presidente do Banco do Brasil, Rubem Novaes, para que reduza os juros\u00a0para empr\u00e9stimos agropecu\u00e1rios. &#8220;Eu [&hellip;]<\/p>\n","protected":false},"author":14,"featured_media":6114,"comment_status":"closed","ping_status":"closed","sticky":false,"template":"","format":"standard","meta":[],"categories":[62],"tags":[732,719],"suno_strategy":[],"class_list":["post-22695","post","type-post","status-publish","format-standard","has-post-thumbnail","hentry","category-economia","tag-banco-do-brasil-bbas3","tag-jair-bolsonaro"],"yoast_head":"<!-- This site is optimized with the Yoast SEO plugin v24.4 - https:\/\/yoast.com\/wordpress\/plugins\/seo\/ -->\n<title>Banco do Brasil: porta-voz diz que Bolsonaro n\u00e3o vai intervir em juros<\/title>\n<meta name=\"description\" content=\"Ap\u00f3s a fala de Bolsonaro, as a\u00e7\u00f5es do Banco do Brasil, que abriram em alta de 1,9% nesta manh\u00e3, ca\u00edram cerca de 1%. Clique aqui para ler mais\" \/>\n<meta name=\"robots\" content=\"index, follow, max-snippet:-1, max-image-preview:large, max-video-preview:-1\" \/>\n<link rel=\"canonical\" href=\"https:\/\/www.suno.com.br\/noticias\/banco-do-brasil-bolsonaro-politica-juros\/\" \/>\n<meta property=\"og:locale\" content=\"pt_BR\" \/>\n<meta property=\"og:type\" content=\"article\" \/>\n<meta property=\"og:title\" content=\"Banco do Brasil: porta-voz diz que Bolsonaro n\u00e3o vai intervir em juros\" \/>\n<meta property=\"og:description\" content=\"Ap\u00f3s a fala de Bolsonaro, as a\u00e7\u00f5es do Banco do Brasil, que abriram em alta de 1,9% nesta manh\u00e3, ca\u00edram cerca de 1%. Clique aqui para ler mais\" \/>\n<meta property=\"og:url\" content=\"https:\/\/www.suno.com.br\/noticias\/banco-do-brasil-bolsonaro-politica-juros\/\" \/>\n<meta property=\"og:site_name\" content=\"Suno Not\u00edcias\" \/>\n<meta property=\"article:publisher\" content=\"https:\/\/facebook.com\/sunoresearch\" \/>\n<meta property=\"og:image\" content=\"https:\/\/files.sunoresearch.com.br\/n\/uploads\/2018\/11\/1f0dc433-banco-do-brasil.jpg\" \/>\n\t<meta property=\"og:image:width\" content=\"1280\" \/>\n\t<meta property=\"og:image:height\" content=\"960\" \/>\n\t<meta property=\"og:image:type\" content=\"image\/jpeg\" \/>\n<meta name=\"author\" content=\"Renan Dantas\" \/>\n<meta name=\"twitter:card\" content=\"summary_large_image\" \/>\n<meta name=\"twitter:creator\" content=\"@sunoresearch\" \/>\n<meta name=\"twitter:site\" content=\"@sunoresearch\" \/>\n<meta name=\"twitter:label1\" content=\"Escrito por\" \/>\n\t<meta name=\"twitter:data1\" content=\"Renan Dantas\" \/>\n\t<meta name=\"twitter:label2\" content=\"Est. tempo de leitura\" \/>\n\t<meta name=\"twitter:data2\" content=\"2 minutos\" \/>\n<script type=\"application\/ld+json\" class=\"yoast-schema-graph\">{\"@context\":\"https:\/\/schema.org\",\"@graph\":[{\"@type\":\"NewsArticle\",\"@id\":\"https:\/\/www.suno.com.br\/noticias\/banco-do-brasil-bolsonaro-politica-juros\/#article\",\"isPartOf\":{\"@id\":\"https:\/\/www.suno.com.br\/noticias\/banco-do-brasil-bolsonaro-politica-juros\/\"},\"author\":{\"name\":\"Renan Dantas\",\"@id\":\"https:\/\/www.suno.com.br\/noticias\/#\/schema\/person\/3f7693d5795a3f6d5ce15309ee785699\"},\"headline\":\"Banco do Brasil: porta-voz diz que Bolsonaro n\u00e3o vai intervir em pol\u00edtica de juros\",\"datePublished\":\"2019-04-29T22:15:50+00:00\",\"dateModified\":\"2019-04-29T23:00:35+00:00\",\"mainEntityOfPage\":{\"@id\":\"https:\/\/www.suno.com.br\/noticias\/banco-do-brasil-bolsonaro-politica-juros\/\"},\"wordCount\":468,\"publisher\":{\"@id\":\"https:\/\/www.suno.com.br\/noticias\/#organization\"},\"image\":{\"@id\":\"https:\/\/www.suno.com.br\/noticias\/banco-do-brasil-bolsonaro-politica-juros\/#primaryimage\"},\"thumbnailUrl\":\"https:\/\/files.sunoresearch.com.br\/n\/uploads\/2018\/11\/1f0dc433-banco-do-brasil-jpg.webp\",\"keywords\":[\"Banco do Brasil (BBAS3)\",\"Jair Bolsonaro\"],\"articleSection\":[\"Economia\"],\"inLanguage\":\"pt-BR\"},{\"@type\":\"WebPage\",\"@id\":\"https:\/\/www.suno.com.br\/noticias\/banco-do-brasil-bolsonaro-politica-juros\/\",\"url\":\"https:\/\/www.suno.com.br\/noticias\/banco-do-brasil-bolsonaro-politica-juros\/\",\"name\":\"Banco do Brasil: porta-voz diz que Bolsonaro n\u00e3o vai intervir em juros\",\"isPartOf\":{\"@id\":\"https:\/\/www.suno.com.br\/noticias\/#website\"},\"primaryImageOfPage\":{\"@id\":\"https:\/\/www.suno.com.br\/noticias\/banco-do-brasil-bolsonaro-politica-juros\/#primaryimage\"},\"image\":{\"@id\":\"https:\/\/www.suno.com.br\/noticias\/banco-do-brasil-bolsonaro-politica-juros\/#primaryimage\"},\"thumbnailUrl\":\"https:\/\/files.sunoresearch.com.br\/n\/uploads\/2018\/11\/1f0dc433-banco-do-brasil-jpg.webp\",\"datePublished\":\"2019-04-29T22:15:50+00:00\",\"dateModified\":\"2019-04-29T23:00:35+00:00\",\"description\":\"Ap\u00f3s a fala de Bolsonaro, as a\u00e7\u00f5es do Banco do Brasil, que abriram em alta de 1,9% nesta manh\u00e3, ca\u00edram cerca de 1%. Clique aqui para ler mais\",\"breadcrumb\":{\"@id\":\"https:\/\/www.suno.com.br\/noticias\/banco-do-brasil-bolsonaro-politica-juros\/#breadcrumb\"},\"inLanguage\":\"pt-BR\",\"potentialAction\":[{\"@type\":\"ReadAction\",\"target\":[\"https:\/\/www.suno.com.br\/noticias\/banco-do-brasil-bolsonaro-politica-juros\/\"]}]},{\"@type\":\"ImageObject\",\"inLanguage\":\"pt-BR\",\"@id\":\"https:\/\/www.suno.com.br\/noticias\/banco-do-brasil-bolsonaro-politica-juros\/#primaryimage\",\"url\":\"https:\/\/files.sunoresearch.com.br\/n\/uploads\/2018\/11\/1f0dc433-banco-do-brasil-jpg.webp\",\"contentUrl\":\"https:\/\/files.sunoresearch.com.br\/n\/uploads\/2018\/11\/1f0dc433-banco-do-brasil-jpg.webp\",\"width\":1280,\"height\":960,\"caption\":\"Banco do Brasil\"},{\"@type\":\"BreadcrumbList\",\"@id\":\"https:\/\/www.suno.com.br\/noticias\/banco-do-brasil-bolsonaro-politica-juros\/#breadcrumb\",\"itemListElement\":[{\"@type\":\"ListItem\",\"position\":1,\"name\":\"Not\u00edcias\",\"item\":\"https:\/\/www.suno.com.br\/noticias\/\"},{\"@type\":\"ListItem\",\"position\":2,\"name\":\"Economia\",\"item\":\"https:\/\/www.suno.com.br\/noticias\/economia\/\"},{\"@type\":\"ListItem\",\"position\":3,\"name\":\"Banco do Brasil: porta-voz diz que Bolsonaro n\u00e3o vai intervir em pol\u00edtica de juros\"}]},{\"@type\":\"WebSite\",\"@id\":\"https:\/\/www.suno.com.br\/noticias\/#website\",\"url\":\"https:\/\/www.suno.com.br\/noticias\/\",\"name\":\"Suno Not\u00edcias\",\"description\":\"Seu portal de informa\u00e7\u00e3o sobre o mundo dos investimentos\",\"publisher\":{\"@id\":\"https:\/\/www.suno.com.br\/noticias\/#organization\"},\"potentialAction\":[{\"@type\":\"SearchAction\",\"target\":{\"@type\":\"EntryPoint\",\"urlTemplate\":\"https:\/\/www.suno.com.br\/noticias\/?s={search_term_string}\"},\"query-input\":{\"@type\":\"PropertyValueSpecification\",\"valueRequired\":true,\"valueName\":\"search_term_string\"}}],\"inLanguage\":\"pt-BR\"},{\"@type\":\"Organization\",\"@id\":\"https:\/\/www.suno.com.br\/noticias\/#organization\",\"name\":\"Suno Not\u00edcias\",\"url\":\"https:\/\/www.suno.com.br\/noticias\/\",\"logo\":{\"@type\":\"ImageObject\",\"inLanguage\":\"pt-BR\",\"@id\":\"https:\/\/www.suno.com.br\/noticias\/#\/schema\/logo\/image\/\",\"url\":\"https:\/\/files.sunoresearch.com.br\/n\/uploads\/2021\/09\/suno-logo.png\",\"contentUrl\":\"https:\/\/files.sunoresearch.com.br\/n\/uploads\/2021\/09\/suno-logo.png\",\"width\":180,\"height\":180,\"caption\":\"Suno Not\u00edcias\"},\"image\":{\"@id\":\"https:\/\/www.suno.com.br\/noticias\/#\/schema\/logo\/image\/\"},\"sameAs\":[\"https:\/\/facebook.com\/sunoresearch\",\"https:\/\/x.com\/sunoresearch\",\"https:\/\/www.instagram.com\/suno\",\"https:\/\/www.linkedin.com\/company\/suno-research\/\",\"https:\/\/www.youtube.com\/c\/sunoresearch\"]},{\"@type\":\"Person\",\"@id\":\"https:\/\/www.suno.com.br\/noticias\/#\/schema\/person\/3f7693d5795a3f6d5ce15309ee785699\",\"name\":\"Renan Dantas\",\"image\":{\"@type\":\"ImageObject\",\"inLanguage\":\"pt-BR\",\"@id\":\"https:\/\/www.suno.com.br\/noticias\/#\/schema\/person\/image\/\",\"url\":\"https:\/\/secure.gravatar.com\/avatar\/1787b83e7484a08e51d62ac8b41c8396?s=96&r=g\",\"contentUrl\":\"https:\/\/secure.gravatar.com\/avatar\/1787b83e7484a08e51d62ac8b41c8396?s=96&r=g\",\"caption\":\"Renan Dantas\"},\"description\":\"Escreve sobre pol\u00edtica e mercado financeiro para o portal Suno Not\u00edcias. Antes, atuou na assessoria de comunica\u00e7\u00e3o do Minist\u00e9rio P\u00fablico do Trabalho e na R\u00e1dio Mackenzie, onde apresentava e produzia um programa sobre artistas da m\u00fasica brasileira. \u00c9 estudante na Universidade Presbiteriana Mackenzie.\",\"url\":\"https:\/\/www.suno.com.br\/noticias\/author\/renan-dantas\/\"}]}<\/script>\n<!-- \/ Yoast SEO plugin. -->","yoast_head_json":{"title":"Banco do Brasil: porta-voz diz que Bolsonaro n\u00e3o vai intervir em juros","description":"Ap\u00f3s a fala de Bolsonaro, as a\u00e7\u00f5es do Banco do Brasil, que abriram em alta de 1,9% nesta manh\u00e3, ca\u00edram cerca de 1%. Clique aqui para ler mais","robots":{"index":"index","follow":"follow","max-snippet":"max-snippet:-1","max-image-preview":"max-image-preview:large","max-video-preview":"max-video-preview:-1"},"canonical":"https:\/\/www.suno.com.br\/noticias\/banco-do-brasil-bolsonaro-politica-juros\/","og_locale":"pt_BR","og_type":"article","og_title":"Banco do Brasil: porta-voz diz que Bolsonaro n\u00e3o vai intervir em juros","og_description":"Ap\u00f3s a fala de Bolsonaro, as a\u00e7\u00f5es do Banco do Brasil, que abriram em alta de 1,9% nesta manh\u00e3, ca\u00edram cerca de 1%. Clique aqui para ler mais","og_url":"https:\/\/www.suno.com.br\/noticias\/banco-do-brasil-bolsonaro-politica-juros\/","og_site_name":"Suno Not\u00edcias","article_publisher":"https:\/\/facebook.com\/sunoresearch","og_image":[{"width":1280,"height":960,"url":"https:\/\/files.sunoresearch.com.br\/n\/uploads\/2018\/11\/1f0dc433-banco-do-brasil.jpg","type":"image\/jpeg"}],"author":"Renan Dantas","twitter_card":"summary_large_image","twitter_creator":"@sunoresearch","twitter_site":"@sunoresearch","twitter_misc":{"Escrito por":"Renan Dantas","Est. tempo de leitura":"2 minutos"},"schema":{"@context":"https:\/\/schema.org","@graph":[{"@type":"NewsArticle","@id":"https:\/\/www.suno.com.br\/noticias\/banco-do-brasil-bolsonaro-politica-juros\/#article","isPartOf":{"@id":"https:\/\/www.suno.com.br\/noticias\/banco-do-brasil-bolsonaro-politica-juros\/"},"author":{"name":"Renan Dantas","@id":"https:\/\/www.suno.com.br\/noticias\/#\/schema\/person\/3f7693d5795a3f6d5ce15309ee785699"},"headline":"Banco do Brasil: porta-voz diz que Bolsonaro n\u00e3o vai intervir em pol\u00edtica de juros","datePublished":"2019-04-29T22:15:50+00:00","dateModified":"2019-04-29T23:00:35+00:00","mainEntityOfPage":{"@id":"https:\/\/www.suno.com.br\/noticias\/banco-do-brasil-bolsonaro-politica-juros\/"},"wordCount":468,"publisher":{"@id":"https:\/\/www.suno.com.br\/noticias\/#organization"},"image":{"@id":"https:\/\/www.suno.com.br\/noticias\/banco-do-brasil-bolsonaro-politica-juros\/#primaryimage"},"thumbnailUrl":"https:\/\/files.sunoresearch.com.br\/n\/uploads\/2018\/11\/1f0dc433-banco-do-brasil-jpg.webp","keywords":["Banco do Brasil (BBAS3)","Jair Bolsonaro"],"articleSection":["Economia"],"inLanguage":"pt-BR"},{"@type":"WebPage","@id":"https:\/\/www.suno.com.br\/noticias\/banco-do-brasil-bolsonaro-politica-juros\/","url":"https:\/\/www.suno.com.br\/noticias\/banco-do-brasil-bolsonaro-politica-juros\/","name":"Banco do Brasil: porta-voz diz que Bolsonaro n\u00e3o vai intervir em juros","isPartOf":{"@id":"https:\/\/www.suno.com.br\/noticias\/#website"},"primaryImageOfPage":{"@id":"https:\/\/www.suno.com.br\/noticias\/banco-do-brasil-bolsonaro-politica-juros\/#primaryimage"},"image":{"@id":"https:\/\/www.suno.com.br\/noticias\/banco-do-brasil-bolsonaro-politica-juros\/#primaryimage"},"thumbnailUrl":"https:\/\/files.sunoresearch.com.br\/n\/uploads\/2018\/11\/1f0dc433-banco-do-brasil-jpg.webp","datePublished":"2019-04-29T22:15:50+00:00","dateModified":"2019-04-29T23:00:35+00:00","description":"Ap\u00f3s a fala de Bolsonaro, as a\u00e7\u00f5es do Banco do Brasil, que abriram em alta de 1,9% nesta manh\u00e3, ca\u00edram cerca de 1%. Clique aqui para ler mais","breadcrumb":{"@id":"https:\/\/www.suno.com.br\/noticias\/banco-do-brasil-bolsonaro-politica-juros\/#breadcrumb"},"inLanguage":"pt-BR","potentialAction":[{"@type":"ReadAction","target":["https:\/\/www.suno.com.br\/noticias\/banco-do-brasil-bolsonaro-politica-juros\/"]}]},{"@type":"ImageObject","inLanguage":"pt-BR","@id":"https:\/\/www.suno.com.br\/noticias\/banco-do-brasil-bolsonaro-politica-juros\/#primaryimage","url":"https:\/\/files.sunoresearch.com.br\/n\/uploads\/2018\/11\/1f0dc433-banco-do-brasil-jpg.webp","contentUrl":"https:\/\/files.sunoresearch.com.br\/n\/uploads\/2018\/11\/1f0dc433-banco-do-brasil-jpg.webp","width":1280,"height":960,"caption":"Banco do Brasil"},{"@type":"BreadcrumbList","@id":"https:\/\/www.suno.com.br\/noticias\/banco-do-brasil-bolsonaro-politica-juros\/#breadcrumb","itemListElement":[{"@type":"ListItem","position":1,"name":"Not\u00edcias","item":"https:\/\/www.suno.com.br\/noticias\/"},{"@type":"ListItem","position":2,"name":"Economia","item":"https:\/\/www.suno.com.br\/noticias\/economia\/"},{"@type":"ListItem","position":3,"name":"Banco do Brasil: porta-voz diz que Bolsonaro n\u00e3o vai intervir em pol\u00edtica de juros"}]},{"@type":"WebSite","@id":"https:\/\/www.suno.com.br\/noticias\/#website","url":"https:\/\/www.suno.com.br\/noticias\/","name":"Suno Not\u00edcias","description":"Seu portal de informa\u00e7\u00e3o sobre o mundo dos investimentos","publisher":{"@id":"https:\/\/www.suno.com.br\/noticias\/#organization"},"potentialAction":[{"@type":"SearchAction","target":{"@type":"EntryPoint","urlTemplate":"https:\/\/www.suno.com.br\/noticias\/?s={search_term_string}"},"query-input":{"@type":"PropertyValueSpecification","valueRequired":true,"valueName":"search_term_string"}}],"inLanguage":"pt-BR"},{"@type":"Organization","@id":"https:\/\/www.suno.com.br\/noticias\/#organization","name":"Suno Not\u00edcias","url":"https:\/\/www.suno.com.br\/noticias\/","logo":{"@type":"ImageObject","inLanguage":"pt-BR","@id":"https:\/\/www.suno.com.br\/noticias\/#\/schema\/logo\/image\/","url":"https:\/\/files.sunoresearch.com.br\/n\/uploads\/2021\/09\/suno-logo.png","contentUrl":"https:\/\/files.sunoresearch.com.br\/n\/uploads\/2021\/09\/suno-logo.png","width":180,"height":180,"caption":"Suno Not\u00edcias"},"image":{"@id":"https:\/\/www.suno.com.br\/noticias\/#\/schema\/logo\/image\/"},"sameAs":["https:\/\/facebook.com\/sunoresearch","https:\/\/x.com\/sunoresearch","https:\/\/www.instagram.com\/suno","https:\/\/www.linkedin.com\/company\/suno-research\/","https:\/\/www.youtube.com\/c\/sunoresearch"]},{"@type":"Person","@id":"https:\/\/www.suno.com.br\/noticias\/#\/schema\/person\/3f7693d5795a3f6d5ce15309ee785699","name":"Renan Dantas","image":{"@type":"ImageObject","inLanguage":"pt-BR","@id":"https:\/\/www.suno.com.br\/noticias\/#\/schema\/person\/image\/","url":"https:\/\/secure.gravatar.com\/avatar\/1787b83e7484a08e51d62ac8b41c8396?s=96&r=g","contentUrl":"https:\/\/secure.gravatar.com\/avatar\/1787b83e7484a08e51d62ac8b41c8396?s=96&r=g","caption":"Renan Dantas"},"description":"Escreve sobre pol\u00edtica e mercado financeiro para o portal Suno Not\u00edcias. Antes, atuou na assessoria de comunica\u00e7\u00e3o do Minist\u00e9rio P\u00fablico do Trabalho e na R\u00e1dio Mackenzie, onde apresentava e produzia um programa sobre artistas da m\u00fasica brasileira. \u00c9 estudante na Universidade Presbiteriana Mackenzie.","url":"https:\/\/www.suno.com.br\/noticias\/author\/renan-dantas\/"}]}},"default_loop_html":"<div class=\"cardsPage__listCard__boxs\"><div class=\"cardsPage__listCard__boxs__img\"><a href=\"https:\/\/www.suno.com.br\/noticias\/banco-do-brasil-bolsonaro-politica-juros\/\"><img class=\"mask\" src=\"https:\/\/www.suno.com.br\/noticias\/wp-content\/themes\/suno\/resources\/images\/spotlight\/spotlight1img\/bg-mask.png\" alt=\"Image Mask\"\/><img src=\"https:\/\/files.sunoresearch.com.br\/n\/uploads\/2018\/11\/1f0dc433-banco-do-brasil-400x200.webp\" alt=\"Banco do Brasil: porta-voz diz que Bolsonaro n\u00e3o vai intervir em pol\u00edtica de juros\"\/><\/a><span class=\"spotlightCategory\"><a href=\"https:\/\/www.suno.com.br\/noticias\/economia\/\">Economia<\/a><\/span><\/div><div class=\"cardsPage__listCard__boxs__content\"><a href=\"https:\/\/www.suno.com.br\/noticias\/banco-do-brasil-bolsonaro-politica-juros\/\"><h2 class=\"content__title\">Banco do Brasil: porta-voz diz que Bolsonaro n\u00e3o vai intervir em pol\u00edtica de juros<\/h2><\/a><div class=\"newsContent__article__meta\"><div class=\"newsContent__article__meta__authorBox\"><a href=\"https:\/\/www.suno.com.br\/noticias\/author\/renan-dantas\/\" class=\"authorBox__avatar noMobi\"><img src=\"https:\/\/secure.gravatar.com\/avatar\/1787b83e7484a08e51d62ac8b41c8396?s=96&#038;r=g\" alt=\"Renan Dantas\"><\/a><div class=\"authorBox__name\"><span>por\n\t\t\t<a href=\"https:\/\/www.suno.com.br\/noticias\/author\/renan-dantas\/\"><span itemprop=\"author\">Renan Dantas<\/span><\/a><\/span><time datetime=\"2019-04-29T19:15:50-03:00\" itemprop=\"datePublished\">29\/04\/2019 19:15<\/time><\/div><\/div><\/div><\/div><\/div>","single_layout":"posts","amp_enabled":true,"_links":{"self":[{"href":"https:\/\/www.suno.com.br\/noticias\/wp-json\/wp\/v2\/posts\/22695"}],"collection":[{"href":"https:\/\/www.suno.com.br\/noticias\/wp-json\/wp\/v2\/posts"}],"about":[{"href":"https:\/\/www.suno.com.br\/noticias\/wp-json\/wp\/v2\/types\/post"}],"author":[{"embeddable":true,"href":"https:\/\/www.suno.com.br\/noticias\/wp-json\/wp\/v2\/users\/14"}],"replies":[{"embeddable":true,"href":"https:\/\/www.suno.com.br\/noticias\/wp-json\/wp\/v2\/comments?post=22695"}],"version-history":[{"count":0,"href":"https:\/\/www.suno.com.br\/noticias\/wp-json\/wp\/v2\/posts\/22695\/revisions"}],"wp:featuredmedia":[{"embeddable":true,"href":"https:\/\/www.suno.com.br\/noticias\/wp-json\/wp\/v2\/media\/6114"}],"wp:attachment":[{"href":"https:\/\/www.suno.com.br\/noticias\/wp-json\/wp\/v2\/media?parent=22695"}],"wp:term":[{"taxonomy":"category","embeddable":true,"href":"https:\/\/www.suno.com.br\/noticias\/wp-json\/wp\/v2\/categories?post=22695"},{"taxonomy":"post_tag","embeddable":true,"href":"https:\/\/www.suno.com.br\/noticias\/wp-json\/wp\/v2\/tags?post=22695"},{"taxonomy":"suno_strategy","embeddable":true,"href":"https:\/\/www.suno.com.br\/noticias\/wp-json\/wp\/v2\/suno_strategy?post=22695"}],"curies":[{"name":"wp","href":"https:\/\/api.w.org\/{rel}","templated":true}]}}