{"id":226877,"date":"2022-01-29T16:28:53","date_gmt":"2022-01-29T19:28:53","guid":{"rendered":"https:\/\/www.suno.com.br\/noticias\/?p=226877"},"modified":"2022-01-29T16:28:53","modified_gmt":"2022-01-29T19:28:53","slug":"americanas-amer3-jcp-aumento-capital","status":"publish","type":"post","link":"https:\/\/www.suno.com.br\/noticias\/americanas-amer3-jcp-aumento-capital\/","title":{"rendered":"Americanas (AMER3) aprova pagamento de JCP e aumento de capital"},"content":{"rendered":"<p>O conselho de administra\u00e7\u00e3o da <a href=\"https:\/\/statusinvest.com.br\/acoes\/amer3?__hstc=189907700.b8d238f187a0cdef1d9182426e6ea787.1638804500366.1643398066353.1643401968740.163&amp;__hssc=189907700.59.1643401968740&amp;__hsfp=92170559\"><strong>Americanas<\/strong> (AMER3)<\/a> aprovou a distribui\u00e7\u00e3o dos Juros Sobre o Capital Pr\u00f3prio (JCP) e o aumento de capital social da companhia.<\/p>\t<div class=\"wrapper-featured-image\">\n\t\t<figure class=\"spotlightImg\">\n\n\t\t\t<picture>\n\t\t\t\t<source media=\"(max-width: 768px)\" srcset=\"https:\/\/files.sunoresearch.com.br\/n\/uploads\/2022\/01\/Americanas-Foto-2021-Credito-Divulgacao-400x200.jpg\">\n\t\t\t\t<img loading=\"lazy\" decoding=\"async\" class=\"newsContent__article__imgCapa lazyloadDisabled \" src=\"https:\/\/files.sunoresearch.com.br\/n\/uploads\/2022\/01\/Americanas-Foto-2021-Credito-Divulgacao-800x450.jpg\" width=\"800\" height=\"450\" alt=\"Americanas (AMER3) aprova pagamento de JCP e aumento de capital\" fetchpriority=high \/>\n\t\t\t<\/picture>\n\n\t\t\t<figcaption class=\"wp-caption-text wp-caption-text--show\">Americanas (AMER3). Foto: Divulga\u00e7\u00e3o<\/figcaption>\n\t\t<\/figure>\n\t<\/div>\n\n\n\t<p>\n\t\t<a href=\"https:\/\/lp.suno.com.br\/planilha-controle-gastos\/\" target=\"_blank\" data-element=\"shortcode-suno-banner\" title=\"Banner SUNO, clique e saiba mais\">\n\t\t\t<picture>\n\t\t\t\t<source media=\"(max-width: 500px)\" srcset=\"https:\/\/files.sunoresearch.com.br\/n\/uploads\/2023\/03\/400x300-Planilha-controle-de-gastos.png\">\n\t\t\t\t<img class=\"newsContent__article__imgCapa newsContent__article__imgCapa--banner\"\n\t\t\t\t\tsrc=\"https:\/\/files.sunoresearch.com.br\/n\/uploads\/2023\/03\/1420x240-Planilha-controle-de-gastos.png\"\n\t\t\t\t\tdata-promo-id=\"101751\"\t\t\t\t\t\t\t\t\t\twidth='1420' height='240'\t\t\t\t\talt=\"https:\/\/files.sunoresearch.com.br\/n\/uploads\/2023\/03\/1420x240-Planilha-controle-de-gastos.png\"\n\t\t\t\t>\n\t\t\t<\/picture>\n\t\t<\/a>\n\t<\/p>\n\n\n<p>Segundo o fato relevante, ser\u00e3o distribu\u00eddos R$ 550,6 milh\u00f5es brutos em <strong>JCP<\/strong>, o que corresponde a R$ 0,61303854 por a\u00e7\u00e3o. A Americanas explicou que, como os acionistas poder\u00e3o utilizar o cr\u00e9dito do JCP para subscri\u00e7\u00e3o de novas a\u00e7\u00f5es, o pagamento ocorrer\u00e1 ap\u00f3s o t\u00e9rmino do per\u00edodo do exerc\u00edcio do direito de prefer\u00eancia, em 09 de mar\u00e7o de 2022.<\/p>\n<p>A posi\u00e7\u00e3o acion\u00e1ria a ser considerada para o<strong> pagamento do JCP<\/strong> ser\u00e1 dia 31 de janeiro de 2022.<\/p>\n\t<p>\n\t\t<a href=\"https:\/\/lp.suno.com.br\/planilha-da-vida-financeira\/\" target=\"_blank\" data-element=\"shortcode-suno-banner\" title=\"Banner SUNO, clique e saiba mais\">\n\t\t\t<picture>\n\t\t\t\t<source media=\"(max-width: 500px)\" srcset=\"https:\/\/files.sunoresearch.com.br\/n\/uploads\/2023\/04\/400x300-Planilha-vida-financeira-true.png\">\n\t\t\t\t<img class=\"newsContent__article__imgCapa newsContent__article__imgCapa--banner\"\n\t\t\t\t\tsrc=\"https:\/\/files.sunoresearch.com.br\/n\/uploads\/2023\/04\/1420x240-Planilha-vida-financeira-true.png\"\n\t\t\t\t\tdata-promo-id=\"106682\"\t\t\t\t\t\t\t\t\t\twidth='1420' height='240'\t\t\t\t\talt=\"https:\/\/files.sunoresearch.com.br\/n\/uploads\/2023\/04\/1420x240-Planilha-vida-financeira-true.png\"\n\t\t\t\t>\n\t\t\t<\/picture>\n\t\t<\/a>\n\t<\/p>\n\n\n<p>Al\u00e9m disso, a companhia aprovou o <strong>aumento de capital social<\/strong>, dentro do limite, mediante a subscri\u00e7\u00e3o particular, no montante de, no m\u00ednimo, 5.840.708 a\u00e7\u00f5es e, no m\u00e1ximo, 19.723.581 a\u00e7\u00f5es, ao pre\u00e7o de R$ 23,7 por a\u00e7\u00e3o.<\/p>\n<p>O valor considerou a m\u00e9dia das cota\u00e7\u00f5es nos \u00faltimos 20 preg\u00f5es da B3, ponderada por volume de negocia\u00e7\u00e3o, no per\u00edodo de 24 de novembro de 2021 a 21 de dezembro de 2021, inclusive, com desconto de 20% sobre o valor apurado.<\/p>\n<p>O porcentual de dilui\u00e7\u00e3o para os acionistas que n\u00e3o subscreverem nenhuma a\u00e7\u00e3o ser\u00e1 de, no m\u00ednimo, 0,64211684% e, no m\u00e1ximo, 2,13577724%. A Americanas diz que o aumento do capital social tem o objetivo de preservar a posi\u00e7\u00e3o financeira da companhia. O <strong>capital total<\/strong> ser\u00e1 de no m\u00e1ximo R$ 15,347 bilh\u00f5es ap\u00f3s o aumento.<\/p>\n<p><strong>Veja Tamb\u00e9m:<\/strong><\/p>\n<h2>Americanas aprova programa de recompra de at\u00e9 17,5 milh\u00f5es de a\u00e7\u00f5es<\/h2>\n<p>A Americanas informou que seu Conselho de Administra\u00e7\u00e3o aprovou um programa de recompra de at\u00e9 17,5 milh\u00f5es de a\u00e7\u00f5es.<\/p>\n<p>O programa ter\u00e1 validade de 18 meses, at\u00e9 21 de julho de 2023. Atualmente, a Americanas possui 620.680.234 <a class=\"suno-keyword\" href=\"https:\/\/www.suno.com.br\/artigos\/o-que-sao-acoes-ordinarias-preferenciais-e-units\/\" target=\"_blank\" rel=\"noopener\" data-force=\"no\" data-priority=\"1\">a\u00e7\u00f5es ordin\u00e1rias<\/a> em circula\u00e7\u00e3o.<\/p>\n<p>O objetivo da opera\u00e7\u00e3o visa a \u201cmaximizar a gera\u00e7\u00e3o de valor para os acionistas, por meio de uma administra\u00e7\u00e3o eficiente da <a class=\"suno-keyword\" href=\"https:\/\/www.suno.com.br\/artigos\/indicadores-estrutura-capital\/\" target=\"_blank\" rel=\"noopener\" data-force=\"no\" data-priority=\"1\">estrutura de capital<\/a>\u201d, com as a\u00e7\u00f5es podendo ser usadas para planos de remunera\u00e7\u00e3o em a\u00e7\u00f5es, mantidas em tesouraria, canceladas ou revendidas, de acordo com <a class=\"suno-keyword\" href=\"https:\/\/www.suno.com.br\/artigos\/fato-relevante\/\" target=\"_blank\" rel=\"noopener\" data-force=\"no\" data-priority=\"1\">fato relevante<\/a> enviado \u00e0 <strong>CVM<\/strong> pela companhia.<\/p>\n<p>Al\u00e9m disso, a <strong>Americanas<\/strong> disse que a opera\u00e7\u00e3o ser\u00e1 realizada pelos bancos <a class=\"suno-keyword\" href=\"https:\/\/www.suno.com.br\/acoes\/BPAC11\/\" target=\"_blank\" rel=\"noopener\" data-force=\"yes\" data-priority=\"2\">BTG Pactual (BPAC11)<\/a>, Credit Suisse, Ita\u00fa, UBS e XP Investimentos.<\/p>\n\t<p>\n\t\t<a href=\"https:\/\/lp.suno.com.br\/planilha-de-controle-de-investimentos\/\" target=\"_blank\" data-element=\"shortcode-suno-banner\" title=\"Banner SUNO, clique e saiba mais\">\n\t\t\t<picture>\n\t\t\t\t<source media=\"(max-width: 500px)\" srcset=\"https:\/\/files.sunoresearch.com.br\/n\/uploads\/2023\/03\/400x300-Controle-de-Investimentos.png\">\n\t\t\t\t<img class=\"newsContent__article__imgCapa newsContent__article__imgCapa--banner\"\n\t\t\t\t\tsrc=\"https:\/\/files.sunoresearch.com.br\/n\/uploads\/2023\/03\/1420x240-Controle-de-Investimentos.png\"\n\t\t\t\t\tdata-promo-id=\"75934\"\t\t\t\t\t\t\t\t\t\twidth='1420' height='240'\t\t\t\t\talt=\"https:\/\/files.sunoresearch.com.br\/n\/uploads\/2023\/03\/1420x240-Controle-de-Investimentos.png\"\n\t\t\t\t>\n\t\t\t<\/picture>\n\t\t<\/a>\n\t<\/p>\n\n\n","protected":false},"excerpt":{"rendered":"<p>O conselho de administra\u00e7\u00e3o da Americanas (AMER3) aprovou a distribui\u00e7\u00e3o dos Juros Sobre o Capital Pr\u00f3prio (JCP) e o aumento de capital social da companhia. Americanas (AMER3). Foto: Divulga\u00e7\u00e3o Segundo o fato relevante, ser\u00e3o distribu\u00eddos R$ 550,6 milh\u00f5es brutos em JCP, o que corresponde a R$ 0,61303854 por a\u00e7\u00e3o. A Americanas explicou que, como os [&hellip;]<\/p>\n","protected":false},"author":15,"featured_media":223984,"comment_status":"closed","ping_status":"closed","sticky":false,"template":"","format":"standard","meta":[],"categories":[64],"tags":[106605,1957],"suno_strategy":[],"class_list":["post-226877","post","type-post","status-publish","format-standard","has-post-thumbnail","hentry","category-negocios","tag-americanas-s-a-amer3","tag-juros-sobre-capital-proprio-jcp"],"yoast_head":"<!-- This site is optimized with the Yoast SEO plugin v24.4 - https:\/\/yoast.com\/wordpress\/plugins\/seo\/ -->\n<title>Americanas (AMER3) aprova pagamento de JCP e aumento de capital<\/title>\n<meta name=\"description\" content=\"Ser\u00e3o distribu\u00eddos R$ 550,6 milh\u00f5es brutos em JCP, o que corresponde a R$ 0,61303854 por a\u00e7\u00e3o da Americanas (AMER3). Clique aqui e veja\" \/>\n<meta name=\"robots\" content=\"index, follow, max-snippet:-1, max-image-preview:large, max-video-preview:-1\" \/>\n<link rel=\"canonical\" href=\"https:\/\/www.suno.com.br\/noticias\/americanas-amer3-jcp-aumento-capital\/\" \/>\n<meta property=\"og:locale\" content=\"pt_BR\" \/>\n<meta property=\"og:type\" content=\"article\" \/>\n<meta property=\"og:title\" content=\"Americanas (AMER3) aprova pagamento de JCP e aumento de capital\" \/>\n<meta property=\"og:description\" content=\"Ser\u00e3o distribu\u00eddos R$ 550,6 milh\u00f5es brutos em JCP, o que corresponde a R$ 0,61303854 por a\u00e7\u00e3o da Americanas (AMER3). Clique aqui e veja\" \/>\n<meta property=\"og:url\" content=\"https:\/\/www.suno.com.br\/noticias\/americanas-amer3-jcp-aumento-capital\/\" \/>\n<meta property=\"og:site_name\" content=\"Suno Not\u00edcias\" \/>\n<meta property=\"article:publisher\" content=\"https:\/\/facebook.com\/sunoresearch\" \/>\n<meta property=\"og:image\" content=\"https:\/\/files.sunoresearch.com.br\/n\/uploads\/2022\/01\/Americanas-Foto-2021-Credito-Divulgacao-scaled.jpg\" \/>\n\t<meta property=\"og:image:width\" content=\"2560\" \/>\n\t<meta property=\"og:image:height\" content=\"1705\" \/>\n\t<meta property=\"og:image:type\" content=\"image\/jpeg\" \/>\n<meta name=\"author\" content=\"Poliana Santos\" \/>\n<meta name=\"twitter:card\" content=\"summary_large_image\" \/>\n<meta name=\"twitter:creator\" content=\"@sunoresearch\" \/>\n<meta name=\"twitter:site\" content=\"@sunoresearch\" \/>\n<meta name=\"twitter:label1\" content=\"Escrito por\" \/>\n\t<meta name=\"twitter:data1\" content=\"Poliana Santos\" \/>\n\t<meta name=\"twitter:label2\" content=\"Est. tempo de leitura\" \/>\n\t<meta name=\"twitter:data2\" content=\"2 minutos\" \/>\n<script type=\"application\/ld+json\" class=\"yoast-schema-graph\">{\"@context\":\"https:\/\/schema.org\",\"@graph\":[{\"@type\":\"NewsArticle\",\"@id\":\"https:\/\/www.suno.com.br\/noticias\/americanas-amer3-jcp-aumento-capital\/#article\",\"isPartOf\":{\"@id\":\"https:\/\/www.suno.com.br\/noticias\/americanas-amer3-jcp-aumento-capital\/\"},\"author\":{\"name\":\"Poliana Santos\",\"@id\":\"https:\/\/www.suno.com.br\/noticias\/#\/schema\/person\/02ec1f752758247878a2bf4abee1aeda\"},\"headline\":\"Americanas (AMER3) aprova pagamento de JCP e aumento de capital\",\"datePublished\":\"2022-01-29T19:28:53+00:00\",\"mainEntityOfPage\":{\"@id\":\"https:\/\/www.suno.com.br\/noticias\/americanas-amer3-jcp-aumento-capital\/\"},\"wordCount\":411,\"publisher\":{\"@id\":\"https:\/\/www.suno.com.br\/noticias\/#organization\"},\"image\":{\"@id\":\"https:\/\/www.suno.com.br\/noticias\/americanas-amer3-jcp-aumento-capital\/#primaryimage\"},\"thumbnailUrl\":\"https:\/\/files.sunoresearch.com.br\/n\/uploads\/2022\/01\/Americanas-Foto-2021-Credito-Divulgacao-scaled.jpg\",\"keywords\":[\"Americanas (AMER3)\",\"juros sobre capital pr\u00f3prio (JCP)\"],\"articleSection\":[\"Neg\u00f3cios\"],\"inLanguage\":\"pt-BR\"},{\"@type\":\"WebPage\",\"@id\":\"https:\/\/www.suno.com.br\/noticias\/americanas-amer3-jcp-aumento-capital\/\",\"url\":\"https:\/\/www.suno.com.br\/noticias\/americanas-amer3-jcp-aumento-capital\/\",\"name\":\"Americanas (AMER3) aprova pagamento de JCP e aumento de capital\",\"isPartOf\":{\"@id\":\"https:\/\/www.suno.com.br\/noticias\/#website\"},\"primaryImageOfPage\":{\"@id\":\"https:\/\/www.suno.com.br\/noticias\/americanas-amer3-jcp-aumento-capital\/#primaryimage\"},\"image\":{\"@id\":\"https:\/\/www.suno.com.br\/noticias\/americanas-amer3-jcp-aumento-capital\/#primaryimage\"},\"thumbnailUrl\":\"https:\/\/files.sunoresearch.com.br\/n\/uploads\/2022\/01\/Americanas-Foto-2021-Credito-Divulgacao-scaled.jpg\",\"datePublished\":\"2022-01-29T19:28:53+00:00\",\"description\":\"Ser\u00e3o distribu\u00eddos R$ 550,6 milh\u00f5es brutos em JCP, o que corresponde a R$ 0,61303854 por a\u00e7\u00e3o da Americanas (AMER3). Clique aqui e veja\",\"breadcrumb\":{\"@id\":\"https:\/\/www.suno.com.br\/noticias\/americanas-amer3-jcp-aumento-capital\/#breadcrumb\"},\"inLanguage\":\"pt-BR\",\"potentialAction\":[{\"@type\":\"ReadAction\",\"target\":[\"https:\/\/www.suno.com.br\/noticias\/americanas-amer3-jcp-aumento-capital\/\"]}]},{\"@type\":\"ImageObject\",\"inLanguage\":\"pt-BR\",\"@id\":\"https:\/\/www.suno.com.br\/noticias\/americanas-amer3-jcp-aumento-capital\/#primaryimage\",\"url\":\"https:\/\/files.sunoresearch.com.br\/n\/uploads\/2022\/01\/Americanas-Foto-2021-Credito-Divulgacao-scaled.jpg\",\"contentUrl\":\"https:\/\/files.sunoresearch.com.br\/n\/uploads\/2022\/01\/Americanas-Foto-2021-Credito-Divulgacao-scaled.jpg\",\"width\":2560,\"height\":1705,\"caption\":\"Americanas (AMER3). Foto: Divulga\u00e7\u00e3o\"},{\"@type\":\"BreadcrumbList\",\"@id\":\"https:\/\/www.suno.com.br\/noticias\/americanas-amer3-jcp-aumento-capital\/#breadcrumb\",\"itemListElement\":[{\"@type\":\"ListItem\",\"position\":1,\"name\":\"Not\u00edcias\",\"item\":\"https:\/\/www.suno.com.br\/noticias\/\"},{\"@type\":\"ListItem\",\"position\":2,\"name\":\"Neg\u00f3cios\",\"item\":\"https:\/\/www.suno.com.br\/noticias\/negocios\/\"},{\"@type\":\"ListItem\",\"position\":3,\"name\":\"Americanas (AMER3) aprova pagamento de JCP e aumento de capital\"}]},{\"@type\":\"WebSite\",\"@id\":\"https:\/\/www.suno.com.br\/noticias\/#website\",\"url\":\"https:\/\/www.suno.com.br\/noticias\/\",\"name\":\"Suno Not\u00edcias\",\"description\":\"Seu portal de informa\u00e7\u00e3o sobre o mundo dos investimentos\",\"publisher\":{\"@id\":\"https:\/\/www.suno.com.br\/noticias\/#organization\"},\"potentialAction\":[{\"@type\":\"SearchAction\",\"target\":{\"@type\":\"EntryPoint\",\"urlTemplate\":\"https:\/\/www.suno.com.br\/noticias\/?s={search_term_string}\"},\"query-input\":{\"@type\":\"PropertyValueSpecification\",\"valueRequired\":true,\"valueName\":\"search_term_string\"}}],\"inLanguage\":\"pt-BR\"},{\"@type\":\"Organization\",\"@id\":\"https:\/\/www.suno.com.br\/noticias\/#organization\",\"name\":\"Suno Not\u00edcias\",\"url\":\"https:\/\/www.suno.com.br\/noticias\/\",\"logo\":{\"@type\":\"ImageObject\",\"inLanguage\":\"pt-BR\",\"@id\":\"https:\/\/www.suno.com.br\/noticias\/#\/schema\/logo\/image\/\",\"url\":\"https:\/\/files.sunoresearch.com.br\/n\/uploads\/2021\/09\/suno-logo.png\",\"contentUrl\":\"https:\/\/files.sunoresearch.com.br\/n\/uploads\/2021\/09\/suno-logo.png\",\"width\":180,\"height\":180,\"caption\":\"Suno Not\u00edcias\"},\"image\":{\"@id\":\"https:\/\/www.suno.com.br\/noticias\/#\/schema\/logo\/image\/\"},\"sameAs\":[\"https:\/\/facebook.com\/sunoresearch\",\"https:\/\/x.com\/sunoresearch\",\"https:\/\/www.instagram.com\/suno\",\"https:\/\/www.linkedin.com\/company\/suno-research\/\",\"https:\/\/www.youtube.com\/c\/sunoresearch\"]},{\"@type\":\"Person\",\"@id\":\"https:\/\/www.suno.com.br\/noticias\/#\/schema\/person\/02ec1f752758247878a2bf4abee1aeda\",\"name\":\"Poliana Santos\",\"image\":{\"@type\":\"ImageObject\",\"inLanguage\":\"pt-BR\",\"@id\":\"https:\/\/www.suno.com.br\/noticias\/#\/schema\/person\/image\/\",\"url\":\"https:\/\/secure.gravatar.com\/avatar\/0645bd32f23d87b2130f2b2dff1d3f8d?s=96&r=g\",\"contentUrl\":\"https:\/\/secure.gravatar.com\/avatar\/0645bd32f23d87b2130f2b2dff1d3f8d?s=96&r=g\",\"caption\":\"Poliana Santos\"},\"description\":\"Rep\u00f3rter no Suno Not\u00edcias, com cobertura em mercado financeiro, economia, finan\u00e7as pessoais, renda fixa e varejo. Jornalista formada pela Faculdade C\u00e1sper L\u00edbero e possui passagem na R\u00e1dio Gazeta AM com a produ\u00e7\u00e3o de conte\u00fado sobre economia, pol\u00edtica, sa\u00fade, moda e m\u00fasica. Possui certificado de conclus\u00e3o do curso de An\u00e1lise de Balan\u00e7os pela Funda\u00e7\u00e3o Bradesco, Agenda Brasil pela FAAP, Educa\u00e7\u00e3o Pol\u00edtica por Alexandre Garcia e do Tesouro Direto e Mercado de A\u00e7\u00f5es pela B3.\",\"url\":\"https:\/\/www.suno.com.br\/noticias\/author\/poliana-santos\/\"}]}<\/script>\n<!-- \/ Yoast SEO plugin. -->","yoast_head_json":{"title":"Americanas (AMER3) aprova pagamento de JCP e aumento de capital","description":"Ser\u00e3o distribu\u00eddos R$ 550,6 milh\u00f5es brutos em JCP, o que corresponde a R$ 0,61303854 por a\u00e7\u00e3o da Americanas (AMER3). Clique aqui e veja","robots":{"index":"index","follow":"follow","max-snippet":"max-snippet:-1","max-image-preview":"max-image-preview:large","max-video-preview":"max-video-preview:-1"},"canonical":"https:\/\/www.suno.com.br\/noticias\/americanas-amer3-jcp-aumento-capital\/","og_locale":"pt_BR","og_type":"article","og_title":"Americanas (AMER3) aprova pagamento de JCP e aumento de capital","og_description":"Ser\u00e3o distribu\u00eddos R$ 550,6 milh\u00f5es brutos em JCP, o que corresponde a R$ 0,61303854 por a\u00e7\u00e3o da Americanas (AMER3). Clique aqui e veja","og_url":"https:\/\/www.suno.com.br\/noticias\/americanas-amer3-jcp-aumento-capital\/","og_site_name":"Suno Not\u00edcias","article_publisher":"https:\/\/facebook.com\/sunoresearch","og_image":[{"width":2560,"height":1705,"url":"https:\/\/files.sunoresearch.com.br\/n\/uploads\/2022\/01\/Americanas-Foto-2021-Credito-Divulgacao-scaled.jpg","type":"image\/jpeg"}],"author":"Poliana Santos","twitter_card":"summary_large_image","twitter_creator":"@sunoresearch","twitter_site":"@sunoresearch","twitter_misc":{"Escrito por":"Poliana Santos","Est. tempo de leitura":"2 minutos"},"schema":{"@context":"https:\/\/schema.org","@graph":[{"@type":"NewsArticle","@id":"https:\/\/www.suno.com.br\/noticias\/americanas-amer3-jcp-aumento-capital\/#article","isPartOf":{"@id":"https:\/\/www.suno.com.br\/noticias\/americanas-amer3-jcp-aumento-capital\/"},"author":{"name":"Poliana Santos","@id":"https:\/\/www.suno.com.br\/noticias\/#\/schema\/person\/02ec1f752758247878a2bf4abee1aeda"},"headline":"Americanas (AMER3) aprova pagamento de JCP e aumento de capital","datePublished":"2022-01-29T19:28:53+00:00","mainEntityOfPage":{"@id":"https:\/\/www.suno.com.br\/noticias\/americanas-amer3-jcp-aumento-capital\/"},"wordCount":411,"publisher":{"@id":"https:\/\/www.suno.com.br\/noticias\/#organization"},"image":{"@id":"https:\/\/www.suno.com.br\/noticias\/americanas-amer3-jcp-aumento-capital\/#primaryimage"},"thumbnailUrl":"https:\/\/files.sunoresearch.com.br\/n\/uploads\/2022\/01\/Americanas-Foto-2021-Credito-Divulgacao-scaled.jpg","keywords":["Americanas (AMER3)","juros sobre capital pr\u00f3prio (JCP)"],"articleSection":["Neg\u00f3cios"],"inLanguage":"pt-BR"},{"@type":"WebPage","@id":"https:\/\/www.suno.com.br\/noticias\/americanas-amer3-jcp-aumento-capital\/","url":"https:\/\/www.suno.com.br\/noticias\/americanas-amer3-jcp-aumento-capital\/","name":"Americanas (AMER3) aprova pagamento de JCP e aumento de capital","isPartOf":{"@id":"https:\/\/www.suno.com.br\/noticias\/#website"},"primaryImageOfPage":{"@id":"https:\/\/www.suno.com.br\/noticias\/americanas-amer3-jcp-aumento-capital\/#primaryimage"},"image":{"@id":"https:\/\/www.suno.com.br\/noticias\/americanas-amer3-jcp-aumento-capital\/#primaryimage"},"thumbnailUrl":"https:\/\/files.sunoresearch.com.br\/n\/uploads\/2022\/01\/Americanas-Foto-2021-Credito-Divulgacao-scaled.jpg","datePublished":"2022-01-29T19:28:53+00:00","description":"Ser\u00e3o distribu\u00eddos R$ 550,6 milh\u00f5es brutos em JCP, o que corresponde a R$ 0,61303854 por a\u00e7\u00e3o da Americanas (AMER3). Clique aqui e veja","breadcrumb":{"@id":"https:\/\/www.suno.com.br\/noticias\/americanas-amer3-jcp-aumento-capital\/#breadcrumb"},"inLanguage":"pt-BR","potentialAction":[{"@type":"ReadAction","target":["https:\/\/www.suno.com.br\/noticias\/americanas-amer3-jcp-aumento-capital\/"]}]},{"@type":"ImageObject","inLanguage":"pt-BR","@id":"https:\/\/www.suno.com.br\/noticias\/americanas-amer3-jcp-aumento-capital\/#primaryimage","url":"https:\/\/files.sunoresearch.com.br\/n\/uploads\/2022\/01\/Americanas-Foto-2021-Credito-Divulgacao-scaled.jpg","contentUrl":"https:\/\/files.sunoresearch.com.br\/n\/uploads\/2022\/01\/Americanas-Foto-2021-Credito-Divulgacao-scaled.jpg","width":2560,"height":1705,"caption":"Americanas (AMER3). Foto: Divulga\u00e7\u00e3o"},{"@type":"BreadcrumbList","@id":"https:\/\/www.suno.com.br\/noticias\/americanas-amer3-jcp-aumento-capital\/#breadcrumb","itemListElement":[{"@type":"ListItem","position":1,"name":"Not\u00edcias","item":"https:\/\/www.suno.com.br\/noticias\/"},{"@type":"ListItem","position":2,"name":"Neg\u00f3cios","item":"https:\/\/www.suno.com.br\/noticias\/negocios\/"},{"@type":"ListItem","position":3,"name":"Americanas (AMER3) aprova pagamento de JCP e aumento de capital"}]},{"@type":"WebSite","@id":"https:\/\/www.suno.com.br\/noticias\/#website","url":"https:\/\/www.suno.com.br\/noticias\/","name":"Suno Not\u00edcias","description":"Seu portal de informa\u00e7\u00e3o sobre o mundo dos investimentos","publisher":{"@id":"https:\/\/www.suno.com.br\/noticias\/#organization"},"potentialAction":[{"@type":"SearchAction","target":{"@type":"EntryPoint","urlTemplate":"https:\/\/www.suno.com.br\/noticias\/?s={search_term_string}"},"query-input":{"@type":"PropertyValueSpecification","valueRequired":true,"valueName":"search_term_string"}}],"inLanguage":"pt-BR"},{"@type":"Organization","@id":"https:\/\/www.suno.com.br\/noticias\/#organization","name":"Suno Not\u00edcias","url":"https:\/\/www.suno.com.br\/noticias\/","logo":{"@type":"ImageObject","inLanguage":"pt-BR","@id":"https:\/\/www.suno.com.br\/noticias\/#\/schema\/logo\/image\/","url":"https:\/\/files.sunoresearch.com.br\/n\/uploads\/2021\/09\/suno-logo.png","contentUrl":"https:\/\/files.sunoresearch.com.br\/n\/uploads\/2021\/09\/suno-logo.png","width":180,"height":180,"caption":"Suno Not\u00edcias"},"image":{"@id":"https:\/\/www.suno.com.br\/noticias\/#\/schema\/logo\/image\/"},"sameAs":["https:\/\/facebook.com\/sunoresearch","https:\/\/x.com\/sunoresearch","https:\/\/www.instagram.com\/suno","https:\/\/www.linkedin.com\/company\/suno-research\/","https:\/\/www.youtube.com\/c\/sunoresearch"]},{"@type":"Person","@id":"https:\/\/www.suno.com.br\/noticias\/#\/schema\/person\/02ec1f752758247878a2bf4abee1aeda","name":"Poliana Santos","image":{"@type":"ImageObject","inLanguage":"pt-BR","@id":"https:\/\/www.suno.com.br\/noticias\/#\/schema\/person\/image\/","url":"https:\/\/secure.gravatar.com\/avatar\/0645bd32f23d87b2130f2b2dff1d3f8d?s=96&r=g","contentUrl":"https:\/\/secure.gravatar.com\/avatar\/0645bd32f23d87b2130f2b2dff1d3f8d?s=96&r=g","caption":"Poliana Santos"},"description":"Rep\u00f3rter no Suno Not\u00edcias, com cobertura em mercado financeiro, economia, finan\u00e7as pessoais, renda fixa e varejo. Jornalista formada pela Faculdade C\u00e1sper L\u00edbero e possui passagem na R\u00e1dio Gazeta AM com a produ\u00e7\u00e3o de conte\u00fado sobre economia, pol\u00edtica, sa\u00fade, moda e m\u00fasica. Possui certificado de conclus\u00e3o do curso de An\u00e1lise de Balan\u00e7os pela Funda\u00e7\u00e3o Bradesco, Agenda Brasil pela FAAP, Educa\u00e7\u00e3o Pol\u00edtica por Alexandre Garcia e do Tesouro Direto e Mercado de A\u00e7\u00f5es pela B3.","url":"https:\/\/www.suno.com.br\/noticias\/author\/poliana-santos\/"}]}},"default_loop_html":"<div class=\"cardsPage__listCard__boxs\"><div class=\"cardsPage__listCard__boxs__img\"><a href=\"https:\/\/www.suno.com.br\/noticias\/americanas-amer3-jcp-aumento-capital\/\"><img class=\"mask\" src=\"https:\/\/www.suno.com.br\/noticias\/wp-content\/themes\/suno\/resources\/images\/spotlight\/spotlight1img\/bg-mask.png\" alt=\"Image Mask\"\/><img src=\"https:\/\/files.sunoresearch.com.br\/n\/uploads\/2022\/01\/Americanas-Foto-2021-Credito-Divulgacao-400x200.jpg\" alt=\"Americanas (AMER3) aprova pagamento de JCP e aumento de capital\"\/><\/a><span class=\"spotlightCategory\"><a href=\"https:\/\/www.suno.com.br\/noticias\/negocios\/\">Neg\u00f3cios<\/a><\/span><\/div><div class=\"cardsPage__listCard__boxs__content\"><a href=\"https:\/\/www.suno.com.br\/noticias\/americanas-amer3-jcp-aumento-capital\/\"><h2 class=\"content__title\">Americanas (AMER3) aprova pagamento de JCP e aumento de capital<\/h2><\/a><div class=\"newsContent__article__meta\"><div class=\"newsContent__article__meta__authorBox\"><a href=\"https:\/\/www.suno.com.br\/noticias\/author\/poliana-santos\/\" class=\"authorBox__avatar noMobi\"><img src=\"https:\/\/files.sunoresearch.com.br\/n\/uploads\/2020\/08\/7ef34026-whatsapp-image-2020-08-03-at-12.37.57-150x150.webp\" alt=\"Poliana Santos\"><\/a><div class=\"authorBox__name\"><span>por\n\t\t\t<a href=\"https:\/\/www.suno.com.br\/noticias\/author\/poliana-santos\/\"><span itemprop=\"author\">Poliana Santos<\/span><\/a><\/span><time datetime=\"2022-01-29T16:28:53-03:00\" itemprop=\"datePublished\">29\/01\/2022 16:28<\/time><\/div><\/div><\/div><\/div><\/div>","single_layout":"posts","amp_enabled":true,"_links":{"self":[{"href":"https:\/\/www.suno.com.br\/noticias\/wp-json\/wp\/v2\/posts\/226877"}],"collection":[{"href":"https:\/\/www.suno.com.br\/noticias\/wp-json\/wp\/v2\/posts"}],"about":[{"href":"https:\/\/www.suno.com.br\/noticias\/wp-json\/wp\/v2\/types\/post"}],"author":[{"embeddable":true,"href":"https:\/\/www.suno.com.br\/noticias\/wp-json\/wp\/v2\/users\/15"}],"replies":[{"embeddable":true,"href":"https:\/\/www.suno.com.br\/noticias\/wp-json\/wp\/v2\/comments?post=226877"}],"version-history":[{"count":1,"href":"https:\/\/www.suno.com.br\/noticias\/wp-json\/wp\/v2\/posts\/226877\/revisions"}],"predecessor-version":[{"id":226878,"href":"https:\/\/www.suno.com.br\/noticias\/wp-json\/wp\/v2\/posts\/226877\/revisions\/226878"}],"wp:featuredmedia":[{"embeddable":true,"href":"https:\/\/www.suno.com.br\/noticias\/wp-json\/wp\/v2\/media\/223984"}],"wp:attachment":[{"href":"https:\/\/www.suno.com.br\/noticias\/wp-json\/wp\/v2\/media?parent=226877"}],"wp:term":[{"taxonomy":"category","embeddable":true,"href":"https:\/\/www.suno.com.br\/noticias\/wp-json\/wp\/v2\/categories?post=226877"},{"taxonomy":"post_tag","embeddable":true,"href":"https:\/\/www.suno.com.br\/noticias\/wp-json\/wp\/v2\/tags?post=226877"},{"taxonomy":"suno_strategy","embeddable":true,"href":"https:\/\/www.suno.com.br\/noticias\/wp-json\/wp\/v2\/suno_strategy?post=226877"}],"curies":[{"name":"wp","href":"https:\/\/api.w.org\/{rel}","templated":true}]}}