{"id":226872,"date":"2022-01-29T16:03:34","date_gmt":"2022-01-29T19:03:34","guid":{"rendered":"https:\/\/www.suno.com.br\/noticias\/?p=226872"},"modified":"2022-01-30T11:11:25","modified_gmt":"2022-01-30T14:11:25","slug":"cvm-caso-mxrf11-veja-analise-professor-baroni","status":"publish","type":"post","link":"https:\/\/www.suno.com.br\/noticias\/cvm-caso-mxrf11-veja-analise-professor-baroni\/","title":{"rendered":"CVM est\u00e1 certa no caso do MXRF11? Veja an\u00e1lise do professor Baroni"},"content":{"rendered":"<p>O debate sobre o caso do fundo Maxi Renda (<strong><a class=\"suno-keyword\" href=\"https:\/\/www.suno.com.br\/fundos-imobiliarios\/mxrf11\/\" target=\"_blank\" rel=\"noopener\" data-force=\"yes\" data-priority=\"2\">MXRF11<\/a><\/strong>) permanece em alta no mercado. Isso porque, na quarta-feira (26) a Comiss\u00e3o de Valores Mobili\u00e1rios (CVM) decidiu que a distribui\u00e7\u00e3o de <a class=\"suno-keyword\" href=\"https:\/\/www.suno.com.br\/guias\/dividendos\/\" target=\"_blank\" rel=\"noopener\" data-force=\"no\" data-priority=\"1\">dividendos<\/a> dos fundos imobili\u00e1rios n\u00e3o poderiam exceder o lucro cont\u00e1bil.<\/p>\t<div class=\"wrapper-featured-image\">\n\t\t<figure class=\"spotlightImg\">\n\n\t\t\t<picture>\n\t\t\t\t<source media=\"(max-width: 768px)\" srcset=\"https:\/\/files.sunoresearch.com.br\/n\/uploads\/2021\/04\/5bf3085f-buildings-4640671_1280-400x200.webp\">\n\t\t\t\t<img loading=\"lazy\" decoding=\"async\" class=\"newsContent__article__imgCapa lazyloadDisabled \" src=\"https:\/\/files.sunoresearch.com.br\/n\/uploads\/2021\/04\/5bf3085f-buildings-4640671_1280-800x450.webp\" width=\"800\" height=\"450\" alt=\"CVM est\u00e1 certa no caso do MXRF11? Veja an\u00e1lise do professor Baroni\" fetchpriority=high \/>\n\t\t\t<\/picture>\n\n\t\t\t<figcaption class=\"wp-caption-text wp-caption-text--show\">Dividendos do Fundos Imobili\u00e1rios - Foto: Pixabay<\/figcaption>\n\t\t<\/figure>\n\t<\/div>\n\n\n\t<p>\n\t\t<a href=\"https:\/\/lp.suno.com.br\/planilha-controle-gastos\/\" target=\"_blank\" data-element=\"shortcode-suno-banner\" title=\"Banner SUNO, clique e saiba mais\">\n\t\t\t<picture>\n\t\t\t\t<source media=\"(max-width: 500px)\" srcset=\"https:\/\/files.sunoresearch.com.br\/n\/uploads\/2023\/03\/400x300-Planilha-controle-de-gastos.png\">\n\t\t\t\t<img class=\"newsContent__article__imgCapa newsContent__article__imgCapa--banner\"\n\t\t\t\t\tsrc=\"https:\/\/files.sunoresearch.com.br\/n\/uploads\/2023\/03\/1420x240-Planilha-controle-de-gastos.png\"\n\t\t\t\t\tdata-promo-id=\"101751\"\t\t\t\t\t\t\t\t\t\twidth='1420' height='240'\t\t\t\t\talt=\"https:\/\/files.sunoresearch.com.br\/n\/uploads\/2023\/03\/1420x240-Planilha-controle-de-gastos.png\"\n\t\t\t\t>\n\t\t\t<\/picture>\n\t\t<\/a>\n\t<\/p>\n\n\n<p>Segundo a \u00e1rea t\u00e9cnica da CVM, a administra\u00e7\u00e3o do <strong>Maxi Renda<\/strong>\u00a0vinha distribuindo aos cotistas rendimentos com base no lucro caixa do Fundo, mesmo quando esses valores excediam o lucro cont\u00e1bil. O que n\u00e3o poderia ser feito na classifica\u00e7\u00e3o de rendimento e, sim, como amortiza\u00e7\u00e3o ou devolu\u00e7\u00e3o do capital investido pelos cotistas.<\/p>\n<p>Em <em>live<\/em>, o professor Marcos Baroni, especialista em<strong> fundos imobili\u00e1rios<\/strong> da Suno Research, destacou que sem querer defender lado A ou lado B acredita que a CVM est\u00e1 correta em sua decis\u00e3o. Mas a quest\u00e3o em si j\u00e1 est\u00e1 resolvida com os ajustes que foram feitos pelos administradores do fundo, contabilizando o lucro de 2021, dado esse que o mercado ainda n\u00e3o tem acesso. A maior preocupa\u00e7\u00e3o agora \u00e9 a poss\u00edvel futura consequ\u00eancia que isso traria para outros fundos.<\/p>\n<p>&#8220;A CVM est\u00e1 certa sim em colocar um pouco a lupa em rela\u00e7\u00e3o ao MXRF11. O problema est\u00e1 em 2019, em que o Maxi Renda teve lucro de R$ 85 milh\u00f5es e um rendimento apropriado de R$ 109 milh\u00f5es, ou seja, a CVM est\u00e1 certa, ela fez o papel dela.&#8221;<\/p>\n\t<div data-element=\"shortcode-read-more\" class=\"knowMore\">\n\t\t\t\t<span class=\"knowMore__title\">Saiba Mais<\/span>\n\t\t\t\t<a class=\"knowMore__link\" href=\"https:\/\/www.suno.com.br\/noticias\/mxrf11-decisao-cvm-fundos-imobiliarios\/\">\n\t\t\tMXRF11: como a decis\u00e3o da CVM pode afetar os fundos imobili\u00e1rios?\t\t<\/a>\n\t<\/div>\n\n\n<p>Durante a live Baroni relembrou o hist\u00f3rico conturbado da <strong>administra\u00e7\u00e3o do Maxi Renda<\/strong>.<\/p>\n<p>&#8220;O MXRF11 sempre foi um fundo muito problem\u00e1tico desde quando ele nasceu, isso n\u00e3o \u00e9 novidade para ningu\u00e9m, ele j\u00e1 ficou sem distribuir rendimentos, ele era FoF (Fundo de Fundos) depois virou Fundo de CRI (Certificado de Receb\u00edveis Imobili\u00e1rios), o gestor n\u00e3o sabia mais se comprava um fundo de um jeito ou de outro. Teve uma s\u00e9ries de problemas, era outro tipo de gest\u00e3o. A gest\u00e3o nova, com administrador novo, come\u00e7ou a fazer algumas mudan\u00e7as e ajustes e de fato eles tiveram perdas e essas perdas est\u00e3o evidenciadas, n\u00e3o sendo novidade para ningu\u00e9m.&#8221;<\/p>\n<p>Apesar de considerar a CVM como correta em sua decis\u00e3o, Baroni espera mais detalhamento da autarquia, isso porque a decis\u00e3o deve impactar outros fundos, como o caso de Fofs, em que os administradores devem fazer ajustes para se enquadrarem. Os ajustes no fundo de Fofs devem levar na faixa de 8 a 12 meses, j\u00e1 os fundos de Cris, o problema deve ser resolvido numa m\u00e9dia de 3 a 4 meses.<\/p>\n<p>Os fundos grandes como de <strong>tijolos<\/strong>, de <strong>shoppings<\/strong> e de <strong>log\u00edstica<\/strong> n\u00e3o devem ter problemas para ajustar pois carregam lucros milion\u00e1rios e em alguns casos bilion\u00e1rios.<\/p>\n<p>&#8220;Resolver \u00e9 simplesmente ficar um ou dois meses distribuindo como amortiza\u00e7\u00e3o, que deve ficar na faixa de R$ 0,50 a R$ 0,80 por cota, para se enquadrar como a CVM quer. Ou fazer alguma movimenta\u00e7\u00e3o na carteira para gerar lucro adicional e ficar dentro do portf\u00f3lio, como fez a MXRF11 em dezembro.&#8221;<\/p>\n<p><iframe loading=\"lazy\" title=\"MXRF11 X CVM: ATUALIZA\u00c7\u00c3O SOBRE O CASO | DESTAQUES DA SEMANA\" width=\"1080\" height=\"608\" src=\"https:\/\/www.youtube.com\/embed\/9awAM-t7854?feature=oembed&#038;enablejsapi=1&#038;origin=https:\/\/www.suno.com.br\" frameborder=\"0\" allow=\"accelerometer; autoplay; clipboard-write; encrypted-media; gyroscope; picture-in-picture\" allowfullscreen><\/iframe><\/p>\n<p>Questionado durante a live, Baroni n\u00e3o acredita que os administradores dos fundos ficar\u00e3o <strong>sem distribuir os rendimentos<\/strong> para fazer os ajustes.<\/p>\n<p>A quest\u00e3o da problem\u00e1tica analisada pelo professor de fato s\u00e3o as consequ\u00eancias futuras que devem cair no colo de outros fundos, apesar de se tratar de um caso exclusivo do Maxi Renda.<\/p>\n<p>&#8220;Na minha opini\u00e3o a CVM deveria granular melhor essa interpreta\u00e7\u00e3o para que os administradores pudessem saber efetivamente como fazer esses ajustes.&#8221;<\/p>\n<p>&#8220;O problema era do MXRF11, mas o mercado observa que esse seria um problema em cadeia, isso porque cerca de 34% dos fundos do BTG, maior administrado de fundos do mercado, teriam um problema. Portanto, talvez, surgiria nessa quest\u00e3o uma nova leitura dos sistemas dos administradores e \u00e9 isso que me preocupa&#8221;, concluiu Baroni.<\/p>\n\t<p>\n\t\t<a href=\"https:\/\/lp.suno.com.br\/planilha-da-vida-financeira\/\" target=\"_blank\" data-element=\"shortcode-suno-banner\" title=\"Banner SUNO, clique e saiba mais\">\n\t\t\t<picture>\n\t\t\t\t<source media=\"(max-width: 500px)\" srcset=\"https:\/\/files.sunoresearch.com.br\/n\/uploads\/2023\/04\/400x300-Planilha-vida-financeira-true.png\">\n\t\t\t\t<img class=\"newsContent__article__imgCapa newsContent__article__imgCapa--banner\"\n\t\t\t\t\tsrc=\"https:\/\/files.sunoresearch.com.br\/n\/uploads\/2023\/04\/1420x240-Planilha-vida-financeira-true.png\"\n\t\t\t\t\tdata-promo-id=\"106682\"\t\t\t\t\t\t\t\t\t\twidth='1420' height='240'\t\t\t\t\talt=\"https:\/\/files.sunoresearch.com.br\/n\/uploads\/2023\/04\/1420x240-Planilha-vida-financeira-true.png\"\n\t\t\t\t>\n\t\t\t<\/picture>\n\t\t<\/a>\n\t<\/p>\n\n\n<h2>CVM refor\u00e7a que a decis\u00e3o sobre MXRF11 pode ser aplicada em casos similares<\/h2>\n<p>A preocupa\u00e7\u00e3o do professor Baroni \u00e9 v\u00e1lida, uma vez que a CVM afirmou em nota que a decis\u00e3o sobre o Maxi Renda pode ter sido tomada com base em caso espec\u00edfico mas, \u201cpode se aplicar aos demais <a class=\"suno-keyword\" href=\"https:\/\/www.suno.com.br\/artigos\/fundos-de-investimento-exterior\/\" target=\"_blank\" rel=\"noopener\" data-force=\"no\" data-priority=\"2\">fundos de investimento<\/a> imobili\u00e1rio que tenham caracter\u00edsticas similares \u00e0s do caso analisado\u201d.<\/p>\n\t<div data-element=\"shortcode-read-more\" class=\"knowMore\">\n\t\t\t\t<span class=\"knowMore__title\">Saiba Mais<\/span>\n\t\t\t\t<a class=\"knowMore__link\" href=\"https:\/\/www.suno.com.br\/noticias\/decisao-cvm-dividendos-mxrf11-respostas\/\">\n\t\t\tDecis\u00e3o da CVM sobre os dividendos do MXRF11: 8 respostas para entender o caso\t\t<\/a>\n\t<\/div>\n\n\n<p>Segundo o texto divulgado ontem, \u201cos\u00a0<strong>fundos imobili\u00e1rio<\/strong>s t\u00eam discricionariedade para definir os valores a serem distribu\u00eddos aos cotistas. Entretanto, ao apresentarem suas\u00a0<a class=\"suno-keyword\" href=\"https:\/\/www.suno.com.br\/artigos\/demonstracoes-financeiras\/\" target=\"_blank\" rel=\"noopener\" data-force=\"no\" data-priority=\"1\">demonstra\u00e7\u00f5es financeiras<\/a>, devem reconhecer adequadamente a segrega\u00e7\u00e3o dos valores distribu\u00eddos entre rendimentos e amortiza\u00e7\u00e3o de capital\u201d.<\/p>\n<p>A\u00a0CVM\u00a0tamb\u00e9m ressalta que a distribui\u00e7\u00e3o de valores aos\u00a0cotistas\u00a0que exceder o\u00a0<a class=\"suno-keyword\" href=\"https:\/\/www.suno.com.br\/artigos\/lucro-contabil\/\" target=\"_blank\" rel=\"noopener\" data-force=\"no\" data-priority=\"1\">lucro cont\u00e1bil<\/a>, como aconteceu no caso do <strong>MXRF11<\/strong>,\u00a0n\u00e3o deve ser classificada como rendimento nem aumentar a rubrica de\u00a0<a class=\"suno-keyword\" href=\"https:\/\/www.suno.com.br\/artigos\/prejuizos-acumulados\/\" target=\"_blank\" rel=\"noopener\" data-force=\"no\" data-priority=\"1\">preju\u00edzos acumulados<\/a>\u00a0do fundo.<\/p>\n\t<p>\n\t\t<a href=\"https:\/\/lp.suno.com.br\/planilha-de-controle-de-investimentos\/\" target=\"_blank\" data-element=\"shortcode-suno-banner\" title=\"Banner SUNO, clique e saiba mais\">\n\t\t\t<picture>\n\t\t\t\t<source media=\"(max-width: 500px)\" srcset=\"https:\/\/files.sunoresearch.com.br\/n\/uploads\/2023\/03\/400x300-Controle-de-Investimentos.png\">\n\t\t\t\t<img class=\"newsContent__article__imgCapa newsContent__article__imgCapa--banner\"\n\t\t\t\t\tsrc=\"https:\/\/files.sunoresearch.com.br\/n\/uploads\/2023\/03\/1420x240-Controle-de-Investimentos.png\"\n\t\t\t\t\tdata-promo-id=\"75934\"\t\t\t\t\t\t\t\t\t\twidth='1420' height='240'\t\t\t\t\talt=\"https:\/\/files.sunoresearch.com.br\/n\/uploads\/2023\/03\/1420x240-Controle-de-Investimentos.png\"\n\t\t\t\t>\n\t\t\t<\/picture>\n\t\t<\/a>\n\t<\/p>\n\n\n","protected":false},"excerpt":{"rendered":"<p>O debate sobre o caso do fundo Maxi Renda (MXRF11) permanece em alta no mercado. Isso porque, na quarta-feira (26) a Comiss\u00e3o de Valores Mobili\u00e1rios (CVM) decidiu que a distribui\u00e7\u00e3o de dividendos dos fundos imobili\u00e1rios n\u00e3o poderiam exceder o lucro cont\u00e1bil. Dividendos do Fundos Imobili\u00e1rios &#8211; Foto: Pixabay Segundo a \u00e1rea t\u00e9cnica da CVM, a [&hellip;]<\/p>\n","protected":false},"author":15,"featured_media":138362,"comment_status":"closed","ping_status":"closed","sticky":false,"template":"","format":"standard","meta":[],"categories":[66],"tags":[315,104577],"suno_strategy":[],"class_list":["post-226872","post","type-post","status-publish","format-standard","has-post-thumbnail","hentry","category-fiis","tag-fundos-imobiliarios-fiis","tag-mxrf11"],"yoast_head":"<!-- This site is optimized with the Yoast SEO plugin v24.4 - https:\/\/yoast.com\/wordpress\/plugins\/seo\/ -->\n<title>CVM est\u00e1 certa no caso do MXRF11? Veja an\u00e1lise do professor Baroni<\/title>\n<meta name=\"description\" content=\"A maior preocupa\u00e7\u00e3o do professor Baroni agora \u00e9 a poss\u00edvel futura consequ\u00eancia que o caso MXRF11 traria para outros fundos. Veja a an\u00e1lise.\" \/>\n<meta name=\"robots\" content=\"index, follow, max-snippet:-1, max-image-preview:large, max-video-preview:-1\" \/>\n<link rel=\"canonical\" href=\"https:\/\/www.suno.com.br\/noticias\/cvm-caso-mxrf11-veja-analise-professor-baroni\/\" \/>\n<meta property=\"og:locale\" content=\"pt_BR\" \/>\n<meta property=\"og:type\" content=\"article\" \/>\n<meta property=\"og:title\" content=\"CVM est\u00e1 certa no caso do MXRF11? Veja an\u00e1lise do professor Baroni\" \/>\n<meta property=\"og:description\" content=\"A maior preocupa\u00e7\u00e3o do professor Baroni agora \u00e9 a poss\u00edvel futura consequ\u00eancia que o caso MXRF11 traria para outros fundos. Veja a an\u00e1lise.\" \/>\n<meta property=\"og:url\" content=\"https:\/\/www.suno.com.br\/noticias\/cvm-caso-mxrf11-veja-analise-professor-baroni\/\" \/>\n<meta property=\"og:site_name\" content=\"Suno Not\u00edcias\" \/>\n<meta property=\"article:publisher\" content=\"https:\/\/facebook.com\/sunoresearch\" \/>\n<meta property=\"og:image\" content=\"https:\/\/files.sunoresearch.com.br\/n\/uploads\/2021\/04\/5bf3085f-buildings-4640671_1280.jpg\" \/>\n\t<meta property=\"og:image:width\" content=\"1280\" \/>\n\t<meta property=\"og:image:height\" content=\"854\" \/>\n\t<meta property=\"og:image:type\" content=\"image\/jpeg\" \/>\n<meta name=\"author\" content=\"Poliana Santos\" \/>\n<meta name=\"twitter:card\" content=\"summary_large_image\" \/>\n<meta name=\"twitter:creator\" content=\"@sunoresearch\" \/>\n<meta name=\"twitter:site\" content=\"@sunoresearch\" \/>\n<meta name=\"twitter:label1\" content=\"Escrito por\" \/>\n\t<meta name=\"twitter:data1\" content=\"Poliana Santos\" \/>\n\t<meta name=\"twitter:label2\" content=\"Est. tempo de leitura\" \/>\n\t<meta name=\"twitter:data2\" content=\"4 minutos\" \/>\n<script type=\"application\/ld+json\" class=\"yoast-schema-graph\">{\"@context\":\"https:\/\/schema.org\",\"@graph\":[{\"@type\":\"NewsArticle\",\"@id\":\"https:\/\/www.suno.com.br\/noticias\/cvm-caso-mxrf11-veja-analise-professor-baroni\/#article\",\"isPartOf\":{\"@id\":\"https:\/\/www.suno.com.br\/noticias\/cvm-caso-mxrf11-veja-analise-professor-baroni\/\"},\"author\":{\"name\":\"Poliana Santos\",\"@id\":\"https:\/\/www.suno.com.br\/noticias\/#\/schema\/person\/02ec1f752758247878a2bf4abee1aeda\"},\"headline\":\"CVM est\u00e1 certa no caso do MXRF11? Veja an\u00e1lise do professor Baroni\",\"datePublished\":\"2022-01-29T19:03:34+00:00\",\"dateModified\":\"2022-01-30T14:11:25+00:00\",\"mainEntityOfPage\":{\"@id\":\"https:\/\/www.suno.com.br\/noticias\/cvm-caso-mxrf11-veja-analise-professor-baroni\/\"},\"wordCount\":847,\"publisher\":{\"@id\":\"https:\/\/www.suno.com.br\/noticias\/#organization\"},\"image\":{\"@id\":\"https:\/\/www.suno.com.br\/noticias\/cvm-caso-mxrf11-veja-analise-professor-baroni\/#primaryimage\"},\"thumbnailUrl\":\"https:\/\/files.sunoresearch.com.br\/n\/uploads\/2021\/04\/5bf3085f-buildings-4640671_1280-jpg.webp\",\"keywords\":[\"Fundos Imobili\u00e1rios (FIIs)\",\"MXRF11\"],\"articleSection\":[\"FIIs\"],\"inLanguage\":\"pt-BR\"},{\"@type\":\"WebPage\",\"@id\":\"https:\/\/www.suno.com.br\/noticias\/cvm-caso-mxrf11-veja-analise-professor-baroni\/\",\"url\":\"https:\/\/www.suno.com.br\/noticias\/cvm-caso-mxrf11-veja-analise-professor-baroni\/\",\"name\":\"CVM est\u00e1 certa no caso do MXRF11? Veja an\u00e1lise do professor Baroni\",\"isPartOf\":{\"@id\":\"https:\/\/www.suno.com.br\/noticias\/#website\"},\"primaryImageOfPage\":{\"@id\":\"https:\/\/www.suno.com.br\/noticias\/cvm-caso-mxrf11-veja-analise-professor-baroni\/#primaryimage\"},\"image\":{\"@id\":\"https:\/\/www.suno.com.br\/noticias\/cvm-caso-mxrf11-veja-analise-professor-baroni\/#primaryimage\"},\"thumbnailUrl\":\"https:\/\/files.sunoresearch.com.br\/n\/uploads\/2021\/04\/5bf3085f-buildings-4640671_1280-jpg.webp\",\"datePublished\":\"2022-01-29T19:03:34+00:00\",\"dateModified\":\"2022-01-30T14:11:25+00:00\",\"description\":\"A maior preocupa\u00e7\u00e3o do professor Baroni agora \u00e9 a poss\u00edvel futura consequ\u00eancia que o caso MXRF11 traria para outros fundos. Veja a an\u00e1lise.\",\"breadcrumb\":{\"@id\":\"https:\/\/www.suno.com.br\/noticias\/cvm-caso-mxrf11-veja-analise-professor-baroni\/#breadcrumb\"},\"inLanguage\":\"pt-BR\",\"potentialAction\":[{\"@type\":\"ReadAction\",\"target\":[\"https:\/\/www.suno.com.br\/noticias\/cvm-caso-mxrf11-veja-analise-professor-baroni\/\"]}]},{\"@type\":\"ImageObject\",\"inLanguage\":\"pt-BR\",\"@id\":\"https:\/\/www.suno.com.br\/noticias\/cvm-caso-mxrf11-veja-analise-professor-baroni\/#primaryimage\",\"url\":\"https:\/\/files.sunoresearch.com.br\/n\/uploads\/2021\/04\/5bf3085f-buildings-4640671_1280-jpg.webp\",\"contentUrl\":\"https:\/\/files.sunoresearch.com.br\/n\/uploads\/2021\/04\/5bf3085f-buildings-4640671_1280-jpg.webp\",\"width\":1280,\"height\":854,\"caption\":\"Dividendos do Fundos Imobili\u00e1rios - Foto: Pixabay\"},{\"@type\":\"BreadcrumbList\",\"@id\":\"https:\/\/www.suno.com.br\/noticias\/cvm-caso-mxrf11-veja-analise-professor-baroni\/#breadcrumb\",\"itemListElement\":[{\"@type\":\"ListItem\",\"position\":1,\"name\":\"Not\u00edcias\",\"item\":\"https:\/\/www.suno.com.br\/noticias\/\"},{\"@type\":\"ListItem\",\"position\":2,\"name\":\"FIIs\",\"item\":\"https:\/\/www.suno.com.br\/noticias\/fiis\/\"},{\"@type\":\"ListItem\",\"position\":3,\"name\":\"CVM est\u00e1 certa no caso do MXRF11? Veja an\u00e1lise do professor Baroni\"}]},{\"@type\":\"WebSite\",\"@id\":\"https:\/\/www.suno.com.br\/noticias\/#website\",\"url\":\"https:\/\/www.suno.com.br\/noticias\/\",\"name\":\"Suno Not\u00edcias\",\"description\":\"Seu portal de informa\u00e7\u00e3o sobre o mundo dos investimentos\",\"publisher\":{\"@id\":\"https:\/\/www.suno.com.br\/noticias\/#organization\"},\"potentialAction\":[{\"@type\":\"SearchAction\",\"target\":{\"@type\":\"EntryPoint\",\"urlTemplate\":\"https:\/\/www.suno.com.br\/noticias\/?s={search_term_string}\"},\"query-input\":{\"@type\":\"PropertyValueSpecification\",\"valueRequired\":true,\"valueName\":\"search_term_string\"}}],\"inLanguage\":\"pt-BR\"},{\"@type\":\"Organization\",\"@id\":\"https:\/\/www.suno.com.br\/noticias\/#organization\",\"name\":\"Suno Not\u00edcias\",\"url\":\"https:\/\/www.suno.com.br\/noticias\/\",\"logo\":{\"@type\":\"ImageObject\",\"inLanguage\":\"pt-BR\",\"@id\":\"https:\/\/www.suno.com.br\/noticias\/#\/schema\/logo\/image\/\",\"url\":\"https:\/\/files.sunoresearch.com.br\/n\/uploads\/2021\/09\/suno-logo.png\",\"contentUrl\":\"https:\/\/files.sunoresearch.com.br\/n\/uploads\/2021\/09\/suno-logo.png\",\"width\":180,\"height\":180,\"caption\":\"Suno Not\u00edcias\"},\"image\":{\"@id\":\"https:\/\/www.suno.com.br\/noticias\/#\/schema\/logo\/image\/\"},\"sameAs\":[\"https:\/\/facebook.com\/sunoresearch\",\"https:\/\/x.com\/sunoresearch\",\"https:\/\/www.instagram.com\/suno\",\"https:\/\/www.linkedin.com\/company\/suno-research\/\",\"https:\/\/www.youtube.com\/c\/sunoresearch\"]},{\"@type\":\"Person\",\"@id\":\"https:\/\/www.suno.com.br\/noticias\/#\/schema\/person\/02ec1f752758247878a2bf4abee1aeda\",\"name\":\"Poliana Santos\",\"image\":{\"@type\":\"ImageObject\",\"inLanguage\":\"pt-BR\",\"@id\":\"https:\/\/www.suno.com.br\/noticias\/#\/schema\/person\/image\/\",\"url\":\"https:\/\/secure.gravatar.com\/avatar\/0645bd32f23d87b2130f2b2dff1d3f8d?s=96&r=g\",\"contentUrl\":\"https:\/\/secure.gravatar.com\/avatar\/0645bd32f23d87b2130f2b2dff1d3f8d?s=96&r=g\",\"caption\":\"Poliana Santos\"},\"description\":\"Rep\u00f3rter no Suno Not\u00edcias, com cobertura em mercado financeiro, economia, finan\u00e7as pessoais, renda fixa e varejo. Jornalista formada pela Faculdade C\u00e1sper L\u00edbero e possui passagem na R\u00e1dio Gazeta AM com a produ\u00e7\u00e3o de conte\u00fado sobre economia, pol\u00edtica, sa\u00fade, moda e m\u00fasica. Possui certificado de conclus\u00e3o do curso de An\u00e1lise de Balan\u00e7os pela Funda\u00e7\u00e3o Bradesco, Agenda Brasil pela FAAP, Educa\u00e7\u00e3o Pol\u00edtica por Alexandre Garcia e do Tesouro Direto e Mercado de A\u00e7\u00f5es pela B3.\",\"url\":\"https:\/\/www.suno.com.br\/noticias\/author\/poliana-santos\/\"}]}<\/script>\n<!-- \/ Yoast SEO plugin. -->","yoast_head_json":{"title":"CVM est\u00e1 certa no caso do MXRF11? Veja an\u00e1lise do professor Baroni","description":"A maior preocupa\u00e7\u00e3o do professor Baroni agora \u00e9 a poss\u00edvel futura consequ\u00eancia que o caso MXRF11 traria para outros fundos. Veja a an\u00e1lise.","robots":{"index":"index","follow":"follow","max-snippet":"max-snippet:-1","max-image-preview":"max-image-preview:large","max-video-preview":"max-video-preview:-1"},"canonical":"https:\/\/www.suno.com.br\/noticias\/cvm-caso-mxrf11-veja-analise-professor-baroni\/","og_locale":"pt_BR","og_type":"article","og_title":"CVM est\u00e1 certa no caso do MXRF11? Veja an\u00e1lise do professor Baroni","og_description":"A maior preocupa\u00e7\u00e3o do professor Baroni agora \u00e9 a poss\u00edvel futura consequ\u00eancia que o caso MXRF11 traria para outros fundos. Veja a an\u00e1lise.","og_url":"https:\/\/www.suno.com.br\/noticias\/cvm-caso-mxrf11-veja-analise-professor-baroni\/","og_site_name":"Suno Not\u00edcias","article_publisher":"https:\/\/facebook.com\/sunoresearch","og_image":[{"width":1280,"height":854,"url":"https:\/\/files.sunoresearch.com.br\/n\/uploads\/2021\/04\/5bf3085f-buildings-4640671_1280.jpg","type":"image\/jpeg"}],"author":"Poliana Santos","twitter_card":"summary_large_image","twitter_creator":"@sunoresearch","twitter_site":"@sunoresearch","twitter_misc":{"Escrito por":"Poliana Santos","Est. tempo de leitura":"4 minutos"},"schema":{"@context":"https:\/\/schema.org","@graph":[{"@type":"NewsArticle","@id":"https:\/\/www.suno.com.br\/noticias\/cvm-caso-mxrf11-veja-analise-professor-baroni\/#article","isPartOf":{"@id":"https:\/\/www.suno.com.br\/noticias\/cvm-caso-mxrf11-veja-analise-professor-baroni\/"},"author":{"name":"Poliana Santos","@id":"https:\/\/www.suno.com.br\/noticias\/#\/schema\/person\/02ec1f752758247878a2bf4abee1aeda"},"headline":"CVM est\u00e1 certa no caso do MXRF11? Veja an\u00e1lise do professor Baroni","datePublished":"2022-01-29T19:03:34+00:00","dateModified":"2022-01-30T14:11:25+00:00","mainEntityOfPage":{"@id":"https:\/\/www.suno.com.br\/noticias\/cvm-caso-mxrf11-veja-analise-professor-baroni\/"},"wordCount":847,"publisher":{"@id":"https:\/\/www.suno.com.br\/noticias\/#organization"},"image":{"@id":"https:\/\/www.suno.com.br\/noticias\/cvm-caso-mxrf11-veja-analise-professor-baroni\/#primaryimage"},"thumbnailUrl":"https:\/\/files.sunoresearch.com.br\/n\/uploads\/2021\/04\/5bf3085f-buildings-4640671_1280-jpg.webp","keywords":["Fundos Imobili\u00e1rios (FIIs)","MXRF11"],"articleSection":["FIIs"],"inLanguage":"pt-BR"},{"@type":"WebPage","@id":"https:\/\/www.suno.com.br\/noticias\/cvm-caso-mxrf11-veja-analise-professor-baroni\/","url":"https:\/\/www.suno.com.br\/noticias\/cvm-caso-mxrf11-veja-analise-professor-baroni\/","name":"CVM est\u00e1 certa no caso do MXRF11? Veja an\u00e1lise do professor Baroni","isPartOf":{"@id":"https:\/\/www.suno.com.br\/noticias\/#website"},"primaryImageOfPage":{"@id":"https:\/\/www.suno.com.br\/noticias\/cvm-caso-mxrf11-veja-analise-professor-baroni\/#primaryimage"},"image":{"@id":"https:\/\/www.suno.com.br\/noticias\/cvm-caso-mxrf11-veja-analise-professor-baroni\/#primaryimage"},"thumbnailUrl":"https:\/\/files.sunoresearch.com.br\/n\/uploads\/2021\/04\/5bf3085f-buildings-4640671_1280-jpg.webp","datePublished":"2022-01-29T19:03:34+00:00","dateModified":"2022-01-30T14:11:25+00:00","description":"A maior preocupa\u00e7\u00e3o do professor Baroni agora \u00e9 a poss\u00edvel futura consequ\u00eancia que o caso MXRF11 traria para outros fundos. Veja a an\u00e1lise.","breadcrumb":{"@id":"https:\/\/www.suno.com.br\/noticias\/cvm-caso-mxrf11-veja-analise-professor-baroni\/#breadcrumb"},"inLanguage":"pt-BR","potentialAction":[{"@type":"ReadAction","target":["https:\/\/www.suno.com.br\/noticias\/cvm-caso-mxrf11-veja-analise-professor-baroni\/"]}]},{"@type":"ImageObject","inLanguage":"pt-BR","@id":"https:\/\/www.suno.com.br\/noticias\/cvm-caso-mxrf11-veja-analise-professor-baroni\/#primaryimage","url":"https:\/\/files.sunoresearch.com.br\/n\/uploads\/2021\/04\/5bf3085f-buildings-4640671_1280-jpg.webp","contentUrl":"https:\/\/files.sunoresearch.com.br\/n\/uploads\/2021\/04\/5bf3085f-buildings-4640671_1280-jpg.webp","width":1280,"height":854,"caption":"Dividendos do Fundos Imobili\u00e1rios - Foto: Pixabay"},{"@type":"BreadcrumbList","@id":"https:\/\/www.suno.com.br\/noticias\/cvm-caso-mxrf11-veja-analise-professor-baroni\/#breadcrumb","itemListElement":[{"@type":"ListItem","position":1,"name":"Not\u00edcias","item":"https:\/\/www.suno.com.br\/noticias\/"},{"@type":"ListItem","position":2,"name":"FIIs","item":"https:\/\/www.suno.com.br\/noticias\/fiis\/"},{"@type":"ListItem","position":3,"name":"CVM est\u00e1 certa no caso do MXRF11? Veja an\u00e1lise do professor Baroni"}]},{"@type":"WebSite","@id":"https:\/\/www.suno.com.br\/noticias\/#website","url":"https:\/\/www.suno.com.br\/noticias\/","name":"Suno Not\u00edcias","description":"Seu portal de informa\u00e7\u00e3o sobre o mundo dos investimentos","publisher":{"@id":"https:\/\/www.suno.com.br\/noticias\/#organization"},"potentialAction":[{"@type":"SearchAction","target":{"@type":"EntryPoint","urlTemplate":"https:\/\/www.suno.com.br\/noticias\/?s={search_term_string}"},"query-input":{"@type":"PropertyValueSpecification","valueRequired":true,"valueName":"search_term_string"}}],"inLanguage":"pt-BR"},{"@type":"Organization","@id":"https:\/\/www.suno.com.br\/noticias\/#organization","name":"Suno Not\u00edcias","url":"https:\/\/www.suno.com.br\/noticias\/","logo":{"@type":"ImageObject","inLanguage":"pt-BR","@id":"https:\/\/www.suno.com.br\/noticias\/#\/schema\/logo\/image\/","url":"https:\/\/files.sunoresearch.com.br\/n\/uploads\/2021\/09\/suno-logo.png","contentUrl":"https:\/\/files.sunoresearch.com.br\/n\/uploads\/2021\/09\/suno-logo.png","width":180,"height":180,"caption":"Suno Not\u00edcias"},"image":{"@id":"https:\/\/www.suno.com.br\/noticias\/#\/schema\/logo\/image\/"},"sameAs":["https:\/\/facebook.com\/sunoresearch","https:\/\/x.com\/sunoresearch","https:\/\/www.instagram.com\/suno","https:\/\/www.linkedin.com\/company\/suno-research\/","https:\/\/www.youtube.com\/c\/sunoresearch"]},{"@type":"Person","@id":"https:\/\/www.suno.com.br\/noticias\/#\/schema\/person\/02ec1f752758247878a2bf4abee1aeda","name":"Poliana Santos","image":{"@type":"ImageObject","inLanguage":"pt-BR","@id":"https:\/\/www.suno.com.br\/noticias\/#\/schema\/person\/image\/","url":"https:\/\/secure.gravatar.com\/avatar\/0645bd32f23d87b2130f2b2dff1d3f8d?s=96&r=g","contentUrl":"https:\/\/secure.gravatar.com\/avatar\/0645bd32f23d87b2130f2b2dff1d3f8d?s=96&r=g","caption":"Poliana Santos"},"description":"Rep\u00f3rter no Suno Not\u00edcias, com cobertura em mercado financeiro, economia, finan\u00e7as pessoais, renda fixa e varejo. Jornalista formada pela Faculdade C\u00e1sper L\u00edbero e possui passagem na R\u00e1dio Gazeta AM com a produ\u00e7\u00e3o de conte\u00fado sobre economia, pol\u00edtica, sa\u00fade, moda e m\u00fasica. Possui certificado de conclus\u00e3o do curso de An\u00e1lise de Balan\u00e7os pela Funda\u00e7\u00e3o Bradesco, Agenda Brasil pela FAAP, Educa\u00e7\u00e3o Pol\u00edtica por Alexandre Garcia e do Tesouro Direto e Mercado de A\u00e7\u00f5es pela B3.","url":"https:\/\/www.suno.com.br\/noticias\/author\/poliana-santos\/"}]}},"default_loop_html":"<div class=\"cardsPage__listCard__boxs\"><div class=\"cardsPage__listCard__boxs__img\"><a href=\"https:\/\/www.suno.com.br\/noticias\/cvm-caso-mxrf11-veja-analise-professor-baroni\/\"><img class=\"mask\" src=\"https:\/\/www.suno.com.br\/noticias\/wp-content\/themes\/suno\/resources\/images\/spotlight\/spotlight1img\/bg-mask.png\" alt=\"Image Mask\"\/><img src=\"https:\/\/files.sunoresearch.com.br\/n\/uploads\/2021\/04\/5bf3085f-buildings-4640671_1280-400x200.webp\" alt=\"CVM est\u00e1 certa no caso do MXRF11? Veja an\u00e1lise do professor Baroni\"\/><\/a><span class=\"spotlightCategory\"><a href=\"https:\/\/www.suno.com.br\/noticias\/fiis\/\">FIIs<\/a><\/span><\/div><div class=\"cardsPage__listCard__boxs__content\"><a href=\"https:\/\/www.suno.com.br\/noticias\/cvm-caso-mxrf11-veja-analise-professor-baroni\/\"><h2 class=\"content__title\">CVM est\u00e1 certa no caso do MXRF11? Veja an\u00e1lise do professor Baroni<\/h2><\/a><div class=\"newsContent__article__meta\"><div class=\"newsContent__article__meta__authorBox\"><a href=\"https:\/\/www.suno.com.br\/noticias\/author\/poliana-santos\/\" class=\"authorBox__avatar noMobi\"><img src=\"https:\/\/files.sunoresearch.com.br\/n\/uploads\/2020\/08\/7ef34026-whatsapp-image-2020-08-03-at-12.37.57-150x150.webp\" alt=\"Poliana Santos\"><\/a><div class=\"authorBox__name\"><span>por\n\t\t\t<a href=\"https:\/\/www.suno.com.br\/noticias\/author\/poliana-santos\/\"><span itemprop=\"author\">Poliana Santos<\/span><\/a><\/span><time datetime=\"2022-01-29T16:03:34-03:00\" itemprop=\"datePublished\">29\/01\/2022 16:03<\/time><\/div><\/div><\/div><\/div><\/div>","single_layout":"posts","amp_enabled":true,"_links":{"self":[{"href":"https:\/\/www.suno.com.br\/noticias\/wp-json\/wp\/v2\/posts\/226872"}],"collection":[{"href":"https:\/\/www.suno.com.br\/noticias\/wp-json\/wp\/v2\/posts"}],"about":[{"href":"https:\/\/www.suno.com.br\/noticias\/wp-json\/wp\/v2\/types\/post"}],"author":[{"embeddable":true,"href":"https:\/\/www.suno.com.br\/noticias\/wp-json\/wp\/v2\/users\/15"}],"replies":[{"embeddable":true,"href":"https:\/\/www.suno.com.br\/noticias\/wp-json\/wp\/v2\/comments?post=226872"}],"version-history":[{"count":4,"href":"https:\/\/www.suno.com.br\/noticias\/wp-json\/wp\/v2\/posts\/226872\/revisions"}],"predecessor-version":[{"id":259631,"href":"https:\/\/www.suno.com.br\/noticias\/wp-json\/wp\/v2\/posts\/226872\/revisions\/259631"}],"wp:featuredmedia":[{"embeddable":true,"href":"https:\/\/www.suno.com.br\/noticias\/wp-json\/wp\/v2\/media\/138362"}],"wp:attachment":[{"href":"https:\/\/www.suno.com.br\/noticias\/wp-json\/wp\/v2\/media?parent=226872"}],"wp:term":[{"taxonomy":"category","embeddable":true,"href":"https:\/\/www.suno.com.br\/noticias\/wp-json\/wp\/v2\/categories?post=226872"},{"taxonomy":"post_tag","embeddable":true,"href":"https:\/\/www.suno.com.br\/noticias\/wp-json\/wp\/v2\/tags?post=226872"},{"taxonomy":"suno_strategy","embeddable":true,"href":"https:\/\/www.suno.com.br\/noticias\/wp-json\/wp\/v2\/suno_strategy?post=226872"}],"curies":[{"name":"wp","href":"https:\/\/api.w.org\/{rel}","templated":true}]}}