{"id":22675,"date":"2019-04-29T16:56:37","date_gmt":"2019-04-29T19:56:37","guid":{"rendered":"https:\/\/www.suno.com.br\/noticias\/?p=22675"},"modified":"2019-04-29T16:56:37","modified_gmt":"2019-04-29T19:56:37","slug":"contas-do-governo-fecham-marco-deficit","status":"publish","type":"post","link":"https:\/\/www.suno.com.br\/noticias\/contas-do-governo-fecham-marco-deficit\/","title":{"rendered":"Contas do governo fecham mar\u00e7o com d\u00e9ficit de R$ 21,1 bi"},"content":{"rendered":"<p>As contas do governo fecharam o m\u00eas de mar\u00e7o com\u00a0<a href=\"https:\/\/www.suno.com.br\/artigos\/deficit-primario\/\">d\u00e9ficit prim\u00e1rio<\/a> de R$ 21,1 bilh\u00f5es. A informa\u00e7\u00e3o foi divulgada nesta segunda-feira (29) pela Secretaria do Tesouro Nacional.<\/p>\t<div class=\"wrapper-featured-image\">\n\t\t<figure class=\"spotlightImg\">\n\n\t\t\t<picture>\n\t\t\t\t<source media=\"(max-width: 768px)\" srcset=\"https:\/\/files.sunoresearch.com.br\/n\/uploads\/2019\/04\/00bb0a94-bolsonaro-400x200.webp\">\n\t\t\t\t<img loading=\"lazy\" decoding=\"async\" class=\"newsContent__article__imgCapa lazyloadDisabled newsContent__article__imgCapa--noCaption\" src=\"https:\/\/files.sunoresearch.com.br\/n\/uploads\/2019\/04\/00bb0a94-bolsonaro-800x450.webp\" width=\"800\" height=\"450\" alt=\"Contas do governo fecham mar\u00e7o com d\u00e9ficit de R$ 21,1 bi\" fetchpriority=high \/>\n\t\t\t<\/picture>\n\n\t\t\t<figcaption class=\"wp-caption-text wp-caption-text--hide\">Governo prepara pacote de medidas para caminhoneiros<\/figcaption>\n\t\t<\/figure>\n\t<\/div>\n\n\n<p>Apesar do n\u00famero negativo, houve melhora em rela\u00e7\u00e3o ao mesmo per\u00edodo de 2018, que totalizou R$ 24,495 bilh\u00f5es. As <strong>contas do governo<\/strong>\u00a0registraram redu\u00e7\u00e3o de 17,6% no <strong>d\u00e9ficit<\/strong> de um ano para o outro. Por\u00e9m, o resultado foi o segundo pior para os meses de mar\u00e7o desde o in\u00edcio da s\u00e9rie hist\u00f3rica, que come\u00e7ou em 1997.<\/p>\n<p><a href=\"https:\/\/www.suno.com.br\/noticias\/governo-gastar-229-disputa-empresas-icms\/\">Saiba mais:\u00a0Governo pode gastar R$229 bi com disputa de empresas por ICMS<\/a><\/p>\n<p>De acordo com o <strong>Tesouro<\/strong>, as <strong>receitas<\/strong> (ap\u00f3s transfer\u00eancias aos estados e munic\u00edpios) totalizaram R$ 94,408 bilh\u00f5es no m\u00eas passado, uma alta de 0,7% em rela\u00e7\u00e3o a 2018. J\u00e1 as <strong>despesas<\/strong> ficaram em R$ 115,517 bilh\u00f5es, uma queda real de 3,2% na mesma compara\u00e7\u00e3o.<\/p>\n<p>No acumulado do ano passado, as contas do <strong>governo<\/strong>\u00a0tiveram <strong>d\u00e9ficit prim\u00e1rio<\/strong> de R$ 120,258 bilh\u00f5es, o que significa 1,7 % do <strong>Produto Interno Bruto (PIB)<\/strong>. Foi o quinto ano seguido de <strong>d\u00e9ficit<\/strong>.<\/p>\n\t<p>\n\t\t<a href=\"https:\/\/lp.suno.com.br\/ebook-guia-ir\/\" target=\"_blank\" data-element=\"shortcode-suno-banner\" title=\"Banner SUNO, clique e saiba mais\">\n\t\t\t<picture>\n\t\t\t\t<source media=\"(max-width: 500px)\" srcset=\"https:\/\/files.sunoresearch.com.br\/n\/uploads\/2023\/03\/400x300-Ebook-IR.png\">\n\t\t\t\t<img class=\"newsContent__article__imgCapa newsContent__article__imgCapa--banner\"\n\t\t\t\t\tsrc=\"https:\/\/files.sunoresearch.com.br\/n\/uploads\/2023\/03\/1420x240-Ebook-IR.png\"\n\t\t\t\t\tdata-promo-id=\"383124\"\t\t\t\t\t\t\t\t\t\twidth='1420' height='240'\t\t\t\t\talt=\"https:\/\/files.sunoresearch.com.br\/n\/uploads\/2023\/03\/1420x240-Ebook-IR.png\"\n\t\t\t\t>\n\t\t\t<\/picture>\n\t\t<\/a>\n\t<\/p>\n\n\n<h2>Resultado do trimestre<\/h2>\n<p>No acumulado do primeiro trimestre deste ano, as contas do <strong>governo<\/strong> obtiveram <strong>d\u00e9ficit prim\u00e1rio<\/strong> de R$ 9,307 bilh\u00f5es. O resultado \u00e9 menor do que o registrado no mesmo per\u00edodo do ano passado. Al\u00e9m disso, foi o melhor resultado para o per\u00edodo desde 2015, com R$ 3,678 bilh\u00f5es.<\/p>\n<p><a href=\"https:\/\/www.suno.com.br\/noticias\/governo-voto-aprovar-previdencia-maia\/\">Saiba mais:\u00a0Governo foi desorganizado e n\u00e3o tem voto para aprovar Previd\u00eancia, diz Maia<\/a><\/p>\n<p>Em 2019, o <strong>governo<\/strong>\u00a0planeja atingir uma meta fiscal de R$ 139 bilh\u00f5es nas <strong>contas p\u00fablicas<\/strong>. Ao todo, j\u00e1 foram bloqueados cerca de R$ 30 bilh\u00f5es do or\u00e7amento. De acordo com especialistas, o congelamento de gastos pode comprometer a presta\u00e7\u00e3o de servi\u00e7os p\u00fablicos.<\/p>\n<p>Segundo o <strong>Tesouro<\/strong>, o d\u00e9ficit de mar\u00e7o foi ocasionado pelo aumento de despesas que ocorrem nesta \u00e9poca do ano, como o pagamento do abono salarial. Ademais, as senten\u00e7as judicias, os precat\u00f3rios referente \u00e0 <strong>Previd\u00eancia<\/strong> e os gastos com pessoal tamb\u00e9m pesar\u00e3o na contagem.<\/p>\n<p><a href=\"https:\/\/www.suno.com.br\/noticias\/governo-bolsonaro-aprovacao-cni-ibope\/\">Saiba mais:\u00a0Governo Bolsonaro tem 35% de aprova\u00e7\u00e3o, afirma CNI\/Ibope<\/a><\/p>\n<p>As despesas com a <strong>Previd\u00eancia<\/strong> representaram um rombo de R$ 22,6 bilh\u00f5es, uma alta de 12,3% em compara\u00e7\u00e3o com o mesmo m\u00eas do ano passado. No acumulado, o resultado negativo somou R$ 51,428 bilh\u00f5es, um aumento de 4,4% em rela\u00e7\u00e3o a 2018.<\/p>\n\t<p>\n\t\t<a href=\"https:\/\/lp2.suno.com.br\/pv\/curso-zero-ao-primeiro-rendimento\/?utm_source=suno-noticias&#038;utm_medium=banner&#038;utm_campaign=_SNC4CCF8112_\" target=\"_blank\" data-element=\"shortcode-suno-banner\" title=\"Banner SUNO, clique e saiba mais\">\n\t\t\t<picture>\n\t\t\t\t<source media=\"(max-width: 500px)\" srcset=\"https:\/\/files.sunoresearch.com.br\/n\/uploads\/2025\/12\/Artigos-e-Noticias-Banner-Materias-02-Mobile_-400x300-1-png.webp\">\n\t\t\t\t<img class=\"newsContent__article__imgCapa newsContent__article__imgCapa--banner\"\n\t\t\t\t\tsrc=\"https:\/\/files.sunoresearch.com.br\/n\/uploads\/2025\/12\/Artigos-e-Noticias-Banner-Materias-01-Desktop_-1420x240-1-png.webp\"\n\t\t\t\t\tdata-promo-id=\"635313\"\t\t\t\t\t\t\t\t\t\twidth='1420' height='240'\t\t\t\t\talt=\"https:\/\/files.sunoresearch.com.br\/n\/uploads\/2025\/12\/Artigos-e-Noticias-Banner-Materias-01-Desktop_-1420x240-1-png.webp\"\n\t\t\t\t>\n\t\t\t<\/picture>\n\t\t<\/a>\n\t<\/p>\n\n\n","protected":false},"excerpt":{"rendered":"<p>As contas do governo fecharam o m\u00eas de mar\u00e7o com\u00a0d\u00e9ficit prim\u00e1rio de R$ 21,1 bilh\u00f5es. A informa\u00e7\u00e3o foi divulgada nesta segunda-feira (29) pela Secretaria do Tesouro Nacional. Governo prepara pacote de medidas para caminhoneiros Apesar do n\u00famero negativo, houve melhora em rela\u00e7\u00e3o ao mesmo per\u00edodo de 2018, que totalizou R$ 24,495 bilh\u00f5es. As contas do [&hellip;]<\/p>\n","protected":false},"author":14,"featured_media":19982,"comment_status":"closed","ping_status":"closed","sticky":false,"template":"","format":"standard","meta":[],"categories":[62],"tags":[807,1044],"suno_strategy":[],"class_list":["post-22675","post","type-post","status-publish","format-standard","has-post-thumbnail","hentry","category-economia","tag-produto-interno-bruto-pib","tag-tesouro-nacional"],"yoast_head":"<!-- This site is optimized with the Yoast SEO plugin v24.4 - https:\/\/yoast.com\/wordpress\/plugins\/seo\/ -->\n<title>Contas do governo fecham mar\u00e7o com d\u00e9ficit de R$ 21,1 bi<\/title>\n<meta name=\"description\" content=\"Apesar do n\u00famero negativo, houve melhora das contas do governo em rela\u00e7\u00e3o ao mesmo per\u00edodo de 2018. Clique para saber mais.\" \/>\n<meta name=\"robots\" content=\"index, follow, max-snippet:-1, max-image-preview:large, max-video-preview:-1\" \/>\n<link rel=\"canonical\" href=\"https:\/\/www.suno.com.br\/noticias\/contas-do-governo-fecham-marco-deficit\/\" \/>\n<meta property=\"og:locale\" content=\"pt_BR\" \/>\n<meta property=\"og:type\" content=\"article\" \/>\n<meta property=\"og:title\" content=\"Contas do governo fecham mar\u00e7o com d\u00e9ficit de R$ 21,1 bi\" \/>\n<meta property=\"og:description\" content=\"Apesar do n\u00famero negativo, houve melhora das contas do governo em rela\u00e7\u00e3o ao mesmo per\u00edodo de 2018. Clique para saber mais.\" \/>\n<meta property=\"og:url\" content=\"https:\/\/www.suno.com.br\/noticias\/contas-do-governo-fecham-marco-deficit\/\" \/>\n<meta property=\"og:site_name\" content=\"Suno Not\u00edcias\" \/>\n<meta property=\"article:publisher\" content=\"https:\/\/facebook.com\/sunoresearch\" \/>\n<meta property=\"og:image\" content=\"https:\/\/files.sunoresearch.com.br\/n\/uploads\/2019\/04\/00bb0a94-bolsonaro.jpg\" \/>\n\t<meta property=\"og:image:width\" content=\"1140\" \/>\n\t<meta property=\"og:image:height\" content=\"760\" \/>\n\t<meta property=\"og:image:type\" content=\"image\/jpeg\" \/>\n<meta name=\"author\" content=\"Renan Dantas\" \/>\n<meta name=\"twitter:card\" content=\"summary_large_image\" \/>\n<meta name=\"twitter:creator\" content=\"@sunoresearch\" \/>\n<meta name=\"twitter:site\" content=\"@sunoresearch\" \/>\n<meta name=\"twitter:label1\" content=\"Escrito por\" \/>\n\t<meta name=\"twitter:data1\" content=\"Renan Dantas\" \/>\n\t<meta name=\"twitter:label2\" content=\"Est. tempo de leitura\" \/>\n\t<meta name=\"twitter:data2\" content=\"2 minutos\" \/>\n<script type=\"application\/ld+json\" class=\"yoast-schema-graph\">{\"@context\":\"https:\/\/schema.org\",\"@graph\":[{\"@type\":\"NewsArticle\",\"@id\":\"https:\/\/www.suno.com.br\/noticias\/contas-do-governo-fecham-marco-deficit\/#article\",\"isPartOf\":{\"@id\":\"https:\/\/www.suno.com.br\/noticias\/contas-do-governo-fecham-marco-deficit\/\"},\"author\":{\"name\":\"Renan Dantas\",\"@id\":\"https:\/\/www.suno.com.br\/noticias\/#\/schema\/person\/3f7693d5795a3f6d5ce15309ee785699\"},\"headline\":\"Contas do governo fecham mar\u00e7o com d\u00e9ficit de R$ 21,1 bi\",\"datePublished\":\"2019-04-29T19:56:37+00:00\",\"mainEntityOfPage\":{\"@id\":\"https:\/\/www.suno.com.br\/noticias\/contas-do-governo-fecham-marco-deficit\/\"},\"wordCount\":427,\"publisher\":{\"@id\":\"https:\/\/www.suno.com.br\/noticias\/#organization\"},\"image\":{\"@id\":\"https:\/\/www.suno.com.br\/noticias\/contas-do-governo-fecham-marco-deficit\/#primaryimage\"},\"thumbnailUrl\":\"https:\/\/files.sunoresearch.com.br\/n\/uploads\/2019\/04\/00bb0a94-bolsonaro-jpg.webp\",\"keywords\":[\"Produto Interno Bruto (PIB)\",\"Tesouro Nacional\"],\"articleSection\":[\"Economia\"],\"inLanguage\":\"pt-BR\"},{\"@type\":\"WebPage\",\"@id\":\"https:\/\/www.suno.com.br\/noticias\/contas-do-governo-fecham-marco-deficit\/\",\"url\":\"https:\/\/www.suno.com.br\/noticias\/contas-do-governo-fecham-marco-deficit\/\",\"name\":\"Contas do governo fecham mar\u00e7o com d\u00e9ficit de R$ 21,1 bi\",\"isPartOf\":{\"@id\":\"https:\/\/www.suno.com.br\/noticias\/#website\"},\"primaryImageOfPage\":{\"@id\":\"https:\/\/www.suno.com.br\/noticias\/contas-do-governo-fecham-marco-deficit\/#primaryimage\"},\"image\":{\"@id\":\"https:\/\/www.suno.com.br\/noticias\/contas-do-governo-fecham-marco-deficit\/#primaryimage\"},\"thumbnailUrl\":\"https:\/\/files.sunoresearch.com.br\/n\/uploads\/2019\/04\/00bb0a94-bolsonaro-jpg.webp\",\"datePublished\":\"2019-04-29T19:56:37+00:00\",\"description\":\"Apesar do n\u00famero negativo, houve melhora das contas do governo em rela\u00e7\u00e3o ao mesmo per\u00edodo de 2018. Clique para saber mais.\",\"breadcrumb\":{\"@id\":\"https:\/\/www.suno.com.br\/noticias\/contas-do-governo-fecham-marco-deficit\/#breadcrumb\"},\"inLanguage\":\"pt-BR\",\"potentialAction\":[{\"@type\":\"ReadAction\",\"target\":[\"https:\/\/www.suno.com.br\/noticias\/contas-do-governo-fecham-marco-deficit\/\"]}]},{\"@type\":\"ImageObject\",\"inLanguage\":\"pt-BR\",\"@id\":\"https:\/\/www.suno.com.br\/noticias\/contas-do-governo-fecham-marco-deficit\/#primaryimage\",\"url\":\"https:\/\/files.sunoresearch.com.br\/n\/uploads\/2019\/04\/00bb0a94-bolsonaro-jpg.webp\",\"contentUrl\":\"https:\/\/files.sunoresearch.com.br\/n\/uploads\/2019\/04\/00bb0a94-bolsonaro-jpg.webp\",\"width\":1140,\"height\":760,\"caption\":\"Governo prepara pacote de medidas para caminhoneiros\"},{\"@type\":\"BreadcrumbList\",\"@id\":\"https:\/\/www.suno.com.br\/noticias\/contas-do-governo-fecham-marco-deficit\/#breadcrumb\",\"itemListElement\":[{\"@type\":\"ListItem\",\"position\":1,\"name\":\"Not\u00edcias\",\"item\":\"https:\/\/www.suno.com.br\/noticias\/\"},{\"@type\":\"ListItem\",\"position\":2,\"name\":\"Economia\",\"item\":\"https:\/\/www.suno.com.br\/noticias\/economia\/\"},{\"@type\":\"ListItem\",\"position\":3,\"name\":\"Contas do governo fecham mar\u00e7o com d\u00e9ficit de R$ 21,1 bi\"}]},{\"@type\":\"WebSite\",\"@id\":\"https:\/\/www.suno.com.br\/noticias\/#website\",\"url\":\"https:\/\/www.suno.com.br\/noticias\/\",\"name\":\"Suno Not\u00edcias\",\"description\":\"Seu portal de informa\u00e7\u00e3o sobre o mundo dos investimentos\",\"publisher\":{\"@id\":\"https:\/\/www.suno.com.br\/noticias\/#organization\"},\"potentialAction\":[{\"@type\":\"SearchAction\",\"target\":{\"@type\":\"EntryPoint\",\"urlTemplate\":\"https:\/\/www.suno.com.br\/noticias\/?s={search_term_string}\"},\"query-input\":{\"@type\":\"PropertyValueSpecification\",\"valueRequired\":true,\"valueName\":\"search_term_string\"}}],\"inLanguage\":\"pt-BR\"},{\"@type\":\"Organization\",\"@id\":\"https:\/\/www.suno.com.br\/noticias\/#organization\",\"name\":\"Suno Not\u00edcias\",\"url\":\"https:\/\/www.suno.com.br\/noticias\/\",\"logo\":{\"@type\":\"ImageObject\",\"inLanguage\":\"pt-BR\",\"@id\":\"https:\/\/www.suno.com.br\/noticias\/#\/schema\/logo\/image\/\",\"url\":\"https:\/\/files.sunoresearch.com.br\/n\/uploads\/2021\/09\/suno-logo.png\",\"contentUrl\":\"https:\/\/files.sunoresearch.com.br\/n\/uploads\/2021\/09\/suno-logo.png\",\"width\":180,\"height\":180,\"caption\":\"Suno Not\u00edcias\"},\"image\":{\"@id\":\"https:\/\/www.suno.com.br\/noticias\/#\/schema\/logo\/image\/\"},\"sameAs\":[\"https:\/\/facebook.com\/sunoresearch\",\"https:\/\/x.com\/sunoresearch\",\"https:\/\/www.instagram.com\/suno\",\"https:\/\/www.linkedin.com\/company\/suno-research\/\",\"https:\/\/www.youtube.com\/c\/sunoresearch\"]},{\"@type\":\"Person\",\"@id\":\"https:\/\/www.suno.com.br\/noticias\/#\/schema\/person\/3f7693d5795a3f6d5ce15309ee785699\",\"name\":\"Renan Dantas\",\"image\":{\"@type\":\"ImageObject\",\"inLanguage\":\"pt-BR\",\"@id\":\"https:\/\/www.suno.com.br\/noticias\/#\/schema\/person\/image\/\",\"url\":\"https:\/\/secure.gravatar.com\/avatar\/1787b83e7484a08e51d62ac8b41c8396?s=96&r=g\",\"contentUrl\":\"https:\/\/secure.gravatar.com\/avatar\/1787b83e7484a08e51d62ac8b41c8396?s=96&r=g\",\"caption\":\"Renan Dantas\"},\"description\":\"Escreve sobre pol\u00edtica e mercado financeiro para o portal Suno Not\u00edcias. Antes, atuou na assessoria de comunica\u00e7\u00e3o do Minist\u00e9rio P\u00fablico do Trabalho e na R\u00e1dio Mackenzie, onde apresentava e produzia um programa sobre artistas da m\u00fasica brasileira. \u00c9 estudante na Universidade Presbiteriana Mackenzie.\",\"url\":\"https:\/\/www.suno.com.br\/noticias\/author\/renan-dantas\/\"}]}<\/script>\n<!-- \/ Yoast SEO plugin. -->","yoast_head_json":{"title":"Contas do governo fecham mar\u00e7o com d\u00e9ficit de R$ 21,1 bi","description":"Apesar do n\u00famero negativo, houve melhora das contas do governo em rela\u00e7\u00e3o ao mesmo per\u00edodo de 2018. Clique para saber mais.","robots":{"index":"index","follow":"follow","max-snippet":"max-snippet:-1","max-image-preview":"max-image-preview:large","max-video-preview":"max-video-preview:-1"},"canonical":"https:\/\/www.suno.com.br\/noticias\/contas-do-governo-fecham-marco-deficit\/","og_locale":"pt_BR","og_type":"article","og_title":"Contas do governo fecham mar\u00e7o com d\u00e9ficit de R$ 21,1 bi","og_description":"Apesar do n\u00famero negativo, houve melhora das contas do governo em rela\u00e7\u00e3o ao mesmo per\u00edodo de 2018. Clique para saber mais.","og_url":"https:\/\/www.suno.com.br\/noticias\/contas-do-governo-fecham-marco-deficit\/","og_site_name":"Suno Not\u00edcias","article_publisher":"https:\/\/facebook.com\/sunoresearch","og_image":[{"width":1140,"height":760,"url":"https:\/\/files.sunoresearch.com.br\/n\/uploads\/2019\/04\/00bb0a94-bolsonaro.jpg","type":"image\/jpeg"}],"author":"Renan Dantas","twitter_card":"summary_large_image","twitter_creator":"@sunoresearch","twitter_site":"@sunoresearch","twitter_misc":{"Escrito por":"Renan Dantas","Est. tempo de leitura":"2 minutos"},"schema":{"@context":"https:\/\/schema.org","@graph":[{"@type":"NewsArticle","@id":"https:\/\/www.suno.com.br\/noticias\/contas-do-governo-fecham-marco-deficit\/#article","isPartOf":{"@id":"https:\/\/www.suno.com.br\/noticias\/contas-do-governo-fecham-marco-deficit\/"},"author":{"name":"Renan Dantas","@id":"https:\/\/www.suno.com.br\/noticias\/#\/schema\/person\/3f7693d5795a3f6d5ce15309ee785699"},"headline":"Contas do governo fecham mar\u00e7o com d\u00e9ficit de R$ 21,1 bi","datePublished":"2019-04-29T19:56:37+00:00","mainEntityOfPage":{"@id":"https:\/\/www.suno.com.br\/noticias\/contas-do-governo-fecham-marco-deficit\/"},"wordCount":427,"publisher":{"@id":"https:\/\/www.suno.com.br\/noticias\/#organization"},"image":{"@id":"https:\/\/www.suno.com.br\/noticias\/contas-do-governo-fecham-marco-deficit\/#primaryimage"},"thumbnailUrl":"https:\/\/files.sunoresearch.com.br\/n\/uploads\/2019\/04\/00bb0a94-bolsonaro-jpg.webp","keywords":["Produto Interno Bruto (PIB)","Tesouro Nacional"],"articleSection":["Economia"],"inLanguage":"pt-BR"},{"@type":"WebPage","@id":"https:\/\/www.suno.com.br\/noticias\/contas-do-governo-fecham-marco-deficit\/","url":"https:\/\/www.suno.com.br\/noticias\/contas-do-governo-fecham-marco-deficit\/","name":"Contas do governo fecham mar\u00e7o com d\u00e9ficit de R$ 21,1 bi","isPartOf":{"@id":"https:\/\/www.suno.com.br\/noticias\/#website"},"primaryImageOfPage":{"@id":"https:\/\/www.suno.com.br\/noticias\/contas-do-governo-fecham-marco-deficit\/#primaryimage"},"image":{"@id":"https:\/\/www.suno.com.br\/noticias\/contas-do-governo-fecham-marco-deficit\/#primaryimage"},"thumbnailUrl":"https:\/\/files.sunoresearch.com.br\/n\/uploads\/2019\/04\/00bb0a94-bolsonaro-jpg.webp","datePublished":"2019-04-29T19:56:37+00:00","description":"Apesar do n\u00famero negativo, houve melhora das contas do governo em rela\u00e7\u00e3o ao mesmo per\u00edodo de 2018. Clique para saber mais.","breadcrumb":{"@id":"https:\/\/www.suno.com.br\/noticias\/contas-do-governo-fecham-marco-deficit\/#breadcrumb"},"inLanguage":"pt-BR","potentialAction":[{"@type":"ReadAction","target":["https:\/\/www.suno.com.br\/noticias\/contas-do-governo-fecham-marco-deficit\/"]}]},{"@type":"ImageObject","inLanguage":"pt-BR","@id":"https:\/\/www.suno.com.br\/noticias\/contas-do-governo-fecham-marco-deficit\/#primaryimage","url":"https:\/\/files.sunoresearch.com.br\/n\/uploads\/2019\/04\/00bb0a94-bolsonaro-jpg.webp","contentUrl":"https:\/\/files.sunoresearch.com.br\/n\/uploads\/2019\/04\/00bb0a94-bolsonaro-jpg.webp","width":1140,"height":760,"caption":"Governo prepara pacote de medidas para caminhoneiros"},{"@type":"BreadcrumbList","@id":"https:\/\/www.suno.com.br\/noticias\/contas-do-governo-fecham-marco-deficit\/#breadcrumb","itemListElement":[{"@type":"ListItem","position":1,"name":"Not\u00edcias","item":"https:\/\/www.suno.com.br\/noticias\/"},{"@type":"ListItem","position":2,"name":"Economia","item":"https:\/\/www.suno.com.br\/noticias\/economia\/"},{"@type":"ListItem","position":3,"name":"Contas do governo fecham mar\u00e7o com d\u00e9ficit de R$ 21,1 bi"}]},{"@type":"WebSite","@id":"https:\/\/www.suno.com.br\/noticias\/#website","url":"https:\/\/www.suno.com.br\/noticias\/","name":"Suno Not\u00edcias","description":"Seu portal de informa\u00e7\u00e3o sobre o mundo dos investimentos","publisher":{"@id":"https:\/\/www.suno.com.br\/noticias\/#organization"},"potentialAction":[{"@type":"SearchAction","target":{"@type":"EntryPoint","urlTemplate":"https:\/\/www.suno.com.br\/noticias\/?s={search_term_string}"},"query-input":{"@type":"PropertyValueSpecification","valueRequired":true,"valueName":"search_term_string"}}],"inLanguage":"pt-BR"},{"@type":"Organization","@id":"https:\/\/www.suno.com.br\/noticias\/#organization","name":"Suno Not\u00edcias","url":"https:\/\/www.suno.com.br\/noticias\/","logo":{"@type":"ImageObject","inLanguage":"pt-BR","@id":"https:\/\/www.suno.com.br\/noticias\/#\/schema\/logo\/image\/","url":"https:\/\/files.sunoresearch.com.br\/n\/uploads\/2021\/09\/suno-logo.png","contentUrl":"https:\/\/files.sunoresearch.com.br\/n\/uploads\/2021\/09\/suno-logo.png","width":180,"height":180,"caption":"Suno Not\u00edcias"},"image":{"@id":"https:\/\/www.suno.com.br\/noticias\/#\/schema\/logo\/image\/"},"sameAs":["https:\/\/facebook.com\/sunoresearch","https:\/\/x.com\/sunoresearch","https:\/\/www.instagram.com\/suno","https:\/\/www.linkedin.com\/company\/suno-research\/","https:\/\/www.youtube.com\/c\/sunoresearch"]},{"@type":"Person","@id":"https:\/\/www.suno.com.br\/noticias\/#\/schema\/person\/3f7693d5795a3f6d5ce15309ee785699","name":"Renan Dantas","image":{"@type":"ImageObject","inLanguage":"pt-BR","@id":"https:\/\/www.suno.com.br\/noticias\/#\/schema\/person\/image\/","url":"https:\/\/secure.gravatar.com\/avatar\/1787b83e7484a08e51d62ac8b41c8396?s=96&r=g","contentUrl":"https:\/\/secure.gravatar.com\/avatar\/1787b83e7484a08e51d62ac8b41c8396?s=96&r=g","caption":"Renan Dantas"},"description":"Escreve sobre pol\u00edtica e mercado financeiro para o portal Suno Not\u00edcias. Antes, atuou na assessoria de comunica\u00e7\u00e3o do Minist\u00e9rio P\u00fablico do Trabalho e na R\u00e1dio Mackenzie, onde apresentava e produzia um programa sobre artistas da m\u00fasica brasileira. \u00c9 estudante na Universidade Presbiteriana Mackenzie.","url":"https:\/\/www.suno.com.br\/noticias\/author\/renan-dantas\/"}]}},"default_loop_html":"<div class=\"cardsPage__listCard__boxs\"><div class=\"cardsPage__listCard__boxs__img\"><a href=\"https:\/\/www.suno.com.br\/noticias\/contas-do-governo-fecham-marco-deficit\/\"><img class=\"mask\" src=\"https:\/\/www.suno.com.br\/noticias\/wp-content\/themes\/suno\/resources\/images\/spotlight\/spotlight1img\/bg-mask.png\" alt=\"Image Mask\"\/><img src=\"https:\/\/files.sunoresearch.com.br\/n\/uploads\/2019\/04\/00bb0a94-bolsonaro-400x200.webp\" alt=\"Contas do governo fecham mar\u00e7o com d\u00e9ficit de R$ 21,1 bi\"\/><\/a><span class=\"spotlightCategory\"><a href=\"https:\/\/www.suno.com.br\/noticias\/economia\/\">Economia<\/a><\/span><\/div><div class=\"cardsPage__listCard__boxs__content\"><a href=\"https:\/\/www.suno.com.br\/noticias\/contas-do-governo-fecham-marco-deficit\/\"><h2 class=\"content__title\">Contas do governo fecham mar\u00e7o com d\u00e9ficit de R$ 21,1 bi<\/h2><\/a><div class=\"newsContent__article__meta\"><div class=\"newsContent__article__meta__authorBox\"><a href=\"https:\/\/www.suno.com.br\/noticias\/author\/renan-dantas\/\" class=\"authorBox__avatar noMobi\"><img src=\"https:\/\/secure.gravatar.com\/avatar\/1787b83e7484a08e51d62ac8b41c8396?s=96&#038;r=g\" alt=\"Renan Dantas\"><\/a><div class=\"authorBox__name\"><span>por\n\t\t\t<a href=\"https:\/\/www.suno.com.br\/noticias\/author\/renan-dantas\/\"><span itemprop=\"author\">Renan Dantas<\/span><\/a><\/span><time datetime=\"2019-04-29T16:56:37-03:00\" itemprop=\"datePublished\">29\/04\/2019 16:56<\/time><\/div><\/div><\/div><\/div><\/div>","single_layout":"posts","amp_enabled":true,"_links":{"self":[{"href":"https:\/\/www.suno.com.br\/noticias\/wp-json\/wp\/v2\/posts\/22675"}],"collection":[{"href":"https:\/\/www.suno.com.br\/noticias\/wp-json\/wp\/v2\/posts"}],"about":[{"href":"https:\/\/www.suno.com.br\/noticias\/wp-json\/wp\/v2\/types\/post"}],"author":[{"embeddable":true,"href":"https:\/\/www.suno.com.br\/noticias\/wp-json\/wp\/v2\/users\/14"}],"replies":[{"embeddable":true,"href":"https:\/\/www.suno.com.br\/noticias\/wp-json\/wp\/v2\/comments?post=22675"}],"version-history":[{"count":0,"href":"https:\/\/www.suno.com.br\/noticias\/wp-json\/wp\/v2\/posts\/22675\/revisions"}],"wp:featuredmedia":[{"embeddable":true,"href":"https:\/\/www.suno.com.br\/noticias\/wp-json\/wp\/v2\/media\/19982"}],"wp:attachment":[{"href":"https:\/\/www.suno.com.br\/noticias\/wp-json\/wp\/v2\/media?parent=22675"}],"wp:term":[{"taxonomy":"category","embeddable":true,"href":"https:\/\/www.suno.com.br\/noticias\/wp-json\/wp\/v2\/categories?post=22675"},{"taxonomy":"post_tag","embeddable":true,"href":"https:\/\/www.suno.com.br\/noticias\/wp-json\/wp\/v2\/tags?post=22675"},{"taxonomy":"suno_strategy","embeddable":true,"href":"https:\/\/www.suno.com.br\/noticias\/wp-json\/wp\/v2\/suno_strategy?post=22675"}],"curies":[{"name":"wp","href":"https:\/\/api.w.org\/{rel}","templated":true}]}}