{"id":226726,"date":"2022-01-28T17:30:46","date_gmt":"2022-01-28T20:30:46","guid":{"rendered":"https:\/\/www.suno.com.br\/noticias\/?p=226726"},"modified":"2022-01-28T17:56:50","modified_gmt":"2022-01-28T20:56:50","slug":"bolsonaro-depoimento-moraes-nega-recurso-agu","status":"publish","type":"post","link":"https:\/\/www.suno.com.br\/noticias\/bolsonaro-depoimento-moraes-nega-recurso-agu\/","title":{"rendered":"Moraes nega recurso da AGU e mant\u00e9m depoimento de Bolsonaro \u00e0 PF"},"content":{"rendered":"<p>O ministro do Supremo Tribunal Federal (STF) <a href=\"https:\/\/www.suno.com.br\/noticias\/bolsonaro-impeachment-alexandre-moraes-stf\/\">Alexandre de Moraes<\/a> negou hoje (28) recurso protocolado pela Advocacia-Geral da Uni\u00e3o (AGU) contra sua decis\u00e3o que determinou o depoimento presencial do presidente Jair <strong>Bolsonaro<\/strong> no inqu\u00e9rito que apura a suposta divulga\u00e7\u00e3o de informa\u00e7\u00f5es sigilosas sobre a investiga\u00e7\u00e3o de um ataque de hackers ao sistema de inform\u00e1tica do Tribunal Superior Eleitoral (TSE), ocorrido em 2018. O presidente faltou ao depoimento na Superintend\u00eancia da Pol\u00edcia Federal (PF) em Bras\u00edlia.<\/p>\t<div class=\"wrapper-featured-image\">\n\t\t<figure class=\"spotlightImg\">\n\n\t\t\t<picture>\n\t\t\t\t<source media=\"(max-width: 768px)\" srcset=\"https:\/\/files.sunoresearch.com.br\/n\/uploads\/2022\/01\/ministro-alexandre-de-moraes-STF-400x200.jpg\">\n\t\t\t\t<img loading=\"lazy\" decoding=\"async\" class=\"newsContent__article__imgCapa lazyloadDisabled \" src=\"https:\/\/files.sunoresearch.com.br\/n\/uploads\/2022\/01\/ministro-alexandre-de-moraes-STF-800x450.jpg\" width=\"800\" height=\"450\" alt=\"Moraes nega recurso da AGU e mant\u00e9m depoimento de Bolsonaro \u00e0 PF\" fetchpriority=high \/>\n\t\t\t<\/picture>\n\n\t\t\t<figcaption class=\"wp-caption-text wp-caption-text--show\">Lei Magnitsky. Foto: Nelson Jr.\/SCO\/STF<\/figcaption>\n\t\t<\/figure>\n\t<\/div>\n\n\n\t<p>\n\t\t<a href=\"https:\/\/lp.suno.com.br\/planilha-controle-gastos\/\" target=\"_blank\" data-element=\"shortcode-suno-banner\" title=\"Banner SUNO, clique e saiba mais\">\n\t\t\t<picture>\n\t\t\t\t<source media=\"(max-width: 500px)\" srcset=\"https:\/\/files.sunoresearch.com.br\/n\/uploads\/2023\/03\/400x300-Planilha-controle-de-gastos.png\">\n\t\t\t\t<img class=\"newsContent__article__imgCapa newsContent__article__imgCapa--banner\"\n\t\t\t\t\tsrc=\"https:\/\/files.sunoresearch.com.br\/n\/uploads\/2023\/03\/1420x240-Planilha-controle-de-gastos.png\"\n\t\t\t\t\tdata-promo-id=\"101751\"\t\t\t\t\t\t\t\t\t\twidth='1420' height='240'\t\t\t\t\talt=\"https:\/\/files.sunoresearch.com.br\/n\/uploads\/2023\/03\/1420x240-Planilha-controle-de-gastos.png\"\n\t\t\t\t>\n\t\t\t<\/picture>\n\t\t<\/a>\n\t<\/p>\n\n\n<p>Ontem (27), Moraes determinou que o <strong>presidente deveria depor<\/strong> nesta sexta-feira, \u00e0s 14h, na PF. No despacho, o ministro argumentou que Jair Bolsonaro pode exercer o direito constitucional ao sil\u00eancio, mas n\u00e3o pode se recusar previamente a participar dos atos processuais. Em novembro do ano passado, atendendo pedido da defesa, o ministro concedeu prazo adicional de 60 dias para marca\u00e7\u00e3o da oitiva.<\/p>\n<p>No in\u00edcio da tarde, a <strong>AGU<\/strong> apresentou um agravo regimental para reconsidera\u00e7\u00e3o do ministro ou julgamento pelo plen\u00e1rio para garantir que o presidente, em fun\u00e7\u00e3o do cargo que ocupa, possa optar pelo n\u00e3o comparecimento ao depoimento.<\/p>\n\t<p>\n\t\t<a href=\"https:\/\/lp.suno.com.br\/ebook-como-analisar-uma-acao\/\" target=\"_blank\" data-element=\"shortcode-suno-banner\" title=\"Banner SUNO, clique e saiba mais\">\n\t\t\t<picture>\n\t\t\t\t<source media=\"(max-width: 500px)\" srcset=\"https:\/\/files.sunoresearch.com.br\/n\/uploads\/2023\/03\/Ebook-Acoes-Mobile-1.jpg\">\n\t\t\t\t<img class=\"newsContent__article__imgCapa newsContent__article__imgCapa--banner\"\n\t\t\t\t\tsrc=\"https:\/\/files.sunoresearch.com.br\/n\/uploads\/2023\/03\/Ebook-Acoes-Desktop-1.jpg\"\n\t\t\t\t\tdata-promo-id=\"171998\"\t\t\t\t\t\t\t\t\t\twidth='1420' height='286'\t\t\t\t\talt=\"https:\/\/files.sunoresearch.com.br\/n\/uploads\/2023\/03\/Ebook-Acoes-Desktop-1.jpg\"\n\t\t\t\t>\n\t\t\t<\/picture>\n\t\t<\/a>\n\t<\/p>\n\n\n<p>Ao analisar os argumentos, Alexandre de Moraes negou o recurso e entendeu que a peti\u00e7\u00e3o n\u00e3o pode ser aceita pela quest\u00e3o processual da preclus\u00e3o.<\/p>\n<p>\u201cA Advocacia-Geral da Uni\u00e3o \u2013 AGU protocolou a peti\u00e7\u00e3o n\u00ba 3671\/2022, nesta data, \u00e0s 13h:49 \u2013 11 minutos antes do hor\u00e1rio agendado para o interrogat\u00f3rio \u2013 e recebida no Gabinete \u00e0s 14h:08, sabendo tratar- se de recurso manifestamente intempestivo por preclus\u00e3o temporal e l\u00f3gica\u201d decidiu o ministro.<\/p>\n\t<p>\n\t\t<a href=\"https:\/\/lp.suno.com.br\/planilha-de-controle-de-investimentos\/\" target=\"_blank\" data-element=\"shortcode-suno-banner\" title=\"Banner SUNO, clique e saiba mais\">\n\t\t\t<picture>\n\t\t\t\t<source media=\"(max-width: 500px)\" srcset=\"https:\/\/files.sunoresearch.com.br\/n\/uploads\/2023\/03\/400x300-Controle-de-Investimentos.png\">\n\t\t\t\t<img class=\"newsContent__article__imgCapa newsContent__article__imgCapa--banner\"\n\t\t\t\t\tsrc=\"https:\/\/files.sunoresearch.com.br\/n\/uploads\/2023\/03\/1420x240-Controle-de-Investimentos.png\"\n\t\t\t\t\tdata-promo-id=\"75934\"\t\t\t\t\t\t\t\t\t\twidth='1420' height='240'\t\t\t\t\talt=\"https:\/\/files.sunoresearch.com.br\/n\/uploads\/2023\/03\/1420x240-Controle-de-Investimentos.png\"\n\t\t\t\t>\n\t\t\t<\/picture>\n\t\t<\/a>\n\t<\/p>\n\n\n<p>Antes da primeira decis\u00e3o de Moraes, a advocacia-geral argumentou no processo que Bolsonaro n\u00e3o divulgou documentos sigilosos e que Bolsonaro \u201cdeclinou da oitava pessoal\u201d.<\/p>\n<p>Na ocasi\u00e3o, a AGU afirmou que o depoimento pessoal do presidente Bolsonaro n\u00e3o contribuiria para o processo. Al\u00e9m disso, destacou que decis\u00f5es anteriores da Corte impedem a condu\u00e7\u00e3o coercitiva para depoimento e garantem o \u201cdireito de aus\u00eancia\u201d da defesa.<\/p>\n<h2>Ministro do STF julgou invi\u00e1vel agravo da AGU sobre depoimento presencial<\/h2>\n<p>O ministro Alexandre de Moraes, do <strong>Supremo Tribunal Federal (STF)<\/strong>, julgou invi\u00e1vel o agravo da Advocacia-Geral da Uni\u00e3o (AGU) contra sua decis\u00e3o de intimar o presidente da Rep\u00fablica, Jair Bolsonaro, para prestar depoimento hoje (28), nos autos do Inqu\u00e9rito (INQ) 4878, que investiga o vazamento de dados sigilosos relativos a investiga\u00e7\u00e3o no Tribunal Superior Eleitoral. Bolsonaro n\u00e3o compareceu \u00e0 sede da Pol\u00edcia Federal, em Bras\u00edlia (DF), na hora determinada na decis\u00e3o.<\/p>\n<p>Segundo o ministro, o prazo para o depoimento terminou em dezembro e foi prorrogado a pedido do presidente, que concordou expressamente em comparecer. Com isso, o agravo foi considerado intempestivo (fora do prazo) e <strong>n\u00e3o ser\u00e1 levado ao Plen\u00e1rio<\/strong> pelo relator. A determina\u00e7\u00e3o de que Bolsonaro preste depoimento foi mantida.<\/p>\n<p>No agravo regimental, apresentado 11 minutos antes do hor\u00e1rio marcado para o depoimento (\u00e0s 14h), a AGU buscava levar a discuss\u00e3o ao <strong>Plen\u00e1rio do STF<\/strong>, com o argumento de que, como agente p\u00fablico, \u00e9 garantida a Bolsonaro a escolha constitucional e convencional de n\u00e3o comparecimento em depoimento em seara investigativa. Ainda de acordo com a AGU, o direito \u00e0 aus\u00eancia teria sido assegurado em decis\u00f5es do pr\u00f3prio STF, que, nas Argui\u00e7\u00f5es de Descumprimento de Preceito Fundamental (ADPFs) 395 e 444, vedou a possibilidade de condu\u00e7\u00e3o coercitiva no caso de recusa injustificada de comparecimento do investigado.<\/p>\n\t<p>\n\t\t<a href=\"https:\/\/lp.suno.com.br\/planilha-da-vida-financeira\/\" target=\"_blank\" data-element=\"shortcode-suno-banner\" title=\"Banner SUNO, clique e saiba mais\">\n\t\t\t<picture>\n\t\t\t\t<source media=\"(max-width: 500px)\" srcset=\"https:\/\/files.sunoresearch.com.br\/n\/uploads\/2023\/04\/400x300-Planilha-vida-financeira-true.png\">\n\t\t\t\t<img class=\"newsContent__article__imgCapa newsContent__article__imgCapa--banner\"\n\t\t\t\t\tsrc=\"https:\/\/files.sunoresearch.com.br\/n\/uploads\/2023\/04\/1420x240-Planilha-vida-financeira-true.png\"\n\t\t\t\t\tdata-promo-id=\"106682\"\t\t\t\t\t\t\t\t\t\twidth='1420' height='240'\t\t\t\t\talt=\"https:\/\/files.sunoresearch.com.br\/n\/uploads\/2023\/04\/1420x240-Planilha-vida-financeira-true.png\"\n\t\t\t\t>\n\t\t\t<\/picture>\n\t\t<\/a>\n\t<\/p>\n\n\n<h2>Moraes: prazo esgotado para depoimento de Bolsonaro<\/h2>\n<p>Em sua decis\u00e3o, o ministro Alexandre de Moraes afirma que, tendo tomado ci\u00eancia da decis\u00e3o de realiza\u00e7\u00e3o de interrogat\u00f3rio pessoal em 29\/11\/2021, a defesa teria o prazo de cinco dias para apresentar agravo, caso pretendesse que a discuss\u00e3o fosse levada ao Plen\u00e1rio, mas nenhum recurso foi interposto dentro do prazo processual adequado. \u201cPelo contr\u00e1rio, a defesa expressamente concordou com a oitiva e solicitou, por interm\u00e9dio de peti\u00e7\u00e3o, protocolada em 10\/12\/2021, a concess\u00e3o de prazo adicional de 60 dias para a sua realiza\u00e7\u00e3o, em raz\u00e3o de compromissos firmados na agenda presidencial previstos para o per\u00edodo de final de ano\u201d, lembrou o relator. O prazo foi estendido em 45 dias.<\/p>\n<p>Para o ministro, ao contr\u00e1rio do que alega a AGU, ao pedir a dila\u00e7\u00e3o do prazo para seu depoimento, o presidente Bolsonaro concordou expressamente com a medida. \u201cA altera\u00e7\u00e3o de posicionamento do investigado \u2013 que, expressamente, assentiu em depor pessoalmente \u2018em homenagem aos princ\u00edpios da coopera\u00e7\u00e3o e boa-f\u00e9 processuais\u2019 \u2013 n\u00e3o afasta a preclus\u00e3o temporal j\u00e1 ocorrida\u201d, assinalou, lembrando que o prazo para interposi\u00e7\u00e3o de eventual agravo regimental encerrou-se em 6\/12\/2021.<\/p>\n<p>Ainda de acordo com o ministro Alexandre de Moraes, al\u00e9m da quest\u00e3o temporal, \u201ccomportamentos processuais contradit\u00f3rios s\u00e3o inadmiss\u00edveis e se sujeitam \u00e0 preclus\u00e3o l\u00f3gica\u201d. Ele apontou a evidente incompatibilidade entre a aceita\u00e7\u00e3o anterior de <strong>Bolsonaro<\/strong> em comparecer \u00e0 oitiva em momento oportuno, inclusive com o pedido de extens\u00e3o do prazo, e a posterior recusa.<\/p>\n<p><em>(Com Ag\u00eancia Brasil e STF)<\/em><\/p>\n\t<p>\n\t\t<a href=\"\" target=\"_blank\" data-element=\"shortcode-suno-banner\" title=\"Banner SUNO, clique e saiba mais\">\n\t\t\t<picture>\n\t\t\t\t<source media=\"(max-width: 500px)\" srcset=\"\">\n\t\t\t\t<img class=\"newsContent__article__imgCapa newsContent__article__imgCapa--banner\"\n\t\t\t\t\tsrc=\"\"\n\t\t\t\t\tdata-promo-id=\"184190\"\t\t\t\t\t\t\t\t\t\t\t\t\t\t\talt=\"\"\n\t\t\t\t>\n\t\t\t<\/picture>\n\t\t<\/a>\n\t<\/p>\n\n\n","protected":false},"excerpt":{"rendered":"<p>O ministro do Supremo Tribunal Federal (STF) Alexandre de Moraes negou hoje (28) recurso protocolado pela Advocacia-Geral da Uni\u00e3o (AGU) contra sua decis\u00e3o que determinou o depoimento presencial do presidente Jair Bolsonaro no inqu\u00e9rito que apura a suposta divulga\u00e7\u00e3o de informa\u00e7\u00f5es sigilosas sobre a investiga\u00e7\u00e3o de um ataque de hackers ao sistema de inform\u00e1tica do [&hellip;]<\/p>\n","protected":false},"author":98,"featured_media":226732,"comment_status":"closed","ping_status":"closed","sticky":false,"template":"","format":"standard","meta":[],"categories":[61],"tags":[719,785],"suno_strategy":[],"class_list":["post-226726","post","type-post","status-publish","format-standard","has-post-thumbnail","hentry","category-politica","tag-jair-bolsonaro","tag-supremo-tribunal-federal-stf"],"yoast_head":"<!-- This site is optimized with the Yoast SEO plugin v24.4 - https:\/\/yoast.com\/wordpress\/plugins\/seo\/ -->\n<title>Moraes nega recurso da AGU e mant\u00e9m depoimento de Bolsonaro \u00e0 PF<\/title>\n<meta name=\"description\" content=\"O ministro do STF Alexandre de Moraes negou recurso da AGU contra sua decis\u00e3o que determinou o depoimento de Bolsonaro\" \/>\n<meta name=\"robots\" content=\"index, follow, max-snippet:-1, max-image-preview:large, max-video-preview:-1\" \/>\n<link rel=\"canonical\" href=\"https:\/\/www.suno.com.br\/noticias\/bolsonaro-depoimento-moraes-nega-recurso-agu\/\" \/>\n<meta property=\"og:locale\" content=\"pt_BR\" \/>\n<meta property=\"og:type\" content=\"article\" \/>\n<meta property=\"og:title\" content=\"Moraes nega recurso da AGU e mant\u00e9m depoimento de Bolsonaro \u00e0 PF\" \/>\n<meta property=\"og:description\" content=\"O ministro do STF Alexandre de Moraes negou recurso da AGU contra sua decis\u00e3o que determinou o depoimento de Bolsonaro\" \/>\n<meta property=\"og:url\" content=\"https:\/\/www.suno.com.br\/noticias\/bolsonaro-depoimento-moraes-nega-recurso-agu\/\" \/>\n<meta property=\"og:site_name\" content=\"Suno Not\u00edcias\" \/>\n<meta property=\"article:publisher\" content=\"https:\/\/facebook.com\/sunoresearch\" \/>\n<meta property=\"og:image\" content=\"https:\/\/files.sunoresearch.com.br\/n\/uploads\/2022\/01\/ministro-alexandre-de-moraes-STF.jpg\" \/>\n\t<meta property=\"og:image:width\" content=\"1299\" \/>\n\t<meta property=\"og:image:height\" content=\"872\" \/>\n\t<meta property=\"og:image:type\" content=\"image\/jpeg\" \/>\n<meta name=\"author\" content=\"Marco Ant\u00f4nio Lopes\" \/>\n<meta name=\"twitter:card\" content=\"summary_large_image\" \/>\n<meta name=\"twitter:creator\" content=\"@sunoresearch\" \/>\n<meta name=\"twitter:site\" content=\"@sunoresearch\" \/>\n<meta name=\"twitter:label1\" content=\"Escrito por\" \/>\n\t<meta name=\"twitter:data1\" content=\"Marco Ant\u00f4nio Lopes\" \/>\n\t<meta name=\"twitter:label2\" content=\"Est. tempo de leitura\" \/>\n\t<meta name=\"twitter:data2\" content=\"4 minutos\" \/>\n<script type=\"application\/ld+json\" class=\"yoast-schema-graph\">{\"@context\":\"https:\/\/schema.org\",\"@graph\":[{\"@type\":\"NewsArticle\",\"@id\":\"https:\/\/www.suno.com.br\/noticias\/bolsonaro-depoimento-moraes-nega-recurso-agu\/#article\",\"isPartOf\":{\"@id\":\"https:\/\/www.suno.com.br\/noticias\/bolsonaro-depoimento-moraes-nega-recurso-agu\/\"},\"author\":{\"name\":\"Marco Ant\u00f4nio Lopes\",\"@id\":\"https:\/\/www.suno.com.br\/noticias\/#\/schema\/person\/829bbe8d57f84333b966b96229c6bf5f\"},\"headline\":\"Moraes nega recurso da AGU e mant\u00e9m depoimento de Bolsonaro \u00e0 PF\",\"datePublished\":\"2022-01-28T20:30:46+00:00\",\"dateModified\":\"2022-01-28T20:56:50+00:00\",\"mainEntityOfPage\":{\"@id\":\"https:\/\/www.suno.com.br\/noticias\/bolsonaro-depoimento-moraes-nega-recurso-agu\/\"},\"wordCount\":872,\"publisher\":{\"@id\":\"https:\/\/www.suno.com.br\/noticias\/#organization\"},\"image\":{\"@id\":\"https:\/\/www.suno.com.br\/noticias\/bolsonaro-depoimento-moraes-nega-recurso-agu\/#primaryimage\"},\"thumbnailUrl\":\"https:\/\/files.sunoresearch.com.br\/n\/uploads\/2022\/01\/ministro-alexandre-de-moraes-STF.jpg\",\"keywords\":[\"Jair Bolsonaro\",\"Supremo Tribunal Federal (STF)\"],\"articleSection\":[\"Pol\u00edtica\"],\"inLanguage\":\"pt-BR\"},{\"@type\":\"WebPage\",\"@id\":\"https:\/\/www.suno.com.br\/noticias\/bolsonaro-depoimento-moraes-nega-recurso-agu\/\",\"url\":\"https:\/\/www.suno.com.br\/noticias\/bolsonaro-depoimento-moraes-nega-recurso-agu\/\",\"name\":\"Moraes nega recurso da AGU e mant\u00e9m depoimento de Bolsonaro \u00e0 PF\",\"isPartOf\":{\"@id\":\"https:\/\/www.suno.com.br\/noticias\/#website\"},\"primaryImageOfPage\":{\"@id\":\"https:\/\/www.suno.com.br\/noticias\/bolsonaro-depoimento-moraes-nega-recurso-agu\/#primaryimage\"},\"image\":{\"@id\":\"https:\/\/www.suno.com.br\/noticias\/bolsonaro-depoimento-moraes-nega-recurso-agu\/#primaryimage\"},\"thumbnailUrl\":\"https:\/\/files.sunoresearch.com.br\/n\/uploads\/2022\/01\/ministro-alexandre-de-moraes-STF.jpg\",\"datePublished\":\"2022-01-28T20:30:46+00:00\",\"dateModified\":\"2022-01-28T20:56:50+00:00\",\"description\":\"O ministro do STF Alexandre de Moraes negou recurso da AGU contra sua decis\u00e3o que determinou o depoimento de Bolsonaro\",\"breadcrumb\":{\"@id\":\"https:\/\/www.suno.com.br\/noticias\/bolsonaro-depoimento-moraes-nega-recurso-agu\/#breadcrumb\"},\"inLanguage\":\"pt-BR\",\"potentialAction\":[{\"@type\":\"ReadAction\",\"target\":[\"https:\/\/www.suno.com.br\/noticias\/bolsonaro-depoimento-moraes-nega-recurso-agu\/\"]}]},{\"@type\":\"ImageObject\",\"inLanguage\":\"pt-BR\",\"@id\":\"https:\/\/www.suno.com.br\/noticias\/bolsonaro-depoimento-moraes-nega-recurso-agu\/#primaryimage\",\"url\":\"https:\/\/files.sunoresearch.com.br\/n\/uploads\/2022\/01\/ministro-alexandre-de-moraes-STF.jpg\",\"contentUrl\":\"https:\/\/files.sunoresearch.com.br\/n\/uploads\/2022\/01\/ministro-alexandre-de-moraes-STF.jpg\",\"width\":1299,\"height\":872,\"caption\":\"Lei Magnitsky. Foto: Nelson Jr.\/SCO\/STF\"},{\"@type\":\"BreadcrumbList\",\"@id\":\"https:\/\/www.suno.com.br\/noticias\/bolsonaro-depoimento-moraes-nega-recurso-agu\/#breadcrumb\",\"itemListElement\":[{\"@type\":\"ListItem\",\"position\":1,\"name\":\"Not\u00edcias\",\"item\":\"https:\/\/www.suno.com.br\/noticias\/\"},{\"@type\":\"ListItem\",\"position\":2,\"name\":\"Pol\u00edtica\",\"item\":\"https:\/\/www.suno.com.br\/noticias\/politica\/\"},{\"@type\":\"ListItem\",\"position\":3,\"name\":\"Moraes nega recurso da AGU e mant\u00e9m depoimento de Bolsonaro \u00e0 PF\"}]},{\"@type\":\"WebSite\",\"@id\":\"https:\/\/www.suno.com.br\/noticias\/#website\",\"url\":\"https:\/\/www.suno.com.br\/noticias\/\",\"name\":\"Suno Not\u00edcias\",\"description\":\"Seu portal de informa\u00e7\u00e3o sobre o mundo dos investimentos\",\"publisher\":{\"@id\":\"https:\/\/www.suno.com.br\/noticias\/#organization\"},\"potentialAction\":[{\"@type\":\"SearchAction\",\"target\":{\"@type\":\"EntryPoint\",\"urlTemplate\":\"https:\/\/www.suno.com.br\/noticias\/?s={search_term_string}\"},\"query-input\":{\"@type\":\"PropertyValueSpecification\",\"valueRequired\":true,\"valueName\":\"search_term_string\"}}],\"inLanguage\":\"pt-BR\"},{\"@type\":\"Organization\",\"@id\":\"https:\/\/www.suno.com.br\/noticias\/#organization\",\"name\":\"Suno Not\u00edcias\",\"url\":\"https:\/\/www.suno.com.br\/noticias\/\",\"logo\":{\"@type\":\"ImageObject\",\"inLanguage\":\"pt-BR\",\"@id\":\"https:\/\/www.suno.com.br\/noticias\/#\/schema\/logo\/image\/\",\"url\":\"https:\/\/files.sunoresearch.com.br\/n\/uploads\/2021\/09\/suno-logo.png\",\"contentUrl\":\"https:\/\/files.sunoresearch.com.br\/n\/uploads\/2021\/09\/suno-logo.png\",\"width\":180,\"height\":180,\"caption\":\"Suno Not\u00edcias\"},\"image\":{\"@id\":\"https:\/\/www.suno.com.br\/noticias\/#\/schema\/logo\/image\/\"},\"sameAs\":[\"https:\/\/facebook.com\/sunoresearch\",\"https:\/\/x.com\/sunoresearch\",\"https:\/\/www.instagram.com\/suno\",\"https:\/\/www.linkedin.com\/company\/suno-research\/\",\"https:\/\/www.youtube.com\/c\/sunoresearch\"]},{\"@type\":\"Person\",\"@id\":\"https:\/\/www.suno.com.br\/noticias\/#\/schema\/person\/829bbe8d57f84333b966b96229c6bf5f\",\"name\":\"Marco Ant\u00f4nio Lopes\",\"image\":{\"@type\":\"ImageObject\",\"inLanguage\":\"pt-BR\",\"@id\":\"https:\/\/www.suno.com.br\/noticias\/#\/schema\/person\/image\/\",\"url\":\"https:\/\/secure.gravatar.com\/avatar\/385167b012fbc1cde32c5446ee253313?s=96&r=g\",\"contentUrl\":\"https:\/\/secure.gravatar.com\/avatar\/385167b012fbc1cde32c5446ee253313?s=96&r=g\",\"caption\":\"Marco Ant\u00f4nio Lopes\"},\"description\":\"Jornalista, \u00e9 editor no Suno Not\u00edcias. Trabalhou nas revistas Playboy, Super, Veja Comer &amp; Beber, Homem Vogue e Universo Masculino, al\u00e9m dos portais Abril.com, R7, nas editorias de Home, Esportes, Hora 7, Entretenimento e Geral, e Eu Quero Investir. Autor do livro Bruce Lee: Definitivo (Editora Conrad). Colaborou nas revistas Nova, Veja SP, Grandes Guerras, Placar, Bizz, Casa Claudia e Quatro Rodas.\",\"url\":\"https:\/\/www.suno.com.br\/noticias\/author\/marco-lopes\/\"}]}<\/script>\n<!-- \/ Yoast SEO plugin. -->","yoast_head_json":{"title":"Moraes nega recurso da AGU e mant\u00e9m depoimento de Bolsonaro \u00e0 PF","description":"O ministro do STF Alexandre de Moraes negou recurso da AGU contra sua decis\u00e3o que determinou o depoimento de Bolsonaro","robots":{"index":"index","follow":"follow","max-snippet":"max-snippet:-1","max-image-preview":"max-image-preview:large","max-video-preview":"max-video-preview:-1"},"canonical":"https:\/\/www.suno.com.br\/noticias\/bolsonaro-depoimento-moraes-nega-recurso-agu\/","og_locale":"pt_BR","og_type":"article","og_title":"Moraes nega recurso da AGU e mant\u00e9m depoimento de Bolsonaro \u00e0 PF","og_description":"O ministro do STF Alexandre de Moraes negou recurso da AGU contra sua decis\u00e3o que determinou o depoimento de Bolsonaro","og_url":"https:\/\/www.suno.com.br\/noticias\/bolsonaro-depoimento-moraes-nega-recurso-agu\/","og_site_name":"Suno Not\u00edcias","article_publisher":"https:\/\/facebook.com\/sunoresearch","og_image":[{"width":1299,"height":872,"url":"https:\/\/files.sunoresearch.com.br\/n\/uploads\/2022\/01\/ministro-alexandre-de-moraes-STF.jpg","type":"image\/jpeg"}],"author":"Marco Ant\u00f4nio Lopes","twitter_card":"summary_large_image","twitter_creator":"@sunoresearch","twitter_site":"@sunoresearch","twitter_misc":{"Escrito por":"Marco Ant\u00f4nio Lopes","Est. tempo de leitura":"4 minutos"},"schema":{"@context":"https:\/\/schema.org","@graph":[{"@type":"NewsArticle","@id":"https:\/\/www.suno.com.br\/noticias\/bolsonaro-depoimento-moraes-nega-recurso-agu\/#article","isPartOf":{"@id":"https:\/\/www.suno.com.br\/noticias\/bolsonaro-depoimento-moraes-nega-recurso-agu\/"},"author":{"name":"Marco Ant\u00f4nio Lopes","@id":"https:\/\/www.suno.com.br\/noticias\/#\/schema\/person\/829bbe8d57f84333b966b96229c6bf5f"},"headline":"Moraes nega recurso da AGU e mant\u00e9m depoimento de Bolsonaro \u00e0 PF","datePublished":"2022-01-28T20:30:46+00:00","dateModified":"2022-01-28T20:56:50+00:00","mainEntityOfPage":{"@id":"https:\/\/www.suno.com.br\/noticias\/bolsonaro-depoimento-moraes-nega-recurso-agu\/"},"wordCount":872,"publisher":{"@id":"https:\/\/www.suno.com.br\/noticias\/#organization"},"image":{"@id":"https:\/\/www.suno.com.br\/noticias\/bolsonaro-depoimento-moraes-nega-recurso-agu\/#primaryimage"},"thumbnailUrl":"https:\/\/files.sunoresearch.com.br\/n\/uploads\/2022\/01\/ministro-alexandre-de-moraes-STF.jpg","keywords":["Jair Bolsonaro","Supremo Tribunal Federal (STF)"],"articleSection":["Pol\u00edtica"],"inLanguage":"pt-BR"},{"@type":"WebPage","@id":"https:\/\/www.suno.com.br\/noticias\/bolsonaro-depoimento-moraes-nega-recurso-agu\/","url":"https:\/\/www.suno.com.br\/noticias\/bolsonaro-depoimento-moraes-nega-recurso-agu\/","name":"Moraes nega recurso da AGU e mant\u00e9m depoimento de Bolsonaro \u00e0 PF","isPartOf":{"@id":"https:\/\/www.suno.com.br\/noticias\/#website"},"primaryImageOfPage":{"@id":"https:\/\/www.suno.com.br\/noticias\/bolsonaro-depoimento-moraes-nega-recurso-agu\/#primaryimage"},"image":{"@id":"https:\/\/www.suno.com.br\/noticias\/bolsonaro-depoimento-moraes-nega-recurso-agu\/#primaryimage"},"thumbnailUrl":"https:\/\/files.sunoresearch.com.br\/n\/uploads\/2022\/01\/ministro-alexandre-de-moraes-STF.jpg","datePublished":"2022-01-28T20:30:46+00:00","dateModified":"2022-01-28T20:56:50+00:00","description":"O ministro do STF Alexandre de Moraes negou recurso da AGU contra sua decis\u00e3o que determinou o depoimento de Bolsonaro","breadcrumb":{"@id":"https:\/\/www.suno.com.br\/noticias\/bolsonaro-depoimento-moraes-nega-recurso-agu\/#breadcrumb"},"inLanguage":"pt-BR","potentialAction":[{"@type":"ReadAction","target":["https:\/\/www.suno.com.br\/noticias\/bolsonaro-depoimento-moraes-nega-recurso-agu\/"]}]},{"@type":"ImageObject","inLanguage":"pt-BR","@id":"https:\/\/www.suno.com.br\/noticias\/bolsonaro-depoimento-moraes-nega-recurso-agu\/#primaryimage","url":"https:\/\/files.sunoresearch.com.br\/n\/uploads\/2022\/01\/ministro-alexandre-de-moraes-STF.jpg","contentUrl":"https:\/\/files.sunoresearch.com.br\/n\/uploads\/2022\/01\/ministro-alexandre-de-moraes-STF.jpg","width":1299,"height":872,"caption":"Lei Magnitsky. Foto: Nelson Jr.\/SCO\/STF"},{"@type":"BreadcrumbList","@id":"https:\/\/www.suno.com.br\/noticias\/bolsonaro-depoimento-moraes-nega-recurso-agu\/#breadcrumb","itemListElement":[{"@type":"ListItem","position":1,"name":"Not\u00edcias","item":"https:\/\/www.suno.com.br\/noticias\/"},{"@type":"ListItem","position":2,"name":"Pol\u00edtica","item":"https:\/\/www.suno.com.br\/noticias\/politica\/"},{"@type":"ListItem","position":3,"name":"Moraes nega recurso da AGU e mant\u00e9m depoimento de Bolsonaro \u00e0 PF"}]},{"@type":"WebSite","@id":"https:\/\/www.suno.com.br\/noticias\/#website","url":"https:\/\/www.suno.com.br\/noticias\/","name":"Suno Not\u00edcias","description":"Seu portal de informa\u00e7\u00e3o sobre o mundo dos investimentos","publisher":{"@id":"https:\/\/www.suno.com.br\/noticias\/#organization"},"potentialAction":[{"@type":"SearchAction","target":{"@type":"EntryPoint","urlTemplate":"https:\/\/www.suno.com.br\/noticias\/?s={search_term_string}"},"query-input":{"@type":"PropertyValueSpecification","valueRequired":true,"valueName":"search_term_string"}}],"inLanguage":"pt-BR"},{"@type":"Organization","@id":"https:\/\/www.suno.com.br\/noticias\/#organization","name":"Suno Not\u00edcias","url":"https:\/\/www.suno.com.br\/noticias\/","logo":{"@type":"ImageObject","inLanguage":"pt-BR","@id":"https:\/\/www.suno.com.br\/noticias\/#\/schema\/logo\/image\/","url":"https:\/\/files.sunoresearch.com.br\/n\/uploads\/2021\/09\/suno-logo.png","contentUrl":"https:\/\/files.sunoresearch.com.br\/n\/uploads\/2021\/09\/suno-logo.png","width":180,"height":180,"caption":"Suno Not\u00edcias"},"image":{"@id":"https:\/\/www.suno.com.br\/noticias\/#\/schema\/logo\/image\/"},"sameAs":["https:\/\/facebook.com\/sunoresearch","https:\/\/x.com\/sunoresearch","https:\/\/www.instagram.com\/suno","https:\/\/www.linkedin.com\/company\/suno-research\/","https:\/\/www.youtube.com\/c\/sunoresearch"]},{"@type":"Person","@id":"https:\/\/www.suno.com.br\/noticias\/#\/schema\/person\/829bbe8d57f84333b966b96229c6bf5f","name":"Marco Ant\u00f4nio Lopes","image":{"@type":"ImageObject","inLanguage":"pt-BR","@id":"https:\/\/www.suno.com.br\/noticias\/#\/schema\/person\/image\/","url":"https:\/\/secure.gravatar.com\/avatar\/385167b012fbc1cde32c5446ee253313?s=96&r=g","contentUrl":"https:\/\/secure.gravatar.com\/avatar\/385167b012fbc1cde32c5446ee253313?s=96&r=g","caption":"Marco Ant\u00f4nio Lopes"},"description":"Jornalista, \u00e9 editor no Suno Not\u00edcias. Trabalhou nas revistas Playboy, Super, Veja Comer &amp; Beber, Homem Vogue e Universo Masculino, al\u00e9m dos portais Abril.com, R7, nas editorias de Home, Esportes, Hora 7, Entretenimento e Geral, e Eu Quero Investir. Autor do livro Bruce Lee: Definitivo (Editora Conrad). Colaborou nas revistas Nova, Veja SP, Grandes Guerras, Placar, Bizz, Casa Claudia e Quatro Rodas.","url":"https:\/\/www.suno.com.br\/noticias\/author\/marco-lopes\/"}]}},"default_loop_html":"<div class=\"cardsPage__listCard__boxs\"><div class=\"cardsPage__listCard__boxs__img\"><a href=\"https:\/\/www.suno.com.br\/noticias\/bolsonaro-depoimento-moraes-nega-recurso-agu\/\"><img class=\"mask\" src=\"https:\/\/www.suno.com.br\/noticias\/wp-content\/themes\/suno\/resources\/images\/spotlight\/spotlight1img\/bg-mask.png\" alt=\"Image Mask\"\/><img src=\"https:\/\/files.sunoresearch.com.br\/n\/uploads\/2022\/01\/ministro-alexandre-de-moraes-STF-400x200.jpg\" alt=\"Moraes nega recurso da AGU e mant\u00e9m depoimento de Bolsonaro \u00e0 PF\"\/><\/a><span class=\"spotlightCategory\"><a href=\"https:\/\/www.suno.com.br\/noticias\/politica\/\">Pol\u00edtica<\/a><\/span><\/div><div class=\"cardsPage__listCard__boxs__content\"><a href=\"https:\/\/www.suno.com.br\/noticias\/bolsonaro-depoimento-moraes-nega-recurso-agu\/\"><h2 class=\"content__title\">Moraes nega recurso da AGU e mant\u00e9m depoimento de Bolsonaro \u00e0 PF<\/h2><\/a><div class=\"newsContent__article__meta\"><div class=\"newsContent__article__meta__authorBox\"><a href=\"https:\/\/www.suno.com.br\/noticias\/author\/marco-lopes\/\" class=\"authorBox__avatar noMobi\"><img src=\"https:\/\/secure.gravatar.com\/avatar\/385167b012fbc1cde32c5446ee253313?s=96&#038;r=g\" alt=\"Marco Ant\u00f4nio Lopes\"><\/a><div class=\"authorBox__name\"><span>por\n\t\t\t<a href=\"https:\/\/www.suno.com.br\/noticias\/author\/marco-lopes\/\"><span itemprop=\"author\">Marco Ant\u00f4nio Lopes<\/span><\/a><\/span><time datetime=\"2022-01-28T17:30:46-03:00\" itemprop=\"datePublished\">28\/01\/2022 17:30<\/time><\/div><\/div><\/div><\/div><\/div>","single_layout":"posts","amp_enabled":true,"_links":{"self":[{"href":"https:\/\/www.suno.com.br\/noticias\/wp-json\/wp\/v2\/posts\/226726"}],"collection":[{"href":"https:\/\/www.suno.com.br\/noticias\/wp-json\/wp\/v2\/posts"}],"about":[{"href":"https:\/\/www.suno.com.br\/noticias\/wp-json\/wp\/v2\/types\/post"}],"author":[{"embeddable":true,"href":"https:\/\/www.suno.com.br\/noticias\/wp-json\/wp\/v2\/users\/98"}],"replies":[{"embeddable":true,"href":"https:\/\/www.suno.com.br\/noticias\/wp-json\/wp\/v2\/comments?post=226726"}],"version-history":[{"count":1,"href":"https:\/\/www.suno.com.br\/noticias\/wp-json\/wp\/v2\/posts\/226726\/revisions"}],"predecessor-version":[{"id":226733,"href":"https:\/\/www.suno.com.br\/noticias\/wp-json\/wp\/v2\/posts\/226726\/revisions\/226733"}],"wp:featuredmedia":[{"embeddable":true,"href":"https:\/\/www.suno.com.br\/noticias\/wp-json\/wp\/v2\/media\/226732"}],"wp:attachment":[{"href":"https:\/\/www.suno.com.br\/noticias\/wp-json\/wp\/v2\/media?parent=226726"}],"wp:term":[{"taxonomy":"category","embeddable":true,"href":"https:\/\/www.suno.com.br\/noticias\/wp-json\/wp\/v2\/categories?post=226726"},{"taxonomy":"post_tag","embeddable":true,"href":"https:\/\/www.suno.com.br\/noticias\/wp-json\/wp\/v2\/tags?post=226726"},{"taxonomy":"suno_strategy","embeddable":true,"href":"https:\/\/www.suno.com.br\/noticias\/wp-json\/wp\/v2\/suno_strategy?post=226726"}],"curies":[{"name":"wp","href":"https:\/\/api.w.org\/{rel}","templated":true}]}}