{"id":22670,"date":"2019-04-29T15:37:48","date_gmt":"2019-04-29T18:37:48","guid":{"rendered":"https:\/\/www.suno.com.br\/noticias\/?p=22670"},"modified":"2019-04-29T15:44:14","modified_gmt":"2019-04-29T18:44:14","slug":"gol-processo-reajuste-precos-smiles","status":"publish","type":"post","link":"https:\/\/www.suno.com.br\/noticias\/gol-processo-reajuste-precos-smiles\/","title":{"rendered":"Gol inicia mudan\u00e7a de pre\u00e7os de passagens e milhas com Smiles"},"content":{"rendered":"<p>A Gol deu in\u00edcio ao processo de reajuste de pre\u00e7os de passagens e milhas com a Smiles. A informa\u00e7\u00e3o foi divulgada nesta segunda-feira (29) pela empresa de redes de fidelidade de clientes.<\/p>\t<div class=\"wrapper-featured-image\">\n\t\t<figure class=\"spotlightImg\">\n\n\t\t\t<picture>\n\t\t\t\t<source media=\"(max-width: 768px)\" srcset=\"https:\/\/files.sunoresearch.com.br\/n\/uploads\/2019\/03\/ca63985b-aeroportos-400x200.webp\">\n\t\t\t\t<img loading=\"lazy\" decoding=\"async\" class=\"newsContent__article__imgCapa lazyloadDisabled newsContent__article__imgCapa--noCaption\" src=\"https:\/\/files.sunoresearch.com.br\/n\/uploads\/2019\/03\/ca63985b-aeroportos-800x450.webp\" width=\"800\" height=\"450\" alt=\"Gol inicia mudan\u00e7a de pre\u00e7os de passagens e milhas com Smiles\" fetchpriority=high \/>\n\t\t\t<\/picture>\n\n\t\t\t<figcaption class=\"wp-caption-text wp-caption-text--hide\">Foto: Jos\u00e9 Cruz\/Ag\u00eancia Brasil<\/figcaption>\n\t\t<\/figure>\n\t<\/div>\n\n\n<p>Em comunicado, a <strong>Smiles<\/strong> informou que os termos do reajuste seguir\u00e1 as condi\u00e7\u00f5es estabelecidas em contrato firmado entre a <strong>Gol<\/strong> e a empresa. A validade do acordo vai at\u00e9 2032.<\/p>\n<p><a href=\"https:\/\/www.suno.com.br\/noticias\/gol-rever-plano-incorporacao-smiles\/\">Saiba mais:\u00a0Gol decide rever plano de incorpora\u00e7\u00e3o com a Smiles<\/a><\/p>\n<p>&#8220;Ap\u00f3s o novo pre\u00e7o das passagens padr\u00e3o e das milhas ser calculado nos termos do referido contrato, tais <strong>reajuste<\/strong>s ser\u00e3o submetidos \u00e0 aprova\u00e7\u00e3o do comit\u00ea independente e do conselho de administra\u00e7\u00e3o da <strong>Smiles<\/strong>&#8220;, afirmou a empresa.<\/p>\n<p>Al\u00e9m disso, o diretor-presidente da <strong>Smiles<\/strong>, Leonel Dias de Andrade Neto, disse que o contrato prev\u00ea reajuste anual, que ocorre em dezembro. Por\u00e9m, o executivo afirmou que n\u00e3o descarta que seja requisitado uma mudan\u00e7a dos pre\u00e7os no meio do ano.<\/p>\n\t<p>\n\t\t<a href=\"https:\/\/lp.suno.com.br\/cl\/impacto-tarifas-trump\/?utm_source=sunoresearch&#038;utm_medium=banner.noticias&#038;utm_campaign=_SNC903E88AA_\" target=\"_blank\" data-element=\"shortcode-suno-banner\" title=\"Banner SUNO, clique e saiba mais\">\n\t\t\t<picture>\n\t\t\t\t<source media=\"(max-width: 500px)\" srcset=\"https:\/\/files.sunoresearch.com.br\/n\/uploads\/2025\/07\/trump-mobile.webp\">\n\t\t\t\t<img class=\"newsContent__article__imgCapa newsContent__article__imgCapa--banner\"\n\t\t\t\t\tsrc=\"https:\/\/files.sunoresearch.com.br\/n\/uploads\/2025\/07\/trump-banner-desktop.webp\"\n\t\t\t\t\tdata-promo-id=\"613126\"\t\t\t\t\t\t\t\t\t\twidth='1000' height='325'\t\t\t\t\talt=\"https:\/\/files.sunoresearch.com.br\/n\/uploads\/2025\/07\/trump-banner-desktop.webp\"\n\t\t\t\t>\n\t\t\t<\/picture>\n\t\t<\/a>\n\t<\/p>\n\n\n<p>&#8220;Se e quando recebermos, daremos prosseguimento de forma transparente ao assunto&#8221;, afirmou o executivo.<\/p>\n<p>A <strong>Gol<\/strong> n\u00e3o comentou a decis\u00e3o. Em dezembro do ano passado, a companhia aprovou reajuste de 17,1% no pre\u00e7o de passagens vendidas \u00e0 <strong>Smiles<\/strong>. No caso de milhas vendidas pela <strong>Smiles<\/strong> \u00e0 a\u00e9rea, o reajuste foi de 16,6%.<\/p>\n<p><a href=\"https:\/\/www.suno.com.br\/noticias\/gol-reorganizacao-societaria-smiles\/\">Saiba mais:\u00a0Gol far\u00e1 reorganiza\u00e7\u00e3o societ\u00e1ria e mudan\u00e7as no acordo com a Smiles<\/a><\/p>\n<h2>Gol e Smiles<\/h2>\n<p>A <strong>Gol<\/strong> vai revisar o plano de incorpora\u00e7\u00e3o da companhia de redes de fidelidade de clientes <strong>Smile<\/strong>s.<\/p>\n<p>A proposta inicial, que indicava a migra\u00e7\u00e3o da Gol para o <a href=\"https:\/\/www.suno.com.br\/artigos\/novo-mercado\/\"><strong>Novo Mercado<\/strong><\/a> foi rejeitada por uma comiss\u00e3o da <strong>B3<\/strong>. Al\u00e9m disso, o governo eliminou limites para investimento estrangeiro no setor.<\/p>\n<p><a href=\"https:\/\/www.suno.com.br\/noticias\/gol-reorganizacao-societaria-smiles\/\">Saiba Mais:\u00a0Gol far\u00e1 reorganiza\u00e7\u00e3o societ\u00e1ria e mudan\u00e7as no acordo com a Smiles<\/a><\/p>\n<p>De acordo com a companhia a\u00e9rea, a<strong> Comiss\u00e3o de Listagem da C\u00e2mara Consultiva de Emissores e Estruturadores de Oferta<\/strong>s da B3 n\u00e3o admitiu a migra\u00e7\u00e3o da Gol para o Novo Mercado.<\/p>\n\t<p>\n\t\t<a href=\"https:\/\/lp.suno.com.br\/asset\/suno-fundo-de-fundos-snff11\/\" target=\"_blank\" data-element=\"shortcode-suno-banner\" title=\"Banner SUNO, clique e saiba mais\">\n\t\t\t<picture>\n\t\t\t\t<source media=\"(max-width: 500px)\" srcset=\"https:\/\/files.sunoresearch.com.br\/n\/uploads\/2024\/01\/400x300-Mobile-Artigos-3-SNFF-AO.png\">\n\t\t\t\t<img class=\"newsContent__article__imgCapa newsContent__article__imgCapa--banner\"\n\t\t\t\t\tsrc=\"https:\/\/files.sunoresearch.com.br\/n\/uploads\/2024\/01\/1420x240-Banner-Artigos-1-_-Banner-Materias-1-SNFF-AO.png\"\n\t\t\t\t\tdata-promo-id=\"364418\"\t\t\t\t\t\t\t\t\t\twidth='1420' height='240'\t\t\t\t\talt=\"https:\/\/files.sunoresearch.com.br\/n\/uploads\/2024\/01\/1420x240-Banner-Artigos-1-_-Banner-Materias-1-SNFF-AO.png\"\n\t\t\t\t>\n\t\t\t<\/picture>\n\t\t<\/a>\n\t<\/p>\n\n\n<p>Isso porque com a nova estrutura proposta pelo grupo, a <strong>Smiles<\/strong> iria ficar sob uma sociedade an\u00f4nima fechada. Desta forma, os acionistas da empresa n\u00e3o teriam nenhum direito pol\u00edtico sobre a Smiles. Ap\u00f3s a restri\u00e7\u00e3o, a companhia afirmou que vai analisar novas op\u00e7\u00f5es, tendo em vista o atual cen\u00e1rio do setor <strong>a\u00e9reo nacional<\/strong>.<\/p>\n","protected":false},"excerpt":{"rendered":"<p>A Gol deu in\u00edcio ao processo de reajuste de pre\u00e7os de passagens e milhas com a Smiles. A informa\u00e7\u00e3o foi divulgada nesta segunda-feira (29) pela empresa de redes de fidelidade de clientes. Foto: Jos\u00e9 Cruz\/Ag\u00eancia Brasil Em comunicado, a Smiles informou que os termos do reajuste seguir\u00e1 as condi\u00e7\u00f5es estabelecidas em contrato firmado entre a [&hellip;]<\/p>\n","protected":false},"author":14,"featured_media":18291,"comment_status":"closed","ping_status":"closed","sticky":false,"template":"","format":"standard","meta":[],"categories":[64],"tags":[489,637],"suno_strategy":[],"class_list":["post-22670","post","type-post","status-publish","format-standard","has-post-thumbnail","hentry","category-negocios","tag-gol-linhas-aereas-goll11-goll4","tag-smiles-smls3"],"yoast_head":"<!-- This site is optimized with the Yoast SEO plugin v24.4 - https:\/\/yoast.com\/wordpress\/plugins\/seo\/ -->\n<title>Gol inicia mudan\u00e7a de pre\u00e7os de passagens e milhas com Smiles<\/title>\n<meta name=\"description\" content=\"A Smiles informou que os termos do reajuste seguir\u00e1 as condi\u00e7\u00f5es estabelecidas em contrato firmado com a Gol. Clique para saber mais.\" \/>\n<meta name=\"robots\" content=\"index, follow, max-snippet:-1, max-image-preview:large, max-video-preview:-1\" \/>\n<link rel=\"canonical\" href=\"https:\/\/www.suno.com.br\/noticias\/gol-processo-reajuste-precos-smiles\/\" \/>\n<meta property=\"og:locale\" content=\"pt_BR\" \/>\n<meta property=\"og:type\" content=\"article\" \/>\n<meta property=\"og:title\" content=\"Gol inicia mudan\u00e7a de pre\u00e7os de passagens e milhas com Smiles\" \/>\n<meta property=\"og:description\" content=\"A Smiles informou que os termos do reajuste seguir\u00e1 as condi\u00e7\u00f5es estabelecidas em contrato firmado com a Gol. Clique para saber mais.\" \/>\n<meta property=\"og:url\" content=\"https:\/\/www.suno.com.br\/noticias\/gol-processo-reajuste-precos-smiles\/\" \/>\n<meta property=\"og:site_name\" content=\"Suno Not\u00edcias\" \/>\n<meta property=\"article:publisher\" content=\"https:\/\/facebook.com\/sunoresearch\" \/>\n<meta property=\"og:image\" content=\"https:\/\/files.sunoresearch.com.br\/n\/uploads\/2019\/03\/ca63985b-aeroportos.jpg\" \/>\n\t<meta property=\"og:image:width\" content=\"4073\" \/>\n\t<meta property=\"og:image:height\" content=\"2832\" \/>\n\t<meta property=\"og:image:type\" content=\"image\/jpeg\" \/>\n<meta name=\"author\" content=\"Renan Dantas\" \/>\n<meta name=\"twitter:card\" content=\"summary_large_image\" \/>\n<meta name=\"twitter:creator\" content=\"@sunoresearch\" \/>\n<meta name=\"twitter:site\" content=\"@sunoresearch\" \/>\n<meta name=\"twitter:label1\" content=\"Escrito por\" \/>\n\t<meta name=\"twitter:data1\" content=\"Renan Dantas\" \/>\n\t<meta name=\"twitter:label2\" content=\"Est. tempo de leitura\" \/>\n\t<meta name=\"twitter:data2\" content=\"2 minutos\" \/>\n<script type=\"application\/ld+json\" class=\"yoast-schema-graph\">{\"@context\":\"https:\/\/schema.org\",\"@graph\":[{\"@type\":\"NewsArticle\",\"@id\":\"https:\/\/www.suno.com.br\/noticias\/gol-processo-reajuste-precos-smiles\/#article\",\"isPartOf\":{\"@id\":\"https:\/\/www.suno.com.br\/noticias\/gol-processo-reajuste-precos-smiles\/\"},\"author\":{\"name\":\"Renan Dantas\",\"@id\":\"https:\/\/www.suno.com.br\/noticias\/#\/schema\/person\/3f7693d5795a3f6d5ce15309ee785699\"},\"headline\":\"Gol inicia mudan\u00e7a de pre\u00e7os de passagens e milhas com Smiles\",\"datePublished\":\"2019-04-29T18:37:48+00:00\",\"dateModified\":\"2019-04-29T18:44:14+00:00\",\"mainEntityOfPage\":{\"@id\":\"https:\/\/www.suno.com.br\/noticias\/gol-processo-reajuste-precos-smiles\/\"},\"wordCount\":417,\"publisher\":{\"@id\":\"https:\/\/www.suno.com.br\/noticias\/#organization\"},\"image\":{\"@id\":\"https:\/\/www.suno.com.br\/noticias\/gol-processo-reajuste-precos-smiles\/#primaryimage\"},\"thumbnailUrl\":\"https:\/\/files.sunoresearch.com.br\/n\/uploads\/2019\/03\/ca63985b-aeroportos-scaled.webp\",\"keywords\":[\"Gol Linhas A\u00e9reas (GOLL11\/GOLL4)\",\"Smiles (SMLS3)\"],\"articleSection\":[\"Neg\u00f3cios\"],\"inLanguage\":\"pt-BR\"},{\"@type\":\"WebPage\",\"@id\":\"https:\/\/www.suno.com.br\/noticias\/gol-processo-reajuste-precos-smiles\/\",\"url\":\"https:\/\/www.suno.com.br\/noticias\/gol-processo-reajuste-precos-smiles\/\",\"name\":\"Gol inicia mudan\u00e7a de pre\u00e7os de passagens e milhas com Smiles\",\"isPartOf\":{\"@id\":\"https:\/\/www.suno.com.br\/noticias\/#website\"},\"primaryImageOfPage\":{\"@id\":\"https:\/\/www.suno.com.br\/noticias\/gol-processo-reajuste-precos-smiles\/#primaryimage\"},\"image\":{\"@id\":\"https:\/\/www.suno.com.br\/noticias\/gol-processo-reajuste-precos-smiles\/#primaryimage\"},\"thumbnailUrl\":\"https:\/\/files.sunoresearch.com.br\/n\/uploads\/2019\/03\/ca63985b-aeroportos-scaled.webp\",\"datePublished\":\"2019-04-29T18:37:48+00:00\",\"dateModified\":\"2019-04-29T18:44:14+00:00\",\"description\":\"A Smiles informou que os termos do reajuste seguir\u00e1 as condi\u00e7\u00f5es estabelecidas em contrato firmado com a Gol. Clique para saber mais.\",\"breadcrumb\":{\"@id\":\"https:\/\/www.suno.com.br\/noticias\/gol-processo-reajuste-precos-smiles\/#breadcrumb\"},\"inLanguage\":\"pt-BR\",\"potentialAction\":[{\"@type\":\"ReadAction\",\"target\":[\"https:\/\/www.suno.com.br\/noticias\/gol-processo-reajuste-precos-smiles\/\"]}]},{\"@type\":\"ImageObject\",\"inLanguage\":\"pt-BR\",\"@id\":\"https:\/\/www.suno.com.br\/noticias\/gol-processo-reajuste-precos-smiles\/#primaryimage\",\"url\":\"https:\/\/files.sunoresearch.com.br\/n\/uploads\/2019\/03\/ca63985b-aeroportos-scaled.webp\",\"contentUrl\":\"https:\/\/files.sunoresearch.com.br\/n\/uploads\/2019\/03\/ca63985b-aeroportos-scaled.webp\",\"width\":2560,\"height\":1780,\"caption\":\"Foto: Jos\u00e9 Cruz\/Ag\u00eancia Brasil\"},{\"@type\":\"BreadcrumbList\",\"@id\":\"https:\/\/www.suno.com.br\/noticias\/gol-processo-reajuste-precos-smiles\/#breadcrumb\",\"itemListElement\":[{\"@type\":\"ListItem\",\"position\":1,\"name\":\"Not\u00edcias\",\"item\":\"https:\/\/www.suno.com.br\/noticias\/\"},{\"@type\":\"ListItem\",\"position\":2,\"name\":\"Neg\u00f3cios\",\"item\":\"https:\/\/www.suno.com.br\/noticias\/negocios\/\"},{\"@type\":\"ListItem\",\"position\":3,\"name\":\"Gol inicia mudan\u00e7a de pre\u00e7os de passagens e milhas com Smiles\"}]},{\"@type\":\"WebSite\",\"@id\":\"https:\/\/www.suno.com.br\/noticias\/#website\",\"url\":\"https:\/\/www.suno.com.br\/noticias\/\",\"name\":\"Suno Not\u00edcias\",\"description\":\"Seu portal de informa\u00e7\u00e3o sobre o mundo dos investimentos\",\"publisher\":{\"@id\":\"https:\/\/www.suno.com.br\/noticias\/#organization\"},\"potentialAction\":[{\"@type\":\"SearchAction\",\"target\":{\"@type\":\"EntryPoint\",\"urlTemplate\":\"https:\/\/www.suno.com.br\/noticias\/?s={search_term_string}\"},\"query-input\":{\"@type\":\"PropertyValueSpecification\",\"valueRequired\":true,\"valueName\":\"search_term_string\"}}],\"inLanguage\":\"pt-BR\"},{\"@type\":\"Organization\",\"@id\":\"https:\/\/www.suno.com.br\/noticias\/#organization\",\"name\":\"Suno Not\u00edcias\",\"url\":\"https:\/\/www.suno.com.br\/noticias\/\",\"logo\":{\"@type\":\"ImageObject\",\"inLanguage\":\"pt-BR\",\"@id\":\"https:\/\/www.suno.com.br\/noticias\/#\/schema\/logo\/image\/\",\"url\":\"https:\/\/files.sunoresearch.com.br\/n\/uploads\/2021\/09\/suno-logo.png\",\"contentUrl\":\"https:\/\/files.sunoresearch.com.br\/n\/uploads\/2021\/09\/suno-logo.png\",\"width\":180,\"height\":180,\"caption\":\"Suno Not\u00edcias\"},\"image\":{\"@id\":\"https:\/\/www.suno.com.br\/noticias\/#\/schema\/logo\/image\/\"},\"sameAs\":[\"https:\/\/facebook.com\/sunoresearch\",\"https:\/\/x.com\/sunoresearch\",\"https:\/\/www.instagram.com\/suno\",\"https:\/\/www.linkedin.com\/company\/suno-research\/\",\"https:\/\/www.youtube.com\/c\/sunoresearch\"]},{\"@type\":\"Person\",\"@id\":\"https:\/\/www.suno.com.br\/noticias\/#\/schema\/person\/3f7693d5795a3f6d5ce15309ee785699\",\"name\":\"Renan Dantas\",\"image\":{\"@type\":\"ImageObject\",\"inLanguage\":\"pt-BR\",\"@id\":\"https:\/\/www.suno.com.br\/noticias\/#\/schema\/person\/image\/\",\"url\":\"https:\/\/secure.gravatar.com\/avatar\/1787b83e7484a08e51d62ac8b41c8396?s=96&r=g\",\"contentUrl\":\"https:\/\/secure.gravatar.com\/avatar\/1787b83e7484a08e51d62ac8b41c8396?s=96&r=g\",\"caption\":\"Renan Dantas\"},\"description\":\"Escreve sobre pol\u00edtica e mercado financeiro para o portal Suno Not\u00edcias. Antes, atuou na assessoria de comunica\u00e7\u00e3o do Minist\u00e9rio P\u00fablico do Trabalho e na R\u00e1dio Mackenzie, onde apresentava e produzia um programa sobre artistas da m\u00fasica brasileira. \u00c9 estudante na Universidade Presbiteriana Mackenzie.\",\"url\":\"https:\/\/www.suno.com.br\/noticias\/author\/renan-dantas\/\"}]}<\/script>\n<!-- \/ Yoast SEO plugin. -->","yoast_head_json":{"title":"Gol inicia mudan\u00e7a de pre\u00e7os de passagens e milhas com Smiles","description":"A Smiles informou que os termos do reajuste seguir\u00e1 as condi\u00e7\u00f5es estabelecidas em contrato firmado com a Gol. Clique para saber mais.","robots":{"index":"index","follow":"follow","max-snippet":"max-snippet:-1","max-image-preview":"max-image-preview:large","max-video-preview":"max-video-preview:-1"},"canonical":"https:\/\/www.suno.com.br\/noticias\/gol-processo-reajuste-precos-smiles\/","og_locale":"pt_BR","og_type":"article","og_title":"Gol inicia mudan\u00e7a de pre\u00e7os de passagens e milhas com Smiles","og_description":"A Smiles informou que os termos do reajuste seguir\u00e1 as condi\u00e7\u00f5es estabelecidas em contrato firmado com a Gol. Clique para saber mais.","og_url":"https:\/\/www.suno.com.br\/noticias\/gol-processo-reajuste-precos-smiles\/","og_site_name":"Suno Not\u00edcias","article_publisher":"https:\/\/facebook.com\/sunoresearch","og_image":[{"width":4073,"height":2832,"url":"https:\/\/files.sunoresearch.com.br\/n\/uploads\/2019\/03\/ca63985b-aeroportos.jpg","type":"image\/jpeg"}],"author":"Renan Dantas","twitter_card":"summary_large_image","twitter_creator":"@sunoresearch","twitter_site":"@sunoresearch","twitter_misc":{"Escrito por":"Renan Dantas","Est. tempo de leitura":"2 minutos"},"schema":{"@context":"https:\/\/schema.org","@graph":[{"@type":"NewsArticle","@id":"https:\/\/www.suno.com.br\/noticias\/gol-processo-reajuste-precos-smiles\/#article","isPartOf":{"@id":"https:\/\/www.suno.com.br\/noticias\/gol-processo-reajuste-precos-smiles\/"},"author":{"name":"Renan Dantas","@id":"https:\/\/www.suno.com.br\/noticias\/#\/schema\/person\/3f7693d5795a3f6d5ce15309ee785699"},"headline":"Gol inicia mudan\u00e7a de pre\u00e7os de passagens e milhas com Smiles","datePublished":"2019-04-29T18:37:48+00:00","dateModified":"2019-04-29T18:44:14+00:00","mainEntityOfPage":{"@id":"https:\/\/www.suno.com.br\/noticias\/gol-processo-reajuste-precos-smiles\/"},"wordCount":417,"publisher":{"@id":"https:\/\/www.suno.com.br\/noticias\/#organization"},"image":{"@id":"https:\/\/www.suno.com.br\/noticias\/gol-processo-reajuste-precos-smiles\/#primaryimage"},"thumbnailUrl":"https:\/\/files.sunoresearch.com.br\/n\/uploads\/2019\/03\/ca63985b-aeroportos-scaled.webp","keywords":["Gol Linhas A\u00e9reas (GOLL11\/GOLL4)","Smiles (SMLS3)"],"articleSection":["Neg\u00f3cios"],"inLanguage":"pt-BR"},{"@type":"WebPage","@id":"https:\/\/www.suno.com.br\/noticias\/gol-processo-reajuste-precos-smiles\/","url":"https:\/\/www.suno.com.br\/noticias\/gol-processo-reajuste-precos-smiles\/","name":"Gol inicia mudan\u00e7a de pre\u00e7os de passagens e milhas com Smiles","isPartOf":{"@id":"https:\/\/www.suno.com.br\/noticias\/#website"},"primaryImageOfPage":{"@id":"https:\/\/www.suno.com.br\/noticias\/gol-processo-reajuste-precos-smiles\/#primaryimage"},"image":{"@id":"https:\/\/www.suno.com.br\/noticias\/gol-processo-reajuste-precos-smiles\/#primaryimage"},"thumbnailUrl":"https:\/\/files.sunoresearch.com.br\/n\/uploads\/2019\/03\/ca63985b-aeroportos-scaled.webp","datePublished":"2019-04-29T18:37:48+00:00","dateModified":"2019-04-29T18:44:14+00:00","description":"A Smiles informou que os termos do reajuste seguir\u00e1 as condi\u00e7\u00f5es estabelecidas em contrato firmado com a Gol. Clique para saber mais.","breadcrumb":{"@id":"https:\/\/www.suno.com.br\/noticias\/gol-processo-reajuste-precos-smiles\/#breadcrumb"},"inLanguage":"pt-BR","potentialAction":[{"@type":"ReadAction","target":["https:\/\/www.suno.com.br\/noticias\/gol-processo-reajuste-precos-smiles\/"]}]},{"@type":"ImageObject","inLanguage":"pt-BR","@id":"https:\/\/www.suno.com.br\/noticias\/gol-processo-reajuste-precos-smiles\/#primaryimage","url":"https:\/\/files.sunoresearch.com.br\/n\/uploads\/2019\/03\/ca63985b-aeroportos-scaled.webp","contentUrl":"https:\/\/files.sunoresearch.com.br\/n\/uploads\/2019\/03\/ca63985b-aeroportos-scaled.webp","width":2560,"height":1780,"caption":"Foto: Jos\u00e9 Cruz\/Ag\u00eancia Brasil"},{"@type":"BreadcrumbList","@id":"https:\/\/www.suno.com.br\/noticias\/gol-processo-reajuste-precos-smiles\/#breadcrumb","itemListElement":[{"@type":"ListItem","position":1,"name":"Not\u00edcias","item":"https:\/\/www.suno.com.br\/noticias\/"},{"@type":"ListItem","position":2,"name":"Neg\u00f3cios","item":"https:\/\/www.suno.com.br\/noticias\/negocios\/"},{"@type":"ListItem","position":3,"name":"Gol inicia mudan\u00e7a de pre\u00e7os de passagens e milhas com Smiles"}]},{"@type":"WebSite","@id":"https:\/\/www.suno.com.br\/noticias\/#website","url":"https:\/\/www.suno.com.br\/noticias\/","name":"Suno Not\u00edcias","description":"Seu portal de informa\u00e7\u00e3o sobre o mundo dos investimentos","publisher":{"@id":"https:\/\/www.suno.com.br\/noticias\/#organization"},"potentialAction":[{"@type":"SearchAction","target":{"@type":"EntryPoint","urlTemplate":"https:\/\/www.suno.com.br\/noticias\/?s={search_term_string}"},"query-input":{"@type":"PropertyValueSpecification","valueRequired":true,"valueName":"search_term_string"}}],"inLanguage":"pt-BR"},{"@type":"Organization","@id":"https:\/\/www.suno.com.br\/noticias\/#organization","name":"Suno Not\u00edcias","url":"https:\/\/www.suno.com.br\/noticias\/","logo":{"@type":"ImageObject","inLanguage":"pt-BR","@id":"https:\/\/www.suno.com.br\/noticias\/#\/schema\/logo\/image\/","url":"https:\/\/files.sunoresearch.com.br\/n\/uploads\/2021\/09\/suno-logo.png","contentUrl":"https:\/\/files.sunoresearch.com.br\/n\/uploads\/2021\/09\/suno-logo.png","width":180,"height":180,"caption":"Suno Not\u00edcias"},"image":{"@id":"https:\/\/www.suno.com.br\/noticias\/#\/schema\/logo\/image\/"},"sameAs":["https:\/\/facebook.com\/sunoresearch","https:\/\/x.com\/sunoresearch","https:\/\/www.instagram.com\/suno","https:\/\/www.linkedin.com\/company\/suno-research\/","https:\/\/www.youtube.com\/c\/sunoresearch"]},{"@type":"Person","@id":"https:\/\/www.suno.com.br\/noticias\/#\/schema\/person\/3f7693d5795a3f6d5ce15309ee785699","name":"Renan Dantas","image":{"@type":"ImageObject","inLanguage":"pt-BR","@id":"https:\/\/www.suno.com.br\/noticias\/#\/schema\/person\/image\/","url":"https:\/\/secure.gravatar.com\/avatar\/1787b83e7484a08e51d62ac8b41c8396?s=96&r=g","contentUrl":"https:\/\/secure.gravatar.com\/avatar\/1787b83e7484a08e51d62ac8b41c8396?s=96&r=g","caption":"Renan Dantas"},"description":"Escreve sobre pol\u00edtica e mercado financeiro para o portal Suno Not\u00edcias. Antes, atuou na assessoria de comunica\u00e7\u00e3o do Minist\u00e9rio P\u00fablico do Trabalho e na R\u00e1dio Mackenzie, onde apresentava e produzia um programa sobre artistas da m\u00fasica brasileira. \u00c9 estudante na Universidade Presbiteriana Mackenzie.","url":"https:\/\/www.suno.com.br\/noticias\/author\/renan-dantas\/"}]}},"default_loop_html":"<div class=\"cardsPage__listCard__boxs\"><div class=\"cardsPage__listCard__boxs__img\"><a href=\"https:\/\/www.suno.com.br\/noticias\/gol-processo-reajuste-precos-smiles\/\"><img class=\"mask\" src=\"https:\/\/www.suno.com.br\/noticias\/wp-content\/themes\/suno\/resources\/images\/spotlight\/spotlight1img\/bg-mask.png\" alt=\"Image Mask\"\/><img src=\"https:\/\/files.sunoresearch.com.br\/n\/uploads\/2019\/03\/ca63985b-aeroportos-400x200.webp\" alt=\"Gol inicia mudan\u00e7a de pre\u00e7os de passagens e milhas com Smiles\"\/><\/a><span class=\"spotlightCategory\"><a href=\"https:\/\/www.suno.com.br\/noticias\/negocios\/\">Neg\u00f3cios<\/a><\/span><\/div><div class=\"cardsPage__listCard__boxs__content\"><a href=\"https:\/\/www.suno.com.br\/noticias\/gol-processo-reajuste-precos-smiles\/\"><h2 class=\"content__title\">Gol inicia mudan\u00e7a de pre\u00e7os de passagens e milhas com Smiles<\/h2><\/a><div class=\"newsContent__article__meta\"><div class=\"newsContent__article__meta__authorBox\"><a href=\"https:\/\/www.suno.com.br\/noticias\/author\/renan-dantas\/\" class=\"authorBox__avatar noMobi\"><img src=\"https:\/\/secure.gravatar.com\/avatar\/1787b83e7484a08e51d62ac8b41c8396?s=96&#038;r=g\" alt=\"Renan Dantas\"><\/a><div class=\"authorBox__name\"><span>por\n\t\t\t<a href=\"https:\/\/www.suno.com.br\/noticias\/author\/renan-dantas\/\"><span itemprop=\"author\">Renan Dantas<\/span><\/a><\/span><time datetime=\"2019-04-29T15:37:48-03:00\" itemprop=\"datePublished\">29\/04\/2019 15:37<\/time><\/div><\/div><\/div><\/div><\/div>","single_layout":"posts","amp_enabled":true,"_links":{"self":[{"href":"https:\/\/www.suno.com.br\/noticias\/wp-json\/wp\/v2\/posts\/22670"}],"collection":[{"href":"https:\/\/www.suno.com.br\/noticias\/wp-json\/wp\/v2\/posts"}],"about":[{"href":"https:\/\/www.suno.com.br\/noticias\/wp-json\/wp\/v2\/types\/post"}],"author":[{"embeddable":true,"href":"https:\/\/www.suno.com.br\/noticias\/wp-json\/wp\/v2\/users\/14"}],"replies":[{"embeddable":true,"href":"https:\/\/www.suno.com.br\/noticias\/wp-json\/wp\/v2\/comments?post=22670"}],"version-history":[{"count":0,"href":"https:\/\/www.suno.com.br\/noticias\/wp-json\/wp\/v2\/posts\/22670\/revisions"}],"wp:featuredmedia":[{"embeddable":true,"href":"https:\/\/www.suno.com.br\/noticias\/wp-json\/wp\/v2\/media\/18291"}],"wp:attachment":[{"href":"https:\/\/www.suno.com.br\/noticias\/wp-json\/wp\/v2\/media?parent=22670"}],"wp:term":[{"taxonomy":"category","embeddable":true,"href":"https:\/\/www.suno.com.br\/noticias\/wp-json\/wp\/v2\/categories?post=22670"},{"taxonomy":"post_tag","embeddable":true,"href":"https:\/\/www.suno.com.br\/noticias\/wp-json\/wp\/v2\/tags?post=22670"},{"taxonomy":"suno_strategy","embeddable":true,"href":"https:\/\/www.suno.com.br\/noticias\/wp-json\/wp\/v2\/suno_strategy?post=22670"}],"curies":[{"name":"wp","href":"https:\/\/api.w.org\/{rel}","templated":true}]}}