{"id":22640,"date":"2019-04-29T12:52:34","date_gmt":"2019-04-29T15:52:34","guid":{"rendered":"https:\/\/www.suno.com.br\/noticias\/?p=22640"},"modified":"2019-04-29T12:52:34","modified_gmt":"2019-04-29T15:52:34","slug":"avianca-operar-aeronaves-voos","status":"publish","type":"post","link":"https:\/\/www.suno.com.br\/noticias\/avianca-operar-aeronaves-voos\/","title":{"rendered":"Avianca vai operar apenas cinco aeronaves e 37 voos nesta semana"},"content":{"rendered":"<p>A partir desta segunda-feira (29) a Avianca Brasil passar\u00e1 a ter quase o mesmo n\u00famero de voos de quando come\u00e7ou a voar regularmente no Brasil.<\/p>\t<div class=\"wrapper-featured-image\">\n\t\t<figure class=\"spotlightImg\">\n\n\t\t\t<picture>\n\t\t\t\t<source media=\"(max-width: 768px)\" srcset=\"https:\/\/files.sunoresearch.com.br\/n\/uploads\/2019\/02\/28473d91-avianca-400x200.webp\">\n\t\t\t\t<img loading=\"lazy\" decoding=\"async\" class=\"newsContent__article__imgCapa lazyloadDisabled newsContent__article__imgCapa--noCaption\" src=\"https:\/\/files.sunoresearch.com.br\/n\/uploads\/2019\/02\/28473d91-avianca-800x450.webp\" width=\"800\" height=\"450\" alt=\"Avianca vai operar apenas cinco aeronaves e 37 voos nesta semana\" fetchpriority=high \/>\n\t\t\t<\/picture>\n\n\t\t\t<figcaption class=\"wp-caption-text wp-caption-text--hide\">STJ nega pedido que impede a redistribui\u00e7\u00e3o de slots da Avianca<\/figcaption>\n\t\t<\/figure>\n\t<\/div>\n\n\n<p>A <strong>Avianca<\/strong> vai operar 37 voos a partir desta semana, enquanto em 2003, ano em que ainda operava sob o nome de <strong>Ocean Air<\/strong> e recebeu autoriza\u00e7\u00e3o da <strong>Ag\u00eancia Nacional de Avia\u00e7\u00e3o Civil (Anac)<\/strong>, a empresa controlava 36 voos di\u00e1rios.<\/p>\n\t<p>\n\t\t<a href=\"https:\/\/lp.suno.com.br\/ebook-como-analisar-uma-acao\/\" target=\"_blank\" data-element=\"shortcode-suno-banner\" title=\"Banner SUNO, clique e saiba mais\">\n\t\t\t<picture>\n\t\t\t\t<source media=\"(max-width: 500px)\" srcset=\"https:\/\/files.sunoresearch.com.br\/n\/uploads\/2023\/03\/Ebook-Acoes-Mobile-1.jpg\">\n\t\t\t\t<img class=\"newsContent__article__imgCapa newsContent__article__imgCapa--banner\"\n\t\t\t\t\tsrc=\"https:\/\/files.sunoresearch.com.br\/n\/uploads\/2023\/03\/Ebook-Acoes-Desktop-1.jpg\"\n\t\t\t\t\tdata-promo-id=\"171998\"\t\t\t\t\t\t\t\t\t\twidth='1420' height='286'\t\t\t\t\talt=\"https:\/\/files.sunoresearch.com.br\/n\/uploads\/2023\/03\/Ebook-Acoes-Desktop-1.jpg\"\n\t\t\t\t>\n\t\t\t<\/picture>\n\t\t<\/a>\n\t<\/p>\n\n\n<h2>Do in\u00edcio ao auge<\/h2>\n<p>Em 2003, com a m\u00e9dia de 36 <strong>voos di\u00e1rios<\/strong> a empresa havia fechado o ano com 0,35% do mercado dom\u00e9sticos, equivalente a 101.377 passageiros. Dessa forma, a empresa era a <strong>11\u00aa companhia a\u00e9rea brasileira<\/strong>, de acordo com os dados da Anac.<\/p>\n<p>Em 2018, 15 anos ap\u00f3s o in\u00edcio, os voos di\u00e1rios subiram para 241, fazendo com que a Avianca passasse a deter 12,39% do mercado ou 11,6 milh\u00f5es de passageiros.<\/p>\n<p>Em 7 de abril deste ano, a empresa ainda possu\u00eda uma m\u00e9dia alta de voos. Com 237 di\u00e1rios, a empresa se mantinha como a quarta maior do mercado dom\u00e9stico desde de 2013.<\/p>\n<p><a href=\"https:\/\/www.suno.com.br\/noticias\/avianca-voos-cancelados\/\">Saiba mais:\u00a0Avianca ter\u00e1 pelo menos 405 voos cancelados na pr\u00f3xima semana<\/a><\/p>\n<h2>A crise<\/h2>\n<p>A empresa est\u00e1 em <strong>recupera\u00e7\u00e3o judicial<\/strong> desde dezembro de 2018 e devido a falta de pagamento est\u00e1 sendo judicialmente obrigada a devolver seus avi\u00f5es.<\/p>\n<p>Como reflexo da entrega dos <strong>avi\u00f5es<\/strong> \u00e0s empresas de leasings, a empresa passar\u00e1 a operar cinco avi\u00f5es nesta semana, de acordo com o banco &#8220;UBS&#8221;. A frota da companhia a\u00e9rea j\u00e1 chegou a 40 aeronaves em 2018.<\/p>\n<p>Al\u00e9m disso, entre est\u00e1 segunda e a quinta (2), foram confirmados o cancelamento de mais de 800 voos, por conta da diminui\u00e7\u00e3o da frota.<\/p>\n<p>A partir desta segunda, a empresa passar\u00e1 a realizar pousos e decolagens de apenas quatro aeroportos, sendo eles:<\/p>\n<ul>\n<li><strong>Bras\u00edlia<\/strong>;<\/li>\n<li><strong>Congonhas<\/strong> (SP);<\/li>\n<li><strong> Salvador<\/strong>;<\/li>\n<li><strong>Santos Dumont (RJ).<\/strong><\/li>\n<\/ul>\n<p><a href=\"https:\/\/www.suno.com.br\/noticias\/avianca-operacao-quatro-aeroportos\/\">Saiba mais:\u00a0Avianca passar\u00e1 a operar em apenas quatro aeroportos<\/a><\/p>\n<p>Al\u00e9m da perda de <strong>aeronaves<\/strong> por conta da <strong>inadimpl\u00eancia<\/strong>, a Avianca tamb\u00e9m deixou de pagar seus funcion\u00e1rios. Na \u00faltima quarta-feira (24) pediu para que os funcion\u00e1rios que estejam interessados em deixar o emprego, sem perder seus direitos, se manifestem. Antes da crise, a empresa possu\u00eda 5,3 mil funcion\u00e1rios, deles 617 eram pilotos e 1,1 mil comiss\u00e1rios.<\/p>\n<p>Por conta da situa\u00e7\u00e3o financeira da <strong>Avianca<\/strong>, a <strong>Infraero<\/strong> e outras administradoras passaram a exigir o pagamento antecipado das tarifas aeroportu\u00e1rias.<\/p>\n","protected":false},"excerpt":{"rendered":"<p>A partir desta segunda-feira (29) a Avianca Brasil passar\u00e1 a ter quase o mesmo n\u00famero de voos de quando come\u00e7ou a voar regularmente no Brasil. STJ nega pedido que impede a redistribui\u00e7\u00e3o de slots da Avianca A Avianca vai operar 37 voos a partir desta semana, enquanto em 2003, ano em que ainda operava sob [&hellip;]<\/p>\n","protected":false},"author":11,"featured_media":16052,"comment_status":"closed","ping_status":"closed","sticky":false,"template":"","format":"standard","meta":[],"categories":[60],"tags":[840],"suno_strategy":[],"class_list":["post-22640","post","type-post","status-publish","format-standard","has-post-thumbnail","hentry","category-mercado","tag-avianca"],"yoast_head":"<!-- This site is optimized with the Yoast SEO plugin v24.4 - https:\/\/yoast.com\/wordpress\/plugins\/seo\/ -->\n<title>Avianca vai operar apenas cinco aeronaves e 37 voos nesta semana<\/title>\n<meta name=\"description\" content=\"Avianca est\u00e1 em recupera\u00e7\u00e3o judicial desde dezembro, empresa passou a cancelar voos por conta da perda de avi\u00f5es. Clique para saber mais.\" \/>\n<meta name=\"robots\" content=\"index, follow, max-snippet:-1, max-image-preview:large, max-video-preview:-1\" \/>\n<link rel=\"canonical\" href=\"https:\/\/www.suno.com.br\/noticias\/avianca-operar-aeronaves-voos\/\" \/>\n<meta property=\"og:locale\" content=\"pt_BR\" \/>\n<meta property=\"og:type\" content=\"article\" \/>\n<meta property=\"og:title\" content=\"Avianca vai operar apenas cinco aeronaves e 37 voos nesta semana\" \/>\n<meta property=\"og:description\" content=\"Avianca est\u00e1 em recupera\u00e7\u00e3o judicial desde dezembro, empresa passou a cancelar voos por conta da perda de avi\u00f5es. Clique para saber mais.\" \/>\n<meta property=\"og:url\" content=\"https:\/\/www.suno.com.br\/noticias\/avianca-operar-aeronaves-voos\/\" \/>\n<meta property=\"og:site_name\" content=\"Suno Not\u00edcias\" \/>\n<meta property=\"article:publisher\" content=\"https:\/\/facebook.com\/sunoresearch\" \/>\n<meta property=\"og:image\" content=\"https:\/\/files.sunoresearch.com.br\/n\/uploads\/2019\/02\/28473d91-avianca.jpg\" \/>\n\t<meta property=\"og:image:width\" content=\"2828\" \/>\n\t<meta property=\"og:image:height\" content=\"2121\" \/>\n\t<meta property=\"og:image:type\" content=\"image\/jpeg\" \/>\n<meta name=\"author\" content=\"Renan Bandeira\" \/>\n<meta name=\"twitter:card\" content=\"summary_large_image\" \/>\n<meta name=\"twitter:creator\" content=\"@sunoresearch\" \/>\n<meta name=\"twitter:site\" content=\"@sunoresearch\" \/>\n<meta name=\"twitter:label1\" content=\"Escrito por\" \/>\n\t<meta name=\"twitter:data1\" content=\"Renan Bandeira\" \/>\n\t<meta name=\"twitter:label2\" content=\"Est. tempo de leitura\" \/>\n\t<meta name=\"twitter:data2\" content=\"2 minutos\" \/>\n<script type=\"application\/ld+json\" class=\"yoast-schema-graph\">{\"@context\":\"https:\/\/schema.org\",\"@graph\":[{\"@type\":\"NewsArticle\",\"@id\":\"https:\/\/www.suno.com.br\/noticias\/avianca-operar-aeronaves-voos\/#article\",\"isPartOf\":{\"@id\":\"https:\/\/www.suno.com.br\/noticias\/avianca-operar-aeronaves-voos\/\"},\"author\":{\"name\":\"Renan Bandeira\",\"@id\":\"https:\/\/www.suno.com.br\/noticias\/#\/schema\/person\/fc144a1c6108bd1dcd43784e88a3c138\"},\"headline\":\"Avianca vai operar apenas cinco aeronaves e 37 voos nesta semana\",\"datePublished\":\"2019-04-29T15:52:34+00:00\",\"mainEntityOfPage\":{\"@id\":\"https:\/\/www.suno.com.br\/noticias\/avianca-operar-aeronaves-voos\/\"},\"wordCount\":406,\"publisher\":{\"@id\":\"https:\/\/www.suno.com.br\/noticias\/#organization\"},\"image\":{\"@id\":\"https:\/\/www.suno.com.br\/noticias\/avianca-operar-aeronaves-voos\/#primaryimage\"},\"thumbnailUrl\":\"https:\/\/files.sunoresearch.com.br\/n\/uploads\/2019\/02\/28473d91-avianca-scaled.webp\",\"keywords\":[\"Avianca\"],\"articleSection\":[\"Mercado\"],\"inLanguage\":\"pt-BR\"},{\"@type\":\"WebPage\",\"@id\":\"https:\/\/www.suno.com.br\/noticias\/avianca-operar-aeronaves-voos\/\",\"url\":\"https:\/\/www.suno.com.br\/noticias\/avianca-operar-aeronaves-voos\/\",\"name\":\"Avianca vai operar apenas cinco aeronaves e 37 voos nesta semana\",\"isPartOf\":{\"@id\":\"https:\/\/www.suno.com.br\/noticias\/#website\"},\"primaryImageOfPage\":{\"@id\":\"https:\/\/www.suno.com.br\/noticias\/avianca-operar-aeronaves-voos\/#primaryimage\"},\"image\":{\"@id\":\"https:\/\/www.suno.com.br\/noticias\/avianca-operar-aeronaves-voos\/#primaryimage\"},\"thumbnailUrl\":\"https:\/\/files.sunoresearch.com.br\/n\/uploads\/2019\/02\/28473d91-avianca-scaled.webp\",\"datePublished\":\"2019-04-29T15:52:34+00:00\",\"description\":\"Avianca est\u00e1 em recupera\u00e7\u00e3o judicial desde dezembro, empresa passou a cancelar voos por conta da perda de avi\u00f5es. Clique para saber mais.\",\"breadcrumb\":{\"@id\":\"https:\/\/www.suno.com.br\/noticias\/avianca-operar-aeronaves-voos\/#breadcrumb\"},\"inLanguage\":\"pt-BR\",\"potentialAction\":[{\"@type\":\"ReadAction\",\"target\":[\"https:\/\/www.suno.com.br\/noticias\/avianca-operar-aeronaves-voos\/\"]}]},{\"@type\":\"ImageObject\",\"inLanguage\":\"pt-BR\",\"@id\":\"https:\/\/www.suno.com.br\/noticias\/avianca-operar-aeronaves-voos\/#primaryimage\",\"url\":\"https:\/\/files.sunoresearch.com.br\/n\/uploads\/2019\/02\/28473d91-avianca-scaled.webp\",\"contentUrl\":\"https:\/\/files.sunoresearch.com.br\/n\/uploads\/2019\/02\/28473d91-avianca-scaled.webp\",\"width\":2560,\"height\":1920,\"caption\":\"STJ nega pedido que impede a redistribui\u00e7\u00e3o de slots da Avianca\"},{\"@type\":\"BreadcrumbList\",\"@id\":\"https:\/\/www.suno.com.br\/noticias\/avianca-operar-aeronaves-voos\/#breadcrumb\",\"itemListElement\":[{\"@type\":\"ListItem\",\"position\":1,\"name\":\"Not\u00edcias\",\"item\":\"https:\/\/www.suno.com.br\/noticias\/\"},{\"@type\":\"ListItem\",\"position\":2,\"name\":\"Mercado\",\"item\":\"https:\/\/www.suno.com.br\/noticias\/mercado\/\"},{\"@type\":\"ListItem\",\"position\":3,\"name\":\"Avianca vai operar apenas cinco aeronaves e 37 voos nesta semana\"}]},{\"@type\":\"WebSite\",\"@id\":\"https:\/\/www.suno.com.br\/noticias\/#website\",\"url\":\"https:\/\/www.suno.com.br\/noticias\/\",\"name\":\"Suno Not\u00edcias\",\"description\":\"Seu portal de informa\u00e7\u00e3o sobre o mundo dos investimentos\",\"publisher\":{\"@id\":\"https:\/\/www.suno.com.br\/noticias\/#organization\"},\"potentialAction\":[{\"@type\":\"SearchAction\",\"target\":{\"@type\":\"EntryPoint\",\"urlTemplate\":\"https:\/\/www.suno.com.br\/noticias\/?s={search_term_string}\"},\"query-input\":{\"@type\":\"PropertyValueSpecification\",\"valueRequired\":true,\"valueName\":\"search_term_string\"}}],\"inLanguage\":\"pt-BR\"},{\"@type\":\"Organization\",\"@id\":\"https:\/\/www.suno.com.br\/noticias\/#organization\",\"name\":\"Suno Not\u00edcias\",\"url\":\"https:\/\/www.suno.com.br\/noticias\/\",\"logo\":{\"@type\":\"ImageObject\",\"inLanguage\":\"pt-BR\",\"@id\":\"https:\/\/www.suno.com.br\/noticias\/#\/schema\/logo\/image\/\",\"url\":\"https:\/\/files.sunoresearch.com.br\/n\/uploads\/2021\/09\/suno-logo.png\",\"contentUrl\":\"https:\/\/files.sunoresearch.com.br\/n\/uploads\/2021\/09\/suno-logo.png\",\"width\":180,\"height\":180,\"caption\":\"Suno Not\u00edcias\"},\"image\":{\"@id\":\"https:\/\/www.suno.com.br\/noticias\/#\/schema\/logo\/image\/\"},\"sameAs\":[\"https:\/\/facebook.com\/sunoresearch\",\"https:\/\/x.com\/sunoresearch\",\"https:\/\/www.instagram.com\/suno\",\"https:\/\/www.linkedin.com\/company\/suno-research\/\",\"https:\/\/www.youtube.com\/c\/sunoresearch\"]},{\"@type\":\"Person\",\"@id\":\"https:\/\/www.suno.com.br\/noticias\/#\/schema\/person\/fc144a1c6108bd1dcd43784e88a3c138\",\"name\":\"Renan Bandeira\",\"image\":{\"@type\":\"ImageObject\",\"inLanguage\":\"pt-BR\",\"@id\":\"https:\/\/www.suno.com.br\/noticias\/#\/schema\/person\/image\/\",\"url\":\"https:\/\/secure.gravatar.com\/avatar\/68359cdb608f14f11bbefcb78f3fc747?s=96&r=g\",\"contentUrl\":\"https:\/\/secure.gravatar.com\/avatar\/68359cdb608f14f11bbefcb78f3fc747?s=96&r=g\",\"caption\":\"Renan Bandeira\"},\"description\":\"Renan Bandeira escreve sobre pol\u00edtica e economia para o portal da Suno Research. Antes da Suno, trabalhou em uma rede de televis\u00e3o, onde fazia reportagens sobre os mesmos temas. Estuda na Universidade Metodista de S\u00e3o Paulo.\",\"url\":\"https:\/\/www.suno.com.br\/noticias\/author\/renan-bandeira\/\"}]}<\/script>\n<!-- \/ Yoast SEO plugin. -->","yoast_head_json":{"title":"Avianca vai operar apenas cinco aeronaves e 37 voos nesta semana","description":"Avianca est\u00e1 em recupera\u00e7\u00e3o judicial desde dezembro, empresa passou a cancelar voos por conta da perda de avi\u00f5es. Clique para saber mais.","robots":{"index":"index","follow":"follow","max-snippet":"max-snippet:-1","max-image-preview":"max-image-preview:large","max-video-preview":"max-video-preview:-1"},"canonical":"https:\/\/www.suno.com.br\/noticias\/avianca-operar-aeronaves-voos\/","og_locale":"pt_BR","og_type":"article","og_title":"Avianca vai operar apenas cinco aeronaves e 37 voos nesta semana","og_description":"Avianca est\u00e1 em recupera\u00e7\u00e3o judicial desde dezembro, empresa passou a cancelar voos por conta da perda de avi\u00f5es. Clique para saber mais.","og_url":"https:\/\/www.suno.com.br\/noticias\/avianca-operar-aeronaves-voos\/","og_site_name":"Suno Not\u00edcias","article_publisher":"https:\/\/facebook.com\/sunoresearch","og_image":[{"width":2828,"height":2121,"url":"https:\/\/files.sunoresearch.com.br\/n\/uploads\/2019\/02\/28473d91-avianca.jpg","type":"image\/jpeg"}],"author":"Renan Bandeira","twitter_card":"summary_large_image","twitter_creator":"@sunoresearch","twitter_site":"@sunoresearch","twitter_misc":{"Escrito por":"Renan Bandeira","Est. tempo de leitura":"2 minutos"},"schema":{"@context":"https:\/\/schema.org","@graph":[{"@type":"NewsArticle","@id":"https:\/\/www.suno.com.br\/noticias\/avianca-operar-aeronaves-voos\/#article","isPartOf":{"@id":"https:\/\/www.suno.com.br\/noticias\/avianca-operar-aeronaves-voos\/"},"author":{"name":"Renan Bandeira","@id":"https:\/\/www.suno.com.br\/noticias\/#\/schema\/person\/fc144a1c6108bd1dcd43784e88a3c138"},"headline":"Avianca vai operar apenas cinco aeronaves e 37 voos nesta semana","datePublished":"2019-04-29T15:52:34+00:00","mainEntityOfPage":{"@id":"https:\/\/www.suno.com.br\/noticias\/avianca-operar-aeronaves-voos\/"},"wordCount":406,"publisher":{"@id":"https:\/\/www.suno.com.br\/noticias\/#organization"},"image":{"@id":"https:\/\/www.suno.com.br\/noticias\/avianca-operar-aeronaves-voos\/#primaryimage"},"thumbnailUrl":"https:\/\/files.sunoresearch.com.br\/n\/uploads\/2019\/02\/28473d91-avianca-scaled.webp","keywords":["Avianca"],"articleSection":["Mercado"],"inLanguage":"pt-BR"},{"@type":"WebPage","@id":"https:\/\/www.suno.com.br\/noticias\/avianca-operar-aeronaves-voos\/","url":"https:\/\/www.suno.com.br\/noticias\/avianca-operar-aeronaves-voos\/","name":"Avianca vai operar apenas cinco aeronaves e 37 voos nesta semana","isPartOf":{"@id":"https:\/\/www.suno.com.br\/noticias\/#website"},"primaryImageOfPage":{"@id":"https:\/\/www.suno.com.br\/noticias\/avianca-operar-aeronaves-voos\/#primaryimage"},"image":{"@id":"https:\/\/www.suno.com.br\/noticias\/avianca-operar-aeronaves-voos\/#primaryimage"},"thumbnailUrl":"https:\/\/files.sunoresearch.com.br\/n\/uploads\/2019\/02\/28473d91-avianca-scaled.webp","datePublished":"2019-04-29T15:52:34+00:00","description":"Avianca est\u00e1 em recupera\u00e7\u00e3o judicial desde dezembro, empresa passou a cancelar voos por conta da perda de avi\u00f5es. Clique para saber mais.","breadcrumb":{"@id":"https:\/\/www.suno.com.br\/noticias\/avianca-operar-aeronaves-voos\/#breadcrumb"},"inLanguage":"pt-BR","potentialAction":[{"@type":"ReadAction","target":["https:\/\/www.suno.com.br\/noticias\/avianca-operar-aeronaves-voos\/"]}]},{"@type":"ImageObject","inLanguage":"pt-BR","@id":"https:\/\/www.suno.com.br\/noticias\/avianca-operar-aeronaves-voos\/#primaryimage","url":"https:\/\/files.sunoresearch.com.br\/n\/uploads\/2019\/02\/28473d91-avianca-scaled.webp","contentUrl":"https:\/\/files.sunoresearch.com.br\/n\/uploads\/2019\/02\/28473d91-avianca-scaled.webp","width":2560,"height":1920,"caption":"STJ nega pedido que impede a redistribui\u00e7\u00e3o de slots da Avianca"},{"@type":"BreadcrumbList","@id":"https:\/\/www.suno.com.br\/noticias\/avianca-operar-aeronaves-voos\/#breadcrumb","itemListElement":[{"@type":"ListItem","position":1,"name":"Not\u00edcias","item":"https:\/\/www.suno.com.br\/noticias\/"},{"@type":"ListItem","position":2,"name":"Mercado","item":"https:\/\/www.suno.com.br\/noticias\/mercado\/"},{"@type":"ListItem","position":3,"name":"Avianca vai operar apenas cinco aeronaves e 37 voos nesta semana"}]},{"@type":"WebSite","@id":"https:\/\/www.suno.com.br\/noticias\/#website","url":"https:\/\/www.suno.com.br\/noticias\/","name":"Suno Not\u00edcias","description":"Seu portal de informa\u00e7\u00e3o sobre o mundo dos investimentos","publisher":{"@id":"https:\/\/www.suno.com.br\/noticias\/#organization"},"potentialAction":[{"@type":"SearchAction","target":{"@type":"EntryPoint","urlTemplate":"https:\/\/www.suno.com.br\/noticias\/?s={search_term_string}"},"query-input":{"@type":"PropertyValueSpecification","valueRequired":true,"valueName":"search_term_string"}}],"inLanguage":"pt-BR"},{"@type":"Organization","@id":"https:\/\/www.suno.com.br\/noticias\/#organization","name":"Suno Not\u00edcias","url":"https:\/\/www.suno.com.br\/noticias\/","logo":{"@type":"ImageObject","inLanguage":"pt-BR","@id":"https:\/\/www.suno.com.br\/noticias\/#\/schema\/logo\/image\/","url":"https:\/\/files.sunoresearch.com.br\/n\/uploads\/2021\/09\/suno-logo.png","contentUrl":"https:\/\/files.sunoresearch.com.br\/n\/uploads\/2021\/09\/suno-logo.png","width":180,"height":180,"caption":"Suno Not\u00edcias"},"image":{"@id":"https:\/\/www.suno.com.br\/noticias\/#\/schema\/logo\/image\/"},"sameAs":["https:\/\/facebook.com\/sunoresearch","https:\/\/x.com\/sunoresearch","https:\/\/www.instagram.com\/suno","https:\/\/www.linkedin.com\/company\/suno-research\/","https:\/\/www.youtube.com\/c\/sunoresearch"]},{"@type":"Person","@id":"https:\/\/www.suno.com.br\/noticias\/#\/schema\/person\/fc144a1c6108bd1dcd43784e88a3c138","name":"Renan Bandeira","image":{"@type":"ImageObject","inLanguage":"pt-BR","@id":"https:\/\/www.suno.com.br\/noticias\/#\/schema\/person\/image\/","url":"https:\/\/secure.gravatar.com\/avatar\/68359cdb608f14f11bbefcb78f3fc747?s=96&r=g","contentUrl":"https:\/\/secure.gravatar.com\/avatar\/68359cdb608f14f11bbefcb78f3fc747?s=96&r=g","caption":"Renan Bandeira"},"description":"Renan Bandeira escreve sobre pol\u00edtica e economia para o portal da Suno Research. Antes da Suno, trabalhou em uma rede de televis\u00e3o, onde fazia reportagens sobre os mesmos temas. Estuda na Universidade Metodista de S\u00e3o Paulo.","url":"https:\/\/www.suno.com.br\/noticias\/author\/renan-bandeira\/"}]}},"default_loop_html":"<div class=\"cardsPage__listCard__boxs\"><div class=\"cardsPage__listCard__boxs__img\"><a href=\"https:\/\/www.suno.com.br\/noticias\/avianca-operar-aeronaves-voos\/\"><img class=\"mask\" src=\"https:\/\/www.suno.com.br\/noticias\/wp-content\/themes\/suno\/resources\/images\/spotlight\/spotlight1img\/bg-mask.png\" alt=\"Image Mask\"\/><img src=\"https:\/\/files.sunoresearch.com.br\/n\/uploads\/2019\/02\/28473d91-avianca-400x200.webp\" alt=\"Avianca vai operar apenas cinco aeronaves e 37 voos nesta semana\"\/><\/a><span class=\"spotlightCategory\"><a href=\"https:\/\/www.suno.com.br\/noticias\/mercado\/\">Mercado<\/a><\/span><\/div><div class=\"cardsPage__listCard__boxs__content\"><a href=\"https:\/\/www.suno.com.br\/noticias\/avianca-operar-aeronaves-voos\/\"><h2 class=\"content__title\">Avianca vai operar apenas cinco aeronaves e 37 voos nesta semana<\/h2><\/a><div class=\"newsContent__article__meta\"><div class=\"newsContent__article__meta__authorBox\"><a href=\"https:\/\/www.suno.com.br\/noticias\/author\/renan-bandeira\/\" class=\"authorBox__avatar noMobi\"><img src=\"https:\/\/secure.gravatar.com\/avatar\/68359cdb608f14f11bbefcb78f3fc747?s=96&#038;r=g\" alt=\"Renan Bandeira\"><\/a><div class=\"authorBox__name\"><span>por\n\t\t\t<a href=\"https:\/\/www.suno.com.br\/noticias\/author\/renan-bandeira\/\"><span itemprop=\"author\">Renan Bandeira<\/span><\/a><\/span><time datetime=\"2019-04-29T12:52:34-03:00\" itemprop=\"datePublished\">29\/04\/2019 12:52<\/time><\/div><\/div><\/div><\/div><\/div>","single_layout":"posts","amp_enabled":true,"_links":{"self":[{"href":"https:\/\/www.suno.com.br\/noticias\/wp-json\/wp\/v2\/posts\/22640"}],"collection":[{"href":"https:\/\/www.suno.com.br\/noticias\/wp-json\/wp\/v2\/posts"}],"about":[{"href":"https:\/\/www.suno.com.br\/noticias\/wp-json\/wp\/v2\/types\/post"}],"author":[{"embeddable":true,"href":"https:\/\/www.suno.com.br\/noticias\/wp-json\/wp\/v2\/users\/11"}],"replies":[{"embeddable":true,"href":"https:\/\/www.suno.com.br\/noticias\/wp-json\/wp\/v2\/comments?post=22640"}],"version-history":[{"count":0,"href":"https:\/\/www.suno.com.br\/noticias\/wp-json\/wp\/v2\/posts\/22640\/revisions"}],"wp:featuredmedia":[{"embeddable":true,"href":"https:\/\/www.suno.com.br\/noticias\/wp-json\/wp\/v2\/media\/16052"}],"wp:attachment":[{"href":"https:\/\/www.suno.com.br\/noticias\/wp-json\/wp\/v2\/media?parent=22640"}],"wp:term":[{"taxonomy":"category","embeddable":true,"href":"https:\/\/www.suno.com.br\/noticias\/wp-json\/wp\/v2\/categories?post=22640"},{"taxonomy":"post_tag","embeddable":true,"href":"https:\/\/www.suno.com.br\/noticias\/wp-json\/wp\/v2\/tags?post=22640"},{"taxonomy":"suno_strategy","embeddable":true,"href":"https:\/\/www.suno.com.br\/noticias\/wp-json\/wp\/v2\/suno_strategy?post=22640"}],"curies":[{"name":"wp","href":"https:\/\/api.w.org\/{rel}","templated":true}]}}