{"id":22639,"date":"2019-04-29T12:17:37","date_gmt":"2019-04-29T15:17:37","guid":{"rendered":"https:\/\/www.suno.com.br\/noticias\/?p=22639"},"modified":"2021-05-11T20:30:58","modified_gmt":"2021-05-11T23:30:58","slug":"vamos-locacao-jsl-decide-cancelar-oferta-inicial-de-acoes-ipo-da-locadora","status":"publish","type":"post","link":"https:\/\/www.suno.com.br\/noticias\/vamos-locacao-jsl-decide-cancelar-oferta-inicial-de-acoes-ipo-da-locadora\/","title":{"rendered":"Vamos Loca\u00e7\u00e3o: JSL decide cancelar IPO da locadora"},"content":{"rendered":"<p>A controladora <strong>JSL<\/strong> decidiu cancelar a <a href=\"https:\/\/www.suno.com.br\/artigos\/ipo\/\"><strong>oferta p\u00fablica inicial de a\u00e7\u00f5es<\/strong> (IPO)<\/a> da Vamos Loca\u00e7\u00e3o. A opera\u00e7\u00e3o foi cancelada depois que os <strong>bancos<\/strong> coordenadores analisaram n\u00e3o haver demanda suficiente para o pre\u00e7o que a locadora pedia. As informa\u00e7\u00f5es foram apuradas pelo &#8220;Valor&#8221;.<\/p>\t<div class=\"wrapper-featured-image\">\n\t\t<figure class=\"spotlightImg\">\n\n\t\t\t<picture>\n\t\t\t\t<source media=\"(max-width: 768px)\" srcset=\"https:\/\/files.sunoresearch.com.br\/n\/uploads\/2019\/04\/809955e8-banner-lojas-400x200.webp\">\n\t\t\t\t<img loading=\"lazy\" decoding=\"async\" class=\"newsContent__article__imgCapa lazyloadDisabled newsContent__article__imgCapa--noCaption\" src=\"https:\/\/files.sunoresearch.com.br\/n\/uploads\/2019\/04\/809955e8-banner-lojas-800x450.webp\" width=\"800\" height=\"450\" alt=\"Vamos Loca\u00e7\u00e3o: JSL decide cancelar IPO da locadora\" fetchpriority=high \/>\n\t\t\t<\/picture>\n\n\t\t\t<figcaption class=\"wp-caption-text wp-caption-text--hide\">Vamos Loca\u00e7\u00e3o<\/figcaption>\n\t\t<\/figure>\n\t<\/div>\n\n\n<p>A precifica\u00e7\u00e3o da <strong>Vamos<\/strong> na <strong>B3<\/strong> (Brasil, Bolsa, Balc\u00e3o) estava prevista para a noite desta segunda-feira (29). Entretanto, com o posicionamento das institui\u00e7\u00f5es financeiras, a <strong>JSL<\/strong> n\u00e3o aceitou ajustar o pre\u00e7o e decidiu cancelar o <strong>IPO.<\/strong><\/p>\n<p style=\"text-align: center;\"><iframe loading=\"lazy\" src=\"https:\/\/www.youtube.com\/embed\/m6eRzJ9Ta6A\" width=\"560\" height=\"315\" frameborder=\"0\" allowfullscreen=\"allowfullscreen\"><\/iframe><\/p>\n<p>A demanda alcan\u00e7ou as previs\u00f5es da <strong>Vamos<\/strong> na sexta-feira (26), chegando a R$1,2 bilh\u00e3o. Contudo, com muitas ordens de varejo, que foram reduzidas em seguida.<\/p>\n\t<p>\n\t\t<a href=\"https:\/\/www.suno.com.br\/asset\/fundos\/suno-acoes-xp-seg-prev\/\" target=\"_blank\" data-element=\"shortcode-suno-banner\" title=\"Banner SUNO, clique e saiba mais\">\n\t\t\t<picture>\n\t\t\t\t<source media=\"(max-width: 500px)\" srcset=\"https:\/\/files.sunoresearch.com.br\/n\/uploads\/2023\/10\/SUNOPREV-v2-400x300-Mobile-Artigos-3.png\">\n\t\t\t\t<img class=\"newsContent__article__imgCapa newsContent__article__imgCapa--banner\"\n\t\t\t\t\tsrc=\"https:\/\/files.sunoresearch.com.br\/n\/uploads\/2023\/10\/SUNOPREV-v2-1420x240-Banner-Artigos-1-_-Banner-Materias-1.png\"\n\t\t\t\t\tdata-promo-id=\"476311\"\t\t\t\t\t\t\t\t\t\twidth='1420' height='240'\t\t\t\t\talt=\"https:\/\/files.sunoresearch.com.br\/n\/uploads\/2023\/10\/SUNOPREV-v2-1420x240-Banner-Artigos-1-_-Banner-Materias-1.png\"\n\t\t\t\t>\n\t\t\t<\/picture>\n\t\t<\/a>\n\t<\/p>\n\n\n<p>Assets locais foram as principais fontes de press\u00e3o sobre o valor, uma vez que estavam cautelosas com o desempenho da JSL e Movida. O resultado apresentado pelas empresas do mesmo grupo n\u00e3o atingiram a previs\u00e3o e causaram receio sobre a <strong>Vamos.<\/strong><\/p>\n<h2>Vamos na B3<\/h2>\n<p><span style=\"font-weight: 400;\">O c\u00f3digo correspondente que a empresa seria negociada na <strong><a href=\"https:\/\/www.suno.com.br\/artigos\/b3\/\">B3<\/a><\/strong>\u00a0era \u201c<strong>VAMO3<\/strong>\u201d. A expectativa da venda de a\u00e7\u00f5es da companhia pertencente ao grupo <strong>JSL<\/strong>\u00a0era de alcan\u00e7ar at\u00e9 R$ 1,1 bilh\u00e3o. O per\u00edodo de reserva dos investidores foi do dia 16 de abril at\u00e9 esta sexta-feira (26).\u00a0<\/span><\/p>\n<p><span style=\"font-weight: 400;\">Seria dedicado 10% das a\u00e7\u00f5es no <a href=\"https:\/\/www.suno.com.br\/artigos\/ipo\/\">Initial Public Offering<\/a> (<strong>IPO<\/strong>) a investidores no varejo. Esses deveriam possuir de R$ 3 mil a R$ 1 milh\u00e3o. A defini\u00e7\u00e3o do pre\u00e7o da a\u00e7\u00e3o seria definida nesta segunda. Contudo, a previs\u00e3o feita pela\u00a0<strong>Vamos Loca\u00e7\u00e3o<\/strong>\u00a0estava entre R$ 17 e R$ 21. O pre\u00e7o m\u00e9dio era\u00a0<\/span><span style=\"font-weight: 400;\">de R$ 19.<\/span><\/p>\n<p>Ainda que a expectativa fosse alcan\u00e7ar R$ 1,1 bilh\u00e3o, somente R$ 350 milh\u00f5es ficariam com a empresa. Outra parte dos recursos seriam utilizados para pagar <a href=\"https:\/\/www.suno.com.br\/artigos\/guia-suno-dividendos-agora-em-versao-impressa\/\"><strong>dividendos<\/strong><\/a> aos pr\u00f3prios acionistas. Al\u00e9m disso, outra parte seria destinada \u00e0\u00a0<strong>JSL<\/strong>.<\/p>\n<p><a href=\"https:\/\/www.suno.com.br\/noticias\/vamos-locacao-conheca-ipo\/\">Vamos Loca\u00e7\u00e3o: saiba mais sobre a pr\u00f3xima brasileira a realizar IPO<\/a><\/p>\n<p>A locadora tinha potencial em alcan\u00e7ar na bolsa R$ 2,6 bilh\u00f5es, contanto que, a a\u00e7\u00e3o ultrapassasse a faixa indicativa.<\/p>\n<p>Atualmente, a JSL tem participa\u00e7\u00e3o de 100% na empresa, ap\u00f3s o <strong>IPO<\/strong>, sua participa\u00e7\u00e3o seria reduzida at\u00e9 50,01%, mas o comando ainda seria dela.<\/p>\n<h2>IPO da Vamos<\/h2>\n<p>O <strong>Bradesco BBI<\/strong>\u00a0era o coordenador-l\u00edder, mas outras setes institui\u00e7\u00f5es coordenariam a oferta p\u00fablica, como:<\/p>\n<ul>\n<li><strong>BTG Pactual<\/strong> (BPAC11);<\/li>\n<li><strong>Banco Santander<\/strong> (SANB3);<\/li>\n<li><strong>BofA Merrill Lynch<\/strong>;<\/li>\n<li><strong>BB Investimentos<\/strong>;<\/li>\n<li><strong>Caixa Econ\u00f4mica Federal<\/strong> (CEF);<\/li>\n<li><strong>XP Investimentos<\/strong>;<\/li>\n<li><strong>Credit Suisse<\/strong>;<\/li>\n<li>e <strong>Banco J. Safra<\/strong>.<\/li>\n<\/ul>\n<p>A oferta teria distribui\u00e7\u00f5es <strong>prim\u00e1ria<\/strong> e <strong>secund\u00e1ria<\/strong> de 52,85 milh\u00f5es de <strong>a\u00e7\u00f5es ordin\u00e1rias<\/strong>. O montante equivale a 42,8% de seu capital social. Do total;<\/p>\n<ul>\n<li>26,76 milh\u00f5es seriam novas a\u00e7\u00f5es;<\/li>\n<li>e 26,086 milh\u00f5es pertencem \u00e0 JSL.<\/li>\n<\/ul>\n<p>As a\u00e7\u00f5es ordin\u00e1rias de emiss\u00e3o da <strong>Vamos<\/strong> ser\u00e3o negociadas no segmento de listagem do <a href=\"https:\/\/www.suno.com.br\/artigos\/novo-mercado\/\">Novo Mercado<\/a> da B3.<\/p>\n<p><a href=\"https:\/\/www.suno.com.br\/noticias\/ipo-cinco-empresas-b3-2019\/\">Saiba mais &#8211;\u00a0IPO: cinco empresas que podem abrir seu capital na B3 em 2019<\/a><\/p>\n","protected":false},"excerpt":{"rendered":"<p>A controladora JSL decidiu cancelar a oferta p\u00fablica inicial de a\u00e7\u00f5es (IPO) da Vamos Loca\u00e7\u00e3o. A opera\u00e7\u00e3o foi cancelada depois que os bancos coordenadores analisaram n\u00e3o haver demanda suficiente para o pre\u00e7o que a locadora pedia. As informa\u00e7\u00f5es foram apuradas pelo &#8220;Valor&#8221;. Vamos Loca\u00e7\u00e3o A precifica\u00e7\u00e3o da Vamos na B3 (Brasil, Bolsa, Balc\u00e3o) estava prevista [&hellip;]<\/p>\n","protected":false},"author":16,"featured_media":22425,"comment_status":"closed","ping_status":"closed","sticky":false,"template":"","format":"standard","meta":[],"categories":[64],"tags":[367,309,319,105973],"suno_strategy":[],"class_list":["post-22639","post","type-post","status-publish","format-standard","has-post-thumbnail","hentry","category-negocios","tag-b3-b3sa3","tag-bolsa-de-valores","tag-ipo-oferta-inicial-de-acoes","tag-vamos-vamo3"],"yoast_head":"<!-- This site is optimized with the Yoast SEO plugin v24.4 - https:\/\/yoast.com\/wordpress\/plugins\/seo\/ -->\n<title>Vamos Loca\u00e7\u00e3o: JSL decide cancelar IPO da locadora<\/title>\n<meta name=\"description\" content=\"IPO da Vamos Locadora estava previsto para acontecer na noite desta segunda-feira (29), mas foi cancelado. Clique aqui e entenda os motivos.\" \/>\n<meta name=\"robots\" content=\"index, follow, max-snippet:-1, max-image-preview:large, max-video-preview:-1\" \/>\n<link rel=\"canonical\" href=\"https:\/\/www.suno.com.br\/noticias\/vamos-locacao-jsl-decide-cancelar-oferta-inicial-de-acoes-ipo-da-locadora\/\" \/>\n<meta property=\"og:locale\" content=\"pt_BR\" \/>\n<meta property=\"og:type\" content=\"article\" \/>\n<meta property=\"og:title\" content=\"Vamos Loca\u00e7\u00e3o: JSL decide cancelar IPO da locadora\" \/>\n<meta property=\"og:description\" content=\"IPO da Vamos Locadora estava previsto para acontecer na noite desta segunda-feira (29), mas foi cancelado. Clique aqui e entenda os motivos.\" \/>\n<meta property=\"og:url\" content=\"https:\/\/www.suno.com.br\/noticias\/vamos-locacao-jsl-decide-cancelar-oferta-inicial-de-acoes-ipo-da-locadora\/\" \/>\n<meta property=\"og:site_name\" content=\"Suno Not\u00edcias\" \/>\n<meta property=\"article:publisher\" content=\"https:\/\/facebook.com\/sunoresearch\" \/>\n<meta property=\"og:image\" content=\"https:\/\/files.sunoresearch.com.br\/n\/uploads\/2019\/04\/809955e8-banner-lojas.jpg\" \/>\n\t<meta property=\"og:image:width\" content=\"1920\" \/>\n\t<meta property=\"og:image:height\" content=\"660\" \/>\n\t<meta property=\"og:image:type\" content=\"image\/jpeg\" \/>\n<meta name=\"author\" content=\"Beatriz Oliveira\" \/>\n<meta name=\"twitter:card\" content=\"summary_large_image\" \/>\n<meta name=\"twitter:creator\" content=\"@sunoresearch\" \/>\n<meta name=\"twitter:site\" content=\"@sunoresearch\" \/>\n<meta name=\"twitter:label1\" content=\"Escrito por\" \/>\n\t<meta name=\"twitter:data1\" content=\"Beatriz Oliveira\" \/>\n\t<meta name=\"twitter:label2\" content=\"Est. tempo de leitura\" \/>\n\t<meta name=\"twitter:data2\" content=\"2 minutos\" \/>\n<script type=\"application\/ld+json\" class=\"yoast-schema-graph\">{\"@context\":\"https:\/\/schema.org\",\"@graph\":[{\"@type\":\"NewsArticle\",\"@id\":\"https:\/\/www.suno.com.br\/noticias\/vamos-locacao-jsl-decide-cancelar-oferta-inicial-de-acoes-ipo-da-locadora\/#article\",\"isPartOf\":{\"@id\":\"https:\/\/www.suno.com.br\/noticias\/vamos-locacao-jsl-decide-cancelar-oferta-inicial-de-acoes-ipo-da-locadora\/\"},\"author\":{\"name\":\"Beatriz Oliveira\",\"@id\":\"https:\/\/www.suno.com.br\/noticias\/#\/schema\/person\/e67f665add014bf99f644028de070cc3\"},\"headline\":\"Vamos Loca\u00e7\u00e3o: JSL decide cancelar IPO da locadora\",\"datePublished\":\"2019-04-29T15:17:37+00:00\",\"dateModified\":\"2021-05-11T23:30:58+00:00\",\"mainEntityOfPage\":{\"@id\":\"https:\/\/www.suno.com.br\/noticias\/vamos-locacao-jsl-decide-cancelar-oferta-inicial-de-acoes-ipo-da-locadora\/\"},\"wordCount\":501,\"publisher\":{\"@id\":\"https:\/\/www.suno.com.br\/noticias\/#organization\"},\"image\":{\"@id\":\"https:\/\/www.suno.com.br\/noticias\/vamos-locacao-jsl-decide-cancelar-oferta-inicial-de-acoes-ipo-da-locadora\/#primaryimage\"},\"thumbnailUrl\":\"https:\/\/files.sunoresearch.com.br\/n\/uploads\/2019\/04\/809955e8-banner-lojas.jpg\",\"keywords\":[\"B3 (B3SA3)\",\"Bolsa de Valores\",\"IPO (Oferta Inicial de A\u00e7\u00f5es)\",\"Vamos (VAMO3)\"],\"articleSection\":[\"Neg\u00f3cios\"],\"inLanguage\":\"pt-BR\"},{\"@type\":\"WebPage\",\"@id\":\"https:\/\/www.suno.com.br\/noticias\/vamos-locacao-jsl-decide-cancelar-oferta-inicial-de-acoes-ipo-da-locadora\/\",\"url\":\"https:\/\/www.suno.com.br\/noticias\/vamos-locacao-jsl-decide-cancelar-oferta-inicial-de-acoes-ipo-da-locadora\/\",\"name\":\"Vamos Loca\u00e7\u00e3o: JSL decide cancelar IPO da locadora\",\"isPartOf\":{\"@id\":\"https:\/\/www.suno.com.br\/noticias\/#website\"},\"primaryImageOfPage\":{\"@id\":\"https:\/\/www.suno.com.br\/noticias\/vamos-locacao-jsl-decide-cancelar-oferta-inicial-de-acoes-ipo-da-locadora\/#primaryimage\"},\"image\":{\"@id\":\"https:\/\/www.suno.com.br\/noticias\/vamos-locacao-jsl-decide-cancelar-oferta-inicial-de-acoes-ipo-da-locadora\/#primaryimage\"},\"thumbnailUrl\":\"https:\/\/files.sunoresearch.com.br\/n\/uploads\/2019\/04\/809955e8-banner-lojas.jpg\",\"datePublished\":\"2019-04-29T15:17:37+00:00\",\"dateModified\":\"2021-05-11T23:30:58+00:00\",\"description\":\"IPO da Vamos Locadora estava previsto para acontecer na noite desta segunda-feira (29), mas foi cancelado. Clique aqui e entenda os motivos.\",\"breadcrumb\":{\"@id\":\"https:\/\/www.suno.com.br\/noticias\/vamos-locacao-jsl-decide-cancelar-oferta-inicial-de-acoes-ipo-da-locadora\/#breadcrumb\"},\"inLanguage\":\"pt-BR\",\"potentialAction\":[{\"@type\":\"ReadAction\",\"target\":[\"https:\/\/www.suno.com.br\/noticias\/vamos-locacao-jsl-decide-cancelar-oferta-inicial-de-acoes-ipo-da-locadora\/\"]}]},{\"@type\":\"ImageObject\",\"inLanguage\":\"pt-BR\",\"@id\":\"https:\/\/www.suno.com.br\/noticias\/vamos-locacao-jsl-decide-cancelar-oferta-inicial-de-acoes-ipo-da-locadora\/#primaryimage\",\"url\":\"https:\/\/files.sunoresearch.com.br\/n\/uploads\/2019\/04\/809955e8-banner-lojas.jpg\",\"contentUrl\":\"https:\/\/files.sunoresearch.com.br\/n\/uploads\/2019\/04\/809955e8-banner-lojas.jpg\",\"width\":1920,\"height\":660,\"caption\":\"Vamos Loca\u00e7\u00e3o\"},{\"@type\":\"BreadcrumbList\",\"@id\":\"https:\/\/www.suno.com.br\/noticias\/vamos-locacao-jsl-decide-cancelar-oferta-inicial-de-acoes-ipo-da-locadora\/#breadcrumb\",\"itemListElement\":[{\"@type\":\"ListItem\",\"position\":1,\"name\":\"Not\u00edcias\",\"item\":\"https:\/\/www.suno.com.br\/noticias\/\"},{\"@type\":\"ListItem\",\"position\":2,\"name\":\"Neg\u00f3cios\",\"item\":\"https:\/\/www.suno.com.br\/noticias\/negocios\/\"},{\"@type\":\"ListItem\",\"position\":3,\"name\":\"Vamos Loca\u00e7\u00e3o: JSL decide cancelar IPO da locadora\"}]},{\"@type\":\"WebSite\",\"@id\":\"https:\/\/www.suno.com.br\/noticias\/#website\",\"url\":\"https:\/\/www.suno.com.br\/noticias\/\",\"name\":\"Suno Not\u00edcias\",\"description\":\"Seu portal de informa\u00e7\u00e3o sobre o mundo dos investimentos\",\"publisher\":{\"@id\":\"https:\/\/www.suno.com.br\/noticias\/#organization\"},\"potentialAction\":[{\"@type\":\"SearchAction\",\"target\":{\"@type\":\"EntryPoint\",\"urlTemplate\":\"https:\/\/www.suno.com.br\/noticias\/?s={search_term_string}\"},\"query-input\":{\"@type\":\"PropertyValueSpecification\",\"valueRequired\":true,\"valueName\":\"search_term_string\"}}],\"inLanguage\":\"pt-BR\"},{\"@type\":\"Organization\",\"@id\":\"https:\/\/www.suno.com.br\/noticias\/#organization\",\"name\":\"Suno Not\u00edcias\",\"url\":\"https:\/\/www.suno.com.br\/noticias\/\",\"logo\":{\"@type\":\"ImageObject\",\"inLanguage\":\"pt-BR\",\"@id\":\"https:\/\/www.suno.com.br\/noticias\/#\/schema\/logo\/image\/\",\"url\":\"https:\/\/files.sunoresearch.com.br\/n\/uploads\/2021\/09\/suno-logo.png\",\"contentUrl\":\"https:\/\/files.sunoresearch.com.br\/n\/uploads\/2021\/09\/suno-logo.png\",\"width\":180,\"height\":180,\"caption\":\"Suno Not\u00edcias\"},\"image\":{\"@id\":\"https:\/\/www.suno.com.br\/noticias\/#\/schema\/logo\/image\/\"},\"sameAs\":[\"https:\/\/facebook.com\/sunoresearch\",\"https:\/\/x.com\/sunoresearch\",\"https:\/\/www.instagram.com\/suno\",\"https:\/\/www.linkedin.com\/company\/suno-research\/\",\"https:\/\/www.youtube.com\/c\/sunoresearch\"]},{\"@type\":\"Person\",\"@id\":\"https:\/\/www.suno.com.br\/noticias\/#\/schema\/person\/e67f665add014bf99f644028de070cc3\",\"name\":\"Beatriz Oliveira\",\"image\":{\"@type\":\"ImageObject\",\"inLanguage\":\"pt-BR\",\"@id\":\"https:\/\/www.suno.com.br\/noticias\/#\/schema\/person\/image\/\",\"url\":\"https:\/\/secure.gravatar.com\/avatar\/c9aa6a0aaecc598d257d5d5bd349157d?s=96&r=g\",\"contentUrl\":\"https:\/\/secure.gravatar.com\/avatar\/c9aa6a0aaecc598d257d5d5bd349157d?s=96&r=g\",\"caption\":\"Beatriz Oliveira\"},\"description\":\"Formada em Jornalismo pela Faculdade Paulus de Tecnologia e Comunica\u00e7\u00e3o, Beatriz Oliveira escreve para o portal de not\u00edcias Suno Research. Antes, passou pelas reda\u00e7\u00f5es da Revista EXAME e da Rede Bandeirantes.\",\"url\":\"https:\/\/www.suno.com.br\/noticias\/author\/beatriz\/\"}]}<\/script>\n<!-- \/ Yoast SEO plugin. -->","yoast_head_json":{"title":"Vamos Loca\u00e7\u00e3o: JSL decide cancelar IPO da locadora","description":"IPO da Vamos Locadora estava previsto para acontecer na noite desta segunda-feira (29), mas foi cancelado. Clique aqui e entenda os motivos.","robots":{"index":"index","follow":"follow","max-snippet":"max-snippet:-1","max-image-preview":"max-image-preview:large","max-video-preview":"max-video-preview:-1"},"canonical":"https:\/\/www.suno.com.br\/noticias\/vamos-locacao-jsl-decide-cancelar-oferta-inicial-de-acoes-ipo-da-locadora\/","og_locale":"pt_BR","og_type":"article","og_title":"Vamos Loca\u00e7\u00e3o: JSL decide cancelar IPO da locadora","og_description":"IPO da Vamos Locadora estava previsto para acontecer na noite desta segunda-feira (29), mas foi cancelado. Clique aqui e entenda os motivos.","og_url":"https:\/\/www.suno.com.br\/noticias\/vamos-locacao-jsl-decide-cancelar-oferta-inicial-de-acoes-ipo-da-locadora\/","og_site_name":"Suno Not\u00edcias","article_publisher":"https:\/\/facebook.com\/sunoresearch","og_image":[{"width":1920,"height":660,"url":"https:\/\/files.sunoresearch.com.br\/n\/uploads\/2019\/04\/809955e8-banner-lojas.jpg","type":"image\/jpeg"}],"author":"Beatriz Oliveira","twitter_card":"summary_large_image","twitter_creator":"@sunoresearch","twitter_site":"@sunoresearch","twitter_misc":{"Escrito por":"Beatriz Oliveira","Est. tempo de leitura":"2 minutos"},"schema":{"@context":"https:\/\/schema.org","@graph":[{"@type":"NewsArticle","@id":"https:\/\/www.suno.com.br\/noticias\/vamos-locacao-jsl-decide-cancelar-oferta-inicial-de-acoes-ipo-da-locadora\/#article","isPartOf":{"@id":"https:\/\/www.suno.com.br\/noticias\/vamos-locacao-jsl-decide-cancelar-oferta-inicial-de-acoes-ipo-da-locadora\/"},"author":{"name":"Beatriz Oliveira","@id":"https:\/\/www.suno.com.br\/noticias\/#\/schema\/person\/e67f665add014bf99f644028de070cc3"},"headline":"Vamos Loca\u00e7\u00e3o: JSL decide cancelar IPO da locadora","datePublished":"2019-04-29T15:17:37+00:00","dateModified":"2021-05-11T23:30:58+00:00","mainEntityOfPage":{"@id":"https:\/\/www.suno.com.br\/noticias\/vamos-locacao-jsl-decide-cancelar-oferta-inicial-de-acoes-ipo-da-locadora\/"},"wordCount":501,"publisher":{"@id":"https:\/\/www.suno.com.br\/noticias\/#organization"},"image":{"@id":"https:\/\/www.suno.com.br\/noticias\/vamos-locacao-jsl-decide-cancelar-oferta-inicial-de-acoes-ipo-da-locadora\/#primaryimage"},"thumbnailUrl":"https:\/\/files.sunoresearch.com.br\/n\/uploads\/2019\/04\/809955e8-banner-lojas.jpg","keywords":["B3 (B3SA3)","Bolsa de Valores","IPO (Oferta Inicial de A\u00e7\u00f5es)","Vamos (VAMO3)"],"articleSection":["Neg\u00f3cios"],"inLanguage":"pt-BR"},{"@type":"WebPage","@id":"https:\/\/www.suno.com.br\/noticias\/vamos-locacao-jsl-decide-cancelar-oferta-inicial-de-acoes-ipo-da-locadora\/","url":"https:\/\/www.suno.com.br\/noticias\/vamos-locacao-jsl-decide-cancelar-oferta-inicial-de-acoes-ipo-da-locadora\/","name":"Vamos Loca\u00e7\u00e3o: JSL decide cancelar IPO da locadora","isPartOf":{"@id":"https:\/\/www.suno.com.br\/noticias\/#website"},"primaryImageOfPage":{"@id":"https:\/\/www.suno.com.br\/noticias\/vamos-locacao-jsl-decide-cancelar-oferta-inicial-de-acoes-ipo-da-locadora\/#primaryimage"},"image":{"@id":"https:\/\/www.suno.com.br\/noticias\/vamos-locacao-jsl-decide-cancelar-oferta-inicial-de-acoes-ipo-da-locadora\/#primaryimage"},"thumbnailUrl":"https:\/\/files.sunoresearch.com.br\/n\/uploads\/2019\/04\/809955e8-banner-lojas.jpg","datePublished":"2019-04-29T15:17:37+00:00","dateModified":"2021-05-11T23:30:58+00:00","description":"IPO da Vamos Locadora estava previsto para acontecer na noite desta segunda-feira (29), mas foi cancelado. Clique aqui e entenda os motivos.","breadcrumb":{"@id":"https:\/\/www.suno.com.br\/noticias\/vamos-locacao-jsl-decide-cancelar-oferta-inicial-de-acoes-ipo-da-locadora\/#breadcrumb"},"inLanguage":"pt-BR","potentialAction":[{"@type":"ReadAction","target":["https:\/\/www.suno.com.br\/noticias\/vamos-locacao-jsl-decide-cancelar-oferta-inicial-de-acoes-ipo-da-locadora\/"]}]},{"@type":"ImageObject","inLanguage":"pt-BR","@id":"https:\/\/www.suno.com.br\/noticias\/vamos-locacao-jsl-decide-cancelar-oferta-inicial-de-acoes-ipo-da-locadora\/#primaryimage","url":"https:\/\/files.sunoresearch.com.br\/n\/uploads\/2019\/04\/809955e8-banner-lojas.jpg","contentUrl":"https:\/\/files.sunoresearch.com.br\/n\/uploads\/2019\/04\/809955e8-banner-lojas.jpg","width":1920,"height":660,"caption":"Vamos Loca\u00e7\u00e3o"},{"@type":"BreadcrumbList","@id":"https:\/\/www.suno.com.br\/noticias\/vamos-locacao-jsl-decide-cancelar-oferta-inicial-de-acoes-ipo-da-locadora\/#breadcrumb","itemListElement":[{"@type":"ListItem","position":1,"name":"Not\u00edcias","item":"https:\/\/www.suno.com.br\/noticias\/"},{"@type":"ListItem","position":2,"name":"Neg\u00f3cios","item":"https:\/\/www.suno.com.br\/noticias\/negocios\/"},{"@type":"ListItem","position":3,"name":"Vamos Loca\u00e7\u00e3o: JSL decide cancelar IPO da locadora"}]},{"@type":"WebSite","@id":"https:\/\/www.suno.com.br\/noticias\/#website","url":"https:\/\/www.suno.com.br\/noticias\/","name":"Suno Not\u00edcias","description":"Seu portal de informa\u00e7\u00e3o sobre o mundo dos investimentos","publisher":{"@id":"https:\/\/www.suno.com.br\/noticias\/#organization"},"potentialAction":[{"@type":"SearchAction","target":{"@type":"EntryPoint","urlTemplate":"https:\/\/www.suno.com.br\/noticias\/?s={search_term_string}"},"query-input":{"@type":"PropertyValueSpecification","valueRequired":true,"valueName":"search_term_string"}}],"inLanguage":"pt-BR"},{"@type":"Organization","@id":"https:\/\/www.suno.com.br\/noticias\/#organization","name":"Suno Not\u00edcias","url":"https:\/\/www.suno.com.br\/noticias\/","logo":{"@type":"ImageObject","inLanguage":"pt-BR","@id":"https:\/\/www.suno.com.br\/noticias\/#\/schema\/logo\/image\/","url":"https:\/\/files.sunoresearch.com.br\/n\/uploads\/2021\/09\/suno-logo.png","contentUrl":"https:\/\/files.sunoresearch.com.br\/n\/uploads\/2021\/09\/suno-logo.png","width":180,"height":180,"caption":"Suno Not\u00edcias"},"image":{"@id":"https:\/\/www.suno.com.br\/noticias\/#\/schema\/logo\/image\/"},"sameAs":["https:\/\/facebook.com\/sunoresearch","https:\/\/x.com\/sunoresearch","https:\/\/www.instagram.com\/suno","https:\/\/www.linkedin.com\/company\/suno-research\/","https:\/\/www.youtube.com\/c\/sunoresearch"]},{"@type":"Person","@id":"https:\/\/www.suno.com.br\/noticias\/#\/schema\/person\/e67f665add014bf99f644028de070cc3","name":"Beatriz Oliveira","image":{"@type":"ImageObject","inLanguage":"pt-BR","@id":"https:\/\/www.suno.com.br\/noticias\/#\/schema\/person\/image\/","url":"https:\/\/secure.gravatar.com\/avatar\/c9aa6a0aaecc598d257d5d5bd349157d?s=96&r=g","contentUrl":"https:\/\/secure.gravatar.com\/avatar\/c9aa6a0aaecc598d257d5d5bd349157d?s=96&r=g","caption":"Beatriz Oliveira"},"description":"Formada em Jornalismo pela Faculdade Paulus de Tecnologia e Comunica\u00e7\u00e3o, Beatriz Oliveira escreve para o portal de not\u00edcias Suno Research. Antes, passou pelas reda\u00e7\u00f5es da Revista EXAME e da Rede Bandeirantes.","url":"https:\/\/www.suno.com.br\/noticias\/author\/beatriz\/"}]}},"default_loop_html":"<div class=\"cardsPage__listCard__boxs\"><div class=\"cardsPage__listCard__boxs__img\"><a href=\"https:\/\/www.suno.com.br\/noticias\/vamos-locacao-jsl-decide-cancelar-oferta-inicial-de-acoes-ipo-da-locadora\/\"><img class=\"mask\" src=\"https:\/\/www.suno.com.br\/noticias\/wp-content\/themes\/suno\/resources\/images\/spotlight\/spotlight1img\/bg-mask.png\" alt=\"Image Mask\"\/><img src=\"https:\/\/files.sunoresearch.com.br\/n\/uploads\/2019\/04\/809955e8-banner-lojas-400x200.webp\" alt=\"Vamos Loca\u00e7\u00e3o: JSL decide cancelar IPO da locadora\"\/><\/a><span class=\"spotlightCategory\"><a href=\"https:\/\/www.suno.com.br\/noticias\/negocios\/\">Neg\u00f3cios<\/a><\/span><\/div><div class=\"cardsPage__listCard__boxs__content\"><a href=\"https:\/\/www.suno.com.br\/noticias\/vamos-locacao-jsl-decide-cancelar-oferta-inicial-de-acoes-ipo-da-locadora\/\"><h2 class=\"content__title\">Vamos Loca\u00e7\u00e3o: JSL decide cancelar IPO da locadora<\/h2><\/a><div class=\"newsContent__article__meta\"><div class=\"newsContent__article__meta__authorBox\"><a href=\"https:\/\/www.suno.com.br\/noticias\/author\/beatriz\/\" class=\"authorBox__avatar noMobi\"><img src=\"https:\/\/secure.gravatar.com\/avatar\/c9aa6a0aaecc598d257d5d5bd349157d?s=96&#038;r=g\" alt=\"Beatriz Oliveira\"><\/a><div class=\"authorBox__name\"><span>por\n\t\t\t<a href=\"https:\/\/www.suno.com.br\/noticias\/author\/beatriz\/\"><span itemprop=\"author\">Beatriz Oliveira<\/span><\/a><\/span><time datetime=\"2019-04-29T12:17:37-03:00\" itemprop=\"datePublished\">29\/04\/2019 12:17<\/time><\/div><\/div><\/div><\/div><\/div>","single_layout":"posts","amp_enabled":true,"_links":{"self":[{"href":"https:\/\/www.suno.com.br\/noticias\/wp-json\/wp\/v2\/posts\/22639"}],"collection":[{"href":"https:\/\/www.suno.com.br\/noticias\/wp-json\/wp\/v2\/posts"}],"about":[{"href":"https:\/\/www.suno.com.br\/noticias\/wp-json\/wp\/v2\/types\/post"}],"author":[{"embeddable":true,"href":"https:\/\/www.suno.com.br\/noticias\/wp-json\/wp\/v2\/users\/16"}],"replies":[{"embeddable":true,"href":"https:\/\/www.suno.com.br\/noticias\/wp-json\/wp\/v2\/comments?post=22639"}],"version-history":[{"count":1,"href":"https:\/\/www.suno.com.br\/noticias\/wp-json\/wp\/v2\/posts\/22639\/revisions"}],"predecessor-version":[{"id":147215,"href":"https:\/\/www.suno.com.br\/noticias\/wp-json\/wp\/v2\/posts\/22639\/revisions\/147215"}],"wp:featuredmedia":[{"embeddable":true,"href":"https:\/\/www.suno.com.br\/noticias\/wp-json\/wp\/v2\/media\/22425"}],"wp:attachment":[{"href":"https:\/\/www.suno.com.br\/noticias\/wp-json\/wp\/v2\/media?parent=22639"}],"wp:term":[{"taxonomy":"category","embeddable":true,"href":"https:\/\/www.suno.com.br\/noticias\/wp-json\/wp\/v2\/categories?post=22639"},{"taxonomy":"post_tag","embeddable":true,"href":"https:\/\/www.suno.com.br\/noticias\/wp-json\/wp\/v2\/tags?post=22639"},{"taxonomy":"suno_strategy","embeddable":true,"href":"https:\/\/www.suno.com.br\/noticias\/wp-json\/wp\/v2\/suno_strategy?post=22639"}],"curies":[{"name":"wp","href":"https:\/\/api.w.org\/{rel}","templated":true}]}}