{"id":226158,"date":"2022-01-27T11:48:45","date_gmt":"2022-01-27T14:48:45","guid":{"rendered":"https:\/\/www.suno.com.br\/noticias\/?p=226158"},"modified":"2022-01-27T11:48:45","modified_gmt":"2022-01-27T14:48:45","slug":"confianca-da-industria-fgv","status":"publish","type":"post","link":"https:\/\/www.suno.com.br\/noticias\/confianca-da-industria-fgv\/","title":{"rendered":"FGV: Confian\u00e7a da Ind\u00fastria cai 1,7 ponto em janeiro, 6\u00aa seguida"},"content":{"rendered":"<p>O <a class=\"suno-keyword\" href=\"https:\/\/www.suno.com.br\/artigos\/indice-de-confianca\/\" target=\"_blank\" rel=\"noopener\" data-force=\"no\" data-priority=\"1\">\u00cdndice de Confian\u00e7a<\/a> da Ind\u00fastria (ICI) apresentou queda de 1,7 ponto em janeiro na compara\u00e7\u00e3o com dezembro, a 98,4 pontos, informou nesta quinta-feira o Instituto Brasileiro de Economia da<a href=\"https:\/\/portal.fgv.br\/en\"> Funda\u00e7\u00e3o Getulio Vargas<\/a> (<strong>FGV<\/strong>\/Ibre). A sexta queda consecutiva levou o ICI ao menor n\u00edvel desde julho de 2020 (89,8 pontos).<\/p>\t<div class=\"wrapper-featured-image\">\n\t\t<figure class=\"spotlightImg\">\n\n\t\t\t<picture>\n\t\t\t\t<source media=\"(max-width: 768px)\" srcset=\"https:\/\/files.sunoresearch.com.br\/n\/uploads\/2021\/12\/fabrica-brf-abu-dhabi_mcamgo_abr_051020211818-3-400x200.jpg\">\n\t\t\t\t<img loading=\"lazy\" decoding=\"async\" class=\"newsContent__article__imgCapa lazyloadDisabled \" src=\"https:\/\/files.sunoresearch.com.br\/n\/uploads\/2021\/12\/fabrica-brf-abu-dhabi_mcamgo_abr_051020211818-3-800x450.jpg\" width=\"800\" height=\"450\" alt=\"FGV: Confian\u00e7a da Ind\u00fastria cai 1,7 ponto em janeiro, 6\u00aa seguida\" fetchpriority=high \/>\n\t\t\t<\/picture>\n\n\t\t\t<figcaption class=\"wp-caption-text wp-caption-text--show\"> Enchentes no RS fazem vendas da ind\u00fastria ga\u00facha- Foto: Marcelo Camargo\/Ag\u00eancia Brasil<\/figcaption>\n\t\t<\/figure>\n\t<\/div>\n\n\n\t<p>\n\t\t<a href=\"https:\/\/lp.suno.com.br\/planilha-controle-gastos\/\" target=\"_blank\" data-element=\"shortcode-suno-banner\" title=\"Banner SUNO, clique e saiba mais\">\n\t\t\t<picture>\n\t\t\t\t<source media=\"(max-width: 500px)\" srcset=\"https:\/\/files.sunoresearch.com.br\/n\/uploads\/2023\/03\/400x300-Planilha-controle-de-gastos.png\">\n\t\t\t\t<img class=\"newsContent__article__imgCapa newsContent__article__imgCapa--banner\"\n\t\t\t\t\tsrc=\"https:\/\/files.sunoresearch.com.br\/n\/uploads\/2023\/03\/1420x240-Planilha-controle-de-gastos.png\"\n\t\t\t\t\tdata-promo-id=\"101751\"\t\t\t\t\t\t\t\t\t\twidth='1420' height='240'\t\t\t\t\talt=\"https:\/\/files.sunoresearch.com.br\/n\/uploads\/2023\/03\/1420x240-Planilha-controle-de-gastos.png\"\n\t\t\t\t>\n\t\t\t<\/picture>\n\t\t<\/a>\n\t<\/p>\n\n\n<p>O novo recuo reflete as incertezas com o setor em decorr\u00eancia do recente aumento de casos da covid-19, que tem levado \u00e0 redu\u00e7\u00e3o no quadro de funcion\u00e1rios e amplia\u00e7\u00e3o das restri\u00e7\u00f5es em diversos pa\u00edses, explica em nota a economista do FGV\/Ibre Claudia Perdig\u00e3o.<\/p>\n<p>&#8220;Tanto as perspectivas sobre o ritmo da <strong>atividade<\/strong> <strong>produtiva<\/strong>, quanto sobre a evolu\u00e7\u00e3o da demanda foram comprometidas&#8221;, acrescenta.<\/p>\n<p>Perdig\u00e3o apresenta ainda que uma sequ\u00eancia de quedas como essa n\u00e3o \u00e9 observada desde 2014, quando foram registrados oito meses seguidos de retra\u00e7\u00e3o.<\/p>\n\t<p>\n\t\t<a href=\"https:\/\/lp.suno.com.br\/planilha-da-vida-financeira\/\" target=\"_blank\" data-element=\"shortcode-suno-banner\" title=\"Banner SUNO, clique e saiba mais\">\n\t\t\t<picture>\n\t\t\t\t<source media=\"(max-width: 500px)\" srcset=\"https:\/\/files.sunoresearch.com.br\/n\/uploads\/2023\/04\/400x300-Planilha-vida-financeira-true.png\">\n\t\t\t\t<img class=\"newsContent__article__imgCapa newsContent__article__imgCapa--banner\"\n\t\t\t\t\tsrc=\"https:\/\/files.sunoresearch.com.br\/n\/uploads\/2023\/04\/1420x240-Planilha-vida-financeira-true.png\"\n\t\t\t\t\tdata-promo-id=\"106682\"\t\t\t\t\t\t\t\t\t\twidth='1420' height='240'\t\t\t\t\talt=\"https:\/\/files.sunoresearch.com.br\/n\/uploads\/2023\/04\/1420x240-Planilha-vida-financeira-true.png\"\n\t\t\t\t>\n\t\t\t<\/picture>\n\t\t<\/a>\n\t<\/p>\n\n\n<p>Apesar disso, a economista considera que a redu\u00e7\u00e3o gradual dos gargalos de insumos pode colaborar para a recupera\u00e7\u00e3o do setor ao longo de 2022.<\/p>\n<p>O <strong>\u00cdndice<\/strong> Situa\u00e7\u00e3o Atual (ISA) cedeu 1,2 ponto em janeiro, para 99,8 pontos, o menor valor desde agosto de 2020 (97,8 pontos).<\/p>\n<p>O recuo foi puxado por queda de 6,4 pontos na situa\u00e7\u00e3o atual dos neg\u00f3cios, que chegou a 89,4 pontos, menor n\u00edvel desde julho de 2020 (87,0). A demanda total tamb\u00e9m apresentou queda, recuando 4,2 pontos, a 99,5 pontos.<\/p>\n\t<p>\n\t\t<a href=\"https:\/\/lp.suno.com.br\/ebook-como-analisar-uma-acao\/\" target=\"_blank\" data-element=\"shortcode-suno-banner\" title=\"Banner SUNO, clique e saiba mais\">\n\t\t\t<picture>\n\t\t\t\t<source media=\"(max-width: 500px)\" srcset=\"https:\/\/files.sunoresearch.com.br\/n\/uploads\/2023\/03\/Ebook-Acoes-Mobile-1.jpg\">\n\t\t\t\t<img class=\"newsContent__article__imgCapa newsContent__article__imgCapa--banner\"\n\t\t\t\t\tsrc=\"https:\/\/files.sunoresearch.com.br\/n\/uploads\/2023\/03\/Ebook-Acoes-Desktop-1.jpg\"\n\t\t\t\t\tdata-promo-id=\"171998\"\t\t\t\t\t\t\t\t\t\twidth='1420' height='286'\t\t\t\t\talt=\"https:\/\/files.sunoresearch.com.br\/n\/uploads\/2023\/03\/Ebook-Acoes-Desktop-1.jpg\"\n\t\t\t\t>\n\t\t\t<\/picture>\n\t\t<\/a>\n\t<\/p>\n\n\n<h2>IE e Nuci caem, diz FGV<\/h2>\n<p>O \u00cdndice de Expectativas (IE), por sua vez, caiu 2,0 pontos, para 97,1 pontos, menor patamar desde abril de 2021 (96,9 pontos). Entre as aberturas, a produ\u00e7\u00e3o prevista para os pr\u00f3ximos tr\u00eas meses foi quem mais influenciou a queda da <strong>confian\u00e7a na ind\u00fastria<\/strong> no per\u00edodo, com recuo de 4,7 pontos, a 94,1 pontos, atingindo o menor patamar desde maio de 2021 (93,1 pontos).<\/p>\n<p>A tend\u00eancia dos neg\u00f3cios para os pr\u00f3ximos seis meses (-1,2 ponto, a 95,4 pontos) manteve trajet\u00f3ria de queda pelo sexto m\u00eas consecutivo, j\u00e1 o emprego previsto para os pr\u00f3ximos meses permaneceu relativamente est\u00e1vel (0,3 ponto, a 102,1 pontos).<\/p>\n<p>O N\u00edvel de Utiliza\u00e7\u00e3o da <a class=\"suno-keyword\" href=\"https:\/\/www.suno.com.br\/artigos\/capacidade-instalada\/\" target=\"_blank\" rel=\"noopener\" data-force=\"no\" data-priority=\"1\"><strong>Capacidade Instalada<\/strong><\/a> (Nuci) retornou ao patamar de novembro de 2021 ao subir 1,0 ponto porcentual em janeiro, para 80,7%.<\/p>\n<p>O levantamento contou com informa\u00e7\u00f5es de 1.043 empresas entre os dias 1\u00ba e 24 de janeiro. A pr\u00f3xima divulga\u00e7\u00e3o da Sondagem da Ind\u00fastria pela <strong>FGV<\/strong> ocorrer\u00e1 em 25 de fevereiro.<\/p>\n<p><em>Com informa\u00e7\u00f5es do Estad\u00e3o Conte\u00fado<\/em><\/p>\n\t<p>\n\t\t<a href=\"https:\/\/lp.suno.com.br\/planilha-de-controle-de-investimentos\/\" target=\"_blank\" data-element=\"shortcode-suno-banner\" title=\"Banner SUNO, clique e saiba mais\">\n\t\t\t<picture>\n\t\t\t\t<source media=\"(max-width: 500px)\" srcset=\"https:\/\/files.sunoresearch.com.br\/n\/uploads\/2023\/03\/400x300-Controle-de-Investimentos.png\">\n\t\t\t\t<img class=\"newsContent__article__imgCapa newsContent__article__imgCapa--banner\"\n\t\t\t\t\tsrc=\"https:\/\/files.sunoresearch.com.br\/n\/uploads\/2023\/03\/1420x240-Controle-de-Investimentos.png\"\n\t\t\t\t\tdata-promo-id=\"75934\"\t\t\t\t\t\t\t\t\t\twidth='1420' height='240'\t\t\t\t\talt=\"https:\/\/files.sunoresearch.com.br\/n\/uploads\/2023\/03\/1420x240-Controle-de-Investimentos.png\"\n\t\t\t\t>\n\t\t\t<\/picture>\n\t\t<\/a>\n\t<\/p>\n\n\n","protected":false},"excerpt":{"rendered":"<p>O \u00cdndice de Confian\u00e7a da Ind\u00fastria (ICI) apresentou queda de 1,7 ponto em janeiro na compara\u00e7\u00e3o com dezembro, a 98,4 pontos, informou nesta quinta-feira o Instituto Brasileiro de Economia da Funda\u00e7\u00e3o Getulio Vargas (FGV\/Ibre). A sexta queda consecutiva levou o ICI ao menor n\u00edvel desde julho de 2020 (89,8 pontos). Enchentes no RS fazem vendas [&hellip;]<\/p>\n","protected":false},"author":73,"featured_media":211773,"comment_status":"closed","ping_status":"closed","sticky":false,"template":"","format":"standard","meta":[],"categories":[62],"tags":[106444,2501,797],"suno_strategy":[],"class_list":["post-226158","post","type-post","status-publish","format-standard","has-post-thumbnail","hentry","category-economia","tag-agencias","tag-confianca-da-industria","tag-fgv"],"yoast_head":"<!-- This site is optimized with the Yoast SEO plugin v24.4 - https:\/\/yoast.com\/wordpress\/plugins\/seo\/ -->\n<title>FGV: Confian\u00e7a da Ind\u00fastria cai 1,7 ponto em janeiro, 6\u00aa seguida<\/title>\n<meta name=\"description\" content=\"Segundo economista da FGV, novo recuo reflete as incertezas com o setor em decorr\u00eancia do recente aumento de casos da covid-19. Leia mais.\" \/>\n<meta name=\"robots\" content=\"index, follow, max-snippet:-1, max-image-preview:large, max-video-preview:-1\" \/>\n<link rel=\"canonical\" href=\"https:\/\/www.suno.com.br\/noticias\/confianca-da-industria-fgv\/\" \/>\n<meta property=\"og:locale\" content=\"pt_BR\" \/>\n<meta property=\"og:type\" content=\"article\" \/>\n<meta property=\"og:title\" content=\"FGV: Confian\u00e7a da Ind\u00fastria cai 1,7 ponto em janeiro, 6\u00aa seguida\" \/>\n<meta property=\"og:description\" content=\"Segundo economista da FGV, novo recuo reflete as incertezas com o setor em decorr\u00eancia do recente aumento de casos da covid-19. Leia mais.\" \/>\n<meta property=\"og:url\" content=\"https:\/\/www.suno.com.br\/noticias\/confianca-da-industria-fgv\/\" \/>\n<meta property=\"og:site_name\" content=\"Suno Not\u00edcias\" \/>\n<meta property=\"article:publisher\" content=\"https:\/\/facebook.com\/sunoresearch\" \/>\n<meta property=\"og:image\" content=\"https:\/\/files.sunoresearch.com.br\/n\/uploads\/2021\/12\/fabrica-brf-abu-dhabi_mcamgo_abr_051020211818-3-scaled.jpg\" \/>\n\t<meta property=\"og:image:width\" content=\"2560\" \/>\n\t<meta property=\"og:image:height\" content=\"1707\" \/>\n\t<meta property=\"og:image:type\" content=\"image\/jpeg\" \/>\n<meta name=\"author\" content=\"Eduardo Vargas\" \/>\n<meta name=\"twitter:card\" content=\"summary_large_image\" \/>\n<meta name=\"twitter:creator\" content=\"@sunoresearch\" \/>\n<meta name=\"twitter:site\" content=\"@sunoresearch\" \/>\n<meta name=\"twitter:label1\" content=\"Escrito por\" \/>\n\t<meta name=\"twitter:data1\" content=\"Eduardo Vargas\" \/>\n\t<meta name=\"twitter:label2\" content=\"Est. tempo de leitura\" \/>\n\t<meta name=\"twitter:data2\" content=\"2 minutos\" \/>\n<script type=\"application\/ld+json\" class=\"yoast-schema-graph\">{\"@context\":\"https:\/\/schema.org\",\"@graph\":[{\"@type\":\"NewsArticle\",\"@id\":\"https:\/\/www.suno.com.br\/noticias\/confianca-da-industria-fgv\/#article\",\"isPartOf\":{\"@id\":\"https:\/\/www.suno.com.br\/noticias\/confianca-da-industria-fgv\/\"},\"author\":{\"name\":\"Eduardo Vargas\",\"@id\":\"https:\/\/www.suno.com.br\/noticias\/#\/schema\/person\/7f4d362bf3518e76090143ae77bb49a5\"},\"headline\":\"FGV: Confian\u00e7a da Ind\u00fastria cai 1,7 ponto em janeiro, 6\u00aa seguida\",\"datePublished\":\"2022-01-27T14:48:45+00:00\",\"mainEntityOfPage\":{\"@id\":\"https:\/\/www.suno.com.br\/noticias\/confianca-da-industria-fgv\/\"},\"wordCount\":419,\"publisher\":{\"@id\":\"https:\/\/www.suno.com.br\/noticias\/#organization\"},\"image\":{\"@id\":\"https:\/\/www.suno.com.br\/noticias\/confianca-da-industria-fgv\/#primaryimage\"},\"thumbnailUrl\":\"https:\/\/files.sunoresearch.com.br\/n\/uploads\/2021\/12\/fabrica-brf-abu-dhabi_mcamgo_abr_051020211818-3-scaled.jpg\",\"keywords\":[\"Ag\u00eancias\",\"Confian\u00e7a da ind\u00fastria\",\"FGV\"],\"articleSection\":[\"Economia\"],\"inLanguage\":\"pt-BR\"},{\"@type\":\"WebPage\",\"@id\":\"https:\/\/www.suno.com.br\/noticias\/confianca-da-industria-fgv\/\",\"url\":\"https:\/\/www.suno.com.br\/noticias\/confianca-da-industria-fgv\/\",\"name\":\"FGV: Confian\u00e7a da Ind\u00fastria cai 1,7 ponto em janeiro, 6\u00aa seguida\",\"isPartOf\":{\"@id\":\"https:\/\/www.suno.com.br\/noticias\/#website\"},\"primaryImageOfPage\":{\"@id\":\"https:\/\/www.suno.com.br\/noticias\/confianca-da-industria-fgv\/#primaryimage\"},\"image\":{\"@id\":\"https:\/\/www.suno.com.br\/noticias\/confianca-da-industria-fgv\/#primaryimage\"},\"thumbnailUrl\":\"https:\/\/files.sunoresearch.com.br\/n\/uploads\/2021\/12\/fabrica-brf-abu-dhabi_mcamgo_abr_051020211818-3-scaled.jpg\",\"datePublished\":\"2022-01-27T14:48:45+00:00\",\"description\":\"Segundo economista da FGV, novo recuo reflete as incertezas com o setor em decorr\u00eancia do recente aumento de casos da covid-19. Leia mais.\",\"breadcrumb\":{\"@id\":\"https:\/\/www.suno.com.br\/noticias\/confianca-da-industria-fgv\/#breadcrumb\"},\"inLanguage\":\"pt-BR\",\"potentialAction\":[{\"@type\":\"ReadAction\",\"target\":[\"https:\/\/www.suno.com.br\/noticias\/confianca-da-industria-fgv\/\"]}]},{\"@type\":\"ImageObject\",\"inLanguage\":\"pt-BR\",\"@id\":\"https:\/\/www.suno.com.br\/noticias\/confianca-da-industria-fgv\/#primaryimage\",\"url\":\"https:\/\/files.sunoresearch.com.br\/n\/uploads\/2021\/12\/fabrica-brf-abu-dhabi_mcamgo_abr_051020211818-3-scaled.jpg\",\"contentUrl\":\"https:\/\/files.sunoresearch.com.br\/n\/uploads\/2021\/12\/fabrica-brf-abu-dhabi_mcamgo_abr_051020211818-3-scaled.jpg\",\"width\":2560,\"height\":1707,\"caption\":\"Enchentes no RS fazem vendas da ind\u00fastria ga\u00facha- Foto: Marcelo Camargo\/Ag\u00eancia Brasil\"},{\"@type\":\"BreadcrumbList\",\"@id\":\"https:\/\/www.suno.com.br\/noticias\/confianca-da-industria-fgv\/#breadcrumb\",\"itemListElement\":[{\"@type\":\"ListItem\",\"position\":1,\"name\":\"Not\u00edcias\",\"item\":\"https:\/\/www.suno.com.br\/noticias\/\"},{\"@type\":\"ListItem\",\"position\":2,\"name\":\"Economia\",\"item\":\"https:\/\/www.suno.com.br\/noticias\/economia\/\"},{\"@type\":\"ListItem\",\"position\":3,\"name\":\"FGV: Confian\u00e7a da Ind\u00fastria cai 1,7 ponto em janeiro, 6\u00aa seguida\"}]},{\"@type\":\"WebSite\",\"@id\":\"https:\/\/www.suno.com.br\/noticias\/#website\",\"url\":\"https:\/\/www.suno.com.br\/noticias\/\",\"name\":\"Suno Not\u00edcias\",\"description\":\"Seu portal de informa\u00e7\u00e3o sobre o mundo dos investimentos\",\"publisher\":{\"@id\":\"https:\/\/www.suno.com.br\/noticias\/#organization\"},\"potentialAction\":[{\"@type\":\"SearchAction\",\"target\":{\"@type\":\"EntryPoint\",\"urlTemplate\":\"https:\/\/www.suno.com.br\/noticias\/?s={search_term_string}\"},\"query-input\":{\"@type\":\"PropertyValueSpecification\",\"valueRequired\":true,\"valueName\":\"search_term_string\"}}],\"inLanguage\":\"pt-BR\"},{\"@type\":\"Organization\",\"@id\":\"https:\/\/www.suno.com.br\/noticias\/#organization\",\"name\":\"Suno Not\u00edcias\",\"url\":\"https:\/\/www.suno.com.br\/noticias\/\",\"logo\":{\"@type\":\"ImageObject\",\"inLanguage\":\"pt-BR\",\"@id\":\"https:\/\/www.suno.com.br\/noticias\/#\/schema\/logo\/image\/\",\"url\":\"https:\/\/files.sunoresearch.com.br\/n\/uploads\/2021\/09\/suno-logo.png\",\"contentUrl\":\"https:\/\/files.sunoresearch.com.br\/n\/uploads\/2021\/09\/suno-logo.png\",\"width\":180,\"height\":180,\"caption\":\"Suno Not\u00edcias\"},\"image\":{\"@id\":\"https:\/\/www.suno.com.br\/noticias\/#\/schema\/logo\/image\/\"},\"sameAs\":[\"https:\/\/facebook.com\/sunoresearch\",\"https:\/\/x.com\/sunoresearch\",\"https:\/\/www.instagram.com\/suno\",\"https:\/\/www.linkedin.com\/company\/suno-research\/\",\"https:\/\/www.youtube.com\/c\/sunoresearch\"]},{\"@type\":\"Person\",\"@id\":\"https:\/\/www.suno.com.br\/noticias\/#\/schema\/person\/7f4d362bf3518e76090143ae77bb49a5\",\"name\":\"Eduardo Vargas\",\"image\":{\"@type\":\"ImageObject\",\"inLanguage\":\"pt-BR\",\"@id\":\"https:\/\/www.suno.com.br\/noticias\/#\/schema\/person\/image\/\",\"url\":\"https:\/\/secure.gravatar.com\/avatar\/dac340933427a22924c9f99d1eb2e3f2?s=96&r=g\",\"contentUrl\":\"https:\/\/secure.gravatar.com\/avatar\/dac340933427a22924c9f99d1eb2e3f2?s=96&r=g\",\"caption\":\"Eduardo Vargas\"},\"description\":\"Jornalista formado pela UFSC, cobre macroeconomia, neg\u00f3cios e startups para o Suno Not\u00edcias, escrevendo principalmente not\u00edcias sobre o mercado financeiro e a bolsa de valores. No YouTube e no Instagram, \u00e9 respons\u00e1vel pela produ\u00e7\u00e3o de Reels e Shorts do Suno Not\u00edcias. Anteriormente, trabalhou cobrindo economia e cotidiano no ND+ e para o ND, maior jornal impresso de Santa Catarina. Cursou um semestre letivo de Estudos de M\u00eddia na Universidad de Buenos Aires.\",\"url\":\"https:\/\/www.suno.com.br\/noticias\/author\/eduardo-vargas\/\"}]}<\/script>\n<!-- \/ Yoast SEO plugin. -->","yoast_head_json":{"title":"FGV: Confian\u00e7a da Ind\u00fastria cai 1,7 ponto em janeiro, 6\u00aa seguida","description":"Segundo economista da FGV, novo recuo reflete as incertezas com o setor em decorr\u00eancia do recente aumento de casos da covid-19. Leia mais.","robots":{"index":"index","follow":"follow","max-snippet":"max-snippet:-1","max-image-preview":"max-image-preview:large","max-video-preview":"max-video-preview:-1"},"canonical":"https:\/\/www.suno.com.br\/noticias\/confianca-da-industria-fgv\/","og_locale":"pt_BR","og_type":"article","og_title":"FGV: Confian\u00e7a da Ind\u00fastria cai 1,7 ponto em janeiro, 6\u00aa seguida","og_description":"Segundo economista da FGV, novo recuo reflete as incertezas com o setor em decorr\u00eancia do recente aumento de casos da covid-19. Leia mais.","og_url":"https:\/\/www.suno.com.br\/noticias\/confianca-da-industria-fgv\/","og_site_name":"Suno Not\u00edcias","article_publisher":"https:\/\/facebook.com\/sunoresearch","og_image":[{"width":2560,"height":1707,"url":"https:\/\/files.sunoresearch.com.br\/n\/uploads\/2021\/12\/fabrica-brf-abu-dhabi_mcamgo_abr_051020211818-3-scaled.jpg","type":"image\/jpeg"}],"author":"Eduardo Vargas","twitter_card":"summary_large_image","twitter_creator":"@sunoresearch","twitter_site":"@sunoresearch","twitter_misc":{"Escrito por":"Eduardo Vargas","Est. tempo de leitura":"2 minutos"},"schema":{"@context":"https:\/\/schema.org","@graph":[{"@type":"NewsArticle","@id":"https:\/\/www.suno.com.br\/noticias\/confianca-da-industria-fgv\/#article","isPartOf":{"@id":"https:\/\/www.suno.com.br\/noticias\/confianca-da-industria-fgv\/"},"author":{"name":"Eduardo Vargas","@id":"https:\/\/www.suno.com.br\/noticias\/#\/schema\/person\/7f4d362bf3518e76090143ae77bb49a5"},"headline":"FGV: Confian\u00e7a da Ind\u00fastria cai 1,7 ponto em janeiro, 6\u00aa seguida","datePublished":"2022-01-27T14:48:45+00:00","mainEntityOfPage":{"@id":"https:\/\/www.suno.com.br\/noticias\/confianca-da-industria-fgv\/"},"wordCount":419,"publisher":{"@id":"https:\/\/www.suno.com.br\/noticias\/#organization"},"image":{"@id":"https:\/\/www.suno.com.br\/noticias\/confianca-da-industria-fgv\/#primaryimage"},"thumbnailUrl":"https:\/\/files.sunoresearch.com.br\/n\/uploads\/2021\/12\/fabrica-brf-abu-dhabi_mcamgo_abr_051020211818-3-scaled.jpg","keywords":["Ag\u00eancias","Confian\u00e7a da ind\u00fastria","FGV"],"articleSection":["Economia"],"inLanguage":"pt-BR"},{"@type":"WebPage","@id":"https:\/\/www.suno.com.br\/noticias\/confianca-da-industria-fgv\/","url":"https:\/\/www.suno.com.br\/noticias\/confianca-da-industria-fgv\/","name":"FGV: Confian\u00e7a da Ind\u00fastria cai 1,7 ponto em janeiro, 6\u00aa seguida","isPartOf":{"@id":"https:\/\/www.suno.com.br\/noticias\/#website"},"primaryImageOfPage":{"@id":"https:\/\/www.suno.com.br\/noticias\/confianca-da-industria-fgv\/#primaryimage"},"image":{"@id":"https:\/\/www.suno.com.br\/noticias\/confianca-da-industria-fgv\/#primaryimage"},"thumbnailUrl":"https:\/\/files.sunoresearch.com.br\/n\/uploads\/2021\/12\/fabrica-brf-abu-dhabi_mcamgo_abr_051020211818-3-scaled.jpg","datePublished":"2022-01-27T14:48:45+00:00","description":"Segundo economista da FGV, novo recuo reflete as incertezas com o setor em decorr\u00eancia do recente aumento de casos da covid-19. Leia mais.","breadcrumb":{"@id":"https:\/\/www.suno.com.br\/noticias\/confianca-da-industria-fgv\/#breadcrumb"},"inLanguage":"pt-BR","potentialAction":[{"@type":"ReadAction","target":["https:\/\/www.suno.com.br\/noticias\/confianca-da-industria-fgv\/"]}]},{"@type":"ImageObject","inLanguage":"pt-BR","@id":"https:\/\/www.suno.com.br\/noticias\/confianca-da-industria-fgv\/#primaryimage","url":"https:\/\/files.sunoresearch.com.br\/n\/uploads\/2021\/12\/fabrica-brf-abu-dhabi_mcamgo_abr_051020211818-3-scaled.jpg","contentUrl":"https:\/\/files.sunoresearch.com.br\/n\/uploads\/2021\/12\/fabrica-brf-abu-dhabi_mcamgo_abr_051020211818-3-scaled.jpg","width":2560,"height":1707,"caption":"Enchentes no RS fazem vendas da ind\u00fastria ga\u00facha- Foto: Marcelo Camargo\/Ag\u00eancia Brasil"},{"@type":"BreadcrumbList","@id":"https:\/\/www.suno.com.br\/noticias\/confianca-da-industria-fgv\/#breadcrumb","itemListElement":[{"@type":"ListItem","position":1,"name":"Not\u00edcias","item":"https:\/\/www.suno.com.br\/noticias\/"},{"@type":"ListItem","position":2,"name":"Economia","item":"https:\/\/www.suno.com.br\/noticias\/economia\/"},{"@type":"ListItem","position":3,"name":"FGV: Confian\u00e7a da Ind\u00fastria cai 1,7 ponto em janeiro, 6\u00aa seguida"}]},{"@type":"WebSite","@id":"https:\/\/www.suno.com.br\/noticias\/#website","url":"https:\/\/www.suno.com.br\/noticias\/","name":"Suno Not\u00edcias","description":"Seu portal de informa\u00e7\u00e3o sobre o mundo dos investimentos","publisher":{"@id":"https:\/\/www.suno.com.br\/noticias\/#organization"},"potentialAction":[{"@type":"SearchAction","target":{"@type":"EntryPoint","urlTemplate":"https:\/\/www.suno.com.br\/noticias\/?s={search_term_string}"},"query-input":{"@type":"PropertyValueSpecification","valueRequired":true,"valueName":"search_term_string"}}],"inLanguage":"pt-BR"},{"@type":"Organization","@id":"https:\/\/www.suno.com.br\/noticias\/#organization","name":"Suno Not\u00edcias","url":"https:\/\/www.suno.com.br\/noticias\/","logo":{"@type":"ImageObject","inLanguage":"pt-BR","@id":"https:\/\/www.suno.com.br\/noticias\/#\/schema\/logo\/image\/","url":"https:\/\/files.sunoresearch.com.br\/n\/uploads\/2021\/09\/suno-logo.png","contentUrl":"https:\/\/files.sunoresearch.com.br\/n\/uploads\/2021\/09\/suno-logo.png","width":180,"height":180,"caption":"Suno Not\u00edcias"},"image":{"@id":"https:\/\/www.suno.com.br\/noticias\/#\/schema\/logo\/image\/"},"sameAs":["https:\/\/facebook.com\/sunoresearch","https:\/\/x.com\/sunoresearch","https:\/\/www.instagram.com\/suno","https:\/\/www.linkedin.com\/company\/suno-research\/","https:\/\/www.youtube.com\/c\/sunoresearch"]},{"@type":"Person","@id":"https:\/\/www.suno.com.br\/noticias\/#\/schema\/person\/7f4d362bf3518e76090143ae77bb49a5","name":"Eduardo Vargas","image":{"@type":"ImageObject","inLanguage":"pt-BR","@id":"https:\/\/www.suno.com.br\/noticias\/#\/schema\/person\/image\/","url":"https:\/\/secure.gravatar.com\/avatar\/dac340933427a22924c9f99d1eb2e3f2?s=96&r=g","contentUrl":"https:\/\/secure.gravatar.com\/avatar\/dac340933427a22924c9f99d1eb2e3f2?s=96&r=g","caption":"Eduardo Vargas"},"description":"Jornalista formado pela UFSC, cobre macroeconomia, neg\u00f3cios e startups para o Suno Not\u00edcias, escrevendo principalmente not\u00edcias sobre o mercado financeiro e a bolsa de valores. No YouTube e no Instagram, \u00e9 respons\u00e1vel pela produ\u00e7\u00e3o de Reels e Shorts do Suno Not\u00edcias. Anteriormente, trabalhou cobrindo economia e cotidiano no ND+ e para o ND, maior jornal impresso de Santa Catarina. Cursou um semestre letivo de Estudos de M\u00eddia na Universidad de Buenos Aires.","url":"https:\/\/www.suno.com.br\/noticias\/author\/eduardo-vargas\/"}]}},"default_loop_html":"<div class=\"cardsPage__listCard__boxs\"><div class=\"cardsPage__listCard__boxs__img\"><a href=\"https:\/\/www.suno.com.br\/noticias\/confianca-da-industria-fgv\/\"><img class=\"mask\" src=\"https:\/\/www.suno.com.br\/noticias\/wp-content\/themes\/suno\/resources\/images\/spotlight\/spotlight1img\/bg-mask.png\" alt=\"Image Mask\"\/><img src=\"https:\/\/files.sunoresearch.com.br\/n\/uploads\/2021\/12\/fabrica-brf-abu-dhabi_mcamgo_abr_051020211818-3-400x200.jpg\" alt=\"FGV: Confian\u00e7a da Ind\u00fastria cai 1,7 ponto em janeiro, 6\u00aa seguida\"\/><\/a><span class=\"spotlightCategory\"><a href=\"https:\/\/www.suno.com.br\/noticias\/economia\/\">Economia<\/a><\/span><\/div><div class=\"cardsPage__listCard__boxs__content\"><a href=\"https:\/\/www.suno.com.br\/noticias\/confianca-da-industria-fgv\/\"><h2 class=\"content__title\">FGV: Confian\u00e7a da Ind\u00fastria cai 1,7 ponto em janeiro, 6\u00aa seguida<\/h2><\/a><div class=\"newsContent__article__meta\"><div class=\"newsContent__article__meta__authorBox\"><a href=\"https:\/\/www.suno.com.br\/noticias\/author\/eduardo-vargas\/\" class=\"authorBox__avatar noMobi\"><img src=\"https:\/\/secure.gravatar.com\/avatar\/dac340933427a22924c9f99d1eb2e3f2?s=96&#038;r=g\" alt=\"Eduardo Vargas\"><\/a><div class=\"authorBox__name\"><span>por\n\t\t\t<a href=\"https:\/\/www.suno.com.br\/noticias\/author\/eduardo-vargas\/\"><span itemprop=\"author\">Eduardo Vargas<\/span><\/a><\/span><time datetime=\"2022-01-27T11:48:45-03:00\" itemprop=\"datePublished\">27\/01\/2022 11:48<\/time><\/div><\/div><\/div><\/div><\/div>","single_layout":"posts","amp_enabled":true,"_links":{"self":[{"href":"https:\/\/www.suno.com.br\/noticias\/wp-json\/wp\/v2\/posts\/226158"}],"collection":[{"href":"https:\/\/www.suno.com.br\/noticias\/wp-json\/wp\/v2\/posts"}],"about":[{"href":"https:\/\/www.suno.com.br\/noticias\/wp-json\/wp\/v2\/types\/post"}],"author":[{"embeddable":true,"href":"https:\/\/www.suno.com.br\/noticias\/wp-json\/wp\/v2\/users\/73"}],"replies":[{"embeddable":true,"href":"https:\/\/www.suno.com.br\/noticias\/wp-json\/wp\/v2\/comments?post=226158"}],"version-history":[{"count":2,"href":"https:\/\/www.suno.com.br\/noticias\/wp-json\/wp\/v2\/posts\/226158\/revisions"}],"predecessor-version":[{"id":226224,"href":"https:\/\/www.suno.com.br\/noticias\/wp-json\/wp\/v2\/posts\/226158\/revisions\/226224"}],"wp:featuredmedia":[{"embeddable":true,"href":"https:\/\/www.suno.com.br\/noticias\/wp-json\/wp\/v2\/media\/211773"}],"wp:attachment":[{"href":"https:\/\/www.suno.com.br\/noticias\/wp-json\/wp\/v2\/media?parent=226158"}],"wp:term":[{"taxonomy":"category","embeddable":true,"href":"https:\/\/www.suno.com.br\/noticias\/wp-json\/wp\/v2\/categories?post=226158"},{"taxonomy":"post_tag","embeddable":true,"href":"https:\/\/www.suno.com.br\/noticias\/wp-json\/wp\/v2\/tags?post=226158"},{"taxonomy":"suno_strategy","embeddable":true,"href":"https:\/\/www.suno.com.br\/noticias\/wp-json\/wp\/v2\/suno_strategy?post=226158"}],"curies":[{"name":"wp","href":"https:\/\/api.w.org\/{rel}","templated":true}]}}