{"id":22596,"date":"2019-04-29T09:54:37","date_gmt":"2019-04-29T12:54:37","guid":{"rendered":"https:\/\/www.suno.com.br\/noticias\/?p=22596"},"modified":"2019-04-29T19:59:39","modified_gmt":"2019-04-29T22:59:39","slug":"imposto-aplicado-dizimo-igrejas","status":"publish","type":"post","link":"https:\/\/www.suno.com.br\/noticias\/imposto-aplicado-dizimo-igrejas\/","title":{"rendered":"Novo imposto ser\u00e1 aplicado at\u00e9 a d\u00edzimo de igrejas, diz Marcos Cintra"},"content":{"rendered":"<p>O governo federal pretende criar a <strong>Contribui\u00e7\u00e3o Previdenci\u00e1ria<\/strong> (CP), um novo imposto sobre transa\u00e7\u00f5es financeiras. O novo tributo ser\u00e1 aplicado a qualquer opera\u00e7\u00e3o, inclusive ao d\u00edzimo pago por fi\u00e9is em igrejas.<\/p>\t<div class=\"wrapper-featured-image\">\n\t\t<figure class=\"spotlightImg\">\n\n\t\t\t<picture>\n\t\t\t\t<source media=\"(max-width: 768px)\" srcset=\"https:\/\/files.sunoresearch.com.br\/n\/uploads\/2019\/01\/e3c48179-imposto-de-renda-400x200.webp\">\n\t\t\t\t<img loading=\"lazy\" decoding=\"async\" class=\"newsContent__article__imgCapa lazyloadDisabled newsContent__article__imgCapa--noCaption\" src=\"https:\/\/files.sunoresearch.com.br\/n\/uploads\/2019\/01\/e3c48179-imposto-de-renda-800x450.webp\" width=\"800\" height=\"450\" alt=\"Novo imposto ser\u00e1 aplicado at\u00e9 a d\u00edzimo de igrejas, diz Marcos Cintra\" fetchpriority=high \/>\n\t\t\t<\/picture>\n\n\t\t\t<figcaption class=\"wp-caption-text wp-caption-text--hide\">Marcos Cintra, o novo secret\u00e1rio da Receita Federal. (Ag\u00eancia Senado)<\/figcaption>\n\t\t<\/figure>\n\t<\/div>\n\n\n<p>&#8220;Isso vai ser pol\u00eamico. A base da CP \u00e9 universal, todo o mundo vai pagar esse imposto, igreja, a economia informal, at\u00e9 o contrabando&#8221;, afirma Cintra.<\/p>\n<p>O novo <strong>imposto<\/strong> ter\u00e1 uma al\u00edquota de 0,9% e ser\u00e1 dividido entre quem paga e quem recebe na transa\u00e7\u00e3o financeira. As informa\u00e7\u00f5es foram dadas pelo secret\u00e1rio da Receita Federal, <strong>Marcos Cintra,<\/strong> \u00e0 Folha de S\u00e3o Paulo.<\/p>\n\t<p>\n\t\t<a href=\"https:\/\/lp.suno.com.br\/ao\/cadastro-whatsapp\/\" target=\"_blank\" data-element=\"shortcode-suno-banner\" title=\"Banner SUNO, clique e saiba mais\">\n\t\t\t<picture>\n\t\t\t\t<source media=\"(max-width: 500px)\" srcset=\"https:\/\/files.sunoresearch.com.br\/n\/uploads\/2024\/02\/400x300-Mobile-Artigos-7.png\">\n\t\t\t\t<img class=\"newsContent__article__imgCapa newsContent__article__imgCapa--banner\"\n\t\t\t\t\tsrc=\"https:\/\/files.sunoresearch.com.br\/n\/uploads\/2024\/01\/1420x240-Banner-Artigos-1-_-Banner-Materias-8.png\"\n\t\t\t\t\tdata-promo-id=\"517344\"\t\t\t\t\t\t\t\t\t\twidth='1420' height='240'\t\t\t\t\talt=\"https:\/\/files.sunoresearch.com.br\/n\/uploads\/2024\/01\/1420x240-Banner-Artigos-1-_-Banner-Materias-8.png\"\n\t\t\t\t>\n\t\t\t<\/picture>\n\t\t<\/a>\n\t<\/p>\n\n\n<p>A proposta apresentada por Cintra \u00e9 mudar a forma de contribui\u00e7\u00e3o previdenci\u00e1ria que \u00e9 capitada pelos sal\u00e1rios. &#8220;Vai ser pecado tributar sal\u00e1rio no Brasil&#8221;, afirmou Cintra. O m\u00e9todo arrecada R$ 350 bilh\u00f5es anualmente dos contribuintes.<\/p>\n<p><a href=\"https:\/\/www.suno.com.br\/noticias\/governo-gastar-229-disputa-empresas-icms\/\">Saiba Mais: Governo pode gastar R$229 bi com disputa de empresas por ICMS<\/a><\/p>\n<p>Atualmente, entidades religiosas e filantr\u00f3picas s\u00e3o isentas dos <strong>impostos.<\/strong> A PEC que prop\u00f5e as mudan\u00e7as na arrecada\u00e7\u00e3o sugere acabar com essa imunidade. Segundo Cintra, o novo imposto ser\u00e1 cobrado de todos.<\/p>\n<p style=\"text-align: center;\"><iframe loading=\"lazy\" src=\"https:\/\/www.youtube.com\/embed\/m6eRzJ9Ta6A\" width=\"560\" height=\"315\" frameborder=\"0\" allowfullscreen=\"allowfullscreen\"><\/iframe><\/p>\n<p>&#8220;A principal diferen\u00e7a \u00e9 o conceito social do novo tributo. Enquanto a CPMF foi feita para extrair mais recursos da sociedade, estamos propondo um imposto que n\u00e3o elevar\u00e1 a carga tribut\u00e1ria. Ela vai substituir impostos perniciosos, ser\u00e1 compat\u00edvel com o mundo digital e vai pegar todo o mundo&#8221;, disse \u00e0 Folha.<\/p>\n<h2>Nova CPMF?<\/h2>\n<p>O novo <strong>imposto<\/strong> foi comparado a uma <strong>CPMF<\/strong> (Contribui\u00e7\u00e3o Provis\u00f3ria sobre Movimenta\u00e7\u00f5es Financeiras). Contudo, Cintra negou a rela\u00e7\u00e3o e disse que a <strong>CPMF<\/strong> era d\u00e9bito banc\u00e1rio, n\u00e3o sobre pagamentos. Al\u00e9m disso, o secret\u00e1rio tamb\u00e9m afirmou que a <strong>CP<\/strong> vai ocorrer de forma permanente e n\u00e3o transit\u00f3ria como a CPMF.<\/p>\n<p><a href=\"https:\/\/www.suno.com.br\/noticias\/rodrigo-maia-reforma-tributaria-alternativa-governo-bolsonaro\/\">Saiba Mais: Rodrigo Maia articula reforma tribut\u00e1ria alternativa \u00e0quela do Executivo<\/a><\/p>\n<p>De acordo com o secret\u00e1rio, a proposta tamb\u00e9m busca propor a cria\u00e7\u00e3o do Imposto \u00danico. A tributa\u00e7\u00e3o unificaria quatro <strong>imposto<\/strong> em um s\u00f3:<\/p>\n<ul>\n<li>\u00a0PIS<\/li>\n<li>Cofins<\/li>\n<li>IOF<\/li>\n<li>IPI<\/li>\n<\/ul>\n<p>Para Cintra, o principal benef\u00edcio do novo <strong>imposto<\/strong> seria para o empregado, que n\u00e3o teria mais parte do sal\u00e1rio descontado.&#8221;O empregado leva para casa metade do que ele custa para a empresa. Isso desestimula a gera\u00e7\u00e3o de empregos&#8221;, disse ainda.<\/p>\n<p>A proposta \u00e9 acabar com a\u00a0contribui\u00e7\u00e3o de 20% das empresas ao <strong>INSS.<\/strong> Al\u00e9m disso, a CP tamb\u00e9m extinguiria as al\u00edquotas de 8% a 11% de <strong>imposto<\/strong> que os funcion\u00e1rios pagam.<\/p>\n","protected":false},"excerpt":{"rendered":"<p>O governo federal pretende criar a Contribui\u00e7\u00e3o Previdenci\u00e1ria (CP), um novo imposto sobre transa\u00e7\u00f5es financeiras. O novo tributo ser\u00e1 aplicado a qualquer opera\u00e7\u00e3o, inclusive ao d\u00edzimo pago por fi\u00e9is em igrejas. Marcos Cintra, o novo secret\u00e1rio da Receita Federal. (Ag\u00eancia Senado) &#8220;Isso vai ser pol\u00eamico. A base da CP \u00e9 universal, todo o mundo vai [&hellip;]<\/p>\n","protected":false},"author":16,"featured_media":10201,"comment_status":"closed","ping_status":"closed","sticky":false,"template":"","format":"standard","meta":[],"categories":[62],"tags":[740,704],"suno_strategy":[],"class_list":["post-22596","post","type-post","status-publish","format-standard","has-post-thumbnail","hentry","category-economia","tag-economia","tag-impostos"],"yoast_head":"<!-- This site is optimized with the Yoast SEO plugin v24.4 - https:\/\/yoast.com\/wordpress\/plugins\/seo\/ -->\n<title>Novo imposto ser\u00e1 aplicado at\u00e9 a d\u00edzimo de igrejas, diz Marcos Cintra<\/title>\n<meta name=\"description\" content=\"Marcos Cintra afirmou que a Contribui\u00e7\u00e3o Previdenci\u00e1ria, novo imposto, ser\u00e1 cobrada sobre qualquer transa\u00e7\u00e3o financeira. Clique e saiba mais.\" \/>\n<meta name=\"robots\" content=\"index, follow, max-snippet:-1, max-image-preview:large, max-video-preview:-1\" \/>\n<link rel=\"canonical\" href=\"https:\/\/www.suno.com.br\/noticias\/imposto-aplicado-dizimo-igrejas\/\" \/>\n<meta property=\"og:locale\" content=\"pt_BR\" \/>\n<meta property=\"og:type\" content=\"article\" \/>\n<meta property=\"og:title\" content=\"Novo imposto ser\u00e1 aplicado at\u00e9 a d\u00edzimo de igrejas, diz Marcos Cintra\" \/>\n<meta property=\"og:description\" content=\"Marcos Cintra afirmou que a Contribui\u00e7\u00e3o Previdenci\u00e1ria, novo imposto, ser\u00e1 cobrada sobre qualquer transa\u00e7\u00e3o financeira. Clique e saiba mais.\" \/>\n<meta property=\"og:url\" content=\"https:\/\/www.suno.com.br\/noticias\/imposto-aplicado-dizimo-igrejas\/\" \/>\n<meta property=\"og:site_name\" content=\"Suno Not\u00edcias\" \/>\n<meta property=\"article:publisher\" content=\"https:\/\/facebook.com\/sunoresearch\" \/>\n<meta property=\"og:image\" content=\"https:\/\/files.sunoresearch.com.br\/n\/uploads\/2019\/01\/e3c48179-imposto-de-renda-1024x683.jpg\" \/>\n\t<meta property=\"og:image:width\" content=\"1024\" \/>\n\t<meta property=\"og:image:height\" content=\"683\" \/>\n\t<meta property=\"og:image:type\" content=\"image\/jpeg\" \/>\n<meta name=\"author\" content=\"Beatriz Oliveira\" \/>\n<meta name=\"twitter:card\" content=\"summary_large_image\" \/>\n<meta name=\"twitter:creator\" content=\"@sunoresearch\" \/>\n<meta name=\"twitter:site\" content=\"@sunoresearch\" \/>\n<meta name=\"twitter:label1\" content=\"Escrito por\" \/>\n\t<meta name=\"twitter:data1\" content=\"Beatriz Oliveira\" \/>\n\t<meta name=\"twitter:label2\" content=\"Est. tempo de leitura\" \/>\n\t<meta name=\"twitter:data2\" content=\"2 minutos\" \/>\n<script type=\"application\/ld+json\" class=\"yoast-schema-graph\">{\"@context\":\"https:\/\/schema.org\",\"@graph\":[{\"@type\":\"NewsArticle\",\"@id\":\"https:\/\/www.suno.com.br\/noticias\/imposto-aplicado-dizimo-igrejas\/#article\",\"isPartOf\":{\"@id\":\"https:\/\/www.suno.com.br\/noticias\/imposto-aplicado-dizimo-igrejas\/\"},\"author\":{\"name\":\"Beatriz Oliveira\",\"@id\":\"https:\/\/www.suno.com.br\/noticias\/#\/schema\/person\/e67f665add014bf99f644028de070cc3\"},\"headline\":\"Novo imposto ser\u00e1 aplicado at\u00e9 a d\u00edzimo de igrejas, diz Marcos Cintra\",\"datePublished\":\"2019-04-29T12:54:37+00:00\",\"dateModified\":\"2019-04-29T22:59:39+00:00\",\"mainEntityOfPage\":{\"@id\":\"https:\/\/www.suno.com.br\/noticias\/imposto-aplicado-dizimo-igrejas\/\"},\"wordCount\":441,\"publisher\":{\"@id\":\"https:\/\/www.suno.com.br\/noticias\/#organization\"},\"image\":{\"@id\":\"https:\/\/www.suno.com.br\/noticias\/imposto-aplicado-dizimo-igrejas\/#primaryimage\"},\"thumbnailUrl\":\"https:\/\/files.sunoresearch.com.br\/n\/uploads\/2019\/01\/e3c48179-imposto-de-renda-scaled.webp\",\"keywords\":[\"Economia\",\"impostos\"],\"articleSection\":[\"Economia\"],\"inLanguage\":\"pt-BR\"},{\"@type\":\"WebPage\",\"@id\":\"https:\/\/www.suno.com.br\/noticias\/imposto-aplicado-dizimo-igrejas\/\",\"url\":\"https:\/\/www.suno.com.br\/noticias\/imposto-aplicado-dizimo-igrejas\/\",\"name\":\"Novo imposto ser\u00e1 aplicado at\u00e9 a d\u00edzimo de igrejas, diz Marcos Cintra\",\"isPartOf\":{\"@id\":\"https:\/\/www.suno.com.br\/noticias\/#website\"},\"primaryImageOfPage\":{\"@id\":\"https:\/\/www.suno.com.br\/noticias\/imposto-aplicado-dizimo-igrejas\/#primaryimage\"},\"image\":{\"@id\":\"https:\/\/www.suno.com.br\/noticias\/imposto-aplicado-dizimo-igrejas\/#primaryimage\"},\"thumbnailUrl\":\"https:\/\/files.sunoresearch.com.br\/n\/uploads\/2019\/01\/e3c48179-imposto-de-renda-scaled.webp\",\"datePublished\":\"2019-04-29T12:54:37+00:00\",\"dateModified\":\"2019-04-29T22:59:39+00:00\",\"description\":\"Marcos Cintra afirmou que a Contribui\u00e7\u00e3o Previdenci\u00e1ria, novo imposto, ser\u00e1 cobrada sobre qualquer transa\u00e7\u00e3o financeira. Clique e saiba mais.\",\"breadcrumb\":{\"@id\":\"https:\/\/www.suno.com.br\/noticias\/imposto-aplicado-dizimo-igrejas\/#breadcrumb\"},\"inLanguage\":\"pt-BR\",\"potentialAction\":[{\"@type\":\"ReadAction\",\"target\":[\"https:\/\/www.suno.com.br\/noticias\/imposto-aplicado-dizimo-igrejas\/\"]}]},{\"@type\":\"ImageObject\",\"inLanguage\":\"pt-BR\",\"@id\":\"https:\/\/www.suno.com.br\/noticias\/imposto-aplicado-dizimo-igrejas\/#primaryimage\",\"url\":\"https:\/\/files.sunoresearch.com.br\/n\/uploads\/2019\/01\/e3c48179-imposto-de-renda-scaled.webp\",\"contentUrl\":\"https:\/\/files.sunoresearch.com.br\/n\/uploads\/2019\/01\/e3c48179-imposto-de-renda-scaled.webp\",\"width\":2560,\"height\":1707,\"caption\":\"Marcos Cintra, o novo secret\u00e1rio da Receita Federal. (Ag\u00eancia Senado)\"},{\"@type\":\"BreadcrumbList\",\"@id\":\"https:\/\/www.suno.com.br\/noticias\/imposto-aplicado-dizimo-igrejas\/#breadcrumb\",\"itemListElement\":[{\"@type\":\"ListItem\",\"position\":1,\"name\":\"Not\u00edcias\",\"item\":\"https:\/\/www.suno.com.br\/noticias\/\"},{\"@type\":\"ListItem\",\"position\":2,\"name\":\"Economia\",\"item\":\"https:\/\/www.suno.com.br\/noticias\/economia\/\"},{\"@type\":\"ListItem\",\"position\":3,\"name\":\"Novo imposto ser\u00e1 aplicado at\u00e9 a d\u00edzimo de igrejas, diz Marcos Cintra\"}]},{\"@type\":\"WebSite\",\"@id\":\"https:\/\/www.suno.com.br\/noticias\/#website\",\"url\":\"https:\/\/www.suno.com.br\/noticias\/\",\"name\":\"Suno Not\u00edcias\",\"description\":\"Seu portal de informa\u00e7\u00e3o sobre o mundo dos investimentos\",\"publisher\":{\"@id\":\"https:\/\/www.suno.com.br\/noticias\/#organization\"},\"potentialAction\":[{\"@type\":\"SearchAction\",\"target\":{\"@type\":\"EntryPoint\",\"urlTemplate\":\"https:\/\/www.suno.com.br\/noticias\/?s={search_term_string}\"},\"query-input\":{\"@type\":\"PropertyValueSpecification\",\"valueRequired\":true,\"valueName\":\"search_term_string\"}}],\"inLanguage\":\"pt-BR\"},{\"@type\":\"Organization\",\"@id\":\"https:\/\/www.suno.com.br\/noticias\/#organization\",\"name\":\"Suno Not\u00edcias\",\"url\":\"https:\/\/www.suno.com.br\/noticias\/\",\"logo\":{\"@type\":\"ImageObject\",\"inLanguage\":\"pt-BR\",\"@id\":\"https:\/\/www.suno.com.br\/noticias\/#\/schema\/logo\/image\/\",\"url\":\"https:\/\/files.sunoresearch.com.br\/n\/uploads\/2021\/09\/suno-logo.png\",\"contentUrl\":\"https:\/\/files.sunoresearch.com.br\/n\/uploads\/2021\/09\/suno-logo.png\",\"width\":180,\"height\":180,\"caption\":\"Suno Not\u00edcias\"},\"image\":{\"@id\":\"https:\/\/www.suno.com.br\/noticias\/#\/schema\/logo\/image\/\"},\"sameAs\":[\"https:\/\/facebook.com\/sunoresearch\",\"https:\/\/x.com\/sunoresearch\",\"https:\/\/www.instagram.com\/suno\",\"https:\/\/www.linkedin.com\/company\/suno-research\/\",\"https:\/\/www.youtube.com\/c\/sunoresearch\"]},{\"@type\":\"Person\",\"@id\":\"https:\/\/www.suno.com.br\/noticias\/#\/schema\/person\/e67f665add014bf99f644028de070cc3\",\"name\":\"Beatriz Oliveira\",\"image\":{\"@type\":\"ImageObject\",\"inLanguage\":\"pt-BR\",\"@id\":\"https:\/\/www.suno.com.br\/noticias\/#\/schema\/person\/image\/\",\"url\":\"https:\/\/secure.gravatar.com\/avatar\/c9aa6a0aaecc598d257d5d5bd349157d?s=96&r=g\",\"contentUrl\":\"https:\/\/secure.gravatar.com\/avatar\/c9aa6a0aaecc598d257d5d5bd349157d?s=96&r=g\",\"caption\":\"Beatriz Oliveira\"},\"description\":\"Formada em Jornalismo pela Faculdade Paulus de Tecnologia e Comunica\u00e7\u00e3o, Beatriz Oliveira escreve para o portal de not\u00edcias Suno Research. Antes, passou pelas reda\u00e7\u00f5es da Revista EXAME e da Rede Bandeirantes.\",\"url\":\"https:\/\/www.suno.com.br\/noticias\/author\/beatriz\/\"}]}<\/script>\n<!-- \/ Yoast SEO plugin. -->","yoast_head_json":{"title":"Novo imposto ser\u00e1 aplicado at\u00e9 a d\u00edzimo de igrejas, diz Marcos Cintra","description":"Marcos Cintra afirmou que a Contribui\u00e7\u00e3o Previdenci\u00e1ria, novo imposto, ser\u00e1 cobrada sobre qualquer transa\u00e7\u00e3o financeira. Clique e saiba mais.","robots":{"index":"index","follow":"follow","max-snippet":"max-snippet:-1","max-image-preview":"max-image-preview:large","max-video-preview":"max-video-preview:-1"},"canonical":"https:\/\/www.suno.com.br\/noticias\/imposto-aplicado-dizimo-igrejas\/","og_locale":"pt_BR","og_type":"article","og_title":"Novo imposto ser\u00e1 aplicado at\u00e9 a d\u00edzimo de igrejas, diz Marcos Cintra","og_description":"Marcos Cintra afirmou que a Contribui\u00e7\u00e3o Previdenci\u00e1ria, novo imposto, ser\u00e1 cobrada sobre qualquer transa\u00e7\u00e3o financeira. Clique e saiba mais.","og_url":"https:\/\/www.suno.com.br\/noticias\/imposto-aplicado-dizimo-igrejas\/","og_site_name":"Suno Not\u00edcias","article_publisher":"https:\/\/facebook.com\/sunoresearch","og_image":[{"width":1024,"height":683,"url":"https:\/\/files.sunoresearch.com.br\/n\/uploads\/2019\/01\/e3c48179-imposto-de-renda-1024x683.jpg","type":"image\/jpeg"}],"author":"Beatriz Oliveira","twitter_card":"summary_large_image","twitter_creator":"@sunoresearch","twitter_site":"@sunoresearch","twitter_misc":{"Escrito por":"Beatriz Oliveira","Est. tempo de leitura":"2 minutos"},"schema":{"@context":"https:\/\/schema.org","@graph":[{"@type":"NewsArticle","@id":"https:\/\/www.suno.com.br\/noticias\/imposto-aplicado-dizimo-igrejas\/#article","isPartOf":{"@id":"https:\/\/www.suno.com.br\/noticias\/imposto-aplicado-dizimo-igrejas\/"},"author":{"name":"Beatriz Oliveira","@id":"https:\/\/www.suno.com.br\/noticias\/#\/schema\/person\/e67f665add014bf99f644028de070cc3"},"headline":"Novo imposto ser\u00e1 aplicado at\u00e9 a d\u00edzimo de igrejas, diz Marcos Cintra","datePublished":"2019-04-29T12:54:37+00:00","dateModified":"2019-04-29T22:59:39+00:00","mainEntityOfPage":{"@id":"https:\/\/www.suno.com.br\/noticias\/imposto-aplicado-dizimo-igrejas\/"},"wordCount":441,"publisher":{"@id":"https:\/\/www.suno.com.br\/noticias\/#organization"},"image":{"@id":"https:\/\/www.suno.com.br\/noticias\/imposto-aplicado-dizimo-igrejas\/#primaryimage"},"thumbnailUrl":"https:\/\/files.sunoresearch.com.br\/n\/uploads\/2019\/01\/e3c48179-imposto-de-renda-scaled.webp","keywords":["Economia","impostos"],"articleSection":["Economia"],"inLanguage":"pt-BR"},{"@type":"WebPage","@id":"https:\/\/www.suno.com.br\/noticias\/imposto-aplicado-dizimo-igrejas\/","url":"https:\/\/www.suno.com.br\/noticias\/imposto-aplicado-dizimo-igrejas\/","name":"Novo imposto ser\u00e1 aplicado at\u00e9 a d\u00edzimo de igrejas, diz Marcos Cintra","isPartOf":{"@id":"https:\/\/www.suno.com.br\/noticias\/#website"},"primaryImageOfPage":{"@id":"https:\/\/www.suno.com.br\/noticias\/imposto-aplicado-dizimo-igrejas\/#primaryimage"},"image":{"@id":"https:\/\/www.suno.com.br\/noticias\/imposto-aplicado-dizimo-igrejas\/#primaryimage"},"thumbnailUrl":"https:\/\/files.sunoresearch.com.br\/n\/uploads\/2019\/01\/e3c48179-imposto-de-renda-scaled.webp","datePublished":"2019-04-29T12:54:37+00:00","dateModified":"2019-04-29T22:59:39+00:00","description":"Marcos Cintra afirmou que a Contribui\u00e7\u00e3o Previdenci\u00e1ria, novo imposto, ser\u00e1 cobrada sobre qualquer transa\u00e7\u00e3o financeira. Clique e saiba mais.","breadcrumb":{"@id":"https:\/\/www.suno.com.br\/noticias\/imposto-aplicado-dizimo-igrejas\/#breadcrumb"},"inLanguage":"pt-BR","potentialAction":[{"@type":"ReadAction","target":["https:\/\/www.suno.com.br\/noticias\/imposto-aplicado-dizimo-igrejas\/"]}]},{"@type":"ImageObject","inLanguage":"pt-BR","@id":"https:\/\/www.suno.com.br\/noticias\/imposto-aplicado-dizimo-igrejas\/#primaryimage","url":"https:\/\/files.sunoresearch.com.br\/n\/uploads\/2019\/01\/e3c48179-imposto-de-renda-scaled.webp","contentUrl":"https:\/\/files.sunoresearch.com.br\/n\/uploads\/2019\/01\/e3c48179-imposto-de-renda-scaled.webp","width":2560,"height":1707,"caption":"Marcos Cintra, o novo secret\u00e1rio da Receita Federal. (Ag\u00eancia Senado)"},{"@type":"BreadcrumbList","@id":"https:\/\/www.suno.com.br\/noticias\/imposto-aplicado-dizimo-igrejas\/#breadcrumb","itemListElement":[{"@type":"ListItem","position":1,"name":"Not\u00edcias","item":"https:\/\/www.suno.com.br\/noticias\/"},{"@type":"ListItem","position":2,"name":"Economia","item":"https:\/\/www.suno.com.br\/noticias\/economia\/"},{"@type":"ListItem","position":3,"name":"Novo imposto ser\u00e1 aplicado at\u00e9 a d\u00edzimo de igrejas, diz Marcos Cintra"}]},{"@type":"WebSite","@id":"https:\/\/www.suno.com.br\/noticias\/#website","url":"https:\/\/www.suno.com.br\/noticias\/","name":"Suno Not\u00edcias","description":"Seu portal de informa\u00e7\u00e3o sobre o mundo dos investimentos","publisher":{"@id":"https:\/\/www.suno.com.br\/noticias\/#organization"},"potentialAction":[{"@type":"SearchAction","target":{"@type":"EntryPoint","urlTemplate":"https:\/\/www.suno.com.br\/noticias\/?s={search_term_string}"},"query-input":{"@type":"PropertyValueSpecification","valueRequired":true,"valueName":"search_term_string"}}],"inLanguage":"pt-BR"},{"@type":"Organization","@id":"https:\/\/www.suno.com.br\/noticias\/#organization","name":"Suno Not\u00edcias","url":"https:\/\/www.suno.com.br\/noticias\/","logo":{"@type":"ImageObject","inLanguage":"pt-BR","@id":"https:\/\/www.suno.com.br\/noticias\/#\/schema\/logo\/image\/","url":"https:\/\/files.sunoresearch.com.br\/n\/uploads\/2021\/09\/suno-logo.png","contentUrl":"https:\/\/files.sunoresearch.com.br\/n\/uploads\/2021\/09\/suno-logo.png","width":180,"height":180,"caption":"Suno Not\u00edcias"},"image":{"@id":"https:\/\/www.suno.com.br\/noticias\/#\/schema\/logo\/image\/"},"sameAs":["https:\/\/facebook.com\/sunoresearch","https:\/\/x.com\/sunoresearch","https:\/\/www.instagram.com\/suno","https:\/\/www.linkedin.com\/company\/suno-research\/","https:\/\/www.youtube.com\/c\/sunoresearch"]},{"@type":"Person","@id":"https:\/\/www.suno.com.br\/noticias\/#\/schema\/person\/e67f665add014bf99f644028de070cc3","name":"Beatriz Oliveira","image":{"@type":"ImageObject","inLanguage":"pt-BR","@id":"https:\/\/www.suno.com.br\/noticias\/#\/schema\/person\/image\/","url":"https:\/\/secure.gravatar.com\/avatar\/c9aa6a0aaecc598d257d5d5bd349157d?s=96&r=g","contentUrl":"https:\/\/secure.gravatar.com\/avatar\/c9aa6a0aaecc598d257d5d5bd349157d?s=96&r=g","caption":"Beatriz Oliveira"},"description":"Formada em Jornalismo pela Faculdade Paulus de Tecnologia e Comunica\u00e7\u00e3o, Beatriz Oliveira escreve para o portal de not\u00edcias Suno Research. Antes, passou pelas reda\u00e7\u00f5es da Revista EXAME e da Rede Bandeirantes.","url":"https:\/\/www.suno.com.br\/noticias\/author\/beatriz\/"}]}},"default_loop_html":"<div class=\"cardsPage__listCard__boxs\"><div class=\"cardsPage__listCard__boxs__img\"><a href=\"https:\/\/www.suno.com.br\/noticias\/imposto-aplicado-dizimo-igrejas\/\"><img class=\"mask\" src=\"https:\/\/www.suno.com.br\/noticias\/wp-content\/themes\/suno\/resources\/images\/spotlight\/spotlight1img\/bg-mask.png\" alt=\"Image Mask\"\/><img src=\"https:\/\/files.sunoresearch.com.br\/n\/uploads\/2019\/01\/e3c48179-imposto-de-renda-400x200.webp\" alt=\"Novo imposto ser\u00e1 aplicado at\u00e9 a d\u00edzimo de igrejas, diz Marcos Cintra\"\/><\/a><span class=\"spotlightCategory\"><a href=\"https:\/\/www.suno.com.br\/noticias\/economia\/\">Economia<\/a><\/span><\/div><div class=\"cardsPage__listCard__boxs__content\"><a href=\"https:\/\/www.suno.com.br\/noticias\/imposto-aplicado-dizimo-igrejas\/\"><h2 class=\"content__title\">Novo imposto ser\u00e1 aplicado at\u00e9 a d\u00edzimo de igrejas, diz Marcos Cintra<\/h2><\/a><div class=\"newsContent__article__meta\"><div class=\"newsContent__article__meta__authorBox\"><a href=\"https:\/\/www.suno.com.br\/noticias\/author\/beatriz\/\" class=\"authorBox__avatar noMobi\"><img src=\"https:\/\/secure.gravatar.com\/avatar\/c9aa6a0aaecc598d257d5d5bd349157d?s=96&#038;r=g\" alt=\"Beatriz Oliveira\"><\/a><div class=\"authorBox__name\"><span>por\n\t\t\t<a href=\"https:\/\/www.suno.com.br\/noticias\/author\/beatriz\/\"><span itemprop=\"author\">Beatriz Oliveira<\/span><\/a><\/span><time datetime=\"2019-04-29T09:54:37-03:00\" itemprop=\"datePublished\">29\/04\/2019 09:54<\/time><\/div><\/div><\/div><\/div><\/div>","single_layout":"posts","amp_enabled":true,"_links":{"self":[{"href":"https:\/\/www.suno.com.br\/noticias\/wp-json\/wp\/v2\/posts\/22596"}],"collection":[{"href":"https:\/\/www.suno.com.br\/noticias\/wp-json\/wp\/v2\/posts"}],"about":[{"href":"https:\/\/www.suno.com.br\/noticias\/wp-json\/wp\/v2\/types\/post"}],"author":[{"embeddable":true,"href":"https:\/\/www.suno.com.br\/noticias\/wp-json\/wp\/v2\/users\/16"}],"replies":[{"embeddable":true,"href":"https:\/\/www.suno.com.br\/noticias\/wp-json\/wp\/v2\/comments?post=22596"}],"version-history":[{"count":0,"href":"https:\/\/www.suno.com.br\/noticias\/wp-json\/wp\/v2\/posts\/22596\/revisions"}],"wp:featuredmedia":[{"embeddable":true,"href":"https:\/\/www.suno.com.br\/noticias\/wp-json\/wp\/v2\/media\/10201"}],"wp:attachment":[{"href":"https:\/\/www.suno.com.br\/noticias\/wp-json\/wp\/v2\/media?parent=22596"}],"wp:term":[{"taxonomy":"category","embeddable":true,"href":"https:\/\/www.suno.com.br\/noticias\/wp-json\/wp\/v2\/categories?post=22596"},{"taxonomy":"post_tag","embeddable":true,"href":"https:\/\/www.suno.com.br\/noticias\/wp-json\/wp\/v2\/tags?post=22596"},{"taxonomy":"suno_strategy","embeddable":true,"href":"https:\/\/www.suno.com.br\/noticias\/wp-json\/wp\/v2\/suno_strategy?post=22596"}],"curies":[{"name":"wp","href":"https:\/\/api.w.org\/{rel}","templated":true}]}}