{"id":225910,"date":"2022-01-26T17:04:17","date_gmt":"2022-01-26T20:04:17","guid":{"rendered":"https:\/\/www.suno.com.br\/noticias\/?p=225910"},"modified":"2022-01-26T20:38:42","modified_gmt":"2022-01-26T23:38:42","slug":"mxrf11-decisao-cvm-fundos-imobiliarios","status":"publish","type":"post","link":"https:\/\/www.suno.com.br\/noticias\/mxrf11-decisao-cvm-fundos-imobiliarios\/","title":{"rendered":"MXRF11: como a decis\u00e3o da CVM pode afetar os fundos imobili\u00e1rios?"},"content":{"rendered":"<p>N\u00e3o \u00e9 de hoje que o mercado de <a class=\"suno-keyword\" href=\"https:\/\/www.suno.com.br\/fundos-imobiliarios\/\" target=\"_blank\" rel=\"noopener\" data-force=\"no\" data-priority=\"2\">fundos imobili\u00e1rios<\/a> discute quais os par\u00e2metros para a distribui\u00e7\u00e3o de rendimentos, em especial se o retorno aos cotistas pode exceder vari\u00e1veis como o lucro de caixa ou o <a class=\"suno-keyword\" href=\"https:\/\/www.suno.com.br\/artigos\/lucro-contabil\/\" target=\"_blank\" rel=\"noopener\" data-force=\"no\" data-priority=\"1\">lucro cont\u00e1bil<\/a>. Nesta ter\u00e7a-feira (26) o debate ganhou contornos mais definidos com a decis\u00e3o da Comiss\u00e3o de Valores Mobili\u00e1rios (CVM) sobre o fundo Maxi Renda (<a class=\"suno-keyword\" href=\"https:\/\/www.suno.com.br\/fundos-imobiliarios\/mxrf11\/\" target=\"_blank\" rel=\"noopener\" data-force=\"yes\" data-priority=\"2\">MXRF11<\/a>), divulgada em <a class=\"suno-keyword\" href=\"\/Users\/mon_i\/Pictures\/Fato%20Relevante_20220125.pdf\" target=\"_blank\" rel=\"noopener\" data-force=\"no\" data-priority=\"1\">fato relevante<\/a> ao mercado.<\/p>\t<div class=\"wrapper-featured-image\">\n\t\t<figure class=\"spotlightImg\">\n\n\t\t\t<picture>\n\t\t\t\t<source media=\"(max-width: 768px)\" srcset=\"https:\/\/files.sunoresearch.com.br\/n\/uploads\/2021\/10\/buildings-gdfb1db6cd_1280-400x200.jpg\">\n\t\t\t\t<img loading=\"lazy\" decoding=\"async\" class=\"newsContent__article__imgCapa lazyloadDisabled \" src=\"https:\/\/files.sunoresearch.com.br\/n\/uploads\/2021\/10\/buildings-gdfb1db6cd_1280-800x450.jpg\" width=\"800\" height=\"450\" alt=\"MXRF11: como a decis\u00e3o da CVM pode afetar os fundos imobili\u00e1rios?\" fetchpriority=high \/>\n\t\t\t<\/picture>\n\n\t\t\t<figcaption class=\"wp-caption-text wp-caption-text--show\">Financiamento de im\u00f3veis: bancos s\u00f3 veem queda de juros no ano que vem. Foto: Pixabay<\/figcaption>\n\t\t<\/figure>\n\t<\/div>\n\n\n\t<p>\n\t\t<a href=\"https:\/\/lp.suno.com.br\/planilha-controle-gastos\/\" target=\"_blank\" data-element=\"shortcode-suno-banner\" title=\"Banner SUNO, clique e saiba mais\">\n\t\t\t<picture>\n\t\t\t\t<source media=\"(max-width: 500px)\" srcset=\"https:\/\/files.sunoresearch.com.br\/n\/uploads\/2023\/03\/400x300-Planilha-controle-de-gastos.png\">\n\t\t\t\t<img class=\"newsContent__article__imgCapa newsContent__article__imgCapa--banner\"\n\t\t\t\t\tsrc=\"https:\/\/files.sunoresearch.com.br\/n\/uploads\/2023\/03\/1420x240-Planilha-controle-de-gastos.png\"\n\t\t\t\t\tdata-promo-id=\"101751\"\t\t\t\t\t\t\t\t\t\twidth='1420' height='240'\t\t\t\t\talt=\"https:\/\/files.sunoresearch.com.br\/n\/uploads\/2023\/03\/1420x240-Planilha-controle-de-gastos.png\"\n\t\t\t\t>\n\t\t\t<\/picture>\n\t\t<\/a>\n\t<\/p>\n\n\n<p><span style=\"font-weight: 400;\">Em dezembro (mas s\u00f3 divulgado ontem), o colegiado da CVM decidiu &#8211; ainda que de forma n\u00e3o un\u00e2nime &#8211; que a distribui\u00e7\u00e3o de <a class=\"suno-keyword\" href=\"https:\/\/www.suno.com.br\/guias\/dividendos\/\" target=\"_blank\" rel=\"noopener\" data-force=\"no\" data-priority=\"1\">dividendos<\/a> dos fundos imobili\u00e1rios n\u00e3o pode exceder o lucro cont\u00e1bil. O caso tem como base um processo em andamento do FII MXRF11.\u00a0<\/span><\/p>\n<p><span style=\"font-weight: 400;\">Segundo a \u00e1rea t\u00e9cnica da CVM, a administra\u00e7\u00e3o do <strong>Maxi Renda<\/strong> vinha distribuindo aos cotistas rendimentos com base no lucro caixa do Fundo, mesmo quando esses valores excediam o lucro cont\u00e1bil. O que n\u00e3o poderia ser feito na classifica\u00e7\u00e3o de rendimento e, sim, como amortiza\u00e7\u00e3o ou devolu\u00e7\u00e3o do capital investido pelos cotistas.<\/span><\/p>\n<p><span style=\"font-weight: 400;\">At\u00e9 o momento, trata-se de um processo exclusivo do FII MXRF11, mas o caso levanta um debate para todo o mercado de fundos imobili\u00e1rios, visto que, caso a decis\u00e3o seja validada, poder\u00e1 ser replicada para todos os FIIs.\u00a0<\/span><\/p>\n<p><span style=\"font-weight: 400;\">Mas calma: <\/span><span style=\"font-weight: 400;\">a administra\u00e7\u00e3o do <strong>FII MXRF11<\/strong> vai recorrer da decis\u00e3o e o processo ainda n\u00e3o foi conclu\u00eddo. Ou seja, a decis\u00e3o pode mudar (ainda mais considerando que n\u00e3o foi un\u00e2nime) e, at\u00e9 l\u00e1, tudo continua igual.\u00a0<\/span><\/p>\n<p><span style=\"font-weight: 400;\">Dito isso, tamb\u00e9m vale esclarecer o que est\u00e1 em jogo.\u00a0<\/span><\/p>\n\t<p>\n\t\t<a href=\"\" target=\"_blank\" data-element=\"shortcode-suno-banner\" title=\"Banner SUNO, clique e saiba mais\">\n\t\t\t<picture>\n\t\t\t\t<source media=\"(max-width: 500px)\" srcset=\"\">\n\t\t\t\t<img class=\"newsContent__article__imgCapa newsContent__article__imgCapa--banner\"\n\t\t\t\t\tsrc=\"\"\n\t\t\t\t\tdata-promo-id=\"77014\"\t\t\t\t\t\t\t\t\t\t\t\t\t\t\talt=\"\"\n\t\t\t\t>\n\t\t\t<\/picture>\n\t\t<\/a>\n\t<\/p>\n\n\n<h2><b>O que muda com a decis\u00e3o da CVM<\/b><\/h2>\n<p><span style=\"font-weight: 400;\">Segundo o Art. 10, da <strong>Lei 8.668,<\/strong> que estabelece a obrigatoriedade de distribui\u00e7\u00e3o de rendimentos pelos fundos imobili\u00e1rios, os cotistas devem receber 95% dos lucros do Fundo, apurados segundo o <a class=\"suno-keyword\" href=\"https:\/\/www.suno.com.br\/artigos\/regime-caixa\/\" target=\"_blank\" rel=\"noopener\" data-force=\"no\" data-priority=\"1\">regime de caixa<\/a> &#8211; n\u00e3o o regime cont\u00e1bil.\u00a0<\/span><\/p>\n<p><span style=\"font-weight: 400;\">Enquanto o <strong>lucro de caixa<\/strong> considera todo o montante arrecadado pelos FIIs em forma de alugu\u00e9is e outras fontes de arrecada\u00e7\u00e3o, o <strong>lucro cont\u00e1bil<\/strong> tamb\u00e9m leva em considera\u00e7\u00e3o a avalia\u00e7\u00e3o patrimonial dos im\u00f3veis.\u00a0<\/span><\/p>\n<p><span style=\"font-weight: 400;\">Hoje, os fundos imobili\u00e1rios fazem da seguinte forma: o administrador apura todos os seus alugu\u00e9is, desconta as despesas que o Fundo tem e distribui o percentual devido aos cotistas. Tudo isso com base no lucro caixa.\u00a0<\/span><\/p>\n<p><span style=\"font-weight: 400;\">J\u00e1 o processo com o lucro cont\u00e1bil seria diferente: ao somar os alugu\u00e9is do Fundo, o administrador tamb\u00e9m teria que considerar as reavalia\u00e7\u00f5es dos im\u00f3veis antes de descontar as despesas, para depois calcular os rendimentos.\u00a0<\/span><\/p>\n<p><span style=\"font-weight: 400;\">Na pr\u00e1tica, todo o processo de <strong>distribui\u00e7\u00e3o de dividendos dos fundos imobili\u00e1rios<\/strong> mudaria com essa decis\u00e3o da CVM.\u00a0<\/span><\/p>\n<p><span style=\"font-weight: 400;\">\u201cO Maxi Renda sempre foi regime caixa. Com isso a gente teria at\u00e9 que mudar o argumento de venda. Porque sempre falamos para o investidor: n\u00e3o importa o pre\u00e7o do im\u00f3vel no Fundo, t\u00e1 pingando aluguel e voc\u00ea est\u00e1 recebendo isento de imposto. Teria que mudar\u201d, disse<strong> Evandro Santos<\/strong>, s\u00f3cio da XP Asset, gestora do Maxi Renda, em live do Professor Baroni.\u00a0\u00a0<\/span><\/p>\n\t<p>\n\t\t<a href=\"\" target=\"_blank\" data-element=\"shortcode-suno-banner\" title=\"Banner SUNO, clique e saiba mais\">\n\t\t\t<picture>\n\t\t\t\t<source media=\"(max-width: 500px)\" srcset=\"\">\n\t\t\t\t<img class=\"newsContent__article__imgCapa newsContent__article__imgCapa--banner\"\n\t\t\t\t\tsrc=\"\"\n\t\t\t\t\tdata-promo-id=\"77050\"\t\t\t\t\t\t\t\t\t\t\t\t\t\t\talt=\"\"\n\t\t\t\t>\n\t\t\t<\/picture>\n\t\t<\/a>\n\t<\/p>\n\n\n<h2><b>Problema em assumir o lucro cont\u00e1bil\u00a0<\/b><\/h2>\n<p><span style=\"font-weight: 400;\">Na decis\u00e3o sobre o Maxi Renda, a CVM n\u00e3o pro\u00edbe a distribui\u00e7\u00e3o de lucros maiores que o apurado no regime cont\u00e1bil, mas entende que, nesse caso, o pagamento teria que ser feito na forma de <strong>amortiza\u00e7\u00e3o<\/strong>.<\/span><\/p>\n<p><span style=\"font-weight: 400;\">O principal problema disso \u00e9 o fim de um dos pilares dos fundos imobili\u00e1rios, que \u00e9 a <strong>previsibilidade dos rendimentos<\/strong>.\u00a0<\/span><\/p>\n<p><span style=\"font-weight: 400;\">Em live, o professor <strong>Marcos Baroni<\/strong>, especialista em fundos imobili\u00e1rios da <strong>Suno Research<\/strong>, destaca o ciclo de recess\u00e3o que os FIIs vivem nesse momento. Nas \u00faltimas reavalia\u00e7\u00f5es de im\u00f3veis, muitos viram seus valores patrimoniais ca\u00edrem devido \u00e0 crise no Pa\u00eds.\u00a0<\/span><\/p>\n<p><span style=\"font-weight: 400;\">Com isso, diversos fundos de tijolos poderiam apresentar <strong>preju\u00edzo cont\u00e1bil<\/strong> neste come\u00e7o de ano, segundo essa decis\u00e3o da CVM, acarretando na n\u00e3o distribui\u00e7\u00e3o de rendimentos mesmo com o dinheiro dos alugu\u00e9is em caixa.\u00a0<\/span><\/p>\n<p><span style=\"font-weight: 400;\">O contr\u00e1rio tamb\u00e9m \u00e9 v\u00e1lido. Em casos de valoriza\u00e7\u00e3o do im\u00f3vel, o lucro cont\u00e1bil do Fundo ficaria acima do lucro de caixa, mas sem o valor total desse lucro em esp\u00e9cie, como o rendimento poderia ser completamente distribu\u00eddo aos cotistas?\u00a0<\/span><\/p>\n<p><span style=\"font-weight: 400;\"><strong>Marcelo Fayh<\/strong>, especialista em Fundos Imobili\u00e1rios, afirma em live com o <strong>professor Baroni<\/strong> que com esse entendimento, a CVM desconstr\u00f3i tudo o que se criou at\u00e9 hoje com FIIs do ponto de vista regulat\u00f3rio e de legisla\u00e7\u00e3o.\u00a0<\/span><\/p>\n<p><span style=\"font-weight: 400;\">Para os especialistas, o momento \u00e9 de cautela e de espera. A decis\u00e3o n\u00e3o \u00e9 definitiva e eles acreditam que a CVM deve rever sua posi\u00e7\u00e3o diante do impacto que isso poderia ter no mercado de fundos imobili\u00e1rios. Assista aqui.\u00a0<\/span><\/p>\n<p><iframe loading=\"lazy\" title=\"IMPACTO DAS MUDAN\u00c7AS DA CVM NOS FUNDOS IMOBILI\u00c1RIOS\" width=\"1080\" height=\"608\" src=\"https:\/\/www.youtube.com\/embed\/Oe-0wMXIyPQ?feature=oembed&#038;enablejsapi=1&#038;origin=https:\/\/www.suno.com.br\" frameborder=\"0\" allow=\"accelerometer; autoplay; clipboard-write; encrypted-media; gyroscope; picture-in-picture\" allowfullscreen><\/iframe><\/p>\n<h2><b>Como fica o MXRF11\u00a0<\/b><\/h2>\n<p><span style=\"font-weight: 400;\">Nesta quarta-feira (26), o Maxi Renda apresentou queda no \u00cdndice de Fundos Imobili\u00e1rios (IFIX) da <a class=\"suno-keyword\" href=\"https:\/\/www.suno.com.br\/acoes\/B3SA3\/\" target=\"_blank\" rel=\"noopener\" data-force=\"yes\" data-priority=\"2\">B3 (B3SA3)<\/a>. No fechamento, o FII perdeu 3,90%, com a cota valendo R$ 9,62.\u00a0<\/span><\/p>\n<p><span style=\"font-weight: 400;\">O <strong>MXRF11<\/strong> \u00e9 um dos Fundos com mais cotistas do mercado, chegando a 488.875. Sua \u00faltima distribui\u00e7\u00e3o de rendimentos foi de R$ 0,09, chegando a 9,82% de <strong><em>dividend yield<\/em><\/strong>.\u00a0<\/span><\/p>\n\t<p>\n\t\t<a href=\"https:\/\/lp.suno.com.br\/planilha-de-controle-de-investimentos\/\" target=\"_blank\" data-element=\"shortcode-suno-banner\" title=\"Banner SUNO, clique e saiba mais\">\n\t\t\t<picture>\n\t\t\t\t<source media=\"(max-width: 500px)\" srcset=\"https:\/\/files.sunoresearch.com.br\/n\/uploads\/2023\/03\/400x300-Controle-de-Investimentos.png\">\n\t\t\t\t<img class=\"newsContent__article__imgCapa newsContent__article__imgCapa--banner\"\n\t\t\t\t\tsrc=\"https:\/\/files.sunoresearch.com.br\/n\/uploads\/2023\/03\/1420x240-Controle-de-Investimentos.png\"\n\t\t\t\t\tdata-promo-id=\"75934\"\t\t\t\t\t\t\t\t\t\twidth='1420' height='240'\t\t\t\t\talt=\"https:\/\/files.sunoresearch.com.br\/n\/uploads\/2023\/03\/1420x240-Controle-de-Investimentos.png\"\n\t\t\t\t>\n\t\t\t<\/picture>\n\t\t<\/a>\n\t<\/p>\n\n\n","protected":false},"excerpt":{"rendered":"<p>N\u00e3o \u00e9 de hoje que o mercado de fundos imobili\u00e1rios discute quais os par\u00e2metros para a distribui\u00e7\u00e3o de rendimentos, em especial se o retorno aos cotistas pode exceder vari\u00e1veis como o lucro de caixa ou o lucro cont\u00e1bil. Nesta ter\u00e7a-feira (26) o debate ganhou contornos mais definidos com a decis\u00e3o da Comiss\u00e3o de Valores Mobili\u00e1rios [&hellip;]<\/p>\n","protected":false},"author":102,"featured_media":195288,"comment_status":"closed","ping_status":"closed","sticky":false,"template":"","format":"standard","meta":[],"categories":[66],"tags":[105816,315,104577],"suno_strategy":[],"class_list":["post-225910","post","type-post","status-publish","format-standard","has-post-thumbnail","hentry","category-fiis","tag-especialistas","tag-fundos-imobiliarios-fiis","tag-mxrf11"],"yoast_head":"<!-- This site is optimized with the Yoast SEO plugin v24.4 - https:\/\/yoast.com\/wordpress\/plugins\/seo\/ -->\n<title>MXRF11: como a decis\u00e3o da CVM pode afetar os fundos imobili\u00e1rios?<\/title>\n<meta name=\"description\" content=\"O Mari Renda (MXRF11) divulgou uma decis\u00e3o da CVM sobre um processo do Fundo que pode afetar todos os FIIs. Entenda o caso aqui.\" \/>\n<meta name=\"robots\" content=\"index, follow, max-snippet:-1, max-image-preview:large, max-video-preview:-1\" \/>\n<link rel=\"canonical\" href=\"https:\/\/www.suno.com.br\/noticias\/mxrf11-decisao-cvm-fundos-imobiliarios\/\" \/>\n<meta property=\"og:locale\" content=\"pt_BR\" \/>\n<meta property=\"og:type\" content=\"article\" \/>\n<meta property=\"og:title\" content=\"MXRF11: como a decis\u00e3o da CVM pode afetar os fundos imobili\u00e1rios?\" \/>\n<meta property=\"og:description\" content=\"O Mari Renda (MXRF11) divulgou uma decis\u00e3o da CVM sobre um processo do Fundo que pode afetar todos os FIIs. Entenda o caso aqui.\" \/>\n<meta property=\"og:url\" content=\"https:\/\/www.suno.com.br\/noticias\/mxrf11-decisao-cvm-fundos-imobiliarios\/\" \/>\n<meta property=\"og:site_name\" content=\"Suno Not\u00edcias\" \/>\n<meta property=\"article:publisher\" content=\"https:\/\/facebook.com\/sunoresearch\" \/>\n<meta property=\"og:image\" content=\"https:\/\/files.sunoresearch.com.br\/n\/uploads\/2021\/10\/buildings-gdfb1db6cd_1280.jpg\" \/>\n\t<meta property=\"og:image:width\" content=\"1280\" \/>\n\t<meta property=\"og:image:height\" content=\"853\" \/>\n\t<meta property=\"og:image:type\" content=\"image\/jpeg\" \/>\n<meta name=\"author\" content=\"Monique Lima\" \/>\n<meta name=\"twitter:card\" content=\"summary_large_image\" \/>\n<meta name=\"twitter:creator\" content=\"@sunoresearch\" \/>\n<meta name=\"twitter:site\" content=\"@sunoresearch\" \/>\n<meta name=\"twitter:label1\" content=\"Escrito por\" \/>\n\t<meta name=\"twitter:data1\" content=\"Monique Lima\" \/>\n\t<meta name=\"twitter:label2\" content=\"Est. tempo de leitura\" \/>\n\t<meta name=\"twitter:data2\" content=\"4 minutos\" \/>\n<script type=\"application\/ld+json\" class=\"yoast-schema-graph\">{\"@context\":\"https:\/\/schema.org\",\"@graph\":[{\"@type\":\"NewsArticle\",\"@id\":\"https:\/\/www.suno.com.br\/noticias\/mxrf11-decisao-cvm-fundos-imobiliarios\/#article\",\"isPartOf\":{\"@id\":\"https:\/\/www.suno.com.br\/noticias\/mxrf11-decisao-cvm-fundos-imobiliarios\/\"},\"author\":{\"name\":\"Monique Lima\",\"@id\":\"https:\/\/www.suno.com.br\/noticias\/#\/schema\/person\/d712329319cc9b10f254d02d654cb36a\"},\"headline\":\"MXRF11: como a decis\u00e3o da CVM pode afetar os fundos imobili\u00e1rios?\",\"datePublished\":\"2022-01-26T20:04:17+00:00\",\"dateModified\":\"2022-01-26T23:38:42+00:00\",\"mainEntityOfPage\":{\"@id\":\"https:\/\/www.suno.com.br\/noticias\/mxrf11-decisao-cvm-fundos-imobiliarios\/\"},\"wordCount\":909,\"publisher\":{\"@id\":\"https:\/\/www.suno.com.br\/noticias\/#organization\"},\"image\":{\"@id\":\"https:\/\/www.suno.com.br\/noticias\/mxrf11-decisao-cvm-fundos-imobiliarios\/#primaryimage\"},\"thumbnailUrl\":\"https:\/\/files.sunoresearch.com.br\/n\/uploads\/2021\/10\/buildings-gdfb1db6cd_1280.jpg\",\"keywords\":[\"Especialistas\",\"Fundos Imobili\u00e1rios (FIIs)\",\"MXRF11\"],\"articleSection\":[\"FIIs\"],\"inLanguage\":\"pt-BR\"},{\"@type\":\"WebPage\",\"@id\":\"https:\/\/www.suno.com.br\/noticias\/mxrf11-decisao-cvm-fundos-imobiliarios\/\",\"url\":\"https:\/\/www.suno.com.br\/noticias\/mxrf11-decisao-cvm-fundos-imobiliarios\/\",\"name\":\"MXRF11: como a decis\u00e3o da CVM pode afetar os fundos imobili\u00e1rios?\",\"isPartOf\":{\"@id\":\"https:\/\/www.suno.com.br\/noticias\/#website\"},\"primaryImageOfPage\":{\"@id\":\"https:\/\/www.suno.com.br\/noticias\/mxrf11-decisao-cvm-fundos-imobiliarios\/#primaryimage\"},\"image\":{\"@id\":\"https:\/\/www.suno.com.br\/noticias\/mxrf11-decisao-cvm-fundos-imobiliarios\/#primaryimage\"},\"thumbnailUrl\":\"https:\/\/files.sunoresearch.com.br\/n\/uploads\/2021\/10\/buildings-gdfb1db6cd_1280.jpg\",\"datePublished\":\"2022-01-26T20:04:17+00:00\",\"dateModified\":\"2022-01-26T23:38:42+00:00\",\"description\":\"O Mari Renda (MXRF11) divulgou uma decis\u00e3o da CVM sobre um processo do Fundo que pode afetar todos os FIIs. Entenda o caso aqui.\",\"breadcrumb\":{\"@id\":\"https:\/\/www.suno.com.br\/noticias\/mxrf11-decisao-cvm-fundos-imobiliarios\/#breadcrumb\"},\"inLanguage\":\"pt-BR\",\"potentialAction\":[{\"@type\":\"ReadAction\",\"target\":[\"https:\/\/www.suno.com.br\/noticias\/mxrf11-decisao-cvm-fundos-imobiliarios\/\"]}]},{\"@type\":\"ImageObject\",\"inLanguage\":\"pt-BR\",\"@id\":\"https:\/\/www.suno.com.br\/noticias\/mxrf11-decisao-cvm-fundos-imobiliarios\/#primaryimage\",\"url\":\"https:\/\/files.sunoresearch.com.br\/n\/uploads\/2021\/10\/buildings-gdfb1db6cd_1280.jpg\",\"contentUrl\":\"https:\/\/files.sunoresearch.com.br\/n\/uploads\/2021\/10\/buildings-gdfb1db6cd_1280.jpg\",\"width\":1280,\"height\":853,\"caption\":\"Financiamento de im\u00f3veis: bancos s\u00f3 veem queda de juros no ano que vem. Foto: Pixabay\"},{\"@type\":\"BreadcrumbList\",\"@id\":\"https:\/\/www.suno.com.br\/noticias\/mxrf11-decisao-cvm-fundos-imobiliarios\/#breadcrumb\",\"itemListElement\":[{\"@type\":\"ListItem\",\"position\":1,\"name\":\"Not\u00edcias\",\"item\":\"https:\/\/www.suno.com.br\/noticias\/\"},{\"@type\":\"ListItem\",\"position\":2,\"name\":\"FIIs\",\"item\":\"https:\/\/www.suno.com.br\/noticias\/fiis\/\"},{\"@type\":\"ListItem\",\"position\":3,\"name\":\"MXRF11: como a decis\u00e3o da CVM pode afetar os fundos imobili\u00e1rios?\"}]},{\"@type\":\"WebSite\",\"@id\":\"https:\/\/www.suno.com.br\/noticias\/#website\",\"url\":\"https:\/\/www.suno.com.br\/noticias\/\",\"name\":\"Suno Not\u00edcias\",\"description\":\"Seu portal de informa\u00e7\u00e3o sobre o mundo dos investimentos\",\"publisher\":{\"@id\":\"https:\/\/www.suno.com.br\/noticias\/#organization\"},\"potentialAction\":[{\"@type\":\"SearchAction\",\"target\":{\"@type\":\"EntryPoint\",\"urlTemplate\":\"https:\/\/www.suno.com.br\/noticias\/?s={search_term_string}\"},\"query-input\":{\"@type\":\"PropertyValueSpecification\",\"valueRequired\":true,\"valueName\":\"search_term_string\"}}],\"inLanguage\":\"pt-BR\"},{\"@type\":\"Organization\",\"@id\":\"https:\/\/www.suno.com.br\/noticias\/#organization\",\"name\":\"Suno Not\u00edcias\",\"url\":\"https:\/\/www.suno.com.br\/noticias\/\",\"logo\":{\"@type\":\"ImageObject\",\"inLanguage\":\"pt-BR\",\"@id\":\"https:\/\/www.suno.com.br\/noticias\/#\/schema\/logo\/image\/\",\"url\":\"https:\/\/files.sunoresearch.com.br\/n\/uploads\/2021\/09\/suno-logo.png\",\"contentUrl\":\"https:\/\/files.sunoresearch.com.br\/n\/uploads\/2021\/09\/suno-logo.png\",\"width\":180,\"height\":180,\"caption\":\"Suno Not\u00edcias\"},\"image\":{\"@id\":\"https:\/\/www.suno.com.br\/noticias\/#\/schema\/logo\/image\/\"},\"sameAs\":[\"https:\/\/facebook.com\/sunoresearch\",\"https:\/\/x.com\/sunoresearch\",\"https:\/\/www.instagram.com\/suno\",\"https:\/\/www.linkedin.com\/company\/suno-research\/\",\"https:\/\/www.youtube.com\/c\/sunoresearch\"]},{\"@type\":\"Person\",\"@id\":\"https:\/\/www.suno.com.br\/noticias\/#\/schema\/person\/d712329319cc9b10f254d02d654cb36a\",\"name\":\"Monique Lima\",\"image\":{\"@type\":\"ImageObject\",\"inLanguage\":\"pt-BR\",\"@id\":\"https:\/\/www.suno.com.br\/noticias\/#\/schema\/person\/image\/\",\"url\":\"https:\/\/secure.gravatar.com\/avatar\/daee7f16d906c2e9ffed236206ca2c30?s=96&r=g\",\"contentUrl\":\"https:\/\/secure.gravatar.com\/avatar\/daee7f16d906c2e9ffed236206ca2c30?s=96&r=g\",\"caption\":\"Monique Lima\"},\"description\":\"Rep\u00f3rter de Mercado no Suno Not\u00edcias, \u00e9 jornalista com experi\u00eancia na cobertura de economia, empreendedorismo, finan\u00e7as pessoais, mercado financeiro, carreira e recursos humanos. Formada em Jornalismo pela Universidade Paulista, teve experi\u00eancias em ve\u00edculos de comunica\u00e7\u00e3o como a Ag\u00eancia TradeMap, Revista Voc\u00ea S\/A e Revista Voc\u00ea RH, as duas \u00faltimas publica\u00e7\u00f5es da Editora Abril. No Suno Not\u00edcias, fala sobre as principais not\u00edcias de Fundos Imobili\u00e1rios, Fiagro, Startups e empresas listadas na Bolsa.\",\"url\":\"https:\/\/www.suno.com.br\/noticias\/author\/monique-lima\/\"}]}<\/script>\n<!-- \/ Yoast SEO plugin. -->","yoast_head_json":{"title":"MXRF11: como a decis\u00e3o da CVM pode afetar os fundos imobili\u00e1rios?","description":"O Mari Renda (MXRF11) divulgou uma decis\u00e3o da CVM sobre um processo do Fundo que pode afetar todos os FIIs. Entenda o caso aqui.","robots":{"index":"index","follow":"follow","max-snippet":"max-snippet:-1","max-image-preview":"max-image-preview:large","max-video-preview":"max-video-preview:-1"},"canonical":"https:\/\/www.suno.com.br\/noticias\/mxrf11-decisao-cvm-fundos-imobiliarios\/","og_locale":"pt_BR","og_type":"article","og_title":"MXRF11: como a decis\u00e3o da CVM pode afetar os fundos imobili\u00e1rios?","og_description":"O Mari Renda (MXRF11) divulgou uma decis\u00e3o da CVM sobre um processo do Fundo que pode afetar todos os FIIs. Entenda o caso aqui.","og_url":"https:\/\/www.suno.com.br\/noticias\/mxrf11-decisao-cvm-fundos-imobiliarios\/","og_site_name":"Suno Not\u00edcias","article_publisher":"https:\/\/facebook.com\/sunoresearch","og_image":[{"width":1280,"height":853,"url":"https:\/\/files.sunoresearch.com.br\/n\/uploads\/2021\/10\/buildings-gdfb1db6cd_1280.jpg","type":"image\/jpeg"}],"author":"Monique Lima","twitter_card":"summary_large_image","twitter_creator":"@sunoresearch","twitter_site":"@sunoresearch","twitter_misc":{"Escrito por":"Monique Lima","Est. tempo de leitura":"4 minutos"},"schema":{"@context":"https:\/\/schema.org","@graph":[{"@type":"NewsArticle","@id":"https:\/\/www.suno.com.br\/noticias\/mxrf11-decisao-cvm-fundos-imobiliarios\/#article","isPartOf":{"@id":"https:\/\/www.suno.com.br\/noticias\/mxrf11-decisao-cvm-fundos-imobiliarios\/"},"author":{"name":"Monique Lima","@id":"https:\/\/www.suno.com.br\/noticias\/#\/schema\/person\/d712329319cc9b10f254d02d654cb36a"},"headline":"MXRF11: como a decis\u00e3o da CVM pode afetar os fundos imobili\u00e1rios?","datePublished":"2022-01-26T20:04:17+00:00","dateModified":"2022-01-26T23:38:42+00:00","mainEntityOfPage":{"@id":"https:\/\/www.suno.com.br\/noticias\/mxrf11-decisao-cvm-fundos-imobiliarios\/"},"wordCount":909,"publisher":{"@id":"https:\/\/www.suno.com.br\/noticias\/#organization"},"image":{"@id":"https:\/\/www.suno.com.br\/noticias\/mxrf11-decisao-cvm-fundos-imobiliarios\/#primaryimage"},"thumbnailUrl":"https:\/\/files.sunoresearch.com.br\/n\/uploads\/2021\/10\/buildings-gdfb1db6cd_1280.jpg","keywords":["Especialistas","Fundos Imobili\u00e1rios (FIIs)","MXRF11"],"articleSection":["FIIs"],"inLanguage":"pt-BR"},{"@type":"WebPage","@id":"https:\/\/www.suno.com.br\/noticias\/mxrf11-decisao-cvm-fundos-imobiliarios\/","url":"https:\/\/www.suno.com.br\/noticias\/mxrf11-decisao-cvm-fundos-imobiliarios\/","name":"MXRF11: como a decis\u00e3o da CVM pode afetar os fundos imobili\u00e1rios?","isPartOf":{"@id":"https:\/\/www.suno.com.br\/noticias\/#website"},"primaryImageOfPage":{"@id":"https:\/\/www.suno.com.br\/noticias\/mxrf11-decisao-cvm-fundos-imobiliarios\/#primaryimage"},"image":{"@id":"https:\/\/www.suno.com.br\/noticias\/mxrf11-decisao-cvm-fundos-imobiliarios\/#primaryimage"},"thumbnailUrl":"https:\/\/files.sunoresearch.com.br\/n\/uploads\/2021\/10\/buildings-gdfb1db6cd_1280.jpg","datePublished":"2022-01-26T20:04:17+00:00","dateModified":"2022-01-26T23:38:42+00:00","description":"O Mari Renda (MXRF11) divulgou uma decis\u00e3o da CVM sobre um processo do Fundo que pode afetar todos os FIIs. Entenda o caso aqui.","breadcrumb":{"@id":"https:\/\/www.suno.com.br\/noticias\/mxrf11-decisao-cvm-fundos-imobiliarios\/#breadcrumb"},"inLanguage":"pt-BR","potentialAction":[{"@type":"ReadAction","target":["https:\/\/www.suno.com.br\/noticias\/mxrf11-decisao-cvm-fundos-imobiliarios\/"]}]},{"@type":"ImageObject","inLanguage":"pt-BR","@id":"https:\/\/www.suno.com.br\/noticias\/mxrf11-decisao-cvm-fundos-imobiliarios\/#primaryimage","url":"https:\/\/files.sunoresearch.com.br\/n\/uploads\/2021\/10\/buildings-gdfb1db6cd_1280.jpg","contentUrl":"https:\/\/files.sunoresearch.com.br\/n\/uploads\/2021\/10\/buildings-gdfb1db6cd_1280.jpg","width":1280,"height":853,"caption":"Financiamento de im\u00f3veis: bancos s\u00f3 veem queda de juros no ano que vem. Foto: Pixabay"},{"@type":"BreadcrumbList","@id":"https:\/\/www.suno.com.br\/noticias\/mxrf11-decisao-cvm-fundos-imobiliarios\/#breadcrumb","itemListElement":[{"@type":"ListItem","position":1,"name":"Not\u00edcias","item":"https:\/\/www.suno.com.br\/noticias\/"},{"@type":"ListItem","position":2,"name":"FIIs","item":"https:\/\/www.suno.com.br\/noticias\/fiis\/"},{"@type":"ListItem","position":3,"name":"MXRF11: como a decis\u00e3o da CVM pode afetar os fundos imobili\u00e1rios?"}]},{"@type":"WebSite","@id":"https:\/\/www.suno.com.br\/noticias\/#website","url":"https:\/\/www.suno.com.br\/noticias\/","name":"Suno Not\u00edcias","description":"Seu portal de informa\u00e7\u00e3o sobre o mundo dos investimentos","publisher":{"@id":"https:\/\/www.suno.com.br\/noticias\/#organization"},"potentialAction":[{"@type":"SearchAction","target":{"@type":"EntryPoint","urlTemplate":"https:\/\/www.suno.com.br\/noticias\/?s={search_term_string}"},"query-input":{"@type":"PropertyValueSpecification","valueRequired":true,"valueName":"search_term_string"}}],"inLanguage":"pt-BR"},{"@type":"Organization","@id":"https:\/\/www.suno.com.br\/noticias\/#organization","name":"Suno Not\u00edcias","url":"https:\/\/www.suno.com.br\/noticias\/","logo":{"@type":"ImageObject","inLanguage":"pt-BR","@id":"https:\/\/www.suno.com.br\/noticias\/#\/schema\/logo\/image\/","url":"https:\/\/files.sunoresearch.com.br\/n\/uploads\/2021\/09\/suno-logo.png","contentUrl":"https:\/\/files.sunoresearch.com.br\/n\/uploads\/2021\/09\/suno-logo.png","width":180,"height":180,"caption":"Suno Not\u00edcias"},"image":{"@id":"https:\/\/www.suno.com.br\/noticias\/#\/schema\/logo\/image\/"},"sameAs":["https:\/\/facebook.com\/sunoresearch","https:\/\/x.com\/sunoresearch","https:\/\/www.instagram.com\/suno","https:\/\/www.linkedin.com\/company\/suno-research\/","https:\/\/www.youtube.com\/c\/sunoresearch"]},{"@type":"Person","@id":"https:\/\/www.suno.com.br\/noticias\/#\/schema\/person\/d712329319cc9b10f254d02d654cb36a","name":"Monique Lima","image":{"@type":"ImageObject","inLanguage":"pt-BR","@id":"https:\/\/www.suno.com.br\/noticias\/#\/schema\/person\/image\/","url":"https:\/\/secure.gravatar.com\/avatar\/daee7f16d906c2e9ffed236206ca2c30?s=96&r=g","contentUrl":"https:\/\/secure.gravatar.com\/avatar\/daee7f16d906c2e9ffed236206ca2c30?s=96&r=g","caption":"Monique Lima"},"description":"Rep\u00f3rter de Mercado no Suno Not\u00edcias, \u00e9 jornalista com experi\u00eancia na cobertura de economia, empreendedorismo, finan\u00e7as pessoais, mercado financeiro, carreira e recursos humanos. Formada em Jornalismo pela Universidade Paulista, teve experi\u00eancias em ve\u00edculos de comunica\u00e7\u00e3o como a Ag\u00eancia TradeMap, Revista Voc\u00ea S\/A e Revista Voc\u00ea RH, as duas \u00faltimas publica\u00e7\u00f5es da Editora Abril. No Suno Not\u00edcias, fala sobre as principais not\u00edcias de Fundos Imobili\u00e1rios, Fiagro, Startups e empresas listadas na Bolsa.","url":"https:\/\/www.suno.com.br\/noticias\/author\/monique-lima\/"}]}},"default_loop_html":"<div class=\"cardsPage__listCard__boxs\"><div class=\"cardsPage__listCard__boxs__img\"><a href=\"https:\/\/www.suno.com.br\/noticias\/mxrf11-decisao-cvm-fundos-imobiliarios\/\"><img class=\"mask\" src=\"https:\/\/www.suno.com.br\/noticias\/wp-content\/themes\/suno\/resources\/images\/spotlight\/spotlight1img\/bg-mask.png\" alt=\"Image Mask\"\/><img src=\"https:\/\/files.sunoresearch.com.br\/n\/uploads\/2021\/10\/buildings-gdfb1db6cd_1280-400x200.jpg\" alt=\"MXRF11: como a decis\u00e3o da CVM pode afetar os fundos imobili\u00e1rios?\"\/><\/a><span class=\"spotlightCategory\"><a href=\"https:\/\/www.suno.com.br\/noticias\/fiis\/\">FIIs<\/a><\/span><\/div><div class=\"cardsPage__listCard__boxs__content\"><a href=\"https:\/\/www.suno.com.br\/noticias\/mxrf11-decisao-cvm-fundos-imobiliarios\/\"><h2 class=\"content__title\">MXRF11: como a decis\u00e3o da CVM pode afetar os fundos imobili\u00e1rios?<\/h2><\/a><div class=\"newsContent__article__meta\"><div class=\"newsContent__article__meta__authorBox\"><a href=\"https:\/\/www.suno.com.br\/noticias\/author\/monique-lima\/\" class=\"authorBox__avatar noMobi\"><img src=\"https:\/\/secure.gravatar.com\/avatar\/daee7f16d906c2e9ffed236206ca2c30?s=96&#038;r=g\" alt=\"Monique Lima\"><\/a><div class=\"authorBox__name\"><span>por\n\t\t\t<a href=\"https:\/\/www.suno.com.br\/noticias\/author\/monique-lima\/\"><span itemprop=\"author\">Monique Lima<\/span><\/a><\/span><time datetime=\"2022-01-26T17:04:17-03:00\" itemprop=\"datePublished\">26\/01\/2022 17:04<\/time><\/div><\/div><\/div><\/div><\/div>","single_layout":"posts","amp_enabled":true,"_links":{"self":[{"href":"https:\/\/www.suno.com.br\/noticias\/wp-json\/wp\/v2\/posts\/225910"}],"collection":[{"href":"https:\/\/www.suno.com.br\/noticias\/wp-json\/wp\/v2\/posts"}],"about":[{"href":"https:\/\/www.suno.com.br\/noticias\/wp-json\/wp\/v2\/types\/post"}],"author":[{"embeddable":true,"href":"https:\/\/www.suno.com.br\/noticias\/wp-json\/wp\/v2\/users\/102"}],"replies":[{"embeddable":true,"href":"https:\/\/www.suno.com.br\/noticias\/wp-json\/wp\/v2\/comments?post=225910"}],"version-history":[{"count":4,"href":"https:\/\/www.suno.com.br\/noticias\/wp-json\/wp\/v2\/posts\/225910\/revisions"}],"predecessor-version":[{"id":226101,"href":"https:\/\/www.suno.com.br\/noticias\/wp-json\/wp\/v2\/posts\/225910\/revisions\/226101"}],"wp:featuredmedia":[{"embeddable":true,"href":"https:\/\/www.suno.com.br\/noticias\/wp-json\/wp\/v2\/media\/195288"}],"wp:attachment":[{"href":"https:\/\/www.suno.com.br\/noticias\/wp-json\/wp\/v2\/media?parent=225910"}],"wp:term":[{"taxonomy":"category","embeddable":true,"href":"https:\/\/www.suno.com.br\/noticias\/wp-json\/wp\/v2\/categories?post=225910"},{"taxonomy":"post_tag","embeddable":true,"href":"https:\/\/www.suno.com.br\/noticias\/wp-json\/wp\/v2\/tags?post=225910"},{"taxonomy":"suno_strategy","embeddable":true,"href":"https:\/\/www.suno.com.br\/noticias\/wp-json\/wp\/v2\/suno_strategy?post=225910"}],"curies":[{"name":"wp","href":"https:\/\/api.w.org\/{rel}","templated":true}]}}