{"id":225681,"date":"2022-01-26T09:28:10","date_gmt":"2022-01-26T12:28:10","guid":{"rendered":"https:\/\/www.suno.com.br\/noticias\/?p=225681"},"modified":"2022-01-26T09:28:10","modified_gmt":"2022-01-26T12:28:10","slug":"arezzo-arzz3-conclui-compra-carol-bassi","status":"publish","type":"post","link":"https:\/\/www.suno.com.br\/noticias\/arezzo-arzz3-conclui-compra-carol-bassi\/","title":{"rendered":"Arezzo (ARZZ3) conclui compra da marca Carol Bassi por R$ 180 milh\u00f5es"},"content":{"rendered":"<p>A <a class=\"suno-keyword\" href=\"https:\/\/www.suno.com.br\/acoes\/ARZZ3\/\" target=\"_blank\" rel=\"noopener\" data-force=\"yes\" data-priority=\"2\"><strong>Arezzo<\/strong> (ARZZ3)<\/a> concluiu a compra da Carol Bassi, marca de vestu\u00e1rio feminino voltado ao p\u00fablico com alto <a class=\"suno-keyword\" href=\"https:\/\/www.suno.com.br\/artigos\/poder-aquisitivo\/\" target=\"_blank\" rel=\"noopener\" data-force=\"no\" data-priority=\"1\">poder aquisitivo<\/a>, por R$ 180 milh\u00f5es. A informa\u00e7\u00e3o foi divulgada por meio do <a class=\"suno-keyword\" href=\"https:\/\/www.suno.com.br\/artigos\/fato-relevante\/\" target=\"_blank\" rel=\"noopener\" data-force=\"no\" data-priority=\"1\">fato relevante<\/a>.<\/p>\t<div class=\"wrapper-featured-image\">\n\t\t<figure class=\"spotlightImg\">\n\n\t\t\t<picture>\n\t\t\t\t<source media=\"(max-width: 768px)\" srcset=\"https:\/\/files.sunoresearch.com.br\/n\/uploads\/2021\/11\/arezzo-reproducao-site-400x200.jpg\">\n\t\t\t\t<img loading=\"lazy\" decoding=\"async\" class=\"newsContent__article__imgCapa lazyloadDisabled \" src=\"https:\/\/files.sunoresearch.com.br\/n\/uploads\/2021\/11\/arezzo-reproducao-site-800x450.jpg\" width=\"800\" height=\"450\" alt=\"Arezzo (ARZZ3) conclui compra da marca Carol Bassi por R$ 180 milh\u00f5es\" fetchpriority=high \/>\n\t\t\t<\/picture>\n\n\t\t\t<figcaption class=\"wp-caption-text wp-caption-text--show\">Loja da Arezzo.  Foto: Reprodu\u00e7\u00e3o <\/figcaption>\n\t\t<\/figure>\n\t<\/div>\n\n\n\t<p>\n\t\t<a href=\"https:\/\/lp.suno.com.br\/planilha-controle-gastos\/\" target=\"_blank\" data-element=\"shortcode-suno-banner\" title=\"Banner SUNO, clique e saiba mais\">\n\t\t\t<picture>\n\t\t\t\t<source media=\"(max-width: 500px)\" srcset=\"https:\/\/files.sunoresearch.com.br\/n\/uploads\/2023\/03\/400x300-Planilha-controle-de-gastos.png\">\n\t\t\t\t<img class=\"newsContent__article__imgCapa newsContent__article__imgCapa--banner\"\n\t\t\t\t\tsrc=\"https:\/\/files.sunoresearch.com.br\/n\/uploads\/2023\/03\/1420x240-Planilha-controle-de-gastos.png\"\n\t\t\t\t\tdata-promo-id=\"101751\"\t\t\t\t\t\t\t\t\t\twidth='1420' height='240'\t\t\t\t\talt=\"https:\/\/files.sunoresearch.com.br\/n\/uploads\/2023\/03\/1420x240-Planilha-controle-de-gastos.png\"\n\t\t\t\t>\n\t\t\t<\/picture>\n\t\t<\/a>\n\t<\/p>\n\n\n<p>Com a <strong>marca Carol Bassi<\/strong> em seu portf\u00f3lio, a Arezzo d\u00e1 entrada no segmento de vestu\u00e1rio feminino. No dia do an\u00fancio do interesse de compra, em 30 de novembro, a XP avaliou que, apesar de parecer uma compra \u2018cara\u2019 em um primeiro momento, a transa\u00e7\u00e3o iria gerar valor.<\/p>\n<p>Segundo a an\u00e1lise da XP, a aquisi\u00e7\u00e3o da Arezzo \u00e9 positiva na quest\u00e3o estrat\u00e9gica por posicionar a companhia no setor em\u00a0<strong>vestu\u00e1rio feminino<\/strong>. A corretora acredita que a adi\u00e7\u00e3o dos executivos da marca ser\u00e1 importante para trazer aprendizados e melhores pr\u00e1ticas na constru\u00e7\u00e3o da\u00a0<strong>Schutz<\/strong>, sua primeira cole\u00e7\u00e3o oficialmente lan\u00e7ada no in\u00edcio de 2022.<\/p>\n<p>Conforme o relat\u00f3rio, a marca Carol Bassi deve faturar R$ 58 milh\u00f5es este ano, sendo R$ 36 milh\u00f5es de sua \u00fanica loja f\u00edsica, localizada no Shopping Cidade Jardim. Al\u00e9m dessa loja, a companhia conta com vendas em 90 lojas multimarcas e uma loja pop-up aberta recentemente, em outubro de 2021, no Rio de Janeiro.<\/p>\n\t<p>\n\t\t<a href=\"https:\/\/lp.suno.com.br\/planilha-da-vida-financeira\/\" target=\"_blank\" data-element=\"shortcode-suno-banner\" title=\"Banner SUNO, clique e saiba mais\">\n\t\t\t<picture>\n\t\t\t\t<source media=\"(max-width: 500px)\" srcset=\"https:\/\/files.sunoresearch.com.br\/n\/uploads\/2023\/04\/400x300-Planilha-vida-financeira-true.png\">\n\t\t\t\t<img class=\"newsContent__article__imgCapa newsContent__article__imgCapa--banner\"\n\t\t\t\t\tsrc=\"https:\/\/files.sunoresearch.com.br\/n\/uploads\/2023\/04\/1420x240-Planilha-vida-financeira-true.png\"\n\t\t\t\t\tdata-promo-id=\"106682\"\t\t\t\t\t\t\t\t\t\twidth='1420' height='240'\t\t\t\t\talt=\"https:\/\/files.sunoresearch.com.br\/n\/uploads\/2023\/04\/1420x240-Planilha-vida-financeira-true.png\"\n\t\t\t\t>\n\t\t\t<\/picture>\n\t\t<\/a>\n\t<\/p>\n\n\n<p>A companhia n\u00e3o possui um site de e-commerce independente, mas tem uma forte contribui\u00e7\u00e3o de vendas por Whatsapp, estimadas em R$ 20 milh\u00f5es.<\/p>\n<p>\u201cDessa forma, vemos como uma forte alavanca de crescimento para os pr\u00f3ximos anos tanto a expans\u00e3o da presen\u00e7a f\u00edsica \u2013 com not\u00edcias sinalizando a abertura de 15 a 20 lojas nos pr\u00f3ximos dois anos \u2013 como da alavancagem da marca no e-commerce. Al\u00e9m disso, vemos potencial em adicionar novas categorias \u00e0 marca, como bolsas e cal\u00e7ados.&#8221;<\/p>\n<p>A XP tem recomenda\u00e7\u00e3o de compra, com o pre\u00e7o-alvo de R$ 108 por a\u00e7\u00e3o.<\/p>\n<p>O <a href=\"https:\/\/www.suno.com.br\/bdrs\/gsgi34\/\"><strong>Goldman Sachs<\/strong> (GSGI34)<\/a> tamb\u00e9m soltou um relat\u00f3rio sobre a opera\u00e7\u00e3o e informou enxerga um potencial na opera\u00e7\u00e3o e definiu pre\u00e7o-alvo de R$ 117.<\/p>\n<h2>\u00daltima cota\u00e7\u00e3o da Arezzo<\/h2>\n<p>Na \u00faltima sess\u00e3o, ter\u00e7a-feira (26), a a\u00e7\u00e3o da <strong>Arezzo<\/strong> encerrou o preg\u00e3o em forte alta de 4,83%, negociada a R$ 77,70.<\/p>\n\t<p>\n\t\t<a href=\"https:\/\/lp.suno.com.br\/planilha-de-controle-de-investimentos\/\" target=\"_blank\" data-element=\"shortcode-suno-banner\" title=\"Banner SUNO, clique e saiba mais\">\n\t\t\t<picture>\n\t\t\t\t<source media=\"(max-width: 500px)\" srcset=\"https:\/\/files.sunoresearch.com.br\/n\/uploads\/2023\/03\/400x300-Controle-de-Investimentos.png\">\n\t\t\t\t<img class=\"newsContent__article__imgCapa newsContent__article__imgCapa--banner\"\n\t\t\t\t\tsrc=\"https:\/\/files.sunoresearch.com.br\/n\/uploads\/2023\/03\/1420x240-Controle-de-Investimentos.png\"\n\t\t\t\t\tdata-promo-id=\"75934\"\t\t\t\t\t\t\t\t\t\twidth='1420' height='240'\t\t\t\t\talt=\"https:\/\/files.sunoresearch.com.br\/n\/uploads\/2023\/03\/1420x240-Controle-de-Investimentos.png\"\n\t\t\t\t>\n\t\t\t<\/picture>\n\t\t<\/a>\n\t<\/p>\n\n\n","protected":false},"excerpt":{"rendered":"<p>A Arezzo (ARZZ3) concluiu a compra da Carol Bassi, marca de vestu\u00e1rio feminino voltado ao p\u00fablico com alto poder aquisitivo, por R$ 180 milh\u00f5es. A informa\u00e7\u00e3o foi divulgada por meio do fato relevante. Loja da Arezzo. Foto: Reprodu\u00e7\u00e3o Com a marca Carol Bassi em seu portf\u00f3lio, a Arezzo d\u00e1 entrada no segmento de vestu\u00e1rio feminino. [&hellip;]<\/p>\n","protected":false},"author":15,"featured_media":201159,"comment_status":"closed","ping_status":"closed","sticky":false,"template":"","format":"standard","meta":[],"categories":[64],"tags":[362],"suno_strategy":[],"class_list":["post-225681","post","type-post","status-publish","format-standard","has-post-thumbnail","hentry","category-negocios","tag-arezzo-arzz3"],"yoast_head":"<!-- This site is optimized with the Yoast SEO plugin v24.4 - https:\/\/yoast.com\/wordpress\/plugins\/seo\/ -->\n<title>Arezzo (ARZZ3) conclui compra da marca Carol Bassi por R$ 180 milh\u00f5es<\/title>\n<meta name=\"description\" content=\"A Arezzo (ARZZ3) concluiu a compra da Carol Bassi, de vestu\u00e1rio feminino voltado ao p\u00fablico com alto poder aquisitivo, por R$ 180 mi. Veja\" \/>\n<meta name=\"robots\" content=\"index, follow, max-snippet:-1, max-image-preview:large, max-video-preview:-1\" \/>\n<link rel=\"canonical\" href=\"https:\/\/www.suno.com.br\/noticias\/arezzo-arzz3-conclui-compra-carol-bassi\/\" \/>\n<meta property=\"og:locale\" content=\"pt_BR\" \/>\n<meta property=\"og:type\" content=\"article\" \/>\n<meta property=\"og:title\" content=\"Arezzo (ARZZ3) conclui compra da marca Carol Bassi por R$ 180 milh\u00f5es\" \/>\n<meta property=\"og:description\" content=\"A Arezzo (ARZZ3) concluiu a compra da Carol Bassi, de vestu\u00e1rio feminino voltado ao p\u00fablico com alto poder aquisitivo, por R$ 180 mi. Veja\" \/>\n<meta property=\"og:url\" content=\"https:\/\/www.suno.com.br\/noticias\/arezzo-arzz3-conclui-compra-carol-bassi\/\" \/>\n<meta property=\"og:site_name\" content=\"Suno Not\u00edcias\" \/>\n<meta property=\"article:publisher\" content=\"https:\/\/facebook.com\/sunoresearch\" \/>\n<meta property=\"og:image\" content=\"https:\/\/files.sunoresearch.com.br\/n\/uploads\/2021\/11\/arezzo-reproducao-site.jpg\" \/>\n\t<meta property=\"og:image:width\" content=\"2047\" \/>\n\t<meta property=\"og:image:height\" content=\"1365\" \/>\n\t<meta property=\"og:image:type\" content=\"image\/jpeg\" \/>\n<meta name=\"author\" content=\"Poliana Santos\" \/>\n<meta name=\"twitter:card\" content=\"summary_large_image\" \/>\n<meta name=\"twitter:creator\" content=\"@sunoresearch\" \/>\n<meta name=\"twitter:site\" content=\"@sunoresearch\" \/>\n<meta name=\"twitter:label1\" content=\"Escrito por\" \/>\n\t<meta name=\"twitter:data1\" content=\"Poliana Santos\" \/>\n\t<meta name=\"twitter:label2\" content=\"Est. tempo de leitura\" \/>\n\t<meta name=\"twitter:data2\" content=\"2 minutos\" \/>\n<script type=\"application\/ld+json\" class=\"yoast-schema-graph\">{\"@context\":\"https:\/\/schema.org\",\"@graph\":[{\"@type\":\"NewsArticle\",\"@id\":\"https:\/\/www.suno.com.br\/noticias\/arezzo-arzz3-conclui-compra-carol-bassi\/#article\",\"isPartOf\":{\"@id\":\"https:\/\/www.suno.com.br\/noticias\/arezzo-arzz3-conclui-compra-carol-bassi\/\"},\"author\":{\"name\":\"Poliana Santos\",\"@id\":\"https:\/\/www.suno.com.br\/noticias\/#\/schema\/person\/02ec1f752758247878a2bf4abee1aeda\"},\"headline\":\"Arezzo (ARZZ3) conclui compra da marca Carol Bassi por R$ 180 milh\u00f5es\",\"datePublished\":\"2022-01-26T12:28:10+00:00\",\"mainEntityOfPage\":{\"@id\":\"https:\/\/www.suno.com.br\/noticias\/arezzo-arzz3-conclui-compra-carol-bassi\/\"},\"wordCount\":381,\"publisher\":{\"@id\":\"https:\/\/www.suno.com.br\/noticias\/#organization\"},\"image\":{\"@id\":\"https:\/\/www.suno.com.br\/noticias\/arezzo-arzz3-conclui-compra-carol-bassi\/#primaryimage\"},\"thumbnailUrl\":\"https:\/\/files.sunoresearch.com.br\/n\/uploads\/2021\/11\/arezzo-reproducao-site.jpg\",\"keywords\":[\"Arezzo (ARZZ3)\"],\"articleSection\":[\"Neg\u00f3cios\"],\"inLanguage\":\"pt-BR\"},{\"@type\":\"WebPage\",\"@id\":\"https:\/\/www.suno.com.br\/noticias\/arezzo-arzz3-conclui-compra-carol-bassi\/\",\"url\":\"https:\/\/www.suno.com.br\/noticias\/arezzo-arzz3-conclui-compra-carol-bassi\/\",\"name\":\"Arezzo (ARZZ3) conclui compra da marca Carol Bassi por R$ 180 milh\u00f5es\",\"isPartOf\":{\"@id\":\"https:\/\/www.suno.com.br\/noticias\/#website\"},\"primaryImageOfPage\":{\"@id\":\"https:\/\/www.suno.com.br\/noticias\/arezzo-arzz3-conclui-compra-carol-bassi\/#primaryimage\"},\"image\":{\"@id\":\"https:\/\/www.suno.com.br\/noticias\/arezzo-arzz3-conclui-compra-carol-bassi\/#primaryimage\"},\"thumbnailUrl\":\"https:\/\/files.sunoresearch.com.br\/n\/uploads\/2021\/11\/arezzo-reproducao-site.jpg\",\"datePublished\":\"2022-01-26T12:28:10+00:00\",\"description\":\"A Arezzo (ARZZ3) concluiu a compra da Carol Bassi, de vestu\u00e1rio feminino voltado ao p\u00fablico com alto poder aquisitivo, por R$ 180 mi. Veja\",\"breadcrumb\":{\"@id\":\"https:\/\/www.suno.com.br\/noticias\/arezzo-arzz3-conclui-compra-carol-bassi\/#breadcrumb\"},\"inLanguage\":\"pt-BR\",\"potentialAction\":[{\"@type\":\"ReadAction\",\"target\":[\"https:\/\/www.suno.com.br\/noticias\/arezzo-arzz3-conclui-compra-carol-bassi\/\"]}]},{\"@type\":\"ImageObject\",\"inLanguage\":\"pt-BR\",\"@id\":\"https:\/\/www.suno.com.br\/noticias\/arezzo-arzz3-conclui-compra-carol-bassi\/#primaryimage\",\"url\":\"https:\/\/files.sunoresearch.com.br\/n\/uploads\/2021\/11\/arezzo-reproducao-site.jpg\",\"contentUrl\":\"https:\/\/files.sunoresearch.com.br\/n\/uploads\/2021\/11\/arezzo-reproducao-site.jpg\",\"width\":2047,\"height\":1365,\"caption\":\"Loja da Arezzo. Foto: Reprodu\u00e7\u00e3o\"},{\"@type\":\"BreadcrumbList\",\"@id\":\"https:\/\/www.suno.com.br\/noticias\/arezzo-arzz3-conclui-compra-carol-bassi\/#breadcrumb\",\"itemListElement\":[{\"@type\":\"ListItem\",\"position\":1,\"name\":\"Not\u00edcias\",\"item\":\"https:\/\/www.suno.com.br\/noticias\/\"},{\"@type\":\"ListItem\",\"position\":2,\"name\":\"Neg\u00f3cios\",\"item\":\"https:\/\/www.suno.com.br\/noticias\/negocios\/\"},{\"@type\":\"ListItem\",\"position\":3,\"name\":\"Arezzo (ARZZ3) conclui compra da marca Carol Bassi por R$ 180 milh\u00f5es\"}]},{\"@type\":\"WebSite\",\"@id\":\"https:\/\/www.suno.com.br\/noticias\/#website\",\"url\":\"https:\/\/www.suno.com.br\/noticias\/\",\"name\":\"Suno Not\u00edcias\",\"description\":\"Seu portal de informa\u00e7\u00e3o sobre o mundo dos investimentos\",\"publisher\":{\"@id\":\"https:\/\/www.suno.com.br\/noticias\/#organization\"},\"potentialAction\":[{\"@type\":\"SearchAction\",\"target\":{\"@type\":\"EntryPoint\",\"urlTemplate\":\"https:\/\/www.suno.com.br\/noticias\/?s={search_term_string}\"},\"query-input\":{\"@type\":\"PropertyValueSpecification\",\"valueRequired\":true,\"valueName\":\"search_term_string\"}}],\"inLanguage\":\"pt-BR\"},{\"@type\":\"Organization\",\"@id\":\"https:\/\/www.suno.com.br\/noticias\/#organization\",\"name\":\"Suno Not\u00edcias\",\"url\":\"https:\/\/www.suno.com.br\/noticias\/\",\"logo\":{\"@type\":\"ImageObject\",\"inLanguage\":\"pt-BR\",\"@id\":\"https:\/\/www.suno.com.br\/noticias\/#\/schema\/logo\/image\/\",\"url\":\"https:\/\/files.sunoresearch.com.br\/n\/uploads\/2021\/09\/suno-logo.png\",\"contentUrl\":\"https:\/\/files.sunoresearch.com.br\/n\/uploads\/2021\/09\/suno-logo.png\",\"width\":180,\"height\":180,\"caption\":\"Suno Not\u00edcias\"},\"image\":{\"@id\":\"https:\/\/www.suno.com.br\/noticias\/#\/schema\/logo\/image\/\"},\"sameAs\":[\"https:\/\/facebook.com\/sunoresearch\",\"https:\/\/x.com\/sunoresearch\",\"https:\/\/www.instagram.com\/suno\",\"https:\/\/www.linkedin.com\/company\/suno-research\/\",\"https:\/\/www.youtube.com\/c\/sunoresearch\"]},{\"@type\":\"Person\",\"@id\":\"https:\/\/www.suno.com.br\/noticias\/#\/schema\/person\/02ec1f752758247878a2bf4abee1aeda\",\"name\":\"Poliana Santos\",\"image\":{\"@type\":\"ImageObject\",\"inLanguage\":\"pt-BR\",\"@id\":\"https:\/\/www.suno.com.br\/noticias\/#\/schema\/person\/image\/\",\"url\":\"https:\/\/secure.gravatar.com\/avatar\/0645bd32f23d87b2130f2b2dff1d3f8d?s=96&r=g\",\"contentUrl\":\"https:\/\/secure.gravatar.com\/avatar\/0645bd32f23d87b2130f2b2dff1d3f8d?s=96&r=g\",\"caption\":\"Poliana Santos\"},\"description\":\"Rep\u00f3rter no Suno Not\u00edcias, com cobertura em mercado financeiro, economia, finan\u00e7as pessoais, renda fixa e varejo. Jornalista formada pela Faculdade C\u00e1sper L\u00edbero e possui passagem na R\u00e1dio Gazeta AM com a produ\u00e7\u00e3o de conte\u00fado sobre economia, pol\u00edtica, sa\u00fade, moda e m\u00fasica. Possui certificado de conclus\u00e3o do curso de An\u00e1lise de Balan\u00e7os pela Funda\u00e7\u00e3o Bradesco, Agenda Brasil pela FAAP, Educa\u00e7\u00e3o Pol\u00edtica por Alexandre Garcia e do Tesouro Direto e Mercado de A\u00e7\u00f5es pela B3.\",\"url\":\"https:\/\/www.suno.com.br\/noticias\/author\/poliana-santos\/\"}]}<\/script>\n<!-- \/ Yoast SEO plugin. -->","yoast_head_json":{"title":"Arezzo (ARZZ3) conclui compra da marca Carol Bassi por R$ 180 milh\u00f5es","description":"A Arezzo (ARZZ3) concluiu a compra da Carol Bassi, de vestu\u00e1rio feminino voltado ao p\u00fablico com alto poder aquisitivo, por R$ 180 mi. Veja","robots":{"index":"index","follow":"follow","max-snippet":"max-snippet:-1","max-image-preview":"max-image-preview:large","max-video-preview":"max-video-preview:-1"},"canonical":"https:\/\/www.suno.com.br\/noticias\/arezzo-arzz3-conclui-compra-carol-bassi\/","og_locale":"pt_BR","og_type":"article","og_title":"Arezzo (ARZZ3) conclui compra da marca Carol Bassi por R$ 180 milh\u00f5es","og_description":"A Arezzo (ARZZ3) concluiu a compra da Carol Bassi, de vestu\u00e1rio feminino voltado ao p\u00fablico com alto poder aquisitivo, por R$ 180 mi. Veja","og_url":"https:\/\/www.suno.com.br\/noticias\/arezzo-arzz3-conclui-compra-carol-bassi\/","og_site_name":"Suno Not\u00edcias","article_publisher":"https:\/\/facebook.com\/sunoresearch","og_image":[{"width":2047,"height":1365,"url":"https:\/\/files.sunoresearch.com.br\/n\/uploads\/2021\/11\/arezzo-reproducao-site.jpg","type":"image\/jpeg"}],"author":"Poliana Santos","twitter_card":"summary_large_image","twitter_creator":"@sunoresearch","twitter_site":"@sunoresearch","twitter_misc":{"Escrito por":"Poliana Santos","Est. tempo de leitura":"2 minutos"},"schema":{"@context":"https:\/\/schema.org","@graph":[{"@type":"NewsArticle","@id":"https:\/\/www.suno.com.br\/noticias\/arezzo-arzz3-conclui-compra-carol-bassi\/#article","isPartOf":{"@id":"https:\/\/www.suno.com.br\/noticias\/arezzo-arzz3-conclui-compra-carol-bassi\/"},"author":{"name":"Poliana Santos","@id":"https:\/\/www.suno.com.br\/noticias\/#\/schema\/person\/02ec1f752758247878a2bf4abee1aeda"},"headline":"Arezzo (ARZZ3) conclui compra da marca Carol Bassi por R$ 180 milh\u00f5es","datePublished":"2022-01-26T12:28:10+00:00","mainEntityOfPage":{"@id":"https:\/\/www.suno.com.br\/noticias\/arezzo-arzz3-conclui-compra-carol-bassi\/"},"wordCount":381,"publisher":{"@id":"https:\/\/www.suno.com.br\/noticias\/#organization"},"image":{"@id":"https:\/\/www.suno.com.br\/noticias\/arezzo-arzz3-conclui-compra-carol-bassi\/#primaryimage"},"thumbnailUrl":"https:\/\/files.sunoresearch.com.br\/n\/uploads\/2021\/11\/arezzo-reproducao-site.jpg","keywords":["Arezzo (ARZZ3)"],"articleSection":["Neg\u00f3cios"],"inLanguage":"pt-BR"},{"@type":"WebPage","@id":"https:\/\/www.suno.com.br\/noticias\/arezzo-arzz3-conclui-compra-carol-bassi\/","url":"https:\/\/www.suno.com.br\/noticias\/arezzo-arzz3-conclui-compra-carol-bassi\/","name":"Arezzo (ARZZ3) conclui compra da marca Carol Bassi por R$ 180 milh\u00f5es","isPartOf":{"@id":"https:\/\/www.suno.com.br\/noticias\/#website"},"primaryImageOfPage":{"@id":"https:\/\/www.suno.com.br\/noticias\/arezzo-arzz3-conclui-compra-carol-bassi\/#primaryimage"},"image":{"@id":"https:\/\/www.suno.com.br\/noticias\/arezzo-arzz3-conclui-compra-carol-bassi\/#primaryimage"},"thumbnailUrl":"https:\/\/files.sunoresearch.com.br\/n\/uploads\/2021\/11\/arezzo-reproducao-site.jpg","datePublished":"2022-01-26T12:28:10+00:00","description":"A Arezzo (ARZZ3) concluiu a compra da Carol Bassi, de vestu\u00e1rio feminino voltado ao p\u00fablico com alto poder aquisitivo, por R$ 180 mi. Veja","breadcrumb":{"@id":"https:\/\/www.suno.com.br\/noticias\/arezzo-arzz3-conclui-compra-carol-bassi\/#breadcrumb"},"inLanguage":"pt-BR","potentialAction":[{"@type":"ReadAction","target":["https:\/\/www.suno.com.br\/noticias\/arezzo-arzz3-conclui-compra-carol-bassi\/"]}]},{"@type":"ImageObject","inLanguage":"pt-BR","@id":"https:\/\/www.suno.com.br\/noticias\/arezzo-arzz3-conclui-compra-carol-bassi\/#primaryimage","url":"https:\/\/files.sunoresearch.com.br\/n\/uploads\/2021\/11\/arezzo-reproducao-site.jpg","contentUrl":"https:\/\/files.sunoresearch.com.br\/n\/uploads\/2021\/11\/arezzo-reproducao-site.jpg","width":2047,"height":1365,"caption":"Loja da Arezzo. Foto: Reprodu\u00e7\u00e3o"},{"@type":"BreadcrumbList","@id":"https:\/\/www.suno.com.br\/noticias\/arezzo-arzz3-conclui-compra-carol-bassi\/#breadcrumb","itemListElement":[{"@type":"ListItem","position":1,"name":"Not\u00edcias","item":"https:\/\/www.suno.com.br\/noticias\/"},{"@type":"ListItem","position":2,"name":"Neg\u00f3cios","item":"https:\/\/www.suno.com.br\/noticias\/negocios\/"},{"@type":"ListItem","position":3,"name":"Arezzo (ARZZ3) conclui compra da marca Carol Bassi por R$ 180 milh\u00f5es"}]},{"@type":"WebSite","@id":"https:\/\/www.suno.com.br\/noticias\/#website","url":"https:\/\/www.suno.com.br\/noticias\/","name":"Suno Not\u00edcias","description":"Seu portal de informa\u00e7\u00e3o sobre o mundo dos investimentos","publisher":{"@id":"https:\/\/www.suno.com.br\/noticias\/#organization"},"potentialAction":[{"@type":"SearchAction","target":{"@type":"EntryPoint","urlTemplate":"https:\/\/www.suno.com.br\/noticias\/?s={search_term_string}"},"query-input":{"@type":"PropertyValueSpecification","valueRequired":true,"valueName":"search_term_string"}}],"inLanguage":"pt-BR"},{"@type":"Organization","@id":"https:\/\/www.suno.com.br\/noticias\/#organization","name":"Suno Not\u00edcias","url":"https:\/\/www.suno.com.br\/noticias\/","logo":{"@type":"ImageObject","inLanguage":"pt-BR","@id":"https:\/\/www.suno.com.br\/noticias\/#\/schema\/logo\/image\/","url":"https:\/\/files.sunoresearch.com.br\/n\/uploads\/2021\/09\/suno-logo.png","contentUrl":"https:\/\/files.sunoresearch.com.br\/n\/uploads\/2021\/09\/suno-logo.png","width":180,"height":180,"caption":"Suno Not\u00edcias"},"image":{"@id":"https:\/\/www.suno.com.br\/noticias\/#\/schema\/logo\/image\/"},"sameAs":["https:\/\/facebook.com\/sunoresearch","https:\/\/x.com\/sunoresearch","https:\/\/www.instagram.com\/suno","https:\/\/www.linkedin.com\/company\/suno-research\/","https:\/\/www.youtube.com\/c\/sunoresearch"]},{"@type":"Person","@id":"https:\/\/www.suno.com.br\/noticias\/#\/schema\/person\/02ec1f752758247878a2bf4abee1aeda","name":"Poliana Santos","image":{"@type":"ImageObject","inLanguage":"pt-BR","@id":"https:\/\/www.suno.com.br\/noticias\/#\/schema\/person\/image\/","url":"https:\/\/secure.gravatar.com\/avatar\/0645bd32f23d87b2130f2b2dff1d3f8d?s=96&r=g","contentUrl":"https:\/\/secure.gravatar.com\/avatar\/0645bd32f23d87b2130f2b2dff1d3f8d?s=96&r=g","caption":"Poliana Santos"},"description":"Rep\u00f3rter no Suno Not\u00edcias, com cobertura em mercado financeiro, economia, finan\u00e7as pessoais, renda fixa e varejo. Jornalista formada pela Faculdade C\u00e1sper L\u00edbero e possui passagem na R\u00e1dio Gazeta AM com a produ\u00e7\u00e3o de conte\u00fado sobre economia, pol\u00edtica, sa\u00fade, moda e m\u00fasica. Possui certificado de conclus\u00e3o do curso de An\u00e1lise de Balan\u00e7os pela Funda\u00e7\u00e3o Bradesco, Agenda Brasil pela FAAP, Educa\u00e7\u00e3o Pol\u00edtica por Alexandre Garcia e do Tesouro Direto e Mercado de A\u00e7\u00f5es pela B3.","url":"https:\/\/www.suno.com.br\/noticias\/author\/poliana-santos\/"}]}},"default_loop_html":"<div class=\"cardsPage__listCard__boxs\"><div class=\"cardsPage__listCard__boxs__img\"><a href=\"https:\/\/www.suno.com.br\/noticias\/arezzo-arzz3-conclui-compra-carol-bassi\/\"><img class=\"mask\" src=\"https:\/\/www.suno.com.br\/noticias\/wp-content\/themes\/suno\/resources\/images\/spotlight\/spotlight1img\/bg-mask.png\" alt=\"Image Mask\"\/><img src=\"https:\/\/files.sunoresearch.com.br\/n\/uploads\/2021\/11\/arezzo-reproducao-site-400x200.jpg\" alt=\"Arezzo (ARZZ3) conclui compra da marca Carol Bassi por R$ 180 milh\u00f5es\"\/><\/a><span class=\"spotlightCategory\"><a href=\"https:\/\/www.suno.com.br\/noticias\/negocios\/\">Neg\u00f3cios<\/a><\/span><\/div><div class=\"cardsPage__listCard__boxs__content\"><a href=\"https:\/\/www.suno.com.br\/noticias\/arezzo-arzz3-conclui-compra-carol-bassi\/\"><h2 class=\"content__title\">Arezzo (ARZZ3) conclui compra da marca Carol Bassi por R$ 180 milh\u00f5es<\/h2><\/a><div class=\"newsContent__article__meta\"><div class=\"newsContent__article__meta__authorBox\"><a href=\"https:\/\/www.suno.com.br\/noticias\/author\/poliana-santos\/\" class=\"authorBox__avatar noMobi\"><img src=\"https:\/\/files.sunoresearch.com.br\/n\/uploads\/2020\/08\/7ef34026-whatsapp-image-2020-08-03-at-12.37.57-150x150.webp\" alt=\"Poliana Santos\"><\/a><div class=\"authorBox__name\"><span>por\n\t\t\t<a href=\"https:\/\/www.suno.com.br\/noticias\/author\/poliana-santos\/\"><span itemprop=\"author\">Poliana Santos<\/span><\/a><\/span><time datetime=\"2022-01-26T09:28:10-03:00\" itemprop=\"datePublished\">26\/01\/2022 09:28<\/time><\/div><\/div><\/div><\/div><\/div>","single_layout":"posts","amp_enabled":true,"_links":{"self":[{"href":"https:\/\/www.suno.com.br\/noticias\/wp-json\/wp\/v2\/posts\/225681"}],"collection":[{"href":"https:\/\/www.suno.com.br\/noticias\/wp-json\/wp\/v2\/posts"}],"about":[{"href":"https:\/\/www.suno.com.br\/noticias\/wp-json\/wp\/v2\/types\/post"}],"author":[{"embeddable":true,"href":"https:\/\/www.suno.com.br\/noticias\/wp-json\/wp\/v2\/users\/15"}],"replies":[{"embeddable":true,"href":"https:\/\/www.suno.com.br\/noticias\/wp-json\/wp\/v2\/comments?post=225681"}],"version-history":[{"count":3,"href":"https:\/\/www.suno.com.br\/noticias\/wp-json\/wp\/v2\/posts\/225681\/revisions"}],"predecessor-version":[{"id":225717,"href":"https:\/\/www.suno.com.br\/noticias\/wp-json\/wp\/v2\/posts\/225681\/revisions\/225717"}],"wp:featuredmedia":[{"embeddable":true,"href":"https:\/\/www.suno.com.br\/noticias\/wp-json\/wp\/v2\/media\/201159"}],"wp:attachment":[{"href":"https:\/\/www.suno.com.br\/noticias\/wp-json\/wp\/v2\/media?parent=225681"}],"wp:term":[{"taxonomy":"category","embeddable":true,"href":"https:\/\/www.suno.com.br\/noticias\/wp-json\/wp\/v2\/categories?post=225681"},{"taxonomy":"post_tag","embeddable":true,"href":"https:\/\/www.suno.com.br\/noticias\/wp-json\/wp\/v2\/tags?post=225681"},{"taxonomy":"suno_strategy","embeddable":true,"href":"https:\/\/www.suno.com.br\/noticias\/wp-json\/wp\/v2\/suno_strategy?post=225681"}],"curies":[{"name":"wp","href":"https:\/\/api.w.org\/{rel}","templated":true}]}}