{"id":225625,"date":"2022-01-25T20:31:56","date_gmt":"2022-01-25T23:31:56","guid":{"rendered":"https:\/\/www.suno.com.br\/noticias\/?p=225625"},"modified":"2022-01-26T11:51:46","modified_gmt":"2022-01-26T14:51:46","slug":"banco-inter-bidi4-conclui-aquisicao-usend","status":"publish","type":"post","link":"https:\/\/www.suno.com.br\/noticias\/banco-inter-bidi4-conclui-aquisicao-usend\/","title":{"rendered":"Banco Inter (BIDI4) conclui aquisi\u00e7\u00e3o da fintech norte-americana Usend"},"content":{"rendered":"<p>O\u00a0<a href=\"https:\/\/www.suno.com.br\/acoes\/BIDI4\/\" target=\"_blank\" rel=\"noopener\"><strong>Banco Inter<\/strong>\u00a0(BIDI4)<\/a> anunciou nesta ter\u00e7a-feira (25) que as condi\u00e7\u00f5es para a conclus\u00e3o da aquisi\u00e7\u00e3o da fintech americana <strong>Usend<\/strong> foram atendidas.<\/p>\t<div class=\"wrapper-featured-image\">\n\t\t<figure class=\"spotlightImg\">\n\n\t\t\t<picture>\n\t\t\t\t<source media=\"(max-width: 768px)\" srcset=\"https:\/\/files.sunoresearch.com.br\/n\/uploads\/2021\/06\/dad9092c-fachada_inter-400x200.jpeg\">\n\t\t\t\t<img loading=\"lazy\" decoding=\"async\" class=\"newsContent__article__imgCapa lazyloadDisabled \" src=\"https:\/\/files.sunoresearch.com.br\/n\/uploads\/2021\/06\/dad9092c-fachada_inter-800x450.jpeg\" width=\"800\" height=\"450\" alt=\"Banco Inter (BIDI4) conclui aquisi\u00e7\u00e3o da fintech norte-americana Usend\" fetchpriority=high \/>\n\t\t\t<\/picture>\n\n\t\t\t<figcaption class=\"wp-caption-text wp-caption-text--show\">Banco Inter (BIDI11) - Foto: Divulga\u00e7\u00e3o<\/figcaption>\n\t\t<\/figure>\n\t<\/div>\n\n\n<p>\t<p>\n\t\t<a href=\"\" target=\"_blank\" data-element=\"shortcode-suno-banner\" title=\"Banner SUNO, clique e saiba mais\">\n\t\t\t<picture>\n\t\t\t\t<source media=\"(max-width: 500px)\" srcset=\"\">\n\t\t\t\t<img class=\"newsContent__article__imgCapa newsContent__article__imgCapa--banner\"\n\t\t\t\t\tsrc=\"\"\n\t\t\t\t\tdata-promo-id=\"100083\"\t\t\t\t\t\t\t\t\t\t\t\t\t\t\talt=\"\"\n\t\t\t\t>\n\t\t\t<\/picture>\n\t\t<\/a>\n\t<\/p>\n\n<br \/>\nA companhia informou via\u00a0<a class=\"suno-keyword\" href=\"https:\/\/www.suno.com.br\/artigos\/fato-relevante\/\" target=\"_blank\" rel=\"noopener\" data-force=\"no\" data-priority=\"1\">fato relevante<\/a> \u00e0 <strong>Comiss\u00e3o de Valores Mobili\u00e1rios (CVM)<\/strong>, sem mencionar o valor da opera\u00e7\u00e3o.<\/p>\n<p>A compra da\u00a0Usend havia sido anunciada pelo Banco Inter em agosto de 2021. A empresa de tecnologia financeira possui sede nos Estados Unidos, com subsidi\u00e1rias no Brasil, Canad\u00e1 e Reino Unido.<\/p>\n<p>De acordo com o Inter, a opera\u00e7\u00e3o faz parte da estrat\u00e9gia do\u00a0<strong>banco digital<\/strong>\u00a0de iniciar suas atividades de presta\u00e7\u00e3o de servi\u00e7o nos Estados Unidos, ampliando a oferta de produtos financeiros e n\u00e3o financeiros para os atuais clientes da Usend e para os clientes brasileiros do Banco Inter.<\/p>\n\t<p>\n\t\t<a href=\"https:\/\/lp.suno.com.br\/planilha-da-vida-financeira\/\" target=\"_blank\" data-element=\"shortcode-suno-banner\" title=\"Banner SUNO, clique e saiba mais\">\n\t\t\t<picture>\n\t\t\t\t<source media=\"(max-width: 500px)\" srcset=\"https:\/\/files.sunoresearch.com.br\/n\/uploads\/2023\/04\/400x300-Planilha-vida-financeira-true.png\">\n\t\t\t\t<img class=\"newsContent__article__imgCapa newsContent__article__imgCapa--banner\"\n\t\t\t\t\tsrc=\"https:\/\/files.sunoresearch.com.br\/n\/uploads\/2023\/04\/1420x240-Planilha-vida-financeira-true.png\"\n\t\t\t\t\tdata-promo-id=\"106682\"\t\t\t\t\t\t\t\t\t\twidth='1420' height='240'\t\t\t\t\talt=\"https:\/\/files.sunoresearch.com.br\/n\/uploads\/2023\/04\/1420x240-Planilha-vida-financeira-true.png\"\n\t\t\t\t>\n\t\t\t<\/picture>\n\t\t<\/a>\n\t<\/p>\n\n\n<p>A<strong>\u00a0fintech norte-americana<\/strong>\u00a0conta com licen\u00e7as para atua\u00e7\u00e3o como\u00a0<em>money transmitter<\/em>\u00a0(transmissora de recursos nacionais e internacionais) em mais de 40 estados americanos. Com isso, pode oferecer servi\u00e7os de carteira digital,\u00a0<a class=\"suno-keyword\" href=\"https:\/\/www.suno.com.br\/artigos\/cartao-de-debito\/\" target=\"_blank\" rel=\"noopener\" data-force=\"no\" data-priority=\"2\">cart\u00e3o de d\u00e9bito<\/a>\u00a0e pagamento de contas.<\/p>\n<p>Os principais executivos da empresa seguir\u00e3o \u00e0 frente da opera\u00e7\u00e3o americana, conduzindo a\u00a0<strong>integra\u00e7\u00e3o da Usend ao Banco Inter<\/strong>, conforme o documento.<\/p>\n\t<p>\n\t\t<a href=\"https:\/\/lp.suno.com.br\/ebook-como-analisar-uma-acao\/\" target=\"_blank\" data-element=\"shortcode-suno-banner\" title=\"Banner SUNO, clique e saiba mais\">\n\t\t\t<picture>\n\t\t\t\t<source media=\"(max-width: 500px)\" srcset=\"https:\/\/files.sunoresearch.com.br\/n\/uploads\/2023\/03\/Ebook-Acoes-Mobile-1.jpg\">\n\t\t\t\t<img class=\"newsContent__article__imgCapa newsContent__article__imgCapa--banner\"\n\t\t\t\t\tsrc=\"https:\/\/files.sunoresearch.com.br\/n\/uploads\/2023\/03\/Ebook-Acoes-Desktop-1.jpg\"\n\t\t\t\t\tdata-promo-id=\"171998\"\t\t\t\t\t\t\t\t\t\twidth='1420' height='286'\t\t\t\t\talt=\"https:\/\/files.sunoresearch.com.br\/n\/uploads\/2023\/03\/Ebook-Acoes-Desktop-1.jpg\"\n\t\t\t\t>\n\t\t\t<\/picture>\n\t\t<\/a>\n\t<\/p>\n\n\n<p><strong>Veja tamb\u00e9m:<\/strong><\/p>\n<h2>Ponta Sul Investimentos reduz novamente participa\u00e7\u00e3o no Banco Inter (BIDI4)<\/h2>\n<p>O<strong>\u00a0Banco Inter<\/strong>\u00a0(BIDI4)\u00a0comunicou ao mercado que os fundos da gestora Ponta Sul Investimentos reduziram, novamente, sua participa\u00e7\u00e3o no capital do banco.<\/p>\n<p>No in\u00edcio de janeiro, a participa\u00e7\u00e3o da Ponta Sul no capital da institui\u00e7\u00e3o financeira era de 11,79%. Mas na semana passada, a gestora decidiu vender as\u00a0<strong>units do Banco Inter (BIDI11)<\/strong>\u00a0e passou a deter 7,37% do capital social. Agora, a gestora possui apenas 3,94%.<\/p>\n<p>Segundo o\u00a0<a class=\"suno-keyword\" href=\"https:\/\/www.suno.com.br\/artigos\/fato-relevante\/\" target=\"_blank\" rel=\"noopener\" data-force=\"no\" data-priority=\"1\">fato relevante<\/a>, a\u00a0<strong>Ponta Sul Investimentos<\/strong>\u00a0informou que a aliena\u00e7\u00e3o da participa\u00e7\u00e3o acion\u00e1ria tem por objetivo a mera realiza\u00e7\u00e3o de opera\u00e7\u00f5es financeiras e n\u00e3o objetiva alterar a composi\u00e7\u00e3o do controle ou a estrutura administrativa da companhia.<\/p>\n\t<p>\n\t\t<a href=\"https:\/\/lp.suno.com.br\/planilha-de-controle-de-investimentos\/\" target=\"_blank\" data-element=\"shortcode-suno-banner\" title=\"Banner SUNO, clique e saiba mais\">\n\t\t\t<picture>\n\t\t\t\t<source media=\"(max-width: 500px)\" srcset=\"https:\/\/files.sunoresearch.com.br\/n\/uploads\/2023\/03\/400x300-Controle-de-Investimentos.png\">\n\t\t\t\t<img class=\"newsContent__article__imgCapa newsContent__article__imgCapa--banner\"\n\t\t\t\t\tsrc=\"https:\/\/files.sunoresearch.com.br\/n\/uploads\/2023\/03\/1420x240-Controle-de-Investimentos.png\"\n\t\t\t\t\tdata-promo-id=\"75934\"\t\t\t\t\t\t\t\t\t\twidth='1420' height='240'\t\t\t\t\talt=\"https:\/\/files.sunoresearch.com.br\/n\/uploads\/2023\/03\/1420x240-Controle-de-Investimentos.png\"\n\t\t\t\t>\n\t\t\t<\/picture>\n\t\t<\/a>\n\t<\/p>\n\n\n<p>Ainda segunda a gestora, a participa\u00e7\u00e3o nos fundos inclui a totalidade da exposi\u00e7\u00e3o financeira, seja atrav\u00e9s de a\u00e7\u00f5es e ou\u00a0<a class=\"suno-keyword\" href=\"https:\/\/www.suno.com.br\/artigos\/instrumentos-financeiros\/\" target=\"_blank\" rel=\"noopener\" data-force=\"no\" data-priority=\"1\">instrumentos financeiros<\/a>\u00a0derivativos referenciados em tais a\u00e7\u00f5es.<\/p>\n<p>No fechamento do preg\u00e3o desta ter\u00e7a (25) as a\u00e7\u00f5es do<strong> Banco Inter<\/strong> encerraram o preg\u00e3o em alta de 0,26%, negociadas a R$ 7,82. Nos \u00faltimos 12 meses, acumulou queda de 49,84%.<\/p>\n\t<p>\n\t\t<a href=\"\" target=\"_blank\" data-element=\"shortcode-suno-banner\" title=\"Banner SUNO, clique e saiba mais\">\n\t\t\t<picture>\n\t\t\t\t<source media=\"(max-width: 500px)\" srcset=\"\">\n\t\t\t\t<img class=\"newsContent__article__imgCapa newsContent__article__imgCapa--banner\"\n\t\t\t\t\tsrc=\"\"\n\t\t\t\t\tdata-promo-id=\"184190\"\t\t\t\t\t\t\t\t\t\t\t\t\t\t\talt=\"\"\n\t\t\t\t>\n\t\t\t<\/picture>\n\t\t<\/a>\n\t<\/p>\n\n\n","protected":false},"excerpt":{"rendered":"<p>O\u00a0Banco Inter\u00a0(BIDI4) anunciou nesta ter\u00e7a-feira (25) que as condi\u00e7\u00f5es para a conclus\u00e3o da aquisi\u00e7\u00e3o da fintech americana Usend foram atendidas. Banco Inter (BIDI11) &#8211; Foto: Divulga\u00e7\u00e3o A companhia informou via\u00a0fato relevante \u00e0 Comiss\u00e3o de Valores Mobili\u00e1rios (CVM), sem mencionar o valor da opera\u00e7\u00e3o. A compra da\u00a0Usend havia sido anunciada pelo Banco Inter em agosto de [&hellip;]<\/p>\n","protected":false},"author":146,"featured_media":154428,"comment_status":"closed","ping_status":"closed","sticky":false,"template":"","format":"standard","meta":[],"categories":[64],"tags":[106764,369],"suno_strategy":[],"class_list":["post-225625","post","type-post","status-publish","format-standard","has-post-thumbnail","hentry","category-negocios","tag-banco-inter-bidi11","tag-banco-inter-bidi11-bidi4-bidi3"],"yoast_head":"<!-- This site is optimized with the Yoast SEO plugin v24.4 - https:\/\/yoast.com\/wordpress\/plugins\/seo\/ -->\n<title>Banco Inter (BIDI4) conclui aquisi\u00e7\u00e3o da fintech norte-americana Usend<\/title>\n<meta name=\"description\" content=\"O\u00a0Banco Inter\u00a0(BIDI4) informou que as condi\u00e7\u00f5es precedentes para a conclus\u00e3o da aquisi\u00e7\u00e3o da fintech americana Usend foram atendidas.\" \/>\n<meta name=\"robots\" content=\"index, follow, max-snippet:-1, max-image-preview:large, max-video-preview:-1\" \/>\n<link rel=\"canonical\" href=\"https:\/\/www.suno.com.br\/noticias\/banco-inter-bidi4-conclui-aquisicao-usend\/\" \/>\n<meta property=\"og:locale\" content=\"pt_BR\" \/>\n<meta property=\"og:type\" content=\"article\" \/>\n<meta property=\"og:title\" content=\"Banco Inter (BIDI4) conclui aquisi\u00e7\u00e3o da fintech norte-americana Usend\" \/>\n<meta property=\"og:description\" content=\"O\u00a0Banco Inter\u00a0(BIDI4) informou que as condi\u00e7\u00f5es precedentes para a conclus\u00e3o da aquisi\u00e7\u00e3o da fintech americana Usend foram atendidas.\" \/>\n<meta property=\"og:url\" content=\"https:\/\/www.suno.com.br\/noticias\/banco-inter-bidi4-conclui-aquisicao-usend\/\" \/>\n<meta property=\"og:site_name\" content=\"Suno Not\u00edcias\" \/>\n<meta property=\"article:publisher\" content=\"https:\/\/facebook.com\/sunoresearch\" \/>\n<meta property=\"og:image\" content=\"https:\/\/files.sunoresearch.com.br\/n\/uploads\/2021\/06\/dad9092c-fachada_inter-scaled.jpeg\" \/>\n\t<meta property=\"og:image:width\" content=\"2560\" \/>\n\t<meta property=\"og:image:height\" content=\"1707\" \/>\n\t<meta property=\"og:image:type\" content=\"image\/jpeg\" \/>\n<meta name=\"author\" content=\"Vict\u00f3ria Anhesini\" \/>\n<meta name=\"twitter:card\" content=\"summary_large_image\" \/>\n<meta name=\"twitter:creator\" content=\"@sunoresearch\" \/>\n<meta name=\"twitter:site\" content=\"@sunoresearch\" \/>\n<meta name=\"twitter:label1\" content=\"Escrito por\" \/>\n\t<meta name=\"twitter:data1\" content=\"Vict\u00f3ria Anhesini\" \/>\n\t<meta name=\"twitter:label2\" content=\"Est. tempo de leitura\" \/>\n\t<meta name=\"twitter:data2\" content=\"2 minutos\" \/>\n<script type=\"application\/ld+json\" class=\"yoast-schema-graph\">{\"@context\":\"https:\/\/schema.org\",\"@graph\":[{\"@type\":\"NewsArticle\",\"@id\":\"https:\/\/www.suno.com.br\/noticias\/banco-inter-bidi4-conclui-aquisicao-usend\/#article\",\"isPartOf\":{\"@id\":\"https:\/\/www.suno.com.br\/noticias\/banco-inter-bidi4-conclui-aquisicao-usend\/\"},\"author\":{\"name\":\"Vict\u00f3ria Anhesini\",\"@id\":\"https:\/\/www.suno.com.br\/noticias\/#\/schema\/person\/46d847cb19ad53fde0857adca989c23f\"},\"headline\":\"Banco Inter (BIDI4) conclui aquisi\u00e7\u00e3o da fintech norte-americana Usend\",\"datePublished\":\"2022-01-25T23:31:56+00:00\",\"dateModified\":\"2022-01-26T14:51:46+00:00\",\"mainEntityOfPage\":{\"@id\":\"https:\/\/www.suno.com.br\/noticias\/banco-inter-bidi4-conclui-aquisicao-usend\/\"},\"wordCount\":411,\"publisher\":{\"@id\":\"https:\/\/www.suno.com.br\/noticias\/#organization\"},\"image\":{\"@id\":\"https:\/\/www.suno.com.br\/noticias\/banco-inter-bidi4-conclui-aquisicao-usend\/#primaryimage\"},\"thumbnailUrl\":\"https:\/\/files.sunoresearch.com.br\/n\/uploads\/2021\/06\/dad9092c-fachada_inter-scaled.jpeg\",\"keywords\":[\"Banco Inter (BIDI11)\",\"Banco Inter (BIDI11\/BIDI4\/BIDI3)\"],\"articleSection\":[\"Neg\u00f3cios\"],\"inLanguage\":\"pt-BR\"},{\"@type\":\"WebPage\",\"@id\":\"https:\/\/www.suno.com.br\/noticias\/banco-inter-bidi4-conclui-aquisicao-usend\/\",\"url\":\"https:\/\/www.suno.com.br\/noticias\/banco-inter-bidi4-conclui-aquisicao-usend\/\",\"name\":\"Banco Inter (BIDI4) conclui aquisi\u00e7\u00e3o da fintech norte-americana Usend\",\"isPartOf\":{\"@id\":\"https:\/\/www.suno.com.br\/noticias\/#website\"},\"primaryImageOfPage\":{\"@id\":\"https:\/\/www.suno.com.br\/noticias\/banco-inter-bidi4-conclui-aquisicao-usend\/#primaryimage\"},\"image\":{\"@id\":\"https:\/\/www.suno.com.br\/noticias\/banco-inter-bidi4-conclui-aquisicao-usend\/#primaryimage\"},\"thumbnailUrl\":\"https:\/\/files.sunoresearch.com.br\/n\/uploads\/2021\/06\/dad9092c-fachada_inter-scaled.jpeg\",\"datePublished\":\"2022-01-25T23:31:56+00:00\",\"dateModified\":\"2022-01-26T14:51:46+00:00\",\"description\":\"O\u00a0Banco Inter\u00a0(BIDI4) informou que as condi\u00e7\u00f5es precedentes para a conclus\u00e3o da aquisi\u00e7\u00e3o da fintech americana Usend foram atendidas.\",\"breadcrumb\":{\"@id\":\"https:\/\/www.suno.com.br\/noticias\/banco-inter-bidi4-conclui-aquisicao-usend\/#breadcrumb\"},\"inLanguage\":\"pt-BR\",\"potentialAction\":[{\"@type\":\"ReadAction\",\"target\":[\"https:\/\/www.suno.com.br\/noticias\/banco-inter-bidi4-conclui-aquisicao-usend\/\"]}]},{\"@type\":\"ImageObject\",\"inLanguage\":\"pt-BR\",\"@id\":\"https:\/\/www.suno.com.br\/noticias\/banco-inter-bidi4-conclui-aquisicao-usend\/#primaryimage\",\"url\":\"https:\/\/files.sunoresearch.com.br\/n\/uploads\/2021\/06\/dad9092c-fachada_inter-scaled.jpeg\",\"contentUrl\":\"https:\/\/files.sunoresearch.com.br\/n\/uploads\/2021\/06\/dad9092c-fachada_inter-scaled.jpeg\",\"width\":2560,\"height\":1707,\"caption\":\"Banco Inter (BIDI11) - Foto: Divulga\u00e7\u00e3o\"},{\"@type\":\"BreadcrumbList\",\"@id\":\"https:\/\/www.suno.com.br\/noticias\/banco-inter-bidi4-conclui-aquisicao-usend\/#breadcrumb\",\"itemListElement\":[{\"@type\":\"ListItem\",\"position\":1,\"name\":\"Not\u00edcias\",\"item\":\"https:\/\/www.suno.com.br\/noticias\/\"},{\"@type\":\"ListItem\",\"position\":2,\"name\":\"Neg\u00f3cios\",\"item\":\"https:\/\/www.suno.com.br\/noticias\/negocios\/\"},{\"@type\":\"ListItem\",\"position\":3,\"name\":\"Banco Inter (BIDI4) conclui aquisi\u00e7\u00e3o da fintech norte-americana Usend\"}]},{\"@type\":\"WebSite\",\"@id\":\"https:\/\/www.suno.com.br\/noticias\/#website\",\"url\":\"https:\/\/www.suno.com.br\/noticias\/\",\"name\":\"Suno Not\u00edcias\",\"description\":\"Seu portal de informa\u00e7\u00e3o sobre o mundo dos investimentos\",\"publisher\":{\"@id\":\"https:\/\/www.suno.com.br\/noticias\/#organization\"},\"potentialAction\":[{\"@type\":\"SearchAction\",\"target\":{\"@type\":\"EntryPoint\",\"urlTemplate\":\"https:\/\/www.suno.com.br\/noticias\/?s={search_term_string}\"},\"query-input\":{\"@type\":\"PropertyValueSpecification\",\"valueRequired\":true,\"valueName\":\"search_term_string\"}}],\"inLanguage\":\"pt-BR\"},{\"@type\":\"Organization\",\"@id\":\"https:\/\/www.suno.com.br\/noticias\/#organization\",\"name\":\"Suno Not\u00edcias\",\"url\":\"https:\/\/www.suno.com.br\/noticias\/\",\"logo\":{\"@type\":\"ImageObject\",\"inLanguage\":\"pt-BR\",\"@id\":\"https:\/\/www.suno.com.br\/noticias\/#\/schema\/logo\/image\/\",\"url\":\"https:\/\/files.sunoresearch.com.br\/n\/uploads\/2021\/09\/suno-logo.png\",\"contentUrl\":\"https:\/\/files.sunoresearch.com.br\/n\/uploads\/2021\/09\/suno-logo.png\",\"width\":180,\"height\":180,\"caption\":\"Suno Not\u00edcias\"},\"image\":{\"@id\":\"https:\/\/www.suno.com.br\/noticias\/#\/schema\/logo\/image\/\"},\"sameAs\":[\"https:\/\/facebook.com\/sunoresearch\",\"https:\/\/x.com\/sunoresearch\",\"https:\/\/www.instagram.com\/suno\",\"https:\/\/www.linkedin.com\/company\/suno-research\/\",\"https:\/\/www.youtube.com\/c\/sunoresearch\"]},{\"@type\":\"Person\",\"@id\":\"https:\/\/www.suno.com.br\/noticias\/#\/schema\/person\/46d847cb19ad53fde0857adca989c23f\",\"name\":\"Vict\u00f3ria Anhesini\",\"image\":{\"@type\":\"ImageObject\",\"inLanguage\":\"pt-BR\",\"@id\":\"https:\/\/www.suno.com.br\/noticias\/#\/schema\/person\/image\/\",\"url\":\"https:\/\/secure.gravatar.com\/avatar\/0172bdfcd9129dd9dd68794804304e6e?s=96&r=g\",\"contentUrl\":\"https:\/\/secure.gravatar.com\/avatar\/0172bdfcd9129dd9dd68794804304e6e?s=96&r=g\",\"caption\":\"Vict\u00f3ria Anhesini\"},\"description\":\"Rep\u00f3rter no Suno Not\u00edcias, cobre mercados, neg\u00f3cios e economia, escrevendo majoritariamente sobre movimentos das empresas, cobertura de balan\u00e7os trimestrais e Bolsa de Valores. Formada em jornalismo pela Universidade Presbiteriana Mackenzie em 2019, passou pelo portal de economia e finan\u00e7as EuQueroInvestir como rep\u00f3rter e anteriormente, trabalhou na assessoria de imprensa PinePR, onde liderou com startups de inova\u00e7\u00e3o, tecnologia e finan\u00e7as. Em seu tempo livre, fala sobre m\u00fasica para ambos os sites do selo ForMusic, Wikimetal e Mad Sound, e faz trabalho volunt\u00e1rio no programa Escreve Cartas do Poupatempo.\",\"sameAs\":[\"https:\/\/www.linkedin.com\/in\/victoria-anhesini\/\"],\"url\":\"https:\/\/www.suno.com.br\/noticias\/author\/victoria\/\"}]}<\/script>\n<!-- \/ Yoast SEO plugin. -->","yoast_head_json":{"title":"Banco Inter (BIDI4) conclui aquisi\u00e7\u00e3o da fintech norte-americana Usend","description":"O\u00a0Banco Inter\u00a0(BIDI4) informou que as condi\u00e7\u00f5es precedentes para a conclus\u00e3o da aquisi\u00e7\u00e3o da fintech americana Usend foram atendidas.","robots":{"index":"index","follow":"follow","max-snippet":"max-snippet:-1","max-image-preview":"max-image-preview:large","max-video-preview":"max-video-preview:-1"},"canonical":"https:\/\/www.suno.com.br\/noticias\/banco-inter-bidi4-conclui-aquisicao-usend\/","og_locale":"pt_BR","og_type":"article","og_title":"Banco Inter (BIDI4) conclui aquisi\u00e7\u00e3o da fintech norte-americana Usend","og_description":"O\u00a0Banco Inter\u00a0(BIDI4) informou que as condi\u00e7\u00f5es precedentes para a conclus\u00e3o da aquisi\u00e7\u00e3o da fintech americana Usend foram atendidas.","og_url":"https:\/\/www.suno.com.br\/noticias\/banco-inter-bidi4-conclui-aquisicao-usend\/","og_site_name":"Suno Not\u00edcias","article_publisher":"https:\/\/facebook.com\/sunoresearch","og_image":[{"width":2560,"height":1707,"url":"https:\/\/files.sunoresearch.com.br\/n\/uploads\/2021\/06\/dad9092c-fachada_inter-scaled.jpeg","type":"image\/jpeg"}],"author":"Vict\u00f3ria Anhesini","twitter_card":"summary_large_image","twitter_creator":"@sunoresearch","twitter_site":"@sunoresearch","twitter_misc":{"Escrito por":"Vict\u00f3ria Anhesini","Est. tempo de leitura":"2 minutos"},"schema":{"@context":"https:\/\/schema.org","@graph":[{"@type":"NewsArticle","@id":"https:\/\/www.suno.com.br\/noticias\/banco-inter-bidi4-conclui-aquisicao-usend\/#article","isPartOf":{"@id":"https:\/\/www.suno.com.br\/noticias\/banco-inter-bidi4-conclui-aquisicao-usend\/"},"author":{"name":"Vict\u00f3ria Anhesini","@id":"https:\/\/www.suno.com.br\/noticias\/#\/schema\/person\/46d847cb19ad53fde0857adca989c23f"},"headline":"Banco Inter (BIDI4) conclui aquisi\u00e7\u00e3o da fintech norte-americana Usend","datePublished":"2022-01-25T23:31:56+00:00","dateModified":"2022-01-26T14:51:46+00:00","mainEntityOfPage":{"@id":"https:\/\/www.suno.com.br\/noticias\/banco-inter-bidi4-conclui-aquisicao-usend\/"},"wordCount":411,"publisher":{"@id":"https:\/\/www.suno.com.br\/noticias\/#organization"},"image":{"@id":"https:\/\/www.suno.com.br\/noticias\/banco-inter-bidi4-conclui-aquisicao-usend\/#primaryimage"},"thumbnailUrl":"https:\/\/files.sunoresearch.com.br\/n\/uploads\/2021\/06\/dad9092c-fachada_inter-scaled.jpeg","keywords":["Banco Inter (BIDI11)","Banco Inter (BIDI11\/BIDI4\/BIDI3)"],"articleSection":["Neg\u00f3cios"],"inLanguage":"pt-BR"},{"@type":"WebPage","@id":"https:\/\/www.suno.com.br\/noticias\/banco-inter-bidi4-conclui-aquisicao-usend\/","url":"https:\/\/www.suno.com.br\/noticias\/banco-inter-bidi4-conclui-aquisicao-usend\/","name":"Banco Inter (BIDI4) conclui aquisi\u00e7\u00e3o da fintech norte-americana Usend","isPartOf":{"@id":"https:\/\/www.suno.com.br\/noticias\/#website"},"primaryImageOfPage":{"@id":"https:\/\/www.suno.com.br\/noticias\/banco-inter-bidi4-conclui-aquisicao-usend\/#primaryimage"},"image":{"@id":"https:\/\/www.suno.com.br\/noticias\/banco-inter-bidi4-conclui-aquisicao-usend\/#primaryimage"},"thumbnailUrl":"https:\/\/files.sunoresearch.com.br\/n\/uploads\/2021\/06\/dad9092c-fachada_inter-scaled.jpeg","datePublished":"2022-01-25T23:31:56+00:00","dateModified":"2022-01-26T14:51:46+00:00","description":"O\u00a0Banco Inter\u00a0(BIDI4) informou que as condi\u00e7\u00f5es precedentes para a conclus\u00e3o da aquisi\u00e7\u00e3o da fintech americana Usend foram atendidas.","breadcrumb":{"@id":"https:\/\/www.suno.com.br\/noticias\/banco-inter-bidi4-conclui-aquisicao-usend\/#breadcrumb"},"inLanguage":"pt-BR","potentialAction":[{"@type":"ReadAction","target":["https:\/\/www.suno.com.br\/noticias\/banco-inter-bidi4-conclui-aquisicao-usend\/"]}]},{"@type":"ImageObject","inLanguage":"pt-BR","@id":"https:\/\/www.suno.com.br\/noticias\/banco-inter-bidi4-conclui-aquisicao-usend\/#primaryimage","url":"https:\/\/files.sunoresearch.com.br\/n\/uploads\/2021\/06\/dad9092c-fachada_inter-scaled.jpeg","contentUrl":"https:\/\/files.sunoresearch.com.br\/n\/uploads\/2021\/06\/dad9092c-fachada_inter-scaled.jpeg","width":2560,"height":1707,"caption":"Banco Inter (BIDI11) - Foto: Divulga\u00e7\u00e3o"},{"@type":"BreadcrumbList","@id":"https:\/\/www.suno.com.br\/noticias\/banco-inter-bidi4-conclui-aquisicao-usend\/#breadcrumb","itemListElement":[{"@type":"ListItem","position":1,"name":"Not\u00edcias","item":"https:\/\/www.suno.com.br\/noticias\/"},{"@type":"ListItem","position":2,"name":"Neg\u00f3cios","item":"https:\/\/www.suno.com.br\/noticias\/negocios\/"},{"@type":"ListItem","position":3,"name":"Banco Inter (BIDI4) conclui aquisi\u00e7\u00e3o da fintech norte-americana Usend"}]},{"@type":"WebSite","@id":"https:\/\/www.suno.com.br\/noticias\/#website","url":"https:\/\/www.suno.com.br\/noticias\/","name":"Suno Not\u00edcias","description":"Seu portal de informa\u00e7\u00e3o sobre o mundo dos investimentos","publisher":{"@id":"https:\/\/www.suno.com.br\/noticias\/#organization"},"potentialAction":[{"@type":"SearchAction","target":{"@type":"EntryPoint","urlTemplate":"https:\/\/www.suno.com.br\/noticias\/?s={search_term_string}"},"query-input":{"@type":"PropertyValueSpecification","valueRequired":true,"valueName":"search_term_string"}}],"inLanguage":"pt-BR"},{"@type":"Organization","@id":"https:\/\/www.suno.com.br\/noticias\/#organization","name":"Suno Not\u00edcias","url":"https:\/\/www.suno.com.br\/noticias\/","logo":{"@type":"ImageObject","inLanguage":"pt-BR","@id":"https:\/\/www.suno.com.br\/noticias\/#\/schema\/logo\/image\/","url":"https:\/\/files.sunoresearch.com.br\/n\/uploads\/2021\/09\/suno-logo.png","contentUrl":"https:\/\/files.sunoresearch.com.br\/n\/uploads\/2021\/09\/suno-logo.png","width":180,"height":180,"caption":"Suno Not\u00edcias"},"image":{"@id":"https:\/\/www.suno.com.br\/noticias\/#\/schema\/logo\/image\/"},"sameAs":["https:\/\/facebook.com\/sunoresearch","https:\/\/x.com\/sunoresearch","https:\/\/www.instagram.com\/suno","https:\/\/www.linkedin.com\/company\/suno-research\/","https:\/\/www.youtube.com\/c\/sunoresearch"]},{"@type":"Person","@id":"https:\/\/www.suno.com.br\/noticias\/#\/schema\/person\/46d847cb19ad53fde0857adca989c23f","name":"Vict\u00f3ria Anhesini","image":{"@type":"ImageObject","inLanguage":"pt-BR","@id":"https:\/\/www.suno.com.br\/noticias\/#\/schema\/person\/image\/","url":"https:\/\/secure.gravatar.com\/avatar\/0172bdfcd9129dd9dd68794804304e6e?s=96&r=g","contentUrl":"https:\/\/secure.gravatar.com\/avatar\/0172bdfcd9129dd9dd68794804304e6e?s=96&r=g","caption":"Vict\u00f3ria Anhesini"},"description":"Rep\u00f3rter no Suno Not\u00edcias, cobre mercados, neg\u00f3cios e economia, escrevendo majoritariamente sobre movimentos das empresas, cobertura de balan\u00e7os trimestrais e Bolsa de Valores. Formada em jornalismo pela Universidade Presbiteriana Mackenzie em 2019, passou pelo portal de economia e finan\u00e7as EuQueroInvestir como rep\u00f3rter e anteriormente, trabalhou na assessoria de imprensa PinePR, onde liderou com startups de inova\u00e7\u00e3o, tecnologia e finan\u00e7as. Em seu tempo livre, fala sobre m\u00fasica para ambos os sites do selo ForMusic, Wikimetal e Mad Sound, e faz trabalho volunt\u00e1rio no programa Escreve Cartas do Poupatempo.","sameAs":["https:\/\/www.linkedin.com\/in\/victoria-anhesini\/"],"url":"https:\/\/www.suno.com.br\/noticias\/author\/victoria\/"}]}},"default_loop_html":"<div class=\"cardsPage__listCard__boxs\"><div class=\"cardsPage__listCard__boxs__img\"><a href=\"https:\/\/www.suno.com.br\/noticias\/banco-inter-bidi4-conclui-aquisicao-usend\/\"><img class=\"mask\" src=\"https:\/\/www.suno.com.br\/noticias\/wp-content\/themes\/suno\/resources\/images\/spotlight\/spotlight1img\/bg-mask.png\" alt=\"Image Mask\"\/><img src=\"https:\/\/files.sunoresearch.com.br\/n\/uploads\/2021\/06\/dad9092c-fachada_inter-400x200.jpeg\" alt=\"Banco Inter (BIDI4) conclui aquisi\u00e7\u00e3o da fintech norte-americana Usend\"\/><\/a><span class=\"spotlightCategory\"><a href=\"https:\/\/www.suno.com.br\/noticias\/negocios\/\">Neg\u00f3cios<\/a><\/span><\/div><div class=\"cardsPage__listCard__boxs__content\"><a href=\"https:\/\/www.suno.com.br\/noticias\/banco-inter-bidi4-conclui-aquisicao-usend\/\"><h2 class=\"content__title\">Banco Inter (BIDI4) conclui aquisi\u00e7\u00e3o da fintech norte-americana Usend<\/h2><\/a><div class=\"newsContent__article__meta\"><div class=\"newsContent__article__meta__authorBox\"><a href=\"https:\/\/www.suno.com.br\/noticias\/author\/victoria\/\" class=\"authorBox__avatar noMobi\"><img src=\"https:\/\/files.sunoresearch.com.br\/n\/uploads\/2021\/12\/20190129VickyPINEAPPLE01-1-150x150.jpg\" alt=\"Vict\u00f3ria Anhesini\"><\/a><div class=\"authorBox__name\"><span>por\n\t\t\t<a href=\"https:\/\/www.suno.com.br\/noticias\/author\/victoria\/\"><span itemprop=\"author\">Vict\u00f3ria Anhesini<\/span><\/a><\/span><time datetime=\"2022-01-25T20:31:56-03:00\" itemprop=\"datePublished\">25\/01\/2022 20:31<\/time><\/div><\/div><\/div><\/div><\/div>","single_layout":"posts","amp_enabled":true,"_links":{"self":[{"href":"https:\/\/www.suno.com.br\/noticias\/wp-json\/wp\/v2\/posts\/225625"}],"collection":[{"href":"https:\/\/www.suno.com.br\/noticias\/wp-json\/wp\/v2\/posts"}],"about":[{"href":"https:\/\/www.suno.com.br\/noticias\/wp-json\/wp\/v2\/types\/post"}],"author":[{"embeddable":true,"href":"https:\/\/www.suno.com.br\/noticias\/wp-json\/wp\/v2\/users\/146"}],"replies":[{"embeddable":true,"href":"https:\/\/www.suno.com.br\/noticias\/wp-json\/wp\/v2\/comments?post=225625"}],"version-history":[{"count":3,"href":"https:\/\/www.suno.com.br\/noticias\/wp-json\/wp\/v2\/posts\/225625\/revisions"}],"predecessor-version":[{"id":225771,"href":"https:\/\/www.suno.com.br\/noticias\/wp-json\/wp\/v2\/posts\/225625\/revisions\/225771"}],"wp:featuredmedia":[{"embeddable":true,"href":"https:\/\/www.suno.com.br\/noticias\/wp-json\/wp\/v2\/media\/154428"}],"wp:attachment":[{"href":"https:\/\/www.suno.com.br\/noticias\/wp-json\/wp\/v2\/media?parent=225625"}],"wp:term":[{"taxonomy":"category","embeddable":true,"href":"https:\/\/www.suno.com.br\/noticias\/wp-json\/wp\/v2\/categories?post=225625"},{"taxonomy":"post_tag","embeddable":true,"href":"https:\/\/www.suno.com.br\/noticias\/wp-json\/wp\/v2\/tags?post=225625"},{"taxonomy":"suno_strategy","embeddable":true,"href":"https:\/\/www.suno.com.br\/noticias\/wp-json\/wp\/v2\/suno_strategy?post=225625"}],"curies":[{"name":"wp","href":"https:\/\/api.w.org\/{rel}","templated":true}]}}