{"id":225455,"date":"2022-01-25T18:09:34","date_gmt":"2022-01-25T21:09:34","guid":{"rendered":"https:\/\/www.suno.com.br\/noticias\/?p=225455"},"modified":"2022-01-25T18:09:34","modified_gmt":"2022-01-25T21:09:34","slug":"arrecadacao-federal-soma-187-tri-recorde","status":"publish","type":"post","link":"https:\/\/www.suno.com.br\/noticias\/arrecadacao-federal-soma-187-tri-recorde\/","title":{"rendered":"Arrecada\u00e7\u00e3o federal sobe 17,36% e soma R$ 1,87 tri, maior volume desde 1995"},"content":{"rendered":"<p>A <a class=\"suno-keyword\" href=\"https:\/\/www.suno.com.br\/artigos\/receita-federal\/\" target=\"_blank\" rel=\"noopener\" data-force=\"no\" data-priority=\"3\">Receita Federal<\/a> informou nesta ter\u00e7a-feira (25) que a arrecada\u00e7\u00e3o de impostos, contribui\u00e7\u00f5es e demais receitas federais atingiu R$ 1,878 trilh\u00e3o no ano de 2021, o maior volume na s\u00e9rie iniciada em 1995.<\/p>\t<div class=\"wrapper-featured-image\">\n\t\t<figure class=\"spotlightImg\">\n\n\t\t\t<picture>\n\t\t\t\t<source media=\"(max-width: 768px)\" srcset=\"https:\/\/files.sunoresearch.com.br\/n\/uploads\/2018\/10\/346dae22-destaque-514817-receitafederal-400x200.webp\">\n\t\t\t\t<img loading=\"lazy\" decoding=\"async\" class=\"newsContent__article__imgCapa lazyloadDisabled newsContent__article__imgCapa--noCaption\" src=\"https:\/\/files.sunoresearch.com.br\/n\/uploads\/2018\/10\/346dae22-destaque-514817-receitafederal-800x450.webp\" width=\"800\" height=\"450\" alt=\"Arrecada\u00e7\u00e3o federal sobe 17,36% e soma R$ 1,87 tri, maior volume desde 1995\" fetchpriority=high \/>\n\t\t\t<\/picture>\n\n\t\t\t<figcaption class=\"wp-caption-text wp-caption-text--hide\"><\/figcaption>\n\t\t<\/figure>\n\t<\/div>\n\n\n\t<p>\n\t\t<a href=\"https:\/\/lp.suno.com.br\/planilha-controle-gastos\/\" target=\"_blank\" data-element=\"shortcode-suno-banner\" title=\"Banner SUNO, clique e saiba mais\">\n\t\t\t<picture>\n\t\t\t\t<source media=\"(max-width: 500px)\" srcset=\"https:\/\/files.sunoresearch.com.br\/n\/uploads\/2023\/03\/400x300-Planilha-controle-de-gastos.png\">\n\t\t\t\t<img class=\"newsContent__article__imgCapa newsContent__article__imgCapa--banner\"\n\t\t\t\t\tsrc=\"https:\/\/files.sunoresearch.com.br\/n\/uploads\/2023\/03\/1420x240-Planilha-controle-de-gastos.png\"\n\t\t\t\t\tdata-promo-id=\"101751\"\t\t\t\t\t\t\t\t\t\twidth='1420' height='240'\t\t\t\t\talt=\"https:\/\/files.sunoresearch.com.br\/n\/uploads\/2023\/03\/1420x240-Planilha-controle-de-gastos.png\"\n\t\t\t\t>\n\t\t\t<\/picture>\n\t\t<\/a>\n\t<\/p>\n\n\n<p>O montante representa um crescimento real, ou seja, j\u00e1 descontada a <strong>infla\u00e7\u00e3o<\/strong>, de 17,36% na compara\u00e7\u00e3o com os R$ 1,479 trilh\u00e3o de 2020, ano que ficou marcado pelo come\u00e7o da pandemia de covid-19 e seus efeitos recessivos na economia.<\/p>\n<p>De acordo com a proje\u00e7\u00e3o do\u00a0<em>Broadcast<\/em>, o resultado das receitas em 2021 veio dentro do intervalo de expectativas. A estimativa ia entre R$ 1,855 trilh\u00e3o a R$ 1,915 trilh\u00e3o. As institui\u00e7\u00f5es ouvidas pelo jornal majoritariamente previam R$ 1,877 trilh\u00e3o.<\/p>\n<h2>Acelera\u00e7\u00e3o da arrecada\u00e7\u00e3o federal<\/h2>\n<p>Ap\u00f3s alguns meses com menos for\u00e7a, a arrecada\u00e7\u00e3o federal come\u00e7ou a acelerar novamente em dezembro e somou R$ 193,902 bilh\u00f5es. O resultado representa um aumento real de 10,76% na compara\u00e7\u00e3o com o mesmo m\u00eas de 2020. Em rela\u00e7\u00e3o a novembro, houve alta real de 22,34% no recolhimento de impostos.<\/p>\n\t<p>\n\t\t<a href=\"https:\/\/lp.suno.com.br\/planilha-da-vida-financeira\/\" target=\"_blank\" data-element=\"shortcode-suno-banner\" title=\"Banner SUNO, clique e saiba mais\">\n\t\t\t<picture>\n\t\t\t\t<source media=\"(max-width: 500px)\" srcset=\"https:\/\/files.sunoresearch.com.br\/n\/uploads\/2023\/04\/400x300-Planilha-vida-financeira-true.png\">\n\t\t\t\t<img class=\"newsContent__article__imgCapa newsContent__article__imgCapa--banner\"\n\t\t\t\t\tsrc=\"https:\/\/files.sunoresearch.com.br\/n\/uploads\/2023\/04\/1420x240-Planilha-vida-financeira-true.png\"\n\t\t\t\t\tdata-promo-id=\"106682\"\t\t\t\t\t\t\t\t\t\twidth='1420' height='240'\t\t\t\t\talt=\"https:\/\/files.sunoresearch.com.br\/n\/uploads\/2023\/04\/1420x240-Planilha-vida-financeira-true.png\"\n\t\t\t\t>\n\t\t\t<\/picture>\n\t\t<\/a>\n\t<\/p>\n\n\n<p>Al\u00e9m disso, o valor arrecadado no m\u00eas passado tamb\u00e9m foi o maior para meses de dezembro na s\u00e9rie hist\u00f3rica da Receita Federal. O resultado do m\u00eas tamb\u00e9m atendeu as expectativas das institui\u00e7\u00f5es ouvidas pelo <em>Broadcast<\/em>, que ia de R$ 171,070 bilh\u00f5es a R$ 195,000 bilh\u00f5es, com mediana de R$ 192,000 bilh\u00f5es.<\/p>\n<p>A Receita Federal destacou o recolhimento extraordin\u00e1rio de R$ 40 bilh\u00f5es em Imposto de Renda de Pessoas Jur\u00eddicas (IRPJ) e na <a class=\"suno-keyword\" href=\"https:\/\/www.suno.com.br\/artigos\/csll\/\" target=\"_blank\" rel=\"noopener\" data-force=\"no\" data-priority=\"2\">Contribui\u00e7\u00e3o Social sobre o Lucro L\u00edquido (CSLL)<\/a> em 2021. Por outro lado, o fisco destacou o crescimento de 14,41% das compensa\u00e7\u00f5es tribut\u00e1rias no ano passado, chegando a R$ 216,3 bilh\u00f5es, ante R$ 189,1 bilh\u00f5es de 2020.<\/p>\n\t<p>\n\t\t<a href=\"https:\/\/lp.suno.com.br\/ebook-como-analisar-uma-acao\/\" target=\"_blank\" data-element=\"shortcode-suno-banner\" title=\"Banner SUNO, clique e saiba mais\">\n\t\t\t<picture>\n\t\t\t\t<source media=\"(max-width: 500px)\" srcset=\"https:\/\/files.sunoresearch.com.br\/n\/uploads\/2023\/03\/Ebook-Acoes-Mobile-1.jpg\">\n\t\t\t\t<img class=\"newsContent__article__imgCapa newsContent__article__imgCapa--banner\"\n\t\t\t\t\tsrc=\"https:\/\/files.sunoresearch.com.br\/n\/uploads\/2023\/03\/Ebook-Acoes-Desktop-1.jpg\"\n\t\t\t\t\tdata-promo-id=\"171998\"\t\t\t\t\t\t\t\t\t\twidth='1420' height='286'\t\t\t\t\talt=\"https:\/\/files.sunoresearch.com.br\/n\/uploads\/2023\/03\/Ebook-Acoes-Desktop-1.jpg\"\n\t\t\t\t>\n\t\t\t<\/picture>\n\t\t<\/a>\n\t<\/p>\n\n\n<p>As desonera\u00e7\u00f5es concedidas pelo governo resultaram em uma <a class=\"suno-keyword\" href=\"https:\/\/www.suno.com.br\/artigos\/renuncia-fiscal\/\" target=\"_blank\" rel=\"noopener\" data-force=\"no\" data-priority=\"1\">ren\u00fancia fiscal<\/a> de R$ 93,746 bilh\u00f5es em 2021, valor menor do que em 2020, quando ficaram em R$ 101,741 bilh\u00f5es. Apenas no m\u00eas de dezembro, as desonera\u00e7\u00f5es totalizaram R$ 9,470 bilh\u00f5es, acima do registrado no mesmo m\u00eas de 2020 (R$ 8,780 bilh\u00f5es).<\/p>\n<h2>Receita abre consulta a lote residual de restitui\u00e7\u00f5es do Imposto de Renda<\/h2>\n<p>Mais de 240 mil contribuintes que ca\u00edram na\u00a0<a class=\"suno-keyword\" href=\"https:\/\/www.suno.com.br\/artigos\/malha-fina\/\" target=\"_blank\" rel=\"noopener\" data-force=\"no\" data-priority=\"1\">malha fina<\/a>\u00a0nos \u00faltimos anos, por inconsist\u00eancias nas declara\u00e7\u00f5es do<strong>\u00a0Imposto de Renda<\/strong>\u00a0(IR), mas que acertaram as pend\u00eancias com a Receita, poder\u00e3o consultar, a partir das 9h desta segunda-feira(24), lote residual de restitui\u00e7\u00f5es do IR\u00a0<a class=\"suno-keyword\" href=\"https:\/\/www.suno.com.br\/artigos\/pessoa-fisica\/\" target=\"_blank\" rel=\"noopener\" data-force=\"no\" data-priority=\"1\">Pessoa F\u00edsica<\/a>\u00a0(IRPF).<img decoding=\"async\" src=\"https:\/\/agenciabrasil.ebc.com.br\/ebc.png?id=1438267&amp;o=rss\" \/><img decoding=\"async\" src=\"https:\/\/agenciabrasil.ebc.com.br\/ebc.gif?id=1438267&amp;o=rss\" \/><\/p>\n<p>O pagamento das restitui\u00e7\u00f5es ser\u00e1 depositado diretamente na conta banc\u00e1ria informada na\u00a0<strong>Declara\u00e7\u00e3o do Imposto de Renda<\/strong>. A soma dos valores restitu\u00eddos \u00e9 superior a R$ 281 milh\u00f5es. Desse total, mais de R$ 96 milh\u00f5es ser\u00e3o pagos a 43.306 contribuintes que t\u00eam prioridade legal \u2013 idosos acima de 60 anos, pessoas com alguma defici\u00eancia f\u00edsica, mental ou mol\u00e9stia grave e contribuintes cuja maior\u00a0<a class=\"suno-keyword\" href=\"https:\/\/www.suno.com.br\/artigos\/fonte-de-renda\/\" target=\"_blank\" rel=\"noopener\" data-force=\"no\" data-priority=\"1\">fonte de renda<\/a>\u00a0seja o magist\u00e9rio.<\/p>\n\t<p>\n\t\t<a href=\"https:\/\/lp.suno.com.br\/planilha-de-controle-de-investimentos\/\" target=\"_blank\" data-element=\"shortcode-suno-banner\" title=\"Banner SUNO, clique e saiba mais\">\n\t\t\t<picture>\n\t\t\t\t<source media=\"(max-width: 500px)\" srcset=\"https:\/\/files.sunoresearch.com.br\/n\/uploads\/2023\/03\/400x300-Controle-de-Investimentos.png\">\n\t\t\t\t<img class=\"newsContent__article__imgCapa newsContent__article__imgCapa--banner\"\n\t\t\t\t\tsrc=\"https:\/\/files.sunoresearch.com.br\/n\/uploads\/2023\/03\/1420x240-Controle-de-Investimentos.png\"\n\t\t\t\t\tdata-promo-id=\"75934\"\t\t\t\t\t\t\t\t\t\twidth='1420' height='240'\t\t\t\t\talt=\"https:\/\/files.sunoresearch.com.br\/n\/uploads\/2023\/03\/1420x240-Controle-de-Investimentos.png\"\n\t\t\t\t>\n\t\t\t<\/picture>\n\t\t<\/a>\n\t<\/p>\n\n\n<p>Foram contemplados tamb\u00e9m 197.438 contribuintes n\u00e3o priorit\u00e1rios que entregaram a declara\u00e7\u00e3o at\u00e9 o dia 16 de janeiro deste ano.<\/p>\n<p>Para consultar, o contribuinte deve acessar a\u00a0<a href=\"https:\/\/www.gov.br\/receitafederal\" target=\"_blank\" rel=\"noopener\">p\u00e1gina da Receita<\/a>\u00a0na internet, clicar em \u201c<strong>Meu Imposto de Renda<\/strong>\u201d e, em seguida, em \u201c<strong>Consultar a Restitui\u00e7\u00e3o<\/strong>\u201c. Se identificar alguma pend\u00eancia na declara\u00e7\u00e3o, pode retific\u00e1-la, corrigindo as informa\u00e7\u00f5es que estejam erradas.<\/p>\n<p>A\u00a0<strong>Receita Federal<\/strong>\u00a0disponibiliza\u00a0ainda\u00a0aplicativo para\u00a0<em>tablets<\/em>\u00a0e smartphones, que possibilita consultar informa\u00e7\u00f5es sobre libera\u00e7\u00e3o das restitui\u00e7\u00f5es do IRPF e situa\u00e7\u00e3o cadastral de inscri\u00e7\u00e3o no CPF.<\/p>\n\t<p>\n\t\t<a href=\"\" target=\"_blank\" data-element=\"shortcode-suno-banner\" title=\"Banner SUNO, clique e saiba mais\">\n\t\t\t<picture>\n\t\t\t\t<source media=\"(max-width: 500px)\" srcset=\"\">\n\t\t\t\t<img class=\"newsContent__article__imgCapa newsContent__article__imgCapa--banner\"\n\t\t\t\t\tsrc=\"\"\n\t\t\t\t\tdata-promo-id=\"184190\"\t\t\t\t\t\t\t\t\t\t\t\t\t\t\talt=\"\"\n\t\t\t\t>\n\t\t\t<\/picture>\n\t\t<\/a>\n\t<\/p>\n\n\n","protected":false},"excerpt":{"rendered":"<p>A Receita Federal informou nesta ter\u00e7a-feira (25) que a arrecada\u00e7\u00e3o de impostos, contribui\u00e7\u00f5es e demais receitas federais atingiu R$ 1,878 trilh\u00e3o no ano de 2021, o maior volume na s\u00e9rie iniciada em 1995. O montante representa um crescimento real, ou seja, j\u00e1 descontada a infla\u00e7\u00e3o, de 17,36% na compara\u00e7\u00e3o com os R$ 1,479 trilh\u00e3o de [&hellip;]<\/p>\n","protected":false},"author":146,"featured_media":5454,"comment_status":"closed","ping_status":"closed","sticky":false,"template":"","format":"standard","meta":[],"categories":[62],"tags":[1488,847],"suno_strategy":[],"class_list":["post-225455","post","type-post","status-publish","format-standard","has-post-thumbnail","hentry","category-economia","tag-arrecadacao-federal","tag-receita-federal"],"yoast_head":"<!-- This site is optimized with the Yoast SEO plugin v24.4 - https:\/\/yoast.com\/wordpress\/plugins\/seo\/ -->\n<title>Arrecada\u00e7\u00e3o federal sobe 17,36% e soma R$ 1,87 tri<\/title>\n<meta name=\"description\" content=\"A Receita Federal informou que a arrecada\u00e7\u00e3o de impostos e contribui\u00e7\u00f5es atingiu R$ 1,878 tri no ano de 2021, recorde da s\u00e9rie hist\u00f3rica.\" \/>\n<meta name=\"robots\" content=\"index, follow, max-snippet:-1, max-image-preview:large, max-video-preview:-1\" \/>\n<link rel=\"canonical\" href=\"https:\/\/www.suno.com.br\/noticias\/arrecadacao-federal-soma-187-tri-recorde\/\" \/>\n<meta property=\"og:locale\" content=\"pt_BR\" \/>\n<meta property=\"og:type\" content=\"article\" \/>\n<meta property=\"og:title\" content=\"Arrecada\u00e7\u00e3o federal sobe 17,36% e soma R$ 1,87 tri\" \/>\n<meta property=\"og:description\" content=\"A Receita Federal informou que a arrecada\u00e7\u00e3o de impostos e contribui\u00e7\u00f5es atingiu R$ 1,878 tri no ano de 2021, recorde da s\u00e9rie hist\u00f3rica.\" \/>\n<meta property=\"og:url\" content=\"https:\/\/www.suno.com.br\/noticias\/arrecadacao-federal-soma-187-tri-recorde\/\" \/>\n<meta property=\"og:site_name\" content=\"Suno Not\u00edcias\" \/>\n<meta property=\"article:publisher\" content=\"https:\/\/facebook.com\/sunoresearch\" \/>\n<meta property=\"og:image\" content=\"https:\/\/files.sunoresearch.com.br\/n\/uploads\/2018\/10\/346dae22-destaque-514817-receitafederal.jpg\" \/>\n\t<meta property=\"og:image:width\" content=\"1500\" \/>\n\t<meta property=\"og:image:height\" content=\"1000\" \/>\n\t<meta property=\"og:image:type\" content=\"image\/jpeg\" \/>\n<meta name=\"author\" content=\"Vict\u00f3ria Anhesini\" \/>\n<meta name=\"twitter:card\" content=\"summary_large_image\" \/>\n<meta name=\"twitter:creator\" content=\"@sunoresearch\" \/>\n<meta name=\"twitter:site\" content=\"@sunoresearch\" \/>\n<meta name=\"twitter:label1\" content=\"Escrito por\" \/>\n\t<meta name=\"twitter:data1\" content=\"Vict\u00f3ria Anhesini\" \/>\n\t<meta name=\"twitter:label2\" content=\"Est. tempo de leitura\" \/>\n\t<meta name=\"twitter:data2\" content=\"3 minutos\" \/>\n<script type=\"application\/ld+json\" class=\"yoast-schema-graph\">{\"@context\":\"https:\/\/schema.org\",\"@graph\":[{\"@type\":\"NewsArticle\",\"@id\":\"https:\/\/www.suno.com.br\/noticias\/arrecadacao-federal-soma-187-tri-recorde\/#article\",\"isPartOf\":{\"@id\":\"https:\/\/www.suno.com.br\/noticias\/arrecadacao-federal-soma-187-tri-recorde\/\"},\"author\":{\"name\":\"Vict\u00f3ria Anhesini\",\"@id\":\"https:\/\/www.suno.com.br\/noticias\/#\/schema\/person\/46d847cb19ad53fde0857adca989c23f\"},\"headline\":\"Arrecada\u00e7\u00e3o federal sobe 17,36% e soma R$ 1,87 tri, maior volume desde 1995\",\"datePublished\":\"2022-01-25T21:09:34+00:00\",\"mainEntityOfPage\":{\"@id\":\"https:\/\/www.suno.com.br\/noticias\/arrecadacao-federal-soma-187-tri-recorde\/\"},\"wordCount\":610,\"publisher\":{\"@id\":\"https:\/\/www.suno.com.br\/noticias\/#organization\"},\"image\":{\"@id\":\"https:\/\/www.suno.com.br\/noticias\/arrecadacao-federal-soma-187-tri-recorde\/#primaryimage\"},\"thumbnailUrl\":\"https:\/\/files.sunoresearch.com.br\/n\/uploads\/2018\/10\/346dae22-destaque-514817-receitafederal-jpg.webp\",\"keywords\":[\"Arrecada\u00e7\u00e3o federal\",\"Receita Federal\"],\"articleSection\":[\"Economia\"],\"inLanguage\":\"pt-BR\"},{\"@type\":\"WebPage\",\"@id\":\"https:\/\/www.suno.com.br\/noticias\/arrecadacao-federal-soma-187-tri-recorde\/\",\"url\":\"https:\/\/www.suno.com.br\/noticias\/arrecadacao-federal-soma-187-tri-recorde\/\",\"name\":\"Arrecada\u00e7\u00e3o federal sobe 17,36% e soma R$ 1,87 tri\",\"isPartOf\":{\"@id\":\"https:\/\/www.suno.com.br\/noticias\/#website\"},\"primaryImageOfPage\":{\"@id\":\"https:\/\/www.suno.com.br\/noticias\/arrecadacao-federal-soma-187-tri-recorde\/#primaryimage\"},\"image\":{\"@id\":\"https:\/\/www.suno.com.br\/noticias\/arrecadacao-federal-soma-187-tri-recorde\/#primaryimage\"},\"thumbnailUrl\":\"https:\/\/files.sunoresearch.com.br\/n\/uploads\/2018\/10\/346dae22-destaque-514817-receitafederal-jpg.webp\",\"datePublished\":\"2022-01-25T21:09:34+00:00\",\"description\":\"A Receita Federal informou que a arrecada\u00e7\u00e3o de impostos e contribui\u00e7\u00f5es atingiu R$ 1,878 tri no ano de 2021, recorde da s\u00e9rie hist\u00f3rica.\",\"breadcrumb\":{\"@id\":\"https:\/\/www.suno.com.br\/noticias\/arrecadacao-federal-soma-187-tri-recorde\/#breadcrumb\"},\"inLanguage\":\"pt-BR\",\"potentialAction\":[{\"@type\":\"ReadAction\",\"target\":[\"https:\/\/www.suno.com.br\/noticias\/arrecadacao-federal-soma-187-tri-recorde\/\"]}]},{\"@type\":\"ImageObject\",\"inLanguage\":\"pt-BR\",\"@id\":\"https:\/\/www.suno.com.br\/noticias\/arrecadacao-federal-soma-187-tri-recorde\/#primaryimage\",\"url\":\"https:\/\/files.sunoresearch.com.br\/n\/uploads\/2018\/10\/346dae22-destaque-514817-receitafederal-jpg.webp\",\"contentUrl\":\"https:\/\/files.sunoresearch.com.br\/n\/uploads\/2018\/10\/346dae22-destaque-514817-receitafederal-jpg.webp\",\"width\":1500,\"height\":1000,\"caption\":\"recorde da arrecada\u00e7\u00e3o\"},{\"@type\":\"BreadcrumbList\",\"@id\":\"https:\/\/www.suno.com.br\/noticias\/arrecadacao-federal-soma-187-tri-recorde\/#breadcrumb\",\"itemListElement\":[{\"@type\":\"ListItem\",\"position\":1,\"name\":\"Not\u00edcias\",\"item\":\"https:\/\/www.suno.com.br\/noticias\/\"},{\"@type\":\"ListItem\",\"position\":2,\"name\":\"Economia\",\"item\":\"https:\/\/www.suno.com.br\/noticias\/economia\/\"},{\"@type\":\"ListItem\",\"position\":3,\"name\":\"Arrecada\u00e7\u00e3o federal sobe 17,36% e soma R$ 1,87 tri, maior volume desde 1995\"}]},{\"@type\":\"WebSite\",\"@id\":\"https:\/\/www.suno.com.br\/noticias\/#website\",\"url\":\"https:\/\/www.suno.com.br\/noticias\/\",\"name\":\"Suno Not\u00edcias\",\"description\":\"Seu portal de informa\u00e7\u00e3o sobre o mundo dos investimentos\",\"publisher\":{\"@id\":\"https:\/\/www.suno.com.br\/noticias\/#organization\"},\"potentialAction\":[{\"@type\":\"SearchAction\",\"target\":{\"@type\":\"EntryPoint\",\"urlTemplate\":\"https:\/\/www.suno.com.br\/noticias\/?s={search_term_string}\"},\"query-input\":{\"@type\":\"PropertyValueSpecification\",\"valueRequired\":true,\"valueName\":\"search_term_string\"}}],\"inLanguage\":\"pt-BR\"},{\"@type\":\"Organization\",\"@id\":\"https:\/\/www.suno.com.br\/noticias\/#organization\",\"name\":\"Suno Not\u00edcias\",\"url\":\"https:\/\/www.suno.com.br\/noticias\/\",\"logo\":{\"@type\":\"ImageObject\",\"inLanguage\":\"pt-BR\",\"@id\":\"https:\/\/www.suno.com.br\/noticias\/#\/schema\/logo\/image\/\",\"url\":\"https:\/\/files.sunoresearch.com.br\/n\/uploads\/2021\/09\/suno-logo.png\",\"contentUrl\":\"https:\/\/files.sunoresearch.com.br\/n\/uploads\/2021\/09\/suno-logo.png\",\"width\":180,\"height\":180,\"caption\":\"Suno Not\u00edcias\"},\"image\":{\"@id\":\"https:\/\/www.suno.com.br\/noticias\/#\/schema\/logo\/image\/\"},\"sameAs\":[\"https:\/\/facebook.com\/sunoresearch\",\"https:\/\/x.com\/sunoresearch\",\"https:\/\/www.instagram.com\/suno\",\"https:\/\/www.linkedin.com\/company\/suno-research\/\",\"https:\/\/www.youtube.com\/c\/sunoresearch\"]},{\"@type\":\"Person\",\"@id\":\"https:\/\/www.suno.com.br\/noticias\/#\/schema\/person\/46d847cb19ad53fde0857adca989c23f\",\"name\":\"Vict\u00f3ria Anhesini\",\"image\":{\"@type\":\"ImageObject\",\"inLanguage\":\"pt-BR\",\"@id\":\"https:\/\/www.suno.com.br\/noticias\/#\/schema\/person\/image\/\",\"url\":\"https:\/\/secure.gravatar.com\/avatar\/0172bdfcd9129dd9dd68794804304e6e?s=96&r=g\",\"contentUrl\":\"https:\/\/secure.gravatar.com\/avatar\/0172bdfcd9129dd9dd68794804304e6e?s=96&r=g\",\"caption\":\"Vict\u00f3ria Anhesini\"},\"description\":\"Rep\u00f3rter no Suno Not\u00edcias, cobre mercados, neg\u00f3cios e economia, escrevendo majoritariamente sobre movimentos das empresas, cobertura de balan\u00e7os trimestrais e Bolsa de Valores. Formada em jornalismo pela Universidade Presbiteriana Mackenzie em 2019, passou pelo portal de economia e finan\u00e7as EuQueroInvestir como rep\u00f3rter e anteriormente, trabalhou na assessoria de imprensa PinePR, onde liderou com startups de inova\u00e7\u00e3o, tecnologia e finan\u00e7as. Em seu tempo livre, fala sobre m\u00fasica para ambos os sites do selo ForMusic, Wikimetal e Mad Sound, e faz trabalho volunt\u00e1rio no programa Escreve Cartas do Poupatempo.\",\"sameAs\":[\"https:\/\/www.linkedin.com\/in\/victoria-anhesini\/\"],\"url\":\"https:\/\/www.suno.com.br\/noticias\/author\/victoria\/\"}]}<\/script>\n<!-- \/ Yoast SEO plugin. -->","yoast_head_json":{"title":"Arrecada\u00e7\u00e3o federal sobe 17,36% e soma R$ 1,87 tri","description":"A Receita Federal informou que a arrecada\u00e7\u00e3o de impostos e contribui\u00e7\u00f5es atingiu R$ 1,878 tri no ano de 2021, recorde da s\u00e9rie hist\u00f3rica.","robots":{"index":"index","follow":"follow","max-snippet":"max-snippet:-1","max-image-preview":"max-image-preview:large","max-video-preview":"max-video-preview:-1"},"canonical":"https:\/\/www.suno.com.br\/noticias\/arrecadacao-federal-soma-187-tri-recorde\/","og_locale":"pt_BR","og_type":"article","og_title":"Arrecada\u00e7\u00e3o federal sobe 17,36% e soma R$ 1,87 tri","og_description":"A Receita Federal informou que a arrecada\u00e7\u00e3o de impostos e contribui\u00e7\u00f5es atingiu R$ 1,878 tri no ano de 2021, recorde da s\u00e9rie hist\u00f3rica.","og_url":"https:\/\/www.suno.com.br\/noticias\/arrecadacao-federal-soma-187-tri-recorde\/","og_site_name":"Suno Not\u00edcias","article_publisher":"https:\/\/facebook.com\/sunoresearch","og_image":[{"width":1500,"height":1000,"url":"https:\/\/files.sunoresearch.com.br\/n\/uploads\/2018\/10\/346dae22-destaque-514817-receitafederal.jpg","type":"image\/jpeg"}],"author":"Vict\u00f3ria Anhesini","twitter_card":"summary_large_image","twitter_creator":"@sunoresearch","twitter_site":"@sunoresearch","twitter_misc":{"Escrito por":"Vict\u00f3ria Anhesini","Est. tempo de leitura":"3 minutos"},"schema":{"@context":"https:\/\/schema.org","@graph":[{"@type":"NewsArticle","@id":"https:\/\/www.suno.com.br\/noticias\/arrecadacao-federal-soma-187-tri-recorde\/#article","isPartOf":{"@id":"https:\/\/www.suno.com.br\/noticias\/arrecadacao-federal-soma-187-tri-recorde\/"},"author":{"name":"Vict\u00f3ria Anhesini","@id":"https:\/\/www.suno.com.br\/noticias\/#\/schema\/person\/46d847cb19ad53fde0857adca989c23f"},"headline":"Arrecada\u00e7\u00e3o federal sobe 17,36% e soma R$ 1,87 tri, maior volume desde 1995","datePublished":"2022-01-25T21:09:34+00:00","mainEntityOfPage":{"@id":"https:\/\/www.suno.com.br\/noticias\/arrecadacao-federal-soma-187-tri-recorde\/"},"wordCount":610,"publisher":{"@id":"https:\/\/www.suno.com.br\/noticias\/#organization"},"image":{"@id":"https:\/\/www.suno.com.br\/noticias\/arrecadacao-federal-soma-187-tri-recorde\/#primaryimage"},"thumbnailUrl":"https:\/\/files.sunoresearch.com.br\/n\/uploads\/2018\/10\/346dae22-destaque-514817-receitafederal-jpg.webp","keywords":["Arrecada\u00e7\u00e3o federal","Receita Federal"],"articleSection":["Economia"],"inLanguage":"pt-BR"},{"@type":"WebPage","@id":"https:\/\/www.suno.com.br\/noticias\/arrecadacao-federal-soma-187-tri-recorde\/","url":"https:\/\/www.suno.com.br\/noticias\/arrecadacao-federal-soma-187-tri-recorde\/","name":"Arrecada\u00e7\u00e3o federal sobe 17,36% e soma R$ 1,87 tri","isPartOf":{"@id":"https:\/\/www.suno.com.br\/noticias\/#website"},"primaryImageOfPage":{"@id":"https:\/\/www.suno.com.br\/noticias\/arrecadacao-federal-soma-187-tri-recorde\/#primaryimage"},"image":{"@id":"https:\/\/www.suno.com.br\/noticias\/arrecadacao-federal-soma-187-tri-recorde\/#primaryimage"},"thumbnailUrl":"https:\/\/files.sunoresearch.com.br\/n\/uploads\/2018\/10\/346dae22-destaque-514817-receitafederal-jpg.webp","datePublished":"2022-01-25T21:09:34+00:00","description":"A Receita Federal informou que a arrecada\u00e7\u00e3o de impostos e contribui\u00e7\u00f5es atingiu R$ 1,878 tri no ano de 2021, recorde da s\u00e9rie hist\u00f3rica.","breadcrumb":{"@id":"https:\/\/www.suno.com.br\/noticias\/arrecadacao-federal-soma-187-tri-recorde\/#breadcrumb"},"inLanguage":"pt-BR","potentialAction":[{"@type":"ReadAction","target":["https:\/\/www.suno.com.br\/noticias\/arrecadacao-federal-soma-187-tri-recorde\/"]}]},{"@type":"ImageObject","inLanguage":"pt-BR","@id":"https:\/\/www.suno.com.br\/noticias\/arrecadacao-federal-soma-187-tri-recorde\/#primaryimage","url":"https:\/\/files.sunoresearch.com.br\/n\/uploads\/2018\/10\/346dae22-destaque-514817-receitafederal-jpg.webp","contentUrl":"https:\/\/files.sunoresearch.com.br\/n\/uploads\/2018\/10\/346dae22-destaque-514817-receitafederal-jpg.webp","width":1500,"height":1000,"caption":"recorde da arrecada\u00e7\u00e3o"},{"@type":"BreadcrumbList","@id":"https:\/\/www.suno.com.br\/noticias\/arrecadacao-federal-soma-187-tri-recorde\/#breadcrumb","itemListElement":[{"@type":"ListItem","position":1,"name":"Not\u00edcias","item":"https:\/\/www.suno.com.br\/noticias\/"},{"@type":"ListItem","position":2,"name":"Economia","item":"https:\/\/www.suno.com.br\/noticias\/economia\/"},{"@type":"ListItem","position":3,"name":"Arrecada\u00e7\u00e3o federal sobe 17,36% e soma R$ 1,87 tri, maior volume desde 1995"}]},{"@type":"WebSite","@id":"https:\/\/www.suno.com.br\/noticias\/#website","url":"https:\/\/www.suno.com.br\/noticias\/","name":"Suno Not\u00edcias","description":"Seu portal de informa\u00e7\u00e3o sobre o mundo dos investimentos","publisher":{"@id":"https:\/\/www.suno.com.br\/noticias\/#organization"},"potentialAction":[{"@type":"SearchAction","target":{"@type":"EntryPoint","urlTemplate":"https:\/\/www.suno.com.br\/noticias\/?s={search_term_string}"},"query-input":{"@type":"PropertyValueSpecification","valueRequired":true,"valueName":"search_term_string"}}],"inLanguage":"pt-BR"},{"@type":"Organization","@id":"https:\/\/www.suno.com.br\/noticias\/#organization","name":"Suno Not\u00edcias","url":"https:\/\/www.suno.com.br\/noticias\/","logo":{"@type":"ImageObject","inLanguage":"pt-BR","@id":"https:\/\/www.suno.com.br\/noticias\/#\/schema\/logo\/image\/","url":"https:\/\/files.sunoresearch.com.br\/n\/uploads\/2021\/09\/suno-logo.png","contentUrl":"https:\/\/files.sunoresearch.com.br\/n\/uploads\/2021\/09\/suno-logo.png","width":180,"height":180,"caption":"Suno Not\u00edcias"},"image":{"@id":"https:\/\/www.suno.com.br\/noticias\/#\/schema\/logo\/image\/"},"sameAs":["https:\/\/facebook.com\/sunoresearch","https:\/\/x.com\/sunoresearch","https:\/\/www.instagram.com\/suno","https:\/\/www.linkedin.com\/company\/suno-research\/","https:\/\/www.youtube.com\/c\/sunoresearch"]},{"@type":"Person","@id":"https:\/\/www.suno.com.br\/noticias\/#\/schema\/person\/46d847cb19ad53fde0857adca989c23f","name":"Vict\u00f3ria Anhesini","image":{"@type":"ImageObject","inLanguage":"pt-BR","@id":"https:\/\/www.suno.com.br\/noticias\/#\/schema\/person\/image\/","url":"https:\/\/secure.gravatar.com\/avatar\/0172bdfcd9129dd9dd68794804304e6e?s=96&r=g","contentUrl":"https:\/\/secure.gravatar.com\/avatar\/0172bdfcd9129dd9dd68794804304e6e?s=96&r=g","caption":"Vict\u00f3ria Anhesini"},"description":"Rep\u00f3rter no Suno Not\u00edcias, cobre mercados, neg\u00f3cios e economia, escrevendo majoritariamente sobre movimentos das empresas, cobertura de balan\u00e7os trimestrais e Bolsa de Valores. Formada em jornalismo pela Universidade Presbiteriana Mackenzie em 2019, passou pelo portal de economia e finan\u00e7as EuQueroInvestir como rep\u00f3rter e anteriormente, trabalhou na assessoria de imprensa PinePR, onde liderou com startups de inova\u00e7\u00e3o, tecnologia e finan\u00e7as. Em seu tempo livre, fala sobre m\u00fasica para ambos os sites do selo ForMusic, Wikimetal e Mad Sound, e faz trabalho volunt\u00e1rio no programa Escreve Cartas do Poupatempo.","sameAs":["https:\/\/www.linkedin.com\/in\/victoria-anhesini\/"],"url":"https:\/\/www.suno.com.br\/noticias\/author\/victoria\/"}]}},"default_loop_html":"<div class=\"cardsPage__listCard__boxs\"><div class=\"cardsPage__listCard__boxs__img\"><a href=\"https:\/\/www.suno.com.br\/noticias\/arrecadacao-federal-soma-187-tri-recorde\/\"><img class=\"mask\" src=\"https:\/\/www.suno.com.br\/noticias\/wp-content\/themes\/suno\/resources\/images\/spotlight\/spotlight1img\/bg-mask.png\" alt=\"Image Mask\"\/><img src=\"https:\/\/files.sunoresearch.com.br\/n\/uploads\/2018\/10\/346dae22-destaque-514817-receitafederal-400x200.webp\" alt=\"Arrecada\u00e7\u00e3o federal sobe 17,36% e soma R$ 1,87 tri, maior volume desde 1995\"\/><\/a><span class=\"spotlightCategory\"><a href=\"https:\/\/www.suno.com.br\/noticias\/economia\/\">Economia<\/a><\/span><\/div><div class=\"cardsPage__listCard__boxs__content\"><a href=\"https:\/\/www.suno.com.br\/noticias\/arrecadacao-federal-soma-187-tri-recorde\/\"><h2 class=\"content__title\">Arrecada\u00e7\u00e3o federal sobe 17,36% e soma R$ 1,87 tri, maior volume desde 1995<\/h2><\/a><div class=\"newsContent__article__meta\"><div class=\"newsContent__article__meta__authorBox\"><a href=\"https:\/\/www.suno.com.br\/noticias\/author\/victoria\/\" class=\"authorBox__avatar noMobi\"><img src=\"https:\/\/files.sunoresearch.com.br\/n\/uploads\/2021\/12\/20190129VickyPINEAPPLE01-1-150x150.jpg\" alt=\"Vict\u00f3ria Anhesini\"><\/a><div class=\"authorBox__name\"><span>por\n\t\t\t<a href=\"https:\/\/www.suno.com.br\/noticias\/author\/victoria\/\"><span itemprop=\"author\">Vict\u00f3ria Anhesini<\/span><\/a><\/span><time datetime=\"2022-01-25T18:09:34-03:00\" itemprop=\"datePublished\">25\/01\/2022 18:09<\/time><\/div><\/div><\/div><\/div><\/div>","single_layout":"posts","amp_enabled":true,"_links":{"self":[{"href":"https:\/\/www.suno.com.br\/noticias\/wp-json\/wp\/v2\/posts\/225455"}],"collection":[{"href":"https:\/\/www.suno.com.br\/noticias\/wp-json\/wp\/v2\/posts"}],"about":[{"href":"https:\/\/www.suno.com.br\/noticias\/wp-json\/wp\/v2\/types\/post"}],"author":[{"embeddable":true,"href":"https:\/\/www.suno.com.br\/noticias\/wp-json\/wp\/v2\/users\/146"}],"replies":[{"embeddable":true,"href":"https:\/\/www.suno.com.br\/noticias\/wp-json\/wp\/v2\/comments?post=225455"}],"version-history":[{"count":4,"href":"https:\/\/www.suno.com.br\/noticias\/wp-json\/wp\/v2\/posts\/225455\/revisions"}],"predecessor-version":[{"id":225584,"href":"https:\/\/www.suno.com.br\/noticias\/wp-json\/wp\/v2\/posts\/225455\/revisions\/225584"}],"wp:featuredmedia":[{"embeddable":true,"href":"https:\/\/www.suno.com.br\/noticias\/wp-json\/wp\/v2\/media\/5454"}],"wp:attachment":[{"href":"https:\/\/www.suno.com.br\/noticias\/wp-json\/wp\/v2\/media?parent=225455"}],"wp:term":[{"taxonomy":"category","embeddable":true,"href":"https:\/\/www.suno.com.br\/noticias\/wp-json\/wp\/v2\/categories?post=225455"},{"taxonomy":"post_tag","embeddable":true,"href":"https:\/\/www.suno.com.br\/noticias\/wp-json\/wp\/v2\/tags?post=225455"},{"taxonomy":"suno_strategy","embeddable":true,"href":"https:\/\/www.suno.com.br\/noticias\/wp-json\/wp\/v2\/suno_strategy?post=225455"}],"curies":[{"name":"wp","href":"https:\/\/api.w.org\/{rel}","templated":true}]}}