{"id":225344,"date":"2022-01-25T15:59:55","date_gmt":"2022-01-25T18:59:55","guid":{"rendered":"https:\/\/www.suno.com.br\/noticias\/?p=225344"},"modified":"2022-01-28T13:05:17","modified_gmt":"2022-01-28T16:05:17","slug":"v-tal-oi-oibr3-fibra-otica-rede-neutra","status":"publish","type":"post","link":"https:\/\/www.suno.com.br\/noticias\/v-tal-oi-oibr3-fibra-otica-rede-neutra\/","title":{"rendered":"V.tal, da Oi (OIBR3), planeja expans\u00e3o da fibra \u00f3tica e rede neutra, diz site"},"content":{"rendered":"<p>A opera\u00e7\u00e3o de fibra \u00f3tica da <a class=\"suno-keyword\" href=\"https:\/\/www.suno.com.br\/acoes\/OIBR3\/\" target=\"_blank\" rel=\"noopener\" data-force=\"yes\" data-priority=\"2\"><strong>Oi<\/strong> (OIBR3)<\/a>, denominada V.tal (l\u00ea-se Vital), est\u00e1 a todo vapor, com planos de expans\u00e3o e desenvolvimento de novas tecnol\u00f3gicas, segundo mat\u00e9ria do portal <em>Neofeed<\/em>.<\/p>\t<div class=\"wrapper-featured-image\">\n\t\t<figure class=\"spotlightImg\">\n\n\t\t\t<picture>\n\t\t\t\t<source media=\"(max-width: 768px)\" srcset=\"https:\/\/files.sunoresearch.com.br\/n\/uploads\/2022\/01\/V-tal-Oi-400x200.jpg\">\n\t\t\t\t<img loading=\"lazy\" decoding=\"async\" class=\"newsContent__article__imgCapa lazyloadDisabled \" src=\"https:\/\/files.sunoresearch.com.br\/n\/uploads\/2022\/01\/V-tal-Oi-800x450.jpg\" width=\"800\" height=\"450\" alt=\"V.tal, da Oi (OIBR3), planeja expans\u00e3o da fibra \u00f3tica e rede neutra, diz site\" fetchpriority=high \/>\n\t\t\t<\/picture>\n\n\t\t\t<figcaption class=\"wp-caption-text wp-caption-text--show\">V.tal. Foto: Reprodu\u00e7\u00e3o\/ YouTube<\/figcaption>\n\t\t<\/figure>\n\t<\/div>\n\n\n\t<p>\n\t\t<a href=\"\" target=\"_blank\" data-element=\"shortcode-suno-banner\" title=\"Banner SUNO, clique e saiba mais\">\n\t\t\t<picture>\n\t\t\t\t<source media=\"(max-width: 500px)\" srcset=\"\">\n\t\t\t\t<img class=\"newsContent__article__imgCapa newsContent__article__imgCapa--banner\"\n\t\t\t\t\tsrc=\"\"\n\t\t\t\t\tdata-promo-id=\"91853\"\t\t\t\t\t\t\t\t\t\t\t\t\t\t\talt=\"\"\n\t\t\t\t>\n\t\t\t<\/picture>\n\t\t<\/a>\n\t<\/p>\n\n\n<p>Cerca de 58% da <strong>V.tal<\/strong> pertence a fundos geridos pelo banco <a class=\"suno-keyword\" href=\"https:\/\/www.suno.com.br\/acoes\/BPAC11\/\" target=\"_blank\" rel=\"noopener\" data-force=\"yes\" data-priority=\"2\">BTG Pactual (BPAC11)<\/a>, que pagaram R$ 12,9 milh\u00f5es em um leil\u00e3o realizado com a Oi em julho do ano passado. A compra j\u00e1 foi aprovada pelo Conselho Administrativo de Defesa Econ\u00f4mica (Cade), mas ainda falta o aval da Ag\u00eancia Nacional de Telecomunica\u00e7\u00f5es (Anatel).<\/p>\n<p>Sem tempo a perder, a V.tal tem dado os pr\u00f3prios passos nos \u00faltimos meses, de forma independente da Oi e antes da conclus\u00e3o do processo de <strong>compra pelo BTG<\/strong>.<\/p>\n<p>A opera\u00e7\u00e3o de<strong> fibra \u00f3tica da Oi<\/strong> j\u00e1 chegou a 14 milh\u00f5es de casas com seus cabos nos \u00faltimos meses. Antes da compra pelos fundos do BTG, esse n\u00famero era de 10,5 milh\u00f5es. O total de cidades em que atua saltou de 190 para 206. S\u00e3o mais de 400 mil quil\u00f4metros de fibra \u00f3ptica. E vem mais por a\u00ed.<\/p>\n<p>&#8220;Estamos em um ritmo de implanta\u00e7\u00e3o de mais de 400 mil casas com cobertura dispon\u00edvel para banda larga por fibra \u00f3ptica por m\u00eas&#8221;, disse <strong>Pedro Arakawa<\/strong>, respons\u00e1vel pela opera\u00e7\u00e3o da V.tal, ao <em>Neofeed<\/em>.<\/p>\n<p>Arakawa tamb\u00e9m conta que a<strong> V.tal <\/strong>j\u00e1 fechou duas dezenas de contratos de rede neutra, o novo objetivo da empresa.<\/p>\n\t<p>\n\t\t<a href=\"https:\/\/lp.suno.com.br\/planilha-da-vida-financeira\/\" target=\"_blank\" data-element=\"shortcode-suno-banner\" title=\"Banner SUNO, clique e saiba mais\">\n\t\t\t<picture>\n\t\t\t\t<source media=\"(max-width: 500px)\" srcset=\"https:\/\/files.sunoresearch.com.br\/n\/uploads\/2023\/04\/400x300-Planilha-vida-financeira-true.png\">\n\t\t\t\t<img class=\"newsContent__article__imgCapa newsContent__article__imgCapa--banner\"\n\t\t\t\t\tsrc=\"https:\/\/files.sunoresearch.com.br\/n\/uploads\/2023\/04\/1420x240-Planilha-vida-financeira-true.png\"\n\t\t\t\t\tdata-promo-id=\"106682\"\t\t\t\t\t\t\t\t\t\twidth='1420' height='240'\t\t\t\t\talt=\"https:\/\/files.sunoresearch.com.br\/n\/uploads\/2023\/04\/1420x240-Planilha-vida-financeira-true.png\"\n\t\t\t\t>\n\t\t\t<\/picture>\n\t\t<\/a>\n\t<\/p>\n\n\n<h2>Rede neutra \u00e9 o objetivo futuro da V.tal<\/h2>\n<p>O objetivo da V.tal \u00e9 implantar o conceito de <strong>rede neutra<\/strong>, disse Arakawa ao <em>Neofeed<\/em>. A rede neutra \u00e9 um sistema de infraestrutura compartilhada com outras empresas de telefonia, desde pequenos provedores at\u00e9 grandes concorrentes, como <a class=\"suno-keyword\" href=\"https:\/\/www.suno.com.br\/acoes\/TIMS3\/\" target=\"_blank\" rel=\"noopener\" data-force=\"yes\" data-priority=\"2\"><strong>Tim<\/strong> (TIMS3)<\/a> e <a class=\"suno-keyword\" href=\"https:\/\/www.suno.com.br\/acoes\/VIVT3\/\" target=\"_blank\" rel=\"noopener\" data-force=\"yes\" data-priority=\"2\"><strong>Vivo<\/strong> (VIVT3)<\/a>.<\/p>\n<p>A <strong>opera\u00e7\u00e3o de fibra \u00f3tica<\/strong> da Oi est\u00e1 ciente dos desafios que esse objetivo abarca, como convencer as companhia de telecomunica\u00e7\u00e3o, em especial os pequenos provedores regionais, a optarem pela infraestrutura de fibra da V.tal, em vez de investir em ter a sua pr\u00f3pria.<\/p>\n\t<p>\n\t\t<a href=\"https:\/\/lp.suno.com.br\/ebook-como-analisar-uma-acao\/\" target=\"_blank\" data-element=\"shortcode-suno-banner\" title=\"Banner SUNO, clique e saiba mais\">\n\t\t\t<picture>\n\t\t\t\t<source media=\"(max-width: 500px)\" srcset=\"https:\/\/files.sunoresearch.com.br\/n\/uploads\/2023\/03\/Ebook-Acoes-Mobile-1.jpg\">\n\t\t\t\t<img class=\"newsContent__article__imgCapa newsContent__article__imgCapa--banner\"\n\t\t\t\t\tsrc=\"https:\/\/files.sunoresearch.com.br\/n\/uploads\/2023\/03\/Ebook-Acoes-Desktop-1.jpg\"\n\t\t\t\t\tdata-promo-id=\"171998\"\t\t\t\t\t\t\t\t\t\twidth='1420' height='286'\t\t\t\t\talt=\"https:\/\/files.sunoresearch.com.br\/n\/uploads\/2023\/03\/Ebook-Acoes-Desktop-1.jpg\"\n\t\t\t\t>\n\t\t\t<\/picture>\n\t\t<\/a>\n\t<\/p>\n\n\n<p>Das duas dezenas de contratos que o executivo afirmou estarem fechados, somente dois nomes foram divulgados, sendo o primeiro da pr\u00f3pria Oi.<\/p>\n<p>A Oi ser\u00e1 o maior cliente da infraestrutura de rede neutra, seguida pela <strong>Vero Internet<\/strong>, uma opera\u00e7\u00e3o ligada ao fundo de <a class=\"suno-keyword\" href=\"https:\/\/www.suno.com.br\/artigos\/private-equity\/\" target=\"_blank\" rel=\"noopener\" data-force=\"no\" data-priority=\"1\">private equity<\/a> Vinci Partners.<\/p>\n<p>A V.tal tem sede pr\u00f3pria em S\u00e3o Paulo, SP, e j\u00e1 conta com uma equipe de 100 profissionais da \u00e1rea comercial separados da <strong>opera\u00e7\u00e3o da Oi<\/strong>. Os pr\u00f3ximos que devem se tornar exclusivos s\u00e3o das \u00e1reas de tecnologia, infraestrutura e opera\u00e7\u00f5es.<\/p>\n<h2>Expans\u00e3o da fibra e 5G<\/h2>\n<p>Os fundos geridos pelo BTG se comprometeram com um <strong>aporte de R$ 30 bilh\u00f5es na V.tal<\/strong> nos pr\u00f3ximos quatro anos. Com esse dinheiro, a opera\u00e7\u00e3o de fibra \u00f3ptica da Oi pretende alcan\u00e7ar 32 milh\u00f5es de casas com sua infraestrutura.<\/p>\n<p>De acordo com a mat\u00e9ria do <em>Neofeed<\/em>, a ideia da empresa \u00e9 oferecer seus servi\u00e7os para todos os tipos de provedores de internet, com destaque para os provedores regionais que, atualmente, det\u00eam 60%\u00a0 do mercado de banda larga de alta velocidade com <strong>fibra \u00f3ptica no Brasil<\/strong>.<\/p>\n<p>Mas as grandes companhias do setor tamb\u00e9m devem acirrar essa disputa com a cria\u00e7\u00e3o de suas pr\u00f3prias companhias para atuar no mercado de fibra \u00f3ptica.<\/p>\n\t<p>\n\t\t<a href=\"https:\/\/lp.suno.com.br\/planilha-de-controle-de-investimentos\/\" target=\"_blank\" data-element=\"shortcode-suno-banner\" title=\"Banner SUNO, clique e saiba mais\">\n\t\t\t<picture>\n\t\t\t\t<source media=\"(max-width: 500px)\" srcset=\"https:\/\/files.sunoresearch.com.br\/n\/uploads\/2023\/03\/400x300-Controle-de-Investimentos.png\">\n\t\t\t\t<img class=\"newsContent__article__imgCapa newsContent__article__imgCapa--banner\"\n\t\t\t\t\tsrc=\"https:\/\/files.sunoresearch.com.br\/n\/uploads\/2023\/03\/1420x240-Controle-de-Investimentos.png\"\n\t\t\t\t\tdata-promo-id=\"75934\"\t\t\t\t\t\t\t\t\t\twidth='1420' height='240'\t\t\t\t\talt=\"https:\/\/files.sunoresearch.com.br\/n\/uploads\/2023\/03\/1420x240-Controle-de-Investimentos.png\"\n\t\t\t\t>\n\t\t\t<\/picture>\n\t\t<\/a>\n\t<\/p>\n\n\n<p>A Vivo, por exemplo, ir\u00e1 criar a <strong>FiBrasil<\/strong> ao lado do fundo canadense CDPQ. J\u00e1 a Tim criou uma <a class=\"suno-keyword\" href=\"https:\/\/www.suno.com.br\/artigos\/joint-venture\/\" target=\"_blank\" rel=\"noopener\" data-force=\"no\" data-priority=\"2\">joint venture<\/a> com a IHS, a <strong>FiberCo<\/strong>.<\/p>\n<p>Outra disputa entre as tr\u00eas gigantes ser\u00e1 pela <strong>opera\u00e7\u00e3o para o 5G<\/strong>. A infraestrutura para as frequ\u00eancias de 5G precisam de liga\u00e7\u00e3o das antenas, chamadas de esta\u00e7\u00f5es radio-bases (<strong>ERBs<\/strong>) e tudo isso \u00e9 via fibra \u00f3ptica. &#8220;J\u00e1 temos conversas com alguns vencedores do leil\u00e3o do 5G&#8221;, garante Arakawa ao portal.<\/p>\n<p>Segundo o <em>Neofeed<\/em>, h\u00e1 aproximadamente 100 mil ERBs no Brasil atualmente. Para rodar a tecnologia de quinta gera\u00e7\u00e3o do celular ser\u00e1 necess\u00e1rio de cinco a 10 vezes mais antenas, uma onda que a <strong>V.tal<\/strong> poder\u00e1 surfar.<\/p>\n\t<p>\n\t\t<a href=\"\" target=\"_blank\" data-element=\"shortcode-suno-banner\" title=\"Banner SUNO, clique e saiba mais\">\n\t\t\t<picture>\n\t\t\t\t<source media=\"(max-width: 500px)\" srcset=\"\">\n\t\t\t\t<img class=\"newsContent__article__imgCapa newsContent__article__imgCapa--banner\"\n\t\t\t\t\tsrc=\"\"\n\t\t\t\t\tdata-promo-id=\"184190\"\t\t\t\t\t\t\t\t\t\t\t\t\t\t\talt=\"\"\n\t\t\t\t>\n\t\t\t<\/picture>\n\t\t<\/a>\n\t<\/p>\n\n\n","protected":false},"excerpt":{"rendered":"<p>A opera\u00e7\u00e3o de fibra \u00f3tica da Oi (OIBR3), denominada V.tal (l\u00ea-se Vital), est\u00e1 a todo vapor, com planos de expans\u00e3o e desenvolvimento de novas tecnol\u00f3gicas, segundo mat\u00e9ria do portal Neofeed. V.tal. Foto: Reprodu\u00e7\u00e3o\/ YouTube Cerca de 58% da V.tal pertence a fundos geridos pelo banco BTG Pactual (BPAC11), que pagaram R$ 12,9 milh\u00f5es em um [&hellip;]<\/p>\n","protected":false},"author":102,"featured_media":225460,"comment_status":"closed","ping_status":"closed","sticky":false,"template":"","format":"standard","meta":[],"categories":[64],"tags":[104763,584],"suno_strategy":[],"class_list":["post-225344","post","type-post","status-publish","format-standard","has-post-thumbnail","hentry","category-negocios","tag-fibra-otica","tag-oi-oibr3-oibr4"],"yoast_head":"<!-- This site is optimized with the Yoast SEO plugin v24.4 - https:\/\/yoast.com\/wordpress\/plugins\/seo\/ -->\n<title>V.tal, da Oi (OIBR3), planeja expans\u00e3o da fibra \u00f3ptica e rede neutra<\/title>\n<meta name=\"description\" content=\"A opera\u00e7\u00e3o de fibra \u00f3tica da Oi (OIBR3), V.tal, tem grandes planos de expans\u00e3o e cria\u00e7\u00e3o de uma rede neutra. Leia mais aqui.\" \/>\n<meta name=\"robots\" content=\"index, follow, max-snippet:-1, max-image-preview:large, max-video-preview:-1\" \/>\n<link rel=\"canonical\" href=\"https:\/\/www.suno.com.br\/noticias\/v-tal-oi-oibr3-fibra-otica-rede-neutra\/\" \/>\n<meta property=\"og:locale\" content=\"pt_BR\" \/>\n<meta property=\"og:type\" content=\"article\" \/>\n<meta property=\"og:title\" content=\"V.tal, da Oi (OIBR3), planeja expans\u00e3o da fibra \u00f3ptica e rede neutra\" \/>\n<meta property=\"og:description\" content=\"A opera\u00e7\u00e3o de fibra \u00f3tica da Oi (OIBR3), V.tal, tem grandes planos de expans\u00e3o e cria\u00e7\u00e3o de uma rede neutra. Leia mais aqui.\" \/>\n<meta property=\"og:url\" content=\"https:\/\/www.suno.com.br\/noticias\/v-tal-oi-oibr3-fibra-otica-rede-neutra\/\" \/>\n<meta property=\"og:site_name\" content=\"Suno Not\u00edcias\" \/>\n<meta property=\"article:publisher\" content=\"https:\/\/facebook.com\/sunoresearch\" \/>\n<meta property=\"og:image\" content=\"https:\/\/files.sunoresearch.com.br\/n\/uploads\/2022\/01\/V-tal-Oi.jpg\" \/>\n\t<meta property=\"og:image:width\" content=\"1353\" \/>\n\t<meta property=\"og:image:height\" content=\"762\" \/>\n\t<meta property=\"og:image:type\" content=\"image\/jpeg\" \/>\n<meta name=\"author\" content=\"Monique Lima\" \/>\n<meta name=\"twitter:card\" content=\"summary_large_image\" \/>\n<meta name=\"twitter:creator\" content=\"@sunoresearch\" \/>\n<meta name=\"twitter:site\" content=\"@sunoresearch\" \/>\n<meta name=\"twitter:label1\" content=\"Escrito por\" \/>\n\t<meta name=\"twitter:data1\" content=\"Monique Lima\" \/>\n\t<meta name=\"twitter:label2\" content=\"Est. tempo de leitura\" \/>\n\t<meta name=\"twitter:data2\" content=\"3 minutos\" \/>\n<script type=\"application\/ld+json\" class=\"yoast-schema-graph\">{\"@context\":\"https:\/\/schema.org\",\"@graph\":[{\"@type\":\"NewsArticle\",\"@id\":\"https:\/\/www.suno.com.br\/noticias\/v-tal-oi-oibr3-fibra-otica-rede-neutra\/#article\",\"isPartOf\":{\"@id\":\"https:\/\/www.suno.com.br\/noticias\/v-tal-oi-oibr3-fibra-otica-rede-neutra\/\"},\"author\":{\"name\":\"Monique Lima\",\"@id\":\"https:\/\/www.suno.com.br\/noticias\/#\/schema\/person\/d712329319cc9b10f254d02d654cb36a\"},\"headline\":\"V.tal, da Oi (OIBR3), planeja expans\u00e3o da fibra \u00f3tica e rede neutra, diz site\",\"datePublished\":\"2022-01-25T18:59:55+00:00\",\"dateModified\":\"2022-01-28T16:05:17+00:00\",\"mainEntityOfPage\":{\"@id\":\"https:\/\/www.suno.com.br\/noticias\/v-tal-oi-oibr3-fibra-otica-rede-neutra\/\"},\"wordCount\":711,\"publisher\":{\"@id\":\"https:\/\/www.suno.com.br\/noticias\/#organization\"},\"image\":{\"@id\":\"https:\/\/www.suno.com.br\/noticias\/v-tal-oi-oibr3-fibra-otica-rede-neutra\/#primaryimage\"},\"thumbnailUrl\":\"https:\/\/files.sunoresearch.com.br\/n\/uploads\/2022\/01\/V-tal-Oi.jpg\",\"keywords\":[\"fibra \u00f3tica\",\"Oi (OIBR3\/OIBR4)\"],\"articleSection\":[\"Neg\u00f3cios\"],\"inLanguage\":\"pt-BR\"},{\"@type\":\"WebPage\",\"@id\":\"https:\/\/www.suno.com.br\/noticias\/v-tal-oi-oibr3-fibra-otica-rede-neutra\/\",\"url\":\"https:\/\/www.suno.com.br\/noticias\/v-tal-oi-oibr3-fibra-otica-rede-neutra\/\",\"name\":\"V.tal, da Oi (OIBR3), planeja expans\u00e3o da fibra \u00f3ptica e rede neutra\",\"isPartOf\":{\"@id\":\"https:\/\/www.suno.com.br\/noticias\/#website\"},\"primaryImageOfPage\":{\"@id\":\"https:\/\/www.suno.com.br\/noticias\/v-tal-oi-oibr3-fibra-otica-rede-neutra\/#primaryimage\"},\"image\":{\"@id\":\"https:\/\/www.suno.com.br\/noticias\/v-tal-oi-oibr3-fibra-otica-rede-neutra\/#primaryimage\"},\"thumbnailUrl\":\"https:\/\/files.sunoresearch.com.br\/n\/uploads\/2022\/01\/V-tal-Oi.jpg\",\"datePublished\":\"2022-01-25T18:59:55+00:00\",\"dateModified\":\"2022-01-28T16:05:17+00:00\",\"description\":\"A opera\u00e7\u00e3o de fibra \u00f3tica da Oi (OIBR3), V.tal, tem grandes planos de expans\u00e3o e cria\u00e7\u00e3o de uma rede neutra. Leia mais aqui.\",\"breadcrumb\":{\"@id\":\"https:\/\/www.suno.com.br\/noticias\/v-tal-oi-oibr3-fibra-otica-rede-neutra\/#breadcrumb\"},\"inLanguage\":\"pt-BR\",\"potentialAction\":[{\"@type\":\"ReadAction\",\"target\":[\"https:\/\/www.suno.com.br\/noticias\/v-tal-oi-oibr3-fibra-otica-rede-neutra\/\"]}]},{\"@type\":\"ImageObject\",\"inLanguage\":\"pt-BR\",\"@id\":\"https:\/\/www.suno.com.br\/noticias\/v-tal-oi-oibr3-fibra-otica-rede-neutra\/#primaryimage\",\"url\":\"https:\/\/files.sunoresearch.com.br\/n\/uploads\/2022\/01\/V-tal-Oi.jpg\",\"contentUrl\":\"https:\/\/files.sunoresearch.com.br\/n\/uploads\/2022\/01\/V-tal-Oi.jpg\",\"width\":1353,\"height\":762,\"caption\":\"V.tal. Foto: Reprodu\u00e7\u00e3o\/ YouTube\"},{\"@type\":\"BreadcrumbList\",\"@id\":\"https:\/\/www.suno.com.br\/noticias\/v-tal-oi-oibr3-fibra-otica-rede-neutra\/#breadcrumb\",\"itemListElement\":[{\"@type\":\"ListItem\",\"position\":1,\"name\":\"Not\u00edcias\",\"item\":\"https:\/\/www.suno.com.br\/noticias\/\"},{\"@type\":\"ListItem\",\"position\":2,\"name\":\"Neg\u00f3cios\",\"item\":\"https:\/\/www.suno.com.br\/noticias\/negocios\/\"},{\"@type\":\"ListItem\",\"position\":3,\"name\":\"V.tal, da Oi (OIBR3), planeja expans\u00e3o da fibra \u00f3tica e rede neutra, diz site\"}]},{\"@type\":\"WebSite\",\"@id\":\"https:\/\/www.suno.com.br\/noticias\/#website\",\"url\":\"https:\/\/www.suno.com.br\/noticias\/\",\"name\":\"Suno Not\u00edcias\",\"description\":\"Seu portal de informa\u00e7\u00e3o sobre o mundo dos investimentos\",\"publisher\":{\"@id\":\"https:\/\/www.suno.com.br\/noticias\/#organization\"},\"potentialAction\":[{\"@type\":\"SearchAction\",\"target\":{\"@type\":\"EntryPoint\",\"urlTemplate\":\"https:\/\/www.suno.com.br\/noticias\/?s={search_term_string}\"},\"query-input\":{\"@type\":\"PropertyValueSpecification\",\"valueRequired\":true,\"valueName\":\"search_term_string\"}}],\"inLanguage\":\"pt-BR\"},{\"@type\":\"Organization\",\"@id\":\"https:\/\/www.suno.com.br\/noticias\/#organization\",\"name\":\"Suno Not\u00edcias\",\"url\":\"https:\/\/www.suno.com.br\/noticias\/\",\"logo\":{\"@type\":\"ImageObject\",\"inLanguage\":\"pt-BR\",\"@id\":\"https:\/\/www.suno.com.br\/noticias\/#\/schema\/logo\/image\/\",\"url\":\"https:\/\/files.sunoresearch.com.br\/n\/uploads\/2021\/09\/suno-logo.png\",\"contentUrl\":\"https:\/\/files.sunoresearch.com.br\/n\/uploads\/2021\/09\/suno-logo.png\",\"width\":180,\"height\":180,\"caption\":\"Suno Not\u00edcias\"},\"image\":{\"@id\":\"https:\/\/www.suno.com.br\/noticias\/#\/schema\/logo\/image\/\"},\"sameAs\":[\"https:\/\/facebook.com\/sunoresearch\",\"https:\/\/x.com\/sunoresearch\",\"https:\/\/www.instagram.com\/suno\",\"https:\/\/www.linkedin.com\/company\/suno-research\/\",\"https:\/\/www.youtube.com\/c\/sunoresearch\"]},{\"@type\":\"Person\",\"@id\":\"https:\/\/www.suno.com.br\/noticias\/#\/schema\/person\/d712329319cc9b10f254d02d654cb36a\",\"name\":\"Monique Lima\",\"image\":{\"@type\":\"ImageObject\",\"inLanguage\":\"pt-BR\",\"@id\":\"https:\/\/www.suno.com.br\/noticias\/#\/schema\/person\/image\/\",\"url\":\"https:\/\/secure.gravatar.com\/avatar\/daee7f16d906c2e9ffed236206ca2c30?s=96&r=g\",\"contentUrl\":\"https:\/\/secure.gravatar.com\/avatar\/daee7f16d906c2e9ffed236206ca2c30?s=96&r=g\",\"caption\":\"Monique Lima\"},\"description\":\"Rep\u00f3rter de Mercado no Suno Not\u00edcias, \u00e9 jornalista com experi\u00eancia na cobertura de economia, empreendedorismo, finan\u00e7as pessoais, mercado financeiro, carreira e recursos humanos. Formada em Jornalismo pela Universidade Paulista, teve experi\u00eancias em ve\u00edculos de comunica\u00e7\u00e3o como a Ag\u00eancia TradeMap, Revista Voc\u00ea S\/A e Revista Voc\u00ea RH, as duas \u00faltimas publica\u00e7\u00f5es da Editora Abril. No Suno Not\u00edcias, fala sobre as principais not\u00edcias de Fundos Imobili\u00e1rios, Fiagro, Startups e empresas listadas na Bolsa.\",\"url\":\"https:\/\/www.suno.com.br\/noticias\/author\/monique-lima\/\"}]}<\/script>\n<!-- \/ Yoast SEO plugin. -->","yoast_head_json":{"title":"V.tal, da Oi (OIBR3), planeja expans\u00e3o da fibra \u00f3ptica e rede neutra","description":"A opera\u00e7\u00e3o de fibra \u00f3tica da Oi (OIBR3), V.tal, tem grandes planos de expans\u00e3o e cria\u00e7\u00e3o de uma rede neutra. Leia mais aqui.","robots":{"index":"index","follow":"follow","max-snippet":"max-snippet:-1","max-image-preview":"max-image-preview:large","max-video-preview":"max-video-preview:-1"},"canonical":"https:\/\/www.suno.com.br\/noticias\/v-tal-oi-oibr3-fibra-otica-rede-neutra\/","og_locale":"pt_BR","og_type":"article","og_title":"V.tal, da Oi (OIBR3), planeja expans\u00e3o da fibra \u00f3ptica e rede neutra","og_description":"A opera\u00e7\u00e3o de fibra \u00f3tica da Oi (OIBR3), V.tal, tem grandes planos de expans\u00e3o e cria\u00e7\u00e3o de uma rede neutra. Leia mais aqui.","og_url":"https:\/\/www.suno.com.br\/noticias\/v-tal-oi-oibr3-fibra-otica-rede-neutra\/","og_site_name":"Suno Not\u00edcias","article_publisher":"https:\/\/facebook.com\/sunoresearch","og_image":[{"width":1353,"height":762,"url":"https:\/\/files.sunoresearch.com.br\/n\/uploads\/2022\/01\/V-tal-Oi.jpg","type":"image\/jpeg"}],"author":"Monique Lima","twitter_card":"summary_large_image","twitter_creator":"@sunoresearch","twitter_site":"@sunoresearch","twitter_misc":{"Escrito por":"Monique Lima","Est. tempo de leitura":"3 minutos"},"schema":{"@context":"https:\/\/schema.org","@graph":[{"@type":"NewsArticle","@id":"https:\/\/www.suno.com.br\/noticias\/v-tal-oi-oibr3-fibra-otica-rede-neutra\/#article","isPartOf":{"@id":"https:\/\/www.suno.com.br\/noticias\/v-tal-oi-oibr3-fibra-otica-rede-neutra\/"},"author":{"name":"Monique Lima","@id":"https:\/\/www.suno.com.br\/noticias\/#\/schema\/person\/d712329319cc9b10f254d02d654cb36a"},"headline":"V.tal, da Oi (OIBR3), planeja expans\u00e3o da fibra \u00f3tica e rede neutra, diz site","datePublished":"2022-01-25T18:59:55+00:00","dateModified":"2022-01-28T16:05:17+00:00","mainEntityOfPage":{"@id":"https:\/\/www.suno.com.br\/noticias\/v-tal-oi-oibr3-fibra-otica-rede-neutra\/"},"wordCount":711,"publisher":{"@id":"https:\/\/www.suno.com.br\/noticias\/#organization"},"image":{"@id":"https:\/\/www.suno.com.br\/noticias\/v-tal-oi-oibr3-fibra-otica-rede-neutra\/#primaryimage"},"thumbnailUrl":"https:\/\/files.sunoresearch.com.br\/n\/uploads\/2022\/01\/V-tal-Oi.jpg","keywords":["fibra \u00f3tica","Oi (OIBR3\/OIBR4)"],"articleSection":["Neg\u00f3cios"],"inLanguage":"pt-BR"},{"@type":"WebPage","@id":"https:\/\/www.suno.com.br\/noticias\/v-tal-oi-oibr3-fibra-otica-rede-neutra\/","url":"https:\/\/www.suno.com.br\/noticias\/v-tal-oi-oibr3-fibra-otica-rede-neutra\/","name":"V.tal, da Oi (OIBR3), planeja expans\u00e3o da fibra \u00f3ptica e rede neutra","isPartOf":{"@id":"https:\/\/www.suno.com.br\/noticias\/#website"},"primaryImageOfPage":{"@id":"https:\/\/www.suno.com.br\/noticias\/v-tal-oi-oibr3-fibra-otica-rede-neutra\/#primaryimage"},"image":{"@id":"https:\/\/www.suno.com.br\/noticias\/v-tal-oi-oibr3-fibra-otica-rede-neutra\/#primaryimage"},"thumbnailUrl":"https:\/\/files.sunoresearch.com.br\/n\/uploads\/2022\/01\/V-tal-Oi.jpg","datePublished":"2022-01-25T18:59:55+00:00","dateModified":"2022-01-28T16:05:17+00:00","description":"A opera\u00e7\u00e3o de fibra \u00f3tica da Oi (OIBR3), V.tal, tem grandes planos de expans\u00e3o e cria\u00e7\u00e3o de uma rede neutra. Leia mais aqui.","breadcrumb":{"@id":"https:\/\/www.suno.com.br\/noticias\/v-tal-oi-oibr3-fibra-otica-rede-neutra\/#breadcrumb"},"inLanguage":"pt-BR","potentialAction":[{"@type":"ReadAction","target":["https:\/\/www.suno.com.br\/noticias\/v-tal-oi-oibr3-fibra-otica-rede-neutra\/"]}]},{"@type":"ImageObject","inLanguage":"pt-BR","@id":"https:\/\/www.suno.com.br\/noticias\/v-tal-oi-oibr3-fibra-otica-rede-neutra\/#primaryimage","url":"https:\/\/files.sunoresearch.com.br\/n\/uploads\/2022\/01\/V-tal-Oi.jpg","contentUrl":"https:\/\/files.sunoresearch.com.br\/n\/uploads\/2022\/01\/V-tal-Oi.jpg","width":1353,"height":762,"caption":"V.tal. Foto: Reprodu\u00e7\u00e3o\/ YouTube"},{"@type":"BreadcrumbList","@id":"https:\/\/www.suno.com.br\/noticias\/v-tal-oi-oibr3-fibra-otica-rede-neutra\/#breadcrumb","itemListElement":[{"@type":"ListItem","position":1,"name":"Not\u00edcias","item":"https:\/\/www.suno.com.br\/noticias\/"},{"@type":"ListItem","position":2,"name":"Neg\u00f3cios","item":"https:\/\/www.suno.com.br\/noticias\/negocios\/"},{"@type":"ListItem","position":3,"name":"V.tal, da Oi (OIBR3), planeja expans\u00e3o da fibra \u00f3tica e rede neutra, diz site"}]},{"@type":"WebSite","@id":"https:\/\/www.suno.com.br\/noticias\/#website","url":"https:\/\/www.suno.com.br\/noticias\/","name":"Suno Not\u00edcias","description":"Seu portal de informa\u00e7\u00e3o sobre o mundo dos investimentos","publisher":{"@id":"https:\/\/www.suno.com.br\/noticias\/#organization"},"potentialAction":[{"@type":"SearchAction","target":{"@type":"EntryPoint","urlTemplate":"https:\/\/www.suno.com.br\/noticias\/?s={search_term_string}"},"query-input":{"@type":"PropertyValueSpecification","valueRequired":true,"valueName":"search_term_string"}}],"inLanguage":"pt-BR"},{"@type":"Organization","@id":"https:\/\/www.suno.com.br\/noticias\/#organization","name":"Suno Not\u00edcias","url":"https:\/\/www.suno.com.br\/noticias\/","logo":{"@type":"ImageObject","inLanguage":"pt-BR","@id":"https:\/\/www.suno.com.br\/noticias\/#\/schema\/logo\/image\/","url":"https:\/\/files.sunoresearch.com.br\/n\/uploads\/2021\/09\/suno-logo.png","contentUrl":"https:\/\/files.sunoresearch.com.br\/n\/uploads\/2021\/09\/suno-logo.png","width":180,"height":180,"caption":"Suno Not\u00edcias"},"image":{"@id":"https:\/\/www.suno.com.br\/noticias\/#\/schema\/logo\/image\/"},"sameAs":["https:\/\/facebook.com\/sunoresearch","https:\/\/x.com\/sunoresearch","https:\/\/www.instagram.com\/suno","https:\/\/www.linkedin.com\/company\/suno-research\/","https:\/\/www.youtube.com\/c\/sunoresearch"]},{"@type":"Person","@id":"https:\/\/www.suno.com.br\/noticias\/#\/schema\/person\/d712329319cc9b10f254d02d654cb36a","name":"Monique Lima","image":{"@type":"ImageObject","inLanguage":"pt-BR","@id":"https:\/\/www.suno.com.br\/noticias\/#\/schema\/person\/image\/","url":"https:\/\/secure.gravatar.com\/avatar\/daee7f16d906c2e9ffed236206ca2c30?s=96&r=g","contentUrl":"https:\/\/secure.gravatar.com\/avatar\/daee7f16d906c2e9ffed236206ca2c30?s=96&r=g","caption":"Monique Lima"},"description":"Rep\u00f3rter de Mercado no Suno Not\u00edcias, \u00e9 jornalista com experi\u00eancia na cobertura de economia, empreendedorismo, finan\u00e7as pessoais, mercado financeiro, carreira e recursos humanos. Formada em Jornalismo pela Universidade Paulista, teve experi\u00eancias em ve\u00edculos de comunica\u00e7\u00e3o como a Ag\u00eancia TradeMap, Revista Voc\u00ea S\/A e Revista Voc\u00ea RH, as duas \u00faltimas publica\u00e7\u00f5es da Editora Abril. No Suno Not\u00edcias, fala sobre as principais not\u00edcias de Fundos Imobili\u00e1rios, Fiagro, Startups e empresas listadas na Bolsa.","url":"https:\/\/www.suno.com.br\/noticias\/author\/monique-lima\/"}]}},"default_loop_html":"<div class=\"cardsPage__listCard__boxs\"><div class=\"cardsPage__listCard__boxs__img\"><a href=\"https:\/\/www.suno.com.br\/noticias\/v-tal-oi-oibr3-fibra-otica-rede-neutra\/\"><img class=\"mask\" src=\"https:\/\/www.suno.com.br\/noticias\/wp-content\/themes\/suno\/resources\/images\/spotlight\/spotlight1img\/bg-mask.png\" alt=\"Image Mask\"\/><img src=\"https:\/\/files.sunoresearch.com.br\/n\/uploads\/2022\/01\/V-tal-Oi-400x200.jpg\" alt=\"V.tal, da Oi (OIBR3), planeja expans\u00e3o da fibra \u00f3tica e rede neutra, diz site\"\/><\/a><span class=\"spotlightCategory\"><a href=\"https:\/\/www.suno.com.br\/noticias\/negocios\/\">Neg\u00f3cios<\/a><\/span><\/div><div class=\"cardsPage__listCard__boxs__content\"><a href=\"https:\/\/www.suno.com.br\/noticias\/v-tal-oi-oibr3-fibra-otica-rede-neutra\/\"><h2 class=\"content__title\">V.tal, da Oi (OIBR3), planeja expans\u00e3o da fibra \u00f3tica e rede neutra, diz site<\/h2><\/a><div class=\"newsContent__article__meta\"><div class=\"newsContent__article__meta__authorBox\"><a href=\"https:\/\/www.suno.com.br\/noticias\/author\/monique-lima\/\" class=\"authorBox__avatar noMobi\"><img src=\"https:\/\/secure.gravatar.com\/avatar\/daee7f16d906c2e9ffed236206ca2c30?s=96&#038;r=g\" alt=\"Monique Lima\"><\/a><div class=\"authorBox__name\"><span>por\n\t\t\t<a href=\"https:\/\/www.suno.com.br\/noticias\/author\/monique-lima\/\"><span itemprop=\"author\">Monique Lima<\/span><\/a><\/span><time datetime=\"2022-01-25T15:59:55-03:00\" itemprop=\"datePublished\">25\/01\/2022 15:59<\/time><\/div><\/div><\/div><\/div><\/div>","single_layout":"posts","amp_enabled":true,"_links":{"self":[{"href":"https:\/\/www.suno.com.br\/noticias\/wp-json\/wp\/v2\/posts\/225344"}],"collection":[{"href":"https:\/\/www.suno.com.br\/noticias\/wp-json\/wp\/v2\/posts"}],"about":[{"href":"https:\/\/www.suno.com.br\/noticias\/wp-json\/wp\/v2\/types\/post"}],"author":[{"embeddable":true,"href":"https:\/\/www.suno.com.br\/noticias\/wp-json\/wp\/v2\/users\/102"}],"replies":[{"embeddable":true,"href":"https:\/\/www.suno.com.br\/noticias\/wp-json\/wp\/v2\/comments?post=225344"}],"version-history":[{"count":4,"href":"https:\/\/www.suno.com.br\/noticias\/wp-json\/wp\/v2\/posts\/225344\/revisions"}],"predecessor-version":[{"id":226615,"href":"https:\/\/www.suno.com.br\/noticias\/wp-json\/wp\/v2\/posts\/225344\/revisions\/226615"}],"wp:featuredmedia":[{"embeddable":true,"href":"https:\/\/www.suno.com.br\/noticias\/wp-json\/wp\/v2\/media\/225460"}],"wp:attachment":[{"href":"https:\/\/www.suno.com.br\/noticias\/wp-json\/wp\/v2\/media?parent=225344"}],"wp:term":[{"taxonomy":"category","embeddable":true,"href":"https:\/\/www.suno.com.br\/noticias\/wp-json\/wp\/v2\/categories?post=225344"},{"taxonomy":"post_tag","embeddable":true,"href":"https:\/\/www.suno.com.br\/noticias\/wp-json\/wp\/v2\/tags?post=225344"},{"taxonomy":"suno_strategy","embeddable":true,"href":"https:\/\/www.suno.com.br\/noticias\/wp-json\/wp\/v2\/suno_strategy?post=225344"}],"curies":[{"name":"wp","href":"https:\/\/api.w.org\/{rel}","templated":true}]}}