{"id":22522,"date":"2019-04-26T19:39:50","date_gmt":"2019-04-26T22:39:50","guid":{"rendered":"https:\/\/www.suno.com.br\/noticias\/?p=22522"},"modified":"2021-02-17T22:49:51","modified_gmt":"2021-02-18T01:49:51","slug":"banco-central-inadimplencia-juros","status":"publish","type":"post","link":"https:\/\/www.suno.com.br\/noticias\/banco-central-inadimplencia-juros\/","title":{"rendered":"Presidente do Banco Central: juro altos s\u00e3o causados pela inadimpl\u00eancia"},"content":{"rendered":"<p>Segundo o presidente do <a href=\"https:\/\/www.suno.com.br\/artigos\/bacen\/\">Banco Central (BC)<\/a> os juros elevados cobrados nas opera\u00e7\u00f5es de cr\u00e9dito no <strong>Brasil<\/strong> s\u00e3o causados pelas dificuldades de recupera\u00e7\u00e3o de cr\u00e9dito no Pa\u00eds. Para\u00a0<strong>Roberto Campos Neto,<\/strong> \u00e9 necess\u00e1rio mudar esse cen\u00e1rio para reverter essa taxa de juros t\u00e3o alta.<\/p>\t<div class=\"wrapper-featured-image\">\n\t\t<figure class=\"spotlightImg\">\n\n\t\t\t<picture>\n\t\t\t\t<source media=\"(max-width: 768px)\" srcset=\"https:\/\/files.sunoresearch.com.br\/n\/uploads\/2019\/03\/62214367-roberto-campos-neto-400x200.webp\">\n\t\t\t\t<img loading=\"lazy\" decoding=\"async\" class=\"newsContent__article__imgCapa lazyloadDisabled newsContent__article__imgCapa--noCaption\" src=\"https:\/\/files.sunoresearch.com.br\/n\/uploads\/2019\/03\/62214367-roberto-campos-neto-800x450.webp\" width=\"800\" height=\"450\" alt=\"Presidente do Banco Central: juro altos s\u00e3o causados pela inadimpl\u00eancia\" fetchpriority=high \/>\n\t\t\t<\/picture>\n\n\t\t\t<figcaption class=\"wp-caption-text wp-caption-text--hide\">Roberto Campos Neto \u00e9 eleito melhor banqueiro central de 2020 pela Banker<\/figcaption>\n\t\t<\/figure>\n\t<\/div>\n\n\n<p>O presidente do <strong>Banco Central<\/strong> discursou nesta sexta-feira (26) durante um evento da <strong>Bolsa de Valores (B3)<\/strong> realizado em parceria com a consultoria de risco pol\u00edtico Eurasia em <strong>S\u00e3o Paulo. Campos Neto<\/strong> fez uma compara\u00e7\u00e3o entre dados de cr\u00e9dito do Brasil e de outros pa\u00edses emergentes (excluindo Argentina e Turquia), demonstrando uma certa semelhan\u00e7a. Nesses casos, por exemplo, o\u00a0juro b\u00e1sico m\u00e9dio seria de 5,4%, contra os 6,5% cobrados no Brasil, enquanto a inadimpl\u00eancia seria, respectivamente, de 2,7% e 2,9%.<\/p>\n<p><a href=\"https:\/\/www.suno.com.br\/noticias\/banco-central-credito-bancario-cresce\/\">Saiba mais: Banco Central: Cr\u00e9dito banc\u00e1rio registra crescimento de 0,7% em mar\u00e7o\u00a0<\/a><\/p>\n<p>Entretanto, para o presidente do <strong>Banco Central,<\/strong> o que mudaria seria o tempo de recupera\u00e7\u00e3o de cr\u00e9dito, assim como a porcentagem de cr\u00e9ditos recuperados. Em outros pa\u00edses emergentes, cerca de 62% dos cr\u00e9ditos s\u00e3o recuperados, e o prazo m\u00e9dio \u00e9 de 1,7 ano. Ao contr\u00e1rio, no Brasil somente 13% dos cr\u00e9ditos s\u00e3o recuperados, e o prazo \u00e9 de quatro anos.<\/p>\n\n<p>\u201cExistem segmentos que gastam mais por recupera\u00e7\u00e3o do que recuperam\u201d, explicou <strong>Roberto Campos Neto,<\/strong> &#8220;Grande parte do problema \u00e9 que a recupera\u00e7\u00e3o \u00e9 judicial\u201d. Segundo o presidente do BC,\u00a0o recente aumento da diferen\u00e7a de custo de capta\u00e7\u00e3o banc\u00e1ria e a taxa de juros cobrada dos clientes (spread), mesmo com a estabilidade da taxa Selic, seria provocado pelas dificuldades de recupera\u00e7\u00e3o.<\/p>\n<p>Para Campos Neto, a Justi\u00e7a brasileira tamb\u00e9m dificultaria a recupera\u00e7\u00e3o dos valores. Al\u00e9m disso, existiriam\u00a0outras dificuldades de avalia\u00e7\u00e3o de risco, como por exemplo a assimetria de informa\u00e7\u00e3o. Uma situa\u00e7\u00e3o que, segundo ele, estaria sendo resolvida por exemplo atrav\u00e9s da cria\u00e7\u00e3o do cadastro positivo.<\/p>\n\t<p>\n\t\t<a href=\"https:\/\/lp.suno.com.br\/asset\/suno-fundo-de-fundos-snff11\/\" target=\"_blank\" data-element=\"shortcode-suno-banner\" title=\"Banner SUNO, clique e saiba mais\">\n\t\t\t<picture>\n\t\t\t\t<source media=\"(max-width: 500px)\" srcset=\"https:\/\/files.sunoresearch.com.br\/n\/uploads\/2024\/01\/400x300-Mobile-Artigos-3-SNFF-AO.png\">\n\t\t\t\t<img class=\"newsContent__article__imgCapa newsContent__article__imgCapa--banner\"\n\t\t\t\t\tsrc=\"https:\/\/files.sunoresearch.com.br\/n\/uploads\/2024\/01\/1420x240-Banner-Artigos-1-_-Banner-Materias-1-SNFF-AO.png\"\n\t\t\t\t\tdata-promo-id=\"364418\"\t\t\t\t\t\t\t\t\t\twidth='1420' height='240'\t\t\t\t\talt=\"https:\/\/files.sunoresearch.com.br\/n\/uploads\/2024\/01\/1420x240-Banner-Artigos-1-_-Banner-Materias-1-SNFF-AO.png\"\n\t\t\t\t>\n\t\t\t<\/picture>\n\t\t<\/a>\n\t<\/p>\n\n\n<p>Outra medida, tomada pelo Banco Central e citada pelo seu presidente, seria o open banking. As diretrizes iniciais dessa medida foram publicadas na \u00faltima quarta-feira (24). Entretanto, o Campos Neto descartou tomar algumas medidas pedidas pelos bancos, como por exemplo a redu\u00e7\u00e3o do compuls\u00f3rio.<\/p>\n<p><a href=\"https:\/\/www.suno.com.br\/noticias\/instrumentos-intervir-dolar-banco-central\/\">Saiba mais: Diretor do Banco Central aponta 3 poss\u00edveis interven\u00e7\u00f5es para o d\u00f3lar\u00a0<\/a><\/p>\n<p>Segundo o presidente do <strong>Banco Central,<\/strong> a queda dos juros oferecidos ao consumidor foi mais modesta do que se esperava. Para Campos Neto, o spread alto \u201cpolui o canal de transmiss\u00e3o da pol\u00edtica monet\u00e1ria entre o juro e o dinheiro na conta\u201d.<\/p>\n<h2>Autonomia do Banco Central<\/h2>\n\t<p>\n\t\t<a href=\"https:\/\/lp.statusinvest.com.br\/ao\/assessoria-status-invest\/\" target=\"_blank\" data-element=\"shortcode-suno-banner\" title=\"Banner SUNO, clique e saiba mais\">\n\t\t\t<picture>\n\t\t\t\t<source media=\"(max-width: 500px)\" srcset=\"https:\/\/files.sunoresearch.com.br\/n\/uploads\/2024\/03\/400x300-Mobile.png\">\n\t\t\t\t<img class=\"newsContent__article__imgCapa newsContent__article__imgCapa--banner\"\n\t\t\t\t\tsrc=\"https:\/\/files.sunoresearch.com.br\/n\/uploads\/2024\/03\/1420x240-Desktop.png\"\n\t\t\t\t\tdata-promo-id=\"537248\"\t\t\t\t\t\t\t\t\t\twidth='1400' height='240'\t\t\t\t\talt=\"https:\/\/files.sunoresearch.com.br\/n\/uploads\/2024\/03\/1420x240-Desktop.png\"\n\t\t\t\t>\n\t\t\t<\/picture>\n\t\t<\/a>\n\t<\/p>\n\n\n<p>Em \u00faltimo, o presidente do <strong>Banco Central<\/strong> defendeu a independ\u00eancia da autoridade monet\u00e1ria como uma forma ulterior de reduzir a\u00a0taxa de juros de forma sustentada. O projeto de lei que prev\u00ea a independ\u00eancia do BC atualmente tramita no <strong>Congresso Nacional.<\/strong><\/p>\n<p><a href=\"https:\/\/www.suno.com.br\/noticias\/banco-central-sistema-meios-instantaneo\/\">Saiba mais: Banco Central lan\u00e7ar\u00e1 sistema de meios de pagamento instant\u00e2neo em 2020\u00a0<\/a><\/p>\n<p>Segundo <strong>Campos Neto,<\/strong> \u00e9 importante formular pol\u00edticas em parceria com o <strong>Congresso.<\/strong> Para ele, a agenda da do <strong>Banco Central<\/strong> que depende do Legislativo tem pouca resist\u00eancia entre os parlamentares. Isso por ser uma agenda inclusiva.<\/p>\n","protected":false},"excerpt":{"rendered":"<p>Segundo o presidente do Banco Central (BC) os juros elevados cobrados nas opera\u00e7\u00f5es de cr\u00e9dito no Brasil s\u00e3o causados pelas dificuldades de recupera\u00e7\u00e3o de cr\u00e9dito no Pa\u00eds. Para\u00a0Roberto Campos Neto, \u00e9 necess\u00e1rio mudar esse cen\u00e1rio para reverter essa taxa de juros t\u00e3o alta. Roberto Campos Neto \u00e9 eleito melhor banqueiro central de 2020 pela Banker [&hellip;]<\/p>\n","protected":false},"author":9,"featured_media":19353,"comment_status":"closed","ping_status":"closed","sticky":false,"template":"","format":"standard","meta":[],"categories":[62],"tags":[1842],"suno_strategy":[],"class_list":["post-22522","post","type-post","status-publish","format-standard","has-post-thumbnail","hentry","category-economia","tag-banco-central-bc"],"yoast_head":"<!-- This site is optimized with the Yoast SEO plugin v24.4 - https:\/\/yoast.com\/wordpress\/plugins\/seo\/ -->\n<title>Presidente do Banco Central: juro altos s\u00e3o causados pela inadimpl\u00eancia<\/title>\n<meta name=\"description\" content=\"Para o presidente do Banco Central os juros elevados s\u00e3o causados pelas dificuldades de recupera\u00e7\u00e3o de cr\u00e9dito. Clique aqui para saber mais.\" \/>\n<meta name=\"robots\" content=\"index, follow, max-snippet:-1, max-image-preview:large, max-video-preview:-1\" \/>\n<link rel=\"canonical\" href=\"https:\/\/www.suno.com.br\/noticias\/banco-central-inadimplencia-juros\/\" \/>\n<meta property=\"og:locale\" content=\"pt_BR\" \/>\n<meta property=\"og:type\" content=\"article\" \/>\n<meta property=\"og:title\" content=\"Presidente do Banco Central: juro altos s\u00e3o causados pela inadimpl\u00eancia\" \/>\n<meta property=\"og:description\" content=\"Para o presidente do Banco Central os juros elevados s\u00e3o causados pelas dificuldades de recupera\u00e7\u00e3o de cr\u00e9dito. Clique aqui para saber mais.\" \/>\n<meta property=\"og:url\" content=\"https:\/\/www.suno.com.br\/noticias\/banco-central-inadimplencia-juros\/\" \/>\n<meta property=\"og:site_name\" content=\"Suno Not\u00edcias\" \/>\n<meta property=\"article:publisher\" content=\"https:\/\/facebook.com\/sunoresearch\" \/>\n<meta property=\"og:image\" content=\"https:\/\/files.sunoresearch.com.br\/n\/uploads\/2019\/03\/62214367-roberto-campos-neto.jpg\" \/>\n\t<meta property=\"og:image:width\" content=\"1140\" \/>\n\t<meta property=\"og:image:height\" content=\"760\" \/>\n\t<meta property=\"og:image:type\" content=\"image\/jpeg\" \/>\n<meta name=\"author\" content=\"Carlo Cauti\" \/>\n<meta name=\"twitter:card\" content=\"summary_large_image\" \/>\n<meta name=\"twitter:creator\" content=\"@sunoresearch\" \/>\n<meta name=\"twitter:site\" content=\"@sunoresearch\" \/>\n<meta name=\"twitter:label1\" content=\"Escrito por\" \/>\n\t<meta name=\"twitter:data1\" content=\"Carlo Cauti\" \/>\n\t<meta name=\"twitter:label2\" content=\"Est. tempo de leitura\" \/>\n\t<meta name=\"twitter:data2\" content=\"3 minutos\" \/>\n<script type=\"application\/ld+json\" class=\"yoast-schema-graph\">{\"@context\":\"https:\/\/schema.org\",\"@graph\":[{\"@type\":\"NewsArticle\",\"@id\":\"https:\/\/www.suno.com.br\/noticias\/banco-central-inadimplencia-juros\/#article\",\"isPartOf\":{\"@id\":\"https:\/\/www.suno.com.br\/noticias\/banco-central-inadimplencia-juros\/\"},\"author\":{\"name\":\"Carlo Cauti\",\"@id\":\"https:\/\/www.suno.com.br\/noticias\/#\/schema\/person\/e6e0f723cc177805027f4566c1d5e0c8\"},\"headline\":\"Presidente do Banco Central: juro altos s\u00e3o causados pela inadimpl\u00eancia\",\"datePublished\":\"2019-04-26T22:39:50+00:00\",\"dateModified\":\"2021-02-18T01:49:51+00:00\",\"mainEntityOfPage\":{\"@id\":\"https:\/\/www.suno.com.br\/noticias\/banco-central-inadimplencia-juros\/\"},\"wordCount\":557,\"publisher\":{\"@id\":\"https:\/\/www.suno.com.br\/noticias\/#organization\"},\"image\":{\"@id\":\"https:\/\/www.suno.com.br\/noticias\/banco-central-inadimplencia-juros\/#primaryimage\"},\"thumbnailUrl\":\"https:\/\/files.sunoresearch.com.br\/n\/uploads\/2019\/03\/62214367-roberto-campos-neto-jpg.webp\",\"keywords\":[\"Banco Central (BC)\"],\"articleSection\":[\"Economia\"],\"inLanguage\":\"pt-BR\"},{\"@type\":\"WebPage\",\"@id\":\"https:\/\/www.suno.com.br\/noticias\/banco-central-inadimplencia-juros\/\",\"url\":\"https:\/\/www.suno.com.br\/noticias\/banco-central-inadimplencia-juros\/\",\"name\":\"Presidente do Banco Central: juro altos s\u00e3o causados pela inadimpl\u00eancia\",\"isPartOf\":{\"@id\":\"https:\/\/www.suno.com.br\/noticias\/#website\"},\"primaryImageOfPage\":{\"@id\":\"https:\/\/www.suno.com.br\/noticias\/banco-central-inadimplencia-juros\/#primaryimage\"},\"image\":{\"@id\":\"https:\/\/www.suno.com.br\/noticias\/banco-central-inadimplencia-juros\/#primaryimage\"},\"thumbnailUrl\":\"https:\/\/files.sunoresearch.com.br\/n\/uploads\/2019\/03\/62214367-roberto-campos-neto-jpg.webp\",\"datePublished\":\"2019-04-26T22:39:50+00:00\",\"dateModified\":\"2021-02-18T01:49:51+00:00\",\"description\":\"Para o presidente do Banco Central os juros elevados s\u00e3o causados pelas dificuldades de recupera\u00e7\u00e3o de cr\u00e9dito. Clique aqui para saber mais.\",\"breadcrumb\":{\"@id\":\"https:\/\/www.suno.com.br\/noticias\/banco-central-inadimplencia-juros\/#breadcrumb\"},\"inLanguage\":\"pt-BR\",\"potentialAction\":[{\"@type\":\"ReadAction\",\"target\":[\"https:\/\/www.suno.com.br\/noticias\/banco-central-inadimplencia-juros\/\"]}]},{\"@type\":\"ImageObject\",\"inLanguage\":\"pt-BR\",\"@id\":\"https:\/\/www.suno.com.br\/noticias\/banco-central-inadimplencia-juros\/#primaryimage\",\"url\":\"https:\/\/files.sunoresearch.com.br\/n\/uploads\/2019\/03\/62214367-roberto-campos-neto-jpg.webp\",\"contentUrl\":\"https:\/\/files.sunoresearch.com.br\/n\/uploads\/2019\/03\/62214367-roberto-campos-neto-jpg.webp\",\"width\":1140,\"height\":760,\"caption\":\"Roberto Campos Neto \u00e9 eleito melhor banqueiro central de 2020 pela Banker\"},{\"@type\":\"BreadcrumbList\",\"@id\":\"https:\/\/www.suno.com.br\/noticias\/banco-central-inadimplencia-juros\/#breadcrumb\",\"itemListElement\":[{\"@type\":\"ListItem\",\"position\":1,\"name\":\"Not\u00edcias\",\"item\":\"https:\/\/www.suno.com.br\/noticias\/\"},{\"@type\":\"ListItem\",\"position\":2,\"name\":\"Economia\",\"item\":\"https:\/\/www.suno.com.br\/noticias\/economia\/\"},{\"@type\":\"ListItem\",\"position\":3,\"name\":\"Presidente do Banco Central: juro altos s\u00e3o causados pela inadimpl\u00eancia\"}]},{\"@type\":\"WebSite\",\"@id\":\"https:\/\/www.suno.com.br\/noticias\/#website\",\"url\":\"https:\/\/www.suno.com.br\/noticias\/\",\"name\":\"Suno Not\u00edcias\",\"description\":\"Seu portal de informa\u00e7\u00e3o sobre o mundo dos investimentos\",\"publisher\":{\"@id\":\"https:\/\/www.suno.com.br\/noticias\/#organization\"},\"potentialAction\":[{\"@type\":\"SearchAction\",\"target\":{\"@type\":\"EntryPoint\",\"urlTemplate\":\"https:\/\/www.suno.com.br\/noticias\/?s={search_term_string}\"},\"query-input\":{\"@type\":\"PropertyValueSpecification\",\"valueRequired\":true,\"valueName\":\"search_term_string\"}}],\"inLanguage\":\"pt-BR\"},{\"@type\":\"Organization\",\"@id\":\"https:\/\/www.suno.com.br\/noticias\/#organization\",\"name\":\"Suno Not\u00edcias\",\"url\":\"https:\/\/www.suno.com.br\/noticias\/\",\"logo\":{\"@type\":\"ImageObject\",\"inLanguage\":\"pt-BR\",\"@id\":\"https:\/\/www.suno.com.br\/noticias\/#\/schema\/logo\/image\/\",\"url\":\"https:\/\/files.sunoresearch.com.br\/n\/uploads\/2021\/09\/suno-logo.png\",\"contentUrl\":\"https:\/\/files.sunoresearch.com.br\/n\/uploads\/2021\/09\/suno-logo.png\",\"width\":180,\"height\":180,\"caption\":\"Suno Not\u00edcias\"},\"image\":{\"@id\":\"https:\/\/www.suno.com.br\/noticias\/#\/schema\/logo\/image\/\"},\"sameAs\":[\"https:\/\/facebook.com\/sunoresearch\",\"https:\/\/x.com\/sunoresearch\",\"https:\/\/www.instagram.com\/suno\",\"https:\/\/www.linkedin.com\/company\/suno-research\/\",\"https:\/\/www.youtube.com\/c\/sunoresearch\"]},{\"@type\":\"Person\",\"@id\":\"https:\/\/www.suno.com.br\/noticias\/#\/schema\/person\/e6e0f723cc177805027f4566c1d5e0c8\",\"name\":\"Carlo Cauti\",\"image\":{\"@type\":\"ImageObject\",\"inLanguage\":\"pt-BR\",\"@id\":\"https:\/\/www.suno.com.br\/noticias\/#\/schema\/person\/image\/\",\"url\":\"https:\/\/secure.gravatar.com\/avatar\/3ada9e0bd164c23abd4792a9606d583c?s=96&r=g\",\"contentUrl\":\"https:\/\/secure.gravatar.com\/avatar\/3ada9e0bd164c23abd4792a9606d583c?s=96&r=g\",\"caption\":\"Carlo Cauti\"},\"description\":\"Editor multim\u00eddia do SUNO Not\u00edcias. Italiano, formado em Ci\u00eancias Pol\u00edticas pela universidade LUISS G. Carli de Roma e mestre cum laude em Rela\u00e7\u00f5es Internacionais, Jornalismo Internacional e de Guerra e em Economia Internacional. Concluiu tamb\u00e9m um MBA em Finan\u00e7as na B3. No Brasil, teve passagem por ve\u00edculos como Estad\u00e3o, Globo, Veja e EXAME. e nas ag\u00eancias de not\u00edcias italianas ANSA e NOVA.\",\"url\":\"https:\/\/www.suno.com.br\/noticias\/author\/carlo-cauti\/\"}]}<\/script>\n<!-- \/ Yoast SEO plugin. -->","yoast_head_json":{"title":"Presidente do Banco Central: juro altos s\u00e3o causados pela inadimpl\u00eancia","description":"Para o presidente do Banco Central os juros elevados s\u00e3o causados pelas dificuldades de recupera\u00e7\u00e3o de cr\u00e9dito. Clique aqui para saber mais.","robots":{"index":"index","follow":"follow","max-snippet":"max-snippet:-1","max-image-preview":"max-image-preview:large","max-video-preview":"max-video-preview:-1"},"canonical":"https:\/\/www.suno.com.br\/noticias\/banco-central-inadimplencia-juros\/","og_locale":"pt_BR","og_type":"article","og_title":"Presidente do Banco Central: juro altos s\u00e3o causados pela inadimpl\u00eancia","og_description":"Para o presidente do Banco Central os juros elevados s\u00e3o causados pelas dificuldades de recupera\u00e7\u00e3o de cr\u00e9dito. Clique aqui para saber mais.","og_url":"https:\/\/www.suno.com.br\/noticias\/banco-central-inadimplencia-juros\/","og_site_name":"Suno Not\u00edcias","article_publisher":"https:\/\/facebook.com\/sunoresearch","og_image":[{"width":1140,"height":760,"url":"https:\/\/files.sunoresearch.com.br\/n\/uploads\/2019\/03\/62214367-roberto-campos-neto.jpg","type":"image\/jpeg"}],"author":"Carlo Cauti","twitter_card":"summary_large_image","twitter_creator":"@sunoresearch","twitter_site":"@sunoresearch","twitter_misc":{"Escrito por":"Carlo Cauti","Est. tempo de leitura":"3 minutos"},"schema":{"@context":"https:\/\/schema.org","@graph":[{"@type":"NewsArticle","@id":"https:\/\/www.suno.com.br\/noticias\/banco-central-inadimplencia-juros\/#article","isPartOf":{"@id":"https:\/\/www.suno.com.br\/noticias\/banco-central-inadimplencia-juros\/"},"author":{"name":"Carlo Cauti","@id":"https:\/\/www.suno.com.br\/noticias\/#\/schema\/person\/e6e0f723cc177805027f4566c1d5e0c8"},"headline":"Presidente do Banco Central: juro altos s\u00e3o causados pela inadimpl\u00eancia","datePublished":"2019-04-26T22:39:50+00:00","dateModified":"2021-02-18T01:49:51+00:00","mainEntityOfPage":{"@id":"https:\/\/www.suno.com.br\/noticias\/banco-central-inadimplencia-juros\/"},"wordCount":557,"publisher":{"@id":"https:\/\/www.suno.com.br\/noticias\/#organization"},"image":{"@id":"https:\/\/www.suno.com.br\/noticias\/banco-central-inadimplencia-juros\/#primaryimage"},"thumbnailUrl":"https:\/\/files.sunoresearch.com.br\/n\/uploads\/2019\/03\/62214367-roberto-campos-neto-jpg.webp","keywords":["Banco Central (BC)"],"articleSection":["Economia"],"inLanguage":"pt-BR"},{"@type":"WebPage","@id":"https:\/\/www.suno.com.br\/noticias\/banco-central-inadimplencia-juros\/","url":"https:\/\/www.suno.com.br\/noticias\/banco-central-inadimplencia-juros\/","name":"Presidente do Banco Central: juro altos s\u00e3o causados pela inadimpl\u00eancia","isPartOf":{"@id":"https:\/\/www.suno.com.br\/noticias\/#website"},"primaryImageOfPage":{"@id":"https:\/\/www.suno.com.br\/noticias\/banco-central-inadimplencia-juros\/#primaryimage"},"image":{"@id":"https:\/\/www.suno.com.br\/noticias\/banco-central-inadimplencia-juros\/#primaryimage"},"thumbnailUrl":"https:\/\/files.sunoresearch.com.br\/n\/uploads\/2019\/03\/62214367-roberto-campos-neto-jpg.webp","datePublished":"2019-04-26T22:39:50+00:00","dateModified":"2021-02-18T01:49:51+00:00","description":"Para o presidente do Banco Central os juros elevados s\u00e3o causados pelas dificuldades de recupera\u00e7\u00e3o de cr\u00e9dito. Clique aqui para saber mais.","breadcrumb":{"@id":"https:\/\/www.suno.com.br\/noticias\/banco-central-inadimplencia-juros\/#breadcrumb"},"inLanguage":"pt-BR","potentialAction":[{"@type":"ReadAction","target":["https:\/\/www.suno.com.br\/noticias\/banco-central-inadimplencia-juros\/"]}]},{"@type":"ImageObject","inLanguage":"pt-BR","@id":"https:\/\/www.suno.com.br\/noticias\/banco-central-inadimplencia-juros\/#primaryimage","url":"https:\/\/files.sunoresearch.com.br\/n\/uploads\/2019\/03\/62214367-roberto-campos-neto-jpg.webp","contentUrl":"https:\/\/files.sunoresearch.com.br\/n\/uploads\/2019\/03\/62214367-roberto-campos-neto-jpg.webp","width":1140,"height":760,"caption":"Roberto Campos Neto \u00e9 eleito melhor banqueiro central de 2020 pela Banker"},{"@type":"BreadcrumbList","@id":"https:\/\/www.suno.com.br\/noticias\/banco-central-inadimplencia-juros\/#breadcrumb","itemListElement":[{"@type":"ListItem","position":1,"name":"Not\u00edcias","item":"https:\/\/www.suno.com.br\/noticias\/"},{"@type":"ListItem","position":2,"name":"Economia","item":"https:\/\/www.suno.com.br\/noticias\/economia\/"},{"@type":"ListItem","position":3,"name":"Presidente do Banco Central: juro altos s\u00e3o causados pela inadimpl\u00eancia"}]},{"@type":"WebSite","@id":"https:\/\/www.suno.com.br\/noticias\/#website","url":"https:\/\/www.suno.com.br\/noticias\/","name":"Suno Not\u00edcias","description":"Seu portal de informa\u00e7\u00e3o sobre o mundo dos investimentos","publisher":{"@id":"https:\/\/www.suno.com.br\/noticias\/#organization"},"potentialAction":[{"@type":"SearchAction","target":{"@type":"EntryPoint","urlTemplate":"https:\/\/www.suno.com.br\/noticias\/?s={search_term_string}"},"query-input":{"@type":"PropertyValueSpecification","valueRequired":true,"valueName":"search_term_string"}}],"inLanguage":"pt-BR"},{"@type":"Organization","@id":"https:\/\/www.suno.com.br\/noticias\/#organization","name":"Suno Not\u00edcias","url":"https:\/\/www.suno.com.br\/noticias\/","logo":{"@type":"ImageObject","inLanguage":"pt-BR","@id":"https:\/\/www.suno.com.br\/noticias\/#\/schema\/logo\/image\/","url":"https:\/\/files.sunoresearch.com.br\/n\/uploads\/2021\/09\/suno-logo.png","contentUrl":"https:\/\/files.sunoresearch.com.br\/n\/uploads\/2021\/09\/suno-logo.png","width":180,"height":180,"caption":"Suno Not\u00edcias"},"image":{"@id":"https:\/\/www.suno.com.br\/noticias\/#\/schema\/logo\/image\/"},"sameAs":["https:\/\/facebook.com\/sunoresearch","https:\/\/x.com\/sunoresearch","https:\/\/www.instagram.com\/suno","https:\/\/www.linkedin.com\/company\/suno-research\/","https:\/\/www.youtube.com\/c\/sunoresearch"]},{"@type":"Person","@id":"https:\/\/www.suno.com.br\/noticias\/#\/schema\/person\/e6e0f723cc177805027f4566c1d5e0c8","name":"Carlo Cauti","image":{"@type":"ImageObject","inLanguage":"pt-BR","@id":"https:\/\/www.suno.com.br\/noticias\/#\/schema\/person\/image\/","url":"https:\/\/secure.gravatar.com\/avatar\/3ada9e0bd164c23abd4792a9606d583c?s=96&r=g","contentUrl":"https:\/\/secure.gravatar.com\/avatar\/3ada9e0bd164c23abd4792a9606d583c?s=96&r=g","caption":"Carlo Cauti"},"description":"Editor multim\u00eddia do SUNO Not\u00edcias. Italiano, formado em Ci\u00eancias Pol\u00edticas pela universidade LUISS G. Carli de Roma e mestre cum laude em Rela\u00e7\u00f5es Internacionais, Jornalismo Internacional e de Guerra e em Economia Internacional. Concluiu tamb\u00e9m um MBA em Finan\u00e7as na B3. No Brasil, teve passagem por ve\u00edculos como Estad\u00e3o, Globo, Veja e EXAME. e nas ag\u00eancias de not\u00edcias italianas ANSA e NOVA.","url":"https:\/\/www.suno.com.br\/noticias\/author\/carlo-cauti\/"}]}},"default_loop_html":"<div class=\"cardsPage__listCard__boxs\"><div class=\"cardsPage__listCard__boxs__img\"><a href=\"https:\/\/www.suno.com.br\/noticias\/banco-central-inadimplencia-juros\/\"><img class=\"mask\" src=\"https:\/\/www.suno.com.br\/noticias\/wp-content\/themes\/suno\/resources\/images\/spotlight\/spotlight1img\/bg-mask.png\" alt=\"Image Mask\"\/><img src=\"https:\/\/files.sunoresearch.com.br\/n\/uploads\/2019\/03\/62214367-roberto-campos-neto-400x200.webp\" alt=\"Presidente do Banco Central: juro altos s\u00e3o causados pela inadimpl\u00eancia\"\/><\/a><span class=\"spotlightCategory\"><a href=\"https:\/\/www.suno.com.br\/noticias\/economia\/\">Economia<\/a><\/span><\/div><div class=\"cardsPage__listCard__boxs__content\"><a href=\"https:\/\/www.suno.com.br\/noticias\/banco-central-inadimplencia-juros\/\"><h2 class=\"content__title\">Presidente do Banco Central: juro altos s\u00e3o causados pela inadimpl\u00eancia<\/h2><\/a><div class=\"newsContent__article__meta\"><div class=\"newsContent__article__meta__authorBox\"><a href=\"https:\/\/www.suno.com.br\/noticias\/author\/carlo-cauti\/\" class=\"authorBox__avatar noMobi\"><img src=\"https:\/\/files.sunoresearch.com.br\/n\/uploads\/2020\/08\/e3745f9a-perfil-carlo-cauti-150x150.webp\" alt=\"Carlo Cauti\"><\/a><div class=\"authorBox__name\"><span>por\n\t\t\t<a href=\"https:\/\/www.suno.com.br\/noticias\/author\/carlo-cauti\/\"><span itemprop=\"author\">Carlo Cauti<\/span><\/a><\/span><time datetime=\"2019-04-26T19:39:50-03:00\" itemprop=\"datePublished\">26\/04\/2019 19:39<\/time><\/div><\/div><\/div><\/div><\/div>","single_layout":"posts","amp_enabled":true,"_links":{"self":[{"href":"https:\/\/www.suno.com.br\/noticias\/wp-json\/wp\/v2\/posts\/22522"}],"collection":[{"href":"https:\/\/www.suno.com.br\/noticias\/wp-json\/wp\/v2\/posts"}],"about":[{"href":"https:\/\/www.suno.com.br\/noticias\/wp-json\/wp\/v2\/types\/post"}],"author":[{"embeddable":true,"href":"https:\/\/www.suno.com.br\/noticias\/wp-json\/wp\/v2\/users\/9"}],"replies":[{"embeddable":true,"href":"https:\/\/www.suno.com.br\/noticias\/wp-json\/wp\/v2\/comments?post=22522"}],"version-history":[{"count":0,"href":"https:\/\/www.suno.com.br\/noticias\/wp-json\/wp\/v2\/posts\/22522\/revisions"}],"wp:featuredmedia":[{"embeddable":true,"href":"https:\/\/www.suno.com.br\/noticias\/wp-json\/wp\/v2\/media\/19353"}],"wp:attachment":[{"href":"https:\/\/www.suno.com.br\/noticias\/wp-json\/wp\/v2\/media?parent=22522"}],"wp:term":[{"taxonomy":"category","embeddable":true,"href":"https:\/\/www.suno.com.br\/noticias\/wp-json\/wp\/v2\/categories?post=22522"},{"taxonomy":"post_tag","embeddable":true,"href":"https:\/\/www.suno.com.br\/noticias\/wp-json\/wp\/v2\/tags?post=22522"},{"taxonomy":"suno_strategy","embeddable":true,"href":"https:\/\/www.suno.com.br\/noticias\/wp-json\/wp\/v2\/suno_strategy?post=22522"}],"curies":[{"name":"wp","href":"https:\/\/api.w.org\/{rel}","templated":true}]}}