{"id":225162,"date":"2022-01-24T21:27:06","date_gmt":"2022-01-25T00:27:06","guid":{"rendered":"https:\/\/www.suno.com.br\/noticias\/?p=225162"},"modified":"2022-01-24T21:27:06","modified_gmt":"2022-01-25T00:27:06","slug":"radar-gol-goll4-ipo-corsan-aliansce-also3-br-malls-brml3","status":"publish","type":"post","link":"https:\/\/www.suno.com.br\/noticias\/radar-gol-goll4-ipo-corsan-aliansce-also3-br-malls-brml3\/","title":{"rendered":"Radar: Gol (GOLL4) fecha financiamento bilion\u00e1rio, IPO da Corsan \u00e9 adiado, acionista da Aliansce (ALSO3) amplia participa\u00e7\u00e3o na BR Malls (BRML3)"},"content":{"rendered":"<p>A\u00a0<a href=\"https:\/\/www.suno.com.br\/acoes\/goll4\/\" target=\"_blank\" rel=\"noopener\"><strong>Gol<\/strong>\u00a0(GOLL4)<\/a> fechou um financiamento de at\u00e9 US$ 600 milh\u00f5es (R$ 3,29 bi) com a Castlelake LP para a aquisi\u00e7\u00e3o de novas aeronaves <a href=\"https:\/\/www.suno.com.br\/bdrs\/boei34\/\">Boeing (BOEI34)<\/a>\u00a0737 MAX 8,\u00a0<a href=\"https:\/\/www.rad.cvm.gov.br\/ENET\/frmExibirArquivoIPEExterno.aspx?NumeroProtocoloEntrega=935025\" target=\"_blank\" rel=\"noopener\">informa comunicado<\/a>\u00a0desta manh\u00e3 de segunda-feira (24).<\/p>\t<div class=\"wrapper-featured-image\">\n\t\t<figure class=\"spotlightImg\">\n\n\t\t\t<picture>\n\t\t\t\t<source media=\"(max-width: 768px)\" srcset=\"https:\/\/files.sunoresearch.com.br\/n\/uploads\/2021\/03\/572e196e-gol-5-400x200.webp\">\n\t\t\t\t<img loading=\"lazy\" decoding=\"async\" class=\"newsContent__article__imgCapa lazyloadDisabled \" src=\"https:\/\/files.sunoresearch.com.br\/n\/uploads\/2021\/03\/572e196e-gol-5-800x450.webp\" width=\"800\" height=\"450\" alt=\"Radar: Gol (GOLL4) fecha financiamento bilion\u00e1rio, IPO da Corsan \u00e9 adiado, acionista da Aliansce (ALSO3) amplia participa\u00e7\u00e3o na BR Malls (BRML3)\" fetchpriority=high \/>\n\t\t\t<\/picture>\n\n\t\t\t<figcaption class=\"wp-caption-text wp-caption-text--show\">Foto: Divulga\u00e7\u00e3o\/ Gol <\/figcaption>\n\t\t<\/figure>\n\t<\/div>\n\n\n\t<p>\n\t\t<a href=\"https:\/\/lp.suno.com.br\/planilha-controle-gastos\/\" target=\"_blank\" data-element=\"shortcode-suno-banner\" title=\"Banner SUNO, clique e saiba mais\">\n\t\t\t<picture>\n\t\t\t\t<source media=\"(max-width: 500px)\" srcset=\"https:\/\/files.sunoresearch.com.br\/n\/uploads\/2023\/03\/400x300-Planilha-controle-de-gastos.png\">\n\t\t\t\t<img class=\"newsContent__article__imgCapa newsContent__article__imgCapa--banner\"\n\t\t\t\t\tsrc=\"https:\/\/files.sunoresearch.com.br\/n\/uploads\/2023\/03\/1420x240-Planilha-controle-de-gastos.png\"\n\t\t\t\t\tdata-promo-id=\"101751\"\t\t\t\t\t\t\t\t\t\twidth='1420' height='240'\t\t\t\t\talt=\"https:\/\/files.sunoresearch.com.br\/n\/uploads\/2023\/03\/1420x240-Planilha-controle-de-gastos.png\"\n\t\t\t\t>\n\t\t\t<\/picture>\n\t\t<\/a>\n\t<\/p>\n\n\n<p>A transa\u00e7\u00e3o vai abranger 10 arrendamentos financeiros e 2 <em>sale-leasebacks<\/em>\u00a0(vender para locar de volta). Segundo o\u00a0<strong>CEO da Gol<\/strong>,\u00a0<strong>Paulo Kakinoff<\/strong>, o financiamento das aeronaves Boeing 737 MAX marca o in\u00edcio de um novo ciclo de cria\u00e7\u00e3o de valor na frota da a\u00e9rea.<\/p>\n<p>\u201cCom condi\u00e7\u00f5es favor\u00e1veis de mercado para novas<strong>\u00a0aeronaves MAX<\/strong>\u00a0e nossa forte parceria com a Boeing, como um de seus maiores clientes, essas aeronaves fortalecem ainda mais a nossa posi\u00e7\u00e3o de lideran\u00e7a no mercado\u201d, diz o executivo, em nota.<\/p>\n<p>A taxa de juros para os arrendamentos financeiros das aeronaves \u00e9 de aproximadamente 6% a.a., \u201co que representa uma redu\u00e7\u00e3o em rela\u00e7\u00e3o aos custos de arrendamentos operacionais das aeronaves atuais na frota\u201d, diz documento.<\/p>\n<p>J\u00e1 os recursos originados pela transa\u00e7\u00e3o cobrir\u00e3o 100% do custo de aquisi\u00e7\u00e3o das novas aeronaves e proveem recursos adicionais que ser\u00e3o direcionados para obriga\u00e7\u00f5es e custos de devolu\u00e7\u00e3o das antigas aeronaves 737 NG da Gol.<\/p>\n<p>A Gol espera devolver at\u00e9 18 aeronaves 737 NG em 2022, e um total de 34 aeronaves NG at\u00e9 o final de 2025, o que dever\u00e1 contribuir ainda mais com a redu\u00e7\u00e3o de custos unit\u00e1rios.<\/p>\n<p>A entrega dessas 12 aeronaves\u00a0<strong>Boeing 737 MAX<\/strong>\u00a0adicionais come\u00e7a em janeiro de 2022, informa do documento. No 3T21, a a\u00e9rea firmou contratos para 26 aeronaves adicionais MAX 8, e atualmente possui um total de 102 aeronaves Boeing 737 MAX a serem entregues.<\/p>\n<p>Al\u00e9m da Gol, veja as not\u00edcias que movimentaram o notici\u00e1rio nesta segunda:<\/p>\n\t<p>\n\t\t<a href=\"https:\/\/lp.suno.com.br\/planilha-da-vida-financeira\/\" target=\"_blank\" data-element=\"shortcode-suno-banner\" title=\"Banner SUNO, clique e saiba mais\">\n\t\t\t<picture>\n\t\t\t\t<source media=\"(max-width: 500px)\" srcset=\"https:\/\/files.sunoresearch.com.br\/n\/uploads\/2023\/04\/400x300-Planilha-vida-financeira-true.png\">\n\t\t\t\t<img class=\"newsContent__article__imgCapa newsContent__article__imgCapa--banner\"\n\t\t\t\t\tsrc=\"https:\/\/files.sunoresearch.com.br\/n\/uploads\/2023\/04\/1420x240-Planilha-vida-financeira-true.png\"\n\t\t\t\t\tdata-promo-id=\"106682\"\t\t\t\t\t\t\t\t\t\twidth='1420' height='240'\t\t\t\t\talt=\"https:\/\/files.sunoresearch.com.br\/n\/uploads\/2023\/04\/1420x240-Planilha-vida-financeira-true.png\"\n\t\t\t\t>\n\t\t\t<\/picture>\n\t\t<\/a>\n\t<\/p>\n\n\n<h2>Aposta de IPO neste in\u00edcio de 2022 sobe no telhado: Corsan adia a oferta, diz jornal<\/h2>\n<ul>\n<li>A\u00a0<strong>Companhia Riograndense de Saneamento (Corsan)<\/strong>\u00a0anunciou nesta segunda-feira (24) que vai adiar a\u00a0<a class=\"suno-keyword\" href=\"https:\/\/www.suno.com.br\/artigos\/ipo\/\" target=\"_blank\" rel=\"noopener\" data-force=\"no\" data-priority=\"2\">oferta p\u00fablica de a\u00e7\u00f5es (IPO)<\/a>.<\/li>\n<li>De acordo com fontes do\u00a0<em>Pipeline<\/em>, a empresa estava para fechar uma ancoragem com\u00a0<strong>Aegea<\/strong>\u00a0e\u00a0<strong>Perfin<\/strong>\u00a0e lan\u00e7aria o IPO hoje mesmo. Por\u00e9m, o timing do mercado e os termos de contrato foram decisivos para o governo do RS e, no fim, adiaram a privatiza\u00e7\u00e3o.<\/li>\n<li>O adiamento do<strong>\u00a0IPO da Corsan<\/strong>\u00a0j\u00e1 \u00e9 o quinto do m\u00eas, apesar de ter sido o que mais teve chances de acontecer nesta temporada. Com a bolsa de valores passando por per\u00edodo vol\u00e1til e o sentimento geral de\u00a0<a class=\"suno-keyword\" href=\"https:\/\/www.suno.com.br\/artigos\/aversao-ao-risco\/\" target=\"_blank\" rel=\"noopener\" data-force=\"no\" data-priority=\"1\">avers\u00e3o ao risco<\/a>\u00a0da renda vari\u00e1vel, todas as que anunciaram cancelamento ou que decidiram postergar a data devem aguardar outra janela.<\/li>\n<li>Os bancos coordenadores da oferta sseriam Morgan Stanley, Bank of America, Ita\u00fa BBA, Bradesco BBI, BTG Pactual, Safra e XP Investimentos.<\/li>\n<\/ul>\n<h2>Fundo acionista da Aliansce (ALSO3) aumenta participa\u00e7\u00e3o na BR Malls (BRML3)<\/h2>\n<ul>\n<li>A <a class=\"suno-keyword\" href=\"https:\/\/www.suno.com.br\/acoes\/BRML3\/\" target=\"_blank\" rel=\"noopener\" data-force=\"yes\" data-priority=\"2\">BR Malls (BRML3)<\/a>\u00a0anunciou nesta segunda-feira (24) que o fundo de pens\u00e3o canadense CPPIB, acionista integrante do bloco de controle da\u00a0<a class=\"suno-keyword\" href=\"https:\/\/www.suno.com.br\/acoes\/ALSO3\/\" target=\"_blank\" rel=\"noopener\" data-force=\"yes\" data-priority=\"2\">Aliansce Sonae (ALSO3)<\/a>\u00a0aumentou sua posi\u00e7\u00e3o na companhia de\u00a0<strong>capital<\/strong>\u00a0<strong>pulverizado<\/strong>, alcan\u00e7ando 5,76%.<\/li>\n<li>O fundo CPPIB \u00e9 o maior acionista operadora da Aliansce, com 23%.<\/li>\n<li>A BR Malls ressaltou, em outro comunicado, que a <strong>eleva\u00e7\u00e3o do capital<\/strong> da CPPIB n\u00e3o visa alterar o controle da companhia. No passado, o fundo j\u00e1 havia sido um acionista com parte maior da empresa, com quase 10% do capital. Mas h\u00e1 dois meses, a posi\u00e7\u00e3o era de 1%.<\/li>\n<li>Recentemente, a BR Malls recusou a proposta de fus\u00e3o da Aliansce Sonae (ALSO3), afirmando que a administradora de shopping diz que a decis\u00e3o foi un\u00e2nime por parte do\u00a0<a class=\"suno-keyword\" href=\"https:\/\/www.suno.com.br\/artigos\/conselho-administracao\/\" target=\"_blank\" rel=\"noopener\" data-force=\"no\" data-priority=\"1\">conselho de administra\u00e7\u00e3o<\/a> da companhia.<\/li>\n<li>A \u2018<strong>fus\u00e3o de iguais<\/strong>\u201d, como denominou a\u00a0<strong>Aliansce<\/strong>\u00a0em documento, propunha o pagamento dividido entre dinheiro e a\u00e7\u00f5es. Seriam R$ 1,35 bilh\u00e3o em dinheiro \u2013 montante correspondente a 20% do atual\u00a0<a class=\"suno-keyword\" href=\"https:\/\/www.suno.com.br\/artigos\/valor-de-mercado\/\" target=\"_blank\" rel=\"noopener\" data-force=\"no\" data-priority=\"1\">valor de mercado<\/a> da empresa. Com isso, os acionistas da companhia\u00a0receberiam cerca de R$ 1,6184 por a\u00e7\u00e3o BRML3, nos termos do acordo.<\/li>\n<li>Em seu\u00a0<a class=\"suno-keyword\" href=\"https:\/\/www.suno.com.br\/artigos\/fato-relevante\/\" target=\"_blank\" rel=\"noopener\" data-force=\"no\" data-priority=\"1\">fato relevante<\/a>, a BR Malls afirma que \u201ca referida proposta n\u00e3o atribui pagamento de pr\u00eamio em rela\u00e7\u00e3o ao pre\u00e7o de fechamento da a\u00e7\u00e3o em 13 de janeiro de 2022\u201d.<\/li>\n<\/ul>\n\t<p>\n\t\t<a href=\"https:\/\/lp.suno.com.br\/ebook-como-analisar-uma-acao\/\" target=\"_blank\" data-element=\"shortcode-suno-banner\" title=\"Banner SUNO, clique e saiba mais\">\n\t\t\t<picture>\n\t\t\t\t<source media=\"(max-width: 500px)\" srcset=\"https:\/\/files.sunoresearch.com.br\/n\/uploads\/2023\/03\/Ebook-Acoes-Mobile-1.jpg\">\n\t\t\t\t<img class=\"newsContent__article__imgCapa newsContent__article__imgCapa--banner\"\n\t\t\t\t\tsrc=\"https:\/\/files.sunoresearch.com.br\/n\/uploads\/2023\/03\/Ebook-Acoes-Desktop-1.jpg\"\n\t\t\t\t\tdata-promo-id=\"171998\"\t\t\t\t\t\t\t\t\t\twidth='1420' height='286'\t\t\t\t\talt=\"https:\/\/files.sunoresearch.com.br\/n\/uploads\/2023\/03\/Ebook-Acoes-Desktop-1.jpg\"\n\t\t\t\t>\n\t\t\t<\/picture>\n\t\t<\/a>\n\t<\/p>\n\n\n<h2>Enauta (ENAT3) compra FPSO e retoma opera\u00e7\u00f5es no campo de Atlanta<\/h2>\n<ul>\n<li>A <a class=\"suno-keyword\" href=\"https:\/\/www.suno.com.br\/acoes\/ENAT3\/\" target=\"_blank\" rel=\"noopener\" data-force=\"yes\" data-priority=\"2\">Enauta (ENAT3)<\/a> divulgou nesta segunda-feira (24) que atrav\u00e9s de uma subsidi\u00e1ria indireta, celebrou contrato de compra do FPSO OSX-2 para o Sistema Definitivo (SD) do Campo de Atlanta.<\/li>\n<li>A conclus\u00e3o da <strong>aquisi\u00e7\u00e3o<\/strong> deve ocorrer no primeiro trimestre de 2022 e ser\u00e1 comunicada via <a class=\"suno-keyword\" href=\"https:\/\/www.suno.com.br\/artigos\/fato-relevante\/\" target=\"_blank\" rel=\"noopener\" data-force=\"no\" data-priority=\"1\">fato relevante<\/a> \u00e0 <strong>Comiss\u00e3o de Valores Mobili\u00e1rios (CVM)<\/strong>.<\/li>\n<li>\u201cA aquisi\u00e7\u00e3o do FPSO \u00e9 mais um passo importante para a concretiza\u00e7\u00e3o do Sistema Definitivo de Atlanta. Os termos negociados permitem que o projeto venha a ter um breakeven baixo e um retorno atraente. Se tivermos sucesso na san\u00e7\u00e3o do projeto, a produ\u00e7\u00e3o de Atlanta chegar\u00e1 \u00e0 casa dos 50 mil barris de \u00f3leo por dia a partir de 2024, gerando expressivo valor para os nossos acionistas\u201d, comentou D\u00e9cio Oddone, CEO da Companhia, em nota.<\/li>\n<li>Al\u00e9m disso, a Enauta anunciou o <strong>retorno da produ\u00e7\u00e3o<\/strong> de um dos po\u00e7os do Campo de Atlanta.<\/li>\n<li>Houve uma paralisa\u00e7\u00e3o preventiva para inspe\u00e7\u00e3o e reparo de uma linha de produ\u00e7\u00e3o do FPSO Petrojarl I. A partida do segundo po\u00e7o aguarda identifica\u00e7\u00e3o e reparo de falha do sistema el\u00e9trico. De acordo com a Enauta, o campo est\u00e1 produzindo cerca de <strong>4 mil barris de \u00f3leo<\/strong> por dia.<\/li>\n<li>O Campo de Atlanta est\u00e1 localizado na Bacia de Santos e \u00e9 operado pela Enauta Energia, subsidi\u00e1ria integral da companhia.<\/li>\n<\/ul>\n<h2>CCR (CCRO3) assina contrato para assumir Aeroporto da Pampulha<\/h2>\n<ul>\n<li>A <strong>CCR<\/strong> (CCRO3) anunciou a celebra\u00e7\u00e3o de contrato com o governo de Minas Gerais de concess\u00e3o do Aeroporto Carlos Drummond de Andrade, o Aeroporto da Pampulha, na regi\u00e3o metropolitana de Belo Horizonte (MG), pelos pr\u00f3ximos trinta anos.<\/li>\n<li>Segundo\u00a0<a class=\"suno-keyword\" href=\"https:\/\/www.suno.com.br\/artigos\/fato-relevante\/\" target=\"_blank\" rel=\"noopener\" data-force=\"no\" data-priority=\"1\">fato relevante<\/a> ao mercado, a concession\u00e1ria fica respons\u00e1vel pelos \u201cservi\u00e7os p\u00fablicos de explora\u00e7\u00e3o, amplia\u00e7\u00e3o e manuten\u00e7\u00e3o\u201d do terminal a\u00e9reo.<\/li>\n<li>\u201cA assinatura do contrato de concess\u00e3o representa a concretiza\u00e7\u00e3o de mais uma importante etapa do planejamento estrat\u00e9gico do Grupo CCR, que visa o seu crescimento qualificado, disciplina de capital, agregar valor aos acionistas e contribuir para o desenvolvimento socioecon\u00f4mico e ambiental das regi\u00f5es onde atua\u201d, informou a empresa.<\/li>\n<\/ul>\n<h2>Kora Sa\u00fade (KRSA3) compra cl\u00ednica IDE por R$ 14 milh\u00f5es no ES<\/h2>\n<ul>\n<li>A <strong>Kora<\/strong>\u00a0Sa\u00fade (<a href=\"https:\/\/www.suno.com.br\/acoes\/krsa3\/\">KRSA3<\/a>), rede hospitalar do Esp\u00edrito Santo, comprou a cl\u00ednica de diagn\u00f3sticos IDE, localizada em Serra (ES), por R$ 14 milh\u00f5es. De acordo com a empresa, ser\u00e3o R$ 12 milh\u00f5es pagos no fechamento da opera\u00e7\u00e3o e o restante em at\u00e9 cinco anos.<\/li>\n<li>A companhia adquirida pela Kora \u00e9 especializada em diagn\u00f3sticos por imagem e fica no complexo do Hospital Meridional Serra, que \u00e9 da Kora.<\/li>\n<li>\u201cA <strong><a href=\"https:\/\/www.suno.com.br\/noticias\/kora-saude-krsa3-prejuizo-liquido-3t21-aquisicoes\/\">aquisi\u00e7\u00e3o<\/a><\/strong>\u00a0faz parte da estrat\u00e9gia da companhia em oferecer solu\u00e7\u00f5es cada vez mais completas no atendimento aos pacientes, refor\u00e7ando o compromisso com o acolhimento, a qualidade, e a resolutividade\u201d, diz a\u00a0<strong>Kora Sa\u00fade<\/strong>, em comunicado.<\/li>\n<li>Atualmente, a <strong>rede hospitalar<\/strong> est\u00e1 presente no Esp\u00edrito Santo, Cear\u00e1, Tocantins, Mato Grosso, Distrito Federal e Goi\u00e1s.<\/li>\n<li>&#8220;A aquisi\u00e7\u00e3o faz parte da estrat\u00e9gia da companhia em oferecer solu\u00e7\u00f5es cada vez mais completas no atendimento aos pacientes, refor\u00e7ando o compromisso com o acolhimento, a qualidade e a resolutividade\u201d, diz o comunicado.<\/li>\n<li>Ainda em janeiro deste ano a companhia havia feito a aquisi\u00e7\u00e3o de um hospital em Ceil\u00e2ndia, na regi\u00e3o metropolitana de Bras\u00edlia.<\/li>\n<li>Segundo a <strong>XP Investimentos<\/strong>, a compra demonstra o fortalecimento da posi\u00e7\u00e3o na regi\u00e3o de Bras\u00edlia, sendo que o ativo compreende 179 leitos.<\/li>\n<li>\u201cCom a aquisi\u00e7\u00e3o, a Kora chegar\u00e1 a 450 leitos hospitalares na regi\u00e3o (9,2% dos leitos com fins lucrativos), uma dos mais relevantes para servi\u00e7os de sa\u00fade e que se tornar\u00e1 mais um polo da empresa. O EV anunciado para a aquisi\u00e7\u00e3o \u00e9 de R$ 330 milh\u00f5es, traduzindo-se em R$ 1,8 milh\u00e3o por leito (j\u00e1 considerando a expans\u00e3o), levemente acima das aquisi\u00e7\u00f5es anteriores feitas pela empresa. Notamos que a aquisi\u00e7\u00e3o inclui o im\u00f3vel do hospital, e, se considerarmos que 1\/3 do EV \u00e9 o im\u00f3vel, o pre\u00e7o por leito seria de R$ 1,2 milh\u00e3o, em linha com aquisi\u00e7\u00f5es anteriores\u201d, afirmam os analistas da corretora.<\/li>\n<\/ul>\n\t<p>\n\t\t<a href=\"https:\/\/lp.suno.com.br\/planilha-de-controle-de-investimentos\/\" target=\"_blank\" data-element=\"shortcode-suno-banner\" title=\"Banner SUNO, clique e saiba mais\">\n\t\t\t<picture>\n\t\t\t\t<source media=\"(max-width: 500px)\" srcset=\"https:\/\/files.sunoresearch.com.br\/n\/uploads\/2023\/03\/400x300-Controle-de-Investimentos.png\">\n\t\t\t\t<img class=\"newsContent__article__imgCapa newsContent__article__imgCapa--banner\"\n\t\t\t\t\tsrc=\"https:\/\/files.sunoresearch.com.br\/n\/uploads\/2023\/03\/1420x240-Controle-de-Investimentos.png\"\n\t\t\t\t\tdata-promo-id=\"75934\"\t\t\t\t\t\t\t\t\t\twidth='1420' height='240'\t\t\t\t\talt=\"https:\/\/files.sunoresearch.com.br\/n\/uploads\/2023\/03\/1420x240-Controle-de-Investimentos.png\"\n\t\t\t\t>\n\t\t\t<\/picture>\n\t\t<\/a>\n\t<\/p>\n\n\n<h2>Embraer (EMBR3): Azorra encomenda 20 aeronaves E2 por US$ 3,9 bilh\u00f5es<\/h2>\n<ul>\n<li>A americana Azorra assinou contrato para adquirir 20 novas aeronaves da fam\u00edlia E2, da\u00a0<a class=\"suno-keyword\" href=\"https:\/\/www.suno.com.br\/acoes\/EMBR3\/\" target=\"_blank\" rel=\"noopener\" data-force=\"yes\" data-priority=\"2\"><strong>Embraer<\/strong>\u00a0(EMBR3)<\/a>, al\u00e9m de sinalizar o direito de compra de mais 30 avi\u00f5es. As informa\u00e7\u00f5es constam em<a href=\"https:\/\/www.rad.cvm.gov.br\/ENET\/frmExibirArquivoIPEExterno.aspx?NumeroProtocoloEntrega=935055\" target=\"_blank\" rel=\"noopener\">\u00a0documento divulgado<\/a>\u00a0nesta segunda-feira (24).<\/li>\n<li>Segundo a Embraer, o acordo \u00e9 flex\u00edvel e permite que a\u00a0<strong>Azorra<\/strong>\u00a0adquira aeronaves E190-E2 ou E195-E2. A pre\u00e7os de tabela, a encomenda est\u00e1 avaliada em US$ 3,9 bilh\u00f5es.<\/li>\n<li>As entregas ter\u00e3o in\u00edcio em 2023, adicionando mais 20<strong>\u00a0aeronaves da Embraer<\/strong>\u00a0\u00e0s 21 que constam no portf\u00f3lio da Azorra.<\/li>\n<li>A Azorra \u00e9 uma empresa de\u00a0<em>leasing<\/em>\u00a0de aeronaves com sede na Fl\u00f3rida, EUA, especializada em aeronaves executivas, regionais e comerciais. Seu relacionamento com a fabricante brasileira j\u00e1 \u00e9 de longa data, sinaliza a empresa em nota.<\/li>\n<li>\u201cNa Jetscape, fomos a primeira empresa de leasing independente a se comprometer com o programa E-Jet da Embraer em dezembro de 2007 e depois os E-Jets estabeleceram uma base global de clientes, com mais de 80 operadores. A primeira aeronave nova da Azorra foi um Phenom 300, adquirido da Embraer em dezembro de 2016\u201d, lembra\u00a0<strong>John Evans<\/strong>, CEO da Azorra.<\/li>\n<li>\u201cEsse compromisso refor\u00e7a nossa cren\u00e7a no E2; uma fam\u00edlia de aeronaves modernas com desempenho econ\u00f4mico e ambiental superior, proporcionando \u00e0 Azorra uma excelente oportunidade para estabelecer uma posi\u00e7\u00e3o de lideran\u00e7a nos mercados em que servimos\u201d, acrescenta.<\/li>\n<\/ul>\n<p>Da\u00a0<b>Gol <\/b>ao Goldman Sachs, essas foram as empresas que se destacaram hoje. Para ler todas as mat\u00e9rias\u00a0<b data-stringify-type=\"bold\"><a class=\"c-link\" tabindex=\"-1\" href=\"https:\/\/www.suno.com.br\/noticias\/\" target=\"_blank\" rel=\"noopener noreferrer\" data-stringify-link=\"https:\/\/www.suno.com.br\/noticias\/\" data-sk=\"tooltip_parent\" data-remove-tab-index=\"true\">clique aqui<\/a><\/b>.<\/p>\n\t<p>\n\t\t<a href=\"\" target=\"_blank\" data-element=\"shortcode-suno-banner\" title=\"Banner SUNO, clique e saiba mais\">\n\t\t\t<picture>\n\t\t\t\t<source media=\"(max-width: 500px)\" srcset=\"\">\n\t\t\t\t<img class=\"newsContent__article__imgCapa newsContent__article__imgCapa--banner\"\n\t\t\t\t\tsrc=\"\"\n\t\t\t\t\tdata-promo-id=\"184190\"\t\t\t\t\t\t\t\t\t\t\t\t\t\t\talt=\"\"\n\t\t\t\t>\n\t\t\t<\/picture>\n\t\t<\/a>\n\t<\/p>\n\n\n","protected":false},"excerpt":{"rendered":"<p>A\u00a0Gol\u00a0(GOLL4) fechou um financiamento de at\u00e9 US$ 600 milh\u00f5es (R$ 3,29 bi) com a Castlelake LP para a aquisi\u00e7\u00e3o de novas aeronaves Boeing (BOEI34)\u00a0737 MAX 8,\u00a0informa comunicado\u00a0desta manh\u00e3 de segunda-feira (24). Foto: Divulga\u00e7\u00e3o\/ Gol A transa\u00e7\u00e3o vai abranger 10 arrendamentos financeiros e 2 sale-leasebacks\u00a0(vender para locar de volta). Segundo o\u00a0CEO da Gol,\u00a0Paulo Kakinoff, o financiamento [&hellip;]<\/p>\n","protected":false},"author":146,"featured_media":138123,"comment_status":"closed","ping_status":"closed","sticky":false,"template":"","format":"standard","meta":[],"categories":[64],"tags":[38091,79856,407,460,86780,489,319,105852],"suno_strategy":[],"class_list":["post-225162","post","type-post","status-publish","format-standard","has-post-thumbnail","hentry","category-negocios","tag-aliansce-sonae-also3","tag-br-malls-brml3","tag-ccr-ccro3","tag-embraer-embr3","tag-enauta-enat3","tag-gol-linhas-aereas-goll11-goll4","tag-ipo-oferta-inicial-de-acoes","tag-kora-saude-krsa3"],"yoast_head":"<!-- This site is optimized with the Yoast SEO plugin v24.4 - https:\/\/yoast.com\/wordpress\/plugins\/seo\/ -->\n<title>Radar: Gol (GOLL4) fecha financiamento, IPO da Corsan \u00e9 adiado<\/title>\n<meta name=\"description\" content=\"A\u00a0Gol\u00a0(GOLL4)\u00a0fechou um financiamento de at\u00e9 US$ 600 mi com a Castlelake LP para a aquisi\u00e7\u00e3o de novas aeronaves\u00a0Boeing (BOEI34)\u00a0737 MAX 8.\" \/>\n<meta name=\"robots\" content=\"index, follow, max-snippet:-1, max-image-preview:large, max-video-preview:-1\" \/>\n<link rel=\"canonical\" href=\"https:\/\/www.suno.com.br\/noticias\/radar-gol-goll4-ipo-corsan-aliansce-also3-br-malls-brml3\/\" \/>\n<meta property=\"og:locale\" content=\"pt_BR\" \/>\n<meta property=\"og:type\" content=\"article\" \/>\n<meta property=\"og:title\" content=\"Radar: Gol (GOLL4) fecha financiamento, IPO da Corsan \u00e9 adiado\" \/>\n<meta property=\"og:description\" content=\"A\u00a0Gol\u00a0(GOLL4)\u00a0fechou um financiamento de at\u00e9 US$ 600 mi com a Castlelake LP para a aquisi\u00e7\u00e3o de novas aeronaves\u00a0Boeing (BOEI34)\u00a0737 MAX 8.\" \/>\n<meta property=\"og:url\" content=\"https:\/\/www.suno.com.br\/noticias\/radar-gol-goll4-ipo-corsan-aliansce-also3-br-malls-brml3\/\" \/>\n<meta property=\"og:site_name\" content=\"Suno Not\u00edcias\" \/>\n<meta property=\"article:publisher\" content=\"https:\/\/facebook.com\/sunoresearch\" \/>\n<meta property=\"og:image\" content=\"https:\/\/files.sunoresearch.com.br\/n\/uploads\/2021\/03\/572e196e-gol-5.jpg\" \/>\n\t<meta property=\"og:image:width\" content=\"1200\" \/>\n\t<meta property=\"og:image:height\" content=\"857\" \/>\n\t<meta property=\"og:image:type\" content=\"image\/jpeg\" \/>\n<meta name=\"author\" content=\"Vict\u00f3ria Anhesini\" \/>\n<meta name=\"twitter:card\" content=\"summary_large_image\" \/>\n<meta name=\"twitter:creator\" content=\"@sunoresearch\" \/>\n<meta name=\"twitter:site\" content=\"@sunoresearch\" \/>\n<meta name=\"twitter:label1\" content=\"Escrito por\" \/>\n\t<meta name=\"twitter:data1\" content=\"Vict\u00f3ria Anhesini\" \/>\n\t<meta name=\"twitter:label2\" content=\"Est. tempo de leitura\" \/>\n\t<meta name=\"twitter:data2\" content=\"7 minutos\" \/>\n<script type=\"application\/ld+json\" class=\"yoast-schema-graph\">{\"@context\":\"https:\/\/schema.org\",\"@graph\":[{\"@type\":\"NewsArticle\",\"@id\":\"https:\/\/www.suno.com.br\/noticias\/radar-gol-goll4-ipo-corsan-aliansce-also3-br-malls-brml3\/#article\",\"isPartOf\":{\"@id\":\"https:\/\/www.suno.com.br\/noticias\/radar-gol-goll4-ipo-corsan-aliansce-also3-br-malls-brml3\/\"},\"author\":{\"name\":\"Vict\u00f3ria Anhesini\",\"@id\":\"https:\/\/www.suno.com.br\/noticias\/#\/schema\/person\/46d847cb19ad53fde0857adca989c23f\"},\"headline\":\"Radar: Gol (GOLL4) fecha financiamento bilion\u00e1rio, IPO da Corsan \u00e9 adiado, acionista da Aliansce (ALSO3) amplia participa\u00e7\u00e3o na BR Malls (BRML3)\",\"datePublished\":\"2022-01-25T00:27:06+00:00\",\"mainEntityOfPage\":{\"@id\":\"https:\/\/www.suno.com.br\/noticias\/radar-gol-goll4-ipo-corsan-aliansce-also3-br-malls-brml3\/\"},\"wordCount\":1683,\"publisher\":{\"@id\":\"https:\/\/www.suno.com.br\/noticias\/#organization\"},\"image\":{\"@id\":\"https:\/\/www.suno.com.br\/noticias\/radar-gol-goll4-ipo-corsan-aliansce-also3-br-malls-brml3\/#primaryimage\"},\"thumbnailUrl\":\"https:\/\/files.sunoresearch.com.br\/n\/uploads\/2021\/03\/572e196e-gol-5-jpg.webp\",\"keywords\":[\"Aliansce Sonae (ALSO3)\",\"BRMalls (BRML3)\",\"CCR (CCRO3)\",\"Embraer (EMBR3)\",\"Enauta (ENAT3)\",\"Gol Linhas A\u00e9reas (GOLL11\/GOLL4)\",\"IPO (Oferta Inicial de A\u00e7\u00f5es)\",\"Kora Sa\u00fade (KRSA3)\"],\"articleSection\":[\"Neg\u00f3cios\"],\"inLanguage\":\"pt-BR\"},{\"@type\":\"WebPage\",\"@id\":\"https:\/\/www.suno.com.br\/noticias\/radar-gol-goll4-ipo-corsan-aliansce-also3-br-malls-brml3\/\",\"url\":\"https:\/\/www.suno.com.br\/noticias\/radar-gol-goll4-ipo-corsan-aliansce-also3-br-malls-brml3\/\",\"name\":\"Radar: Gol (GOLL4) fecha financiamento, IPO da Corsan \u00e9 adiado\",\"isPartOf\":{\"@id\":\"https:\/\/www.suno.com.br\/noticias\/#website\"},\"primaryImageOfPage\":{\"@id\":\"https:\/\/www.suno.com.br\/noticias\/radar-gol-goll4-ipo-corsan-aliansce-also3-br-malls-brml3\/#primaryimage\"},\"image\":{\"@id\":\"https:\/\/www.suno.com.br\/noticias\/radar-gol-goll4-ipo-corsan-aliansce-also3-br-malls-brml3\/#primaryimage\"},\"thumbnailUrl\":\"https:\/\/files.sunoresearch.com.br\/n\/uploads\/2021\/03\/572e196e-gol-5-jpg.webp\",\"datePublished\":\"2022-01-25T00:27:06+00:00\",\"description\":\"A\u00a0Gol\u00a0(GOLL4)\u00a0fechou um financiamento de at\u00e9 US$ 600 mi com a Castlelake LP para a aquisi\u00e7\u00e3o de novas aeronaves\u00a0Boeing (BOEI34)\u00a0737 MAX 8.\",\"breadcrumb\":{\"@id\":\"https:\/\/www.suno.com.br\/noticias\/radar-gol-goll4-ipo-corsan-aliansce-also3-br-malls-brml3\/#breadcrumb\"},\"inLanguage\":\"pt-BR\",\"potentialAction\":[{\"@type\":\"ReadAction\",\"target\":[\"https:\/\/www.suno.com.br\/noticias\/radar-gol-goll4-ipo-corsan-aliansce-also3-br-malls-brml3\/\"]}]},{\"@type\":\"ImageObject\",\"inLanguage\":\"pt-BR\",\"@id\":\"https:\/\/www.suno.com.br\/noticias\/radar-gol-goll4-ipo-corsan-aliansce-also3-br-malls-brml3\/#primaryimage\",\"url\":\"https:\/\/files.sunoresearch.com.br\/n\/uploads\/2021\/03\/572e196e-gol-5-jpg.webp\",\"contentUrl\":\"https:\/\/files.sunoresearch.com.br\/n\/uploads\/2021\/03\/572e196e-gol-5-jpg.webp\",\"width\":1200,\"height\":857,\"caption\":\"Foto: Divulga\u00e7\u00e3o\/ Gol\"},{\"@type\":\"BreadcrumbList\",\"@id\":\"https:\/\/www.suno.com.br\/noticias\/radar-gol-goll4-ipo-corsan-aliansce-also3-br-malls-brml3\/#breadcrumb\",\"itemListElement\":[{\"@type\":\"ListItem\",\"position\":1,\"name\":\"Not\u00edcias\",\"item\":\"https:\/\/www.suno.com.br\/noticias\/\"},{\"@type\":\"ListItem\",\"position\":2,\"name\":\"Neg\u00f3cios\",\"item\":\"https:\/\/www.suno.com.br\/noticias\/negocios\/\"},{\"@type\":\"ListItem\",\"position\":3,\"name\":\"Radar: Gol (GOLL4) fecha financiamento bilion\u00e1rio, IPO da Corsan \u00e9 adiado, acionista da Aliansce (ALSO3) amplia participa\u00e7\u00e3o na BR Malls (BRML3)\"}]},{\"@type\":\"WebSite\",\"@id\":\"https:\/\/www.suno.com.br\/noticias\/#website\",\"url\":\"https:\/\/www.suno.com.br\/noticias\/\",\"name\":\"Suno Not\u00edcias\",\"description\":\"Seu portal de informa\u00e7\u00e3o sobre o mundo dos investimentos\",\"publisher\":{\"@id\":\"https:\/\/www.suno.com.br\/noticias\/#organization\"},\"potentialAction\":[{\"@type\":\"SearchAction\",\"target\":{\"@type\":\"EntryPoint\",\"urlTemplate\":\"https:\/\/www.suno.com.br\/noticias\/?s={search_term_string}\"},\"query-input\":{\"@type\":\"PropertyValueSpecification\",\"valueRequired\":true,\"valueName\":\"search_term_string\"}}],\"inLanguage\":\"pt-BR\"},{\"@type\":\"Organization\",\"@id\":\"https:\/\/www.suno.com.br\/noticias\/#organization\",\"name\":\"Suno Not\u00edcias\",\"url\":\"https:\/\/www.suno.com.br\/noticias\/\",\"logo\":{\"@type\":\"ImageObject\",\"inLanguage\":\"pt-BR\",\"@id\":\"https:\/\/www.suno.com.br\/noticias\/#\/schema\/logo\/image\/\",\"url\":\"https:\/\/files.sunoresearch.com.br\/n\/uploads\/2021\/09\/suno-logo.png\",\"contentUrl\":\"https:\/\/files.sunoresearch.com.br\/n\/uploads\/2021\/09\/suno-logo.png\",\"width\":180,\"height\":180,\"caption\":\"Suno Not\u00edcias\"},\"image\":{\"@id\":\"https:\/\/www.suno.com.br\/noticias\/#\/schema\/logo\/image\/\"},\"sameAs\":[\"https:\/\/facebook.com\/sunoresearch\",\"https:\/\/x.com\/sunoresearch\",\"https:\/\/www.instagram.com\/suno\",\"https:\/\/www.linkedin.com\/company\/suno-research\/\",\"https:\/\/www.youtube.com\/c\/sunoresearch\"]},{\"@type\":\"Person\",\"@id\":\"https:\/\/www.suno.com.br\/noticias\/#\/schema\/person\/46d847cb19ad53fde0857adca989c23f\",\"name\":\"Vict\u00f3ria Anhesini\",\"image\":{\"@type\":\"ImageObject\",\"inLanguage\":\"pt-BR\",\"@id\":\"https:\/\/www.suno.com.br\/noticias\/#\/schema\/person\/image\/\",\"url\":\"https:\/\/secure.gravatar.com\/avatar\/0172bdfcd9129dd9dd68794804304e6e?s=96&r=g\",\"contentUrl\":\"https:\/\/secure.gravatar.com\/avatar\/0172bdfcd9129dd9dd68794804304e6e?s=96&r=g\",\"caption\":\"Vict\u00f3ria Anhesini\"},\"description\":\"Rep\u00f3rter no Suno Not\u00edcias, cobre mercados, neg\u00f3cios e economia, escrevendo majoritariamente sobre movimentos das empresas, cobertura de balan\u00e7os trimestrais e Bolsa de Valores. Formada em jornalismo pela Universidade Presbiteriana Mackenzie em 2019, passou pelo portal de economia e finan\u00e7as EuQueroInvestir como rep\u00f3rter e anteriormente, trabalhou na assessoria de imprensa PinePR, onde liderou com startups de inova\u00e7\u00e3o, tecnologia e finan\u00e7as. Em seu tempo livre, fala sobre m\u00fasica para ambos os sites do selo ForMusic, Wikimetal e Mad Sound, e faz trabalho volunt\u00e1rio no programa Escreve Cartas do Poupatempo.\",\"sameAs\":[\"https:\/\/www.linkedin.com\/in\/victoria-anhesini\/\"],\"url\":\"https:\/\/www.suno.com.br\/noticias\/author\/victoria\/\"}]}<\/script>\n<!-- \/ Yoast SEO plugin. -->","yoast_head_json":{"title":"Radar: Gol (GOLL4) fecha financiamento, IPO da Corsan \u00e9 adiado","description":"A\u00a0Gol\u00a0(GOLL4)\u00a0fechou um financiamento de at\u00e9 US$ 600 mi com a Castlelake LP para a aquisi\u00e7\u00e3o de novas aeronaves\u00a0Boeing (BOEI34)\u00a0737 MAX 8.","robots":{"index":"index","follow":"follow","max-snippet":"max-snippet:-1","max-image-preview":"max-image-preview:large","max-video-preview":"max-video-preview:-1"},"canonical":"https:\/\/www.suno.com.br\/noticias\/radar-gol-goll4-ipo-corsan-aliansce-also3-br-malls-brml3\/","og_locale":"pt_BR","og_type":"article","og_title":"Radar: Gol (GOLL4) fecha financiamento, IPO da Corsan \u00e9 adiado","og_description":"A\u00a0Gol\u00a0(GOLL4)\u00a0fechou um financiamento de at\u00e9 US$ 600 mi com a Castlelake LP para a aquisi\u00e7\u00e3o de novas aeronaves\u00a0Boeing (BOEI34)\u00a0737 MAX 8.","og_url":"https:\/\/www.suno.com.br\/noticias\/radar-gol-goll4-ipo-corsan-aliansce-also3-br-malls-brml3\/","og_site_name":"Suno Not\u00edcias","article_publisher":"https:\/\/facebook.com\/sunoresearch","og_image":[{"width":1200,"height":857,"url":"https:\/\/files.sunoresearch.com.br\/n\/uploads\/2021\/03\/572e196e-gol-5.jpg","type":"image\/jpeg"}],"author":"Vict\u00f3ria Anhesini","twitter_card":"summary_large_image","twitter_creator":"@sunoresearch","twitter_site":"@sunoresearch","twitter_misc":{"Escrito por":"Vict\u00f3ria Anhesini","Est. tempo de leitura":"7 minutos"},"schema":{"@context":"https:\/\/schema.org","@graph":[{"@type":"NewsArticle","@id":"https:\/\/www.suno.com.br\/noticias\/radar-gol-goll4-ipo-corsan-aliansce-also3-br-malls-brml3\/#article","isPartOf":{"@id":"https:\/\/www.suno.com.br\/noticias\/radar-gol-goll4-ipo-corsan-aliansce-also3-br-malls-brml3\/"},"author":{"name":"Vict\u00f3ria Anhesini","@id":"https:\/\/www.suno.com.br\/noticias\/#\/schema\/person\/46d847cb19ad53fde0857adca989c23f"},"headline":"Radar: Gol (GOLL4) fecha financiamento bilion\u00e1rio, IPO da Corsan \u00e9 adiado, acionista da Aliansce (ALSO3) amplia participa\u00e7\u00e3o na BR Malls (BRML3)","datePublished":"2022-01-25T00:27:06+00:00","mainEntityOfPage":{"@id":"https:\/\/www.suno.com.br\/noticias\/radar-gol-goll4-ipo-corsan-aliansce-also3-br-malls-brml3\/"},"wordCount":1683,"publisher":{"@id":"https:\/\/www.suno.com.br\/noticias\/#organization"},"image":{"@id":"https:\/\/www.suno.com.br\/noticias\/radar-gol-goll4-ipo-corsan-aliansce-also3-br-malls-brml3\/#primaryimage"},"thumbnailUrl":"https:\/\/files.sunoresearch.com.br\/n\/uploads\/2021\/03\/572e196e-gol-5-jpg.webp","keywords":["Aliansce Sonae (ALSO3)","BRMalls (BRML3)","CCR (CCRO3)","Embraer (EMBR3)","Enauta (ENAT3)","Gol Linhas A\u00e9reas (GOLL11\/GOLL4)","IPO (Oferta Inicial de A\u00e7\u00f5es)","Kora Sa\u00fade (KRSA3)"],"articleSection":["Neg\u00f3cios"],"inLanguage":"pt-BR"},{"@type":"WebPage","@id":"https:\/\/www.suno.com.br\/noticias\/radar-gol-goll4-ipo-corsan-aliansce-also3-br-malls-brml3\/","url":"https:\/\/www.suno.com.br\/noticias\/radar-gol-goll4-ipo-corsan-aliansce-also3-br-malls-brml3\/","name":"Radar: Gol (GOLL4) fecha financiamento, IPO da Corsan \u00e9 adiado","isPartOf":{"@id":"https:\/\/www.suno.com.br\/noticias\/#website"},"primaryImageOfPage":{"@id":"https:\/\/www.suno.com.br\/noticias\/radar-gol-goll4-ipo-corsan-aliansce-also3-br-malls-brml3\/#primaryimage"},"image":{"@id":"https:\/\/www.suno.com.br\/noticias\/radar-gol-goll4-ipo-corsan-aliansce-also3-br-malls-brml3\/#primaryimage"},"thumbnailUrl":"https:\/\/files.sunoresearch.com.br\/n\/uploads\/2021\/03\/572e196e-gol-5-jpg.webp","datePublished":"2022-01-25T00:27:06+00:00","description":"A\u00a0Gol\u00a0(GOLL4)\u00a0fechou um financiamento de at\u00e9 US$ 600 mi com a Castlelake LP para a aquisi\u00e7\u00e3o de novas aeronaves\u00a0Boeing (BOEI34)\u00a0737 MAX 8.","breadcrumb":{"@id":"https:\/\/www.suno.com.br\/noticias\/radar-gol-goll4-ipo-corsan-aliansce-also3-br-malls-brml3\/#breadcrumb"},"inLanguage":"pt-BR","potentialAction":[{"@type":"ReadAction","target":["https:\/\/www.suno.com.br\/noticias\/radar-gol-goll4-ipo-corsan-aliansce-also3-br-malls-brml3\/"]}]},{"@type":"ImageObject","inLanguage":"pt-BR","@id":"https:\/\/www.suno.com.br\/noticias\/radar-gol-goll4-ipo-corsan-aliansce-also3-br-malls-brml3\/#primaryimage","url":"https:\/\/files.sunoresearch.com.br\/n\/uploads\/2021\/03\/572e196e-gol-5-jpg.webp","contentUrl":"https:\/\/files.sunoresearch.com.br\/n\/uploads\/2021\/03\/572e196e-gol-5-jpg.webp","width":1200,"height":857,"caption":"Foto: Divulga\u00e7\u00e3o\/ Gol"},{"@type":"BreadcrumbList","@id":"https:\/\/www.suno.com.br\/noticias\/radar-gol-goll4-ipo-corsan-aliansce-also3-br-malls-brml3\/#breadcrumb","itemListElement":[{"@type":"ListItem","position":1,"name":"Not\u00edcias","item":"https:\/\/www.suno.com.br\/noticias\/"},{"@type":"ListItem","position":2,"name":"Neg\u00f3cios","item":"https:\/\/www.suno.com.br\/noticias\/negocios\/"},{"@type":"ListItem","position":3,"name":"Radar: Gol (GOLL4) fecha financiamento bilion\u00e1rio, IPO da Corsan \u00e9 adiado, acionista da Aliansce (ALSO3) amplia participa\u00e7\u00e3o na BR Malls (BRML3)"}]},{"@type":"WebSite","@id":"https:\/\/www.suno.com.br\/noticias\/#website","url":"https:\/\/www.suno.com.br\/noticias\/","name":"Suno Not\u00edcias","description":"Seu portal de informa\u00e7\u00e3o sobre o mundo dos investimentos","publisher":{"@id":"https:\/\/www.suno.com.br\/noticias\/#organization"},"potentialAction":[{"@type":"SearchAction","target":{"@type":"EntryPoint","urlTemplate":"https:\/\/www.suno.com.br\/noticias\/?s={search_term_string}"},"query-input":{"@type":"PropertyValueSpecification","valueRequired":true,"valueName":"search_term_string"}}],"inLanguage":"pt-BR"},{"@type":"Organization","@id":"https:\/\/www.suno.com.br\/noticias\/#organization","name":"Suno Not\u00edcias","url":"https:\/\/www.suno.com.br\/noticias\/","logo":{"@type":"ImageObject","inLanguage":"pt-BR","@id":"https:\/\/www.suno.com.br\/noticias\/#\/schema\/logo\/image\/","url":"https:\/\/files.sunoresearch.com.br\/n\/uploads\/2021\/09\/suno-logo.png","contentUrl":"https:\/\/files.sunoresearch.com.br\/n\/uploads\/2021\/09\/suno-logo.png","width":180,"height":180,"caption":"Suno Not\u00edcias"},"image":{"@id":"https:\/\/www.suno.com.br\/noticias\/#\/schema\/logo\/image\/"},"sameAs":["https:\/\/facebook.com\/sunoresearch","https:\/\/x.com\/sunoresearch","https:\/\/www.instagram.com\/suno","https:\/\/www.linkedin.com\/company\/suno-research\/","https:\/\/www.youtube.com\/c\/sunoresearch"]},{"@type":"Person","@id":"https:\/\/www.suno.com.br\/noticias\/#\/schema\/person\/46d847cb19ad53fde0857adca989c23f","name":"Vict\u00f3ria Anhesini","image":{"@type":"ImageObject","inLanguage":"pt-BR","@id":"https:\/\/www.suno.com.br\/noticias\/#\/schema\/person\/image\/","url":"https:\/\/secure.gravatar.com\/avatar\/0172bdfcd9129dd9dd68794804304e6e?s=96&r=g","contentUrl":"https:\/\/secure.gravatar.com\/avatar\/0172bdfcd9129dd9dd68794804304e6e?s=96&r=g","caption":"Vict\u00f3ria Anhesini"},"description":"Rep\u00f3rter no Suno Not\u00edcias, cobre mercados, neg\u00f3cios e economia, escrevendo majoritariamente sobre movimentos das empresas, cobertura de balan\u00e7os trimestrais e Bolsa de Valores. Formada em jornalismo pela Universidade Presbiteriana Mackenzie em 2019, passou pelo portal de economia e finan\u00e7as EuQueroInvestir como rep\u00f3rter e anteriormente, trabalhou na assessoria de imprensa PinePR, onde liderou com startups de inova\u00e7\u00e3o, tecnologia e finan\u00e7as. Em seu tempo livre, fala sobre m\u00fasica para ambos os sites do selo ForMusic, Wikimetal e Mad Sound, e faz trabalho volunt\u00e1rio no programa Escreve Cartas do Poupatempo.","sameAs":["https:\/\/www.linkedin.com\/in\/victoria-anhesini\/"],"url":"https:\/\/www.suno.com.br\/noticias\/author\/victoria\/"}]}},"default_loop_html":"<div class=\"cardsPage__listCard__boxs\"><div class=\"cardsPage__listCard__boxs__img\"><a href=\"https:\/\/www.suno.com.br\/noticias\/radar-gol-goll4-ipo-corsan-aliansce-also3-br-malls-brml3\/\"><img class=\"mask\" src=\"https:\/\/www.suno.com.br\/noticias\/wp-content\/themes\/suno\/resources\/images\/spotlight\/spotlight1img\/bg-mask.png\" alt=\"Image Mask\"\/><img src=\"https:\/\/files.sunoresearch.com.br\/n\/uploads\/2021\/03\/572e196e-gol-5-400x200.webp\" alt=\"Radar: Gol (GOLL4) fecha financiamento bilion\u00e1rio, IPO da Corsan \u00e9 adiado, acionista da Aliansce (ALSO3) amplia participa\u00e7\u00e3o na BR Malls (BRML3)\"\/><\/a><span class=\"spotlightCategory\"><a href=\"https:\/\/www.suno.com.br\/noticias\/negocios\/\">Neg\u00f3cios<\/a><\/span><\/div><div class=\"cardsPage__listCard__boxs__content\"><a href=\"https:\/\/www.suno.com.br\/noticias\/radar-gol-goll4-ipo-corsan-aliansce-also3-br-malls-brml3\/\"><h2 class=\"content__title\">Radar: Gol (GOLL4) fecha financiamento bilion\u00e1rio, IPO da Corsan \u00e9 adiado, acionista da Aliansce (ALSO3) amplia participa\u00e7\u00e3o na BR Malls (BRML3)<\/h2><\/a><div class=\"newsContent__article__meta\"><div class=\"newsContent__article__meta__authorBox\"><a href=\"https:\/\/www.suno.com.br\/noticias\/author\/victoria\/\" class=\"authorBox__avatar noMobi\"><img src=\"https:\/\/files.sunoresearch.com.br\/n\/uploads\/2021\/12\/20190129VickyPINEAPPLE01-1-150x150.jpg\" alt=\"Vict\u00f3ria Anhesini\"><\/a><div class=\"authorBox__name\"><span>por\n\t\t\t<a href=\"https:\/\/www.suno.com.br\/noticias\/author\/victoria\/\"><span itemprop=\"author\">Vict\u00f3ria Anhesini<\/span><\/a><\/span><time datetime=\"2022-01-24T21:27:06-03:00\" itemprop=\"datePublished\">24\/01\/2022 21:27<\/time><\/div><\/div><\/div><\/div><\/div>","single_layout":"posts","amp_enabled":true,"_links":{"self":[{"href":"https:\/\/www.suno.com.br\/noticias\/wp-json\/wp\/v2\/posts\/225162"}],"collection":[{"href":"https:\/\/www.suno.com.br\/noticias\/wp-json\/wp\/v2\/posts"}],"about":[{"href":"https:\/\/www.suno.com.br\/noticias\/wp-json\/wp\/v2\/types\/post"}],"author":[{"embeddable":true,"href":"https:\/\/www.suno.com.br\/noticias\/wp-json\/wp\/v2\/users\/146"}],"replies":[{"embeddable":true,"href":"https:\/\/www.suno.com.br\/noticias\/wp-json\/wp\/v2\/comments?post=225162"}],"version-history":[{"count":3,"href":"https:\/\/www.suno.com.br\/noticias\/wp-json\/wp\/v2\/posts\/225162\/revisions"}],"predecessor-version":[{"id":225176,"href":"https:\/\/www.suno.com.br\/noticias\/wp-json\/wp\/v2\/posts\/225162\/revisions\/225176"}],"wp:featuredmedia":[{"embeddable":true,"href":"https:\/\/www.suno.com.br\/noticias\/wp-json\/wp\/v2\/media\/138123"}],"wp:attachment":[{"href":"https:\/\/www.suno.com.br\/noticias\/wp-json\/wp\/v2\/media?parent=225162"}],"wp:term":[{"taxonomy":"category","embeddable":true,"href":"https:\/\/www.suno.com.br\/noticias\/wp-json\/wp\/v2\/categories?post=225162"},{"taxonomy":"post_tag","embeddable":true,"href":"https:\/\/www.suno.com.br\/noticias\/wp-json\/wp\/v2\/tags?post=225162"},{"taxonomy":"suno_strategy","embeddable":true,"href":"https:\/\/www.suno.com.br\/noticias\/wp-json\/wp\/v2\/suno_strategy?post=225162"}],"curies":[{"name":"wp","href":"https:\/\/api.w.org\/{rel}","templated":true}]}}