{"id":22498,"date":"2019-04-26T16:42:29","date_gmt":"2019-04-26T19:42:29","guid":{"rendered":"https:\/\/www.suno.com.br\/noticias\/?p=22498"},"modified":"2019-04-26T18:34:25","modified_gmt":"2019-04-26T21:34:25","slug":"lula-diz-entrevista-na-prisao","status":"publish","type":"post","link":"https:\/\/www.suno.com.br\/noticias\/lula-diz-entrevista-na-prisao\/","title":{"rendered":"Lula diz que &#8220;Brasil \u00e9 governado por malucos&#8221; em 1\u00aa entrevista na pris\u00e3o"},"content":{"rendered":"<p>O ex-presidente Lula disse nesta sexta-feira (26) que o Brasil \u00e9 governado &#8220;por malucos&#8221;. A fala do ex-presidente ocorreu em entrevista exclusiva concedida aos jornais &#8220;Folha de S.Paulo&#8221; e &#8220;El Pa\u00eds&#8221;.<\/p>\t<div class=\"wrapper-featured-image\">\n\t\t<figure class=\"spotlightImg\">\n\n\t\t\t<picture>\n\t\t\t\t<source media=\"(max-width: 768px)\" srcset=\"https:\/\/files.sunoresearch.com.br\/n\/uploads\/2018\/12\/4e5932cc-lula-400x200.webp\">\n\t\t\t\t<img loading=\"lazy\" decoding=\"async\" class=\"newsContent__article__imgCapa lazyloadDisabled newsContent__article__imgCapa--noCaption\" src=\"https:\/\/files.sunoresearch.com.br\/n\/uploads\/2018\/12\/4e5932cc-lula-800x450.webp\" width=\"800\" height=\"450\" alt=\"Lula diz que &#8220;Brasil \u00e9 governado por malucos&#8221; em 1\u00aa entrevista na pris\u00e3o\" fetchpriority=high \/>\n\t\t\t<\/picture>\n\n\t\t\t<figcaption class=\"wp-caption-text wp-caption-text--hide\">Habeas corpus de Lula come\u00e7a a ser julgado pela Segunda Turma do STF<\/figcaption>\n\t\t<\/figure>\n\t<\/div>\n\n\n<p>\u00c9 a primeira entrevista do ex-presidente <strong>Lula<\/strong> ap\u00f3s ser preso em abril de 2018, depois de uma batalha judicial que suspendeu os ve\u00edculos de publicarem as mat\u00e9rias. A decis\u00e3o foi revista na semana passada pelo presidente do <strong>Supremo Tribunal Federal (STF)<\/strong>, Dias Toffoli.\u00a0Ao todo, a entrevista durou duas horas e dez minutos.<\/p>\n<p><a href=\"https:\/\/www.suno.com.br\/noticias\/lula-pena-reduzida-prisao\/\">Saiba mais:\u00a0Lula tem pena reduzida para oito anos e 10 meses<\/a><\/p>\n<p>&#8220;Vamos fazer uma autocr\u00edtica geral nesse pa\u00eds. O que n\u00e3o pode \u00e9 esse pa\u00eds estar governado por esse bando de maluco que governa o pa\u00eds. O pa\u00eds n\u00e3o merece isso e sobretudo o povo n\u00e3o merece isso&#8221;, afirmou o ex-presidente.<\/p>\n<p style=\"text-align: center;\"><iframe loading=\"lazy\" src=\"https:\/\/www.youtube.com\/embed\/Ird-AMriA20\" width=\"560\" height=\"315\" frameborder=\"0\" allowfullscreen=\"allowfullscreen\"><\/iframe><\/p>\n<p>Questionado sobre a possibilidade de nunca deixar a pris\u00e3o, <strong>Lula<\/strong> respondeu que\u00a0&#8220;n\u00e3o tem problema, eu tenho certeza de que durmo todo dia com a minha consci\u00eancia tranquila. E tenho certeza de que o [procurador Deltan] Dallagnol n\u00e3o dorme, que o [ministro da Justi\u00e7a e ex-juiz Sergio] Moro n\u00e3o dorme&#8221;.<\/p>\n\t<p>\n\t\t<a href=\"https:\/\/lp.suno.com.br\/ebook-investindo-em-fiis\/\" target=\"_blank\" data-element=\"shortcode-suno-banner\" title=\"Banner SUNO, clique e saiba mais\">\n\t\t\t<picture>\n\t\t\t\t<source media=\"(max-width: 500px)\" srcset=\"https:\/\/files.sunoresearch.com.br\/n\/uploads\/2023\/03\/Ebook-Fundos-Imobiliarios-Mobile-1.jpg\">\n\t\t\t\t<img class=\"newsContent__article__imgCapa newsContent__article__imgCapa--banner\"\n\t\t\t\t\tsrc=\"https:\/\/files.sunoresearch.com.br\/n\/uploads\/2023\/03\/Ebook-Fundos-Imobiliarios-Desktop-1.jpg\"\n\t\t\t\t\tdata-promo-id=\"313843\"\t\t\t\t\t\t\t\t\t\twidth='1420' height='286'\t\t\t\t\talt=\"https:\/\/files.sunoresearch.com.br\/n\/uploads\/2023\/03\/Ebook-Fundos-Imobiliarios-Desktop-1.jpg\"\n\t\t\t\t>\n\t\t\t<\/picture>\n\t\t<\/a>\n\t<\/p>\n\n\n<p>Em rela\u00e7\u00e3o a\u00a0acusa\u00e7\u00e3o que o condenou pelo caso do <strong>triplex de Guaruj\u00e1<\/strong>, <strong>Lula<\/strong> respondeu:\u00a0&#8220;Sempre riram de mim porque eu falava &#8216;menas&#8217;. Agora, o Moro falar &#8216;conje&#8217; \u00e9 uma vergonha&#8221;, afirmou. Lula disse tamb\u00e9m acreditar que &#8220;Moro n\u00e3o sobrevive na pol\u00edtica&#8221;<\/p>\n<p>O ex-presidente\u00a0tamb\u00e9m comparou a abordagem da imprensa entre o presidente <strong>Jair Bolsonaro<\/strong> e ele.\u00a0&#8220;Imagine se os milicianos do Bolsonaro fossem amigos da minha fam\u00edlia?&#8221;, questionou. O ex-presidente se refere a rela\u00e7\u00e3o entre <strong>Fl\u00e1vio Bolsonaro<\/strong> e milicianos.<\/p>\n<p><a href=\"https:\/\/www.suno.com.br\/noticias\/lula-julgamento-defesa-nao-avisada\/\">Saiba mais:\u00a0Triplex: Defesa de Lula diz que n\u00e3o foi avisada e pede que STJ adie julgamento<\/a><\/p>\n<p>Sobre o vice-presidente <strong>Hamilton Mour\u00e3o<\/strong>, Lula disse que acompanha a rela\u00e7\u00e3o conflituosa entre os filhos do presidente e o general. Afirmou ainda que era &#8220;grato\u00a0pelo que ele fez na morte do meu neto [defender que ele fosse ao vel\u00f3rio], ao contr\u00e1rio do filho do Bolsonaro [Eduardo]&#8221;. Na \u00e9poca,<strong> Eduardo Bolsonaro<\/strong> disse em sua conta no Twitter que Lula queria se vitimar diante da morte do menino.<\/p>\n\t<p>\n\t\t<a href=\"https:\/\/lp.suno.com.br\/planilha-de-controle-de-investimentos\/\" target=\"_blank\" data-element=\"shortcode-suno-banner\" title=\"Banner SUNO, clique e saiba mais\">\n\t\t\t<picture>\n\t\t\t\t<source media=\"(max-width: 500px)\" srcset=\"https:\/\/files.sunoresearch.com.br\/n\/uploads\/2023\/03\/400x300-Controle-de-Investimentos.png\">\n\t\t\t\t<img class=\"newsContent__article__imgCapa newsContent__article__imgCapa--banner\"\n\t\t\t\t\tsrc=\"https:\/\/files.sunoresearch.com.br\/n\/uploads\/2023\/03\/1420x240-Controle-de-Investimentos.png\"\n\t\t\t\t\tdata-promo-id=\"75934\"\t\t\t\t\t\t\t\t\t\twidth='1420' height='240'\t\t\t\t\talt=\"https:\/\/files.sunoresearch.com.br\/n\/uploads\/2023\/03\/1420x240-Controle-de-Investimentos.png\"\n\t\t\t\t>\n\t\t\t<\/picture>\n\t\t<\/a>\n\t<\/p>\n\n\n<p><strong>Lula<\/strong> tamb\u00e9m falou sobre a esquerda. Para o ex-presidente, \u00e9 necess\u00e1rio construir uma di\u00e1logo entre os partidos e as lideran\u00e7as. Comentou ainda o caso do senador Cid Gomes (PSB-CE) que afirmou em encontro do PT que &#8220;Lula est\u00e1 preso, babaca&#8221;.\u00a0&#8220;Isso \u00e9 uma verdade. S\u00f3 n\u00e3o precisava chamar os outros de babaca&#8221;, disse.<\/p>\n<h2>Redu\u00e7\u00e3o da pena<\/h2>\n<p>Na \u00faltima ter\u00e7a-feira (23), o ex-presidente Lula teve a pena reduzida por decis\u00e3o un\u00e2nime do <strong>Superior Tribunal de Justi\u00e7a<\/strong> (STJ).<\/p>\n<p>O relator do caso, o ministro do STJ <strong>F\u00e9lix Fischer<\/strong>, decidiu que a soma das condena\u00e7\u00f5es pelos crimes seriam de <strong>8 anos<\/strong>, 10 meses e 20 dias de reclus\u00e3o. <strong>Lula<\/strong> foi acusado de:<\/p>\n<ul>\n<li>corrup\u00e7\u00e3o passiva;<\/li>\n<li>e <strong>lavagem de dinheiro<\/strong>.<\/li>\n<\/ul>\n<p>O ex-presidente havia sido condenado previamente, em segunda inst\u00e2ncia, pelo <strong>TRF4<\/strong> (Tribunal Regional Federal da 4\u00aa Regi\u00e3o) a 12 anos e 1 m\u00eas de pris\u00e3o.<\/p>\n<h2>Entenda o caso de Lula e o triplex<\/h2>\n<p>O <strong>STJ<\/strong> informou na \u00faltima segunda-feira (22) sobre o julgamento do recurso por parte da Quinta Turma da Corte.<\/p>\n<p>Quando Lula foi condenado, o\u00a0TRF-4\u00a0considerou que o <strong>triplex<\/strong> em <strong>Guaruj\u00e1<\/strong>\u00a0(SP) era pagamento de <strong>propina<\/strong> a Lula por parte da construtora OAS.\u00a0O ex-presidente estava preso na Superintend\u00eancia da Pol\u00edcia Federal de Curitiba desde abril do ano passado.<\/p>\n<p>A Quinta Turma do <strong>STJ<\/strong> \u00e9 formada por cinco ministros. Entretanto, um deles Joel Paciornik, declarou-se impedido. Com essa mudan\u00e7a, o recurso de <strong>Lula<\/strong> foi julgado somente por quatro ju\u00edzes:<\/p>\n<ul>\n<li>Felix Fischer (relator da Lava Jato);<\/li>\n<li>Reynaldo Soares (presidente da 5\u00aa Turma);<\/li>\n<li>Jorge Mussi;<\/li>\n<li>Marcelo Navarro Ribeiro Dantas.<\/li>\n<\/ul>\n\t<p>\n\t\t<a href=\"https:\/\/lp.suno.com.br\/planilha-da-vida-financeira\/\" target=\"_blank\" data-element=\"shortcode-suno-banner\" title=\"Banner SUNO, clique e saiba mais\">\n\t\t\t<picture>\n\t\t\t\t<source media=\"(max-width: 500px)\" srcset=\"https:\/\/files.sunoresearch.com.br\/n\/uploads\/2023\/04\/400x300-Planilha-vida-financeira-true.png\">\n\t\t\t\t<img class=\"newsContent__article__imgCapa newsContent__article__imgCapa--banner\"\n\t\t\t\t\tsrc=\"https:\/\/files.sunoresearch.com.br\/n\/uploads\/2023\/04\/1420x240-Planilha-vida-financeira-true.png\"\n\t\t\t\t\tdata-promo-id=\"383123\"\t\t\t\t\t\t\t\t\t\twidth='1420' height='240'\t\t\t\t\talt=\"https:\/\/files.sunoresearch.com.br\/n\/uploads\/2023\/04\/1420x240-Planilha-vida-financeira-true.png\"\n\t\t\t\t>\n\t\t\t<\/picture>\n\t\t<\/a>\n\t<\/p>\n\n\n<h2>Lula se declarou inocente<\/h2>\n<p>O ex-presidente sempre se declarou inocente e os advogados de <strong>Lula<\/strong> afirmam que o Minist\u00e9rio P\u00fabico n\u00e3o produziu provas contra ele. Segundo a defesa, o petista n\u00e3o tem antecedente criminal, nem durante nem depois do mandato.<\/p>\n<p>O <strong>STJ<\/strong> recebeu o recurso em setembro de 2018. Em um primeiro momento, os advogados do ex-presidente pediram a absolvi\u00e7\u00e3o de <strong>Lula.<\/strong> Em alternativa, os legais demandaram a exclus\u00e3o de um dos crimes (<strong>lavagem de dinheiro<\/strong>) para poder obter uma redu\u00e7\u00e3o da pena. Entretanto, em seguida a\u00a0defesa mudou os termos do recurso e pediu a anula\u00e7\u00e3o da condena\u00e7\u00e3o e o envio do processo para a Justi\u00e7a Eleitoral.<\/p>\n<p><a href=\"https:\/\/www.suno.com.br\/noticias\/lula-julgamento-defesa-nao-avisada\/\">Saiba mais &#8211;\u00a0Triplex: Defesa de Lula diz que n\u00e3o foi avisada e pede que STJ adie julgamento<\/a><\/p>\n<p>Os advogados apontaram tamb\u00e9m fatos que levariam a anula\u00e7\u00e3o do processo. Entre elas, a revela\u00e7\u00e3o de que a empreiteira OAS teria pago funcion\u00e1rios para realizar &#8220;ajustes&#8221; nas dela\u00e7\u00f5es. Assim como a exist\u00eancia de um acordo da <strong>Petrobras<\/strong>\u00a0(PETR3) no qual a empresa teria reconhecido erros.<\/p>\n<p>Esse n\u00e3o \u00e9 o primeiro recurso apresentado pela defesa de <strong>Lula.<\/strong> Os advogados recorreram ao <strong>STJ<\/strong> e ao<strong> STF\u00a0<\/strong>. Entretanto, no STF o caso permanecer\u00e1 congelado at\u00e9 o STJ concluir seu julgamento.<\/p>\n<p>No fim do ano passado, uma decis\u00e3o individual do ministro Fischer rejeitou recurso que tentava reverter a condena\u00e7\u00e3o. O juiz considerou que n\u00e3o houve nenhuma ilegalidade no processo. Entretanto, a defesa de <strong>Lula<\/strong> recorreu para que todos os ministros analisassem o caso.<\/p>\n","protected":false},"excerpt":{"rendered":"<p>O ex-presidente Lula disse nesta sexta-feira (26) que o Brasil \u00e9 governado &#8220;por malucos&#8221;. A fala do ex-presidente ocorreu em entrevista exclusiva concedida aos jornais &#8220;Folha de S.Paulo&#8221; e &#8220;El Pa\u00eds&#8221;. Habeas corpus de Lula come\u00e7a a ser julgado pela Segunda Turma do STF \u00c9 a primeira entrevista do ex-presidente Lula ap\u00f3s ser preso em [&hellip;]<\/p>\n","protected":false},"author":14,"featured_media":7871,"comment_status":"closed","ping_status":"closed","sticky":false,"template":"","format":"standard","meta":[],"categories":[61],"tags":[719,709],"suno_strategy":[],"class_list":["post-22498","post","type-post","status-publish","format-standard","has-post-thumbnail","hentry","category-politica","tag-jair-bolsonaro","tag-lula"],"yoast_head":"<!-- This site is optimized with the Yoast SEO plugin v24.4 - https:\/\/yoast.com\/wordpress\/plugins\/seo\/ -->\n<title>Lula diz que &quot;Brasil \u00e9 governado por malucos&quot; em 1\u00aa entrevista na pris\u00e3o<\/title>\n<meta name=\"description\" content=\"\u00c9 a primeira entrevista do ex-presidente Lula ap\u00f3s ser preso em abril de 2018. A decis\u00e3o foi revista pelo presidente do STF. Clique e leia mais\" \/>\n<meta name=\"robots\" content=\"index, follow, max-snippet:-1, max-image-preview:large, max-video-preview:-1\" \/>\n<link rel=\"canonical\" href=\"https:\/\/www.suno.com.br\/noticias\/lula-diz-entrevista-na-prisao\/\" \/>\n<meta property=\"og:locale\" content=\"pt_BR\" \/>\n<meta property=\"og:type\" content=\"article\" \/>\n<meta property=\"og:title\" content=\"Lula diz que &quot;Brasil \u00e9 governado por malucos&quot; em 1\u00aa entrevista na pris\u00e3o\" \/>\n<meta property=\"og:description\" content=\"\u00c9 a primeira entrevista do ex-presidente Lula ap\u00f3s ser preso em abril de 2018. A decis\u00e3o foi revista pelo presidente do STF. Clique e leia mais\" \/>\n<meta property=\"og:url\" content=\"https:\/\/www.suno.com.br\/noticias\/lula-diz-entrevista-na-prisao\/\" \/>\n<meta property=\"og:site_name\" content=\"Suno Not\u00edcias\" \/>\n<meta property=\"article:publisher\" content=\"https:\/\/facebook.com\/sunoresearch\" \/>\n<meta property=\"og:image\" content=\"https:\/\/files.sunoresearch.com.br\/n\/uploads\/2018\/12\/4e5932cc-lula-1024x697.jpg\" \/>\n\t<meta property=\"og:image:width\" content=\"1024\" \/>\n\t<meta property=\"og:image:height\" content=\"697\" \/>\n\t<meta property=\"og:image:type\" content=\"image\/jpeg\" \/>\n<meta name=\"author\" content=\"Renan Dantas\" \/>\n<meta name=\"twitter:card\" content=\"summary_large_image\" \/>\n<meta name=\"twitter:creator\" content=\"@sunoresearch\" \/>\n<meta name=\"twitter:site\" content=\"@sunoresearch\" \/>\n<meta name=\"twitter:label1\" content=\"Escrito por\" \/>\n\t<meta name=\"twitter:data1\" content=\"Renan Dantas\" \/>\n\t<meta name=\"twitter:label2\" content=\"Est. tempo de leitura\" \/>\n\t<meta name=\"twitter:data2\" content=\"5 minutos\" \/>\n<script type=\"application\/ld+json\" class=\"yoast-schema-graph\">{\"@context\":\"https:\/\/schema.org\",\"@graph\":[{\"@type\":\"NewsArticle\",\"@id\":\"https:\/\/www.suno.com.br\/noticias\/lula-diz-entrevista-na-prisao\/#article\",\"isPartOf\":{\"@id\":\"https:\/\/www.suno.com.br\/noticias\/lula-diz-entrevista-na-prisao\/\"},\"author\":{\"name\":\"Renan Dantas\",\"@id\":\"https:\/\/www.suno.com.br\/noticias\/#\/schema\/person\/3f7693d5795a3f6d5ce15309ee785699\"},\"headline\":\"Lula diz que &#8220;Brasil \u00e9 governado por malucos&#8221; em 1\u00aa entrevista na pris\u00e3o\",\"datePublished\":\"2019-04-26T19:42:29+00:00\",\"dateModified\":\"2019-04-26T21:34:25+00:00\",\"mainEntityOfPage\":{\"@id\":\"https:\/\/www.suno.com.br\/noticias\/lula-diz-entrevista-na-prisao\/\"},\"wordCount\":927,\"publisher\":{\"@id\":\"https:\/\/www.suno.com.br\/noticias\/#organization\"},\"image\":{\"@id\":\"https:\/\/www.suno.com.br\/noticias\/lula-diz-entrevista-na-prisao\/#primaryimage\"},\"thumbnailUrl\":\"https:\/\/files.sunoresearch.com.br\/n\/uploads\/2018\/12\/4e5932cc-lula-scaled.webp\",\"keywords\":[\"Jair Bolsonaro\",\"Lula\"],\"articleSection\":[\"Pol\u00edtica\"],\"inLanguage\":\"pt-BR\"},{\"@type\":\"WebPage\",\"@id\":\"https:\/\/www.suno.com.br\/noticias\/lula-diz-entrevista-na-prisao\/\",\"url\":\"https:\/\/www.suno.com.br\/noticias\/lula-diz-entrevista-na-prisao\/\",\"name\":\"Lula diz que \\\"Brasil \u00e9 governado por malucos\\\" em 1\u00aa entrevista na pris\u00e3o\",\"isPartOf\":{\"@id\":\"https:\/\/www.suno.com.br\/noticias\/#website\"},\"primaryImageOfPage\":{\"@id\":\"https:\/\/www.suno.com.br\/noticias\/lula-diz-entrevista-na-prisao\/#primaryimage\"},\"image\":{\"@id\":\"https:\/\/www.suno.com.br\/noticias\/lula-diz-entrevista-na-prisao\/#primaryimage\"},\"thumbnailUrl\":\"https:\/\/files.sunoresearch.com.br\/n\/uploads\/2018\/12\/4e5932cc-lula-scaled.webp\",\"datePublished\":\"2019-04-26T19:42:29+00:00\",\"dateModified\":\"2019-04-26T21:34:25+00:00\",\"description\":\"\u00c9 a primeira entrevista do ex-presidente Lula ap\u00f3s ser preso em abril de 2018. A decis\u00e3o foi revista pelo presidente do STF. Clique e leia mais\",\"breadcrumb\":{\"@id\":\"https:\/\/www.suno.com.br\/noticias\/lula-diz-entrevista-na-prisao\/#breadcrumb\"},\"inLanguage\":\"pt-BR\",\"potentialAction\":[{\"@type\":\"ReadAction\",\"target\":[\"https:\/\/www.suno.com.br\/noticias\/lula-diz-entrevista-na-prisao\/\"]}]},{\"@type\":\"ImageObject\",\"inLanguage\":\"pt-BR\",\"@id\":\"https:\/\/www.suno.com.br\/noticias\/lula-diz-entrevista-na-prisao\/#primaryimage\",\"url\":\"https:\/\/files.sunoresearch.com.br\/n\/uploads\/2018\/12\/4e5932cc-lula-scaled.webp\",\"contentUrl\":\"https:\/\/files.sunoresearch.com.br\/n\/uploads\/2018\/12\/4e5932cc-lula-scaled.webp\",\"width\":2560,\"height\":1742,\"caption\":\"Habeas corpus de Lula come\u00e7a a ser julgado pela Segunda Turma do STF\"},{\"@type\":\"BreadcrumbList\",\"@id\":\"https:\/\/www.suno.com.br\/noticias\/lula-diz-entrevista-na-prisao\/#breadcrumb\",\"itemListElement\":[{\"@type\":\"ListItem\",\"position\":1,\"name\":\"Not\u00edcias\",\"item\":\"https:\/\/www.suno.com.br\/noticias\/\"},{\"@type\":\"ListItem\",\"position\":2,\"name\":\"Pol\u00edtica\",\"item\":\"https:\/\/www.suno.com.br\/noticias\/politica\/\"},{\"@type\":\"ListItem\",\"position\":3,\"name\":\"Lula diz que &#8220;Brasil \u00e9 governado por malucos&#8221; em 1\u00aa entrevista na pris\u00e3o\"}]},{\"@type\":\"WebSite\",\"@id\":\"https:\/\/www.suno.com.br\/noticias\/#website\",\"url\":\"https:\/\/www.suno.com.br\/noticias\/\",\"name\":\"Suno Not\u00edcias\",\"description\":\"Seu portal de informa\u00e7\u00e3o sobre o mundo dos investimentos\",\"publisher\":{\"@id\":\"https:\/\/www.suno.com.br\/noticias\/#organization\"},\"potentialAction\":[{\"@type\":\"SearchAction\",\"target\":{\"@type\":\"EntryPoint\",\"urlTemplate\":\"https:\/\/www.suno.com.br\/noticias\/?s={search_term_string}\"},\"query-input\":{\"@type\":\"PropertyValueSpecification\",\"valueRequired\":true,\"valueName\":\"search_term_string\"}}],\"inLanguage\":\"pt-BR\"},{\"@type\":\"Organization\",\"@id\":\"https:\/\/www.suno.com.br\/noticias\/#organization\",\"name\":\"Suno Not\u00edcias\",\"url\":\"https:\/\/www.suno.com.br\/noticias\/\",\"logo\":{\"@type\":\"ImageObject\",\"inLanguage\":\"pt-BR\",\"@id\":\"https:\/\/www.suno.com.br\/noticias\/#\/schema\/logo\/image\/\",\"url\":\"https:\/\/files.sunoresearch.com.br\/n\/uploads\/2021\/09\/suno-logo.png\",\"contentUrl\":\"https:\/\/files.sunoresearch.com.br\/n\/uploads\/2021\/09\/suno-logo.png\",\"width\":180,\"height\":180,\"caption\":\"Suno Not\u00edcias\"},\"image\":{\"@id\":\"https:\/\/www.suno.com.br\/noticias\/#\/schema\/logo\/image\/\"},\"sameAs\":[\"https:\/\/facebook.com\/sunoresearch\",\"https:\/\/x.com\/sunoresearch\",\"https:\/\/www.instagram.com\/suno\",\"https:\/\/www.linkedin.com\/company\/suno-research\/\",\"https:\/\/www.youtube.com\/c\/sunoresearch\"]},{\"@type\":\"Person\",\"@id\":\"https:\/\/www.suno.com.br\/noticias\/#\/schema\/person\/3f7693d5795a3f6d5ce15309ee785699\",\"name\":\"Renan Dantas\",\"image\":{\"@type\":\"ImageObject\",\"inLanguage\":\"pt-BR\",\"@id\":\"https:\/\/www.suno.com.br\/noticias\/#\/schema\/person\/image\/\",\"url\":\"https:\/\/secure.gravatar.com\/avatar\/1787b83e7484a08e51d62ac8b41c8396?s=96&r=g\",\"contentUrl\":\"https:\/\/secure.gravatar.com\/avatar\/1787b83e7484a08e51d62ac8b41c8396?s=96&r=g\",\"caption\":\"Renan Dantas\"},\"description\":\"Escreve sobre pol\u00edtica e mercado financeiro para o portal Suno Not\u00edcias. Antes, atuou na assessoria de comunica\u00e7\u00e3o do Minist\u00e9rio P\u00fablico do Trabalho e na R\u00e1dio Mackenzie, onde apresentava e produzia um programa sobre artistas da m\u00fasica brasileira. \u00c9 estudante na Universidade Presbiteriana Mackenzie.\",\"url\":\"https:\/\/www.suno.com.br\/noticias\/author\/renan-dantas\/\"}]}<\/script>\n<!-- \/ Yoast SEO plugin. -->","yoast_head_json":{"title":"Lula diz que \"Brasil \u00e9 governado por malucos\" em 1\u00aa entrevista na pris\u00e3o","description":"\u00c9 a primeira entrevista do ex-presidente Lula ap\u00f3s ser preso em abril de 2018. A decis\u00e3o foi revista pelo presidente do STF. Clique e leia mais","robots":{"index":"index","follow":"follow","max-snippet":"max-snippet:-1","max-image-preview":"max-image-preview:large","max-video-preview":"max-video-preview:-1"},"canonical":"https:\/\/www.suno.com.br\/noticias\/lula-diz-entrevista-na-prisao\/","og_locale":"pt_BR","og_type":"article","og_title":"Lula diz que \"Brasil \u00e9 governado por malucos\" em 1\u00aa entrevista na pris\u00e3o","og_description":"\u00c9 a primeira entrevista do ex-presidente Lula ap\u00f3s ser preso em abril de 2018. A decis\u00e3o foi revista pelo presidente do STF. Clique e leia mais","og_url":"https:\/\/www.suno.com.br\/noticias\/lula-diz-entrevista-na-prisao\/","og_site_name":"Suno Not\u00edcias","article_publisher":"https:\/\/facebook.com\/sunoresearch","og_image":[{"width":1024,"height":697,"url":"https:\/\/files.sunoresearch.com.br\/n\/uploads\/2018\/12\/4e5932cc-lula-1024x697.jpg","type":"image\/jpeg"}],"author":"Renan Dantas","twitter_card":"summary_large_image","twitter_creator":"@sunoresearch","twitter_site":"@sunoresearch","twitter_misc":{"Escrito por":"Renan Dantas","Est. tempo de leitura":"5 minutos"},"schema":{"@context":"https:\/\/schema.org","@graph":[{"@type":"NewsArticle","@id":"https:\/\/www.suno.com.br\/noticias\/lula-diz-entrevista-na-prisao\/#article","isPartOf":{"@id":"https:\/\/www.suno.com.br\/noticias\/lula-diz-entrevista-na-prisao\/"},"author":{"name":"Renan Dantas","@id":"https:\/\/www.suno.com.br\/noticias\/#\/schema\/person\/3f7693d5795a3f6d5ce15309ee785699"},"headline":"Lula diz que &#8220;Brasil \u00e9 governado por malucos&#8221; em 1\u00aa entrevista na pris\u00e3o","datePublished":"2019-04-26T19:42:29+00:00","dateModified":"2019-04-26T21:34:25+00:00","mainEntityOfPage":{"@id":"https:\/\/www.suno.com.br\/noticias\/lula-diz-entrevista-na-prisao\/"},"wordCount":927,"publisher":{"@id":"https:\/\/www.suno.com.br\/noticias\/#organization"},"image":{"@id":"https:\/\/www.suno.com.br\/noticias\/lula-diz-entrevista-na-prisao\/#primaryimage"},"thumbnailUrl":"https:\/\/files.sunoresearch.com.br\/n\/uploads\/2018\/12\/4e5932cc-lula-scaled.webp","keywords":["Jair Bolsonaro","Lula"],"articleSection":["Pol\u00edtica"],"inLanguage":"pt-BR"},{"@type":"WebPage","@id":"https:\/\/www.suno.com.br\/noticias\/lula-diz-entrevista-na-prisao\/","url":"https:\/\/www.suno.com.br\/noticias\/lula-diz-entrevista-na-prisao\/","name":"Lula diz que \"Brasil \u00e9 governado por malucos\" em 1\u00aa entrevista na pris\u00e3o","isPartOf":{"@id":"https:\/\/www.suno.com.br\/noticias\/#website"},"primaryImageOfPage":{"@id":"https:\/\/www.suno.com.br\/noticias\/lula-diz-entrevista-na-prisao\/#primaryimage"},"image":{"@id":"https:\/\/www.suno.com.br\/noticias\/lula-diz-entrevista-na-prisao\/#primaryimage"},"thumbnailUrl":"https:\/\/files.sunoresearch.com.br\/n\/uploads\/2018\/12\/4e5932cc-lula-scaled.webp","datePublished":"2019-04-26T19:42:29+00:00","dateModified":"2019-04-26T21:34:25+00:00","description":"\u00c9 a primeira entrevista do ex-presidente Lula ap\u00f3s ser preso em abril de 2018. A decis\u00e3o foi revista pelo presidente do STF. Clique e leia mais","breadcrumb":{"@id":"https:\/\/www.suno.com.br\/noticias\/lula-diz-entrevista-na-prisao\/#breadcrumb"},"inLanguage":"pt-BR","potentialAction":[{"@type":"ReadAction","target":["https:\/\/www.suno.com.br\/noticias\/lula-diz-entrevista-na-prisao\/"]}]},{"@type":"ImageObject","inLanguage":"pt-BR","@id":"https:\/\/www.suno.com.br\/noticias\/lula-diz-entrevista-na-prisao\/#primaryimage","url":"https:\/\/files.sunoresearch.com.br\/n\/uploads\/2018\/12\/4e5932cc-lula-scaled.webp","contentUrl":"https:\/\/files.sunoresearch.com.br\/n\/uploads\/2018\/12\/4e5932cc-lula-scaled.webp","width":2560,"height":1742,"caption":"Habeas corpus de Lula come\u00e7a a ser julgado pela Segunda Turma do STF"},{"@type":"BreadcrumbList","@id":"https:\/\/www.suno.com.br\/noticias\/lula-diz-entrevista-na-prisao\/#breadcrumb","itemListElement":[{"@type":"ListItem","position":1,"name":"Not\u00edcias","item":"https:\/\/www.suno.com.br\/noticias\/"},{"@type":"ListItem","position":2,"name":"Pol\u00edtica","item":"https:\/\/www.suno.com.br\/noticias\/politica\/"},{"@type":"ListItem","position":3,"name":"Lula diz que &#8220;Brasil \u00e9 governado por malucos&#8221; em 1\u00aa entrevista na pris\u00e3o"}]},{"@type":"WebSite","@id":"https:\/\/www.suno.com.br\/noticias\/#website","url":"https:\/\/www.suno.com.br\/noticias\/","name":"Suno Not\u00edcias","description":"Seu portal de informa\u00e7\u00e3o sobre o mundo dos investimentos","publisher":{"@id":"https:\/\/www.suno.com.br\/noticias\/#organization"},"potentialAction":[{"@type":"SearchAction","target":{"@type":"EntryPoint","urlTemplate":"https:\/\/www.suno.com.br\/noticias\/?s={search_term_string}"},"query-input":{"@type":"PropertyValueSpecification","valueRequired":true,"valueName":"search_term_string"}}],"inLanguage":"pt-BR"},{"@type":"Organization","@id":"https:\/\/www.suno.com.br\/noticias\/#organization","name":"Suno Not\u00edcias","url":"https:\/\/www.suno.com.br\/noticias\/","logo":{"@type":"ImageObject","inLanguage":"pt-BR","@id":"https:\/\/www.suno.com.br\/noticias\/#\/schema\/logo\/image\/","url":"https:\/\/files.sunoresearch.com.br\/n\/uploads\/2021\/09\/suno-logo.png","contentUrl":"https:\/\/files.sunoresearch.com.br\/n\/uploads\/2021\/09\/suno-logo.png","width":180,"height":180,"caption":"Suno Not\u00edcias"},"image":{"@id":"https:\/\/www.suno.com.br\/noticias\/#\/schema\/logo\/image\/"},"sameAs":["https:\/\/facebook.com\/sunoresearch","https:\/\/x.com\/sunoresearch","https:\/\/www.instagram.com\/suno","https:\/\/www.linkedin.com\/company\/suno-research\/","https:\/\/www.youtube.com\/c\/sunoresearch"]},{"@type":"Person","@id":"https:\/\/www.suno.com.br\/noticias\/#\/schema\/person\/3f7693d5795a3f6d5ce15309ee785699","name":"Renan Dantas","image":{"@type":"ImageObject","inLanguage":"pt-BR","@id":"https:\/\/www.suno.com.br\/noticias\/#\/schema\/person\/image\/","url":"https:\/\/secure.gravatar.com\/avatar\/1787b83e7484a08e51d62ac8b41c8396?s=96&r=g","contentUrl":"https:\/\/secure.gravatar.com\/avatar\/1787b83e7484a08e51d62ac8b41c8396?s=96&r=g","caption":"Renan Dantas"},"description":"Escreve sobre pol\u00edtica e mercado financeiro para o portal Suno Not\u00edcias. Antes, atuou na assessoria de comunica\u00e7\u00e3o do Minist\u00e9rio P\u00fablico do Trabalho e na R\u00e1dio Mackenzie, onde apresentava e produzia um programa sobre artistas da m\u00fasica brasileira. \u00c9 estudante na Universidade Presbiteriana Mackenzie.","url":"https:\/\/www.suno.com.br\/noticias\/author\/renan-dantas\/"}]}},"default_loop_html":"<div class=\"cardsPage__listCard__boxs\"><div class=\"cardsPage__listCard__boxs__img\"><a href=\"https:\/\/www.suno.com.br\/noticias\/lula-diz-entrevista-na-prisao\/\"><img class=\"mask\" src=\"https:\/\/www.suno.com.br\/noticias\/wp-content\/themes\/suno\/resources\/images\/spotlight\/spotlight1img\/bg-mask.png\" alt=\"Image Mask\"\/><img src=\"https:\/\/files.sunoresearch.com.br\/n\/uploads\/2018\/12\/4e5932cc-lula-400x200.webp\" alt=\"Lula diz que &#8220;Brasil \u00e9 governado por malucos&#8221; em 1\u00aa entrevista na pris\u00e3o\"\/><\/a><span class=\"spotlightCategory\"><a href=\"https:\/\/www.suno.com.br\/noticias\/politica\/\">Pol\u00edtica<\/a><\/span><\/div><div class=\"cardsPage__listCard__boxs__content\"><a href=\"https:\/\/www.suno.com.br\/noticias\/lula-diz-entrevista-na-prisao\/\"><h2 class=\"content__title\">Lula diz que &#8220;Brasil \u00e9 governado por malucos&#8221; em 1\u00aa entrevista na pris\u00e3o<\/h2><\/a><div class=\"newsContent__article__meta\"><div class=\"newsContent__article__meta__authorBox\"><a href=\"https:\/\/www.suno.com.br\/noticias\/author\/renan-dantas\/\" class=\"authorBox__avatar noMobi\"><img src=\"https:\/\/secure.gravatar.com\/avatar\/1787b83e7484a08e51d62ac8b41c8396?s=96&#038;r=g\" alt=\"Renan Dantas\"><\/a><div class=\"authorBox__name\"><span>por\n\t\t\t<a href=\"https:\/\/www.suno.com.br\/noticias\/author\/renan-dantas\/\"><span itemprop=\"author\">Renan Dantas<\/span><\/a><\/span><time datetime=\"2019-04-26T16:42:29-03:00\" itemprop=\"datePublished\">26\/04\/2019 16:42<\/time><\/div><\/div><\/div><\/div><\/div>","single_layout":"posts","amp_enabled":true,"_links":{"self":[{"href":"https:\/\/www.suno.com.br\/noticias\/wp-json\/wp\/v2\/posts\/22498"}],"collection":[{"href":"https:\/\/www.suno.com.br\/noticias\/wp-json\/wp\/v2\/posts"}],"about":[{"href":"https:\/\/www.suno.com.br\/noticias\/wp-json\/wp\/v2\/types\/post"}],"author":[{"embeddable":true,"href":"https:\/\/www.suno.com.br\/noticias\/wp-json\/wp\/v2\/users\/14"}],"replies":[{"embeddable":true,"href":"https:\/\/www.suno.com.br\/noticias\/wp-json\/wp\/v2\/comments?post=22498"}],"version-history":[{"count":0,"href":"https:\/\/www.suno.com.br\/noticias\/wp-json\/wp\/v2\/posts\/22498\/revisions"}],"wp:featuredmedia":[{"embeddable":true,"href":"https:\/\/www.suno.com.br\/noticias\/wp-json\/wp\/v2\/media\/7871"}],"wp:attachment":[{"href":"https:\/\/www.suno.com.br\/noticias\/wp-json\/wp\/v2\/media?parent=22498"}],"wp:term":[{"taxonomy":"category","embeddable":true,"href":"https:\/\/www.suno.com.br\/noticias\/wp-json\/wp\/v2\/categories?post=22498"},{"taxonomy":"post_tag","embeddable":true,"href":"https:\/\/www.suno.com.br\/noticias\/wp-json\/wp\/v2\/tags?post=22498"},{"taxonomy":"suno_strategy","embeddable":true,"href":"https:\/\/www.suno.com.br\/noticias\/wp-json\/wp\/v2\/suno_strategy?post=22498"}],"curies":[{"name":"wp","href":"https:\/\/api.w.org\/{rel}","templated":true}]}}