{"id":224861,"date":"2022-01-24T13:11:59","date_gmt":"2022-01-24T16:11:59","guid":{"rendered":"https:\/\/www.suno.com.br\/noticias\/?p=224861"},"modified":"2022-01-24T13:11:59","modified_gmt":"2022-01-24T16:11:59","slug":"ccr-ccro3-contrato-aeroporto-pampulha-minas","status":"publish","type":"post","link":"https:\/\/www.suno.com.br\/noticias\/ccr-ccro3-contrato-aeroporto-pampulha-minas\/","title":{"rendered":"CCR (CCRO3) assina contrato para assumir Aeroporto da Pampulha"},"content":{"rendered":"<p>A <strong>CCR<\/strong> (CCRO3) anunciou a celebra\u00e7\u00e3o de contrato com o governo de Minas Gerais de concess\u00e3o do Aeroporto Carlos Drummond de Andrade, o Aeroporto da Pampulha, na regi\u00e3o metropolitana de Belo Horizonte (MG), pelos pr\u00f3ximos trinta anos.<\/p>\t<div class=\"wrapper-featured-image\">\n\t\t<figure class=\"spotlightImg\">\n\n\t\t\t<picture>\n\t\t\t\t<source media=\"(max-width: 768px)\" srcset=\"https:\/\/files.sunoresearch.com.br\/n\/uploads\/2022\/01\/Leilao-da-Pampulha-400x200.jpg\">\n\t\t\t\t<img loading=\"lazy\" decoding=\"async\" class=\"newsContent__article__imgCapa lazyloadDisabled \" src=\"https:\/\/files.sunoresearch.com.br\/n\/uploads\/2022\/01\/Leilao-da-Pampulha-800x450.jpg\" width=\"800\" height=\"450\" alt=\"CCR (CCRO3) assina contrato para assumir Aeroporto da Pampulha\" fetchpriority=high \/>\n\t\t\t<\/picture>\n\n\t\t\t<figcaption class=\"wp-caption-text wp-caption-text--show\">Leil\u00e3o de outorga que concedeu o Aeroporto da Pampulha \u00e0 CCR. Na imagem, o governador de Minas, Romeu Zema. Foto: Cristiano Machado\/ Imprensa MG.<\/figcaption>\n\t\t<\/figure>\n\t<\/div>\n\n\n\t<p>\n\t\t<a href=\"https:\/\/lp.suno.com.br\/planilha-controle-gastos\/\" target=\"_blank\" data-element=\"shortcode-suno-banner\" title=\"Banner SUNO, clique e saiba mais\">\n\t\t\t<picture>\n\t\t\t\t<source media=\"(max-width: 500px)\" srcset=\"https:\/\/files.sunoresearch.com.br\/n\/uploads\/2023\/03\/400x300-Planilha-controle-de-gastos.png\">\n\t\t\t\t<img class=\"newsContent__article__imgCapa newsContent__article__imgCapa--banner\"\n\t\t\t\t\tsrc=\"https:\/\/files.sunoresearch.com.br\/n\/uploads\/2023\/03\/1420x240-Planilha-controle-de-gastos.png\"\n\t\t\t\t\tdata-promo-id=\"101751\"\t\t\t\t\t\t\t\t\t\twidth='1420' height='240'\t\t\t\t\talt=\"https:\/\/files.sunoresearch.com.br\/n\/uploads\/2023\/03\/1420x240-Planilha-controle-de-gastos.png\"\n\t\t\t\t>\n\t\t\t<\/picture>\n\t\t<\/a>\n\t<\/p>\n\n\n<p>Segundo <a class=\"suno-keyword\" href=\"https:\/\/www.suno.com.br\/artigos\/fato-relevante\/\" target=\"_blank\" rel=\"noopener\" data-force=\"no\" data-priority=\"1\">fato relevante<\/a> ao mercado, a concession\u00e1ria fica respons\u00e1vel pelos &#8220;servi\u00e7os p\u00fablicos de explora\u00e7\u00e3o, amplia\u00e7\u00e3o e manuten\u00e7\u00e3o&#8221; do terminal a\u00e9reo.<\/p>\n<p>&#8220;A assinatura do contrato de concess\u00e3o representa a concretiza\u00e7\u00e3o de mais uma importante etapa do planejamento estrat\u00e9gico do Grupo CCR, que visa o seu crescimento qualificado, disciplina de capital, agregar valor aos acionistas e contribuir para o desenvolvimento socioecon\u00f4mico e ambiental das regi\u00f5es onde atua&#8221;, informou a empresa.<\/p>\n\t<p>\n\t\t<a href=\"https:\/\/lp.suno.com.br\/planilha-da-vida-financeira\/\" target=\"_blank\" data-element=\"shortcode-suno-banner\" title=\"Banner SUNO, clique e saiba mais\">\n\t\t\t<picture>\n\t\t\t\t<source media=\"(max-width: 500px)\" srcset=\"https:\/\/files.sunoresearch.com.br\/n\/uploads\/2023\/04\/400x300-Planilha-vida-financeira-true.png\">\n\t\t\t\t<img class=\"newsContent__article__imgCapa newsContent__article__imgCapa--banner\"\n\t\t\t\t\tsrc=\"https:\/\/files.sunoresearch.com.br\/n\/uploads\/2023\/04\/1420x240-Planilha-vida-financeira-true.png\"\n\t\t\t\t\tdata-promo-id=\"106682\"\t\t\t\t\t\t\t\t\t\twidth='1420' height='240'\t\t\t\t\talt=\"https:\/\/files.sunoresearch.com.br\/n\/uploads\/2023\/04\/1420x240-Planilha-vida-financeira-true.png\"\n\t\t\t\t>\n\t\t\t<\/picture>\n\t\t<\/a>\n\t<\/p>\n\n\n<h2>CCR arrematou a concess\u00e3o do aeroporto por R$ 34 milh\u00f5es<\/h2>\n<p>A concess\u00e3o do <strong>Aeroporto da Pampulha<\/strong> foi arrematada pela CCR por R$ 34 milh\u00f5es, um \u00e1gio de 245% sobre o valor m\u00ednimo de R$ 9,8 milh\u00f5es, conforme sess\u00e3o p\u00fablica na <a class=\"suno-keyword\" href=\"https:\/\/www.suno.com.br\/guias\/bolsa-de-valores\/\" target=\"_blank\" rel=\"noopener\" data-force=\"no\" data-priority=\"3\">Bolsa de Valores<\/a> de S\u00e3o Paulo, no come\u00e7o de outubro do ano passado.<\/p>\n<p>A CCR disputou e venceu a proposta do Cons\u00f3rcio ASA, que havia oferecido R$ 33 milh\u00f5es.<\/p>\n<p>Al\u00e9m da outorga, a companhia tamb\u00e9m se comprometeu no certame a investir R$ 151 milh\u00f5es enquanto durar o per\u00edodo de concess\u00e3o, com o objetivo de transformar o aeroporto &#8220;no principal centro de <strong>avia\u00e7\u00e3o executiva<\/strong> do pa\u00eds&#8221;. Destes, R$ 65 milh\u00f5es ser\u00e3o aplicados nos 36 primeiros meses.<\/p>\n<p>A <strong>Pampulha<\/strong> complementa o portfolio da CCR em terminais aeroportu\u00e1rios que inclui tamb\u00e9m participa\u00e7\u00e3o na administra\u00e7\u00e3o do Aeroporto Internacional Tancredo Neves, o <strong>Aeroporto de Confins<\/strong>, tamb\u00e9m na regi\u00e3o metropolitana da capital minera, al\u00e9m de 16 terminais.<\/p>\n\t<p>\n\t\t<a href=\"https:\/\/lp.suno.com.br\/ebook-como-analisar-uma-acao\/\" target=\"_blank\" data-element=\"shortcode-suno-banner\" title=\"Banner SUNO, clique e saiba mais\">\n\t\t\t<picture>\n\t\t\t\t<source media=\"(max-width: 500px)\" srcset=\"https:\/\/files.sunoresearch.com.br\/n\/uploads\/2023\/03\/Ebook-Acoes-Mobile-1.jpg\">\n\t\t\t\t<img class=\"newsContent__article__imgCapa newsContent__article__imgCapa--banner\"\n\t\t\t\t\tsrc=\"https:\/\/files.sunoresearch.com.br\/n\/uploads\/2023\/03\/Ebook-Acoes-Desktop-1.jpg\"\n\t\t\t\t\tdata-promo-id=\"171998\"\t\t\t\t\t\t\t\t\t\twidth='1420' height='286'\t\t\t\t\talt=\"https:\/\/files.sunoresearch.com.br\/n\/uploads\/2023\/03\/Ebook-Acoes-Desktop-1.jpg\"\n\t\t\t\t>\n\t\t\t<\/picture>\n\t\t<\/a>\n\t<\/p>\n\n\n<p>Segundo o governador de Minas, <strong><a class=\"suno-keyword\" href=\"https:\/\/www.suno.com.br\/tudo-sobre\/romeu-zema\/\" target=\"_blank\" rel=\"noopener\" data-force=\"no\" data-priority=\"2\">Romeu Zema<\/a><\/strong>, durante o leil\u00e3o do aeroporto na B3: &#8220;Aquela \u00e1rea que est\u00e1 esquecida em Belo Horizonte passar\u00e1 a receber grandes investimentos e trazer melhorias para toda a regi\u00e3o. \u00c9 disso que Minas precisa, de investimentos que v\u00e3o gerar empregos e desenvolvimento. Por isso estou aqui carregando essa bandeira. Queremos uma Minas Gerais melhor\u201d.<\/p>\n<p>Durante a cerim\u00f4nia, a CEO da CCR, <strong>Cristiane Gomes<\/strong>, afirmou: \u201cTemos certeza de que, junto com o governo, iremos fazer, de fato, com que o aeroporto seja um indutor de desenvolvimento, de gera\u00e7\u00e3o de emprego e de renda. Essa sinergia trar\u00e1 melhorias para a cidade de Belo Horizonte, para os passageiros e para os neg\u00f3cios na regi\u00e3o\u201d.<\/p>\n<p>O projeto de moderniza\u00e7\u00e3o do aeroporto pela <strong>CCR<\/strong> estima a arrecada\u00e7\u00e3o de R$ 99 milh\u00f5es em impostos federais, estaduais e municipais.<\/p>\n\t<p>\n\t\t<a href=\"https:\/\/lp.suno.com.br\/planilha-de-controle-de-investimentos\/\" target=\"_blank\" data-element=\"shortcode-suno-banner\" title=\"Banner SUNO, clique e saiba mais\">\n\t\t\t<picture>\n\t\t\t\t<source media=\"(max-width: 500px)\" srcset=\"https:\/\/files.sunoresearch.com.br\/n\/uploads\/2023\/03\/400x300-Controle-de-Investimentos.png\">\n\t\t\t\t<img class=\"newsContent__article__imgCapa newsContent__article__imgCapa--banner\"\n\t\t\t\t\tsrc=\"https:\/\/files.sunoresearch.com.br\/n\/uploads\/2023\/03\/1420x240-Controle-de-Investimentos.png\"\n\t\t\t\t\tdata-promo-id=\"75934\"\t\t\t\t\t\t\t\t\t\twidth='1420' height='240'\t\t\t\t\talt=\"https:\/\/files.sunoresearch.com.br\/n\/uploads\/2023\/03\/1420x240-Controle-de-Investimentos.png\"\n\t\t\t\t>\n\t\t\t<\/picture>\n\t\t<\/a>\n\t<\/p>\n\n\n","protected":false},"excerpt":{"rendered":"<p>A CCR (CCRO3) anunciou a celebra\u00e7\u00e3o de contrato com o governo de Minas Gerais de concess\u00e3o do Aeroporto Carlos Drummond de Andrade, o Aeroporto da Pampulha, na regi\u00e3o metropolitana de Belo Horizonte (MG), pelos pr\u00f3ximos trinta anos. Leil\u00e3o de outorga que concedeu o Aeroporto da Pampulha \u00e0 CCR. Na imagem, o governador de Minas, Romeu [&hellip;]<\/p>\n","protected":false},"author":145,"featured_media":224874,"comment_status":"closed","ping_status":"closed","sticky":false,"template":"","format":"standard","meta":[],"categories":[64],"tags":[1085,407,921,922],"suno_strategy":[],"class_list":["post-224861","post","type-post","status-publish","format-standard","has-post-thumbnail","hentry","category-negocios","tag-aeroportos","tag-ccr-ccro3","tag-minas-gerais","tag-romeu-zema"],"yoast_head":"<!-- This site is optimized with the Yoast SEO plugin v24.4 - https:\/\/yoast.com\/wordpress\/plugins\/seo\/ -->\n<title>CCR (CCRO3) assina contrato para assumir Aeroporto da Pampulha<\/title>\n<meta name=\"description\" content=\"CCR (CCRO3) assinou na semana passada contrato para assumir administra\u00e7\u00e3o do Aeroporto da Pampulha do governo mineiro. Clique e saiba mais.\" \/>\n<meta name=\"robots\" content=\"index, follow, max-snippet:-1, max-image-preview:large, max-video-preview:-1\" \/>\n<link rel=\"canonical\" href=\"https:\/\/www.suno.com.br\/noticias\/ccr-ccro3-contrato-aeroporto-pampulha-minas\/\" \/>\n<meta property=\"og:locale\" content=\"pt_BR\" \/>\n<meta property=\"og:type\" content=\"article\" \/>\n<meta property=\"og:title\" content=\"CCR (CCRO3) assina contrato para assumir Aeroporto da Pampulha\" \/>\n<meta property=\"og:description\" content=\"CCR (CCRO3) assinou na semana passada contrato para assumir administra\u00e7\u00e3o do Aeroporto da Pampulha do governo mineiro. Clique e saiba mais.\" \/>\n<meta property=\"og:url\" content=\"https:\/\/www.suno.com.br\/noticias\/ccr-ccro3-contrato-aeroporto-pampulha-minas\/\" \/>\n<meta property=\"og:site_name\" content=\"Suno Not\u00edcias\" \/>\n<meta property=\"article:publisher\" content=\"https:\/\/facebook.com\/sunoresearch\" \/>\n<meta property=\"og:image\" content=\"https:\/\/files.sunoresearch.com.br\/n\/uploads\/2022\/01\/Leilao-da-Pampulha.jpg\" \/>\n\t<meta property=\"og:image:width\" content=\"2048\" \/>\n\t<meta property=\"og:image:height\" content=\"1366\" \/>\n\t<meta property=\"og:image:type\" content=\"image\/jpeg\" \/>\n<meta name=\"author\" content=\"Pedro Caramuru\" \/>\n<meta name=\"twitter:card\" content=\"summary_large_image\" \/>\n<meta name=\"twitter:creator\" content=\"@sunoresearch\" \/>\n<meta name=\"twitter:site\" content=\"@sunoresearch\" \/>\n<meta name=\"twitter:label1\" content=\"Escrito por\" \/>\n\t<meta name=\"twitter:data1\" content=\"Pedro Caramuru\" \/>\n\t<meta name=\"twitter:label2\" content=\"Est. tempo de leitura\" \/>\n\t<meta name=\"twitter:data2\" content=\"2 minutos\" \/>\n<script type=\"application\/ld+json\" class=\"yoast-schema-graph\">{\"@context\":\"https:\/\/schema.org\",\"@graph\":[{\"@type\":\"NewsArticle\",\"@id\":\"https:\/\/www.suno.com.br\/noticias\/ccr-ccro3-contrato-aeroporto-pampulha-minas\/#article\",\"isPartOf\":{\"@id\":\"https:\/\/www.suno.com.br\/noticias\/ccr-ccro3-contrato-aeroporto-pampulha-minas\/\"},\"author\":{\"name\":\"Pedro Caramuru\",\"@id\":\"https:\/\/www.suno.com.br\/noticias\/#\/schema\/person\/8d020643938f12a823508eb0e5fda407\"},\"headline\":\"CCR (CCRO3) assina contrato para assumir Aeroporto da Pampulha\",\"datePublished\":\"2022-01-24T16:11:59+00:00\",\"mainEntityOfPage\":{\"@id\":\"https:\/\/www.suno.com.br\/noticias\/ccr-ccro3-contrato-aeroporto-pampulha-minas\/\"},\"wordCount\":458,\"publisher\":{\"@id\":\"https:\/\/www.suno.com.br\/noticias\/#organization\"},\"image\":{\"@id\":\"https:\/\/www.suno.com.br\/noticias\/ccr-ccro3-contrato-aeroporto-pampulha-minas\/#primaryimage\"},\"thumbnailUrl\":\"https:\/\/files.sunoresearch.com.br\/n\/uploads\/2022\/01\/Leilao-da-Pampulha.jpg\",\"keywords\":[\"aeroportos\",\"CCR (CCRO3)\",\"Minas Gerais\",\"Romeu Zema\"],\"articleSection\":[\"Neg\u00f3cios\"],\"inLanguage\":\"pt-BR\"},{\"@type\":\"WebPage\",\"@id\":\"https:\/\/www.suno.com.br\/noticias\/ccr-ccro3-contrato-aeroporto-pampulha-minas\/\",\"url\":\"https:\/\/www.suno.com.br\/noticias\/ccr-ccro3-contrato-aeroporto-pampulha-minas\/\",\"name\":\"CCR (CCRO3) assina contrato para assumir Aeroporto da Pampulha\",\"isPartOf\":{\"@id\":\"https:\/\/www.suno.com.br\/noticias\/#website\"},\"primaryImageOfPage\":{\"@id\":\"https:\/\/www.suno.com.br\/noticias\/ccr-ccro3-contrato-aeroporto-pampulha-minas\/#primaryimage\"},\"image\":{\"@id\":\"https:\/\/www.suno.com.br\/noticias\/ccr-ccro3-contrato-aeroporto-pampulha-minas\/#primaryimage\"},\"thumbnailUrl\":\"https:\/\/files.sunoresearch.com.br\/n\/uploads\/2022\/01\/Leilao-da-Pampulha.jpg\",\"datePublished\":\"2022-01-24T16:11:59+00:00\",\"description\":\"CCR (CCRO3) assinou na semana passada contrato para assumir administra\u00e7\u00e3o do Aeroporto da Pampulha do governo mineiro. Clique e saiba mais.\",\"breadcrumb\":{\"@id\":\"https:\/\/www.suno.com.br\/noticias\/ccr-ccro3-contrato-aeroporto-pampulha-minas\/#breadcrumb\"},\"inLanguage\":\"pt-BR\",\"potentialAction\":[{\"@type\":\"ReadAction\",\"target\":[\"https:\/\/www.suno.com.br\/noticias\/ccr-ccro3-contrato-aeroporto-pampulha-minas\/\"]}]},{\"@type\":\"ImageObject\",\"inLanguage\":\"pt-BR\",\"@id\":\"https:\/\/www.suno.com.br\/noticias\/ccr-ccro3-contrato-aeroporto-pampulha-minas\/#primaryimage\",\"url\":\"https:\/\/files.sunoresearch.com.br\/n\/uploads\/2022\/01\/Leilao-da-Pampulha.jpg\",\"contentUrl\":\"https:\/\/files.sunoresearch.com.br\/n\/uploads\/2022\/01\/Leilao-da-Pampulha.jpg\",\"width\":2048,\"height\":1366,\"caption\":\"Leil\u00e3o de outorga que concedeu o Aeroporto da Pampulha \u00e0 CCR. Na imagem, o governador de Minas, Romeu Zema. Foto: Cristiano Machado\/ Imprensa MG.\"},{\"@type\":\"BreadcrumbList\",\"@id\":\"https:\/\/www.suno.com.br\/noticias\/ccr-ccro3-contrato-aeroporto-pampulha-minas\/#breadcrumb\",\"itemListElement\":[{\"@type\":\"ListItem\",\"position\":1,\"name\":\"Not\u00edcias\",\"item\":\"https:\/\/www.suno.com.br\/noticias\/\"},{\"@type\":\"ListItem\",\"position\":2,\"name\":\"Neg\u00f3cios\",\"item\":\"https:\/\/www.suno.com.br\/noticias\/negocios\/\"},{\"@type\":\"ListItem\",\"position\":3,\"name\":\"CCR (CCRO3) assina contrato para assumir Aeroporto da Pampulha\"}]},{\"@type\":\"WebSite\",\"@id\":\"https:\/\/www.suno.com.br\/noticias\/#website\",\"url\":\"https:\/\/www.suno.com.br\/noticias\/\",\"name\":\"Suno Not\u00edcias\",\"description\":\"Seu portal de informa\u00e7\u00e3o sobre o mundo dos investimentos\",\"publisher\":{\"@id\":\"https:\/\/www.suno.com.br\/noticias\/#organization\"},\"potentialAction\":[{\"@type\":\"SearchAction\",\"target\":{\"@type\":\"EntryPoint\",\"urlTemplate\":\"https:\/\/www.suno.com.br\/noticias\/?s={search_term_string}\"},\"query-input\":{\"@type\":\"PropertyValueSpecification\",\"valueRequired\":true,\"valueName\":\"search_term_string\"}}],\"inLanguage\":\"pt-BR\"},{\"@type\":\"Organization\",\"@id\":\"https:\/\/www.suno.com.br\/noticias\/#organization\",\"name\":\"Suno Not\u00edcias\",\"url\":\"https:\/\/www.suno.com.br\/noticias\/\",\"logo\":{\"@type\":\"ImageObject\",\"inLanguage\":\"pt-BR\",\"@id\":\"https:\/\/www.suno.com.br\/noticias\/#\/schema\/logo\/image\/\",\"url\":\"https:\/\/files.sunoresearch.com.br\/n\/uploads\/2021\/09\/suno-logo.png\",\"contentUrl\":\"https:\/\/files.sunoresearch.com.br\/n\/uploads\/2021\/09\/suno-logo.png\",\"width\":180,\"height\":180,\"caption\":\"Suno Not\u00edcias\"},\"image\":{\"@id\":\"https:\/\/www.suno.com.br\/noticias\/#\/schema\/logo\/image\/\"},\"sameAs\":[\"https:\/\/facebook.com\/sunoresearch\",\"https:\/\/x.com\/sunoresearch\",\"https:\/\/www.instagram.com\/suno\",\"https:\/\/www.linkedin.com\/company\/suno-research\/\",\"https:\/\/www.youtube.com\/c\/sunoresearch\"]},{\"@type\":\"Person\",\"@id\":\"https:\/\/www.suno.com.br\/noticias\/#\/schema\/person\/8d020643938f12a823508eb0e5fda407\",\"name\":\"Pedro Caramuru\",\"image\":{\"@type\":\"ImageObject\",\"inLanguage\":\"pt-BR\",\"@id\":\"https:\/\/www.suno.com.br\/noticias\/#\/schema\/person\/image\/\",\"url\":\"https:\/\/secure.gravatar.com\/avatar\/1a3f15d3553507ae7a2debc6ea0ad87b?s=96&r=g\",\"contentUrl\":\"https:\/\/secure.gravatar.com\/avatar\/1a3f15d3553507ae7a2debc6ea0ad87b?s=96&r=g\",\"caption\":\"Pedro Caramuru\"},\"description\":\"Rep\u00f3rter de economia, mercado e pol\u00edtica brasileira para o Suno Not\u00edcias. Formado em jornalismo. J\u00e1 escreveu sobre pol\u00edtica e mercados internacionais para o Broadcast e Estad\u00e3o.\",\"url\":\"https:\/\/www.suno.com.br\/noticias\/author\/pedro-caramurusuno-com-br\/\"}]}<\/script>\n<!-- \/ Yoast SEO plugin. -->","yoast_head_json":{"title":"CCR (CCRO3) assina contrato para assumir Aeroporto da Pampulha","description":"CCR (CCRO3) assinou na semana passada contrato para assumir administra\u00e7\u00e3o do Aeroporto da Pampulha do governo mineiro. Clique e saiba mais.","robots":{"index":"index","follow":"follow","max-snippet":"max-snippet:-1","max-image-preview":"max-image-preview:large","max-video-preview":"max-video-preview:-1"},"canonical":"https:\/\/www.suno.com.br\/noticias\/ccr-ccro3-contrato-aeroporto-pampulha-minas\/","og_locale":"pt_BR","og_type":"article","og_title":"CCR (CCRO3) assina contrato para assumir Aeroporto da Pampulha","og_description":"CCR (CCRO3) assinou na semana passada contrato para assumir administra\u00e7\u00e3o do Aeroporto da Pampulha do governo mineiro. Clique e saiba mais.","og_url":"https:\/\/www.suno.com.br\/noticias\/ccr-ccro3-contrato-aeroporto-pampulha-minas\/","og_site_name":"Suno Not\u00edcias","article_publisher":"https:\/\/facebook.com\/sunoresearch","og_image":[{"width":2048,"height":1366,"url":"https:\/\/files.sunoresearch.com.br\/n\/uploads\/2022\/01\/Leilao-da-Pampulha.jpg","type":"image\/jpeg"}],"author":"Pedro Caramuru","twitter_card":"summary_large_image","twitter_creator":"@sunoresearch","twitter_site":"@sunoresearch","twitter_misc":{"Escrito por":"Pedro Caramuru","Est. tempo de leitura":"2 minutos"},"schema":{"@context":"https:\/\/schema.org","@graph":[{"@type":"NewsArticle","@id":"https:\/\/www.suno.com.br\/noticias\/ccr-ccro3-contrato-aeroporto-pampulha-minas\/#article","isPartOf":{"@id":"https:\/\/www.suno.com.br\/noticias\/ccr-ccro3-contrato-aeroporto-pampulha-minas\/"},"author":{"name":"Pedro Caramuru","@id":"https:\/\/www.suno.com.br\/noticias\/#\/schema\/person\/8d020643938f12a823508eb0e5fda407"},"headline":"CCR (CCRO3) assina contrato para assumir Aeroporto da Pampulha","datePublished":"2022-01-24T16:11:59+00:00","mainEntityOfPage":{"@id":"https:\/\/www.suno.com.br\/noticias\/ccr-ccro3-contrato-aeroporto-pampulha-minas\/"},"wordCount":458,"publisher":{"@id":"https:\/\/www.suno.com.br\/noticias\/#organization"},"image":{"@id":"https:\/\/www.suno.com.br\/noticias\/ccr-ccro3-contrato-aeroporto-pampulha-minas\/#primaryimage"},"thumbnailUrl":"https:\/\/files.sunoresearch.com.br\/n\/uploads\/2022\/01\/Leilao-da-Pampulha.jpg","keywords":["aeroportos","CCR (CCRO3)","Minas Gerais","Romeu Zema"],"articleSection":["Neg\u00f3cios"],"inLanguage":"pt-BR"},{"@type":"WebPage","@id":"https:\/\/www.suno.com.br\/noticias\/ccr-ccro3-contrato-aeroporto-pampulha-minas\/","url":"https:\/\/www.suno.com.br\/noticias\/ccr-ccro3-contrato-aeroporto-pampulha-minas\/","name":"CCR (CCRO3) assina contrato para assumir Aeroporto da Pampulha","isPartOf":{"@id":"https:\/\/www.suno.com.br\/noticias\/#website"},"primaryImageOfPage":{"@id":"https:\/\/www.suno.com.br\/noticias\/ccr-ccro3-contrato-aeroporto-pampulha-minas\/#primaryimage"},"image":{"@id":"https:\/\/www.suno.com.br\/noticias\/ccr-ccro3-contrato-aeroporto-pampulha-minas\/#primaryimage"},"thumbnailUrl":"https:\/\/files.sunoresearch.com.br\/n\/uploads\/2022\/01\/Leilao-da-Pampulha.jpg","datePublished":"2022-01-24T16:11:59+00:00","description":"CCR (CCRO3) assinou na semana passada contrato para assumir administra\u00e7\u00e3o do Aeroporto da Pampulha do governo mineiro. Clique e saiba mais.","breadcrumb":{"@id":"https:\/\/www.suno.com.br\/noticias\/ccr-ccro3-contrato-aeroporto-pampulha-minas\/#breadcrumb"},"inLanguage":"pt-BR","potentialAction":[{"@type":"ReadAction","target":["https:\/\/www.suno.com.br\/noticias\/ccr-ccro3-contrato-aeroporto-pampulha-minas\/"]}]},{"@type":"ImageObject","inLanguage":"pt-BR","@id":"https:\/\/www.suno.com.br\/noticias\/ccr-ccro3-contrato-aeroporto-pampulha-minas\/#primaryimage","url":"https:\/\/files.sunoresearch.com.br\/n\/uploads\/2022\/01\/Leilao-da-Pampulha.jpg","contentUrl":"https:\/\/files.sunoresearch.com.br\/n\/uploads\/2022\/01\/Leilao-da-Pampulha.jpg","width":2048,"height":1366,"caption":"Leil\u00e3o de outorga que concedeu o Aeroporto da Pampulha \u00e0 CCR. Na imagem, o governador de Minas, Romeu Zema. Foto: Cristiano Machado\/ Imprensa MG."},{"@type":"BreadcrumbList","@id":"https:\/\/www.suno.com.br\/noticias\/ccr-ccro3-contrato-aeroporto-pampulha-minas\/#breadcrumb","itemListElement":[{"@type":"ListItem","position":1,"name":"Not\u00edcias","item":"https:\/\/www.suno.com.br\/noticias\/"},{"@type":"ListItem","position":2,"name":"Neg\u00f3cios","item":"https:\/\/www.suno.com.br\/noticias\/negocios\/"},{"@type":"ListItem","position":3,"name":"CCR (CCRO3) assina contrato para assumir Aeroporto da Pampulha"}]},{"@type":"WebSite","@id":"https:\/\/www.suno.com.br\/noticias\/#website","url":"https:\/\/www.suno.com.br\/noticias\/","name":"Suno Not\u00edcias","description":"Seu portal de informa\u00e7\u00e3o sobre o mundo dos investimentos","publisher":{"@id":"https:\/\/www.suno.com.br\/noticias\/#organization"},"potentialAction":[{"@type":"SearchAction","target":{"@type":"EntryPoint","urlTemplate":"https:\/\/www.suno.com.br\/noticias\/?s={search_term_string}"},"query-input":{"@type":"PropertyValueSpecification","valueRequired":true,"valueName":"search_term_string"}}],"inLanguage":"pt-BR"},{"@type":"Organization","@id":"https:\/\/www.suno.com.br\/noticias\/#organization","name":"Suno Not\u00edcias","url":"https:\/\/www.suno.com.br\/noticias\/","logo":{"@type":"ImageObject","inLanguage":"pt-BR","@id":"https:\/\/www.suno.com.br\/noticias\/#\/schema\/logo\/image\/","url":"https:\/\/files.sunoresearch.com.br\/n\/uploads\/2021\/09\/suno-logo.png","contentUrl":"https:\/\/files.sunoresearch.com.br\/n\/uploads\/2021\/09\/suno-logo.png","width":180,"height":180,"caption":"Suno Not\u00edcias"},"image":{"@id":"https:\/\/www.suno.com.br\/noticias\/#\/schema\/logo\/image\/"},"sameAs":["https:\/\/facebook.com\/sunoresearch","https:\/\/x.com\/sunoresearch","https:\/\/www.instagram.com\/suno","https:\/\/www.linkedin.com\/company\/suno-research\/","https:\/\/www.youtube.com\/c\/sunoresearch"]},{"@type":"Person","@id":"https:\/\/www.suno.com.br\/noticias\/#\/schema\/person\/8d020643938f12a823508eb0e5fda407","name":"Pedro Caramuru","image":{"@type":"ImageObject","inLanguage":"pt-BR","@id":"https:\/\/www.suno.com.br\/noticias\/#\/schema\/person\/image\/","url":"https:\/\/secure.gravatar.com\/avatar\/1a3f15d3553507ae7a2debc6ea0ad87b?s=96&r=g","contentUrl":"https:\/\/secure.gravatar.com\/avatar\/1a3f15d3553507ae7a2debc6ea0ad87b?s=96&r=g","caption":"Pedro Caramuru"},"description":"Rep\u00f3rter de economia, mercado e pol\u00edtica brasileira para o Suno Not\u00edcias. Formado em jornalismo. J\u00e1 escreveu sobre pol\u00edtica e mercados internacionais para o Broadcast e Estad\u00e3o.","url":"https:\/\/www.suno.com.br\/noticias\/author\/pedro-caramurusuno-com-br\/"}]}},"default_loop_html":"<div class=\"cardsPage__listCard__boxs\"><div class=\"cardsPage__listCard__boxs__img\"><a href=\"https:\/\/www.suno.com.br\/noticias\/ccr-ccro3-contrato-aeroporto-pampulha-minas\/\"><img class=\"mask\" src=\"https:\/\/www.suno.com.br\/noticias\/wp-content\/themes\/suno\/resources\/images\/spotlight\/spotlight1img\/bg-mask.png\" alt=\"Image Mask\"\/><img src=\"https:\/\/files.sunoresearch.com.br\/n\/uploads\/2022\/01\/Leilao-da-Pampulha-400x200.jpg\" alt=\"CCR (CCRO3) assina contrato para assumir Aeroporto da Pampulha\"\/><\/a><span class=\"spotlightCategory\"><a href=\"https:\/\/www.suno.com.br\/noticias\/negocios\/\">Neg\u00f3cios<\/a><\/span><\/div><div class=\"cardsPage__listCard__boxs__content\"><a href=\"https:\/\/www.suno.com.br\/noticias\/ccr-ccro3-contrato-aeroporto-pampulha-minas\/\"><h2 class=\"content__title\">CCR (CCRO3) assina contrato para assumir Aeroporto da Pampulha<\/h2><\/a><div class=\"newsContent__article__meta\"><div class=\"newsContent__article__meta__authorBox\"><a href=\"https:\/\/www.suno.com.br\/noticias\/author\/pedro-caramurusuno-com-br\/\" class=\"authorBox__avatar noMobi\"><img src=\"https:\/\/secure.gravatar.com\/avatar\/1a3f15d3553507ae7a2debc6ea0ad87b?s=96&#038;r=g\" alt=\"Pedro Caramuru\"><\/a><div class=\"authorBox__name\"><span>por\n\t\t\t<a href=\"https:\/\/www.suno.com.br\/noticias\/author\/pedro-caramurusuno-com-br\/\"><span itemprop=\"author\">Pedro Caramuru<\/span><\/a><\/span><time datetime=\"2022-01-24T13:11:59-03:00\" itemprop=\"datePublished\">24\/01\/2022 13:11<\/time><\/div><\/div><\/div><\/div><\/div>","single_layout":"posts","amp_enabled":true,"_links":{"self":[{"href":"https:\/\/www.suno.com.br\/noticias\/wp-json\/wp\/v2\/posts\/224861"}],"collection":[{"href":"https:\/\/www.suno.com.br\/noticias\/wp-json\/wp\/v2\/posts"}],"about":[{"href":"https:\/\/www.suno.com.br\/noticias\/wp-json\/wp\/v2\/types\/post"}],"author":[{"embeddable":true,"href":"https:\/\/www.suno.com.br\/noticias\/wp-json\/wp\/v2\/users\/145"}],"replies":[{"embeddable":true,"href":"https:\/\/www.suno.com.br\/noticias\/wp-json\/wp\/v2\/comments?post=224861"}],"version-history":[{"count":3,"href":"https:\/\/www.suno.com.br\/noticias\/wp-json\/wp\/v2\/posts\/224861\/revisions"}],"predecessor-version":[{"id":224894,"href":"https:\/\/www.suno.com.br\/noticias\/wp-json\/wp\/v2\/posts\/224861\/revisions\/224894"}],"wp:featuredmedia":[{"embeddable":true,"href":"https:\/\/www.suno.com.br\/noticias\/wp-json\/wp\/v2\/media\/224874"}],"wp:attachment":[{"href":"https:\/\/www.suno.com.br\/noticias\/wp-json\/wp\/v2\/media?parent=224861"}],"wp:term":[{"taxonomy":"category","embeddable":true,"href":"https:\/\/www.suno.com.br\/noticias\/wp-json\/wp\/v2\/categories?post=224861"},{"taxonomy":"post_tag","embeddable":true,"href":"https:\/\/www.suno.com.br\/noticias\/wp-json\/wp\/v2\/tags?post=224861"},{"taxonomy":"suno_strategy","embeddable":true,"href":"https:\/\/www.suno.com.br\/noticias\/wp-json\/wp\/v2\/suno_strategy?post=224861"}],"curies":[{"name":"wp","href":"https:\/\/api.w.org\/{rel}","templated":true}]}}