{"id":224852,"date":"2022-01-24T13:34:45","date_gmt":"2022-01-24T16:34:45","guid":{"rendered":"https:\/\/www.suno.com.br\/noticias\/?p=224852"},"modified":"2022-01-24T13:34:45","modified_gmt":"2022-01-24T16:34:45","slug":"kora-saude-krsa3-espirito-santo-compra-hospital","status":"publish","type":"post","link":"https:\/\/www.suno.com.br\/noticias\/kora-saude-krsa3-espirito-santo-compra-hospital\/","title":{"rendered":"Kora Sa\u00fade (KRSA3) compra cl\u00ednica IDE por R$ 14 milh\u00f5es no ES"},"content":{"rendered":"<p>A <strong>Kora<\/strong> Sa\u00fade (<a href=\"https:\/\/www.suno.com.br\/acoes\/krsa3\/\">KRSA3<\/a>), rede hospitalar do Esp\u00edrito Santo, comprou a cl\u00ednica de diagn\u00f3sticos IDE, localizada em Serra (ES), por R$ 14 milh\u00f5es.\u00a0De acordo com a empresa, ser\u00e3o R$ 12 milh\u00f5es pagos no fechamento da opera\u00e7\u00e3o e o restante em at\u00e9 cinco anos.<\/p>\t<div class=\"wrapper-featured-image\">\n\t\t<figure class=\"spotlightImg\">\n\n\t\t\t<picture>\n\t\t\t\t<source media=\"(max-width: 768px)\" srcset=\"https:\/\/files.sunoresearch.com.br\/n\/uploads\/2021\/04\/705341f0-foto5-e1619570166315-400x200.webp\">\n\t\t\t\t<img loading=\"lazy\" decoding=\"async\" class=\"newsContent__article__imgCapa lazyloadDisabled \" src=\"https:\/\/files.sunoresearch.com.br\/n\/uploads\/2021\/04\/705341f0-foto5-e1619570166315-800x450.webp\" width=\"800\" height=\"450\" alt=\"Kora Sa\u00fade (KRSA3) compra cl\u00ednica IDE por R$ 14 milh\u00f5es no ES\" fetchpriority=high \/>\n\t\t\t<\/picture>\n\n\t\t\t<figcaption class=\"wp-caption-text wp-caption-text--show\">Kora avan\u00e7a com mais aquisi\u00e7\u00f5es e expande cobertura - Foto: Reprodu\u00e7\u00e3o\/Site<\/figcaption>\n\t\t<\/figure>\n\t<\/div>\n\n\n\t<p>\n\t\t<a href=\"https:\/\/lp.suno.com.br\/planilha-controle-gastos\/\" target=\"_blank\" data-element=\"shortcode-suno-banner\" title=\"Banner SUNO, clique e saiba mais\">\n\t\t\t<picture>\n\t\t\t\t<source media=\"(max-width: 500px)\" srcset=\"https:\/\/files.sunoresearch.com.br\/n\/uploads\/2023\/03\/400x300-Planilha-controle-de-gastos.png\">\n\t\t\t\t<img class=\"newsContent__article__imgCapa newsContent__article__imgCapa--banner\"\n\t\t\t\t\tsrc=\"https:\/\/files.sunoresearch.com.br\/n\/uploads\/2023\/03\/1420x240-Planilha-controle-de-gastos.png\"\n\t\t\t\t\tdata-promo-id=\"101751\"\t\t\t\t\t\t\t\t\t\twidth='1420' height='240'\t\t\t\t\talt=\"https:\/\/files.sunoresearch.com.br\/n\/uploads\/2023\/03\/1420x240-Planilha-controle-de-gastos.png\"\n\t\t\t\t>\n\t\t\t<\/picture>\n\t\t<\/a>\n\t<\/p>\n\n\n<p>A companhia adquirida pela Kora \u00e9 especializada em diagn\u00f3sticos por imagem e fica no complexo do Hospital Meridional Serra, que \u00e9 da Kora.<\/p>\n<p>\u201cA <strong><a href=\"https:\/\/www.suno.com.br\/noticias\/kora-saude-krsa3-prejuizo-liquido-3t21-aquisicoes\/\">aquisi\u00e7\u00e3o<\/a><\/strong> faz parte da estrat\u00e9gia da companhia em oferecer solu\u00e7\u00f5es cada vez mais completas no atendimento aos pacientes, refor\u00e7ando o compromisso com o acolhimento, a qualidade, e a resolutividade\u201d, diz a <strong>Kora Sa\u00fade<\/strong>, em comunicado.<\/p>\n<p>Atualmente, a <strong>rede hospitalar<\/strong> est\u00e1 presente no Esp\u00edrito Santo, Cear\u00e1, Tocantins, Mato Grosso, Distrito Federal e Goi\u00e1s.<\/p>\n<p>A&#8221; aquisi\u00e7\u00e3o faz parte da estrat\u00e9gia da companhia em oferecer solu\u00e7\u00f5es cada vez mais completas no atendimento aos pacientes, refor\u00e7ando o compromisso com o acolhimento, a qualidade e a resolutividade&#8221;, diz o comunicado.<\/p>\n\t<p>\n\t\t<a href=\"https:\/\/lp.suno.com.br\/planilha-da-vida-financeira\/\" target=\"_blank\" data-element=\"shortcode-suno-banner\" title=\"Banner SUNO, clique e saiba mais\">\n\t\t\t<picture>\n\t\t\t\t<source media=\"(max-width: 500px)\" srcset=\"https:\/\/files.sunoresearch.com.br\/n\/uploads\/2023\/04\/400x300-Planilha-vida-financeira-true.png\">\n\t\t\t\t<img class=\"newsContent__article__imgCapa newsContent__article__imgCapa--banner\"\n\t\t\t\t\tsrc=\"https:\/\/files.sunoresearch.com.br\/n\/uploads\/2023\/04\/1420x240-Planilha-vida-financeira-true.png\"\n\t\t\t\t\tdata-promo-id=\"106682\"\t\t\t\t\t\t\t\t\t\twidth='1420' height='240'\t\t\t\t\talt=\"https:\/\/files.sunoresearch.com.br\/n\/uploads\/2023\/04\/1420x240-Planilha-vida-financeira-true.png\"\n\t\t\t\t>\n\t\t\t<\/picture>\n\t\t<\/a>\n\t<\/p>\n\n\n<p>Ainda em janeiro deste ano a companhia havia feito a aquisi\u00e7\u00e3o de um hospital em Ceil\u00e2ndia, na regi\u00e3o metropolitana de Bras\u00edlia.<\/p>\n<p>Segundo a <strong>XP Investimentos<\/strong>, a compra demonstra o fortalecimento da posi\u00e7\u00e3o na regi\u00e3o de Bras\u00edlia, sendo que o ativo compreende 179 leitos.<\/p>\n<p>&#8220;Com a aquisi\u00e7\u00e3o, a Kora chegar\u00e1 a 450 leitos hospitalares na regi\u00e3o (9,2% dos leitos com fins lucrativos), uma dos mais relevantes para servi\u00e7os de sa\u00fade e que se tornar\u00e1 mais um polo da empresa. O EV anunciado para a aquisi\u00e7\u00e3o \u00e9 de R$ 330 milh\u00f5es, traduzindo-se em R$ 1,8 milh\u00e3o por leito (j\u00e1 considerando a expans\u00e3o), levemente acima das aquisi\u00e7\u00f5es anteriores feitas pela empresa. Notamos que a aquisi\u00e7\u00e3o inclui o im\u00f3vel do hospital, e, se considerarmos que 1\/3 do EV \u00e9 o im\u00f3vel, o pre\u00e7o por leito seria de R$ 1,2 milh\u00e3o, em linha com aquisi\u00e7\u00f5es anteriores&#8221;, afirmam os analistas da corretora.<\/p>\n\t<p>\n\t\t<a href=\"https:\/\/lp.suno.com.br\/ebook-como-analisar-uma-acao\/\" target=\"_blank\" data-element=\"shortcode-suno-banner\" title=\"Banner SUNO, clique e saiba mais\">\n\t\t\t<picture>\n\t\t\t\t<source media=\"(max-width: 500px)\" srcset=\"https:\/\/files.sunoresearch.com.br\/n\/uploads\/2023\/03\/Ebook-Acoes-Mobile-1.jpg\">\n\t\t\t\t<img class=\"newsContent__article__imgCapa newsContent__article__imgCapa--banner\"\n\t\t\t\t\tsrc=\"https:\/\/files.sunoresearch.com.br\/n\/uploads\/2023\/03\/Ebook-Acoes-Desktop-1.jpg\"\n\t\t\t\t\tdata-promo-id=\"171998\"\t\t\t\t\t\t\t\t\t\twidth='1420' height='286'\t\t\t\t\talt=\"https:\/\/files.sunoresearch.com.br\/n\/uploads\/2023\/03\/Ebook-Acoes-Desktop-1.jpg\"\n\t\t\t\t>\n\t\t\t<\/picture>\n\t\t<\/a>\n\t<\/p>\n\n\n<h2>Balan\u00e7o da Kora teve impacto das aquisi\u00e7\u00f5es<\/h2>\n<p>Apesar dos movimentos ambiciosos de expans\u00e3o demonstrarem expans\u00e3o, a companhia sente o impacto no <a class=\"suno-keyword\" href=\"https:\/\/www.suno.com.br\/artigos\/resultado-financeiro\/\" target=\"_blank\" rel=\"noopener\" data-force=\"no\" data-priority=\"1\"><strong>resultado<\/strong> <strong>financeiro<\/strong><\/a>.<\/p>\n<p>No seu primeiro <strong>resultado trimestral<\/strong>, do 3T21, o preju\u00edzo foi de R$ 14,7 milh\u00f5es. De acordo com a empresa, o resultado foi impactado pelo aumento das\u00a0<a class=\"suno-keyword\" href=\"https:\/\/www.suno.com.br\/artigos\/despesas-financeiras\/\" target=\"_blank\" rel=\"noopener\" data-force=\"no\" data-priority=\"1\">despesas financeiras<\/a>, em fun\u00e7\u00e3o da liquida\u00e7\u00e3o de parte significativa de contas a pagar por aquisi\u00e7\u00e3o, destaca em relat\u00f3rio.<\/p>\n<p>J\u00e1 o\u00a0<a class=\"suno-keyword\" href=\"https:\/\/www.suno.com.br\/artigos\/lucro-liquido\/\" target=\"_blank\" rel=\"noopener\" data-force=\"no\" data-priority=\"1\">lucro l\u00edquido<\/a>\u00a0da <strong>Kora <\/strong>Sa\u00fade\u00a0no acumulado dos nove meses do ano somou R$ 19,8 milh\u00f5es, queda de 4,09% na compara\u00e7\u00e3o de base anual. Em termos de\u00a0<a class=\"suno-keyword\" href=\"https:\/\/www.suno.com.br\/artigos\/o-que-receita-liquida\/\" target=\"_blank\" rel=\"noopener\" data-force=\"no\" data-priority=\"1\">receita l\u00edquida<\/a>, no terceiro trimestre de 2021, a empresa cresceu 110% na base anual, para R$ 324,5 milh\u00f5es, e 6% na compara\u00e7\u00e3o com o segundo trimestre.<\/p>\n\t<p>\n\t\t<a href=\"https:\/\/lp.suno.com.br\/planilha-de-controle-de-investimentos\/\" target=\"_blank\" data-element=\"shortcode-suno-banner\" title=\"Banner SUNO, clique e saiba mais\">\n\t\t\t<picture>\n\t\t\t\t<source media=\"(max-width: 500px)\" srcset=\"https:\/\/files.sunoresearch.com.br\/n\/uploads\/2023\/03\/400x300-Controle-de-Investimentos.png\">\n\t\t\t\t<img class=\"newsContent__article__imgCapa newsContent__article__imgCapa--banner\"\n\t\t\t\t\tsrc=\"https:\/\/files.sunoresearch.com.br\/n\/uploads\/2023\/03\/1420x240-Controle-de-Investimentos.png\"\n\t\t\t\t\tdata-promo-id=\"75934\"\t\t\t\t\t\t\t\t\t\twidth='1420' height='240'\t\t\t\t\talt=\"https:\/\/files.sunoresearch.com.br\/n\/uploads\/2023\/03\/1420x240-Controle-de-Investimentos.png\"\n\t\t\t\t>\n\t\t\t<\/picture>\n\t\t<\/a>\n\t<\/p>\n\n\n","protected":false},"excerpt":{"rendered":"<p>A Kora Sa\u00fade (KRSA3), rede hospitalar do Esp\u00edrito Santo, comprou a cl\u00ednica de diagn\u00f3sticos IDE, localizada em Serra (ES), por R$ 14 milh\u00f5es.\u00a0De acordo com a empresa, ser\u00e3o R$ 12 milh\u00f5es pagos no fechamento da opera\u00e7\u00e3o e o restante em at\u00e9 cinco anos. Kora avan\u00e7a com mais aquisi\u00e7\u00f5es e expande cobertura &#8211; Foto: Reprodu\u00e7\u00e3o\/Site A [&hellip;]<\/p>\n","protected":false},"author":73,"featured_media":142865,"comment_status":"closed","ping_status":"closed","sticky":false,"template":"","format":"standard","meta":[],"categories":[64],"tags":[105816,62812,105852],"suno_strategy":[],"class_list":["post-224852","post","type-post","status-publish","format-standard","has-post-thumbnail","hentry","category-negocios","tag-especialistas","tag-fusoes-e-aquisicoes","tag-kora-saude-krsa3"],"yoast_head":"<!-- This site is optimized with the Yoast SEO plugin v24.4 - https:\/\/yoast.com\/wordpress\/plugins\/seo\/ -->\n<title>Kora Sa\u00fade (KRSA3) compra cl\u00ednica IDE por R$ 14 milh\u00f5es no ES<\/title>\n<meta name=\"description\" content=\"Com a nova aquisi\u00e7\u00e3o, a companhia passa a ter mais presen\u00e7a no Esp\u00edrito Santo, estado de onde \u00e9 origin\u00e1ria. Clique aqui e leia mais.\" \/>\n<meta name=\"robots\" content=\"index, follow, max-snippet:-1, max-image-preview:large, max-video-preview:-1\" \/>\n<link rel=\"canonical\" href=\"https:\/\/www.suno.com.br\/noticias\/kora-saude-krsa3-espirito-santo-compra-hospital\/\" \/>\n<meta property=\"og:locale\" content=\"pt_BR\" \/>\n<meta property=\"og:type\" content=\"article\" \/>\n<meta property=\"og:title\" content=\"Kora Sa\u00fade (KRSA3) compra cl\u00ednica IDE por R$ 14 milh\u00f5es no ES\" \/>\n<meta property=\"og:description\" content=\"Com a nova aquisi\u00e7\u00e3o, a companhia passa a ter mais presen\u00e7a no Esp\u00edrito Santo, estado de onde \u00e9 origin\u00e1ria. Clique aqui e leia mais.\" \/>\n<meta property=\"og:url\" content=\"https:\/\/www.suno.com.br\/noticias\/kora-saude-krsa3-espirito-santo-compra-hospital\/\" \/>\n<meta property=\"og:site_name\" content=\"Suno Not\u00edcias\" \/>\n<meta property=\"article:publisher\" content=\"https:\/\/facebook.com\/sunoresearch\" \/>\n<meta property=\"og:image\" content=\"https:\/\/files.sunoresearch.com.br\/n\/uploads\/2021\/04\/705341f0-foto5-e1619570166315.jpg\" \/>\n\t<meta property=\"og:image:width\" content=\"1280\" \/>\n\t<meta property=\"og:image:height\" content=\"854\" \/>\n\t<meta property=\"og:image:type\" content=\"image\/jpeg\" \/>\n<meta name=\"author\" content=\"Eduardo Vargas\" \/>\n<meta name=\"twitter:card\" content=\"summary_large_image\" \/>\n<meta name=\"twitter:creator\" content=\"@sunoresearch\" \/>\n<meta name=\"twitter:site\" content=\"@sunoresearch\" \/>\n<meta name=\"twitter:label1\" content=\"Escrito por\" \/>\n\t<meta name=\"twitter:data1\" content=\"Eduardo Vargas\" \/>\n\t<meta name=\"twitter:label2\" content=\"Est. tempo de leitura\" \/>\n\t<meta name=\"twitter:data2\" content=\"2 minutos\" \/>\n<script type=\"application\/ld+json\" class=\"yoast-schema-graph\">{\"@context\":\"https:\/\/schema.org\",\"@graph\":[{\"@type\":\"NewsArticle\",\"@id\":\"https:\/\/www.suno.com.br\/noticias\/kora-saude-krsa3-espirito-santo-compra-hospital\/#article\",\"isPartOf\":{\"@id\":\"https:\/\/www.suno.com.br\/noticias\/kora-saude-krsa3-espirito-santo-compra-hospital\/\"},\"author\":{\"name\":\"Eduardo Vargas\",\"@id\":\"https:\/\/www.suno.com.br\/noticias\/#\/schema\/person\/7f4d362bf3518e76090143ae77bb49a5\"},\"headline\":\"Kora Sa\u00fade (KRSA3) compra cl\u00ednica IDE por R$ 14 milh\u00f5es no ES\",\"datePublished\":\"2022-01-24T16:34:45+00:00\",\"mainEntityOfPage\":{\"@id\":\"https:\/\/www.suno.com.br\/noticias\/kora-saude-krsa3-espirito-santo-compra-hospital\/\"},\"wordCount\":486,\"publisher\":{\"@id\":\"https:\/\/www.suno.com.br\/noticias\/#organization\"},\"image\":{\"@id\":\"https:\/\/www.suno.com.br\/noticias\/kora-saude-krsa3-espirito-santo-compra-hospital\/#primaryimage\"},\"thumbnailUrl\":\"https:\/\/files.sunoresearch.com.br\/n\/uploads\/2021\/04\/705341f0-foto5-e1619570166315-jpg.webp\",\"keywords\":[\"Especialistas\",\"fus\u00f5es e aquisi\u00e7\u00f5es\",\"Kora Sa\u00fade (KRSA3)\"],\"articleSection\":[\"Neg\u00f3cios\"],\"inLanguage\":\"pt-BR\"},{\"@type\":\"WebPage\",\"@id\":\"https:\/\/www.suno.com.br\/noticias\/kora-saude-krsa3-espirito-santo-compra-hospital\/\",\"url\":\"https:\/\/www.suno.com.br\/noticias\/kora-saude-krsa3-espirito-santo-compra-hospital\/\",\"name\":\"Kora Sa\u00fade (KRSA3) compra cl\u00ednica IDE por R$ 14 milh\u00f5es no ES\",\"isPartOf\":{\"@id\":\"https:\/\/www.suno.com.br\/noticias\/#website\"},\"primaryImageOfPage\":{\"@id\":\"https:\/\/www.suno.com.br\/noticias\/kora-saude-krsa3-espirito-santo-compra-hospital\/#primaryimage\"},\"image\":{\"@id\":\"https:\/\/www.suno.com.br\/noticias\/kora-saude-krsa3-espirito-santo-compra-hospital\/#primaryimage\"},\"thumbnailUrl\":\"https:\/\/files.sunoresearch.com.br\/n\/uploads\/2021\/04\/705341f0-foto5-e1619570166315-jpg.webp\",\"datePublished\":\"2022-01-24T16:34:45+00:00\",\"description\":\"Com a nova aquisi\u00e7\u00e3o, a companhia passa a ter mais presen\u00e7a no Esp\u00edrito Santo, estado de onde \u00e9 origin\u00e1ria. Clique aqui e leia mais.\",\"breadcrumb\":{\"@id\":\"https:\/\/www.suno.com.br\/noticias\/kora-saude-krsa3-espirito-santo-compra-hospital\/#breadcrumb\"},\"inLanguage\":\"pt-BR\",\"potentialAction\":[{\"@type\":\"ReadAction\",\"target\":[\"https:\/\/www.suno.com.br\/noticias\/kora-saude-krsa3-espirito-santo-compra-hospital\/\"]}]},{\"@type\":\"ImageObject\",\"inLanguage\":\"pt-BR\",\"@id\":\"https:\/\/www.suno.com.br\/noticias\/kora-saude-krsa3-espirito-santo-compra-hospital\/#primaryimage\",\"url\":\"https:\/\/files.sunoresearch.com.br\/n\/uploads\/2021\/04\/705341f0-foto5-e1619570166315-jpg.webp\",\"contentUrl\":\"https:\/\/files.sunoresearch.com.br\/n\/uploads\/2021\/04\/705341f0-foto5-e1619570166315-jpg.webp\",\"width\":1280,\"height\":854,\"caption\":\"Kora avan\u00e7a com mais aquisi\u00e7\u00f5es e expande cobertura - Foto: Reprodu\u00e7\u00e3o\/Site\"},{\"@type\":\"BreadcrumbList\",\"@id\":\"https:\/\/www.suno.com.br\/noticias\/kora-saude-krsa3-espirito-santo-compra-hospital\/#breadcrumb\",\"itemListElement\":[{\"@type\":\"ListItem\",\"position\":1,\"name\":\"Not\u00edcias\",\"item\":\"https:\/\/www.suno.com.br\/noticias\/\"},{\"@type\":\"ListItem\",\"position\":2,\"name\":\"Neg\u00f3cios\",\"item\":\"https:\/\/www.suno.com.br\/noticias\/negocios\/\"},{\"@type\":\"ListItem\",\"position\":3,\"name\":\"Kora Sa\u00fade (KRSA3) compra cl\u00ednica IDE por R$ 14 milh\u00f5es no ES\"}]},{\"@type\":\"WebSite\",\"@id\":\"https:\/\/www.suno.com.br\/noticias\/#website\",\"url\":\"https:\/\/www.suno.com.br\/noticias\/\",\"name\":\"Suno Not\u00edcias\",\"description\":\"Seu portal de informa\u00e7\u00e3o sobre o mundo dos investimentos\",\"publisher\":{\"@id\":\"https:\/\/www.suno.com.br\/noticias\/#organization\"},\"potentialAction\":[{\"@type\":\"SearchAction\",\"target\":{\"@type\":\"EntryPoint\",\"urlTemplate\":\"https:\/\/www.suno.com.br\/noticias\/?s={search_term_string}\"},\"query-input\":{\"@type\":\"PropertyValueSpecification\",\"valueRequired\":true,\"valueName\":\"search_term_string\"}}],\"inLanguage\":\"pt-BR\"},{\"@type\":\"Organization\",\"@id\":\"https:\/\/www.suno.com.br\/noticias\/#organization\",\"name\":\"Suno Not\u00edcias\",\"url\":\"https:\/\/www.suno.com.br\/noticias\/\",\"logo\":{\"@type\":\"ImageObject\",\"inLanguage\":\"pt-BR\",\"@id\":\"https:\/\/www.suno.com.br\/noticias\/#\/schema\/logo\/image\/\",\"url\":\"https:\/\/files.sunoresearch.com.br\/n\/uploads\/2021\/09\/suno-logo.png\",\"contentUrl\":\"https:\/\/files.sunoresearch.com.br\/n\/uploads\/2021\/09\/suno-logo.png\",\"width\":180,\"height\":180,\"caption\":\"Suno Not\u00edcias\"},\"image\":{\"@id\":\"https:\/\/www.suno.com.br\/noticias\/#\/schema\/logo\/image\/\"},\"sameAs\":[\"https:\/\/facebook.com\/sunoresearch\",\"https:\/\/x.com\/sunoresearch\",\"https:\/\/www.instagram.com\/suno\",\"https:\/\/www.linkedin.com\/company\/suno-research\/\",\"https:\/\/www.youtube.com\/c\/sunoresearch\"]},{\"@type\":\"Person\",\"@id\":\"https:\/\/www.suno.com.br\/noticias\/#\/schema\/person\/7f4d362bf3518e76090143ae77bb49a5\",\"name\":\"Eduardo Vargas\",\"image\":{\"@type\":\"ImageObject\",\"inLanguage\":\"pt-BR\",\"@id\":\"https:\/\/www.suno.com.br\/noticias\/#\/schema\/person\/image\/\",\"url\":\"https:\/\/secure.gravatar.com\/avatar\/dac340933427a22924c9f99d1eb2e3f2?s=96&r=g\",\"contentUrl\":\"https:\/\/secure.gravatar.com\/avatar\/dac340933427a22924c9f99d1eb2e3f2?s=96&r=g\",\"caption\":\"Eduardo Vargas\"},\"description\":\"Jornalista formado pela UFSC, cobre macroeconomia, neg\u00f3cios e startups para o Suno Not\u00edcias, escrevendo principalmente not\u00edcias sobre o mercado financeiro e a bolsa de valores. No YouTube e no Instagram, \u00e9 respons\u00e1vel pela produ\u00e7\u00e3o de Reels e Shorts do Suno Not\u00edcias. Anteriormente, trabalhou cobrindo economia e cotidiano no ND+ e para o ND, maior jornal impresso de Santa Catarina. Cursou um semestre letivo de Estudos de M\u00eddia na Universidad de Buenos Aires.\",\"url\":\"https:\/\/www.suno.com.br\/noticias\/author\/eduardo-vargas\/\"}]}<\/script>\n<!-- \/ Yoast SEO plugin. -->","yoast_head_json":{"title":"Kora Sa\u00fade (KRSA3) compra cl\u00ednica IDE por R$ 14 milh\u00f5es no ES","description":"Com a nova aquisi\u00e7\u00e3o, a companhia passa a ter mais presen\u00e7a no Esp\u00edrito Santo, estado de onde \u00e9 origin\u00e1ria. Clique aqui e leia mais.","robots":{"index":"index","follow":"follow","max-snippet":"max-snippet:-1","max-image-preview":"max-image-preview:large","max-video-preview":"max-video-preview:-1"},"canonical":"https:\/\/www.suno.com.br\/noticias\/kora-saude-krsa3-espirito-santo-compra-hospital\/","og_locale":"pt_BR","og_type":"article","og_title":"Kora Sa\u00fade (KRSA3) compra cl\u00ednica IDE por R$ 14 milh\u00f5es no ES","og_description":"Com a nova aquisi\u00e7\u00e3o, a companhia passa a ter mais presen\u00e7a no Esp\u00edrito Santo, estado de onde \u00e9 origin\u00e1ria. Clique aqui e leia mais.","og_url":"https:\/\/www.suno.com.br\/noticias\/kora-saude-krsa3-espirito-santo-compra-hospital\/","og_site_name":"Suno Not\u00edcias","article_publisher":"https:\/\/facebook.com\/sunoresearch","og_image":[{"width":1280,"height":854,"url":"https:\/\/files.sunoresearch.com.br\/n\/uploads\/2021\/04\/705341f0-foto5-e1619570166315.jpg","type":"image\/jpeg"}],"author":"Eduardo Vargas","twitter_card":"summary_large_image","twitter_creator":"@sunoresearch","twitter_site":"@sunoresearch","twitter_misc":{"Escrito por":"Eduardo Vargas","Est. tempo de leitura":"2 minutos"},"schema":{"@context":"https:\/\/schema.org","@graph":[{"@type":"NewsArticle","@id":"https:\/\/www.suno.com.br\/noticias\/kora-saude-krsa3-espirito-santo-compra-hospital\/#article","isPartOf":{"@id":"https:\/\/www.suno.com.br\/noticias\/kora-saude-krsa3-espirito-santo-compra-hospital\/"},"author":{"name":"Eduardo Vargas","@id":"https:\/\/www.suno.com.br\/noticias\/#\/schema\/person\/7f4d362bf3518e76090143ae77bb49a5"},"headline":"Kora Sa\u00fade (KRSA3) compra cl\u00ednica IDE por R$ 14 milh\u00f5es no ES","datePublished":"2022-01-24T16:34:45+00:00","mainEntityOfPage":{"@id":"https:\/\/www.suno.com.br\/noticias\/kora-saude-krsa3-espirito-santo-compra-hospital\/"},"wordCount":486,"publisher":{"@id":"https:\/\/www.suno.com.br\/noticias\/#organization"},"image":{"@id":"https:\/\/www.suno.com.br\/noticias\/kora-saude-krsa3-espirito-santo-compra-hospital\/#primaryimage"},"thumbnailUrl":"https:\/\/files.sunoresearch.com.br\/n\/uploads\/2021\/04\/705341f0-foto5-e1619570166315-jpg.webp","keywords":["Especialistas","fus\u00f5es e aquisi\u00e7\u00f5es","Kora Sa\u00fade (KRSA3)"],"articleSection":["Neg\u00f3cios"],"inLanguage":"pt-BR"},{"@type":"WebPage","@id":"https:\/\/www.suno.com.br\/noticias\/kora-saude-krsa3-espirito-santo-compra-hospital\/","url":"https:\/\/www.suno.com.br\/noticias\/kora-saude-krsa3-espirito-santo-compra-hospital\/","name":"Kora Sa\u00fade (KRSA3) compra cl\u00ednica IDE por R$ 14 milh\u00f5es no ES","isPartOf":{"@id":"https:\/\/www.suno.com.br\/noticias\/#website"},"primaryImageOfPage":{"@id":"https:\/\/www.suno.com.br\/noticias\/kora-saude-krsa3-espirito-santo-compra-hospital\/#primaryimage"},"image":{"@id":"https:\/\/www.suno.com.br\/noticias\/kora-saude-krsa3-espirito-santo-compra-hospital\/#primaryimage"},"thumbnailUrl":"https:\/\/files.sunoresearch.com.br\/n\/uploads\/2021\/04\/705341f0-foto5-e1619570166315-jpg.webp","datePublished":"2022-01-24T16:34:45+00:00","description":"Com a nova aquisi\u00e7\u00e3o, a companhia passa a ter mais presen\u00e7a no Esp\u00edrito Santo, estado de onde \u00e9 origin\u00e1ria. Clique aqui e leia mais.","breadcrumb":{"@id":"https:\/\/www.suno.com.br\/noticias\/kora-saude-krsa3-espirito-santo-compra-hospital\/#breadcrumb"},"inLanguage":"pt-BR","potentialAction":[{"@type":"ReadAction","target":["https:\/\/www.suno.com.br\/noticias\/kora-saude-krsa3-espirito-santo-compra-hospital\/"]}]},{"@type":"ImageObject","inLanguage":"pt-BR","@id":"https:\/\/www.suno.com.br\/noticias\/kora-saude-krsa3-espirito-santo-compra-hospital\/#primaryimage","url":"https:\/\/files.sunoresearch.com.br\/n\/uploads\/2021\/04\/705341f0-foto5-e1619570166315-jpg.webp","contentUrl":"https:\/\/files.sunoresearch.com.br\/n\/uploads\/2021\/04\/705341f0-foto5-e1619570166315-jpg.webp","width":1280,"height":854,"caption":"Kora avan\u00e7a com mais aquisi\u00e7\u00f5es e expande cobertura - Foto: Reprodu\u00e7\u00e3o\/Site"},{"@type":"BreadcrumbList","@id":"https:\/\/www.suno.com.br\/noticias\/kora-saude-krsa3-espirito-santo-compra-hospital\/#breadcrumb","itemListElement":[{"@type":"ListItem","position":1,"name":"Not\u00edcias","item":"https:\/\/www.suno.com.br\/noticias\/"},{"@type":"ListItem","position":2,"name":"Neg\u00f3cios","item":"https:\/\/www.suno.com.br\/noticias\/negocios\/"},{"@type":"ListItem","position":3,"name":"Kora Sa\u00fade (KRSA3) compra cl\u00ednica IDE por R$ 14 milh\u00f5es no ES"}]},{"@type":"WebSite","@id":"https:\/\/www.suno.com.br\/noticias\/#website","url":"https:\/\/www.suno.com.br\/noticias\/","name":"Suno Not\u00edcias","description":"Seu portal de informa\u00e7\u00e3o sobre o mundo dos investimentos","publisher":{"@id":"https:\/\/www.suno.com.br\/noticias\/#organization"},"potentialAction":[{"@type":"SearchAction","target":{"@type":"EntryPoint","urlTemplate":"https:\/\/www.suno.com.br\/noticias\/?s={search_term_string}"},"query-input":{"@type":"PropertyValueSpecification","valueRequired":true,"valueName":"search_term_string"}}],"inLanguage":"pt-BR"},{"@type":"Organization","@id":"https:\/\/www.suno.com.br\/noticias\/#organization","name":"Suno Not\u00edcias","url":"https:\/\/www.suno.com.br\/noticias\/","logo":{"@type":"ImageObject","inLanguage":"pt-BR","@id":"https:\/\/www.suno.com.br\/noticias\/#\/schema\/logo\/image\/","url":"https:\/\/files.sunoresearch.com.br\/n\/uploads\/2021\/09\/suno-logo.png","contentUrl":"https:\/\/files.sunoresearch.com.br\/n\/uploads\/2021\/09\/suno-logo.png","width":180,"height":180,"caption":"Suno Not\u00edcias"},"image":{"@id":"https:\/\/www.suno.com.br\/noticias\/#\/schema\/logo\/image\/"},"sameAs":["https:\/\/facebook.com\/sunoresearch","https:\/\/x.com\/sunoresearch","https:\/\/www.instagram.com\/suno","https:\/\/www.linkedin.com\/company\/suno-research\/","https:\/\/www.youtube.com\/c\/sunoresearch"]},{"@type":"Person","@id":"https:\/\/www.suno.com.br\/noticias\/#\/schema\/person\/7f4d362bf3518e76090143ae77bb49a5","name":"Eduardo Vargas","image":{"@type":"ImageObject","inLanguage":"pt-BR","@id":"https:\/\/www.suno.com.br\/noticias\/#\/schema\/person\/image\/","url":"https:\/\/secure.gravatar.com\/avatar\/dac340933427a22924c9f99d1eb2e3f2?s=96&r=g","contentUrl":"https:\/\/secure.gravatar.com\/avatar\/dac340933427a22924c9f99d1eb2e3f2?s=96&r=g","caption":"Eduardo Vargas"},"description":"Jornalista formado pela UFSC, cobre macroeconomia, neg\u00f3cios e startups para o Suno Not\u00edcias, escrevendo principalmente not\u00edcias sobre o mercado financeiro e a bolsa de valores. No YouTube e no Instagram, \u00e9 respons\u00e1vel pela produ\u00e7\u00e3o de Reels e Shorts do Suno Not\u00edcias. Anteriormente, trabalhou cobrindo economia e cotidiano no ND+ e para o ND, maior jornal impresso de Santa Catarina. Cursou um semestre letivo de Estudos de M\u00eddia na Universidad de Buenos Aires.","url":"https:\/\/www.suno.com.br\/noticias\/author\/eduardo-vargas\/"}]}},"default_loop_html":"<div class=\"cardsPage__listCard__boxs\"><div class=\"cardsPage__listCard__boxs__img\"><a href=\"https:\/\/www.suno.com.br\/noticias\/kora-saude-krsa3-espirito-santo-compra-hospital\/\"><img class=\"mask\" src=\"https:\/\/www.suno.com.br\/noticias\/wp-content\/themes\/suno\/resources\/images\/spotlight\/spotlight1img\/bg-mask.png\" alt=\"Image Mask\"\/><img src=\"https:\/\/files.sunoresearch.com.br\/n\/uploads\/2021\/04\/705341f0-foto5-e1619570166315-400x200.webp\" alt=\"Kora Sa\u00fade (KRSA3) compra cl\u00ednica IDE por R$ 14 milh\u00f5es no ES\"\/><\/a><span class=\"spotlightCategory\"><a href=\"https:\/\/www.suno.com.br\/noticias\/negocios\/\">Neg\u00f3cios<\/a><\/span><\/div><div class=\"cardsPage__listCard__boxs__content\"><a href=\"https:\/\/www.suno.com.br\/noticias\/kora-saude-krsa3-espirito-santo-compra-hospital\/\"><h2 class=\"content__title\">Kora Sa\u00fade (KRSA3) compra cl\u00ednica IDE por R$ 14 milh\u00f5es no ES<\/h2><\/a><div class=\"newsContent__article__meta\"><div class=\"newsContent__article__meta__authorBox\"><a href=\"https:\/\/www.suno.com.br\/noticias\/author\/eduardo-vargas\/\" class=\"authorBox__avatar noMobi\"><img src=\"https:\/\/secure.gravatar.com\/avatar\/dac340933427a22924c9f99d1eb2e3f2?s=96&#038;r=g\" alt=\"Eduardo Vargas\"><\/a><div class=\"authorBox__name\"><span>por\n\t\t\t<a href=\"https:\/\/www.suno.com.br\/noticias\/author\/eduardo-vargas\/\"><span itemprop=\"author\">Eduardo Vargas<\/span><\/a><\/span><time datetime=\"2022-01-24T13:34:45-03:00\" itemprop=\"datePublished\">24\/01\/2022 13:34<\/time><\/div><\/div><\/div><\/div><\/div>","single_layout":"posts","amp_enabled":true,"_links":{"self":[{"href":"https:\/\/www.suno.com.br\/noticias\/wp-json\/wp\/v2\/posts\/224852"}],"collection":[{"href":"https:\/\/www.suno.com.br\/noticias\/wp-json\/wp\/v2\/posts"}],"about":[{"href":"https:\/\/www.suno.com.br\/noticias\/wp-json\/wp\/v2\/types\/post"}],"author":[{"embeddable":true,"href":"https:\/\/www.suno.com.br\/noticias\/wp-json\/wp\/v2\/users\/73"}],"replies":[{"embeddable":true,"href":"https:\/\/www.suno.com.br\/noticias\/wp-json\/wp\/v2\/comments?post=224852"}],"version-history":[{"count":3,"href":"https:\/\/www.suno.com.br\/noticias\/wp-json\/wp\/v2\/posts\/224852\/revisions"}],"predecessor-version":[{"id":224913,"href":"https:\/\/www.suno.com.br\/noticias\/wp-json\/wp\/v2\/posts\/224852\/revisions\/224913"}],"wp:featuredmedia":[{"embeddable":true,"href":"https:\/\/www.suno.com.br\/noticias\/wp-json\/wp\/v2\/media\/142865"}],"wp:attachment":[{"href":"https:\/\/www.suno.com.br\/noticias\/wp-json\/wp\/v2\/media?parent=224852"}],"wp:term":[{"taxonomy":"category","embeddable":true,"href":"https:\/\/www.suno.com.br\/noticias\/wp-json\/wp\/v2\/categories?post=224852"},{"taxonomy":"post_tag","embeddable":true,"href":"https:\/\/www.suno.com.br\/noticias\/wp-json\/wp\/v2\/tags?post=224852"},{"taxonomy":"suno_strategy","embeddable":true,"href":"https:\/\/www.suno.com.br\/noticias\/wp-json\/wp\/v2\/suno_strategy?post=224852"}],"curies":[{"name":"wp","href":"https:\/\/api.w.org\/{rel}","templated":true}]}}