{"id":224635,"date":"2022-01-22T15:36:44","date_gmt":"2022-01-22T18:36:44","guid":{"rendered":"https:\/\/www.suno.com.br\/noticias\/?p=224635"},"modified":"2022-01-22T15:36:44","modified_gmt":"2022-01-22T18:36:44","slug":"santander-sanb11-murilo-riedel-ceo","status":"publish","type":"post","link":"https:\/\/www.suno.com.br\/noticias\/santander-sanb11-murilo-riedel-ceo\/","title":{"rendered":"Santander (SANB11) elege Murilo Riedel, CEO da \u00e1rea de seguros, como diretor"},"content":{"rendered":"<p>O <a class=\"suno-keyword\" href=\"https:\/\/www.suno.com.br\/artigos\/conselho-administracao\/\" target=\"_blank\" rel=\"noopener\" data-force=\"no\" data-priority=\"1\">Conselho de Administra\u00e7\u00e3o<\/a> do <a class=\"suno-keyword\" href=\"https:\/\/www.suno.com.br\/acoes\/SANB11\/\" target=\"_blank\" rel=\"noopener\" data-force=\"yes\" data-priority=\"2\"><strong>Santander<\/strong> Brasil (SANB11)<\/a> elegeu o executivo Murilo Riedel como diretor do banco. Ele foi indicado pelo comit\u00ea de nomea\u00e7\u00e3o e governan\u00e7a do conglomerado, de acordo com ata enviada \u00e0 Comiss\u00e3o de Valores Mobili\u00e1rios (CVM).<\/p>\t<div class=\"wrapper-featured-image\">\n\t\t<figure class=\"spotlightImg\">\n\n\t\t\t<picture>\n\t\t\t\t<source media=\"(max-width: 768px)\" srcset=\"https:\/\/files.sunoresearch.com.br\/n\/uploads\/2021\/07\/ad5d44b6-santander2-400x200.jpg\">\n\t\t\t\t<img loading=\"lazy\" decoding=\"async\" class=\"newsContent__article__imgCapa lazyloadDisabled \" src=\"https:\/\/files.sunoresearch.com.br\/n\/uploads\/2021\/07\/ad5d44b6-santander2-800x450.jpg\" width=\"800\" height=\"450\" alt=\"Santander (SANB11) elege Murilo Riedel, CEO da \u00e1rea de seguros, como diretor\" fetchpriority=high \/>\n\t\t\t<\/picture>\n\n\t\t\t<figcaption class=\"wp-caption-text wp-caption-text--show\">Santander (SANB11) divulga o resultado referente ao segundo trimestre de 2023- Foto: Divulga\u00e7\u00e3o<\/figcaption>\n\t\t<\/figure>\n\t<\/div>\n\n\n\t<p>\n\t\t<a href=\"https:\/\/lp.suno.com.br\/planilha-controle-gastos\/\" target=\"_blank\" data-element=\"shortcode-suno-banner\" title=\"Banner SUNO, clique e saiba mais\">\n\t\t\t<picture>\n\t\t\t\t<source media=\"(max-width: 500px)\" srcset=\"https:\/\/files.sunoresearch.com.br\/n\/uploads\/2023\/03\/400x300-Planilha-controle-de-gastos.png\">\n\t\t\t\t<img class=\"newsContent__article__imgCapa newsContent__article__imgCapa--banner\"\n\t\t\t\t\tsrc=\"https:\/\/files.sunoresearch.com.br\/n\/uploads\/2023\/03\/1420x240-Planilha-controle-de-gastos.png\"\n\t\t\t\t\tdata-promo-id=\"101751\"\t\t\t\t\t\t\t\t\t\twidth='1420' height='240'\t\t\t\t\talt=\"https:\/\/files.sunoresearch.com.br\/n\/uploads\/2023\/03\/1420x240-Planilha-controle-de-gastos.png\"\n\t\t\t\t>\n\t\t\t<\/picture>\n\t\t<\/a>\n\t<\/p>\n\n\n<p>O mandato vigorar\u00e1 at\u00e9 a posse dos eleitos na primeira reuni\u00e3o do conselho que ser\u00e1 realizada ap\u00f3s a <a class=\"suno-keyword\" href=\"https:\/\/www.suno.com.br\/artigos\/assembleia-geral-ordinaria\/\" target=\"_blank\" rel=\"noopener\" data-force=\"no\" data-priority=\"1\">assembleia geral ordin\u00e1ria<\/a> do ano que vem. O mandato de <strong>Riedel<\/strong> \u00e9 complementar, e ele foi eleito por unanimidade.<\/p>\n<p>Riedel chegou ao Santander neste m\u00eas, para ocupar o cargo de <strong>CEO da \u00e1rea de seguros<\/strong> do banco. Antes de atuar no Santander, ele trabalhou por 21 anos na HDI Seguros, da qual foi CEO entre 2016 e o ano passado. Desde 2019, Riedel tamb\u00e9m fazia parte do conselho de administra\u00e7\u00e3o da Santander Auto Seguros.<\/p>\n<h2>Santander passa a emitir cart\u00f5es American Express no Brasil<\/h2>\n<p>O Santander Brasil ser\u00e1 um dos bancos emissores do cart\u00e3o de cr\u00e9dito<strong> American Express<\/strong>, um dos poucos bancos do pa\u00eds com essa fun\u00e7\u00e3o.<\/p>\n\t<p>\n\t\t<a href=\"https:\/\/lp.suno.com.br\/planilha-da-vida-financeira\/\" target=\"_blank\" data-element=\"shortcode-suno-banner\" title=\"Banner SUNO, clique e saiba mais\">\n\t\t\t<picture>\n\t\t\t\t<source media=\"(max-width: 500px)\" srcset=\"https:\/\/files.sunoresearch.com.br\/n\/uploads\/2023\/04\/400x300-Planilha-vida-financeira-true.png\">\n\t\t\t\t<img class=\"newsContent__article__imgCapa newsContent__article__imgCapa--banner\"\n\t\t\t\t\tsrc=\"https:\/\/files.sunoresearch.com.br\/n\/uploads\/2023\/04\/1420x240-Planilha-vida-financeira-true.png\"\n\t\t\t\t\tdata-promo-id=\"106682\"\t\t\t\t\t\t\t\t\t\twidth='1420' height='240'\t\t\t\t\talt=\"https:\/\/files.sunoresearch.com.br\/n\/uploads\/2023\/04\/1420x240-Planilha-vida-financeira-true.png\"\n\t\t\t\t>\n\t\t\t<\/picture>\n\t\t<\/a>\n\t<\/p>\n\n\n<p>Segundo o Santander, ser\u00e3o tr\u00eas vers\u00f5es do cart\u00e3o American Express: <strong>Gold, Platinum e Centurion<\/strong> \u2013 este \u00faltimo restrito a clientes convidados pelo banco.<\/p>\n<p>A institui\u00e7\u00e3o se junta ao <a class=\"suno-keyword\" href=\"https:\/\/www.suno.com.br\/acoes\/BBDC4\/\" target=\"_blank\" rel=\"noopener\" data-force=\"yes\" data-priority=\"2\">Bradesco (BBDC4)<\/a>, at\u00e9 ent\u00e3o o \u00fanico banco brasileiro que emitia cart\u00f5es com a bandeira voltada a clientes de alta renda.<\/p>\n<p>No caso do Santander, os cart\u00f5es Amex far\u00e3o parte do Esfera, programa de benef\u00edcios do banco espanhol. Al\u00e9m disso, os clientes ter\u00e3o desconto em produtos e servi\u00e7os.<\/p>\n<p>De acordo com a institui\u00e7\u00e3o, os cart\u00f5es gerar\u00e3o pontos que n\u00e3o expiram. Os<strong> cart\u00f5es Gold gerar\u00e3o 1,2 ponto a cada d\u00f3lar gasto.<\/strong><\/p>\n\t<p>\n\t\t<a href=\"https:\/\/lp.suno.com.br\/ebook-como-analisar-uma-acao\/\" target=\"_blank\" data-element=\"shortcode-suno-banner\" title=\"Banner SUNO, clique e saiba mais\">\n\t\t\t<picture>\n\t\t\t\t<source media=\"(max-width: 500px)\" srcset=\"https:\/\/files.sunoresearch.com.br\/n\/uploads\/2023\/03\/Ebook-Acoes-Mobile-1.jpg\">\n\t\t\t\t<img class=\"newsContent__article__imgCapa newsContent__article__imgCapa--banner\"\n\t\t\t\t\tsrc=\"https:\/\/files.sunoresearch.com.br\/n\/uploads\/2023\/03\/Ebook-Acoes-Desktop-1.jpg\"\n\t\t\t\t\tdata-promo-id=\"171998\"\t\t\t\t\t\t\t\t\t\twidth='1420' height='286'\t\t\t\t\talt=\"https:\/\/files.sunoresearch.com.br\/n\/uploads\/2023\/03\/Ebook-Acoes-Desktop-1.jpg\"\n\t\t\t\t>\n\t\t\t<\/picture>\n\t\t<\/a>\n\t<\/p>\n\n\n<p>J\u00e1 o <strong>Platinum ter\u00e1 ac\u00famulo de 2,2 pontos<\/strong> a cada d\u00f3lar gasto pelo cliente. Os pontos poder\u00e3o ser transferidos, na mesma propor\u00e7\u00e3o, para o Membership Rewards, <a class=\"suno-keyword\" href=\"https:\/\/www.suno.com.br\/artigos\/programa-de-fidelidade\/\" target=\"_blank\" rel=\"noopener\" data-force=\"no\" data-priority=\"1\">programa de fidelidade<\/a> da Amex.<\/p>\n\t<div data-element=\"shortcode-read-more\" class=\"knowMore\">\n\t\t\t\t<span class=\"knowMore__title\">Veja mais<\/span>\n\t\t\t\t<a class=\"knowMore__link\" href=\"https:\/\/www.suno.com.br\/noticias\/santander-deposita-clientes-por-engano\/\">\n\t\t\tBanco Santander depositou US$ 176 milh\u00f5es a clientes por engano no Reino Unido\t\t<\/a>\n\t<\/div>\n\n\n<p>Por meio do acordo, a Esfera vai ganhar novos parceiros internacionais, como a Delta Airlines, a Airfrance e as redes de hot\u00e9is Hilton e Marriot Bonvoy.<\/p>\n<p>\u201cA parceria com a American Express \u00e9 estrat\u00e9gica para ampliarmos nosso posicionamento e nosso portf\u00f3lio de benef\u00edcios no mercado de alta renda, que buscam e valorizam atendimento exclusivo\u201d, afirma Rog\u00e9rio Panca, diretor de cart\u00f5es do <strong>Santander<\/strong>.<\/p>\n<p><em>(Com informa\u00e7\u00f5es da Ag\u00eancia Estado)<\/em><\/p>\n\t<p>\n\t\t<a href=\"\" target=\"_blank\" data-element=\"shortcode-suno-banner\" title=\"Banner SUNO, clique e saiba mais\">\n\t\t\t<picture>\n\t\t\t\t<source media=\"(max-width: 500px)\" srcset=\"\">\n\t\t\t\t<img class=\"newsContent__article__imgCapa newsContent__article__imgCapa--banner\"\n\t\t\t\t\tsrc=\"\"\n\t\t\t\t\tdata-promo-id=\"184190\"\t\t\t\t\t\t\t\t\t\t\t\t\t\t\talt=\"\"\n\t\t\t\t>\n\t\t\t<\/picture>\n\t\t<\/a>\n\t<\/p>\n\n\n","protected":false},"excerpt":{"rendered":"<p>O Conselho de Administra\u00e7\u00e3o do Santander Brasil (SANB11) elegeu o executivo Murilo Riedel como diretor do banco. Ele foi indicado pelo comit\u00ea de nomea\u00e7\u00e3o e governan\u00e7a do conglomerado, de acordo com ata enviada \u00e0 Comiss\u00e3o de Valores Mobili\u00e1rios (CVM). Santander (SANB11) divulga o resultado referente ao segundo trimestre de 2023- Foto: Divulga\u00e7\u00e3o O mandato vigorar\u00e1 [&hellip;]<\/p>\n","protected":false},"author":118,"featured_media":169987,"comment_status":"closed","ping_status":"closed","sticky":false,"template":"","format":"standard","meta":[],"categories":[64],"tags":[624],"suno_strategy":[],"class_list":["post-224635","post","type-post","status-publish","format-standard","has-post-thumbnail","hentry","category-negocios","tag-santander-sanb11-sanb3-sanb4"],"yoast_head":"<!-- This site is optimized with the Yoast SEO plugin v24.4 - https:\/\/yoast.com\/wordpress\/plugins\/seo\/ -->\n<title>Santander (SANB11) elege Murilo Riedel, CEO da \u00e1rea de seguros, como diretor<\/title>\n<meta name=\"description\" content=\"O Conselho de Administra\u00e7\u00e3o do Santander Brasil (SANB11) elegeu o executivo Murilo Riedel como diretor do banco. Saiba mais\" \/>\n<meta name=\"robots\" content=\"index, follow, max-snippet:-1, max-image-preview:large, max-video-preview:-1\" \/>\n<link rel=\"canonical\" href=\"https:\/\/www.suno.com.br\/noticias\/santander-sanb11-murilo-riedel-ceo\/\" \/>\n<meta property=\"og:locale\" content=\"pt_BR\" \/>\n<meta property=\"og:type\" content=\"article\" \/>\n<meta property=\"og:title\" content=\"Santander (SANB11) elege Murilo Riedel, CEO da \u00e1rea de seguros, como diretor\" \/>\n<meta property=\"og:description\" content=\"O Conselho de Administra\u00e7\u00e3o do Santander Brasil (SANB11) elegeu o executivo Murilo Riedel como diretor do banco. Saiba mais\" \/>\n<meta property=\"og:url\" content=\"https:\/\/www.suno.com.br\/noticias\/santander-sanb11-murilo-riedel-ceo\/\" \/>\n<meta property=\"og:site_name\" content=\"Suno Not\u00edcias\" \/>\n<meta property=\"article:publisher\" content=\"https:\/\/facebook.com\/sunoresearch\" \/>\n<meta property=\"og:image\" content=\"https:\/\/files.sunoresearch.com.br\/n\/uploads\/2021\/07\/ad5d44b6-santander2.jpg\" \/>\n\t<meta property=\"og:image:width\" content=\"1200\" \/>\n\t<meta property=\"og:image:height\" content=\"800\" \/>\n\t<meta property=\"og:image:type\" content=\"image\/jpeg\" \/>\n<meta name=\"author\" content=\"Bruno Galv\u00e3o\" \/>\n<meta name=\"twitter:card\" content=\"summary_large_image\" \/>\n<meta name=\"twitter:creator\" content=\"@sunoresearch\" \/>\n<meta name=\"twitter:site\" content=\"@sunoresearch\" \/>\n<meta name=\"twitter:label1\" content=\"Escrito por\" \/>\n\t<meta name=\"twitter:data1\" content=\"Bruno Galv\u00e3o\" \/>\n\t<meta name=\"twitter:label2\" content=\"Est. tempo de leitura\" \/>\n\t<meta name=\"twitter:data2\" content=\"2 minutos\" \/>\n<script type=\"application\/ld+json\" class=\"yoast-schema-graph\">{\"@context\":\"https:\/\/schema.org\",\"@graph\":[{\"@type\":\"NewsArticle\",\"@id\":\"https:\/\/www.suno.com.br\/noticias\/santander-sanb11-murilo-riedel-ceo\/#article\",\"isPartOf\":{\"@id\":\"https:\/\/www.suno.com.br\/noticias\/santander-sanb11-murilo-riedel-ceo\/\"},\"author\":{\"name\":\"Bruno Galv\u00e3o\",\"@id\":\"https:\/\/www.suno.com.br\/noticias\/#\/schema\/person\/06f0d962a6b1c54852e4860f16935600\"},\"headline\":\"Santander (SANB11) elege Murilo Riedel, CEO da \u00e1rea de seguros, como diretor\",\"datePublished\":\"2022-01-22T18:36:44+00:00\",\"mainEntityOfPage\":{\"@id\":\"https:\/\/www.suno.com.br\/noticias\/santander-sanb11-murilo-riedel-ceo\/\"},\"wordCount\":428,\"publisher\":{\"@id\":\"https:\/\/www.suno.com.br\/noticias\/#organization\"},\"image\":{\"@id\":\"https:\/\/www.suno.com.br\/noticias\/santander-sanb11-murilo-riedel-ceo\/#primaryimage\"},\"thumbnailUrl\":\"https:\/\/files.sunoresearch.com.br\/n\/uploads\/2021\/07\/ad5d44b6-santander2.jpg\",\"keywords\":[\"Santander (SANB11\/SANB3\/SANB4)\"],\"articleSection\":[\"Neg\u00f3cios\"],\"inLanguage\":\"pt-BR\"},{\"@type\":\"WebPage\",\"@id\":\"https:\/\/www.suno.com.br\/noticias\/santander-sanb11-murilo-riedel-ceo\/\",\"url\":\"https:\/\/www.suno.com.br\/noticias\/santander-sanb11-murilo-riedel-ceo\/\",\"name\":\"Santander (SANB11) elege Murilo Riedel, CEO da \u00e1rea de seguros, como diretor\",\"isPartOf\":{\"@id\":\"https:\/\/www.suno.com.br\/noticias\/#website\"},\"primaryImageOfPage\":{\"@id\":\"https:\/\/www.suno.com.br\/noticias\/santander-sanb11-murilo-riedel-ceo\/#primaryimage\"},\"image\":{\"@id\":\"https:\/\/www.suno.com.br\/noticias\/santander-sanb11-murilo-riedel-ceo\/#primaryimage\"},\"thumbnailUrl\":\"https:\/\/files.sunoresearch.com.br\/n\/uploads\/2021\/07\/ad5d44b6-santander2.jpg\",\"datePublished\":\"2022-01-22T18:36:44+00:00\",\"description\":\"O Conselho de Administra\u00e7\u00e3o do Santander Brasil (SANB11) elegeu o executivo Murilo Riedel como diretor do banco. Saiba mais\",\"breadcrumb\":{\"@id\":\"https:\/\/www.suno.com.br\/noticias\/santander-sanb11-murilo-riedel-ceo\/#breadcrumb\"},\"inLanguage\":\"pt-BR\",\"potentialAction\":[{\"@type\":\"ReadAction\",\"target\":[\"https:\/\/www.suno.com.br\/noticias\/santander-sanb11-murilo-riedel-ceo\/\"]}]},{\"@type\":\"ImageObject\",\"inLanguage\":\"pt-BR\",\"@id\":\"https:\/\/www.suno.com.br\/noticias\/santander-sanb11-murilo-riedel-ceo\/#primaryimage\",\"url\":\"https:\/\/files.sunoresearch.com.br\/n\/uploads\/2021\/07\/ad5d44b6-santander2.jpg\",\"contentUrl\":\"https:\/\/files.sunoresearch.com.br\/n\/uploads\/2021\/07\/ad5d44b6-santander2.jpg\",\"width\":1200,\"height\":800,\"caption\":\"Santander (SANB11) divulga o resultado referente ao segundo trimestre de 2023- Foto: Divulga\u00e7\u00e3o\"},{\"@type\":\"BreadcrumbList\",\"@id\":\"https:\/\/www.suno.com.br\/noticias\/santander-sanb11-murilo-riedel-ceo\/#breadcrumb\",\"itemListElement\":[{\"@type\":\"ListItem\",\"position\":1,\"name\":\"Not\u00edcias\",\"item\":\"https:\/\/www.suno.com.br\/noticias\/\"},{\"@type\":\"ListItem\",\"position\":2,\"name\":\"Neg\u00f3cios\",\"item\":\"https:\/\/www.suno.com.br\/noticias\/negocios\/\"},{\"@type\":\"ListItem\",\"position\":3,\"name\":\"Santander (SANB11) elege Murilo Riedel, CEO da \u00e1rea de seguros, como diretor\"}]},{\"@type\":\"WebSite\",\"@id\":\"https:\/\/www.suno.com.br\/noticias\/#website\",\"url\":\"https:\/\/www.suno.com.br\/noticias\/\",\"name\":\"Suno Not\u00edcias\",\"description\":\"Seu portal de informa\u00e7\u00e3o sobre o mundo dos investimentos\",\"publisher\":{\"@id\":\"https:\/\/www.suno.com.br\/noticias\/#organization\"},\"potentialAction\":[{\"@type\":\"SearchAction\",\"target\":{\"@type\":\"EntryPoint\",\"urlTemplate\":\"https:\/\/www.suno.com.br\/noticias\/?s={search_term_string}\"},\"query-input\":{\"@type\":\"PropertyValueSpecification\",\"valueRequired\":true,\"valueName\":\"search_term_string\"}}],\"inLanguage\":\"pt-BR\"},{\"@type\":\"Organization\",\"@id\":\"https:\/\/www.suno.com.br\/noticias\/#organization\",\"name\":\"Suno Not\u00edcias\",\"url\":\"https:\/\/www.suno.com.br\/noticias\/\",\"logo\":{\"@type\":\"ImageObject\",\"inLanguage\":\"pt-BR\",\"@id\":\"https:\/\/www.suno.com.br\/noticias\/#\/schema\/logo\/image\/\",\"url\":\"https:\/\/files.sunoresearch.com.br\/n\/uploads\/2021\/09\/suno-logo.png\",\"contentUrl\":\"https:\/\/files.sunoresearch.com.br\/n\/uploads\/2021\/09\/suno-logo.png\",\"width\":180,\"height\":180,\"caption\":\"Suno Not\u00edcias\"},\"image\":{\"@id\":\"https:\/\/www.suno.com.br\/noticias\/#\/schema\/logo\/image\/\"},\"sameAs\":[\"https:\/\/facebook.com\/sunoresearch\",\"https:\/\/x.com\/sunoresearch\",\"https:\/\/www.instagram.com\/suno\",\"https:\/\/www.linkedin.com\/company\/suno-research\/\",\"https:\/\/www.youtube.com\/c\/sunoresearch\"]},{\"@type\":\"Person\",\"@id\":\"https:\/\/www.suno.com.br\/noticias\/#\/schema\/person\/06f0d962a6b1c54852e4860f16935600\",\"name\":\"Bruno Galv\u00e3o\",\"image\":{\"@type\":\"ImageObject\",\"inLanguage\":\"pt-BR\",\"@id\":\"https:\/\/www.suno.com.br\/noticias\/#\/schema\/person\/image\/\",\"url\":\"https:\/\/secure.gravatar.com\/avatar\/53598df0b41c00f12f287a912d0e918e?s=96&r=g\",\"contentUrl\":\"https:\/\/secure.gravatar.com\/avatar\/53598df0b41c00f12f287a912d0e918e?s=96&r=g\",\"caption\":\"Bruno Galv\u00e3o\"},\"description\":\"Escreve para o portal Suno Not\u00edcias. \u00c9 estudante de Jornalismo pela Faculdade C\u00e1sper L\u00edbero e Letras pela USP. Entusiasta de tecnologia e intelig\u00eancia artificial.\",\"url\":\"https:\/\/www.suno.com.br\/noticias\/author\/bruno-garcia\/\"}]}<\/script>\n<!-- \/ Yoast SEO plugin. -->","yoast_head_json":{"title":"Santander (SANB11) elege Murilo Riedel, CEO da \u00e1rea de seguros, como diretor","description":"O Conselho de Administra\u00e7\u00e3o do Santander Brasil (SANB11) elegeu o executivo Murilo Riedel como diretor do banco. Saiba mais","robots":{"index":"index","follow":"follow","max-snippet":"max-snippet:-1","max-image-preview":"max-image-preview:large","max-video-preview":"max-video-preview:-1"},"canonical":"https:\/\/www.suno.com.br\/noticias\/santander-sanb11-murilo-riedel-ceo\/","og_locale":"pt_BR","og_type":"article","og_title":"Santander (SANB11) elege Murilo Riedel, CEO da \u00e1rea de seguros, como diretor","og_description":"O Conselho de Administra\u00e7\u00e3o do Santander Brasil (SANB11) elegeu o executivo Murilo Riedel como diretor do banco. Saiba mais","og_url":"https:\/\/www.suno.com.br\/noticias\/santander-sanb11-murilo-riedel-ceo\/","og_site_name":"Suno Not\u00edcias","article_publisher":"https:\/\/facebook.com\/sunoresearch","og_image":[{"width":1200,"height":800,"url":"https:\/\/files.sunoresearch.com.br\/n\/uploads\/2021\/07\/ad5d44b6-santander2.jpg","type":"image\/jpeg"}],"author":"Bruno Galv\u00e3o","twitter_card":"summary_large_image","twitter_creator":"@sunoresearch","twitter_site":"@sunoresearch","twitter_misc":{"Escrito por":"Bruno Galv\u00e3o","Est. tempo de leitura":"2 minutos"},"schema":{"@context":"https:\/\/schema.org","@graph":[{"@type":"NewsArticle","@id":"https:\/\/www.suno.com.br\/noticias\/santander-sanb11-murilo-riedel-ceo\/#article","isPartOf":{"@id":"https:\/\/www.suno.com.br\/noticias\/santander-sanb11-murilo-riedel-ceo\/"},"author":{"name":"Bruno Galv\u00e3o","@id":"https:\/\/www.suno.com.br\/noticias\/#\/schema\/person\/06f0d962a6b1c54852e4860f16935600"},"headline":"Santander (SANB11) elege Murilo Riedel, CEO da \u00e1rea de seguros, como diretor","datePublished":"2022-01-22T18:36:44+00:00","mainEntityOfPage":{"@id":"https:\/\/www.suno.com.br\/noticias\/santander-sanb11-murilo-riedel-ceo\/"},"wordCount":428,"publisher":{"@id":"https:\/\/www.suno.com.br\/noticias\/#organization"},"image":{"@id":"https:\/\/www.suno.com.br\/noticias\/santander-sanb11-murilo-riedel-ceo\/#primaryimage"},"thumbnailUrl":"https:\/\/files.sunoresearch.com.br\/n\/uploads\/2021\/07\/ad5d44b6-santander2.jpg","keywords":["Santander (SANB11\/SANB3\/SANB4)"],"articleSection":["Neg\u00f3cios"],"inLanguage":"pt-BR"},{"@type":"WebPage","@id":"https:\/\/www.suno.com.br\/noticias\/santander-sanb11-murilo-riedel-ceo\/","url":"https:\/\/www.suno.com.br\/noticias\/santander-sanb11-murilo-riedel-ceo\/","name":"Santander (SANB11) elege Murilo Riedel, CEO da \u00e1rea de seguros, como diretor","isPartOf":{"@id":"https:\/\/www.suno.com.br\/noticias\/#website"},"primaryImageOfPage":{"@id":"https:\/\/www.suno.com.br\/noticias\/santander-sanb11-murilo-riedel-ceo\/#primaryimage"},"image":{"@id":"https:\/\/www.suno.com.br\/noticias\/santander-sanb11-murilo-riedel-ceo\/#primaryimage"},"thumbnailUrl":"https:\/\/files.sunoresearch.com.br\/n\/uploads\/2021\/07\/ad5d44b6-santander2.jpg","datePublished":"2022-01-22T18:36:44+00:00","description":"O Conselho de Administra\u00e7\u00e3o do Santander Brasil (SANB11) elegeu o executivo Murilo Riedel como diretor do banco. Saiba mais","breadcrumb":{"@id":"https:\/\/www.suno.com.br\/noticias\/santander-sanb11-murilo-riedel-ceo\/#breadcrumb"},"inLanguage":"pt-BR","potentialAction":[{"@type":"ReadAction","target":["https:\/\/www.suno.com.br\/noticias\/santander-sanb11-murilo-riedel-ceo\/"]}]},{"@type":"ImageObject","inLanguage":"pt-BR","@id":"https:\/\/www.suno.com.br\/noticias\/santander-sanb11-murilo-riedel-ceo\/#primaryimage","url":"https:\/\/files.sunoresearch.com.br\/n\/uploads\/2021\/07\/ad5d44b6-santander2.jpg","contentUrl":"https:\/\/files.sunoresearch.com.br\/n\/uploads\/2021\/07\/ad5d44b6-santander2.jpg","width":1200,"height":800,"caption":"Santander (SANB11) divulga o resultado referente ao segundo trimestre de 2023- Foto: Divulga\u00e7\u00e3o"},{"@type":"BreadcrumbList","@id":"https:\/\/www.suno.com.br\/noticias\/santander-sanb11-murilo-riedel-ceo\/#breadcrumb","itemListElement":[{"@type":"ListItem","position":1,"name":"Not\u00edcias","item":"https:\/\/www.suno.com.br\/noticias\/"},{"@type":"ListItem","position":2,"name":"Neg\u00f3cios","item":"https:\/\/www.suno.com.br\/noticias\/negocios\/"},{"@type":"ListItem","position":3,"name":"Santander (SANB11) elege Murilo Riedel, CEO da \u00e1rea de seguros, como diretor"}]},{"@type":"WebSite","@id":"https:\/\/www.suno.com.br\/noticias\/#website","url":"https:\/\/www.suno.com.br\/noticias\/","name":"Suno Not\u00edcias","description":"Seu portal de informa\u00e7\u00e3o sobre o mundo dos investimentos","publisher":{"@id":"https:\/\/www.suno.com.br\/noticias\/#organization"},"potentialAction":[{"@type":"SearchAction","target":{"@type":"EntryPoint","urlTemplate":"https:\/\/www.suno.com.br\/noticias\/?s={search_term_string}"},"query-input":{"@type":"PropertyValueSpecification","valueRequired":true,"valueName":"search_term_string"}}],"inLanguage":"pt-BR"},{"@type":"Organization","@id":"https:\/\/www.suno.com.br\/noticias\/#organization","name":"Suno Not\u00edcias","url":"https:\/\/www.suno.com.br\/noticias\/","logo":{"@type":"ImageObject","inLanguage":"pt-BR","@id":"https:\/\/www.suno.com.br\/noticias\/#\/schema\/logo\/image\/","url":"https:\/\/files.sunoresearch.com.br\/n\/uploads\/2021\/09\/suno-logo.png","contentUrl":"https:\/\/files.sunoresearch.com.br\/n\/uploads\/2021\/09\/suno-logo.png","width":180,"height":180,"caption":"Suno Not\u00edcias"},"image":{"@id":"https:\/\/www.suno.com.br\/noticias\/#\/schema\/logo\/image\/"},"sameAs":["https:\/\/facebook.com\/sunoresearch","https:\/\/x.com\/sunoresearch","https:\/\/www.instagram.com\/suno","https:\/\/www.linkedin.com\/company\/suno-research\/","https:\/\/www.youtube.com\/c\/sunoresearch"]},{"@type":"Person","@id":"https:\/\/www.suno.com.br\/noticias\/#\/schema\/person\/06f0d962a6b1c54852e4860f16935600","name":"Bruno Galv\u00e3o","image":{"@type":"ImageObject","inLanguage":"pt-BR","@id":"https:\/\/www.suno.com.br\/noticias\/#\/schema\/person\/image\/","url":"https:\/\/secure.gravatar.com\/avatar\/53598df0b41c00f12f287a912d0e918e?s=96&r=g","contentUrl":"https:\/\/secure.gravatar.com\/avatar\/53598df0b41c00f12f287a912d0e918e?s=96&r=g","caption":"Bruno Galv\u00e3o"},"description":"Escreve para o portal Suno Not\u00edcias. \u00c9 estudante de Jornalismo pela Faculdade C\u00e1sper L\u00edbero e Letras pela USP. Entusiasta de tecnologia e intelig\u00eancia artificial.","url":"https:\/\/www.suno.com.br\/noticias\/author\/bruno-garcia\/"}]}},"default_loop_html":"<div class=\"cardsPage__listCard__boxs\"><div class=\"cardsPage__listCard__boxs__img\"><a href=\"https:\/\/www.suno.com.br\/noticias\/santander-sanb11-murilo-riedel-ceo\/\"><img class=\"mask\" src=\"https:\/\/www.suno.com.br\/noticias\/wp-content\/themes\/suno\/resources\/images\/spotlight\/spotlight1img\/bg-mask.png\" alt=\"Image Mask\"\/><img src=\"https:\/\/files.sunoresearch.com.br\/n\/uploads\/2021\/07\/ad5d44b6-santander2-400x200.jpg\" alt=\"Santander (SANB11) elege Murilo Riedel, CEO da \u00e1rea de seguros, como diretor\"\/><\/a><span class=\"spotlightCategory\"><a href=\"https:\/\/www.suno.com.br\/noticias\/negocios\/\">Neg\u00f3cios<\/a><\/span><\/div><div class=\"cardsPage__listCard__boxs__content\"><a href=\"https:\/\/www.suno.com.br\/noticias\/santander-sanb11-murilo-riedel-ceo\/\"><h2 class=\"content__title\">Santander (SANB11) elege Murilo Riedel, CEO da \u00e1rea de seguros, como diretor<\/h2><\/a><div class=\"newsContent__article__meta\"><div class=\"newsContent__article__meta__authorBox\"><a href=\"https:\/\/www.suno.com.br\/noticias\/author\/bruno-garcia\/\" class=\"authorBox__avatar noMobi\"><img src=\"https:\/\/secure.gravatar.com\/avatar\/53598df0b41c00f12f287a912d0e918e?s=96&#038;r=g\" alt=\"Bruno Galv\u00e3o\"><\/a><div class=\"authorBox__name\"><span>por\n\t\t\t<a href=\"https:\/\/www.suno.com.br\/noticias\/author\/bruno-garcia\/\"><span itemprop=\"author\">Bruno Galv\u00e3o<\/span><\/a><\/span><time datetime=\"2022-01-22T15:36:44-03:00\" itemprop=\"datePublished\">22\/01\/2022 15:36<\/time><\/div><\/div><\/div><\/div><\/div>","single_layout":"posts","amp_enabled":true,"_links":{"self":[{"href":"https:\/\/www.suno.com.br\/noticias\/wp-json\/wp\/v2\/posts\/224635"}],"collection":[{"href":"https:\/\/www.suno.com.br\/noticias\/wp-json\/wp\/v2\/posts"}],"about":[{"href":"https:\/\/www.suno.com.br\/noticias\/wp-json\/wp\/v2\/types\/post"}],"author":[{"embeddable":true,"href":"https:\/\/www.suno.com.br\/noticias\/wp-json\/wp\/v2\/users\/118"}],"replies":[{"embeddable":true,"href":"https:\/\/www.suno.com.br\/noticias\/wp-json\/wp\/v2\/comments?post=224635"}],"version-history":[{"count":2,"href":"https:\/\/www.suno.com.br\/noticias\/wp-json\/wp\/v2\/posts\/224635\/revisions"}],"predecessor-version":[{"id":224637,"href":"https:\/\/www.suno.com.br\/noticias\/wp-json\/wp\/v2\/posts\/224635\/revisions\/224637"}],"wp:featuredmedia":[{"embeddable":true,"href":"https:\/\/www.suno.com.br\/noticias\/wp-json\/wp\/v2\/media\/169987"}],"wp:attachment":[{"href":"https:\/\/www.suno.com.br\/noticias\/wp-json\/wp\/v2\/media?parent=224635"}],"wp:term":[{"taxonomy":"category","embeddable":true,"href":"https:\/\/www.suno.com.br\/noticias\/wp-json\/wp\/v2\/categories?post=224635"},{"taxonomy":"post_tag","embeddable":true,"href":"https:\/\/www.suno.com.br\/noticias\/wp-json\/wp\/v2\/tags?post=224635"},{"taxonomy":"suno_strategy","embeddable":true,"href":"https:\/\/www.suno.com.br\/noticias\/wp-json\/wp\/v2\/suno_strategy?post=224635"}],"curies":[{"name":"wp","href":"https:\/\/api.w.org\/{rel}","templated":true}]}}