{"id":22443,"date":"2019-04-26T11:10:18","date_gmt":"2019-04-26T14:10:18","guid":{"rendered":"https:\/\/www.suno.com.br\/noticias\/?p=22443"},"modified":"2019-04-26T11:10:18","modified_gmt":"2019-04-26T14:10:18","slug":"centrao-nao-aprova-relator-reforma-da-previdencia","status":"publish","type":"post","link":"https:\/\/www.suno.com.br\/noticias\/centrao-nao-aprova-relator-reforma-da-previdencia\/","title":{"rendered":"Centr\u00e3o n\u00e3o aprova escolha para relator da reforma da Previd\u00eancia"},"content":{"rendered":"<p>O chamado <strong>Centr\u00e3o<\/strong> n\u00e3o ficou satisfeito com a escolha do relator da reforma da Previd\u00eancia. O deputado <strong>Samuel Moreira<\/strong> (PSDB-SP) foi escolhido pelo presidente da C\u00e2mara, <strong>Rodrigo Maia,<\/strong> para fazer o parecer da PEC na Comiss\u00e3o Especial.<\/p>\t<div class=\"wrapper-featured-image\">\n\t\t<figure class=\"spotlightImg\">\n\n\t\t\t<picture>\n\t\t\t\t<source media=\"(max-width: 768px)\" srcset=\"https:\/\/files.sunoresearch.com.br\/n\/uploads\/2019\/04\/8daa98eb-samuel-moreira-400x200.webp\">\n\t\t\t\t<img loading=\"lazy\" decoding=\"async\" class=\"newsContent__article__imgCapa lazyloadDisabled newsContent__article__imgCapa--noCaption\" src=\"https:\/\/files.sunoresearch.com.br\/n\/uploads\/2019\/04\/8daa98eb-samuel-moreira-jpg.webp\" width=\"800\" height=\"450\" alt=\"Centr\u00e3o n\u00e3o aprova escolha para relator da reforma da Previd\u00eancia\" fetchpriority=high \/>\n\t\t\t<\/picture>\n\n\t\t\t<figcaption class=\"wp-caption-text wp-caption-text--hide\">Relator da reforma da Previd\u00eancia estuda retirar aumento de CSLL da Bolsa<\/figcaption>\n\t\t<\/figure>\n\t<\/div>\n\n\n<p>A decis\u00e3o n\u00e3o agradou os partidos de centro, que consideraram que <strong>Maia<\/strong> sacrificou a pr\u00f3pria legenda em favor do <strong>PSDB.<\/strong>\u00a0Como presidente da comiss\u00e3o que vai analisar a <strong>reforma da Previd\u00eancia,<\/strong> o l\u00edder da C\u00e2mara escolheu\u00a0Marcelo Ramos (PR-AM).<\/p>\n<p>Em busca de seus objetivos pol\u00edticos, membros do centr\u00e3o amea\u00e7am travar algumas pautas na C\u00e2mara. S\u00e3o elas:<\/p>\n<ul>\n<li>retirar os Estados e munic\u00edpios da <strong>reforma da Previd\u00eancia<\/strong><\/li>\n<li>impedir os repasses da Lei Kandir<\/li>\n<li>dificultar a securitiza\u00e7\u00e3o de d\u00edvidas<\/li>\n<li>e a divis\u00e3o do dinheiro do pr\u00e9-sal<\/li>\n<\/ul>\n<p><a href=\"https:\/\/www.suno.com.br\/noticias\/reforma-previdencia-economia-aumenta\/\">Saiba Mais: Previd\u00eancia: previs\u00e3o de economia sobe para R$ 1,23 tri com dados divulgados<\/a><\/p>\n<p>Ramos contava com apoio de deputados na disputa pela presid\u00eancia da comiss\u00e3o. E a l\u00edder do governo, <strong>Joice Hasselmann<\/strong> (PSL-SP) acredita que as escolhas feitas por <strong>Maia<\/strong> v\u00e3o facilitar um di\u00e1logo e a tramita\u00e7\u00e3o sobre a reforma.<\/p>\n<p>O mercado tamb\u00e9m viu com bons olhos os escolhidos para relator e presidente. Ap\u00f3s a defini\u00e7\u00e3o dos nomes, o <strong>Ibovespa<\/strong> fechou em alta de 1,59%. J\u00e1\u00a0o d\u00f3lar deu uma tr\u00e9gua na alta ap\u00f3s bater R$4.<\/p>\n<h2>Comiss\u00e3o Especial<\/h2>\n<p>A <strong>Comiss\u00e3o Especial<\/strong> foi instalada na quinta-feira (25) e ter\u00e1 49 membros titulares. Destes, 46 j\u00e1 foram indicados. O n\u00famero de deputados suplentes \u00e9 o mesmo. Para a <strong>reforma da Previd\u00eancia<\/strong> ser aprovada na comiss\u00e3o, s\u00e3o necess\u00e1rios 25 votos, no m\u00ednimo. Os deputados ter\u00e3o at\u00e9 40 sess\u00f5es para decidir sobre a PEC.<\/p>\n<p><a href=\"https:\/\/www.suno.com.br\/noticias\/reforma-da-previdencia-psdb-relatoria\/\">Saiba Mais: Reforma da Previd\u00eancia: PSDB fica com relatoria na Comiss\u00e3o Especial<\/a><\/p>\n<p>Na <strong>Comiss\u00e3o Especial,<\/strong> o m\u00e9rito da proposta ser\u00e1 avaliado. \u00c9 nesta fase que os deputados apresentam as altera\u00e7\u00f5es e acr\u00e9scimos ao projeto original do governo. As mudan\u00e7as s\u00e3o propostas por meio de emendas, que precisam ser aprovadas em vota\u00e7\u00e3o na comiss\u00e3o.<\/p>\n<p>Pontos como a defini\u00e7\u00e3o de idade m\u00ednima,\u00a0tempo de contribui\u00e7\u00e3o, regras de transi\u00e7\u00e3o e os benef\u00edcios assistenciais ser\u00e3o avaliados e podem ser alterados pelos parlamentares.\u00a0\u00c9 a <strong>Comiss\u00e3o Especial<\/strong> que vai definir tamb\u00e9m se o sistema da aposentadoria muda de reparti\u00e7\u00e3o para capitaliza\u00e7\u00e3o.<\/p>\n<p><a href=\"https:\/\/www.suno.com.br\/noticias\/governo-voto-aprovar-previdencia-maia\/\">Saiba Mais: Governo foi desorganizado e n\u00e3o tem voto para aprovar Previd\u00eancia, diz Maia<\/a><\/p>\n<h2>Revis\u00e3o da economia<\/h2>\n<p>Na quinta, a previs\u00e3o da economia com a aprova\u00e7\u00e3o da reforma da Previd\u00eancia foi revisada de R$ 1,16 trilh\u00e3o para R$ 1,23 trilh\u00e3o. As informa\u00e7\u00f5es foram divulgadas pelo <strong>governo<\/strong>\u00a0com a libera\u00e7\u00e3o dos dados que estavam sob sigilo.<\/p>\n<p>Os valores consideram que a <strong>reforma da Previd\u00eancia<\/strong> seja aprovada sem muitas altera\u00e7\u00f5es no texto enviado pelo <strong>governo.\u00a0<\/strong>A previs\u00e3o da economia \u00e9 para os pr\u00f3ximos dez anos. O valor revisado \u00e9 15% maior do que os primeiros n\u00fameros divulgados, quando a <strong>PEC<\/strong> foi levada ao <strong>Congresso.<\/strong><\/p>\n<p>De acordo com os dados oficiais, o impacto da mudan\u00e7a na <strong>aposentadoria rural<\/strong> ser\u00e1 de\u00a0R$ 92,4 bilh\u00f5es e a urbana, de R$ 743,9 bilh\u00f5es nos pr\u00f3ximos 10 anos.<\/p>\n<h2>BPC e aposentadoria rural<\/h2>\n<p>As mudan\u00e7as no\u00a0<strong>Benef\u00edcio da Presta\u00e7\u00e3o Continuada (BPC)<\/strong> e na <strong>aposentadoria rural,<\/strong> se aprovadas,\u00a0ser\u00e3o respons\u00e1veis por uma economia de R$ 127,2 bilh\u00f5es em 10 anos.<\/p>\n<p>O <strong>BPC<\/strong> e a <strong>aposentadoria rural<\/strong> s\u00e3o os dois principais pontos de resist\u00eancia dos deputados na <strong>reforma da Previd\u00eancia.<\/strong>\u00a0Parlamentares j\u00e1 declararam oposi\u00e7\u00e3o \u00e0s mudan\u00e7as nos benef\u00edcios.<\/p>\n<p>Se o <strong>BCP<\/strong> e a <strong>aposentadoria rural<\/strong> forem retirados da <strong>reforma da Previd\u00eancia,<\/strong> a economia total cair\u00e1 de R$ 1,23 trilh\u00e3o para R$ 1,10 trilh\u00e3o. <strong>Paulo<\/strong>\u00a0<strong>Guedes,<\/strong> ministro da Economia defende que o piso de R$ 1 trilh\u00e3o \u00e9 necess\u00e1rio para implementar o regime de capitaliza\u00e7\u00e3o.<\/p>\n<p>Nesse modelo, o trabalhador poupa recursos para custear seu pr\u00f3prio <strong>benef\u00edcio<\/strong> futuramente. No sistema atual, o de reparti\u00e7\u00e3o, o contribuinte paga pela <strong>aposentadoria<\/strong> de quem n\u00e3o est\u00e1 mais ativo. A mudan\u00e7a no sistema da aposentadoria \u00e9 uma das bandeiras de <strong>Guedes<\/strong> desde a campanha eleitoral de <strong>Bolsonaro.<\/strong><\/p>\n\t<p>\n\t\t<a href=\"https:\/\/lp.suno.com.br\/ao\/servico-especializado-suno-tf\/?utm_source=adwords&#038;utm_medium=search&#038;utm_campaign=search.servico.funilconsultoria&#038;utm_content=1147_responsivo-a&#038;hsa_acc=2326072784&#038;hsa_cam=18022897917&#038;hsa_grp=141470255993&#038;hsa_ad=616145467912&#038;hsa_src=g&#038;hsa_tgt=kwd-303658942458&#038;hsa_kw=gestora+de+investimentos&#038;hsa_mt=b&#038;hsa_net=adwords&#038;hsa_ver=3&#038;gad_source=1&#038;gclid=CjwKCAjw1emzBhB8EiwAHwZZxQMvA3xJVRzLGZ70LmuSzR55X-KvxijSay8c5Hm88Sznnq97j8XbORoC-sMQAvD_BwE\" target=\"_blank\" data-element=\"shortcode-suno-banner\" title=\"Banner SUNO, clique e saiba mais\">\n\t\t\t<picture>\n\t\t\t\t<source media=\"(max-width: 500px)\" srcset=\"https:\/\/files.sunoresearch.com.br\/n\/uploads\/2024\/06\/400x300-Mobile-Artigos-5.png\">\n\t\t\t\t<img class=\"newsContent__article__imgCapa newsContent__article__imgCapa--banner\"\n\t\t\t\t\tsrc=\"https:\/\/files.sunoresearch.com.br\/n\/uploads\/2024\/06\/1420x240-Banner-Artigos-1-_-Banner-Materias-3.png\"\n\t\t\t\t\tdata-promo-id=\"563605\"\t\t\t\t\t\t\t\t\t\twidth='1420' height='240'\t\t\t\t\talt=\"https:\/\/files.sunoresearch.com.br\/n\/uploads\/2024\/06\/1420x240-Banner-Artigos-1-_-Banner-Materias-3.png\"\n\t\t\t\t>\n\t\t\t<\/picture>\n\t\t<\/a>\n\t<\/p>\n\n\n<h2>Pr\u00f3ximos passos da tramita\u00e7\u00e3o<\/h2>\n<p>A\u00a0 partir de agora, a tramita\u00e7\u00e3o da <strong>reforma da Previd\u00eancia<\/strong> na C\u00e2mara ocorre da seguinte forma:<\/p>\n<ul>\n<li>Nas 10 primeiras sess\u00f5es, os deputados podem apresentar emendas que alterem o texto aprovado na CCJ;<\/li>\n<li>A partir da 11\u00aa sess\u00e3o o relator pode apresentar o parecer;<\/li>\n<li>O relat\u00f3rio ser\u00e1 votado pelos deputados integrantes da comiss\u00e3o especial;<\/li>\n<li>Se aprovado, o texto passa para o plen\u00e1rio da C\u00e2mara e deve ser lido em sess\u00e3o;<\/li>\n<li>A vota\u00e7\u00e3o deve ocorrer em dois turnos e a PEC precisa do apoio de, no m\u00ednimo, 308 deputados;<\/li>\n<li>Se aprovada, a <strong>reforma da Previd\u00eancia<\/strong> passa para an\u00e1lise no Senado.<\/li>\n<\/ul>\n","protected":false},"excerpt":{"rendered":"<p>O chamado Centr\u00e3o n\u00e3o ficou satisfeito com a escolha do relator da reforma da Previd\u00eancia. O deputado Samuel Moreira (PSDB-SP) foi escolhido pelo presidente da C\u00e2mara, Rodrigo Maia, para fazer o parecer da PEC na Comiss\u00e3o Especial. Relator da reforma da Previd\u00eancia estuda retirar aumento de CSLL da Bolsa A decis\u00e3o n\u00e3o agradou os partidos [&hellip;]<\/p>\n","protected":false},"author":16,"featured_media":22450,"comment_status":"closed","ping_status":"closed","sticky":false,"template":"","format":"standard","meta":[],"categories":[61],"tags":[938,322,940],"suno_strategy":[],"class_list":["post-22443","post","type-post","status-publish","format-standard","has-post-thumbnail","hentry","category-politica","tag-camara-dos-deputados","tag-previdencia-social","tag-reforma-da-previdencia"],"yoast_head":"<!-- This site is optimized with the Yoast SEO plugin v24.4 - https:\/\/yoast.com\/wordpress\/plugins\/seo\/ -->\n<title>Centr\u00e3o n\u00e3o aprova escolha para relator da reforma da Previd\u00eancia<\/title>\n<meta name=\"description\" content=\"Maia definiu Samuel Moreira como relator e Marcelo Ramos como presidente da comiss\u00e3o especial da reforma da Previd\u00eancia. Clique e saiba mais.\" \/>\n<meta name=\"robots\" content=\"index, follow, max-snippet:-1, max-image-preview:large, max-video-preview:-1\" \/>\n<link rel=\"canonical\" href=\"https:\/\/www.suno.com.br\/noticias\/centrao-nao-aprova-relator-reforma-da-previdencia\/\" \/>\n<meta property=\"og:locale\" content=\"pt_BR\" \/>\n<meta property=\"og:type\" content=\"article\" \/>\n<meta property=\"og:title\" content=\"Centr\u00e3o n\u00e3o aprova escolha para relator da reforma da Previd\u00eancia\" \/>\n<meta property=\"og:description\" content=\"Maia definiu Samuel Moreira como relator e Marcelo Ramos como presidente da comiss\u00e3o especial da reforma da Previd\u00eancia. Clique e saiba mais.\" \/>\n<meta property=\"og:url\" content=\"https:\/\/www.suno.com.br\/noticias\/centrao-nao-aprova-relator-reforma-da-previdencia\/\" \/>\n<meta property=\"og:site_name\" content=\"Suno Not\u00edcias\" \/>\n<meta property=\"article:publisher\" content=\"https:\/\/facebook.com\/sunoresearch\" \/>\n<meta property=\"og:image\" content=\"https:\/\/files.sunoresearch.com.br\/n\/uploads\/2019\/04\/8daa98eb-samuel-moreira.jpg\" \/>\n\t<meta property=\"og:image:width\" content=\"680\" \/>\n\t<meta property=\"og:image:height\" content=\"453\" \/>\n\t<meta property=\"og:image:type\" content=\"image\/jpeg\" \/>\n<meta name=\"author\" content=\"Beatriz Oliveira\" \/>\n<meta name=\"twitter:card\" content=\"summary_large_image\" \/>\n<meta name=\"twitter:creator\" content=\"@sunoresearch\" \/>\n<meta name=\"twitter:site\" content=\"@sunoresearch\" \/>\n<meta name=\"twitter:label1\" content=\"Escrito por\" \/>\n\t<meta name=\"twitter:data1\" content=\"Beatriz Oliveira\" \/>\n\t<meta name=\"twitter:label2\" content=\"Est. tempo de leitura\" \/>\n\t<meta name=\"twitter:data2\" content=\"4 minutos\" \/>\n<script type=\"application\/ld+json\" class=\"yoast-schema-graph\">{\"@context\":\"https:\/\/schema.org\",\"@graph\":[{\"@type\":\"NewsArticle\",\"@id\":\"https:\/\/www.suno.com.br\/noticias\/centrao-nao-aprova-relator-reforma-da-previdencia\/#article\",\"isPartOf\":{\"@id\":\"https:\/\/www.suno.com.br\/noticias\/centrao-nao-aprova-relator-reforma-da-previdencia\/\"},\"author\":{\"name\":\"Beatriz Oliveira\",\"@id\":\"https:\/\/www.suno.com.br\/noticias\/#\/schema\/person\/e67f665add014bf99f644028de070cc3\"},\"headline\":\"Centr\u00e3o n\u00e3o aprova escolha para relator da reforma da Previd\u00eancia\",\"datePublished\":\"2019-04-26T14:10:18+00:00\",\"mainEntityOfPage\":{\"@id\":\"https:\/\/www.suno.com.br\/noticias\/centrao-nao-aprova-relator-reforma-da-previdencia\/\"},\"wordCount\":853,\"publisher\":{\"@id\":\"https:\/\/www.suno.com.br\/noticias\/#organization\"},\"image\":{\"@id\":\"https:\/\/www.suno.com.br\/noticias\/centrao-nao-aprova-relator-reforma-da-previdencia\/#primaryimage\"},\"thumbnailUrl\":\"https:\/\/files.sunoresearch.com.br\/n\/uploads\/2019\/04\/8daa98eb-samuel-moreira-jpg.webp\",\"keywords\":[\"C\u00e2mara dos Deputados\",\"Previd\u00eancia Social\",\"Reforma da Previd\u00eancia\"],\"articleSection\":[\"Pol\u00edtica\"],\"inLanguage\":\"pt-BR\"},{\"@type\":\"WebPage\",\"@id\":\"https:\/\/www.suno.com.br\/noticias\/centrao-nao-aprova-relator-reforma-da-previdencia\/\",\"url\":\"https:\/\/www.suno.com.br\/noticias\/centrao-nao-aprova-relator-reforma-da-previdencia\/\",\"name\":\"Centr\u00e3o n\u00e3o aprova escolha para relator da reforma da Previd\u00eancia\",\"isPartOf\":{\"@id\":\"https:\/\/www.suno.com.br\/noticias\/#website\"},\"primaryImageOfPage\":{\"@id\":\"https:\/\/www.suno.com.br\/noticias\/centrao-nao-aprova-relator-reforma-da-previdencia\/#primaryimage\"},\"image\":{\"@id\":\"https:\/\/www.suno.com.br\/noticias\/centrao-nao-aprova-relator-reforma-da-previdencia\/#primaryimage\"},\"thumbnailUrl\":\"https:\/\/files.sunoresearch.com.br\/n\/uploads\/2019\/04\/8daa98eb-samuel-moreira-jpg.webp\",\"datePublished\":\"2019-04-26T14:10:18+00:00\",\"description\":\"Maia definiu Samuel Moreira como relator e Marcelo Ramos como presidente da comiss\u00e3o especial da reforma da Previd\u00eancia. Clique e saiba mais.\",\"breadcrumb\":{\"@id\":\"https:\/\/www.suno.com.br\/noticias\/centrao-nao-aprova-relator-reforma-da-previdencia\/#breadcrumb\"},\"inLanguage\":\"pt-BR\",\"potentialAction\":[{\"@type\":\"ReadAction\",\"target\":[\"https:\/\/www.suno.com.br\/noticias\/centrao-nao-aprova-relator-reforma-da-previdencia\/\"]}]},{\"@type\":\"ImageObject\",\"inLanguage\":\"pt-BR\",\"@id\":\"https:\/\/www.suno.com.br\/noticias\/centrao-nao-aprova-relator-reforma-da-previdencia\/#primaryimage\",\"url\":\"https:\/\/files.sunoresearch.com.br\/n\/uploads\/2019\/04\/8daa98eb-samuel-moreira-jpg.webp\",\"contentUrl\":\"https:\/\/files.sunoresearch.com.br\/n\/uploads\/2019\/04\/8daa98eb-samuel-moreira-jpg.webp\",\"width\":680,\"height\":453,\"caption\":\"Relator da reforma da Previd\u00eancia estuda retirar aumento de CSLL da Bolsa\"},{\"@type\":\"BreadcrumbList\",\"@id\":\"https:\/\/www.suno.com.br\/noticias\/centrao-nao-aprova-relator-reforma-da-previdencia\/#breadcrumb\",\"itemListElement\":[{\"@type\":\"ListItem\",\"position\":1,\"name\":\"Not\u00edcias\",\"item\":\"https:\/\/www.suno.com.br\/noticias\/\"},{\"@type\":\"ListItem\",\"position\":2,\"name\":\"Pol\u00edtica\",\"item\":\"https:\/\/www.suno.com.br\/noticias\/politica\/\"},{\"@type\":\"ListItem\",\"position\":3,\"name\":\"Centr\u00e3o n\u00e3o aprova escolha para relator da reforma da Previd\u00eancia\"}]},{\"@type\":\"WebSite\",\"@id\":\"https:\/\/www.suno.com.br\/noticias\/#website\",\"url\":\"https:\/\/www.suno.com.br\/noticias\/\",\"name\":\"Suno Not\u00edcias\",\"description\":\"Seu portal de informa\u00e7\u00e3o sobre o mundo dos investimentos\",\"publisher\":{\"@id\":\"https:\/\/www.suno.com.br\/noticias\/#organization\"},\"potentialAction\":[{\"@type\":\"SearchAction\",\"target\":{\"@type\":\"EntryPoint\",\"urlTemplate\":\"https:\/\/www.suno.com.br\/noticias\/?s={search_term_string}\"},\"query-input\":{\"@type\":\"PropertyValueSpecification\",\"valueRequired\":true,\"valueName\":\"search_term_string\"}}],\"inLanguage\":\"pt-BR\"},{\"@type\":\"Organization\",\"@id\":\"https:\/\/www.suno.com.br\/noticias\/#organization\",\"name\":\"Suno Not\u00edcias\",\"url\":\"https:\/\/www.suno.com.br\/noticias\/\",\"logo\":{\"@type\":\"ImageObject\",\"inLanguage\":\"pt-BR\",\"@id\":\"https:\/\/www.suno.com.br\/noticias\/#\/schema\/logo\/image\/\",\"url\":\"https:\/\/files.sunoresearch.com.br\/n\/uploads\/2021\/09\/suno-logo.png\",\"contentUrl\":\"https:\/\/files.sunoresearch.com.br\/n\/uploads\/2021\/09\/suno-logo.png\",\"width\":180,\"height\":180,\"caption\":\"Suno Not\u00edcias\"},\"image\":{\"@id\":\"https:\/\/www.suno.com.br\/noticias\/#\/schema\/logo\/image\/\"},\"sameAs\":[\"https:\/\/facebook.com\/sunoresearch\",\"https:\/\/x.com\/sunoresearch\",\"https:\/\/www.instagram.com\/suno\",\"https:\/\/www.linkedin.com\/company\/suno-research\/\",\"https:\/\/www.youtube.com\/c\/sunoresearch\"]},{\"@type\":\"Person\",\"@id\":\"https:\/\/www.suno.com.br\/noticias\/#\/schema\/person\/e67f665add014bf99f644028de070cc3\",\"name\":\"Beatriz Oliveira\",\"image\":{\"@type\":\"ImageObject\",\"inLanguage\":\"pt-BR\",\"@id\":\"https:\/\/www.suno.com.br\/noticias\/#\/schema\/person\/image\/\",\"url\":\"https:\/\/secure.gravatar.com\/avatar\/c9aa6a0aaecc598d257d5d5bd349157d?s=96&r=g\",\"contentUrl\":\"https:\/\/secure.gravatar.com\/avatar\/c9aa6a0aaecc598d257d5d5bd349157d?s=96&r=g\",\"caption\":\"Beatriz Oliveira\"},\"description\":\"Formada em Jornalismo pela Faculdade Paulus de Tecnologia e Comunica\u00e7\u00e3o, Beatriz Oliveira escreve para o portal de not\u00edcias Suno Research. Antes, passou pelas reda\u00e7\u00f5es da Revista EXAME e da Rede Bandeirantes.\",\"url\":\"https:\/\/www.suno.com.br\/noticias\/author\/beatriz\/\"}]}<\/script>\n<!-- \/ Yoast SEO plugin. -->","yoast_head_json":{"title":"Centr\u00e3o n\u00e3o aprova escolha para relator da reforma da Previd\u00eancia","description":"Maia definiu Samuel Moreira como relator e Marcelo Ramos como presidente da comiss\u00e3o especial da reforma da Previd\u00eancia. Clique e saiba mais.","robots":{"index":"index","follow":"follow","max-snippet":"max-snippet:-1","max-image-preview":"max-image-preview:large","max-video-preview":"max-video-preview:-1"},"canonical":"https:\/\/www.suno.com.br\/noticias\/centrao-nao-aprova-relator-reforma-da-previdencia\/","og_locale":"pt_BR","og_type":"article","og_title":"Centr\u00e3o n\u00e3o aprova escolha para relator da reforma da Previd\u00eancia","og_description":"Maia definiu Samuel Moreira como relator e Marcelo Ramos como presidente da comiss\u00e3o especial da reforma da Previd\u00eancia. Clique e saiba mais.","og_url":"https:\/\/www.suno.com.br\/noticias\/centrao-nao-aprova-relator-reforma-da-previdencia\/","og_site_name":"Suno Not\u00edcias","article_publisher":"https:\/\/facebook.com\/sunoresearch","og_image":[{"width":680,"height":453,"url":"https:\/\/files.sunoresearch.com.br\/n\/uploads\/2019\/04\/8daa98eb-samuel-moreira.jpg","type":"image\/jpeg"}],"author":"Beatriz Oliveira","twitter_card":"summary_large_image","twitter_creator":"@sunoresearch","twitter_site":"@sunoresearch","twitter_misc":{"Escrito por":"Beatriz Oliveira","Est. tempo de leitura":"4 minutos"},"schema":{"@context":"https:\/\/schema.org","@graph":[{"@type":"NewsArticle","@id":"https:\/\/www.suno.com.br\/noticias\/centrao-nao-aprova-relator-reforma-da-previdencia\/#article","isPartOf":{"@id":"https:\/\/www.suno.com.br\/noticias\/centrao-nao-aprova-relator-reforma-da-previdencia\/"},"author":{"name":"Beatriz Oliveira","@id":"https:\/\/www.suno.com.br\/noticias\/#\/schema\/person\/e67f665add014bf99f644028de070cc3"},"headline":"Centr\u00e3o n\u00e3o aprova escolha para relator da reforma da Previd\u00eancia","datePublished":"2019-04-26T14:10:18+00:00","mainEntityOfPage":{"@id":"https:\/\/www.suno.com.br\/noticias\/centrao-nao-aprova-relator-reforma-da-previdencia\/"},"wordCount":853,"publisher":{"@id":"https:\/\/www.suno.com.br\/noticias\/#organization"},"image":{"@id":"https:\/\/www.suno.com.br\/noticias\/centrao-nao-aprova-relator-reforma-da-previdencia\/#primaryimage"},"thumbnailUrl":"https:\/\/files.sunoresearch.com.br\/n\/uploads\/2019\/04\/8daa98eb-samuel-moreira-jpg.webp","keywords":["C\u00e2mara dos Deputados","Previd\u00eancia Social","Reforma da Previd\u00eancia"],"articleSection":["Pol\u00edtica"],"inLanguage":"pt-BR"},{"@type":"WebPage","@id":"https:\/\/www.suno.com.br\/noticias\/centrao-nao-aprova-relator-reforma-da-previdencia\/","url":"https:\/\/www.suno.com.br\/noticias\/centrao-nao-aprova-relator-reforma-da-previdencia\/","name":"Centr\u00e3o n\u00e3o aprova escolha para relator da reforma da Previd\u00eancia","isPartOf":{"@id":"https:\/\/www.suno.com.br\/noticias\/#website"},"primaryImageOfPage":{"@id":"https:\/\/www.suno.com.br\/noticias\/centrao-nao-aprova-relator-reforma-da-previdencia\/#primaryimage"},"image":{"@id":"https:\/\/www.suno.com.br\/noticias\/centrao-nao-aprova-relator-reforma-da-previdencia\/#primaryimage"},"thumbnailUrl":"https:\/\/files.sunoresearch.com.br\/n\/uploads\/2019\/04\/8daa98eb-samuel-moreira-jpg.webp","datePublished":"2019-04-26T14:10:18+00:00","description":"Maia definiu Samuel Moreira como relator e Marcelo Ramos como presidente da comiss\u00e3o especial da reforma da Previd\u00eancia. Clique e saiba mais.","breadcrumb":{"@id":"https:\/\/www.suno.com.br\/noticias\/centrao-nao-aprova-relator-reforma-da-previdencia\/#breadcrumb"},"inLanguage":"pt-BR","potentialAction":[{"@type":"ReadAction","target":["https:\/\/www.suno.com.br\/noticias\/centrao-nao-aprova-relator-reforma-da-previdencia\/"]}]},{"@type":"ImageObject","inLanguage":"pt-BR","@id":"https:\/\/www.suno.com.br\/noticias\/centrao-nao-aprova-relator-reforma-da-previdencia\/#primaryimage","url":"https:\/\/files.sunoresearch.com.br\/n\/uploads\/2019\/04\/8daa98eb-samuel-moreira-jpg.webp","contentUrl":"https:\/\/files.sunoresearch.com.br\/n\/uploads\/2019\/04\/8daa98eb-samuel-moreira-jpg.webp","width":680,"height":453,"caption":"Relator da reforma da Previd\u00eancia estuda retirar aumento de CSLL da Bolsa"},{"@type":"BreadcrumbList","@id":"https:\/\/www.suno.com.br\/noticias\/centrao-nao-aprova-relator-reforma-da-previdencia\/#breadcrumb","itemListElement":[{"@type":"ListItem","position":1,"name":"Not\u00edcias","item":"https:\/\/www.suno.com.br\/noticias\/"},{"@type":"ListItem","position":2,"name":"Pol\u00edtica","item":"https:\/\/www.suno.com.br\/noticias\/politica\/"},{"@type":"ListItem","position":3,"name":"Centr\u00e3o n\u00e3o aprova escolha para relator da reforma da Previd\u00eancia"}]},{"@type":"WebSite","@id":"https:\/\/www.suno.com.br\/noticias\/#website","url":"https:\/\/www.suno.com.br\/noticias\/","name":"Suno Not\u00edcias","description":"Seu portal de informa\u00e7\u00e3o sobre o mundo dos investimentos","publisher":{"@id":"https:\/\/www.suno.com.br\/noticias\/#organization"},"potentialAction":[{"@type":"SearchAction","target":{"@type":"EntryPoint","urlTemplate":"https:\/\/www.suno.com.br\/noticias\/?s={search_term_string}"},"query-input":{"@type":"PropertyValueSpecification","valueRequired":true,"valueName":"search_term_string"}}],"inLanguage":"pt-BR"},{"@type":"Organization","@id":"https:\/\/www.suno.com.br\/noticias\/#organization","name":"Suno Not\u00edcias","url":"https:\/\/www.suno.com.br\/noticias\/","logo":{"@type":"ImageObject","inLanguage":"pt-BR","@id":"https:\/\/www.suno.com.br\/noticias\/#\/schema\/logo\/image\/","url":"https:\/\/files.sunoresearch.com.br\/n\/uploads\/2021\/09\/suno-logo.png","contentUrl":"https:\/\/files.sunoresearch.com.br\/n\/uploads\/2021\/09\/suno-logo.png","width":180,"height":180,"caption":"Suno Not\u00edcias"},"image":{"@id":"https:\/\/www.suno.com.br\/noticias\/#\/schema\/logo\/image\/"},"sameAs":["https:\/\/facebook.com\/sunoresearch","https:\/\/x.com\/sunoresearch","https:\/\/www.instagram.com\/suno","https:\/\/www.linkedin.com\/company\/suno-research\/","https:\/\/www.youtube.com\/c\/sunoresearch"]},{"@type":"Person","@id":"https:\/\/www.suno.com.br\/noticias\/#\/schema\/person\/e67f665add014bf99f644028de070cc3","name":"Beatriz Oliveira","image":{"@type":"ImageObject","inLanguage":"pt-BR","@id":"https:\/\/www.suno.com.br\/noticias\/#\/schema\/person\/image\/","url":"https:\/\/secure.gravatar.com\/avatar\/c9aa6a0aaecc598d257d5d5bd349157d?s=96&r=g","contentUrl":"https:\/\/secure.gravatar.com\/avatar\/c9aa6a0aaecc598d257d5d5bd349157d?s=96&r=g","caption":"Beatriz Oliveira"},"description":"Formada em Jornalismo pela Faculdade Paulus de Tecnologia e Comunica\u00e7\u00e3o, Beatriz Oliveira escreve para o portal de not\u00edcias Suno Research. Antes, passou pelas reda\u00e7\u00f5es da Revista EXAME e da Rede Bandeirantes.","url":"https:\/\/www.suno.com.br\/noticias\/author\/beatriz\/"}]}},"default_loop_html":"<div class=\"cardsPage__listCard__boxs\"><div class=\"cardsPage__listCard__boxs__img\"><a href=\"https:\/\/www.suno.com.br\/noticias\/centrao-nao-aprova-relator-reforma-da-previdencia\/\"><img class=\"mask\" src=\"https:\/\/www.suno.com.br\/noticias\/wp-content\/themes\/suno\/resources\/images\/spotlight\/spotlight1img\/bg-mask.png\" alt=\"Image Mask\"\/><img src=\"https:\/\/files.sunoresearch.com.br\/n\/uploads\/2019\/04\/8daa98eb-samuel-moreira-400x200.webp\" alt=\"Centr\u00e3o n\u00e3o aprova escolha para relator da reforma da Previd\u00eancia\"\/><\/a><span class=\"spotlightCategory\"><a href=\"https:\/\/www.suno.com.br\/noticias\/politica\/\">Pol\u00edtica<\/a><\/span><\/div><div class=\"cardsPage__listCard__boxs__content\"><a href=\"https:\/\/www.suno.com.br\/noticias\/centrao-nao-aprova-relator-reforma-da-previdencia\/\"><h2 class=\"content__title\">Centr\u00e3o n\u00e3o aprova escolha para relator da reforma da Previd\u00eancia<\/h2><\/a><div class=\"newsContent__article__meta\"><div class=\"newsContent__article__meta__authorBox\"><a href=\"https:\/\/www.suno.com.br\/noticias\/author\/beatriz\/\" class=\"authorBox__avatar noMobi\"><img src=\"https:\/\/secure.gravatar.com\/avatar\/c9aa6a0aaecc598d257d5d5bd349157d?s=96&#038;r=g\" alt=\"Beatriz Oliveira\"><\/a><div class=\"authorBox__name\"><span>por\n\t\t\t<a href=\"https:\/\/www.suno.com.br\/noticias\/author\/beatriz\/\"><span itemprop=\"author\">Beatriz Oliveira<\/span><\/a><\/span><time datetime=\"2019-04-26T11:10:18-03:00\" itemprop=\"datePublished\">26\/04\/2019 11:10<\/time><\/div><\/div><\/div><\/div><\/div>","single_layout":"posts","amp_enabled":true,"_links":{"self":[{"href":"https:\/\/www.suno.com.br\/noticias\/wp-json\/wp\/v2\/posts\/22443"}],"collection":[{"href":"https:\/\/www.suno.com.br\/noticias\/wp-json\/wp\/v2\/posts"}],"about":[{"href":"https:\/\/www.suno.com.br\/noticias\/wp-json\/wp\/v2\/types\/post"}],"author":[{"embeddable":true,"href":"https:\/\/www.suno.com.br\/noticias\/wp-json\/wp\/v2\/users\/16"}],"replies":[{"embeddable":true,"href":"https:\/\/www.suno.com.br\/noticias\/wp-json\/wp\/v2\/comments?post=22443"}],"version-history":[{"count":0,"href":"https:\/\/www.suno.com.br\/noticias\/wp-json\/wp\/v2\/posts\/22443\/revisions"}],"wp:featuredmedia":[{"embeddable":true,"href":"https:\/\/www.suno.com.br\/noticias\/wp-json\/wp\/v2\/media\/22450"}],"wp:attachment":[{"href":"https:\/\/www.suno.com.br\/noticias\/wp-json\/wp\/v2\/media?parent=22443"}],"wp:term":[{"taxonomy":"category","embeddable":true,"href":"https:\/\/www.suno.com.br\/noticias\/wp-json\/wp\/v2\/categories?post=22443"},{"taxonomy":"post_tag","embeddable":true,"href":"https:\/\/www.suno.com.br\/noticias\/wp-json\/wp\/v2\/tags?post=22443"},{"taxonomy":"suno_strategy","embeddable":true,"href":"https:\/\/www.suno.com.br\/noticias\/wp-json\/wp\/v2\/suno_strategy?post=22443"}],"curies":[{"name":"wp","href":"https:\/\/api.w.org\/{rel}","templated":true}]}}