{"id":224420,"date":"2022-01-21T20:18:06","date_gmt":"2022-01-21T23:18:06","guid":{"rendered":"https:\/\/www.suno.com.br\/noticias\/?p=224420"},"modified":"2022-01-21T20:18:06","modified_gmt":"2022-01-21T23:18:06","slug":"varejistas-desempenho-negativo-trimestre-2022","status":"publish","type":"post","link":"https:\/\/www.suno.com.br\/noticias\/varejistas-desempenho-negativo-trimestre-2022\/","title":{"rendered":"Varejistas devem ter desempenho negativo no primeiro trimestre de 2022, aponta levantamento"},"content":{"rendered":"<p>Levantamento feito pelo Instituto Brasileiro de Executivos de Varejo e Consumo (Ibevar) concluiu que o desempenho do <strong>varejo<\/strong> deve ser negativo no primeiro trimestre de 2022, comparado ao mesmo per\u00edodo no ano anterior.<\/p>\t<div class=\"wrapper-featured-image\">\n\t\t<figure class=\"spotlightImg\">\n\n\t\t\t<picture>\n\t\t\t\t<source media=\"(max-width: 768px)\" srcset=\"https:\/\/files.sunoresearch.com.br\/n\/uploads\/2020\/02\/0c71bd4e-vaarejo-400x200.webp\">\n\t\t\t\t<img loading=\"lazy\" decoding=\"async\" class=\"newsContent__article__imgCapa lazyloadDisabled \" src=\"https:\/\/files.sunoresearch.com.br\/n\/uploads\/2020\/02\/0c71bd4e-vaarejo-800x450.webp\" width=\"800\" height=\"450\" alt=\"Varejistas devem ter desempenho negativo no primeiro trimestre de 2022, aponta levantamento\" fetchpriority=high \/>\n\t\t\t<\/picture>\n\n\t\t\t<figcaption class=\"wp-caption-text wp-caption-text--show\">Varejo deve enfrentar mais um per\u00edodo dif\u00edcil. <\/figcaption>\n\t\t<\/figure>\n\t<\/div>\n\n\n\t<p>\n\t\t<a href=\"https:\/\/lp.suno.com.br\/planilha-controle-gastos\/\" target=\"_blank\" data-element=\"shortcode-suno-banner\" title=\"Banner SUNO, clique e saiba mais\">\n\t\t\t<picture>\n\t\t\t\t<source media=\"(max-width: 500px)\" srcset=\"https:\/\/files.sunoresearch.com.br\/n\/uploads\/2023\/03\/400x300-Planilha-controle-de-gastos.png\">\n\t\t\t\t<img class=\"newsContent__article__imgCapa newsContent__article__imgCapa--banner\"\n\t\t\t\t\tsrc=\"https:\/\/files.sunoresearch.com.br\/n\/uploads\/2023\/03\/1420x240-Planilha-controle-de-gastos.png\"\n\t\t\t\t\tdata-promo-id=\"101751\"\t\t\t\t\t\t\t\t\t\twidth='1420' height='240'\t\t\t\t\talt=\"https:\/\/files.sunoresearch.com.br\/n\/uploads\/2023\/03\/1420x240-Planilha-controle-de-gastos.png\"\n\t\t\t\t>\n\t\t\t<\/picture>\n\t\t<\/a>\n\t<\/p>\n\n\n<p>Segundo dados da pesquisa de inten\u00e7\u00e3o de compra, as proje\u00e7\u00f5es do varejo ampliado indicam<strong> queda de 2,22% para o primeiro trimestre de 2022<\/strong>, em rela\u00e7\u00e3o ao mesmo per\u00edodo do ano passado. J\u00e1 em compara\u00e7\u00e3o ao trimestre anterior, observa-se baixa de 0,35%.<img decoding=\"async\" style=\"width: 1px; height: 1px;\" src=\"https:\/\/agenciabrasil.ebc.com.br\/ebc.png?id=1438019&amp;o=rss\" \/><img decoding=\"async\" style=\"width: 1px; height: 1px;\" src=\"https:\/\/agenciabrasil.ebc.com.br\/ebc.gif?id=1438019&amp;o=rss\" \/><\/p>\n<p>De acordo com a pesquisa essa queda deve ser sustentada pelas categorias de <strong>materiais de constru\u00e7\u00e3o<\/strong> (-5,05%); m\u00f3veis e <strong>eletrodom\u00e9sticos<\/strong> (-3,73%); escrit\u00f3rio, inform\u00e1tica e comunica\u00e7\u00e3o (-3,61%); combust\u00edveis e lubrificantes (-2,56%); livros, jornais, revistas e papelaria (-0,88%) e hipermercados e supermercados (-0,58%).<\/p>\n<p>Segundo o economista e presidente do IBEVAR, <strong>Claudio Felisoni de Angelo<\/strong>, esse resultado \u00e9 um importante alerta para a economia brasileira, j\u00e1 que a queda est\u00e1 associada ao aumento da <a class=\"suno-keyword\" href=\"https:\/\/www.suno.com.br\/artigos\/juros\/\" target=\"_blank\" rel=\"noopener\" data-force=\"no\" data-priority=\"2\">taxa de juros<\/a> b\u00e1sica do pa\u00eds, a infla\u00e7\u00e3o e a deteriora\u00e7\u00e3o do <a class=\"suno-keyword\" href=\"https:\/\/www.suno.com.br\/artigos\/poder-de-compra\/\" target=\"_blank\" rel=\"noopener\" data-force=\"no\" data-priority=\"1\">poder de compra<\/a> do consumidor.<\/p>\n\t<p>\n\t\t<a href=\"https:\/\/lp.suno.com.br\/ebook-como-analisar-uma-acao\/\" target=\"_blank\" data-element=\"shortcode-suno-banner\" title=\"Banner SUNO, clique e saiba mais\">\n\t\t\t<picture>\n\t\t\t\t<source media=\"(max-width: 500px)\" srcset=\"https:\/\/files.sunoresearch.com.br\/n\/uploads\/2023\/03\/Ebook-Acoes-Mobile-1.jpg\">\n\t\t\t\t<img class=\"newsContent__article__imgCapa newsContent__article__imgCapa--banner\"\n\t\t\t\t\tsrc=\"https:\/\/files.sunoresearch.com.br\/n\/uploads\/2023\/03\/Ebook-Acoes-Desktop-1.jpg\"\n\t\t\t\t\tdata-promo-id=\"171998\"\t\t\t\t\t\t\t\t\t\twidth='1420' height='286'\t\t\t\t\talt=\"https:\/\/files.sunoresearch.com.br\/n\/uploads\/2023\/03\/Ebook-Acoes-Desktop-1.jpg\"\n\t\t\t\t>\n\t\t\t<\/picture>\n\t\t<\/a>\n\t<\/p>\n\n\n<p>\u201cNo ano passado, a <strong>infla\u00e7\u00e3o<\/strong> alcan\u00e7ou a casa dos dois d\u00edgitos, o que influenciou negativamente o crescimento sustent\u00e1vel do consumo. Al\u00e9m disso, com o movimento ascendente das<strong> taxas de juros<\/strong> do pa\u00eds, em conjunto com a recupera\u00e7\u00e3o limitada do emprego, o varejo brasileiro deve contrair. Ou seja, os resultados em 2022 apontam para uma redu\u00e7\u00e3o das vendas, em compara\u00e7\u00e3o ao ano anterior \u201d, analisou Felisoni.<\/p>\n<h2>Com Black Friday fraca, somente tr\u00eas segmentos do varejo tiveram alta<\/h2>\n<p>O desempenho menos favor\u00e1vel das vendas na campanha de promo\u00e7\u00f5es da <strong>Black Friday<\/strong> e a infla\u00e7\u00e3o ainda elevada no Pa\u00eds impediram um resultado mais favor\u00e1vel nas vendas no varejo em novembro, afirmou Cristiano Santos, gerente da Pesquisa Mensal de Com\u00e9rcio (PMC) no <a class=\"suno-keyword\" href=\"https:\/\/www.suno.com.br\/artigos\/ibge\/\" target=\"_blank\" rel=\"noopener\" data-force=\"no\" data-priority=\"3\">Instituto Brasileiro de Geografia e Estat\u00edstica (IBGE)<\/a>.<\/p>\n<p>O volume vendido no varejo subiu 0,6% em novembro ante outubro, mas apenas tr\u00eas das oito atividades pesquisadas registraram avan\u00e7os.<\/p>\n<p>\u201cSe a gente reparar nesse dado da margem (s\u00e9rie com ajuste sazonal), ele \u00e9 um dado sendo ancorado por uma atividade muito forte, que \u00e9 supermercados\u201d, apontou Cristiano Santos, dizendo que os supermercados aderiram a promo\u00e7\u00f5es de Black Friday e se beneficiaram tamb\u00e9m de <strong>alta no cr\u00e9dito.<\/strong><\/p>\n<p>\u201cNa verdade, cinco das atividades pesquisadas tiveram varia\u00e7\u00e3o negativa no volume\u201d, frisou.<\/p>\n\t<p>\n\t\t<a href=\"https:\/\/lp.suno.com.br\/planilha-da-vida-financeira\/\" target=\"_blank\" data-element=\"shortcode-suno-banner\" title=\"Banner SUNO, clique e saiba mais\">\n\t\t\t<picture>\n\t\t\t\t<source media=\"(max-width: 500px)\" srcset=\"https:\/\/files.sunoresearch.com.br\/n\/uploads\/2023\/04\/400x300-Planilha-vida-financeira-true.png\">\n\t\t\t\t<img class=\"newsContent__article__imgCapa newsContent__article__imgCapa--banner\"\n\t\t\t\t\tsrc=\"https:\/\/files.sunoresearch.com.br\/n\/uploads\/2023\/04\/1420x240-Planilha-vida-financeira-true.png\"\n\t\t\t\t\tdata-promo-id=\"106682\"\t\t\t\t\t\t\t\t\t\twidth='1420' height='240'\t\t\t\t\talt=\"https:\/\/files.sunoresearch.com.br\/n\/uploads\/2023\/04\/1420x240-Planilha-vida-financeira-true.png\"\n\t\t\t\t>\n\t\t\t<\/picture>\n\t\t<\/a>\n\t<\/p>\n\n\n<p>Os recuos foram registrados em m\u00f3veis e eletrodom\u00e9sticos (-2,3%), tecidos, vestu\u00e1rio e cal\u00e7ados (-1,9%), combust\u00edveis e lubrificantes (-1,4%), livros, jornais, revistas e papelaria (-1,4%) e equipamentos e material para escrit\u00f3rio, inform\u00e1tica e comunica\u00e7\u00e3o (-0,1%). Na dire\u00e7\u00e3o oposta, houve avan\u00e7os em hipermercados, supermercados, produtos aliment\u00edcios, bebidas e fumo (0,9%), artigos farmac\u00eauticos, m\u00e9dicos, ortop\u00e9dicos, de perfumaria e cosm\u00e9ticos (1,2%) e outros artigos de uso pessoal e dom\u00e9stico (2,2%).<\/p>\n<p>\u201cAtividades que tem Black Friday forte apresentaram queda no volume\u201c, observou Santos, apontando como exemplo os segmentos de m\u00f3veis e eletrodom\u00e9sticos e de tecidos, vestu\u00e1rio e cal\u00e7ados.<\/p>\n<p>No <strong>com\u00e9rcio varejista ampliado<\/strong>, que inclui as atividades de ve\u00edculos e material de constru\u00e7\u00e3o, houve eleva\u00e7\u00e3o de 0,5% em novembro ante outubro. O segmento de ve\u00edculos, motos, partes e pe\u00e7as registrou alta de 0,7%, enquanto material de constru\u00e7\u00e3o subiu 0,8%.<\/p>\n<p>O resultado do m\u00eas anterior do varejo, outubro ante setembro, foi revisto de um recuo de 0,1% para uma eleva\u00e7\u00e3o de 0,2%. No varejo ampliado, a taxa de outubro ante setembro foi revisada de um recuo de 0,9% para queda de 0,8%.<\/p>\n\t<p>\n\t\t<a href=\"https:\/\/lp.suno.com.br\/planilha-de-controle-de-investimentos\/\" target=\"_blank\" data-element=\"shortcode-suno-banner\" title=\"Banner SUNO, clique e saiba mais\">\n\t\t\t<picture>\n\t\t\t\t<source media=\"(max-width: 500px)\" srcset=\"https:\/\/files.sunoresearch.com.br\/n\/uploads\/2023\/03\/400x300-Controle-de-Investimentos.png\">\n\t\t\t\t<img class=\"newsContent__article__imgCapa newsContent__article__imgCapa--banner\"\n\t\t\t\t\tsrc=\"https:\/\/files.sunoresearch.com.br\/n\/uploads\/2023\/03\/1420x240-Controle-de-Investimentos.png\"\n\t\t\t\t\tdata-promo-id=\"75934\"\t\t\t\t\t\t\t\t\t\twidth='1420' height='240'\t\t\t\t\talt=\"https:\/\/files.sunoresearch.com.br\/n\/uploads\/2023\/03\/1420x240-Controle-de-Investimentos.png\"\n\t\t\t\t>\n\t\t\t<\/picture>\n\t\t<\/a>\n\t<\/p>\n\n\n<p>\u201cAs revis\u00f5es s\u00e3o mais ajuste mesmo. Teve entrada de informa\u00e7\u00f5es novas, mas foi mais ajuste (do modelo estat\u00edstico que neutraliza impactos sazonais)\u201d, explicou Santos.<\/p>\n<p>Na compara\u00e7\u00e3o com novembro de 2020, o com\u00e9rcio varejista teve um recuo de 4,2% em novembro de 2021, o mais acentuado para o m\u00eas desde 2015, quando encolheu 7,8%. Sete das oito atividades registraram perdas. No varejo ampliado, as vendas ca\u00edram 2,9%. O segmento de ve\u00edculos cresceu 1,7%, mas material de constru\u00e7\u00e3o caiu 4,1%.<\/p>\n<p>Santos lembra que a base de compara\u00e7\u00e3o de novembro de 2020 era muito elevada, o que tamb\u00e9m contribui para as vendas ficarem em patamar mais baixo este ano.<\/p>\n\t<div data-element=\"shortcode-read-more\" class=\"knowMore\">\n\t\t\t\t<span class=\"knowMore__title\">Leia mais<\/span>\n\t\t\t\t<a class=\"knowMore__link\" href=\"https:\/\/www.suno.com.br\/noticias\/varejo-black-friday-novembro-ibge\/\">\n\t\t\tCom Black Friday fraca, somente tr\u00eas segmentos do varejo tiveram alta\t\t<\/a>\n\t<\/div>\n\n\n<p>\u201cH\u00e1 tamb\u00e9m um componente inflacion\u00e1rio afetando bastante algumas atividades do <strong>varejo<\/strong>\u201d, acrescentou o pesquisador.<\/p>\n<p><em>(Com informa\u00e7\u00f5es da Ag\u00eancia Brasil)<\/em><\/p>\n\t<p>\n\t\t<a href=\"\" target=\"_blank\" data-element=\"shortcode-suno-banner\" title=\"Banner SUNO, clique e saiba mais\">\n\t\t\t<picture>\n\t\t\t\t<source media=\"(max-width: 500px)\" srcset=\"\">\n\t\t\t\t<img class=\"newsContent__article__imgCapa newsContent__article__imgCapa--banner\"\n\t\t\t\t\tsrc=\"\"\n\t\t\t\t\tdata-promo-id=\"184190\"\t\t\t\t\t\t\t\t\t\t\t\t\t\t\talt=\"\"\n\t\t\t\t>\n\t\t\t<\/picture>\n\t\t<\/a>\n\t<\/p>\n\n\n","protected":false},"excerpt":{"rendered":"<p>Levantamento feito pelo Instituto Brasileiro de Executivos de Varejo e Consumo (Ibevar) concluiu que o desempenho do varejo deve ser negativo no primeiro trimestre de 2022, comparado ao mesmo per\u00edodo no ano anterior. Varejo deve enfrentar mais um per\u00edodo dif\u00edcil. Segundo dados da pesquisa de inten\u00e7\u00e3o de compra, as proje\u00e7\u00f5es do varejo ampliado indicam queda [&hellip;]<\/p>\n","protected":false},"author":118,"featured_media":52760,"comment_status":"closed","ping_status":"closed","sticky":false,"template":"","format":"standard","meta":[],"categories":[62],"tags":[803],"suno_strategy":[],"class_list":["post-224420","post","type-post","status-publish","format-standard","has-post-thumbnail","hentry","category-economia","tag-varejo"],"yoast_head":"<!-- This site is optimized with the Yoast SEO plugin v24.4 - https:\/\/yoast.com\/wordpress\/plugins\/seo\/ -->\n<title>Varejistas devem ter desempenho negativo no primeiro trimestre de 2022<\/title>\n<meta name=\"description\" content=\"Levantamento concluiu que o desempenho do varejo deve ser negativo no primeiro trimestre de 2022. Entenda por qu\u00ea\" \/>\n<meta name=\"robots\" content=\"index, follow, max-snippet:-1, max-image-preview:large, max-video-preview:-1\" \/>\n<link rel=\"canonical\" href=\"https:\/\/www.suno.com.br\/noticias\/varejistas-desempenho-negativo-trimestre-2022\/\" \/>\n<meta property=\"og:locale\" content=\"pt_BR\" \/>\n<meta property=\"og:type\" content=\"article\" \/>\n<meta property=\"og:title\" content=\"Varejistas devem ter desempenho negativo no primeiro trimestre de 2022\" \/>\n<meta property=\"og:description\" content=\"Levantamento concluiu que o desempenho do varejo deve ser negativo no primeiro trimestre de 2022. Entenda por qu\u00ea\" \/>\n<meta property=\"og:url\" content=\"https:\/\/www.suno.com.br\/noticias\/varejistas-desempenho-negativo-trimestre-2022\/\" \/>\n<meta property=\"og:site_name\" content=\"Suno Not\u00edcias\" \/>\n<meta property=\"article:publisher\" content=\"https:\/\/facebook.com\/sunoresearch\" \/>\n<meta property=\"og:image\" content=\"https:\/\/files.sunoresearch.com.br\/n\/uploads\/2020\/02\/0c71bd4e-vaarejo.jpg\" \/>\n\t<meta property=\"og:image:width\" content=\"1280\" \/>\n\t<meta property=\"og:image:height\" content=\"852\" \/>\n\t<meta property=\"og:image:type\" content=\"image\/jpeg\" \/>\n<meta name=\"author\" content=\"Bruno Galv\u00e3o\" \/>\n<meta name=\"twitter:card\" content=\"summary_large_image\" \/>\n<meta name=\"twitter:creator\" content=\"@sunoresearch\" \/>\n<meta name=\"twitter:site\" content=\"@sunoresearch\" \/>\n<meta name=\"twitter:label1\" content=\"Escrito por\" \/>\n\t<meta name=\"twitter:data1\" content=\"Bruno Galv\u00e3o\" \/>\n\t<meta name=\"twitter:label2\" content=\"Est. tempo de leitura\" \/>\n\t<meta name=\"twitter:data2\" content=\"4 minutos\" \/>\n<script type=\"application\/ld+json\" class=\"yoast-schema-graph\">{\"@context\":\"https:\/\/schema.org\",\"@graph\":[{\"@type\":\"NewsArticle\",\"@id\":\"https:\/\/www.suno.com.br\/noticias\/varejistas-desempenho-negativo-trimestre-2022\/#article\",\"isPartOf\":{\"@id\":\"https:\/\/www.suno.com.br\/noticias\/varejistas-desempenho-negativo-trimestre-2022\/\"},\"author\":{\"name\":\"Bruno Galv\u00e3o\",\"@id\":\"https:\/\/www.suno.com.br\/noticias\/#\/schema\/person\/06f0d962a6b1c54852e4860f16935600\"},\"headline\":\"Varejistas devem ter desempenho negativo no primeiro trimestre de 2022, aponta levantamento\",\"datePublished\":\"2022-01-21T23:18:06+00:00\",\"mainEntityOfPage\":{\"@id\":\"https:\/\/www.suno.com.br\/noticias\/varejistas-desempenho-negativo-trimestre-2022\/\"},\"wordCount\":756,\"publisher\":{\"@id\":\"https:\/\/www.suno.com.br\/noticias\/#organization\"},\"image\":{\"@id\":\"https:\/\/www.suno.com.br\/noticias\/varejistas-desempenho-negativo-trimestre-2022\/#primaryimage\"},\"thumbnailUrl\":\"https:\/\/files.sunoresearch.com.br\/n\/uploads\/2020\/02\/0c71bd4e-vaarejo-jpg.webp\",\"keywords\":[\"varejo\"],\"articleSection\":[\"Economia\"],\"inLanguage\":\"pt-BR\"},{\"@type\":\"WebPage\",\"@id\":\"https:\/\/www.suno.com.br\/noticias\/varejistas-desempenho-negativo-trimestre-2022\/\",\"url\":\"https:\/\/www.suno.com.br\/noticias\/varejistas-desempenho-negativo-trimestre-2022\/\",\"name\":\"Varejistas devem ter desempenho negativo no primeiro trimestre de 2022\",\"isPartOf\":{\"@id\":\"https:\/\/www.suno.com.br\/noticias\/#website\"},\"primaryImageOfPage\":{\"@id\":\"https:\/\/www.suno.com.br\/noticias\/varejistas-desempenho-negativo-trimestre-2022\/#primaryimage\"},\"image\":{\"@id\":\"https:\/\/www.suno.com.br\/noticias\/varejistas-desempenho-negativo-trimestre-2022\/#primaryimage\"},\"thumbnailUrl\":\"https:\/\/files.sunoresearch.com.br\/n\/uploads\/2020\/02\/0c71bd4e-vaarejo-jpg.webp\",\"datePublished\":\"2022-01-21T23:18:06+00:00\",\"description\":\"Levantamento concluiu que o desempenho do varejo deve ser negativo no primeiro trimestre de 2022. Entenda por qu\u00ea\",\"breadcrumb\":{\"@id\":\"https:\/\/www.suno.com.br\/noticias\/varejistas-desempenho-negativo-trimestre-2022\/#breadcrumb\"},\"inLanguage\":\"pt-BR\",\"potentialAction\":[{\"@type\":\"ReadAction\",\"target\":[\"https:\/\/www.suno.com.br\/noticias\/varejistas-desempenho-negativo-trimestre-2022\/\"]}]},{\"@type\":\"ImageObject\",\"inLanguage\":\"pt-BR\",\"@id\":\"https:\/\/www.suno.com.br\/noticias\/varejistas-desempenho-negativo-trimestre-2022\/#primaryimage\",\"url\":\"https:\/\/files.sunoresearch.com.br\/n\/uploads\/2020\/02\/0c71bd4e-vaarejo-jpg.webp\",\"contentUrl\":\"https:\/\/files.sunoresearch.com.br\/n\/uploads\/2020\/02\/0c71bd4e-vaarejo-jpg.webp\",\"width\":1280,\"height\":852,\"caption\":\"Varejo deve enfrentar mais um per\u00edodo dif\u00edcil.\"},{\"@type\":\"BreadcrumbList\",\"@id\":\"https:\/\/www.suno.com.br\/noticias\/varejistas-desempenho-negativo-trimestre-2022\/#breadcrumb\",\"itemListElement\":[{\"@type\":\"ListItem\",\"position\":1,\"name\":\"Not\u00edcias\",\"item\":\"https:\/\/www.suno.com.br\/noticias\/\"},{\"@type\":\"ListItem\",\"position\":2,\"name\":\"Economia\",\"item\":\"https:\/\/www.suno.com.br\/noticias\/economia\/\"},{\"@type\":\"ListItem\",\"position\":3,\"name\":\"Varejistas devem ter desempenho negativo no primeiro trimestre de 2022, aponta levantamento\"}]},{\"@type\":\"WebSite\",\"@id\":\"https:\/\/www.suno.com.br\/noticias\/#website\",\"url\":\"https:\/\/www.suno.com.br\/noticias\/\",\"name\":\"Suno Not\u00edcias\",\"description\":\"Seu portal de informa\u00e7\u00e3o sobre o mundo dos investimentos\",\"publisher\":{\"@id\":\"https:\/\/www.suno.com.br\/noticias\/#organization\"},\"potentialAction\":[{\"@type\":\"SearchAction\",\"target\":{\"@type\":\"EntryPoint\",\"urlTemplate\":\"https:\/\/www.suno.com.br\/noticias\/?s={search_term_string}\"},\"query-input\":{\"@type\":\"PropertyValueSpecification\",\"valueRequired\":true,\"valueName\":\"search_term_string\"}}],\"inLanguage\":\"pt-BR\"},{\"@type\":\"Organization\",\"@id\":\"https:\/\/www.suno.com.br\/noticias\/#organization\",\"name\":\"Suno Not\u00edcias\",\"url\":\"https:\/\/www.suno.com.br\/noticias\/\",\"logo\":{\"@type\":\"ImageObject\",\"inLanguage\":\"pt-BR\",\"@id\":\"https:\/\/www.suno.com.br\/noticias\/#\/schema\/logo\/image\/\",\"url\":\"https:\/\/files.sunoresearch.com.br\/n\/uploads\/2021\/09\/suno-logo.png\",\"contentUrl\":\"https:\/\/files.sunoresearch.com.br\/n\/uploads\/2021\/09\/suno-logo.png\",\"width\":180,\"height\":180,\"caption\":\"Suno Not\u00edcias\"},\"image\":{\"@id\":\"https:\/\/www.suno.com.br\/noticias\/#\/schema\/logo\/image\/\"},\"sameAs\":[\"https:\/\/facebook.com\/sunoresearch\",\"https:\/\/x.com\/sunoresearch\",\"https:\/\/www.instagram.com\/suno\",\"https:\/\/www.linkedin.com\/company\/suno-research\/\",\"https:\/\/www.youtube.com\/c\/sunoresearch\"]},{\"@type\":\"Person\",\"@id\":\"https:\/\/www.suno.com.br\/noticias\/#\/schema\/person\/06f0d962a6b1c54852e4860f16935600\",\"name\":\"Bruno Galv\u00e3o\",\"image\":{\"@type\":\"ImageObject\",\"inLanguage\":\"pt-BR\",\"@id\":\"https:\/\/www.suno.com.br\/noticias\/#\/schema\/person\/image\/\",\"url\":\"https:\/\/secure.gravatar.com\/avatar\/53598df0b41c00f12f287a912d0e918e?s=96&r=g\",\"contentUrl\":\"https:\/\/secure.gravatar.com\/avatar\/53598df0b41c00f12f287a912d0e918e?s=96&r=g\",\"caption\":\"Bruno Galv\u00e3o\"},\"description\":\"Escreve para o portal Suno Not\u00edcias. \u00c9 estudante de Jornalismo pela Faculdade C\u00e1sper L\u00edbero e Letras pela USP. Entusiasta de tecnologia e intelig\u00eancia artificial.\",\"url\":\"https:\/\/www.suno.com.br\/noticias\/author\/bruno-garcia\/\"}]}<\/script>\n<!-- \/ Yoast SEO plugin. -->","yoast_head_json":{"title":"Varejistas devem ter desempenho negativo no primeiro trimestre de 2022","description":"Levantamento concluiu que o desempenho do varejo deve ser negativo no primeiro trimestre de 2022. Entenda por qu\u00ea","robots":{"index":"index","follow":"follow","max-snippet":"max-snippet:-1","max-image-preview":"max-image-preview:large","max-video-preview":"max-video-preview:-1"},"canonical":"https:\/\/www.suno.com.br\/noticias\/varejistas-desempenho-negativo-trimestre-2022\/","og_locale":"pt_BR","og_type":"article","og_title":"Varejistas devem ter desempenho negativo no primeiro trimestre de 2022","og_description":"Levantamento concluiu que o desempenho do varejo deve ser negativo no primeiro trimestre de 2022. Entenda por qu\u00ea","og_url":"https:\/\/www.suno.com.br\/noticias\/varejistas-desempenho-negativo-trimestre-2022\/","og_site_name":"Suno Not\u00edcias","article_publisher":"https:\/\/facebook.com\/sunoresearch","og_image":[{"width":1280,"height":852,"url":"https:\/\/files.sunoresearch.com.br\/n\/uploads\/2020\/02\/0c71bd4e-vaarejo.jpg","type":"image\/jpeg"}],"author":"Bruno Galv\u00e3o","twitter_card":"summary_large_image","twitter_creator":"@sunoresearch","twitter_site":"@sunoresearch","twitter_misc":{"Escrito por":"Bruno Galv\u00e3o","Est. tempo de leitura":"4 minutos"},"schema":{"@context":"https:\/\/schema.org","@graph":[{"@type":"NewsArticle","@id":"https:\/\/www.suno.com.br\/noticias\/varejistas-desempenho-negativo-trimestre-2022\/#article","isPartOf":{"@id":"https:\/\/www.suno.com.br\/noticias\/varejistas-desempenho-negativo-trimestre-2022\/"},"author":{"name":"Bruno Galv\u00e3o","@id":"https:\/\/www.suno.com.br\/noticias\/#\/schema\/person\/06f0d962a6b1c54852e4860f16935600"},"headline":"Varejistas devem ter desempenho negativo no primeiro trimestre de 2022, aponta levantamento","datePublished":"2022-01-21T23:18:06+00:00","mainEntityOfPage":{"@id":"https:\/\/www.suno.com.br\/noticias\/varejistas-desempenho-negativo-trimestre-2022\/"},"wordCount":756,"publisher":{"@id":"https:\/\/www.suno.com.br\/noticias\/#organization"},"image":{"@id":"https:\/\/www.suno.com.br\/noticias\/varejistas-desempenho-negativo-trimestre-2022\/#primaryimage"},"thumbnailUrl":"https:\/\/files.sunoresearch.com.br\/n\/uploads\/2020\/02\/0c71bd4e-vaarejo-jpg.webp","keywords":["varejo"],"articleSection":["Economia"],"inLanguage":"pt-BR"},{"@type":"WebPage","@id":"https:\/\/www.suno.com.br\/noticias\/varejistas-desempenho-negativo-trimestre-2022\/","url":"https:\/\/www.suno.com.br\/noticias\/varejistas-desempenho-negativo-trimestre-2022\/","name":"Varejistas devem ter desempenho negativo no primeiro trimestre de 2022","isPartOf":{"@id":"https:\/\/www.suno.com.br\/noticias\/#website"},"primaryImageOfPage":{"@id":"https:\/\/www.suno.com.br\/noticias\/varejistas-desempenho-negativo-trimestre-2022\/#primaryimage"},"image":{"@id":"https:\/\/www.suno.com.br\/noticias\/varejistas-desempenho-negativo-trimestre-2022\/#primaryimage"},"thumbnailUrl":"https:\/\/files.sunoresearch.com.br\/n\/uploads\/2020\/02\/0c71bd4e-vaarejo-jpg.webp","datePublished":"2022-01-21T23:18:06+00:00","description":"Levantamento concluiu que o desempenho do varejo deve ser negativo no primeiro trimestre de 2022. Entenda por qu\u00ea","breadcrumb":{"@id":"https:\/\/www.suno.com.br\/noticias\/varejistas-desempenho-negativo-trimestre-2022\/#breadcrumb"},"inLanguage":"pt-BR","potentialAction":[{"@type":"ReadAction","target":["https:\/\/www.suno.com.br\/noticias\/varejistas-desempenho-negativo-trimestre-2022\/"]}]},{"@type":"ImageObject","inLanguage":"pt-BR","@id":"https:\/\/www.suno.com.br\/noticias\/varejistas-desempenho-negativo-trimestre-2022\/#primaryimage","url":"https:\/\/files.sunoresearch.com.br\/n\/uploads\/2020\/02\/0c71bd4e-vaarejo-jpg.webp","contentUrl":"https:\/\/files.sunoresearch.com.br\/n\/uploads\/2020\/02\/0c71bd4e-vaarejo-jpg.webp","width":1280,"height":852,"caption":"Varejo deve enfrentar mais um per\u00edodo dif\u00edcil."},{"@type":"BreadcrumbList","@id":"https:\/\/www.suno.com.br\/noticias\/varejistas-desempenho-negativo-trimestre-2022\/#breadcrumb","itemListElement":[{"@type":"ListItem","position":1,"name":"Not\u00edcias","item":"https:\/\/www.suno.com.br\/noticias\/"},{"@type":"ListItem","position":2,"name":"Economia","item":"https:\/\/www.suno.com.br\/noticias\/economia\/"},{"@type":"ListItem","position":3,"name":"Varejistas devem ter desempenho negativo no primeiro trimestre de 2022, aponta levantamento"}]},{"@type":"WebSite","@id":"https:\/\/www.suno.com.br\/noticias\/#website","url":"https:\/\/www.suno.com.br\/noticias\/","name":"Suno Not\u00edcias","description":"Seu portal de informa\u00e7\u00e3o sobre o mundo dos investimentos","publisher":{"@id":"https:\/\/www.suno.com.br\/noticias\/#organization"},"potentialAction":[{"@type":"SearchAction","target":{"@type":"EntryPoint","urlTemplate":"https:\/\/www.suno.com.br\/noticias\/?s={search_term_string}"},"query-input":{"@type":"PropertyValueSpecification","valueRequired":true,"valueName":"search_term_string"}}],"inLanguage":"pt-BR"},{"@type":"Organization","@id":"https:\/\/www.suno.com.br\/noticias\/#organization","name":"Suno Not\u00edcias","url":"https:\/\/www.suno.com.br\/noticias\/","logo":{"@type":"ImageObject","inLanguage":"pt-BR","@id":"https:\/\/www.suno.com.br\/noticias\/#\/schema\/logo\/image\/","url":"https:\/\/files.sunoresearch.com.br\/n\/uploads\/2021\/09\/suno-logo.png","contentUrl":"https:\/\/files.sunoresearch.com.br\/n\/uploads\/2021\/09\/suno-logo.png","width":180,"height":180,"caption":"Suno Not\u00edcias"},"image":{"@id":"https:\/\/www.suno.com.br\/noticias\/#\/schema\/logo\/image\/"},"sameAs":["https:\/\/facebook.com\/sunoresearch","https:\/\/x.com\/sunoresearch","https:\/\/www.instagram.com\/suno","https:\/\/www.linkedin.com\/company\/suno-research\/","https:\/\/www.youtube.com\/c\/sunoresearch"]},{"@type":"Person","@id":"https:\/\/www.suno.com.br\/noticias\/#\/schema\/person\/06f0d962a6b1c54852e4860f16935600","name":"Bruno Galv\u00e3o","image":{"@type":"ImageObject","inLanguage":"pt-BR","@id":"https:\/\/www.suno.com.br\/noticias\/#\/schema\/person\/image\/","url":"https:\/\/secure.gravatar.com\/avatar\/53598df0b41c00f12f287a912d0e918e?s=96&r=g","contentUrl":"https:\/\/secure.gravatar.com\/avatar\/53598df0b41c00f12f287a912d0e918e?s=96&r=g","caption":"Bruno Galv\u00e3o"},"description":"Escreve para o portal Suno Not\u00edcias. \u00c9 estudante de Jornalismo pela Faculdade C\u00e1sper L\u00edbero e Letras pela USP. Entusiasta de tecnologia e intelig\u00eancia artificial.","url":"https:\/\/www.suno.com.br\/noticias\/author\/bruno-garcia\/"}]}},"default_loop_html":"<div class=\"cardsPage__listCard__boxs\"><div class=\"cardsPage__listCard__boxs__img\"><a href=\"https:\/\/www.suno.com.br\/noticias\/varejistas-desempenho-negativo-trimestre-2022\/\"><img class=\"mask\" src=\"https:\/\/www.suno.com.br\/noticias\/wp-content\/themes\/suno\/resources\/images\/spotlight\/spotlight1img\/bg-mask.png\" alt=\"Image Mask\"\/><img src=\"https:\/\/files.sunoresearch.com.br\/n\/uploads\/2020\/02\/0c71bd4e-vaarejo-400x200.webp\" alt=\"Varejistas devem ter desempenho negativo no primeiro trimestre de 2022, aponta levantamento\"\/><\/a><span class=\"spotlightCategory\"><a href=\"https:\/\/www.suno.com.br\/noticias\/economia\/\">Economia<\/a><\/span><\/div><div class=\"cardsPage__listCard__boxs__content\"><a href=\"https:\/\/www.suno.com.br\/noticias\/varejistas-desempenho-negativo-trimestre-2022\/\"><h2 class=\"content__title\">Varejistas devem ter desempenho negativo no primeiro trimestre de 2022, aponta levantamento<\/h2><\/a><div class=\"newsContent__article__meta\"><div class=\"newsContent__article__meta__authorBox\"><a href=\"https:\/\/www.suno.com.br\/noticias\/author\/bruno-garcia\/\" class=\"authorBox__avatar noMobi\"><img src=\"https:\/\/secure.gravatar.com\/avatar\/53598df0b41c00f12f287a912d0e918e?s=96&#038;r=g\" alt=\"Bruno Galv\u00e3o\"><\/a><div class=\"authorBox__name\"><span>por\n\t\t\t<a href=\"https:\/\/www.suno.com.br\/noticias\/author\/bruno-garcia\/\"><span itemprop=\"author\">Bruno Galv\u00e3o<\/span><\/a><\/span><time datetime=\"2022-01-21T20:18:06-03:00\" itemprop=\"datePublished\">21\/01\/2022 20:18<\/time><\/div><\/div><\/div><\/div><\/div>","single_layout":"posts","amp_enabled":true,"_links":{"self":[{"href":"https:\/\/www.suno.com.br\/noticias\/wp-json\/wp\/v2\/posts\/224420"}],"collection":[{"href":"https:\/\/www.suno.com.br\/noticias\/wp-json\/wp\/v2\/posts"}],"about":[{"href":"https:\/\/www.suno.com.br\/noticias\/wp-json\/wp\/v2\/types\/post"}],"author":[{"embeddable":true,"href":"https:\/\/www.suno.com.br\/noticias\/wp-json\/wp\/v2\/users\/118"}],"replies":[{"embeddable":true,"href":"https:\/\/www.suno.com.br\/noticias\/wp-json\/wp\/v2\/comments?post=224420"}],"version-history":[{"count":4,"href":"https:\/\/www.suno.com.br\/noticias\/wp-json\/wp\/v2\/posts\/224420\/revisions"}],"predecessor-version":[{"id":224520,"href":"https:\/\/www.suno.com.br\/noticias\/wp-json\/wp\/v2\/posts\/224420\/revisions\/224520"}],"wp:featuredmedia":[{"embeddable":true,"href":"https:\/\/www.suno.com.br\/noticias\/wp-json\/wp\/v2\/media\/52760"}],"wp:attachment":[{"href":"https:\/\/www.suno.com.br\/noticias\/wp-json\/wp\/v2\/media?parent=224420"}],"wp:term":[{"taxonomy":"category","embeddable":true,"href":"https:\/\/www.suno.com.br\/noticias\/wp-json\/wp\/v2\/categories?post=224420"},{"taxonomy":"post_tag","embeddable":true,"href":"https:\/\/www.suno.com.br\/noticias\/wp-json\/wp\/v2\/tags?post=224420"},{"taxonomy":"suno_strategy","embeddable":true,"href":"https:\/\/www.suno.com.br\/noticias\/wp-json\/wp\/v2\/suno_strategy?post=224420"}],"curies":[{"name":"wp","href":"https:\/\/api.w.org\/{rel}","templated":true}]}}