{"id":224419,"date":"2022-01-21T18:48:36","date_gmt":"2022-01-21T21:48:36","guid":{"rendered":"https:\/\/www.suno.com.br\/noticias\/?p=224419"},"modified":"2022-01-21T18:48:36","modified_gmt":"2022-01-21T21:48:36","slug":"sequoia-seql3-btg-pactual-bpac11-preco-alvo","status":"publish","type":"post","link":"https:\/\/www.suno.com.br\/noticias\/sequoia-seql3-btg-pactual-bpac11-preco-alvo\/","title":{"rendered":"Sequoia (SEQL3): BTG corta pre\u00e7o-alvo das a\u00e7\u00f5es, mas v\u00ea potencial de 77% de alta"},"content":{"rendered":"<p>O <a class=\"suno-keyword\" href=\"https:\/\/www.suno.com.br\/acoes\/BPAC11\/\" target=\"_blank\" rel=\"noopener\" data-force=\"yes\" data-priority=\"2\">BTG Pactual (BPAC11)<\/a> cortou o <a class=\"suno-keyword\" href=\"https:\/\/www.suno.com.br\/artigos\/preco-alvo\/\" target=\"_blank\" rel=\"noopener\" data-force=\"no\" data-priority=\"1\">pre\u00e7o-alvo<\/a> da a\u00e7\u00e3o da <a class=\"suno-keyword\" href=\"https:\/\/www.suno.com.br\/acoes\/SEQL3\/\" target=\"_blank\" rel=\"noopener\" data-force=\"yes\" data-priority=\"2\">Sequoia (SEQL3)<\/a>, de R$ 38 para R$ 23, ap\u00f3s atualizar as estimativas para a companhia. O banco afirma que ainda h\u00e1 potencial de 77% de alta e mant\u00e9m recomenda\u00e7\u00e3o de compra.<\/p>\t<div class=\"wrapper-featured-image\">\n\t\t<figure class=\"spotlightImg\">\n\n\t\t\t<picture>\n\t\t\t\t<source media=\"(max-width: 768px)\" srcset=\"https:\/\/files.sunoresearch.com.br\/n\/uploads\/2021\/04\/373e57f6-high-bay-408222_1280-400x200.webp\">\n\t\t\t\t<img loading=\"lazy\" decoding=\"async\" class=\"newsContent__article__imgCapa lazyloadDisabled \" src=\"https:\/\/files.sunoresearch.com.br\/n\/uploads\/2021\/04\/373e57f6-high-bay-408222_1280-800x450.webp\" width=\"800\" height=\"450\" alt=\"Sequoia (SEQL3): BTG corta pre\u00e7o-alvo das a\u00e7\u00f5es, mas v\u00ea potencial de 77% de alta\" fetchpriority=high \/>\n\t\t\t<\/picture>\n\n\t\t\t<figcaption class=\"wp-caption-text wp-caption-text--show\">Sequoia. Foto: Pixabay.<\/figcaption>\n\t\t<\/figure>\n\t<\/div>\n\n\n\t<p>\n\t\t<a href=\"https:\/\/lp.suno.com.br\/planilha-controle-gastos\/\" target=\"_blank\" data-element=\"shortcode-suno-banner\" title=\"Banner SUNO, clique e saiba mais\">\n\t\t\t<picture>\n\t\t\t\t<source media=\"(max-width: 500px)\" srcset=\"https:\/\/files.sunoresearch.com.br\/n\/uploads\/2023\/03\/400x300-Planilha-controle-de-gastos.png\">\n\t\t\t\t<img class=\"newsContent__article__imgCapa newsContent__article__imgCapa--banner\"\n\t\t\t\t\tsrc=\"https:\/\/files.sunoresearch.com.br\/n\/uploads\/2023\/03\/1420x240-Planilha-controle-de-gastos.png\"\n\t\t\t\t\tdata-promo-id=\"101751\"\t\t\t\t\t\t\t\t\t\twidth='1420' height='240'\t\t\t\t\talt=\"https:\/\/files.sunoresearch.com.br\/n\/uploads\/2023\/03\/1420x240-Planilha-controle-de-gastos.png\"\n\t\t\t\t>\n\t\t\t<\/picture>\n\t\t<\/a>\n\t<\/p>\n\n\n<p>&#8220;Hoje, a Sequoia (SEQL3) \u00e9 negociada a 10,4x <strong>EV\/EBITDA<\/strong> em 2022 (8,2x 2023) e 21,3x pre\u00e7o\/lucro em 2022 sem goodwill, abaixo dos pares log\u00edsticos de alto crescimento (33%)&#8221;, afirmaram os analistas do BTG.<\/p>\n<p>Analistas do banco reduziram as proje\u00e7\u00f5es de <strong>receita l\u00edquida<\/strong>, margem Ebitda e<strong> lucro l\u00edquido<\/strong> em 2021 e 2022. Agora, a estimativa de receita l\u00edquida \u00e9 de R$ 1,6 bilh\u00e3o e R$ 1,9 bilh\u00e3o para 2021 e 2022, respectivamente (contra R$ 1,8 bilh\u00e3o e R$ 2,4 bilh\u00f5es antes), margem Ebitda ajustada de 9,7% e 10,8% (contra 10,7% e 11,3%) e lucro l\u00edquido (sem \u00e1gio) de R$ 66 milh\u00f5es e R$ 100 milh\u00f5es (contra R$ 122 milh\u00f5es e R$ 177 milh\u00f5es).<\/p>\n<p>A atualiza\u00e7\u00e3o do valor foi realizada para incorporar os resultados recentes da companhia, assim como uma perspectiva revisada para o e-commerce e o crescente mix de clientes asi\u00e1ticos &#8211; o que traz ganhos de participa\u00e7\u00e3o de mercado, mas menores tickets.<\/p>\n\t<p>\n\t\t<a href=\"https:\/\/lp.suno.com.br\/planilha-da-vida-financeira\/\" target=\"_blank\" data-element=\"shortcode-suno-banner\" title=\"Banner SUNO, clique e saiba mais\">\n\t\t\t<picture>\n\t\t\t\t<source media=\"(max-width: 500px)\" srcset=\"https:\/\/files.sunoresearch.com.br\/n\/uploads\/2023\/04\/400x300-Planilha-vida-financeira-true.png\">\n\t\t\t\t<img class=\"newsContent__article__imgCapa newsContent__article__imgCapa--banner\"\n\t\t\t\t\tsrc=\"https:\/\/files.sunoresearch.com.br\/n\/uploads\/2023\/04\/1420x240-Planilha-vida-financeira-true.png\"\n\t\t\t\t\tdata-promo-id=\"106682\"\t\t\t\t\t\t\t\t\t\twidth='1420' height='240'\t\t\t\t\talt=\"https:\/\/files.sunoresearch.com.br\/n\/uploads\/2023\/04\/1420x240-Planilha-vida-financeira-true.png\"\n\t\t\t\t>\n\t\t\t<\/picture>\n\t\t<\/a>\n\t<\/p>\n\n\n<p>Al\u00e9m disso, inclui margens de <a class=\"suno-keyword\" href=\"https:\/\/www.suno.com.br\/artigos\/curto-prazo\/\" target=\"_blank\" rel=\"noopener\" data-force=\"no\" data-priority=\"1\">curto prazo<\/a> mais fracas pelo maior custo de insumos, especialmente diesel, e maior custo do <strong>equity<\/strong> (aumento de 110bps para 13,1%).<\/p>\n<p>Apesar do curto prazo mais vol\u00e1til, os catalisadores de <a class=\"suno-keyword\" href=\"https:\/\/www.suno.com.br\/artigos\/longo-prazo\/\" target=\"_blank\" rel=\"noopener\" data-force=\"no\" data-priority=\"1\">longo prazo<\/a> da Sequoia permanecem intactos, com a entrega expressa ainda mostrando muito espa\u00e7o para crescer no Brasil. A tese do banco tamb\u00e9m \u00e9 suportada pelo recente aumento da participa\u00e7\u00e3o da diretoria na base acion\u00e1ria, o lan\u00e7amento de um programa de <a class=\"suno-keyword\" href=\"https:\/\/www.suno.com.br\/artigos\/recompra-de-acoes\/\" target=\"_blank\" rel=\"noopener\" data-force=\"no\" data-priority=\"1\">recompra de a\u00e7\u00f5es<\/a> e um s\u00f3lido desempenho operacional durante o quarto trimestre.<\/p>\n<p>Sobre o <strong>valuation<\/strong>, o BTG Pactual reconhece que o desempenho das a\u00e7\u00f5es da Sequoia desde o <a class=\"suno-keyword\" href=\"https:\/\/www.suno.com.br\/artigos\/aumento-capital\/\" target=\"_blank\" rel=\"noopener\" data-force=\"no\" data-priority=\"1\">aumento de capital<\/a> tem sido um pouco frustrante, com recuo de 48%.<\/p>\n<p>Os fatores apontados pelo banco para essa queda s\u00e3o:<\/p>\n<ul>\n<li>Taxas de juros de longo prazo maiores, o que aumenta o <a class=\"suno-keyword\" href=\"https:\/\/www.suno.com.br\/artigos\/custo-de-capital\/\" target=\"_blank\" rel=\"noopener\" data-force=\"no\" data-priority=\"1\">custo de capital<\/a>;<\/li>\n<li>Rota\u00e7\u00e3o entre setores dos investidores de empresas de tecnologia para empresas de valor;<\/li>\n<li>Volatilidade das margens de curto prazo devido ao aumento dos pre\u00e7os dos insumos, como diesel;<\/li>\n<li>Crescimento mais lento do <strong>e-commerce<\/strong>, particularmente mais fraco no 2S21.<\/li>\n<\/ul>\n<figure id=\"attachment_224462\" aria-describedby=\"caption-attachment-224462\" style=\"width: 717px\" class=\"wp-caption alignnone\"><img loading=\"lazy\" decoding=\"async\" class=\"wp-image-224462 size-full\" src=\"https:\/\/files.sunoresearch.com.br\/n\/uploads\/2022\/01\/Screenshot-2.png\" alt=\"Sequoia - valuation BTG\" width=\"717\" height=\"132\" srcset=\"https:\/\/files.sunoresearch.com.br\/n\/uploads\/2022\/01\/Screenshot-2.png 717w, https:\/\/files.sunoresearch.com.br\/n\/uploads\/2022\/01\/Screenshot-2-300x55.png 300w, https:\/\/files.sunoresearch.com.br\/n\/uploads\/2022\/01\/Screenshot-2-150x28.png 150w\" sizes=\"(max-width: 717px) 100vw, 717px\" \/><figcaption id=\"caption-attachment-224462\" class=\"wp-caption-text\">Cr\u00e9ditos: BTG Pactual<\/figcaption><\/figure>\n<h2>Avalia\u00e7\u00e3o do BTG Pactual (BPAC11) desde a abertura de IPO da Sequoia (SEQL3)<\/h2>\n<p>Depois de cumprir suas promessas de <strong>oferta p\u00fablica de a\u00e7\u00f5es (IPO)<\/strong>, tanto de forma org\u00e2nica quanto na inorg\u00e2nica, o relat\u00f3rio fala que a Sequoia merece uma reavalia\u00e7\u00e3o. Foram seis aquisi\u00e7\u00f5es negociadas desde a abertura de capital, mostrando uma disciplina em aloca\u00e7\u00e3o de capital.<\/p>\n\t<p>\n\t\t<a href=\"https:\/\/lp.suno.com.br\/ebook-como-analisar-uma-acao\/\" target=\"_blank\" data-element=\"shortcode-suno-banner\" title=\"Banner SUNO, clique e saiba mais\">\n\t\t\t<picture>\n\t\t\t\t<source media=\"(max-width: 500px)\" srcset=\"https:\/\/files.sunoresearch.com.br\/n\/uploads\/2023\/03\/Ebook-Acoes-Mobile-1.jpg\">\n\t\t\t\t<img class=\"newsContent__article__imgCapa newsContent__article__imgCapa--banner\"\n\t\t\t\t\tsrc=\"https:\/\/files.sunoresearch.com.br\/n\/uploads\/2023\/03\/Ebook-Acoes-Desktop-1.jpg\"\n\t\t\t\t\tdata-promo-id=\"171998\"\t\t\t\t\t\t\t\t\t\twidth='1420' height='286'\t\t\t\t\talt=\"https:\/\/files.sunoresearch.com.br\/n\/uploads\/2023\/03\/Ebook-Acoes-Desktop-1.jpg\"\n\t\t\t\t>\n\t\t\t<\/picture>\n\t\t<\/a>\n\t<\/p>\n\n\n<p>\u201cNa frente org\u00e2nica, embora nossas estimativas revisadas para o e-commerce apontam um menor crescimento em rela\u00e7\u00e3o aos n\u00fameros do IPO, a Sequoia conseguiu expandir seu portf\u00f3lio de produtos, criando avenidas de crescimento, especialmente entre empresas menores, e assim tem um mercado endere\u00e7\u00e1vel maior do que no modelo de IPO\u201d, afirma o BTG Pactual.<\/p>\n\t<p>\n\t\t<a href=\"https:\/\/lp.suno.com.br\/planilha-de-controle-de-investimentos\/\" target=\"_blank\" data-element=\"shortcode-suno-banner\" title=\"Banner SUNO, clique e saiba mais\">\n\t\t\t<picture>\n\t\t\t\t<source media=\"(max-width: 500px)\" srcset=\"https:\/\/files.sunoresearch.com.br\/n\/uploads\/2023\/03\/400x300-Controle-de-Investimentos.png\">\n\t\t\t\t<img class=\"newsContent__article__imgCapa newsContent__article__imgCapa--banner\"\n\t\t\t\t\tsrc=\"https:\/\/files.sunoresearch.com.br\/n\/uploads\/2023\/03\/1420x240-Controle-de-Investimentos.png\"\n\t\t\t\t\tdata-promo-id=\"75934\"\t\t\t\t\t\t\t\t\t\twidth='1420' height='240'\t\t\t\t\talt=\"https:\/\/files.sunoresearch.com.br\/n\/uploads\/2023\/03\/1420x240-Controle-de-Investimentos.png\"\n\t\t\t\t>\n\t\t\t<\/picture>\n\t\t<\/a>\n\t<\/p>\n\n\n<h2>Cota\u00e7\u00e3o<\/h2>\n<p>A <strong>Sequoia<\/strong> (SEQL3) fechou em queda de 1,08%, a R$ 12,86.<\/p>\n\t<p>\n\t\t<a href=\"\" target=\"_blank\" data-element=\"shortcode-suno-banner\" title=\"Banner SUNO, clique e saiba mais\">\n\t\t\t<picture>\n\t\t\t\t<source media=\"(max-width: 500px)\" srcset=\"\">\n\t\t\t\t<img class=\"newsContent__article__imgCapa newsContent__article__imgCapa--banner\"\n\t\t\t\t\tsrc=\"\"\n\t\t\t\t\tdata-promo-id=\"184190\"\t\t\t\t\t\t\t\t\t\t\t\t\t\t\talt=\"\"\n\t\t\t\t>\n\t\t\t<\/picture>\n\t\t<\/a>\n\t<\/p>\n\n\n","protected":false},"excerpt":{"rendered":"<p>O BTG Pactual (BPAC11) cortou o pre\u00e7o-alvo da a\u00e7\u00e3o da Sequoia (SEQL3), de R$ 38 para R$ 23, ap\u00f3s atualizar as estimativas para a companhia. O banco afirma que ainda h\u00e1 potencial de 77% de alta e mant\u00e9m recomenda\u00e7\u00e3o de compra. Sequoia. Foto: Pixabay. &#8220;Hoje, a Sequoia (SEQL3) \u00e9 negociada a 10,4x EV\/EBITDA em 2022 [&hellip;]<\/p>\n","protected":false},"author":146,"featured_media":140021,"comment_status":"closed","ping_status":"closed","sticky":false,"template":"","format":"standard","meta":[],"categories":[64],"tags":[399,105816,105858],"suno_strategy":[],"class_list":["post-224419","post","type-post","status-publish","format-standard","has-post-thumbnail","hentry","category-negocios","tag-btg-pactual-bpac11-bpac3-bpac5","tag-especialistas","tag-sequoia-seql3"],"yoast_head":"<!-- This site is optimized with the Yoast SEO plugin v24.4 - https:\/\/yoast.com\/wordpress\/plugins\/seo\/ -->\n<title>Sequoia (SEQL3): BTG corta pre\u00e7o-alvo, mas v\u00ea potencial de alta<\/title>\n<meta name=\"description\" content=\"O BTG Pactual (BPAC11) cortou o pre\u00e7o-alvo da a\u00e7\u00e3o da Sequoia (SEQL3), de R$ 38 a R$ 23 mas v\u00ea potencial de 77% de alta.\" \/>\n<meta name=\"robots\" content=\"index, follow, max-snippet:-1, max-image-preview:large, max-video-preview:-1\" \/>\n<link rel=\"canonical\" href=\"https:\/\/www.suno.com.br\/noticias\/sequoia-seql3-btg-pactual-bpac11-preco-alvo\/\" \/>\n<meta property=\"og:locale\" content=\"pt_BR\" \/>\n<meta property=\"og:type\" content=\"article\" \/>\n<meta property=\"og:title\" content=\"Sequoia (SEQL3): BTG corta pre\u00e7o-alvo, mas v\u00ea potencial de alta\" \/>\n<meta property=\"og:description\" content=\"O BTG Pactual (BPAC11) cortou o pre\u00e7o-alvo da a\u00e7\u00e3o da Sequoia (SEQL3), de R$ 38 a R$ 23 mas v\u00ea potencial de 77% de alta.\" \/>\n<meta property=\"og:url\" content=\"https:\/\/www.suno.com.br\/noticias\/sequoia-seql3-btg-pactual-bpac11-preco-alvo\/\" \/>\n<meta property=\"og:site_name\" content=\"Suno Not\u00edcias\" \/>\n<meta property=\"article:publisher\" content=\"https:\/\/facebook.com\/sunoresearch\" \/>\n<meta property=\"og:image\" content=\"https:\/\/files.sunoresearch.com.br\/n\/uploads\/2021\/04\/373e57f6-high-bay-408222_1280.jpg\" \/>\n\t<meta property=\"og:image:width\" content=\"1280\" \/>\n\t<meta property=\"og:image:height\" content=\"853\" \/>\n\t<meta property=\"og:image:type\" content=\"image\/jpeg\" \/>\n<meta name=\"author\" content=\"Vict\u00f3ria Anhesini\" \/>\n<meta name=\"twitter:card\" content=\"summary_large_image\" \/>\n<meta name=\"twitter:creator\" content=\"@sunoresearch\" \/>\n<meta name=\"twitter:site\" content=\"@sunoresearch\" \/>\n<meta name=\"twitter:label1\" content=\"Escrito por\" \/>\n\t<meta name=\"twitter:data1\" content=\"Vict\u00f3ria Anhesini\" \/>\n\t<meta name=\"twitter:label2\" content=\"Est. tempo de leitura\" \/>\n\t<meta name=\"twitter:data2\" content=\"3 minutos\" \/>\n<script type=\"application\/ld+json\" class=\"yoast-schema-graph\">{\"@context\":\"https:\/\/schema.org\",\"@graph\":[{\"@type\":\"NewsArticle\",\"@id\":\"https:\/\/www.suno.com.br\/noticias\/sequoia-seql3-btg-pactual-bpac11-preco-alvo\/#article\",\"isPartOf\":{\"@id\":\"https:\/\/www.suno.com.br\/noticias\/sequoia-seql3-btg-pactual-bpac11-preco-alvo\/\"},\"author\":{\"name\":\"Vict\u00f3ria Anhesini\",\"@id\":\"https:\/\/www.suno.com.br\/noticias\/#\/schema\/person\/46d847cb19ad53fde0857adca989c23f\"},\"headline\":\"Sequoia (SEQL3): BTG corta pre\u00e7o-alvo das a\u00e7\u00f5es, mas v\u00ea potencial de 77% de alta\",\"datePublished\":\"2022-01-21T21:48:36+00:00\",\"mainEntityOfPage\":{\"@id\":\"https:\/\/www.suno.com.br\/noticias\/sequoia-seql3-btg-pactual-bpac11-preco-alvo\/\"},\"wordCount\":555,\"publisher\":{\"@id\":\"https:\/\/www.suno.com.br\/noticias\/#organization\"},\"image\":{\"@id\":\"https:\/\/www.suno.com.br\/noticias\/sequoia-seql3-btg-pactual-bpac11-preco-alvo\/#primaryimage\"},\"thumbnailUrl\":\"https:\/\/files.sunoresearch.com.br\/n\/uploads\/2021\/04\/373e57f6-high-bay-408222_1280-jpg.webp\",\"keywords\":[\"BTG Pactual (BPAC11\/BPAC3\/BPAC5)\",\"Especialistas\",\"Sequoia (SEQL3)\"],\"articleSection\":[\"Neg\u00f3cios\"],\"inLanguage\":\"pt-BR\"},{\"@type\":\"WebPage\",\"@id\":\"https:\/\/www.suno.com.br\/noticias\/sequoia-seql3-btg-pactual-bpac11-preco-alvo\/\",\"url\":\"https:\/\/www.suno.com.br\/noticias\/sequoia-seql3-btg-pactual-bpac11-preco-alvo\/\",\"name\":\"Sequoia (SEQL3): BTG corta pre\u00e7o-alvo, mas v\u00ea potencial de alta\",\"isPartOf\":{\"@id\":\"https:\/\/www.suno.com.br\/noticias\/#website\"},\"primaryImageOfPage\":{\"@id\":\"https:\/\/www.suno.com.br\/noticias\/sequoia-seql3-btg-pactual-bpac11-preco-alvo\/#primaryimage\"},\"image\":{\"@id\":\"https:\/\/www.suno.com.br\/noticias\/sequoia-seql3-btg-pactual-bpac11-preco-alvo\/#primaryimage\"},\"thumbnailUrl\":\"https:\/\/files.sunoresearch.com.br\/n\/uploads\/2021\/04\/373e57f6-high-bay-408222_1280-jpg.webp\",\"datePublished\":\"2022-01-21T21:48:36+00:00\",\"description\":\"O BTG Pactual (BPAC11) cortou o pre\u00e7o-alvo da a\u00e7\u00e3o da Sequoia (SEQL3), de R$ 38 a R$ 23 mas v\u00ea potencial de 77% de alta.\",\"breadcrumb\":{\"@id\":\"https:\/\/www.suno.com.br\/noticias\/sequoia-seql3-btg-pactual-bpac11-preco-alvo\/#breadcrumb\"},\"inLanguage\":\"pt-BR\",\"potentialAction\":[{\"@type\":\"ReadAction\",\"target\":[\"https:\/\/www.suno.com.br\/noticias\/sequoia-seql3-btg-pactual-bpac11-preco-alvo\/\"]}]},{\"@type\":\"ImageObject\",\"inLanguage\":\"pt-BR\",\"@id\":\"https:\/\/www.suno.com.br\/noticias\/sequoia-seql3-btg-pactual-bpac11-preco-alvo\/#primaryimage\",\"url\":\"https:\/\/files.sunoresearch.com.br\/n\/uploads\/2021\/04\/373e57f6-high-bay-408222_1280-jpg.webp\",\"contentUrl\":\"https:\/\/files.sunoresearch.com.br\/n\/uploads\/2021\/04\/373e57f6-high-bay-408222_1280-jpg.webp\",\"width\":1280,\"height\":853,\"caption\":\"Sequoia. Foto: Pixabay.\"},{\"@type\":\"BreadcrumbList\",\"@id\":\"https:\/\/www.suno.com.br\/noticias\/sequoia-seql3-btg-pactual-bpac11-preco-alvo\/#breadcrumb\",\"itemListElement\":[{\"@type\":\"ListItem\",\"position\":1,\"name\":\"Not\u00edcias\",\"item\":\"https:\/\/www.suno.com.br\/noticias\/\"},{\"@type\":\"ListItem\",\"position\":2,\"name\":\"Neg\u00f3cios\",\"item\":\"https:\/\/www.suno.com.br\/noticias\/negocios\/\"},{\"@type\":\"ListItem\",\"position\":3,\"name\":\"Sequoia (SEQL3): BTG corta pre\u00e7o-alvo das a\u00e7\u00f5es, mas v\u00ea potencial de 77% de alta\"}]},{\"@type\":\"WebSite\",\"@id\":\"https:\/\/www.suno.com.br\/noticias\/#website\",\"url\":\"https:\/\/www.suno.com.br\/noticias\/\",\"name\":\"Suno Not\u00edcias\",\"description\":\"Seu portal de informa\u00e7\u00e3o sobre o mundo dos investimentos\",\"publisher\":{\"@id\":\"https:\/\/www.suno.com.br\/noticias\/#organization\"},\"potentialAction\":[{\"@type\":\"SearchAction\",\"target\":{\"@type\":\"EntryPoint\",\"urlTemplate\":\"https:\/\/www.suno.com.br\/noticias\/?s={search_term_string}\"},\"query-input\":{\"@type\":\"PropertyValueSpecification\",\"valueRequired\":true,\"valueName\":\"search_term_string\"}}],\"inLanguage\":\"pt-BR\"},{\"@type\":\"Organization\",\"@id\":\"https:\/\/www.suno.com.br\/noticias\/#organization\",\"name\":\"Suno Not\u00edcias\",\"url\":\"https:\/\/www.suno.com.br\/noticias\/\",\"logo\":{\"@type\":\"ImageObject\",\"inLanguage\":\"pt-BR\",\"@id\":\"https:\/\/www.suno.com.br\/noticias\/#\/schema\/logo\/image\/\",\"url\":\"https:\/\/files.sunoresearch.com.br\/n\/uploads\/2021\/09\/suno-logo.png\",\"contentUrl\":\"https:\/\/files.sunoresearch.com.br\/n\/uploads\/2021\/09\/suno-logo.png\",\"width\":180,\"height\":180,\"caption\":\"Suno Not\u00edcias\"},\"image\":{\"@id\":\"https:\/\/www.suno.com.br\/noticias\/#\/schema\/logo\/image\/\"},\"sameAs\":[\"https:\/\/facebook.com\/sunoresearch\",\"https:\/\/x.com\/sunoresearch\",\"https:\/\/www.instagram.com\/suno\",\"https:\/\/www.linkedin.com\/company\/suno-research\/\",\"https:\/\/www.youtube.com\/c\/sunoresearch\"]},{\"@type\":\"Person\",\"@id\":\"https:\/\/www.suno.com.br\/noticias\/#\/schema\/person\/46d847cb19ad53fde0857adca989c23f\",\"name\":\"Vict\u00f3ria Anhesini\",\"image\":{\"@type\":\"ImageObject\",\"inLanguage\":\"pt-BR\",\"@id\":\"https:\/\/www.suno.com.br\/noticias\/#\/schema\/person\/image\/\",\"url\":\"https:\/\/secure.gravatar.com\/avatar\/0172bdfcd9129dd9dd68794804304e6e?s=96&r=g\",\"contentUrl\":\"https:\/\/secure.gravatar.com\/avatar\/0172bdfcd9129dd9dd68794804304e6e?s=96&r=g\",\"caption\":\"Vict\u00f3ria Anhesini\"},\"description\":\"Rep\u00f3rter no Suno Not\u00edcias, cobre mercados, neg\u00f3cios e economia, escrevendo majoritariamente sobre movimentos das empresas, cobertura de balan\u00e7os trimestrais e Bolsa de Valores. Formada em jornalismo pela Universidade Presbiteriana Mackenzie em 2019, passou pelo portal de economia e finan\u00e7as EuQueroInvestir como rep\u00f3rter e anteriormente, trabalhou na assessoria de imprensa PinePR, onde liderou com startups de inova\u00e7\u00e3o, tecnologia e finan\u00e7as. Em seu tempo livre, fala sobre m\u00fasica para ambos os sites do selo ForMusic, Wikimetal e Mad Sound, e faz trabalho volunt\u00e1rio no programa Escreve Cartas do Poupatempo.\",\"sameAs\":[\"https:\/\/www.linkedin.com\/in\/victoria-anhesini\/\"],\"url\":\"https:\/\/www.suno.com.br\/noticias\/author\/victoria\/\"}]}<\/script>\n<!-- \/ Yoast SEO plugin. -->","yoast_head_json":{"title":"Sequoia (SEQL3): BTG corta pre\u00e7o-alvo, mas v\u00ea potencial de alta","description":"O BTG Pactual (BPAC11) cortou o pre\u00e7o-alvo da a\u00e7\u00e3o da Sequoia (SEQL3), de R$ 38 a R$ 23 mas v\u00ea potencial de 77% de alta.","robots":{"index":"index","follow":"follow","max-snippet":"max-snippet:-1","max-image-preview":"max-image-preview:large","max-video-preview":"max-video-preview:-1"},"canonical":"https:\/\/www.suno.com.br\/noticias\/sequoia-seql3-btg-pactual-bpac11-preco-alvo\/","og_locale":"pt_BR","og_type":"article","og_title":"Sequoia (SEQL3): BTG corta pre\u00e7o-alvo, mas v\u00ea potencial de alta","og_description":"O BTG Pactual (BPAC11) cortou o pre\u00e7o-alvo da a\u00e7\u00e3o da Sequoia (SEQL3), de R$ 38 a R$ 23 mas v\u00ea potencial de 77% de alta.","og_url":"https:\/\/www.suno.com.br\/noticias\/sequoia-seql3-btg-pactual-bpac11-preco-alvo\/","og_site_name":"Suno Not\u00edcias","article_publisher":"https:\/\/facebook.com\/sunoresearch","og_image":[{"width":1280,"height":853,"url":"https:\/\/files.sunoresearch.com.br\/n\/uploads\/2021\/04\/373e57f6-high-bay-408222_1280.jpg","type":"image\/jpeg"}],"author":"Vict\u00f3ria Anhesini","twitter_card":"summary_large_image","twitter_creator":"@sunoresearch","twitter_site":"@sunoresearch","twitter_misc":{"Escrito por":"Vict\u00f3ria Anhesini","Est. tempo de leitura":"3 minutos"},"schema":{"@context":"https:\/\/schema.org","@graph":[{"@type":"NewsArticle","@id":"https:\/\/www.suno.com.br\/noticias\/sequoia-seql3-btg-pactual-bpac11-preco-alvo\/#article","isPartOf":{"@id":"https:\/\/www.suno.com.br\/noticias\/sequoia-seql3-btg-pactual-bpac11-preco-alvo\/"},"author":{"name":"Vict\u00f3ria Anhesini","@id":"https:\/\/www.suno.com.br\/noticias\/#\/schema\/person\/46d847cb19ad53fde0857adca989c23f"},"headline":"Sequoia (SEQL3): BTG corta pre\u00e7o-alvo das a\u00e7\u00f5es, mas v\u00ea potencial de 77% de alta","datePublished":"2022-01-21T21:48:36+00:00","mainEntityOfPage":{"@id":"https:\/\/www.suno.com.br\/noticias\/sequoia-seql3-btg-pactual-bpac11-preco-alvo\/"},"wordCount":555,"publisher":{"@id":"https:\/\/www.suno.com.br\/noticias\/#organization"},"image":{"@id":"https:\/\/www.suno.com.br\/noticias\/sequoia-seql3-btg-pactual-bpac11-preco-alvo\/#primaryimage"},"thumbnailUrl":"https:\/\/files.sunoresearch.com.br\/n\/uploads\/2021\/04\/373e57f6-high-bay-408222_1280-jpg.webp","keywords":["BTG Pactual (BPAC11\/BPAC3\/BPAC5)","Especialistas","Sequoia (SEQL3)"],"articleSection":["Neg\u00f3cios"],"inLanguage":"pt-BR"},{"@type":"WebPage","@id":"https:\/\/www.suno.com.br\/noticias\/sequoia-seql3-btg-pactual-bpac11-preco-alvo\/","url":"https:\/\/www.suno.com.br\/noticias\/sequoia-seql3-btg-pactual-bpac11-preco-alvo\/","name":"Sequoia (SEQL3): BTG corta pre\u00e7o-alvo, mas v\u00ea potencial de alta","isPartOf":{"@id":"https:\/\/www.suno.com.br\/noticias\/#website"},"primaryImageOfPage":{"@id":"https:\/\/www.suno.com.br\/noticias\/sequoia-seql3-btg-pactual-bpac11-preco-alvo\/#primaryimage"},"image":{"@id":"https:\/\/www.suno.com.br\/noticias\/sequoia-seql3-btg-pactual-bpac11-preco-alvo\/#primaryimage"},"thumbnailUrl":"https:\/\/files.sunoresearch.com.br\/n\/uploads\/2021\/04\/373e57f6-high-bay-408222_1280-jpg.webp","datePublished":"2022-01-21T21:48:36+00:00","description":"O BTG Pactual (BPAC11) cortou o pre\u00e7o-alvo da a\u00e7\u00e3o da Sequoia (SEQL3), de R$ 38 a R$ 23 mas v\u00ea potencial de 77% de alta.","breadcrumb":{"@id":"https:\/\/www.suno.com.br\/noticias\/sequoia-seql3-btg-pactual-bpac11-preco-alvo\/#breadcrumb"},"inLanguage":"pt-BR","potentialAction":[{"@type":"ReadAction","target":["https:\/\/www.suno.com.br\/noticias\/sequoia-seql3-btg-pactual-bpac11-preco-alvo\/"]}]},{"@type":"ImageObject","inLanguage":"pt-BR","@id":"https:\/\/www.suno.com.br\/noticias\/sequoia-seql3-btg-pactual-bpac11-preco-alvo\/#primaryimage","url":"https:\/\/files.sunoresearch.com.br\/n\/uploads\/2021\/04\/373e57f6-high-bay-408222_1280-jpg.webp","contentUrl":"https:\/\/files.sunoresearch.com.br\/n\/uploads\/2021\/04\/373e57f6-high-bay-408222_1280-jpg.webp","width":1280,"height":853,"caption":"Sequoia. Foto: Pixabay."},{"@type":"BreadcrumbList","@id":"https:\/\/www.suno.com.br\/noticias\/sequoia-seql3-btg-pactual-bpac11-preco-alvo\/#breadcrumb","itemListElement":[{"@type":"ListItem","position":1,"name":"Not\u00edcias","item":"https:\/\/www.suno.com.br\/noticias\/"},{"@type":"ListItem","position":2,"name":"Neg\u00f3cios","item":"https:\/\/www.suno.com.br\/noticias\/negocios\/"},{"@type":"ListItem","position":3,"name":"Sequoia (SEQL3): BTG corta pre\u00e7o-alvo das a\u00e7\u00f5es, mas v\u00ea potencial de 77% de alta"}]},{"@type":"WebSite","@id":"https:\/\/www.suno.com.br\/noticias\/#website","url":"https:\/\/www.suno.com.br\/noticias\/","name":"Suno Not\u00edcias","description":"Seu portal de informa\u00e7\u00e3o sobre o mundo dos investimentos","publisher":{"@id":"https:\/\/www.suno.com.br\/noticias\/#organization"},"potentialAction":[{"@type":"SearchAction","target":{"@type":"EntryPoint","urlTemplate":"https:\/\/www.suno.com.br\/noticias\/?s={search_term_string}"},"query-input":{"@type":"PropertyValueSpecification","valueRequired":true,"valueName":"search_term_string"}}],"inLanguage":"pt-BR"},{"@type":"Organization","@id":"https:\/\/www.suno.com.br\/noticias\/#organization","name":"Suno Not\u00edcias","url":"https:\/\/www.suno.com.br\/noticias\/","logo":{"@type":"ImageObject","inLanguage":"pt-BR","@id":"https:\/\/www.suno.com.br\/noticias\/#\/schema\/logo\/image\/","url":"https:\/\/files.sunoresearch.com.br\/n\/uploads\/2021\/09\/suno-logo.png","contentUrl":"https:\/\/files.sunoresearch.com.br\/n\/uploads\/2021\/09\/suno-logo.png","width":180,"height":180,"caption":"Suno Not\u00edcias"},"image":{"@id":"https:\/\/www.suno.com.br\/noticias\/#\/schema\/logo\/image\/"},"sameAs":["https:\/\/facebook.com\/sunoresearch","https:\/\/x.com\/sunoresearch","https:\/\/www.instagram.com\/suno","https:\/\/www.linkedin.com\/company\/suno-research\/","https:\/\/www.youtube.com\/c\/sunoresearch"]},{"@type":"Person","@id":"https:\/\/www.suno.com.br\/noticias\/#\/schema\/person\/46d847cb19ad53fde0857adca989c23f","name":"Vict\u00f3ria Anhesini","image":{"@type":"ImageObject","inLanguage":"pt-BR","@id":"https:\/\/www.suno.com.br\/noticias\/#\/schema\/person\/image\/","url":"https:\/\/secure.gravatar.com\/avatar\/0172bdfcd9129dd9dd68794804304e6e?s=96&r=g","contentUrl":"https:\/\/secure.gravatar.com\/avatar\/0172bdfcd9129dd9dd68794804304e6e?s=96&r=g","caption":"Vict\u00f3ria Anhesini"},"description":"Rep\u00f3rter no Suno Not\u00edcias, cobre mercados, neg\u00f3cios e economia, escrevendo majoritariamente sobre movimentos das empresas, cobertura de balan\u00e7os trimestrais e Bolsa de Valores. Formada em jornalismo pela Universidade Presbiteriana Mackenzie em 2019, passou pelo portal de economia e finan\u00e7as EuQueroInvestir como rep\u00f3rter e anteriormente, trabalhou na assessoria de imprensa PinePR, onde liderou com startups de inova\u00e7\u00e3o, tecnologia e finan\u00e7as. Em seu tempo livre, fala sobre m\u00fasica para ambos os sites do selo ForMusic, Wikimetal e Mad Sound, e faz trabalho volunt\u00e1rio no programa Escreve Cartas do Poupatempo.","sameAs":["https:\/\/www.linkedin.com\/in\/victoria-anhesini\/"],"url":"https:\/\/www.suno.com.br\/noticias\/author\/victoria\/"}]}},"default_loop_html":"<div class=\"cardsPage__listCard__boxs\"><div class=\"cardsPage__listCard__boxs__img\"><a href=\"https:\/\/www.suno.com.br\/noticias\/sequoia-seql3-btg-pactual-bpac11-preco-alvo\/\"><img class=\"mask\" src=\"https:\/\/www.suno.com.br\/noticias\/wp-content\/themes\/suno\/resources\/images\/spotlight\/spotlight1img\/bg-mask.png\" alt=\"Image Mask\"\/><img src=\"https:\/\/files.sunoresearch.com.br\/n\/uploads\/2021\/04\/373e57f6-high-bay-408222_1280-400x200.webp\" alt=\"Sequoia (SEQL3): BTG corta pre\u00e7o-alvo das a\u00e7\u00f5es, mas v\u00ea potencial de 77% de alta\"\/><\/a><span class=\"spotlightCategory\"><a href=\"https:\/\/www.suno.com.br\/noticias\/negocios\/\">Neg\u00f3cios<\/a><\/span><\/div><div class=\"cardsPage__listCard__boxs__content\"><a href=\"https:\/\/www.suno.com.br\/noticias\/sequoia-seql3-btg-pactual-bpac11-preco-alvo\/\"><h2 class=\"content__title\">Sequoia (SEQL3): BTG corta pre\u00e7o-alvo das a\u00e7\u00f5es, mas v\u00ea potencial de 77% de alta<\/h2><\/a><div class=\"newsContent__article__meta\"><div class=\"newsContent__article__meta__authorBox\"><a href=\"https:\/\/www.suno.com.br\/noticias\/author\/victoria\/\" class=\"authorBox__avatar noMobi\"><img src=\"https:\/\/files.sunoresearch.com.br\/n\/uploads\/2021\/12\/20190129VickyPINEAPPLE01-1-150x150.jpg\" alt=\"Vict\u00f3ria Anhesini\"><\/a><div class=\"authorBox__name\"><span>por\n\t\t\t<a href=\"https:\/\/www.suno.com.br\/noticias\/author\/victoria\/\"><span itemprop=\"author\">Vict\u00f3ria Anhesini<\/span><\/a><\/span><time datetime=\"2022-01-21T18:48:36-03:00\" itemprop=\"datePublished\">21\/01\/2022 18:48<\/time><\/div><\/div><\/div><\/div><\/div>","single_layout":"posts","amp_enabled":true,"_links":{"self":[{"href":"https:\/\/www.suno.com.br\/noticias\/wp-json\/wp\/v2\/posts\/224419"}],"collection":[{"href":"https:\/\/www.suno.com.br\/noticias\/wp-json\/wp\/v2\/posts"}],"about":[{"href":"https:\/\/www.suno.com.br\/noticias\/wp-json\/wp\/v2\/types\/post"}],"author":[{"embeddable":true,"href":"https:\/\/www.suno.com.br\/noticias\/wp-json\/wp\/v2\/users\/146"}],"replies":[{"embeddable":true,"href":"https:\/\/www.suno.com.br\/noticias\/wp-json\/wp\/v2\/comments?post=224419"}],"version-history":[{"count":3,"href":"https:\/\/www.suno.com.br\/noticias\/wp-json\/wp\/v2\/posts\/224419\/revisions"}],"predecessor-version":[{"id":224493,"href":"https:\/\/www.suno.com.br\/noticias\/wp-json\/wp\/v2\/posts\/224419\/revisions\/224493"}],"wp:featuredmedia":[{"embeddable":true,"href":"https:\/\/www.suno.com.br\/noticias\/wp-json\/wp\/v2\/media\/140021"}],"wp:attachment":[{"href":"https:\/\/www.suno.com.br\/noticias\/wp-json\/wp\/v2\/media?parent=224419"}],"wp:term":[{"taxonomy":"category","embeddable":true,"href":"https:\/\/www.suno.com.br\/noticias\/wp-json\/wp\/v2\/categories?post=224419"},{"taxonomy":"post_tag","embeddable":true,"href":"https:\/\/www.suno.com.br\/noticias\/wp-json\/wp\/v2\/tags?post=224419"},{"taxonomy":"suno_strategy","embeddable":true,"href":"https:\/\/www.suno.com.br\/noticias\/wp-json\/wp\/v2\/suno_strategy?post=224419"}],"curies":[{"name":"wp","href":"https:\/\/api.w.org\/{rel}","templated":true}]}}