{"id":223899,"date":"2022-01-23T12:00:55","date_gmt":"2022-01-23T15:00:55","guid":{"rendered":"https:\/\/www.suno.com.br\/noticias\/?p=223899"},"modified":"2022-01-24T07:44:49","modified_gmt":"2022-01-24T10:44:49","slug":"fed-federal-reserve-juros-bc-banco-central","status":"publish","type":"post","link":"https:\/\/www.suno.com.br\/noticias\/fed-federal-reserve-juros-bc-banco-central\/","title":{"rendered":"Como o Fed ditar\u00e1 o rumo do mercado em 2022? Especialistas respondem"},"content":{"rendered":"<p>Com o aperto monet\u00e1rio mais pr\u00f3ximo de se concretizar, o <a href=\"https:\/\/www.suno.com.br\/artigos\/fed\">Federal Reserve<\/a>, ou <strong>Fed<\/strong>, o Banco Central dos Estados Unidos, dita os rumos do cen\u00e1rio de juros global e o andamento das bolsas. No Brasil, os especialistas divergem sobre impacto das \u00faltimas decis\u00f5es da autoridade monet\u00e1ria americana.<\/p>\t<div class=\"wrapper-featured-image\">\n\t\t<figure class=\"spotlightImg\">\n\n\t\t\t<picture>\n\t\t\t\t<source media=\"(max-width: 768px)\" srcset=\"https:\/\/files.sunoresearch.com.br\/n\/uploads\/2021\/04\/b0ce30fc-49614546592_a4fbe678c2_o-400x200.webp\">\n\t\t\t\t<img loading=\"lazy\" decoding=\"async\" class=\"newsContent__article__imgCapa lazyloadDisabled \" src=\"https:\/\/files.sunoresearch.com.br\/n\/uploads\/2021\/04\/b0ce30fc-49614546592_a4fbe678c2_o-800x450.webp\" width=\"800\" height=\"450\" alt=\"Como o Fed ditar\u00e1 o rumo do mercado em 2022? Especialistas respondem\" fetchpriority=high \/>\n\t\t\t<\/picture>\n\n\t\t\t<figcaption class=\"wp-caption-text wp-caption-text--show\">Powell. Foto: Reprodu\u00e7\u00e3o\/Federal Reserve<\/figcaption>\n\t\t<\/figure>\n\t<\/div>\n\n\n\t<p>\n\t\t<a href=\"https:\/\/lp.suno.com.br\/planilha-controle-gastos\/\" target=\"_blank\" data-element=\"shortcode-suno-banner\" title=\"Banner SUNO, clique e saiba mais\">\n\t\t\t<picture>\n\t\t\t\t<source media=\"(max-width: 500px)\" srcset=\"https:\/\/files.sunoresearch.com.br\/n\/uploads\/2023\/03\/400x300-Planilha-controle-de-gastos.png\">\n\t\t\t\t<img class=\"newsContent__article__imgCapa newsContent__article__imgCapa--banner\"\n\t\t\t\t\tsrc=\"https:\/\/files.sunoresearch.com.br\/n\/uploads\/2023\/03\/1420x240-Planilha-controle-de-gastos.png\"\n\t\t\t\t\tdata-promo-id=\"101751\"\t\t\t\t\t\t\t\t\t\twidth='1420' height='240'\t\t\t\t\talt=\"https:\/\/files.sunoresearch.com.br\/n\/uploads\/2023\/03\/1420x240-Planilha-controle-de-gastos.png\"\n\t\t\t\t>\n\t\t\t<\/picture>\n\t\t<\/a>\n\t<\/p>\n\n\n<p>&#8220;Os bancos centrais tinham a tese de que tudo era transit\u00f3rio em rela\u00e7\u00e3o aos impactos da pandemia na atividade econ\u00f4mica e da alta de pre\u00e7os. Sempre falavam em &#8216;onda&#8217;, com muita especula\u00e7\u00e3o. Agora temos o impacto da \u00d4micron, no terceiro ano de Covid, e isso n\u00e3o se resolveu. O <a class=\"suno-keyword\" href=\"https:\/\/www.suno.com.br\/artigos\/bacen\/\" target=\"_blank\" rel=\"noopener\" data-force=\"no\" data-priority=\"3\"><strong>Banco<\/strong> <strong>Central<\/strong> (<strong>BC<\/strong>)<\/a> tem que come\u00e7ar a agir, j\u00e1 que o Fed deve normalizar taxa de juros subindo-a para 2%, com 100bps neste ano e mais 100bps ano que vem. Esse \u00e9 o juro que o mercado enxerga&#8221;, analisa Igor Barenboim, economista e s\u00f3cio da Reach Capital.<\/p>\n<p>O especialista tamb\u00e9m ressalta que o Fed pode tomar decis\u00f5es para controlar a <a href=\"https:\/\/www.suno.com.br\/artigos\/inflacao\"><strong>infla\u00e7\u00e3o<\/strong><\/a> sem, necessariamente, subir os juros e adotar uma postura ainda mais <em>hawkish<\/em> &#8211; termo para uma <a class=\"suno-keyword\" href=\"https:\/\/www.suno.com.br\/artigos\/politica-monetaria\/\" target=\"_blank\" rel=\"noopener\" data-force=\"no\" data-priority=\"1\">pol\u00edtica <strong>monet\u00e1ria<\/strong><\/a> mais austera para conter alta de pre\u00e7os a custos de <a class=\"suno-keyword\" href=\"https:\/\/www.suno.com.br\/artigos\/desenvolvimento-economico\/\" target=\"_blank\" rel=\"noopener\" data-force=\"no\" data-priority=\"1\">desenvolvimento econ\u00f4mico<\/a>.<\/p>\n<p>Barenboim destaca que, se o ciclo de <strong>juros americanos<\/strong> fechar em 2,75%, o cen\u00e1rio \u00e9 &#8220;interessante&#8221;. Explica: &#8220;Voc\u00ea atrai capital para os pa\u00edses centrais. Pode ser que o mercado se assuste, pe\u00e7a por &#8216;muito mais&#8217;. Mas acho que o Fed tamb\u00e9m pode fazer ainda mais por contra\u00e7\u00e3o de balan\u00e7os&#8221;.<\/p>\n\n\t<div data-element=\"shortcode-read-more\" class=\"readToo\">\n\t\t\t\t<span class=\"readToo__title\">Leia mais<\/span>\n\t\t\t\t<ul class=\"readToo__list\">\n\t\t\t<li><a href=\"https:\/\/www.suno.com.br\/noticias\/bitcoin-criptomoedas-recuam-alta-juros\/\">Bitcoin e criptomoedas recuam com expectativa de alta de juros do Fed<\/a><\/li><li><a href=\"https:\/\/www.suno.com.br\/noticias\/aluguel-imovel-preco-mais-caro-2021-sp-sao-paulo\/\">Aluguel ficou 4% mais caro em 2021, revela FipeZap; SP tem queda de 1% na contram\u00e3o<\/a><\/li><li><a href=\"https:\/\/www.suno.com.br\/noticias\/inflacao-vila-2021-gasolina-combustiveis\/\">Infla\u00e7\u00e3o: Ap\u00f3s ser a vil\u00e3 em 2021, gasolina deve ficar est\u00e1vel nos pr\u00f3ximos meses<\/a><\/li><li><a href=\"https:\/\/www.suno.com.br\/noticias\/pib-per-capita-renda-2028-fgv\/\">PIB per capita s\u00f3 voltar\u00e1 a &#8216;plenos pulm\u00f5es&#8217; em 2028, diz FGV<\/a><\/li>\t\t<\/ul>\n\t<\/div>\n\n\n<p>Apesar disso, o economista n\u00e3o enxerga que esse ciclo de juros nos <strong>EUA<\/strong> tenha impacto direto nas decis\u00f5es do BC, chefiado por Roberto Campos Neto. Outros especialistas lembram, no entanto, que movimentos mais duros da autoridade americanas causam press\u00e3o para que o <strong>BC<\/strong> brasileiro acelere seus passos.<\/p>\n<p>Felipe Veloso, economista do Bank of America (<strong>BofA<\/strong>), concorda que as mudan\u00e7as do Fed acabam influenciando as <strong>proje\u00e7\u00f5es<\/strong> em solo brasileiro.<\/p>\n<p>&#8220;Aqui [nos EUA], 0,5 de alta de juros \u00e9 muito. \u00c9 inevit\u00e1vel que isso aconte\u00e7a. D\u00e1 uma press\u00e3o para o BC <em>[do Brasil]<\/em> aumentar o juro, para que o Brasil n\u00e3o perca o equil\u00edbrio cambial. Mas n\u00e3o s\u00e3o juros s\u00f3 que atrapalham o c\u00e2mbio. Um ter\u00e7o da produ\u00e7\u00e3o de d\u00f3lares foi feita desde o in\u00edcio da pandemia&#8221;, observa.<\/p>\n<p>Desde o in\u00edcio da crise sanit\u00e1ria a gest\u00e3o de Jerome Powell ligou uma &#8216;m\u00e1quina de dinheiro&#8217;, com alta na impress\u00e3o de moeda.<\/p>\n<h2>Fed imprime dinheiro e infla\u00e7\u00e3o vem acima do esperado<\/h2>\n<p>O cen\u00e1rio tra\u00e7ado pelo especialista leva em conta que o <a href=\"https:\/\/www.suno.com.br\/artigos\/commodities\"><strong>min\u00e9rio<\/strong> <\/a>tem sofrido algumas quedas desde meados de novembro de 2021, ao passo que o <a href=\"https:\/\/statusinvest.com.br\/acoes\/setor\/6\/petroleo-gas-e-biocombustiveis\"><strong>petr\u00f3leo<\/strong> <\/a>sobe \u00e0s m\u00e1ximas hist\u00f3ricas.<\/p>\n<p>Apesar da press\u00e3o das commodities, Veloso argumenta que &#8220;n\u00e3o \u00e9 garantido que o d\u00f3lar v\u00e1 ganhar tanta for\u00e7a em rela\u00e7\u00e3o ao real&#8221; por causa da postura do Fed.<\/p>\n\t<p>\n\t\t<a href=\"https:\/\/lp.suno.com.br\/planilha-da-vida-financeira\/\" target=\"_blank\" data-element=\"shortcode-suno-banner\" title=\"Banner SUNO, clique e saiba mais\">\n\t\t\t<picture>\n\t\t\t\t<source media=\"(max-width: 500px)\" srcset=\"https:\/\/files.sunoresearch.com.br\/n\/uploads\/2023\/04\/400x300-Planilha-vida-financeira-true.png\">\n\t\t\t\t<img class=\"newsContent__article__imgCapa newsContent__article__imgCapa--banner\"\n\t\t\t\t\tsrc=\"https:\/\/files.sunoresearch.com.br\/n\/uploads\/2023\/04\/1420x240-Planilha-vida-financeira-true.png\"\n\t\t\t\t\tdata-promo-id=\"106682\"\t\t\t\t\t\t\t\t\t\twidth='1420' height='240'\t\t\t\t\talt=\"https:\/\/files.sunoresearch.com.br\/n\/uploads\/2023\/04\/1420x240-Planilha-vida-financeira-true.png\"\n\t\t\t\t>\n\t\t\t<\/picture>\n\t\t<\/a>\n\t<\/p>\n\n\n<p>&#8220;O problema de infla\u00e7\u00e3o \u00e9 global e faz com que os pa\u00edses coloquem o p\u00e9 no freio na compra de ativos e passem a subir os juros. Como os EUA e o Fed influenciam todos os pa\u00edses, se o Fed aumenta e outros pa\u00edses n\u00e3o elevam, por consequ\u00eancia todas as moedas perdem for\u00e7a ante o d\u00f3lar. Nesse cen\u00e1rio, se a moeda se fragiliza h\u00e1 ainda mais infla\u00e7\u00e3o&#8221;, comenta.<\/p>\n<h2>Cen\u00e1rio \u00e9 de deprecia\u00e7\u00e3o do d\u00f3lar<\/h2>\n<p>Com o contexto mencionado pelo especialista, a tend\u00eancia \u00e9 de que o <strong>d\u00f3lar<\/strong> perca, no m\u00e9dio e <a class=\"suno-keyword\" href=\"https:\/\/www.suno.com.br\/artigos\/longo-prazo\/\" target=\"_blank\" rel=\"noopener\" data-force=\"no\" data-priority=\"1\">longo prazo<\/a>, o status de moeda mundial.<\/p>\n<p>&#8220;Isso ocorre porque os EUA s\u00e3o mais adeptos de pol\u00edticas econ\u00f4micas muito expansionistas, que imprimem dinheiro para resolver problemas. Voc\u00ea n\u00e3o pode ter um \u00edndice mundial dolarizado nesse contexto de impress\u00e3o em massa. N\u00e3o acredito que os EUA ir\u00e3o manter essa postura no longo prazo, mas, por causa da influ\u00eancia gigantesca na economia global, \u00e9 sempre mais f\u00e1cil o Brasil perder o controle da infla\u00e7\u00e3o do que os EUA&#8221;, afirma.<\/p>\n\t<p>\n\t\t<a href=\"https:\/\/lp.suno.com.br\/ebook-como-analisar-uma-acao\/\" target=\"_blank\" data-element=\"shortcode-suno-banner\" title=\"Banner SUNO, clique e saiba mais\">\n\t\t\t<picture>\n\t\t\t\t<source media=\"(max-width: 500px)\" srcset=\"https:\/\/files.sunoresearch.com.br\/n\/uploads\/2023\/03\/Ebook-Acoes-Mobile-1.jpg\">\n\t\t\t\t<img class=\"newsContent__article__imgCapa newsContent__article__imgCapa--banner\"\n\t\t\t\t\tsrc=\"https:\/\/files.sunoresearch.com.br\/n\/uploads\/2023\/03\/Ebook-Acoes-Desktop-1.jpg\"\n\t\t\t\t\tdata-promo-id=\"171998\"\t\t\t\t\t\t\t\t\t\twidth='1420' height='286'\t\t\t\t\talt=\"https:\/\/files.sunoresearch.com.br\/n\/uploads\/2023\/03\/Ebook-Acoes-Desktop-1.jpg\"\n\t\t\t\t>\n\t\t\t<\/picture>\n\t\t<\/a>\n\t<\/p>\n\n\n<p>Nesse contexto, o economista acredita que <a class=\"suno-keyword\" href=\"https:\/\/www.suno.com.br\/artigos\/investir-nos-estados-unidos\/\" target=\"_blank\" rel=\"noopener\" data-force=\"no\" data-priority=\"1\">investir nos EUA<\/a> &#8220;n\u00e3o \u00e9 t\u00e3o certeiro quanto o foi no passado, mas nunca ser\u00e1 uma op\u00e7\u00e3o ruim, mesmo com o <a class=\"suno-keyword\" href=\"https:\/\/www.suno.com.br\/artigos\/risco-cambial\/\" target=\"_blank\" rel=\"noopener\" data-force=\"no\" data-priority=\"1\">risco cambial<\/a> associado&#8221;.<\/p>\n<p>Nos \u00faltimos dias, de fato, a moeda americana tem sofrido deprecia\u00e7\u00e3o, caindo cerca de 1,5% no intradia da quarta (19). A moeda foi negociada a R$ 5,40 nesta quinta, em baixa de 0,3%.<\/p>\n<p>O d\u00f3lar voltou a subir na sexta (21), encerrando a segunda semana do ano seguida em baixa. Na sexta foi vendido a R$ 5,455, com alta de 0,72%. Apesar da alta, a divisa fechou a semana cedendo 1,05%. Nos primeiros 21 dias de 2022, o d\u00f3lar acumula queda de 2,16%.<\/p>\n<p>Em 5 de janeiro, o d\u00f3lar era cotado a R$ 5,70.<\/p>\n<h2>&#8216;H\u00e1 uma liga\u00e7\u00e3o indireta com o Banco Central&#8217;<\/h2>\n<p><a href=\"https:\/\/www.suno.com.br\/noticias\/colunas\/alan-gandelman\/\"> Alan Gandelman<\/a>, CEO da Planner Corretora, v\u00ea uma rela\u00e7\u00e3o indireta dos movimentos do <a href=\"https:\/\/www.federalreserve.gov\/\">Federal Reserve<\/a> com o rumo da pol\u00edtica monet\u00e1ria brasileira.<\/p>\n<p>&#8220;Cada vez que o Fed aumenta o juros, o que acontece em geral \u00e9 um &#8216;voo&#8217;. Como os juros s\u00e3o mais atrativos nos EUA, o investidor global sai de pa\u00edses com maior risco, como o Brasil, e vai para os EUA aproveitar juros mais altos. Se isso ocorre, voc\u00ea tem um movimento de sa\u00edda do investidor em dire\u00e7\u00e3o aos EUA. Isso pressiona <a href=\"https:\/\/www.suno.com.br\/artigos\/cambio\">c\u00e2mbio<\/a>, bolsa e pode tamb\u00e9m impactar os juros&#8221;, comenta.<\/p>\n<p>Al\u00e9m disso, o especialista diz que, com d\u00f3lar em alta ante o real, h\u00e1 press\u00e3o nos ativos e na infla\u00e7\u00e3o do Brasil &#8211; em raz\u00e3o do encarecimento do que \u00e9 dolarizado.<\/p>\n<p>Esse quadro joga a infla\u00e7\u00e3o para cima e consequentemente exige uma postura mais austera de Campos Neto, segundo Gandelman &#8211; o que \u00e9 apelidado pelo mercado de &#8216;d\u00f3lar inflacion\u00e1rio&#8217;.<\/p>\n<h2>Juros altos ocasionar\u00e3o corre\u00e7\u00e3o nas bolsas?<\/h2>\n<p>Com os juros perto de sofrerem alta nos EUA, as diverg\u00eancias se estendem para a press\u00e3o nas bolsas mundiais. Nos EUA, o <a href=\"https:\/\/www.suno.com.br\/artigos\/bolsas-americanas\">S&amp;P marcou seu topo hist\u00f3rico, o que fez analistas projetarem corre\u00e7\u00f5es<\/a>.<\/p>\n<p>Apesar disso, como a <a href=\"https:\/\/www.suno.com.br\/noticias\/fed-ata-juros-aceleracao-inflacao-alta\/\"><strong>Ata do Fed<\/strong><\/a> j\u00e1 foi divulgada e os movimentos j\u00e1 foram antecipados pelo time de <a class=\"suno-keyword\" href=\"https:\/\/www.suno.com.br\/tudo-sobre\/jerome-powell\/\" target=\"_blank\" rel=\"noopener\" data-force=\"no\" data-priority=\"2\">Jerome Powell<\/a>, as teses tamb\u00e9m incluem a afirma\u00e7\u00e3o de que o mercado j\u00e1 precificou essa alta de juros.<\/p>\n<p>&#8220;Acho que os ativos j\u00e1 refletem a incerteza que temos. Est\u00e1 tudo relativamente barato, apesar de poder ficar ainda mais, como sempre&#8221;, comenta Barenboim.<\/p>\n<p>&#8220;Particularmente, acho que em um cen\u00e1rio sem grandes surpresas n\u00f3s n\u00e3o teremos nenhum colapso nem nenhuma grande corre\u00e7\u00e3o no S&amp;P e consequentemente nas bolsas globais&#8221;, acrescenta.<\/p>\n\t<p>\n\t\t<a href=\"https:\/\/lp.suno.com.br\/planilha-de-controle-de-investimentos\/\" target=\"_blank\" data-element=\"shortcode-suno-banner\" title=\"Banner SUNO, clique e saiba mais\">\n\t\t\t<picture>\n\t\t\t\t<source media=\"(max-width: 500px)\" srcset=\"https:\/\/files.sunoresearch.com.br\/n\/uploads\/2023\/03\/400x300-Controle-de-Investimentos.png\">\n\t\t\t\t<img class=\"newsContent__article__imgCapa newsContent__article__imgCapa--banner\"\n\t\t\t\t\tsrc=\"https:\/\/files.sunoresearch.com.br\/n\/uploads\/2023\/03\/1420x240-Controle-de-Investimentos.png\"\n\t\t\t\t\tdata-promo-id=\"75934\"\t\t\t\t\t\t\t\t\t\twidth='1420' height='240'\t\t\t\t\talt=\"https:\/\/files.sunoresearch.com.br\/n\/uploads\/2023\/03\/1420x240-Controle-de-Investimentos.png\"\n\t\t\t\t>\n\t\t\t<\/picture>\n\t\t<\/a>\n\t<\/p>\n\n\n<p>Caso uma corre\u00e7\u00e3o venha a acontecer, Gandelman lembra que o movimento pode ocasionar uma recess\u00e3o em outros pa\u00edses, por causa da influ\u00eancia e do tamanho da economia americana.<\/p>\n<p>&#8220;Tudo depende do tamanho de uma eventual corre\u00e7\u00e3o do mercado dos EUA; as <a class=\"suno-keyword\" href=\"https:\/\/www.suno.com.br\/artigos\/bolsas-americanas\/\" target=\"_blank\" rel=\"noopener\" data-force=\"no\" data-priority=\"1\">bolsas americanas<\/a> puxam as outras no mundo todo. Eu acho que j\u00e1 est\u00e1 dado esse movimento de alta de juros, j\u00e1 est\u00e1 digerido. Desde o primeiro an\u00fancio do Powell, com os n\u00fameros de infla\u00e7\u00e3o mais altos nos EUA, os mercados v\u00eam sofrendo. Sofre um dia, melhora um pouco. \u00c9 preciso ver se, quando a corre\u00e7\u00e3o acontecer, de fato vamos ter o movimento, a rea\u00e7\u00e3o, dos mercados americanos&#8221;, analisa.<\/p>\n<p>Segundo o <a href=\"https:\/\/www.suno.com.br\/artigos\/ceo\">CEO<\/a> da Planner, se a rea\u00e7\u00e3o ocorrer e for forte, isso afetaria as bolsas do mundo todo. &#8220;As a\u00e7\u00f5es espelham os valores das empresas: nesse contexto as empresas ficam \u2018baratas\u2019 &#8211; o que compromete muito a economia&#8221;.<\/p>\n<p>Veloso, que reside nos EUA, explica: &#8220;O que dirige e direciona a bolsa americana n\u00e3o s\u00e3o os investidores privados, mas sim os fundos, seguradoras e similares. Os institucionais s\u00e3o quem alocam capital para as pessoas. Aqui todo mundo tem plano de sa\u00fade privado. Sempre que voc\u00ea paga previd\u00eancia, n\u00e3o vai para o governo, vai para um fundo que investe esse capital para voc\u00ea.&#8221;<\/p>\n<p>&#8220;Antes esse dinheiro n\u00e3o rendia nada aos t\u00edtulo p\u00fablicos, agora <em>[com escalada dos juros]<\/em> \u00e9 melhor tirar esse capital da <a class=\"suno-keyword\" href=\"https:\/\/www.suno.com.br\/artigos\/renda-variavel-7-dicas\/\" target=\"_blank\" rel=\"noopener\" data-force=\"no\" data-priority=\"2\"><strong>renda vari\u00e1vel<\/strong><\/a> e aloc\u00e1-lo na renda fixa, devido \u00e0 atratividade. Esse pessoal &#8211; institucional &#8211; move o mercado. Eles ganham pr\u00eamios pelo ganho do fundo e do portf\u00f3lio. Com tudo marcando topo, \u00e9 mais seguro para eles voltarem para renda fixa&#8221;, analisa.<\/p>\n<p>Apesar disso, a recomenda\u00e7\u00e3o do economista \u00e9 de que, com a crise na cadeia de produ\u00e7\u00e3o tamb\u00e9m sendo um dos grandes drivers, mudan\u00e7as podem ocorrer.<\/p>\n<p>&#8220;\u00c9 algo mais para ficar no radar. Se esse problema de <a href=\"https:\/\/www.suno.com.br\/artigos\/supply-chain\">supply chain<\/a> se resolver e o Powell continuar no <strong>Fed<\/strong>, vamos parar de ver aumento de juros. \u00c9 algo para o futuro, para mantermos em mente&#8221;, projeta.<\/p>\n\t<p>\n\t\t<a href=\"\" target=\"_blank\" data-element=\"shortcode-suno-banner\" title=\"Banner SUNO, clique e saiba mais\">\n\t\t\t<picture>\n\t\t\t\t<source media=\"(max-width: 500px)\" srcset=\"\">\n\t\t\t\t<img class=\"newsContent__article__imgCapa newsContent__article__imgCapa--banner\"\n\t\t\t\t\tsrc=\"\"\n\t\t\t\t\tdata-promo-id=\"184190\"\t\t\t\t\t\t\t\t\t\t\t\t\t\t\talt=\"\"\n\t\t\t\t>\n\t\t\t<\/picture>\n\t\t<\/a>\n\t<\/p>\n\n\n","protected":false},"excerpt":{"rendered":"<p>Com o aperto monet\u00e1rio mais pr\u00f3ximo de se concretizar, o Federal Reserve, ou Fed, o Banco Central dos Estados Unidos, dita os rumos do cen\u00e1rio de juros global e o andamento das bolsas. No Brasil, os especialistas divergem sobre impacto das \u00faltimas decis\u00f5es da autoridade monet\u00e1ria americana. Expectativa \u00e9 que PIB per Capita ainda permane\u00e7a [&hellip;]<\/p>\n","protected":false},"author":73,"featured_media":138786,"comment_status":"closed","ping_status":"closed","sticky":false,"template":"","format":"standard","meta":[],"categories":[62],"tags":[1842,105815,776,850,1752,290],"suno_strategy":[],"class_list":["post-223899","post","type-post","status-publish","format-standard","has-post-thumbnail","hentry","category-economia","tag-banco-central-bc","tag-especial","tag-federal-reseve-fed","tag-inflacao","tag-taxa-de-juros","tag-taxa-selic"],"yoast_head":"<!-- This site is optimized with the Yoast SEO plugin v24.4 - https:\/\/yoast.com\/wordpress\/plugins\/seo\/ -->\n<title>Como o Fed ditar\u00e1 o rumo do mercado em 2022? Especialistas respondem<\/title>\n<meta name=\"description\" content=\"Com alta de juros prevista pela Ata do Fed, economistas e analistas projetam movimentos das bolsas e dos juros. Clique aqui e leia mais.\" \/>\n<meta name=\"robots\" content=\"index, follow, max-snippet:-1, max-image-preview:large, max-video-preview:-1\" \/>\n<link rel=\"canonical\" href=\"https:\/\/www.suno.com.br\/noticias\/fed-federal-reserve-juros-bc-banco-central\/\" \/>\n<meta property=\"og:locale\" content=\"pt_BR\" \/>\n<meta property=\"og:type\" content=\"article\" \/>\n<meta property=\"og:title\" content=\"Como o Fed ditar\u00e1 o rumo do mercado em 2022? Especialistas respondem\" \/>\n<meta property=\"og:description\" content=\"Com alta de juros prevista pela Ata do Fed, economistas e analistas projetam movimentos das bolsas e dos juros. Clique aqui e leia mais.\" \/>\n<meta property=\"og:url\" content=\"https:\/\/www.suno.com.br\/noticias\/fed-federal-reserve-juros-bc-banco-central\/\" \/>\n<meta property=\"og:site_name\" content=\"Suno Not\u00edcias\" \/>\n<meta property=\"article:publisher\" content=\"https:\/\/facebook.com\/sunoresearch\" \/>\n<meta property=\"og:image\" content=\"https:\/\/files.sunoresearch.com.br\/n\/uploads\/2021\/04\/b0ce30fc-49614546592_a4fbe678c2_o.jpg\" \/>\n\t<meta property=\"og:image:width\" content=\"1200\" \/>\n\t<meta property=\"og:image:height\" content=\"800\" \/>\n\t<meta property=\"og:image:type\" content=\"image\/jpeg\" \/>\n<meta name=\"author\" content=\"Eduardo Vargas\" \/>\n<meta name=\"twitter:card\" content=\"summary_large_image\" \/>\n<meta name=\"twitter:creator\" content=\"@sunoresearch\" \/>\n<meta name=\"twitter:site\" content=\"@sunoresearch\" \/>\n<meta name=\"twitter:label1\" content=\"Escrito por\" \/>\n\t<meta name=\"twitter:data1\" content=\"Eduardo Vargas\" \/>\n\t<meta name=\"twitter:label2\" content=\"Est. tempo de leitura\" \/>\n\t<meta name=\"twitter:data2\" content=\"7 minutos\" \/>\n<script type=\"application\/ld+json\" class=\"yoast-schema-graph\">{\"@context\":\"https:\/\/schema.org\",\"@graph\":[{\"@type\":\"NewsArticle\",\"@id\":\"https:\/\/www.suno.com.br\/noticias\/fed-federal-reserve-juros-bc-banco-central\/#article\",\"isPartOf\":{\"@id\":\"https:\/\/www.suno.com.br\/noticias\/fed-federal-reserve-juros-bc-banco-central\/\"},\"author\":{\"name\":\"Eduardo Vargas\",\"@id\":\"https:\/\/www.suno.com.br\/noticias\/#\/schema\/person\/7f4d362bf3518e76090143ae77bb49a5\"},\"headline\":\"Como o Fed ditar\u00e1 o rumo do mercado em 2022? Especialistas respondem\",\"datePublished\":\"2022-01-23T15:00:55+00:00\",\"dateModified\":\"2022-01-24T10:44:49+00:00\",\"mainEntityOfPage\":{\"@id\":\"https:\/\/www.suno.com.br\/noticias\/fed-federal-reserve-juros-bc-banco-central\/\"},\"wordCount\":1519,\"publisher\":{\"@id\":\"https:\/\/www.suno.com.br\/noticias\/#organization\"},\"image\":{\"@id\":\"https:\/\/www.suno.com.br\/noticias\/fed-federal-reserve-juros-bc-banco-central\/#primaryimage\"},\"thumbnailUrl\":\"https:\/\/files.sunoresearch.com.br\/n\/uploads\/2021\/04\/b0ce30fc-49614546592_a4fbe678c2_o-jpg.webp\",\"keywords\":[\"Banco Central (BC)\",\"Especiais\",\"Federal Reserve (FED)\",\"infla\u00e7\u00e3o\",\"taxa de juros\",\"Taxa Selic\"],\"articleSection\":[\"Economia\"],\"inLanguage\":\"pt-BR\"},{\"@type\":\"WebPage\",\"@id\":\"https:\/\/www.suno.com.br\/noticias\/fed-federal-reserve-juros-bc-banco-central\/\",\"url\":\"https:\/\/www.suno.com.br\/noticias\/fed-federal-reserve-juros-bc-banco-central\/\",\"name\":\"Como o Fed ditar\u00e1 o rumo do mercado em 2022? Especialistas respondem\",\"isPartOf\":{\"@id\":\"https:\/\/www.suno.com.br\/noticias\/#website\"},\"primaryImageOfPage\":{\"@id\":\"https:\/\/www.suno.com.br\/noticias\/fed-federal-reserve-juros-bc-banco-central\/#primaryimage\"},\"image\":{\"@id\":\"https:\/\/www.suno.com.br\/noticias\/fed-federal-reserve-juros-bc-banco-central\/#primaryimage\"},\"thumbnailUrl\":\"https:\/\/files.sunoresearch.com.br\/n\/uploads\/2021\/04\/b0ce30fc-49614546592_a4fbe678c2_o-jpg.webp\",\"datePublished\":\"2022-01-23T15:00:55+00:00\",\"dateModified\":\"2022-01-24T10:44:49+00:00\",\"description\":\"Com alta de juros prevista pela Ata do Fed, economistas e analistas projetam movimentos das bolsas e dos juros. Clique aqui e leia mais.\",\"breadcrumb\":{\"@id\":\"https:\/\/www.suno.com.br\/noticias\/fed-federal-reserve-juros-bc-banco-central\/#breadcrumb\"},\"inLanguage\":\"pt-BR\",\"potentialAction\":[{\"@type\":\"ReadAction\",\"target\":[\"https:\/\/www.suno.com.br\/noticias\/fed-federal-reserve-juros-bc-banco-central\/\"]}]},{\"@type\":\"ImageObject\",\"inLanguage\":\"pt-BR\",\"@id\":\"https:\/\/www.suno.com.br\/noticias\/fed-federal-reserve-juros-bc-banco-central\/#primaryimage\",\"url\":\"https:\/\/files.sunoresearch.com.br\/n\/uploads\/2021\/04\/b0ce30fc-49614546592_a4fbe678c2_o-jpg.webp\",\"contentUrl\":\"https:\/\/files.sunoresearch.com.br\/n\/uploads\/2021\/04\/b0ce30fc-49614546592_a4fbe678c2_o-jpg.webp\",\"width\":1200,\"height\":800,\"caption\":\"Powell. Foto: Reprodu\u00e7\u00e3o\/Federal Reserve\"},{\"@type\":\"BreadcrumbList\",\"@id\":\"https:\/\/www.suno.com.br\/noticias\/fed-federal-reserve-juros-bc-banco-central\/#breadcrumb\",\"itemListElement\":[{\"@type\":\"ListItem\",\"position\":1,\"name\":\"Not\u00edcias\",\"item\":\"https:\/\/www.suno.com.br\/noticias\/\"},{\"@type\":\"ListItem\",\"position\":2,\"name\":\"Economia\",\"item\":\"https:\/\/www.suno.com.br\/noticias\/economia\/\"},{\"@type\":\"ListItem\",\"position\":3,\"name\":\"Como o Fed ditar\u00e1 o rumo do mercado em 2022? Especialistas respondem\"}]},{\"@type\":\"WebSite\",\"@id\":\"https:\/\/www.suno.com.br\/noticias\/#website\",\"url\":\"https:\/\/www.suno.com.br\/noticias\/\",\"name\":\"Suno Not\u00edcias\",\"description\":\"Seu portal de informa\u00e7\u00e3o sobre o mundo dos investimentos\",\"publisher\":{\"@id\":\"https:\/\/www.suno.com.br\/noticias\/#organization\"},\"potentialAction\":[{\"@type\":\"SearchAction\",\"target\":{\"@type\":\"EntryPoint\",\"urlTemplate\":\"https:\/\/www.suno.com.br\/noticias\/?s={search_term_string}\"},\"query-input\":{\"@type\":\"PropertyValueSpecification\",\"valueRequired\":true,\"valueName\":\"search_term_string\"}}],\"inLanguage\":\"pt-BR\"},{\"@type\":\"Organization\",\"@id\":\"https:\/\/www.suno.com.br\/noticias\/#organization\",\"name\":\"Suno Not\u00edcias\",\"url\":\"https:\/\/www.suno.com.br\/noticias\/\",\"logo\":{\"@type\":\"ImageObject\",\"inLanguage\":\"pt-BR\",\"@id\":\"https:\/\/www.suno.com.br\/noticias\/#\/schema\/logo\/image\/\",\"url\":\"https:\/\/files.sunoresearch.com.br\/n\/uploads\/2021\/09\/suno-logo.png\",\"contentUrl\":\"https:\/\/files.sunoresearch.com.br\/n\/uploads\/2021\/09\/suno-logo.png\",\"width\":180,\"height\":180,\"caption\":\"Suno Not\u00edcias\"},\"image\":{\"@id\":\"https:\/\/www.suno.com.br\/noticias\/#\/schema\/logo\/image\/\"},\"sameAs\":[\"https:\/\/facebook.com\/sunoresearch\",\"https:\/\/x.com\/sunoresearch\",\"https:\/\/www.instagram.com\/suno\",\"https:\/\/www.linkedin.com\/company\/suno-research\/\",\"https:\/\/www.youtube.com\/c\/sunoresearch\"]},{\"@type\":\"Person\",\"@id\":\"https:\/\/www.suno.com.br\/noticias\/#\/schema\/person\/7f4d362bf3518e76090143ae77bb49a5\",\"name\":\"Eduardo Vargas\",\"image\":{\"@type\":\"ImageObject\",\"inLanguage\":\"pt-BR\",\"@id\":\"https:\/\/www.suno.com.br\/noticias\/#\/schema\/person\/image\/\",\"url\":\"https:\/\/secure.gravatar.com\/avatar\/dac340933427a22924c9f99d1eb2e3f2?s=96&r=g\",\"contentUrl\":\"https:\/\/secure.gravatar.com\/avatar\/dac340933427a22924c9f99d1eb2e3f2?s=96&r=g\",\"caption\":\"Eduardo Vargas\"},\"description\":\"Jornalista formado pela UFSC, cobre macroeconomia, neg\u00f3cios e startups para o Suno Not\u00edcias, escrevendo principalmente not\u00edcias sobre o mercado financeiro e a bolsa de valores. No YouTube e no Instagram, \u00e9 respons\u00e1vel pela produ\u00e7\u00e3o de Reels e Shorts do Suno Not\u00edcias. Anteriormente, trabalhou cobrindo economia e cotidiano no ND+ e para o ND, maior jornal impresso de Santa Catarina. Cursou um semestre letivo de Estudos de M\u00eddia na Universidad de Buenos Aires.\",\"url\":\"https:\/\/www.suno.com.br\/noticias\/author\/eduardo-vargas\/\"}]}<\/script>\n<!-- \/ Yoast SEO plugin. -->","yoast_head_json":{"title":"Como o Fed ditar\u00e1 o rumo do mercado em 2022? Especialistas respondem","description":"Com alta de juros prevista pela Ata do Fed, economistas e analistas projetam movimentos das bolsas e dos juros. Clique aqui e leia mais.","robots":{"index":"index","follow":"follow","max-snippet":"max-snippet:-1","max-image-preview":"max-image-preview:large","max-video-preview":"max-video-preview:-1"},"canonical":"https:\/\/www.suno.com.br\/noticias\/fed-federal-reserve-juros-bc-banco-central\/","og_locale":"pt_BR","og_type":"article","og_title":"Como o Fed ditar\u00e1 o rumo do mercado em 2022? Especialistas respondem","og_description":"Com alta de juros prevista pela Ata do Fed, economistas e analistas projetam movimentos das bolsas e dos juros. Clique aqui e leia mais.","og_url":"https:\/\/www.suno.com.br\/noticias\/fed-federal-reserve-juros-bc-banco-central\/","og_site_name":"Suno Not\u00edcias","article_publisher":"https:\/\/facebook.com\/sunoresearch","og_image":[{"width":1200,"height":800,"url":"https:\/\/files.sunoresearch.com.br\/n\/uploads\/2021\/04\/b0ce30fc-49614546592_a4fbe678c2_o.jpg","type":"image\/jpeg"}],"author":"Eduardo Vargas","twitter_card":"summary_large_image","twitter_creator":"@sunoresearch","twitter_site":"@sunoresearch","twitter_misc":{"Escrito por":"Eduardo Vargas","Est. tempo de leitura":"7 minutos"},"schema":{"@context":"https:\/\/schema.org","@graph":[{"@type":"NewsArticle","@id":"https:\/\/www.suno.com.br\/noticias\/fed-federal-reserve-juros-bc-banco-central\/#article","isPartOf":{"@id":"https:\/\/www.suno.com.br\/noticias\/fed-federal-reserve-juros-bc-banco-central\/"},"author":{"name":"Eduardo Vargas","@id":"https:\/\/www.suno.com.br\/noticias\/#\/schema\/person\/7f4d362bf3518e76090143ae77bb49a5"},"headline":"Como o Fed ditar\u00e1 o rumo do mercado em 2022? Especialistas respondem","datePublished":"2022-01-23T15:00:55+00:00","dateModified":"2022-01-24T10:44:49+00:00","mainEntityOfPage":{"@id":"https:\/\/www.suno.com.br\/noticias\/fed-federal-reserve-juros-bc-banco-central\/"},"wordCount":1519,"publisher":{"@id":"https:\/\/www.suno.com.br\/noticias\/#organization"},"image":{"@id":"https:\/\/www.suno.com.br\/noticias\/fed-federal-reserve-juros-bc-banco-central\/#primaryimage"},"thumbnailUrl":"https:\/\/files.sunoresearch.com.br\/n\/uploads\/2021\/04\/b0ce30fc-49614546592_a4fbe678c2_o-jpg.webp","keywords":["Banco Central (BC)","Especiais","Federal Reserve (FED)","infla\u00e7\u00e3o","taxa de juros","Taxa Selic"],"articleSection":["Economia"],"inLanguage":"pt-BR"},{"@type":"WebPage","@id":"https:\/\/www.suno.com.br\/noticias\/fed-federal-reserve-juros-bc-banco-central\/","url":"https:\/\/www.suno.com.br\/noticias\/fed-federal-reserve-juros-bc-banco-central\/","name":"Como o Fed ditar\u00e1 o rumo do mercado em 2022? Especialistas respondem","isPartOf":{"@id":"https:\/\/www.suno.com.br\/noticias\/#website"},"primaryImageOfPage":{"@id":"https:\/\/www.suno.com.br\/noticias\/fed-federal-reserve-juros-bc-banco-central\/#primaryimage"},"image":{"@id":"https:\/\/www.suno.com.br\/noticias\/fed-federal-reserve-juros-bc-banco-central\/#primaryimage"},"thumbnailUrl":"https:\/\/files.sunoresearch.com.br\/n\/uploads\/2021\/04\/b0ce30fc-49614546592_a4fbe678c2_o-jpg.webp","datePublished":"2022-01-23T15:00:55+00:00","dateModified":"2022-01-24T10:44:49+00:00","description":"Com alta de juros prevista pela Ata do Fed, economistas e analistas projetam movimentos das bolsas e dos juros. Clique aqui e leia mais.","breadcrumb":{"@id":"https:\/\/www.suno.com.br\/noticias\/fed-federal-reserve-juros-bc-banco-central\/#breadcrumb"},"inLanguage":"pt-BR","potentialAction":[{"@type":"ReadAction","target":["https:\/\/www.suno.com.br\/noticias\/fed-federal-reserve-juros-bc-banco-central\/"]}]},{"@type":"ImageObject","inLanguage":"pt-BR","@id":"https:\/\/www.suno.com.br\/noticias\/fed-federal-reserve-juros-bc-banco-central\/#primaryimage","url":"https:\/\/files.sunoresearch.com.br\/n\/uploads\/2021\/04\/b0ce30fc-49614546592_a4fbe678c2_o-jpg.webp","contentUrl":"https:\/\/files.sunoresearch.com.br\/n\/uploads\/2021\/04\/b0ce30fc-49614546592_a4fbe678c2_o-jpg.webp","width":1200,"height":800,"caption":"Powell. Foto: Reprodu\u00e7\u00e3o\/Federal Reserve"},{"@type":"BreadcrumbList","@id":"https:\/\/www.suno.com.br\/noticias\/fed-federal-reserve-juros-bc-banco-central\/#breadcrumb","itemListElement":[{"@type":"ListItem","position":1,"name":"Not\u00edcias","item":"https:\/\/www.suno.com.br\/noticias\/"},{"@type":"ListItem","position":2,"name":"Economia","item":"https:\/\/www.suno.com.br\/noticias\/economia\/"},{"@type":"ListItem","position":3,"name":"Como o Fed ditar\u00e1 o rumo do mercado em 2022? Especialistas respondem"}]},{"@type":"WebSite","@id":"https:\/\/www.suno.com.br\/noticias\/#website","url":"https:\/\/www.suno.com.br\/noticias\/","name":"Suno Not\u00edcias","description":"Seu portal de informa\u00e7\u00e3o sobre o mundo dos investimentos","publisher":{"@id":"https:\/\/www.suno.com.br\/noticias\/#organization"},"potentialAction":[{"@type":"SearchAction","target":{"@type":"EntryPoint","urlTemplate":"https:\/\/www.suno.com.br\/noticias\/?s={search_term_string}"},"query-input":{"@type":"PropertyValueSpecification","valueRequired":true,"valueName":"search_term_string"}}],"inLanguage":"pt-BR"},{"@type":"Organization","@id":"https:\/\/www.suno.com.br\/noticias\/#organization","name":"Suno Not\u00edcias","url":"https:\/\/www.suno.com.br\/noticias\/","logo":{"@type":"ImageObject","inLanguage":"pt-BR","@id":"https:\/\/www.suno.com.br\/noticias\/#\/schema\/logo\/image\/","url":"https:\/\/files.sunoresearch.com.br\/n\/uploads\/2021\/09\/suno-logo.png","contentUrl":"https:\/\/files.sunoresearch.com.br\/n\/uploads\/2021\/09\/suno-logo.png","width":180,"height":180,"caption":"Suno Not\u00edcias"},"image":{"@id":"https:\/\/www.suno.com.br\/noticias\/#\/schema\/logo\/image\/"},"sameAs":["https:\/\/facebook.com\/sunoresearch","https:\/\/x.com\/sunoresearch","https:\/\/www.instagram.com\/suno","https:\/\/www.linkedin.com\/company\/suno-research\/","https:\/\/www.youtube.com\/c\/sunoresearch"]},{"@type":"Person","@id":"https:\/\/www.suno.com.br\/noticias\/#\/schema\/person\/7f4d362bf3518e76090143ae77bb49a5","name":"Eduardo Vargas","image":{"@type":"ImageObject","inLanguage":"pt-BR","@id":"https:\/\/www.suno.com.br\/noticias\/#\/schema\/person\/image\/","url":"https:\/\/secure.gravatar.com\/avatar\/dac340933427a22924c9f99d1eb2e3f2?s=96&r=g","contentUrl":"https:\/\/secure.gravatar.com\/avatar\/dac340933427a22924c9f99d1eb2e3f2?s=96&r=g","caption":"Eduardo Vargas"},"description":"Jornalista formado pela UFSC, cobre macroeconomia, neg\u00f3cios e startups para o Suno Not\u00edcias, escrevendo principalmente not\u00edcias sobre o mercado financeiro e a bolsa de valores. No YouTube e no Instagram, \u00e9 respons\u00e1vel pela produ\u00e7\u00e3o de Reels e Shorts do Suno Not\u00edcias. Anteriormente, trabalhou cobrindo economia e cotidiano no ND+ e para o ND, maior jornal impresso de Santa Catarina. Cursou um semestre letivo de Estudos de M\u00eddia na Universidad de Buenos Aires.","url":"https:\/\/www.suno.com.br\/noticias\/author\/eduardo-vargas\/"}]}},"default_loop_html":"<div class=\"cardsPage__listCard__boxs\"><div class=\"cardsPage__listCard__boxs__img\"><a href=\"https:\/\/www.suno.com.br\/noticias\/pib-per-capita-renda-2028-fgv\/\"><img class=\"mask\" src=\"https:\/\/www.suno.com.br\/noticias\/wp-content\/themes\/suno\/resources\/images\/spotlight\/spotlight1img\/bg-mask.png\" alt=\"Image Mask\"\/><img src=\"https:\/\/files.sunoresearch.com.br\/n\/uploads\/2020\/02\/cb345a5f-carnaval-400x200.webp\" alt=\"PIB per capita s\u00f3 voltar\u00e1 a &#8216;plenos pulm\u00f5es&#8217; em 2028, diz FGV\"\/><\/a><span class=\"spotlightCategory\"><a href=\"https:\/\/www.suno.com.br\/noticias\/economia\/\">Economia<\/a><\/span><\/div><div class=\"cardsPage__listCard__boxs__content\"><a href=\"https:\/\/www.suno.com.br\/noticias\/pib-per-capita-renda-2028-fgv\/\"><h2 class=\"content__title\">PIB per capita s\u00f3 voltar\u00e1 a &#8216;plenos pulm\u00f5es&#8217; em 2028, diz FGV<\/h2><\/a><div class=\"newsContent__article__meta\"><div class=\"newsContent__article__meta__authorBox\"><a href=\"https:\/\/www.suno.com.br\/noticias\/author\/eduardo-vargas\/\" class=\"authorBox__avatar noMobi\"><img src=\"https:\/\/secure.gravatar.com\/avatar\/dac340933427a22924c9f99d1eb2e3f2?s=96&#038;r=g\" alt=\"Eduardo Vargas\"><\/a><div class=\"authorBox__name\"><span>por\n\t\t\t<a href=\"https:\/\/www.suno.com.br\/noticias\/author\/eduardo-vargas\/\"><span itemprop=\"author\">Eduardo Vargas<\/span><\/a><\/span><time datetime=\"2021-12-14T16:34:00-03:00\" itemprop=\"datePublished\">14\/12\/2021 16:34<\/time><\/div><\/div><\/div><\/div><\/div>","single_layout":"posts","amp_enabled":true,"_links":{"self":[{"href":"https:\/\/www.suno.com.br\/noticias\/wp-json\/wp\/v2\/posts\/223899"}],"collection":[{"href":"https:\/\/www.suno.com.br\/noticias\/wp-json\/wp\/v2\/posts"}],"about":[{"href":"https:\/\/www.suno.com.br\/noticias\/wp-json\/wp\/v2\/types\/post"}],"author":[{"embeddable":true,"href":"https:\/\/www.suno.com.br\/noticias\/wp-json\/wp\/v2\/users\/73"}],"replies":[{"embeddable":true,"href":"https:\/\/www.suno.com.br\/noticias\/wp-json\/wp\/v2\/comments?post=223899"}],"version-history":[{"count":3,"href":"https:\/\/www.suno.com.br\/noticias\/wp-json\/wp\/v2\/posts\/223899\/revisions"}],"predecessor-version":[{"id":224732,"href":"https:\/\/www.suno.com.br\/noticias\/wp-json\/wp\/v2\/posts\/223899\/revisions\/224732"}],"wp:featuredmedia":[{"embeddable":true,"href":"https:\/\/www.suno.com.br\/noticias\/wp-json\/wp\/v2\/media\/138786"}],"wp:attachment":[{"href":"https:\/\/www.suno.com.br\/noticias\/wp-json\/wp\/v2\/media?parent=223899"}],"wp:term":[{"taxonomy":"category","embeddable":true,"href":"https:\/\/www.suno.com.br\/noticias\/wp-json\/wp\/v2\/categories?post=223899"},{"taxonomy":"post_tag","embeddable":true,"href":"https:\/\/www.suno.com.br\/noticias\/wp-json\/wp\/v2\/tags?post=223899"},{"taxonomy":"suno_strategy","embeddable":true,"href":"https:\/\/www.suno.com.br\/noticias\/wp-json\/wp\/v2\/suno_strategy?post=223899"}],"curies":[{"name":"wp","href":"https:\/\/api.w.org\/{rel}","templated":true}]}}